{"id":11107,"date":"2023-04-24T10:05:24","date_gmt":"2023-04-24T13:05:24","guid":{"rendered":"https:\/\/capivari.sp.gov.br\/portal\/?p=11107"},"modified":"2023-04-24T10:05:24","modified_gmt":"2023-04-24T13:05:24","slug":"operacao-conjunta-das-guardas-civis-de-capivari-e-elias-fausto-apreende-29-quilos-de-maconha-na-rodovia-do-acucar","status":"publish","type":"post","link":"https:\/\/capivari.sp.gov.br\/portal\/operacao-conjunta-das-guardas-civis-de-capivari-e-elias-fausto-apreende-29-quilos-de-maconha-na-rodovia-do-acucar\/","title":{"rendered":"Opera\u00e7\u00e3o conjunta das Guardas Civis de Capivari e Elias Fausto apreende 29 quilos de maconha na Rodovia do A\u00e7\u00facar"},"content":{"rendered":"<p>Oficiais da Guarda Civil de Capivari, em conjunto com a Guarda Civil da cidade de Elias Fausto, prenderam em flagrante um homem de 46 anos na madrugada deste domingo, dia 23, que estava transportando 29 quilos de maconha dentro de um carro, na Rodovia do A\u00e7\u00facar. O acompanhamento iniciou ap\u00f3s agentes da cidade de Elias Fausto pedirem apoio aos colegas de profiss\u00e3o de Capivari para localizar um ve\u00edculo suspeito na SP-308.<\/p>\n<p>Ap\u00f3s breve procura, os agentes conseguiram localizar o carro que batia com as descri\u00e7\u00f5es na Rodovia do A\u00e7\u00facar. Em seguida, fizeram diversas indica\u00e7\u00f5es de parada, por\u00e9m o suspeito ignorou todas e seguiu na via. Ap\u00f3s breve persegui\u00e7\u00e3o, o ve\u00edculo foi interceptado pr\u00f3ximo a um posto policial rodovi\u00e1rio no km 127, j\u00e1 nos per\u00edmetros da cidade de Capivari, onde conseguiram fazer a abordagem. Rapidamente, foi poss\u00edvel localizar 29 quilos de maconha, dividido em 35 embalagens em formato de tijolos no porta-malas do carro.<\/p>\n<p>O condutor do ve\u00edculo, ao ser questionado, informou que estava transportando as drogas da cidade de Sorocaba at\u00e9 o estado de Minas Gerais, n\u00e3o reconhecendo a proced\u00eancia do ve\u00edculo e tamb\u00e9m dizia n\u00e3o saber da exist\u00eancia das drogas no interior. Em consulta r\u00e1pida nos sistemas policiais, foi poss\u00edvel descobrir que o suspeito tamb\u00e9m estava foragido de uma penitenci\u00e1ria no estado de Mato Grosso do Sul, em que tinha sido preso pelo delito de tr\u00e1fico de drogas.<\/p>\n<p>Diante dos fatos, o homem foi encaminhado \u00e0 Delegacia de Piracicaba, onde a autoridade policial tomou ci\u00eancia dos fatos e determinou a pris\u00e3o em flagrante do homem, permanecendo ele \u00e0 disposi\u00e7\u00e3o da justi\u00e7a. O ve\u00edculo foi apreendido pela Guarda Civil de Capivari e encaminhado ao P\u00e1tio, onde as medidas cab\u00edveis foram adotadas.<\/p>\n<p>A Guarda Civil de Capivari atende a todos os tipos de ocorr\u00eancia atrav\u00e9s do telefone 153, que funciona 24 horas por dia, sete dias por semana.<\/p>\n","protected":false},"excerpt":{"rendered":"<p>Oficiais da Guarda Civil de Capivari, em conjunto com a Guarda Civil da cidade de Elias Fausto, prenderam em flagrante um homem de 46 anos na madrugada deste domingo, dia 23, que estava transportando 29 quilos de maconha dentro de um carro, na Rodovia do A\u00e7\u00facar. O acompanhamento iniciou ap\u00f3s agentes da cidade de Elias [&hellip;]<\/p>\n","protected":false},"author":2,"featured_media":11108,"comment_status":"open","ping_status":"open","sticky":false,"template":"","format":"standard","meta":{"ocean_post_layout":"","ocean_both_sidebars_style":"","ocean_both_sidebars_content_width":0,"ocean_both_sidebars_sidebars_width":0,"ocean_sidebar":"","ocean_second_sidebar":"","ocean_disable_margins":"enable","ocean_add_body_class":"","ocean_shortcode_before_top_bar":"","ocean_shortcode_after_top_bar":"","ocean_shortcode_before_header":"","ocean_shortcode_after_header":"","ocean_has_shortcode":"","ocean_shortcode_after_title":"","ocean_shortcode_before_footer_widgets":"","ocean_shortcode_after_footer_widgets":"","ocean_shortcode_before_footer_bottom":"","ocean_shortcode_after_footer_bottom":"","ocean_display_top_bar":"default","ocean_display_header":"default","ocean_header_style":"","ocean_center_header_left_menu":"","ocean_custom_header_template":"","ocean_custom_logo":0,"ocean_custom_retina_logo":0,"ocean_custom_logo_max_width":0,"ocean_custom_logo_tablet_max_width":0,"ocean_custom_logo_mobile_max_width":0,"ocean_custom_logo_max_height":0,"ocean_custom_logo_tablet_max_height":0,"ocean_custom_logo_mobile_max_height":0,"ocean_header_custom_menu":"","ocean_menu_typo_font_family":"","ocean_menu_typo_font_subset":"","ocean_menu_typo_font_size":0,"ocean_menu_typo_font_size_tablet":0,"ocean_menu_typo_font_size_mobile":0,"ocean_menu_typo_font_size_unit":"px","ocean_menu_typo_font_weight":"","ocean_menu_typo_font_weight_tablet":"","ocean_menu_typo_font_weight_mobile":"","ocean_menu_typo_transform":"","ocean_menu_typo_transform_tablet":"","ocean_menu_typo_transform_mobile":"","ocean_menu_typo_line_height":0,"ocean_menu_typo_line_height_tablet":0,"ocean_menu_typo_line_height_mobile":0,"ocean_menu_typo_line_height_unit":"","ocean_menu_typo_spacing":0,"ocean_menu_typo_spacing_tablet":0,"ocean_menu_typo_spacing_mobile":0,"ocean_menu_typo_spacing_unit":"","ocean_menu_link_color":"","ocean_menu_link_color_hover":"","ocean_menu_link_color_active":"","ocean_menu_link_background":"","ocean_menu_link_hover_background":"","ocean_menu_link_active_background":"","ocean_menu_social_links_bg":"","ocean_menu_social_hover_links_bg":"","ocean_menu_social_links_color":"","ocean_menu_social_hover_links_color":"","ocean_disable_title":"default","ocean_disable_heading":"default","ocean_post_title":"","ocean_post_subheading":"","ocean_post_title_style":"","ocean_post_title_background_color":"","ocean_post_title_background":0,"ocean_post_title_bg_image_position":"","ocean_post_title_bg_image_attachment":"","ocean_post_title_bg_image_repeat":"","ocean_post_title_bg_image_size":"","ocean_post_title_height":0,"ocean_post_title_bg_overlay":0.5,"ocean_post_title_bg_overlay_color":"","ocean_disable_breadcrumbs":"default","ocean_breadcrumbs_color":"","ocean_breadcrumbs_separator_color":"","ocean_breadcrumbs_links_color":"","ocean_breadcrumbs_links_hover_color":"","ocean_display_footer_widgets":"default","ocean_display_footer_bottom":"default","ocean_custom_footer_template":"","ocean_post_oembed":"","ocean_post_self_hosted_media":"","ocean_post_video_embed":"","ocean_link_format":"","ocean_link_format_target":"self","ocean_quote_format":"","ocean_quote_format_link":"post","ocean_gallery_link_images":"off","ocean_gallery_id":[],"footnotes":""},"categories":[4,5,32],"tags":[],"class_list":["post-11107","post","type-post","status-publish","format-standard","has-post-thumbnail","hentry","category-destaque","category-geral","category-seguranca-publica","entry","has-media"],"yoast_head":"<!-- This site is optimized with the Yoast SEO plugin v27.5 - https:\/\/yoast.com\/product\/yoast-seo-wordpress\/ -->\n<title>Opera\u00e7\u00e3o conjunta das Guardas Civis de Capivari e Elias Fausto apreende 29 quilos de maconha na Rodovia do A\u00e7\u00facar - Prefeitura de Capivari<\/title>\n<meta name=\"robots\" content=\"index, follow, max-snippet:-1, max-image-preview:large, max-video-preview:-1\" \/>\n<link rel=\"canonical\" href=\"https:\/\/capivari.sp.gov.br\/portal\/operacao-conjunta-das-guardas-civis-de-capivari-e-elias-fausto-apreende-29-quilos-de-maconha-na-rodovia-do-acucar\/\" \/>\n<meta property=\"og:locale\" content=\"pt_BR\" \/>\n<meta property=\"og:type\" content=\"article\" \/>\n<meta property=\"og:title\" content=\"Opera\u00e7\u00e3o conjunta das Guardas Civis de Capivari e Elias Fausto apreende 29 quilos de maconha na Rodovia do A\u00e7\u00facar - Prefeitura de Capivari\" \/>\n<meta property=\"og:description\" content=\"Oficiais da Guarda Civil de Capivari, em conjunto com a Guarda Civil da cidade de Elias Fausto, prenderam em flagrante um homem de 46 anos na madrugada deste domingo, dia 23, que estava transportando 29 quilos de maconha dentro de um carro, na Rodovia do A\u00e7\u00facar. O acompanhamento iniciou ap\u00f3s agentes da cidade de Elias [&hellip;]\" \/>\n<meta property=\"og:url\" content=\"https:\/\/capivari.sp.gov.br\/portal\/operacao-conjunta-das-guardas-civis-de-capivari-e-elias-fausto-apreende-29-quilos-de-maconha-na-rodovia-do-acucar\/\" \/>\n<meta property=\"og:site_name\" content=\"Prefeitura de Capivari\" \/>\n<meta property=\"article:publisher\" content=\"https:\/\/www.facebook.com\/PrefeituradeCapivari\/\" \/>\n<meta property=\"article:published_time\" content=\"2023-04-24T13:05:24+00:00\" \/>\n<meta property=\"og:image\" content=\"https:\/\/capivari.sp.gov.br\/portal\/wp-content\/uploads\/2023\/04\/WhatsApp-Image-2023-04-24-at-08.17.35-1.jpeg\" \/>\n\t<meta property=\"og:image:width\" content=\"1170\" \/>\n\t<meta property=\"og:image:height\" content=\"903\" \/>\n\t<meta property=\"og:image:type\" content=\"image\/jpeg\" \/>\n<meta name=\"author\" content=\"Thalles Cristiano\" \/>\n<meta name=\"twitter:card\" content=\"summary_large_image\" \/>\n<meta name=\"twitter:creator\" content=\"@PrefCapivari\" \/>\n<meta name=\"twitter:site\" content=\"@PrefCapivari\" \/>\n<meta name=\"twitter:label1\" content=\"Escrito por\" \/>\n\t<meta name=\"twitter:data1\" content=\"Thalles Cristiano\" \/>\n\t<meta name=\"twitter:label2\" content=\"Est. tempo de leitura\" \/>\n\t<meta name=\"twitter:data2\" content=\"2 minutos\" \/>\n<script type=\"application\/ld+json\" class=\"yoast-schema-graph\">{\"@context\":\"https:\\\/\\\/schema.org\",\"@graph\":[{\"@type\":\"Article\",\"@id\":\"https:\\\/\\\/capivari.sp.gov.br\\\/portal\\\/operacao-conjunta-das-guardas-civis-de-capivari-e-elias-fausto-apreende-29-quilos-de-maconha-na-rodovia-do-acucar\\\/#article\",\"isPartOf\":{\"@id\":\"https:\\\/\\\/capivari.sp.gov.br\\\/portal\\\/operacao-conjunta-das-guardas-civis-de-capivari-e-elias-fausto-apreende-29-quilos-de-maconha-na-rodovia-do-acucar\\\/\"},\"author\":{\"name\":\"Thalles Cristiano\",\"@id\":\"https:\\\/\\\/capivari.sp.gov.br\\\/portal\\\/#\\\/schema\\\/person\\\/98801614a91d449946b0687ae2db9f29\"},\"headline\":\"Opera\u00e7\u00e3o conjunta das Guardas Civis de Capivari e Elias Fausto apreende 29 quilos de maconha na Rodovia do A\u00e7\u00facar\",\"datePublished\":\"2023-04-24T13:05:24+00:00\",\"mainEntityOfPage\":{\"@id\":\"https:\\\/\\\/capivari.sp.gov.br\\\/portal\\\/operacao-conjunta-das-guardas-civis-de-capivari-e-elias-fausto-apreende-29-quilos-de-maconha-na-rodovia-do-acucar\\\/\"},\"wordCount\":354,\"commentCount\":0,\"publisher\":{\"@id\":\"https:\\\/\\\/capivari.sp.gov.br\\\/portal\\\/#organization\"},\"image\":{\"@id\":\"https:\\\/\\\/capivari.sp.gov.br\\\/portal\\\/operacao-conjunta-das-guardas-civis-de-capivari-e-elias-fausto-apreende-29-quilos-de-maconha-na-rodovia-do-acucar\\\/#primaryimage\"},\"thumbnailUrl\":\"https:\\\/\\\/capivari.sp.gov.br\\\/portal\\\/wp-content\\\/uploads\\\/2023\\\/04\\\/WhatsApp-Image-2023-04-24-at-08.17.35-1.jpeg\",\"articleSection\":[\"Destaque\",\"Geral\",\"Seguran\u00e7a P\u00fablica\"],\"inLanguage\":\"pt-BR\",\"potentialAction\":[{\"@type\":\"CommentAction\",\"name\":\"Comment\",\"target\":[\"https:\\\/\\\/capivari.sp.gov.br\\\/portal\\\/operacao-conjunta-das-guardas-civis-de-capivari-e-elias-fausto-apreende-29-quilos-de-maconha-na-rodovia-do-acucar\\\/#respond\"]}]},{\"@type\":\"WebPage\",\"@id\":\"https:\\\/\\\/capivari.sp.gov.br\\\/portal\\\/operacao-conjunta-das-guardas-civis-de-capivari-e-elias-fausto-apreende-29-quilos-de-maconha-na-rodovia-do-acucar\\\/\",\"url\":\"https:\\\/\\\/capivari.sp.gov.br\\\/portal\\\/operacao-conjunta-das-guardas-civis-de-capivari-e-elias-fausto-apreende-29-quilos-de-maconha-na-rodovia-do-acucar\\\/\",\"name\":\"Opera\u00e7\u00e3o conjunta das Guardas Civis de Capivari e Elias Fausto apreende 29 quilos de maconha na Rodovia do A\u00e7\u00facar - Prefeitura de Capivari\",\"isPartOf\":{\"@id\":\"https:\\\/\\\/capivari.sp.gov.br\\\/portal\\\/#website\"},\"primaryImageOfPage\":{\"@id\":\"https:\\\/\\\/capivari.sp.gov.br\\\/portal\\\/operacao-conjunta-das-guardas-civis-de-capivari-e-elias-fausto-apreende-29-quilos-de-maconha-na-rodovia-do-acucar\\\/#primaryimage\"},\"image\":{\"@id\":\"https:\\\/\\\/capivari.sp.gov.br\\\/portal\\\/operacao-conjunta-das-guardas-civis-de-capivari-e-elias-fausto-apreende-29-quilos-de-maconha-na-rodovia-do-acucar\\\/#primaryimage\"},\"thumbnailUrl\":\"https:\\\/\\\/capivari.sp.gov.br\\\/portal\\\/wp-content\\\/uploads\\\/2023\\\/04\\\/WhatsApp-Image-2023-04-24-at-08.17.35-1.jpeg\",\"datePublished\":\"2023-04-24T13:05:24+00:00\",\"breadcrumb\":{\"@id\":\"https:\\\/\\\/capivari.sp.gov.br\\\/portal\\\/operacao-conjunta-das-guardas-civis-de-capivari-e-elias-fausto-apreende-29-quilos-de-maconha-na-rodovia-do-acucar\\\/#breadcrumb\"},\"inLanguage\":\"pt-BR\",\"potentialAction\":[{\"@type\":\"ReadAction\",\"target\":[\"https:\\\/\\\/capivari.sp.gov.br\\\/portal\\\/operacao-conjunta-das-guardas-civis-de-capivari-e-elias-fausto-apreende-29-quilos-de-maconha-na-rodovia-do-acucar\\\/\"]}]},{\"@type\":\"ImageObject\",\"inLanguage\":\"pt-BR\",\"@id\":\"https:\\\/\\\/capivari.sp.gov.br\\\/portal\\\/operacao-conjunta-das-guardas-civis-de-capivari-e-elias-fausto-apreende-29-quilos-de-maconha-na-rodovia-do-acucar\\\/#primaryimage\",\"url\":\"https:\\\/\\\/capivari.sp.gov.br\\\/portal\\\/wp-content\\\/uploads\\\/2023\\\/04\\\/WhatsApp-Image-2023-04-24-at-08.17.35-1.jpeg\",\"contentUrl\":\"https:\\\/\\\/capivari.sp.gov.br\\\/portal\\\/wp-content\\\/uploads\\\/2023\\\/04\\\/WhatsApp-Image-2023-04-24-at-08.17.35-1.jpeg\",\"width\":1170,\"height\":903},{\"@type\":\"BreadcrumbList\",\"@id\":\"https:\\\/\\\/capivari.sp.gov.br\\\/portal\\\/operacao-conjunta-das-guardas-civis-de-capivari-e-elias-fausto-apreende-29-quilos-de-maconha-na-rodovia-do-acucar\\\/#breadcrumb\",\"itemListElement\":[{\"@type\":\"ListItem\",\"position\":1,\"name\":\"In\u00edcio\",\"item\":\"https:\\\/\\\/capivari.sp.gov.br\\\/portal\\\/\"},{\"@type\":\"ListItem\",\"position\":2,\"name\":\"Opera\u00e7\u00e3o conjunta das Guardas Civis de Capivari e Elias Fausto apreende 29 quilos de maconha na Rodovia do A\u00e7\u00facar\"}]},{\"@type\":\"WebSite\",\"@id\":\"https:\\\/\\\/capivari.sp.gov.br\\\/portal\\\/#website\",\"url\":\"https:\\\/\\\/capivari.sp.gov.br\\\/portal\\\/\",\"name\":\"Prefeitura de Capivari\",\"description\":\"Prefeitura de Capivari\",\"publisher\":{\"@id\":\"https:\\\/\\\/capivari.sp.gov.br\\\/portal\\\/#organization\"},\"potentialAction\":[{\"@type\":\"SearchAction\",\"target\":{\"@type\":\"EntryPoint\",\"urlTemplate\":\"https:\\\/\\\/capivari.sp.gov.br\\\/portal\\\/?s={search_term_string}\"},\"query-input\":{\"@type\":\"PropertyValueSpecification\",\"valueRequired\":true,\"valueName\":\"search_term_string\"}}],\"inLanguage\":\"pt-BR\"},{\"@type\":\"Organization\",\"@id\":\"https:\\\/\\\/capivari.sp.gov.br\\\/portal\\\/#organization\",\"name\":\"Prefeitura de Capivari\",\"url\":\"https:\\\/\\\/capivari.sp.gov.br\\\/portal\\\/\",\"logo\":{\"@type\":\"ImageObject\",\"inLanguage\":\"pt-BR\",\"@id\":\"https:\\\/\\\/capivari.sp.gov.br\\\/portal\\\/#\\\/schema\\\/logo\\\/image\\\/\",\"url\":\"https:\\\/\\\/capivari.sp.gov.br\\\/portal\\\/wp-content\\\/uploads\\\/2021\\\/09\\\/logo-prefeitura-de-capivari.png\",\"contentUrl\":\"https:\\\/\\\/capivari.sp.gov.br\\\/portal\\\/wp-content\\\/uploads\\\/2021\\\/09\\\/logo-prefeitura-de-capivari.png\",\"width\":200,\"height\":147,\"caption\":\"Prefeitura de Capivari\"},\"image\":{\"@id\":\"https:\\\/\\\/capivari.sp.gov.br\\\/portal\\\/#\\\/schema\\\/logo\\\/image\\\/\"},\"sameAs\":[\"https:\\\/\\\/www.facebook.com\\\/PrefeituradeCapivari\\\/\",\"https:\\\/\\\/x.com\\\/PrefCapivari\",\"https:\\\/\\\/www.instagram.com\\\/prefeituracapivari\\\/\"]},{\"@type\":\"Person\",\"@id\":\"https:\\\/\\\/capivari.sp.gov.br\\\/portal\\\/#\\\/schema\\\/person\\\/98801614a91d449946b0687ae2db9f29\",\"name\":\"Thalles Cristiano\",\"image\":{\"@type\":\"ImageObject\",\"inLanguage\":\"pt-BR\",\"@id\":\"https:\\\/\\\/secure.gravatar.com\\\/avatar\\\/0d1b9a4bdcde99ab11a8cd27abdcd088993749b82c4355c0301135023dc52b3d?s=96&d=mm&r=g\",\"url\":\"https:\\\/\\\/secure.gravatar.com\\\/avatar\\\/0d1b9a4bdcde99ab11a8cd27abdcd088993749b82c4355c0301135023dc52b3d?s=96&d=mm&r=g\",\"contentUrl\":\"https:\\\/\\\/secure.gravatar.com\\\/avatar\\\/0d1b9a4bdcde99ab11a8cd27abdcd088993749b82c4355c0301135023dc52b3d?s=96&d=mm&r=g\",\"caption\":\"Thalles Cristiano\"},\"url\":\"https:\\\/\\\/capivari.sp.gov.br\\\/portal\\\/author\\\/thalles-cristiano\\\/\"}]}<\/script>\n<!-- \/ Yoast SEO plugin. -->","yoast_head_json":{"title":"Opera\u00e7\u00e3o conjunta das Guardas Civis de Capivari e Elias Fausto apreende 29 quilos de maconha na Rodovia do A\u00e7\u00facar - Prefeitura de Capivari","robots":{"index":"index","follow":"follow","max-snippet":"max-snippet:-1","max-image-preview":"max-image-preview:large","max-video-preview":"max-video-preview:-1"},"canonical":"https:\/\/capivari.sp.gov.br\/portal\/operacao-conjunta-das-guardas-civis-de-capivari-e-elias-fausto-apreende-29-quilos-de-maconha-na-rodovia-do-acucar\/","og_locale":"pt_BR","og_type":"article","og_title":"Opera\u00e7\u00e3o conjunta das Guardas Civis de Capivari e Elias Fausto apreende 29 quilos de maconha na Rodovia do A\u00e7\u00facar - Prefeitura de Capivari","og_description":"Oficiais da Guarda Civil de Capivari, em conjunto com a Guarda Civil da cidade de Elias Fausto, prenderam em flagrante um homem de 46 anos na madrugada deste domingo, dia 23, que estava transportando 29 quilos de maconha dentro de um carro, na Rodovia do A\u00e7\u00facar. O acompanhamento iniciou ap\u00f3s agentes da cidade de Elias [&hellip;]","og_url":"https:\/\/capivari.sp.gov.br\/portal\/operacao-conjunta-das-guardas-civis-de-capivari-e-elias-fausto-apreende-29-quilos-de-maconha-na-rodovia-do-acucar\/","og_site_name":"Prefeitura de Capivari","article_publisher":"https:\/\/www.facebook.com\/PrefeituradeCapivari\/","article_published_time":"2023-04-24T13:05:24+00:00","og_image":[{"width":1170,"height":903,"url":"https:\/\/capivari.sp.gov.br\/portal\/wp-content\/uploads\/2023\/04\/WhatsApp-Image-2023-04-24-at-08.17.35-1.jpeg","type":"image\/jpeg"}],"author":"Thalles Cristiano","twitter_card":"summary_large_image","twitter_creator":"@PrefCapivari","twitter_site":"@PrefCapivari","twitter_misc":{"Escrito por":"Thalles Cristiano","Est. tempo de leitura":"2 minutos"},"schema":{"@context":"https:\/\/schema.org","@graph":[{"@type":"Article","@id":"https:\/\/capivari.sp.gov.br\/portal\/operacao-conjunta-das-guardas-civis-de-capivari-e-elias-fausto-apreende-29-quilos-de-maconha-na-rodovia-do-acucar\/#article","isPartOf":{"@id":"https:\/\/capivari.sp.gov.br\/portal\/operacao-conjunta-das-guardas-civis-de-capivari-e-elias-fausto-apreende-29-quilos-de-maconha-na-rodovia-do-acucar\/"},"author":{"name":"Thalles Cristiano","@id":"https:\/\/capivari.sp.gov.br\/portal\/#\/schema\/person\/98801614a91d449946b0687ae2db9f29"},"headline":"Opera\u00e7\u00e3o conjunta das Guardas Civis de Capivari e Elias Fausto apreende 29 quilos de maconha na Rodovia do A\u00e7\u00facar","datePublished":"2023-04-24T13:05:24+00:00","mainEntityOfPage":{"@id":"https:\/\/capivari.sp.gov.br\/portal\/operacao-conjunta-das-guardas-civis-de-capivari-e-elias-fausto-apreende-29-quilos-de-maconha-na-rodovia-do-acucar\/"},"wordCount":354,"commentCount":0,"publisher":{"@id":"https:\/\/capivari.sp.gov.br\/portal\/#organization"},"image":{"@id":"https:\/\/capivari.sp.gov.br\/portal\/operacao-conjunta-das-guardas-civis-de-capivari-e-elias-fausto-apreende-29-quilos-de-maconha-na-rodovia-do-acucar\/#primaryimage"},"thumbnailUrl":"https:\/\/capivari.sp.gov.br\/portal\/wp-content\/uploads\/2023\/04\/WhatsApp-Image-2023-04-24-at-08.17.35-1.jpeg","articleSection":["Destaque","Geral","Seguran\u00e7a P\u00fablica"],"inLanguage":"pt-BR","potentialAction":[{"@type":"CommentAction","name":"Comment","target":["https:\/\/capivari.sp.gov.br\/portal\/operacao-conjunta-das-guardas-civis-de-capivari-e-elias-fausto-apreende-29-quilos-de-maconha-na-rodovia-do-acucar\/#respond"]}]},{"@type":"WebPage","@id":"https:\/\/capivari.sp.gov.br\/portal\/operacao-conjunta-das-guardas-civis-de-capivari-e-elias-fausto-apreende-29-quilos-de-maconha-na-rodovia-do-acucar\/","url":"https:\/\/capivari.sp.gov.br\/portal\/operacao-conjunta-das-guardas-civis-de-capivari-e-elias-fausto-apreende-29-quilos-de-maconha-na-rodovia-do-acucar\/","name":"Opera\u00e7\u00e3o conjunta das Guardas Civis de Capivari e Elias Fausto apreende 29 quilos de maconha na Rodovia do A\u00e7\u00facar - Prefeitura de Capivari","isPartOf":{"@id":"https:\/\/capivari.sp.gov.br\/portal\/#website"},"primaryImageOfPage":{"@id":"https:\/\/capivari.sp.gov.br\/portal\/operacao-conjunta-das-guardas-civis-de-capivari-e-elias-fausto-apreende-29-quilos-de-maconha-na-rodovia-do-acucar\/#primaryimage"},"image":{"@id":"https:\/\/capivari.sp.gov.br\/portal\/operacao-conjunta-das-guardas-civis-de-capivari-e-elias-fausto-apreende-29-quilos-de-maconha-na-rodovia-do-acucar\/#primaryimage"},"thumbnailUrl":"https:\/\/capivari.sp.gov.br\/portal\/wp-content\/uploads\/2023\/04\/WhatsApp-Image-2023-04-24-at-08.17.35-1.jpeg","datePublished":"2023-04-24T13:05:24+00:00","breadcrumb":{"@id":"https:\/\/capivari.sp.gov.br\/portal\/operacao-conjunta-das-guardas-civis-de-capivari-e-elias-fausto-apreende-29-quilos-de-maconha-na-rodovia-do-acucar\/#breadcrumb"},"inLanguage":"pt-BR","potentialAction":[{"@type":"ReadAction","target":["https:\/\/capivari.sp.gov.br\/portal\/operacao-conjunta-das-guardas-civis-de-capivari-e-elias-fausto-apreende-29-quilos-de-maconha-na-rodovia-do-acucar\/"]}]},{"@type":"ImageObject","inLanguage":"pt-BR","@id":"https:\/\/capivari.sp.gov.br\/portal\/operacao-conjunta-das-guardas-civis-de-capivari-e-elias-fausto-apreende-29-quilos-de-maconha-na-rodovia-do-acucar\/#primaryimage","url":"https:\/\/capivari.sp.gov.br\/portal\/wp-content\/uploads\/2023\/04\/WhatsApp-Image-2023-04-24-at-08.17.35-1.jpeg","contentUrl":"https:\/\/capivari.sp.gov.br\/portal\/wp-content\/uploads\/2023\/04\/WhatsApp-Image-2023-04-24-at-08.17.35-1.jpeg","width":1170,"height":903},{"@type":"BreadcrumbList","@id":"https:\/\/capivari.sp.gov.br\/portal\/operacao-conjunta-das-guardas-civis-de-capivari-e-elias-fausto-apreende-29-quilos-de-maconha-na-rodovia-do-acucar\/#breadcrumb","itemListElement":[{"@type":"ListItem","position":1,"name":"In\u00edcio","item":"https:\/\/capivari.sp.gov.br\/portal\/"},{"@type":"ListItem","position":2,"name":"Opera\u00e7\u00e3o conjunta das Guardas Civis de Capivari e Elias Fausto apreende 29 quilos de maconha na Rodovia do A\u00e7\u00facar"}]},{"@type":"WebSite","@id":"https:\/\/capivari.sp.gov.br\/portal\/#website","url":"https:\/\/capivari.sp.gov.br\/portal\/","name":"Prefeitura de Capivari","description":"Prefeitura de Capivari","publisher":{"@id":"https:\/\/capivari.sp.gov.br\/portal\/#organization"},"potentialAction":[{"@type":"SearchAction","target":{"@type":"EntryPoint","urlTemplate":"https:\/\/capivari.sp.gov.br\/portal\/?s={search_term_string}"},"query-input":{"@type":"PropertyValueSpecification","valueRequired":true,"valueName":"search_term_string"}}],"inLanguage":"pt-BR"},{"@type":"Organization","@id":"https:\/\/capivari.sp.gov.br\/portal\/#organization","name":"Prefeitura de Capivari","url":"https:\/\/capivari.sp.gov.br\/portal\/","logo":{"@type":"ImageObject","inLanguage":"pt-BR","@id":"https:\/\/capivari.sp.gov.br\/portal\/#\/schema\/logo\/image\/","url":"https:\/\/capivari.sp.gov.br\/portal\/wp-content\/uploads\/2021\/09\/logo-prefeitura-de-capivari.png","contentUrl":"https:\/\/capivari.sp.gov.br\/portal\/wp-content\/uploads\/2021\/09\/logo-prefeitura-de-capivari.png","width":200,"height":147,"caption":"Prefeitura de Capivari"},"image":{"@id":"https:\/\/capivari.sp.gov.br\/portal\/#\/schema\/logo\/image\/"},"sameAs":["https:\/\/www.facebook.com\/PrefeituradeCapivari\/","https:\/\/x.com\/PrefCapivari","https:\/\/www.instagram.com\/prefeituracapivari\/"]},{"@type":"Person","@id":"https:\/\/capivari.sp.gov.br\/portal\/#\/schema\/person\/98801614a91d449946b0687ae2db9f29","name":"Thalles Cristiano","image":{"@type":"ImageObject","inLanguage":"pt-BR","@id":"https:\/\/secure.gravatar.com\/avatar\/0d1b9a4bdcde99ab11a8cd27abdcd088993749b82c4355c0301135023dc52b3d?s=96&d=mm&r=g","url":"https:\/\/secure.gravatar.com\/avatar\/0d1b9a4bdcde99ab11a8cd27abdcd088993749b82c4355c0301135023dc52b3d?s=96&d=mm&r=g","contentUrl":"https:\/\/secure.gravatar.com\/avatar\/0d1b9a4bdcde99ab11a8cd27abdcd088993749b82c4355c0301135023dc52b3d?s=96&d=mm&r=g","caption":"Thalles Cristiano"},"url":"https:\/\/capivari.sp.gov.br\/portal\/author\/thalles-cristiano\/"}]}},"_links":{"self":[{"href":"https:\/\/capivari.sp.gov.br\/portal\/wp-json\/wp\/v2\/posts\/11107","targetHints":{"allow":["GET"]}}],"collection":[{"href":"https:\/\/capivari.sp.gov.br\/portal\/wp-json\/wp\/v2\/posts"}],"about":[{"href":"https:\/\/capivari.sp.gov.br\/portal\/wp-json\/wp\/v2\/types\/post"}],"author":[{"embeddable":true,"href":"https:\/\/capivari.sp.gov.br\/portal\/wp-json\/wp\/v2\/users\/2"}],"replies":[{"embeddable":true,"href":"https:\/\/capivari.sp.gov.br\/portal\/wp-json\/wp\/v2\/comments?post=11107"}],"version-history":[{"count":1,"href":"https:\/\/capivari.sp.gov.br\/portal\/wp-json\/wp\/v2\/posts\/11107\/revisions"}],"predecessor-version":[{"id":11109,"href":"https:\/\/capivari.sp.gov.br\/portal\/wp-json\/wp\/v2\/posts\/11107\/revisions\/11109"}],"wp:featuredmedia":[{"embeddable":true,"href":"https:\/\/capivari.sp.gov.br\/portal\/wp-json\/wp\/v2\/media\/11108"}],"wp:attachment":[{"href":"https:\/\/capivari.sp.gov.br\/portal\/wp-json\/wp\/v2\/media?parent=11107"}],"wp:term":[{"taxonomy":"category","embeddable":true,"href":"https:\/\/capivari.sp.gov.br\/portal\/wp-json\/wp\/v2\/categories?post=11107"},{"taxonomy":"post_tag","embeddable":true,"href":"https:\/\/capivari.sp.gov.br\/portal\/wp-json\/wp\/v2\/tags?post=11107"}],"curies":[{"name":"wp","href":"https:\/\/api.w.org\/{rel}","templated":true}]}}