{"id":11811,"date":"2023-05-31T09:38:47","date_gmt":"2023-05-31T12:38:47","guid":{"rendered":"https:\/\/capivari.sp.gov.br\/portal\/?p=11811"},"modified":"2023-05-31T11:10:09","modified_gmt":"2023-05-31T14:10:09","slug":"representantes-do-programa-vamos-correr-participam-da-ultramaratona-trail-run-cs-neste-sabado-dia-03","status":"publish","type":"post","link":"https:\/\/capivari.sp.gov.br\/portal\/representantes-do-programa-vamos-correr-participam-da-ultramaratona-trail-run-cs-neste-sabado-dia-03\/","title":{"rendered":"Representantes do Programa \u201cVamos Correr\u201d participam da ultramaratona \u201cTrail Run CS\u201d neste s\u00e1bado, dia 03"},"content":{"rendered":"<p>O \u201cTrail Run CS\u201d ultramaratona tradicional do interior paulista, ter\u00e1 mais uma edi\u00e7\u00e3o sendo promovida neste s\u00e1bado, dia 03, em que competidores percorrer\u00e3o um trajeto de 62 quil\u00f4metros, saindo da cidade de Brotas, em dire\u00e7\u00e3o a cidade de S\u00e3o Pedro. Representando Capivari e tamb\u00e9m o Programa \u201cVamos Correr\u201d, os representantes Jean Paulo Corr\u00eaa, Elismar Silva e o Professor Rui Sanches, prometem muita resist\u00eancia e condicionamento f\u00edsico para completar mais esse desafio.<\/p>\n<p>O trajeto \u00e9 \u00fanico, em que os competidores correr\u00e3o de uma cidade a outra, com a rota praticamente inteira em trilhas e estradas n\u00e3o-pavimentadas. O ponto de partida da competi\u00e7\u00e3o \u00e9 na Pra\u00e7a Amador Sim\u00f5es, na cidade de Brotas, enquanto a linha de chegada estar\u00e1 posicionada na Pra\u00e7a Matriz, na cidade de S\u00e3o Pedro. De acordo com a empresa \u201cChelso Sport &amp; Business\u201d, organizadora do evento, tamb\u00e9m \u00e9 poss\u00edvel fazer o percurso atrav\u00e9s de revezamento em equipes.<\/p>\n<p>Para mais informa\u00e7\u00f5es a respeito do Programa \u201cVamos Correr\u201d e tamb\u00e9m outras atividades organizadas pela Secretaria de Esportes, o telefone (19) 3492-8876 est\u00e1 dispon\u00edvel de segunda a sexta-feira, das 08h30 \u00e0s 16h30.<\/p>\n<p>Prefeitura de Capivari. Transformando o presente, construindo o futuro.<\/p>\n","protected":false},"excerpt":{"rendered":"<p>O \u201cTrail Run CS\u201d ultramaratona tradicional do interior paulista, ter\u00e1 mais uma edi\u00e7\u00e3o sendo promovida neste s\u00e1bado, dia 03, em que competidores percorrer\u00e3o um trajeto de 62 quil\u00f4metros, saindo da cidade de Brotas, em dire\u00e7\u00e3o a cidade de S\u00e3o Pedro. Representando Capivari e tamb\u00e9m o Programa \u201cVamos Correr\u201d, os representantes Jean Paulo Corr\u00eaa, Elismar Silva [&hellip;]<\/p>\n","protected":false},"author":2,"featured_media":11812,"comment_status":"open","ping_status":"open","sticky":false,"template":"","format":"standard","meta":{"ocean_post_layout":"","ocean_both_sidebars_style":"","ocean_both_sidebars_content_width":0,"ocean_both_sidebars_sidebars_width":0,"ocean_sidebar":"0","ocean_second_sidebar":"0","ocean_disable_margins":"enable","ocean_add_body_class":"","ocean_shortcode_before_top_bar":"","ocean_shortcode_after_top_bar":"","ocean_shortcode_before_header":"","ocean_shortcode_after_header":"","ocean_has_shortcode":"","ocean_shortcode_after_title":"","ocean_shortcode_before_footer_widgets":"","ocean_shortcode_after_footer_widgets":"","ocean_shortcode_before_footer_bottom":"","ocean_shortcode_after_footer_bottom":"","ocean_display_top_bar":"default","ocean_display_header":"default","ocean_header_style":"","ocean_center_header_left_menu":"0","ocean_custom_header_template":"0","ocean_custom_logo":0,"ocean_custom_retina_logo":0,"ocean_custom_logo_max_width":0,"ocean_custom_logo_tablet_max_width":0,"ocean_custom_logo_mobile_max_width":0,"ocean_custom_logo_max_height":0,"ocean_custom_logo_tablet_max_height":0,"ocean_custom_logo_mobile_max_height":0,"ocean_header_custom_menu":"0","ocean_menu_typo_font_family":"0","ocean_menu_typo_font_subset":"","ocean_menu_typo_font_size":0,"ocean_menu_typo_font_size_tablet":0,"ocean_menu_typo_font_size_mobile":0,"ocean_menu_typo_font_size_unit":"px","ocean_menu_typo_font_weight":"","ocean_menu_typo_font_weight_tablet":"","ocean_menu_typo_font_weight_mobile":"","ocean_menu_typo_transform":"","ocean_menu_typo_transform_tablet":"","ocean_menu_typo_transform_mobile":"","ocean_menu_typo_line_height":0,"ocean_menu_typo_line_height_tablet":0,"ocean_menu_typo_line_height_mobile":0,"ocean_menu_typo_line_height_unit":"","ocean_menu_typo_spacing":0,"ocean_menu_typo_spacing_tablet":0,"ocean_menu_typo_spacing_mobile":0,"ocean_menu_typo_spacing_unit":"","ocean_menu_link_color":"","ocean_menu_link_color_hover":"","ocean_menu_link_color_active":"","ocean_menu_link_background":"","ocean_menu_link_hover_background":"","ocean_menu_link_active_background":"","ocean_menu_social_links_bg":"","ocean_menu_social_hover_links_bg":"","ocean_menu_social_links_color":"","ocean_menu_social_hover_links_color":"","ocean_disable_title":"default","ocean_disable_heading":"default","ocean_post_title":"","ocean_post_subheading":"","ocean_post_title_style":"","ocean_post_title_background_color":"","ocean_post_title_background":0,"ocean_post_title_bg_image_position":"","ocean_post_title_bg_image_attachment":"","ocean_post_title_bg_image_repeat":"","ocean_post_title_bg_image_size":"","ocean_post_title_height":0,"ocean_post_title_bg_overlay":0.5,"ocean_post_title_bg_overlay_color":"","ocean_disable_breadcrumbs":"default","ocean_breadcrumbs_color":"","ocean_breadcrumbs_separator_color":"","ocean_breadcrumbs_links_color":"","ocean_breadcrumbs_links_hover_color":"","ocean_display_footer_widgets":"default","ocean_display_footer_bottom":"default","ocean_custom_footer_template":"0","ocean_post_oembed":"","ocean_post_self_hosted_media":"","ocean_post_video_embed":"","ocean_link_format":"","ocean_link_format_target":"self","ocean_quote_format":"","ocean_quote_format_link":"post","ocean_gallery_link_images":"off","ocean_gallery_id":[],"footnotes":""},"categories":[4,25,5],"tags":[],"class_list":["post-11811","post","type-post","status-publish","format-standard","has-post-thumbnail","hentry","category-destaque","category-esporte","category-geral","entry","has-media"],"yoast_head":"<!-- This site is optimized with the Yoast SEO plugin v27.5 - https:\/\/yoast.com\/product\/yoast-seo-wordpress\/ -->\n<title>Representantes do Programa \u201cVamos Correr\u201d participam da ultramaratona \u201cTrail Run CS\u201d neste s\u00e1bado, dia 03 - Prefeitura de Capivari<\/title>\n<meta name=\"robots\" content=\"index, follow, max-snippet:-1, max-image-preview:large, max-video-preview:-1\" \/>\n<link rel=\"canonical\" href=\"https:\/\/capivari.sp.gov.br\/portal\/representantes-do-programa-vamos-correr-participam-da-ultramaratona-trail-run-cs-neste-sabado-dia-03\/\" \/>\n<meta property=\"og:locale\" content=\"pt_BR\" \/>\n<meta property=\"og:type\" content=\"article\" \/>\n<meta property=\"og:title\" content=\"Representantes do Programa \u201cVamos Correr\u201d participam da ultramaratona \u201cTrail Run CS\u201d neste s\u00e1bado, dia 03 - Prefeitura de Capivari\" \/>\n<meta property=\"og:description\" content=\"O \u201cTrail Run CS\u201d ultramaratona tradicional do interior paulista, ter\u00e1 mais uma edi\u00e7\u00e3o sendo promovida neste s\u00e1bado, dia 03, em que competidores percorrer\u00e3o um trajeto de 62 quil\u00f4metros, saindo da cidade de Brotas, em dire\u00e7\u00e3o a cidade de S\u00e3o Pedro. Representando Capivari e tamb\u00e9m o Programa \u201cVamos Correr\u201d, os representantes Jean Paulo Corr\u00eaa, Elismar Silva [&hellip;]\" \/>\n<meta property=\"og:url\" content=\"https:\/\/capivari.sp.gov.br\/portal\/representantes-do-programa-vamos-correr-participam-da-ultramaratona-trail-run-cs-neste-sabado-dia-03\/\" \/>\n<meta property=\"og:site_name\" content=\"Prefeitura de Capivari\" \/>\n<meta property=\"article:publisher\" content=\"https:\/\/www.facebook.com\/PrefeituradeCapivari\/\" \/>\n<meta property=\"article:published_time\" content=\"2023-05-31T12:38:47+00:00\" \/>\n<meta property=\"article:modified_time\" content=\"2023-05-31T14:10:09+00:00\" \/>\n<meta property=\"og:image\" content=\"https:\/\/capivari.sp.gov.br\/portal\/wp-content\/uploads\/2023\/05\/Participantes-CS-Trail-Run-e1685542202140.jpeg\" \/>\n\t<meta property=\"og:image:width\" content=\"712\" \/>\n\t<meta property=\"og:image:height\" content=\"380\" \/>\n\t<meta property=\"og:image:type\" content=\"image\/jpeg\" \/>\n<meta name=\"author\" content=\"Thalles Cristiano\" \/>\n<meta name=\"twitter:card\" content=\"summary_large_image\" \/>\n<meta name=\"twitter:creator\" content=\"@PrefCapivari\" \/>\n<meta name=\"twitter:site\" content=\"@PrefCapivari\" \/>\n<meta name=\"twitter:label1\" content=\"Escrito por\" \/>\n\t<meta name=\"twitter:data1\" content=\"Thalles Cristiano\" \/>\n\t<meta name=\"twitter:label2\" content=\"Est. tempo de leitura\" \/>\n\t<meta name=\"twitter:data2\" content=\"2 minutos\" \/>\n<script type=\"application\/ld+json\" class=\"yoast-schema-graph\">{\"@context\":\"https:\\\/\\\/schema.org\",\"@graph\":[{\"@type\":\"Article\",\"@id\":\"https:\\\/\\\/capivari.sp.gov.br\\\/portal\\\/representantes-do-programa-vamos-correr-participam-da-ultramaratona-trail-run-cs-neste-sabado-dia-03\\\/#article\",\"isPartOf\":{\"@id\":\"https:\\\/\\\/capivari.sp.gov.br\\\/portal\\\/representantes-do-programa-vamos-correr-participam-da-ultramaratona-trail-run-cs-neste-sabado-dia-03\\\/\"},\"author\":{\"name\":\"Thalles Cristiano\",\"@id\":\"https:\\\/\\\/capivari.sp.gov.br\\\/portal\\\/#\\\/schema\\\/person\\\/98801614a91d449946b0687ae2db9f29\"},\"headline\":\"Representantes do Programa \u201cVamos Correr\u201d participam da ultramaratona \u201cTrail Run CS\u201d neste s\u00e1bado, dia 03\",\"datePublished\":\"2023-05-31T12:38:47+00:00\",\"dateModified\":\"2023-05-31T14:10:09+00:00\",\"mainEntityOfPage\":{\"@id\":\"https:\\\/\\\/capivari.sp.gov.br\\\/portal\\\/representantes-do-programa-vamos-correr-participam-da-ultramaratona-trail-run-cs-neste-sabado-dia-03\\\/\"},\"wordCount\":221,\"commentCount\":0,\"publisher\":{\"@id\":\"https:\\\/\\\/capivari.sp.gov.br\\\/portal\\\/#organization\"},\"image\":{\"@id\":\"https:\\\/\\\/capivari.sp.gov.br\\\/portal\\\/representantes-do-programa-vamos-correr-participam-da-ultramaratona-trail-run-cs-neste-sabado-dia-03\\\/#primaryimage\"},\"thumbnailUrl\":\"https:\\\/\\\/capivari.sp.gov.br\\\/portal\\\/wp-content\\\/uploads\\\/2023\\\/05\\\/Participantes-CS-Trail-Run-e1685542202140.jpeg\",\"articleSection\":[\"Destaque\",\"Esporte\",\"Geral\"],\"inLanguage\":\"pt-BR\",\"potentialAction\":[{\"@type\":\"CommentAction\",\"name\":\"Comment\",\"target\":[\"https:\\\/\\\/capivari.sp.gov.br\\\/portal\\\/representantes-do-programa-vamos-correr-participam-da-ultramaratona-trail-run-cs-neste-sabado-dia-03\\\/#respond\"]}]},{\"@type\":\"WebPage\",\"@id\":\"https:\\\/\\\/capivari.sp.gov.br\\\/portal\\\/representantes-do-programa-vamos-correr-participam-da-ultramaratona-trail-run-cs-neste-sabado-dia-03\\\/\",\"url\":\"https:\\\/\\\/capivari.sp.gov.br\\\/portal\\\/representantes-do-programa-vamos-correr-participam-da-ultramaratona-trail-run-cs-neste-sabado-dia-03\\\/\",\"name\":\"Representantes do Programa \u201cVamos Correr\u201d participam da ultramaratona \u201cTrail Run CS\u201d neste s\u00e1bado, dia 03 - Prefeitura de Capivari\",\"isPartOf\":{\"@id\":\"https:\\\/\\\/capivari.sp.gov.br\\\/portal\\\/#website\"},\"primaryImageOfPage\":{\"@id\":\"https:\\\/\\\/capivari.sp.gov.br\\\/portal\\\/representantes-do-programa-vamos-correr-participam-da-ultramaratona-trail-run-cs-neste-sabado-dia-03\\\/#primaryimage\"},\"image\":{\"@id\":\"https:\\\/\\\/capivari.sp.gov.br\\\/portal\\\/representantes-do-programa-vamos-correr-participam-da-ultramaratona-trail-run-cs-neste-sabado-dia-03\\\/#primaryimage\"},\"thumbnailUrl\":\"https:\\\/\\\/capivari.sp.gov.br\\\/portal\\\/wp-content\\\/uploads\\\/2023\\\/05\\\/Participantes-CS-Trail-Run-e1685542202140.jpeg\",\"datePublished\":\"2023-05-31T12:38:47+00:00\",\"dateModified\":\"2023-05-31T14:10:09+00:00\",\"breadcrumb\":{\"@id\":\"https:\\\/\\\/capivari.sp.gov.br\\\/portal\\\/representantes-do-programa-vamos-correr-participam-da-ultramaratona-trail-run-cs-neste-sabado-dia-03\\\/#breadcrumb\"},\"inLanguage\":\"pt-BR\",\"potentialAction\":[{\"@type\":\"ReadAction\",\"target\":[\"https:\\\/\\\/capivari.sp.gov.br\\\/portal\\\/representantes-do-programa-vamos-correr-participam-da-ultramaratona-trail-run-cs-neste-sabado-dia-03\\\/\"]}]},{\"@type\":\"ImageObject\",\"inLanguage\":\"pt-BR\",\"@id\":\"https:\\\/\\\/capivari.sp.gov.br\\\/portal\\\/representantes-do-programa-vamos-correr-participam-da-ultramaratona-trail-run-cs-neste-sabado-dia-03\\\/#primaryimage\",\"url\":\"https:\\\/\\\/capivari.sp.gov.br\\\/portal\\\/wp-content\\\/uploads\\\/2023\\\/05\\\/Participantes-CS-Trail-Run-e1685542202140.jpeg\",\"contentUrl\":\"https:\\\/\\\/capivari.sp.gov.br\\\/portal\\\/wp-content\\\/uploads\\\/2023\\\/05\\\/Participantes-CS-Trail-Run-e1685542202140.jpeg\",\"width\":712,\"height\":380},{\"@type\":\"BreadcrumbList\",\"@id\":\"https:\\\/\\\/capivari.sp.gov.br\\\/portal\\\/representantes-do-programa-vamos-correr-participam-da-ultramaratona-trail-run-cs-neste-sabado-dia-03\\\/#breadcrumb\",\"itemListElement\":[{\"@type\":\"ListItem\",\"position\":1,\"name\":\"In\u00edcio\",\"item\":\"https:\\\/\\\/capivari.sp.gov.br\\\/portal\\\/\"},{\"@type\":\"ListItem\",\"position\":2,\"name\":\"Representantes do Programa \u201cVamos Correr\u201d participam da ultramaratona \u201cTrail Run CS\u201d neste s\u00e1bado, dia 03\"}]},{\"@type\":\"WebSite\",\"@id\":\"https:\\\/\\\/capivari.sp.gov.br\\\/portal\\\/#website\",\"url\":\"https:\\\/\\\/capivari.sp.gov.br\\\/portal\\\/\",\"name\":\"Prefeitura de Capivari\",\"description\":\"Prefeitura de Capivari\",\"publisher\":{\"@id\":\"https:\\\/\\\/capivari.sp.gov.br\\\/portal\\\/#organization\"},\"potentialAction\":[{\"@type\":\"SearchAction\",\"target\":{\"@type\":\"EntryPoint\",\"urlTemplate\":\"https:\\\/\\\/capivari.sp.gov.br\\\/portal\\\/?s={search_term_string}\"},\"query-input\":{\"@type\":\"PropertyValueSpecification\",\"valueRequired\":true,\"valueName\":\"search_term_string\"}}],\"inLanguage\":\"pt-BR\"},{\"@type\":\"Organization\",\"@id\":\"https:\\\/\\\/capivari.sp.gov.br\\\/portal\\\/#organization\",\"name\":\"Prefeitura de Capivari\",\"url\":\"https:\\\/\\\/capivari.sp.gov.br\\\/portal\\\/\",\"logo\":{\"@type\":\"ImageObject\",\"inLanguage\":\"pt-BR\",\"@id\":\"https:\\\/\\\/capivari.sp.gov.br\\\/portal\\\/#\\\/schema\\\/logo\\\/image\\\/\",\"url\":\"https:\\\/\\\/capivari.sp.gov.br\\\/portal\\\/wp-content\\\/uploads\\\/2021\\\/09\\\/logo-prefeitura-de-capivari.png\",\"contentUrl\":\"https:\\\/\\\/capivari.sp.gov.br\\\/portal\\\/wp-content\\\/uploads\\\/2021\\\/09\\\/logo-prefeitura-de-capivari.png\",\"width\":200,\"height\":147,\"caption\":\"Prefeitura de Capivari\"},\"image\":{\"@id\":\"https:\\\/\\\/capivari.sp.gov.br\\\/portal\\\/#\\\/schema\\\/logo\\\/image\\\/\"},\"sameAs\":[\"https:\\\/\\\/www.facebook.com\\\/PrefeituradeCapivari\\\/\",\"https:\\\/\\\/x.com\\\/PrefCapivari\",\"https:\\\/\\\/www.instagram.com\\\/prefeituracapivari\\\/\"]},{\"@type\":\"Person\",\"@id\":\"https:\\\/\\\/capivari.sp.gov.br\\\/portal\\\/#\\\/schema\\\/person\\\/98801614a91d449946b0687ae2db9f29\",\"name\":\"Thalles Cristiano\",\"image\":{\"@type\":\"ImageObject\",\"inLanguage\":\"pt-BR\",\"@id\":\"https:\\\/\\\/secure.gravatar.com\\\/avatar\\\/0d1b9a4bdcde99ab11a8cd27abdcd088993749b82c4355c0301135023dc52b3d?s=96&d=mm&r=g\",\"url\":\"https:\\\/\\\/secure.gravatar.com\\\/avatar\\\/0d1b9a4bdcde99ab11a8cd27abdcd088993749b82c4355c0301135023dc52b3d?s=96&d=mm&r=g\",\"contentUrl\":\"https:\\\/\\\/secure.gravatar.com\\\/avatar\\\/0d1b9a4bdcde99ab11a8cd27abdcd088993749b82c4355c0301135023dc52b3d?s=96&d=mm&r=g\",\"caption\":\"Thalles Cristiano\"},\"url\":\"https:\\\/\\\/capivari.sp.gov.br\\\/portal\\\/author\\\/thalles-cristiano\\\/\"}]}<\/script>\n<!-- \/ Yoast SEO plugin. -->","yoast_head_json":{"title":"Representantes do Programa \u201cVamos Correr\u201d participam da ultramaratona \u201cTrail Run CS\u201d neste s\u00e1bado, dia 03 - Prefeitura de Capivari","robots":{"index":"index","follow":"follow","max-snippet":"max-snippet:-1","max-image-preview":"max-image-preview:large","max-video-preview":"max-video-preview:-1"},"canonical":"https:\/\/capivari.sp.gov.br\/portal\/representantes-do-programa-vamos-correr-participam-da-ultramaratona-trail-run-cs-neste-sabado-dia-03\/","og_locale":"pt_BR","og_type":"article","og_title":"Representantes do Programa \u201cVamos Correr\u201d participam da ultramaratona \u201cTrail Run CS\u201d neste s\u00e1bado, dia 03 - Prefeitura de Capivari","og_description":"O \u201cTrail Run CS\u201d ultramaratona tradicional do interior paulista, ter\u00e1 mais uma edi\u00e7\u00e3o sendo promovida neste s\u00e1bado, dia 03, em que competidores percorrer\u00e3o um trajeto de 62 quil\u00f4metros, saindo da cidade de Brotas, em dire\u00e7\u00e3o a cidade de S\u00e3o Pedro. Representando Capivari e tamb\u00e9m o Programa \u201cVamos Correr\u201d, os representantes Jean Paulo Corr\u00eaa, Elismar Silva [&hellip;]","og_url":"https:\/\/capivari.sp.gov.br\/portal\/representantes-do-programa-vamos-correr-participam-da-ultramaratona-trail-run-cs-neste-sabado-dia-03\/","og_site_name":"Prefeitura de Capivari","article_publisher":"https:\/\/www.facebook.com\/PrefeituradeCapivari\/","article_published_time":"2023-05-31T12:38:47+00:00","article_modified_time":"2023-05-31T14:10:09+00:00","og_image":[{"width":712,"height":380,"url":"https:\/\/capivari.sp.gov.br\/portal\/wp-content\/uploads\/2023\/05\/Participantes-CS-Trail-Run-e1685542202140.jpeg","type":"image\/jpeg"}],"author":"Thalles Cristiano","twitter_card":"summary_large_image","twitter_creator":"@PrefCapivari","twitter_site":"@PrefCapivari","twitter_misc":{"Escrito por":"Thalles Cristiano","Est. tempo de leitura":"2 minutos"},"schema":{"@context":"https:\/\/schema.org","@graph":[{"@type":"Article","@id":"https:\/\/capivari.sp.gov.br\/portal\/representantes-do-programa-vamos-correr-participam-da-ultramaratona-trail-run-cs-neste-sabado-dia-03\/#article","isPartOf":{"@id":"https:\/\/capivari.sp.gov.br\/portal\/representantes-do-programa-vamos-correr-participam-da-ultramaratona-trail-run-cs-neste-sabado-dia-03\/"},"author":{"name":"Thalles Cristiano","@id":"https:\/\/capivari.sp.gov.br\/portal\/#\/schema\/person\/98801614a91d449946b0687ae2db9f29"},"headline":"Representantes do Programa \u201cVamos Correr\u201d participam da ultramaratona \u201cTrail Run CS\u201d neste s\u00e1bado, dia 03","datePublished":"2023-05-31T12:38:47+00:00","dateModified":"2023-05-31T14:10:09+00:00","mainEntityOfPage":{"@id":"https:\/\/capivari.sp.gov.br\/portal\/representantes-do-programa-vamos-correr-participam-da-ultramaratona-trail-run-cs-neste-sabado-dia-03\/"},"wordCount":221,"commentCount":0,"publisher":{"@id":"https:\/\/capivari.sp.gov.br\/portal\/#organization"},"image":{"@id":"https:\/\/capivari.sp.gov.br\/portal\/representantes-do-programa-vamos-correr-participam-da-ultramaratona-trail-run-cs-neste-sabado-dia-03\/#primaryimage"},"thumbnailUrl":"https:\/\/capivari.sp.gov.br\/portal\/wp-content\/uploads\/2023\/05\/Participantes-CS-Trail-Run-e1685542202140.jpeg","articleSection":["Destaque","Esporte","Geral"],"inLanguage":"pt-BR","potentialAction":[{"@type":"CommentAction","name":"Comment","target":["https:\/\/capivari.sp.gov.br\/portal\/representantes-do-programa-vamos-correr-participam-da-ultramaratona-trail-run-cs-neste-sabado-dia-03\/#respond"]}]},{"@type":"WebPage","@id":"https:\/\/capivari.sp.gov.br\/portal\/representantes-do-programa-vamos-correr-participam-da-ultramaratona-trail-run-cs-neste-sabado-dia-03\/","url":"https:\/\/capivari.sp.gov.br\/portal\/representantes-do-programa-vamos-correr-participam-da-ultramaratona-trail-run-cs-neste-sabado-dia-03\/","name":"Representantes do Programa \u201cVamos Correr\u201d participam da ultramaratona \u201cTrail Run CS\u201d neste s\u00e1bado, dia 03 - Prefeitura de Capivari","isPartOf":{"@id":"https:\/\/capivari.sp.gov.br\/portal\/#website"},"primaryImageOfPage":{"@id":"https:\/\/capivari.sp.gov.br\/portal\/representantes-do-programa-vamos-correr-participam-da-ultramaratona-trail-run-cs-neste-sabado-dia-03\/#primaryimage"},"image":{"@id":"https:\/\/capivari.sp.gov.br\/portal\/representantes-do-programa-vamos-correr-participam-da-ultramaratona-trail-run-cs-neste-sabado-dia-03\/#primaryimage"},"thumbnailUrl":"https:\/\/capivari.sp.gov.br\/portal\/wp-content\/uploads\/2023\/05\/Participantes-CS-Trail-Run-e1685542202140.jpeg","datePublished":"2023-05-31T12:38:47+00:00","dateModified":"2023-05-31T14:10:09+00:00","breadcrumb":{"@id":"https:\/\/capivari.sp.gov.br\/portal\/representantes-do-programa-vamos-correr-participam-da-ultramaratona-trail-run-cs-neste-sabado-dia-03\/#breadcrumb"},"inLanguage":"pt-BR","potentialAction":[{"@type":"ReadAction","target":["https:\/\/capivari.sp.gov.br\/portal\/representantes-do-programa-vamos-correr-participam-da-ultramaratona-trail-run-cs-neste-sabado-dia-03\/"]}]},{"@type":"ImageObject","inLanguage":"pt-BR","@id":"https:\/\/capivari.sp.gov.br\/portal\/representantes-do-programa-vamos-correr-participam-da-ultramaratona-trail-run-cs-neste-sabado-dia-03\/#primaryimage","url":"https:\/\/capivari.sp.gov.br\/portal\/wp-content\/uploads\/2023\/05\/Participantes-CS-Trail-Run-e1685542202140.jpeg","contentUrl":"https:\/\/capivari.sp.gov.br\/portal\/wp-content\/uploads\/2023\/05\/Participantes-CS-Trail-Run-e1685542202140.jpeg","width":712,"height":380},{"@type":"BreadcrumbList","@id":"https:\/\/capivari.sp.gov.br\/portal\/representantes-do-programa-vamos-correr-participam-da-ultramaratona-trail-run-cs-neste-sabado-dia-03\/#breadcrumb","itemListElement":[{"@type":"ListItem","position":1,"name":"In\u00edcio","item":"https:\/\/capivari.sp.gov.br\/portal\/"},{"@type":"ListItem","position":2,"name":"Representantes do Programa \u201cVamos Correr\u201d participam da ultramaratona \u201cTrail Run CS\u201d neste s\u00e1bado, dia 03"}]},{"@type":"WebSite","@id":"https:\/\/capivari.sp.gov.br\/portal\/#website","url":"https:\/\/capivari.sp.gov.br\/portal\/","name":"Prefeitura de Capivari","description":"Prefeitura de Capivari","publisher":{"@id":"https:\/\/capivari.sp.gov.br\/portal\/#organization"},"potentialAction":[{"@type":"SearchAction","target":{"@type":"EntryPoint","urlTemplate":"https:\/\/capivari.sp.gov.br\/portal\/?s={search_term_string}"},"query-input":{"@type":"PropertyValueSpecification","valueRequired":true,"valueName":"search_term_string"}}],"inLanguage":"pt-BR"},{"@type":"Organization","@id":"https:\/\/capivari.sp.gov.br\/portal\/#organization","name":"Prefeitura de Capivari","url":"https:\/\/capivari.sp.gov.br\/portal\/","logo":{"@type":"ImageObject","inLanguage":"pt-BR","@id":"https:\/\/capivari.sp.gov.br\/portal\/#\/schema\/logo\/image\/","url":"https:\/\/capivari.sp.gov.br\/portal\/wp-content\/uploads\/2021\/09\/logo-prefeitura-de-capivari.png","contentUrl":"https:\/\/capivari.sp.gov.br\/portal\/wp-content\/uploads\/2021\/09\/logo-prefeitura-de-capivari.png","width":200,"height":147,"caption":"Prefeitura de Capivari"},"image":{"@id":"https:\/\/capivari.sp.gov.br\/portal\/#\/schema\/logo\/image\/"},"sameAs":["https:\/\/www.facebook.com\/PrefeituradeCapivari\/","https:\/\/x.com\/PrefCapivari","https:\/\/www.instagram.com\/prefeituracapivari\/"]},{"@type":"Person","@id":"https:\/\/capivari.sp.gov.br\/portal\/#\/schema\/person\/98801614a91d449946b0687ae2db9f29","name":"Thalles Cristiano","image":{"@type":"ImageObject","inLanguage":"pt-BR","@id":"https:\/\/secure.gravatar.com\/avatar\/0d1b9a4bdcde99ab11a8cd27abdcd088993749b82c4355c0301135023dc52b3d?s=96&d=mm&r=g","url":"https:\/\/secure.gravatar.com\/avatar\/0d1b9a4bdcde99ab11a8cd27abdcd088993749b82c4355c0301135023dc52b3d?s=96&d=mm&r=g","contentUrl":"https:\/\/secure.gravatar.com\/avatar\/0d1b9a4bdcde99ab11a8cd27abdcd088993749b82c4355c0301135023dc52b3d?s=96&d=mm&r=g","caption":"Thalles Cristiano"},"url":"https:\/\/capivari.sp.gov.br\/portal\/author\/thalles-cristiano\/"}]}},"_links":{"self":[{"href":"https:\/\/capivari.sp.gov.br\/portal\/wp-json\/wp\/v2\/posts\/11811","targetHints":{"allow":["GET"]}}],"collection":[{"href":"https:\/\/capivari.sp.gov.br\/portal\/wp-json\/wp\/v2\/posts"}],"about":[{"href":"https:\/\/capivari.sp.gov.br\/portal\/wp-json\/wp\/v2\/types\/post"}],"author":[{"embeddable":true,"href":"https:\/\/capivari.sp.gov.br\/portal\/wp-json\/wp\/v2\/users\/2"}],"replies":[{"embeddable":true,"href":"https:\/\/capivari.sp.gov.br\/portal\/wp-json\/wp\/v2\/comments?post=11811"}],"version-history":[{"count":1,"href":"https:\/\/capivari.sp.gov.br\/portal\/wp-json\/wp\/v2\/posts\/11811\/revisions"}],"predecessor-version":[{"id":11813,"href":"https:\/\/capivari.sp.gov.br\/portal\/wp-json\/wp\/v2\/posts\/11811\/revisions\/11813"}],"wp:featuredmedia":[{"embeddable":true,"href":"https:\/\/capivari.sp.gov.br\/portal\/wp-json\/wp\/v2\/media\/11812"}],"wp:attachment":[{"href":"https:\/\/capivari.sp.gov.br\/portal\/wp-json\/wp\/v2\/media?parent=11811"}],"wp:term":[{"taxonomy":"category","embeddable":true,"href":"https:\/\/capivari.sp.gov.br\/portal\/wp-json\/wp\/v2\/categories?post=11811"},{"taxonomy":"post_tag","embeddable":true,"href":"https:\/\/capivari.sp.gov.br\/portal\/wp-json\/wp\/v2\/tags?post=11811"}],"curies":[{"name":"wp","href":"https:\/\/api.w.org\/{rel}","templated":true}]}}