{"id":12140,"date":"2023-06-15T14:31:21","date_gmt":"2023-06-15T17:31:21","guid":{"rendered":"https:\/\/capivari.sp.gov.br\/portal\/?p=12140"},"modified":"2023-06-15T14:31:21","modified_gmt":"2023-06-15T17:31:21","slug":"prefeitura-de-capivari-alerta-para-cuidados-com-a-febre-maculosa","status":"publish","type":"post","link":"https:\/\/capivari.sp.gov.br\/portal\/prefeitura-de-capivari-alerta-para-cuidados-com-a-febre-maculosa\/","title":{"rendered":"Prefeitura de Capivari alerta para cuidados com a Febre Maculosa"},"content":{"rendered":"<p>A Febre Maculosa voltou a ser not\u00edcia nesta semana, quando um surto de casos ocorreu em Campinas. Quatro mortes foram confirmadas nos \u00faltimos dias e outros casos suspeitos passam por investiga\u00e7\u00e3o. De acordo com o Governo de S\u00e3o Paulo, foram confirmados 12 casos da doen\u00e7a at\u00e9 o dia 14 de junho.<\/p>\n<p>A Febre Maculosa \u00e9 uma doen\u00e7a causada pela bact\u00e9ria Rickettsia rickettsii, transmitida pela picada do carrapato-estrela, esp\u00e9cie que \u00e9 encontrada principalmente nas regi\u00f5es de Campinas, Piracicaba, Sorocaba e Assis. A doen\u00e7a tem um alto grau de letalidade e o per\u00edodo de maior incid\u00eancia \u00e9 entre julho e novembro.<\/p>\n<p>Os sintomas da doen\u00e7a s\u00e3o: febre, dor de cabe\u00e7a, dor no corpo, manchas avermelhadas pelo corpo, v\u00f4mito e diarreia. Os sintomas surgem de dois a 14 dias ap\u00f3s a picada do carrapato infectado e, muitas vezes, o carrapato-estrela n\u00e3o \u00e9 visto, podendo tornar a picada impercept\u00edvel.<\/p>\n<p>Em caso de sintomas, deve-se procurar o pronto atendimento imediatamente para a retirada correta do bicho. Importante relatar ao profissional de sa\u00fade (auxiliar enfermagem, enfermeiro ou m\u00e9dico), que foi picado por carrapatos. Esta informa\u00e7\u00e3o pode facilitar o r\u00e1pido diagn\u00f3stico para a doen\u00e7a, inclusive a utiliza\u00e7\u00e3o de medica\u00e7\u00e3o adequada enquanto aguarda-se o resultado do exame.<\/p>\n<p>A doen\u00e7a tem cura, mas seu tratamento deve ser iniciado com antibi\u00f3ticos ap\u00f3s o surgimento dos primeiros sintomas para evitar complica\u00e7\u00f5es graves, como inflama\u00e7\u00e3o do c\u00e9rebro, paralisia, insufici\u00eancia respirat\u00f3ria ou insufici\u00eancia renal, que podem colocar em perigo a vida do paciente.<\/p>\n<p>As capivaras, animais com alta incid\u00eancia na cidade, s\u00e3o os principais hospedeiros do carrapato-estrela, tornando Capivari um potencial foco da doen\u00e7a. De acordo com a Defesa Civil de Capivari, os pontos que podem oferecer risco de contamina\u00e7\u00e3o pela doen\u00e7a, s\u00e3o os locais pr\u00f3ximos ao Rio Capivari e c\u00f3rregos, como nos bairros Esta\u00e7\u00e3o, Centro (trecho da rua Tiradentes e pr\u00f3ximo ao Cortume), Vila Cardoso (Campo de Futebol e rua S\u00e3o Paulo), pr\u00f3ximo \u00e0 ponte do Santoro (Domingos Pavan e avenida Marlene do Carmo Rossi), \u00e1reas pr\u00f3ximas do c\u00f3rrego \u00c1gua Choca (Juventus, Vila Clemente, rua Padre Haroldo), proximidade do Rio Capivari (Padovani, Moreto, Jardim Elisa), Nova Aparecida (pr\u00f3ximo ao c\u00f3rrego Lavap\u00e9s e rua 09 de Julho, nas proximidades do Rio Capivari), Santa Rita de C\u00e1ssia (trevo), Cancian, al\u00e9m das margens do rio nas \u00e1reas rurais. O carrapato-estrela tamb\u00e9m pode ser encontrado em \u00e1reas com ac\u00famulo de folhas secas, mata, gramado e em pastos, principalmente onde vivem cavalos e outros roedores.<\/p>\n<p>A preven\u00e7\u00e3o da febre maculosa para a popula\u00e7\u00e3o pode ser feita da seguinte forma:<br \/>\n&#8211; Utilizar cal\u00e7as, camisas de manga comprida e sapatos, especialmente quando \u00e9 necess\u00e1rio estar em locais com grama alta;<br \/>\n&#8211; Usar repelentes de insetos, renovando a cada duas horas ou conforme a necessidade;<br \/>\n&#8211; Limpar os arbustos e manter o jardim sem folhas no gramado;<br \/>\n&#8211; Verificar todos os dias a presen\u00e7a de carrapatos no corpo ou nos animais dom\u00e9sticos;<br \/>\n&#8211; Manter os animais dom\u00e9sticos, como c\u00e3es e gatos, desinfetados contra pulgas e carrapatos.<\/p>\n<p>Para mais informa\u00e7\u00f5es, entre em contato com a Vigil\u00e2ncia Epidemiol\u00f3gica pelo telefone (19) 3492-7326 ou na avenida do Carmo, 60, na Vila Cardoso. O hor\u00e1rio de funcionamento \u00e9 das 08h30 \u00e0s 16h30.<\/p>\n<p>Prefeitura de Capivari. Transformando o presente, construindo\u00a0o\u00a0futuro.<\/p>\n","protected":false},"excerpt":{"rendered":"<p>A Febre Maculosa voltou a ser not\u00edcia nesta semana, quando um surto de casos ocorreu em Campinas. Quatro mortes foram confirmadas nos \u00faltimos dias e outros casos suspeitos passam por investiga\u00e7\u00e3o. De acordo com o Governo de S\u00e3o Paulo, foram confirmados 12 casos da doen\u00e7a at\u00e9 o dia 14 de junho. A Febre Maculosa \u00e9 [&hellip;]<\/p>\n","protected":false},"author":16,"featured_media":12141,"comment_status":"open","ping_status":"open","sticky":false,"template":"","format":"standard","meta":{"ocean_post_layout":"","ocean_both_sidebars_style":"","ocean_both_sidebars_content_width":0,"ocean_both_sidebars_sidebars_width":0,"ocean_sidebar":"","ocean_second_sidebar":"","ocean_disable_margins":"enable","ocean_add_body_class":"","ocean_shortcode_before_top_bar":"","ocean_shortcode_after_top_bar":"","ocean_shortcode_before_header":"","ocean_shortcode_after_header":"","ocean_has_shortcode":"","ocean_shortcode_after_title":"","ocean_shortcode_before_footer_widgets":"","ocean_shortcode_after_footer_widgets":"","ocean_shortcode_before_footer_bottom":"","ocean_shortcode_after_footer_bottom":"","ocean_display_top_bar":"default","ocean_display_header":"default","ocean_header_style":"","ocean_center_header_left_menu":"","ocean_custom_header_template":"","ocean_custom_logo":0,"ocean_custom_retina_logo":0,"ocean_custom_logo_max_width":0,"ocean_custom_logo_tablet_max_width":0,"ocean_custom_logo_mobile_max_width":0,"ocean_custom_logo_max_height":0,"ocean_custom_logo_tablet_max_height":0,"ocean_custom_logo_mobile_max_height":0,"ocean_header_custom_menu":"","ocean_menu_typo_font_family":"","ocean_menu_typo_font_subset":"","ocean_menu_typo_font_size":0,"ocean_menu_typo_font_size_tablet":0,"ocean_menu_typo_font_size_mobile":0,"ocean_menu_typo_font_size_unit":"px","ocean_menu_typo_font_weight":"","ocean_menu_typo_font_weight_tablet":"","ocean_menu_typo_font_weight_mobile":"","ocean_menu_typo_transform":"","ocean_menu_typo_transform_tablet":"","ocean_menu_typo_transform_mobile":"","ocean_menu_typo_line_height":0,"ocean_menu_typo_line_height_tablet":0,"ocean_menu_typo_line_height_mobile":0,"ocean_menu_typo_line_height_unit":"","ocean_menu_typo_spacing":0,"ocean_menu_typo_spacing_tablet":0,"ocean_menu_typo_spacing_mobile":0,"ocean_menu_typo_spacing_unit":"","ocean_menu_link_color":"","ocean_menu_link_color_hover":"","ocean_menu_link_color_active":"","ocean_menu_link_background":"","ocean_menu_link_hover_background":"","ocean_menu_link_active_background":"","ocean_menu_social_links_bg":"","ocean_menu_social_hover_links_bg":"","ocean_menu_social_links_color":"","ocean_menu_social_hover_links_color":"","ocean_disable_title":"default","ocean_disable_heading":"default","ocean_post_title":"","ocean_post_subheading":"","ocean_post_title_style":"","ocean_post_title_background_color":"","ocean_post_title_background":0,"ocean_post_title_bg_image_position":"","ocean_post_title_bg_image_attachment":"","ocean_post_title_bg_image_repeat":"","ocean_post_title_bg_image_size":"","ocean_post_title_height":0,"ocean_post_title_bg_overlay":0.5,"ocean_post_title_bg_overlay_color":"","ocean_disable_breadcrumbs":"default","ocean_breadcrumbs_color":"","ocean_breadcrumbs_separator_color":"","ocean_breadcrumbs_links_color":"","ocean_breadcrumbs_links_hover_color":"","ocean_display_footer_widgets":"default","ocean_display_footer_bottom":"default","ocean_custom_footer_template":"","ocean_post_oembed":"","ocean_post_self_hosted_media":"","ocean_post_video_embed":"","ocean_link_format":"","ocean_link_format_target":"self","ocean_quote_format":"","ocean_quote_format_link":"post","ocean_gallery_link_images":"off","ocean_gallery_id":[],"footnotes":""},"categories":[4,5,31,32],"tags":[],"class_list":["post-12140","post","type-post","status-publish","format-standard","has-post-thumbnail","hentry","category-destaque","category-geral","category-saude","category-seguranca-publica","entry","has-media"],"yoast_head":"<!-- This site is optimized with the Yoast SEO plugin v27.5 - https:\/\/yoast.com\/product\/yoast-seo-wordpress\/ -->\n<title>Prefeitura de Capivari alerta para cuidados com a Febre Maculosa - Prefeitura de Capivari<\/title>\n<meta name=\"robots\" content=\"index, follow, max-snippet:-1, max-image-preview:large, max-video-preview:-1\" \/>\n<link rel=\"canonical\" href=\"https:\/\/capivari.sp.gov.br\/portal\/prefeitura-de-capivari-alerta-para-cuidados-com-a-febre-maculosa\/\" \/>\n<meta property=\"og:locale\" content=\"pt_BR\" \/>\n<meta property=\"og:type\" content=\"article\" \/>\n<meta property=\"og:title\" content=\"Prefeitura de Capivari alerta para cuidados com a Febre Maculosa - Prefeitura de Capivari\" \/>\n<meta property=\"og:description\" content=\"A Febre Maculosa voltou a ser not\u00edcia nesta semana, quando um surto de casos ocorreu em Campinas. Quatro mortes foram confirmadas nos \u00faltimos dias e outros casos suspeitos passam por investiga\u00e7\u00e3o. De acordo com o Governo de S\u00e3o Paulo, foram confirmados 12 casos da doen\u00e7a at\u00e9 o dia 14 de junho. A Febre Maculosa \u00e9 [&hellip;]\" \/>\n<meta property=\"og:url\" content=\"https:\/\/capivari.sp.gov.br\/portal\/prefeitura-de-capivari-alerta-para-cuidados-com-a-febre-maculosa\/\" \/>\n<meta property=\"og:site_name\" content=\"Prefeitura de Capivari\" \/>\n<meta property=\"article:publisher\" content=\"https:\/\/www.facebook.com\/PrefeituradeCapivari\/\" \/>\n<meta property=\"article:published_time\" content=\"2023-06-15T17:31:21+00:00\" \/>\n<meta property=\"og:image\" content=\"https:\/\/capivari.sp.gov.br\/portal\/wp-content\/uploads\/2023\/06\/WhatsApp-Image-2023-06-15-at-13.52.16.jpeg\" \/>\n\t<meta property=\"og:image:width\" content=\"1280\" \/>\n\t<meta property=\"og:image:height\" content=\"720\" \/>\n\t<meta property=\"og:image:type\" content=\"image\/jpeg\" \/>\n<meta name=\"author\" content=\"Leonardo Nocete\" \/>\n<meta name=\"twitter:card\" content=\"summary_large_image\" \/>\n<meta name=\"twitter:creator\" content=\"@PrefCapivari\" \/>\n<meta name=\"twitter:site\" content=\"@PrefCapivari\" \/>\n<meta name=\"twitter:label1\" content=\"Escrito por\" \/>\n\t<meta name=\"twitter:data1\" content=\"Leonardo Nocete\" \/>\n\t<meta name=\"twitter:label2\" content=\"Est. tempo de leitura\" \/>\n\t<meta name=\"twitter:data2\" content=\"3 minutos\" \/>\n<script type=\"application\/ld+json\" class=\"yoast-schema-graph\">{\"@context\":\"https:\\\/\\\/schema.org\",\"@graph\":[{\"@type\":\"Article\",\"@id\":\"https:\\\/\\\/capivari.sp.gov.br\\\/portal\\\/prefeitura-de-capivari-alerta-para-cuidados-com-a-febre-maculosa\\\/#article\",\"isPartOf\":{\"@id\":\"https:\\\/\\\/capivari.sp.gov.br\\\/portal\\\/prefeitura-de-capivari-alerta-para-cuidados-com-a-febre-maculosa\\\/\"},\"author\":{\"name\":\"Leonardo Nocete\",\"@id\":\"https:\\\/\\\/capivari.sp.gov.br\\\/portal\\\/#\\\/schema\\\/person\\\/2370456f508b3c5850854ed47030a88b\"},\"headline\":\"Prefeitura de Capivari alerta para cuidados com a Febre Maculosa\",\"datePublished\":\"2023-06-15T17:31:21+00:00\",\"mainEntityOfPage\":{\"@id\":\"https:\\\/\\\/capivari.sp.gov.br\\\/portal\\\/prefeitura-de-capivari-alerta-para-cuidados-com-a-febre-maculosa\\\/\"},\"wordCount\":592,\"commentCount\":0,\"publisher\":{\"@id\":\"https:\\\/\\\/capivari.sp.gov.br\\\/portal\\\/#organization\"},\"image\":{\"@id\":\"https:\\\/\\\/capivari.sp.gov.br\\\/portal\\\/prefeitura-de-capivari-alerta-para-cuidados-com-a-febre-maculosa\\\/#primaryimage\"},\"thumbnailUrl\":\"https:\\\/\\\/capivari.sp.gov.br\\\/portal\\\/wp-content\\\/uploads\\\/2023\\\/06\\\/WhatsApp-Image-2023-06-15-at-13.52.16.jpeg\",\"articleSection\":[\"Destaque\",\"Geral\",\"Sa\u00fade\",\"Seguran\u00e7a P\u00fablica\"],\"inLanguage\":\"pt-BR\",\"potentialAction\":[{\"@type\":\"CommentAction\",\"name\":\"Comment\",\"target\":[\"https:\\\/\\\/capivari.sp.gov.br\\\/portal\\\/prefeitura-de-capivari-alerta-para-cuidados-com-a-febre-maculosa\\\/#respond\"]}]},{\"@type\":\"WebPage\",\"@id\":\"https:\\\/\\\/capivari.sp.gov.br\\\/portal\\\/prefeitura-de-capivari-alerta-para-cuidados-com-a-febre-maculosa\\\/\",\"url\":\"https:\\\/\\\/capivari.sp.gov.br\\\/portal\\\/prefeitura-de-capivari-alerta-para-cuidados-com-a-febre-maculosa\\\/\",\"name\":\"Prefeitura de Capivari alerta para cuidados com a Febre Maculosa - Prefeitura de Capivari\",\"isPartOf\":{\"@id\":\"https:\\\/\\\/capivari.sp.gov.br\\\/portal\\\/#website\"},\"primaryImageOfPage\":{\"@id\":\"https:\\\/\\\/capivari.sp.gov.br\\\/portal\\\/prefeitura-de-capivari-alerta-para-cuidados-com-a-febre-maculosa\\\/#primaryimage\"},\"image\":{\"@id\":\"https:\\\/\\\/capivari.sp.gov.br\\\/portal\\\/prefeitura-de-capivari-alerta-para-cuidados-com-a-febre-maculosa\\\/#primaryimage\"},\"thumbnailUrl\":\"https:\\\/\\\/capivari.sp.gov.br\\\/portal\\\/wp-content\\\/uploads\\\/2023\\\/06\\\/WhatsApp-Image-2023-06-15-at-13.52.16.jpeg\",\"datePublished\":\"2023-06-15T17:31:21+00:00\",\"breadcrumb\":{\"@id\":\"https:\\\/\\\/capivari.sp.gov.br\\\/portal\\\/prefeitura-de-capivari-alerta-para-cuidados-com-a-febre-maculosa\\\/#breadcrumb\"},\"inLanguage\":\"pt-BR\",\"potentialAction\":[{\"@type\":\"ReadAction\",\"target\":[\"https:\\\/\\\/capivari.sp.gov.br\\\/portal\\\/prefeitura-de-capivari-alerta-para-cuidados-com-a-febre-maculosa\\\/\"]}]},{\"@type\":\"ImageObject\",\"inLanguage\":\"pt-BR\",\"@id\":\"https:\\\/\\\/capivari.sp.gov.br\\\/portal\\\/prefeitura-de-capivari-alerta-para-cuidados-com-a-febre-maculosa\\\/#primaryimage\",\"url\":\"https:\\\/\\\/capivari.sp.gov.br\\\/portal\\\/wp-content\\\/uploads\\\/2023\\\/06\\\/WhatsApp-Image-2023-06-15-at-13.52.16.jpeg\",\"contentUrl\":\"https:\\\/\\\/capivari.sp.gov.br\\\/portal\\\/wp-content\\\/uploads\\\/2023\\\/06\\\/WhatsApp-Image-2023-06-15-at-13.52.16.jpeg\",\"width\":1280,\"height\":720},{\"@type\":\"BreadcrumbList\",\"@id\":\"https:\\\/\\\/capivari.sp.gov.br\\\/portal\\\/prefeitura-de-capivari-alerta-para-cuidados-com-a-febre-maculosa\\\/#breadcrumb\",\"itemListElement\":[{\"@type\":\"ListItem\",\"position\":1,\"name\":\"In\u00edcio\",\"item\":\"https:\\\/\\\/capivari.sp.gov.br\\\/portal\\\/\"},{\"@type\":\"ListItem\",\"position\":2,\"name\":\"Prefeitura de Capivari alerta para cuidados com a Febre Maculosa\"}]},{\"@type\":\"WebSite\",\"@id\":\"https:\\\/\\\/capivari.sp.gov.br\\\/portal\\\/#website\",\"url\":\"https:\\\/\\\/capivari.sp.gov.br\\\/portal\\\/\",\"name\":\"Prefeitura de Capivari\",\"description\":\"Prefeitura de Capivari\",\"publisher\":{\"@id\":\"https:\\\/\\\/capivari.sp.gov.br\\\/portal\\\/#organization\"},\"potentialAction\":[{\"@type\":\"SearchAction\",\"target\":{\"@type\":\"EntryPoint\",\"urlTemplate\":\"https:\\\/\\\/capivari.sp.gov.br\\\/portal\\\/?s={search_term_string}\"},\"query-input\":{\"@type\":\"PropertyValueSpecification\",\"valueRequired\":true,\"valueName\":\"search_term_string\"}}],\"inLanguage\":\"pt-BR\"},{\"@type\":\"Organization\",\"@id\":\"https:\\\/\\\/capivari.sp.gov.br\\\/portal\\\/#organization\",\"name\":\"Prefeitura de Capivari\",\"url\":\"https:\\\/\\\/capivari.sp.gov.br\\\/portal\\\/\",\"logo\":{\"@type\":\"ImageObject\",\"inLanguage\":\"pt-BR\",\"@id\":\"https:\\\/\\\/capivari.sp.gov.br\\\/portal\\\/#\\\/schema\\\/logo\\\/image\\\/\",\"url\":\"https:\\\/\\\/capivari.sp.gov.br\\\/portal\\\/wp-content\\\/uploads\\\/2021\\\/09\\\/logo-prefeitura-de-capivari.png\",\"contentUrl\":\"https:\\\/\\\/capivari.sp.gov.br\\\/portal\\\/wp-content\\\/uploads\\\/2021\\\/09\\\/logo-prefeitura-de-capivari.png\",\"width\":200,\"height\":147,\"caption\":\"Prefeitura de Capivari\"},\"image\":{\"@id\":\"https:\\\/\\\/capivari.sp.gov.br\\\/portal\\\/#\\\/schema\\\/logo\\\/image\\\/\"},\"sameAs\":[\"https:\\\/\\\/www.facebook.com\\\/PrefeituradeCapivari\\\/\",\"https:\\\/\\\/x.com\\\/PrefCapivari\",\"https:\\\/\\\/www.instagram.com\\\/prefeituracapivari\\\/\"]},{\"@type\":\"Person\",\"@id\":\"https:\\\/\\\/capivari.sp.gov.br\\\/portal\\\/#\\\/schema\\\/person\\\/2370456f508b3c5850854ed47030a88b\",\"name\":\"Leonardo Nocete\",\"image\":{\"@type\":\"ImageObject\",\"inLanguage\":\"pt-BR\",\"@id\":\"https:\\\/\\\/secure.gravatar.com\\\/avatar\\\/e50b6c0a6caf8425503f25a4072837dc2d91e4c4b86cc138a8a1c35de11f7b69?s=96&d=mm&r=g\",\"url\":\"https:\\\/\\\/secure.gravatar.com\\\/avatar\\\/e50b6c0a6caf8425503f25a4072837dc2d91e4c4b86cc138a8a1c35de11f7b69?s=96&d=mm&r=g\",\"contentUrl\":\"https:\\\/\\\/secure.gravatar.com\\\/avatar\\\/e50b6c0a6caf8425503f25a4072837dc2d91e4c4b86cc138a8a1c35de11f7b69?s=96&d=mm&r=g\",\"caption\":\"Leonardo Nocete\"},\"url\":\"https:\\\/\\\/capivari.sp.gov.br\\\/portal\\\/author\\\/leonardo-nocete\\\/\"}]}<\/script>\n<!-- \/ Yoast SEO plugin. -->","yoast_head_json":{"title":"Prefeitura de Capivari alerta para cuidados com a Febre Maculosa - Prefeitura de Capivari","robots":{"index":"index","follow":"follow","max-snippet":"max-snippet:-1","max-image-preview":"max-image-preview:large","max-video-preview":"max-video-preview:-1"},"canonical":"https:\/\/capivari.sp.gov.br\/portal\/prefeitura-de-capivari-alerta-para-cuidados-com-a-febre-maculosa\/","og_locale":"pt_BR","og_type":"article","og_title":"Prefeitura de Capivari alerta para cuidados com a Febre Maculosa - Prefeitura de Capivari","og_description":"A Febre Maculosa voltou a ser not\u00edcia nesta semana, quando um surto de casos ocorreu em Campinas. Quatro mortes foram confirmadas nos \u00faltimos dias e outros casos suspeitos passam por investiga\u00e7\u00e3o. De acordo com o Governo de S\u00e3o Paulo, foram confirmados 12 casos da doen\u00e7a at\u00e9 o dia 14 de junho. A Febre Maculosa \u00e9 [&hellip;]","og_url":"https:\/\/capivari.sp.gov.br\/portal\/prefeitura-de-capivari-alerta-para-cuidados-com-a-febre-maculosa\/","og_site_name":"Prefeitura de Capivari","article_publisher":"https:\/\/www.facebook.com\/PrefeituradeCapivari\/","article_published_time":"2023-06-15T17:31:21+00:00","og_image":[{"width":1280,"height":720,"url":"https:\/\/capivari.sp.gov.br\/portal\/wp-content\/uploads\/2023\/06\/WhatsApp-Image-2023-06-15-at-13.52.16.jpeg","type":"image\/jpeg"}],"author":"Leonardo Nocete","twitter_card":"summary_large_image","twitter_creator":"@PrefCapivari","twitter_site":"@PrefCapivari","twitter_misc":{"Escrito por":"Leonardo Nocete","Est. tempo de leitura":"3 minutos"},"schema":{"@context":"https:\/\/schema.org","@graph":[{"@type":"Article","@id":"https:\/\/capivari.sp.gov.br\/portal\/prefeitura-de-capivari-alerta-para-cuidados-com-a-febre-maculosa\/#article","isPartOf":{"@id":"https:\/\/capivari.sp.gov.br\/portal\/prefeitura-de-capivari-alerta-para-cuidados-com-a-febre-maculosa\/"},"author":{"name":"Leonardo Nocete","@id":"https:\/\/capivari.sp.gov.br\/portal\/#\/schema\/person\/2370456f508b3c5850854ed47030a88b"},"headline":"Prefeitura de Capivari alerta para cuidados com a Febre Maculosa","datePublished":"2023-06-15T17:31:21+00:00","mainEntityOfPage":{"@id":"https:\/\/capivari.sp.gov.br\/portal\/prefeitura-de-capivari-alerta-para-cuidados-com-a-febre-maculosa\/"},"wordCount":592,"commentCount":0,"publisher":{"@id":"https:\/\/capivari.sp.gov.br\/portal\/#organization"},"image":{"@id":"https:\/\/capivari.sp.gov.br\/portal\/prefeitura-de-capivari-alerta-para-cuidados-com-a-febre-maculosa\/#primaryimage"},"thumbnailUrl":"https:\/\/capivari.sp.gov.br\/portal\/wp-content\/uploads\/2023\/06\/WhatsApp-Image-2023-06-15-at-13.52.16.jpeg","articleSection":["Destaque","Geral","Sa\u00fade","Seguran\u00e7a P\u00fablica"],"inLanguage":"pt-BR","potentialAction":[{"@type":"CommentAction","name":"Comment","target":["https:\/\/capivari.sp.gov.br\/portal\/prefeitura-de-capivari-alerta-para-cuidados-com-a-febre-maculosa\/#respond"]}]},{"@type":"WebPage","@id":"https:\/\/capivari.sp.gov.br\/portal\/prefeitura-de-capivari-alerta-para-cuidados-com-a-febre-maculosa\/","url":"https:\/\/capivari.sp.gov.br\/portal\/prefeitura-de-capivari-alerta-para-cuidados-com-a-febre-maculosa\/","name":"Prefeitura de Capivari alerta para cuidados com a Febre Maculosa - Prefeitura de Capivari","isPartOf":{"@id":"https:\/\/capivari.sp.gov.br\/portal\/#website"},"primaryImageOfPage":{"@id":"https:\/\/capivari.sp.gov.br\/portal\/prefeitura-de-capivari-alerta-para-cuidados-com-a-febre-maculosa\/#primaryimage"},"image":{"@id":"https:\/\/capivari.sp.gov.br\/portal\/prefeitura-de-capivari-alerta-para-cuidados-com-a-febre-maculosa\/#primaryimage"},"thumbnailUrl":"https:\/\/capivari.sp.gov.br\/portal\/wp-content\/uploads\/2023\/06\/WhatsApp-Image-2023-06-15-at-13.52.16.jpeg","datePublished":"2023-06-15T17:31:21+00:00","breadcrumb":{"@id":"https:\/\/capivari.sp.gov.br\/portal\/prefeitura-de-capivari-alerta-para-cuidados-com-a-febre-maculosa\/#breadcrumb"},"inLanguage":"pt-BR","potentialAction":[{"@type":"ReadAction","target":["https:\/\/capivari.sp.gov.br\/portal\/prefeitura-de-capivari-alerta-para-cuidados-com-a-febre-maculosa\/"]}]},{"@type":"ImageObject","inLanguage":"pt-BR","@id":"https:\/\/capivari.sp.gov.br\/portal\/prefeitura-de-capivari-alerta-para-cuidados-com-a-febre-maculosa\/#primaryimage","url":"https:\/\/capivari.sp.gov.br\/portal\/wp-content\/uploads\/2023\/06\/WhatsApp-Image-2023-06-15-at-13.52.16.jpeg","contentUrl":"https:\/\/capivari.sp.gov.br\/portal\/wp-content\/uploads\/2023\/06\/WhatsApp-Image-2023-06-15-at-13.52.16.jpeg","width":1280,"height":720},{"@type":"BreadcrumbList","@id":"https:\/\/capivari.sp.gov.br\/portal\/prefeitura-de-capivari-alerta-para-cuidados-com-a-febre-maculosa\/#breadcrumb","itemListElement":[{"@type":"ListItem","position":1,"name":"In\u00edcio","item":"https:\/\/capivari.sp.gov.br\/portal\/"},{"@type":"ListItem","position":2,"name":"Prefeitura de Capivari alerta para cuidados com a Febre Maculosa"}]},{"@type":"WebSite","@id":"https:\/\/capivari.sp.gov.br\/portal\/#website","url":"https:\/\/capivari.sp.gov.br\/portal\/","name":"Prefeitura de Capivari","description":"Prefeitura de Capivari","publisher":{"@id":"https:\/\/capivari.sp.gov.br\/portal\/#organization"},"potentialAction":[{"@type":"SearchAction","target":{"@type":"EntryPoint","urlTemplate":"https:\/\/capivari.sp.gov.br\/portal\/?s={search_term_string}"},"query-input":{"@type":"PropertyValueSpecification","valueRequired":true,"valueName":"search_term_string"}}],"inLanguage":"pt-BR"},{"@type":"Organization","@id":"https:\/\/capivari.sp.gov.br\/portal\/#organization","name":"Prefeitura de Capivari","url":"https:\/\/capivari.sp.gov.br\/portal\/","logo":{"@type":"ImageObject","inLanguage":"pt-BR","@id":"https:\/\/capivari.sp.gov.br\/portal\/#\/schema\/logo\/image\/","url":"https:\/\/capivari.sp.gov.br\/portal\/wp-content\/uploads\/2021\/09\/logo-prefeitura-de-capivari.png","contentUrl":"https:\/\/capivari.sp.gov.br\/portal\/wp-content\/uploads\/2021\/09\/logo-prefeitura-de-capivari.png","width":200,"height":147,"caption":"Prefeitura de Capivari"},"image":{"@id":"https:\/\/capivari.sp.gov.br\/portal\/#\/schema\/logo\/image\/"},"sameAs":["https:\/\/www.facebook.com\/PrefeituradeCapivari\/","https:\/\/x.com\/PrefCapivari","https:\/\/www.instagram.com\/prefeituracapivari\/"]},{"@type":"Person","@id":"https:\/\/capivari.sp.gov.br\/portal\/#\/schema\/person\/2370456f508b3c5850854ed47030a88b","name":"Leonardo Nocete","image":{"@type":"ImageObject","inLanguage":"pt-BR","@id":"https:\/\/secure.gravatar.com\/avatar\/e50b6c0a6caf8425503f25a4072837dc2d91e4c4b86cc138a8a1c35de11f7b69?s=96&d=mm&r=g","url":"https:\/\/secure.gravatar.com\/avatar\/e50b6c0a6caf8425503f25a4072837dc2d91e4c4b86cc138a8a1c35de11f7b69?s=96&d=mm&r=g","contentUrl":"https:\/\/secure.gravatar.com\/avatar\/e50b6c0a6caf8425503f25a4072837dc2d91e4c4b86cc138a8a1c35de11f7b69?s=96&d=mm&r=g","caption":"Leonardo Nocete"},"url":"https:\/\/capivari.sp.gov.br\/portal\/author\/leonardo-nocete\/"}]}},"_links":{"self":[{"href":"https:\/\/capivari.sp.gov.br\/portal\/wp-json\/wp\/v2\/posts\/12140","targetHints":{"allow":["GET"]}}],"collection":[{"href":"https:\/\/capivari.sp.gov.br\/portal\/wp-json\/wp\/v2\/posts"}],"about":[{"href":"https:\/\/capivari.sp.gov.br\/portal\/wp-json\/wp\/v2\/types\/post"}],"author":[{"embeddable":true,"href":"https:\/\/capivari.sp.gov.br\/portal\/wp-json\/wp\/v2\/users\/16"}],"replies":[{"embeddable":true,"href":"https:\/\/capivari.sp.gov.br\/portal\/wp-json\/wp\/v2\/comments?post=12140"}],"version-history":[{"count":1,"href":"https:\/\/capivari.sp.gov.br\/portal\/wp-json\/wp\/v2\/posts\/12140\/revisions"}],"predecessor-version":[{"id":12142,"href":"https:\/\/capivari.sp.gov.br\/portal\/wp-json\/wp\/v2\/posts\/12140\/revisions\/12142"}],"wp:featuredmedia":[{"embeddable":true,"href":"https:\/\/capivari.sp.gov.br\/portal\/wp-json\/wp\/v2\/media\/12141"}],"wp:attachment":[{"href":"https:\/\/capivari.sp.gov.br\/portal\/wp-json\/wp\/v2\/media?parent=12140"}],"wp:term":[{"taxonomy":"category","embeddable":true,"href":"https:\/\/capivari.sp.gov.br\/portal\/wp-json\/wp\/v2\/categories?post=12140"},{"taxonomy":"post_tag","embeddable":true,"href":"https:\/\/capivari.sp.gov.br\/portal\/wp-json\/wp\/v2\/tags?post=12140"}],"curies":[{"name":"wp","href":"https:\/\/api.w.org\/{rel}","templated":true}]}}