{"id":12143,"date":"2023-06-15T16:09:22","date_gmt":"2023-06-15T19:09:22","guid":{"rendered":"https:\/\/capivari.sp.gov.br\/portal\/?p=12143"},"modified":"2023-06-20T11:09:31","modified_gmt":"2023-06-20T14:09:31","slug":"leo-e-junior-e-atracao-da-festa-do-padroeiro-na-proxima-quinta-feira-dia-22-de-junho","status":"publish","type":"post","link":"https:\/\/capivari.sp.gov.br\/portal\/leo-e-junior-e-atracao-da-festa-do-padroeiro-na-proxima-quinta-feira-dia-22-de-junho\/","title":{"rendered":"L\u00e9o e J\u00fanior \u00e9 atra\u00e7\u00e3o da Festa do Padroeiro na pr\u00f3xima quinta-feira, dia 22 de junho"},"content":{"rendered":"<p>Os irm\u00e3os L\u00e9o &amp; J\u00fanior, uma das duplas de maior destaque no cen\u00e1rio do novo sertanejo, se apresentar\u00e3o na Festa do Padroeiro, na pr\u00f3xima quinta-feira, dia 22. O megaevento, que tem realiza\u00e7\u00e3o da Prefeitura de Capivari, com o apoio R\u00e1dio Cacique AM, Jornal Correio de Capivari e Igreja Matriz de S\u00e3o Jo\u00e3o Batista, integra os festejos de S\u00e3o Jo\u00e3o, que se iniciam nesta quinta-feira, dia 15.<\/p>\n<p>Os irm\u00e3os da cidade de Rubi\u00e1cea, na regi\u00e3o de Ara\u00e7atuba, est\u00e3o na estrada da m\u00fasica h\u00e1 15 anos acumulando hits como \u201c\u00d4 L\u00e1 em Casa\u201d, \u201cNos Bares da Cidade\u201d, \u201cA Pegada\u201d e \u201cSem Voc\u00ea Eu Morro\u201d. Neste ano, a dupla lan\u00e7ou o single \u201cNos Bares da Cidade\/Diga Que Ainda Me Ama (Ao Vivo)\u201d, que com a participa\u00e7\u00e3o de Rick e Renner, j\u00e1 soma mais de 60 mil acessos s\u00f3 na plataforma Spotify. Mas o trabalho que os fez se tornar grandes dentro do cen\u00e1rio do novo sertanejo, foi o DVD \u201cNo Meio do Povo\u201d, gravado e lan\u00e7ado logo ap\u00f3s o per\u00edodo de pandemia, em 2022. Esse trabalho j\u00e1 bateu os 10 milh\u00f5es de acessos nas principais plataformas digitais.<\/p>\n<p>Neste show da dupla em Capivari, eles prometem animar todos os presentes com seus sucessos e vers\u00f5es de outros cl\u00e1ssicos da m\u00fasica sertaneja, j\u00e1 que L\u00e9o e J\u00fanior nunca esconderam a admira\u00e7\u00e3o por nomes como Ti\u00e3o Carreira e Pardinho, Chit\u00e3ozinho &amp; Xoror\u00f3, Zez\u00e9 Di Camargo &amp; Luciano e Jo\u00e3o Paulo &amp; Daniel.<\/p>\n<p>No dia 23, ocorre ainda, a ben\u00e7\u00e3o da tradicional fogueira e o levantamento do mastro ao padroeiro. No s\u00e1bado, dia 24, uma missa est\u00e1 programada \u00e0s 17h, seguida de prociss\u00e3o. A Festa de S\u00e3o Jo\u00e3o Batista acontece em tr\u00eas finais de semana, at\u00e9 o dia 2 de julho.<\/p>\n<p>Para mais informa\u00e7\u00f5es, entre em contato com a Par\u00f3quia da Igreja.<\/p>\n","protected":false},"excerpt":{"rendered":"<p>Os irm\u00e3os L\u00e9o &amp; J\u00fanior, uma das duplas de maior destaque no cen\u00e1rio do novo sertanejo, se apresentar\u00e3o na Festa do Padroeiro, na pr\u00f3xima quinta-feira, dia 22. O megaevento, que tem realiza\u00e7\u00e3o da Prefeitura de Capivari, com o apoio R\u00e1dio Cacique AM, Jornal Correio de Capivari e Igreja Matriz de S\u00e3o Jo\u00e3o Batista, integra os [&hellip;]<\/p>\n","protected":false},"author":15,"featured_media":12144,"comment_status":"open","ping_status":"open","sticky":false,"template":"","format":"standard","meta":{"ocean_post_layout":"","ocean_both_sidebars_style":"","ocean_both_sidebars_content_width":0,"ocean_both_sidebars_sidebars_width":0,"ocean_sidebar":"0","ocean_second_sidebar":"0","ocean_disable_margins":"enable","ocean_add_body_class":"","ocean_shortcode_before_top_bar":"","ocean_shortcode_after_top_bar":"","ocean_shortcode_before_header":"","ocean_shortcode_after_header":"","ocean_has_shortcode":"","ocean_shortcode_after_title":"","ocean_shortcode_before_footer_widgets":"","ocean_shortcode_after_footer_widgets":"","ocean_shortcode_before_footer_bottom":"","ocean_shortcode_after_footer_bottom":"","ocean_display_top_bar":"default","ocean_display_header":"default","ocean_header_style":"","ocean_center_header_left_menu":"0","ocean_custom_header_template":"0","ocean_custom_logo":0,"ocean_custom_retina_logo":0,"ocean_custom_logo_max_width":0,"ocean_custom_logo_tablet_max_width":0,"ocean_custom_logo_mobile_max_width":0,"ocean_custom_logo_max_height":0,"ocean_custom_logo_tablet_max_height":0,"ocean_custom_logo_mobile_max_height":0,"ocean_header_custom_menu":"0","ocean_menu_typo_font_family":"0","ocean_menu_typo_font_subset":"","ocean_menu_typo_font_size":0,"ocean_menu_typo_font_size_tablet":0,"ocean_menu_typo_font_size_mobile":0,"ocean_menu_typo_font_size_unit":"px","ocean_menu_typo_font_weight":"","ocean_menu_typo_font_weight_tablet":"","ocean_menu_typo_font_weight_mobile":"","ocean_menu_typo_transform":"","ocean_menu_typo_transform_tablet":"","ocean_menu_typo_transform_mobile":"","ocean_menu_typo_line_height":0,"ocean_menu_typo_line_height_tablet":0,"ocean_menu_typo_line_height_mobile":0,"ocean_menu_typo_line_height_unit":"","ocean_menu_typo_spacing":0,"ocean_menu_typo_spacing_tablet":0,"ocean_menu_typo_spacing_mobile":0,"ocean_menu_typo_spacing_unit":"","ocean_menu_link_color":"","ocean_menu_link_color_hover":"","ocean_menu_link_color_active":"","ocean_menu_link_background":"","ocean_menu_link_hover_background":"","ocean_menu_link_active_background":"","ocean_menu_social_links_bg":"","ocean_menu_social_hover_links_bg":"","ocean_menu_social_links_color":"","ocean_menu_social_hover_links_color":"","ocean_disable_title":"default","ocean_disable_heading":"default","ocean_post_title":"","ocean_post_subheading":"","ocean_post_title_style":"","ocean_post_title_background_color":"","ocean_post_title_background":0,"ocean_post_title_bg_image_position":"","ocean_post_title_bg_image_attachment":"","ocean_post_title_bg_image_repeat":"","ocean_post_title_bg_image_size":"","ocean_post_title_height":0,"ocean_post_title_bg_overlay":0.5,"ocean_post_title_bg_overlay_color":"","ocean_disable_breadcrumbs":"default","ocean_breadcrumbs_color":"","ocean_breadcrumbs_separator_color":"","ocean_breadcrumbs_links_color":"","ocean_breadcrumbs_links_hover_color":"","ocean_display_footer_widgets":"default","ocean_display_footer_bottom":"default","ocean_custom_footer_template":"0","ocean_post_oembed":"","ocean_post_self_hosted_media":"","ocean_post_video_embed":"","ocean_link_format":"","ocean_link_format_target":"self","ocean_quote_format":"","ocean_quote_format_link":"post","ocean_gallery_link_images":"off","ocean_gallery_id":[],"footnotes":""},"categories":[17,5],"tags":[],"class_list":["post-12143","post","type-post","status-publish","format-standard","has-post-thumbnail","hentry","category-cultura","category-geral","entry","has-media"],"yoast_head":"<!-- This site is optimized with the Yoast SEO plugin v27.5 - https:\/\/yoast.com\/product\/yoast-seo-wordpress\/ -->\n<title>L\u00e9o e J\u00fanior \u00e9 atra\u00e7\u00e3o da Festa do Padroeiro na pr\u00f3xima quinta-feira, dia 22 de junho - Prefeitura de Capivari<\/title>\n<meta name=\"robots\" content=\"index, follow, max-snippet:-1, max-image-preview:large, max-video-preview:-1\" \/>\n<link rel=\"canonical\" href=\"https:\/\/capivari.sp.gov.br\/portal\/leo-e-junior-e-atracao-da-festa-do-padroeiro-na-proxima-quinta-feira-dia-22-de-junho\/\" \/>\n<meta property=\"og:locale\" content=\"pt_BR\" \/>\n<meta property=\"og:type\" content=\"article\" \/>\n<meta property=\"og:title\" content=\"L\u00e9o e J\u00fanior \u00e9 atra\u00e7\u00e3o da Festa do Padroeiro na pr\u00f3xima quinta-feira, dia 22 de junho - Prefeitura de Capivari\" \/>\n<meta property=\"og:description\" content=\"Os irm\u00e3os L\u00e9o &amp; J\u00fanior, uma das duplas de maior destaque no cen\u00e1rio do novo sertanejo, se apresentar\u00e3o na Festa do Padroeiro, na pr\u00f3xima quinta-feira, dia 22. O megaevento, que tem realiza\u00e7\u00e3o da Prefeitura de Capivari, com o apoio R\u00e1dio Cacique AM, Jornal Correio de Capivari e Igreja Matriz de S\u00e3o Jo\u00e3o Batista, integra os [&hellip;]\" \/>\n<meta property=\"og:url\" content=\"https:\/\/capivari.sp.gov.br\/portal\/leo-e-junior-e-atracao-da-festa-do-padroeiro-na-proxima-quinta-feira-dia-22-de-junho\/\" \/>\n<meta property=\"og:site_name\" content=\"Prefeitura de Capivari\" \/>\n<meta property=\"article:publisher\" content=\"https:\/\/www.facebook.com\/PrefeituradeCapivari\/\" \/>\n<meta property=\"article:published_time\" content=\"2023-06-15T19:09:22+00:00\" \/>\n<meta property=\"article:modified_time\" content=\"2023-06-20T14:09:31+00:00\" \/>\n<meta property=\"og:image\" content=\"https:\/\/capivari.sp.gov.br\/portal\/wp-content\/uploads\/2023\/06\/Cartaz-Leo-e-Junior.jpg\" \/>\n\t<meta property=\"og:image:width\" content=\"1000\" \/>\n\t<meta property=\"og:image:height\" content=\"1200\" \/>\n\t<meta property=\"og:image:type\" content=\"image\/jpeg\" \/>\n<meta name=\"author\" content=\"Luciano Assis\" \/>\n<meta name=\"twitter:card\" content=\"summary_large_image\" \/>\n<meta name=\"twitter:creator\" content=\"@PrefCapivari\" \/>\n<meta name=\"twitter:site\" content=\"@PrefCapivari\" \/>\n<meta name=\"twitter:label1\" content=\"Escrito por\" \/>\n\t<meta name=\"twitter:data1\" content=\"Luciano Assis\" \/>\n<script type=\"application\/ld+json\" class=\"yoast-schema-graph\">{\"@context\":\"https:\\\/\\\/schema.org\",\"@graph\":[{\"@type\":\"Article\",\"@id\":\"https:\\\/\\\/capivari.sp.gov.br\\\/portal\\\/leo-e-junior-e-atracao-da-festa-do-padroeiro-na-proxima-quinta-feira-dia-22-de-junho\\\/#article\",\"isPartOf\":{\"@id\":\"https:\\\/\\\/capivari.sp.gov.br\\\/portal\\\/leo-e-junior-e-atracao-da-festa-do-padroeiro-na-proxima-quinta-feira-dia-22-de-junho\\\/\"},\"author\":{\"name\":\"Luciano Assis\",\"@id\":\"https:\\\/\\\/capivari.sp.gov.br\\\/portal\\\/#\\\/schema\\\/person\\\/ac37113577adfc1517e0cfa854b830b4\"},\"headline\":\"L\u00e9o e J\u00fanior \u00e9 atra\u00e7\u00e3o da Festa do Padroeiro na pr\u00f3xima quinta-feira, dia 22 de junho\",\"datePublished\":\"2023-06-15T19:09:22+00:00\",\"dateModified\":\"2023-06-20T14:09:31+00:00\",\"mainEntityOfPage\":{\"@id\":\"https:\\\/\\\/capivari.sp.gov.br\\\/portal\\\/leo-e-junior-e-atracao-da-festa-do-padroeiro-na-proxima-quinta-feira-dia-22-de-junho\\\/\"},\"wordCount\":346,\"commentCount\":0,\"publisher\":{\"@id\":\"https:\\\/\\\/capivari.sp.gov.br\\\/portal\\\/#organization\"},\"image\":{\"@id\":\"https:\\\/\\\/capivari.sp.gov.br\\\/portal\\\/leo-e-junior-e-atracao-da-festa-do-padroeiro-na-proxima-quinta-feira-dia-22-de-junho\\\/#primaryimage\"},\"thumbnailUrl\":\"https:\\\/\\\/capivari.sp.gov.br\\\/portal\\\/wp-content\\\/uploads\\\/2023\\\/06\\\/Cartaz-Leo-e-Junior.jpg\",\"articleSection\":[\"Cultura\",\"Geral\"],\"inLanguage\":\"pt-BR\",\"potentialAction\":[{\"@type\":\"CommentAction\",\"name\":\"Comment\",\"target\":[\"https:\\\/\\\/capivari.sp.gov.br\\\/portal\\\/leo-e-junior-e-atracao-da-festa-do-padroeiro-na-proxima-quinta-feira-dia-22-de-junho\\\/#respond\"]}]},{\"@type\":\"WebPage\",\"@id\":\"https:\\\/\\\/capivari.sp.gov.br\\\/portal\\\/leo-e-junior-e-atracao-da-festa-do-padroeiro-na-proxima-quinta-feira-dia-22-de-junho\\\/\",\"url\":\"https:\\\/\\\/capivari.sp.gov.br\\\/portal\\\/leo-e-junior-e-atracao-da-festa-do-padroeiro-na-proxima-quinta-feira-dia-22-de-junho\\\/\",\"name\":\"L\u00e9o e J\u00fanior \u00e9 atra\u00e7\u00e3o da Festa do Padroeiro na pr\u00f3xima quinta-feira, dia 22 de junho - Prefeitura de Capivari\",\"isPartOf\":{\"@id\":\"https:\\\/\\\/capivari.sp.gov.br\\\/portal\\\/#website\"},\"primaryImageOfPage\":{\"@id\":\"https:\\\/\\\/capivari.sp.gov.br\\\/portal\\\/leo-e-junior-e-atracao-da-festa-do-padroeiro-na-proxima-quinta-feira-dia-22-de-junho\\\/#primaryimage\"},\"image\":{\"@id\":\"https:\\\/\\\/capivari.sp.gov.br\\\/portal\\\/leo-e-junior-e-atracao-da-festa-do-padroeiro-na-proxima-quinta-feira-dia-22-de-junho\\\/#primaryimage\"},\"thumbnailUrl\":\"https:\\\/\\\/capivari.sp.gov.br\\\/portal\\\/wp-content\\\/uploads\\\/2023\\\/06\\\/Cartaz-Leo-e-Junior.jpg\",\"datePublished\":\"2023-06-15T19:09:22+00:00\",\"dateModified\":\"2023-06-20T14:09:31+00:00\",\"breadcrumb\":{\"@id\":\"https:\\\/\\\/capivari.sp.gov.br\\\/portal\\\/leo-e-junior-e-atracao-da-festa-do-padroeiro-na-proxima-quinta-feira-dia-22-de-junho\\\/#breadcrumb\"},\"inLanguage\":\"pt-BR\",\"potentialAction\":[{\"@type\":\"ReadAction\",\"target\":[\"https:\\\/\\\/capivari.sp.gov.br\\\/portal\\\/leo-e-junior-e-atracao-da-festa-do-padroeiro-na-proxima-quinta-feira-dia-22-de-junho\\\/\"]}]},{\"@type\":\"ImageObject\",\"inLanguage\":\"pt-BR\",\"@id\":\"https:\\\/\\\/capivari.sp.gov.br\\\/portal\\\/leo-e-junior-e-atracao-da-festa-do-padroeiro-na-proxima-quinta-feira-dia-22-de-junho\\\/#primaryimage\",\"url\":\"https:\\\/\\\/capivari.sp.gov.br\\\/portal\\\/wp-content\\\/uploads\\\/2023\\\/06\\\/Cartaz-Leo-e-Junior.jpg\",\"contentUrl\":\"https:\\\/\\\/capivari.sp.gov.br\\\/portal\\\/wp-content\\\/uploads\\\/2023\\\/06\\\/Cartaz-Leo-e-Junior.jpg\",\"width\":1000,\"height\":1200},{\"@type\":\"BreadcrumbList\",\"@id\":\"https:\\\/\\\/capivari.sp.gov.br\\\/portal\\\/leo-e-junior-e-atracao-da-festa-do-padroeiro-na-proxima-quinta-feira-dia-22-de-junho\\\/#breadcrumb\",\"itemListElement\":[{\"@type\":\"ListItem\",\"position\":1,\"name\":\"In\u00edcio\",\"item\":\"https:\\\/\\\/capivari.sp.gov.br\\\/portal\\\/\"},{\"@type\":\"ListItem\",\"position\":2,\"name\":\"L\u00e9o e J\u00fanior \u00e9 atra\u00e7\u00e3o da Festa do Padroeiro na pr\u00f3xima quinta-feira, dia 22 de junho\"}]},{\"@type\":\"WebSite\",\"@id\":\"https:\\\/\\\/capivari.sp.gov.br\\\/portal\\\/#website\",\"url\":\"https:\\\/\\\/capivari.sp.gov.br\\\/portal\\\/\",\"name\":\"Prefeitura de Capivari\",\"description\":\"Prefeitura de Capivari\",\"publisher\":{\"@id\":\"https:\\\/\\\/capivari.sp.gov.br\\\/portal\\\/#organization\"},\"potentialAction\":[{\"@type\":\"SearchAction\",\"target\":{\"@type\":\"EntryPoint\",\"urlTemplate\":\"https:\\\/\\\/capivari.sp.gov.br\\\/portal\\\/?s={search_term_string}\"},\"query-input\":{\"@type\":\"PropertyValueSpecification\",\"valueRequired\":true,\"valueName\":\"search_term_string\"}}],\"inLanguage\":\"pt-BR\"},{\"@type\":\"Organization\",\"@id\":\"https:\\\/\\\/capivari.sp.gov.br\\\/portal\\\/#organization\",\"name\":\"Prefeitura de Capivari\",\"url\":\"https:\\\/\\\/capivari.sp.gov.br\\\/portal\\\/\",\"logo\":{\"@type\":\"ImageObject\",\"inLanguage\":\"pt-BR\",\"@id\":\"https:\\\/\\\/capivari.sp.gov.br\\\/portal\\\/#\\\/schema\\\/logo\\\/image\\\/\",\"url\":\"https:\\\/\\\/capivari.sp.gov.br\\\/portal\\\/wp-content\\\/uploads\\\/2021\\\/09\\\/logo-prefeitura-de-capivari.png\",\"contentUrl\":\"https:\\\/\\\/capivari.sp.gov.br\\\/portal\\\/wp-content\\\/uploads\\\/2021\\\/09\\\/logo-prefeitura-de-capivari.png\",\"width\":200,\"height\":147,\"caption\":\"Prefeitura de Capivari\"},\"image\":{\"@id\":\"https:\\\/\\\/capivari.sp.gov.br\\\/portal\\\/#\\\/schema\\\/logo\\\/image\\\/\"},\"sameAs\":[\"https:\\\/\\\/www.facebook.com\\\/PrefeituradeCapivari\\\/\",\"https:\\\/\\\/x.com\\\/PrefCapivari\",\"https:\\\/\\\/www.instagram.com\\\/prefeituracapivari\\\/\"]},{\"@type\":\"Person\",\"@id\":\"https:\\\/\\\/capivari.sp.gov.br\\\/portal\\\/#\\\/schema\\\/person\\\/ac37113577adfc1517e0cfa854b830b4\",\"name\":\"Luciano Assis\",\"image\":{\"@type\":\"ImageObject\",\"inLanguage\":\"pt-BR\",\"@id\":\"https:\\\/\\\/secure.gravatar.com\\\/avatar\\\/ec163f977a02ac195ce6085f5110a8c4c8c6cc357c134002f73b4664772e79a5?s=96&d=mm&r=g\",\"url\":\"https:\\\/\\\/secure.gravatar.com\\\/avatar\\\/ec163f977a02ac195ce6085f5110a8c4c8c6cc357c134002f73b4664772e79a5?s=96&d=mm&r=g\",\"contentUrl\":\"https:\\\/\\\/secure.gravatar.com\\\/avatar\\\/ec163f977a02ac195ce6085f5110a8c4c8c6cc357c134002f73b4664772e79a5?s=96&d=mm&r=g\",\"caption\":\"Luciano Assis\"},\"url\":\"https:\\\/\\\/capivari.sp.gov.br\\\/portal\\\/author\\\/luciano-assis\\\/\"}]}<\/script>\n<!-- \/ Yoast SEO plugin. -->","yoast_head_json":{"title":"L\u00e9o e J\u00fanior \u00e9 atra\u00e7\u00e3o da Festa do Padroeiro na pr\u00f3xima quinta-feira, dia 22 de junho - Prefeitura de Capivari","robots":{"index":"index","follow":"follow","max-snippet":"max-snippet:-1","max-image-preview":"max-image-preview:large","max-video-preview":"max-video-preview:-1"},"canonical":"https:\/\/capivari.sp.gov.br\/portal\/leo-e-junior-e-atracao-da-festa-do-padroeiro-na-proxima-quinta-feira-dia-22-de-junho\/","og_locale":"pt_BR","og_type":"article","og_title":"L\u00e9o e J\u00fanior \u00e9 atra\u00e7\u00e3o da Festa do Padroeiro na pr\u00f3xima quinta-feira, dia 22 de junho - Prefeitura de Capivari","og_description":"Os irm\u00e3os L\u00e9o &amp; J\u00fanior, uma das duplas de maior destaque no cen\u00e1rio do novo sertanejo, se apresentar\u00e3o na Festa do Padroeiro, na pr\u00f3xima quinta-feira, dia 22. O megaevento, que tem realiza\u00e7\u00e3o da Prefeitura de Capivari, com o apoio R\u00e1dio Cacique AM, Jornal Correio de Capivari e Igreja Matriz de S\u00e3o Jo\u00e3o Batista, integra os [&hellip;]","og_url":"https:\/\/capivari.sp.gov.br\/portal\/leo-e-junior-e-atracao-da-festa-do-padroeiro-na-proxima-quinta-feira-dia-22-de-junho\/","og_site_name":"Prefeitura de Capivari","article_publisher":"https:\/\/www.facebook.com\/PrefeituradeCapivari\/","article_published_time":"2023-06-15T19:09:22+00:00","article_modified_time":"2023-06-20T14:09:31+00:00","og_image":[{"width":1000,"height":1200,"url":"https:\/\/capivari.sp.gov.br\/portal\/wp-content\/uploads\/2023\/06\/Cartaz-Leo-e-Junior.jpg","type":"image\/jpeg"}],"author":"Luciano Assis","twitter_card":"summary_large_image","twitter_creator":"@PrefCapivari","twitter_site":"@PrefCapivari","twitter_misc":{"Escrito por":"Luciano Assis"},"schema":{"@context":"https:\/\/schema.org","@graph":[{"@type":"Article","@id":"https:\/\/capivari.sp.gov.br\/portal\/leo-e-junior-e-atracao-da-festa-do-padroeiro-na-proxima-quinta-feira-dia-22-de-junho\/#article","isPartOf":{"@id":"https:\/\/capivari.sp.gov.br\/portal\/leo-e-junior-e-atracao-da-festa-do-padroeiro-na-proxima-quinta-feira-dia-22-de-junho\/"},"author":{"name":"Luciano Assis","@id":"https:\/\/capivari.sp.gov.br\/portal\/#\/schema\/person\/ac37113577adfc1517e0cfa854b830b4"},"headline":"L\u00e9o e J\u00fanior \u00e9 atra\u00e7\u00e3o da Festa do Padroeiro na pr\u00f3xima quinta-feira, dia 22 de junho","datePublished":"2023-06-15T19:09:22+00:00","dateModified":"2023-06-20T14:09:31+00:00","mainEntityOfPage":{"@id":"https:\/\/capivari.sp.gov.br\/portal\/leo-e-junior-e-atracao-da-festa-do-padroeiro-na-proxima-quinta-feira-dia-22-de-junho\/"},"wordCount":346,"commentCount":0,"publisher":{"@id":"https:\/\/capivari.sp.gov.br\/portal\/#organization"},"image":{"@id":"https:\/\/capivari.sp.gov.br\/portal\/leo-e-junior-e-atracao-da-festa-do-padroeiro-na-proxima-quinta-feira-dia-22-de-junho\/#primaryimage"},"thumbnailUrl":"https:\/\/capivari.sp.gov.br\/portal\/wp-content\/uploads\/2023\/06\/Cartaz-Leo-e-Junior.jpg","articleSection":["Cultura","Geral"],"inLanguage":"pt-BR","potentialAction":[{"@type":"CommentAction","name":"Comment","target":["https:\/\/capivari.sp.gov.br\/portal\/leo-e-junior-e-atracao-da-festa-do-padroeiro-na-proxima-quinta-feira-dia-22-de-junho\/#respond"]}]},{"@type":"WebPage","@id":"https:\/\/capivari.sp.gov.br\/portal\/leo-e-junior-e-atracao-da-festa-do-padroeiro-na-proxima-quinta-feira-dia-22-de-junho\/","url":"https:\/\/capivari.sp.gov.br\/portal\/leo-e-junior-e-atracao-da-festa-do-padroeiro-na-proxima-quinta-feira-dia-22-de-junho\/","name":"L\u00e9o e J\u00fanior \u00e9 atra\u00e7\u00e3o da Festa do Padroeiro na pr\u00f3xima quinta-feira, dia 22 de junho - Prefeitura de Capivari","isPartOf":{"@id":"https:\/\/capivari.sp.gov.br\/portal\/#website"},"primaryImageOfPage":{"@id":"https:\/\/capivari.sp.gov.br\/portal\/leo-e-junior-e-atracao-da-festa-do-padroeiro-na-proxima-quinta-feira-dia-22-de-junho\/#primaryimage"},"image":{"@id":"https:\/\/capivari.sp.gov.br\/portal\/leo-e-junior-e-atracao-da-festa-do-padroeiro-na-proxima-quinta-feira-dia-22-de-junho\/#primaryimage"},"thumbnailUrl":"https:\/\/capivari.sp.gov.br\/portal\/wp-content\/uploads\/2023\/06\/Cartaz-Leo-e-Junior.jpg","datePublished":"2023-06-15T19:09:22+00:00","dateModified":"2023-06-20T14:09:31+00:00","breadcrumb":{"@id":"https:\/\/capivari.sp.gov.br\/portal\/leo-e-junior-e-atracao-da-festa-do-padroeiro-na-proxima-quinta-feira-dia-22-de-junho\/#breadcrumb"},"inLanguage":"pt-BR","potentialAction":[{"@type":"ReadAction","target":["https:\/\/capivari.sp.gov.br\/portal\/leo-e-junior-e-atracao-da-festa-do-padroeiro-na-proxima-quinta-feira-dia-22-de-junho\/"]}]},{"@type":"ImageObject","inLanguage":"pt-BR","@id":"https:\/\/capivari.sp.gov.br\/portal\/leo-e-junior-e-atracao-da-festa-do-padroeiro-na-proxima-quinta-feira-dia-22-de-junho\/#primaryimage","url":"https:\/\/capivari.sp.gov.br\/portal\/wp-content\/uploads\/2023\/06\/Cartaz-Leo-e-Junior.jpg","contentUrl":"https:\/\/capivari.sp.gov.br\/portal\/wp-content\/uploads\/2023\/06\/Cartaz-Leo-e-Junior.jpg","width":1000,"height":1200},{"@type":"BreadcrumbList","@id":"https:\/\/capivari.sp.gov.br\/portal\/leo-e-junior-e-atracao-da-festa-do-padroeiro-na-proxima-quinta-feira-dia-22-de-junho\/#breadcrumb","itemListElement":[{"@type":"ListItem","position":1,"name":"In\u00edcio","item":"https:\/\/capivari.sp.gov.br\/portal\/"},{"@type":"ListItem","position":2,"name":"L\u00e9o e J\u00fanior \u00e9 atra\u00e7\u00e3o da Festa do Padroeiro na pr\u00f3xima quinta-feira, dia 22 de junho"}]},{"@type":"WebSite","@id":"https:\/\/capivari.sp.gov.br\/portal\/#website","url":"https:\/\/capivari.sp.gov.br\/portal\/","name":"Prefeitura de Capivari","description":"Prefeitura de Capivari","publisher":{"@id":"https:\/\/capivari.sp.gov.br\/portal\/#organization"},"potentialAction":[{"@type":"SearchAction","target":{"@type":"EntryPoint","urlTemplate":"https:\/\/capivari.sp.gov.br\/portal\/?s={search_term_string}"},"query-input":{"@type":"PropertyValueSpecification","valueRequired":true,"valueName":"search_term_string"}}],"inLanguage":"pt-BR"},{"@type":"Organization","@id":"https:\/\/capivari.sp.gov.br\/portal\/#organization","name":"Prefeitura de Capivari","url":"https:\/\/capivari.sp.gov.br\/portal\/","logo":{"@type":"ImageObject","inLanguage":"pt-BR","@id":"https:\/\/capivari.sp.gov.br\/portal\/#\/schema\/logo\/image\/","url":"https:\/\/capivari.sp.gov.br\/portal\/wp-content\/uploads\/2021\/09\/logo-prefeitura-de-capivari.png","contentUrl":"https:\/\/capivari.sp.gov.br\/portal\/wp-content\/uploads\/2021\/09\/logo-prefeitura-de-capivari.png","width":200,"height":147,"caption":"Prefeitura de Capivari"},"image":{"@id":"https:\/\/capivari.sp.gov.br\/portal\/#\/schema\/logo\/image\/"},"sameAs":["https:\/\/www.facebook.com\/PrefeituradeCapivari\/","https:\/\/x.com\/PrefCapivari","https:\/\/www.instagram.com\/prefeituracapivari\/"]},{"@type":"Person","@id":"https:\/\/capivari.sp.gov.br\/portal\/#\/schema\/person\/ac37113577adfc1517e0cfa854b830b4","name":"Luciano Assis","image":{"@type":"ImageObject","inLanguage":"pt-BR","@id":"https:\/\/secure.gravatar.com\/avatar\/ec163f977a02ac195ce6085f5110a8c4c8c6cc357c134002f73b4664772e79a5?s=96&d=mm&r=g","url":"https:\/\/secure.gravatar.com\/avatar\/ec163f977a02ac195ce6085f5110a8c4c8c6cc357c134002f73b4664772e79a5?s=96&d=mm&r=g","contentUrl":"https:\/\/secure.gravatar.com\/avatar\/ec163f977a02ac195ce6085f5110a8c4c8c6cc357c134002f73b4664772e79a5?s=96&d=mm&r=g","caption":"Luciano Assis"},"url":"https:\/\/capivari.sp.gov.br\/portal\/author\/luciano-assis\/"}]}},"_links":{"self":[{"href":"https:\/\/capivari.sp.gov.br\/portal\/wp-json\/wp\/v2\/posts\/12143","targetHints":{"allow":["GET"]}}],"collection":[{"href":"https:\/\/capivari.sp.gov.br\/portal\/wp-json\/wp\/v2\/posts"}],"about":[{"href":"https:\/\/capivari.sp.gov.br\/portal\/wp-json\/wp\/v2\/types\/post"}],"author":[{"embeddable":true,"href":"https:\/\/capivari.sp.gov.br\/portal\/wp-json\/wp\/v2\/users\/15"}],"replies":[{"embeddable":true,"href":"https:\/\/capivari.sp.gov.br\/portal\/wp-json\/wp\/v2\/comments?post=12143"}],"version-history":[{"count":3,"href":"https:\/\/capivari.sp.gov.br\/portal\/wp-json\/wp\/v2\/posts\/12143\/revisions"}],"predecessor-version":[{"id":12215,"href":"https:\/\/capivari.sp.gov.br\/portal\/wp-json\/wp\/v2\/posts\/12143\/revisions\/12215"}],"wp:featuredmedia":[{"embeddable":true,"href":"https:\/\/capivari.sp.gov.br\/portal\/wp-json\/wp\/v2\/media\/12144"}],"wp:attachment":[{"href":"https:\/\/capivari.sp.gov.br\/portal\/wp-json\/wp\/v2\/media?parent=12143"}],"wp:term":[{"taxonomy":"category","embeddable":true,"href":"https:\/\/capivari.sp.gov.br\/portal\/wp-json\/wp\/v2\/categories?post=12143"},{"taxonomy":"post_tag","embeddable":true,"href":"https:\/\/capivari.sp.gov.br\/portal\/wp-json\/wp\/v2\/tags?post=12143"}],"curies":[{"name":"wp","href":"https:\/\/api.w.org\/{rel}","templated":true}]}}