{"id":12184,"date":"2023-06-16T17:32:51","date_gmt":"2023-06-16T20:32:51","guid":{"rendered":"https:\/\/capivari.sp.gov.br\/portal\/?p=12184"},"modified":"2023-06-28T21:32:21","modified_gmt":"2023-06-29T00:32:21","slug":"tradicional-desfile-civico-sera-realizado-no-dia-2-de-julho-celebrando-os-191-anos-de-capivari","status":"publish","type":"post","link":"https:\/\/capivari.sp.gov.br\/portal\/tradicional-desfile-civico-sera-realizado-no-dia-2-de-julho-celebrando-os-191-anos-de-capivari\/","title":{"rendered":"Tradicional Desfile C\u00edvico ser\u00e1 realizado no dia 2 de julho celebrando os 191 anos de Capivari"},"content":{"rendered":"<p>Tradicional dentro da programa\u00e7\u00e3o de anivers\u00e1rio da cidade, o Desfile C\u00edvico de Capivari ser\u00e1 promovido pela Prefeitura de Capivari no dia 02 de julho, marcando os festejos de 191 anos do munic\u00edpio.<\/p>\n<p>O Desfile est\u00e1 marcado \u00e0s 8h, com a presen\u00e7a de autoridades e a abertura oficial da Corpora\u00e7\u00e3o Musical \u201cEuclydes Colaneri\u201d. Logo em seguida, desfilam pelas ruas do Centro, dezenas de entidades, corpora\u00e7\u00f5es e estudantes municipais, al\u00e9m de convidados como Banda Municipal de Mombuca, a Fanfarra de Caieiras e Fanfarra de S\u00e3o Lu\u00eds do Paraitinga (FAMIG).<\/p>\n<p>\u201cTrata-se de um trabalho coletivo, que envolve variadas Secretarias do munic\u00edpio, que unidas promovem esse evento t\u00e3o esperado pela popula\u00e7\u00e3o\u201d, destaca o secret\u00e1rio de Cultura e Turismo, Edm\u00edlson Baia.<\/p>\n<p>Entre as entidades que se exibem ao p\u00fablico na ocasi\u00e3o, est\u00e3o a Pol\u00edcia Militar, Bombeiros, Guarda Civil, Policia Civil, organiza\u00e7\u00f5es culturais e alunos da rede municipal e estadual.<\/p>\n<p>Confira a programa\u00e7\u00e3o:<br \/>\nAbertura oficial com a Corpora\u00e7\u00e3o Musical \u201cEuclydes Colareri\u201d e autoridades, Tiro de Guerra 02-011, Banda de Mombuca, escolas do munic\u00edpio, Fanfarra de Caieiras, Secretaria de Esportes, Demolay, Escoteiros (Desbravadores), Le\u00f5es da Raia, Batuque de Umbigada, Capoeira, Fanfarra de S\u00e3o Lu\u00eds do Paraitinga (FAMIG), Pol\u00edcia Militar, Pol\u00edcia Civil, Corpo de Bombeiros, Banda da Guarda Civil, Guardas Civil, desfile de carros e Banda Bamados.<\/p>\n<p>Para mais informa\u00e7\u00f5es, entre em contato com a Secretaria de Cultura e Turismo pelo telefone (19) 3491-1311, de segunda a sexta-feira, das 08h30 \u00e0s 16h30.<\/p>\n","protected":false},"excerpt":{"rendered":"<p>Tradicional dentro da programa\u00e7\u00e3o de anivers\u00e1rio da cidade, o Desfile C\u00edvico de Capivari ser\u00e1 promovido pela Prefeitura de Capivari no dia 02 de julho, marcando os festejos de 191 anos do munic\u00edpio. O Desfile est\u00e1 marcado \u00e0s 8h, com a presen\u00e7a de autoridades e a abertura oficial da Corpora\u00e7\u00e3o Musical \u201cEuclydes Colaneri\u201d. Logo em seguida, [&hellip;]<\/p>\n","protected":false},"author":3,"featured_media":12185,"comment_status":"open","ping_status":"open","sticky":false,"template":"","format":"standard","meta":{"ocean_post_layout":"","ocean_both_sidebars_style":"","ocean_both_sidebars_content_width":0,"ocean_both_sidebars_sidebars_width":0,"ocean_sidebar":"0","ocean_second_sidebar":"0","ocean_disable_margins":"enable","ocean_add_body_class":"","ocean_shortcode_before_top_bar":"","ocean_shortcode_after_top_bar":"","ocean_shortcode_before_header":"","ocean_shortcode_after_header":"","ocean_has_shortcode":"","ocean_shortcode_after_title":"","ocean_shortcode_before_footer_widgets":"","ocean_shortcode_after_footer_widgets":"","ocean_shortcode_before_footer_bottom":"","ocean_shortcode_after_footer_bottom":"","ocean_display_top_bar":"default","ocean_display_header":"default","ocean_header_style":"","ocean_center_header_left_menu":"0","ocean_custom_header_template":"0","ocean_custom_logo":0,"ocean_custom_retina_logo":0,"ocean_custom_logo_max_width":0,"ocean_custom_logo_tablet_max_width":0,"ocean_custom_logo_mobile_max_width":0,"ocean_custom_logo_max_height":0,"ocean_custom_logo_tablet_max_height":0,"ocean_custom_logo_mobile_max_height":0,"ocean_header_custom_menu":"0","ocean_menu_typo_font_family":"0","ocean_menu_typo_font_subset":"","ocean_menu_typo_font_size":0,"ocean_menu_typo_font_size_tablet":0,"ocean_menu_typo_font_size_mobile":0,"ocean_menu_typo_font_size_unit":"px","ocean_menu_typo_font_weight":"","ocean_menu_typo_font_weight_tablet":"","ocean_menu_typo_font_weight_mobile":"","ocean_menu_typo_transform":"","ocean_menu_typo_transform_tablet":"","ocean_menu_typo_transform_mobile":"","ocean_menu_typo_line_height":0,"ocean_menu_typo_line_height_tablet":0,"ocean_menu_typo_line_height_mobile":0,"ocean_menu_typo_line_height_unit":"","ocean_menu_typo_spacing":0,"ocean_menu_typo_spacing_tablet":0,"ocean_menu_typo_spacing_mobile":0,"ocean_menu_typo_spacing_unit":"","ocean_menu_link_color":"","ocean_menu_link_color_hover":"","ocean_menu_link_color_active":"","ocean_menu_link_background":"","ocean_menu_link_hover_background":"","ocean_menu_link_active_background":"","ocean_menu_social_links_bg":"","ocean_menu_social_hover_links_bg":"","ocean_menu_social_links_color":"","ocean_menu_social_hover_links_color":"","ocean_disable_title":"default","ocean_disable_heading":"default","ocean_post_title":"","ocean_post_subheading":"","ocean_post_title_style":"","ocean_post_title_background_color":"","ocean_post_title_background":0,"ocean_post_title_bg_image_position":"","ocean_post_title_bg_image_attachment":"","ocean_post_title_bg_image_repeat":"","ocean_post_title_bg_image_size":"","ocean_post_title_height":0,"ocean_post_title_bg_overlay":0.5,"ocean_post_title_bg_overlay_color":"","ocean_disable_breadcrumbs":"default","ocean_breadcrumbs_color":"","ocean_breadcrumbs_separator_color":"","ocean_breadcrumbs_links_color":"","ocean_breadcrumbs_links_hover_color":"","ocean_display_footer_widgets":"default","ocean_display_footer_bottom":"default","ocean_custom_footer_template":"0","ocean_post_oembed":"","ocean_post_self_hosted_media":"","ocean_post_video_embed":"","ocean_link_format":"","ocean_link_format_target":"self","ocean_quote_format":"","ocean_quote_format_link":"post","ocean_gallery_link_images":"off","ocean_gallery_id":[],"footnotes":""},"categories":[17,4,5,24,30],"tags":[],"class_list":["post-12184","post","type-post","status-publish","format-standard","has-post-thumbnail","hentry","category-cultura","category-destaque","category-geral","category-governo","category-relacoes-publicas","entry","has-media"],"yoast_head":"<!-- This site is optimized with the Yoast SEO plugin v27.5 - https:\/\/yoast.com\/product\/yoast-seo-wordpress\/ -->\n<title>Tradicional Desfile C\u00edvico ser\u00e1 realizado no dia 2 de julho celebrando os 191 anos de Capivari - Prefeitura de Capivari<\/title>\n<meta name=\"robots\" content=\"index, follow, max-snippet:-1, max-image-preview:large, max-video-preview:-1\" \/>\n<link rel=\"canonical\" href=\"https:\/\/capivari.sp.gov.br\/portal\/tradicional-desfile-civico-sera-realizado-no-dia-2-de-julho-celebrando-os-191-anos-de-capivari\/\" \/>\n<meta property=\"og:locale\" content=\"pt_BR\" \/>\n<meta property=\"og:type\" content=\"article\" \/>\n<meta property=\"og:title\" content=\"Tradicional Desfile C\u00edvico ser\u00e1 realizado no dia 2 de julho celebrando os 191 anos de Capivari - Prefeitura de Capivari\" \/>\n<meta property=\"og:description\" content=\"Tradicional dentro da programa\u00e7\u00e3o de anivers\u00e1rio da cidade, o Desfile C\u00edvico de Capivari ser\u00e1 promovido pela Prefeitura de Capivari no dia 02 de julho, marcando os festejos de 191 anos do munic\u00edpio. O Desfile est\u00e1 marcado \u00e0s 8h, com a presen\u00e7a de autoridades e a abertura oficial da Corpora\u00e7\u00e3o Musical \u201cEuclydes Colaneri\u201d. Logo em seguida, [&hellip;]\" \/>\n<meta property=\"og:url\" content=\"https:\/\/capivari.sp.gov.br\/portal\/tradicional-desfile-civico-sera-realizado-no-dia-2-de-julho-celebrando-os-191-anos-de-capivari\/\" \/>\n<meta property=\"og:site_name\" content=\"Prefeitura de Capivari\" \/>\n<meta property=\"article:publisher\" content=\"https:\/\/www.facebook.com\/PrefeituradeCapivari\/\" \/>\n<meta property=\"article:published_time\" content=\"2023-06-16T20:32:51+00:00\" \/>\n<meta property=\"article:modified_time\" content=\"2023-06-29T00:32:21+00:00\" \/>\n<meta property=\"og:image\" content=\"https:\/\/capivari.sp.gov.br\/portal\/wp-content\/uploads\/2023\/06\/photo_3_2023-06-16_16-40-18.jpg\" \/>\n\t<meta property=\"og:image:width\" content=\"1280\" \/>\n\t<meta property=\"og:image:height\" content=\"853\" \/>\n\t<meta property=\"og:image:type\" content=\"image\/jpeg\" \/>\n<meta name=\"author\" content=\"Rafaella Uvini\" \/>\n<meta name=\"twitter:card\" content=\"summary_large_image\" \/>\n<meta name=\"twitter:creator\" content=\"@PrefCapivari\" \/>\n<meta name=\"twitter:site\" content=\"@PrefCapivari\" \/>\n<meta name=\"twitter:label1\" content=\"Escrito por\" \/>\n\t<meta name=\"twitter:data1\" content=\"Rafaella Uvini\" \/>\n\t<meta name=\"twitter:label2\" content=\"Est. tempo de leitura\" \/>\n\t<meta name=\"twitter:data2\" content=\"2 minutos\" \/>\n<script type=\"application\/ld+json\" class=\"yoast-schema-graph\">{\"@context\":\"https:\\\/\\\/schema.org\",\"@graph\":[{\"@type\":\"Article\",\"@id\":\"https:\\\/\\\/capivari.sp.gov.br\\\/portal\\\/tradicional-desfile-civico-sera-realizado-no-dia-2-de-julho-celebrando-os-191-anos-de-capivari\\\/#article\",\"isPartOf\":{\"@id\":\"https:\\\/\\\/capivari.sp.gov.br\\\/portal\\\/tradicional-desfile-civico-sera-realizado-no-dia-2-de-julho-celebrando-os-191-anos-de-capivari\\\/\"},\"author\":{\"name\":\"Rafaella Uvini\",\"@id\":\"https:\\\/\\\/capivari.sp.gov.br\\\/portal\\\/#\\\/schema\\\/person\\\/d7b1048525ce907b55245fe0fcaea2e5\"},\"headline\":\"Tradicional Desfile C\u00edvico ser\u00e1 realizado no dia 2 de julho celebrando os 191 anos de Capivari\",\"datePublished\":\"2023-06-16T20:32:51+00:00\",\"dateModified\":\"2023-06-29T00:32:21+00:00\",\"mainEntityOfPage\":{\"@id\":\"https:\\\/\\\/capivari.sp.gov.br\\\/portal\\\/tradicional-desfile-civico-sera-realizado-no-dia-2-de-julho-celebrando-os-191-anos-de-capivari\\\/\"},\"wordCount\":275,\"commentCount\":0,\"publisher\":{\"@id\":\"https:\\\/\\\/capivari.sp.gov.br\\\/portal\\\/#organization\"},\"image\":{\"@id\":\"https:\\\/\\\/capivari.sp.gov.br\\\/portal\\\/tradicional-desfile-civico-sera-realizado-no-dia-2-de-julho-celebrando-os-191-anos-de-capivari\\\/#primaryimage\"},\"thumbnailUrl\":\"https:\\\/\\\/capivari.sp.gov.br\\\/portal\\\/wp-content\\\/uploads\\\/2023\\\/06\\\/photo_3_2023-06-16_16-40-18.jpg\",\"articleSection\":[\"Cultura\",\"Destaque\",\"Geral\",\"Governo\",\"Rela\u00e7\u00f5es P\u00fablicas\"],\"inLanguage\":\"pt-BR\",\"potentialAction\":[{\"@type\":\"CommentAction\",\"name\":\"Comment\",\"target\":[\"https:\\\/\\\/capivari.sp.gov.br\\\/portal\\\/tradicional-desfile-civico-sera-realizado-no-dia-2-de-julho-celebrando-os-191-anos-de-capivari\\\/#respond\"]}]},{\"@type\":\"WebPage\",\"@id\":\"https:\\\/\\\/capivari.sp.gov.br\\\/portal\\\/tradicional-desfile-civico-sera-realizado-no-dia-2-de-julho-celebrando-os-191-anos-de-capivari\\\/\",\"url\":\"https:\\\/\\\/capivari.sp.gov.br\\\/portal\\\/tradicional-desfile-civico-sera-realizado-no-dia-2-de-julho-celebrando-os-191-anos-de-capivari\\\/\",\"name\":\"Tradicional Desfile C\u00edvico ser\u00e1 realizado no dia 2 de julho celebrando os 191 anos de Capivari - Prefeitura de Capivari\",\"isPartOf\":{\"@id\":\"https:\\\/\\\/capivari.sp.gov.br\\\/portal\\\/#website\"},\"primaryImageOfPage\":{\"@id\":\"https:\\\/\\\/capivari.sp.gov.br\\\/portal\\\/tradicional-desfile-civico-sera-realizado-no-dia-2-de-julho-celebrando-os-191-anos-de-capivari\\\/#primaryimage\"},\"image\":{\"@id\":\"https:\\\/\\\/capivari.sp.gov.br\\\/portal\\\/tradicional-desfile-civico-sera-realizado-no-dia-2-de-julho-celebrando-os-191-anos-de-capivari\\\/#primaryimage\"},\"thumbnailUrl\":\"https:\\\/\\\/capivari.sp.gov.br\\\/portal\\\/wp-content\\\/uploads\\\/2023\\\/06\\\/photo_3_2023-06-16_16-40-18.jpg\",\"datePublished\":\"2023-06-16T20:32:51+00:00\",\"dateModified\":\"2023-06-29T00:32:21+00:00\",\"breadcrumb\":{\"@id\":\"https:\\\/\\\/capivari.sp.gov.br\\\/portal\\\/tradicional-desfile-civico-sera-realizado-no-dia-2-de-julho-celebrando-os-191-anos-de-capivari\\\/#breadcrumb\"},\"inLanguage\":\"pt-BR\",\"potentialAction\":[{\"@type\":\"ReadAction\",\"target\":[\"https:\\\/\\\/capivari.sp.gov.br\\\/portal\\\/tradicional-desfile-civico-sera-realizado-no-dia-2-de-julho-celebrando-os-191-anos-de-capivari\\\/\"]}]},{\"@type\":\"ImageObject\",\"inLanguage\":\"pt-BR\",\"@id\":\"https:\\\/\\\/capivari.sp.gov.br\\\/portal\\\/tradicional-desfile-civico-sera-realizado-no-dia-2-de-julho-celebrando-os-191-anos-de-capivari\\\/#primaryimage\",\"url\":\"https:\\\/\\\/capivari.sp.gov.br\\\/portal\\\/wp-content\\\/uploads\\\/2023\\\/06\\\/photo_3_2023-06-16_16-40-18.jpg\",\"contentUrl\":\"https:\\\/\\\/capivari.sp.gov.br\\\/portal\\\/wp-content\\\/uploads\\\/2023\\\/06\\\/photo_3_2023-06-16_16-40-18.jpg\",\"width\":1280,\"height\":853},{\"@type\":\"BreadcrumbList\",\"@id\":\"https:\\\/\\\/capivari.sp.gov.br\\\/portal\\\/tradicional-desfile-civico-sera-realizado-no-dia-2-de-julho-celebrando-os-191-anos-de-capivari\\\/#breadcrumb\",\"itemListElement\":[{\"@type\":\"ListItem\",\"position\":1,\"name\":\"In\u00edcio\",\"item\":\"https:\\\/\\\/capivari.sp.gov.br\\\/portal\\\/\"},{\"@type\":\"ListItem\",\"position\":2,\"name\":\"Tradicional Desfile C\u00edvico ser\u00e1 realizado no dia 2 de julho celebrando os 191 anos de Capivari\"}]},{\"@type\":\"WebSite\",\"@id\":\"https:\\\/\\\/capivari.sp.gov.br\\\/portal\\\/#website\",\"url\":\"https:\\\/\\\/capivari.sp.gov.br\\\/portal\\\/\",\"name\":\"Prefeitura de Capivari\",\"description\":\"Prefeitura de Capivari\",\"publisher\":{\"@id\":\"https:\\\/\\\/capivari.sp.gov.br\\\/portal\\\/#organization\"},\"potentialAction\":[{\"@type\":\"SearchAction\",\"target\":{\"@type\":\"EntryPoint\",\"urlTemplate\":\"https:\\\/\\\/capivari.sp.gov.br\\\/portal\\\/?s={search_term_string}\"},\"query-input\":{\"@type\":\"PropertyValueSpecification\",\"valueRequired\":true,\"valueName\":\"search_term_string\"}}],\"inLanguage\":\"pt-BR\"},{\"@type\":\"Organization\",\"@id\":\"https:\\\/\\\/capivari.sp.gov.br\\\/portal\\\/#organization\",\"name\":\"Prefeitura de Capivari\",\"url\":\"https:\\\/\\\/capivari.sp.gov.br\\\/portal\\\/\",\"logo\":{\"@type\":\"ImageObject\",\"inLanguage\":\"pt-BR\",\"@id\":\"https:\\\/\\\/capivari.sp.gov.br\\\/portal\\\/#\\\/schema\\\/logo\\\/image\\\/\",\"url\":\"https:\\\/\\\/capivari.sp.gov.br\\\/portal\\\/wp-content\\\/uploads\\\/2021\\\/09\\\/logo-prefeitura-de-capivari.png\",\"contentUrl\":\"https:\\\/\\\/capivari.sp.gov.br\\\/portal\\\/wp-content\\\/uploads\\\/2021\\\/09\\\/logo-prefeitura-de-capivari.png\",\"width\":200,\"height\":147,\"caption\":\"Prefeitura de Capivari\"},\"image\":{\"@id\":\"https:\\\/\\\/capivari.sp.gov.br\\\/portal\\\/#\\\/schema\\\/logo\\\/image\\\/\"},\"sameAs\":[\"https:\\\/\\\/www.facebook.com\\\/PrefeituradeCapivari\\\/\",\"https:\\\/\\\/x.com\\\/PrefCapivari\",\"https:\\\/\\\/www.instagram.com\\\/prefeituracapivari\\\/\"]},{\"@type\":\"Person\",\"@id\":\"https:\\\/\\\/capivari.sp.gov.br\\\/portal\\\/#\\\/schema\\\/person\\\/d7b1048525ce907b55245fe0fcaea2e5\",\"name\":\"Rafaella Uvini\",\"image\":{\"@type\":\"ImageObject\",\"inLanguage\":\"pt-BR\",\"@id\":\"https:\\\/\\\/secure.gravatar.com\\\/avatar\\\/698757f92517b418dbefa88732eb599ad7eed21dcca72e22815a04b2d6270e91?s=96&d=mm&r=g\",\"url\":\"https:\\\/\\\/secure.gravatar.com\\\/avatar\\\/698757f92517b418dbefa88732eb599ad7eed21dcca72e22815a04b2d6270e91?s=96&d=mm&r=g\",\"contentUrl\":\"https:\\\/\\\/secure.gravatar.com\\\/avatar\\\/698757f92517b418dbefa88732eb599ad7eed21dcca72e22815a04b2d6270e91?s=96&d=mm&r=g\",\"caption\":\"Rafaella Uvini\"},\"url\":\"https:\\\/\\\/capivari.sp.gov.br\\\/portal\\\/author\\\/rafaella-uvini\\\/\"}]}<\/script>\n<!-- \/ Yoast SEO plugin. -->","yoast_head_json":{"title":"Tradicional Desfile C\u00edvico ser\u00e1 realizado no dia 2 de julho celebrando os 191 anos de Capivari - Prefeitura de Capivari","robots":{"index":"index","follow":"follow","max-snippet":"max-snippet:-1","max-image-preview":"max-image-preview:large","max-video-preview":"max-video-preview:-1"},"canonical":"https:\/\/capivari.sp.gov.br\/portal\/tradicional-desfile-civico-sera-realizado-no-dia-2-de-julho-celebrando-os-191-anos-de-capivari\/","og_locale":"pt_BR","og_type":"article","og_title":"Tradicional Desfile C\u00edvico ser\u00e1 realizado no dia 2 de julho celebrando os 191 anos de Capivari - Prefeitura de Capivari","og_description":"Tradicional dentro da programa\u00e7\u00e3o de anivers\u00e1rio da cidade, o Desfile C\u00edvico de Capivari ser\u00e1 promovido pela Prefeitura de Capivari no dia 02 de julho, marcando os festejos de 191 anos do munic\u00edpio. O Desfile est\u00e1 marcado \u00e0s 8h, com a presen\u00e7a de autoridades e a abertura oficial da Corpora\u00e7\u00e3o Musical \u201cEuclydes Colaneri\u201d. Logo em seguida, [&hellip;]","og_url":"https:\/\/capivari.sp.gov.br\/portal\/tradicional-desfile-civico-sera-realizado-no-dia-2-de-julho-celebrando-os-191-anos-de-capivari\/","og_site_name":"Prefeitura de Capivari","article_publisher":"https:\/\/www.facebook.com\/PrefeituradeCapivari\/","article_published_time":"2023-06-16T20:32:51+00:00","article_modified_time":"2023-06-29T00:32:21+00:00","og_image":[{"width":1280,"height":853,"url":"https:\/\/capivari.sp.gov.br\/portal\/wp-content\/uploads\/2023\/06\/photo_3_2023-06-16_16-40-18.jpg","type":"image\/jpeg"}],"author":"Rafaella Uvini","twitter_card":"summary_large_image","twitter_creator":"@PrefCapivari","twitter_site":"@PrefCapivari","twitter_misc":{"Escrito por":"Rafaella Uvini","Est. tempo de leitura":"2 minutos"},"schema":{"@context":"https:\/\/schema.org","@graph":[{"@type":"Article","@id":"https:\/\/capivari.sp.gov.br\/portal\/tradicional-desfile-civico-sera-realizado-no-dia-2-de-julho-celebrando-os-191-anos-de-capivari\/#article","isPartOf":{"@id":"https:\/\/capivari.sp.gov.br\/portal\/tradicional-desfile-civico-sera-realizado-no-dia-2-de-julho-celebrando-os-191-anos-de-capivari\/"},"author":{"name":"Rafaella Uvini","@id":"https:\/\/capivari.sp.gov.br\/portal\/#\/schema\/person\/d7b1048525ce907b55245fe0fcaea2e5"},"headline":"Tradicional Desfile C\u00edvico ser\u00e1 realizado no dia 2 de julho celebrando os 191 anos de Capivari","datePublished":"2023-06-16T20:32:51+00:00","dateModified":"2023-06-29T00:32:21+00:00","mainEntityOfPage":{"@id":"https:\/\/capivari.sp.gov.br\/portal\/tradicional-desfile-civico-sera-realizado-no-dia-2-de-julho-celebrando-os-191-anos-de-capivari\/"},"wordCount":275,"commentCount":0,"publisher":{"@id":"https:\/\/capivari.sp.gov.br\/portal\/#organization"},"image":{"@id":"https:\/\/capivari.sp.gov.br\/portal\/tradicional-desfile-civico-sera-realizado-no-dia-2-de-julho-celebrando-os-191-anos-de-capivari\/#primaryimage"},"thumbnailUrl":"https:\/\/capivari.sp.gov.br\/portal\/wp-content\/uploads\/2023\/06\/photo_3_2023-06-16_16-40-18.jpg","articleSection":["Cultura","Destaque","Geral","Governo","Rela\u00e7\u00f5es P\u00fablicas"],"inLanguage":"pt-BR","potentialAction":[{"@type":"CommentAction","name":"Comment","target":["https:\/\/capivari.sp.gov.br\/portal\/tradicional-desfile-civico-sera-realizado-no-dia-2-de-julho-celebrando-os-191-anos-de-capivari\/#respond"]}]},{"@type":"WebPage","@id":"https:\/\/capivari.sp.gov.br\/portal\/tradicional-desfile-civico-sera-realizado-no-dia-2-de-julho-celebrando-os-191-anos-de-capivari\/","url":"https:\/\/capivari.sp.gov.br\/portal\/tradicional-desfile-civico-sera-realizado-no-dia-2-de-julho-celebrando-os-191-anos-de-capivari\/","name":"Tradicional Desfile C\u00edvico ser\u00e1 realizado no dia 2 de julho celebrando os 191 anos de Capivari - Prefeitura de Capivari","isPartOf":{"@id":"https:\/\/capivari.sp.gov.br\/portal\/#website"},"primaryImageOfPage":{"@id":"https:\/\/capivari.sp.gov.br\/portal\/tradicional-desfile-civico-sera-realizado-no-dia-2-de-julho-celebrando-os-191-anos-de-capivari\/#primaryimage"},"image":{"@id":"https:\/\/capivari.sp.gov.br\/portal\/tradicional-desfile-civico-sera-realizado-no-dia-2-de-julho-celebrando-os-191-anos-de-capivari\/#primaryimage"},"thumbnailUrl":"https:\/\/capivari.sp.gov.br\/portal\/wp-content\/uploads\/2023\/06\/photo_3_2023-06-16_16-40-18.jpg","datePublished":"2023-06-16T20:32:51+00:00","dateModified":"2023-06-29T00:32:21+00:00","breadcrumb":{"@id":"https:\/\/capivari.sp.gov.br\/portal\/tradicional-desfile-civico-sera-realizado-no-dia-2-de-julho-celebrando-os-191-anos-de-capivari\/#breadcrumb"},"inLanguage":"pt-BR","potentialAction":[{"@type":"ReadAction","target":["https:\/\/capivari.sp.gov.br\/portal\/tradicional-desfile-civico-sera-realizado-no-dia-2-de-julho-celebrando-os-191-anos-de-capivari\/"]}]},{"@type":"ImageObject","inLanguage":"pt-BR","@id":"https:\/\/capivari.sp.gov.br\/portal\/tradicional-desfile-civico-sera-realizado-no-dia-2-de-julho-celebrando-os-191-anos-de-capivari\/#primaryimage","url":"https:\/\/capivari.sp.gov.br\/portal\/wp-content\/uploads\/2023\/06\/photo_3_2023-06-16_16-40-18.jpg","contentUrl":"https:\/\/capivari.sp.gov.br\/portal\/wp-content\/uploads\/2023\/06\/photo_3_2023-06-16_16-40-18.jpg","width":1280,"height":853},{"@type":"BreadcrumbList","@id":"https:\/\/capivari.sp.gov.br\/portal\/tradicional-desfile-civico-sera-realizado-no-dia-2-de-julho-celebrando-os-191-anos-de-capivari\/#breadcrumb","itemListElement":[{"@type":"ListItem","position":1,"name":"In\u00edcio","item":"https:\/\/capivari.sp.gov.br\/portal\/"},{"@type":"ListItem","position":2,"name":"Tradicional Desfile C\u00edvico ser\u00e1 realizado no dia 2 de julho celebrando os 191 anos de Capivari"}]},{"@type":"WebSite","@id":"https:\/\/capivari.sp.gov.br\/portal\/#website","url":"https:\/\/capivari.sp.gov.br\/portal\/","name":"Prefeitura de Capivari","description":"Prefeitura de Capivari","publisher":{"@id":"https:\/\/capivari.sp.gov.br\/portal\/#organization"},"potentialAction":[{"@type":"SearchAction","target":{"@type":"EntryPoint","urlTemplate":"https:\/\/capivari.sp.gov.br\/portal\/?s={search_term_string}"},"query-input":{"@type":"PropertyValueSpecification","valueRequired":true,"valueName":"search_term_string"}}],"inLanguage":"pt-BR"},{"@type":"Organization","@id":"https:\/\/capivari.sp.gov.br\/portal\/#organization","name":"Prefeitura de Capivari","url":"https:\/\/capivari.sp.gov.br\/portal\/","logo":{"@type":"ImageObject","inLanguage":"pt-BR","@id":"https:\/\/capivari.sp.gov.br\/portal\/#\/schema\/logo\/image\/","url":"https:\/\/capivari.sp.gov.br\/portal\/wp-content\/uploads\/2021\/09\/logo-prefeitura-de-capivari.png","contentUrl":"https:\/\/capivari.sp.gov.br\/portal\/wp-content\/uploads\/2021\/09\/logo-prefeitura-de-capivari.png","width":200,"height":147,"caption":"Prefeitura de Capivari"},"image":{"@id":"https:\/\/capivari.sp.gov.br\/portal\/#\/schema\/logo\/image\/"},"sameAs":["https:\/\/www.facebook.com\/PrefeituradeCapivari\/","https:\/\/x.com\/PrefCapivari","https:\/\/www.instagram.com\/prefeituracapivari\/"]},{"@type":"Person","@id":"https:\/\/capivari.sp.gov.br\/portal\/#\/schema\/person\/d7b1048525ce907b55245fe0fcaea2e5","name":"Rafaella Uvini","image":{"@type":"ImageObject","inLanguage":"pt-BR","@id":"https:\/\/secure.gravatar.com\/avatar\/698757f92517b418dbefa88732eb599ad7eed21dcca72e22815a04b2d6270e91?s=96&d=mm&r=g","url":"https:\/\/secure.gravatar.com\/avatar\/698757f92517b418dbefa88732eb599ad7eed21dcca72e22815a04b2d6270e91?s=96&d=mm&r=g","contentUrl":"https:\/\/secure.gravatar.com\/avatar\/698757f92517b418dbefa88732eb599ad7eed21dcca72e22815a04b2d6270e91?s=96&d=mm&r=g","caption":"Rafaella Uvini"},"url":"https:\/\/capivari.sp.gov.br\/portal\/author\/rafaella-uvini\/"}]}},"_links":{"self":[{"href":"https:\/\/capivari.sp.gov.br\/portal\/wp-json\/wp\/v2\/posts\/12184","targetHints":{"allow":["GET"]}}],"collection":[{"href":"https:\/\/capivari.sp.gov.br\/portal\/wp-json\/wp\/v2\/posts"}],"about":[{"href":"https:\/\/capivari.sp.gov.br\/portal\/wp-json\/wp\/v2\/types\/post"}],"author":[{"embeddable":true,"href":"https:\/\/capivari.sp.gov.br\/portal\/wp-json\/wp\/v2\/users\/3"}],"replies":[{"embeddable":true,"href":"https:\/\/capivari.sp.gov.br\/portal\/wp-json\/wp\/v2\/comments?post=12184"}],"version-history":[{"count":3,"href":"https:\/\/capivari.sp.gov.br\/portal\/wp-json\/wp\/v2\/posts\/12184\/revisions"}],"predecessor-version":[{"id":12377,"href":"https:\/\/capivari.sp.gov.br\/portal\/wp-json\/wp\/v2\/posts\/12184\/revisions\/12377"}],"wp:featuredmedia":[{"embeddable":true,"href":"https:\/\/capivari.sp.gov.br\/portal\/wp-json\/wp\/v2\/media\/12185"}],"wp:attachment":[{"href":"https:\/\/capivari.sp.gov.br\/portal\/wp-json\/wp\/v2\/media?parent=12184"}],"wp:term":[{"taxonomy":"category","embeddable":true,"href":"https:\/\/capivari.sp.gov.br\/portal\/wp-json\/wp\/v2\/categories?post=12184"},{"taxonomy":"post_tag","embeddable":true,"href":"https:\/\/capivari.sp.gov.br\/portal\/wp-json\/wp\/v2\/tags?post=12184"}],"curies":[{"name":"wp","href":"https:\/\/api.w.org\/{rel}","templated":true}]}}