{"id":12187,"date":"2023-06-16T17:46:48","date_gmt":"2023-06-16T20:46:48","guid":{"rendered":"https:\/\/capivari.sp.gov.br\/portal\/?p=12187"},"modified":"2023-06-16T17:46:48","modified_gmt":"2023-06-16T20:46:48","slug":"19o-encontro-de-carros-antigos-sera-realizado-entre-os-dias-06-e-09-de-julho-na-praca-central","status":"publish","type":"post","link":"https:\/\/capivari.sp.gov.br\/portal\/19o-encontro-de-carros-antigos-sera-realizado-entre-os-dias-06-e-09-de-julho-na-praca-central\/","title":{"rendered":"19\u00ba Encontro de Carros Antigos ser\u00e1 realizado entre os dias 06 e 09 de julho, na Pra\u00e7a Central"},"content":{"rendered":"<p>A Pra\u00e7a Central de Capivari ser\u00e1 palco de um dos maiores eventos para apreciadores de ve\u00edculos da \u201cvelha guarda\u201d na regi\u00e3o. Entre os dias 06 e 09 de julho, o local recebe o 19\u00ba Encontro de Carros Antigos, uma edi\u00e7\u00e3o especial em homenagem aos 96 anos da obra \u201cAbaporu\u201d, da pintora Tarsila do Amaral. O evento \u00e9 organizado pelo Clube de Carros Antigos de Capivari, com o apoio da Prefeitura de Capivari.<\/p>\n<p>Com quase 20 anos de exist\u00eancia, as expectativas s\u00e3o grandes por parte da organiza\u00e7\u00e3o neste ano. \u201cAno a ano, ganhamos mais p\u00fablico, por isso achamos que em 2023 teremos o maior Encontro que j\u00e1 fizemos em mat\u00e9ria de p\u00fablico e atra\u00e7\u00f5es\u201d, destaca Cristiano Kobal, um dos organizadores do evento.<\/p>\n<p>Uma novidade deste ano, ser\u00e1 um acampamento militar com a mostra de ve\u00edculos militares antigos. Al\u00e9m da feira de pe\u00e7as antigas, pra\u00e7a de alimenta\u00e7\u00e3o e espa\u00e7o kids, que tamb\u00e9m estar\u00e3o presentes.<\/p>\n<p>Belos carros antigos, vindos de v\u00e1rias regi\u00f5es do Estado,tamb\u00e9m far\u00e3o parte, junto dos diversos shows de rock. \u201cA maioria das bandas que se apresentar\u00e3o este ano s\u00e3o da nossa cidade, banda muito boas poder\u00e3o mostrar seu trabalho\u201d, refor\u00e7a Kobal.<\/p>\n<p>Entre as atra\u00e7\u00f5es, est\u00e3o bandas covers de lendas do rock, como Metallica, Kiss, AC\/DC, Queen e Elvis Presley.<\/p>\n<p>Confira a programa\u00e7\u00e3o:<br \/>\nDia 06 de julho, quinta-feira:<br \/>\n\u00c0s 18h \u2013 Marcelo Boscolo, no Palco Cl\u00e1ssico<br \/>\n\u00c0s 19h \u2013 Os Par\u00e7as, no Palco Cl\u00e1ssicos<\/p>\n<p>Dia 07 de julho, sexta-feira:<br \/>\n\u00c0s 18h \u2013 Luis Blues, no Palco Cl\u00e1ssicos<br \/>\n\u00c0s 20h \u2013 Shop Suite System of a Down Cover, no Palco Hot Rod<br \/>\n\u00c0s 22h \u2013 Alcohollico Metallica Cover, no Palco Hot Rod<\/p>\n<p>Dia 08 de julho, s\u00e1bado<br \/>\n\u00c0s 11h \u2013 Marcelo Boscolo, no Palco Cl\u00e1ssicos<br \/>\n\u00c0s 13h \u2013 Os Perp\u00e9tuos, no Palco Hot Rod<br \/>\n\u00c0s 15h \u2013 Banda Noiia, no Palco Palco Hot Rod<br \/>\n\u00c0s 17h \u2013 Black Sirens, no Palco Hot Rod<br \/>\n\u00c0s 19h \u2013 AeroBilis, no Palco Cl\u00e1ssicos<br \/>\n\u00c0s 21h \u2013 Banda Destroyer Kiss Cover, no Palco Hot Rod<\/p>\n<p>Dia 09 de julho, domingo<br \/>\n\u00c0s 10h \u2013 Pimenta Rosa, no Palco Hot Rod<br \/>\n\u00c0s 12h \u2013 Dal\u00edzio Moura Elvis Presley Cover, no Palco Hot Rod<br \/>\n\u00c0s 14h \u2013 Edi\u00e7\u00e3o Extra, no Palco Hot Rod<br \/>\n\u00c0s 16h \u2013 Queen Tribute Brazil, no Palco Hot Rod<br \/>\n\u00c0s 18h30 \u2013 Alma Delta, no Palco Cl\u00e1ssicos<br \/>\n\u00c0s 20h \u2013 Rising Power AC\/DC Cover, no Palco Hot Rod<\/p>\n<p>Para mais informa\u00e7\u00f5es, entre em contato com o Clube de Autos Antigos Capivary pelo WhatsApp (19) 99756-0337. A Secretaria de Cultura e Turismo atende pelo (19) 3491-1322, de segunda a sexta-feira, das 08h30 \u00e0s 16h30.<\/p>\n","protected":false},"excerpt":{"rendered":"<p>A Pra\u00e7a Central de Capivari ser\u00e1 palco de um dos maiores eventos para apreciadores de ve\u00edculos da \u201cvelha guarda\u201d na regi\u00e3o. Entre os dias 06 e 09 de julho, o local recebe o 19\u00ba Encontro de Carros Antigos, uma edi\u00e7\u00e3o especial em homenagem aos 96 anos da obra \u201cAbaporu\u201d, da pintora Tarsila do Amaral. O [&hellip;]<\/p>\n","protected":false},"author":3,"featured_media":12188,"comment_status":"open","ping_status":"open","sticky":false,"template":"","format":"standard","meta":{"ocean_post_layout":"","ocean_both_sidebars_style":"","ocean_both_sidebars_content_width":0,"ocean_both_sidebars_sidebars_width":0,"ocean_sidebar":"0","ocean_second_sidebar":"0","ocean_disable_margins":"enable","ocean_add_body_class":"","ocean_shortcode_before_top_bar":"","ocean_shortcode_after_top_bar":"","ocean_shortcode_before_header":"","ocean_shortcode_after_header":"","ocean_has_shortcode":"","ocean_shortcode_after_title":"","ocean_shortcode_before_footer_widgets":"","ocean_shortcode_after_footer_widgets":"","ocean_shortcode_before_footer_bottom":"","ocean_shortcode_after_footer_bottom":"","ocean_display_top_bar":"default","ocean_display_header":"default","ocean_header_style":"","ocean_center_header_left_menu":"0","ocean_custom_header_template":"0","ocean_custom_logo":0,"ocean_custom_retina_logo":0,"ocean_custom_logo_max_width":0,"ocean_custom_logo_tablet_max_width":0,"ocean_custom_logo_mobile_max_width":0,"ocean_custom_logo_max_height":0,"ocean_custom_logo_tablet_max_height":0,"ocean_custom_logo_mobile_max_height":0,"ocean_header_custom_menu":"0","ocean_menu_typo_font_family":"0","ocean_menu_typo_font_subset":"","ocean_menu_typo_font_size":0,"ocean_menu_typo_font_size_tablet":0,"ocean_menu_typo_font_size_mobile":0,"ocean_menu_typo_font_size_unit":"px","ocean_menu_typo_font_weight":"","ocean_menu_typo_font_weight_tablet":"","ocean_menu_typo_font_weight_mobile":"","ocean_menu_typo_transform":"","ocean_menu_typo_transform_tablet":"","ocean_menu_typo_transform_mobile":"","ocean_menu_typo_line_height":0,"ocean_menu_typo_line_height_tablet":0,"ocean_menu_typo_line_height_mobile":0,"ocean_menu_typo_line_height_unit":"","ocean_menu_typo_spacing":0,"ocean_menu_typo_spacing_tablet":0,"ocean_menu_typo_spacing_mobile":0,"ocean_menu_typo_spacing_unit":"","ocean_menu_link_color":"","ocean_menu_link_color_hover":"","ocean_menu_link_color_active":"","ocean_menu_link_background":"","ocean_menu_link_hover_background":"","ocean_menu_link_active_background":"","ocean_menu_social_links_bg":"","ocean_menu_social_hover_links_bg":"","ocean_menu_social_links_color":"","ocean_menu_social_hover_links_color":"","ocean_disable_title":"default","ocean_disable_heading":"default","ocean_post_title":"","ocean_post_subheading":"","ocean_post_title_style":"","ocean_post_title_background_color":"","ocean_post_title_background":0,"ocean_post_title_bg_image_position":"","ocean_post_title_bg_image_attachment":"","ocean_post_title_bg_image_repeat":"","ocean_post_title_bg_image_size":"","ocean_post_title_height":0,"ocean_post_title_bg_overlay":0.5,"ocean_post_title_bg_overlay_color":"","ocean_disable_breadcrumbs":"default","ocean_breadcrumbs_color":"","ocean_breadcrumbs_separator_color":"","ocean_breadcrumbs_links_color":"","ocean_breadcrumbs_links_hover_color":"","ocean_display_footer_widgets":"default","ocean_display_footer_bottom":"default","ocean_custom_footer_template":"0","ocean_post_oembed":"","ocean_post_self_hosted_media":"","ocean_post_video_embed":"","ocean_link_format":"","ocean_link_format_target":"self","ocean_quote_format":"","ocean_quote_format_link":"post","ocean_gallery_link_images":"off","ocean_gallery_id":[],"footnotes":""},"categories":[17,4,5,30],"tags":[],"class_list":["post-12187","post","type-post","status-publish","format-standard","has-post-thumbnail","hentry","category-cultura","category-destaque","category-geral","category-relacoes-publicas","entry","has-media"],"yoast_head":"<!-- This site is optimized with the Yoast SEO plugin v27.5 - https:\/\/yoast.com\/product\/yoast-seo-wordpress\/ -->\n<title>19\u00ba Encontro de Carros Antigos ser\u00e1 realizado entre os dias 06 e 09 de julho, na Pra\u00e7a Central - Prefeitura de Capivari<\/title>\n<meta name=\"robots\" content=\"index, follow, max-snippet:-1, max-image-preview:large, max-video-preview:-1\" \/>\n<link rel=\"canonical\" href=\"https:\/\/capivari.sp.gov.br\/portal\/19o-encontro-de-carros-antigos-sera-realizado-entre-os-dias-06-e-09-de-julho-na-praca-central\/\" \/>\n<meta property=\"og:locale\" content=\"pt_BR\" \/>\n<meta property=\"og:type\" content=\"article\" \/>\n<meta property=\"og:title\" content=\"19\u00ba Encontro de Carros Antigos ser\u00e1 realizado entre os dias 06 e 09 de julho, na Pra\u00e7a Central - Prefeitura de Capivari\" \/>\n<meta property=\"og:description\" content=\"A Pra\u00e7a Central de Capivari ser\u00e1 palco de um dos maiores eventos para apreciadores de ve\u00edculos da \u201cvelha guarda\u201d na regi\u00e3o. Entre os dias 06 e 09 de julho, o local recebe o 19\u00ba Encontro de Carros Antigos, uma edi\u00e7\u00e3o especial em homenagem aos 96 anos da obra \u201cAbaporu\u201d, da pintora Tarsila do Amaral. O [&hellip;]\" \/>\n<meta property=\"og:url\" content=\"https:\/\/capivari.sp.gov.br\/portal\/19o-encontro-de-carros-antigos-sera-realizado-entre-os-dias-06-e-09-de-julho-na-praca-central\/\" \/>\n<meta property=\"og:site_name\" content=\"Prefeitura de Capivari\" \/>\n<meta property=\"article:publisher\" content=\"https:\/\/www.facebook.com\/PrefeituradeCapivari\/\" \/>\n<meta property=\"article:published_time\" content=\"2023-06-16T20:46:48+00:00\" \/>\n<meta property=\"og:image\" content=\"https:\/\/capivari.sp.gov.br\/portal\/wp-content\/uploads\/2023\/06\/Encontro-de-Carros.jpg\" \/>\n\t<meta property=\"og:image:width\" content=\"720\" \/>\n\t<meta property=\"og:image:height\" content=\"1008\" \/>\n\t<meta property=\"og:image:type\" content=\"image\/jpeg\" \/>\n<meta name=\"author\" content=\"Rafaella Uvini\" \/>\n<meta name=\"twitter:card\" content=\"summary_large_image\" \/>\n<meta name=\"twitter:creator\" content=\"@PrefCapivari\" \/>\n<meta name=\"twitter:site\" content=\"@PrefCapivari\" \/>\n<meta name=\"twitter:label1\" content=\"Escrito por\" \/>\n\t<meta name=\"twitter:data1\" content=\"Rafaella Uvini\" \/>\n\t<meta name=\"twitter:label2\" content=\"Est. tempo de leitura\" \/>\n\t<meta name=\"twitter:data2\" content=\"3 minutos\" \/>\n<script type=\"application\/ld+json\" class=\"yoast-schema-graph\">{\"@context\":\"https:\\\/\\\/schema.org\",\"@graph\":[{\"@type\":\"Article\",\"@id\":\"https:\\\/\\\/capivari.sp.gov.br\\\/portal\\\/19o-encontro-de-carros-antigos-sera-realizado-entre-os-dias-06-e-09-de-julho-na-praca-central\\\/#article\",\"isPartOf\":{\"@id\":\"https:\\\/\\\/capivari.sp.gov.br\\\/portal\\\/19o-encontro-de-carros-antigos-sera-realizado-entre-os-dias-06-e-09-de-julho-na-praca-central\\\/\"},\"author\":{\"name\":\"Rafaella Uvini\",\"@id\":\"https:\\\/\\\/capivari.sp.gov.br\\\/portal\\\/#\\\/schema\\\/person\\\/d7b1048525ce907b55245fe0fcaea2e5\"},\"headline\":\"19\u00ba Encontro de Carros Antigos ser\u00e1 realizado entre os dias 06 e 09 de julho, na Pra\u00e7a Central\",\"datePublished\":\"2023-06-16T20:46:48+00:00\",\"mainEntityOfPage\":{\"@id\":\"https:\\\/\\\/capivari.sp.gov.br\\\/portal\\\/19o-encontro-de-carros-antigos-sera-realizado-entre-os-dias-06-e-09-de-julho-na-praca-central\\\/\"},\"wordCount\":459,\"commentCount\":0,\"publisher\":{\"@id\":\"https:\\\/\\\/capivari.sp.gov.br\\\/portal\\\/#organization\"},\"image\":{\"@id\":\"https:\\\/\\\/capivari.sp.gov.br\\\/portal\\\/19o-encontro-de-carros-antigos-sera-realizado-entre-os-dias-06-e-09-de-julho-na-praca-central\\\/#primaryimage\"},\"thumbnailUrl\":\"https:\\\/\\\/capivari.sp.gov.br\\\/portal\\\/wp-content\\\/uploads\\\/2023\\\/06\\\/Encontro-de-Carros.jpg\",\"articleSection\":[\"Cultura\",\"Destaque\",\"Geral\",\"Rela\u00e7\u00f5es P\u00fablicas\"],\"inLanguage\":\"pt-BR\",\"potentialAction\":[{\"@type\":\"CommentAction\",\"name\":\"Comment\",\"target\":[\"https:\\\/\\\/capivari.sp.gov.br\\\/portal\\\/19o-encontro-de-carros-antigos-sera-realizado-entre-os-dias-06-e-09-de-julho-na-praca-central\\\/#respond\"]}]},{\"@type\":\"WebPage\",\"@id\":\"https:\\\/\\\/capivari.sp.gov.br\\\/portal\\\/19o-encontro-de-carros-antigos-sera-realizado-entre-os-dias-06-e-09-de-julho-na-praca-central\\\/\",\"url\":\"https:\\\/\\\/capivari.sp.gov.br\\\/portal\\\/19o-encontro-de-carros-antigos-sera-realizado-entre-os-dias-06-e-09-de-julho-na-praca-central\\\/\",\"name\":\"19\u00ba Encontro de Carros Antigos ser\u00e1 realizado entre os dias 06 e 09 de julho, na Pra\u00e7a Central - Prefeitura de Capivari\",\"isPartOf\":{\"@id\":\"https:\\\/\\\/capivari.sp.gov.br\\\/portal\\\/#website\"},\"primaryImageOfPage\":{\"@id\":\"https:\\\/\\\/capivari.sp.gov.br\\\/portal\\\/19o-encontro-de-carros-antigos-sera-realizado-entre-os-dias-06-e-09-de-julho-na-praca-central\\\/#primaryimage\"},\"image\":{\"@id\":\"https:\\\/\\\/capivari.sp.gov.br\\\/portal\\\/19o-encontro-de-carros-antigos-sera-realizado-entre-os-dias-06-e-09-de-julho-na-praca-central\\\/#primaryimage\"},\"thumbnailUrl\":\"https:\\\/\\\/capivari.sp.gov.br\\\/portal\\\/wp-content\\\/uploads\\\/2023\\\/06\\\/Encontro-de-Carros.jpg\",\"datePublished\":\"2023-06-16T20:46:48+00:00\",\"breadcrumb\":{\"@id\":\"https:\\\/\\\/capivari.sp.gov.br\\\/portal\\\/19o-encontro-de-carros-antigos-sera-realizado-entre-os-dias-06-e-09-de-julho-na-praca-central\\\/#breadcrumb\"},\"inLanguage\":\"pt-BR\",\"potentialAction\":[{\"@type\":\"ReadAction\",\"target\":[\"https:\\\/\\\/capivari.sp.gov.br\\\/portal\\\/19o-encontro-de-carros-antigos-sera-realizado-entre-os-dias-06-e-09-de-julho-na-praca-central\\\/\"]}]},{\"@type\":\"ImageObject\",\"inLanguage\":\"pt-BR\",\"@id\":\"https:\\\/\\\/capivari.sp.gov.br\\\/portal\\\/19o-encontro-de-carros-antigos-sera-realizado-entre-os-dias-06-e-09-de-julho-na-praca-central\\\/#primaryimage\",\"url\":\"https:\\\/\\\/capivari.sp.gov.br\\\/portal\\\/wp-content\\\/uploads\\\/2023\\\/06\\\/Encontro-de-Carros.jpg\",\"contentUrl\":\"https:\\\/\\\/capivari.sp.gov.br\\\/portal\\\/wp-content\\\/uploads\\\/2023\\\/06\\\/Encontro-de-Carros.jpg\",\"width\":720,\"height\":1008},{\"@type\":\"BreadcrumbList\",\"@id\":\"https:\\\/\\\/capivari.sp.gov.br\\\/portal\\\/19o-encontro-de-carros-antigos-sera-realizado-entre-os-dias-06-e-09-de-julho-na-praca-central\\\/#breadcrumb\",\"itemListElement\":[{\"@type\":\"ListItem\",\"position\":1,\"name\":\"In\u00edcio\",\"item\":\"https:\\\/\\\/capivari.sp.gov.br\\\/portal\\\/\"},{\"@type\":\"ListItem\",\"position\":2,\"name\":\"19\u00ba Encontro de Carros Antigos ser\u00e1 realizado entre os dias 06 e 09 de julho, na Pra\u00e7a Central\"}]},{\"@type\":\"WebSite\",\"@id\":\"https:\\\/\\\/capivari.sp.gov.br\\\/portal\\\/#website\",\"url\":\"https:\\\/\\\/capivari.sp.gov.br\\\/portal\\\/\",\"name\":\"Prefeitura de Capivari\",\"description\":\"Prefeitura de Capivari\",\"publisher\":{\"@id\":\"https:\\\/\\\/capivari.sp.gov.br\\\/portal\\\/#organization\"},\"potentialAction\":[{\"@type\":\"SearchAction\",\"target\":{\"@type\":\"EntryPoint\",\"urlTemplate\":\"https:\\\/\\\/capivari.sp.gov.br\\\/portal\\\/?s={search_term_string}\"},\"query-input\":{\"@type\":\"PropertyValueSpecification\",\"valueRequired\":true,\"valueName\":\"search_term_string\"}}],\"inLanguage\":\"pt-BR\"},{\"@type\":\"Organization\",\"@id\":\"https:\\\/\\\/capivari.sp.gov.br\\\/portal\\\/#organization\",\"name\":\"Prefeitura de Capivari\",\"url\":\"https:\\\/\\\/capivari.sp.gov.br\\\/portal\\\/\",\"logo\":{\"@type\":\"ImageObject\",\"inLanguage\":\"pt-BR\",\"@id\":\"https:\\\/\\\/capivari.sp.gov.br\\\/portal\\\/#\\\/schema\\\/logo\\\/image\\\/\",\"url\":\"https:\\\/\\\/capivari.sp.gov.br\\\/portal\\\/wp-content\\\/uploads\\\/2021\\\/09\\\/logo-prefeitura-de-capivari.png\",\"contentUrl\":\"https:\\\/\\\/capivari.sp.gov.br\\\/portal\\\/wp-content\\\/uploads\\\/2021\\\/09\\\/logo-prefeitura-de-capivari.png\",\"width\":200,\"height\":147,\"caption\":\"Prefeitura de Capivari\"},\"image\":{\"@id\":\"https:\\\/\\\/capivari.sp.gov.br\\\/portal\\\/#\\\/schema\\\/logo\\\/image\\\/\"},\"sameAs\":[\"https:\\\/\\\/www.facebook.com\\\/PrefeituradeCapivari\\\/\",\"https:\\\/\\\/x.com\\\/PrefCapivari\",\"https:\\\/\\\/www.instagram.com\\\/prefeituracapivari\\\/\"]},{\"@type\":\"Person\",\"@id\":\"https:\\\/\\\/capivari.sp.gov.br\\\/portal\\\/#\\\/schema\\\/person\\\/d7b1048525ce907b55245fe0fcaea2e5\",\"name\":\"Rafaella Uvini\",\"image\":{\"@type\":\"ImageObject\",\"inLanguage\":\"pt-BR\",\"@id\":\"https:\\\/\\\/secure.gravatar.com\\\/avatar\\\/698757f92517b418dbefa88732eb599ad7eed21dcca72e22815a04b2d6270e91?s=96&d=mm&r=g\",\"url\":\"https:\\\/\\\/secure.gravatar.com\\\/avatar\\\/698757f92517b418dbefa88732eb599ad7eed21dcca72e22815a04b2d6270e91?s=96&d=mm&r=g\",\"contentUrl\":\"https:\\\/\\\/secure.gravatar.com\\\/avatar\\\/698757f92517b418dbefa88732eb599ad7eed21dcca72e22815a04b2d6270e91?s=96&d=mm&r=g\",\"caption\":\"Rafaella Uvini\"},\"url\":\"https:\\\/\\\/capivari.sp.gov.br\\\/portal\\\/author\\\/rafaella-uvini\\\/\"}]}<\/script>\n<!-- \/ Yoast SEO plugin. -->","yoast_head_json":{"title":"19\u00ba Encontro de Carros Antigos ser\u00e1 realizado entre os dias 06 e 09 de julho, na Pra\u00e7a Central - Prefeitura de Capivari","robots":{"index":"index","follow":"follow","max-snippet":"max-snippet:-1","max-image-preview":"max-image-preview:large","max-video-preview":"max-video-preview:-1"},"canonical":"https:\/\/capivari.sp.gov.br\/portal\/19o-encontro-de-carros-antigos-sera-realizado-entre-os-dias-06-e-09-de-julho-na-praca-central\/","og_locale":"pt_BR","og_type":"article","og_title":"19\u00ba Encontro de Carros Antigos ser\u00e1 realizado entre os dias 06 e 09 de julho, na Pra\u00e7a Central - Prefeitura de Capivari","og_description":"A Pra\u00e7a Central de Capivari ser\u00e1 palco de um dos maiores eventos para apreciadores de ve\u00edculos da \u201cvelha guarda\u201d na regi\u00e3o. Entre os dias 06 e 09 de julho, o local recebe o 19\u00ba Encontro de Carros Antigos, uma edi\u00e7\u00e3o especial em homenagem aos 96 anos da obra \u201cAbaporu\u201d, da pintora Tarsila do Amaral. O [&hellip;]","og_url":"https:\/\/capivari.sp.gov.br\/portal\/19o-encontro-de-carros-antigos-sera-realizado-entre-os-dias-06-e-09-de-julho-na-praca-central\/","og_site_name":"Prefeitura de Capivari","article_publisher":"https:\/\/www.facebook.com\/PrefeituradeCapivari\/","article_published_time":"2023-06-16T20:46:48+00:00","og_image":[{"width":720,"height":1008,"url":"https:\/\/capivari.sp.gov.br\/portal\/wp-content\/uploads\/2023\/06\/Encontro-de-Carros.jpg","type":"image\/jpeg"}],"author":"Rafaella Uvini","twitter_card":"summary_large_image","twitter_creator":"@PrefCapivari","twitter_site":"@PrefCapivari","twitter_misc":{"Escrito por":"Rafaella Uvini","Est. tempo de leitura":"3 minutos"},"schema":{"@context":"https:\/\/schema.org","@graph":[{"@type":"Article","@id":"https:\/\/capivari.sp.gov.br\/portal\/19o-encontro-de-carros-antigos-sera-realizado-entre-os-dias-06-e-09-de-julho-na-praca-central\/#article","isPartOf":{"@id":"https:\/\/capivari.sp.gov.br\/portal\/19o-encontro-de-carros-antigos-sera-realizado-entre-os-dias-06-e-09-de-julho-na-praca-central\/"},"author":{"name":"Rafaella Uvini","@id":"https:\/\/capivari.sp.gov.br\/portal\/#\/schema\/person\/d7b1048525ce907b55245fe0fcaea2e5"},"headline":"19\u00ba Encontro de Carros Antigos ser\u00e1 realizado entre os dias 06 e 09 de julho, na Pra\u00e7a Central","datePublished":"2023-06-16T20:46:48+00:00","mainEntityOfPage":{"@id":"https:\/\/capivari.sp.gov.br\/portal\/19o-encontro-de-carros-antigos-sera-realizado-entre-os-dias-06-e-09-de-julho-na-praca-central\/"},"wordCount":459,"commentCount":0,"publisher":{"@id":"https:\/\/capivari.sp.gov.br\/portal\/#organization"},"image":{"@id":"https:\/\/capivari.sp.gov.br\/portal\/19o-encontro-de-carros-antigos-sera-realizado-entre-os-dias-06-e-09-de-julho-na-praca-central\/#primaryimage"},"thumbnailUrl":"https:\/\/capivari.sp.gov.br\/portal\/wp-content\/uploads\/2023\/06\/Encontro-de-Carros.jpg","articleSection":["Cultura","Destaque","Geral","Rela\u00e7\u00f5es P\u00fablicas"],"inLanguage":"pt-BR","potentialAction":[{"@type":"CommentAction","name":"Comment","target":["https:\/\/capivari.sp.gov.br\/portal\/19o-encontro-de-carros-antigos-sera-realizado-entre-os-dias-06-e-09-de-julho-na-praca-central\/#respond"]}]},{"@type":"WebPage","@id":"https:\/\/capivari.sp.gov.br\/portal\/19o-encontro-de-carros-antigos-sera-realizado-entre-os-dias-06-e-09-de-julho-na-praca-central\/","url":"https:\/\/capivari.sp.gov.br\/portal\/19o-encontro-de-carros-antigos-sera-realizado-entre-os-dias-06-e-09-de-julho-na-praca-central\/","name":"19\u00ba Encontro de Carros Antigos ser\u00e1 realizado entre os dias 06 e 09 de julho, na Pra\u00e7a Central - Prefeitura de Capivari","isPartOf":{"@id":"https:\/\/capivari.sp.gov.br\/portal\/#website"},"primaryImageOfPage":{"@id":"https:\/\/capivari.sp.gov.br\/portal\/19o-encontro-de-carros-antigos-sera-realizado-entre-os-dias-06-e-09-de-julho-na-praca-central\/#primaryimage"},"image":{"@id":"https:\/\/capivari.sp.gov.br\/portal\/19o-encontro-de-carros-antigos-sera-realizado-entre-os-dias-06-e-09-de-julho-na-praca-central\/#primaryimage"},"thumbnailUrl":"https:\/\/capivari.sp.gov.br\/portal\/wp-content\/uploads\/2023\/06\/Encontro-de-Carros.jpg","datePublished":"2023-06-16T20:46:48+00:00","breadcrumb":{"@id":"https:\/\/capivari.sp.gov.br\/portal\/19o-encontro-de-carros-antigos-sera-realizado-entre-os-dias-06-e-09-de-julho-na-praca-central\/#breadcrumb"},"inLanguage":"pt-BR","potentialAction":[{"@type":"ReadAction","target":["https:\/\/capivari.sp.gov.br\/portal\/19o-encontro-de-carros-antigos-sera-realizado-entre-os-dias-06-e-09-de-julho-na-praca-central\/"]}]},{"@type":"ImageObject","inLanguage":"pt-BR","@id":"https:\/\/capivari.sp.gov.br\/portal\/19o-encontro-de-carros-antigos-sera-realizado-entre-os-dias-06-e-09-de-julho-na-praca-central\/#primaryimage","url":"https:\/\/capivari.sp.gov.br\/portal\/wp-content\/uploads\/2023\/06\/Encontro-de-Carros.jpg","contentUrl":"https:\/\/capivari.sp.gov.br\/portal\/wp-content\/uploads\/2023\/06\/Encontro-de-Carros.jpg","width":720,"height":1008},{"@type":"BreadcrumbList","@id":"https:\/\/capivari.sp.gov.br\/portal\/19o-encontro-de-carros-antigos-sera-realizado-entre-os-dias-06-e-09-de-julho-na-praca-central\/#breadcrumb","itemListElement":[{"@type":"ListItem","position":1,"name":"In\u00edcio","item":"https:\/\/capivari.sp.gov.br\/portal\/"},{"@type":"ListItem","position":2,"name":"19\u00ba Encontro de Carros Antigos ser\u00e1 realizado entre os dias 06 e 09 de julho, na Pra\u00e7a Central"}]},{"@type":"WebSite","@id":"https:\/\/capivari.sp.gov.br\/portal\/#website","url":"https:\/\/capivari.sp.gov.br\/portal\/","name":"Prefeitura de Capivari","description":"Prefeitura de Capivari","publisher":{"@id":"https:\/\/capivari.sp.gov.br\/portal\/#organization"},"potentialAction":[{"@type":"SearchAction","target":{"@type":"EntryPoint","urlTemplate":"https:\/\/capivari.sp.gov.br\/portal\/?s={search_term_string}"},"query-input":{"@type":"PropertyValueSpecification","valueRequired":true,"valueName":"search_term_string"}}],"inLanguage":"pt-BR"},{"@type":"Organization","@id":"https:\/\/capivari.sp.gov.br\/portal\/#organization","name":"Prefeitura de Capivari","url":"https:\/\/capivari.sp.gov.br\/portal\/","logo":{"@type":"ImageObject","inLanguage":"pt-BR","@id":"https:\/\/capivari.sp.gov.br\/portal\/#\/schema\/logo\/image\/","url":"https:\/\/capivari.sp.gov.br\/portal\/wp-content\/uploads\/2021\/09\/logo-prefeitura-de-capivari.png","contentUrl":"https:\/\/capivari.sp.gov.br\/portal\/wp-content\/uploads\/2021\/09\/logo-prefeitura-de-capivari.png","width":200,"height":147,"caption":"Prefeitura de Capivari"},"image":{"@id":"https:\/\/capivari.sp.gov.br\/portal\/#\/schema\/logo\/image\/"},"sameAs":["https:\/\/www.facebook.com\/PrefeituradeCapivari\/","https:\/\/x.com\/PrefCapivari","https:\/\/www.instagram.com\/prefeituracapivari\/"]},{"@type":"Person","@id":"https:\/\/capivari.sp.gov.br\/portal\/#\/schema\/person\/d7b1048525ce907b55245fe0fcaea2e5","name":"Rafaella Uvini","image":{"@type":"ImageObject","inLanguage":"pt-BR","@id":"https:\/\/secure.gravatar.com\/avatar\/698757f92517b418dbefa88732eb599ad7eed21dcca72e22815a04b2d6270e91?s=96&d=mm&r=g","url":"https:\/\/secure.gravatar.com\/avatar\/698757f92517b418dbefa88732eb599ad7eed21dcca72e22815a04b2d6270e91?s=96&d=mm&r=g","contentUrl":"https:\/\/secure.gravatar.com\/avatar\/698757f92517b418dbefa88732eb599ad7eed21dcca72e22815a04b2d6270e91?s=96&d=mm&r=g","caption":"Rafaella Uvini"},"url":"https:\/\/capivari.sp.gov.br\/portal\/author\/rafaella-uvini\/"}]}},"_links":{"self":[{"href":"https:\/\/capivari.sp.gov.br\/portal\/wp-json\/wp\/v2\/posts\/12187","targetHints":{"allow":["GET"]}}],"collection":[{"href":"https:\/\/capivari.sp.gov.br\/portal\/wp-json\/wp\/v2\/posts"}],"about":[{"href":"https:\/\/capivari.sp.gov.br\/portal\/wp-json\/wp\/v2\/types\/post"}],"author":[{"embeddable":true,"href":"https:\/\/capivari.sp.gov.br\/portal\/wp-json\/wp\/v2\/users\/3"}],"replies":[{"embeddable":true,"href":"https:\/\/capivari.sp.gov.br\/portal\/wp-json\/wp\/v2\/comments?post=12187"}],"version-history":[{"count":1,"href":"https:\/\/capivari.sp.gov.br\/portal\/wp-json\/wp\/v2\/posts\/12187\/revisions"}],"predecessor-version":[{"id":12189,"href":"https:\/\/capivari.sp.gov.br\/portal\/wp-json\/wp\/v2\/posts\/12187\/revisions\/12189"}],"wp:featuredmedia":[{"embeddable":true,"href":"https:\/\/capivari.sp.gov.br\/portal\/wp-json\/wp\/v2\/media\/12188"}],"wp:attachment":[{"href":"https:\/\/capivari.sp.gov.br\/portal\/wp-json\/wp\/v2\/media?parent=12187"}],"wp:term":[{"taxonomy":"category","embeddable":true,"href":"https:\/\/capivari.sp.gov.br\/portal\/wp-json\/wp\/v2\/categories?post=12187"},{"taxonomy":"post_tag","embeddable":true,"href":"https:\/\/capivari.sp.gov.br\/portal\/wp-json\/wp\/v2\/tags?post=12187"}],"curies":[{"name":"wp","href":"https:\/\/api.w.org\/{rel}","templated":true}]}}