{"id":12190,"date":"2023-06-16T17:49:13","date_gmt":"2023-06-16T20:49:13","guid":{"rendered":"https:\/\/capivari.sp.gov.br\/portal\/?p=12190"},"modified":"2023-06-23T09:55:41","modified_gmt":"2023-06-23T12:55:41","slug":"festival-de-inverno-de-capivari-sera-realizado-entre-os-dias-30-de-junho-e-02-de-julho-confira-a-programacao","status":"publish","type":"post","link":"https:\/\/capivari.sp.gov.br\/portal\/festival-de-inverno-de-capivari-sera-realizado-entre-os-dias-30-de-junho-e-02-de-julho-confira-a-programacao\/","title":{"rendered":"Festival de Inverno de Capivari ser\u00e1 realizado entre os dias 30 de junho e 02 de julho; Confira a programa\u00e7\u00e3o"},"content":{"rendered":"<p>O Festival de Inverno ser\u00e1 realizado nos dias 30 de junho, 01 e 02 de julho. Os concertos e shows, ficar\u00e3o concentrados na regi\u00e3o da Pra\u00e7a Central, divididos em dois palcos: Tarsila do Amaral e Sicoob.<\/p>\n<p>A programa\u00e7\u00e3o come\u00e7a na sexta-feira, dia 30, \u00e0s 18h, com apresenta\u00e7\u00e3o do Grupo Resson\u00e2ncia, formado por alunos de viol\u00e3o da Secretaria de Cultura de Capivari. Neste dia, o p\u00fablico ainda poder\u00e1 apreciar o concerto da Banda Sinf\u00f4nica do Conservat\u00f3rio de Tatu\u00ed, com a participa\u00e7\u00e3o do Tenor Capivariano, Eduardo Prado, e Fl\u00e1vio Ch\u00e3o de Estrelas fechando a noite.<\/p>\n<p>No s\u00e1bado, dia 01 de julho, a festa se inicia mais cedo. A partir das 14h, o p\u00fablico confere atra\u00e7\u00f5es como o Grupo Virou Mania, Diego Gigante e Banda e a Orquestra Filarm\u00f4nica de Itu. Para encerrar a noite, a Dupla Pedro Henrique e Renato, canta cl\u00e1ssicos da m\u00fasica sertaneja para o p\u00fablico.<\/p>\n<p>J\u00e1 no domingo, dia 02 de julho, ap\u00f3s o tradicional Desfile C\u00edvico, os palcos voltam a receber atra\u00e7\u00f5es musicais, como os Par\u00e7as, a Banda G\u00e2mbia Rock e a Orquestra Municipais de Sopro de Len\u00e7\u00f3is Paulista. A \u00faltima atra\u00e7\u00e3o ser\u00e1 o Samba da Aninha, encerrando o final de semana de festa com um passeio pela hist\u00f3ria do samba e suas variantes.<\/p>\n<p>\u201cPreparamos um Festival de Inverno com atra\u00e7\u00f5es que acontecem durante todo o final de semana para gostos variados. Al\u00e9m dos artistas locais, convidamos artistas e bandas de outras cidades para acentuar essa diversidade cultural\u201d, destacou o secret\u00e1rio de Cultura e Turismo, Edm\u00edlson Baia.<\/p>\n<p>Confira a programa\u00e7\u00e3o completa:<br \/>\nDia 30 de junho, sexta-feira:<br \/>\n\u00c0s 18h \u2013 Apresenta\u00e7\u00e3o do \u201cGrupo Resson\u00e2ncia\u201d, dos alunos da Oficina de Viol\u00e3o do Professor<br \/>\nRafael, no Palco 2 (Tarsila do Amaral)<br \/>\n\u00c0s 20h30 \u2013 Apresenta\u00e7\u00e3o da Banda Sinf\u00f4nica do Conservat\u00f3rio de Tatu\u00ed, com a participa\u00e7\u00e3o do Tenor Capivariano, Eduardo Prado, no Palco Principal (Sicoob)<br \/>\n\u00c0s 22h \u2013 Apresenta\u00e7\u00e3o de Fl\u00e1vio Ch\u00e3o de Estrelas, no Palco 2 (Tarsila do Amaral)<\/p>\n<p>Dia 01 de julho, s\u00e1bado:<br \/>\n\u00c0s 14h \u2013 Apresenta\u00e7\u00e3o do Grupo Virou Mania, no Palco 2 (Tarsila do Amaral)<br \/>\n\u00c0s 16h \u2013 Apresenta\u00e7\u00e3o do Diego Gigante e Banda, no Palco 2 (Tarsila do Amaral)<br \/>\n\u00c0s 18h \u2013 Apresenta\u00e7\u00e3o da Corpora\u00e7\u00e3o Musical Euclydes Colaneri, no Palco 2 (Tarsila do Amaral)<br \/>\n\u00c0s 20h \u2013 Apresenta\u00e7\u00e3o da Orquestra Filarm\u00f4nica de Itu, no Palco Principal (Sicoob)<br \/>\nA partir das 21h \u2013 Apresenta\u00e7\u00e3o da Dupla Pedro Henrique e Renato, no Palco 2 (Tarsila do Amaral)<\/p>\n<p>Dia 02 de julho, domingo:<br \/>\n\u00c0s 14h \u2013 Apresenta\u00e7\u00e3o \u201cOs Par\u00e7as\u201d, no Palco 2 (Tarsila do Amaral)<br \/>\n\u00c0s 16h \u2013 Apresenta\u00e7\u00e3o da Banda Gambia Rock, no Palco 2 (Tarsila do Amaral)<br \/>\n\u00c0s 20h \u2013 Apresenta\u00e7\u00e3o da Orquestra Municipal de Sopro de Len\u00e7\u00f3is Paulista, no Palco Principal (Sicoob)<br \/>\nA partir das 21h \u2013 Apresenta\u00e7\u00e3o do Samba da Aninha, no Palco 2 (Tarsila do Amaral)<\/p>\n<p>Para mais informa\u00e7\u00f5es, a Secretaria de Cultura e Turismo atende pelo telefone (19) 3491-1322, de segunda a sexta-feira, das\u00a008h30\u00a0\u00e0s\u00a016h30.<\/p>\n","protected":false},"excerpt":{"rendered":"<p>O Festival de Inverno ser\u00e1 realizado nos dias 30 de junho, 01 e 02 de julho. Os concertos e shows, ficar\u00e3o concentrados na regi\u00e3o da Pra\u00e7a Central, divididos em dois palcos: Tarsila do Amaral e Sicoob. A programa\u00e7\u00e3o come\u00e7a na sexta-feira, dia 30, \u00e0s 18h, com apresenta\u00e7\u00e3o do Grupo Resson\u00e2ncia, formado por alunos de viol\u00e3o [&hellip;]<\/p>\n","protected":false},"author":3,"featured_media":12191,"comment_status":"open","ping_status":"open","sticky":false,"template":"","format":"standard","meta":{"ocean_post_layout":"","ocean_both_sidebars_style":"","ocean_both_sidebars_content_width":0,"ocean_both_sidebars_sidebars_width":0,"ocean_sidebar":"0","ocean_second_sidebar":"0","ocean_disable_margins":"enable","ocean_add_body_class":"","ocean_shortcode_before_top_bar":"","ocean_shortcode_after_top_bar":"","ocean_shortcode_before_header":"","ocean_shortcode_after_header":"","ocean_has_shortcode":"","ocean_shortcode_after_title":"","ocean_shortcode_before_footer_widgets":"","ocean_shortcode_after_footer_widgets":"","ocean_shortcode_before_footer_bottom":"","ocean_shortcode_after_footer_bottom":"","ocean_display_top_bar":"default","ocean_display_header":"default","ocean_header_style":"","ocean_center_header_left_menu":"0","ocean_custom_header_template":"0","ocean_custom_logo":0,"ocean_custom_retina_logo":0,"ocean_custom_logo_max_width":0,"ocean_custom_logo_tablet_max_width":0,"ocean_custom_logo_mobile_max_width":0,"ocean_custom_logo_max_height":0,"ocean_custom_logo_tablet_max_height":0,"ocean_custom_logo_mobile_max_height":0,"ocean_header_custom_menu":"0","ocean_menu_typo_font_family":"0","ocean_menu_typo_font_subset":"","ocean_menu_typo_font_size":0,"ocean_menu_typo_font_size_tablet":0,"ocean_menu_typo_font_size_mobile":0,"ocean_menu_typo_font_size_unit":"px","ocean_menu_typo_font_weight":"","ocean_menu_typo_font_weight_tablet":"","ocean_menu_typo_font_weight_mobile":"","ocean_menu_typo_transform":"","ocean_menu_typo_transform_tablet":"","ocean_menu_typo_transform_mobile":"","ocean_menu_typo_line_height":0,"ocean_menu_typo_line_height_tablet":0,"ocean_menu_typo_line_height_mobile":0,"ocean_menu_typo_line_height_unit":"","ocean_menu_typo_spacing":0,"ocean_menu_typo_spacing_tablet":0,"ocean_menu_typo_spacing_mobile":0,"ocean_menu_typo_spacing_unit":"","ocean_menu_link_color":"","ocean_menu_link_color_hover":"","ocean_menu_link_color_active":"","ocean_menu_link_background":"","ocean_menu_link_hover_background":"","ocean_menu_link_active_background":"","ocean_menu_social_links_bg":"","ocean_menu_social_hover_links_bg":"","ocean_menu_social_links_color":"","ocean_menu_social_hover_links_color":"","ocean_disable_title":"default","ocean_disable_heading":"default","ocean_post_title":"","ocean_post_subheading":"","ocean_post_title_style":"","ocean_post_title_background_color":"","ocean_post_title_background":0,"ocean_post_title_bg_image_position":"","ocean_post_title_bg_image_attachment":"","ocean_post_title_bg_image_repeat":"","ocean_post_title_bg_image_size":"","ocean_post_title_height":0,"ocean_post_title_bg_overlay":0.5,"ocean_post_title_bg_overlay_color":"","ocean_disable_breadcrumbs":"default","ocean_breadcrumbs_color":"","ocean_breadcrumbs_separator_color":"","ocean_breadcrumbs_links_color":"","ocean_breadcrumbs_links_hover_color":"","ocean_display_footer_widgets":"default","ocean_display_footer_bottom":"default","ocean_custom_footer_template":"0","ocean_post_oembed":"","ocean_post_self_hosted_media":"","ocean_post_video_embed":"","ocean_link_format":"","ocean_link_format_target":"self","ocean_quote_format":"","ocean_quote_format_link":"post","ocean_gallery_link_images":"off","ocean_gallery_id":[],"footnotes":""},"categories":[17,4,5,24,30],"tags":[],"class_list":["post-12190","post","type-post","status-publish","format-standard","has-post-thumbnail","hentry","category-cultura","category-destaque","category-geral","category-governo","category-relacoes-publicas","entry","has-media"],"yoast_head":"<!-- This site is optimized with the Yoast SEO plugin v27.5 - https:\/\/yoast.com\/product\/yoast-seo-wordpress\/ -->\n<title>Festival de Inverno de Capivari ser\u00e1 realizado entre os dias 30 de junho e 02 de julho; Confira a programa\u00e7\u00e3o - Prefeitura de Capivari<\/title>\n<meta name=\"robots\" content=\"index, follow, max-snippet:-1, max-image-preview:large, max-video-preview:-1\" \/>\n<link rel=\"canonical\" href=\"https:\/\/capivari.sp.gov.br\/portal\/festival-de-inverno-de-capivari-sera-realizado-entre-os-dias-30-de-junho-e-02-de-julho-confira-a-programacao\/\" \/>\n<meta property=\"og:locale\" content=\"pt_BR\" \/>\n<meta property=\"og:type\" content=\"article\" \/>\n<meta property=\"og:title\" content=\"Festival de Inverno de Capivari ser\u00e1 realizado entre os dias 30 de junho e 02 de julho; Confira a programa\u00e7\u00e3o - Prefeitura de Capivari\" \/>\n<meta property=\"og:description\" content=\"O Festival de Inverno ser\u00e1 realizado nos dias 30 de junho, 01 e 02 de julho. Os concertos e shows, ficar\u00e3o concentrados na regi\u00e3o da Pra\u00e7a Central, divididos em dois palcos: Tarsila do Amaral e Sicoob. A programa\u00e7\u00e3o come\u00e7a na sexta-feira, dia 30, \u00e0s 18h, com apresenta\u00e7\u00e3o do Grupo Resson\u00e2ncia, formado por alunos de viol\u00e3o [&hellip;]\" \/>\n<meta property=\"og:url\" content=\"https:\/\/capivari.sp.gov.br\/portal\/festival-de-inverno-de-capivari-sera-realizado-entre-os-dias-30-de-junho-e-02-de-julho-confira-a-programacao\/\" \/>\n<meta property=\"og:site_name\" content=\"Prefeitura de Capivari\" \/>\n<meta property=\"article:publisher\" content=\"https:\/\/www.facebook.com\/PrefeituradeCapivari\/\" \/>\n<meta property=\"article:published_time\" content=\"2023-06-16T20:49:13+00:00\" \/>\n<meta property=\"article:modified_time\" content=\"2023-06-23T12:55:41+00:00\" \/>\n<meta property=\"og:image\" content=\"https:\/\/capivari.sp.gov.br\/portal\/wp-content\/uploads\/2023\/06\/1-1.jpg\" \/>\n\t<meta property=\"og:image:width\" content=\"1280\" \/>\n\t<meta property=\"og:image:height\" content=\"720\" \/>\n\t<meta property=\"og:image:type\" content=\"image\/jpeg\" \/>\n<meta name=\"author\" content=\"Rafaella Uvini\" \/>\n<meta name=\"twitter:card\" content=\"summary_large_image\" \/>\n<meta name=\"twitter:creator\" content=\"@PrefCapivari\" \/>\n<meta name=\"twitter:site\" content=\"@PrefCapivari\" \/>\n<meta name=\"twitter:label1\" content=\"Escrito por\" \/>\n\t<meta name=\"twitter:data1\" content=\"Rafaella Uvini\" \/>\n\t<meta name=\"twitter:label2\" content=\"Est. tempo de leitura\" \/>\n\t<meta name=\"twitter:data2\" content=\"3 minutos\" \/>\n<script type=\"application\/ld+json\" class=\"yoast-schema-graph\">{\"@context\":\"https:\\\/\\\/schema.org\",\"@graph\":[{\"@type\":\"Article\",\"@id\":\"https:\\\/\\\/capivari.sp.gov.br\\\/portal\\\/festival-de-inverno-de-capivari-sera-realizado-entre-os-dias-30-de-junho-e-02-de-julho-confira-a-programacao\\\/#article\",\"isPartOf\":{\"@id\":\"https:\\\/\\\/capivari.sp.gov.br\\\/portal\\\/festival-de-inverno-de-capivari-sera-realizado-entre-os-dias-30-de-junho-e-02-de-julho-confira-a-programacao\\\/\"},\"author\":{\"name\":\"Rafaella Uvini\",\"@id\":\"https:\\\/\\\/capivari.sp.gov.br\\\/portal\\\/#\\\/schema\\\/person\\\/d7b1048525ce907b55245fe0fcaea2e5\"},\"headline\":\"Festival de Inverno de Capivari ser\u00e1 realizado entre os dias 30 de junho e 02 de julho; Confira a programa\u00e7\u00e3o\",\"datePublished\":\"2023-06-16T20:49:13+00:00\",\"dateModified\":\"2023-06-23T12:55:41+00:00\",\"mainEntityOfPage\":{\"@id\":\"https:\\\/\\\/capivari.sp.gov.br\\\/portal\\\/festival-de-inverno-de-capivari-sera-realizado-entre-os-dias-30-de-junho-e-02-de-julho-confira-a-programacao\\\/\"},\"wordCount\":530,\"commentCount\":0,\"publisher\":{\"@id\":\"https:\\\/\\\/capivari.sp.gov.br\\\/portal\\\/#organization\"},\"image\":{\"@id\":\"https:\\\/\\\/capivari.sp.gov.br\\\/portal\\\/festival-de-inverno-de-capivari-sera-realizado-entre-os-dias-30-de-junho-e-02-de-julho-confira-a-programacao\\\/#primaryimage\"},\"thumbnailUrl\":\"https:\\\/\\\/capivari.sp.gov.br\\\/portal\\\/wp-content\\\/uploads\\\/2023\\\/06\\\/1-1.jpg\",\"articleSection\":[\"Cultura\",\"Destaque\",\"Geral\",\"Governo\",\"Rela\u00e7\u00f5es P\u00fablicas\"],\"inLanguage\":\"pt-BR\",\"potentialAction\":[{\"@type\":\"CommentAction\",\"name\":\"Comment\",\"target\":[\"https:\\\/\\\/capivari.sp.gov.br\\\/portal\\\/festival-de-inverno-de-capivari-sera-realizado-entre-os-dias-30-de-junho-e-02-de-julho-confira-a-programacao\\\/#respond\"]}]},{\"@type\":\"WebPage\",\"@id\":\"https:\\\/\\\/capivari.sp.gov.br\\\/portal\\\/festival-de-inverno-de-capivari-sera-realizado-entre-os-dias-30-de-junho-e-02-de-julho-confira-a-programacao\\\/\",\"url\":\"https:\\\/\\\/capivari.sp.gov.br\\\/portal\\\/festival-de-inverno-de-capivari-sera-realizado-entre-os-dias-30-de-junho-e-02-de-julho-confira-a-programacao\\\/\",\"name\":\"Festival de Inverno de Capivari ser\u00e1 realizado entre os dias 30 de junho e 02 de julho; Confira a programa\u00e7\u00e3o - Prefeitura de Capivari\",\"isPartOf\":{\"@id\":\"https:\\\/\\\/capivari.sp.gov.br\\\/portal\\\/#website\"},\"primaryImageOfPage\":{\"@id\":\"https:\\\/\\\/capivari.sp.gov.br\\\/portal\\\/festival-de-inverno-de-capivari-sera-realizado-entre-os-dias-30-de-junho-e-02-de-julho-confira-a-programacao\\\/#primaryimage\"},\"image\":{\"@id\":\"https:\\\/\\\/capivari.sp.gov.br\\\/portal\\\/festival-de-inverno-de-capivari-sera-realizado-entre-os-dias-30-de-junho-e-02-de-julho-confira-a-programacao\\\/#primaryimage\"},\"thumbnailUrl\":\"https:\\\/\\\/capivari.sp.gov.br\\\/portal\\\/wp-content\\\/uploads\\\/2023\\\/06\\\/1-1.jpg\",\"datePublished\":\"2023-06-16T20:49:13+00:00\",\"dateModified\":\"2023-06-23T12:55:41+00:00\",\"breadcrumb\":{\"@id\":\"https:\\\/\\\/capivari.sp.gov.br\\\/portal\\\/festival-de-inverno-de-capivari-sera-realizado-entre-os-dias-30-de-junho-e-02-de-julho-confira-a-programacao\\\/#breadcrumb\"},\"inLanguage\":\"pt-BR\",\"potentialAction\":[{\"@type\":\"ReadAction\",\"target\":[\"https:\\\/\\\/capivari.sp.gov.br\\\/portal\\\/festival-de-inverno-de-capivari-sera-realizado-entre-os-dias-30-de-junho-e-02-de-julho-confira-a-programacao\\\/\"]}]},{\"@type\":\"ImageObject\",\"inLanguage\":\"pt-BR\",\"@id\":\"https:\\\/\\\/capivari.sp.gov.br\\\/portal\\\/festival-de-inverno-de-capivari-sera-realizado-entre-os-dias-30-de-junho-e-02-de-julho-confira-a-programacao\\\/#primaryimage\",\"url\":\"https:\\\/\\\/capivari.sp.gov.br\\\/portal\\\/wp-content\\\/uploads\\\/2023\\\/06\\\/1-1.jpg\",\"contentUrl\":\"https:\\\/\\\/capivari.sp.gov.br\\\/portal\\\/wp-content\\\/uploads\\\/2023\\\/06\\\/1-1.jpg\",\"width\":1280,\"height\":720},{\"@type\":\"BreadcrumbList\",\"@id\":\"https:\\\/\\\/capivari.sp.gov.br\\\/portal\\\/festival-de-inverno-de-capivari-sera-realizado-entre-os-dias-30-de-junho-e-02-de-julho-confira-a-programacao\\\/#breadcrumb\",\"itemListElement\":[{\"@type\":\"ListItem\",\"position\":1,\"name\":\"In\u00edcio\",\"item\":\"https:\\\/\\\/capivari.sp.gov.br\\\/portal\\\/\"},{\"@type\":\"ListItem\",\"position\":2,\"name\":\"Festival de Inverno de Capivari ser\u00e1 realizado entre os dias 30 de junho e 02 de julho; Confira a programa\u00e7\u00e3o\"}]},{\"@type\":\"WebSite\",\"@id\":\"https:\\\/\\\/capivari.sp.gov.br\\\/portal\\\/#website\",\"url\":\"https:\\\/\\\/capivari.sp.gov.br\\\/portal\\\/\",\"name\":\"Prefeitura de Capivari\",\"description\":\"Prefeitura de Capivari\",\"publisher\":{\"@id\":\"https:\\\/\\\/capivari.sp.gov.br\\\/portal\\\/#organization\"},\"potentialAction\":[{\"@type\":\"SearchAction\",\"target\":{\"@type\":\"EntryPoint\",\"urlTemplate\":\"https:\\\/\\\/capivari.sp.gov.br\\\/portal\\\/?s={search_term_string}\"},\"query-input\":{\"@type\":\"PropertyValueSpecification\",\"valueRequired\":true,\"valueName\":\"search_term_string\"}}],\"inLanguage\":\"pt-BR\"},{\"@type\":\"Organization\",\"@id\":\"https:\\\/\\\/capivari.sp.gov.br\\\/portal\\\/#organization\",\"name\":\"Prefeitura de Capivari\",\"url\":\"https:\\\/\\\/capivari.sp.gov.br\\\/portal\\\/\",\"logo\":{\"@type\":\"ImageObject\",\"inLanguage\":\"pt-BR\",\"@id\":\"https:\\\/\\\/capivari.sp.gov.br\\\/portal\\\/#\\\/schema\\\/logo\\\/image\\\/\",\"url\":\"https:\\\/\\\/capivari.sp.gov.br\\\/portal\\\/wp-content\\\/uploads\\\/2021\\\/09\\\/logo-prefeitura-de-capivari.png\",\"contentUrl\":\"https:\\\/\\\/capivari.sp.gov.br\\\/portal\\\/wp-content\\\/uploads\\\/2021\\\/09\\\/logo-prefeitura-de-capivari.png\",\"width\":200,\"height\":147,\"caption\":\"Prefeitura de Capivari\"},\"image\":{\"@id\":\"https:\\\/\\\/capivari.sp.gov.br\\\/portal\\\/#\\\/schema\\\/logo\\\/image\\\/\"},\"sameAs\":[\"https:\\\/\\\/www.facebook.com\\\/PrefeituradeCapivari\\\/\",\"https:\\\/\\\/x.com\\\/PrefCapivari\",\"https:\\\/\\\/www.instagram.com\\\/prefeituracapivari\\\/\"]},{\"@type\":\"Person\",\"@id\":\"https:\\\/\\\/capivari.sp.gov.br\\\/portal\\\/#\\\/schema\\\/person\\\/d7b1048525ce907b55245fe0fcaea2e5\",\"name\":\"Rafaella Uvini\",\"image\":{\"@type\":\"ImageObject\",\"inLanguage\":\"pt-BR\",\"@id\":\"https:\\\/\\\/secure.gravatar.com\\\/avatar\\\/698757f92517b418dbefa88732eb599ad7eed21dcca72e22815a04b2d6270e91?s=96&d=mm&r=g\",\"url\":\"https:\\\/\\\/secure.gravatar.com\\\/avatar\\\/698757f92517b418dbefa88732eb599ad7eed21dcca72e22815a04b2d6270e91?s=96&d=mm&r=g\",\"contentUrl\":\"https:\\\/\\\/secure.gravatar.com\\\/avatar\\\/698757f92517b418dbefa88732eb599ad7eed21dcca72e22815a04b2d6270e91?s=96&d=mm&r=g\",\"caption\":\"Rafaella Uvini\"},\"url\":\"https:\\\/\\\/capivari.sp.gov.br\\\/portal\\\/author\\\/rafaella-uvini\\\/\"}]}<\/script>\n<!-- \/ Yoast SEO plugin. -->","yoast_head_json":{"title":"Festival de Inverno de Capivari ser\u00e1 realizado entre os dias 30 de junho e 02 de julho; Confira a programa\u00e7\u00e3o - Prefeitura de Capivari","robots":{"index":"index","follow":"follow","max-snippet":"max-snippet:-1","max-image-preview":"max-image-preview:large","max-video-preview":"max-video-preview:-1"},"canonical":"https:\/\/capivari.sp.gov.br\/portal\/festival-de-inverno-de-capivari-sera-realizado-entre-os-dias-30-de-junho-e-02-de-julho-confira-a-programacao\/","og_locale":"pt_BR","og_type":"article","og_title":"Festival de Inverno de Capivari ser\u00e1 realizado entre os dias 30 de junho e 02 de julho; Confira a programa\u00e7\u00e3o - Prefeitura de Capivari","og_description":"O Festival de Inverno ser\u00e1 realizado nos dias 30 de junho, 01 e 02 de julho. Os concertos e shows, ficar\u00e3o concentrados na regi\u00e3o da Pra\u00e7a Central, divididos em dois palcos: Tarsila do Amaral e Sicoob. A programa\u00e7\u00e3o come\u00e7a na sexta-feira, dia 30, \u00e0s 18h, com apresenta\u00e7\u00e3o do Grupo Resson\u00e2ncia, formado por alunos de viol\u00e3o [&hellip;]","og_url":"https:\/\/capivari.sp.gov.br\/portal\/festival-de-inverno-de-capivari-sera-realizado-entre-os-dias-30-de-junho-e-02-de-julho-confira-a-programacao\/","og_site_name":"Prefeitura de Capivari","article_publisher":"https:\/\/www.facebook.com\/PrefeituradeCapivari\/","article_published_time":"2023-06-16T20:49:13+00:00","article_modified_time":"2023-06-23T12:55:41+00:00","og_image":[{"width":1280,"height":720,"url":"https:\/\/capivari.sp.gov.br\/portal\/wp-content\/uploads\/2023\/06\/1-1.jpg","type":"image\/jpeg"}],"author":"Rafaella Uvini","twitter_card":"summary_large_image","twitter_creator":"@PrefCapivari","twitter_site":"@PrefCapivari","twitter_misc":{"Escrito por":"Rafaella Uvini","Est. tempo de leitura":"3 minutos"},"schema":{"@context":"https:\/\/schema.org","@graph":[{"@type":"Article","@id":"https:\/\/capivari.sp.gov.br\/portal\/festival-de-inverno-de-capivari-sera-realizado-entre-os-dias-30-de-junho-e-02-de-julho-confira-a-programacao\/#article","isPartOf":{"@id":"https:\/\/capivari.sp.gov.br\/portal\/festival-de-inverno-de-capivari-sera-realizado-entre-os-dias-30-de-junho-e-02-de-julho-confira-a-programacao\/"},"author":{"name":"Rafaella Uvini","@id":"https:\/\/capivari.sp.gov.br\/portal\/#\/schema\/person\/d7b1048525ce907b55245fe0fcaea2e5"},"headline":"Festival de Inverno de Capivari ser\u00e1 realizado entre os dias 30 de junho e 02 de julho; Confira a programa\u00e7\u00e3o","datePublished":"2023-06-16T20:49:13+00:00","dateModified":"2023-06-23T12:55:41+00:00","mainEntityOfPage":{"@id":"https:\/\/capivari.sp.gov.br\/portal\/festival-de-inverno-de-capivari-sera-realizado-entre-os-dias-30-de-junho-e-02-de-julho-confira-a-programacao\/"},"wordCount":530,"commentCount":0,"publisher":{"@id":"https:\/\/capivari.sp.gov.br\/portal\/#organization"},"image":{"@id":"https:\/\/capivari.sp.gov.br\/portal\/festival-de-inverno-de-capivari-sera-realizado-entre-os-dias-30-de-junho-e-02-de-julho-confira-a-programacao\/#primaryimage"},"thumbnailUrl":"https:\/\/capivari.sp.gov.br\/portal\/wp-content\/uploads\/2023\/06\/1-1.jpg","articleSection":["Cultura","Destaque","Geral","Governo","Rela\u00e7\u00f5es P\u00fablicas"],"inLanguage":"pt-BR","potentialAction":[{"@type":"CommentAction","name":"Comment","target":["https:\/\/capivari.sp.gov.br\/portal\/festival-de-inverno-de-capivari-sera-realizado-entre-os-dias-30-de-junho-e-02-de-julho-confira-a-programacao\/#respond"]}]},{"@type":"WebPage","@id":"https:\/\/capivari.sp.gov.br\/portal\/festival-de-inverno-de-capivari-sera-realizado-entre-os-dias-30-de-junho-e-02-de-julho-confira-a-programacao\/","url":"https:\/\/capivari.sp.gov.br\/portal\/festival-de-inverno-de-capivari-sera-realizado-entre-os-dias-30-de-junho-e-02-de-julho-confira-a-programacao\/","name":"Festival de Inverno de Capivari ser\u00e1 realizado entre os dias 30 de junho e 02 de julho; Confira a programa\u00e7\u00e3o - Prefeitura de Capivari","isPartOf":{"@id":"https:\/\/capivari.sp.gov.br\/portal\/#website"},"primaryImageOfPage":{"@id":"https:\/\/capivari.sp.gov.br\/portal\/festival-de-inverno-de-capivari-sera-realizado-entre-os-dias-30-de-junho-e-02-de-julho-confira-a-programacao\/#primaryimage"},"image":{"@id":"https:\/\/capivari.sp.gov.br\/portal\/festival-de-inverno-de-capivari-sera-realizado-entre-os-dias-30-de-junho-e-02-de-julho-confira-a-programacao\/#primaryimage"},"thumbnailUrl":"https:\/\/capivari.sp.gov.br\/portal\/wp-content\/uploads\/2023\/06\/1-1.jpg","datePublished":"2023-06-16T20:49:13+00:00","dateModified":"2023-06-23T12:55:41+00:00","breadcrumb":{"@id":"https:\/\/capivari.sp.gov.br\/portal\/festival-de-inverno-de-capivari-sera-realizado-entre-os-dias-30-de-junho-e-02-de-julho-confira-a-programacao\/#breadcrumb"},"inLanguage":"pt-BR","potentialAction":[{"@type":"ReadAction","target":["https:\/\/capivari.sp.gov.br\/portal\/festival-de-inverno-de-capivari-sera-realizado-entre-os-dias-30-de-junho-e-02-de-julho-confira-a-programacao\/"]}]},{"@type":"ImageObject","inLanguage":"pt-BR","@id":"https:\/\/capivari.sp.gov.br\/portal\/festival-de-inverno-de-capivari-sera-realizado-entre-os-dias-30-de-junho-e-02-de-julho-confira-a-programacao\/#primaryimage","url":"https:\/\/capivari.sp.gov.br\/portal\/wp-content\/uploads\/2023\/06\/1-1.jpg","contentUrl":"https:\/\/capivari.sp.gov.br\/portal\/wp-content\/uploads\/2023\/06\/1-1.jpg","width":1280,"height":720},{"@type":"BreadcrumbList","@id":"https:\/\/capivari.sp.gov.br\/portal\/festival-de-inverno-de-capivari-sera-realizado-entre-os-dias-30-de-junho-e-02-de-julho-confira-a-programacao\/#breadcrumb","itemListElement":[{"@type":"ListItem","position":1,"name":"In\u00edcio","item":"https:\/\/capivari.sp.gov.br\/portal\/"},{"@type":"ListItem","position":2,"name":"Festival de Inverno de Capivari ser\u00e1 realizado entre os dias 30 de junho e 02 de julho; Confira a programa\u00e7\u00e3o"}]},{"@type":"WebSite","@id":"https:\/\/capivari.sp.gov.br\/portal\/#website","url":"https:\/\/capivari.sp.gov.br\/portal\/","name":"Prefeitura de Capivari","description":"Prefeitura de Capivari","publisher":{"@id":"https:\/\/capivari.sp.gov.br\/portal\/#organization"},"potentialAction":[{"@type":"SearchAction","target":{"@type":"EntryPoint","urlTemplate":"https:\/\/capivari.sp.gov.br\/portal\/?s={search_term_string}"},"query-input":{"@type":"PropertyValueSpecification","valueRequired":true,"valueName":"search_term_string"}}],"inLanguage":"pt-BR"},{"@type":"Organization","@id":"https:\/\/capivari.sp.gov.br\/portal\/#organization","name":"Prefeitura de Capivari","url":"https:\/\/capivari.sp.gov.br\/portal\/","logo":{"@type":"ImageObject","inLanguage":"pt-BR","@id":"https:\/\/capivari.sp.gov.br\/portal\/#\/schema\/logo\/image\/","url":"https:\/\/capivari.sp.gov.br\/portal\/wp-content\/uploads\/2021\/09\/logo-prefeitura-de-capivari.png","contentUrl":"https:\/\/capivari.sp.gov.br\/portal\/wp-content\/uploads\/2021\/09\/logo-prefeitura-de-capivari.png","width":200,"height":147,"caption":"Prefeitura de Capivari"},"image":{"@id":"https:\/\/capivari.sp.gov.br\/portal\/#\/schema\/logo\/image\/"},"sameAs":["https:\/\/www.facebook.com\/PrefeituradeCapivari\/","https:\/\/x.com\/PrefCapivari","https:\/\/www.instagram.com\/prefeituracapivari\/"]},{"@type":"Person","@id":"https:\/\/capivari.sp.gov.br\/portal\/#\/schema\/person\/d7b1048525ce907b55245fe0fcaea2e5","name":"Rafaella Uvini","image":{"@type":"ImageObject","inLanguage":"pt-BR","@id":"https:\/\/secure.gravatar.com\/avatar\/698757f92517b418dbefa88732eb599ad7eed21dcca72e22815a04b2d6270e91?s=96&d=mm&r=g","url":"https:\/\/secure.gravatar.com\/avatar\/698757f92517b418dbefa88732eb599ad7eed21dcca72e22815a04b2d6270e91?s=96&d=mm&r=g","contentUrl":"https:\/\/secure.gravatar.com\/avatar\/698757f92517b418dbefa88732eb599ad7eed21dcca72e22815a04b2d6270e91?s=96&d=mm&r=g","caption":"Rafaella Uvini"},"url":"https:\/\/capivari.sp.gov.br\/portal\/author\/rafaella-uvini\/"}]}},"_links":{"self":[{"href":"https:\/\/capivari.sp.gov.br\/portal\/wp-json\/wp\/v2\/posts\/12190","targetHints":{"allow":["GET"]}}],"collection":[{"href":"https:\/\/capivari.sp.gov.br\/portal\/wp-json\/wp\/v2\/posts"}],"about":[{"href":"https:\/\/capivari.sp.gov.br\/portal\/wp-json\/wp\/v2\/types\/post"}],"author":[{"embeddable":true,"href":"https:\/\/capivari.sp.gov.br\/portal\/wp-json\/wp\/v2\/users\/3"}],"replies":[{"embeddable":true,"href":"https:\/\/capivari.sp.gov.br\/portal\/wp-json\/wp\/v2\/comments?post=12190"}],"version-history":[{"count":5,"href":"https:\/\/capivari.sp.gov.br\/portal\/wp-json\/wp\/v2\/posts\/12190\/revisions"}],"predecessor-version":[{"id":12297,"href":"https:\/\/capivari.sp.gov.br\/portal\/wp-json\/wp\/v2\/posts\/12190\/revisions\/12297"}],"wp:featuredmedia":[{"embeddable":true,"href":"https:\/\/capivari.sp.gov.br\/portal\/wp-json\/wp\/v2\/media\/12191"}],"wp:attachment":[{"href":"https:\/\/capivari.sp.gov.br\/portal\/wp-json\/wp\/v2\/media?parent=12190"}],"wp:term":[{"taxonomy":"category","embeddable":true,"href":"https:\/\/capivari.sp.gov.br\/portal\/wp-json\/wp\/v2\/categories?post=12190"},{"taxonomy":"post_tag","embeddable":true,"href":"https:\/\/capivari.sp.gov.br\/portal\/wp-json\/wp\/v2\/tags?post=12190"}],"curies":[{"name":"wp","href":"https:\/\/api.w.org\/{rel}","templated":true}]}}