{"id":12196,"date":"2023-06-19T11:43:34","date_gmt":"2023-06-19T14:43:34","guid":{"rendered":"https:\/\/capivari.sp.gov.br\/portal\/?p=12196"},"modified":"2023-06-19T11:43:34","modified_gmt":"2023-06-19T14:43:34","slug":"animacao-e-dancas-tipicas-marcam-final-de-semana-de-festas-juninas-nas-escolas-da-rede-municipal-de-capivari","status":"publish","type":"post","link":"https:\/\/capivari.sp.gov.br\/portal\/animacao-e-dancas-tipicas-marcam-final-de-semana-de-festas-juninas-nas-escolas-da-rede-municipal-de-capivari\/","title":{"rendered":"Anima\u00e7\u00e3o e dan\u00e7as t\u00edpicas marcam final de semana de Festas Juninas nas escolas da Rede Municipal de Capivari"},"content":{"rendered":"<p><span style=\"font-family: Arial, sans-serif;\"><span style=\"font-size: large;\">As Escolas Municipais de Capivari realizaram eventos Juninos durante o \u00faltimo final de semana, marcados por muita dan\u00e7a e anima\u00e7\u00e3o entre crian\u00e7as e familiares.<\/p>\n<p>No per\u00edodo da manh\u00e3, a Escola Cec\u00edlia Cerezer Riccomini, no bairro Santa Rosa, e a Escola Am\u00e9lia Francisca Alves, na Nova Aparecida, se uniram para um evento conjunto, num total de 150 crian\u00e7as se apresentando na quadra e p\u00e1tio da Escola do Santa Rosa.<\/p>\n<p>No per\u00edodo da tarde, foi a vez das EMEIEFs Professora Lenita de Camargo Penteado, no Centro, e Maria do Carmo Amaral, no Jardim Morada do Sol, colocarem as quadrilhas juninas para dan\u00e7ar. Mais de uma centena de crian\u00e7as se exibiram em cada escola para um p\u00fablico que uniu pais e membros da comunidade.<\/p>\n<p>Nas pr\u00f3ximas semanas, os eventos continuam. No dia 30 de junho, a Escola Professor Aldo Silveira realiza seu evento das 18h30 \u00e0s 22h30 no p\u00e1tio do col\u00e9gio, que fica no bairro Moreto. J\u00e1 no dia 01 de julho, a Associa\u00e7\u00e3o de Pais e Amigos dos Excepcionais (APAE) tamb\u00e9m organiza sua festa, que j\u00e1 \u00e9 tradicional na programa\u00e7\u00e3o deste per\u00edodo do ano. O evento da APAE come\u00e7a \u00e0s 10h e se estende at\u00e9 \u00e0s 16h.<\/p>\n<p>Para mais informa\u00e7\u00f5es sobre os eventos, entre em contato com a administra\u00e7\u00e3o das escolas.<b><\/p>\n<p>Prefeitura de Capivari. Transformando o presente, construindo\u00a0o\u00a0futuro.<\/b><\/span><\/span><\/p>\n","protected":false},"excerpt":{"rendered":"<p>As Escolas Municipais de Capivari realizaram eventos Juninos durante o \u00faltimo final de semana, marcados por muita dan\u00e7a e anima\u00e7\u00e3o entre crian\u00e7as e familiares. No per\u00edodo da manh\u00e3, a Escola Cec\u00edlia Cerezer Riccomini, no bairro Santa Rosa, e a Escola Am\u00e9lia Francisca Alves, na Nova Aparecida, se uniram para um evento conjunto, num total de [&hellip;]<\/p>\n","protected":false},"author":15,"featured_media":12200,"comment_status":"open","ping_status":"open","sticky":false,"template":"","format":"standard","meta":{"ocean_post_layout":"","ocean_both_sidebars_style":"","ocean_both_sidebars_content_width":0,"ocean_both_sidebars_sidebars_width":0,"ocean_sidebar":"","ocean_second_sidebar":"","ocean_disable_margins":"enable","ocean_add_body_class":"","ocean_shortcode_before_top_bar":"","ocean_shortcode_after_top_bar":"","ocean_shortcode_before_header":"","ocean_shortcode_after_header":"","ocean_has_shortcode":"","ocean_shortcode_after_title":"","ocean_shortcode_before_footer_widgets":"","ocean_shortcode_after_footer_widgets":"","ocean_shortcode_before_footer_bottom":"","ocean_shortcode_after_footer_bottom":"","ocean_display_top_bar":"default","ocean_display_header":"default","ocean_header_style":"","ocean_center_header_left_menu":"","ocean_custom_header_template":"","ocean_custom_logo":0,"ocean_custom_retina_logo":0,"ocean_custom_logo_max_width":0,"ocean_custom_logo_tablet_max_width":0,"ocean_custom_logo_mobile_max_width":0,"ocean_custom_logo_max_height":0,"ocean_custom_logo_tablet_max_height":0,"ocean_custom_logo_mobile_max_height":0,"ocean_header_custom_menu":"","ocean_menu_typo_font_family":"","ocean_menu_typo_font_subset":"","ocean_menu_typo_font_size":0,"ocean_menu_typo_font_size_tablet":0,"ocean_menu_typo_font_size_mobile":0,"ocean_menu_typo_font_size_unit":"px","ocean_menu_typo_font_weight":"","ocean_menu_typo_font_weight_tablet":"","ocean_menu_typo_font_weight_mobile":"","ocean_menu_typo_transform":"","ocean_menu_typo_transform_tablet":"","ocean_menu_typo_transform_mobile":"","ocean_menu_typo_line_height":0,"ocean_menu_typo_line_height_tablet":0,"ocean_menu_typo_line_height_mobile":0,"ocean_menu_typo_line_height_unit":"","ocean_menu_typo_spacing":0,"ocean_menu_typo_spacing_tablet":0,"ocean_menu_typo_spacing_mobile":0,"ocean_menu_typo_spacing_unit":"","ocean_menu_link_color":"","ocean_menu_link_color_hover":"","ocean_menu_link_color_active":"","ocean_menu_link_background":"","ocean_menu_link_hover_background":"","ocean_menu_link_active_background":"","ocean_menu_social_links_bg":"","ocean_menu_social_hover_links_bg":"","ocean_menu_social_links_color":"","ocean_menu_social_hover_links_color":"","ocean_disable_title":"default","ocean_disable_heading":"default","ocean_post_title":"","ocean_post_subheading":"","ocean_post_title_style":"","ocean_post_title_background_color":"","ocean_post_title_background":0,"ocean_post_title_bg_image_position":"","ocean_post_title_bg_image_attachment":"","ocean_post_title_bg_image_repeat":"","ocean_post_title_bg_image_size":"","ocean_post_title_height":0,"ocean_post_title_bg_overlay":0.5,"ocean_post_title_bg_overlay_color":"","ocean_disable_breadcrumbs":"default","ocean_breadcrumbs_color":"","ocean_breadcrumbs_separator_color":"","ocean_breadcrumbs_links_color":"","ocean_breadcrumbs_links_hover_color":"","ocean_display_footer_widgets":"default","ocean_display_footer_bottom":"default","ocean_custom_footer_template":"","ocean_post_oembed":"","ocean_post_self_hosted_media":"","ocean_post_video_embed":"","ocean_link_format":"","ocean_link_format_target":"self","ocean_quote_format":"","ocean_quote_format_link":"post","ocean_gallery_link_images":"off","ocean_gallery_id":[],"footnotes":""},"categories":[21,5],"tags":[],"class_list":["post-12196","post","type-post","status-publish","format-standard","has-post-thumbnail","hentry","category-educacao","category-geral","entry","has-media"],"yoast_head":"<!-- This site is optimized with the Yoast SEO plugin v27.5 - https:\/\/yoast.com\/product\/yoast-seo-wordpress\/ -->\n<title>Anima\u00e7\u00e3o e dan\u00e7as t\u00edpicas marcam final de semana de Festas Juninas nas escolas da Rede Municipal de Capivari - Prefeitura de Capivari<\/title>\n<meta name=\"robots\" content=\"index, follow, max-snippet:-1, max-image-preview:large, max-video-preview:-1\" \/>\n<link rel=\"canonical\" href=\"https:\/\/capivari.sp.gov.br\/portal\/animacao-e-dancas-tipicas-marcam-final-de-semana-de-festas-juninas-nas-escolas-da-rede-municipal-de-capivari\/\" \/>\n<meta property=\"og:locale\" content=\"pt_BR\" \/>\n<meta property=\"og:type\" content=\"article\" \/>\n<meta property=\"og:title\" content=\"Anima\u00e7\u00e3o e dan\u00e7as t\u00edpicas marcam final de semana de Festas Juninas nas escolas da Rede Municipal de Capivari - Prefeitura de Capivari\" \/>\n<meta property=\"og:description\" content=\"As Escolas Municipais de Capivari realizaram eventos Juninos durante o \u00faltimo final de semana, marcados por muita dan\u00e7a e anima\u00e7\u00e3o entre crian\u00e7as e familiares. No per\u00edodo da manh\u00e3, a Escola Cec\u00edlia Cerezer Riccomini, no bairro Santa Rosa, e a Escola Am\u00e9lia Francisca Alves, na Nova Aparecida, se uniram para um evento conjunto, num total de [&hellip;]\" \/>\n<meta property=\"og:url\" content=\"https:\/\/capivari.sp.gov.br\/portal\/animacao-e-dancas-tipicas-marcam-final-de-semana-de-festas-juninas-nas-escolas-da-rede-municipal-de-capivari\/\" \/>\n<meta property=\"og:site_name\" content=\"Prefeitura de Capivari\" \/>\n<meta property=\"article:publisher\" content=\"https:\/\/www.facebook.com\/PrefeituradeCapivari\/\" \/>\n<meta property=\"article:published_time\" content=\"2023-06-19T14:43:34+00:00\" \/>\n<meta property=\"og:image\" content=\"https:\/\/capivari.sp.gov.br\/portal\/wp-content\/uploads\/2023\/06\/IMG_1038-scaled.jpg\" \/>\n\t<meta property=\"og:image:width\" content=\"2560\" \/>\n\t<meta property=\"og:image:height\" content=\"1707\" \/>\n\t<meta property=\"og:image:type\" content=\"image\/jpeg\" \/>\n<meta name=\"author\" content=\"Luciano Assis\" \/>\n<meta name=\"twitter:card\" content=\"summary_large_image\" \/>\n<meta name=\"twitter:creator\" content=\"@PrefCapivari\" \/>\n<meta name=\"twitter:site\" content=\"@PrefCapivari\" \/>\n<meta name=\"twitter:label1\" content=\"Escrito por\" \/>\n\t<meta name=\"twitter:data1\" content=\"Luciano Assis\" \/>\n\t<meta name=\"twitter:label2\" content=\"Est. tempo de leitura\" \/>\n\t<meta name=\"twitter:data2\" content=\"2 minutos\" \/>\n<script type=\"application\/ld+json\" class=\"yoast-schema-graph\">{\"@context\":\"https:\\\/\\\/schema.org\",\"@graph\":[{\"@type\":\"Article\",\"@id\":\"https:\\\/\\\/capivari.sp.gov.br\\\/portal\\\/animacao-e-dancas-tipicas-marcam-final-de-semana-de-festas-juninas-nas-escolas-da-rede-municipal-de-capivari\\\/#article\",\"isPartOf\":{\"@id\":\"https:\\\/\\\/capivari.sp.gov.br\\\/portal\\\/animacao-e-dancas-tipicas-marcam-final-de-semana-de-festas-juninas-nas-escolas-da-rede-municipal-de-capivari\\\/\"},\"author\":{\"name\":\"Luciano Assis\",\"@id\":\"https:\\\/\\\/capivari.sp.gov.br\\\/portal\\\/#\\\/schema\\\/person\\\/ac37113577adfc1517e0cfa854b830b4\"},\"headline\":\"Anima\u00e7\u00e3o e dan\u00e7as t\u00edpicas marcam final de semana de Festas Juninas nas escolas da Rede Municipal de Capivari\",\"datePublished\":\"2023-06-19T14:43:34+00:00\",\"mainEntityOfPage\":{\"@id\":\"https:\\\/\\\/capivari.sp.gov.br\\\/portal\\\/animacao-e-dancas-tipicas-marcam-final-de-semana-de-festas-juninas-nas-escolas-da-rede-municipal-de-capivari\\\/\"},\"wordCount\":257,\"commentCount\":0,\"publisher\":{\"@id\":\"https:\\\/\\\/capivari.sp.gov.br\\\/portal\\\/#organization\"},\"image\":{\"@id\":\"https:\\\/\\\/capivari.sp.gov.br\\\/portal\\\/animacao-e-dancas-tipicas-marcam-final-de-semana-de-festas-juninas-nas-escolas-da-rede-municipal-de-capivari\\\/#primaryimage\"},\"thumbnailUrl\":\"https:\\\/\\\/capivari.sp.gov.br\\\/portal\\\/wp-content\\\/uploads\\\/2023\\\/06\\\/IMG_1038-scaled.jpg\",\"articleSection\":[\"Educa\u00e7\u00e3o\",\"Geral\"],\"inLanguage\":\"pt-BR\",\"potentialAction\":[{\"@type\":\"CommentAction\",\"name\":\"Comment\",\"target\":[\"https:\\\/\\\/capivari.sp.gov.br\\\/portal\\\/animacao-e-dancas-tipicas-marcam-final-de-semana-de-festas-juninas-nas-escolas-da-rede-municipal-de-capivari\\\/#respond\"]}]},{\"@type\":\"WebPage\",\"@id\":\"https:\\\/\\\/capivari.sp.gov.br\\\/portal\\\/animacao-e-dancas-tipicas-marcam-final-de-semana-de-festas-juninas-nas-escolas-da-rede-municipal-de-capivari\\\/\",\"url\":\"https:\\\/\\\/capivari.sp.gov.br\\\/portal\\\/animacao-e-dancas-tipicas-marcam-final-de-semana-de-festas-juninas-nas-escolas-da-rede-municipal-de-capivari\\\/\",\"name\":\"Anima\u00e7\u00e3o e dan\u00e7as t\u00edpicas marcam final de semana de Festas Juninas nas escolas da Rede Municipal de Capivari - Prefeitura de Capivari\",\"isPartOf\":{\"@id\":\"https:\\\/\\\/capivari.sp.gov.br\\\/portal\\\/#website\"},\"primaryImageOfPage\":{\"@id\":\"https:\\\/\\\/capivari.sp.gov.br\\\/portal\\\/animacao-e-dancas-tipicas-marcam-final-de-semana-de-festas-juninas-nas-escolas-da-rede-municipal-de-capivari\\\/#primaryimage\"},\"image\":{\"@id\":\"https:\\\/\\\/capivari.sp.gov.br\\\/portal\\\/animacao-e-dancas-tipicas-marcam-final-de-semana-de-festas-juninas-nas-escolas-da-rede-municipal-de-capivari\\\/#primaryimage\"},\"thumbnailUrl\":\"https:\\\/\\\/capivari.sp.gov.br\\\/portal\\\/wp-content\\\/uploads\\\/2023\\\/06\\\/IMG_1038-scaled.jpg\",\"datePublished\":\"2023-06-19T14:43:34+00:00\",\"breadcrumb\":{\"@id\":\"https:\\\/\\\/capivari.sp.gov.br\\\/portal\\\/animacao-e-dancas-tipicas-marcam-final-de-semana-de-festas-juninas-nas-escolas-da-rede-municipal-de-capivari\\\/#breadcrumb\"},\"inLanguage\":\"pt-BR\",\"potentialAction\":[{\"@type\":\"ReadAction\",\"target\":[\"https:\\\/\\\/capivari.sp.gov.br\\\/portal\\\/animacao-e-dancas-tipicas-marcam-final-de-semana-de-festas-juninas-nas-escolas-da-rede-municipal-de-capivari\\\/\"]}]},{\"@type\":\"ImageObject\",\"inLanguage\":\"pt-BR\",\"@id\":\"https:\\\/\\\/capivari.sp.gov.br\\\/portal\\\/animacao-e-dancas-tipicas-marcam-final-de-semana-de-festas-juninas-nas-escolas-da-rede-municipal-de-capivari\\\/#primaryimage\",\"url\":\"https:\\\/\\\/capivari.sp.gov.br\\\/portal\\\/wp-content\\\/uploads\\\/2023\\\/06\\\/IMG_1038-scaled.jpg\",\"contentUrl\":\"https:\\\/\\\/capivari.sp.gov.br\\\/portal\\\/wp-content\\\/uploads\\\/2023\\\/06\\\/IMG_1038-scaled.jpg\",\"width\":2560,\"height\":1707},{\"@type\":\"BreadcrumbList\",\"@id\":\"https:\\\/\\\/capivari.sp.gov.br\\\/portal\\\/animacao-e-dancas-tipicas-marcam-final-de-semana-de-festas-juninas-nas-escolas-da-rede-municipal-de-capivari\\\/#breadcrumb\",\"itemListElement\":[{\"@type\":\"ListItem\",\"position\":1,\"name\":\"In\u00edcio\",\"item\":\"https:\\\/\\\/capivari.sp.gov.br\\\/portal\\\/\"},{\"@type\":\"ListItem\",\"position\":2,\"name\":\"Anima\u00e7\u00e3o e dan\u00e7as t\u00edpicas marcam final de semana de Festas Juninas nas escolas da Rede Municipal de Capivari\"}]},{\"@type\":\"WebSite\",\"@id\":\"https:\\\/\\\/capivari.sp.gov.br\\\/portal\\\/#website\",\"url\":\"https:\\\/\\\/capivari.sp.gov.br\\\/portal\\\/\",\"name\":\"Prefeitura de Capivari\",\"description\":\"Prefeitura de Capivari\",\"publisher\":{\"@id\":\"https:\\\/\\\/capivari.sp.gov.br\\\/portal\\\/#organization\"},\"potentialAction\":[{\"@type\":\"SearchAction\",\"target\":{\"@type\":\"EntryPoint\",\"urlTemplate\":\"https:\\\/\\\/capivari.sp.gov.br\\\/portal\\\/?s={search_term_string}\"},\"query-input\":{\"@type\":\"PropertyValueSpecification\",\"valueRequired\":true,\"valueName\":\"search_term_string\"}}],\"inLanguage\":\"pt-BR\"},{\"@type\":\"Organization\",\"@id\":\"https:\\\/\\\/capivari.sp.gov.br\\\/portal\\\/#organization\",\"name\":\"Prefeitura de Capivari\",\"url\":\"https:\\\/\\\/capivari.sp.gov.br\\\/portal\\\/\",\"logo\":{\"@type\":\"ImageObject\",\"inLanguage\":\"pt-BR\",\"@id\":\"https:\\\/\\\/capivari.sp.gov.br\\\/portal\\\/#\\\/schema\\\/logo\\\/image\\\/\",\"url\":\"https:\\\/\\\/capivari.sp.gov.br\\\/portal\\\/wp-content\\\/uploads\\\/2021\\\/09\\\/logo-prefeitura-de-capivari.png\",\"contentUrl\":\"https:\\\/\\\/capivari.sp.gov.br\\\/portal\\\/wp-content\\\/uploads\\\/2021\\\/09\\\/logo-prefeitura-de-capivari.png\",\"width\":200,\"height\":147,\"caption\":\"Prefeitura de Capivari\"},\"image\":{\"@id\":\"https:\\\/\\\/capivari.sp.gov.br\\\/portal\\\/#\\\/schema\\\/logo\\\/image\\\/\"},\"sameAs\":[\"https:\\\/\\\/www.facebook.com\\\/PrefeituradeCapivari\\\/\",\"https:\\\/\\\/x.com\\\/PrefCapivari\",\"https:\\\/\\\/www.instagram.com\\\/prefeituracapivari\\\/\"]},{\"@type\":\"Person\",\"@id\":\"https:\\\/\\\/capivari.sp.gov.br\\\/portal\\\/#\\\/schema\\\/person\\\/ac37113577adfc1517e0cfa854b830b4\",\"name\":\"Luciano Assis\",\"image\":{\"@type\":\"ImageObject\",\"inLanguage\":\"pt-BR\",\"@id\":\"https:\\\/\\\/secure.gravatar.com\\\/avatar\\\/ec163f977a02ac195ce6085f5110a8c4c8c6cc357c134002f73b4664772e79a5?s=96&d=mm&r=g\",\"url\":\"https:\\\/\\\/secure.gravatar.com\\\/avatar\\\/ec163f977a02ac195ce6085f5110a8c4c8c6cc357c134002f73b4664772e79a5?s=96&d=mm&r=g\",\"contentUrl\":\"https:\\\/\\\/secure.gravatar.com\\\/avatar\\\/ec163f977a02ac195ce6085f5110a8c4c8c6cc357c134002f73b4664772e79a5?s=96&d=mm&r=g\",\"caption\":\"Luciano Assis\"},\"url\":\"https:\\\/\\\/capivari.sp.gov.br\\\/portal\\\/author\\\/luciano-assis\\\/\"}]}<\/script>\n<!-- \/ Yoast SEO plugin. -->","yoast_head_json":{"title":"Anima\u00e7\u00e3o e dan\u00e7as t\u00edpicas marcam final de semana de Festas Juninas nas escolas da Rede Municipal de Capivari - Prefeitura de Capivari","robots":{"index":"index","follow":"follow","max-snippet":"max-snippet:-1","max-image-preview":"max-image-preview:large","max-video-preview":"max-video-preview:-1"},"canonical":"https:\/\/capivari.sp.gov.br\/portal\/animacao-e-dancas-tipicas-marcam-final-de-semana-de-festas-juninas-nas-escolas-da-rede-municipal-de-capivari\/","og_locale":"pt_BR","og_type":"article","og_title":"Anima\u00e7\u00e3o e dan\u00e7as t\u00edpicas marcam final de semana de Festas Juninas nas escolas da Rede Municipal de Capivari - Prefeitura de Capivari","og_description":"As Escolas Municipais de Capivari realizaram eventos Juninos durante o \u00faltimo final de semana, marcados por muita dan\u00e7a e anima\u00e7\u00e3o entre crian\u00e7as e familiares. No per\u00edodo da manh\u00e3, a Escola Cec\u00edlia Cerezer Riccomini, no bairro Santa Rosa, e a Escola Am\u00e9lia Francisca Alves, na Nova Aparecida, se uniram para um evento conjunto, num total de [&hellip;]","og_url":"https:\/\/capivari.sp.gov.br\/portal\/animacao-e-dancas-tipicas-marcam-final-de-semana-de-festas-juninas-nas-escolas-da-rede-municipal-de-capivari\/","og_site_name":"Prefeitura de Capivari","article_publisher":"https:\/\/www.facebook.com\/PrefeituradeCapivari\/","article_published_time":"2023-06-19T14:43:34+00:00","og_image":[{"width":2560,"height":1707,"url":"https:\/\/capivari.sp.gov.br\/portal\/wp-content\/uploads\/2023\/06\/IMG_1038-scaled.jpg","type":"image\/jpeg"}],"author":"Luciano Assis","twitter_card":"summary_large_image","twitter_creator":"@PrefCapivari","twitter_site":"@PrefCapivari","twitter_misc":{"Escrito por":"Luciano Assis","Est. tempo de leitura":"2 minutos"},"schema":{"@context":"https:\/\/schema.org","@graph":[{"@type":"Article","@id":"https:\/\/capivari.sp.gov.br\/portal\/animacao-e-dancas-tipicas-marcam-final-de-semana-de-festas-juninas-nas-escolas-da-rede-municipal-de-capivari\/#article","isPartOf":{"@id":"https:\/\/capivari.sp.gov.br\/portal\/animacao-e-dancas-tipicas-marcam-final-de-semana-de-festas-juninas-nas-escolas-da-rede-municipal-de-capivari\/"},"author":{"name":"Luciano Assis","@id":"https:\/\/capivari.sp.gov.br\/portal\/#\/schema\/person\/ac37113577adfc1517e0cfa854b830b4"},"headline":"Anima\u00e7\u00e3o e dan\u00e7as t\u00edpicas marcam final de semana de Festas Juninas nas escolas da Rede Municipal de Capivari","datePublished":"2023-06-19T14:43:34+00:00","mainEntityOfPage":{"@id":"https:\/\/capivari.sp.gov.br\/portal\/animacao-e-dancas-tipicas-marcam-final-de-semana-de-festas-juninas-nas-escolas-da-rede-municipal-de-capivari\/"},"wordCount":257,"commentCount":0,"publisher":{"@id":"https:\/\/capivari.sp.gov.br\/portal\/#organization"},"image":{"@id":"https:\/\/capivari.sp.gov.br\/portal\/animacao-e-dancas-tipicas-marcam-final-de-semana-de-festas-juninas-nas-escolas-da-rede-municipal-de-capivari\/#primaryimage"},"thumbnailUrl":"https:\/\/capivari.sp.gov.br\/portal\/wp-content\/uploads\/2023\/06\/IMG_1038-scaled.jpg","articleSection":["Educa\u00e7\u00e3o","Geral"],"inLanguage":"pt-BR","potentialAction":[{"@type":"CommentAction","name":"Comment","target":["https:\/\/capivari.sp.gov.br\/portal\/animacao-e-dancas-tipicas-marcam-final-de-semana-de-festas-juninas-nas-escolas-da-rede-municipal-de-capivari\/#respond"]}]},{"@type":"WebPage","@id":"https:\/\/capivari.sp.gov.br\/portal\/animacao-e-dancas-tipicas-marcam-final-de-semana-de-festas-juninas-nas-escolas-da-rede-municipal-de-capivari\/","url":"https:\/\/capivari.sp.gov.br\/portal\/animacao-e-dancas-tipicas-marcam-final-de-semana-de-festas-juninas-nas-escolas-da-rede-municipal-de-capivari\/","name":"Anima\u00e7\u00e3o e dan\u00e7as t\u00edpicas marcam final de semana de Festas Juninas nas escolas da Rede Municipal de Capivari - Prefeitura de Capivari","isPartOf":{"@id":"https:\/\/capivari.sp.gov.br\/portal\/#website"},"primaryImageOfPage":{"@id":"https:\/\/capivari.sp.gov.br\/portal\/animacao-e-dancas-tipicas-marcam-final-de-semana-de-festas-juninas-nas-escolas-da-rede-municipal-de-capivari\/#primaryimage"},"image":{"@id":"https:\/\/capivari.sp.gov.br\/portal\/animacao-e-dancas-tipicas-marcam-final-de-semana-de-festas-juninas-nas-escolas-da-rede-municipal-de-capivari\/#primaryimage"},"thumbnailUrl":"https:\/\/capivari.sp.gov.br\/portal\/wp-content\/uploads\/2023\/06\/IMG_1038-scaled.jpg","datePublished":"2023-06-19T14:43:34+00:00","breadcrumb":{"@id":"https:\/\/capivari.sp.gov.br\/portal\/animacao-e-dancas-tipicas-marcam-final-de-semana-de-festas-juninas-nas-escolas-da-rede-municipal-de-capivari\/#breadcrumb"},"inLanguage":"pt-BR","potentialAction":[{"@type":"ReadAction","target":["https:\/\/capivari.sp.gov.br\/portal\/animacao-e-dancas-tipicas-marcam-final-de-semana-de-festas-juninas-nas-escolas-da-rede-municipal-de-capivari\/"]}]},{"@type":"ImageObject","inLanguage":"pt-BR","@id":"https:\/\/capivari.sp.gov.br\/portal\/animacao-e-dancas-tipicas-marcam-final-de-semana-de-festas-juninas-nas-escolas-da-rede-municipal-de-capivari\/#primaryimage","url":"https:\/\/capivari.sp.gov.br\/portal\/wp-content\/uploads\/2023\/06\/IMG_1038-scaled.jpg","contentUrl":"https:\/\/capivari.sp.gov.br\/portal\/wp-content\/uploads\/2023\/06\/IMG_1038-scaled.jpg","width":2560,"height":1707},{"@type":"BreadcrumbList","@id":"https:\/\/capivari.sp.gov.br\/portal\/animacao-e-dancas-tipicas-marcam-final-de-semana-de-festas-juninas-nas-escolas-da-rede-municipal-de-capivari\/#breadcrumb","itemListElement":[{"@type":"ListItem","position":1,"name":"In\u00edcio","item":"https:\/\/capivari.sp.gov.br\/portal\/"},{"@type":"ListItem","position":2,"name":"Anima\u00e7\u00e3o e dan\u00e7as t\u00edpicas marcam final de semana de Festas Juninas nas escolas da Rede Municipal de Capivari"}]},{"@type":"WebSite","@id":"https:\/\/capivari.sp.gov.br\/portal\/#website","url":"https:\/\/capivari.sp.gov.br\/portal\/","name":"Prefeitura de Capivari","description":"Prefeitura de Capivari","publisher":{"@id":"https:\/\/capivari.sp.gov.br\/portal\/#organization"},"potentialAction":[{"@type":"SearchAction","target":{"@type":"EntryPoint","urlTemplate":"https:\/\/capivari.sp.gov.br\/portal\/?s={search_term_string}"},"query-input":{"@type":"PropertyValueSpecification","valueRequired":true,"valueName":"search_term_string"}}],"inLanguage":"pt-BR"},{"@type":"Organization","@id":"https:\/\/capivari.sp.gov.br\/portal\/#organization","name":"Prefeitura de Capivari","url":"https:\/\/capivari.sp.gov.br\/portal\/","logo":{"@type":"ImageObject","inLanguage":"pt-BR","@id":"https:\/\/capivari.sp.gov.br\/portal\/#\/schema\/logo\/image\/","url":"https:\/\/capivari.sp.gov.br\/portal\/wp-content\/uploads\/2021\/09\/logo-prefeitura-de-capivari.png","contentUrl":"https:\/\/capivari.sp.gov.br\/portal\/wp-content\/uploads\/2021\/09\/logo-prefeitura-de-capivari.png","width":200,"height":147,"caption":"Prefeitura de Capivari"},"image":{"@id":"https:\/\/capivari.sp.gov.br\/portal\/#\/schema\/logo\/image\/"},"sameAs":["https:\/\/www.facebook.com\/PrefeituradeCapivari\/","https:\/\/x.com\/PrefCapivari","https:\/\/www.instagram.com\/prefeituracapivari\/"]},{"@type":"Person","@id":"https:\/\/capivari.sp.gov.br\/portal\/#\/schema\/person\/ac37113577adfc1517e0cfa854b830b4","name":"Luciano Assis","image":{"@type":"ImageObject","inLanguage":"pt-BR","@id":"https:\/\/secure.gravatar.com\/avatar\/ec163f977a02ac195ce6085f5110a8c4c8c6cc357c134002f73b4664772e79a5?s=96&d=mm&r=g","url":"https:\/\/secure.gravatar.com\/avatar\/ec163f977a02ac195ce6085f5110a8c4c8c6cc357c134002f73b4664772e79a5?s=96&d=mm&r=g","contentUrl":"https:\/\/secure.gravatar.com\/avatar\/ec163f977a02ac195ce6085f5110a8c4c8c6cc357c134002f73b4664772e79a5?s=96&d=mm&r=g","caption":"Luciano Assis"},"url":"https:\/\/capivari.sp.gov.br\/portal\/author\/luciano-assis\/"}]}},"_links":{"self":[{"href":"https:\/\/capivari.sp.gov.br\/portal\/wp-json\/wp\/v2\/posts\/12196","targetHints":{"allow":["GET"]}}],"collection":[{"href":"https:\/\/capivari.sp.gov.br\/portal\/wp-json\/wp\/v2\/posts"}],"about":[{"href":"https:\/\/capivari.sp.gov.br\/portal\/wp-json\/wp\/v2\/types\/post"}],"author":[{"embeddable":true,"href":"https:\/\/capivari.sp.gov.br\/portal\/wp-json\/wp\/v2\/users\/15"}],"replies":[{"embeddable":true,"href":"https:\/\/capivari.sp.gov.br\/portal\/wp-json\/wp\/v2\/comments?post=12196"}],"version-history":[{"count":1,"href":"https:\/\/capivari.sp.gov.br\/portal\/wp-json\/wp\/v2\/posts\/12196\/revisions"}],"predecessor-version":[{"id":12201,"href":"https:\/\/capivari.sp.gov.br\/portal\/wp-json\/wp\/v2\/posts\/12196\/revisions\/12201"}],"wp:featuredmedia":[{"embeddable":true,"href":"https:\/\/capivari.sp.gov.br\/portal\/wp-json\/wp\/v2\/media\/12200"}],"wp:attachment":[{"href":"https:\/\/capivari.sp.gov.br\/portal\/wp-json\/wp\/v2\/media?parent=12196"}],"wp:term":[{"taxonomy":"category","embeddable":true,"href":"https:\/\/capivari.sp.gov.br\/portal\/wp-json\/wp\/v2\/categories?post=12196"},{"taxonomy":"post_tag","embeddable":true,"href":"https:\/\/capivari.sp.gov.br\/portal\/wp-json\/wp\/v2\/tags?post=12196"}],"curies":[{"name":"wp","href":"https:\/\/api.w.org\/{rel}","templated":true}]}}