{"id":12197,"date":"2023-06-19T11:41:57","date_gmt":"2023-06-19T14:41:57","guid":{"rendered":"https:\/\/capivari.sp.gov.br\/portal\/?p=12197"},"modified":"2023-06-19T11:41:57","modified_gmt":"2023-06-19T14:41:57","slug":"bembolado-e-deportivo-rafard-sao-os-finalistas-do-campeonato-veterano-de-futebol-amador-2023","status":"publish","type":"post","link":"https:\/\/capivari.sp.gov.br\/portal\/bembolado-e-deportivo-rafard-sao-os-finalistas-do-campeonato-veterano-de-futebol-amador-2023\/","title":{"rendered":"Bembolado e Deportivo Rafard s\u00e3o os finalistas do Campeonato Veterano de Futebol Amador 2023"},"content":{"rendered":"<p>Na manh\u00e3 do \u00faltimo domingo, dia 18, foram realizadas as duas semifinais do Campeonato Veterano de Futebol Amador de Capivari 2023, em que quatro equipes batalharam para garantir o passaporte \u00e0 t\u00e3o sonhada decis\u00e3o do torneio, que reuniu sete equipes da nossa microrregi\u00e3o. Ambos os duelos foram promovidos no Est\u00e1dio Municipal Fernando de Marco, com disputas eletrizantes que definiram Bembolado, da cidade de Monte Mor, e Deportivo, da cidade de Rafard, como os grandes finalistas.<\/p>\n<p>\u00c0s 08h20, a primeira partida do dia aconteceu entre a equipe do Bembolado, time que teve a melhor campanha na primeira fase do torneio com cinco vit\u00f3rias em seis jogos, enfrentando o Morada do Sol, equipe de Capivari que conseguiu a classifica\u00e7\u00e3o na \u00faltima rodada da primeira fase e era considerada como \u201czebra\u201d para o duelo de semifinal diante da equipe da cidade vizinha.<\/p>\n<p>Por\u00e9m, o que foi visto dentro de campo, foi um cen\u00e1rio extremamente equilibrado entre as duas equipes, com destaque para a atua\u00e7\u00e3o impressionante do atacante Deivid, do Morada do Sol, que anotou um hat-trick num jogo extremamente disputado. Entretanto, o Bembolado n\u00e3o se abateu, Ninja, J\u00fanior e Magrelo marcaram para a equipe de Monte Mor no tempo regulamentar, assegurando o empate por 3 a 3 e levando a disputa para os p\u00eanaltis, em que conseguiram o triunfo suado por 4 a 3 e a vaga na final.<\/p>\n<p>Em seguida, \u00e0s 10h20, a outra semifinal foi entre Deportivo Rafard, equipe que se classificou na segunda posi\u00e7\u00e3o na primeira fase com quatro vit\u00f3rias, um empate e uma derrota, diante do Santa Rosa, que passou na terceira posi\u00e7\u00e3o, por\u00e9m com campanha semelhante ao Deportivo, com tr\u00eas vit\u00f3rias, dois empates e uma derrota.<\/p>\n<p>A partida, no entanto, foi mais estudada do que a semifinal anterior, em que ambas as equipes batalharam muito ao longo do jogo, com Fabinho abrindo o placar para a equipe de Rafard e dando n\u00fameros finais ao duelo, que ainda teve a expuls\u00e3o de Brando para a equipe do Deportivo. O Bembolado chega a sua segunda final consecutiva, ap\u00f3s ser vice-campe\u00e3o do torneio no ano passado, em 2022, enfrentando dessa vez a equipe rafardense, que possui a melhor defesa da competi\u00e7\u00e3o, com apenas nove gols sofridos em sete jogos.<\/p>\n<p>A grande final ser\u00e1 no pr\u00f3ximo domingo, dia 25, tamb\u00e9m no Est\u00e1dio Municipal Fernando de Marco, \u00e0s 10h. Para mais informa\u00e7\u00f5es sobre a final e outras atividades desempenhadas pela Secretaria de Esportes, o telefone (19) 3492-8876 est\u00e1 dispon\u00edvel de segunda a sexta, das 08h30 \u00c0s 16h30.<\/p>\n<p>Prefeitura de Capivari. Transformando o presente, construindo o futuro.<\/p>\n","protected":false},"excerpt":{"rendered":"<p>Na manh\u00e3 do \u00faltimo domingo, dia 18, foram realizadas as duas semifinais do Campeonato Veterano de Futebol Amador de Capivari 2023, em que quatro equipes batalharam para garantir o passaporte \u00e0 t\u00e3o sonhada decis\u00e3o do torneio, que reuniu sete equipes da nossa microrregi\u00e3o. Ambos os duelos foram promovidos no Est\u00e1dio Municipal Fernando de Marco, com [&hellip;]<\/p>\n","protected":false},"author":2,"featured_media":12198,"comment_status":"open","ping_status":"open","sticky":false,"template":"","format":"standard","meta":{"ocean_post_layout":"","ocean_both_sidebars_style":"","ocean_both_sidebars_content_width":0,"ocean_both_sidebars_sidebars_width":0,"ocean_sidebar":"","ocean_second_sidebar":"","ocean_disable_margins":"enable","ocean_add_body_class":"","ocean_shortcode_before_top_bar":"","ocean_shortcode_after_top_bar":"","ocean_shortcode_before_header":"","ocean_shortcode_after_header":"","ocean_has_shortcode":"","ocean_shortcode_after_title":"","ocean_shortcode_before_footer_widgets":"","ocean_shortcode_after_footer_widgets":"","ocean_shortcode_before_footer_bottom":"","ocean_shortcode_after_footer_bottom":"","ocean_display_top_bar":"default","ocean_display_header":"default","ocean_header_style":"","ocean_center_header_left_menu":"","ocean_custom_header_template":"","ocean_custom_logo":0,"ocean_custom_retina_logo":0,"ocean_custom_logo_max_width":0,"ocean_custom_logo_tablet_max_width":0,"ocean_custom_logo_mobile_max_width":0,"ocean_custom_logo_max_height":0,"ocean_custom_logo_tablet_max_height":0,"ocean_custom_logo_mobile_max_height":0,"ocean_header_custom_menu":"","ocean_menu_typo_font_family":"","ocean_menu_typo_font_subset":"","ocean_menu_typo_font_size":0,"ocean_menu_typo_font_size_tablet":0,"ocean_menu_typo_font_size_mobile":0,"ocean_menu_typo_font_size_unit":"px","ocean_menu_typo_font_weight":"","ocean_menu_typo_font_weight_tablet":"","ocean_menu_typo_font_weight_mobile":"","ocean_menu_typo_transform":"","ocean_menu_typo_transform_tablet":"","ocean_menu_typo_transform_mobile":"","ocean_menu_typo_line_height":0,"ocean_menu_typo_line_height_tablet":0,"ocean_menu_typo_line_height_mobile":0,"ocean_menu_typo_line_height_unit":"","ocean_menu_typo_spacing":0,"ocean_menu_typo_spacing_tablet":0,"ocean_menu_typo_spacing_mobile":0,"ocean_menu_typo_spacing_unit":"","ocean_menu_link_color":"","ocean_menu_link_color_hover":"","ocean_menu_link_color_active":"","ocean_menu_link_background":"","ocean_menu_link_hover_background":"","ocean_menu_link_active_background":"","ocean_menu_social_links_bg":"","ocean_menu_social_hover_links_bg":"","ocean_menu_social_links_color":"","ocean_menu_social_hover_links_color":"","ocean_disable_title":"default","ocean_disable_heading":"default","ocean_post_title":"","ocean_post_subheading":"","ocean_post_title_style":"","ocean_post_title_background_color":"","ocean_post_title_background":0,"ocean_post_title_bg_image_position":"","ocean_post_title_bg_image_attachment":"","ocean_post_title_bg_image_repeat":"","ocean_post_title_bg_image_size":"","ocean_post_title_height":0,"ocean_post_title_bg_overlay":0.5,"ocean_post_title_bg_overlay_color":"","ocean_disable_breadcrumbs":"default","ocean_breadcrumbs_color":"","ocean_breadcrumbs_separator_color":"","ocean_breadcrumbs_links_color":"","ocean_breadcrumbs_links_hover_color":"","ocean_display_footer_widgets":"default","ocean_display_footer_bottom":"default","ocean_custom_footer_template":"","ocean_post_oembed":"","ocean_post_self_hosted_media":"","ocean_post_video_embed":"","ocean_link_format":"","ocean_link_format_target":"self","ocean_quote_format":"","ocean_quote_format_link":"post","ocean_gallery_link_images":"off","ocean_gallery_id":[],"footnotes":""},"categories":[4,25,5],"tags":[],"class_list":["post-12197","post","type-post","status-publish","format-standard","has-post-thumbnail","hentry","category-destaque","category-esporte","category-geral","entry","has-media"],"yoast_head":"<!-- This site is optimized with the Yoast SEO plugin v27.5 - https:\/\/yoast.com\/product\/yoast-seo-wordpress\/ -->\n<title>Bembolado e Deportivo Rafard s\u00e3o os finalistas do Campeonato Veterano de Futebol Amador 2023 - Prefeitura de Capivari<\/title>\n<meta name=\"robots\" content=\"index, follow, max-snippet:-1, max-image-preview:large, max-video-preview:-1\" \/>\n<link rel=\"canonical\" href=\"https:\/\/capivari.sp.gov.br\/portal\/bembolado-e-deportivo-rafard-sao-os-finalistas-do-campeonato-veterano-de-futebol-amador-2023\/\" \/>\n<meta property=\"og:locale\" content=\"pt_BR\" \/>\n<meta property=\"og:type\" content=\"article\" \/>\n<meta property=\"og:title\" content=\"Bembolado e Deportivo Rafard s\u00e3o os finalistas do Campeonato Veterano de Futebol Amador 2023 - Prefeitura de Capivari\" \/>\n<meta property=\"og:description\" content=\"Na manh\u00e3 do \u00faltimo domingo, dia 18, foram realizadas as duas semifinais do Campeonato Veterano de Futebol Amador de Capivari 2023, em que quatro equipes batalharam para garantir o passaporte \u00e0 t\u00e3o sonhada decis\u00e3o do torneio, que reuniu sete equipes da nossa microrregi\u00e3o. Ambos os duelos foram promovidos no Est\u00e1dio Municipal Fernando de Marco, com [&hellip;]\" \/>\n<meta property=\"og:url\" content=\"https:\/\/capivari.sp.gov.br\/portal\/bembolado-e-deportivo-rafard-sao-os-finalistas-do-campeonato-veterano-de-futebol-amador-2023\/\" \/>\n<meta property=\"og:site_name\" content=\"Prefeitura de Capivari\" \/>\n<meta property=\"article:publisher\" content=\"https:\/\/www.facebook.com\/PrefeituradeCapivari\/\" \/>\n<meta property=\"article:published_time\" content=\"2023-06-19T14:41:57+00:00\" \/>\n<meta property=\"og:image\" content=\"https:\/\/capivari.sp.gov.br\/portal\/wp-content\/uploads\/2023\/06\/WhatsApp-Image-2023-06-19-at-10.09.50.jpeg\" \/>\n\t<meta property=\"og:image:width\" content=\"1024\" \/>\n\t<meta property=\"og:image:height\" content=\"707\" \/>\n\t<meta property=\"og:image:type\" content=\"image\/jpeg\" \/>\n<meta name=\"author\" content=\"Thalles Cristiano\" \/>\n<meta name=\"twitter:card\" content=\"summary_large_image\" \/>\n<meta name=\"twitter:creator\" content=\"@PrefCapivari\" \/>\n<meta name=\"twitter:site\" content=\"@PrefCapivari\" \/>\n<meta name=\"twitter:label1\" content=\"Escrito por\" \/>\n\t<meta name=\"twitter:data1\" content=\"Thalles Cristiano\" \/>\n\t<meta name=\"twitter:label2\" content=\"Est. tempo de leitura\" \/>\n\t<meta name=\"twitter:data2\" content=\"3 minutos\" \/>\n<script type=\"application\/ld+json\" class=\"yoast-schema-graph\">{\"@context\":\"https:\\\/\\\/schema.org\",\"@graph\":[{\"@type\":\"Article\",\"@id\":\"https:\\\/\\\/capivari.sp.gov.br\\\/portal\\\/bembolado-e-deportivo-rafard-sao-os-finalistas-do-campeonato-veterano-de-futebol-amador-2023\\\/#article\",\"isPartOf\":{\"@id\":\"https:\\\/\\\/capivari.sp.gov.br\\\/portal\\\/bembolado-e-deportivo-rafard-sao-os-finalistas-do-campeonato-veterano-de-futebol-amador-2023\\\/\"},\"author\":{\"name\":\"Thalles Cristiano\",\"@id\":\"https:\\\/\\\/capivari.sp.gov.br\\\/portal\\\/#\\\/schema\\\/person\\\/98801614a91d449946b0687ae2db9f29\"},\"headline\":\"Bembolado e Deportivo Rafard s\u00e3o os finalistas do Campeonato Veterano de Futebol Amador 2023\",\"datePublished\":\"2023-06-19T14:41:57+00:00\",\"mainEntityOfPage\":{\"@id\":\"https:\\\/\\\/capivari.sp.gov.br\\\/portal\\\/bembolado-e-deportivo-rafard-sao-os-finalistas-do-campeonato-veterano-de-futebol-amador-2023\\\/\"},\"wordCount\":455,\"commentCount\":0,\"publisher\":{\"@id\":\"https:\\\/\\\/capivari.sp.gov.br\\\/portal\\\/#organization\"},\"image\":{\"@id\":\"https:\\\/\\\/capivari.sp.gov.br\\\/portal\\\/bembolado-e-deportivo-rafard-sao-os-finalistas-do-campeonato-veterano-de-futebol-amador-2023\\\/#primaryimage\"},\"thumbnailUrl\":\"https:\\\/\\\/capivari.sp.gov.br\\\/portal\\\/wp-content\\\/uploads\\\/2023\\\/06\\\/WhatsApp-Image-2023-06-19-at-10.09.50.jpeg\",\"articleSection\":[\"Destaque\",\"Esporte\",\"Geral\"],\"inLanguage\":\"pt-BR\",\"potentialAction\":[{\"@type\":\"CommentAction\",\"name\":\"Comment\",\"target\":[\"https:\\\/\\\/capivari.sp.gov.br\\\/portal\\\/bembolado-e-deportivo-rafard-sao-os-finalistas-do-campeonato-veterano-de-futebol-amador-2023\\\/#respond\"]}]},{\"@type\":\"WebPage\",\"@id\":\"https:\\\/\\\/capivari.sp.gov.br\\\/portal\\\/bembolado-e-deportivo-rafard-sao-os-finalistas-do-campeonato-veterano-de-futebol-amador-2023\\\/\",\"url\":\"https:\\\/\\\/capivari.sp.gov.br\\\/portal\\\/bembolado-e-deportivo-rafard-sao-os-finalistas-do-campeonato-veterano-de-futebol-amador-2023\\\/\",\"name\":\"Bembolado e Deportivo Rafard s\u00e3o os finalistas do Campeonato Veterano de Futebol Amador 2023 - Prefeitura de Capivari\",\"isPartOf\":{\"@id\":\"https:\\\/\\\/capivari.sp.gov.br\\\/portal\\\/#website\"},\"primaryImageOfPage\":{\"@id\":\"https:\\\/\\\/capivari.sp.gov.br\\\/portal\\\/bembolado-e-deportivo-rafard-sao-os-finalistas-do-campeonato-veterano-de-futebol-amador-2023\\\/#primaryimage\"},\"image\":{\"@id\":\"https:\\\/\\\/capivari.sp.gov.br\\\/portal\\\/bembolado-e-deportivo-rafard-sao-os-finalistas-do-campeonato-veterano-de-futebol-amador-2023\\\/#primaryimage\"},\"thumbnailUrl\":\"https:\\\/\\\/capivari.sp.gov.br\\\/portal\\\/wp-content\\\/uploads\\\/2023\\\/06\\\/WhatsApp-Image-2023-06-19-at-10.09.50.jpeg\",\"datePublished\":\"2023-06-19T14:41:57+00:00\",\"breadcrumb\":{\"@id\":\"https:\\\/\\\/capivari.sp.gov.br\\\/portal\\\/bembolado-e-deportivo-rafard-sao-os-finalistas-do-campeonato-veterano-de-futebol-amador-2023\\\/#breadcrumb\"},\"inLanguage\":\"pt-BR\",\"potentialAction\":[{\"@type\":\"ReadAction\",\"target\":[\"https:\\\/\\\/capivari.sp.gov.br\\\/portal\\\/bembolado-e-deportivo-rafard-sao-os-finalistas-do-campeonato-veterano-de-futebol-amador-2023\\\/\"]}]},{\"@type\":\"ImageObject\",\"inLanguage\":\"pt-BR\",\"@id\":\"https:\\\/\\\/capivari.sp.gov.br\\\/portal\\\/bembolado-e-deportivo-rafard-sao-os-finalistas-do-campeonato-veterano-de-futebol-amador-2023\\\/#primaryimage\",\"url\":\"https:\\\/\\\/capivari.sp.gov.br\\\/portal\\\/wp-content\\\/uploads\\\/2023\\\/06\\\/WhatsApp-Image-2023-06-19-at-10.09.50.jpeg\",\"contentUrl\":\"https:\\\/\\\/capivari.sp.gov.br\\\/portal\\\/wp-content\\\/uploads\\\/2023\\\/06\\\/WhatsApp-Image-2023-06-19-at-10.09.50.jpeg\",\"width\":1024,\"height\":707},{\"@type\":\"BreadcrumbList\",\"@id\":\"https:\\\/\\\/capivari.sp.gov.br\\\/portal\\\/bembolado-e-deportivo-rafard-sao-os-finalistas-do-campeonato-veterano-de-futebol-amador-2023\\\/#breadcrumb\",\"itemListElement\":[{\"@type\":\"ListItem\",\"position\":1,\"name\":\"In\u00edcio\",\"item\":\"https:\\\/\\\/capivari.sp.gov.br\\\/portal\\\/\"},{\"@type\":\"ListItem\",\"position\":2,\"name\":\"Bembolado e Deportivo Rafard s\u00e3o os finalistas do Campeonato Veterano de Futebol Amador 2023\"}]},{\"@type\":\"WebSite\",\"@id\":\"https:\\\/\\\/capivari.sp.gov.br\\\/portal\\\/#website\",\"url\":\"https:\\\/\\\/capivari.sp.gov.br\\\/portal\\\/\",\"name\":\"Prefeitura de Capivari\",\"description\":\"Prefeitura de Capivari\",\"publisher\":{\"@id\":\"https:\\\/\\\/capivari.sp.gov.br\\\/portal\\\/#organization\"},\"potentialAction\":[{\"@type\":\"SearchAction\",\"target\":{\"@type\":\"EntryPoint\",\"urlTemplate\":\"https:\\\/\\\/capivari.sp.gov.br\\\/portal\\\/?s={search_term_string}\"},\"query-input\":{\"@type\":\"PropertyValueSpecification\",\"valueRequired\":true,\"valueName\":\"search_term_string\"}}],\"inLanguage\":\"pt-BR\"},{\"@type\":\"Organization\",\"@id\":\"https:\\\/\\\/capivari.sp.gov.br\\\/portal\\\/#organization\",\"name\":\"Prefeitura de Capivari\",\"url\":\"https:\\\/\\\/capivari.sp.gov.br\\\/portal\\\/\",\"logo\":{\"@type\":\"ImageObject\",\"inLanguage\":\"pt-BR\",\"@id\":\"https:\\\/\\\/capivari.sp.gov.br\\\/portal\\\/#\\\/schema\\\/logo\\\/image\\\/\",\"url\":\"https:\\\/\\\/capivari.sp.gov.br\\\/portal\\\/wp-content\\\/uploads\\\/2021\\\/09\\\/logo-prefeitura-de-capivari.png\",\"contentUrl\":\"https:\\\/\\\/capivari.sp.gov.br\\\/portal\\\/wp-content\\\/uploads\\\/2021\\\/09\\\/logo-prefeitura-de-capivari.png\",\"width\":200,\"height\":147,\"caption\":\"Prefeitura de Capivari\"},\"image\":{\"@id\":\"https:\\\/\\\/capivari.sp.gov.br\\\/portal\\\/#\\\/schema\\\/logo\\\/image\\\/\"},\"sameAs\":[\"https:\\\/\\\/www.facebook.com\\\/PrefeituradeCapivari\\\/\",\"https:\\\/\\\/x.com\\\/PrefCapivari\",\"https:\\\/\\\/www.instagram.com\\\/prefeituracapivari\\\/\"]},{\"@type\":\"Person\",\"@id\":\"https:\\\/\\\/capivari.sp.gov.br\\\/portal\\\/#\\\/schema\\\/person\\\/98801614a91d449946b0687ae2db9f29\",\"name\":\"Thalles Cristiano\",\"image\":{\"@type\":\"ImageObject\",\"inLanguage\":\"pt-BR\",\"@id\":\"https:\\\/\\\/secure.gravatar.com\\\/avatar\\\/0d1b9a4bdcde99ab11a8cd27abdcd088993749b82c4355c0301135023dc52b3d?s=96&d=mm&r=g\",\"url\":\"https:\\\/\\\/secure.gravatar.com\\\/avatar\\\/0d1b9a4bdcde99ab11a8cd27abdcd088993749b82c4355c0301135023dc52b3d?s=96&d=mm&r=g\",\"contentUrl\":\"https:\\\/\\\/secure.gravatar.com\\\/avatar\\\/0d1b9a4bdcde99ab11a8cd27abdcd088993749b82c4355c0301135023dc52b3d?s=96&d=mm&r=g\",\"caption\":\"Thalles Cristiano\"},\"url\":\"https:\\\/\\\/capivari.sp.gov.br\\\/portal\\\/author\\\/thalles-cristiano\\\/\"}]}<\/script>\n<!-- \/ Yoast SEO plugin. -->","yoast_head_json":{"title":"Bembolado e Deportivo Rafard s\u00e3o os finalistas do Campeonato Veterano de Futebol Amador 2023 - Prefeitura de Capivari","robots":{"index":"index","follow":"follow","max-snippet":"max-snippet:-1","max-image-preview":"max-image-preview:large","max-video-preview":"max-video-preview:-1"},"canonical":"https:\/\/capivari.sp.gov.br\/portal\/bembolado-e-deportivo-rafard-sao-os-finalistas-do-campeonato-veterano-de-futebol-amador-2023\/","og_locale":"pt_BR","og_type":"article","og_title":"Bembolado e Deportivo Rafard s\u00e3o os finalistas do Campeonato Veterano de Futebol Amador 2023 - Prefeitura de Capivari","og_description":"Na manh\u00e3 do \u00faltimo domingo, dia 18, foram realizadas as duas semifinais do Campeonato Veterano de Futebol Amador de Capivari 2023, em que quatro equipes batalharam para garantir o passaporte \u00e0 t\u00e3o sonhada decis\u00e3o do torneio, que reuniu sete equipes da nossa microrregi\u00e3o. Ambos os duelos foram promovidos no Est\u00e1dio Municipal Fernando de Marco, com [&hellip;]","og_url":"https:\/\/capivari.sp.gov.br\/portal\/bembolado-e-deportivo-rafard-sao-os-finalistas-do-campeonato-veterano-de-futebol-amador-2023\/","og_site_name":"Prefeitura de Capivari","article_publisher":"https:\/\/www.facebook.com\/PrefeituradeCapivari\/","article_published_time":"2023-06-19T14:41:57+00:00","og_image":[{"width":1024,"height":707,"url":"https:\/\/capivari.sp.gov.br\/portal\/wp-content\/uploads\/2023\/06\/WhatsApp-Image-2023-06-19-at-10.09.50.jpeg","type":"image\/jpeg"}],"author":"Thalles Cristiano","twitter_card":"summary_large_image","twitter_creator":"@PrefCapivari","twitter_site":"@PrefCapivari","twitter_misc":{"Escrito por":"Thalles Cristiano","Est. tempo de leitura":"3 minutos"},"schema":{"@context":"https:\/\/schema.org","@graph":[{"@type":"Article","@id":"https:\/\/capivari.sp.gov.br\/portal\/bembolado-e-deportivo-rafard-sao-os-finalistas-do-campeonato-veterano-de-futebol-amador-2023\/#article","isPartOf":{"@id":"https:\/\/capivari.sp.gov.br\/portal\/bembolado-e-deportivo-rafard-sao-os-finalistas-do-campeonato-veterano-de-futebol-amador-2023\/"},"author":{"name":"Thalles Cristiano","@id":"https:\/\/capivari.sp.gov.br\/portal\/#\/schema\/person\/98801614a91d449946b0687ae2db9f29"},"headline":"Bembolado e Deportivo Rafard s\u00e3o os finalistas do Campeonato Veterano de Futebol Amador 2023","datePublished":"2023-06-19T14:41:57+00:00","mainEntityOfPage":{"@id":"https:\/\/capivari.sp.gov.br\/portal\/bembolado-e-deportivo-rafard-sao-os-finalistas-do-campeonato-veterano-de-futebol-amador-2023\/"},"wordCount":455,"commentCount":0,"publisher":{"@id":"https:\/\/capivari.sp.gov.br\/portal\/#organization"},"image":{"@id":"https:\/\/capivari.sp.gov.br\/portal\/bembolado-e-deportivo-rafard-sao-os-finalistas-do-campeonato-veterano-de-futebol-amador-2023\/#primaryimage"},"thumbnailUrl":"https:\/\/capivari.sp.gov.br\/portal\/wp-content\/uploads\/2023\/06\/WhatsApp-Image-2023-06-19-at-10.09.50.jpeg","articleSection":["Destaque","Esporte","Geral"],"inLanguage":"pt-BR","potentialAction":[{"@type":"CommentAction","name":"Comment","target":["https:\/\/capivari.sp.gov.br\/portal\/bembolado-e-deportivo-rafard-sao-os-finalistas-do-campeonato-veterano-de-futebol-amador-2023\/#respond"]}]},{"@type":"WebPage","@id":"https:\/\/capivari.sp.gov.br\/portal\/bembolado-e-deportivo-rafard-sao-os-finalistas-do-campeonato-veterano-de-futebol-amador-2023\/","url":"https:\/\/capivari.sp.gov.br\/portal\/bembolado-e-deportivo-rafard-sao-os-finalistas-do-campeonato-veterano-de-futebol-amador-2023\/","name":"Bembolado e Deportivo Rafard s\u00e3o os finalistas do Campeonato Veterano de Futebol Amador 2023 - Prefeitura de Capivari","isPartOf":{"@id":"https:\/\/capivari.sp.gov.br\/portal\/#website"},"primaryImageOfPage":{"@id":"https:\/\/capivari.sp.gov.br\/portal\/bembolado-e-deportivo-rafard-sao-os-finalistas-do-campeonato-veterano-de-futebol-amador-2023\/#primaryimage"},"image":{"@id":"https:\/\/capivari.sp.gov.br\/portal\/bembolado-e-deportivo-rafard-sao-os-finalistas-do-campeonato-veterano-de-futebol-amador-2023\/#primaryimage"},"thumbnailUrl":"https:\/\/capivari.sp.gov.br\/portal\/wp-content\/uploads\/2023\/06\/WhatsApp-Image-2023-06-19-at-10.09.50.jpeg","datePublished":"2023-06-19T14:41:57+00:00","breadcrumb":{"@id":"https:\/\/capivari.sp.gov.br\/portal\/bembolado-e-deportivo-rafard-sao-os-finalistas-do-campeonato-veterano-de-futebol-amador-2023\/#breadcrumb"},"inLanguage":"pt-BR","potentialAction":[{"@type":"ReadAction","target":["https:\/\/capivari.sp.gov.br\/portal\/bembolado-e-deportivo-rafard-sao-os-finalistas-do-campeonato-veterano-de-futebol-amador-2023\/"]}]},{"@type":"ImageObject","inLanguage":"pt-BR","@id":"https:\/\/capivari.sp.gov.br\/portal\/bembolado-e-deportivo-rafard-sao-os-finalistas-do-campeonato-veterano-de-futebol-amador-2023\/#primaryimage","url":"https:\/\/capivari.sp.gov.br\/portal\/wp-content\/uploads\/2023\/06\/WhatsApp-Image-2023-06-19-at-10.09.50.jpeg","contentUrl":"https:\/\/capivari.sp.gov.br\/portal\/wp-content\/uploads\/2023\/06\/WhatsApp-Image-2023-06-19-at-10.09.50.jpeg","width":1024,"height":707},{"@type":"BreadcrumbList","@id":"https:\/\/capivari.sp.gov.br\/portal\/bembolado-e-deportivo-rafard-sao-os-finalistas-do-campeonato-veterano-de-futebol-amador-2023\/#breadcrumb","itemListElement":[{"@type":"ListItem","position":1,"name":"In\u00edcio","item":"https:\/\/capivari.sp.gov.br\/portal\/"},{"@type":"ListItem","position":2,"name":"Bembolado e Deportivo Rafard s\u00e3o os finalistas do Campeonato Veterano de Futebol Amador 2023"}]},{"@type":"WebSite","@id":"https:\/\/capivari.sp.gov.br\/portal\/#website","url":"https:\/\/capivari.sp.gov.br\/portal\/","name":"Prefeitura de Capivari","description":"Prefeitura de Capivari","publisher":{"@id":"https:\/\/capivari.sp.gov.br\/portal\/#organization"},"potentialAction":[{"@type":"SearchAction","target":{"@type":"EntryPoint","urlTemplate":"https:\/\/capivari.sp.gov.br\/portal\/?s={search_term_string}"},"query-input":{"@type":"PropertyValueSpecification","valueRequired":true,"valueName":"search_term_string"}}],"inLanguage":"pt-BR"},{"@type":"Organization","@id":"https:\/\/capivari.sp.gov.br\/portal\/#organization","name":"Prefeitura de Capivari","url":"https:\/\/capivari.sp.gov.br\/portal\/","logo":{"@type":"ImageObject","inLanguage":"pt-BR","@id":"https:\/\/capivari.sp.gov.br\/portal\/#\/schema\/logo\/image\/","url":"https:\/\/capivari.sp.gov.br\/portal\/wp-content\/uploads\/2021\/09\/logo-prefeitura-de-capivari.png","contentUrl":"https:\/\/capivari.sp.gov.br\/portal\/wp-content\/uploads\/2021\/09\/logo-prefeitura-de-capivari.png","width":200,"height":147,"caption":"Prefeitura de Capivari"},"image":{"@id":"https:\/\/capivari.sp.gov.br\/portal\/#\/schema\/logo\/image\/"},"sameAs":["https:\/\/www.facebook.com\/PrefeituradeCapivari\/","https:\/\/x.com\/PrefCapivari","https:\/\/www.instagram.com\/prefeituracapivari\/"]},{"@type":"Person","@id":"https:\/\/capivari.sp.gov.br\/portal\/#\/schema\/person\/98801614a91d449946b0687ae2db9f29","name":"Thalles Cristiano","image":{"@type":"ImageObject","inLanguage":"pt-BR","@id":"https:\/\/secure.gravatar.com\/avatar\/0d1b9a4bdcde99ab11a8cd27abdcd088993749b82c4355c0301135023dc52b3d?s=96&d=mm&r=g","url":"https:\/\/secure.gravatar.com\/avatar\/0d1b9a4bdcde99ab11a8cd27abdcd088993749b82c4355c0301135023dc52b3d?s=96&d=mm&r=g","contentUrl":"https:\/\/secure.gravatar.com\/avatar\/0d1b9a4bdcde99ab11a8cd27abdcd088993749b82c4355c0301135023dc52b3d?s=96&d=mm&r=g","caption":"Thalles Cristiano"},"url":"https:\/\/capivari.sp.gov.br\/portal\/author\/thalles-cristiano\/"}]}},"_links":{"self":[{"href":"https:\/\/capivari.sp.gov.br\/portal\/wp-json\/wp\/v2\/posts\/12197","targetHints":{"allow":["GET"]}}],"collection":[{"href":"https:\/\/capivari.sp.gov.br\/portal\/wp-json\/wp\/v2\/posts"}],"about":[{"href":"https:\/\/capivari.sp.gov.br\/portal\/wp-json\/wp\/v2\/types\/post"}],"author":[{"embeddable":true,"href":"https:\/\/capivari.sp.gov.br\/portal\/wp-json\/wp\/v2\/users\/2"}],"replies":[{"embeddable":true,"href":"https:\/\/capivari.sp.gov.br\/portal\/wp-json\/wp\/v2\/comments?post=12197"}],"version-history":[{"count":1,"href":"https:\/\/capivari.sp.gov.br\/portal\/wp-json\/wp\/v2\/posts\/12197\/revisions"}],"predecessor-version":[{"id":12199,"href":"https:\/\/capivari.sp.gov.br\/portal\/wp-json\/wp\/v2\/posts\/12197\/revisions\/12199"}],"wp:featuredmedia":[{"embeddable":true,"href":"https:\/\/capivari.sp.gov.br\/portal\/wp-json\/wp\/v2\/media\/12198"}],"wp:attachment":[{"href":"https:\/\/capivari.sp.gov.br\/portal\/wp-json\/wp\/v2\/media?parent=12197"}],"wp:term":[{"taxonomy":"category","embeddable":true,"href":"https:\/\/capivari.sp.gov.br\/portal\/wp-json\/wp\/v2\/categories?post=12197"},{"taxonomy":"post_tag","embeddable":true,"href":"https:\/\/capivari.sp.gov.br\/portal\/wp-json\/wp\/v2\/tags?post=12197"}],"curies":[{"name":"wp","href":"https:\/\/api.w.org\/{rel}","templated":true}]}}