{"id":12216,"date":"2023-06-20T13:49:39","date_gmt":"2023-06-20T16:49:39","guid":{"rendered":"https:\/\/capivari.sp.gov.br\/portal\/?p=12216"},"modified":"2023-06-20T13:49:39","modified_gmt":"2023-06-20T16:49:39","slug":"hospital-do-amor-de-barretos-tera-unidade-movel-instalada-no-posto-de-saude-central-na-proxima-quinta-dia-29","status":"publish","type":"post","link":"https:\/\/capivari.sp.gov.br\/portal\/hospital-do-amor-de-barretos-tera-unidade-movel-instalada-no-posto-de-saude-central-na-proxima-quinta-dia-29\/","title":{"rendered":"Hospital do Amor de Barretos ter\u00e1 unidade m\u00f3vel instalada no Posto de Sa\u00fade Central na pr\u00f3xima quinta, dia 29"},"content":{"rendered":"<p>A popula\u00e7\u00e3o de Capivari ter\u00e1 uma grande surpresa na \u00e1rea da sa\u00fade na pr\u00f3xima quinta-feira, dia 29. Uma unidade m\u00f3vel, pertencente ao Hospital do Amor da cidade de Barretos, ficar\u00e1 instalada nas depend\u00eancias do Posto de Sa\u00fade Central \u201cDr. M\u00e1rio Dias de Aguiar\u201d, no Centro da cidade. A unidade disponibilizar\u00e1, gratuitamente, exames de papanicolau, testes r\u00e1pido de pr\u00f3stata (PSA) e avalia\u00e7\u00f5es para suspeitas de C\u00e2ncer de pele.<\/p>\n<p>Os interessados em fazer esses exames, devem procurar a Ouvidoria da Secretaria de Sa\u00fade, situada na rua Padre Haroldo, 533, Centro, em frente a Escola Estadual Padre Fabiano. Os agendamentos ser\u00e3o aceitos at\u00e9 esta sexta-feira, dia 23, tendo atendimento das 07h \u00e0s 11h30. \u00c9 necess\u00e1rio comparecer ao local com CPF, Cart\u00e3o SUS e comprovante de endere\u00e7o em m\u00e3os, pois as vagas s\u00e3o limitadas.<\/p>\n<p>O exame papanicolau tem o objetivo de prevenir o C\u00e2ncer de colo de \u00fatero, voltado exclusivamente para mulheres entre 25 e 64 anos de idade. J\u00e1 o teste r\u00e1pido PSA, \u00e9 voltado ao p\u00fablico masculino, pois tem como intuito, a preven\u00e7\u00e3o do C\u00e2ncer de pr\u00f3stata, entre homens de 50 at\u00e9 69 anos de idade. As avalia\u00e7\u00f5es de suspeitas de C\u00e2ncer de pele tamb\u00e9m acontecer\u00e3o na unidade m\u00f3vel, com recomenda\u00e7\u00f5es sendo oferecidas a cada paciente de acordo com a situa\u00e7\u00e3o.<\/p>\n<p>Para saber mais sobre os atendimentos da unidade m\u00f3vel do Hospital do Amor de Barretos, a Ouvidoria da Secretaria de Sa\u00fade atende atrav\u00e9s do telefone (19) 3492-7362, de segunda a sexta 08h30 \u00e0s 16h30.<\/p>\n<p>Prefeitura de Capivari. Transformando o presente, construindo o futuro.<\/p>\n","protected":false},"excerpt":{"rendered":"<p>A popula\u00e7\u00e3o de Capivari ter\u00e1 uma grande surpresa na \u00e1rea da sa\u00fade na pr\u00f3xima quinta-feira, dia 29. Uma unidade m\u00f3vel, pertencente ao Hospital do Amor da cidade de Barretos, ficar\u00e1 instalada nas depend\u00eancias do Posto de Sa\u00fade Central \u201cDr. M\u00e1rio Dias de Aguiar\u201d, no Centro da cidade. A unidade disponibilizar\u00e1, gratuitamente, exames de papanicolau, testes [&hellip;]<\/p>\n","protected":false},"author":2,"featured_media":12217,"comment_status":"open","ping_status":"open","sticky":false,"template":"","format":"standard","meta":{"ocean_post_layout":"","ocean_both_sidebars_style":"","ocean_both_sidebars_content_width":0,"ocean_both_sidebars_sidebars_width":0,"ocean_sidebar":"","ocean_second_sidebar":"","ocean_disable_margins":"enable","ocean_add_body_class":"","ocean_shortcode_before_top_bar":"","ocean_shortcode_after_top_bar":"","ocean_shortcode_before_header":"","ocean_shortcode_after_header":"","ocean_has_shortcode":"","ocean_shortcode_after_title":"","ocean_shortcode_before_footer_widgets":"","ocean_shortcode_after_footer_widgets":"","ocean_shortcode_before_footer_bottom":"","ocean_shortcode_after_footer_bottom":"","ocean_display_top_bar":"default","ocean_display_header":"default","ocean_header_style":"","ocean_center_header_left_menu":"","ocean_custom_header_template":"","ocean_custom_logo":0,"ocean_custom_retina_logo":0,"ocean_custom_logo_max_width":0,"ocean_custom_logo_tablet_max_width":0,"ocean_custom_logo_mobile_max_width":0,"ocean_custom_logo_max_height":0,"ocean_custom_logo_tablet_max_height":0,"ocean_custom_logo_mobile_max_height":0,"ocean_header_custom_menu":"","ocean_menu_typo_font_family":"","ocean_menu_typo_font_subset":"","ocean_menu_typo_font_size":0,"ocean_menu_typo_font_size_tablet":0,"ocean_menu_typo_font_size_mobile":0,"ocean_menu_typo_font_size_unit":"px","ocean_menu_typo_font_weight":"","ocean_menu_typo_font_weight_tablet":"","ocean_menu_typo_font_weight_mobile":"","ocean_menu_typo_transform":"","ocean_menu_typo_transform_tablet":"","ocean_menu_typo_transform_mobile":"","ocean_menu_typo_line_height":0,"ocean_menu_typo_line_height_tablet":0,"ocean_menu_typo_line_height_mobile":0,"ocean_menu_typo_line_height_unit":"","ocean_menu_typo_spacing":0,"ocean_menu_typo_spacing_tablet":0,"ocean_menu_typo_spacing_mobile":0,"ocean_menu_typo_spacing_unit":"","ocean_menu_link_color":"","ocean_menu_link_color_hover":"","ocean_menu_link_color_active":"","ocean_menu_link_background":"","ocean_menu_link_hover_background":"","ocean_menu_link_active_background":"","ocean_menu_social_links_bg":"","ocean_menu_social_hover_links_bg":"","ocean_menu_social_links_color":"","ocean_menu_social_hover_links_color":"","ocean_disable_title":"default","ocean_disable_heading":"default","ocean_post_title":"","ocean_post_subheading":"","ocean_post_title_style":"","ocean_post_title_background_color":"","ocean_post_title_background":0,"ocean_post_title_bg_image_position":"","ocean_post_title_bg_image_attachment":"","ocean_post_title_bg_image_repeat":"","ocean_post_title_bg_image_size":"","ocean_post_title_height":0,"ocean_post_title_bg_overlay":0.5,"ocean_post_title_bg_overlay_color":"","ocean_disable_breadcrumbs":"default","ocean_breadcrumbs_color":"","ocean_breadcrumbs_separator_color":"","ocean_breadcrumbs_links_color":"","ocean_breadcrumbs_links_hover_color":"","ocean_display_footer_widgets":"default","ocean_display_footer_bottom":"default","ocean_custom_footer_template":"","ocean_post_oembed":"","ocean_post_self_hosted_media":"","ocean_post_video_embed":"","ocean_link_format":"","ocean_link_format_target":"self","ocean_quote_format":"","ocean_quote_format_link":"post","ocean_gallery_link_images":"off","ocean_gallery_id":[],"footnotes":""},"categories":[4,5,31],"tags":[],"class_list":["post-12216","post","type-post","status-publish","format-standard","has-post-thumbnail","hentry","category-destaque","category-geral","category-saude","entry","has-media"],"yoast_head":"<!-- This site is optimized with the Yoast SEO plugin v27.5 - https:\/\/yoast.com\/product\/yoast-seo-wordpress\/ -->\n<title>Hospital do Amor de Barretos ter\u00e1 unidade m\u00f3vel instalada no Posto de Sa\u00fade Central na pr\u00f3xima quinta, dia 29 - Prefeitura de Capivari<\/title>\n<meta name=\"robots\" content=\"index, follow, max-snippet:-1, max-image-preview:large, max-video-preview:-1\" \/>\n<link rel=\"canonical\" href=\"https:\/\/capivari.sp.gov.br\/portal\/hospital-do-amor-de-barretos-tera-unidade-movel-instalada-no-posto-de-saude-central-na-proxima-quinta-dia-29\/\" \/>\n<meta property=\"og:locale\" content=\"pt_BR\" \/>\n<meta property=\"og:type\" content=\"article\" \/>\n<meta property=\"og:title\" content=\"Hospital do Amor de Barretos ter\u00e1 unidade m\u00f3vel instalada no Posto de Sa\u00fade Central na pr\u00f3xima quinta, dia 29 - Prefeitura de Capivari\" \/>\n<meta property=\"og:description\" content=\"A popula\u00e7\u00e3o de Capivari ter\u00e1 uma grande surpresa na \u00e1rea da sa\u00fade na pr\u00f3xima quinta-feira, dia 29. Uma unidade m\u00f3vel, pertencente ao Hospital do Amor da cidade de Barretos, ficar\u00e1 instalada nas depend\u00eancias do Posto de Sa\u00fade Central \u201cDr. M\u00e1rio Dias de Aguiar\u201d, no Centro da cidade. A unidade disponibilizar\u00e1, gratuitamente, exames de papanicolau, testes [&hellip;]\" \/>\n<meta property=\"og:url\" content=\"https:\/\/capivari.sp.gov.br\/portal\/hospital-do-amor-de-barretos-tera-unidade-movel-instalada-no-posto-de-saude-central-na-proxima-quinta-dia-29\/\" \/>\n<meta property=\"og:site_name\" content=\"Prefeitura de Capivari\" \/>\n<meta property=\"article:publisher\" content=\"https:\/\/www.facebook.com\/PrefeituradeCapivari\/\" \/>\n<meta property=\"article:published_time\" content=\"2023-06-20T16:49:39+00:00\" \/>\n<meta property=\"og:image\" content=\"https:\/\/capivari.sp.gov.br\/portal\/wp-content\/uploads\/2023\/06\/WhatsApp-Image-2023-06-20-at-13.40.05.jpeg\" \/>\n\t<meta property=\"og:image:width\" content=\"1280\" \/>\n\t<meta property=\"og:image:height\" content=\"960\" \/>\n\t<meta property=\"og:image:type\" content=\"image\/jpeg\" \/>\n<meta name=\"author\" content=\"Thalles Cristiano\" \/>\n<meta name=\"twitter:card\" content=\"summary_large_image\" \/>\n<meta name=\"twitter:creator\" content=\"@PrefCapivari\" \/>\n<meta name=\"twitter:site\" content=\"@PrefCapivari\" \/>\n<meta name=\"twitter:label1\" content=\"Escrito por\" \/>\n\t<meta name=\"twitter:data1\" content=\"Thalles Cristiano\" \/>\n\t<meta name=\"twitter:label2\" content=\"Est. tempo de leitura\" \/>\n\t<meta name=\"twitter:data2\" content=\"2 minutos\" \/>\n<script type=\"application\/ld+json\" class=\"yoast-schema-graph\">{\"@context\":\"https:\\\/\\\/schema.org\",\"@graph\":[{\"@type\":\"Article\",\"@id\":\"https:\\\/\\\/capivari.sp.gov.br\\\/portal\\\/hospital-do-amor-de-barretos-tera-unidade-movel-instalada-no-posto-de-saude-central-na-proxima-quinta-dia-29\\\/#article\",\"isPartOf\":{\"@id\":\"https:\\\/\\\/capivari.sp.gov.br\\\/portal\\\/hospital-do-amor-de-barretos-tera-unidade-movel-instalada-no-posto-de-saude-central-na-proxima-quinta-dia-29\\\/\"},\"author\":{\"name\":\"Thalles Cristiano\",\"@id\":\"https:\\\/\\\/capivari.sp.gov.br\\\/portal\\\/#\\\/schema\\\/person\\\/98801614a91d449946b0687ae2db9f29\"},\"headline\":\"Hospital do Amor de Barretos ter\u00e1 unidade m\u00f3vel instalada no Posto de Sa\u00fade Central na pr\u00f3xima quinta, dia 29\",\"datePublished\":\"2023-06-20T16:49:39+00:00\",\"mainEntityOfPage\":{\"@id\":\"https:\\\/\\\/capivari.sp.gov.br\\\/portal\\\/hospital-do-amor-de-barretos-tera-unidade-movel-instalada-no-posto-de-saude-central-na-proxima-quinta-dia-29\\\/\"},\"wordCount\":297,\"commentCount\":0,\"publisher\":{\"@id\":\"https:\\\/\\\/capivari.sp.gov.br\\\/portal\\\/#organization\"},\"image\":{\"@id\":\"https:\\\/\\\/capivari.sp.gov.br\\\/portal\\\/hospital-do-amor-de-barretos-tera-unidade-movel-instalada-no-posto-de-saude-central-na-proxima-quinta-dia-29\\\/#primaryimage\"},\"thumbnailUrl\":\"https:\\\/\\\/capivari.sp.gov.br\\\/portal\\\/wp-content\\\/uploads\\\/2023\\\/06\\\/WhatsApp-Image-2023-06-20-at-13.40.05.jpeg\",\"articleSection\":[\"Destaque\",\"Geral\",\"Sa\u00fade\"],\"inLanguage\":\"pt-BR\",\"potentialAction\":[{\"@type\":\"CommentAction\",\"name\":\"Comment\",\"target\":[\"https:\\\/\\\/capivari.sp.gov.br\\\/portal\\\/hospital-do-amor-de-barretos-tera-unidade-movel-instalada-no-posto-de-saude-central-na-proxima-quinta-dia-29\\\/#respond\"]}]},{\"@type\":\"WebPage\",\"@id\":\"https:\\\/\\\/capivari.sp.gov.br\\\/portal\\\/hospital-do-amor-de-barretos-tera-unidade-movel-instalada-no-posto-de-saude-central-na-proxima-quinta-dia-29\\\/\",\"url\":\"https:\\\/\\\/capivari.sp.gov.br\\\/portal\\\/hospital-do-amor-de-barretos-tera-unidade-movel-instalada-no-posto-de-saude-central-na-proxima-quinta-dia-29\\\/\",\"name\":\"Hospital do Amor de Barretos ter\u00e1 unidade m\u00f3vel instalada no Posto de Sa\u00fade Central na pr\u00f3xima quinta, dia 29 - Prefeitura de Capivari\",\"isPartOf\":{\"@id\":\"https:\\\/\\\/capivari.sp.gov.br\\\/portal\\\/#website\"},\"primaryImageOfPage\":{\"@id\":\"https:\\\/\\\/capivari.sp.gov.br\\\/portal\\\/hospital-do-amor-de-barretos-tera-unidade-movel-instalada-no-posto-de-saude-central-na-proxima-quinta-dia-29\\\/#primaryimage\"},\"image\":{\"@id\":\"https:\\\/\\\/capivari.sp.gov.br\\\/portal\\\/hospital-do-amor-de-barretos-tera-unidade-movel-instalada-no-posto-de-saude-central-na-proxima-quinta-dia-29\\\/#primaryimage\"},\"thumbnailUrl\":\"https:\\\/\\\/capivari.sp.gov.br\\\/portal\\\/wp-content\\\/uploads\\\/2023\\\/06\\\/WhatsApp-Image-2023-06-20-at-13.40.05.jpeg\",\"datePublished\":\"2023-06-20T16:49:39+00:00\",\"breadcrumb\":{\"@id\":\"https:\\\/\\\/capivari.sp.gov.br\\\/portal\\\/hospital-do-amor-de-barretos-tera-unidade-movel-instalada-no-posto-de-saude-central-na-proxima-quinta-dia-29\\\/#breadcrumb\"},\"inLanguage\":\"pt-BR\",\"potentialAction\":[{\"@type\":\"ReadAction\",\"target\":[\"https:\\\/\\\/capivari.sp.gov.br\\\/portal\\\/hospital-do-amor-de-barretos-tera-unidade-movel-instalada-no-posto-de-saude-central-na-proxima-quinta-dia-29\\\/\"]}]},{\"@type\":\"ImageObject\",\"inLanguage\":\"pt-BR\",\"@id\":\"https:\\\/\\\/capivari.sp.gov.br\\\/portal\\\/hospital-do-amor-de-barretos-tera-unidade-movel-instalada-no-posto-de-saude-central-na-proxima-quinta-dia-29\\\/#primaryimage\",\"url\":\"https:\\\/\\\/capivari.sp.gov.br\\\/portal\\\/wp-content\\\/uploads\\\/2023\\\/06\\\/WhatsApp-Image-2023-06-20-at-13.40.05.jpeg\",\"contentUrl\":\"https:\\\/\\\/capivari.sp.gov.br\\\/portal\\\/wp-content\\\/uploads\\\/2023\\\/06\\\/WhatsApp-Image-2023-06-20-at-13.40.05.jpeg\",\"width\":1280,\"height\":960},{\"@type\":\"BreadcrumbList\",\"@id\":\"https:\\\/\\\/capivari.sp.gov.br\\\/portal\\\/hospital-do-amor-de-barretos-tera-unidade-movel-instalada-no-posto-de-saude-central-na-proxima-quinta-dia-29\\\/#breadcrumb\",\"itemListElement\":[{\"@type\":\"ListItem\",\"position\":1,\"name\":\"In\u00edcio\",\"item\":\"https:\\\/\\\/capivari.sp.gov.br\\\/portal\\\/\"},{\"@type\":\"ListItem\",\"position\":2,\"name\":\"Hospital do Amor de Barretos ter\u00e1 unidade m\u00f3vel instalada no Posto de Sa\u00fade Central na pr\u00f3xima quinta, dia 29\"}]},{\"@type\":\"WebSite\",\"@id\":\"https:\\\/\\\/capivari.sp.gov.br\\\/portal\\\/#website\",\"url\":\"https:\\\/\\\/capivari.sp.gov.br\\\/portal\\\/\",\"name\":\"Prefeitura de Capivari\",\"description\":\"Prefeitura de Capivari\",\"publisher\":{\"@id\":\"https:\\\/\\\/capivari.sp.gov.br\\\/portal\\\/#organization\"},\"potentialAction\":[{\"@type\":\"SearchAction\",\"target\":{\"@type\":\"EntryPoint\",\"urlTemplate\":\"https:\\\/\\\/capivari.sp.gov.br\\\/portal\\\/?s={search_term_string}\"},\"query-input\":{\"@type\":\"PropertyValueSpecification\",\"valueRequired\":true,\"valueName\":\"search_term_string\"}}],\"inLanguage\":\"pt-BR\"},{\"@type\":\"Organization\",\"@id\":\"https:\\\/\\\/capivari.sp.gov.br\\\/portal\\\/#organization\",\"name\":\"Prefeitura de Capivari\",\"url\":\"https:\\\/\\\/capivari.sp.gov.br\\\/portal\\\/\",\"logo\":{\"@type\":\"ImageObject\",\"inLanguage\":\"pt-BR\",\"@id\":\"https:\\\/\\\/capivari.sp.gov.br\\\/portal\\\/#\\\/schema\\\/logo\\\/image\\\/\",\"url\":\"https:\\\/\\\/capivari.sp.gov.br\\\/portal\\\/wp-content\\\/uploads\\\/2021\\\/09\\\/logo-prefeitura-de-capivari.png\",\"contentUrl\":\"https:\\\/\\\/capivari.sp.gov.br\\\/portal\\\/wp-content\\\/uploads\\\/2021\\\/09\\\/logo-prefeitura-de-capivari.png\",\"width\":200,\"height\":147,\"caption\":\"Prefeitura de Capivari\"},\"image\":{\"@id\":\"https:\\\/\\\/capivari.sp.gov.br\\\/portal\\\/#\\\/schema\\\/logo\\\/image\\\/\"},\"sameAs\":[\"https:\\\/\\\/www.facebook.com\\\/PrefeituradeCapivari\\\/\",\"https:\\\/\\\/x.com\\\/PrefCapivari\",\"https:\\\/\\\/www.instagram.com\\\/prefeituracapivari\\\/\"]},{\"@type\":\"Person\",\"@id\":\"https:\\\/\\\/capivari.sp.gov.br\\\/portal\\\/#\\\/schema\\\/person\\\/98801614a91d449946b0687ae2db9f29\",\"name\":\"Thalles Cristiano\",\"image\":{\"@type\":\"ImageObject\",\"inLanguage\":\"pt-BR\",\"@id\":\"https:\\\/\\\/secure.gravatar.com\\\/avatar\\\/0d1b9a4bdcde99ab11a8cd27abdcd088993749b82c4355c0301135023dc52b3d?s=96&d=mm&r=g\",\"url\":\"https:\\\/\\\/secure.gravatar.com\\\/avatar\\\/0d1b9a4bdcde99ab11a8cd27abdcd088993749b82c4355c0301135023dc52b3d?s=96&d=mm&r=g\",\"contentUrl\":\"https:\\\/\\\/secure.gravatar.com\\\/avatar\\\/0d1b9a4bdcde99ab11a8cd27abdcd088993749b82c4355c0301135023dc52b3d?s=96&d=mm&r=g\",\"caption\":\"Thalles Cristiano\"},\"url\":\"https:\\\/\\\/capivari.sp.gov.br\\\/portal\\\/author\\\/thalles-cristiano\\\/\"}]}<\/script>\n<!-- \/ Yoast SEO plugin. -->","yoast_head_json":{"title":"Hospital do Amor de Barretos ter\u00e1 unidade m\u00f3vel instalada no Posto de Sa\u00fade Central na pr\u00f3xima quinta, dia 29 - Prefeitura de Capivari","robots":{"index":"index","follow":"follow","max-snippet":"max-snippet:-1","max-image-preview":"max-image-preview:large","max-video-preview":"max-video-preview:-1"},"canonical":"https:\/\/capivari.sp.gov.br\/portal\/hospital-do-amor-de-barretos-tera-unidade-movel-instalada-no-posto-de-saude-central-na-proxima-quinta-dia-29\/","og_locale":"pt_BR","og_type":"article","og_title":"Hospital do Amor de Barretos ter\u00e1 unidade m\u00f3vel instalada no Posto de Sa\u00fade Central na pr\u00f3xima quinta, dia 29 - Prefeitura de Capivari","og_description":"A popula\u00e7\u00e3o de Capivari ter\u00e1 uma grande surpresa na \u00e1rea da sa\u00fade na pr\u00f3xima quinta-feira, dia 29. Uma unidade m\u00f3vel, pertencente ao Hospital do Amor da cidade de Barretos, ficar\u00e1 instalada nas depend\u00eancias do Posto de Sa\u00fade Central \u201cDr. M\u00e1rio Dias de Aguiar\u201d, no Centro da cidade. A unidade disponibilizar\u00e1, gratuitamente, exames de papanicolau, testes [&hellip;]","og_url":"https:\/\/capivari.sp.gov.br\/portal\/hospital-do-amor-de-barretos-tera-unidade-movel-instalada-no-posto-de-saude-central-na-proxima-quinta-dia-29\/","og_site_name":"Prefeitura de Capivari","article_publisher":"https:\/\/www.facebook.com\/PrefeituradeCapivari\/","article_published_time":"2023-06-20T16:49:39+00:00","og_image":[{"width":1280,"height":960,"url":"https:\/\/capivari.sp.gov.br\/portal\/wp-content\/uploads\/2023\/06\/WhatsApp-Image-2023-06-20-at-13.40.05.jpeg","type":"image\/jpeg"}],"author":"Thalles Cristiano","twitter_card":"summary_large_image","twitter_creator":"@PrefCapivari","twitter_site":"@PrefCapivari","twitter_misc":{"Escrito por":"Thalles Cristiano","Est. tempo de leitura":"2 minutos"},"schema":{"@context":"https:\/\/schema.org","@graph":[{"@type":"Article","@id":"https:\/\/capivari.sp.gov.br\/portal\/hospital-do-amor-de-barretos-tera-unidade-movel-instalada-no-posto-de-saude-central-na-proxima-quinta-dia-29\/#article","isPartOf":{"@id":"https:\/\/capivari.sp.gov.br\/portal\/hospital-do-amor-de-barretos-tera-unidade-movel-instalada-no-posto-de-saude-central-na-proxima-quinta-dia-29\/"},"author":{"name":"Thalles Cristiano","@id":"https:\/\/capivari.sp.gov.br\/portal\/#\/schema\/person\/98801614a91d449946b0687ae2db9f29"},"headline":"Hospital do Amor de Barretos ter\u00e1 unidade m\u00f3vel instalada no Posto de Sa\u00fade Central na pr\u00f3xima quinta, dia 29","datePublished":"2023-06-20T16:49:39+00:00","mainEntityOfPage":{"@id":"https:\/\/capivari.sp.gov.br\/portal\/hospital-do-amor-de-barretos-tera-unidade-movel-instalada-no-posto-de-saude-central-na-proxima-quinta-dia-29\/"},"wordCount":297,"commentCount":0,"publisher":{"@id":"https:\/\/capivari.sp.gov.br\/portal\/#organization"},"image":{"@id":"https:\/\/capivari.sp.gov.br\/portal\/hospital-do-amor-de-barretos-tera-unidade-movel-instalada-no-posto-de-saude-central-na-proxima-quinta-dia-29\/#primaryimage"},"thumbnailUrl":"https:\/\/capivari.sp.gov.br\/portal\/wp-content\/uploads\/2023\/06\/WhatsApp-Image-2023-06-20-at-13.40.05.jpeg","articleSection":["Destaque","Geral","Sa\u00fade"],"inLanguage":"pt-BR","potentialAction":[{"@type":"CommentAction","name":"Comment","target":["https:\/\/capivari.sp.gov.br\/portal\/hospital-do-amor-de-barretos-tera-unidade-movel-instalada-no-posto-de-saude-central-na-proxima-quinta-dia-29\/#respond"]}]},{"@type":"WebPage","@id":"https:\/\/capivari.sp.gov.br\/portal\/hospital-do-amor-de-barretos-tera-unidade-movel-instalada-no-posto-de-saude-central-na-proxima-quinta-dia-29\/","url":"https:\/\/capivari.sp.gov.br\/portal\/hospital-do-amor-de-barretos-tera-unidade-movel-instalada-no-posto-de-saude-central-na-proxima-quinta-dia-29\/","name":"Hospital do Amor de Barretos ter\u00e1 unidade m\u00f3vel instalada no Posto de Sa\u00fade Central na pr\u00f3xima quinta, dia 29 - Prefeitura de Capivari","isPartOf":{"@id":"https:\/\/capivari.sp.gov.br\/portal\/#website"},"primaryImageOfPage":{"@id":"https:\/\/capivari.sp.gov.br\/portal\/hospital-do-amor-de-barretos-tera-unidade-movel-instalada-no-posto-de-saude-central-na-proxima-quinta-dia-29\/#primaryimage"},"image":{"@id":"https:\/\/capivari.sp.gov.br\/portal\/hospital-do-amor-de-barretos-tera-unidade-movel-instalada-no-posto-de-saude-central-na-proxima-quinta-dia-29\/#primaryimage"},"thumbnailUrl":"https:\/\/capivari.sp.gov.br\/portal\/wp-content\/uploads\/2023\/06\/WhatsApp-Image-2023-06-20-at-13.40.05.jpeg","datePublished":"2023-06-20T16:49:39+00:00","breadcrumb":{"@id":"https:\/\/capivari.sp.gov.br\/portal\/hospital-do-amor-de-barretos-tera-unidade-movel-instalada-no-posto-de-saude-central-na-proxima-quinta-dia-29\/#breadcrumb"},"inLanguage":"pt-BR","potentialAction":[{"@type":"ReadAction","target":["https:\/\/capivari.sp.gov.br\/portal\/hospital-do-amor-de-barretos-tera-unidade-movel-instalada-no-posto-de-saude-central-na-proxima-quinta-dia-29\/"]}]},{"@type":"ImageObject","inLanguage":"pt-BR","@id":"https:\/\/capivari.sp.gov.br\/portal\/hospital-do-amor-de-barretos-tera-unidade-movel-instalada-no-posto-de-saude-central-na-proxima-quinta-dia-29\/#primaryimage","url":"https:\/\/capivari.sp.gov.br\/portal\/wp-content\/uploads\/2023\/06\/WhatsApp-Image-2023-06-20-at-13.40.05.jpeg","contentUrl":"https:\/\/capivari.sp.gov.br\/portal\/wp-content\/uploads\/2023\/06\/WhatsApp-Image-2023-06-20-at-13.40.05.jpeg","width":1280,"height":960},{"@type":"BreadcrumbList","@id":"https:\/\/capivari.sp.gov.br\/portal\/hospital-do-amor-de-barretos-tera-unidade-movel-instalada-no-posto-de-saude-central-na-proxima-quinta-dia-29\/#breadcrumb","itemListElement":[{"@type":"ListItem","position":1,"name":"In\u00edcio","item":"https:\/\/capivari.sp.gov.br\/portal\/"},{"@type":"ListItem","position":2,"name":"Hospital do Amor de Barretos ter\u00e1 unidade m\u00f3vel instalada no Posto de Sa\u00fade Central na pr\u00f3xima quinta, dia 29"}]},{"@type":"WebSite","@id":"https:\/\/capivari.sp.gov.br\/portal\/#website","url":"https:\/\/capivari.sp.gov.br\/portal\/","name":"Prefeitura de Capivari","description":"Prefeitura de Capivari","publisher":{"@id":"https:\/\/capivari.sp.gov.br\/portal\/#organization"},"potentialAction":[{"@type":"SearchAction","target":{"@type":"EntryPoint","urlTemplate":"https:\/\/capivari.sp.gov.br\/portal\/?s={search_term_string}"},"query-input":{"@type":"PropertyValueSpecification","valueRequired":true,"valueName":"search_term_string"}}],"inLanguage":"pt-BR"},{"@type":"Organization","@id":"https:\/\/capivari.sp.gov.br\/portal\/#organization","name":"Prefeitura de Capivari","url":"https:\/\/capivari.sp.gov.br\/portal\/","logo":{"@type":"ImageObject","inLanguage":"pt-BR","@id":"https:\/\/capivari.sp.gov.br\/portal\/#\/schema\/logo\/image\/","url":"https:\/\/capivari.sp.gov.br\/portal\/wp-content\/uploads\/2021\/09\/logo-prefeitura-de-capivari.png","contentUrl":"https:\/\/capivari.sp.gov.br\/portal\/wp-content\/uploads\/2021\/09\/logo-prefeitura-de-capivari.png","width":200,"height":147,"caption":"Prefeitura de Capivari"},"image":{"@id":"https:\/\/capivari.sp.gov.br\/portal\/#\/schema\/logo\/image\/"},"sameAs":["https:\/\/www.facebook.com\/PrefeituradeCapivari\/","https:\/\/x.com\/PrefCapivari","https:\/\/www.instagram.com\/prefeituracapivari\/"]},{"@type":"Person","@id":"https:\/\/capivari.sp.gov.br\/portal\/#\/schema\/person\/98801614a91d449946b0687ae2db9f29","name":"Thalles Cristiano","image":{"@type":"ImageObject","inLanguage":"pt-BR","@id":"https:\/\/secure.gravatar.com\/avatar\/0d1b9a4bdcde99ab11a8cd27abdcd088993749b82c4355c0301135023dc52b3d?s=96&d=mm&r=g","url":"https:\/\/secure.gravatar.com\/avatar\/0d1b9a4bdcde99ab11a8cd27abdcd088993749b82c4355c0301135023dc52b3d?s=96&d=mm&r=g","contentUrl":"https:\/\/secure.gravatar.com\/avatar\/0d1b9a4bdcde99ab11a8cd27abdcd088993749b82c4355c0301135023dc52b3d?s=96&d=mm&r=g","caption":"Thalles Cristiano"},"url":"https:\/\/capivari.sp.gov.br\/portal\/author\/thalles-cristiano\/"}]}},"_links":{"self":[{"href":"https:\/\/capivari.sp.gov.br\/portal\/wp-json\/wp\/v2\/posts\/12216","targetHints":{"allow":["GET"]}}],"collection":[{"href":"https:\/\/capivari.sp.gov.br\/portal\/wp-json\/wp\/v2\/posts"}],"about":[{"href":"https:\/\/capivari.sp.gov.br\/portal\/wp-json\/wp\/v2\/types\/post"}],"author":[{"embeddable":true,"href":"https:\/\/capivari.sp.gov.br\/portal\/wp-json\/wp\/v2\/users\/2"}],"replies":[{"embeddable":true,"href":"https:\/\/capivari.sp.gov.br\/portal\/wp-json\/wp\/v2\/comments?post=12216"}],"version-history":[{"count":1,"href":"https:\/\/capivari.sp.gov.br\/portal\/wp-json\/wp\/v2\/posts\/12216\/revisions"}],"predecessor-version":[{"id":12218,"href":"https:\/\/capivari.sp.gov.br\/portal\/wp-json\/wp\/v2\/posts\/12216\/revisions\/12218"}],"wp:featuredmedia":[{"embeddable":true,"href":"https:\/\/capivari.sp.gov.br\/portal\/wp-json\/wp\/v2\/media\/12217"}],"wp:attachment":[{"href":"https:\/\/capivari.sp.gov.br\/portal\/wp-json\/wp\/v2\/media?parent=12216"}],"wp:term":[{"taxonomy":"category","embeddable":true,"href":"https:\/\/capivari.sp.gov.br\/portal\/wp-json\/wp\/v2\/categories?post=12216"},{"taxonomy":"post_tag","embeddable":true,"href":"https:\/\/capivari.sp.gov.br\/portal\/wp-json\/wp\/v2\/tags?post=12216"}],"curies":[{"name":"wp","href":"https:\/\/api.w.org\/{rel}","templated":true}]}}