{"id":12229,"date":"2023-06-20T16:15:43","date_gmt":"2023-06-20T19:15:43","guid":{"rendered":"https:\/\/capivari.sp.gov.br\/portal\/?p=12229"},"modified":"2023-06-20T16:15:43","modified_gmt":"2023-06-20T19:15:43","slug":"prefeito-vitao-riccomini-e-vice-prefeito-bruno-barnabe-anunciam-serie-de-obras-que-terao-inicio-no-segundo-semestre-de-2023","status":"publish","type":"post","link":"https:\/\/capivari.sp.gov.br\/portal\/prefeito-vitao-riccomini-e-vice-prefeito-bruno-barnabe-anunciam-serie-de-obras-que-terao-inicio-no-segundo-semestre-de-2023\/","title":{"rendered":"Prefeito Vit\u00e3o Riccomini e vice-prefeito Bruno Barnab\u00e9 anunciam s\u00e9rie de obras que ter\u00e3o in\u00edcio no segundo semestre de 2023"},"content":{"rendered":"<p><span style=\"font-family: Arial, sans-serif;\"><span style=\"font-size: medium;\">O prefeito Vit\u00e3o Riccomini, acompanhado do vice-prefeito Bruno Barnab\u00e9, anunciou uma s\u00e9rie de obras em um pronunciamento oficial via redes sociais. Os projetos est\u00e3o prontos, agora o processo seguir\u00e1 em licita\u00e7\u00e3o e devem ser tocados ainda no segundo semestre de 2023, segundo o chefe do executivo.<\/p>\n<p>\u201cHoje, Capivari tem capacidade financeira de executar suas obras plenamente atestada pelo Tesouro Nacional. S\u00f3 22% dos munic\u00edpios do pa\u00eds possuem essa capacidade. Conseguimos tamb\u00e9m parcerias atrav\u00e9s de institui\u00e7\u00f5es banc\u00e1rias e podemos antecipar melhorias ao munic\u00edpio e n\u00e3o ficar aguardando anos e anos as coisas acontecerem\u201d, explicou o prefeito.<\/p>\n<p>Ser\u00e1 constru\u00edda uma ponte na Rua Padre Fabiano, que vai integrar a regi\u00e3o Central da cidade com os bairros Esta\u00e7\u00e3o, Nova Aparecida e Vila F\u00e1tima. A finaliza\u00e7\u00e3o da obra deve ocorrer em um prazo entre oito e 10 meses, ap\u00f3s o processo de licita\u00e7\u00e3o, encerrado em 60 dias.<\/p>\n<p>O prefeito tamb\u00e9m destacou a constru\u00e7\u00e3o de um minianel vi\u00e1rio e novo recapeamento da rua Humberto Annicchino, que ligar\u00e1 o bairro S\u00e3o Pedro com o Distrito Industrial (DIC II). A obra inclui ainda pavimenta\u00e7\u00e3o, guias, sarjetas e cal\u00e7amento na rua que liga o S\u00e3o Pedro a MM Souza. A obra tem previs\u00e3o de 90 dias ap\u00f3s o processo licitat\u00f3rio.<\/p>\n<p>A integra\u00e7\u00e3o do bairro Moreto com o Jardim Elisa \u00e9 outra grande mudan\u00e7a nas ruas de Capivari, facilitando o fluxo de carros daquela regi\u00e3o. Esse projeto inclui um parque linear, com uma pra\u00e7a de lazer para a popula\u00e7\u00e3o. <\/span><\/span><\/p>\n<p><span style=\"font-family: Arial, sans-serif;\"><span style=\"font-size: medium;\">A esperada pavimenta\u00e7\u00e3o da regi\u00e3o do Corte Preto tamb\u00e9m foi anunciada. <span style=\"color: #000000;\">O local \u00e9 muito importante e de grande utiliza\u00e7\u00e3o dos capivarianos, pois faz a interliga\u00e7\u00e3o do Distrito Industrial com \u00e1reas rurais, al\u00e9m de ser utilizado como acesso \u00e0<\/span><span style=\"color: #000000;\">s Rodovias do A\u00e7\u00facar <\/span><span style=\"color: #000000;\">(SP-308) <\/span><span style=\"color: #000000;\">e a Jornalista Francisco Aguirre Proen\u00e7a (SP-101). <\/span><span style=\"color: #000000;\">L\u00e1, receber\u00e3o asfalto as ruas <\/span><span style=\"color: #000000;\">Dr. Sebasti\u00e3o Armelin, Antonio Pagotto Neto e Jos\u00e9 Garcia Rodrigues Filho, <\/span><span style=\"color: #000000;\">num total de <\/span><span style=\"color: #000000;\">10.785,20 m2 de pavimenta\u00e7\u00e3o. <\/span><\/span><\/span><\/p>\n<p><span style=\"font-family: Arial, sans-serif;\"><span style=\"font-size: medium;\">Na \u00e1rea da Educa\u00e7\u00e3o, o prefeito revelou planos para duas grandes obras que beneficiar\u00e3o a comunidade. Uma das principais novidades \u00e9 a transforma\u00e7\u00e3o do antigo pr\u00e9dio do que deveria ser uma Unidade de Pronto Atendimento (UPA), no bairro S\u00e3o Pedro, em uma escola de educa\u00e7\u00e3o infantil e fundamental, oferecendo atendimento desde o ber\u00e7\u00e1rio at\u00e9 o primeiro ano. A reforma abranger\u00e1 diversos aspectos, garantindo um ambiente adequado e seguro para os estudantes. Entre as melhorias previstas est\u00e3o a instala\u00e7\u00e3o de novos revestimentos, janelas e portas, al\u00e9m da implementa\u00e7\u00e3o de recursos de acessibilidade, como pisos t\u00e1teis, que auxiliam na orienta\u00e7\u00e3o de pessoas com defici\u00eancia visual. Os banheiros tamb\u00e9m passar\u00e3o por reformas, para garantir a sua adapta\u00e7\u00e3o \u00e0s necessidades dos alunos. O prazo da obra \u00e9 de 8 a 10 meses.<\/p>\n<p>A Escola de Educa\u00e7\u00e3o Infantil do bairro Padovani tamb\u00e9m vai passar por uma grande reforma. Neste caso, ser\u00e1 refeita a parte estrutural do pr\u00e9dio, que se juntar\u00e1 a um antigo Posto de Sa\u00fade desativado que existe ao lado da atual unidade escolar. Tudo seguindo o atual padr\u00e3o das escolas municipais, mais moderno e acess\u00edvel a toda popula\u00e7\u00e3o. A entrega est\u00e1 prevista para o primeiro semestre de 2024.<\/p>\n<p>Ainda na \u00e1rea da Educa\u00e7\u00e3o, o prefeito e vice-prefeito frisaram a cobertura das quadras das escolas Aldo Silveira, no Moreto, Cherubim Sampaio, na Vila Izildinha e L\u00facia Ros\u00e1ria, no bairro Pitangueiras. Todas as obras t\u00eam previs\u00e3o de in\u00edcio e t\u00e9rmino ainda no segundo semestre deste ano.<\/p>\n<p>Outra obra de grande porte, que deve se iniciar em breve, \u00e9 a reforma na Esta\u00e7\u00e3o de Tratamento do bairro Esta\u00e7\u00e3o, respons\u00e1vel pelo abastecimento de cerca de 60% do munic\u00edpio. Nesta obra, ser\u00e3o elevadas as bombas, troca da instala\u00e7\u00e3o el\u00e9trica e da comporta, tudo para impedir desabastecimento em casos extremos, como o que ocorreu no in\u00edcio deste ano durante as fortes enchentes que atingiram o munic\u00edpio. A obra tem previs\u00e3o de conclus\u00e3o em at\u00e9 6 meses ap\u00f3s o processo licitat\u00f3rio.<\/p>\n<p>O vice-prefeito Bruno Barnab\u00e9 fez quest\u00e3o de destacar toda a equipe da Prefeitura que trabalhou nesses projetos, que agora ser\u00e3o colocados em pr\u00e1tica. \u201cCitamos mais de 20 obras aqui, que consumiu muito trabalho de nossa equipe. \u00c9 um prova que temos um time muito afinado com o futuro de Capivari, que n\u00e3o via esse volume de obras h\u00e1 mais de 20 anos\u201d, disse.<\/p>\n<p><b>Prefeitura de Capivari. Transformando o presente, construindo\u00a0o\u00a0futuro.<\/b><\/span><\/span><\/p>\n","protected":false},"excerpt":{"rendered":"<p>O prefeito Vit\u00e3o Riccomini, acompanhado do vice-prefeito Bruno Barnab\u00e9, anunciou uma s\u00e9rie de obras em um pronunciamento oficial via redes sociais. Os projetos est\u00e3o prontos, agora o processo seguir\u00e1 em licita\u00e7\u00e3o e devem ser tocados ainda no segundo semestre de 2023, segundo o chefe do executivo. \u201cHoje, Capivari tem capacidade financeira de executar suas obras [&hellip;]<\/p>\n","protected":false},"author":15,"featured_media":12230,"comment_status":"open","ping_status":"open","sticky":false,"template":"","format":"standard","meta":{"ocean_post_layout":"","ocean_both_sidebars_style":"","ocean_both_sidebars_content_width":0,"ocean_both_sidebars_sidebars_width":0,"ocean_sidebar":"","ocean_second_sidebar":"","ocean_disable_margins":"enable","ocean_add_body_class":"","ocean_shortcode_before_top_bar":"","ocean_shortcode_after_top_bar":"","ocean_shortcode_before_header":"","ocean_shortcode_after_header":"","ocean_has_shortcode":"","ocean_shortcode_after_title":"","ocean_shortcode_before_footer_widgets":"","ocean_shortcode_after_footer_widgets":"","ocean_shortcode_before_footer_bottom":"","ocean_shortcode_after_footer_bottom":"","ocean_display_top_bar":"default","ocean_display_header":"default","ocean_header_style":"","ocean_center_header_left_menu":"","ocean_custom_header_template":"","ocean_custom_logo":0,"ocean_custom_retina_logo":0,"ocean_custom_logo_max_width":0,"ocean_custom_logo_tablet_max_width":0,"ocean_custom_logo_mobile_max_width":0,"ocean_custom_logo_max_height":0,"ocean_custom_logo_tablet_max_height":0,"ocean_custom_logo_mobile_max_height":0,"ocean_header_custom_menu":"","ocean_menu_typo_font_family":"","ocean_menu_typo_font_subset":"","ocean_menu_typo_font_size":0,"ocean_menu_typo_font_size_tablet":0,"ocean_menu_typo_font_size_mobile":0,"ocean_menu_typo_font_size_unit":"px","ocean_menu_typo_font_weight":"","ocean_menu_typo_font_weight_tablet":"","ocean_menu_typo_font_weight_mobile":"","ocean_menu_typo_transform":"","ocean_menu_typo_transform_tablet":"","ocean_menu_typo_transform_mobile":"","ocean_menu_typo_line_height":0,"ocean_menu_typo_line_height_tablet":0,"ocean_menu_typo_line_height_mobile":0,"ocean_menu_typo_line_height_unit":"","ocean_menu_typo_spacing":0,"ocean_menu_typo_spacing_tablet":0,"ocean_menu_typo_spacing_mobile":0,"ocean_menu_typo_spacing_unit":"","ocean_menu_link_color":"","ocean_menu_link_color_hover":"","ocean_menu_link_color_active":"","ocean_menu_link_background":"","ocean_menu_link_hover_background":"","ocean_menu_link_active_background":"","ocean_menu_social_links_bg":"","ocean_menu_social_hover_links_bg":"","ocean_menu_social_links_color":"","ocean_menu_social_hover_links_color":"","ocean_disable_title":"default","ocean_disable_heading":"default","ocean_post_title":"","ocean_post_subheading":"","ocean_post_title_style":"","ocean_post_title_background_color":"","ocean_post_title_background":0,"ocean_post_title_bg_image_position":"","ocean_post_title_bg_image_attachment":"","ocean_post_title_bg_image_repeat":"","ocean_post_title_bg_image_size":"","ocean_post_title_height":0,"ocean_post_title_bg_overlay":0.5,"ocean_post_title_bg_overlay_color":"","ocean_disable_breadcrumbs":"default","ocean_breadcrumbs_color":"","ocean_breadcrumbs_separator_color":"","ocean_breadcrumbs_links_color":"","ocean_breadcrumbs_links_hover_color":"","ocean_display_footer_widgets":"default","ocean_display_footer_bottom":"default","ocean_custom_footer_template":"","ocean_post_oembed":"","ocean_post_self_hosted_media":"","ocean_post_video_embed":"","ocean_link_format":"","ocean_link_format_target":"self","ocean_quote_format":"","ocean_quote_format_link":"post","ocean_gallery_link_images":"off","ocean_gallery_id":[],"footnotes":""},"categories":[35,21,5,29,36],"tags":[],"class_list":["post-12229","post","type-post","status-publish","format-standard","has-post-thumbnail","hentry","category-chefe-de-gabinete","category-educacao","category-geral","category-planejamento-e-urbanismo","category-servico-autonomo-de-agua-e-esgoto-saae","entry","has-media"],"yoast_head":"<!-- This site is optimized with the Yoast SEO plugin v27.5 - https:\/\/yoast.com\/product\/yoast-seo-wordpress\/ -->\n<title>Prefeito Vit\u00e3o Riccomini e vice-prefeito Bruno Barnab\u00e9 anunciam s\u00e9rie de obras que ter\u00e3o in\u00edcio no segundo semestre de 2023 - Prefeitura de Capivari<\/title>\n<meta name=\"robots\" content=\"index, follow, max-snippet:-1, max-image-preview:large, max-video-preview:-1\" \/>\n<link rel=\"canonical\" href=\"https:\/\/capivari.sp.gov.br\/portal\/prefeito-vitao-riccomini-e-vice-prefeito-bruno-barnabe-anunciam-serie-de-obras-que-terao-inicio-no-segundo-semestre-de-2023\/\" \/>\n<meta property=\"og:locale\" content=\"pt_BR\" \/>\n<meta property=\"og:type\" content=\"article\" \/>\n<meta property=\"og:title\" content=\"Prefeito Vit\u00e3o Riccomini e vice-prefeito Bruno Barnab\u00e9 anunciam s\u00e9rie de obras que ter\u00e3o in\u00edcio no segundo semestre de 2023 - Prefeitura de Capivari\" \/>\n<meta property=\"og:description\" content=\"O prefeito Vit\u00e3o Riccomini, acompanhado do vice-prefeito Bruno Barnab\u00e9, anunciou uma s\u00e9rie de obras em um pronunciamento oficial via redes sociais. Os projetos est\u00e3o prontos, agora o processo seguir\u00e1 em licita\u00e7\u00e3o e devem ser tocados ainda no segundo semestre de 2023, segundo o chefe do executivo. \u201cHoje, Capivari tem capacidade financeira de executar suas obras [&hellip;]\" \/>\n<meta property=\"og:url\" content=\"https:\/\/capivari.sp.gov.br\/portal\/prefeito-vitao-riccomini-e-vice-prefeito-bruno-barnabe-anunciam-serie-de-obras-que-terao-inicio-no-segundo-semestre-de-2023\/\" \/>\n<meta property=\"og:site_name\" content=\"Prefeitura de Capivari\" \/>\n<meta property=\"article:publisher\" content=\"https:\/\/www.facebook.com\/PrefeituradeCapivari\/\" \/>\n<meta property=\"article:published_time\" content=\"2023-06-20T19:15:43+00:00\" \/>\n<meta property=\"og:image\" content=\"https:\/\/capivari.sp.gov.br\/portal\/wp-content\/uploads\/2023\/06\/Estacao-scaled.jpg\" \/>\n\t<meta property=\"og:image:width\" content=\"2560\" \/>\n\t<meta property=\"og:image:height\" content=\"1440\" \/>\n\t<meta property=\"og:image:type\" content=\"image\/jpeg\" \/>\n<meta name=\"author\" content=\"Luciano Assis\" \/>\n<meta name=\"twitter:card\" content=\"summary_large_image\" \/>\n<meta name=\"twitter:creator\" content=\"@PrefCapivari\" \/>\n<meta name=\"twitter:site\" content=\"@PrefCapivari\" \/>\n<meta name=\"twitter:label1\" content=\"Escrito por\" \/>\n\t<meta name=\"twitter:data1\" content=\"Luciano Assis\" \/>\n\t<meta name=\"twitter:label2\" content=\"Est. tempo de leitura\" \/>\n\t<meta name=\"twitter:data2\" content=\"4 minutos\" \/>\n<script type=\"application\/ld+json\" class=\"yoast-schema-graph\">{\"@context\":\"https:\\\/\\\/schema.org\",\"@graph\":[{\"@type\":\"Article\",\"@id\":\"https:\\\/\\\/capivari.sp.gov.br\\\/portal\\\/prefeito-vitao-riccomini-e-vice-prefeito-bruno-barnabe-anunciam-serie-de-obras-que-terao-inicio-no-segundo-semestre-de-2023\\\/#article\",\"isPartOf\":{\"@id\":\"https:\\\/\\\/capivari.sp.gov.br\\\/portal\\\/prefeito-vitao-riccomini-e-vice-prefeito-bruno-barnabe-anunciam-serie-de-obras-que-terao-inicio-no-segundo-semestre-de-2023\\\/\"},\"author\":{\"name\":\"Luciano Assis\",\"@id\":\"https:\\\/\\\/capivari.sp.gov.br\\\/portal\\\/#\\\/schema\\\/person\\\/ac37113577adfc1517e0cfa854b830b4\"},\"headline\":\"Prefeito Vit\u00e3o Riccomini e vice-prefeito Bruno Barnab\u00e9 anunciam s\u00e9rie de obras que ter\u00e3o in\u00edcio no segundo semestre de 2023\",\"datePublished\":\"2023-06-20T19:15:43+00:00\",\"mainEntityOfPage\":{\"@id\":\"https:\\\/\\\/capivari.sp.gov.br\\\/portal\\\/prefeito-vitao-riccomini-e-vice-prefeito-bruno-barnabe-anunciam-serie-de-obras-que-terao-inicio-no-segundo-semestre-de-2023\\\/\"},\"wordCount\":802,\"commentCount\":0,\"publisher\":{\"@id\":\"https:\\\/\\\/capivari.sp.gov.br\\\/portal\\\/#organization\"},\"image\":{\"@id\":\"https:\\\/\\\/capivari.sp.gov.br\\\/portal\\\/prefeito-vitao-riccomini-e-vice-prefeito-bruno-barnabe-anunciam-serie-de-obras-que-terao-inicio-no-segundo-semestre-de-2023\\\/#primaryimage\"},\"thumbnailUrl\":\"https:\\\/\\\/capivari.sp.gov.br\\\/portal\\\/wp-content\\\/uploads\\\/2023\\\/06\\\/Estacao-scaled.jpg\",\"articleSection\":[\"Chefe de Gabinete\",\"Educa\u00e7\u00e3o\",\"Geral\",\"Planejamento e Urbanismo\",\"Servi\u00e7o Aut\u00f4nomo de \u00c1gua e Esgoto (SAAE)\"],\"inLanguage\":\"pt-BR\",\"potentialAction\":[{\"@type\":\"CommentAction\",\"name\":\"Comment\",\"target\":[\"https:\\\/\\\/capivari.sp.gov.br\\\/portal\\\/prefeito-vitao-riccomini-e-vice-prefeito-bruno-barnabe-anunciam-serie-de-obras-que-terao-inicio-no-segundo-semestre-de-2023\\\/#respond\"]}]},{\"@type\":\"WebPage\",\"@id\":\"https:\\\/\\\/capivari.sp.gov.br\\\/portal\\\/prefeito-vitao-riccomini-e-vice-prefeito-bruno-barnabe-anunciam-serie-de-obras-que-terao-inicio-no-segundo-semestre-de-2023\\\/\",\"url\":\"https:\\\/\\\/capivari.sp.gov.br\\\/portal\\\/prefeito-vitao-riccomini-e-vice-prefeito-bruno-barnabe-anunciam-serie-de-obras-que-terao-inicio-no-segundo-semestre-de-2023\\\/\",\"name\":\"Prefeito Vit\u00e3o Riccomini e vice-prefeito Bruno Barnab\u00e9 anunciam s\u00e9rie de obras que ter\u00e3o in\u00edcio no segundo semestre de 2023 - Prefeitura de Capivari\",\"isPartOf\":{\"@id\":\"https:\\\/\\\/capivari.sp.gov.br\\\/portal\\\/#website\"},\"primaryImageOfPage\":{\"@id\":\"https:\\\/\\\/capivari.sp.gov.br\\\/portal\\\/prefeito-vitao-riccomini-e-vice-prefeito-bruno-barnabe-anunciam-serie-de-obras-que-terao-inicio-no-segundo-semestre-de-2023\\\/#primaryimage\"},\"image\":{\"@id\":\"https:\\\/\\\/capivari.sp.gov.br\\\/portal\\\/prefeito-vitao-riccomini-e-vice-prefeito-bruno-barnabe-anunciam-serie-de-obras-que-terao-inicio-no-segundo-semestre-de-2023\\\/#primaryimage\"},\"thumbnailUrl\":\"https:\\\/\\\/capivari.sp.gov.br\\\/portal\\\/wp-content\\\/uploads\\\/2023\\\/06\\\/Estacao-scaled.jpg\",\"datePublished\":\"2023-06-20T19:15:43+00:00\",\"breadcrumb\":{\"@id\":\"https:\\\/\\\/capivari.sp.gov.br\\\/portal\\\/prefeito-vitao-riccomini-e-vice-prefeito-bruno-barnabe-anunciam-serie-de-obras-que-terao-inicio-no-segundo-semestre-de-2023\\\/#breadcrumb\"},\"inLanguage\":\"pt-BR\",\"potentialAction\":[{\"@type\":\"ReadAction\",\"target\":[\"https:\\\/\\\/capivari.sp.gov.br\\\/portal\\\/prefeito-vitao-riccomini-e-vice-prefeito-bruno-barnabe-anunciam-serie-de-obras-que-terao-inicio-no-segundo-semestre-de-2023\\\/\"]}]},{\"@type\":\"ImageObject\",\"inLanguage\":\"pt-BR\",\"@id\":\"https:\\\/\\\/capivari.sp.gov.br\\\/portal\\\/prefeito-vitao-riccomini-e-vice-prefeito-bruno-barnabe-anunciam-serie-de-obras-que-terao-inicio-no-segundo-semestre-de-2023\\\/#primaryimage\",\"url\":\"https:\\\/\\\/capivari.sp.gov.br\\\/portal\\\/wp-content\\\/uploads\\\/2023\\\/06\\\/Estacao-scaled.jpg\",\"contentUrl\":\"https:\\\/\\\/capivari.sp.gov.br\\\/portal\\\/wp-content\\\/uploads\\\/2023\\\/06\\\/Estacao-scaled.jpg\",\"width\":2560,\"height\":1440,\"caption\":\"DCIM103MEDIADJI_0496.JPG\"},{\"@type\":\"BreadcrumbList\",\"@id\":\"https:\\\/\\\/capivari.sp.gov.br\\\/portal\\\/prefeito-vitao-riccomini-e-vice-prefeito-bruno-barnabe-anunciam-serie-de-obras-que-terao-inicio-no-segundo-semestre-de-2023\\\/#breadcrumb\",\"itemListElement\":[{\"@type\":\"ListItem\",\"position\":1,\"name\":\"In\u00edcio\",\"item\":\"https:\\\/\\\/capivari.sp.gov.br\\\/portal\\\/\"},{\"@type\":\"ListItem\",\"position\":2,\"name\":\"Prefeito Vit\u00e3o Riccomini e vice-prefeito Bruno Barnab\u00e9 anunciam s\u00e9rie de obras que ter\u00e3o in\u00edcio no segundo semestre de 2023\"}]},{\"@type\":\"WebSite\",\"@id\":\"https:\\\/\\\/capivari.sp.gov.br\\\/portal\\\/#website\",\"url\":\"https:\\\/\\\/capivari.sp.gov.br\\\/portal\\\/\",\"name\":\"Prefeitura de Capivari\",\"description\":\"Prefeitura de Capivari\",\"publisher\":{\"@id\":\"https:\\\/\\\/capivari.sp.gov.br\\\/portal\\\/#organization\"},\"potentialAction\":[{\"@type\":\"SearchAction\",\"target\":{\"@type\":\"EntryPoint\",\"urlTemplate\":\"https:\\\/\\\/capivari.sp.gov.br\\\/portal\\\/?s={search_term_string}\"},\"query-input\":{\"@type\":\"PropertyValueSpecification\",\"valueRequired\":true,\"valueName\":\"search_term_string\"}}],\"inLanguage\":\"pt-BR\"},{\"@type\":\"Organization\",\"@id\":\"https:\\\/\\\/capivari.sp.gov.br\\\/portal\\\/#organization\",\"name\":\"Prefeitura de Capivari\",\"url\":\"https:\\\/\\\/capivari.sp.gov.br\\\/portal\\\/\",\"logo\":{\"@type\":\"ImageObject\",\"inLanguage\":\"pt-BR\",\"@id\":\"https:\\\/\\\/capivari.sp.gov.br\\\/portal\\\/#\\\/schema\\\/logo\\\/image\\\/\",\"url\":\"https:\\\/\\\/capivari.sp.gov.br\\\/portal\\\/wp-content\\\/uploads\\\/2021\\\/09\\\/logo-prefeitura-de-capivari.png\",\"contentUrl\":\"https:\\\/\\\/capivari.sp.gov.br\\\/portal\\\/wp-content\\\/uploads\\\/2021\\\/09\\\/logo-prefeitura-de-capivari.png\",\"width\":200,\"height\":147,\"caption\":\"Prefeitura de Capivari\"},\"image\":{\"@id\":\"https:\\\/\\\/capivari.sp.gov.br\\\/portal\\\/#\\\/schema\\\/logo\\\/image\\\/\"},\"sameAs\":[\"https:\\\/\\\/www.facebook.com\\\/PrefeituradeCapivari\\\/\",\"https:\\\/\\\/x.com\\\/PrefCapivari\",\"https:\\\/\\\/www.instagram.com\\\/prefeituracapivari\\\/\"]},{\"@type\":\"Person\",\"@id\":\"https:\\\/\\\/capivari.sp.gov.br\\\/portal\\\/#\\\/schema\\\/person\\\/ac37113577adfc1517e0cfa854b830b4\",\"name\":\"Luciano Assis\",\"image\":{\"@type\":\"ImageObject\",\"inLanguage\":\"pt-BR\",\"@id\":\"https:\\\/\\\/secure.gravatar.com\\\/avatar\\\/ec163f977a02ac195ce6085f5110a8c4c8c6cc357c134002f73b4664772e79a5?s=96&d=mm&r=g\",\"url\":\"https:\\\/\\\/secure.gravatar.com\\\/avatar\\\/ec163f977a02ac195ce6085f5110a8c4c8c6cc357c134002f73b4664772e79a5?s=96&d=mm&r=g\",\"contentUrl\":\"https:\\\/\\\/secure.gravatar.com\\\/avatar\\\/ec163f977a02ac195ce6085f5110a8c4c8c6cc357c134002f73b4664772e79a5?s=96&d=mm&r=g\",\"caption\":\"Luciano Assis\"},\"url\":\"https:\\\/\\\/capivari.sp.gov.br\\\/portal\\\/author\\\/luciano-assis\\\/\"}]}<\/script>\n<!-- \/ Yoast SEO plugin. -->","yoast_head_json":{"title":"Prefeito Vit\u00e3o Riccomini e vice-prefeito Bruno Barnab\u00e9 anunciam s\u00e9rie de obras que ter\u00e3o in\u00edcio no segundo semestre de 2023 - Prefeitura de Capivari","robots":{"index":"index","follow":"follow","max-snippet":"max-snippet:-1","max-image-preview":"max-image-preview:large","max-video-preview":"max-video-preview:-1"},"canonical":"https:\/\/capivari.sp.gov.br\/portal\/prefeito-vitao-riccomini-e-vice-prefeito-bruno-barnabe-anunciam-serie-de-obras-que-terao-inicio-no-segundo-semestre-de-2023\/","og_locale":"pt_BR","og_type":"article","og_title":"Prefeito Vit\u00e3o Riccomini e vice-prefeito Bruno Barnab\u00e9 anunciam s\u00e9rie de obras que ter\u00e3o in\u00edcio no segundo semestre de 2023 - Prefeitura de Capivari","og_description":"O prefeito Vit\u00e3o Riccomini, acompanhado do vice-prefeito Bruno Barnab\u00e9, anunciou uma s\u00e9rie de obras em um pronunciamento oficial via redes sociais. Os projetos est\u00e3o prontos, agora o processo seguir\u00e1 em licita\u00e7\u00e3o e devem ser tocados ainda no segundo semestre de 2023, segundo o chefe do executivo. \u201cHoje, Capivari tem capacidade financeira de executar suas obras [&hellip;]","og_url":"https:\/\/capivari.sp.gov.br\/portal\/prefeito-vitao-riccomini-e-vice-prefeito-bruno-barnabe-anunciam-serie-de-obras-que-terao-inicio-no-segundo-semestre-de-2023\/","og_site_name":"Prefeitura de Capivari","article_publisher":"https:\/\/www.facebook.com\/PrefeituradeCapivari\/","article_published_time":"2023-06-20T19:15:43+00:00","og_image":[{"width":2560,"height":1440,"url":"https:\/\/capivari.sp.gov.br\/portal\/wp-content\/uploads\/2023\/06\/Estacao-scaled.jpg","type":"image\/jpeg"}],"author":"Luciano Assis","twitter_card":"summary_large_image","twitter_creator":"@PrefCapivari","twitter_site":"@PrefCapivari","twitter_misc":{"Escrito por":"Luciano Assis","Est. tempo de leitura":"4 minutos"},"schema":{"@context":"https:\/\/schema.org","@graph":[{"@type":"Article","@id":"https:\/\/capivari.sp.gov.br\/portal\/prefeito-vitao-riccomini-e-vice-prefeito-bruno-barnabe-anunciam-serie-de-obras-que-terao-inicio-no-segundo-semestre-de-2023\/#article","isPartOf":{"@id":"https:\/\/capivari.sp.gov.br\/portal\/prefeito-vitao-riccomini-e-vice-prefeito-bruno-barnabe-anunciam-serie-de-obras-que-terao-inicio-no-segundo-semestre-de-2023\/"},"author":{"name":"Luciano Assis","@id":"https:\/\/capivari.sp.gov.br\/portal\/#\/schema\/person\/ac37113577adfc1517e0cfa854b830b4"},"headline":"Prefeito Vit\u00e3o Riccomini e vice-prefeito Bruno Barnab\u00e9 anunciam s\u00e9rie de obras que ter\u00e3o in\u00edcio no segundo semestre de 2023","datePublished":"2023-06-20T19:15:43+00:00","mainEntityOfPage":{"@id":"https:\/\/capivari.sp.gov.br\/portal\/prefeito-vitao-riccomini-e-vice-prefeito-bruno-barnabe-anunciam-serie-de-obras-que-terao-inicio-no-segundo-semestre-de-2023\/"},"wordCount":802,"commentCount":0,"publisher":{"@id":"https:\/\/capivari.sp.gov.br\/portal\/#organization"},"image":{"@id":"https:\/\/capivari.sp.gov.br\/portal\/prefeito-vitao-riccomini-e-vice-prefeito-bruno-barnabe-anunciam-serie-de-obras-que-terao-inicio-no-segundo-semestre-de-2023\/#primaryimage"},"thumbnailUrl":"https:\/\/capivari.sp.gov.br\/portal\/wp-content\/uploads\/2023\/06\/Estacao-scaled.jpg","articleSection":["Chefe de Gabinete","Educa\u00e7\u00e3o","Geral","Planejamento e Urbanismo","Servi\u00e7o Aut\u00f4nomo de \u00c1gua e Esgoto (SAAE)"],"inLanguage":"pt-BR","potentialAction":[{"@type":"CommentAction","name":"Comment","target":["https:\/\/capivari.sp.gov.br\/portal\/prefeito-vitao-riccomini-e-vice-prefeito-bruno-barnabe-anunciam-serie-de-obras-que-terao-inicio-no-segundo-semestre-de-2023\/#respond"]}]},{"@type":"WebPage","@id":"https:\/\/capivari.sp.gov.br\/portal\/prefeito-vitao-riccomini-e-vice-prefeito-bruno-barnabe-anunciam-serie-de-obras-que-terao-inicio-no-segundo-semestre-de-2023\/","url":"https:\/\/capivari.sp.gov.br\/portal\/prefeito-vitao-riccomini-e-vice-prefeito-bruno-barnabe-anunciam-serie-de-obras-que-terao-inicio-no-segundo-semestre-de-2023\/","name":"Prefeito Vit\u00e3o Riccomini e vice-prefeito Bruno Barnab\u00e9 anunciam s\u00e9rie de obras que ter\u00e3o in\u00edcio no segundo semestre de 2023 - Prefeitura de Capivari","isPartOf":{"@id":"https:\/\/capivari.sp.gov.br\/portal\/#website"},"primaryImageOfPage":{"@id":"https:\/\/capivari.sp.gov.br\/portal\/prefeito-vitao-riccomini-e-vice-prefeito-bruno-barnabe-anunciam-serie-de-obras-que-terao-inicio-no-segundo-semestre-de-2023\/#primaryimage"},"image":{"@id":"https:\/\/capivari.sp.gov.br\/portal\/prefeito-vitao-riccomini-e-vice-prefeito-bruno-barnabe-anunciam-serie-de-obras-que-terao-inicio-no-segundo-semestre-de-2023\/#primaryimage"},"thumbnailUrl":"https:\/\/capivari.sp.gov.br\/portal\/wp-content\/uploads\/2023\/06\/Estacao-scaled.jpg","datePublished":"2023-06-20T19:15:43+00:00","breadcrumb":{"@id":"https:\/\/capivari.sp.gov.br\/portal\/prefeito-vitao-riccomini-e-vice-prefeito-bruno-barnabe-anunciam-serie-de-obras-que-terao-inicio-no-segundo-semestre-de-2023\/#breadcrumb"},"inLanguage":"pt-BR","potentialAction":[{"@type":"ReadAction","target":["https:\/\/capivari.sp.gov.br\/portal\/prefeito-vitao-riccomini-e-vice-prefeito-bruno-barnabe-anunciam-serie-de-obras-que-terao-inicio-no-segundo-semestre-de-2023\/"]}]},{"@type":"ImageObject","inLanguage":"pt-BR","@id":"https:\/\/capivari.sp.gov.br\/portal\/prefeito-vitao-riccomini-e-vice-prefeito-bruno-barnabe-anunciam-serie-de-obras-que-terao-inicio-no-segundo-semestre-de-2023\/#primaryimage","url":"https:\/\/capivari.sp.gov.br\/portal\/wp-content\/uploads\/2023\/06\/Estacao-scaled.jpg","contentUrl":"https:\/\/capivari.sp.gov.br\/portal\/wp-content\/uploads\/2023\/06\/Estacao-scaled.jpg","width":2560,"height":1440,"caption":"DCIM103MEDIADJI_0496.JPG"},{"@type":"BreadcrumbList","@id":"https:\/\/capivari.sp.gov.br\/portal\/prefeito-vitao-riccomini-e-vice-prefeito-bruno-barnabe-anunciam-serie-de-obras-que-terao-inicio-no-segundo-semestre-de-2023\/#breadcrumb","itemListElement":[{"@type":"ListItem","position":1,"name":"In\u00edcio","item":"https:\/\/capivari.sp.gov.br\/portal\/"},{"@type":"ListItem","position":2,"name":"Prefeito Vit\u00e3o Riccomini e vice-prefeito Bruno Barnab\u00e9 anunciam s\u00e9rie de obras que ter\u00e3o in\u00edcio no segundo semestre de 2023"}]},{"@type":"WebSite","@id":"https:\/\/capivari.sp.gov.br\/portal\/#website","url":"https:\/\/capivari.sp.gov.br\/portal\/","name":"Prefeitura de Capivari","description":"Prefeitura de Capivari","publisher":{"@id":"https:\/\/capivari.sp.gov.br\/portal\/#organization"},"potentialAction":[{"@type":"SearchAction","target":{"@type":"EntryPoint","urlTemplate":"https:\/\/capivari.sp.gov.br\/portal\/?s={search_term_string}"},"query-input":{"@type":"PropertyValueSpecification","valueRequired":true,"valueName":"search_term_string"}}],"inLanguage":"pt-BR"},{"@type":"Organization","@id":"https:\/\/capivari.sp.gov.br\/portal\/#organization","name":"Prefeitura de Capivari","url":"https:\/\/capivari.sp.gov.br\/portal\/","logo":{"@type":"ImageObject","inLanguage":"pt-BR","@id":"https:\/\/capivari.sp.gov.br\/portal\/#\/schema\/logo\/image\/","url":"https:\/\/capivari.sp.gov.br\/portal\/wp-content\/uploads\/2021\/09\/logo-prefeitura-de-capivari.png","contentUrl":"https:\/\/capivari.sp.gov.br\/portal\/wp-content\/uploads\/2021\/09\/logo-prefeitura-de-capivari.png","width":200,"height":147,"caption":"Prefeitura de Capivari"},"image":{"@id":"https:\/\/capivari.sp.gov.br\/portal\/#\/schema\/logo\/image\/"},"sameAs":["https:\/\/www.facebook.com\/PrefeituradeCapivari\/","https:\/\/x.com\/PrefCapivari","https:\/\/www.instagram.com\/prefeituracapivari\/"]},{"@type":"Person","@id":"https:\/\/capivari.sp.gov.br\/portal\/#\/schema\/person\/ac37113577adfc1517e0cfa854b830b4","name":"Luciano Assis","image":{"@type":"ImageObject","inLanguage":"pt-BR","@id":"https:\/\/secure.gravatar.com\/avatar\/ec163f977a02ac195ce6085f5110a8c4c8c6cc357c134002f73b4664772e79a5?s=96&d=mm&r=g","url":"https:\/\/secure.gravatar.com\/avatar\/ec163f977a02ac195ce6085f5110a8c4c8c6cc357c134002f73b4664772e79a5?s=96&d=mm&r=g","contentUrl":"https:\/\/secure.gravatar.com\/avatar\/ec163f977a02ac195ce6085f5110a8c4c8c6cc357c134002f73b4664772e79a5?s=96&d=mm&r=g","caption":"Luciano Assis"},"url":"https:\/\/capivari.sp.gov.br\/portal\/author\/luciano-assis\/"}]}},"_links":{"self":[{"href":"https:\/\/capivari.sp.gov.br\/portal\/wp-json\/wp\/v2\/posts\/12229","targetHints":{"allow":["GET"]}}],"collection":[{"href":"https:\/\/capivari.sp.gov.br\/portal\/wp-json\/wp\/v2\/posts"}],"about":[{"href":"https:\/\/capivari.sp.gov.br\/portal\/wp-json\/wp\/v2\/types\/post"}],"author":[{"embeddable":true,"href":"https:\/\/capivari.sp.gov.br\/portal\/wp-json\/wp\/v2\/users\/15"}],"replies":[{"embeddable":true,"href":"https:\/\/capivari.sp.gov.br\/portal\/wp-json\/wp\/v2\/comments?post=12229"}],"version-history":[{"count":1,"href":"https:\/\/capivari.sp.gov.br\/portal\/wp-json\/wp\/v2\/posts\/12229\/revisions"}],"predecessor-version":[{"id":12231,"href":"https:\/\/capivari.sp.gov.br\/portal\/wp-json\/wp\/v2\/posts\/12229\/revisions\/12231"}],"wp:featuredmedia":[{"embeddable":true,"href":"https:\/\/capivari.sp.gov.br\/portal\/wp-json\/wp\/v2\/media\/12230"}],"wp:attachment":[{"href":"https:\/\/capivari.sp.gov.br\/portal\/wp-json\/wp\/v2\/media?parent=12229"}],"wp:term":[{"taxonomy":"category","embeddable":true,"href":"https:\/\/capivari.sp.gov.br\/portal\/wp-json\/wp\/v2\/categories?post=12229"},{"taxonomy":"post_tag","embeddable":true,"href":"https:\/\/capivari.sp.gov.br\/portal\/wp-json\/wp\/v2\/tags?post=12229"}],"curies":[{"name":"wp","href":"https:\/\/api.w.org\/{rel}","templated":true}]}}