{"id":12241,"date":"2023-06-21T09:19:16","date_gmt":"2023-06-21T12:19:16","guid":{"rendered":"https:\/\/capivari.sp.gov.br\/portal\/?p=12241"},"modified":"2023-06-21T09:19:16","modified_gmt":"2023-06-21T12:19:16","slug":"prefeito-vitao-riccomini-e-vice-prefeito-bruno-barnabe-participam-de-1a-sessao-ordinaria-do-parlamento-metropolitano-de-piracicaba","status":"publish","type":"post","link":"https:\/\/capivari.sp.gov.br\/portal\/prefeito-vitao-riccomini-e-vice-prefeito-bruno-barnabe-participam-de-1a-sessao-ordinaria-do-parlamento-metropolitano-de-piracicaba\/","title":{"rendered":"Prefeito Vit\u00e3o Riccomini, e vice-prefeito, Bruno Barnab\u00e9, participam de 1\u00aa Sess\u00e3o Ordin\u00e1ria do Parlamento Metropolitano de Piracicaba"},"content":{"rendered":"<p>O prefeito Vit\u00e3o Riccomini participou nesta ter\u00e7a-feira, dia 20, da 1\u00aa Sess\u00e3o Ordin\u00e1ria do Parlamento Metropolitano de Piracicaba, realizada na C\u00e2mara Municipal de Capivari. O prefeito esteve acompanhado do vice-prefeito Bruno Barnab\u00e9. A deputada estadual, Val\u00e9ria Bolsonaro, tamb\u00e9m esteve em Capivari para prestigiar os trabalhos do Parlamento.<\/p>\n<p>Vit\u00e3o destaca o importante momento para Capivari ao receber o evento. \u201cUma manh\u00e3 muito importante para Capivari, recebendo a 1\u00aa Sess\u00e3o Ordin\u00e1ria do Parlamento Metropolitano de Piracicaba. Capivari tem o privil\u00e9gio de ter o vereador Thiago Braggion ocupando a presid\u00eancia do parlamento e nossa cidade ganha for\u00e7a nas discuss\u00f5es em \u00e2mbito regional, por exemplo no fortalecimento da sa\u00fade, seguran\u00e7a, planejamento em desenvolvimento urbano, fortalecimento da cultura e de tudo aquilo que os munic\u00edpios t\u00eam de melhor para oferecer. A uni\u00e3o nesse momento \u00e9 extremamente importante para que o estado consiga tamb\u00e9m priorizar seus investimentos\u201d<\/p>\n<p>Criado em 2013 com o objetivo de debater de maneira integrada as a\u00e7\u00f5es de desenvolvimento da regi\u00e3o, comp\u00f5e o Parlamento atualmente as cidades de \u00c1guas de S\u00e3o Pedro, Anal\u00e2ndia, Araras, Capivari, Charqueada, Conchal, Cordeir\u00f3polis, Corumbata\u00ed, Elias Fausto, Ipe\u00fana, Iracem\u00e1polis, Leme, Limeira, Mombuca, Piracicaba, Pirassununga, Rafard, Rio Claro, Rio das Pedras, Saltinho, Santa Cruz da Concei\u00e7\u00e3o, Santa Gertrudes, Santa Maria da Serra e S\u00e3o Pedro.<\/p>\n<p>A pr\u00f3xima sess\u00e3o do Parlamento Metropolitano de Piracicaba acontece no dia 08 de agosto, na C\u00e2mara Municipal de Araras, com o tema \u201cNovas Regras Eleitorais\u201d<\/p>\n<p>Prefeitura de Capivari. Transformando o presente, construindo\u00a0o\u00a0futuro.<\/p>\n","protected":false},"excerpt":{"rendered":"<p>O prefeito Vit\u00e3o Riccomini participou nesta ter\u00e7a-feira, dia 20, da 1\u00aa Sess\u00e3o Ordin\u00e1ria do Parlamento Metropolitano de Piracicaba, realizada na C\u00e2mara Municipal de Capivari. O prefeito esteve acompanhado do vice-prefeito Bruno Barnab\u00e9. A deputada estadual, Val\u00e9ria Bolsonaro, tamb\u00e9m esteve em Capivari para prestigiar os trabalhos do Parlamento. Vit\u00e3o destaca o importante momento para Capivari ao [&hellip;]<\/p>\n","protected":false},"author":16,"featured_media":12243,"comment_status":"open","ping_status":"open","sticky":false,"template":"","format":"standard","meta":{"ocean_post_layout":"","ocean_both_sidebars_style":"","ocean_both_sidebars_content_width":0,"ocean_both_sidebars_sidebars_width":0,"ocean_sidebar":"","ocean_second_sidebar":"","ocean_disable_margins":"enable","ocean_add_body_class":"","ocean_shortcode_before_top_bar":"","ocean_shortcode_after_top_bar":"","ocean_shortcode_before_header":"","ocean_shortcode_after_header":"","ocean_has_shortcode":"","ocean_shortcode_after_title":"","ocean_shortcode_before_footer_widgets":"","ocean_shortcode_after_footer_widgets":"","ocean_shortcode_before_footer_bottom":"","ocean_shortcode_after_footer_bottom":"","ocean_display_top_bar":"default","ocean_display_header":"default","ocean_header_style":"","ocean_center_header_left_menu":"","ocean_custom_header_template":"","ocean_custom_logo":0,"ocean_custom_retina_logo":0,"ocean_custom_logo_max_width":0,"ocean_custom_logo_tablet_max_width":0,"ocean_custom_logo_mobile_max_width":0,"ocean_custom_logo_max_height":0,"ocean_custom_logo_tablet_max_height":0,"ocean_custom_logo_mobile_max_height":0,"ocean_header_custom_menu":"","ocean_menu_typo_font_family":"","ocean_menu_typo_font_subset":"","ocean_menu_typo_font_size":0,"ocean_menu_typo_font_size_tablet":0,"ocean_menu_typo_font_size_mobile":0,"ocean_menu_typo_font_size_unit":"px","ocean_menu_typo_font_weight":"","ocean_menu_typo_font_weight_tablet":"","ocean_menu_typo_font_weight_mobile":"","ocean_menu_typo_transform":"","ocean_menu_typo_transform_tablet":"","ocean_menu_typo_transform_mobile":"","ocean_menu_typo_line_height":0,"ocean_menu_typo_line_height_tablet":0,"ocean_menu_typo_line_height_mobile":0,"ocean_menu_typo_line_height_unit":"","ocean_menu_typo_spacing":0,"ocean_menu_typo_spacing_tablet":0,"ocean_menu_typo_spacing_mobile":0,"ocean_menu_typo_spacing_unit":"","ocean_menu_link_color":"","ocean_menu_link_color_hover":"","ocean_menu_link_color_active":"","ocean_menu_link_background":"","ocean_menu_link_hover_background":"","ocean_menu_link_active_background":"","ocean_menu_social_links_bg":"","ocean_menu_social_hover_links_bg":"","ocean_menu_social_links_color":"","ocean_menu_social_hover_links_color":"","ocean_disable_title":"default","ocean_disable_heading":"default","ocean_post_title":"","ocean_post_subheading":"","ocean_post_title_style":"","ocean_post_title_background_color":"","ocean_post_title_background":0,"ocean_post_title_bg_image_position":"","ocean_post_title_bg_image_attachment":"","ocean_post_title_bg_image_repeat":"","ocean_post_title_bg_image_size":"","ocean_post_title_height":0,"ocean_post_title_bg_overlay":0.5,"ocean_post_title_bg_overlay_color":"","ocean_disable_breadcrumbs":"default","ocean_breadcrumbs_color":"","ocean_breadcrumbs_separator_color":"","ocean_breadcrumbs_links_color":"","ocean_breadcrumbs_links_hover_color":"","ocean_display_footer_widgets":"default","ocean_display_footer_bottom":"default","ocean_custom_footer_template":"","ocean_post_oembed":"","ocean_post_self_hosted_media":"","ocean_post_video_embed":"","ocean_link_format":"","ocean_link_format_target":"self","ocean_quote_format":"","ocean_quote_format_link":"post","ocean_gallery_link_images":"off","ocean_gallery_id":[],"footnotes":""},"categories":[4,5,24],"tags":[],"class_list":["post-12241","post","type-post","status-publish","format-standard","has-post-thumbnail","hentry","category-destaque","category-geral","category-governo","entry","has-media"],"yoast_head":"<!-- This site is optimized with the Yoast SEO plugin v27.5 - https:\/\/yoast.com\/product\/yoast-seo-wordpress\/ -->\n<title>Prefeito Vit\u00e3o Riccomini, e vice-prefeito, Bruno Barnab\u00e9, participam de 1\u00aa Sess\u00e3o Ordin\u00e1ria do Parlamento Metropolitano de Piracicaba - Prefeitura de Capivari<\/title>\n<meta name=\"robots\" content=\"index, follow, max-snippet:-1, max-image-preview:large, max-video-preview:-1\" \/>\n<link rel=\"canonical\" href=\"https:\/\/capivari.sp.gov.br\/portal\/prefeito-vitao-riccomini-e-vice-prefeito-bruno-barnabe-participam-de-1a-sessao-ordinaria-do-parlamento-metropolitano-de-piracicaba\/\" \/>\n<meta property=\"og:locale\" content=\"pt_BR\" \/>\n<meta property=\"og:type\" content=\"article\" \/>\n<meta property=\"og:title\" content=\"Prefeito Vit\u00e3o Riccomini, e vice-prefeito, Bruno Barnab\u00e9, participam de 1\u00aa Sess\u00e3o Ordin\u00e1ria do Parlamento Metropolitano de Piracicaba - Prefeitura de Capivari\" \/>\n<meta property=\"og:description\" content=\"O prefeito Vit\u00e3o Riccomini participou nesta ter\u00e7a-feira, dia 20, da 1\u00aa Sess\u00e3o Ordin\u00e1ria do Parlamento Metropolitano de Piracicaba, realizada na C\u00e2mara Municipal de Capivari. O prefeito esteve acompanhado do vice-prefeito Bruno Barnab\u00e9. A deputada estadual, Val\u00e9ria Bolsonaro, tamb\u00e9m esteve em Capivari para prestigiar os trabalhos do Parlamento. Vit\u00e3o destaca o importante momento para Capivari ao [&hellip;]\" \/>\n<meta property=\"og:url\" content=\"https:\/\/capivari.sp.gov.br\/portal\/prefeito-vitao-riccomini-e-vice-prefeito-bruno-barnabe-participam-de-1a-sessao-ordinaria-do-parlamento-metropolitano-de-piracicaba\/\" \/>\n<meta property=\"og:site_name\" content=\"Prefeitura de Capivari\" \/>\n<meta property=\"article:publisher\" content=\"https:\/\/www.facebook.com\/PrefeituradeCapivari\/\" \/>\n<meta property=\"article:published_time\" content=\"2023-06-21T12:19:16+00:00\" \/>\n<meta property=\"og:image\" content=\"https:\/\/capivari.sp.gov.br\/portal\/wp-content\/uploads\/2023\/06\/WhatsApp-Image-2023-06-20-at-16.44.43.jpeg\" \/>\n\t<meta property=\"og:image:width\" content=\"1280\" \/>\n\t<meta property=\"og:image:height\" content=\"893\" \/>\n\t<meta property=\"og:image:type\" content=\"image\/jpeg\" \/>\n<meta name=\"author\" content=\"Leonardo Nocete\" \/>\n<meta name=\"twitter:card\" content=\"summary_large_image\" \/>\n<meta name=\"twitter:creator\" content=\"@PrefCapivari\" \/>\n<meta name=\"twitter:site\" content=\"@PrefCapivari\" \/>\n<meta name=\"twitter:label1\" content=\"Escrito por\" \/>\n\t<meta name=\"twitter:data1\" content=\"Leonardo Nocete\" \/>\n\t<meta name=\"twitter:label2\" content=\"Est. tempo de leitura\" \/>\n\t<meta name=\"twitter:data2\" content=\"2 minutos\" \/>\n<script type=\"application\/ld+json\" class=\"yoast-schema-graph\">{\"@context\":\"https:\\\/\\\/schema.org\",\"@graph\":[{\"@type\":\"Article\",\"@id\":\"https:\\\/\\\/capivari.sp.gov.br\\\/portal\\\/prefeito-vitao-riccomini-e-vice-prefeito-bruno-barnabe-participam-de-1a-sessao-ordinaria-do-parlamento-metropolitano-de-piracicaba\\\/#article\",\"isPartOf\":{\"@id\":\"https:\\\/\\\/capivari.sp.gov.br\\\/portal\\\/prefeito-vitao-riccomini-e-vice-prefeito-bruno-barnabe-participam-de-1a-sessao-ordinaria-do-parlamento-metropolitano-de-piracicaba\\\/\"},\"author\":{\"name\":\"Leonardo Nocete\",\"@id\":\"https:\\\/\\\/capivari.sp.gov.br\\\/portal\\\/#\\\/schema\\\/person\\\/2370456f508b3c5850854ed47030a88b\"},\"headline\":\"Prefeito Vit\u00e3o Riccomini, e vice-prefeito, Bruno Barnab\u00e9, participam de 1\u00aa Sess\u00e3o Ordin\u00e1ria do Parlamento Metropolitano de Piracicaba\",\"datePublished\":\"2023-06-21T12:19:16+00:00\",\"mainEntityOfPage\":{\"@id\":\"https:\\\/\\\/capivari.sp.gov.br\\\/portal\\\/prefeito-vitao-riccomini-e-vice-prefeito-bruno-barnabe-participam-de-1a-sessao-ordinaria-do-parlamento-metropolitano-de-piracicaba\\\/\"},\"wordCount\":285,\"commentCount\":0,\"publisher\":{\"@id\":\"https:\\\/\\\/capivari.sp.gov.br\\\/portal\\\/#organization\"},\"image\":{\"@id\":\"https:\\\/\\\/capivari.sp.gov.br\\\/portal\\\/prefeito-vitao-riccomini-e-vice-prefeito-bruno-barnabe-participam-de-1a-sessao-ordinaria-do-parlamento-metropolitano-de-piracicaba\\\/#primaryimage\"},\"thumbnailUrl\":\"https:\\\/\\\/capivari.sp.gov.br\\\/portal\\\/wp-content\\\/uploads\\\/2023\\\/06\\\/WhatsApp-Image-2023-06-20-at-16.44.43.jpeg\",\"articleSection\":[\"Destaque\",\"Geral\",\"Governo\"],\"inLanguage\":\"pt-BR\",\"potentialAction\":[{\"@type\":\"CommentAction\",\"name\":\"Comment\",\"target\":[\"https:\\\/\\\/capivari.sp.gov.br\\\/portal\\\/prefeito-vitao-riccomini-e-vice-prefeito-bruno-barnabe-participam-de-1a-sessao-ordinaria-do-parlamento-metropolitano-de-piracicaba\\\/#respond\"]}]},{\"@type\":\"WebPage\",\"@id\":\"https:\\\/\\\/capivari.sp.gov.br\\\/portal\\\/prefeito-vitao-riccomini-e-vice-prefeito-bruno-barnabe-participam-de-1a-sessao-ordinaria-do-parlamento-metropolitano-de-piracicaba\\\/\",\"url\":\"https:\\\/\\\/capivari.sp.gov.br\\\/portal\\\/prefeito-vitao-riccomini-e-vice-prefeito-bruno-barnabe-participam-de-1a-sessao-ordinaria-do-parlamento-metropolitano-de-piracicaba\\\/\",\"name\":\"Prefeito Vit\u00e3o Riccomini, e vice-prefeito, Bruno Barnab\u00e9, participam de 1\u00aa Sess\u00e3o Ordin\u00e1ria do Parlamento Metropolitano de Piracicaba - Prefeitura de Capivari\",\"isPartOf\":{\"@id\":\"https:\\\/\\\/capivari.sp.gov.br\\\/portal\\\/#website\"},\"primaryImageOfPage\":{\"@id\":\"https:\\\/\\\/capivari.sp.gov.br\\\/portal\\\/prefeito-vitao-riccomini-e-vice-prefeito-bruno-barnabe-participam-de-1a-sessao-ordinaria-do-parlamento-metropolitano-de-piracicaba\\\/#primaryimage\"},\"image\":{\"@id\":\"https:\\\/\\\/capivari.sp.gov.br\\\/portal\\\/prefeito-vitao-riccomini-e-vice-prefeito-bruno-barnabe-participam-de-1a-sessao-ordinaria-do-parlamento-metropolitano-de-piracicaba\\\/#primaryimage\"},\"thumbnailUrl\":\"https:\\\/\\\/capivari.sp.gov.br\\\/portal\\\/wp-content\\\/uploads\\\/2023\\\/06\\\/WhatsApp-Image-2023-06-20-at-16.44.43.jpeg\",\"datePublished\":\"2023-06-21T12:19:16+00:00\",\"breadcrumb\":{\"@id\":\"https:\\\/\\\/capivari.sp.gov.br\\\/portal\\\/prefeito-vitao-riccomini-e-vice-prefeito-bruno-barnabe-participam-de-1a-sessao-ordinaria-do-parlamento-metropolitano-de-piracicaba\\\/#breadcrumb\"},\"inLanguage\":\"pt-BR\",\"potentialAction\":[{\"@type\":\"ReadAction\",\"target\":[\"https:\\\/\\\/capivari.sp.gov.br\\\/portal\\\/prefeito-vitao-riccomini-e-vice-prefeito-bruno-barnabe-participam-de-1a-sessao-ordinaria-do-parlamento-metropolitano-de-piracicaba\\\/\"]}]},{\"@type\":\"ImageObject\",\"inLanguage\":\"pt-BR\",\"@id\":\"https:\\\/\\\/capivari.sp.gov.br\\\/portal\\\/prefeito-vitao-riccomini-e-vice-prefeito-bruno-barnabe-participam-de-1a-sessao-ordinaria-do-parlamento-metropolitano-de-piracicaba\\\/#primaryimage\",\"url\":\"https:\\\/\\\/capivari.sp.gov.br\\\/portal\\\/wp-content\\\/uploads\\\/2023\\\/06\\\/WhatsApp-Image-2023-06-20-at-16.44.43.jpeg\",\"contentUrl\":\"https:\\\/\\\/capivari.sp.gov.br\\\/portal\\\/wp-content\\\/uploads\\\/2023\\\/06\\\/WhatsApp-Image-2023-06-20-at-16.44.43.jpeg\",\"width\":1280,\"height\":893},{\"@type\":\"BreadcrumbList\",\"@id\":\"https:\\\/\\\/capivari.sp.gov.br\\\/portal\\\/prefeito-vitao-riccomini-e-vice-prefeito-bruno-barnabe-participam-de-1a-sessao-ordinaria-do-parlamento-metropolitano-de-piracicaba\\\/#breadcrumb\",\"itemListElement\":[{\"@type\":\"ListItem\",\"position\":1,\"name\":\"In\u00edcio\",\"item\":\"https:\\\/\\\/capivari.sp.gov.br\\\/portal\\\/\"},{\"@type\":\"ListItem\",\"position\":2,\"name\":\"Prefeito Vit\u00e3o Riccomini, e vice-prefeito, Bruno Barnab\u00e9, participam de 1\u00aa Sess\u00e3o Ordin\u00e1ria do Parlamento Metropolitano de Piracicaba\"}]},{\"@type\":\"WebSite\",\"@id\":\"https:\\\/\\\/capivari.sp.gov.br\\\/portal\\\/#website\",\"url\":\"https:\\\/\\\/capivari.sp.gov.br\\\/portal\\\/\",\"name\":\"Prefeitura de Capivari\",\"description\":\"Prefeitura de Capivari\",\"publisher\":{\"@id\":\"https:\\\/\\\/capivari.sp.gov.br\\\/portal\\\/#organization\"},\"potentialAction\":[{\"@type\":\"SearchAction\",\"target\":{\"@type\":\"EntryPoint\",\"urlTemplate\":\"https:\\\/\\\/capivari.sp.gov.br\\\/portal\\\/?s={search_term_string}\"},\"query-input\":{\"@type\":\"PropertyValueSpecification\",\"valueRequired\":true,\"valueName\":\"search_term_string\"}}],\"inLanguage\":\"pt-BR\"},{\"@type\":\"Organization\",\"@id\":\"https:\\\/\\\/capivari.sp.gov.br\\\/portal\\\/#organization\",\"name\":\"Prefeitura de Capivari\",\"url\":\"https:\\\/\\\/capivari.sp.gov.br\\\/portal\\\/\",\"logo\":{\"@type\":\"ImageObject\",\"inLanguage\":\"pt-BR\",\"@id\":\"https:\\\/\\\/capivari.sp.gov.br\\\/portal\\\/#\\\/schema\\\/logo\\\/image\\\/\",\"url\":\"https:\\\/\\\/capivari.sp.gov.br\\\/portal\\\/wp-content\\\/uploads\\\/2021\\\/09\\\/logo-prefeitura-de-capivari.png\",\"contentUrl\":\"https:\\\/\\\/capivari.sp.gov.br\\\/portal\\\/wp-content\\\/uploads\\\/2021\\\/09\\\/logo-prefeitura-de-capivari.png\",\"width\":200,\"height\":147,\"caption\":\"Prefeitura de Capivari\"},\"image\":{\"@id\":\"https:\\\/\\\/capivari.sp.gov.br\\\/portal\\\/#\\\/schema\\\/logo\\\/image\\\/\"},\"sameAs\":[\"https:\\\/\\\/www.facebook.com\\\/PrefeituradeCapivari\\\/\",\"https:\\\/\\\/x.com\\\/PrefCapivari\",\"https:\\\/\\\/www.instagram.com\\\/prefeituracapivari\\\/\"]},{\"@type\":\"Person\",\"@id\":\"https:\\\/\\\/capivari.sp.gov.br\\\/portal\\\/#\\\/schema\\\/person\\\/2370456f508b3c5850854ed47030a88b\",\"name\":\"Leonardo Nocete\",\"image\":{\"@type\":\"ImageObject\",\"inLanguage\":\"pt-BR\",\"@id\":\"https:\\\/\\\/secure.gravatar.com\\\/avatar\\\/e50b6c0a6caf8425503f25a4072837dc2d91e4c4b86cc138a8a1c35de11f7b69?s=96&d=mm&r=g\",\"url\":\"https:\\\/\\\/secure.gravatar.com\\\/avatar\\\/e50b6c0a6caf8425503f25a4072837dc2d91e4c4b86cc138a8a1c35de11f7b69?s=96&d=mm&r=g\",\"contentUrl\":\"https:\\\/\\\/secure.gravatar.com\\\/avatar\\\/e50b6c0a6caf8425503f25a4072837dc2d91e4c4b86cc138a8a1c35de11f7b69?s=96&d=mm&r=g\",\"caption\":\"Leonardo Nocete\"},\"url\":\"https:\\\/\\\/capivari.sp.gov.br\\\/portal\\\/author\\\/leonardo-nocete\\\/\"}]}<\/script>\n<!-- \/ Yoast SEO plugin. -->","yoast_head_json":{"title":"Prefeito Vit\u00e3o Riccomini, e vice-prefeito, Bruno Barnab\u00e9, participam de 1\u00aa Sess\u00e3o Ordin\u00e1ria do Parlamento Metropolitano de Piracicaba - Prefeitura de Capivari","robots":{"index":"index","follow":"follow","max-snippet":"max-snippet:-1","max-image-preview":"max-image-preview:large","max-video-preview":"max-video-preview:-1"},"canonical":"https:\/\/capivari.sp.gov.br\/portal\/prefeito-vitao-riccomini-e-vice-prefeito-bruno-barnabe-participam-de-1a-sessao-ordinaria-do-parlamento-metropolitano-de-piracicaba\/","og_locale":"pt_BR","og_type":"article","og_title":"Prefeito Vit\u00e3o Riccomini, e vice-prefeito, Bruno Barnab\u00e9, participam de 1\u00aa Sess\u00e3o Ordin\u00e1ria do Parlamento Metropolitano de Piracicaba - Prefeitura de Capivari","og_description":"O prefeito Vit\u00e3o Riccomini participou nesta ter\u00e7a-feira, dia 20, da 1\u00aa Sess\u00e3o Ordin\u00e1ria do Parlamento Metropolitano de Piracicaba, realizada na C\u00e2mara Municipal de Capivari. O prefeito esteve acompanhado do vice-prefeito Bruno Barnab\u00e9. A deputada estadual, Val\u00e9ria Bolsonaro, tamb\u00e9m esteve em Capivari para prestigiar os trabalhos do Parlamento. Vit\u00e3o destaca o importante momento para Capivari ao [&hellip;]","og_url":"https:\/\/capivari.sp.gov.br\/portal\/prefeito-vitao-riccomini-e-vice-prefeito-bruno-barnabe-participam-de-1a-sessao-ordinaria-do-parlamento-metropolitano-de-piracicaba\/","og_site_name":"Prefeitura de Capivari","article_publisher":"https:\/\/www.facebook.com\/PrefeituradeCapivari\/","article_published_time":"2023-06-21T12:19:16+00:00","og_image":[{"width":1280,"height":893,"url":"https:\/\/capivari.sp.gov.br\/portal\/wp-content\/uploads\/2023\/06\/WhatsApp-Image-2023-06-20-at-16.44.43.jpeg","type":"image\/jpeg"}],"author":"Leonardo Nocete","twitter_card":"summary_large_image","twitter_creator":"@PrefCapivari","twitter_site":"@PrefCapivari","twitter_misc":{"Escrito por":"Leonardo Nocete","Est. tempo de leitura":"2 minutos"},"schema":{"@context":"https:\/\/schema.org","@graph":[{"@type":"Article","@id":"https:\/\/capivari.sp.gov.br\/portal\/prefeito-vitao-riccomini-e-vice-prefeito-bruno-barnabe-participam-de-1a-sessao-ordinaria-do-parlamento-metropolitano-de-piracicaba\/#article","isPartOf":{"@id":"https:\/\/capivari.sp.gov.br\/portal\/prefeito-vitao-riccomini-e-vice-prefeito-bruno-barnabe-participam-de-1a-sessao-ordinaria-do-parlamento-metropolitano-de-piracicaba\/"},"author":{"name":"Leonardo Nocete","@id":"https:\/\/capivari.sp.gov.br\/portal\/#\/schema\/person\/2370456f508b3c5850854ed47030a88b"},"headline":"Prefeito Vit\u00e3o Riccomini, e vice-prefeito, Bruno Barnab\u00e9, participam de 1\u00aa Sess\u00e3o Ordin\u00e1ria do Parlamento Metropolitano de Piracicaba","datePublished":"2023-06-21T12:19:16+00:00","mainEntityOfPage":{"@id":"https:\/\/capivari.sp.gov.br\/portal\/prefeito-vitao-riccomini-e-vice-prefeito-bruno-barnabe-participam-de-1a-sessao-ordinaria-do-parlamento-metropolitano-de-piracicaba\/"},"wordCount":285,"commentCount":0,"publisher":{"@id":"https:\/\/capivari.sp.gov.br\/portal\/#organization"},"image":{"@id":"https:\/\/capivari.sp.gov.br\/portal\/prefeito-vitao-riccomini-e-vice-prefeito-bruno-barnabe-participam-de-1a-sessao-ordinaria-do-parlamento-metropolitano-de-piracicaba\/#primaryimage"},"thumbnailUrl":"https:\/\/capivari.sp.gov.br\/portal\/wp-content\/uploads\/2023\/06\/WhatsApp-Image-2023-06-20-at-16.44.43.jpeg","articleSection":["Destaque","Geral","Governo"],"inLanguage":"pt-BR","potentialAction":[{"@type":"CommentAction","name":"Comment","target":["https:\/\/capivari.sp.gov.br\/portal\/prefeito-vitao-riccomini-e-vice-prefeito-bruno-barnabe-participam-de-1a-sessao-ordinaria-do-parlamento-metropolitano-de-piracicaba\/#respond"]}]},{"@type":"WebPage","@id":"https:\/\/capivari.sp.gov.br\/portal\/prefeito-vitao-riccomini-e-vice-prefeito-bruno-barnabe-participam-de-1a-sessao-ordinaria-do-parlamento-metropolitano-de-piracicaba\/","url":"https:\/\/capivari.sp.gov.br\/portal\/prefeito-vitao-riccomini-e-vice-prefeito-bruno-barnabe-participam-de-1a-sessao-ordinaria-do-parlamento-metropolitano-de-piracicaba\/","name":"Prefeito Vit\u00e3o Riccomini, e vice-prefeito, Bruno Barnab\u00e9, participam de 1\u00aa Sess\u00e3o Ordin\u00e1ria do Parlamento Metropolitano de Piracicaba - Prefeitura de Capivari","isPartOf":{"@id":"https:\/\/capivari.sp.gov.br\/portal\/#website"},"primaryImageOfPage":{"@id":"https:\/\/capivari.sp.gov.br\/portal\/prefeito-vitao-riccomini-e-vice-prefeito-bruno-barnabe-participam-de-1a-sessao-ordinaria-do-parlamento-metropolitano-de-piracicaba\/#primaryimage"},"image":{"@id":"https:\/\/capivari.sp.gov.br\/portal\/prefeito-vitao-riccomini-e-vice-prefeito-bruno-barnabe-participam-de-1a-sessao-ordinaria-do-parlamento-metropolitano-de-piracicaba\/#primaryimage"},"thumbnailUrl":"https:\/\/capivari.sp.gov.br\/portal\/wp-content\/uploads\/2023\/06\/WhatsApp-Image-2023-06-20-at-16.44.43.jpeg","datePublished":"2023-06-21T12:19:16+00:00","breadcrumb":{"@id":"https:\/\/capivari.sp.gov.br\/portal\/prefeito-vitao-riccomini-e-vice-prefeito-bruno-barnabe-participam-de-1a-sessao-ordinaria-do-parlamento-metropolitano-de-piracicaba\/#breadcrumb"},"inLanguage":"pt-BR","potentialAction":[{"@type":"ReadAction","target":["https:\/\/capivari.sp.gov.br\/portal\/prefeito-vitao-riccomini-e-vice-prefeito-bruno-barnabe-participam-de-1a-sessao-ordinaria-do-parlamento-metropolitano-de-piracicaba\/"]}]},{"@type":"ImageObject","inLanguage":"pt-BR","@id":"https:\/\/capivari.sp.gov.br\/portal\/prefeito-vitao-riccomini-e-vice-prefeito-bruno-barnabe-participam-de-1a-sessao-ordinaria-do-parlamento-metropolitano-de-piracicaba\/#primaryimage","url":"https:\/\/capivari.sp.gov.br\/portal\/wp-content\/uploads\/2023\/06\/WhatsApp-Image-2023-06-20-at-16.44.43.jpeg","contentUrl":"https:\/\/capivari.sp.gov.br\/portal\/wp-content\/uploads\/2023\/06\/WhatsApp-Image-2023-06-20-at-16.44.43.jpeg","width":1280,"height":893},{"@type":"BreadcrumbList","@id":"https:\/\/capivari.sp.gov.br\/portal\/prefeito-vitao-riccomini-e-vice-prefeito-bruno-barnabe-participam-de-1a-sessao-ordinaria-do-parlamento-metropolitano-de-piracicaba\/#breadcrumb","itemListElement":[{"@type":"ListItem","position":1,"name":"In\u00edcio","item":"https:\/\/capivari.sp.gov.br\/portal\/"},{"@type":"ListItem","position":2,"name":"Prefeito Vit\u00e3o Riccomini, e vice-prefeito, Bruno Barnab\u00e9, participam de 1\u00aa Sess\u00e3o Ordin\u00e1ria do Parlamento Metropolitano de Piracicaba"}]},{"@type":"WebSite","@id":"https:\/\/capivari.sp.gov.br\/portal\/#website","url":"https:\/\/capivari.sp.gov.br\/portal\/","name":"Prefeitura de Capivari","description":"Prefeitura de Capivari","publisher":{"@id":"https:\/\/capivari.sp.gov.br\/portal\/#organization"},"potentialAction":[{"@type":"SearchAction","target":{"@type":"EntryPoint","urlTemplate":"https:\/\/capivari.sp.gov.br\/portal\/?s={search_term_string}"},"query-input":{"@type":"PropertyValueSpecification","valueRequired":true,"valueName":"search_term_string"}}],"inLanguage":"pt-BR"},{"@type":"Organization","@id":"https:\/\/capivari.sp.gov.br\/portal\/#organization","name":"Prefeitura de Capivari","url":"https:\/\/capivari.sp.gov.br\/portal\/","logo":{"@type":"ImageObject","inLanguage":"pt-BR","@id":"https:\/\/capivari.sp.gov.br\/portal\/#\/schema\/logo\/image\/","url":"https:\/\/capivari.sp.gov.br\/portal\/wp-content\/uploads\/2021\/09\/logo-prefeitura-de-capivari.png","contentUrl":"https:\/\/capivari.sp.gov.br\/portal\/wp-content\/uploads\/2021\/09\/logo-prefeitura-de-capivari.png","width":200,"height":147,"caption":"Prefeitura de Capivari"},"image":{"@id":"https:\/\/capivari.sp.gov.br\/portal\/#\/schema\/logo\/image\/"},"sameAs":["https:\/\/www.facebook.com\/PrefeituradeCapivari\/","https:\/\/x.com\/PrefCapivari","https:\/\/www.instagram.com\/prefeituracapivari\/"]},{"@type":"Person","@id":"https:\/\/capivari.sp.gov.br\/portal\/#\/schema\/person\/2370456f508b3c5850854ed47030a88b","name":"Leonardo Nocete","image":{"@type":"ImageObject","inLanguage":"pt-BR","@id":"https:\/\/secure.gravatar.com\/avatar\/e50b6c0a6caf8425503f25a4072837dc2d91e4c4b86cc138a8a1c35de11f7b69?s=96&d=mm&r=g","url":"https:\/\/secure.gravatar.com\/avatar\/e50b6c0a6caf8425503f25a4072837dc2d91e4c4b86cc138a8a1c35de11f7b69?s=96&d=mm&r=g","contentUrl":"https:\/\/secure.gravatar.com\/avatar\/e50b6c0a6caf8425503f25a4072837dc2d91e4c4b86cc138a8a1c35de11f7b69?s=96&d=mm&r=g","caption":"Leonardo Nocete"},"url":"https:\/\/capivari.sp.gov.br\/portal\/author\/leonardo-nocete\/"}]}},"_links":{"self":[{"href":"https:\/\/capivari.sp.gov.br\/portal\/wp-json\/wp\/v2\/posts\/12241","targetHints":{"allow":["GET"]}}],"collection":[{"href":"https:\/\/capivari.sp.gov.br\/portal\/wp-json\/wp\/v2\/posts"}],"about":[{"href":"https:\/\/capivari.sp.gov.br\/portal\/wp-json\/wp\/v2\/types\/post"}],"author":[{"embeddable":true,"href":"https:\/\/capivari.sp.gov.br\/portal\/wp-json\/wp\/v2\/users\/16"}],"replies":[{"embeddable":true,"href":"https:\/\/capivari.sp.gov.br\/portal\/wp-json\/wp\/v2\/comments?post=12241"}],"version-history":[{"count":1,"href":"https:\/\/capivari.sp.gov.br\/portal\/wp-json\/wp\/v2\/posts\/12241\/revisions"}],"predecessor-version":[{"id":12244,"href":"https:\/\/capivari.sp.gov.br\/portal\/wp-json\/wp\/v2\/posts\/12241\/revisions\/12244"}],"wp:featuredmedia":[{"embeddable":true,"href":"https:\/\/capivari.sp.gov.br\/portal\/wp-json\/wp\/v2\/media\/12243"}],"wp:attachment":[{"href":"https:\/\/capivari.sp.gov.br\/portal\/wp-json\/wp\/v2\/media?parent=12241"}],"wp:term":[{"taxonomy":"category","embeddable":true,"href":"https:\/\/capivari.sp.gov.br\/portal\/wp-json\/wp\/v2\/categories?post=12241"},{"taxonomy":"post_tag","embeddable":true,"href":"https:\/\/capivari.sp.gov.br\/portal\/wp-json\/wp\/v2\/tags?post=12241"}],"curies":[{"name":"wp","href":"https:\/\/api.w.org\/{rel}","templated":true}]}}