{"id":12301,"date":"2023-06-23T15:05:06","date_gmt":"2023-06-23T18:05:06","guid":{"rendered":"https:\/\/capivari.sp.gov.br\/portal\/?p=12301"},"modified":"2023-06-23T15:05:06","modified_gmt":"2023-06-23T18:05:06","slug":"festa-do-padroeiro-reune-tres-mil-pessoas-para-ver-show-da-dupla-leo-e-junior-na-noite-de-quinta-feira-dia-22","status":"publish","type":"post","link":"https:\/\/capivari.sp.gov.br\/portal\/festa-do-padroeiro-reune-tres-mil-pessoas-para-ver-show-da-dupla-leo-e-junior-na-noite-de-quinta-feira-dia-22\/","title":{"rendered":"Festa do Padroeiro re\u00fane tr\u00eas mil pessoas para ver show da dupla L\u00e9o e J\u00fanior na noite de quinta-feira, dia 22"},"content":{"rendered":"<p align=\"left\"><span style=\"color: #000000;\"><span style=\"font-family: Arial, sans-serif;\"><span style=\"font-size: medium;\">Segundo a Guarda Civil de Capivari, cerca de tr\u00eas mil pessoas estiveram presentes na noite da \u00faltima quinta-feira, dia 22, na Festa do Padroeiro S\u00e3o Jo\u00e3o Batista. O evento, organizado pela Prefeitura de Capivari, com apoio <\/span><\/span><\/span><span style=\"color: #000000;\"><span style=\"font-family: Arial, sans-serif;\"><span style=\"font-size: medium;\">da<\/span><\/span><\/span><span style=\"color: #000000;\"><span style=\"font-family: Arial, sans-serif;\"><span style=\"font-size: medium;\"> R\u00e1dio Cacique AM, Jornal Correio de Capivari, Microsal, MM Souza Turismo, Sicoob Cooplivre, Supermercado Pare Aqui e da Igreja Matriz, teve como ponto alto o show da dupla L\u00e9o e J\u00fanior, que cantou sucessos e antigos cl\u00e1ssicos da m\u00fasica sertaneja.<\/p>\n<p>O p\u00fablico tamb\u00e9m p\u00f4de apreciar as barracas de doces, comidas t\u00edpicas e o jantar servido no sal\u00e3o social da par\u00f3quia de S\u00e3o Jo\u00e3o. \u201c\u00c9 um orgulho muito grande para n\u00f3s, da Prefeitura, estarmos fazendo parte e ajudando a manter essa festa t\u00e3o tradicional da nossa cidade. Estamos todos ansiosos para o show dessa dupla que \u00e9 um dos destaques da m\u00fasica sertaneja atual e que, com certeza, vai esquentar essa noite gelada aqui na nossa Capivari\u201d, comemorou o prefeito Vit\u00e3o Riccomini, que estava presente no evento, junto ao vice-prefeito, Bruno Barnab\u00e9. \u201c\u00c9 uma festa, acima de tudo, feita pelo povo de Capivari que comparece em peso e tamb\u00e9m trabalha na festa de forma volunt\u00e1ria, preparando tanta coisa gostosa e que atrai gente at\u00e9 de outros munic\u00edpios da regi\u00e3o\u201d, frisou o vice-prefeito.<\/p>\n<p>O show t\u00e3o esperado da dupla L\u00e9o e J\u00fanior come\u00e7ou por volta das 21h30 com a dupla da cidade de Rubi\u00e1cea, na regi\u00e3o de Ara\u00e7atuba, cantando hits como \u201c\u00d4 L\u00e1 em Casa\u201d, \u201cNos Bares da Cidade\u201d, \u201cA Pegada\u201d e \u201cSem Voc\u00ea Eu Morro\u201d. Os irm\u00e3os tamb\u00e9m abriram espa\u00e7o no repert\u00f3rio para sucessos de v\u00e1rias \u00e9pocas do sertanejo, como \u201cTocando em Frente\u201d, de Renato Teixeira, e \u201cBoate Azul\u201d, de Joaquim e Manuel.<\/p>\n<p>Nesta sexta-feira, dia 23, a festa continua, com a Quadrilha Junina, ben\u00e7\u00e3o da fogueira e o levantamento do mastro ao padroeiro. No s\u00e1bado, dia 24, uma missa est\u00e1 programada \u00e0s 17h, seguida de prociss\u00e3o. A Festa de S\u00e3o Jo\u00e3o Batista continua at\u00e9 dia 02 de julho.<\/span><\/span><\/span><span style=\"color: #000000;\"><span style=\"font-family: Arial, sans-serif;\"><span style=\"font-size: medium;\"><b><\/p>\n<p>Para mais informa\u00e7\u00f5es, entre em contato com a Par\u00f3quia da Igreja.<\/b><\/span><\/span><\/span><\/p>\n","protected":false},"excerpt":{"rendered":"<p>Segundo a Guarda Civil de Capivari, cerca de tr\u00eas mil pessoas estiveram presentes na noite da \u00faltima quinta-feira, dia 22, na Festa do Padroeiro S\u00e3o Jo\u00e3o Batista. O evento, organizado pela Prefeitura de Capivari, com apoio da R\u00e1dio Cacique AM, Jornal Correio de Capivari, Microsal, MM Souza Turismo, Sicoob Cooplivre, Supermercado Pare Aqui e da [&hellip;]<\/p>\n","protected":false},"author":15,"featured_media":12306,"comment_status":"open","ping_status":"open","sticky":false,"template":"","format":"standard","meta":{"ocean_post_layout":"","ocean_both_sidebars_style":"","ocean_both_sidebars_content_width":0,"ocean_both_sidebars_sidebars_width":0,"ocean_sidebar":"","ocean_second_sidebar":"","ocean_disable_margins":"enable","ocean_add_body_class":"","ocean_shortcode_before_top_bar":"","ocean_shortcode_after_top_bar":"","ocean_shortcode_before_header":"","ocean_shortcode_after_header":"","ocean_has_shortcode":"","ocean_shortcode_after_title":"","ocean_shortcode_before_footer_widgets":"","ocean_shortcode_after_footer_widgets":"","ocean_shortcode_before_footer_bottom":"","ocean_shortcode_after_footer_bottom":"","ocean_display_top_bar":"default","ocean_display_header":"default","ocean_header_style":"","ocean_center_header_left_menu":"","ocean_custom_header_template":"","ocean_custom_logo":0,"ocean_custom_retina_logo":0,"ocean_custom_logo_max_width":0,"ocean_custom_logo_tablet_max_width":0,"ocean_custom_logo_mobile_max_width":0,"ocean_custom_logo_max_height":0,"ocean_custom_logo_tablet_max_height":0,"ocean_custom_logo_mobile_max_height":0,"ocean_header_custom_menu":"","ocean_menu_typo_font_family":"","ocean_menu_typo_font_subset":"","ocean_menu_typo_font_size":0,"ocean_menu_typo_font_size_tablet":0,"ocean_menu_typo_font_size_mobile":0,"ocean_menu_typo_font_size_unit":"px","ocean_menu_typo_font_weight":"","ocean_menu_typo_font_weight_tablet":"","ocean_menu_typo_font_weight_mobile":"","ocean_menu_typo_transform":"","ocean_menu_typo_transform_tablet":"","ocean_menu_typo_transform_mobile":"","ocean_menu_typo_line_height":0,"ocean_menu_typo_line_height_tablet":0,"ocean_menu_typo_line_height_mobile":0,"ocean_menu_typo_line_height_unit":"","ocean_menu_typo_spacing":0,"ocean_menu_typo_spacing_tablet":0,"ocean_menu_typo_spacing_mobile":0,"ocean_menu_typo_spacing_unit":"","ocean_menu_link_color":"","ocean_menu_link_color_hover":"","ocean_menu_link_color_active":"","ocean_menu_link_background":"","ocean_menu_link_hover_background":"","ocean_menu_link_active_background":"","ocean_menu_social_links_bg":"","ocean_menu_social_hover_links_bg":"","ocean_menu_social_links_color":"","ocean_menu_social_hover_links_color":"","ocean_disable_title":"default","ocean_disable_heading":"default","ocean_post_title":"","ocean_post_subheading":"","ocean_post_title_style":"","ocean_post_title_background_color":"","ocean_post_title_background":0,"ocean_post_title_bg_image_position":"","ocean_post_title_bg_image_attachment":"","ocean_post_title_bg_image_repeat":"","ocean_post_title_bg_image_size":"","ocean_post_title_height":0,"ocean_post_title_bg_overlay":0.5,"ocean_post_title_bg_overlay_color":"","ocean_disable_breadcrumbs":"default","ocean_breadcrumbs_color":"","ocean_breadcrumbs_separator_color":"","ocean_breadcrumbs_links_color":"","ocean_breadcrumbs_links_hover_color":"","ocean_display_footer_widgets":"default","ocean_display_footer_bottom":"default","ocean_custom_footer_template":"","ocean_post_oembed":"","ocean_post_self_hosted_media":"","ocean_post_video_embed":"","ocean_link_format":"","ocean_link_format_target":"self","ocean_quote_format":"","ocean_quote_format_link":"post","ocean_gallery_link_images":"off","ocean_gallery_id":[],"footnotes":""},"categories":[17,5],"tags":[],"class_list":["post-12301","post","type-post","status-publish","format-standard","has-post-thumbnail","hentry","category-cultura","category-geral","entry","has-media"],"yoast_head":"<!-- This site is optimized with the Yoast SEO plugin v27.5 - https:\/\/yoast.com\/product\/yoast-seo-wordpress\/ -->\n<title>Festa do Padroeiro re\u00fane tr\u00eas mil pessoas para ver show da dupla L\u00e9o e J\u00fanior na noite de quinta-feira, dia 22 - Prefeitura de Capivari<\/title>\n<meta name=\"robots\" content=\"index, follow, max-snippet:-1, max-image-preview:large, max-video-preview:-1\" \/>\n<link rel=\"canonical\" href=\"https:\/\/capivari.sp.gov.br\/portal\/festa-do-padroeiro-reune-tres-mil-pessoas-para-ver-show-da-dupla-leo-e-junior-na-noite-de-quinta-feira-dia-22\/\" \/>\n<meta property=\"og:locale\" content=\"pt_BR\" \/>\n<meta property=\"og:type\" content=\"article\" \/>\n<meta property=\"og:title\" content=\"Festa do Padroeiro re\u00fane tr\u00eas mil pessoas para ver show da dupla L\u00e9o e J\u00fanior na noite de quinta-feira, dia 22 - Prefeitura de Capivari\" \/>\n<meta property=\"og:description\" content=\"Segundo a Guarda Civil de Capivari, cerca de tr\u00eas mil pessoas estiveram presentes na noite da \u00faltima quinta-feira, dia 22, na Festa do Padroeiro S\u00e3o Jo\u00e3o Batista. O evento, organizado pela Prefeitura de Capivari, com apoio da R\u00e1dio Cacique AM, Jornal Correio de Capivari, Microsal, MM Souza Turismo, Sicoob Cooplivre, Supermercado Pare Aqui e da [&hellip;]\" \/>\n<meta property=\"og:url\" content=\"https:\/\/capivari.sp.gov.br\/portal\/festa-do-padroeiro-reune-tres-mil-pessoas-para-ver-show-da-dupla-leo-e-junior-na-noite-de-quinta-feira-dia-22\/\" \/>\n<meta property=\"og:site_name\" content=\"Prefeitura de Capivari\" \/>\n<meta property=\"article:publisher\" content=\"https:\/\/www.facebook.com\/PrefeituradeCapivari\/\" \/>\n<meta property=\"article:published_time\" content=\"2023-06-23T18:05:06+00:00\" \/>\n<meta property=\"og:image\" content=\"https:\/\/capivari.sp.gov.br\/portal\/wp-content\/uploads\/2023\/06\/Camarim.jpg\" \/>\n\t<meta property=\"og:image:width\" content=\"1280\" \/>\n\t<meta property=\"og:image:height\" content=\"853\" \/>\n\t<meta property=\"og:image:type\" content=\"image\/jpeg\" \/>\n<meta name=\"author\" content=\"Luciano Assis\" \/>\n<meta name=\"twitter:card\" content=\"summary_large_image\" \/>\n<meta name=\"twitter:creator\" content=\"@PrefCapivari\" \/>\n<meta name=\"twitter:site\" content=\"@PrefCapivari\" \/>\n<meta name=\"twitter:label1\" content=\"Escrito por\" \/>\n\t<meta name=\"twitter:data1\" content=\"Luciano Assis\" \/>\n\t<meta name=\"twitter:label2\" content=\"Est. tempo de leitura\" \/>\n\t<meta name=\"twitter:data2\" content=\"2 minutos\" \/>\n<script type=\"application\/ld+json\" class=\"yoast-schema-graph\">{\"@context\":\"https:\\\/\\\/schema.org\",\"@graph\":[{\"@type\":\"Article\",\"@id\":\"https:\\\/\\\/capivari.sp.gov.br\\\/portal\\\/festa-do-padroeiro-reune-tres-mil-pessoas-para-ver-show-da-dupla-leo-e-junior-na-noite-de-quinta-feira-dia-22\\\/#article\",\"isPartOf\":{\"@id\":\"https:\\\/\\\/capivari.sp.gov.br\\\/portal\\\/festa-do-padroeiro-reune-tres-mil-pessoas-para-ver-show-da-dupla-leo-e-junior-na-noite-de-quinta-feira-dia-22\\\/\"},\"author\":{\"name\":\"Luciano Assis\",\"@id\":\"https:\\\/\\\/capivari.sp.gov.br\\\/portal\\\/#\\\/schema\\\/person\\\/ac37113577adfc1517e0cfa854b830b4\"},\"headline\":\"Festa do Padroeiro re\u00fane tr\u00eas mil pessoas para ver show da dupla L\u00e9o e J\u00fanior na noite de quinta-feira, dia 22\",\"datePublished\":\"2023-06-23T18:05:06+00:00\",\"mainEntityOfPage\":{\"@id\":\"https:\\\/\\\/capivari.sp.gov.br\\\/portal\\\/festa-do-padroeiro-reune-tres-mil-pessoas-para-ver-show-da-dupla-leo-e-junior-na-noite-de-quinta-feira-dia-22\\\/\"},\"wordCount\":395,\"commentCount\":0,\"publisher\":{\"@id\":\"https:\\\/\\\/capivari.sp.gov.br\\\/portal\\\/#organization\"},\"image\":{\"@id\":\"https:\\\/\\\/capivari.sp.gov.br\\\/portal\\\/festa-do-padroeiro-reune-tres-mil-pessoas-para-ver-show-da-dupla-leo-e-junior-na-noite-de-quinta-feira-dia-22\\\/#primaryimage\"},\"thumbnailUrl\":\"https:\\\/\\\/capivari.sp.gov.br\\\/portal\\\/wp-content\\\/uploads\\\/2023\\\/06\\\/Camarim.jpg\",\"articleSection\":[\"Cultura\",\"Geral\"],\"inLanguage\":\"pt-BR\",\"potentialAction\":[{\"@type\":\"CommentAction\",\"name\":\"Comment\",\"target\":[\"https:\\\/\\\/capivari.sp.gov.br\\\/portal\\\/festa-do-padroeiro-reune-tres-mil-pessoas-para-ver-show-da-dupla-leo-e-junior-na-noite-de-quinta-feira-dia-22\\\/#respond\"]}]},{\"@type\":\"WebPage\",\"@id\":\"https:\\\/\\\/capivari.sp.gov.br\\\/portal\\\/festa-do-padroeiro-reune-tres-mil-pessoas-para-ver-show-da-dupla-leo-e-junior-na-noite-de-quinta-feira-dia-22\\\/\",\"url\":\"https:\\\/\\\/capivari.sp.gov.br\\\/portal\\\/festa-do-padroeiro-reune-tres-mil-pessoas-para-ver-show-da-dupla-leo-e-junior-na-noite-de-quinta-feira-dia-22\\\/\",\"name\":\"Festa do Padroeiro re\u00fane tr\u00eas mil pessoas para ver show da dupla L\u00e9o e J\u00fanior na noite de quinta-feira, dia 22 - Prefeitura de Capivari\",\"isPartOf\":{\"@id\":\"https:\\\/\\\/capivari.sp.gov.br\\\/portal\\\/#website\"},\"primaryImageOfPage\":{\"@id\":\"https:\\\/\\\/capivari.sp.gov.br\\\/portal\\\/festa-do-padroeiro-reune-tres-mil-pessoas-para-ver-show-da-dupla-leo-e-junior-na-noite-de-quinta-feira-dia-22\\\/#primaryimage\"},\"image\":{\"@id\":\"https:\\\/\\\/capivari.sp.gov.br\\\/portal\\\/festa-do-padroeiro-reune-tres-mil-pessoas-para-ver-show-da-dupla-leo-e-junior-na-noite-de-quinta-feira-dia-22\\\/#primaryimage\"},\"thumbnailUrl\":\"https:\\\/\\\/capivari.sp.gov.br\\\/portal\\\/wp-content\\\/uploads\\\/2023\\\/06\\\/Camarim.jpg\",\"datePublished\":\"2023-06-23T18:05:06+00:00\",\"breadcrumb\":{\"@id\":\"https:\\\/\\\/capivari.sp.gov.br\\\/portal\\\/festa-do-padroeiro-reune-tres-mil-pessoas-para-ver-show-da-dupla-leo-e-junior-na-noite-de-quinta-feira-dia-22\\\/#breadcrumb\"},\"inLanguage\":\"pt-BR\",\"potentialAction\":[{\"@type\":\"ReadAction\",\"target\":[\"https:\\\/\\\/capivari.sp.gov.br\\\/portal\\\/festa-do-padroeiro-reune-tres-mil-pessoas-para-ver-show-da-dupla-leo-e-junior-na-noite-de-quinta-feira-dia-22\\\/\"]}]},{\"@type\":\"ImageObject\",\"inLanguage\":\"pt-BR\",\"@id\":\"https:\\\/\\\/capivari.sp.gov.br\\\/portal\\\/festa-do-padroeiro-reune-tres-mil-pessoas-para-ver-show-da-dupla-leo-e-junior-na-noite-de-quinta-feira-dia-22\\\/#primaryimage\",\"url\":\"https:\\\/\\\/capivari.sp.gov.br\\\/portal\\\/wp-content\\\/uploads\\\/2023\\\/06\\\/Camarim.jpg\",\"contentUrl\":\"https:\\\/\\\/capivari.sp.gov.br\\\/portal\\\/wp-content\\\/uploads\\\/2023\\\/06\\\/Camarim.jpg\",\"width\":1280,\"height\":853},{\"@type\":\"BreadcrumbList\",\"@id\":\"https:\\\/\\\/capivari.sp.gov.br\\\/portal\\\/festa-do-padroeiro-reune-tres-mil-pessoas-para-ver-show-da-dupla-leo-e-junior-na-noite-de-quinta-feira-dia-22\\\/#breadcrumb\",\"itemListElement\":[{\"@type\":\"ListItem\",\"position\":1,\"name\":\"In\u00edcio\",\"item\":\"https:\\\/\\\/capivari.sp.gov.br\\\/portal\\\/\"},{\"@type\":\"ListItem\",\"position\":2,\"name\":\"Festa do Padroeiro re\u00fane tr\u00eas mil pessoas para ver show da dupla L\u00e9o e J\u00fanior na noite de quinta-feira, dia 22\"}]},{\"@type\":\"WebSite\",\"@id\":\"https:\\\/\\\/capivari.sp.gov.br\\\/portal\\\/#website\",\"url\":\"https:\\\/\\\/capivari.sp.gov.br\\\/portal\\\/\",\"name\":\"Prefeitura de Capivari\",\"description\":\"Prefeitura de Capivari\",\"publisher\":{\"@id\":\"https:\\\/\\\/capivari.sp.gov.br\\\/portal\\\/#organization\"},\"potentialAction\":[{\"@type\":\"SearchAction\",\"target\":{\"@type\":\"EntryPoint\",\"urlTemplate\":\"https:\\\/\\\/capivari.sp.gov.br\\\/portal\\\/?s={search_term_string}\"},\"query-input\":{\"@type\":\"PropertyValueSpecification\",\"valueRequired\":true,\"valueName\":\"search_term_string\"}}],\"inLanguage\":\"pt-BR\"},{\"@type\":\"Organization\",\"@id\":\"https:\\\/\\\/capivari.sp.gov.br\\\/portal\\\/#organization\",\"name\":\"Prefeitura de Capivari\",\"url\":\"https:\\\/\\\/capivari.sp.gov.br\\\/portal\\\/\",\"logo\":{\"@type\":\"ImageObject\",\"inLanguage\":\"pt-BR\",\"@id\":\"https:\\\/\\\/capivari.sp.gov.br\\\/portal\\\/#\\\/schema\\\/logo\\\/image\\\/\",\"url\":\"https:\\\/\\\/capivari.sp.gov.br\\\/portal\\\/wp-content\\\/uploads\\\/2021\\\/09\\\/logo-prefeitura-de-capivari.png\",\"contentUrl\":\"https:\\\/\\\/capivari.sp.gov.br\\\/portal\\\/wp-content\\\/uploads\\\/2021\\\/09\\\/logo-prefeitura-de-capivari.png\",\"width\":200,\"height\":147,\"caption\":\"Prefeitura de Capivari\"},\"image\":{\"@id\":\"https:\\\/\\\/capivari.sp.gov.br\\\/portal\\\/#\\\/schema\\\/logo\\\/image\\\/\"},\"sameAs\":[\"https:\\\/\\\/www.facebook.com\\\/PrefeituradeCapivari\\\/\",\"https:\\\/\\\/x.com\\\/PrefCapivari\",\"https:\\\/\\\/www.instagram.com\\\/prefeituracapivari\\\/\"]},{\"@type\":\"Person\",\"@id\":\"https:\\\/\\\/capivari.sp.gov.br\\\/portal\\\/#\\\/schema\\\/person\\\/ac37113577adfc1517e0cfa854b830b4\",\"name\":\"Luciano Assis\",\"image\":{\"@type\":\"ImageObject\",\"inLanguage\":\"pt-BR\",\"@id\":\"https:\\\/\\\/secure.gravatar.com\\\/avatar\\\/ec163f977a02ac195ce6085f5110a8c4c8c6cc357c134002f73b4664772e79a5?s=96&d=mm&r=g\",\"url\":\"https:\\\/\\\/secure.gravatar.com\\\/avatar\\\/ec163f977a02ac195ce6085f5110a8c4c8c6cc357c134002f73b4664772e79a5?s=96&d=mm&r=g\",\"contentUrl\":\"https:\\\/\\\/secure.gravatar.com\\\/avatar\\\/ec163f977a02ac195ce6085f5110a8c4c8c6cc357c134002f73b4664772e79a5?s=96&d=mm&r=g\",\"caption\":\"Luciano Assis\"},\"url\":\"https:\\\/\\\/capivari.sp.gov.br\\\/portal\\\/author\\\/luciano-assis\\\/\"}]}<\/script>\n<!-- \/ Yoast SEO plugin. -->","yoast_head_json":{"title":"Festa do Padroeiro re\u00fane tr\u00eas mil pessoas para ver show da dupla L\u00e9o e J\u00fanior na noite de quinta-feira, dia 22 - Prefeitura de Capivari","robots":{"index":"index","follow":"follow","max-snippet":"max-snippet:-1","max-image-preview":"max-image-preview:large","max-video-preview":"max-video-preview:-1"},"canonical":"https:\/\/capivari.sp.gov.br\/portal\/festa-do-padroeiro-reune-tres-mil-pessoas-para-ver-show-da-dupla-leo-e-junior-na-noite-de-quinta-feira-dia-22\/","og_locale":"pt_BR","og_type":"article","og_title":"Festa do Padroeiro re\u00fane tr\u00eas mil pessoas para ver show da dupla L\u00e9o e J\u00fanior na noite de quinta-feira, dia 22 - Prefeitura de Capivari","og_description":"Segundo a Guarda Civil de Capivari, cerca de tr\u00eas mil pessoas estiveram presentes na noite da \u00faltima quinta-feira, dia 22, na Festa do Padroeiro S\u00e3o Jo\u00e3o Batista. O evento, organizado pela Prefeitura de Capivari, com apoio da R\u00e1dio Cacique AM, Jornal Correio de Capivari, Microsal, MM Souza Turismo, Sicoob Cooplivre, Supermercado Pare Aqui e da [&hellip;]","og_url":"https:\/\/capivari.sp.gov.br\/portal\/festa-do-padroeiro-reune-tres-mil-pessoas-para-ver-show-da-dupla-leo-e-junior-na-noite-de-quinta-feira-dia-22\/","og_site_name":"Prefeitura de Capivari","article_publisher":"https:\/\/www.facebook.com\/PrefeituradeCapivari\/","article_published_time":"2023-06-23T18:05:06+00:00","og_image":[{"width":1280,"height":853,"url":"https:\/\/capivari.sp.gov.br\/portal\/wp-content\/uploads\/2023\/06\/Camarim.jpg","type":"image\/jpeg"}],"author":"Luciano Assis","twitter_card":"summary_large_image","twitter_creator":"@PrefCapivari","twitter_site":"@PrefCapivari","twitter_misc":{"Escrito por":"Luciano Assis","Est. tempo de leitura":"2 minutos"},"schema":{"@context":"https:\/\/schema.org","@graph":[{"@type":"Article","@id":"https:\/\/capivari.sp.gov.br\/portal\/festa-do-padroeiro-reune-tres-mil-pessoas-para-ver-show-da-dupla-leo-e-junior-na-noite-de-quinta-feira-dia-22\/#article","isPartOf":{"@id":"https:\/\/capivari.sp.gov.br\/portal\/festa-do-padroeiro-reune-tres-mil-pessoas-para-ver-show-da-dupla-leo-e-junior-na-noite-de-quinta-feira-dia-22\/"},"author":{"name":"Luciano Assis","@id":"https:\/\/capivari.sp.gov.br\/portal\/#\/schema\/person\/ac37113577adfc1517e0cfa854b830b4"},"headline":"Festa do Padroeiro re\u00fane tr\u00eas mil pessoas para ver show da dupla L\u00e9o e J\u00fanior na noite de quinta-feira, dia 22","datePublished":"2023-06-23T18:05:06+00:00","mainEntityOfPage":{"@id":"https:\/\/capivari.sp.gov.br\/portal\/festa-do-padroeiro-reune-tres-mil-pessoas-para-ver-show-da-dupla-leo-e-junior-na-noite-de-quinta-feira-dia-22\/"},"wordCount":395,"commentCount":0,"publisher":{"@id":"https:\/\/capivari.sp.gov.br\/portal\/#organization"},"image":{"@id":"https:\/\/capivari.sp.gov.br\/portal\/festa-do-padroeiro-reune-tres-mil-pessoas-para-ver-show-da-dupla-leo-e-junior-na-noite-de-quinta-feira-dia-22\/#primaryimage"},"thumbnailUrl":"https:\/\/capivari.sp.gov.br\/portal\/wp-content\/uploads\/2023\/06\/Camarim.jpg","articleSection":["Cultura","Geral"],"inLanguage":"pt-BR","potentialAction":[{"@type":"CommentAction","name":"Comment","target":["https:\/\/capivari.sp.gov.br\/portal\/festa-do-padroeiro-reune-tres-mil-pessoas-para-ver-show-da-dupla-leo-e-junior-na-noite-de-quinta-feira-dia-22\/#respond"]}]},{"@type":"WebPage","@id":"https:\/\/capivari.sp.gov.br\/portal\/festa-do-padroeiro-reune-tres-mil-pessoas-para-ver-show-da-dupla-leo-e-junior-na-noite-de-quinta-feira-dia-22\/","url":"https:\/\/capivari.sp.gov.br\/portal\/festa-do-padroeiro-reune-tres-mil-pessoas-para-ver-show-da-dupla-leo-e-junior-na-noite-de-quinta-feira-dia-22\/","name":"Festa do Padroeiro re\u00fane tr\u00eas mil pessoas para ver show da dupla L\u00e9o e J\u00fanior na noite de quinta-feira, dia 22 - Prefeitura de Capivari","isPartOf":{"@id":"https:\/\/capivari.sp.gov.br\/portal\/#website"},"primaryImageOfPage":{"@id":"https:\/\/capivari.sp.gov.br\/portal\/festa-do-padroeiro-reune-tres-mil-pessoas-para-ver-show-da-dupla-leo-e-junior-na-noite-de-quinta-feira-dia-22\/#primaryimage"},"image":{"@id":"https:\/\/capivari.sp.gov.br\/portal\/festa-do-padroeiro-reune-tres-mil-pessoas-para-ver-show-da-dupla-leo-e-junior-na-noite-de-quinta-feira-dia-22\/#primaryimage"},"thumbnailUrl":"https:\/\/capivari.sp.gov.br\/portal\/wp-content\/uploads\/2023\/06\/Camarim.jpg","datePublished":"2023-06-23T18:05:06+00:00","breadcrumb":{"@id":"https:\/\/capivari.sp.gov.br\/portal\/festa-do-padroeiro-reune-tres-mil-pessoas-para-ver-show-da-dupla-leo-e-junior-na-noite-de-quinta-feira-dia-22\/#breadcrumb"},"inLanguage":"pt-BR","potentialAction":[{"@type":"ReadAction","target":["https:\/\/capivari.sp.gov.br\/portal\/festa-do-padroeiro-reune-tres-mil-pessoas-para-ver-show-da-dupla-leo-e-junior-na-noite-de-quinta-feira-dia-22\/"]}]},{"@type":"ImageObject","inLanguage":"pt-BR","@id":"https:\/\/capivari.sp.gov.br\/portal\/festa-do-padroeiro-reune-tres-mil-pessoas-para-ver-show-da-dupla-leo-e-junior-na-noite-de-quinta-feira-dia-22\/#primaryimage","url":"https:\/\/capivari.sp.gov.br\/portal\/wp-content\/uploads\/2023\/06\/Camarim.jpg","contentUrl":"https:\/\/capivari.sp.gov.br\/portal\/wp-content\/uploads\/2023\/06\/Camarim.jpg","width":1280,"height":853},{"@type":"BreadcrumbList","@id":"https:\/\/capivari.sp.gov.br\/portal\/festa-do-padroeiro-reune-tres-mil-pessoas-para-ver-show-da-dupla-leo-e-junior-na-noite-de-quinta-feira-dia-22\/#breadcrumb","itemListElement":[{"@type":"ListItem","position":1,"name":"In\u00edcio","item":"https:\/\/capivari.sp.gov.br\/portal\/"},{"@type":"ListItem","position":2,"name":"Festa do Padroeiro re\u00fane tr\u00eas mil pessoas para ver show da dupla L\u00e9o e J\u00fanior na noite de quinta-feira, dia 22"}]},{"@type":"WebSite","@id":"https:\/\/capivari.sp.gov.br\/portal\/#website","url":"https:\/\/capivari.sp.gov.br\/portal\/","name":"Prefeitura de Capivari","description":"Prefeitura de Capivari","publisher":{"@id":"https:\/\/capivari.sp.gov.br\/portal\/#organization"},"potentialAction":[{"@type":"SearchAction","target":{"@type":"EntryPoint","urlTemplate":"https:\/\/capivari.sp.gov.br\/portal\/?s={search_term_string}"},"query-input":{"@type":"PropertyValueSpecification","valueRequired":true,"valueName":"search_term_string"}}],"inLanguage":"pt-BR"},{"@type":"Organization","@id":"https:\/\/capivari.sp.gov.br\/portal\/#organization","name":"Prefeitura de Capivari","url":"https:\/\/capivari.sp.gov.br\/portal\/","logo":{"@type":"ImageObject","inLanguage":"pt-BR","@id":"https:\/\/capivari.sp.gov.br\/portal\/#\/schema\/logo\/image\/","url":"https:\/\/capivari.sp.gov.br\/portal\/wp-content\/uploads\/2021\/09\/logo-prefeitura-de-capivari.png","contentUrl":"https:\/\/capivari.sp.gov.br\/portal\/wp-content\/uploads\/2021\/09\/logo-prefeitura-de-capivari.png","width":200,"height":147,"caption":"Prefeitura de Capivari"},"image":{"@id":"https:\/\/capivari.sp.gov.br\/portal\/#\/schema\/logo\/image\/"},"sameAs":["https:\/\/www.facebook.com\/PrefeituradeCapivari\/","https:\/\/x.com\/PrefCapivari","https:\/\/www.instagram.com\/prefeituracapivari\/"]},{"@type":"Person","@id":"https:\/\/capivari.sp.gov.br\/portal\/#\/schema\/person\/ac37113577adfc1517e0cfa854b830b4","name":"Luciano Assis","image":{"@type":"ImageObject","inLanguage":"pt-BR","@id":"https:\/\/secure.gravatar.com\/avatar\/ec163f977a02ac195ce6085f5110a8c4c8c6cc357c134002f73b4664772e79a5?s=96&d=mm&r=g","url":"https:\/\/secure.gravatar.com\/avatar\/ec163f977a02ac195ce6085f5110a8c4c8c6cc357c134002f73b4664772e79a5?s=96&d=mm&r=g","contentUrl":"https:\/\/secure.gravatar.com\/avatar\/ec163f977a02ac195ce6085f5110a8c4c8c6cc357c134002f73b4664772e79a5?s=96&d=mm&r=g","caption":"Luciano Assis"},"url":"https:\/\/capivari.sp.gov.br\/portal\/author\/luciano-assis\/"}]}},"_links":{"self":[{"href":"https:\/\/capivari.sp.gov.br\/portal\/wp-json\/wp\/v2\/posts\/12301","targetHints":{"allow":["GET"]}}],"collection":[{"href":"https:\/\/capivari.sp.gov.br\/portal\/wp-json\/wp\/v2\/posts"}],"about":[{"href":"https:\/\/capivari.sp.gov.br\/portal\/wp-json\/wp\/v2\/types\/post"}],"author":[{"embeddable":true,"href":"https:\/\/capivari.sp.gov.br\/portal\/wp-json\/wp\/v2\/users\/15"}],"replies":[{"embeddable":true,"href":"https:\/\/capivari.sp.gov.br\/portal\/wp-json\/wp\/v2\/comments?post=12301"}],"version-history":[{"count":1,"href":"https:\/\/capivari.sp.gov.br\/portal\/wp-json\/wp\/v2\/posts\/12301\/revisions"}],"predecessor-version":[{"id":12307,"href":"https:\/\/capivari.sp.gov.br\/portal\/wp-json\/wp\/v2\/posts\/12301\/revisions\/12307"}],"wp:featuredmedia":[{"embeddable":true,"href":"https:\/\/capivari.sp.gov.br\/portal\/wp-json\/wp\/v2\/media\/12306"}],"wp:attachment":[{"href":"https:\/\/capivari.sp.gov.br\/portal\/wp-json\/wp\/v2\/media?parent=12301"}],"wp:term":[{"taxonomy":"category","embeddable":true,"href":"https:\/\/capivari.sp.gov.br\/portal\/wp-json\/wp\/v2\/categories?post=12301"},{"taxonomy":"post_tag","embeddable":true,"href":"https:\/\/capivari.sp.gov.br\/portal\/wp-json\/wp\/v2\/tags?post=12301"}],"curies":[{"name":"wp","href":"https:\/\/api.w.org\/{rel}","templated":true}]}}