{"id":12308,"date":"2023-06-23T15:18:32","date_gmt":"2023-06-23T18:18:32","guid":{"rendered":"https:\/\/capivari.sp.gov.br\/portal\/?p=12308"},"modified":"2023-06-23T15:18:32","modified_gmt":"2023-06-23T18:18:32","slug":"prefeitura-atualiza-cadastro-de-arquitetos-engenheiros-e-tecnicos-da-area-da-construcao-civil","status":"publish","type":"post","link":"https:\/\/capivari.sp.gov.br\/portal\/prefeitura-atualiza-cadastro-de-arquitetos-engenheiros-e-tecnicos-da-area-da-construcao-civil\/","title":{"rendered":"Prefeitura atualiza cadastro de arquitetos, engenheiros e t\u00e9cnicos da \u00e1rea da constru\u00e7\u00e3o civil"},"content":{"rendered":"<p><span style=\"font-family: Arial, sans-serif;\"><span style=\"font-size: large;\">A Secretaria de Projetos, Conv\u00eanios e Capta\u00e7\u00e3o de Recursos est\u00e1 promovendo a atualiza\u00e7\u00e3o cadastral de profissionais da \u00e1rea da constru\u00e7\u00e3o civil, incluindo arquitetos, engenheiros e demais t\u00e9cnicos da \u00e1rea. A atualiza\u00e7\u00e3o \u00e9 necess\u00e1ria para que esses profissionais possam dar entrada na an\u00e1lise de projetos e solicita\u00e7\u00e3o de certid\u00f5es de forma digital. A atualiza\u00e7\u00e3o deve ser realizada at\u00e9 o dia 14 de julho atrav\u00e9s do link <a href=\"https:\/\/acesse.one\/qem8P\">https:\/\/acesse.one\/qem8P<\/a>.<\/p>\n<p>Para a atualiza\u00e7\u00e3o cadastral do profissional, \u00e9 necess\u00e1ria a apresenta\u00e7\u00e3o do documento pessoal, comprovante de endere\u00e7o, comprovante de registro na categoria e certid\u00e3o de atividade do Conselho Regional de Engenharia (CREA), CAU (Conselho de Arquitetura e Urbanismo) ou CFT (Conselho Federal dos T\u00e9cnicos Industriais). Os documentos devem ser apresentados em arquivo \u00fanico em formato PDF.<\/p>\n<p>Atualmente, segundo dados do Setor de Tributa\u00e7\u00e3o da Prefeitura, Capivari possui cerca de 130 profissionais atuando nessas \u00e1reas da constru\u00e7\u00e3o civil, que precisam estar com seus cadastros e licen\u00e7as em dia para poderem migrar para o novo sistema de an\u00e1lise de projetos e expedi\u00e7\u00e3o de documentos relativos \u00e0 im\u00f3veis, que se encontra em fase final de ajustes e ser\u00e1 lan\u00e7ado no portal da Prefeitura at\u00e9 o dia 17 de julho de 2023.<\/p>\n<p>\u201cCom as adequa\u00e7\u00f5es recentes que fizemos na estrutura f\u00edsica, l\u00f3gica (rede e TI) e, diante da necessidade de migra\u00e7\u00e3o para o processo digital que evitar\u00e1 impress\u00f5es e reimpress\u00f5es de projetos urban\u00edsticos, al\u00e9m da ocupa\u00e7\u00e3o do espa\u00e7o f\u00edsico da Secretaria, estamos muito contentes em proporcionar essa facilidade aos profissionais e tamb\u00e9m aos propriet\u00e1rios de im\u00f3veis que n\u00e3o precisar\u00e3o mais se dirigir \u00e0 Prefeitura, tendo toda a comodidade da realiza\u00e7\u00e3o on-line, o que j\u00e1 ocorre em outros munic\u00edpios em desenvolvimento como Capivari, que passa por uma s\u00e9rie de mudan\u00e7as no ordenamento territorial, que \u00e9 refor\u00e7ada pela revis\u00e3o do nosso Plano Diretor\u201d, detalhou Lu\u00eds Felipe Rusignelli, secret\u00e1rio de Projetos, Conv\u00eanios e Capta\u00e7\u00e3o de Recursos de Capivari.<\/p>\n<p>Para mais informa\u00e7\u00f5es, a Seproj atende pelo telefone (19) 3492-9303. Localizado na rua XV de Novembro, 639, no Centro \u2013 Pa\u00e7o Municipal, a Secretaria funciona de segunda a sexta-feira, das 08h30 \u00e0s 16h30.<b><\/p>\n<p>Prefeitura de Capivari: Transformando o presente, construindo\u00a0o\u00a0futuro.<\/b><\/span><\/span><\/p>\n","protected":false},"excerpt":{"rendered":"<p>A Secretaria de Projetos, Conv\u00eanios e Capta\u00e7\u00e3o de Recursos est\u00e1 promovendo a atualiza\u00e7\u00e3o cadastral de profissionais da \u00e1rea da constru\u00e7\u00e3o civil, incluindo arquitetos, engenheiros e demais t\u00e9cnicos da \u00e1rea. A atualiza\u00e7\u00e3o \u00e9 necess\u00e1ria para que esses profissionais possam dar entrada na an\u00e1lise de projetos e solicita\u00e7\u00e3o de certid\u00f5es de forma digital. A atualiza\u00e7\u00e3o deve ser [&hellip;]<\/p>\n","protected":false},"author":15,"featured_media":12309,"comment_status":"open","ping_status":"open","sticky":false,"template":"","format":"standard","meta":{"ocean_post_layout":"","ocean_both_sidebars_style":"","ocean_both_sidebars_content_width":0,"ocean_both_sidebars_sidebars_width":0,"ocean_sidebar":"","ocean_second_sidebar":"","ocean_disable_margins":"enable","ocean_add_body_class":"","ocean_shortcode_before_top_bar":"","ocean_shortcode_after_top_bar":"","ocean_shortcode_before_header":"","ocean_shortcode_after_header":"","ocean_has_shortcode":"","ocean_shortcode_after_title":"","ocean_shortcode_before_footer_widgets":"","ocean_shortcode_after_footer_widgets":"","ocean_shortcode_before_footer_bottom":"","ocean_shortcode_after_footer_bottom":"","ocean_display_top_bar":"default","ocean_display_header":"default","ocean_header_style":"","ocean_center_header_left_menu":"","ocean_custom_header_template":"","ocean_custom_logo":0,"ocean_custom_retina_logo":0,"ocean_custom_logo_max_width":0,"ocean_custom_logo_tablet_max_width":0,"ocean_custom_logo_mobile_max_width":0,"ocean_custom_logo_max_height":0,"ocean_custom_logo_tablet_max_height":0,"ocean_custom_logo_mobile_max_height":0,"ocean_header_custom_menu":"","ocean_menu_typo_font_family":"","ocean_menu_typo_font_subset":"","ocean_menu_typo_font_size":0,"ocean_menu_typo_font_size_tablet":0,"ocean_menu_typo_font_size_mobile":0,"ocean_menu_typo_font_size_unit":"px","ocean_menu_typo_font_weight":"","ocean_menu_typo_font_weight_tablet":"","ocean_menu_typo_font_weight_mobile":"","ocean_menu_typo_transform":"","ocean_menu_typo_transform_tablet":"","ocean_menu_typo_transform_mobile":"","ocean_menu_typo_line_height":0,"ocean_menu_typo_line_height_tablet":0,"ocean_menu_typo_line_height_mobile":0,"ocean_menu_typo_line_height_unit":"","ocean_menu_typo_spacing":0,"ocean_menu_typo_spacing_tablet":0,"ocean_menu_typo_spacing_mobile":0,"ocean_menu_typo_spacing_unit":"","ocean_menu_link_color":"","ocean_menu_link_color_hover":"","ocean_menu_link_color_active":"","ocean_menu_link_background":"","ocean_menu_link_hover_background":"","ocean_menu_link_active_background":"","ocean_menu_social_links_bg":"","ocean_menu_social_hover_links_bg":"","ocean_menu_social_links_color":"","ocean_menu_social_hover_links_color":"","ocean_disable_title":"default","ocean_disable_heading":"default","ocean_post_title":"","ocean_post_subheading":"","ocean_post_title_style":"","ocean_post_title_background_color":"","ocean_post_title_background":0,"ocean_post_title_bg_image_position":"","ocean_post_title_bg_image_attachment":"","ocean_post_title_bg_image_repeat":"","ocean_post_title_bg_image_size":"","ocean_post_title_height":0,"ocean_post_title_bg_overlay":0.5,"ocean_post_title_bg_overlay_color":"","ocean_disable_breadcrumbs":"default","ocean_breadcrumbs_color":"","ocean_breadcrumbs_separator_color":"","ocean_breadcrumbs_links_color":"","ocean_breadcrumbs_links_hover_color":"","ocean_display_footer_widgets":"default","ocean_display_footer_bottom":"default","ocean_custom_footer_template":"","ocean_post_oembed":"","ocean_post_self_hosted_media":"","ocean_post_video_embed":"","ocean_link_format":"","ocean_link_format_target":"self","ocean_quote_format":"","ocean_quote_format_link":"post","ocean_gallery_link_images":"off","ocean_gallery_id":[],"footnotes":""},"categories":[5,29],"tags":[],"class_list":["post-12308","post","type-post","status-publish","format-standard","has-post-thumbnail","hentry","category-geral","category-planejamento-e-urbanismo","entry","has-media"],"yoast_head":"<!-- This site is optimized with the Yoast SEO plugin v27.5 - https:\/\/yoast.com\/product\/yoast-seo-wordpress\/ -->\n<title>Prefeitura atualiza cadastro de arquitetos, engenheiros e t\u00e9cnicos da \u00e1rea da constru\u00e7\u00e3o civil - Prefeitura de Capivari<\/title>\n<meta name=\"robots\" content=\"index, follow, max-snippet:-1, max-image-preview:large, max-video-preview:-1\" \/>\n<link rel=\"canonical\" href=\"https:\/\/capivari.sp.gov.br\/portal\/prefeitura-atualiza-cadastro-de-arquitetos-engenheiros-e-tecnicos-da-area-da-construcao-civil\/\" \/>\n<meta property=\"og:locale\" content=\"pt_BR\" \/>\n<meta property=\"og:type\" content=\"article\" \/>\n<meta property=\"og:title\" content=\"Prefeitura atualiza cadastro de arquitetos, engenheiros e t\u00e9cnicos da \u00e1rea da constru\u00e7\u00e3o civil - Prefeitura de Capivari\" \/>\n<meta property=\"og:description\" content=\"A Secretaria de Projetos, Conv\u00eanios e Capta\u00e7\u00e3o de Recursos est\u00e1 promovendo a atualiza\u00e7\u00e3o cadastral de profissionais da \u00e1rea da constru\u00e7\u00e3o civil, incluindo arquitetos, engenheiros e demais t\u00e9cnicos da \u00e1rea. A atualiza\u00e7\u00e3o \u00e9 necess\u00e1ria para que esses profissionais possam dar entrada na an\u00e1lise de projetos e solicita\u00e7\u00e3o de certid\u00f5es de forma digital. A atualiza\u00e7\u00e3o deve ser [&hellip;]\" \/>\n<meta property=\"og:url\" content=\"https:\/\/capivari.sp.gov.br\/portal\/prefeitura-atualiza-cadastro-de-arquitetos-engenheiros-e-tecnicos-da-area-da-construcao-civil\/\" \/>\n<meta property=\"og:site_name\" content=\"Prefeitura de Capivari\" \/>\n<meta property=\"article:publisher\" content=\"https:\/\/www.facebook.com\/PrefeituradeCapivari\/\" \/>\n<meta property=\"article:published_time\" content=\"2023-06-23T18:18:32+00:00\" \/>\n<meta property=\"og:image\" content=\"https:\/\/capivari.sp.gov.br\/portal\/wp-content\/uploads\/2023\/06\/Foto-aerea.jpg\" \/>\n\t<meta property=\"og:image:width\" content=\"1280\" \/>\n\t<meta property=\"og:image:height\" content=\"720\" \/>\n\t<meta property=\"og:image:type\" content=\"image\/jpeg\" \/>\n<meta name=\"author\" content=\"Luciano Assis\" \/>\n<meta name=\"twitter:card\" content=\"summary_large_image\" \/>\n<meta name=\"twitter:creator\" content=\"@PrefCapivari\" \/>\n<meta name=\"twitter:site\" content=\"@PrefCapivari\" \/>\n<meta name=\"twitter:label1\" content=\"Escrito por\" \/>\n\t<meta name=\"twitter:data1\" content=\"Luciano Assis\" \/>\n\t<meta name=\"twitter:label2\" content=\"Est. tempo de leitura\" \/>\n\t<meta name=\"twitter:data2\" content=\"2 minutos\" \/>\n<script type=\"application\/ld+json\" class=\"yoast-schema-graph\">{\"@context\":\"https:\\\/\\\/schema.org\",\"@graph\":[{\"@type\":\"Article\",\"@id\":\"https:\\\/\\\/capivari.sp.gov.br\\\/portal\\\/prefeitura-atualiza-cadastro-de-arquitetos-engenheiros-e-tecnicos-da-area-da-construcao-civil\\\/#article\",\"isPartOf\":{\"@id\":\"https:\\\/\\\/capivari.sp.gov.br\\\/portal\\\/prefeitura-atualiza-cadastro-de-arquitetos-engenheiros-e-tecnicos-da-area-da-construcao-civil\\\/\"},\"author\":{\"name\":\"Luciano Assis\",\"@id\":\"https:\\\/\\\/capivari.sp.gov.br\\\/portal\\\/#\\\/schema\\\/person\\\/ac37113577adfc1517e0cfa854b830b4\"},\"headline\":\"Prefeitura atualiza cadastro de arquitetos, engenheiros e t\u00e9cnicos da \u00e1rea da constru\u00e7\u00e3o civil\",\"datePublished\":\"2023-06-23T18:18:32+00:00\",\"mainEntityOfPage\":{\"@id\":\"https:\\\/\\\/capivari.sp.gov.br\\\/portal\\\/prefeitura-atualiza-cadastro-de-arquitetos-engenheiros-e-tecnicos-da-area-da-construcao-civil\\\/\"},\"wordCount\":408,\"commentCount\":0,\"publisher\":{\"@id\":\"https:\\\/\\\/capivari.sp.gov.br\\\/portal\\\/#organization\"},\"image\":{\"@id\":\"https:\\\/\\\/capivari.sp.gov.br\\\/portal\\\/prefeitura-atualiza-cadastro-de-arquitetos-engenheiros-e-tecnicos-da-area-da-construcao-civil\\\/#primaryimage\"},\"thumbnailUrl\":\"https:\\\/\\\/capivari.sp.gov.br\\\/portal\\\/wp-content\\\/uploads\\\/2023\\\/06\\\/Foto-aerea.jpg\",\"articleSection\":[\"Geral\",\"Planejamento e Urbanismo\"],\"inLanguage\":\"pt-BR\",\"potentialAction\":[{\"@type\":\"CommentAction\",\"name\":\"Comment\",\"target\":[\"https:\\\/\\\/capivari.sp.gov.br\\\/portal\\\/prefeitura-atualiza-cadastro-de-arquitetos-engenheiros-e-tecnicos-da-area-da-construcao-civil\\\/#respond\"]}]},{\"@type\":\"WebPage\",\"@id\":\"https:\\\/\\\/capivari.sp.gov.br\\\/portal\\\/prefeitura-atualiza-cadastro-de-arquitetos-engenheiros-e-tecnicos-da-area-da-construcao-civil\\\/\",\"url\":\"https:\\\/\\\/capivari.sp.gov.br\\\/portal\\\/prefeitura-atualiza-cadastro-de-arquitetos-engenheiros-e-tecnicos-da-area-da-construcao-civil\\\/\",\"name\":\"Prefeitura atualiza cadastro de arquitetos, engenheiros e t\u00e9cnicos da \u00e1rea da constru\u00e7\u00e3o civil - Prefeitura de Capivari\",\"isPartOf\":{\"@id\":\"https:\\\/\\\/capivari.sp.gov.br\\\/portal\\\/#website\"},\"primaryImageOfPage\":{\"@id\":\"https:\\\/\\\/capivari.sp.gov.br\\\/portal\\\/prefeitura-atualiza-cadastro-de-arquitetos-engenheiros-e-tecnicos-da-area-da-construcao-civil\\\/#primaryimage\"},\"image\":{\"@id\":\"https:\\\/\\\/capivari.sp.gov.br\\\/portal\\\/prefeitura-atualiza-cadastro-de-arquitetos-engenheiros-e-tecnicos-da-area-da-construcao-civil\\\/#primaryimage\"},\"thumbnailUrl\":\"https:\\\/\\\/capivari.sp.gov.br\\\/portal\\\/wp-content\\\/uploads\\\/2023\\\/06\\\/Foto-aerea.jpg\",\"datePublished\":\"2023-06-23T18:18:32+00:00\",\"breadcrumb\":{\"@id\":\"https:\\\/\\\/capivari.sp.gov.br\\\/portal\\\/prefeitura-atualiza-cadastro-de-arquitetos-engenheiros-e-tecnicos-da-area-da-construcao-civil\\\/#breadcrumb\"},\"inLanguage\":\"pt-BR\",\"potentialAction\":[{\"@type\":\"ReadAction\",\"target\":[\"https:\\\/\\\/capivari.sp.gov.br\\\/portal\\\/prefeitura-atualiza-cadastro-de-arquitetos-engenheiros-e-tecnicos-da-area-da-construcao-civil\\\/\"]}]},{\"@type\":\"ImageObject\",\"inLanguage\":\"pt-BR\",\"@id\":\"https:\\\/\\\/capivari.sp.gov.br\\\/portal\\\/prefeitura-atualiza-cadastro-de-arquitetos-engenheiros-e-tecnicos-da-area-da-construcao-civil\\\/#primaryimage\",\"url\":\"https:\\\/\\\/capivari.sp.gov.br\\\/portal\\\/wp-content\\\/uploads\\\/2023\\\/06\\\/Foto-aerea.jpg\",\"contentUrl\":\"https:\\\/\\\/capivari.sp.gov.br\\\/portal\\\/wp-content\\\/uploads\\\/2023\\\/06\\\/Foto-aerea.jpg\",\"width\":1280,\"height\":720},{\"@type\":\"BreadcrumbList\",\"@id\":\"https:\\\/\\\/capivari.sp.gov.br\\\/portal\\\/prefeitura-atualiza-cadastro-de-arquitetos-engenheiros-e-tecnicos-da-area-da-construcao-civil\\\/#breadcrumb\",\"itemListElement\":[{\"@type\":\"ListItem\",\"position\":1,\"name\":\"In\u00edcio\",\"item\":\"https:\\\/\\\/capivari.sp.gov.br\\\/portal\\\/\"},{\"@type\":\"ListItem\",\"position\":2,\"name\":\"Prefeitura atualiza cadastro de arquitetos, engenheiros e t\u00e9cnicos da \u00e1rea da constru\u00e7\u00e3o civil\"}]},{\"@type\":\"WebSite\",\"@id\":\"https:\\\/\\\/capivari.sp.gov.br\\\/portal\\\/#website\",\"url\":\"https:\\\/\\\/capivari.sp.gov.br\\\/portal\\\/\",\"name\":\"Prefeitura de Capivari\",\"description\":\"Prefeitura de Capivari\",\"publisher\":{\"@id\":\"https:\\\/\\\/capivari.sp.gov.br\\\/portal\\\/#organization\"},\"potentialAction\":[{\"@type\":\"SearchAction\",\"target\":{\"@type\":\"EntryPoint\",\"urlTemplate\":\"https:\\\/\\\/capivari.sp.gov.br\\\/portal\\\/?s={search_term_string}\"},\"query-input\":{\"@type\":\"PropertyValueSpecification\",\"valueRequired\":true,\"valueName\":\"search_term_string\"}}],\"inLanguage\":\"pt-BR\"},{\"@type\":\"Organization\",\"@id\":\"https:\\\/\\\/capivari.sp.gov.br\\\/portal\\\/#organization\",\"name\":\"Prefeitura de Capivari\",\"url\":\"https:\\\/\\\/capivari.sp.gov.br\\\/portal\\\/\",\"logo\":{\"@type\":\"ImageObject\",\"inLanguage\":\"pt-BR\",\"@id\":\"https:\\\/\\\/capivari.sp.gov.br\\\/portal\\\/#\\\/schema\\\/logo\\\/image\\\/\",\"url\":\"https:\\\/\\\/capivari.sp.gov.br\\\/portal\\\/wp-content\\\/uploads\\\/2021\\\/09\\\/logo-prefeitura-de-capivari.png\",\"contentUrl\":\"https:\\\/\\\/capivari.sp.gov.br\\\/portal\\\/wp-content\\\/uploads\\\/2021\\\/09\\\/logo-prefeitura-de-capivari.png\",\"width\":200,\"height\":147,\"caption\":\"Prefeitura de Capivari\"},\"image\":{\"@id\":\"https:\\\/\\\/capivari.sp.gov.br\\\/portal\\\/#\\\/schema\\\/logo\\\/image\\\/\"},\"sameAs\":[\"https:\\\/\\\/www.facebook.com\\\/PrefeituradeCapivari\\\/\",\"https:\\\/\\\/x.com\\\/PrefCapivari\",\"https:\\\/\\\/www.instagram.com\\\/prefeituracapivari\\\/\"]},{\"@type\":\"Person\",\"@id\":\"https:\\\/\\\/capivari.sp.gov.br\\\/portal\\\/#\\\/schema\\\/person\\\/ac37113577adfc1517e0cfa854b830b4\",\"name\":\"Luciano Assis\",\"image\":{\"@type\":\"ImageObject\",\"inLanguage\":\"pt-BR\",\"@id\":\"https:\\\/\\\/secure.gravatar.com\\\/avatar\\\/ec163f977a02ac195ce6085f5110a8c4c8c6cc357c134002f73b4664772e79a5?s=96&d=mm&r=g\",\"url\":\"https:\\\/\\\/secure.gravatar.com\\\/avatar\\\/ec163f977a02ac195ce6085f5110a8c4c8c6cc357c134002f73b4664772e79a5?s=96&d=mm&r=g\",\"contentUrl\":\"https:\\\/\\\/secure.gravatar.com\\\/avatar\\\/ec163f977a02ac195ce6085f5110a8c4c8c6cc357c134002f73b4664772e79a5?s=96&d=mm&r=g\",\"caption\":\"Luciano Assis\"},\"url\":\"https:\\\/\\\/capivari.sp.gov.br\\\/portal\\\/author\\\/luciano-assis\\\/\"}]}<\/script>\n<!-- \/ Yoast SEO plugin. -->","yoast_head_json":{"title":"Prefeitura atualiza cadastro de arquitetos, engenheiros e t\u00e9cnicos da \u00e1rea da constru\u00e7\u00e3o civil - Prefeitura de Capivari","robots":{"index":"index","follow":"follow","max-snippet":"max-snippet:-1","max-image-preview":"max-image-preview:large","max-video-preview":"max-video-preview:-1"},"canonical":"https:\/\/capivari.sp.gov.br\/portal\/prefeitura-atualiza-cadastro-de-arquitetos-engenheiros-e-tecnicos-da-area-da-construcao-civil\/","og_locale":"pt_BR","og_type":"article","og_title":"Prefeitura atualiza cadastro de arquitetos, engenheiros e t\u00e9cnicos da \u00e1rea da constru\u00e7\u00e3o civil - Prefeitura de Capivari","og_description":"A Secretaria de Projetos, Conv\u00eanios e Capta\u00e7\u00e3o de Recursos est\u00e1 promovendo a atualiza\u00e7\u00e3o cadastral de profissionais da \u00e1rea da constru\u00e7\u00e3o civil, incluindo arquitetos, engenheiros e demais t\u00e9cnicos da \u00e1rea. A atualiza\u00e7\u00e3o \u00e9 necess\u00e1ria para que esses profissionais possam dar entrada na an\u00e1lise de projetos e solicita\u00e7\u00e3o de certid\u00f5es de forma digital. A atualiza\u00e7\u00e3o deve ser [&hellip;]","og_url":"https:\/\/capivari.sp.gov.br\/portal\/prefeitura-atualiza-cadastro-de-arquitetos-engenheiros-e-tecnicos-da-area-da-construcao-civil\/","og_site_name":"Prefeitura de Capivari","article_publisher":"https:\/\/www.facebook.com\/PrefeituradeCapivari\/","article_published_time":"2023-06-23T18:18:32+00:00","og_image":[{"width":1280,"height":720,"url":"https:\/\/capivari.sp.gov.br\/portal\/wp-content\/uploads\/2023\/06\/Foto-aerea.jpg","type":"image\/jpeg"}],"author":"Luciano Assis","twitter_card":"summary_large_image","twitter_creator":"@PrefCapivari","twitter_site":"@PrefCapivari","twitter_misc":{"Escrito por":"Luciano Assis","Est. tempo de leitura":"2 minutos"},"schema":{"@context":"https:\/\/schema.org","@graph":[{"@type":"Article","@id":"https:\/\/capivari.sp.gov.br\/portal\/prefeitura-atualiza-cadastro-de-arquitetos-engenheiros-e-tecnicos-da-area-da-construcao-civil\/#article","isPartOf":{"@id":"https:\/\/capivari.sp.gov.br\/portal\/prefeitura-atualiza-cadastro-de-arquitetos-engenheiros-e-tecnicos-da-area-da-construcao-civil\/"},"author":{"name":"Luciano Assis","@id":"https:\/\/capivari.sp.gov.br\/portal\/#\/schema\/person\/ac37113577adfc1517e0cfa854b830b4"},"headline":"Prefeitura atualiza cadastro de arquitetos, engenheiros e t\u00e9cnicos da \u00e1rea da constru\u00e7\u00e3o civil","datePublished":"2023-06-23T18:18:32+00:00","mainEntityOfPage":{"@id":"https:\/\/capivari.sp.gov.br\/portal\/prefeitura-atualiza-cadastro-de-arquitetos-engenheiros-e-tecnicos-da-area-da-construcao-civil\/"},"wordCount":408,"commentCount":0,"publisher":{"@id":"https:\/\/capivari.sp.gov.br\/portal\/#organization"},"image":{"@id":"https:\/\/capivari.sp.gov.br\/portal\/prefeitura-atualiza-cadastro-de-arquitetos-engenheiros-e-tecnicos-da-area-da-construcao-civil\/#primaryimage"},"thumbnailUrl":"https:\/\/capivari.sp.gov.br\/portal\/wp-content\/uploads\/2023\/06\/Foto-aerea.jpg","articleSection":["Geral","Planejamento e Urbanismo"],"inLanguage":"pt-BR","potentialAction":[{"@type":"CommentAction","name":"Comment","target":["https:\/\/capivari.sp.gov.br\/portal\/prefeitura-atualiza-cadastro-de-arquitetos-engenheiros-e-tecnicos-da-area-da-construcao-civil\/#respond"]}]},{"@type":"WebPage","@id":"https:\/\/capivari.sp.gov.br\/portal\/prefeitura-atualiza-cadastro-de-arquitetos-engenheiros-e-tecnicos-da-area-da-construcao-civil\/","url":"https:\/\/capivari.sp.gov.br\/portal\/prefeitura-atualiza-cadastro-de-arquitetos-engenheiros-e-tecnicos-da-area-da-construcao-civil\/","name":"Prefeitura atualiza cadastro de arquitetos, engenheiros e t\u00e9cnicos da \u00e1rea da constru\u00e7\u00e3o civil - Prefeitura de Capivari","isPartOf":{"@id":"https:\/\/capivari.sp.gov.br\/portal\/#website"},"primaryImageOfPage":{"@id":"https:\/\/capivari.sp.gov.br\/portal\/prefeitura-atualiza-cadastro-de-arquitetos-engenheiros-e-tecnicos-da-area-da-construcao-civil\/#primaryimage"},"image":{"@id":"https:\/\/capivari.sp.gov.br\/portal\/prefeitura-atualiza-cadastro-de-arquitetos-engenheiros-e-tecnicos-da-area-da-construcao-civil\/#primaryimage"},"thumbnailUrl":"https:\/\/capivari.sp.gov.br\/portal\/wp-content\/uploads\/2023\/06\/Foto-aerea.jpg","datePublished":"2023-06-23T18:18:32+00:00","breadcrumb":{"@id":"https:\/\/capivari.sp.gov.br\/portal\/prefeitura-atualiza-cadastro-de-arquitetos-engenheiros-e-tecnicos-da-area-da-construcao-civil\/#breadcrumb"},"inLanguage":"pt-BR","potentialAction":[{"@type":"ReadAction","target":["https:\/\/capivari.sp.gov.br\/portal\/prefeitura-atualiza-cadastro-de-arquitetos-engenheiros-e-tecnicos-da-area-da-construcao-civil\/"]}]},{"@type":"ImageObject","inLanguage":"pt-BR","@id":"https:\/\/capivari.sp.gov.br\/portal\/prefeitura-atualiza-cadastro-de-arquitetos-engenheiros-e-tecnicos-da-area-da-construcao-civil\/#primaryimage","url":"https:\/\/capivari.sp.gov.br\/portal\/wp-content\/uploads\/2023\/06\/Foto-aerea.jpg","contentUrl":"https:\/\/capivari.sp.gov.br\/portal\/wp-content\/uploads\/2023\/06\/Foto-aerea.jpg","width":1280,"height":720},{"@type":"BreadcrumbList","@id":"https:\/\/capivari.sp.gov.br\/portal\/prefeitura-atualiza-cadastro-de-arquitetos-engenheiros-e-tecnicos-da-area-da-construcao-civil\/#breadcrumb","itemListElement":[{"@type":"ListItem","position":1,"name":"In\u00edcio","item":"https:\/\/capivari.sp.gov.br\/portal\/"},{"@type":"ListItem","position":2,"name":"Prefeitura atualiza cadastro de arquitetos, engenheiros e t\u00e9cnicos da \u00e1rea da constru\u00e7\u00e3o civil"}]},{"@type":"WebSite","@id":"https:\/\/capivari.sp.gov.br\/portal\/#website","url":"https:\/\/capivari.sp.gov.br\/portal\/","name":"Prefeitura de Capivari","description":"Prefeitura de Capivari","publisher":{"@id":"https:\/\/capivari.sp.gov.br\/portal\/#organization"},"potentialAction":[{"@type":"SearchAction","target":{"@type":"EntryPoint","urlTemplate":"https:\/\/capivari.sp.gov.br\/portal\/?s={search_term_string}"},"query-input":{"@type":"PropertyValueSpecification","valueRequired":true,"valueName":"search_term_string"}}],"inLanguage":"pt-BR"},{"@type":"Organization","@id":"https:\/\/capivari.sp.gov.br\/portal\/#organization","name":"Prefeitura de Capivari","url":"https:\/\/capivari.sp.gov.br\/portal\/","logo":{"@type":"ImageObject","inLanguage":"pt-BR","@id":"https:\/\/capivari.sp.gov.br\/portal\/#\/schema\/logo\/image\/","url":"https:\/\/capivari.sp.gov.br\/portal\/wp-content\/uploads\/2021\/09\/logo-prefeitura-de-capivari.png","contentUrl":"https:\/\/capivari.sp.gov.br\/portal\/wp-content\/uploads\/2021\/09\/logo-prefeitura-de-capivari.png","width":200,"height":147,"caption":"Prefeitura de Capivari"},"image":{"@id":"https:\/\/capivari.sp.gov.br\/portal\/#\/schema\/logo\/image\/"},"sameAs":["https:\/\/www.facebook.com\/PrefeituradeCapivari\/","https:\/\/x.com\/PrefCapivari","https:\/\/www.instagram.com\/prefeituracapivari\/"]},{"@type":"Person","@id":"https:\/\/capivari.sp.gov.br\/portal\/#\/schema\/person\/ac37113577adfc1517e0cfa854b830b4","name":"Luciano Assis","image":{"@type":"ImageObject","inLanguage":"pt-BR","@id":"https:\/\/secure.gravatar.com\/avatar\/ec163f977a02ac195ce6085f5110a8c4c8c6cc357c134002f73b4664772e79a5?s=96&d=mm&r=g","url":"https:\/\/secure.gravatar.com\/avatar\/ec163f977a02ac195ce6085f5110a8c4c8c6cc357c134002f73b4664772e79a5?s=96&d=mm&r=g","contentUrl":"https:\/\/secure.gravatar.com\/avatar\/ec163f977a02ac195ce6085f5110a8c4c8c6cc357c134002f73b4664772e79a5?s=96&d=mm&r=g","caption":"Luciano Assis"},"url":"https:\/\/capivari.sp.gov.br\/portal\/author\/luciano-assis\/"}]}},"_links":{"self":[{"href":"https:\/\/capivari.sp.gov.br\/portal\/wp-json\/wp\/v2\/posts\/12308","targetHints":{"allow":["GET"]}}],"collection":[{"href":"https:\/\/capivari.sp.gov.br\/portal\/wp-json\/wp\/v2\/posts"}],"about":[{"href":"https:\/\/capivari.sp.gov.br\/portal\/wp-json\/wp\/v2\/types\/post"}],"author":[{"embeddable":true,"href":"https:\/\/capivari.sp.gov.br\/portal\/wp-json\/wp\/v2\/users\/15"}],"replies":[{"embeddable":true,"href":"https:\/\/capivari.sp.gov.br\/portal\/wp-json\/wp\/v2\/comments?post=12308"}],"version-history":[{"count":1,"href":"https:\/\/capivari.sp.gov.br\/portal\/wp-json\/wp\/v2\/posts\/12308\/revisions"}],"predecessor-version":[{"id":12312,"href":"https:\/\/capivari.sp.gov.br\/portal\/wp-json\/wp\/v2\/posts\/12308\/revisions\/12312"}],"wp:featuredmedia":[{"embeddable":true,"href":"https:\/\/capivari.sp.gov.br\/portal\/wp-json\/wp\/v2\/media\/12309"}],"wp:attachment":[{"href":"https:\/\/capivari.sp.gov.br\/portal\/wp-json\/wp\/v2\/media?parent=12308"}],"wp:term":[{"taxonomy":"category","embeddable":true,"href":"https:\/\/capivari.sp.gov.br\/portal\/wp-json\/wp\/v2\/categories?post=12308"},{"taxonomy":"post_tag","embeddable":true,"href":"https:\/\/capivari.sp.gov.br\/portal\/wp-json\/wp\/v2\/tags?post=12308"}],"curies":[{"name":"wp","href":"https:\/\/api.w.org\/{rel}","templated":true}]}}