{"id":12311,"date":"2023-06-23T15:18:54","date_gmt":"2023-06-23T18:18:54","guid":{"rendered":"https:\/\/capivari.sp.gov.br\/portal\/?p=12311"},"modified":"2023-06-23T15:18:54","modified_gmt":"2023-06-23T18:18:54","slug":"saude-divulga-recomendacoes-em-alusao-ao-dia-mundial-de-prevencao-de-quedas","status":"publish","type":"post","link":"https:\/\/capivari.sp.gov.br\/portal\/saude-divulga-recomendacoes-em-alusao-ao-dia-mundial-de-prevencao-de-quedas\/","title":{"rendered":"Sa\u00fade divulga recomenda\u00e7\u00f5es em alus\u00e3o ao Dia Mundial de Preven\u00e7\u00e3o de Quedas"},"content":{"rendered":"<p>No dia 24 de junho \u00e9 celebrado mundialmente o Dia de Preven\u00e7\u00e3o de Quedas, data importante para destacar e lembrar os cuidados necess\u00e1rios para evitar tombos de qualquer propor\u00e7\u00e3o que podem causar risco \u00e0 sa\u00fade atrav\u00e9s de fraturas severas, muitas vezes oferecendo risco de morte em pessoas mais vulner\u00e1veis, como idosos por exemplo. A Sa\u00fade aproveita a data para divulgar recomenda\u00e7\u00f5es \u00e0 popula\u00e7\u00e3o para preven\u00e7\u00e3o de quedas.<\/p>\n<p>Alguns fatores contribuem para que os tombos aconte\u00e7am, tais como tapetes, pisos escorregadios, escadas, cal\u00e7adas irregulares, pouca ilumina\u00e7\u00e3o, animais dom\u00e9sticos, obst\u00e1culos no caminho, aus\u00eancia de corrim\u00e3os, roupas excessivamente compridas, arm\u00e1rios com alturas inadequadas, altura elevada da cama e at\u00e9 mesmo viol\u00eancia f\u00edsica. O uso m\u00faltiplo de medicamentos sem prescri\u00e7\u00e3o m\u00e9dica tamb\u00e9m s\u00e3o fatores contribuintes, assim como o uso excessivo de \u00e1lcool e sedentarismo.<\/p>\n<p>As pessoas acima de 80 anos de idade tem uma s\u00e9rie de fatores extras que contribuem ainda mais para que as quedas aconte\u00e7am, tais como diminui\u00e7\u00e3o do equil\u00edbrio e audi\u00e7\u00e3o, diminui\u00e7\u00e3o da acuidade visual, altera\u00e7\u00f5es nos p\u00e9s, uso de medicamentos, aumento do tempo de rea\u00e7\u00e3o a situa\u00e7\u00f5es de perigo, fraqueza muscular, osteoporose e hist\u00f3rico pr\u00e9vio de quedas que causam uma condi\u00e7\u00e3o psicol\u00f3gica de medo de tombos.<\/p>\n<p>Ainda de acordo com a Sa\u00fade, existem uma s\u00e9rie de a\u00e7\u00f5es que podem prevenir acidentes nesse sentido. Confira alguns deles a seguir:<\/p>\n<p>&#8211; Promover ampla ilumina\u00e7\u00e3o dos quartos e corredores, com tomadas localizadas nas entradas dos quartos;<br \/>\n&#8211; N\u00e3o obstruir as passagens com m\u00f3veis, dificultando a locomo\u00e7\u00e3o;<br \/>\n&#8211; Remover os objetos deixados no ch\u00e3o, facilitando a passagem;<br \/>\n&#8211; Evitar tapetes e carpetes soltos;<br \/>\n&#8211; Escolher quinas arredondadas nos m\u00f3veis;<br \/>\n&#8211; Usar barras de seguran\u00e7a e uso de cadeira de banho no box;<br \/>\n&#8211; Instalar corrim\u00e3os em locais que facilitem a locomo\u00e7\u00e3o;<br \/>\n&#8211; Nas escadas, aplicar faixas e avisos que evitem derrapagens;<br \/>\n&#8211; Na cama, utilizar colch\u00f5es que possibilitem acesso f\u00e1cil ao paciente;<br \/>\n&#8211; N\u00e3o encerar o ch\u00e3o para evitar que fique escorregadio;<br \/>\n&#8211; Utilizar telefone port\u00e1til e ter por perto n\u00fameros de emerg\u00eancia;<br \/>\n&#8211; Evitar trancar as portas por dentro;<br \/>\n&#8211; Avaliar a presen\u00e7a de animais dom\u00e9sticos;<\/p>\n<p>Fazer uma preven\u00e7\u00e3o maior sobre pessoas idosas, pode significar a perda da autonomia e independ\u00eancia em fun\u00e7\u00e3o da preserva\u00e7\u00e3o da conserva\u00e7\u00e3o de capacidade funcional do idoso. Para mais informa\u00e7\u00f5es sobre esse tema, o setor de Fisioterapia da Secretaria de Sa\u00fade atende na rua Jo\u00e3o Marchioretto, 78, bairro Jardim S\u00e3o Marcos, e tamb\u00e9m atrav\u00e9s do telefone (19) 3492-4857.<\/p>\n<p>Prefeitura de Capivari. Transformando o presente, construindo o futuro.<\/p>\n","protected":false},"excerpt":{"rendered":"<p>No dia 24 de junho \u00e9 celebrado mundialmente o Dia de Preven\u00e7\u00e3o de Quedas, data importante para destacar e lembrar os cuidados necess\u00e1rios para evitar tombos de qualquer propor\u00e7\u00e3o que podem causar risco \u00e0 sa\u00fade atrav\u00e9s de fraturas severas, muitas vezes oferecendo risco de morte em pessoas mais vulner\u00e1veis, como idosos por exemplo. A Sa\u00fade [&hellip;]<\/p>\n","protected":false},"author":2,"featured_media":12313,"comment_status":"open","ping_status":"open","sticky":false,"template":"","format":"standard","meta":{"ocean_post_layout":"","ocean_both_sidebars_style":"","ocean_both_sidebars_content_width":0,"ocean_both_sidebars_sidebars_width":0,"ocean_sidebar":"","ocean_second_sidebar":"","ocean_disable_margins":"enable","ocean_add_body_class":"","ocean_shortcode_before_top_bar":"","ocean_shortcode_after_top_bar":"","ocean_shortcode_before_header":"","ocean_shortcode_after_header":"","ocean_has_shortcode":"","ocean_shortcode_after_title":"","ocean_shortcode_before_footer_widgets":"","ocean_shortcode_after_footer_widgets":"","ocean_shortcode_before_footer_bottom":"","ocean_shortcode_after_footer_bottom":"","ocean_display_top_bar":"default","ocean_display_header":"default","ocean_header_style":"","ocean_center_header_left_menu":"","ocean_custom_header_template":"","ocean_custom_logo":0,"ocean_custom_retina_logo":0,"ocean_custom_logo_max_width":0,"ocean_custom_logo_tablet_max_width":0,"ocean_custom_logo_mobile_max_width":0,"ocean_custom_logo_max_height":0,"ocean_custom_logo_tablet_max_height":0,"ocean_custom_logo_mobile_max_height":0,"ocean_header_custom_menu":"","ocean_menu_typo_font_family":"","ocean_menu_typo_font_subset":"","ocean_menu_typo_font_size":0,"ocean_menu_typo_font_size_tablet":0,"ocean_menu_typo_font_size_mobile":0,"ocean_menu_typo_font_size_unit":"px","ocean_menu_typo_font_weight":"","ocean_menu_typo_font_weight_tablet":"","ocean_menu_typo_font_weight_mobile":"","ocean_menu_typo_transform":"","ocean_menu_typo_transform_tablet":"","ocean_menu_typo_transform_mobile":"","ocean_menu_typo_line_height":0,"ocean_menu_typo_line_height_tablet":0,"ocean_menu_typo_line_height_mobile":0,"ocean_menu_typo_line_height_unit":"","ocean_menu_typo_spacing":0,"ocean_menu_typo_spacing_tablet":0,"ocean_menu_typo_spacing_mobile":0,"ocean_menu_typo_spacing_unit":"","ocean_menu_link_color":"","ocean_menu_link_color_hover":"","ocean_menu_link_color_active":"","ocean_menu_link_background":"","ocean_menu_link_hover_background":"","ocean_menu_link_active_background":"","ocean_menu_social_links_bg":"","ocean_menu_social_hover_links_bg":"","ocean_menu_social_links_color":"","ocean_menu_social_hover_links_color":"","ocean_disable_title":"default","ocean_disable_heading":"default","ocean_post_title":"","ocean_post_subheading":"","ocean_post_title_style":"","ocean_post_title_background_color":"","ocean_post_title_background":0,"ocean_post_title_bg_image_position":"","ocean_post_title_bg_image_attachment":"","ocean_post_title_bg_image_repeat":"","ocean_post_title_bg_image_size":"","ocean_post_title_height":0,"ocean_post_title_bg_overlay":0.5,"ocean_post_title_bg_overlay_color":"","ocean_disable_breadcrumbs":"default","ocean_breadcrumbs_color":"","ocean_breadcrumbs_separator_color":"","ocean_breadcrumbs_links_color":"","ocean_breadcrumbs_links_hover_color":"","ocean_display_footer_widgets":"default","ocean_display_footer_bottom":"default","ocean_custom_footer_template":"","ocean_post_oembed":"","ocean_post_self_hosted_media":"","ocean_post_video_embed":"","ocean_link_format":"","ocean_link_format_target":"self","ocean_quote_format":"","ocean_quote_format_link":"post","ocean_gallery_link_images":"off","ocean_gallery_id":[],"footnotes":""},"categories":[4,5,31],"tags":[],"class_list":["post-12311","post","type-post","status-publish","format-standard","has-post-thumbnail","hentry","category-destaque","category-geral","category-saude","entry","has-media"],"yoast_head":"<!-- This site is optimized with the Yoast SEO plugin v27.5 - https:\/\/yoast.com\/product\/yoast-seo-wordpress\/ -->\n<title>Sa\u00fade divulga recomenda\u00e7\u00f5es em alus\u00e3o ao Dia Mundial de Preven\u00e7\u00e3o de Quedas - Prefeitura de Capivari<\/title>\n<meta name=\"robots\" content=\"index, follow, max-snippet:-1, max-image-preview:large, max-video-preview:-1\" \/>\n<link rel=\"canonical\" href=\"https:\/\/capivari.sp.gov.br\/portal\/saude-divulga-recomendacoes-em-alusao-ao-dia-mundial-de-prevencao-de-quedas\/\" \/>\n<meta property=\"og:locale\" content=\"pt_BR\" \/>\n<meta property=\"og:type\" content=\"article\" \/>\n<meta property=\"og:title\" content=\"Sa\u00fade divulga recomenda\u00e7\u00f5es em alus\u00e3o ao Dia Mundial de Preven\u00e7\u00e3o de Quedas - Prefeitura de Capivari\" \/>\n<meta property=\"og:description\" content=\"No dia 24 de junho \u00e9 celebrado mundialmente o Dia de Preven\u00e7\u00e3o de Quedas, data importante para destacar e lembrar os cuidados necess\u00e1rios para evitar tombos de qualquer propor\u00e7\u00e3o que podem causar risco \u00e0 sa\u00fade atrav\u00e9s de fraturas severas, muitas vezes oferecendo risco de morte em pessoas mais vulner\u00e1veis, como idosos por exemplo. A Sa\u00fade [&hellip;]\" \/>\n<meta property=\"og:url\" content=\"https:\/\/capivari.sp.gov.br\/portal\/saude-divulga-recomendacoes-em-alusao-ao-dia-mundial-de-prevencao-de-quedas\/\" \/>\n<meta property=\"og:site_name\" content=\"Prefeitura de Capivari\" \/>\n<meta property=\"article:publisher\" content=\"https:\/\/www.facebook.com\/PrefeituradeCapivari\/\" \/>\n<meta property=\"article:published_time\" content=\"2023-06-23T18:18:54+00:00\" \/>\n<meta property=\"og:image\" content=\"https:\/\/capivari.sp.gov.br\/portal\/wp-content\/uploads\/2023\/06\/centro-de-saude-central-1.jpg\" \/>\n\t<meta property=\"og:image:width\" content=\"1024\" \/>\n\t<meta property=\"og:image:height\" content=\"768\" \/>\n\t<meta property=\"og:image:type\" content=\"image\/jpeg\" \/>\n<meta name=\"author\" content=\"Thalles Cristiano\" \/>\n<meta name=\"twitter:card\" content=\"summary_large_image\" \/>\n<meta name=\"twitter:creator\" content=\"@PrefCapivari\" \/>\n<meta name=\"twitter:site\" content=\"@PrefCapivari\" \/>\n<meta name=\"twitter:label1\" content=\"Escrito por\" \/>\n\t<meta name=\"twitter:data1\" content=\"Thalles Cristiano\" \/>\n\t<meta name=\"twitter:label2\" content=\"Est. tempo de leitura\" \/>\n\t<meta name=\"twitter:data2\" content=\"3 minutos\" \/>\n<script type=\"application\/ld+json\" class=\"yoast-schema-graph\">{\"@context\":\"https:\\\/\\\/schema.org\",\"@graph\":[{\"@type\":\"Article\",\"@id\":\"https:\\\/\\\/capivari.sp.gov.br\\\/portal\\\/saude-divulga-recomendacoes-em-alusao-ao-dia-mundial-de-prevencao-de-quedas\\\/#article\",\"isPartOf\":{\"@id\":\"https:\\\/\\\/capivari.sp.gov.br\\\/portal\\\/saude-divulga-recomendacoes-em-alusao-ao-dia-mundial-de-prevencao-de-quedas\\\/\"},\"author\":{\"name\":\"Thalles Cristiano\",\"@id\":\"https:\\\/\\\/capivari.sp.gov.br\\\/portal\\\/#\\\/schema\\\/person\\\/98801614a91d449946b0687ae2db9f29\"},\"headline\":\"Sa\u00fade divulga recomenda\u00e7\u00f5es em alus\u00e3o ao Dia Mundial de Preven\u00e7\u00e3o de Quedas\",\"datePublished\":\"2023-06-23T18:18:54+00:00\",\"mainEntityOfPage\":{\"@id\":\"https:\\\/\\\/capivari.sp.gov.br\\\/portal\\\/saude-divulga-recomendacoes-em-alusao-ao-dia-mundial-de-prevencao-de-quedas\\\/\"},\"wordCount\":489,\"commentCount\":0,\"publisher\":{\"@id\":\"https:\\\/\\\/capivari.sp.gov.br\\\/portal\\\/#organization\"},\"image\":{\"@id\":\"https:\\\/\\\/capivari.sp.gov.br\\\/portal\\\/saude-divulga-recomendacoes-em-alusao-ao-dia-mundial-de-prevencao-de-quedas\\\/#primaryimage\"},\"thumbnailUrl\":\"https:\\\/\\\/capivari.sp.gov.br\\\/portal\\\/wp-content\\\/uploads\\\/2023\\\/06\\\/centro-de-saude-central-1.jpg\",\"articleSection\":[\"Destaque\",\"Geral\",\"Sa\u00fade\"],\"inLanguage\":\"pt-BR\",\"potentialAction\":[{\"@type\":\"CommentAction\",\"name\":\"Comment\",\"target\":[\"https:\\\/\\\/capivari.sp.gov.br\\\/portal\\\/saude-divulga-recomendacoes-em-alusao-ao-dia-mundial-de-prevencao-de-quedas\\\/#respond\"]}]},{\"@type\":\"WebPage\",\"@id\":\"https:\\\/\\\/capivari.sp.gov.br\\\/portal\\\/saude-divulga-recomendacoes-em-alusao-ao-dia-mundial-de-prevencao-de-quedas\\\/\",\"url\":\"https:\\\/\\\/capivari.sp.gov.br\\\/portal\\\/saude-divulga-recomendacoes-em-alusao-ao-dia-mundial-de-prevencao-de-quedas\\\/\",\"name\":\"Sa\u00fade divulga recomenda\u00e7\u00f5es em alus\u00e3o ao Dia Mundial de Preven\u00e7\u00e3o de Quedas - Prefeitura de Capivari\",\"isPartOf\":{\"@id\":\"https:\\\/\\\/capivari.sp.gov.br\\\/portal\\\/#website\"},\"primaryImageOfPage\":{\"@id\":\"https:\\\/\\\/capivari.sp.gov.br\\\/portal\\\/saude-divulga-recomendacoes-em-alusao-ao-dia-mundial-de-prevencao-de-quedas\\\/#primaryimage\"},\"image\":{\"@id\":\"https:\\\/\\\/capivari.sp.gov.br\\\/portal\\\/saude-divulga-recomendacoes-em-alusao-ao-dia-mundial-de-prevencao-de-quedas\\\/#primaryimage\"},\"thumbnailUrl\":\"https:\\\/\\\/capivari.sp.gov.br\\\/portal\\\/wp-content\\\/uploads\\\/2023\\\/06\\\/centro-de-saude-central-1.jpg\",\"datePublished\":\"2023-06-23T18:18:54+00:00\",\"breadcrumb\":{\"@id\":\"https:\\\/\\\/capivari.sp.gov.br\\\/portal\\\/saude-divulga-recomendacoes-em-alusao-ao-dia-mundial-de-prevencao-de-quedas\\\/#breadcrumb\"},\"inLanguage\":\"pt-BR\",\"potentialAction\":[{\"@type\":\"ReadAction\",\"target\":[\"https:\\\/\\\/capivari.sp.gov.br\\\/portal\\\/saude-divulga-recomendacoes-em-alusao-ao-dia-mundial-de-prevencao-de-quedas\\\/\"]}]},{\"@type\":\"ImageObject\",\"inLanguage\":\"pt-BR\",\"@id\":\"https:\\\/\\\/capivari.sp.gov.br\\\/portal\\\/saude-divulga-recomendacoes-em-alusao-ao-dia-mundial-de-prevencao-de-quedas\\\/#primaryimage\",\"url\":\"https:\\\/\\\/capivari.sp.gov.br\\\/portal\\\/wp-content\\\/uploads\\\/2023\\\/06\\\/centro-de-saude-central-1.jpg\",\"contentUrl\":\"https:\\\/\\\/capivari.sp.gov.br\\\/portal\\\/wp-content\\\/uploads\\\/2023\\\/06\\\/centro-de-saude-central-1.jpg\",\"width\":1024,\"height\":768},{\"@type\":\"BreadcrumbList\",\"@id\":\"https:\\\/\\\/capivari.sp.gov.br\\\/portal\\\/saude-divulga-recomendacoes-em-alusao-ao-dia-mundial-de-prevencao-de-quedas\\\/#breadcrumb\",\"itemListElement\":[{\"@type\":\"ListItem\",\"position\":1,\"name\":\"In\u00edcio\",\"item\":\"https:\\\/\\\/capivari.sp.gov.br\\\/portal\\\/\"},{\"@type\":\"ListItem\",\"position\":2,\"name\":\"Sa\u00fade divulga recomenda\u00e7\u00f5es em alus\u00e3o ao Dia Mundial de Preven\u00e7\u00e3o de Quedas\"}]},{\"@type\":\"WebSite\",\"@id\":\"https:\\\/\\\/capivari.sp.gov.br\\\/portal\\\/#website\",\"url\":\"https:\\\/\\\/capivari.sp.gov.br\\\/portal\\\/\",\"name\":\"Prefeitura de Capivari\",\"description\":\"Prefeitura de Capivari\",\"publisher\":{\"@id\":\"https:\\\/\\\/capivari.sp.gov.br\\\/portal\\\/#organization\"},\"potentialAction\":[{\"@type\":\"SearchAction\",\"target\":{\"@type\":\"EntryPoint\",\"urlTemplate\":\"https:\\\/\\\/capivari.sp.gov.br\\\/portal\\\/?s={search_term_string}\"},\"query-input\":{\"@type\":\"PropertyValueSpecification\",\"valueRequired\":true,\"valueName\":\"search_term_string\"}}],\"inLanguage\":\"pt-BR\"},{\"@type\":\"Organization\",\"@id\":\"https:\\\/\\\/capivari.sp.gov.br\\\/portal\\\/#organization\",\"name\":\"Prefeitura de Capivari\",\"url\":\"https:\\\/\\\/capivari.sp.gov.br\\\/portal\\\/\",\"logo\":{\"@type\":\"ImageObject\",\"inLanguage\":\"pt-BR\",\"@id\":\"https:\\\/\\\/capivari.sp.gov.br\\\/portal\\\/#\\\/schema\\\/logo\\\/image\\\/\",\"url\":\"https:\\\/\\\/capivari.sp.gov.br\\\/portal\\\/wp-content\\\/uploads\\\/2021\\\/09\\\/logo-prefeitura-de-capivari.png\",\"contentUrl\":\"https:\\\/\\\/capivari.sp.gov.br\\\/portal\\\/wp-content\\\/uploads\\\/2021\\\/09\\\/logo-prefeitura-de-capivari.png\",\"width\":200,\"height\":147,\"caption\":\"Prefeitura de Capivari\"},\"image\":{\"@id\":\"https:\\\/\\\/capivari.sp.gov.br\\\/portal\\\/#\\\/schema\\\/logo\\\/image\\\/\"},\"sameAs\":[\"https:\\\/\\\/www.facebook.com\\\/PrefeituradeCapivari\\\/\",\"https:\\\/\\\/x.com\\\/PrefCapivari\",\"https:\\\/\\\/www.instagram.com\\\/prefeituracapivari\\\/\"]},{\"@type\":\"Person\",\"@id\":\"https:\\\/\\\/capivari.sp.gov.br\\\/portal\\\/#\\\/schema\\\/person\\\/98801614a91d449946b0687ae2db9f29\",\"name\":\"Thalles Cristiano\",\"image\":{\"@type\":\"ImageObject\",\"inLanguage\":\"pt-BR\",\"@id\":\"https:\\\/\\\/secure.gravatar.com\\\/avatar\\\/0d1b9a4bdcde99ab11a8cd27abdcd088993749b82c4355c0301135023dc52b3d?s=96&d=mm&r=g\",\"url\":\"https:\\\/\\\/secure.gravatar.com\\\/avatar\\\/0d1b9a4bdcde99ab11a8cd27abdcd088993749b82c4355c0301135023dc52b3d?s=96&d=mm&r=g\",\"contentUrl\":\"https:\\\/\\\/secure.gravatar.com\\\/avatar\\\/0d1b9a4bdcde99ab11a8cd27abdcd088993749b82c4355c0301135023dc52b3d?s=96&d=mm&r=g\",\"caption\":\"Thalles Cristiano\"},\"url\":\"https:\\\/\\\/capivari.sp.gov.br\\\/portal\\\/author\\\/thalles-cristiano\\\/\"}]}<\/script>\n<!-- \/ Yoast SEO plugin. -->","yoast_head_json":{"title":"Sa\u00fade divulga recomenda\u00e7\u00f5es em alus\u00e3o ao Dia Mundial de Preven\u00e7\u00e3o de Quedas - Prefeitura de Capivari","robots":{"index":"index","follow":"follow","max-snippet":"max-snippet:-1","max-image-preview":"max-image-preview:large","max-video-preview":"max-video-preview:-1"},"canonical":"https:\/\/capivari.sp.gov.br\/portal\/saude-divulga-recomendacoes-em-alusao-ao-dia-mundial-de-prevencao-de-quedas\/","og_locale":"pt_BR","og_type":"article","og_title":"Sa\u00fade divulga recomenda\u00e7\u00f5es em alus\u00e3o ao Dia Mundial de Preven\u00e7\u00e3o de Quedas - Prefeitura de Capivari","og_description":"No dia 24 de junho \u00e9 celebrado mundialmente o Dia de Preven\u00e7\u00e3o de Quedas, data importante para destacar e lembrar os cuidados necess\u00e1rios para evitar tombos de qualquer propor\u00e7\u00e3o que podem causar risco \u00e0 sa\u00fade atrav\u00e9s de fraturas severas, muitas vezes oferecendo risco de morte em pessoas mais vulner\u00e1veis, como idosos por exemplo. A Sa\u00fade [&hellip;]","og_url":"https:\/\/capivari.sp.gov.br\/portal\/saude-divulga-recomendacoes-em-alusao-ao-dia-mundial-de-prevencao-de-quedas\/","og_site_name":"Prefeitura de Capivari","article_publisher":"https:\/\/www.facebook.com\/PrefeituradeCapivari\/","article_published_time":"2023-06-23T18:18:54+00:00","og_image":[{"width":1024,"height":768,"url":"https:\/\/capivari.sp.gov.br\/portal\/wp-content\/uploads\/2023\/06\/centro-de-saude-central-1.jpg","type":"image\/jpeg"}],"author":"Thalles Cristiano","twitter_card":"summary_large_image","twitter_creator":"@PrefCapivari","twitter_site":"@PrefCapivari","twitter_misc":{"Escrito por":"Thalles Cristiano","Est. tempo de leitura":"3 minutos"},"schema":{"@context":"https:\/\/schema.org","@graph":[{"@type":"Article","@id":"https:\/\/capivari.sp.gov.br\/portal\/saude-divulga-recomendacoes-em-alusao-ao-dia-mundial-de-prevencao-de-quedas\/#article","isPartOf":{"@id":"https:\/\/capivari.sp.gov.br\/portal\/saude-divulga-recomendacoes-em-alusao-ao-dia-mundial-de-prevencao-de-quedas\/"},"author":{"name":"Thalles Cristiano","@id":"https:\/\/capivari.sp.gov.br\/portal\/#\/schema\/person\/98801614a91d449946b0687ae2db9f29"},"headline":"Sa\u00fade divulga recomenda\u00e7\u00f5es em alus\u00e3o ao Dia Mundial de Preven\u00e7\u00e3o de Quedas","datePublished":"2023-06-23T18:18:54+00:00","mainEntityOfPage":{"@id":"https:\/\/capivari.sp.gov.br\/portal\/saude-divulga-recomendacoes-em-alusao-ao-dia-mundial-de-prevencao-de-quedas\/"},"wordCount":489,"commentCount":0,"publisher":{"@id":"https:\/\/capivari.sp.gov.br\/portal\/#organization"},"image":{"@id":"https:\/\/capivari.sp.gov.br\/portal\/saude-divulga-recomendacoes-em-alusao-ao-dia-mundial-de-prevencao-de-quedas\/#primaryimage"},"thumbnailUrl":"https:\/\/capivari.sp.gov.br\/portal\/wp-content\/uploads\/2023\/06\/centro-de-saude-central-1.jpg","articleSection":["Destaque","Geral","Sa\u00fade"],"inLanguage":"pt-BR","potentialAction":[{"@type":"CommentAction","name":"Comment","target":["https:\/\/capivari.sp.gov.br\/portal\/saude-divulga-recomendacoes-em-alusao-ao-dia-mundial-de-prevencao-de-quedas\/#respond"]}]},{"@type":"WebPage","@id":"https:\/\/capivari.sp.gov.br\/portal\/saude-divulga-recomendacoes-em-alusao-ao-dia-mundial-de-prevencao-de-quedas\/","url":"https:\/\/capivari.sp.gov.br\/portal\/saude-divulga-recomendacoes-em-alusao-ao-dia-mundial-de-prevencao-de-quedas\/","name":"Sa\u00fade divulga recomenda\u00e7\u00f5es em alus\u00e3o ao Dia Mundial de Preven\u00e7\u00e3o de Quedas - Prefeitura de Capivari","isPartOf":{"@id":"https:\/\/capivari.sp.gov.br\/portal\/#website"},"primaryImageOfPage":{"@id":"https:\/\/capivari.sp.gov.br\/portal\/saude-divulga-recomendacoes-em-alusao-ao-dia-mundial-de-prevencao-de-quedas\/#primaryimage"},"image":{"@id":"https:\/\/capivari.sp.gov.br\/portal\/saude-divulga-recomendacoes-em-alusao-ao-dia-mundial-de-prevencao-de-quedas\/#primaryimage"},"thumbnailUrl":"https:\/\/capivari.sp.gov.br\/portal\/wp-content\/uploads\/2023\/06\/centro-de-saude-central-1.jpg","datePublished":"2023-06-23T18:18:54+00:00","breadcrumb":{"@id":"https:\/\/capivari.sp.gov.br\/portal\/saude-divulga-recomendacoes-em-alusao-ao-dia-mundial-de-prevencao-de-quedas\/#breadcrumb"},"inLanguage":"pt-BR","potentialAction":[{"@type":"ReadAction","target":["https:\/\/capivari.sp.gov.br\/portal\/saude-divulga-recomendacoes-em-alusao-ao-dia-mundial-de-prevencao-de-quedas\/"]}]},{"@type":"ImageObject","inLanguage":"pt-BR","@id":"https:\/\/capivari.sp.gov.br\/portal\/saude-divulga-recomendacoes-em-alusao-ao-dia-mundial-de-prevencao-de-quedas\/#primaryimage","url":"https:\/\/capivari.sp.gov.br\/portal\/wp-content\/uploads\/2023\/06\/centro-de-saude-central-1.jpg","contentUrl":"https:\/\/capivari.sp.gov.br\/portal\/wp-content\/uploads\/2023\/06\/centro-de-saude-central-1.jpg","width":1024,"height":768},{"@type":"BreadcrumbList","@id":"https:\/\/capivari.sp.gov.br\/portal\/saude-divulga-recomendacoes-em-alusao-ao-dia-mundial-de-prevencao-de-quedas\/#breadcrumb","itemListElement":[{"@type":"ListItem","position":1,"name":"In\u00edcio","item":"https:\/\/capivari.sp.gov.br\/portal\/"},{"@type":"ListItem","position":2,"name":"Sa\u00fade divulga recomenda\u00e7\u00f5es em alus\u00e3o ao Dia Mundial de Preven\u00e7\u00e3o de Quedas"}]},{"@type":"WebSite","@id":"https:\/\/capivari.sp.gov.br\/portal\/#website","url":"https:\/\/capivari.sp.gov.br\/portal\/","name":"Prefeitura de Capivari","description":"Prefeitura de Capivari","publisher":{"@id":"https:\/\/capivari.sp.gov.br\/portal\/#organization"},"potentialAction":[{"@type":"SearchAction","target":{"@type":"EntryPoint","urlTemplate":"https:\/\/capivari.sp.gov.br\/portal\/?s={search_term_string}"},"query-input":{"@type":"PropertyValueSpecification","valueRequired":true,"valueName":"search_term_string"}}],"inLanguage":"pt-BR"},{"@type":"Organization","@id":"https:\/\/capivari.sp.gov.br\/portal\/#organization","name":"Prefeitura de Capivari","url":"https:\/\/capivari.sp.gov.br\/portal\/","logo":{"@type":"ImageObject","inLanguage":"pt-BR","@id":"https:\/\/capivari.sp.gov.br\/portal\/#\/schema\/logo\/image\/","url":"https:\/\/capivari.sp.gov.br\/portal\/wp-content\/uploads\/2021\/09\/logo-prefeitura-de-capivari.png","contentUrl":"https:\/\/capivari.sp.gov.br\/portal\/wp-content\/uploads\/2021\/09\/logo-prefeitura-de-capivari.png","width":200,"height":147,"caption":"Prefeitura de Capivari"},"image":{"@id":"https:\/\/capivari.sp.gov.br\/portal\/#\/schema\/logo\/image\/"},"sameAs":["https:\/\/www.facebook.com\/PrefeituradeCapivari\/","https:\/\/x.com\/PrefCapivari","https:\/\/www.instagram.com\/prefeituracapivari\/"]},{"@type":"Person","@id":"https:\/\/capivari.sp.gov.br\/portal\/#\/schema\/person\/98801614a91d449946b0687ae2db9f29","name":"Thalles Cristiano","image":{"@type":"ImageObject","inLanguage":"pt-BR","@id":"https:\/\/secure.gravatar.com\/avatar\/0d1b9a4bdcde99ab11a8cd27abdcd088993749b82c4355c0301135023dc52b3d?s=96&d=mm&r=g","url":"https:\/\/secure.gravatar.com\/avatar\/0d1b9a4bdcde99ab11a8cd27abdcd088993749b82c4355c0301135023dc52b3d?s=96&d=mm&r=g","contentUrl":"https:\/\/secure.gravatar.com\/avatar\/0d1b9a4bdcde99ab11a8cd27abdcd088993749b82c4355c0301135023dc52b3d?s=96&d=mm&r=g","caption":"Thalles Cristiano"},"url":"https:\/\/capivari.sp.gov.br\/portal\/author\/thalles-cristiano\/"}]}},"_links":{"self":[{"href":"https:\/\/capivari.sp.gov.br\/portal\/wp-json\/wp\/v2\/posts\/12311","targetHints":{"allow":["GET"]}}],"collection":[{"href":"https:\/\/capivari.sp.gov.br\/portal\/wp-json\/wp\/v2\/posts"}],"about":[{"href":"https:\/\/capivari.sp.gov.br\/portal\/wp-json\/wp\/v2\/types\/post"}],"author":[{"embeddable":true,"href":"https:\/\/capivari.sp.gov.br\/portal\/wp-json\/wp\/v2\/users\/2"}],"replies":[{"embeddable":true,"href":"https:\/\/capivari.sp.gov.br\/portal\/wp-json\/wp\/v2\/comments?post=12311"}],"version-history":[{"count":1,"href":"https:\/\/capivari.sp.gov.br\/portal\/wp-json\/wp\/v2\/posts\/12311\/revisions"}],"predecessor-version":[{"id":12314,"href":"https:\/\/capivari.sp.gov.br\/portal\/wp-json\/wp\/v2\/posts\/12311\/revisions\/12314"}],"wp:featuredmedia":[{"embeddable":true,"href":"https:\/\/capivari.sp.gov.br\/portal\/wp-json\/wp\/v2\/media\/12313"}],"wp:attachment":[{"href":"https:\/\/capivari.sp.gov.br\/portal\/wp-json\/wp\/v2\/media?parent=12311"}],"wp:term":[{"taxonomy":"category","embeddable":true,"href":"https:\/\/capivari.sp.gov.br\/portal\/wp-json\/wp\/v2\/categories?post=12311"},{"taxonomy":"post_tag","embeddable":true,"href":"https:\/\/capivari.sp.gov.br\/portal\/wp-json\/wp\/v2\/tags?post=12311"}],"curies":[{"name":"wp","href":"https:\/\/api.w.org\/{rel}","templated":true}]}}