{"id":13178,"date":"2023-04-20T18:22:22","date_gmt":"2023-04-20T21:22:22","guid":{"rendered":"https:\/\/capivari.sp.gov.br\/portal\/?p=13178"},"modified":"2023-07-25T11:26:43","modified_gmt":"2023-07-25T14:26:43","slug":"prefeitura-inaugura-a-nova-avenida-dra-marlene-do-carmo-rossi","status":"publish","type":"post","link":"https:\/\/capivari.sp.gov.br\/portal\/prefeitura-inaugura-a-nova-avenida-dra-marlene-do-carmo-rossi\/","title":{"rendered":"Prefeitura inaugura a nova avenida Dra. Marlene do Carmo Rossi"},"content":{"rendered":"<p>O Prefeito Vit\u00e3o Riccomini e o Vice-Prefeito Bruno Barnab\u00e9 inauguraram nesta quinta-feira, dia 20, a t\u00e3o aguardada avenida Dra. Marlene do Carmo Rossi. Uma obra importante que segue o conceito de melhoria urbana que o Poder Executivo quer para o munic\u00edpio.<\/p>\n<p>A avenida que liga v\u00e1rios bairros \u00e0 rodovia Jornalista Francisco Aguirre Proen\u00e7a (SP-101), passou por uma revitaliza\u00e7\u00e3o completa, nunca vista antes. Os servi\u00e7os iniciaram na Fase 1, com o novo asfalto do trecho que compreende a rodovia SP-101, at\u00e9 o trecho da Cooperativa dos Plantadores de Cana da Regi\u00e3o de Capivari, com a remo\u00e7\u00e3o do asfalto antigo e a constru\u00e7\u00e3o de uma base refor\u00e7ada, que recebeu uma nova pavimenta\u00e7\u00e3o, al\u00e9m de um novo acostamento.<\/p>\n<p>J\u00e1 na Fase 2, as obras contaram com todas as novidades do novo conceito de melhoria urbana: asfaltamento de primeira linha, novas guias e sarjetas, constru\u00e7\u00e3o de cal\u00e7adas e ilumina\u00e7\u00e3o em led de toda a via, colaborando para que o ambiente fique mais agrad\u00e1vel e seguro.<\/p>\n<p>A grande novidade \u00e9 a ciclofaixa, que foi demarcada em toda a extens\u00e3o da avenida, seguindo todas as normas de tr\u00e2nsito para garantir a seguran\u00e7a dos ciclistas. Foi constru\u00eddo tamb\u00e9m, um Ponto de Partida de Ciclista, que contempla um banco com cobertura para descanso, bebedouro para hidrata\u00e7\u00e3o, al\u00e9m de um biciclet\u00e1rio.<\/p>\n<p>Na revitaliza\u00e7\u00e3o, os servi\u00e7os tamb\u00e9m foram expandidos para a Ponte do Santoro, localizada na rua Andr\u00e9 de Mello, que tamb\u00e9m ganhou uma nova ilumina\u00e7\u00e3o em led, troca do guarda-corpo e limpeza de todo o bosque, agora denominado de Luciano Pellegrini Neto (in memoriam).<\/p>\n<p>\u201cEste investimento \u00e9 resultado de uma administra\u00e7\u00e3o onde se tem controle dos gastos p\u00fablicos e planejamento para a entrega de melhorias em todas as \u00e1reas. Um novo conceito de obra p\u00fablica feita com muita dedica\u00e7\u00e3o e empenho para melhorarmos cada vez mais a nossa cidade\u201d, disse o Prefeito de Capivari, Vit\u00e3o Riccomini.<\/p>\n<p>Durante a cerim\u00f4nia de inaugura\u00e7\u00e3o, estiveram presentes o Presidente da C\u00e2mara Municipal de Vereadores Thiago Braggion, Secret\u00e1rios, Vereadores, imprensa local, moradores da regi\u00e3o, colaboradores do Poder Executivo e a fam\u00edlia da Doutora Marlene do Carmo Rossi,.<\/p>\n<p><strong>MARLENE DO CARMO ROSSI<\/strong><br \/>\nDoutora Marlene do Carmo Rossi, nasceu em Capivari no ano de 1957, filha de Francisco e Carmen Rossi. Formada pela Universidade de Campinas (Unicamp), Marlene era dentista e faleceu em acidente automobil\u00edstico em 16 de setembro de 1989. Seu nome foi dado \u00e0 antiga Estrada do Coriolano, que atrav\u00e9s da Lei Municipal n\u00ba 1958\/90, passou a se chamar avenida Dra. Marlene do Carmo Rossi.<\/p>\n<p><strong>LUCIANO PELLEGRINI NETO<\/strong><br \/>\nLuciano plantou \u00e1rvores de todos os tipos em diversos locais de Capivari, mas escolheu um local espec\u00edfico para cuidar, justamente este bosque. Fez a limpeza do local, lavrou a terra, adubou e sozinho, plantou centenas de \u00e1rvores que hoje formam um bosque alto e frondoso.<\/p>\n<p>At\u00e9 o seu falecimento, procurou conservar o bosque, sempre podando os galhos, adubando as mudas mais fracas e limpando o local. Luciano tinha muitas ideias sobre como oferecer um espa\u00e7o agrad\u00e1vel para as fam\u00edlias capivarianas e o bosque da Ponte do Santoro, repleto de \u00e1rvores, foi um desses locais.<\/p>\n","protected":false},"excerpt":{"rendered":"<p>O Prefeito Vit\u00e3o Riccomini e o Vice-Prefeito Bruno Barnab\u00e9 inauguraram nesta quinta-feira, dia 20, a t\u00e3o aguardada avenida Dra. Marlene do Carmo Rossi. Uma obra importante que segue o conceito de melhoria urbana que o Poder Executivo quer para o munic\u00edpio. A avenida que liga v\u00e1rios bairros \u00e0 rodovia Jornalista Francisco Aguirre Proen\u00e7a (SP-101), passou [&hellip;]<\/p>\n","protected":false},"author":2,"featured_media":13179,"comment_status":"open","ping_status":"open","sticky":false,"template":"","format":"standard","meta":{"ocean_post_layout":"","ocean_both_sidebars_style":"","ocean_both_sidebars_content_width":0,"ocean_both_sidebars_sidebars_width":0,"ocean_sidebar":"","ocean_second_sidebar":"","ocean_disable_margins":"enable","ocean_add_body_class":"","ocean_shortcode_before_top_bar":"","ocean_shortcode_after_top_bar":"","ocean_shortcode_before_header":"","ocean_shortcode_after_header":"","ocean_has_shortcode":"","ocean_shortcode_after_title":"","ocean_shortcode_before_footer_widgets":"","ocean_shortcode_after_footer_widgets":"","ocean_shortcode_before_footer_bottom":"","ocean_shortcode_after_footer_bottom":"","ocean_display_top_bar":"default","ocean_display_header":"default","ocean_header_style":"","ocean_center_header_left_menu":"","ocean_custom_header_template":"","ocean_custom_logo":0,"ocean_custom_retina_logo":0,"ocean_custom_logo_max_width":0,"ocean_custom_logo_tablet_max_width":0,"ocean_custom_logo_mobile_max_width":0,"ocean_custom_logo_max_height":0,"ocean_custom_logo_tablet_max_height":0,"ocean_custom_logo_mobile_max_height":0,"ocean_header_custom_menu":"","ocean_menu_typo_font_family":"","ocean_menu_typo_font_subset":"","ocean_menu_typo_font_size":0,"ocean_menu_typo_font_size_tablet":0,"ocean_menu_typo_font_size_mobile":0,"ocean_menu_typo_font_size_unit":"px","ocean_menu_typo_font_weight":"","ocean_menu_typo_font_weight_tablet":"","ocean_menu_typo_font_weight_mobile":"","ocean_menu_typo_transform":"","ocean_menu_typo_transform_tablet":"","ocean_menu_typo_transform_mobile":"","ocean_menu_typo_line_height":0,"ocean_menu_typo_line_height_tablet":0,"ocean_menu_typo_line_height_mobile":0,"ocean_menu_typo_line_height_unit":"","ocean_menu_typo_spacing":0,"ocean_menu_typo_spacing_tablet":0,"ocean_menu_typo_spacing_mobile":0,"ocean_menu_typo_spacing_unit":"","ocean_menu_link_color":"","ocean_menu_link_color_hover":"","ocean_menu_link_color_active":"","ocean_menu_link_background":"","ocean_menu_link_hover_background":"","ocean_menu_link_active_background":"","ocean_menu_social_links_bg":"","ocean_menu_social_hover_links_bg":"","ocean_menu_social_links_color":"","ocean_menu_social_hover_links_color":"","ocean_disable_title":"default","ocean_disable_heading":"default","ocean_post_title":"","ocean_post_subheading":"","ocean_post_title_style":"","ocean_post_title_background_color":"","ocean_post_title_background":0,"ocean_post_title_bg_image_position":"","ocean_post_title_bg_image_attachment":"","ocean_post_title_bg_image_repeat":"","ocean_post_title_bg_image_size":"","ocean_post_title_height":0,"ocean_post_title_bg_overlay":0.5,"ocean_post_title_bg_overlay_color":"","ocean_disable_breadcrumbs":"default","ocean_breadcrumbs_color":"","ocean_breadcrumbs_separator_color":"","ocean_breadcrumbs_links_color":"","ocean_breadcrumbs_links_hover_color":"","ocean_display_footer_widgets":"default","ocean_display_footer_bottom":"default","ocean_custom_footer_template":"","ocean_post_oembed":"","ocean_post_self_hosted_media":"","ocean_post_video_embed":"","ocean_link_format":"","ocean_link_format_target":"self","ocean_quote_format":"","ocean_quote_format_link":"post","ocean_gallery_link_images":"off","ocean_gallery_id":[],"footnotes":""},"categories":[4,5,29],"tags":[],"class_list":["post-13178","post","type-post","status-publish","format-standard","has-post-thumbnail","hentry","category-destaque","category-geral","category-planejamento-e-urbanismo","entry","has-media"],"yoast_head":"<!-- This site is optimized with the Yoast SEO plugin v27.5 - https:\/\/yoast.com\/product\/yoast-seo-wordpress\/ -->\n<title>Prefeitura inaugura a nova avenida Dra. Marlene do Carmo Rossi - Prefeitura de Capivari<\/title>\n<meta name=\"robots\" content=\"index, follow, max-snippet:-1, max-image-preview:large, max-video-preview:-1\" \/>\n<link rel=\"canonical\" href=\"https:\/\/capivari.sp.gov.br\/portal\/prefeitura-inaugura-a-nova-avenida-dra-marlene-do-carmo-rossi\/\" \/>\n<meta property=\"og:locale\" content=\"pt_BR\" \/>\n<meta property=\"og:type\" content=\"article\" \/>\n<meta property=\"og:title\" content=\"Prefeitura inaugura a nova avenida Dra. Marlene do Carmo Rossi - Prefeitura de Capivari\" \/>\n<meta property=\"og:description\" content=\"O Prefeito Vit\u00e3o Riccomini e o Vice-Prefeito Bruno Barnab\u00e9 inauguraram nesta quinta-feira, dia 20, a t\u00e3o aguardada avenida Dra. Marlene do Carmo Rossi. Uma obra importante que segue o conceito de melhoria urbana que o Poder Executivo quer para o munic\u00edpio. A avenida que liga v\u00e1rios bairros \u00e0 rodovia Jornalista Francisco Aguirre Proen\u00e7a (SP-101), passou [&hellip;]\" \/>\n<meta property=\"og:url\" content=\"https:\/\/capivari.sp.gov.br\/portal\/prefeitura-inaugura-a-nova-avenida-dra-marlene-do-carmo-rossi\/\" \/>\n<meta property=\"og:site_name\" content=\"Prefeitura de Capivari\" \/>\n<meta property=\"article:publisher\" content=\"https:\/\/www.facebook.com\/PrefeituradeCapivari\/\" \/>\n<meta property=\"article:published_time\" content=\"2023-04-20T21:22:22+00:00\" \/>\n<meta property=\"article:modified_time\" content=\"2023-07-25T14:26:43+00:00\" \/>\n<meta property=\"og:image\" content=\"https:\/\/capivari.sp.gov.br\/portal\/wp-content\/uploads\/2023\/07\/IMG_3159-scaled.jpg\" \/>\n\t<meta property=\"og:image:width\" content=\"2560\" \/>\n\t<meta property=\"og:image:height\" content=\"1707\" \/>\n\t<meta property=\"og:image:type\" content=\"image\/jpeg\" \/>\n<meta name=\"author\" content=\"Thalles Cristiano\" \/>\n<meta name=\"twitter:card\" content=\"summary_large_image\" \/>\n<meta name=\"twitter:creator\" content=\"@PrefCapivari\" \/>\n<meta name=\"twitter:site\" content=\"@PrefCapivari\" \/>\n<meta name=\"twitter:label1\" content=\"Escrito por\" \/>\n\t<meta name=\"twitter:data1\" content=\"Thalles Cristiano\" \/>\n\t<meta name=\"twitter:label2\" content=\"Est. tempo de leitura\" \/>\n\t<meta name=\"twitter:data2\" content=\"3 minutos\" \/>\n<script type=\"application\/ld+json\" class=\"yoast-schema-graph\">{\"@context\":\"https:\\\/\\\/schema.org\",\"@graph\":[{\"@type\":\"Article\",\"@id\":\"https:\\\/\\\/capivari.sp.gov.br\\\/portal\\\/prefeitura-inaugura-a-nova-avenida-dra-marlene-do-carmo-rossi\\\/#article\",\"isPartOf\":{\"@id\":\"https:\\\/\\\/capivari.sp.gov.br\\\/portal\\\/prefeitura-inaugura-a-nova-avenida-dra-marlene-do-carmo-rossi\\\/\"},\"author\":{\"name\":\"Thalles Cristiano\",\"@id\":\"https:\\\/\\\/capivari.sp.gov.br\\\/portal\\\/#\\\/schema\\\/person\\\/98801614a91d449946b0687ae2db9f29\"},\"headline\":\"Prefeitura inaugura a nova avenida Dra. Marlene do Carmo Rossi\",\"datePublished\":\"2023-04-20T21:22:22+00:00\",\"dateModified\":\"2023-07-25T14:26:43+00:00\",\"mainEntityOfPage\":{\"@id\":\"https:\\\/\\\/capivari.sp.gov.br\\\/portal\\\/prefeitura-inaugura-a-nova-avenida-dra-marlene-do-carmo-rossi\\\/\"},\"wordCount\":554,\"commentCount\":0,\"publisher\":{\"@id\":\"https:\\\/\\\/capivari.sp.gov.br\\\/portal\\\/#organization\"},\"image\":{\"@id\":\"https:\\\/\\\/capivari.sp.gov.br\\\/portal\\\/prefeitura-inaugura-a-nova-avenida-dra-marlene-do-carmo-rossi\\\/#primaryimage\"},\"thumbnailUrl\":\"https:\\\/\\\/capivari.sp.gov.br\\\/portal\\\/wp-content\\\/uploads\\\/2023\\\/07\\\/IMG_3159-scaled.jpg\",\"articleSection\":[\"Destaque\",\"Geral\",\"Planejamento e Urbanismo\"],\"inLanguage\":\"pt-BR\",\"potentialAction\":[{\"@type\":\"CommentAction\",\"name\":\"Comment\",\"target\":[\"https:\\\/\\\/capivari.sp.gov.br\\\/portal\\\/prefeitura-inaugura-a-nova-avenida-dra-marlene-do-carmo-rossi\\\/#respond\"]}]},{\"@type\":\"WebPage\",\"@id\":\"https:\\\/\\\/capivari.sp.gov.br\\\/portal\\\/prefeitura-inaugura-a-nova-avenida-dra-marlene-do-carmo-rossi\\\/\",\"url\":\"https:\\\/\\\/capivari.sp.gov.br\\\/portal\\\/prefeitura-inaugura-a-nova-avenida-dra-marlene-do-carmo-rossi\\\/\",\"name\":\"Prefeitura inaugura a nova avenida Dra. Marlene do Carmo Rossi - Prefeitura de Capivari\",\"isPartOf\":{\"@id\":\"https:\\\/\\\/capivari.sp.gov.br\\\/portal\\\/#website\"},\"primaryImageOfPage\":{\"@id\":\"https:\\\/\\\/capivari.sp.gov.br\\\/portal\\\/prefeitura-inaugura-a-nova-avenida-dra-marlene-do-carmo-rossi\\\/#primaryimage\"},\"image\":{\"@id\":\"https:\\\/\\\/capivari.sp.gov.br\\\/portal\\\/prefeitura-inaugura-a-nova-avenida-dra-marlene-do-carmo-rossi\\\/#primaryimage\"},\"thumbnailUrl\":\"https:\\\/\\\/capivari.sp.gov.br\\\/portal\\\/wp-content\\\/uploads\\\/2023\\\/07\\\/IMG_3159-scaled.jpg\",\"datePublished\":\"2023-04-20T21:22:22+00:00\",\"dateModified\":\"2023-07-25T14:26:43+00:00\",\"breadcrumb\":{\"@id\":\"https:\\\/\\\/capivari.sp.gov.br\\\/portal\\\/prefeitura-inaugura-a-nova-avenida-dra-marlene-do-carmo-rossi\\\/#breadcrumb\"},\"inLanguage\":\"pt-BR\",\"potentialAction\":[{\"@type\":\"ReadAction\",\"target\":[\"https:\\\/\\\/capivari.sp.gov.br\\\/portal\\\/prefeitura-inaugura-a-nova-avenida-dra-marlene-do-carmo-rossi\\\/\"]}]},{\"@type\":\"ImageObject\",\"inLanguage\":\"pt-BR\",\"@id\":\"https:\\\/\\\/capivari.sp.gov.br\\\/portal\\\/prefeitura-inaugura-a-nova-avenida-dra-marlene-do-carmo-rossi\\\/#primaryimage\",\"url\":\"https:\\\/\\\/capivari.sp.gov.br\\\/portal\\\/wp-content\\\/uploads\\\/2023\\\/07\\\/IMG_3159-scaled.jpg\",\"contentUrl\":\"https:\\\/\\\/capivari.sp.gov.br\\\/portal\\\/wp-content\\\/uploads\\\/2023\\\/07\\\/IMG_3159-scaled.jpg\",\"width\":2560,\"height\":1707},{\"@type\":\"BreadcrumbList\",\"@id\":\"https:\\\/\\\/capivari.sp.gov.br\\\/portal\\\/prefeitura-inaugura-a-nova-avenida-dra-marlene-do-carmo-rossi\\\/#breadcrumb\",\"itemListElement\":[{\"@type\":\"ListItem\",\"position\":1,\"name\":\"In\u00edcio\",\"item\":\"https:\\\/\\\/capivari.sp.gov.br\\\/portal\\\/\"},{\"@type\":\"ListItem\",\"position\":2,\"name\":\"Prefeitura inaugura a nova avenida Dra. Marlene do Carmo Rossi\"}]},{\"@type\":\"WebSite\",\"@id\":\"https:\\\/\\\/capivari.sp.gov.br\\\/portal\\\/#website\",\"url\":\"https:\\\/\\\/capivari.sp.gov.br\\\/portal\\\/\",\"name\":\"Prefeitura de Capivari\",\"description\":\"Prefeitura de Capivari\",\"publisher\":{\"@id\":\"https:\\\/\\\/capivari.sp.gov.br\\\/portal\\\/#organization\"},\"potentialAction\":[{\"@type\":\"SearchAction\",\"target\":{\"@type\":\"EntryPoint\",\"urlTemplate\":\"https:\\\/\\\/capivari.sp.gov.br\\\/portal\\\/?s={search_term_string}\"},\"query-input\":{\"@type\":\"PropertyValueSpecification\",\"valueRequired\":true,\"valueName\":\"search_term_string\"}}],\"inLanguage\":\"pt-BR\"},{\"@type\":\"Organization\",\"@id\":\"https:\\\/\\\/capivari.sp.gov.br\\\/portal\\\/#organization\",\"name\":\"Prefeitura de Capivari\",\"url\":\"https:\\\/\\\/capivari.sp.gov.br\\\/portal\\\/\",\"logo\":{\"@type\":\"ImageObject\",\"inLanguage\":\"pt-BR\",\"@id\":\"https:\\\/\\\/capivari.sp.gov.br\\\/portal\\\/#\\\/schema\\\/logo\\\/image\\\/\",\"url\":\"https:\\\/\\\/capivari.sp.gov.br\\\/portal\\\/wp-content\\\/uploads\\\/2021\\\/09\\\/logo-prefeitura-de-capivari.png\",\"contentUrl\":\"https:\\\/\\\/capivari.sp.gov.br\\\/portal\\\/wp-content\\\/uploads\\\/2021\\\/09\\\/logo-prefeitura-de-capivari.png\",\"width\":200,\"height\":147,\"caption\":\"Prefeitura de Capivari\"},\"image\":{\"@id\":\"https:\\\/\\\/capivari.sp.gov.br\\\/portal\\\/#\\\/schema\\\/logo\\\/image\\\/\"},\"sameAs\":[\"https:\\\/\\\/www.facebook.com\\\/PrefeituradeCapivari\\\/\",\"https:\\\/\\\/x.com\\\/PrefCapivari\",\"https:\\\/\\\/www.instagram.com\\\/prefeituracapivari\\\/\"]},{\"@type\":\"Person\",\"@id\":\"https:\\\/\\\/capivari.sp.gov.br\\\/portal\\\/#\\\/schema\\\/person\\\/98801614a91d449946b0687ae2db9f29\",\"name\":\"Thalles Cristiano\",\"image\":{\"@type\":\"ImageObject\",\"inLanguage\":\"pt-BR\",\"@id\":\"https:\\\/\\\/secure.gravatar.com\\\/avatar\\\/0d1b9a4bdcde99ab11a8cd27abdcd088993749b82c4355c0301135023dc52b3d?s=96&d=mm&r=g\",\"url\":\"https:\\\/\\\/secure.gravatar.com\\\/avatar\\\/0d1b9a4bdcde99ab11a8cd27abdcd088993749b82c4355c0301135023dc52b3d?s=96&d=mm&r=g\",\"contentUrl\":\"https:\\\/\\\/secure.gravatar.com\\\/avatar\\\/0d1b9a4bdcde99ab11a8cd27abdcd088993749b82c4355c0301135023dc52b3d?s=96&d=mm&r=g\",\"caption\":\"Thalles Cristiano\"},\"url\":\"https:\\\/\\\/capivari.sp.gov.br\\\/portal\\\/author\\\/thalles-cristiano\\\/\"}]}<\/script>\n<!-- \/ Yoast SEO plugin. -->","yoast_head_json":{"title":"Prefeitura inaugura a nova avenida Dra. Marlene do Carmo Rossi - Prefeitura de Capivari","robots":{"index":"index","follow":"follow","max-snippet":"max-snippet:-1","max-image-preview":"max-image-preview:large","max-video-preview":"max-video-preview:-1"},"canonical":"https:\/\/capivari.sp.gov.br\/portal\/prefeitura-inaugura-a-nova-avenida-dra-marlene-do-carmo-rossi\/","og_locale":"pt_BR","og_type":"article","og_title":"Prefeitura inaugura a nova avenida Dra. Marlene do Carmo Rossi - Prefeitura de Capivari","og_description":"O Prefeito Vit\u00e3o Riccomini e o Vice-Prefeito Bruno Barnab\u00e9 inauguraram nesta quinta-feira, dia 20, a t\u00e3o aguardada avenida Dra. Marlene do Carmo Rossi. Uma obra importante que segue o conceito de melhoria urbana que o Poder Executivo quer para o munic\u00edpio. A avenida que liga v\u00e1rios bairros \u00e0 rodovia Jornalista Francisco Aguirre Proen\u00e7a (SP-101), passou [&hellip;]","og_url":"https:\/\/capivari.sp.gov.br\/portal\/prefeitura-inaugura-a-nova-avenida-dra-marlene-do-carmo-rossi\/","og_site_name":"Prefeitura de Capivari","article_publisher":"https:\/\/www.facebook.com\/PrefeituradeCapivari\/","article_published_time":"2023-04-20T21:22:22+00:00","article_modified_time":"2023-07-25T14:26:43+00:00","og_image":[{"width":2560,"height":1707,"url":"https:\/\/capivari.sp.gov.br\/portal\/wp-content\/uploads\/2023\/07\/IMG_3159-scaled.jpg","type":"image\/jpeg"}],"author":"Thalles Cristiano","twitter_card":"summary_large_image","twitter_creator":"@PrefCapivari","twitter_site":"@PrefCapivari","twitter_misc":{"Escrito por":"Thalles Cristiano","Est. tempo de leitura":"3 minutos"},"schema":{"@context":"https:\/\/schema.org","@graph":[{"@type":"Article","@id":"https:\/\/capivari.sp.gov.br\/portal\/prefeitura-inaugura-a-nova-avenida-dra-marlene-do-carmo-rossi\/#article","isPartOf":{"@id":"https:\/\/capivari.sp.gov.br\/portal\/prefeitura-inaugura-a-nova-avenida-dra-marlene-do-carmo-rossi\/"},"author":{"name":"Thalles Cristiano","@id":"https:\/\/capivari.sp.gov.br\/portal\/#\/schema\/person\/98801614a91d449946b0687ae2db9f29"},"headline":"Prefeitura inaugura a nova avenida Dra. Marlene do Carmo Rossi","datePublished":"2023-04-20T21:22:22+00:00","dateModified":"2023-07-25T14:26:43+00:00","mainEntityOfPage":{"@id":"https:\/\/capivari.sp.gov.br\/portal\/prefeitura-inaugura-a-nova-avenida-dra-marlene-do-carmo-rossi\/"},"wordCount":554,"commentCount":0,"publisher":{"@id":"https:\/\/capivari.sp.gov.br\/portal\/#organization"},"image":{"@id":"https:\/\/capivari.sp.gov.br\/portal\/prefeitura-inaugura-a-nova-avenida-dra-marlene-do-carmo-rossi\/#primaryimage"},"thumbnailUrl":"https:\/\/capivari.sp.gov.br\/portal\/wp-content\/uploads\/2023\/07\/IMG_3159-scaled.jpg","articleSection":["Destaque","Geral","Planejamento e Urbanismo"],"inLanguage":"pt-BR","potentialAction":[{"@type":"CommentAction","name":"Comment","target":["https:\/\/capivari.sp.gov.br\/portal\/prefeitura-inaugura-a-nova-avenida-dra-marlene-do-carmo-rossi\/#respond"]}]},{"@type":"WebPage","@id":"https:\/\/capivari.sp.gov.br\/portal\/prefeitura-inaugura-a-nova-avenida-dra-marlene-do-carmo-rossi\/","url":"https:\/\/capivari.sp.gov.br\/portal\/prefeitura-inaugura-a-nova-avenida-dra-marlene-do-carmo-rossi\/","name":"Prefeitura inaugura a nova avenida Dra. Marlene do Carmo Rossi - Prefeitura de Capivari","isPartOf":{"@id":"https:\/\/capivari.sp.gov.br\/portal\/#website"},"primaryImageOfPage":{"@id":"https:\/\/capivari.sp.gov.br\/portal\/prefeitura-inaugura-a-nova-avenida-dra-marlene-do-carmo-rossi\/#primaryimage"},"image":{"@id":"https:\/\/capivari.sp.gov.br\/portal\/prefeitura-inaugura-a-nova-avenida-dra-marlene-do-carmo-rossi\/#primaryimage"},"thumbnailUrl":"https:\/\/capivari.sp.gov.br\/portal\/wp-content\/uploads\/2023\/07\/IMG_3159-scaled.jpg","datePublished":"2023-04-20T21:22:22+00:00","dateModified":"2023-07-25T14:26:43+00:00","breadcrumb":{"@id":"https:\/\/capivari.sp.gov.br\/portal\/prefeitura-inaugura-a-nova-avenida-dra-marlene-do-carmo-rossi\/#breadcrumb"},"inLanguage":"pt-BR","potentialAction":[{"@type":"ReadAction","target":["https:\/\/capivari.sp.gov.br\/portal\/prefeitura-inaugura-a-nova-avenida-dra-marlene-do-carmo-rossi\/"]}]},{"@type":"ImageObject","inLanguage":"pt-BR","@id":"https:\/\/capivari.sp.gov.br\/portal\/prefeitura-inaugura-a-nova-avenida-dra-marlene-do-carmo-rossi\/#primaryimage","url":"https:\/\/capivari.sp.gov.br\/portal\/wp-content\/uploads\/2023\/07\/IMG_3159-scaled.jpg","contentUrl":"https:\/\/capivari.sp.gov.br\/portal\/wp-content\/uploads\/2023\/07\/IMG_3159-scaled.jpg","width":2560,"height":1707},{"@type":"BreadcrumbList","@id":"https:\/\/capivari.sp.gov.br\/portal\/prefeitura-inaugura-a-nova-avenida-dra-marlene-do-carmo-rossi\/#breadcrumb","itemListElement":[{"@type":"ListItem","position":1,"name":"In\u00edcio","item":"https:\/\/capivari.sp.gov.br\/portal\/"},{"@type":"ListItem","position":2,"name":"Prefeitura inaugura a nova avenida Dra. Marlene do Carmo Rossi"}]},{"@type":"WebSite","@id":"https:\/\/capivari.sp.gov.br\/portal\/#website","url":"https:\/\/capivari.sp.gov.br\/portal\/","name":"Prefeitura de Capivari","description":"Prefeitura de Capivari","publisher":{"@id":"https:\/\/capivari.sp.gov.br\/portal\/#organization"},"potentialAction":[{"@type":"SearchAction","target":{"@type":"EntryPoint","urlTemplate":"https:\/\/capivari.sp.gov.br\/portal\/?s={search_term_string}"},"query-input":{"@type":"PropertyValueSpecification","valueRequired":true,"valueName":"search_term_string"}}],"inLanguage":"pt-BR"},{"@type":"Organization","@id":"https:\/\/capivari.sp.gov.br\/portal\/#organization","name":"Prefeitura de Capivari","url":"https:\/\/capivari.sp.gov.br\/portal\/","logo":{"@type":"ImageObject","inLanguage":"pt-BR","@id":"https:\/\/capivari.sp.gov.br\/portal\/#\/schema\/logo\/image\/","url":"https:\/\/capivari.sp.gov.br\/portal\/wp-content\/uploads\/2021\/09\/logo-prefeitura-de-capivari.png","contentUrl":"https:\/\/capivari.sp.gov.br\/portal\/wp-content\/uploads\/2021\/09\/logo-prefeitura-de-capivari.png","width":200,"height":147,"caption":"Prefeitura de Capivari"},"image":{"@id":"https:\/\/capivari.sp.gov.br\/portal\/#\/schema\/logo\/image\/"},"sameAs":["https:\/\/www.facebook.com\/PrefeituradeCapivari\/","https:\/\/x.com\/PrefCapivari","https:\/\/www.instagram.com\/prefeituracapivari\/"]},{"@type":"Person","@id":"https:\/\/capivari.sp.gov.br\/portal\/#\/schema\/person\/98801614a91d449946b0687ae2db9f29","name":"Thalles Cristiano","image":{"@type":"ImageObject","inLanguage":"pt-BR","@id":"https:\/\/secure.gravatar.com\/avatar\/0d1b9a4bdcde99ab11a8cd27abdcd088993749b82c4355c0301135023dc52b3d?s=96&d=mm&r=g","url":"https:\/\/secure.gravatar.com\/avatar\/0d1b9a4bdcde99ab11a8cd27abdcd088993749b82c4355c0301135023dc52b3d?s=96&d=mm&r=g","contentUrl":"https:\/\/secure.gravatar.com\/avatar\/0d1b9a4bdcde99ab11a8cd27abdcd088993749b82c4355c0301135023dc52b3d?s=96&d=mm&r=g","caption":"Thalles Cristiano"},"url":"https:\/\/capivari.sp.gov.br\/portal\/author\/thalles-cristiano\/"}]}},"_links":{"self":[{"href":"https:\/\/capivari.sp.gov.br\/portal\/wp-json\/wp\/v2\/posts\/13178","targetHints":{"allow":["GET"]}}],"collection":[{"href":"https:\/\/capivari.sp.gov.br\/portal\/wp-json\/wp\/v2\/posts"}],"about":[{"href":"https:\/\/capivari.sp.gov.br\/portal\/wp-json\/wp\/v2\/types\/post"}],"author":[{"embeddable":true,"href":"https:\/\/capivari.sp.gov.br\/portal\/wp-json\/wp\/v2\/users\/2"}],"replies":[{"embeddable":true,"href":"https:\/\/capivari.sp.gov.br\/portal\/wp-json\/wp\/v2\/comments?post=13178"}],"version-history":[{"count":1,"href":"https:\/\/capivari.sp.gov.br\/portal\/wp-json\/wp\/v2\/posts\/13178\/revisions"}],"predecessor-version":[{"id":13180,"href":"https:\/\/capivari.sp.gov.br\/portal\/wp-json\/wp\/v2\/posts\/13178\/revisions\/13180"}],"wp:featuredmedia":[{"embeddable":true,"href":"https:\/\/capivari.sp.gov.br\/portal\/wp-json\/wp\/v2\/media\/13179"}],"wp:attachment":[{"href":"https:\/\/capivari.sp.gov.br\/portal\/wp-json\/wp\/v2\/media?parent=13178"}],"wp:term":[{"taxonomy":"category","embeddable":true,"href":"https:\/\/capivari.sp.gov.br\/portal\/wp-json\/wp\/v2\/categories?post=13178"},{"taxonomy":"post_tag","embeddable":true,"href":"https:\/\/capivari.sp.gov.br\/portal\/wp-json\/wp\/v2\/tags?post=13178"}],"curies":[{"name":"wp","href":"https:\/\/api.w.org\/{rel}","templated":true}]}}