{"id":13533,"date":"2023-08-08T16:22:34","date_gmt":"2023-08-08T19:22:34","guid":{"rendered":"https:\/\/capivari.sp.gov.br\/portal\/?p=13533"},"modified":"2023-08-08T16:22:34","modified_gmt":"2023-08-08T19:22:34","slug":"prefeito-vitao-riccomini-e-vice-prefeito-bruno-barnabe-inauguram-a-nova-sede-do-desenvolvimento-urbano-nesta-quinta-feira-dia-10","status":"publish","type":"post","link":"https:\/\/capivari.sp.gov.br\/portal\/prefeito-vitao-riccomini-e-vice-prefeito-bruno-barnabe-inauguram-a-nova-sede-do-desenvolvimento-urbano-nesta-quinta-feira-dia-10\/","title":{"rendered":"Prefeito Vit\u00e3o Riccomini e vice-prefeito Bruno Barnab\u00e9 inauguram a nova sede do Desenvolvimento Urbano nesta quinta-feira, dia 10"},"content":{"rendered":"<p>A Secretaria de Desenvolvimento Urbano est\u00e1 de casa nova, com espa\u00e7o adequado e totalmente equipado com tudo aquilo que nossos profissionais precisam para cuidar da nossa cidade. A inaugura\u00e7\u00e3o da nova sede acontece na pr\u00f3xima quinta-feira, dia 10, a partir das 8h, na avenida Rodrigues Alves, 879, sentido Mombuca.<\/p>\n<p>Por muito tempo, a Secretaria de Desenvolvimento Urbano, uma das mais importantes para o funcionamento do nosso munic\u00edpio, ficou esquecida e com um espa\u00e7o de trabalho prec\u00e1rio para os trabalhadores que ajudam todos os dias a construir, modificar e cuidar de Capivari. Um grande barrac\u00e3o, inclusive, foi tomado por pombas. Os demais locais tamb\u00e9m contavam com in\u00fameros problemas estruturais, que colocam em risco a integridade de quem trabalha por l\u00e1. Os profissionais da pasta relataram toda a tristeza de vivenciar diariamente essa situa\u00e7\u00e3o e as dificuldades existentes no trabalho realizado no atual espa\u00e7o.<\/p>\n<p>O novo espa\u00e7o conta com uma infraestrutura \u00e0 altura da import\u00e2ncia do trabalho desenvolvido pelo Desenvolvimento Urbano, com espa\u00e7o moderno e funcional, projetado para atender \u00e0s necessidades dos profissionais e da popula\u00e7\u00e3o. A nova sede tamb\u00e9m possibilita uma maior agilidade e efici\u00eancia na realiza\u00e7\u00e3o dos projetos e a\u00e7\u00f5es em benef\u00edcio da cidade. Os profissionais agora disp\u00f5em de um ambiente estimulante e colaborativo, que favorece a inova\u00e7\u00e3o e a troca de ideias.<\/p>\n<p>A nova sede do Desenvolvimento Urbano tamb\u00e9m tem um novo nome, prestando uma justa homenagem a Benedito Donisete Bueno (Zete), que por muitos anos foi figura fundamental na estrutura do Desenvolvimento Urbano. A C\u00e2mara dos Vereadores de Capivari aprovou a homenagem, com a proposi\u00e7\u00e3o realizada pelo vereador Jos\u00e9 Eduardo Pacheco.<\/p>\n<p>Zete foi um grande apaixonado por futebol, honrando as cores do Capivariano por muitos anos, quando atuou como zagueiro pela equipe. Depois de pendurar as chuteiras, passou a vestir a camisa da Prefeitura de Capivari, ficando conhecido em toda a cidade como &#8220;Zete da Prefeitura&#8221;.<\/p>\n<p>Como servidor p\u00fablico municipal, dedicou grande parte de sua vida no setor de obras da cidade, na hoje denominada Secretaria de Desenvolvimento Urbano. Seu jeito brincalh\u00e3o, descontra\u00eddo era sua marca registrada, al\u00e9m do seu assovio caracter\u00edstico. Zete sempre estava \u00e0 disposi\u00e7\u00e3o para ajudar o pr\u00f3ximo, passando incont\u00e1veis dias e noites trabalhando ativamente em melhorias para a popula\u00e7\u00e3o capivariana.<\/p>\n<p>Pensando em proporcionar um ambiente digno de trabalho para os profissionais do Desenvolvimento Urbano, o prefeito Vit\u00e3o Riccomini, e o vice-prefeito, Bruno Barnab\u00e9, n\u00e3o mediram esfor\u00e7os. Vit\u00e3o conta que buscar um novo local para a Secretaria foi uma grande prioridade de sua administra\u00e7\u00e3o. \u201cTer um espa\u00e7o adequado para os profissionais e o reconhecimento, \u00e9 fundamental em uma equipe. Uma Secretaria n\u00e3o pode ficar esquecida, principalmente quando pensamos na import\u00e2ncia para o crescimento e desenvolvimento do munic\u00edpio\u201d, disse o prefeito.<\/p>\n<p>A mudan\u00e7a de sede da Secretaria de Desenvolvimento Urbano de Capivari \u00e9 um marco para o desenvolvimento da nossa cidade. Gra\u00e7as \u00e0 nova sede, a Secretaria j\u00e1 entrega resultados expressivos nas obras em andamento por toda a cidade. As melhorias por toda Capivari n\u00e3o param. Com uma nova estrutura totalmente equipada e profissionais capacitados, estamos transformando o presente e construindo o futuro de Capivari!<\/p>\n<p>Para mais informa\u00e7\u00f5es ou solicita\u00e7\u00f5es, a Secretaria atende pelo (19) 3491-5039, de segunda a sexta-feira, das 08h30 \u00e0s 16h30.<\/p>\n<p>Prefeitura de Capivari. Transformando o presente, construindo\u00a0o\u00a0futuro.<\/p>\n","protected":false},"excerpt":{"rendered":"<p>A Secretaria de Desenvolvimento Urbano est\u00e1 de casa nova, com espa\u00e7o adequado e totalmente equipado com tudo aquilo que nossos profissionais precisam para cuidar da nossa cidade. A inaugura\u00e7\u00e3o da nova sede acontece na pr\u00f3xima quinta-feira, dia 10, a partir das 8h, na avenida Rodrigues Alves, 879, sentido Mombuca. Por muito tempo, a Secretaria de [&hellip;]<\/p>\n","protected":false},"author":16,"featured_media":13534,"comment_status":"open","ping_status":"open","sticky":false,"template":"","format":"standard","meta":{"ocean_post_layout":"","ocean_both_sidebars_style":"","ocean_both_sidebars_content_width":0,"ocean_both_sidebars_sidebars_width":0,"ocean_sidebar":"","ocean_second_sidebar":"","ocean_disable_margins":"enable","ocean_add_body_class":"","ocean_shortcode_before_top_bar":"","ocean_shortcode_after_top_bar":"","ocean_shortcode_before_header":"","ocean_shortcode_after_header":"","ocean_has_shortcode":"","ocean_shortcode_after_title":"","ocean_shortcode_before_footer_widgets":"","ocean_shortcode_after_footer_widgets":"","ocean_shortcode_before_footer_bottom":"","ocean_shortcode_after_footer_bottom":"","ocean_display_top_bar":"default","ocean_display_header":"default","ocean_header_style":"","ocean_center_header_left_menu":"","ocean_custom_header_template":"","ocean_custom_logo":0,"ocean_custom_retina_logo":0,"ocean_custom_logo_max_width":0,"ocean_custom_logo_tablet_max_width":0,"ocean_custom_logo_mobile_max_width":0,"ocean_custom_logo_max_height":0,"ocean_custom_logo_tablet_max_height":0,"ocean_custom_logo_mobile_max_height":0,"ocean_header_custom_menu":"","ocean_menu_typo_font_family":"","ocean_menu_typo_font_subset":"","ocean_menu_typo_font_size":0,"ocean_menu_typo_font_size_tablet":0,"ocean_menu_typo_font_size_mobile":0,"ocean_menu_typo_font_size_unit":"px","ocean_menu_typo_font_weight":"","ocean_menu_typo_font_weight_tablet":"","ocean_menu_typo_font_weight_mobile":"","ocean_menu_typo_transform":"","ocean_menu_typo_transform_tablet":"","ocean_menu_typo_transform_mobile":"","ocean_menu_typo_line_height":0,"ocean_menu_typo_line_height_tablet":0,"ocean_menu_typo_line_height_mobile":0,"ocean_menu_typo_line_height_unit":"","ocean_menu_typo_spacing":0,"ocean_menu_typo_spacing_tablet":0,"ocean_menu_typo_spacing_mobile":0,"ocean_menu_typo_spacing_unit":"","ocean_menu_link_color":"","ocean_menu_link_color_hover":"","ocean_menu_link_color_active":"","ocean_menu_link_background":"","ocean_menu_link_hover_background":"","ocean_menu_link_active_background":"","ocean_menu_social_links_bg":"","ocean_menu_social_hover_links_bg":"","ocean_menu_social_links_color":"","ocean_menu_social_hover_links_color":"","ocean_disable_title":"default","ocean_disable_heading":"default","ocean_post_title":"","ocean_post_subheading":"","ocean_post_title_style":"","ocean_post_title_background_color":"","ocean_post_title_background":0,"ocean_post_title_bg_image_position":"","ocean_post_title_bg_image_attachment":"","ocean_post_title_bg_image_repeat":"","ocean_post_title_bg_image_size":"","ocean_post_title_height":0,"ocean_post_title_bg_overlay":0.5,"ocean_post_title_bg_overlay_color":"","ocean_disable_breadcrumbs":"default","ocean_breadcrumbs_color":"","ocean_breadcrumbs_separator_color":"","ocean_breadcrumbs_links_color":"","ocean_breadcrumbs_links_hover_color":"","ocean_display_footer_widgets":"default","ocean_display_footer_bottom":"default","ocean_custom_footer_template":"","ocean_post_oembed":"","ocean_post_self_hosted_media":"","ocean_post_video_embed":"","ocean_link_format":"","ocean_link_format_target":"self","ocean_quote_format":"","ocean_quote_format_link":"post","ocean_gallery_link_images":"off","ocean_gallery_id":[],"footnotes":""},"categories":[4,5,20],"tags":[],"class_list":["post-13533","post","type-post","status-publish","format-standard","has-post-thumbnail","hentry","category-destaque","category-geral","category-infraestrutura-e-logistica","entry","has-media"],"yoast_head":"<!-- This site is optimized with the Yoast SEO plugin v27.5 - https:\/\/yoast.com\/product\/yoast-seo-wordpress\/ -->\n<title>Prefeito Vit\u00e3o Riccomini e vice-prefeito Bruno Barnab\u00e9 inauguram a nova sede do Desenvolvimento Urbano nesta quinta-feira, dia 10 - Prefeitura de Capivari<\/title>\n<meta name=\"robots\" content=\"index, follow, max-snippet:-1, max-image-preview:large, max-video-preview:-1\" \/>\n<link rel=\"canonical\" href=\"https:\/\/capivari.sp.gov.br\/portal\/prefeito-vitao-riccomini-e-vice-prefeito-bruno-barnabe-inauguram-a-nova-sede-do-desenvolvimento-urbano-nesta-quinta-feira-dia-10\/\" \/>\n<meta property=\"og:locale\" content=\"pt_BR\" \/>\n<meta property=\"og:type\" content=\"article\" \/>\n<meta property=\"og:title\" content=\"Prefeito Vit\u00e3o Riccomini e vice-prefeito Bruno Barnab\u00e9 inauguram a nova sede do Desenvolvimento Urbano nesta quinta-feira, dia 10 - Prefeitura de Capivari\" \/>\n<meta property=\"og:description\" content=\"A Secretaria de Desenvolvimento Urbano est\u00e1 de casa nova, com espa\u00e7o adequado e totalmente equipado com tudo aquilo que nossos profissionais precisam para cuidar da nossa cidade. A inaugura\u00e7\u00e3o da nova sede acontece na pr\u00f3xima quinta-feira, dia 10, a partir das 8h, na avenida Rodrigues Alves, 879, sentido Mombuca. Por muito tempo, a Secretaria de [&hellip;]\" \/>\n<meta property=\"og:url\" content=\"https:\/\/capivari.sp.gov.br\/portal\/prefeito-vitao-riccomini-e-vice-prefeito-bruno-barnabe-inauguram-a-nova-sede-do-desenvolvimento-urbano-nesta-quinta-feira-dia-10\/\" \/>\n<meta property=\"og:site_name\" content=\"Prefeitura de Capivari\" \/>\n<meta property=\"article:publisher\" content=\"https:\/\/www.facebook.com\/PrefeituradeCapivari\/\" \/>\n<meta property=\"article:published_time\" content=\"2023-08-08T19:22:34+00:00\" \/>\n<meta property=\"og:image\" content=\"https:\/\/capivari.sp.gov.br\/portal\/wp-content\/uploads\/2023\/08\/IMG_1643-scaled.jpg\" \/>\n\t<meta property=\"og:image:width\" content=\"2560\" \/>\n\t<meta property=\"og:image:height\" content=\"1707\" \/>\n\t<meta property=\"og:image:type\" content=\"image\/jpeg\" \/>\n<meta name=\"author\" content=\"Leonardo Nocete\" \/>\n<meta name=\"twitter:card\" content=\"summary_large_image\" \/>\n<meta name=\"twitter:creator\" content=\"@PrefCapivari\" \/>\n<meta name=\"twitter:site\" content=\"@PrefCapivari\" \/>\n<meta name=\"twitter:label1\" content=\"Escrito por\" \/>\n\t<meta name=\"twitter:data1\" content=\"Leonardo Nocete\" \/>\n\t<meta name=\"twitter:label2\" content=\"Est. tempo de leitura\" \/>\n\t<meta name=\"twitter:data2\" content=\"3 minutos\" \/>\n<script type=\"application\/ld+json\" class=\"yoast-schema-graph\">{\"@context\":\"https:\\\/\\\/schema.org\",\"@graph\":[{\"@type\":\"Article\",\"@id\":\"https:\\\/\\\/capivari.sp.gov.br\\\/portal\\\/prefeito-vitao-riccomini-e-vice-prefeito-bruno-barnabe-inauguram-a-nova-sede-do-desenvolvimento-urbano-nesta-quinta-feira-dia-10\\\/#article\",\"isPartOf\":{\"@id\":\"https:\\\/\\\/capivari.sp.gov.br\\\/portal\\\/prefeito-vitao-riccomini-e-vice-prefeito-bruno-barnabe-inauguram-a-nova-sede-do-desenvolvimento-urbano-nesta-quinta-feira-dia-10\\\/\"},\"author\":{\"name\":\"Leonardo Nocete\",\"@id\":\"https:\\\/\\\/capivari.sp.gov.br\\\/portal\\\/#\\\/schema\\\/person\\\/2370456f508b3c5850854ed47030a88b\"},\"headline\":\"Prefeito Vit\u00e3o Riccomini e vice-prefeito Bruno Barnab\u00e9 inauguram a nova sede do Desenvolvimento Urbano nesta quinta-feira, dia 10\",\"datePublished\":\"2023-08-08T19:22:34+00:00\",\"mainEntityOfPage\":{\"@id\":\"https:\\\/\\\/capivari.sp.gov.br\\\/portal\\\/prefeito-vitao-riccomini-e-vice-prefeito-bruno-barnabe-inauguram-a-nova-sede-do-desenvolvimento-urbano-nesta-quinta-feira-dia-10\\\/\"},\"wordCount\":595,\"commentCount\":0,\"publisher\":{\"@id\":\"https:\\\/\\\/capivari.sp.gov.br\\\/portal\\\/#organization\"},\"image\":{\"@id\":\"https:\\\/\\\/capivari.sp.gov.br\\\/portal\\\/prefeito-vitao-riccomini-e-vice-prefeito-bruno-barnabe-inauguram-a-nova-sede-do-desenvolvimento-urbano-nesta-quinta-feira-dia-10\\\/#primaryimage\"},\"thumbnailUrl\":\"https:\\\/\\\/capivari.sp.gov.br\\\/portal\\\/wp-content\\\/uploads\\\/2023\\\/08\\\/IMG_1643-scaled.jpg\",\"articleSection\":[\"Destaque\",\"Geral\",\"Infraestrutura e Logistica\"],\"inLanguage\":\"pt-BR\",\"potentialAction\":[{\"@type\":\"CommentAction\",\"name\":\"Comment\",\"target\":[\"https:\\\/\\\/capivari.sp.gov.br\\\/portal\\\/prefeito-vitao-riccomini-e-vice-prefeito-bruno-barnabe-inauguram-a-nova-sede-do-desenvolvimento-urbano-nesta-quinta-feira-dia-10\\\/#respond\"]}]},{\"@type\":\"WebPage\",\"@id\":\"https:\\\/\\\/capivari.sp.gov.br\\\/portal\\\/prefeito-vitao-riccomini-e-vice-prefeito-bruno-barnabe-inauguram-a-nova-sede-do-desenvolvimento-urbano-nesta-quinta-feira-dia-10\\\/\",\"url\":\"https:\\\/\\\/capivari.sp.gov.br\\\/portal\\\/prefeito-vitao-riccomini-e-vice-prefeito-bruno-barnabe-inauguram-a-nova-sede-do-desenvolvimento-urbano-nesta-quinta-feira-dia-10\\\/\",\"name\":\"Prefeito Vit\u00e3o Riccomini e vice-prefeito Bruno Barnab\u00e9 inauguram a nova sede do Desenvolvimento Urbano nesta quinta-feira, dia 10 - Prefeitura de Capivari\",\"isPartOf\":{\"@id\":\"https:\\\/\\\/capivari.sp.gov.br\\\/portal\\\/#website\"},\"primaryImageOfPage\":{\"@id\":\"https:\\\/\\\/capivari.sp.gov.br\\\/portal\\\/prefeito-vitao-riccomini-e-vice-prefeito-bruno-barnabe-inauguram-a-nova-sede-do-desenvolvimento-urbano-nesta-quinta-feira-dia-10\\\/#primaryimage\"},\"image\":{\"@id\":\"https:\\\/\\\/capivari.sp.gov.br\\\/portal\\\/prefeito-vitao-riccomini-e-vice-prefeito-bruno-barnabe-inauguram-a-nova-sede-do-desenvolvimento-urbano-nesta-quinta-feira-dia-10\\\/#primaryimage\"},\"thumbnailUrl\":\"https:\\\/\\\/capivari.sp.gov.br\\\/portal\\\/wp-content\\\/uploads\\\/2023\\\/08\\\/IMG_1643-scaled.jpg\",\"datePublished\":\"2023-08-08T19:22:34+00:00\",\"breadcrumb\":{\"@id\":\"https:\\\/\\\/capivari.sp.gov.br\\\/portal\\\/prefeito-vitao-riccomini-e-vice-prefeito-bruno-barnabe-inauguram-a-nova-sede-do-desenvolvimento-urbano-nesta-quinta-feira-dia-10\\\/#breadcrumb\"},\"inLanguage\":\"pt-BR\",\"potentialAction\":[{\"@type\":\"ReadAction\",\"target\":[\"https:\\\/\\\/capivari.sp.gov.br\\\/portal\\\/prefeito-vitao-riccomini-e-vice-prefeito-bruno-barnabe-inauguram-a-nova-sede-do-desenvolvimento-urbano-nesta-quinta-feira-dia-10\\\/\"]}]},{\"@type\":\"ImageObject\",\"inLanguage\":\"pt-BR\",\"@id\":\"https:\\\/\\\/capivari.sp.gov.br\\\/portal\\\/prefeito-vitao-riccomini-e-vice-prefeito-bruno-barnabe-inauguram-a-nova-sede-do-desenvolvimento-urbano-nesta-quinta-feira-dia-10\\\/#primaryimage\",\"url\":\"https:\\\/\\\/capivari.sp.gov.br\\\/portal\\\/wp-content\\\/uploads\\\/2023\\\/08\\\/IMG_1643-scaled.jpg\",\"contentUrl\":\"https:\\\/\\\/capivari.sp.gov.br\\\/portal\\\/wp-content\\\/uploads\\\/2023\\\/08\\\/IMG_1643-scaled.jpg\",\"width\":2560,\"height\":1707},{\"@type\":\"BreadcrumbList\",\"@id\":\"https:\\\/\\\/capivari.sp.gov.br\\\/portal\\\/prefeito-vitao-riccomini-e-vice-prefeito-bruno-barnabe-inauguram-a-nova-sede-do-desenvolvimento-urbano-nesta-quinta-feira-dia-10\\\/#breadcrumb\",\"itemListElement\":[{\"@type\":\"ListItem\",\"position\":1,\"name\":\"In\u00edcio\",\"item\":\"https:\\\/\\\/capivari.sp.gov.br\\\/portal\\\/\"},{\"@type\":\"ListItem\",\"position\":2,\"name\":\"Prefeito Vit\u00e3o Riccomini e vice-prefeito Bruno Barnab\u00e9 inauguram a nova sede do Desenvolvimento Urbano nesta quinta-feira, dia 10\"}]},{\"@type\":\"WebSite\",\"@id\":\"https:\\\/\\\/capivari.sp.gov.br\\\/portal\\\/#website\",\"url\":\"https:\\\/\\\/capivari.sp.gov.br\\\/portal\\\/\",\"name\":\"Prefeitura de Capivari\",\"description\":\"Prefeitura de Capivari\",\"publisher\":{\"@id\":\"https:\\\/\\\/capivari.sp.gov.br\\\/portal\\\/#organization\"},\"potentialAction\":[{\"@type\":\"SearchAction\",\"target\":{\"@type\":\"EntryPoint\",\"urlTemplate\":\"https:\\\/\\\/capivari.sp.gov.br\\\/portal\\\/?s={search_term_string}\"},\"query-input\":{\"@type\":\"PropertyValueSpecification\",\"valueRequired\":true,\"valueName\":\"search_term_string\"}}],\"inLanguage\":\"pt-BR\"},{\"@type\":\"Organization\",\"@id\":\"https:\\\/\\\/capivari.sp.gov.br\\\/portal\\\/#organization\",\"name\":\"Prefeitura de Capivari\",\"url\":\"https:\\\/\\\/capivari.sp.gov.br\\\/portal\\\/\",\"logo\":{\"@type\":\"ImageObject\",\"inLanguage\":\"pt-BR\",\"@id\":\"https:\\\/\\\/capivari.sp.gov.br\\\/portal\\\/#\\\/schema\\\/logo\\\/image\\\/\",\"url\":\"https:\\\/\\\/capivari.sp.gov.br\\\/portal\\\/wp-content\\\/uploads\\\/2021\\\/09\\\/logo-prefeitura-de-capivari.png\",\"contentUrl\":\"https:\\\/\\\/capivari.sp.gov.br\\\/portal\\\/wp-content\\\/uploads\\\/2021\\\/09\\\/logo-prefeitura-de-capivari.png\",\"width\":200,\"height\":147,\"caption\":\"Prefeitura de Capivari\"},\"image\":{\"@id\":\"https:\\\/\\\/capivari.sp.gov.br\\\/portal\\\/#\\\/schema\\\/logo\\\/image\\\/\"},\"sameAs\":[\"https:\\\/\\\/www.facebook.com\\\/PrefeituradeCapivari\\\/\",\"https:\\\/\\\/x.com\\\/PrefCapivari\",\"https:\\\/\\\/www.instagram.com\\\/prefeituracapivari\\\/\"]},{\"@type\":\"Person\",\"@id\":\"https:\\\/\\\/capivari.sp.gov.br\\\/portal\\\/#\\\/schema\\\/person\\\/2370456f508b3c5850854ed47030a88b\",\"name\":\"Leonardo Nocete\",\"image\":{\"@type\":\"ImageObject\",\"inLanguage\":\"pt-BR\",\"@id\":\"https:\\\/\\\/secure.gravatar.com\\\/avatar\\\/e50b6c0a6caf8425503f25a4072837dc2d91e4c4b86cc138a8a1c35de11f7b69?s=96&d=mm&r=g\",\"url\":\"https:\\\/\\\/secure.gravatar.com\\\/avatar\\\/e50b6c0a6caf8425503f25a4072837dc2d91e4c4b86cc138a8a1c35de11f7b69?s=96&d=mm&r=g\",\"contentUrl\":\"https:\\\/\\\/secure.gravatar.com\\\/avatar\\\/e50b6c0a6caf8425503f25a4072837dc2d91e4c4b86cc138a8a1c35de11f7b69?s=96&d=mm&r=g\",\"caption\":\"Leonardo Nocete\"},\"url\":\"https:\\\/\\\/capivari.sp.gov.br\\\/portal\\\/author\\\/leonardo-nocete\\\/\"}]}<\/script>\n<!-- \/ Yoast SEO plugin. -->","yoast_head_json":{"title":"Prefeito Vit\u00e3o Riccomini e vice-prefeito Bruno Barnab\u00e9 inauguram a nova sede do Desenvolvimento Urbano nesta quinta-feira, dia 10 - Prefeitura de Capivari","robots":{"index":"index","follow":"follow","max-snippet":"max-snippet:-1","max-image-preview":"max-image-preview:large","max-video-preview":"max-video-preview:-1"},"canonical":"https:\/\/capivari.sp.gov.br\/portal\/prefeito-vitao-riccomini-e-vice-prefeito-bruno-barnabe-inauguram-a-nova-sede-do-desenvolvimento-urbano-nesta-quinta-feira-dia-10\/","og_locale":"pt_BR","og_type":"article","og_title":"Prefeito Vit\u00e3o Riccomini e vice-prefeito Bruno Barnab\u00e9 inauguram a nova sede do Desenvolvimento Urbano nesta quinta-feira, dia 10 - Prefeitura de Capivari","og_description":"A Secretaria de Desenvolvimento Urbano est\u00e1 de casa nova, com espa\u00e7o adequado e totalmente equipado com tudo aquilo que nossos profissionais precisam para cuidar da nossa cidade. A inaugura\u00e7\u00e3o da nova sede acontece na pr\u00f3xima quinta-feira, dia 10, a partir das 8h, na avenida Rodrigues Alves, 879, sentido Mombuca. Por muito tempo, a Secretaria de [&hellip;]","og_url":"https:\/\/capivari.sp.gov.br\/portal\/prefeito-vitao-riccomini-e-vice-prefeito-bruno-barnabe-inauguram-a-nova-sede-do-desenvolvimento-urbano-nesta-quinta-feira-dia-10\/","og_site_name":"Prefeitura de Capivari","article_publisher":"https:\/\/www.facebook.com\/PrefeituradeCapivari\/","article_published_time":"2023-08-08T19:22:34+00:00","og_image":[{"width":2560,"height":1707,"url":"https:\/\/capivari.sp.gov.br\/portal\/wp-content\/uploads\/2023\/08\/IMG_1643-scaled.jpg","type":"image\/jpeg"}],"author":"Leonardo Nocete","twitter_card":"summary_large_image","twitter_creator":"@PrefCapivari","twitter_site":"@PrefCapivari","twitter_misc":{"Escrito por":"Leonardo Nocete","Est. tempo de leitura":"3 minutos"},"schema":{"@context":"https:\/\/schema.org","@graph":[{"@type":"Article","@id":"https:\/\/capivari.sp.gov.br\/portal\/prefeito-vitao-riccomini-e-vice-prefeito-bruno-barnabe-inauguram-a-nova-sede-do-desenvolvimento-urbano-nesta-quinta-feira-dia-10\/#article","isPartOf":{"@id":"https:\/\/capivari.sp.gov.br\/portal\/prefeito-vitao-riccomini-e-vice-prefeito-bruno-barnabe-inauguram-a-nova-sede-do-desenvolvimento-urbano-nesta-quinta-feira-dia-10\/"},"author":{"name":"Leonardo Nocete","@id":"https:\/\/capivari.sp.gov.br\/portal\/#\/schema\/person\/2370456f508b3c5850854ed47030a88b"},"headline":"Prefeito Vit\u00e3o Riccomini e vice-prefeito Bruno Barnab\u00e9 inauguram a nova sede do Desenvolvimento Urbano nesta quinta-feira, dia 10","datePublished":"2023-08-08T19:22:34+00:00","mainEntityOfPage":{"@id":"https:\/\/capivari.sp.gov.br\/portal\/prefeito-vitao-riccomini-e-vice-prefeito-bruno-barnabe-inauguram-a-nova-sede-do-desenvolvimento-urbano-nesta-quinta-feira-dia-10\/"},"wordCount":595,"commentCount":0,"publisher":{"@id":"https:\/\/capivari.sp.gov.br\/portal\/#organization"},"image":{"@id":"https:\/\/capivari.sp.gov.br\/portal\/prefeito-vitao-riccomini-e-vice-prefeito-bruno-barnabe-inauguram-a-nova-sede-do-desenvolvimento-urbano-nesta-quinta-feira-dia-10\/#primaryimage"},"thumbnailUrl":"https:\/\/capivari.sp.gov.br\/portal\/wp-content\/uploads\/2023\/08\/IMG_1643-scaled.jpg","articleSection":["Destaque","Geral","Infraestrutura e Logistica"],"inLanguage":"pt-BR","potentialAction":[{"@type":"CommentAction","name":"Comment","target":["https:\/\/capivari.sp.gov.br\/portal\/prefeito-vitao-riccomini-e-vice-prefeito-bruno-barnabe-inauguram-a-nova-sede-do-desenvolvimento-urbano-nesta-quinta-feira-dia-10\/#respond"]}]},{"@type":"WebPage","@id":"https:\/\/capivari.sp.gov.br\/portal\/prefeito-vitao-riccomini-e-vice-prefeito-bruno-barnabe-inauguram-a-nova-sede-do-desenvolvimento-urbano-nesta-quinta-feira-dia-10\/","url":"https:\/\/capivari.sp.gov.br\/portal\/prefeito-vitao-riccomini-e-vice-prefeito-bruno-barnabe-inauguram-a-nova-sede-do-desenvolvimento-urbano-nesta-quinta-feira-dia-10\/","name":"Prefeito Vit\u00e3o Riccomini e vice-prefeito Bruno Barnab\u00e9 inauguram a nova sede do Desenvolvimento Urbano nesta quinta-feira, dia 10 - Prefeitura de Capivari","isPartOf":{"@id":"https:\/\/capivari.sp.gov.br\/portal\/#website"},"primaryImageOfPage":{"@id":"https:\/\/capivari.sp.gov.br\/portal\/prefeito-vitao-riccomini-e-vice-prefeito-bruno-barnabe-inauguram-a-nova-sede-do-desenvolvimento-urbano-nesta-quinta-feira-dia-10\/#primaryimage"},"image":{"@id":"https:\/\/capivari.sp.gov.br\/portal\/prefeito-vitao-riccomini-e-vice-prefeito-bruno-barnabe-inauguram-a-nova-sede-do-desenvolvimento-urbano-nesta-quinta-feira-dia-10\/#primaryimage"},"thumbnailUrl":"https:\/\/capivari.sp.gov.br\/portal\/wp-content\/uploads\/2023\/08\/IMG_1643-scaled.jpg","datePublished":"2023-08-08T19:22:34+00:00","breadcrumb":{"@id":"https:\/\/capivari.sp.gov.br\/portal\/prefeito-vitao-riccomini-e-vice-prefeito-bruno-barnabe-inauguram-a-nova-sede-do-desenvolvimento-urbano-nesta-quinta-feira-dia-10\/#breadcrumb"},"inLanguage":"pt-BR","potentialAction":[{"@type":"ReadAction","target":["https:\/\/capivari.sp.gov.br\/portal\/prefeito-vitao-riccomini-e-vice-prefeito-bruno-barnabe-inauguram-a-nova-sede-do-desenvolvimento-urbano-nesta-quinta-feira-dia-10\/"]}]},{"@type":"ImageObject","inLanguage":"pt-BR","@id":"https:\/\/capivari.sp.gov.br\/portal\/prefeito-vitao-riccomini-e-vice-prefeito-bruno-barnabe-inauguram-a-nova-sede-do-desenvolvimento-urbano-nesta-quinta-feira-dia-10\/#primaryimage","url":"https:\/\/capivari.sp.gov.br\/portal\/wp-content\/uploads\/2023\/08\/IMG_1643-scaled.jpg","contentUrl":"https:\/\/capivari.sp.gov.br\/portal\/wp-content\/uploads\/2023\/08\/IMG_1643-scaled.jpg","width":2560,"height":1707},{"@type":"BreadcrumbList","@id":"https:\/\/capivari.sp.gov.br\/portal\/prefeito-vitao-riccomini-e-vice-prefeito-bruno-barnabe-inauguram-a-nova-sede-do-desenvolvimento-urbano-nesta-quinta-feira-dia-10\/#breadcrumb","itemListElement":[{"@type":"ListItem","position":1,"name":"In\u00edcio","item":"https:\/\/capivari.sp.gov.br\/portal\/"},{"@type":"ListItem","position":2,"name":"Prefeito Vit\u00e3o Riccomini e vice-prefeito Bruno Barnab\u00e9 inauguram a nova sede do Desenvolvimento Urbano nesta quinta-feira, dia 10"}]},{"@type":"WebSite","@id":"https:\/\/capivari.sp.gov.br\/portal\/#website","url":"https:\/\/capivari.sp.gov.br\/portal\/","name":"Prefeitura de Capivari","description":"Prefeitura de Capivari","publisher":{"@id":"https:\/\/capivari.sp.gov.br\/portal\/#organization"},"potentialAction":[{"@type":"SearchAction","target":{"@type":"EntryPoint","urlTemplate":"https:\/\/capivari.sp.gov.br\/portal\/?s={search_term_string}"},"query-input":{"@type":"PropertyValueSpecification","valueRequired":true,"valueName":"search_term_string"}}],"inLanguage":"pt-BR"},{"@type":"Organization","@id":"https:\/\/capivari.sp.gov.br\/portal\/#organization","name":"Prefeitura de Capivari","url":"https:\/\/capivari.sp.gov.br\/portal\/","logo":{"@type":"ImageObject","inLanguage":"pt-BR","@id":"https:\/\/capivari.sp.gov.br\/portal\/#\/schema\/logo\/image\/","url":"https:\/\/capivari.sp.gov.br\/portal\/wp-content\/uploads\/2021\/09\/logo-prefeitura-de-capivari.png","contentUrl":"https:\/\/capivari.sp.gov.br\/portal\/wp-content\/uploads\/2021\/09\/logo-prefeitura-de-capivari.png","width":200,"height":147,"caption":"Prefeitura de Capivari"},"image":{"@id":"https:\/\/capivari.sp.gov.br\/portal\/#\/schema\/logo\/image\/"},"sameAs":["https:\/\/www.facebook.com\/PrefeituradeCapivari\/","https:\/\/x.com\/PrefCapivari","https:\/\/www.instagram.com\/prefeituracapivari\/"]},{"@type":"Person","@id":"https:\/\/capivari.sp.gov.br\/portal\/#\/schema\/person\/2370456f508b3c5850854ed47030a88b","name":"Leonardo Nocete","image":{"@type":"ImageObject","inLanguage":"pt-BR","@id":"https:\/\/secure.gravatar.com\/avatar\/e50b6c0a6caf8425503f25a4072837dc2d91e4c4b86cc138a8a1c35de11f7b69?s=96&d=mm&r=g","url":"https:\/\/secure.gravatar.com\/avatar\/e50b6c0a6caf8425503f25a4072837dc2d91e4c4b86cc138a8a1c35de11f7b69?s=96&d=mm&r=g","contentUrl":"https:\/\/secure.gravatar.com\/avatar\/e50b6c0a6caf8425503f25a4072837dc2d91e4c4b86cc138a8a1c35de11f7b69?s=96&d=mm&r=g","caption":"Leonardo Nocete"},"url":"https:\/\/capivari.sp.gov.br\/portal\/author\/leonardo-nocete\/"}]}},"_links":{"self":[{"href":"https:\/\/capivari.sp.gov.br\/portal\/wp-json\/wp\/v2\/posts\/13533","targetHints":{"allow":["GET"]}}],"collection":[{"href":"https:\/\/capivari.sp.gov.br\/portal\/wp-json\/wp\/v2\/posts"}],"about":[{"href":"https:\/\/capivari.sp.gov.br\/portal\/wp-json\/wp\/v2\/types\/post"}],"author":[{"embeddable":true,"href":"https:\/\/capivari.sp.gov.br\/portal\/wp-json\/wp\/v2\/users\/16"}],"replies":[{"embeddable":true,"href":"https:\/\/capivari.sp.gov.br\/portal\/wp-json\/wp\/v2\/comments?post=13533"}],"version-history":[{"count":1,"href":"https:\/\/capivari.sp.gov.br\/portal\/wp-json\/wp\/v2\/posts\/13533\/revisions"}],"predecessor-version":[{"id":13535,"href":"https:\/\/capivari.sp.gov.br\/portal\/wp-json\/wp\/v2\/posts\/13533\/revisions\/13535"}],"wp:featuredmedia":[{"embeddable":true,"href":"https:\/\/capivari.sp.gov.br\/portal\/wp-json\/wp\/v2\/media\/13534"}],"wp:attachment":[{"href":"https:\/\/capivari.sp.gov.br\/portal\/wp-json\/wp\/v2\/media?parent=13533"}],"wp:term":[{"taxonomy":"category","embeddable":true,"href":"https:\/\/capivari.sp.gov.br\/portal\/wp-json\/wp\/v2\/categories?post=13533"},{"taxonomy":"post_tag","embeddable":true,"href":"https:\/\/capivari.sp.gov.br\/portal\/wp-json\/wp\/v2\/tags?post=13533"}],"curies":[{"name":"wp","href":"https:\/\/api.w.org\/{rel}","templated":true}]}}