{"id":13601,"date":"2023-08-10T14:19:37","date_gmt":"2023-08-10T17:19:37","guid":{"rendered":"https:\/\/capivari.sp.gov.br\/portal\/?p=13601"},"modified":"2023-08-11T09:23:20","modified_gmt":"2023-08-11T12:23:20","slug":"prefeito-vitao-riccomini-anuncia-noite-beneficente-no-1o-expo-agro-capivari-vendas-de-ingressos-comecam-nesta-quinta-feira-dia-10-pela-internet-e-em-comercios-credenciados","status":"publish","type":"post","link":"https:\/\/capivari.sp.gov.br\/portal\/prefeito-vitao-riccomini-anuncia-noite-beneficente-no-1o-expo-agro-capivari-vendas-de-ingressos-comecam-nesta-quinta-feira-dia-10-pela-internet-e-em-comercios-credenciados\/","title":{"rendered":"Prefeito Vit\u00e3o Riccomini anuncia noite beneficente no 1\u00ba Expo Agro Capivari; Vendas de ingressos come\u00e7am nesta quinta-feira, dia 10, pela internet e em com\u00e9rcios credenciados"},"content":{"rendered":"<p><span style=\"font-family: Arial, sans-serif;\"><span style=\"font-size: large;\">O prefeito Vit\u00e3o Riccomini anunciou na noite da \u00faltima quarta-feira, dia 09, que a primeira noite do 1\u00ba Expo Agro Capivari, no dia 19 de outubro, ser\u00e1 beneficente. A entrada para este dia ser\u00e1 um quilo de alimento <\/span><\/span><span style=\"font-family: Arial, sans-serif;\"><span style=\"font-size: large;\">n\u00e3o perec\u00edvel<\/span><\/span><span style=\"font-family: Arial, sans-serif;\"><span style=\"font-size: large;\">, que ser\u00e1 doado para institui\u00e7\u00f5es do munic\u00edpio.<\/span><\/span><\/p>\n<p>\u201cNesta abertura do evento, que ter\u00e1 como atra\u00e7\u00e3o a dupla Clayton &amp; Rom\u00e1rio, vamos ter um quilo de alimento como entrada, permitindo que o povo de Capivari possa se divertir com um belo show e ainda ajudar as pessoas que est\u00e3o passando alguma necessidade alimentar\u201d, comentou Vit\u00e3o.<\/p>\n<p>Os ingressos para os outros dias do 1\u00ba Expo Agro Capivari, que ser\u00e1 realizado entre os dias 19 e 21 de outubro, no Portal da Cidade, ao lado da C\u00e2mara Municipal, come\u00e7aram a ser vendidos nest<span style=\"font-family: Arial, sans-serif;\"><span style=\"font-size: large;\">a<\/span><\/span><span style=\"font-family: Arial, sans-serif;\"><span style=\"font-size: large;\"> quinta-feira, dia 10 de agosto. As entradas podem ser adquiridas atrav\u00e9s do site especializado Quero2Ingressos (<a href=\"https:\/\/quero2ingressos.com.br\/\">https:\/\/quero2ingressos.com.br\/<\/a>), por valores que v\u00e3o de R$ 25 (meia entrada do 1\u00ba lote) a R$ 350 (frontstage com open bar &#8211; passaporte para todos os dias). As entradas tamb\u00e9m est\u00e3o dispon\u00edveis em pontos fixos, como a Esporte Total <\/span><\/span><span style=\"font-family: Arial, sans-serif;\"><span style=\"font-size: large;\">Plus<\/span><\/span><span style=\"font-family: Arial, sans-serif;\"><span style=\"font-size: large;\">, <\/span><\/span><span style=\"font-family: Arial, sans-serif;\"><span style=\"font-size: large;\">Esporte Total Confort, <\/span><\/span><span style=\"font-family: Arial, sans-serif;\"><span style=\"font-size: large;\">Agro Cap e P2 Consultoria Imobili\u00e1ria, <\/span><\/span><span style=\"font-family: Arial, sans-serif;\"><span style=\"font-size: large;\">em Capivari, al\u00e9m <\/span><\/span><span style=\"font-family: Arial, sans-serif;\"><span style=\"font-size: large;\">dos munic\u00edpios de Piracicaba <\/span><\/span><span style=\"font-family: Arial, sans-serif;\"><span style=\"font-size: large;\">(Estamplacas)<\/span><\/span><span style=\"font-family: Arial, sans-serif;\"><span style=\"font-size: large;\">, Rio das Pedras <\/span><\/span><span style=\"font-family: Arial, sans-serif;\"><span style=\"font-size: large;\">(Lua de Mel Magazine)<\/span><\/span><span style=\"font-family: Arial, sans-serif;\"><span style=\"font-size: large;\">, Elias Fausto <\/span><\/span><span style=\"font-family: Arial, sans-serif;\"><span style=\"font-size: large;\">(Loja Camargo)<\/span><\/span><span style=\"font-family: Arial, sans-serif;\"><span style=\"font-size: large;\">, Monte Mor <\/span><\/span><span style=\"font-family: Arial, sans-serif;\"><span style=\"font-size: large;\">(Monte Mor Moda Country)<\/span><\/span><span style=\"font-family: Arial, sans-serif;\"><span style=\"font-size: large;\"> e Tiet\u00ea <\/span><\/span><span style=\"font-family: Arial, sans-serif;\"><span style=\"font-size: large;\">(Megamax TI)<\/span><\/span><span style=\"font-family: Arial, sans-serif;\"><span style=\"font-size: large;\">.<\/span><\/span><\/p>\n<p>O evento \u00e9 uma realiza\u00e7\u00e3o da Prefeitura de Capivari e Sicoob Cooplivre, em parceria com a r\u00e1dio Ra\u00edzes FM, JP Produ\u00e7\u00f5es e Start Eventos, e foi divulgado no m\u00eas de junho pelo prefeito Vit\u00e3o Riccomini, e o vice-prefeito, Bruno Barnab\u00e9, que destacaram tratar-se de uma festa voltada a fortalecer o agroneg\u00f3cio na cidade. Al\u00e9m de expositores e montarias, o p\u00fablico ainda poder\u00e1 conferir shows de duplas de destaque do novo cen\u00e1rio sertanejo.<\/p>\n<p>Na abertura do evento, na quinta-feira, dia 19, se apresenta a dupla Clayton &amp; Rom\u00e1rio. Na sexta-feira, dia 20, sobe ao palco Israel &amp; Rodolffo. No s\u00e1bado, \u00faltimo dia do evento, dia 21, a atra\u00e7\u00e3o \u00e9 a dupla Pedro Paulo &amp; Alex.<br \/>\nO 1\u00ba Expo Agro de Capivari ser\u00e1 uma experi\u00eancia \u00fanica e com momentos inesquec\u00edveis. Mais informa\u00e7\u00f5es ser\u00e3o divulgadas em breve em nossos canais\u00a0oficiais.<b><\/b><\/p>\n<p>Prefeitura de Capivari. Transformando o presente, construindo\u00a0o\u00a0futuro.<\/p>\n","protected":false},"excerpt":{"rendered":"<p>O prefeito Vit\u00e3o Riccomini anunciou na noite da \u00faltima quarta-feira, dia 09, que a primeira noite do 1\u00ba Expo Agro Capivari, no dia 19 de outubro, ser\u00e1 beneficente. A entrada para este dia ser\u00e1 um quilo de alimento n\u00e3o perec\u00edvel, que ser\u00e1 doado para institui\u00e7\u00f5es do munic\u00edpio. \u201cNesta abertura do evento, que ter\u00e1 como atra\u00e7\u00e3o [&hellip;]<\/p>\n","protected":false},"author":15,"featured_media":13602,"comment_status":"open","ping_status":"open","sticky":false,"template":"","format":"standard","meta":{"ocean_post_layout":"","ocean_both_sidebars_style":"","ocean_both_sidebars_content_width":0,"ocean_both_sidebars_sidebars_width":0,"ocean_sidebar":"","ocean_second_sidebar":"","ocean_disable_margins":"enable","ocean_add_body_class":"","ocean_shortcode_before_top_bar":"","ocean_shortcode_after_top_bar":"","ocean_shortcode_before_header":"","ocean_shortcode_after_header":"","ocean_has_shortcode":"","ocean_shortcode_after_title":"","ocean_shortcode_before_footer_widgets":"","ocean_shortcode_after_footer_widgets":"","ocean_shortcode_before_footer_bottom":"","ocean_shortcode_after_footer_bottom":"","ocean_display_top_bar":"default","ocean_display_header":"default","ocean_header_style":"","ocean_center_header_left_menu":"","ocean_custom_header_template":"","ocean_custom_logo":0,"ocean_custom_retina_logo":0,"ocean_custom_logo_max_width":0,"ocean_custom_logo_tablet_max_width":0,"ocean_custom_logo_mobile_max_width":0,"ocean_custom_logo_max_height":0,"ocean_custom_logo_tablet_max_height":0,"ocean_custom_logo_mobile_max_height":0,"ocean_header_custom_menu":"","ocean_menu_typo_font_family":"","ocean_menu_typo_font_subset":"","ocean_menu_typo_font_size":0,"ocean_menu_typo_font_size_tablet":0,"ocean_menu_typo_font_size_mobile":0,"ocean_menu_typo_font_size_unit":"px","ocean_menu_typo_font_weight":"","ocean_menu_typo_font_weight_tablet":"","ocean_menu_typo_font_weight_mobile":"","ocean_menu_typo_transform":"","ocean_menu_typo_transform_tablet":"","ocean_menu_typo_transform_mobile":"","ocean_menu_typo_line_height":0,"ocean_menu_typo_line_height_tablet":0,"ocean_menu_typo_line_height_mobile":0,"ocean_menu_typo_line_height_unit":"","ocean_menu_typo_spacing":0,"ocean_menu_typo_spacing_tablet":0,"ocean_menu_typo_spacing_mobile":0,"ocean_menu_typo_spacing_unit":"","ocean_menu_link_color":"","ocean_menu_link_color_hover":"","ocean_menu_link_color_active":"","ocean_menu_link_background":"","ocean_menu_link_hover_background":"","ocean_menu_link_active_background":"","ocean_menu_social_links_bg":"","ocean_menu_social_hover_links_bg":"","ocean_menu_social_links_color":"","ocean_menu_social_hover_links_color":"","ocean_disable_title":"default","ocean_disable_heading":"default","ocean_post_title":"","ocean_post_subheading":"","ocean_post_title_style":"","ocean_post_title_background_color":"","ocean_post_title_background":0,"ocean_post_title_bg_image_position":"","ocean_post_title_bg_image_attachment":"","ocean_post_title_bg_image_repeat":"","ocean_post_title_bg_image_size":"","ocean_post_title_height":0,"ocean_post_title_bg_overlay":0.5,"ocean_post_title_bg_overlay_color":"","ocean_disable_breadcrumbs":"default","ocean_breadcrumbs_color":"","ocean_breadcrumbs_separator_color":"","ocean_breadcrumbs_links_color":"","ocean_breadcrumbs_links_hover_color":"","ocean_display_footer_widgets":"default","ocean_display_footer_bottom":"default","ocean_custom_footer_template":"","ocean_post_oembed":"","ocean_post_self_hosted_media":"","ocean_post_video_embed":"","ocean_link_format":"","ocean_link_format_target":"self","ocean_quote_format":"","ocean_quote_format_link":"post","ocean_gallery_link_images":"off","ocean_gallery_id":[],"footnotes":""},"categories":[4,5,24],"tags":[],"class_list":["post-13601","post","type-post","status-publish","format-standard","has-post-thumbnail","hentry","category-destaque","category-geral","category-governo","entry","has-media"],"yoast_head":"<!-- This site is optimized with the Yoast SEO plugin v27.4 - https:\/\/yoast.com\/product\/yoast-seo-wordpress\/ -->\n<title>Prefeito Vit\u00e3o Riccomini anuncia noite beneficente no 1\u00ba Expo Agro Capivari; Vendas de ingressos come\u00e7am nesta quinta-feira, dia 10, pela internet e em com\u00e9rcios credenciados - Prefeitura de Capivari<\/title>\n<meta name=\"robots\" content=\"index, follow, max-snippet:-1, max-image-preview:large, max-video-preview:-1\" \/>\n<link rel=\"canonical\" href=\"https:\/\/capivari.sp.gov.br\/portal\/prefeito-vitao-riccomini-anuncia-noite-beneficente-no-1o-expo-agro-capivari-vendas-de-ingressos-comecam-nesta-quinta-feira-dia-10-pela-internet-e-em-comercios-credenciados\/\" \/>\n<meta property=\"og:locale\" content=\"pt_BR\" \/>\n<meta property=\"og:type\" content=\"article\" \/>\n<meta property=\"og:title\" content=\"Prefeito Vit\u00e3o Riccomini anuncia noite beneficente no 1\u00ba Expo Agro Capivari; Vendas de ingressos come\u00e7am nesta quinta-feira, dia 10, pela internet e em com\u00e9rcios credenciados - Prefeitura de Capivari\" \/>\n<meta property=\"og:description\" content=\"O prefeito Vit\u00e3o Riccomini anunciou na noite da \u00faltima quarta-feira, dia 09, que a primeira noite do 1\u00ba Expo Agro Capivari, no dia 19 de outubro, ser\u00e1 beneficente. A entrada para este dia ser\u00e1 um quilo de alimento n\u00e3o perec\u00edvel, que ser\u00e1 doado para institui\u00e7\u00f5es do munic\u00edpio. \u201cNesta abertura do evento, que ter\u00e1 como atra\u00e7\u00e3o [&hellip;]\" \/>\n<meta property=\"og:url\" content=\"https:\/\/capivari.sp.gov.br\/portal\/prefeito-vitao-riccomini-anuncia-noite-beneficente-no-1o-expo-agro-capivari-vendas-de-ingressos-comecam-nesta-quinta-feira-dia-10-pela-internet-e-em-comercios-credenciados\/\" \/>\n<meta property=\"og:site_name\" content=\"Prefeitura de Capivari\" \/>\n<meta property=\"article:publisher\" content=\"https:\/\/www.facebook.com\/PrefeituradeCapivari\/\" \/>\n<meta property=\"article:published_time\" content=\"2023-08-10T17:19:37+00:00\" \/>\n<meta property=\"article:modified_time\" content=\"2023-08-11T12:23:20+00:00\" \/>\n<meta property=\"og:image\" content=\"https:\/\/capivari.sp.gov.br\/portal\/wp-content\/uploads\/2023\/08\/Expo-Agro.jpg\" \/>\n\t<meta property=\"og:image:width\" content=\"1024\" \/>\n\t<meta property=\"og:image:height\" content=\"1280\" \/>\n\t<meta property=\"og:image:type\" content=\"image\/jpeg\" \/>\n<meta name=\"author\" content=\"Luciano Assis\" \/>\n<meta name=\"twitter:card\" content=\"summary_large_image\" \/>\n<meta name=\"twitter:creator\" content=\"@PrefCapivari\" \/>\n<meta name=\"twitter:site\" content=\"@PrefCapivari\" \/>\n<meta name=\"twitter:label1\" content=\"Escrito por\" \/>\n\t<meta name=\"twitter:data1\" content=\"Luciano Assis\" \/>\n\t<meta name=\"twitter:label2\" content=\"Est. tempo de leitura\" \/>\n\t<meta name=\"twitter:data2\" content=\"3 minutos\" \/>\n<script type=\"application\/ld+json\" class=\"yoast-schema-graph\">{\"@context\":\"https:\\\/\\\/schema.org\",\"@graph\":[{\"@type\":\"Article\",\"@id\":\"https:\\\/\\\/capivari.sp.gov.br\\\/portal\\\/prefeito-vitao-riccomini-anuncia-noite-beneficente-no-1o-expo-agro-capivari-vendas-de-ingressos-comecam-nesta-quinta-feira-dia-10-pela-internet-e-em-comercios-credenciados\\\/#article\",\"isPartOf\":{\"@id\":\"https:\\\/\\\/capivari.sp.gov.br\\\/portal\\\/prefeito-vitao-riccomini-anuncia-noite-beneficente-no-1o-expo-agro-capivari-vendas-de-ingressos-comecam-nesta-quinta-feira-dia-10-pela-internet-e-em-comercios-credenciados\\\/\"},\"author\":{\"name\":\"Luciano Assis\",\"@id\":\"https:\\\/\\\/capivari.sp.gov.br\\\/portal\\\/#\\\/schema\\\/person\\\/ac37113577adfc1517e0cfa854b830b4\"},\"headline\":\"Prefeito Vit\u00e3o Riccomini anuncia noite beneficente no 1\u00ba Expo Agro Capivari; Vendas de ingressos come\u00e7am nesta quinta-feira, dia 10, pela internet e em com\u00e9rcios credenciados\",\"datePublished\":\"2023-08-10T17:19:37+00:00\",\"dateModified\":\"2023-08-11T12:23:20+00:00\",\"mainEntityOfPage\":{\"@id\":\"https:\\\/\\\/capivari.sp.gov.br\\\/portal\\\/prefeito-vitao-riccomini-anuncia-noite-beneficente-no-1o-expo-agro-capivari-vendas-de-ingressos-comecam-nesta-quinta-feira-dia-10-pela-internet-e-em-comercios-credenciados\\\/\"},\"wordCount\":421,\"commentCount\":0,\"publisher\":{\"@id\":\"https:\\\/\\\/capivari.sp.gov.br\\\/portal\\\/#organization\"},\"image\":{\"@id\":\"https:\\\/\\\/capivari.sp.gov.br\\\/portal\\\/prefeito-vitao-riccomini-anuncia-noite-beneficente-no-1o-expo-agro-capivari-vendas-de-ingressos-comecam-nesta-quinta-feira-dia-10-pela-internet-e-em-comercios-credenciados\\\/#primaryimage\"},\"thumbnailUrl\":\"https:\\\/\\\/capivari.sp.gov.br\\\/portal\\\/wp-content\\\/uploads\\\/2023\\\/08\\\/Expo-Agro.jpg\",\"articleSection\":[\"Destaque\",\"Geral\",\"Governo\"],\"inLanguage\":\"pt-BR\",\"potentialAction\":[{\"@type\":\"CommentAction\",\"name\":\"Comment\",\"target\":[\"https:\\\/\\\/capivari.sp.gov.br\\\/portal\\\/prefeito-vitao-riccomini-anuncia-noite-beneficente-no-1o-expo-agro-capivari-vendas-de-ingressos-comecam-nesta-quinta-feira-dia-10-pela-internet-e-em-comercios-credenciados\\\/#respond\"]}]},{\"@type\":\"WebPage\",\"@id\":\"https:\\\/\\\/capivari.sp.gov.br\\\/portal\\\/prefeito-vitao-riccomini-anuncia-noite-beneficente-no-1o-expo-agro-capivari-vendas-de-ingressos-comecam-nesta-quinta-feira-dia-10-pela-internet-e-em-comercios-credenciados\\\/\",\"url\":\"https:\\\/\\\/capivari.sp.gov.br\\\/portal\\\/prefeito-vitao-riccomini-anuncia-noite-beneficente-no-1o-expo-agro-capivari-vendas-de-ingressos-comecam-nesta-quinta-feira-dia-10-pela-internet-e-em-comercios-credenciados\\\/\",\"name\":\"Prefeito Vit\u00e3o Riccomini anuncia noite beneficente no 1\u00ba Expo Agro Capivari; Vendas de ingressos come\u00e7am nesta quinta-feira, dia 10, pela internet e em com\u00e9rcios credenciados - Prefeitura de Capivari\",\"isPartOf\":{\"@id\":\"https:\\\/\\\/capivari.sp.gov.br\\\/portal\\\/#website\"},\"primaryImageOfPage\":{\"@id\":\"https:\\\/\\\/capivari.sp.gov.br\\\/portal\\\/prefeito-vitao-riccomini-anuncia-noite-beneficente-no-1o-expo-agro-capivari-vendas-de-ingressos-comecam-nesta-quinta-feira-dia-10-pela-internet-e-em-comercios-credenciados\\\/#primaryimage\"},\"image\":{\"@id\":\"https:\\\/\\\/capivari.sp.gov.br\\\/portal\\\/prefeito-vitao-riccomini-anuncia-noite-beneficente-no-1o-expo-agro-capivari-vendas-de-ingressos-comecam-nesta-quinta-feira-dia-10-pela-internet-e-em-comercios-credenciados\\\/#primaryimage\"},\"thumbnailUrl\":\"https:\\\/\\\/capivari.sp.gov.br\\\/portal\\\/wp-content\\\/uploads\\\/2023\\\/08\\\/Expo-Agro.jpg\",\"datePublished\":\"2023-08-10T17:19:37+00:00\",\"dateModified\":\"2023-08-11T12:23:20+00:00\",\"breadcrumb\":{\"@id\":\"https:\\\/\\\/capivari.sp.gov.br\\\/portal\\\/prefeito-vitao-riccomini-anuncia-noite-beneficente-no-1o-expo-agro-capivari-vendas-de-ingressos-comecam-nesta-quinta-feira-dia-10-pela-internet-e-em-comercios-credenciados\\\/#breadcrumb\"},\"inLanguage\":\"pt-BR\",\"potentialAction\":[{\"@type\":\"ReadAction\",\"target\":[\"https:\\\/\\\/capivari.sp.gov.br\\\/portal\\\/prefeito-vitao-riccomini-anuncia-noite-beneficente-no-1o-expo-agro-capivari-vendas-de-ingressos-comecam-nesta-quinta-feira-dia-10-pela-internet-e-em-comercios-credenciados\\\/\"]}]},{\"@type\":\"ImageObject\",\"inLanguage\":\"pt-BR\",\"@id\":\"https:\\\/\\\/capivari.sp.gov.br\\\/portal\\\/prefeito-vitao-riccomini-anuncia-noite-beneficente-no-1o-expo-agro-capivari-vendas-de-ingressos-comecam-nesta-quinta-feira-dia-10-pela-internet-e-em-comercios-credenciados\\\/#primaryimage\",\"url\":\"https:\\\/\\\/capivari.sp.gov.br\\\/portal\\\/wp-content\\\/uploads\\\/2023\\\/08\\\/Expo-Agro.jpg\",\"contentUrl\":\"https:\\\/\\\/capivari.sp.gov.br\\\/portal\\\/wp-content\\\/uploads\\\/2023\\\/08\\\/Expo-Agro.jpg\",\"width\":1024,\"height\":1280},{\"@type\":\"BreadcrumbList\",\"@id\":\"https:\\\/\\\/capivari.sp.gov.br\\\/portal\\\/prefeito-vitao-riccomini-anuncia-noite-beneficente-no-1o-expo-agro-capivari-vendas-de-ingressos-comecam-nesta-quinta-feira-dia-10-pela-internet-e-em-comercios-credenciados\\\/#breadcrumb\",\"itemListElement\":[{\"@type\":\"ListItem\",\"position\":1,\"name\":\"In\u00edcio\",\"item\":\"https:\\\/\\\/capivari.sp.gov.br\\\/portal\\\/\"},{\"@type\":\"ListItem\",\"position\":2,\"name\":\"Prefeito Vit\u00e3o Riccomini anuncia noite beneficente no 1\u00ba Expo Agro Capivari; Vendas de ingressos come\u00e7am nesta quinta-feira, dia 10, pela internet e em com\u00e9rcios credenciados\"}]},{\"@type\":\"WebSite\",\"@id\":\"https:\\\/\\\/capivari.sp.gov.br\\\/portal\\\/#website\",\"url\":\"https:\\\/\\\/capivari.sp.gov.br\\\/portal\\\/\",\"name\":\"Prefeitura de Capivari\",\"description\":\"Prefeitura de Capivari\",\"publisher\":{\"@id\":\"https:\\\/\\\/capivari.sp.gov.br\\\/portal\\\/#organization\"},\"potentialAction\":[{\"@type\":\"SearchAction\",\"target\":{\"@type\":\"EntryPoint\",\"urlTemplate\":\"https:\\\/\\\/capivari.sp.gov.br\\\/portal\\\/?s={search_term_string}\"},\"query-input\":{\"@type\":\"PropertyValueSpecification\",\"valueRequired\":true,\"valueName\":\"search_term_string\"}}],\"inLanguage\":\"pt-BR\"},{\"@type\":\"Organization\",\"@id\":\"https:\\\/\\\/capivari.sp.gov.br\\\/portal\\\/#organization\",\"name\":\"Prefeitura de Capivari\",\"url\":\"https:\\\/\\\/capivari.sp.gov.br\\\/portal\\\/\",\"logo\":{\"@type\":\"ImageObject\",\"inLanguage\":\"pt-BR\",\"@id\":\"https:\\\/\\\/capivari.sp.gov.br\\\/portal\\\/#\\\/schema\\\/logo\\\/image\\\/\",\"url\":\"https:\\\/\\\/capivari.sp.gov.br\\\/portal\\\/wp-content\\\/uploads\\\/2021\\\/09\\\/logo-prefeitura-de-capivari.png\",\"contentUrl\":\"https:\\\/\\\/capivari.sp.gov.br\\\/portal\\\/wp-content\\\/uploads\\\/2021\\\/09\\\/logo-prefeitura-de-capivari.png\",\"width\":200,\"height\":147,\"caption\":\"Prefeitura de Capivari\"},\"image\":{\"@id\":\"https:\\\/\\\/capivari.sp.gov.br\\\/portal\\\/#\\\/schema\\\/logo\\\/image\\\/\"},\"sameAs\":[\"https:\\\/\\\/www.facebook.com\\\/PrefeituradeCapivari\\\/\",\"https:\\\/\\\/x.com\\\/PrefCapivari\",\"https:\\\/\\\/www.instagram.com\\\/prefeituracapivari\\\/\"]},{\"@type\":\"Person\",\"@id\":\"https:\\\/\\\/capivari.sp.gov.br\\\/portal\\\/#\\\/schema\\\/person\\\/ac37113577adfc1517e0cfa854b830b4\",\"name\":\"Luciano Assis\",\"image\":{\"@type\":\"ImageObject\",\"inLanguage\":\"pt-BR\",\"@id\":\"https:\\\/\\\/secure.gravatar.com\\\/avatar\\\/ec163f977a02ac195ce6085f5110a8c4c8c6cc357c134002f73b4664772e79a5?s=96&d=mm&r=g\",\"url\":\"https:\\\/\\\/secure.gravatar.com\\\/avatar\\\/ec163f977a02ac195ce6085f5110a8c4c8c6cc357c134002f73b4664772e79a5?s=96&d=mm&r=g\",\"contentUrl\":\"https:\\\/\\\/secure.gravatar.com\\\/avatar\\\/ec163f977a02ac195ce6085f5110a8c4c8c6cc357c134002f73b4664772e79a5?s=96&d=mm&r=g\",\"caption\":\"Luciano Assis\"},\"url\":\"https:\\\/\\\/capivari.sp.gov.br\\\/portal\\\/author\\\/luciano-assis\\\/\"}]}<\/script>\n<!-- \/ Yoast SEO plugin. -->","yoast_head_json":{"title":"Prefeito Vit\u00e3o Riccomini anuncia noite beneficente no 1\u00ba Expo Agro Capivari; Vendas de ingressos come\u00e7am nesta quinta-feira, dia 10, pela internet e em com\u00e9rcios credenciados - Prefeitura de Capivari","robots":{"index":"index","follow":"follow","max-snippet":"max-snippet:-1","max-image-preview":"max-image-preview:large","max-video-preview":"max-video-preview:-1"},"canonical":"https:\/\/capivari.sp.gov.br\/portal\/prefeito-vitao-riccomini-anuncia-noite-beneficente-no-1o-expo-agro-capivari-vendas-de-ingressos-comecam-nesta-quinta-feira-dia-10-pela-internet-e-em-comercios-credenciados\/","og_locale":"pt_BR","og_type":"article","og_title":"Prefeito Vit\u00e3o Riccomini anuncia noite beneficente no 1\u00ba Expo Agro Capivari; Vendas de ingressos come\u00e7am nesta quinta-feira, dia 10, pela internet e em com\u00e9rcios credenciados - Prefeitura de Capivari","og_description":"O prefeito Vit\u00e3o Riccomini anunciou na noite da \u00faltima quarta-feira, dia 09, que a primeira noite do 1\u00ba Expo Agro Capivari, no dia 19 de outubro, ser\u00e1 beneficente. A entrada para este dia ser\u00e1 um quilo de alimento n\u00e3o perec\u00edvel, que ser\u00e1 doado para institui\u00e7\u00f5es do munic\u00edpio. \u201cNesta abertura do evento, que ter\u00e1 como atra\u00e7\u00e3o [&hellip;]","og_url":"https:\/\/capivari.sp.gov.br\/portal\/prefeito-vitao-riccomini-anuncia-noite-beneficente-no-1o-expo-agro-capivari-vendas-de-ingressos-comecam-nesta-quinta-feira-dia-10-pela-internet-e-em-comercios-credenciados\/","og_site_name":"Prefeitura de Capivari","article_publisher":"https:\/\/www.facebook.com\/PrefeituradeCapivari\/","article_published_time":"2023-08-10T17:19:37+00:00","article_modified_time":"2023-08-11T12:23:20+00:00","og_image":[{"width":1024,"height":1280,"url":"https:\/\/capivari.sp.gov.br\/portal\/wp-content\/uploads\/2023\/08\/Expo-Agro.jpg","type":"image\/jpeg"}],"author":"Luciano Assis","twitter_card":"summary_large_image","twitter_creator":"@PrefCapivari","twitter_site":"@PrefCapivari","twitter_misc":{"Escrito por":"Luciano Assis","Est. tempo de leitura":"3 minutos"},"schema":{"@context":"https:\/\/schema.org","@graph":[{"@type":"Article","@id":"https:\/\/capivari.sp.gov.br\/portal\/prefeito-vitao-riccomini-anuncia-noite-beneficente-no-1o-expo-agro-capivari-vendas-de-ingressos-comecam-nesta-quinta-feira-dia-10-pela-internet-e-em-comercios-credenciados\/#article","isPartOf":{"@id":"https:\/\/capivari.sp.gov.br\/portal\/prefeito-vitao-riccomini-anuncia-noite-beneficente-no-1o-expo-agro-capivari-vendas-de-ingressos-comecam-nesta-quinta-feira-dia-10-pela-internet-e-em-comercios-credenciados\/"},"author":{"name":"Luciano Assis","@id":"https:\/\/capivari.sp.gov.br\/portal\/#\/schema\/person\/ac37113577adfc1517e0cfa854b830b4"},"headline":"Prefeito Vit\u00e3o Riccomini anuncia noite beneficente no 1\u00ba Expo Agro Capivari; Vendas de ingressos come\u00e7am nesta quinta-feira, dia 10, pela internet e em com\u00e9rcios credenciados","datePublished":"2023-08-10T17:19:37+00:00","dateModified":"2023-08-11T12:23:20+00:00","mainEntityOfPage":{"@id":"https:\/\/capivari.sp.gov.br\/portal\/prefeito-vitao-riccomini-anuncia-noite-beneficente-no-1o-expo-agro-capivari-vendas-de-ingressos-comecam-nesta-quinta-feira-dia-10-pela-internet-e-em-comercios-credenciados\/"},"wordCount":421,"commentCount":0,"publisher":{"@id":"https:\/\/capivari.sp.gov.br\/portal\/#organization"},"image":{"@id":"https:\/\/capivari.sp.gov.br\/portal\/prefeito-vitao-riccomini-anuncia-noite-beneficente-no-1o-expo-agro-capivari-vendas-de-ingressos-comecam-nesta-quinta-feira-dia-10-pela-internet-e-em-comercios-credenciados\/#primaryimage"},"thumbnailUrl":"https:\/\/capivari.sp.gov.br\/portal\/wp-content\/uploads\/2023\/08\/Expo-Agro.jpg","articleSection":["Destaque","Geral","Governo"],"inLanguage":"pt-BR","potentialAction":[{"@type":"CommentAction","name":"Comment","target":["https:\/\/capivari.sp.gov.br\/portal\/prefeito-vitao-riccomini-anuncia-noite-beneficente-no-1o-expo-agro-capivari-vendas-de-ingressos-comecam-nesta-quinta-feira-dia-10-pela-internet-e-em-comercios-credenciados\/#respond"]}]},{"@type":"WebPage","@id":"https:\/\/capivari.sp.gov.br\/portal\/prefeito-vitao-riccomini-anuncia-noite-beneficente-no-1o-expo-agro-capivari-vendas-de-ingressos-comecam-nesta-quinta-feira-dia-10-pela-internet-e-em-comercios-credenciados\/","url":"https:\/\/capivari.sp.gov.br\/portal\/prefeito-vitao-riccomini-anuncia-noite-beneficente-no-1o-expo-agro-capivari-vendas-de-ingressos-comecam-nesta-quinta-feira-dia-10-pela-internet-e-em-comercios-credenciados\/","name":"Prefeito Vit\u00e3o Riccomini anuncia noite beneficente no 1\u00ba Expo Agro Capivari; Vendas de ingressos come\u00e7am nesta quinta-feira, dia 10, pela internet e em com\u00e9rcios credenciados - Prefeitura de Capivari","isPartOf":{"@id":"https:\/\/capivari.sp.gov.br\/portal\/#website"},"primaryImageOfPage":{"@id":"https:\/\/capivari.sp.gov.br\/portal\/prefeito-vitao-riccomini-anuncia-noite-beneficente-no-1o-expo-agro-capivari-vendas-de-ingressos-comecam-nesta-quinta-feira-dia-10-pela-internet-e-em-comercios-credenciados\/#primaryimage"},"image":{"@id":"https:\/\/capivari.sp.gov.br\/portal\/prefeito-vitao-riccomini-anuncia-noite-beneficente-no-1o-expo-agro-capivari-vendas-de-ingressos-comecam-nesta-quinta-feira-dia-10-pela-internet-e-em-comercios-credenciados\/#primaryimage"},"thumbnailUrl":"https:\/\/capivari.sp.gov.br\/portal\/wp-content\/uploads\/2023\/08\/Expo-Agro.jpg","datePublished":"2023-08-10T17:19:37+00:00","dateModified":"2023-08-11T12:23:20+00:00","breadcrumb":{"@id":"https:\/\/capivari.sp.gov.br\/portal\/prefeito-vitao-riccomini-anuncia-noite-beneficente-no-1o-expo-agro-capivari-vendas-de-ingressos-comecam-nesta-quinta-feira-dia-10-pela-internet-e-em-comercios-credenciados\/#breadcrumb"},"inLanguage":"pt-BR","potentialAction":[{"@type":"ReadAction","target":["https:\/\/capivari.sp.gov.br\/portal\/prefeito-vitao-riccomini-anuncia-noite-beneficente-no-1o-expo-agro-capivari-vendas-de-ingressos-comecam-nesta-quinta-feira-dia-10-pela-internet-e-em-comercios-credenciados\/"]}]},{"@type":"ImageObject","inLanguage":"pt-BR","@id":"https:\/\/capivari.sp.gov.br\/portal\/prefeito-vitao-riccomini-anuncia-noite-beneficente-no-1o-expo-agro-capivari-vendas-de-ingressos-comecam-nesta-quinta-feira-dia-10-pela-internet-e-em-comercios-credenciados\/#primaryimage","url":"https:\/\/capivari.sp.gov.br\/portal\/wp-content\/uploads\/2023\/08\/Expo-Agro.jpg","contentUrl":"https:\/\/capivari.sp.gov.br\/portal\/wp-content\/uploads\/2023\/08\/Expo-Agro.jpg","width":1024,"height":1280},{"@type":"BreadcrumbList","@id":"https:\/\/capivari.sp.gov.br\/portal\/prefeito-vitao-riccomini-anuncia-noite-beneficente-no-1o-expo-agro-capivari-vendas-de-ingressos-comecam-nesta-quinta-feira-dia-10-pela-internet-e-em-comercios-credenciados\/#breadcrumb","itemListElement":[{"@type":"ListItem","position":1,"name":"In\u00edcio","item":"https:\/\/capivari.sp.gov.br\/portal\/"},{"@type":"ListItem","position":2,"name":"Prefeito Vit\u00e3o Riccomini anuncia noite beneficente no 1\u00ba Expo Agro Capivari; Vendas de ingressos come\u00e7am nesta quinta-feira, dia 10, pela internet e em com\u00e9rcios credenciados"}]},{"@type":"WebSite","@id":"https:\/\/capivari.sp.gov.br\/portal\/#website","url":"https:\/\/capivari.sp.gov.br\/portal\/","name":"Prefeitura de Capivari","description":"Prefeitura de Capivari","publisher":{"@id":"https:\/\/capivari.sp.gov.br\/portal\/#organization"},"potentialAction":[{"@type":"SearchAction","target":{"@type":"EntryPoint","urlTemplate":"https:\/\/capivari.sp.gov.br\/portal\/?s={search_term_string}"},"query-input":{"@type":"PropertyValueSpecification","valueRequired":true,"valueName":"search_term_string"}}],"inLanguage":"pt-BR"},{"@type":"Organization","@id":"https:\/\/capivari.sp.gov.br\/portal\/#organization","name":"Prefeitura de Capivari","url":"https:\/\/capivari.sp.gov.br\/portal\/","logo":{"@type":"ImageObject","inLanguage":"pt-BR","@id":"https:\/\/capivari.sp.gov.br\/portal\/#\/schema\/logo\/image\/","url":"https:\/\/capivari.sp.gov.br\/portal\/wp-content\/uploads\/2021\/09\/logo-prefeitura-de-capivari.png","contentUrl":"https:\/\/capivari.sp.gov.br\/portal\/wp-content\/uploads\/2021\/09\/logo-prefeitura-de-capivari.png","width":200,"height":147,"caption":"Prefeitura de Capivari"},"image":{"@id":"https:\/\/capivari.sp.gov.br\/portal\/#\/schema\/logo\/image\/"},"sameAs":["https:\/\/www.facebook.com\/PrefeituradeCapivari\/","https:\/\/x.com\/PrefCapivari","https:\/\/www.instagram.com\/prefeituracapivari\/"]},{"@type":"Person","@id":"https:\/\/capivari.sp.gov.br\/portal\/#\/schema\/person\/ac37113577adfc1517e0cfa854b830b4","name":"Luciano Assis","image":{"@type":"ImageObject","inLanguage":"pt-BR","@id":"https:\/\/secure.gravatar.com\/avatar\/ec163f977a02ac195ce6085f5110a8c4c8c6cc357c134002f73b4664772e79a5?s=96&d=mm&r=g","url":"https:\/\/secure.gravatar.com\/avatar\/ec163f977a02ac195ce6085f5110a8c4c8c6cc357c134002f73b4664772e79a5?s=96&d=mm&r=g","contentUrl":"https:\/\/secure.gravatar.com\/avatar\/ec163f977a02ac195ce6085f5110a8c4c8c6cc357c134002f73b4664772e79a5?s=96&d=mm&r=g","caption":"Luciano Assis"},"url":"https:\/\/capivari.sp.gov.br\/portal\/author\/luciano-assis\/"}]}},"_links":{"self":[{"href":"https:\/\/capivari.sp.gov.br\/portal\/wp-json\/wp\/v2\/posts\/13601","targetHints":{"allow":["GET"]}}],"collection":[{"href":"https:\/\/capivari.sp.gov.br\/portal\/wp-json\/wp\/v2\/posts"}],"about":[{"href":"https:\/\/capivari.sp.gov.br\/portal\/wp-json\/wp\/v2\/types\/post"}],"author":[{"embeddable":true,"href":"https:\/\/capivari.sp.gov.br\/portal\/wp-json\/wp\/v2\/users\/15"}],"replies":[{"embeddable":true,"href":"https:\/\/capivari.sp.gov.br\/portal\/wp-json\/wp\/v2\/comments?post=13601"}],"version-history":[{"count":3,"href":"https:\/\/capivari.sp.gov.br\/portal\/wp-json\/wp\/v2\/posts\/13601\/revisions"}],"predecessor-version":[{"id":13617,"href":"https:\/\/capivari.sp.gov.br\/portal\/wp-json\/wp\/v2\/posts\/13601\/revisions\/13617"}],"wp:featuredmedia":[{"embeddable":true,"href":"https:\/\/capivari.sp.gov.br\/portal\/wp-json\/wp\/v2\/media\/13602"}],"wp:attachment":[{"href":"https:\/\/capivari.sp.gov.br\/portal\/wp-json\/wp\/v2\/media?parent=13601"}],"wp:term":[{"taxonomy":"category","embeddable":true,"href":"https:\/\/capivari.sp.gov.br\/portal\/wp-json\/wp\/v2\/categories?post=13601"},{"taxonomy":"post_tag","embeddable":true,"href":"https:\/\/capivari.sp.gov.br\/portal\/wp-json\/wp\/v2\/tags?post=13601"}],"curies":[{"name":"wp","href":"https:\/\/api.w.org\/{rel}","templated":true}]}}