{"id":14194,"date":"2023-08-28T11:12:38","date_gmt":"2023-08-28T14:12:38","guid":{"rendered":"https:\/\/capivari.sp.gov.br\/portal\/?p=14194"},"modified":"2023-08-28T11:12:38","modified_gmt":"2023-08-28T14:12:38","slug":"festa-celebra-a-mestra-anicide-de-toledo-com-programacao-gratuita-na-praca-central-de-capivari-no-dia-09-de-setembro","status":"publish","type":"post","link":"https:\/\/capivari.sp.gov.br\/portal\/festa-celebra-a-mestra-anicide-de-toledo-com-programacao-gratuita-na-praca-central-de-capivari-no-dia-09-de-setembro\/","title":{"rendered":"Festa celebra a mestra Anicide de Toledo com programa\u00e7\u00e3o gratuita na Pra\u00e7a Central de Capivari no dia 09 de setembro"},"content":{"rendered":"<p align=\"left\"><span style=\"color: #000000;\"><span style=\"font-family: Calibri, sans-serif;\"><span style=\"font-size: medium;\">Dona de um legado de mais de uma centena de composi\u00e7\u00f5es, incluindo modas de Batuque de Umbigada e sambas, a importante mestra Anicide de Toledo ser\u00e1 celebrada no pr\u00f3ximo dia 09 de setembro, em um grande evento que ser\u00e1 realizado na Pra\u00e7a Central de Capivari. Realizado pelo Ponto de Cultura Quintal da Dona Marta, de Capivari, e pela Diadorim Cultura Popular, de S\u00e3o Paulo, o evento conta com o apoio do Governo do Estado de S\u00e3o Paulo, por meio da Secretaria de Cultura e Economia Criativa via ProAC Editais, e da Prefeitura de Capivari.<\/p>\n<p>Anicide foi a primeira mulher a cantar na tradi\u00e7\u00e3o capivariana do Batuque de Umbigada e, al\u00e9m de uma voz marcante e potente, tinha o tino agu\u00e7ado para compor modas, como s\u00e3o chamadas as can\u00e7\u00f5es do batuque. A mestra nos deixou no in\u00edcio de julho, pouco tempo depois de terminar as grava\u00e7\u00f5es para um \u00e1lbum musical que ser\u00e1 lan\u00e7ado, ainda neste ano, em homenagem aos 90 anos que a artista completaria em setembro.<\/p>\n<p>Com programa\u00e7\u00e3o gratuita e aberta \u00e0 popula\u00e7\u00e3o, a festa \u00e9 tanto para se encantar com as diversas atra\u00e7\u00f5es convidadas, como tamb\u00e9m para dan\u00e7ar e cantar as modas de Anicide de Toledo. O evento pretende dar visibilidade e valorizar a obra da grande dama batuqueira, reconhecida nacionalmente como mestra de cultura popular, e contar\u00e1 com apresenta\u00e7\u00e3o dos quatro batalh\u00f5es tradicionais do Batuque de Umbigada \u2013 Capivari, Piracicaba, Tiet\u00ea e Rio Claro, al\u00e9m de outros grupos de tradi\u00e7\u00f5es afro-brasileira, como a Casa de Cultura Tain\u00e3 (Campinas), o Samba de Len\u00e7o Mestre Tonho (Piracicaba) e o Grupo Bataker\u00ea (S\u00e3o Paulo). Integram a celebra\u00e7\u00e3o ainda, o grupo capivariano, Cia Ui de Teatro, por meio de uma performance em homenagem \u00e0 Dona Anicide, o Grupo Carnavalesco Turma da Barca, tamb\u00e9m de Capivari, e uma grande roda de samba de encerramento com o grupo Virou Mania, convidando Suellen Ferraz e Gerinha.<\/p>\n<p><\/span><\/span><\/span><span style=\"color: #000000;\"><span style=\"font-family: Calibri, sans-serif;\"><span style=\"font-size: medium;\"><b>Programa\u00e7\u00e3o:<\/b><\/span><\/span><\/span><span style=\"color: #000000;\"><span style=\"font-family: Calibri, sans-serif;\"><span style=\"font-size: medium;\"><br \/>\n15h &#8211; Samba de Len\u00e7o de Piracicaba<br \/>\n16h &#8211; Bateria Show Turma da Barca de Capivari<br \/>\n17h00 &#8211; Grupo Bataker\u00ea de S\u00e3o Paulo<br \/>\n18h00 &#8211; Performance com Cia Ui de Teatro &#8211; Homenagem \u00e0 Anicide de Toledo<br \/>\n18h30 &#8211; Casa de Cultura Tain\u00e3 de Campinas<br \/>\n19h30 &#8211; Batuque de Umbigada (Capivari, Piracicaba, Tiet\u00ea e Rio Claro)<br \/>\n21h &#8211; Roda de Samba com Virou Mania convida Suellen Ferraz e Gerinha\u00a0(Capivari)<\/p>\n<p>Para mais informa\u00e7\u00f5es, a Secretaria de Cultura e Turismo atende pelo telefone (19) 3491-1322, ou presencialmente em sua sede, que est\u00e1 situada na rua Dulcina Bartolomeu Hoppe, 78, no bairro Santo Ant\u00f4nio.<\/span><\/span><\/span><\/p>\n","protected":false},"excerpt":{"rendered":"<p>Dona de um legado de mais de uma centena de composi\u00e7\u00f5es, incluindo modas de Batuque de Umbigada e sambas, a importante mestra Anicide de Toledo ser\u00e1 celebrada no pr\u00f3ximo dia 09 de setembro, em um grande evento que ser\u00e1 realizado na Pra\u00e7a Central de Capivari. Realizado pelo Ponto de Cultura Quintal da Dona Marta, de [&hellip;]<\/p>\n","protected":false},"author":15,"featured_media":14195,"comment_status":"open","ping_status":"open","sticky":false,"template":"","format":"standard","meta":{"ocean_post_layout":"","ocean_both_sidebars_style":"","ocean_both_sidebars_content_width":0,"ocean_both_sidebars_sidebars_width":0,"ocean_sidebar":"","ocean_second_sidebar":"","ocean_disable_margins":"enable","ocean_add_body_class":"","ocean_shortcode_before_top_bar":"","ocean_shortcode_after_top_bar":"","ocean_shortcode_before_header":"","ocean_shortcode_after_header":"","ocean_has_shortcode":"","ocean_shortcode_after_title":"","ocean_shortcode_before_footer_widgets":"","ocean_shortcode_after_footer_widgets":"","ocean_shortcode_before_footer_bottom":"","ocean_shortcode_after_footer_bottom":"","ocean_display_top_bar":"default","ocean_display_header":"default","ocean_header_style":"","ocean_center_header_left_menu":"","ocean_custom_header_template":"","ocean_custom_logo":0,"ocean_custom_retina_logo":0,"ocean_custom_logo_max_width":0,"ocean_custom_logo_tablet_max_width":0,"ocean_custom_logo_mobile_max_width":0,"ocean_custom_logo_max_height":0,"ocean_custom_logo_tablet_max_height":0,"ocean_custom_logo_mobile_max_height":0,"ocean_header_custom_menu":"","ocean_menu_typo_font_family":"","ocean_menu_typo_font_subset":"","ocean_menu_typo_font_size":0,"ocean_menu_typo_font_size_tablet":0,"ocean_menu_typo_font_size_mobile":0,"ocean_menu_typo_font_size_unit":"px","ocean_menu_typo_font_weight":"","ocean_menu_typo_font_weight_tablet":"","ocean_menu_typo_font_weight_mobile":"","ocean_menu_typo_transform":"","ocean_menu_typo_transform_tablet":"","ocean_menu_typo_transform_mobile":"","ocean_menu_typo_line_height":0,"ocean_menu_typo_line_height_tablet":0,"ocean_menu_typo_line_height_mobile":0,"ocean_menu_typo_line_height_unit":"","ocean_menu_typo_spacing":0,"ocean_menu_typo_spacing_tablet":0,"ocean_menu_typo_spacing_mobile":0,"ocean_menu_typo_spacing_unit":"","ocean_menu_link_color":"","ocean_menu_link_color_hover":"","ocean_menu_link_color_active":"","ocean_menu_link_background":"","ocean_menu_link_hover_background":"","ocean_menu_link_active_background":"","ocean_menu_social_links_bg":"","ocean_menu_social_hover_links_bg":"","ocean_menu_social_links_color":"","ocean_menu_social_hover_links_color":"","ocean_disable_title":"default","ocean_disable_heading":"default","ocean_post_title":"","ocean_post_subheading":"","ocean_post_title_style":"","ocean_post_title_background_color":"","ocean_post_title_background":0,"ocean_post_title_bg_image_position":"","ocean_post_title_bg_image_attachment":"","ocean_post_title_bg_image_repeat":"","ocean_post_title_bg_image_size":"","ocean_post_title_height":0,"ocean_post_title_bg_overlay":0.5,"ocean_post_title_bg_overlay_color":"","ocean_disable_breadcrumbs":"default","ocean_breadcrumbs_color":"","ocean_breadcrumbs_separator_color":"","ocean_breadcrumbs_links_color":"","ocean_breadcrumbs_links_hover_color":"","ocean_display_footer_widgets":"default","ocean_display_footer_bottom":"default","ocean_custom_footer_template":"","ocean_post_oembed":"","ocean_post_self_hosted_media":"","ocean_post_video_embed":"","ocean_link_format":"","ocean_link_format_target":"self","ocean_quote_format":"","ocean_quote_format_link":"post","ocean_gallery_link_images":"off","ocean_gallery_id":[],"footnotes":""},"categories":[17,4,5],"tags":[],"class_list":["post-14194","post","type-post","status-publish","format-standard","has-post-thumbnail","hentry","category-cultura","category-destaque","category-geral","entry","has-media"],"yoast_head":"<!-- This site is optimized with the Yoast SEO plugin v27.5 - https:\/\/yoast.com\/product\/yoast-seo-wordpress\/ -->\n<title>Festa celebra a mestra Anicide de Toledo com programa\u00e7\u00e3o gratuita na Pra\u00e7a Central de Capivari no dia 09 de setembro - Prefeitura de Capivari<\/title>\n<meta name=\"robots\" content=\"index, follow, max-snippet:-1, max-image-preview:large, max-video-preview:-1\" \/>\n<link rel=\"canonical\" href=\"https:\/\/capivari.sp.gov.br\/portal\/festa-celebra-a-mestra-anicide-de-toledo-com-programacao-gratuita-na-praca-central-de-capivari-no-dia-09-de-setembro\/\" \/>\n<meta property=\"og:locale\" content=\"pt_BR\" \/>\n<meta property=\"og:type\" content=\"article\" \/>\n<meta property=\"og:title\" content=\"Festa celebra a mestra Anicide de Toledo com programa\u00e7\u00e3o gratuita na Pra\u00e7a Central de Capivari no dia 09 de setembro - Prefeitura de Capivari\" \/>\n<meta property=\"og:description\" content=\"Dona de um legado de mais de uma centena de composi\u00e7\u00f5es, incluindo modas de Batuque de Umbigada e sambas, a importante mestra Anicide de Toledo ser\u00e1 celebrada no pr\u00f3ximo dia 09 de setembro, em um grande evento que ser\u00e1 realizado na Pra\u00e7a Central de Capivari. Realizado pelo Ponto de Cultura Quintal da Dona Marta, de [&hellip;]\" \/>\n<meta property=\"og:url\" content=\"https:\/\/capivari.sp.gov.br\/portal\/festa-celebra-a-mestra-anicide-de-toledo-com-programacao-gratuita-na-praca-central-de-capivari-no-dia-09-de-setembro\/\" \/>\n<meta property=\"og:site_name\" content=\"Prefeitura de Capivari\" \/>\n<meta property=\"article:publisher\" content=\"https:\/\/www.facebook.com\/PrefeituradeCapivari\/\" \/>\n<meta property=\"article:published_time\" content=\"2023-08-28T14:12:38+00:00\" \/>\n<meta property=\"og:image\" content=\"https:\/\/capivari.sp.gov.br\/portal\/wp-content\/uploads\/2023\/08\/Foto-Gabriel-Albertini.jpg\" \/>\n\t<meta property=\"og:image:width\" content=\"2048\" \/>\n\t<meta property=\"og:image:height\" content=\"1367\" \/>\n\t<meta property=\"og:image:type\" content=\"image\/jpeg\" \/>\n<meta name=\"author\" content=\"Luciano Assis\" \/>\n<meta name=\"twitter:card\" content=\"summary_large_image\" \/>\n<meta name=\"twitter:creator\" content=\"@PrefCapivari\" \/>\n<meta name=\"twitter:site\" content=\"@PrefCapivari\" \/>\n<meta name=\"twitter:label1\" content=\"Escrito por\" \/>\n\t<meta name=\"twitter:data1\" content=\"Luciano Assis\" \/>\n\t<meta name=\"twitter:label2\" content=\"Est. tempo de leitura\" \/>\n\t<meta name=\"twitter:data2\" content=\"3 minutos\" \/>\n<script type=\"application\/ld+json\" class=\"yoast-schema-graph\">{\"@context\":\"https:\\\/\\\/schema.org\",\"@graph\":[{\"@type\":\"Article\",\"@id\":\"https:\\\/\\\/capivari.sp.gov.br\\\/portal\\\/festa-celebra-a-mestra-anicide-de-toledo-com-programacao-gratuita-na-praca-central-de-capivari-no-dia-09-de-setembro\\\/#article\",\"isPartOf\":{\"@id\":\"https:\\\/\\\/capivari.sp.gov.br\\\/portal\\\/festa-celebra-a-mestra-anicide-de-toledo-com-programacao-gratuita-na-praca-central-de-capivari-no-dia-09-de-setembro\\\/\"},\"author\":{\"name\":\"Luciano Assis\",\"@id\":\"https:\\\/\\\/capivari.sp.gov.br\\\/portal\\\/#\\\/schema\\\/person\\\/ac37113577adfc1517e0cfa854b830b4\"},\"headline\":\"Festa celebra a mestra Anicide de Toledo com programa\u00e7\u00e3o gratuita na Pra\u00e7a Central de Capivari no dia 09 de setembro\",\"datePublished\":\"2023-08-28T14:12:38+00:00\",\"mainEntityOfPage\":{\"@id\":\"https:\\\/\\\/capivari.sp.gov.br\\\/portal\\\/festa-celebra-a-mestra-anicide-de-toledo-com-programacao-gratuita-na-praca-central-de-capivari-no-dia-09-de-setembro\\\/\"},\"wordCount\":457,\"commentCount\":0,\"publisher\":{\"@id\":\"https:\\\/\\\/capivari.sp.gov.br\\\/portal\\\/#organization\"},\"image\":{\"@id\":\"https:\\\/\\\/capivari.sp.gov.br\\\/portal\\\/festa-celebra-a-mestra-anicide-de-toledo-com-programacao-gratuita-na-praca-central-de-capivari-no-dia-09-de-setembro\\\/#primaryimage\"},\"thumbnailUrl\":\"https:\\\/\\\/capivari.sp.gov.br\\\/portal\\\/wp-content\\\/uploads\\\/2023\\\/08\\\/Foto-Gabriel-Albertini.jpg\",\"articleSection\":[\"Cultura\",\"Destaque\",\"Geral\"],\"inLanguage\":\"pt-BR\",\"potentialAction\":[{\"@type\":\"CommentAction\",\"name\":\"Comment\",\"target\":[\"https:\\\/\\\/capivari.sp.gov.br\\\/portal\\\/festa-celebra-a-mestra-anicide-de-toledo-com-programacao-gratuita-na-praca-central-de-capivari-no-dia-09-de-setembro\\\/#respond\"]}]},{\"@type\":\"WebPage\",\"@id\":\"https:\\\/\\\/capivari.sp.gov.br\\\/portal\\\/festa-celebra-a-mestra-anicide-de-toledo-com-programacao-gratuita-na-praca-central-de-capivari-no-dia-09-de-setembro\\\/\",\"url\":\"https:\\\/\\\/capivari.sp.gov.br\\\/portal\\\/festa-celebra-a-mestra-anicide-de-toledo-com-programacao-gratuita-na-praca-central-de-capivari-no-dia-09-de-setembro\\\/\",\"name\":\"Festa celebra a mestra Anicide de Toledo com programa\u00e7\u00e3o gratuita na Pra\u00e7a Central de Capivari no dia 09 de setembro - Prefeitura de Capivari\",\"isPartOf\":{\"@id\":\"https:\\\/\\\/capivari.sp.gov.br\\\/portal\\\/#website\"},\"primaryImageOfPage\":{\"@id\":\"https:\\\/\\\/capivari.sp.gov.br\\\/portal\\\/festa-celebra-a-mestra-anicide-de-toledo-com-programacao-gratuita-na-praca-central-de-capivari-no-dia-09-de-setembro\\\/#primaryimage\"},\"image\":{\"@id\":\"https:\\\/\\\/capivari.sp.gov.br\\\/portal\\\/festa-celebra-a-mestra-anicide-de-toledo-com-programacao-gratuita-na-praca-central-de-capivari-no-dia-09-de-setembro\\\/#primaryimage\"},\"thumbnailUrl\":\"https:\\\/\\\/capivari.sp.gov.br\\\/portal\\\/wp-content\\\/uploads\\\/2023\\\/08\\\/Foto-Gabriel-Albertini.jpg\",\"datePublished\":\"2023-08-28T14:12:38+00:00\",\"breadcrumb\":{\"@id\":\"https:\\\/\\\/capivari.sp.gov.br\\\/portal\\\/festa-celebra-a-mestra-anicide-de-toledo-com-programacao-gratuita-na-praca-central-de-capivari-no-dia-09-de-setembro\\\/#breadcrumb\"},\"inLanguage\":\"pt-BR\",\"potentialAction\":[{\"@type\":\"ReadAction\",\"target\":[\"https:\\\/\\\/capivari.sp.gov.br\\\/portal\\\/festa-celebra-a-mestra-anicide-de-toledo-com-programacao-gratuita-na-praca-central-de-capivari-no-dia-09-de-setembro\\\/\"]}]},{\"@type\":\"ImageObject\",\"inLanguage\":\"pt-BR\",\"@id\":\"https:\\\/\\\/capivari.sp.gov.br\\\/portal\\\/festa-celebra-a-mestra-anicide-de-toledo-com-programacao-gratuita-na-praca-central-de-capivari-no-dia-09-de-setembro\\\/#primaryimage\",\"url\":\"https:\\\/\\\/capivari.sp.gov.br\\\/portal\\\/wp-content\\\/uploads\\\/2023\\\/08\\\/Foto-Gabriel-Albertini.jpg\",\"contentUrl\":\"https:\\\/\\\/capivari.sp.gov.br\\\/portal\\\/wp-content\\\/uploads\\\/2023\\\/08\\\/Foto-Gabriel-Albertini.jpg\",\"width\":2048,\"height\":1367},{\"@type\":\"BreadcrumbList\",\"@id\":\"https:\\\/\\\/capivari.sp.gov.br\\\/portal\\\/festa-celebra-a-mestra-anicide-de-toledo-com-programacao-gratuita-na-praca-central-de-capivari-no-dia-09-de-setembro\\\/#breadcrumb\",\"itemListElement\":[{\"@type\":\"ListItem\",\"position\":1,\"name\":\"In\u00edcio\",\"item\":\"https:\\\/\\\/capivari.sp.gov.br\\\/portal\\\/\"},{\"@type\":\"ListItem\",\"position\":2,\"name\":\"Festa celebra a mestra Anicide de Toledo com programa\u00e7\u00e3o gratuita na Pra\u00e7a Central de Capivari no dia 09 de setembro\"}]},{\"@type\":\"WebSite\",\"@id\":\"https:\\\/\\\/capivari.sp.gov.br\\\/portal\\\/#website\",\"url\":\"https:\\\/\\\/capivari.sp.gov.br\\\/portal\\\/\",\"name\":\"Prefeitura de Capivari\",\"description\":\"Prefeitura de Capivari\",\"publisher\":{\"@id\":\"https:\\\/\\\/capivari.sp.gov.br\\\/portal\\\/#organization\"},\"potentialAction\":[{\"@type\":\"SearchAction\",\"target\":{\"@type\":\"EntryPoint\",\"urlTemplate\":\"https:\\\/\\\/capivari.sp.gov.br\\\/portal\\\/?s={search_term_string}\"},\"query-input\":{\"@type\":\"PropertyValueSpecification\",\"valueRequired\":true,\"valueName\":\"search_term_string\"}}],\"inLanguage\":\"pt-BR\"},{\"@type\":\"Organization\",\"@id\":\"https:\\\/\\\/capivari.sp.gov.br\\\/portal\\\/#organization\",\"name\":\"Prefeitura de Capivari\",\"url\":\"https:\\\/\\\/capivari.sp.gov.br\\\/portal\\\/\",\"logo\":{\"@type\":\"ImageObject\",\"inLanguage\":\"pt-BR\",\"@id\":\"https:\\\/\\\/capivari.sp.gov.br\\\/portal\\\/#\\\/schema\\\/logo\\\/image\\\/\",\"url\":\"https:\\\/\\\/capivari.sp.gov.br\\\/portal\\\/wp-content\\\/uploads\\\/2021\\\/09\\\/logo-prefeitura-de-capivari.png\",\"contentUrl\":\"https:\\\/\\\/capivari.sp.gov.br\\\/portal\\\/wp-content\\\/uploads\\\/2021\\\/09\\\/logo-prefeitura-de-capivari.png\",\"width\":200,\"height\":147,\"caption\":\"Prefeitura de Capivari\"},\"image\":{\"@id\":\"https:\\\/\\\/capivari.sp.gov.br\\\/portal\\\/#\\\/schema\\\/logo\\\/image\\\/\"},\"sameAs\":[\"https:\\\/\\\/www.facebook.com\\\/PrefeituradeCapivari\\\/\",\"https:\\\/\\\/x.com\\\/PrefCapivari\",\"https:\\\/\\\/www.instagram.com\\\/prefeituracapivari\\\/\"]},{\"@type\":\"Person\",\"@id\":\"https:\\\/\\\/capivari.sp.gov.br\\\/portal\\\/#\\\/schema\\\/person\\\/ac37113577adfc1517e0cfa854b830b4\",\"name\":\"Luciano Assis\",\"image\":{\"@type\":\"ImageObject\",\"inLanguage\":\"pt-BR\",\"@id\":\"https:\\\/\\\/secure.gravatar.com\\\/avatar\\\/ec163f977a02ac195ce6085f5110a8c4c8c6cc357c134002f73b4664772e79a5?s=96&d=mm&r=g\",\"url\":\"https:\\\/\\\/secure.gravatar.com\\\/avatar\\\/ec163f977a02ac195ce6085f5110a8c4c8c6cc357c134002f73b4664772e79a5?s=96&d=mm&r=g\",\"contentUrl\":\"https:\\\/\\\/secure.gravatar.com\\\/avatar\\\/ec163f977a02ac195ce6085f5110a8c4c8c6cc357c134002f73b4664772e79a5?s=96&d=mm&r=g\",\"caption\":\"Luciano Assis\"},\"url\":\"https:\\\/\\\/capivari.sp.gov.br\\\/portal\\\/author\\\/luciano-assis\\\/\"}]}<\/script>\n<!-- \/ Yoast SEO plugin. -->","yoast_head_json":{"title":"Festa celebra a mestra Anicide de Toledo com programa\u00e7\u00e3o gratuita na Pra\u00e7a Central de Capivari no dia 09 de setembro - Prefeitura de Capivari","robots":{"index":"index","follow":"follow","max-snippet":"max-snippet:-1","max-image-preview":"max-image-preview:large","max-video-preview":"max-video-preview:-1"},"canonical":"https:\/\/capivari.sp.gov.br\/portal\/festa-celebra-a-mestra-anicide-de-toledo-com-programacao-gratuita-na-praca-central-de-capivari-no-dia-09-de-setembro\/","og_locale":"pt_BR","og_type":"article","og_title":"Festa celebra a mestra Anicide de Toledo com programa\u00e7\u00e3o gratuita na Pra\u00e7a Central de Capivari no dia 09 de setembro - Prefeitura de Capivari","og_description":"Dona de um legado de mais de uma centena de composi\u00e7\u00f5es, incluindo modas de Batuque de Umbigada e sambas, a importante mestra Anicide de Toledo ser\u00e1 celebrada no pr\u00f3ximo dia 09 de setembro, em um grande evento que ser\u00e1 realizado na Pra\u00e7a Central de Capivari. Realizado pelo Ponto de Cultura Quintal da Dona Marta, de [&hellip;]","og_url":"https:\/\/capivari.sp.gov.br\/portal\/festa-celebra-a-mestra-anicide-de-toledo-com-programacao-gratuita-na-praca-central-de-capivari-no-dia-09-de-setembro\/","og_site_name":"Prefeitura de Capivari","article_publisher":"https:\/\/www.facebook.com\/PrefeituradeCapivari\/","article_published_time":"2023-08-28T14:12:38+00:00","og_image":[{"width":2048,"height":1367,"url":"https:\/\/capivari.sp.gov.br\/portal\/wp-content\/uploads\/2023\/08\/Foto-Gabriel-Albertini.jpg","type":"image\/jpeg"}],"author":"Luciano Assis","twitter_card":"summary_large_image","twitter_creator":"@PrefCapivari","twitter_site":"@PrefCapivari","twitter_misc":{"Escrito por":"Luciano Assis","Est. tempo de leitura":"3 minutos"},"schema":{"@context":"https:\/\/schema.org","@graph":[{"@type":"Article","@id":"https:\/\/capivari.sp.gov.br\/portal\/festa-celebra-a-mestra-anicide-de-toledo-com-programacao-gratuita-na-praca-central-de-capivari-no-dia-09-de-setembro\/#article","isPartOf":{"@id":"https:\/\/capivari.sp.gov.br\/portal\/festa-celebra-a-mestra-anicide-de-toledo-com-programacao-gratuita-na-praca-central-de-capivari-no-dia-09-de-setembro\/"},"author":{"name":"Luciano Assis","@id":"https:\/\/capivari.sp.gov.br\/portal\/#\/schema\/person\/ac37113577adfc1517e0cfa854b830b4"},"headline":"Festa celebra a mestra Anicide de Toledo com programa\u00e7\u00e3o gratuita na Pra\u00e7a Central de Capivari no dia 09 de setembro","datePublished":"2023-08-28T14:12:38+00:00","mainEntityOfPage":{"@id":"https:\/\/capivari.sp.gov.br\/portal\/festa-celebra-a-mestra-anicide-de-toledo-com-programacao-gratuita-na-praca-central-de-capivari-no-dia-09-de-setembro\/"},"wordCount":457,"commentCount":0,"publisher":{"@id":"https:\/\/capivari.sp.gov.br\/portal\/#organization"},"image":{"@id":"https:\/\/capivari.sp.gov.br\/portal\/festa-celebra-a-mestra-anicide-de-toledo-com-programacao-gratuita-na-praca-central-de-capivari-no-dia-09-de-setembro\/#primaryimage"},"thumbnailUrl":"https:\/\/capivari.sp.gov.br\/portal\/wp-content\/uploads\/2023\/08\/Foto-Gabriel-Albertini.jpg","articleSection":["Cultura","Destaque","Geral"],"inLanguage":"pt-BR","potentialAction":[{"@type":"CommentAction","name":"Comment","target":["https:\/\/capivari.sp.gov.br\/portal\/festa-celebra-a-mestra-anicide-de-toledo-com-programacao-gratuita-na-praca-central-de-capivari-no-dia-09-de-setembro\/#respond"]}]},{"@type":"WebPage","@id":"https:\/\/capivari.sp.gov.br\/portal\/festa-celebra-a-mestra-anicide-de-toledo-com-programacao-gratuita-na-praca-central-de-capivari-no-dia-09-de-setembro\/","url":"https:\/\/capivari.sp.gov.br\/portal\/festa-celebra-a-mestra-anicide-de-toledo-com-programacao-gratuita-na-praca-central-de-capivari-no-dia-09-de-setembro\/","name":"Festa celebra a mestra Anicide de Toledo com programa\u00e7\u00e3o gratuita na Pra\u00e7a Central de Capivari no dia 09 de setembro - Prefeitura de Capivari","isPartOf":{"@id":"https:\/\/capivari.sp.gov.br\/portal\/#website"},"primaryImageOfPage":{"@id":"https:\/\/capivari.sp.gov.br\/portal\/festa-celebra-a-mestra-anicide-de-toledo-com-programacao-gratuita-na-praca-central-de-capivari-no-dia-09-de-setembro\/#primaryimage"},"image":{"@id":"https:\/\/capivari.sp.gov.br\/portal\/festa-celebra-a-mestra-anicide-de-toledo-com-programacao-gratuita-na-praca-central-de-capivari-no-dia-09-de-setembro\/#primaryimage"},"thumbnailUrl":"https:\/\/capivari.sp.gov.br\/portal\/wp-content\/uploads\/2023\/08\/Foto-Gabriel-Albertini.jpg","datePublished":"2023-08-28T14:12:38+00:00","breadcrumb":{"@id":"https:\/\/capivari.sp.gov.br\/portal\/festa-celebra-a-mestra-anicide-de-toledo-com-programacao-gratuita-na-praca-central-de-capivari-no-dia-09-de-setembro\/#breadcrumb"},"inLanguage":"pt-BR","potentialAction":[{"@type":"ReadAction","target":["https:\/\/capivari.sp.gov.br\/portal\/festa-celebra-a-mestra-anicide-de-toledo-com-programacao-gratuita-na-praca-central-de-capivari-no-dia-09-de-setembro\/"]}]},{"@type":"ImageObject","inLanguage":"pt-BR","@id":"https:\/\/capivari.sp.gov.br\/portal\/festa-celebra-a-mestra-anicide-de-toledo-com-programacao-gratuita-na-praca-central-de-capivari-no-dia-09-de-setembro\/#primaryimage","url":"https:\/\/capivari.sp.gov.br\/portal\/wp-content\/uploads\/2023\/08\/Foto-Gabriel-Albertini.jpg","contentUrl":"https:\/\/capivari.sp.gov.br\/portal\/wp-content\/uploads\/2023\/08\/Foto-Gabriel-Albertini.jpg","width":2048,"height":1367},{"@type":"BreadcrumbList","@id":"https:\/\/capivari.sp.gov.br\/portal\/festa-celebra-a-mestra-anicide-de-toledo-com-programacao-gratuita-na-praca-central-de-capivari-no-dia-09-de-setembro\/#breadcrumb","itemListElement":[{"@type":"ListItem","position":1,"name":"In\u00edcio","item":"https:\/\/capivari.sp.gov.br\/portal\/"},{"@type":"ListItem","position":2,"name":"Festa celebra a mestra Anicide de Toledo com programa\u00e7\u00e3o gratuita na Pra\u00e7a Central de Capivari no dia 09 de setembro"}]},{"@type":"WebSite","@id":"https:\/\/capivari.sp.gov.br\/portal\/#website","url":"https:\/\/capivari.sp.gov.br\/portal\/","name":"Prefeitura de Capivari","description":"Prefeitura de Capivari","publisher":{"@id":"https:\/\/capivari.sp.gov.br\/portal\/#organization"},"potentialAction":[{"@type":"SearchAction","target":{"@type":"EntryPoint","urlTemplate":"https:\/\/capivari.sp.gov.br\/portal\/?s={search_term_string}"},"query-input":{"@type":"PropertyValueSpecification","valueRequired":true,"valueName":"search_term_string"}}],"inLanguage":"pt-BR"},{"@type":"Organization","@id":"https:\/\/capivari.sp.gov.br\/portal\/#organization","name":"Prefeitura de Capivari","url":"https:\/\/capivari.sp.gov.br\/portal\/","logo":{"@type":"ImageObject","inLanguage":"pt-BR","@id":"https:\/\/capivari.sp.gov.br\/portal\/#\/schema\/logo\/image\/","url":"https:\/\/capivari.sp.gov.br\/portal\/wp-content\/uploads\/2021\/09\/logo-prefeitura-de-capivari.png","contentUrl":"https:\/\/capivari.sp.gov.br\/portal\/wp-content\/uploads\/2021\/09\/logo-prefeitura-de-capivari.png","width":200,"height":147,"caption":"Prefeitura de Capivari"},"image":{"@id":"https:\/\/capivari.sp.gov.br\/portal\/#\/schema\/logo\/image\/"},"sameAs":["https:\/\/www.facebook.com\/PrefeituradeCapivari\/","https:\/\/x.com\/PrefCapivari","https:\/\/www.instagram.com\/prefeituracapivari\/"]},{"@type":"Person","@id":"https:\/\/capivari.sp.gov.br\/portal\/#\/schema\/person\/ac37113577adfc1517e0cfa854b830b4","name":"Luciano Assis","image":{"@type":"ImageObject","inLanguage":"pt-BR","@id":"https:\/\/secure.gravatar.com\/avatar\/ec163f977a02ac195ce6085f5110a8c4c8c6cc357c134002f73b4664772e79a5?s=96&d=mm&r=g","url":"https:\/\/secure.gravatar.com\/avatar\/ec163f977a02ac195ce6085f5110a8c4c8c6cc357c134002f73b4664772e79a5?s=96&d=mm&r=g","contentUrl":"https:\/\/secure.gravatar.com\/avatar\/ec163f977a02ac195ce6085f5110a8c4c8c6cc357c134002f73b4664772e79a5?s=96&d=mm&r=g","caption":"Luciano Assis"},"url":"https:\/\/capivari.sp.gov.br\/portal\/author\/luciano-assis\/"}]}},"_links":{"self":[{"href":"https:\/\/capivari.sp.gov.br\/portal\/wp-json\/wp\/v2\/posts\/14194","targetHints":{"allow":["GET"]}}],"collection":[{"href":"https:\/\/capivari.sp.gov.br\/portal\/wp-json\/wp\/v2\/posts"}],"about":[{"href":"https:\/\/capivari.sp.gov.br\/portal\/wp-json\/wp\/v2\/types\/post"}],"author":[{"embeddable":true,"href":"https:\/\/capivari.sp.gov.br\/portal\/wp-json\/wp\/v2\/users\/15"}],"replies":[{"embeddable":true,"href":"https:\/\/capivari.sp.gov.br\/portal\/wp-json\/wp\/v2\/comments?post=14194"}],"version-history":[{"count":1,"href":"https:\/\/capivari.sp.gov.br\/portal\/wp-json\/wp\/v2\/posts\/14194\/revisions"}],"predecessor-version":[{"id":14196,"href":"https:\/\/capivari.sp.gov.br\/portal\/wp-json\/wp\/v2\/posts\/14194\/revisions\/14196"}],"wp:featuredmedia":[{"embeddable":true,"href":"https:\/\/capivari.sp.gov.br\/portal\/wp-json\/wp\/v2\/media\/14195"}],"wp:attachment":[{"href":"https:\/\/capivari.sp.gov.br\/portal\/wp-json\/wp\/v2\/media?parent=14194"}],"wp:term":[{"taxonomy":"category","embeddable":true,"href":"https:\/\/capivari.sp.gov.br\/portal\/wp-json\/wp\/v2\/categories?post=14194"},{"taxonomy":"post_tag","embeddable":true,"href":"https:\/\/capivari.sp.gov.br\/portal\/wp-json\/wp\/v2\/tags?post=14194"}],"curies":[{"name":"wp","href":"https:\/\/api.w.org\/{rel}","templated":true}]}}