{"id":14349,"date":"2023-09-04T17:22:48","date_gmt":"2023-09-04T20:22:48","guid":{"rendered":"https:\/\/capivari.sp.gov.br\/portal\/?p=14349"},"modified":"2023-09-04T17:22:48","modified_gmt":"2023-09-04T20:22:48","slug":"campanha-para-o-descarte-correto-de-eletronicos-comecou-em-15-escolas-da-rede-municipal-de-ensino-bags-para-descarte-ja-estao-nas-escolas","status":"publish","type":"post","link":"https:\/\/capivari.sp.gov.br\/portal\/campanha-para-o-descarte-correto-de-eletronicos-comecou-em-15-escolas-da-rede-municipal-de-ensino-bags-para-descarte-ja-estao-nas-escolas\/","title":{"rendered":"Campanha para o Descarte Correto de Eletr\u00f4nicos come\u00e7ou em 15 escolas da Rede Municipal de Ensino; Bags para descarte j\u00e1 est\u00e3o nas escolas"},"content":{"rendered":"<p>Come\u00e7ou a Campanha para o Descarte Correto dos Eletr\u00f4nicos em escolas da Rede Municipal de Ensino de Capivari, atrav\u00e9s de uma parceria entre a Secretaria de Desenvolvimento Urbano, Diretoria de Meio Ambiente e a Secretaria da Educa\u00e7\u00e3o, com o apoio t\u00e9cnico e log\u00edstico da empresa Brasil Reverso e do Cons\u00f3rcio Consimares.<\/p>\n<p>Em Capivari, 15 escolas municipais participam da Campanha, que acontece durante todo o m\u00eas de setembro, e tem como objetivo, conscientizar toda a comunidade escolar e familiares para o descarte correto dos itens, protegendo o meio ambiente e promovendo a sustentabilidade. T\u00e9cnicos da Diretoria do Meio Ambiente e da Secretaria da Educa\u00e7\u00e3o percorreram todas as escolas participantes, com informa\u00e7\u00f5es relacionadas ao descarte correto dos itens e da campanha.<\/p>\n<p>Confira as escolas participantes da Campanha:<br \/>\nEMEIEF Am\u00e9lia Francisca Alves<br \/>\nEMEIEF Profa. Ana Aparecida Rufino Dias<br \/>\nEMEIEF Prof. Derly Andriotti<br \/>\nEMEIEF Profa. Teresinha Ap. Franchi<br \/>\nEMEIEF Prof. Jos\u00e9 Benedito Pinto Antunes<br \/>\nEMEIEF Dra. Jurema Ap. de Sousa Martins<br \/>\nEM Profa. Maria Rosa Lembo Duarte<br \/>\nEM Augusto Castanho<br \/>\nEM Laura Quagliato Pacheco<br \/>\nEM Cherubim Fernandes Sampaio<br \/>\nEICAP Prof\u00ba Aldo Silveira<br \/>\nEICAP Prof\u00ba Dirceu Ortolani Stein<br \/>\nEICAP Jos\u00e9 Annichinno Fu Paulo<br \/>\nEICAP Lucia Ros\u00e1ria Armelin Stefanini<br \/>\nEICAP Prof\u00aa Teresinha de Jesus Macluf<\/p>\n<p>Os bags j\u00e1 est\u00e3o instalados nas institui\u00e7\u00f5es de ensino participantes, para os alunos realizarem o descarte dos itens eletr\u00f4nicos. \u00c9 permitido a entrega de eletrodom\u00e9sticos de grande e pequeno porte, linha de inform\u00e1tica, televis\u00f5es, aparelhos de som e acess\u00f3rios, celulares, entre outros. N\u00e3o \u00e9 permitido o descarte de l\u00e2mpadas, lixo dom\u00e9stico e recicl\u00e1veis. O descarte correto preserva o solo e mananciais da cidade, evitando a contamina\u00e7\u00e3o.<\/p>\n<p>Os itens descartados s\u00e3o encaminhados para a empresa Brasil Reverso, onde ser\u00e3o descaracterizados e transformados em mat\u00e9ria prima para a produ\u00e7\u00e3o de novos produtos, retornando ao mercado de forma sustent\u00e1vel. 95% dos res\u00edduos oriundos de eletr\u00f4nicos podem ser reciclados.<\/p>\n<p>Depois do descarte, o aluno receber\u00e1 um cupom, que permite concorrer aos pr\u00eamios disponibilizados pela campanha para as escolas que obtiverem a maior quantidade de itens descartados por pesagem. Os alunos mais engajados podem concorrer a Alexa, headphone e cadeira gamer.<\/p>\n<p>Al\u00e9m da campanha, vale ressaltar que o Ecoponto de Capivari est\u00e1 dispon\u00edvel para atender toda a popula\u00e7\u00e3o recebendo tamb\u00e9m itens eletr\u00f4nicos, al\u00e9m de res\u00edduos de constru\u00e7\u00e3o civil, pneus, corta e poda de madeira, resto de m\u00f3veis, \u00f3leo de cozinha, al\u00e9m de l\u00e2mpadas, pilhas e baterias. O Ecoponto fica na av. Dr. Rodrigues Alves, sentido Mombuca e funciona de ter\u00e7a-feira a domingo, das 8h \u00e0s 17h.<\/p>\n<p>Para mais informa\u00e7\u00f5es ou solicita\u00e7\u00f5es, a Secretaria de Desenvolvimento Urbano est\u00e1 localizada na avenida Dr. Rodrigues Alves, 879, sentido Mombuca. O hor\u00e1rio de funcionamento \u00e9 de segunda a sexta-feira, das 8h30 \u00e0s 16h30.<\/p>\n<p>A Secretaria da Educa\u00e7\u00e3o atende pelo WhatsApp (19) 3491-9343. A sede \u201cProfessor Nadir Assalin\u201d est\u00e1 localizada na rua Pedro Stucchi, 381, no bairro P\u00e3o de A\u00e7\u00facar. O hor\u00e1rio de funcionamento \u00e9 das 08h30 \u00e0s 16h30, de segunda\u00a0a\u00a0sexta-feira.<\/p>\n","protected":false},"excerpt":{"rendered":"<p>Come\u00e7ou a Campanha para o Descarte Correto dos Eletr\u00f4nicos em escolas da Rede Municipal de Ensino de Capivari, atrav\u00e9s de uma parceria entre a Secretaria de Desenvolvimento Urbano, Diretoria de Meio Ambiente e a Secretaria da Educa\u00e7\u00e3o, com o apoio t\u00e9cnico e log\u00edstico da empresa Brasil Reverso e do Cons\u00f3rcio Consimares. Em Capivari, 15 escolas [&hellip;]<\/p>\n","protected":false},"author":16,"featured_media":14350,"comment_status":"open","ping_status":"open","sticky":false,"template":"","format":"standard","meta":{"ocean_post_layout":"","ocean_both_sidebars_style":"","ocean_both_sidebars_content_width":0,"ocean_both_sidebars_sidebars_width":0,"ocean_sidebar":"","ocean_second_sidebar":"","ocean_disable_margins":"enable","ocean_add_body_class":"","ocean_shortcode_before_top_bar":"","ocean_shortcode_after_top_bar":"","ocean_shortcode_before_header":"","ocean_shortcode_after_header":"","ocean_has_shortcode":"","ocean_shortcode_after_title":"","ocean_shortcode_before_footer_widgets":"","ocean_shortcode_after_footer_widgets":"","ocean_shortcode_before_footer_bottom":"","ocean_shortcode_after_footer_bottom":"","ocean_display_top_bar":"default","ocean_display_header":"default","ocean_header_style":"","ocean_center_header_left_menu":"","ocean_custom_header_template":"","ocean_custom_logo":0,"ocean_custom_retina_logo":0,"ocean_custom_logo_max_width":0,"ocean_custom_logo_tablet_max_width":0,"ocean_custom_logo_mobile_max_width":0,"ocean_custom_logo_max_height":0,"ocean_custom_logo_tablet_max_height":0,"ocean_custom_logo_mobile_max_height":0,"ocean_header_custom_menu":"","ocean_menu_typo_font_family":"","ocean_menu_typo_font_subset":"","ocean_menu_typo_font_size":0,"ocean_menu_typo_font_size_tablet":0,"ocean_menu_typo_font_size_mobile":0,"ocean_menu_typo_font_size_unit":"px","ocean_menu_typo_font_weight":"","ocean_menu_typo_font_weight_tablet":"","ocean_menu_typo_font_weight_mobile":"","ocean_menu_typo_transform":"","ocean_menu_typo_transform_tablet":"","ocean_menu_typo_transform_mobile":"","ocean_menu_typo_line_height":0,"ocean_menu_typo_line_height_tablet":0,"ocean_menu_typo_line_height_mobile":0,"ocean_menu_typo_line_height_unit":"","ocean_menu_typo_spacing":0,"ocean_menu_typo_spacing_tablet":0,"ocean_menu_typo_spacing_mobile":0,"ocean_menu_typo_spacing_unit":"","ocean_menu_link_color":"","ocean_menu_link_color_hover":"","ocean_menu_link_color_active":"","ocean_menu_link_background":"","ocean_menu_link_hover_background":"","ocean_menu_link_active_background":"","ocean_menu_social_links_bg":"","ocean_menu_social_hover_links_bg":"","ocean_menu_social_links_color":"","ocean_menu_social_hover_links_color":"","ocean_disable_title":"default","ocean_disable_heading":"default","ocean_post_title":"","ocean_post_subheading":"","ocean_post_title_style":"","ocean_post_title_background_color":"","ocean_post_title_background":0,"ocean_post_title_bg_image_position":"","ocean_post_title_bg_image_attachment":"","ocean_post_title_bg_image_repeat":"","ocean_post_title_bg_image_size":"","ocean_post_title_height":0,"ocean_post_title_bg_overlay":0.5,"ocean_post_title_bg_overlay_color":"","ocean_disable_breadcrumbs":"default","ocean_breadcrumbs_color":"","ocean_breadcrumbs_separator_color":"","ocean_breadcrumbs_links_color":"","ocean_breadcrumbs_links_hover_color":"","ocean_display_footer_widgets":"default","ocean_display_footer_bottom":"default","ocean_custom_footer_template":"","ocean_post_oembed":"","ocean_post_self_hosted_media":"","ocean_post_video_embed":"","ocean_link_format":"","ocean_link_format_target":"self","ocean_quote_format":"","ocean_quote_format_link":"post","ocean_gallery_link_images":"off","ocean_gallery_id":[],"footnotes":""},"categories":[4,21,5,20],"tags":[],"class_list":["post-14349","post","type-post","status-publish","format-standard","has-post-thumbnail","hentry","category-destaque","category-educacao","category-geral","category-infraestrutura-e-logistica","entry","has-media"],"yoast_head":"<!-- This site is optimized with the Yoast SEO plugin v27.5 - https:\/\/yoast.com\/product\/yoast-seo-wordpress\/ -->\n<title>Campanha para o Descarte Correto de Eletr\u00f4nicos come\u00e7ou em 15 escolas da Rede Municipal de Ensino; Bags para descarte j\u00e1 est\u00e3o nas escolas - Prefeitura de Capivari<\/title>\n<meta name=\"robots\" content=\"index, follow, max-snippet:-1, max-image-preview:large, max-video-preview:-1\" \/>\n<link rel=\"canonical\" href=\"https:\/\/capivari.sp.gov.br\/portal\/campanha-para-o-descarte-correto-de-eletronicos-comecou-em-15-escolas-da-rede-municipal-de-ensino-bags-para-descarte-ja-estao-nas-escolas\/\" \/>\n<meta property=\"og:locale\" content=\"pt_BR\" \/>\n<meta property=\"og:type\" content=\"article\" \/>\n<meta property=\"og:title\" content=\"Campanha para o Descarte Correto de Eletr\u00f4nicos come\u00e7ou em 15 escolas da Rede Municipal de Ensino; Bags para descarte j\u00e1 est\u00e3o nas escolas - Prefeitura de Capivari\" \/>\n<meta property=\"og:description\" content=\"Come\u00e7ou a Campanha para o Descarte Correto dos Eletr\u00f4nicos em escolas da Rede Municipal de Ensino de Capivari, atrav\u00e9s de uma parceria entre a Secretaria de Desenvolvimento Urbano, Diretoria de Meio Ambiente e a Secretaria da Educa\u00e7\u00e3o, com o apoio t\u00e9cnico e log\u00edstico da empresa Brasil Reverso e do Cons\u00f3rcio Consimares. Em Capivari, 15 escolas [&hellip;]\" \/>\n<meta property=\"og:url\" content=\"https:\/\/capivari.sp.gov.br\/portal\/campanha-para-o-descarte-correto-de-eletronicos-comecou-em-15-escolas-da-rede-municipal-de-ensino-bags-para-descarte-ja-estao-nas-escolas\/\" \/>\n<meta property=\"og:site_name\" content=\"Prefeitura de Capivari\" \/>\n<meta property=\"article:publisher\" content=\"https:\/\/www.facebook.com\/PrefeituradeCapivari\/\" \/>\n<meta property=\"article:published_time\" content=\"2023-09-04T20:22:48+00:00\" \/>\n<meta property=\"og:image\" content=\"https:\/\/capivari.sp.gov.br\/portal\/wp-content\/uploads\/2023\/09\/WhatsApp-Image-2023-09-04-at-17.11.11.jpeg\" \/>\n\t<meta property=\"og:image:width\" content=\"1024\" \/>\n\t<meta property=\"og:image:height\" content=\"682\" \/>\n\t<meta property=\"og:image:type\" content=\"image\/jpeg\" \/>\n<meta name=\"author\" content=\"Leonardo Nocete\" \/>\n<meta name=\"twitter:card\" content=\"summary_large_image\" \/>\n<meta name=\"twitter:creator\" content=\"@PrefCapivari\" \/>\n<meta name=\"twitter:site\" content=\"@PrefCapivari\" \/>\n<meta name=\"twitter:label1\" content=\"Escrito por\" \/>\n\t<meta name=\"twitter:data1\" content=\"Leonardo Nocete\" \/>\n\t<meta name=\"twitter:label2\" content=\"Est. tempo de leitura\" \/>\n\t<meta name=\"twitter:data2\" content=\"3 minutos\" \/>\n<script type=\"application\/ld+json\" class=\"yoast-schema-graph\">{\"@context\":\"https:\\\/\\\/schema.org\",\"@graph\":[{\"@type\":\"Article\",\"@id\":\"https:\\\/\\\/capivari.sp.gov.br\\\/portal\\\/campanha-para-o-descarte-correto-de-eletronicos-comecou-em-15-escolas-da-rede-municipal-de-ensino-bags-para-descarte-ja-estao-nas-escolas\\\/#article\",\"isPartOf\":{\"@id\":\"https:\\\/\\\/capivari.sp.gov.br\\\/portal\\\/campanha-para-o-descarte-correto-de-eletronicos-comecou-em-15-escolas-da-rede-municipal-de-ensino-bags-para-descarte-ja-estao-nas-escolas\\\/\"},\"author\":{\"name\":\"Leonardo Nocete\",\"@id\":\"https:\\\/\\\/capivari.sp.gov.br\\\/portal\\\/#\\\/schema\\\/person\\\/2370456f508b3c5850854ed47030a88b\"},\"headline\":\"Campanha para o Descarte Correto de Eletr\u00f4nicos come\u00e7ou em 15 escolas da Rede Municipal de Ensino; Bags para descarte j\u00e1 est\u00e3o nas escolas\",\"datePublished\":\"2023-09-04T20:22:48+00:00\",\"mainEntityOfPage\":{\"@id\":\"https:\\\/\\\/capivari.sp.gov.br\\\/portal\\\/campanha-para-o-descarte-correto-de-eletronicos-comecou-em-15-escolas-da-rede-municipal-de-ensino-bags-para-descarte-ja-estao-nas-escolas\\\/\"},\"wordCount\":550,\"commentCount\":0,\"publisher\":{\"@id\":\"https:\\\/\\\/capivari.sp.gov.br\\\/portal\\\/#organization\"},\"image\":{\"@id\":\"https:\\\/\\\/capivari.sp.gov.br\\\/portal\\\/campanha-para-o-descarte-correto-de-eletronicos-comecou-em-15-escolas-da-rede-municipal-de-ensino-bags-para-descarte-ja-estao-nas-escolas\\\/#primaryimage\"},\"thumbnailUrl\":\"https:\\\/\\\/capivari.sp.gov.br\\\/portal\\\/wp-content\\\/uploads\\\/2023\\\/09\\\/WhatsApp-Image-2023-09-04-at-17.11.11.jpeg\",\"articleSection\":[\"Destaque\",\"Educa\u00e7\u00e3o\",\"Geral\",\"Infraestrutura e Logistica\"],\"inLanguage\":\"pt-BR\",\"potentialAction\":[{\"@type\":\"CommentAction\",\"name\":\"Comment\",\"target\":[\"https:\\\/\\\/capivari.sp.gov.br\\\/portal\\\/campanha-para-o-descarte-correto-de-eletronicos-comecou-em-15-escolas-da-rede-municipal-de-ensino-bags-para-descarte-ja-estao-nas-escolas\\\/#respond\"]}]},{\"@type\":\"WebPage\",\"@id\":\"https:\\\/\\\/capivari.sp.gov.br\\\/portal\\\/campanha-para-o-descarte-correto-de-eletronicos-comecou-em-15-escolas-da-rede-municipal-de-ensino-bags-para-descarte-ja-estao-nas-escolas\\\/\",\"url\":\"https:\\\/\\\/capivari.sp.gov.br\\\/portal\\\/campanha-para-o-descarte-correto-de-eletronicos-comecou-em-15-escolas-da-rede-municipal-de-ensino-bags-para-descarte-ja-estao-nas-escolas\\\/\",\"name\":\"Campanha para o Descarte Correto de Eletr\u00f4nicos come\u00e7ou em 15 escolas da Rede Municipal de Ensino; Bags para descarte j\u00e1 est\u00e3o nas escolas - Prefeitura de Capivari\",\"isPartOf\":{\"@id\":\"https:\\\/\\\/capivari.sp.gov.br\\\/portal\\\/#website\"},\"primaryImageOfPage\":{\"@id\":\"https:\\\/\\\/capivari.sp.gov.br\\\/portal\\\/campanha-para-o-descarte-correto-de-eletronicos-comecou-em-15-escolas-da-rede-municipal-de-ensino-bags-para-descarte-ja-estao-nas-escolas\\\/#primaryimage\"},\"image\":{\"@id\":\"https:\\\/\\\/capivari.sp.gov.br\\\/portal\\\/campanha-para-o-descarte-correto-de-eletronicos-comecou-em-15-escolas-da-rede-municipal-de-ensino-bags-para-descarte-ja-estao-nas-escolas\\\/#primaryimage\"},\"thumbnailUrl\":\"https:\\\/\\\/capivari.sp.gov.br\\\/portal\\\/wp-content\\\/uploads\\\/2023\\\/09\\\/WhatsApp-Image-2023-09-04-at-17.11.11.jpeg\",\"datePublished\":\"2023-09-04T20:22:48+00:00\",\"breadcrumb\":{\"@id\":\"https:\\\/\\\/capivari.sp.gov.br\\\/portal\\\/campanha-para-o-descarte-correto-de-eletronicos-comecou-em-15-escolas-da-rede-municipal-de-ensino-bags-para-descarte-ja-estao-nas-escolas\\\/#breadcrumb\"},\"inLanguage\":\"pt-BR\",\"potentialAction\":[{\"@type\":\"ReadAction\",\"target\":[\"https:\\\/\\\/capivari.sp.gov.br\\\/portal\\\/campanha-para-o-descarte-correto-de-eletronicos-comecou-em-15-escolas-da-rede-municipal-de-ensino-bags-para-descarte-ja-estao-nas-escolas\\\/\"]}]},{\"@type\":\"ImageObject\",\"inLanguage\":\"pt-BR\",\"@id\":\"https:\\\/\\\/capivari.sp.gov.br\\\/portal\\\/campanha-para-o-descarte-correto-de-eletronicos-comecou-em-15-escolas-da-rede-municipal-de-ensino-bags-para-descarte-ja-estao-nas-escolas\\\/#primaryimage\",\"url\":\"https:\\\/\\\/capivari.sp.gov.br\\\/portal\\\/wp-content\\\/uploads\\\/2023\\\/09\\\/WhatsApp-Image-2023-09-04-at-17.11.11.jpeg\",\"contentUrl\":\"https:\\\/\\\/capivari.sp.gov.br\\\/portal\\\/wp-content\\\/uploads\\\/2023\\\/09\\\/WhatsApp-Image-2023-09-04-at-17.11.11.jpeg\",\"width\":1024,\"height\":682},{\"@type\":\"BreadcrumbList\",\"@id\":\"https:\\\/\\\/capivari.sp.gov.br\\\/portal\\\/campanha-para-o-descarte-correto-de-eletronicos-comecou-em-15-escolas-da-rede-municipal-de-ensino-bags-para-descarte-ja-estao-nas-escolas\\\/#breadcrumb\",\"itemListElement\":[{\"@type\":\"ListItem\",\"position\":1,\"name\":\"In\u00edcio\",\"item\":\"https:\\\/\\\/capivari.sp.gov.br\\\/portal\\\/\"},{\"@type\":\"ListItem\",\"position\":2,\"name\":\"Campanha para o Descarte Correto de Eletr\u00f4nicos come\u00e7ou em 15 escolas da Rede Municipal de Ensino; Bags para descarte j\u00e1 est\u00e3o nas escolas\"}]},{\"@type\":\"WebSite\",\"@id\":\"https:\\\/\\\/capivari.sp.gov.br\\\/portal\\\/#website\",\"url\":\"https:\\\/\\\/capivari.sp.gov.br\\\/portal\\\/\",\"name\":\"Prefeitura de Capivari\",\"description\":\"Prefeitura de Capivari\",\"publisher\":{\"@id\":\"https:\\\/\\\/capivari.sp.gov.br\\\/portal\\\/#organization\"},\"potentialAction\":[{\"@type\":\"SearchAction\",\"target\":{\"@type\":\"EntryPoint\",\"urlTemplate\":\"https:\\\/\\\/capivari.sp.gov.br\\\/portal\\\/?s={search_term_string}\"},\"query-input\":{\"@type\":\"PropertyValueSpecification\",\"valueRequired\":true,\"valueName\":\"search_term_string\"}}],\"inLanguage\":\"pt-BR\"},{\"@type\":\"Organization\",\"@id\":\"https:\\\/\\\/capivari.sp.gov.br\\\/portal\\\/#organization\",\"name\":\"Prefeitura de Capivari\",\"url\":\"https:\\\/\\\/capivari.sp.gov.br\\\/portal\\\/\",\"logo\":{\"@type\":\"ImageObject\",\"inLanguage\":\"pt-BR\",\"@id\":\"https:\\\/\\\/capivari.sp.gov.br\\\/portal\\\/#\\\/schema\\\/logo\\\/image\\\/\",\"url\":\"https:\\\/\\\/capivari.sp.gov.br\\\/portal\\\/wp-content\\\/uploads\\\/2021\\\/09\\\/logo-prefeitura-de-capivari.png\",\"contentUrl\":\"https:\\\/\\\/capivari.sp.gov.br\\\/portal\\\/wp-content\\\/uploads\\\/2021\\\/09\\\/logo-prefeitura-de-capivari.png\",\"width\":200,\"height\":147,\"caption\":\"Prefeitura de Capivari\"},\"image\":{\"@id\":\"https:\\\/\\\/capivari.sp.gov.br\\\/portal\\\/#\\\/schema\\\/logo\\\/image\\\/\"},\"sameAs\":[\"https:\\\/\\\/www.facebook.com\\\/PrefeituradeCapivari\\\/\",\"https:\\\/\\\/x.com\\\/PrefCapivari\",\"https:\\\/\\\/www.instagram.com\\\/prefeituracapivari\\\/\"]},{\"@type\":\"Person\",\"@id\":\"https:\\\/\\\/capivari.sp.gov.br\\\/portal\\\/#\\\/schema\\\/person\\\/2370456f508b3c5850854ed47030a88b\",\"name\":\"Leonardo Nocete\",\"image\":{\"@type\":\"ImageObject\",\"inLanguage\":\"pt-BR\",\"@id\":\"https:\\\/\\\/secure.gravatar.com\\\/avatar\\\/e50b6c0a6caf8425503f25a4072837dc2d91e4c4b86cc138a8a1c35de11f7b69?s=96&d=mm&r=g\",\"url\":\"https:\\\/\\\/secure.gravatar.com\\\/avatar\\\/e50b6c0a6caf8425503f25a4072837dc2d91e4c4b86cc138a8a1c35de11f7b69?s=96&d=mm&r=g\",\"contentUrl\":\"https:\\\/\\\/secure.gravatar.com\\\/avatar\\\/e50b6c0a6caf8425503f25a4072837dc2d91e4c4b86cc138a8a1c35de11f7b69?s=96&d=mm&r=g\",\"caption\":\"Leonardo Nocete\"},\"url\":\"https:\\\/\\\/capivari.sp.gov.br\\\/portal\\\/author\\\/leonardo-nocete\\\/\"}]}<\/script>\n<!-- \/ Yoast SEO plugin. -->","yoast_head_json":{"title":"Campanha para o Descarte Correto de Eletr\u00f4nicos come\u00e7ou em 15 escolas da Rede Municipal de Ensino; Bags para descarte j\u00e1 est\u00e3o nas escolas - Prefeitura de Capivari","robots":{"index":"index","follow":"follow","max-snippet":"max-snippet:-1","max-image-preview":"max-image-preview:large","max-video-preview":"max-video-preview:-1"},"canonical":"https:\/\/capivari.sp.gov.br\/portal\/campanha-para-o-descarte-correto-de-eletronicos-comecou-em-15-escolas-da-rede-municipal-de-ensino-bags-para-descarte-ja-estao-nas-escolas\/","og_locale":"pt_BR","og_type":"article","og_title":"Campanha para o Descarte Correto de Eletr\u00f4nicos come\u00e7ou em 15 escolas da Rede Municipal de Ensino; Bags para descarte j\u00e1 est\u00e3o nas escolas - Prefeitura de Capivari","og_description":"Come\u00e7ou a Campanha para o Descarte Correto dos Eletr\u00f4nicos em escolas da Rede Municipal de Ensino de Capivari, atrav\u00e9s de uma parceria entre a Secretaria de Desenvolvimento Urbano, Diretoria de Meio Ambiente e a Secretaria da Educa\u00e7\u00e3o, com o apoio t\u00e9cnico e log\u00edstico da empresa Brasil Reverso e do Cons\u00f3rcio Consimares. Em Capivari, 15 escolas [&hellip;]","og_url":"https:\/\/capivari.sp.gov.br\/portal\/campanha-para-o-descarte-correto-de-eletronicos-comecou-em-15-escolas-da-rede-municipal-de-ensino-bags-para-descarte-ja-estao-nas-escolas\/","og_site_name":"Prefeitura de Capivari","article_publisher":"https:\/\/www.facebook.com\/PrefeituradeCapivari\/","article_published_time":"2023-09-04T20:22:48+00:00","og_image":[{"width":1024,"height":682,"url":"https:\/\/capivari.sp.gov.br\/portal\/wp-content\/uploads\/2023\/09\/WhatsApp-Image-2023-09-04-at-17.11.11.jpeg","type":"image\/jpeg"}],"author":"Leonardo Nocete","twitter_card":"summary_large_image","twitter_creator":"@PrefCapivari","twitter_site":"@PrefCapivari","twitter_misc":{"Escrito por":"Leonardo Nocete","Est. tempo de leitura":"3 minutos"},"schema":{"@context":"https:\/\/schema.org","@graph":[{"@type":"Article","@id":"https:\/\/capivari.sp.gov.br\/portal\/campanha-para-o-descarte-correto-de-eletronicos-comecou-em-15-escolas-da-rede-municipal-de-ensino-bags-para-descarte-ja-estao-nas-escolas\/#article","isPartOf":{"@id":"https:\/\/capivari.sp.gov.br\/portal\/campanha-para-o-descarte-correto-de-eletronicos-comecou-em-15-escolas-da-rede-municipal-de-ensino-bags-para-descarte-ja-estao-nas-escolas\/"},"author":{"name":"Leonardo Nocete","@id":"https:\/\/capivari.sp.gov.br\/portal\/#\/schema\/person\/2370456f508b3c5850854ed47030a88b"},"headline":"Campanha para o Descarte Correto de Eletr\u00f4nicos come\u00e7ou em 15 escolas da Rede Municipal de Ensino; Bags para descarte j\u00e1 est\u00e3o nas escolas","datePublished":"2023-09-04T20:22:48+00:00","mainEntityOfPage":{"@id":"https:\/\/capivari.sp.gov.br\/portal\/campanha-para-o-descarte-correto-de-eletronicos-comecou-em-15-escolas-da-rede-municipal-de-ensino-bags-para-descarte-ja-estao-nas-escolas\/"},"wordCount":550,"commentCount":0,"publisher":{"@id":"https:\/\/capivari.sp.gov.br\/portal\/#organization"},"image":{"@id":"https:\/\/capivari.sp.gov.br\/portal\/campanha-para-o-descarte-correto-de-eletronicos-comecou-em-15-escolas-da-rede-municipal-de-ensino-bags-para-descarte-ja-estao-nas-escolas\/#primaryimage"},"thumbnailUrl":"https:\/\/capivari.sp.gov.br\/portal\/wp-content\/uploads\/2023\/09\/WhatsApp-Image-2023-09-04-at-17.11.11.jpeg","articleSection":["Destaque","Educa\u00e7\u00e3o","Geral","Infraestrutura e Logistica"],"inLanguage":"pt-BR","potentialAction":[{"@type":"CommentAction","name":"Comment","target":["https:\/\/capivari.sp.gov.br\/portal\/campanha-para-o-descarte-correto-de-eletronicos-comecou-em-15-escolas-da-rede-municipal-de-ensino-bags-para-descarte-ja-estao-nas-escolas\/#respond"]}]},{"@type":"WebPage","@id":"https:\/\/capivari.sp.gov.br\/portal\/campanha-para-o-descarte-correto-de-eletronicos-comecou-em-15-escolas-da-rede-municipal-de-ensino-bags-para-descarte-ja-estao-nas-escolas\/","url":"https:\/\/capivari.sp.gov.br\/portal\/campanha-para-o-descarte-correto-de-eletronicos-comecou-em-15-escolas-da-rede-municipal-de-ensino-bags-para-descarte-ja-estao-nas-escolas\/","name":"Campanha para o Descarte Correto de Eletr\u00f4nicos come\u00e7ou em 15 escolas da Rede Municipal de Ensino; Bags para descarte j\u00e1 est\u00e3o nas escolas - Prefeitura de Capivari","isPartOf":{"@id":"https:\/\/capivari.sp.gov.br\/portal\/#website"},"primaryImageOfPage":{"@id":"https:\/\/capivari.sp.gov.br\/portal\/campanha-para-o-descarte-correto-de-eletronicos-comecou-em-15-escolas-da-rede-municipal-de-ensino-bags-para-descarte-ja-estao-nas-escolas\/#primaryimage"},"image":{"@id":"https:\/\/capivari.sp.gov.br\/portal\/campanha-para-o-descarte-correto-de-eletronicos-comecou-em-15-escolas-da-rede-municipal-de-ensino-bags-para-descarte-ja-estao-nas-escolas\/#primaryimage"},"thumbnailUrl":"https:\/\/capivari.sp.gov.br\/portal\/wp-content\/uploads\/2023\/09\/WhatsApp-Image-2023-09-04-at-17.11.11.jpeg","datePublished":"2023-09-04T20:22:48+00:00","breadcrumb":{"@id":"https:\/\/capivari.sp.gov.br\/portal\/campanha-para-o-descarte-correto-de-eletronicos-comecou-em-15-escolas-da-rede-municipal-de-ensino-bags-para-descarte-ja-estao-nas-escolas\/#breadcrumb"},"inLanguage":"pt-BR","potentialAction":[{"@type":"ReadAction","target":["https:\/\/capivari.sp.gov.br\/portal\/campanha-para-o-descarte-correto-de-eletronicos-comecou-em-15-escolas-da-rede-municipal-de-ensino-bags-para-descarte-ja-estao-nas-escolas\/"]}]},{"@type":"ImageObject","inLanguage":"pt-BR","@id":"https:\/\/capivari.sp.gov.br\/portal\/campanha-para-o-descarte-correto-de-eletronicos-comecou-em-15-escolas-da-rede-municipal-de-ensino-bags-para-descarte-ja-estao-nas-escolas\/#primaryimage","url":"https:\/\/capivari.sp.gov.br\/portal\/wp-content\/uploads\/2023\/09\/WhatsApp-Image-2023-09-04-at-17.11.11.jpeg","contentUrl":"https:\/\/capivari.sp.gov.br\/portal\/wp-content\/uploads\/2023\/09\/WhatsApp-Image-2023-09-04-at-17.11.11.jpeg","width":1024,"height":682},{"@type":"BreadcrumbList","@id":"https:\/\/capivari.sp.gov.br\/portal\/campanha-para-o-descarte-correto-de-eletronicos-comecou-em-15-escolas-da-rede-municipal-de-ensino-bags-para-descarte-ja-estao-nas-escolas\/#breadcrumb","itemListElement":[{"@type":"ListItem","position":1,"name":"In\u00edcio","item":"https:\/\/capivari.sp.gov.br\/portal\/"},{"@type":"ListItem","position":2,"name":"Campanha para o Descarte Correto de Eletr\u00f4nicos come\u00e7ou em 15 escolas da Rede Municipal de Ensino; Bags para descarte j\u00e1 est\u00e3o nas escolas"}]},{"@type":"WebSite","@id":"https:\/\/capivari.sp.gov.br\/portal\/#website","url":"https:\/\/capivari.sp.gov.br\/portal\/","name":"Prefeitura de Capivari","description":"Prefeitura de Capivari","publisher":{"@id":"https:\/\/capivari.sp.gov.br\/portal\/#organization"},"potentialAction":[{"@type":"SearchAction","target":{"@type":"EntryPoint","urlTemplate":"https:\/\/capivari.sp.gov.br\/portal\/?s={search_term_string}"},"query-input":{"@type":"PropertyValueSpecification","valueRequired":true,"valueName":"search_term_string"}}],"inLanguage":"pt-BR"},{"@type":"Organization","@id":"https:\/\/capivari.sp.gov.br\/portal\/#organization","name":"Prefeitura de Capivari","url":"https:\/\/capivari.sp.gov.br\/portal\/","logo":{"@type":"ImageObject","inLanguage":"pt-BR","@id":"https:\/\/capivari.sp.gov.br\/portal\/#\/schema\/logo\/image\/","url":"https:\/\/capivari.sp.gov.br\/portal\/wp-content\/uploads\/2021\/09\/logo-prefeitura-de-capivari.png","contentUrl":"https:\/\/capivari.sp.gov.br\/portal\/wp-content\/uploads\/2021\/09\/logo-prefeitura-de-capivari.png","width":200,"height":147,"caption":"Prefeitura de Capivari"},"image":{"@id":"https:\/\/capivari.sp.gov.br\/portal\/#\/schema\/logo\/image\/"},"sameAs":["https:\/\/www.facebook.com\/PrefeituradeCapivari\/","https:\/\/x.com\/PrefCapivari","https:\/\/www.instagram.com\/prefeituracapivari\/"]},{"@type":"Person","@id":"https:\/\/capivari.sp.gov.br\/portal\/#\/schema\/person\/2370456f508b3c5850854ed47030a88b","name":"Leonardo Nocete","image":{"@type":"ImageObject","inLanguage":"pt-BR","@id":"https:\/\/secure.gravatar.com\/avatar\/e50b6c0a6caf8425503f25a4072837dc2d91e4c4b86cc138a8a1c35de11f7b69?s=96&d=mm&r=g","url":"https:\/\/secure.gravatar.com\/avatar\/e50b6c0a6caf8425503f25a4072837dc2d91e4c4b86cc138a8a1c35de11f7b69?s=96&d=mm&r=g","contentUrl":"https:\/\/secure.gravatar.com\/avatar\/e50b6c0a6caf8425503f25a4072837dc2d91e4c4b86cc138a8a1c35de11f7b69?s=96&d=mm&r=g","caption":"Leonardo Nocete"},"url":"https:\/\/capivari.sp.gov.br\/portal\/author\/leonardo-nocete\/"}]}},"_links":{"self":[{"href":"https:\/\/capivari.sp.gov.br\/portal\/wp-json\/wp\/v2\/posts\/14349","targetHints":{"allow":["GET"]}}],"collection":[{"href":"https:\/\/capivari.sp.gov.br\/portal\/wp-json\/wp\/v2\/posts"}],"about":[{"href":"https:\/\/capivari.sp.gov.br\/portal\/wp-json\/wp\/v2\/types\/post"}],"author":[{"embeddable":true,"href":"https:\/\/capivari.sp.gov.br\/portal\/wp-json\/wp\/v2\/users\/16"}],"replies":[{"embeddable":true,"href":"https:\/\/capivari.sp.gov.br\/portal\/wp-json\/wp\/v2\/comments?post=14349"}],"version-history":[{"count":1,"href":"https:\/\/capivari.sp.gov.br\/portal\/wp-json\/wp\/v2\/posts\/14349\/revisions"}],"predecessor-version":[{"id":14351,"href":"https:\/\/capivari.sp.gov.br\/portal\/wp-json\/wp\/v2\/posts\/14349\/revisions\/14351"}],"wp:featuredmedia":[{"embeddable":true,"href":"https:\/\/capivari.sp.gov.br\/portal\/wp-json\/wp\/v2\/media\/14350"}],"wp:attachment":[{"href":"https:\/\/capivari.sp.gov.br\/portal\/wp-json\/wp\/v2\/media?parent=14349"}],"wp:term":[{"taxonomy":"category","embeddable":true,"href":"https:\/\/capivari.sp.gov.br\/portal\/wp-json\/wp\/v2\/categories?post=14349"},{"taxonomy":"post_tag","embeddable":true,"href":"https:\/\/capivari.sp.gov.br\/portal\/wp-json\/wp\/v2\/tags?post=14349"}],"curies":[{"name":"wp","href":"https:\/\/api.w.org\/{rel}","templated":true}]}}