{"id":14613,"date":"2023-09-15T15:55:12","date_gmt":"2023-09-15T18:55:12","guid":{"rendered":"https:\/\/capivari.sp.gov.br\/portal\/?p=14613"},"modified":"2023-09-15T15:55:12","modified_gmt":"2023-09-15T18:55:12","slug":"ultima-rodada-da-fase-de-grupos-do-campeonato-amador-de-futebol-2023-comeca-neste-domingo-dia-17-confira-os-jogos","status":"publish","type":"post","link":"https:\/\/capivari.sp.gov.br\/portal\/ultima-rodada-da-fase-de-grupos-do-campeonato-amador-de-futebol-2023-comeca-neste-domingo-dia-17-confira-os-jogos\/","title":{"rendered":"\u00daltima rodada da fase de grupos do Campeonato Amador de Futebol 2023 come\u00e7a neste domingo, dia 17; confira os jogos:"},"content":{"rendered":"<p>O Campeonato Amador de Futebol 2023, tem o in\u00edcio da sua \u00faltima rodada neste domingo dia 17, com cinco jogos cruciais para a defini\u00e7\u00e3o do futuro do torneio. As partidas v\u00e3o acontecer nos est\u00e1dios Jair Forti, Fernando de Marco e Carlos Colnaghi. O programa \u201cApito Inicial\u201d desta semana faz a transmiss\u00e3o da partida entre Aston Vila e Atl\u00e9tico Guerreiros, a partir das 08h30 nas redes sociais da Prefeitura de Capivari. Confira o guia completo de mais um dia de jogos:<\/p>\n<p><b>Aston Vila vs. Atl\u00e9tico Guerreiros<\/b><\/p>\n<p>Em duelo decisivo pelo grupo G, o Atl\u00e9tico Guerreiros precisa da vit\u00f3ria para brigar pela classifica\u00e7\u00e3o em sua chave, diante do j\u00e1 eliminado Aston Villa, que at\u00e9 aqui possui duas derrotas em dois jogos e tamb\u00e9m os piores n\u00fameros da competi\u00e7\u00e3o, com dez gol sofridos e apenas um marcado. O jogo acontece no Est\u00e1dio Carlos Colnaghi, com transmiss\u00e3o ao vivo dentro do programa \u201cApito Inicial\u201d, com C\u00e9lio Amorim, Leonardo Nocete e Thalles Cristiano.<\/p>\n<p><b>Vila Nova FC vs. S\u00e3o Bento FC<\/b><\/p>\n<p>Para seguir com chances de classifica\u00e7\u00e3o no grupo A, o S\u00e3o Bento FC enfrenta o Vila Nova FC em seu \u00faltimo jogo nesta fase de grupos, a equipe at\u00e9 aqui possui uma vit\u00f3ria e duas derrotas em tr\u00eas e jogos e precisa do triunfo para seguir matematicamente com chances. J\u00e1 o Vila Nova FC, entra em campo pela terceira vez nesta fase de grupos, buscando a sua segunda vit\u00f3ria, que seria fundamental para continuar com chances de conquistar a vaga direta para o mata-mata. O jogo acontece a partir das 08h20, no Est\u00e1dio Fernando de Marco no bairro Esta\u00e7\u00e3o.<\/p>\n<p><b>Beira Rio FC vs. For\u00e7a Jovem FJU<\/b><\/p>\n<p>O Beira Rio FC entra em campo neste domingo podendo consolidar a sua classifica\u00e7\u00e3o para as oitavas de finais da competi\u00e7\u00e3o, uma nova vit\u00f3ria classifica a equipe que possui, at\u00e9 o momento, uma vit\u00f3ria e uma derrota. O For\u00e7a Jovem FJU precisa de um bom resultado para seguir sonhando com a vaga, uma vez que a equipe perdeu na estreia e teve seu jogo da segunda rodada adiado. A partida acontece \u00e0s 08h20, no est\u00e1dio Jair Forti em Rafard, v\u00e1lida pelo grupo C, que ainda conta com Irmandade Fut e o j\u00e1 classificado Central FC.<\/p>\n<p><b>Atl\u00e9tico Capivariano vs. MM Souza\/Esta\u00e7\u00e3o <\/b><\/p>\n<p>No jogo mais aguardo deste domingo, Atl\u00e9tico Capivariano e MM Souza\/Esta\u00e7\u00e3o se enfrentam no Est\u00e1dio Fernando de Marco, \u00e0s 10h30, pelo fervoroso grupo B do torneio. O empate pode significar uma elimina\u00e7\u00e3o dupla, j\u00e1 que ambas equipes possuem apenas um ponto em dois jogos. Mesmo que o jogo tenha um vencedor, a segunda vaga desta chave ainda depender\u00e1 da partida entre Ajax FC e o j\u00e1 classificado Ativa FC para ser definida.<\/p>\n<p><b>Internacionali vs. Alian\u00e7a Atl\u00e9tica Rafardense<\/b><\/p>\n<p>A j\u00e1 classificada Internacionali entra em campo \u00e0s 10h30 no est\u00e1dio Jair Forti em Rafard, para tentar consolidar o primeiro lugar do grupo D. O advers\u00e1rio da vez ser\u00e1 o Alian\u00e7a Atl\u00e9tica Rafardense, que precisa de um bom resultado para seguir com chances, j\u00e1 que possui uma vit\u00f3ria e uma derrota em dois jogos. A chave ainda conta com Venezia FC, que possui campanha igual ao do Alian\u00e7a Atl\u00e9tica Rafardense, e o j\u00e1 rebaixado Atl\u00e9tico Mombuca B.<\/p>\n<p>Para mais informa\u00e7\u00f5es sobre os projetos e torneios organizados pela Secretaria de Esportes, o telefone (19) 3491-1314 e (19) 3492-8881 (WhatsApp), est\u00e1 dispon\u00edvel de segunda a sexta-feira, das 08h30 \u00e0s 16h30.<\/p>\n<p>Prefeitura de Capivari. Transformando o presente, construindo o futuro.<\/p>\n","protected":false},"excerpt":{"rendered":"<p>O Campeonato Amador de Futebol 2023, tem o in\u00edcio da sua \u00faltima rodada neste domingo dia 17, com cinco jogos cruciais para a defini\u00e7\u00e3o do futuro do torneio. As partidas v\u00e3o acontecer nos est\u00e1dios Jair Forti, Fernando de Marco e Carlos Colnaghi. O programa \u201cApito Inicial\u201d desta semana faz a transmiss\u00e3o da partida entre Aston [&hellip;]<\/p>\n","protected":false},"author":2,"featured_media":14614,"comment_status":"open","ping_status":"open","sticky":false,"template":"","format":"standard","meta":{"ocean_post_layout":"","ocean_both_sidebars_style":"","ocean_both_sidebars_content_width":0,"ocean_both_sidebars_sidebars_width":0,"ocean_sidebar":"","ocean_second_sidebar":"","ocean_disable_margins":"enable","ocean_add_body_class":"","ocean_shortcode_before_top_bar":"","ocean_shortcode_after_top_bar":"","ocean_shortcode_before_header":"","ocean_shortcode_after_header":"","ocean_has_shortcode":"","ocean_shortcode_after_title":"","ocean_shortcode_before_footer_widgets":"","ocean_shortcode_after_footer_widgets":"","ocean_shortcode_before_footer_bottom":"","ocean_shortcode_after_footer_bottom":"","ocean_display_top_bar":"default","ocean_display_header":"default","ocean_header_style":"","ocean_center_header_left_menu":"","ocean_custom_header_template":"","ocean_custom_logo":0,"ocean_custom_retina_logo":0,"ocean_custom_logo_max_width":0,"ocean_custom_logo_tablet_max_width":0,"ocean_custom_logo_mobile_max_width":0,"ocean_custom_logo_max_height":0,"ocean_custom_logo_tablet_max_height":0,"ocean_custom_logo_mobile_max_height":0,"ocean_header_custom_menu":"","ocean_menu_typo_font_family":"","ocean_menu_typo_font_subset":"","ocean_menu_typo_font_size":0,"ocean_menu_typo_font_size_tablet":0,"ocean_menu_typo_font_size_mobile":0,"ocean_menu_typo_font_size_unit":"px","ocean_menu_typo_font_weight":"","ocean_menu_typo_font_weight_tablet":"","ocean_menu_typo_font_weight_mobile":"","ocean_menu_typo_transform":"","ocean_menu_typo_transform_tablet":"","ocean_menu_typo_transform_mobile":"","ocean_menu_typo_line_height":0,"ocean_menu_typo_line_height_tablet":0,"ocean_menu_typo_line_height_mobile":0,"ocean_menu_typo_line_height_unit":"","ocean_menu_typo_spacing":0,"ocean_menu_typo_spacing_tablet":0,"ocean_menu_typo_spacing_mobile":0,"ocean_menu_typo_spacing_unit":"","ocean_menu_link_color":"","ocean_menu_link_color_hover":"","ocean_menu_link_color_active":"","ocean_menu_link_background":"","ocean_menu_link_hover_background":"","ocean_menu_link_active_background":"","ocean_menu_social_links_bg":"","ocean_menu_social_hover_links_bg":"","ocean_menu_social_links_color":"","ocean_menu_social_hover_links_color":"","ocean_disable_title":"default","ocean_disable_heading":"default","ocean_post_title":"","ocean_post_subheading":"","ocean_post_title_style":"","ocean_post_title_background_color":"","ocean_post_title_background":0,"ocean_post_title_bg_image_position":"","ocean_post_title_bg_image_attachment":"","ocean_post_title_bg_image_repeat":"","ocean_post_title_bg_image_size":"","ocean_post_title_height":0,"ocean_post_title_bg_overlay":0.5,"ocean_post_title_bg_overlay_color":"","ocean_disable_breadcrumbs":"default","ocean_breadcrumbs_color":"","ocean_breadcrumbs_separator_color":"","ocean_breadcrumbs_links_color":"","ocean_breadcrumbs_links_hover_color":"","ocean_display_footer_widgets":"default","ocean_display_footer_bottom":"default","ocean_custom_footer_template":"","ocean_post_oembed":"","ocean_post_self_hosted_media":"","ocean_post_video_embed":"","ocean_link_format":"","ocean_link_format_target":"self","ocean_quote_format":"","ocean_quote_format_link":"post","ocean_gallery_link_images":"on","ocean_gallery_id":[],"footnotes":""},"categories":[4,25,5],"tags":[],"class_list":["post-14613","post","type-post","status-publish","format-standard","has-post-thumbnail","hentry","category-destaque","category-esporte","category-geral","entry","has-media"],"yoast_head":"<!-- This site is optimized with the Yoast SEO plugin v27.4 - https:\/\/yoast.com\/product\/yoast-seo-wordpress\/ -->\n<title>\u00daltima rodada da fase de grupos do Campeonato Amador de Futebol 2023 come\u00e7a neste domingo, dia 17; confira os jogos: - Prefeitura de Capivari<\/title>\n<meta name=\"robots\" content=\"index, follow, max-snippet:-1, max-image-preview:large, max-video-preview:-1\" \/>\n<link rel=\"canonical\" href=\"https:\/\/capivari.sp.gov.br\/portal\/ultima-rodada-da-fase-de-grupos-do-campeonato-amador-de-futebol-2023-comeca-neste-domingo-dia-17-confira-os-jogos\/\" \/>\n<meta property=\"og:locale\" content=\"pt_BR\" \/>\n<meta property=\"og:type\" content=\"article\" \/>\n<meta property=\"og:title\" content=\"\u00daltima rodada da fase de grupos do Campeonato Amador de Futebol 2023 come\u00e7a neste domingo, dia 17; confira os jogos: - Prefeitura de Capivari\" \/>\n<meta property=\"og:description\" content=\"O Campeonato Amador de Futebol 2023, tem o in\u00edcio da sua \u00faltima rodada neste domingo dia 17, com cinco jogos cruciais para a defini\u00e7\u00e3o do futuro do torneio. As partidas v\u00e3o acontecer nos est\u00e1dios Jair Forti, Fernando de Marco e Carlos Colnaghi. O programa \u201cApito Inicial\u201d desta semana faz a transmiss\u00e3o da partida entre Aston [&hellip;]\" \/>\n<meta property=\"og:url\" content=\"https:\/\/capivari.sp.gov.br\/portal\/ultima-rodada-da-fase-de-grupos-do-campeonato-amador-de-futebol-2023-comeca-neste-domingo-dia-17-confira-os-jogos\/\" \/>\n<meta property=\"og:site_name\" content=\"Prefeitura de Capivari\" \/>\n<meta property=\"article:publisher\" content=\"https:\/\/www.facebook.com\/PrefeituradeCapivari\/\" \/>\n<meta property=\"article:published_time\" content=\"2023-09-15T18:55:12+00:00\" \/>\n<meta property=\"og:image\" content=\"https:\/\/capivari.sp.gov.br\/portal\/wp-content\/uploads\/2023\/09\/DJI_0044-scaled.jpg\" \/>\n\t<meta property=\"og:image:width\" content=\"2560\" \/>\n\t<meta property=\"og:image:height\" content=\"1440\" \/>\n\t<meta property=\"og:image:type\" content=\"image\/jpeg\" \/>\n<meta name=\"author\" content=\"Thalles Cristiano\" \/>\n<meta name=\"twitter:card\" content=\"summary_large_image\" \/>\n<meta name=\"twitter:creator\" content=\"@PrefCapivari\" \/>\n<meta name=\"twitter:site\" content=\"@PrefCapivari\" \/>\n<meta name=\"twitter:label1\" content=\"Escrito por\" \/>\n\t<meta name=\"twitter:data1\" content=\"Thalles Cristiano\" \/>\n\t<meta name=\"twitter:label2\" content=\"Est. tempo de leitura\" \/>\n\t<meta name=\"twitter:data2\" content=\"4 minutos\" \/>\n<script type=\"application\/ld+json\" class=\"yoast-schema-graph\">{\"@context\":\"https:\\\/\\\/schema.org\",\"@graph\":[{\"@type\":\"Article\",\"@id\":\"https:\\\/\\\/capivari.sp.gov.br\\\/portal\\\/ultima-rodada-da-fase-de-grupos-do-campeonato-amador-de-futebol-2023-comeca-neste-domingo-dia-17-confira-os-jogos\\\/#article\",\"isPartOf\":{\"@id\":\"https:\\\/\\\/capivari.sp.gov.br\\\/portal\\\/ultima-rodada-da-fase-de-grupos-do-campeonato-amador-de-futebol-2023-comeca-neste-domingo-dia-17-confira-os-jogos\\\/\"},\"author\":{\"name\":\"Thalles Cristiano\",\"@id\":\"https:\\\/\\\/capivari.sp.gov.br\\\/portal\\\/#\\\/schema\\\/person\\\/98801614a91d449946b0687ae2db9f29\"},\"headline\":\"\u00daltima rodada da fase de grupos do Campeonato Amador de Futebol 2023 come\u00e7a neste domingo, dia 17; confira os jogos:\",\"datePublished\":\"2023-09-15T18:55:12+00:00\",\"mainEntityOfPage\":{\"@id\":\"https:\\\/\\\/capivari.sp.gov.br\\\/portal\\\/ultima-rodada-da-fase-de-grupos-do-campeonato-amador-de-futebol-2023-comeca-neste-domingo-dia-17-confira-os-jogos\\\/\"},\"wordCount\":632,\"commentCount\":0,\"publisher\":{\"@id\":\"https:\\\/\\\/capivari.sp.gov.br\\\/portal\\\/#organization\"},\"image\":{\"@id\":\"https:\\\/\\\/capivari.sp.gov.br\\\/portal\\\/ultima-rodada-da-fase-de-grupos-do-campeonato-amador-de-futebol-2023-comeca-neste-domingo-dia-17-confira-os-jogos\\\/#primaryimage\"},\"thumbnailUrl\":\"https:\\\/\\\/capivari.sp.gov.br\\\/portal\\\/wp-content\\\/uploads\\\/2023\\\/09\\\/DJI_0044-scaled.jpg\",\"articleSection\":[\"Destaque\",\"Esporte\",\"Geral\"],\"inLanguage\":\"pt-BR\",\"potentialAction\":[{\"@type\":\"CommentAction\",\"name\":\"Comment\",\"target\":[\"https:\\\/\\\/capivari.sp.gov.br\\\/portal\\\/ultima-rodada-da-fase-de-grupos-do-campeonato-amador-de-futebol-2023-comeca-neste-domingo-dia-17-confira-os-jogos\\\/#respond\"]}]},{\"@type\":\"WebPage\",\"@id\":\"https:\\\/\\\/capivari.sp.gov.br\\\/portal\\\/ultima-rodada-da-fase-de-grupos-do-campeonato-amador-de-futebol-2023-comeca-neste-domingo-dia-17-confira-os-jogos\\\/\",\"url\":\"https:\\\/\\\/capivari.sp.gov.br\\\/portal\\\/ultima-rodada-da-fase-de-grupos-do-campeonato-amador-de-futebol-2023-comeca-neste-domingo-dia-17-confira-os-jogos\\\/\",\"name\":\"\u00daltima rodada da fase de grupos do Campeonato Amador de Futebol 2023 come\u00e7a neste domingo, dia 17; confira os jogos: - Prefeitura de Capivari\",\"isPartOf\":{\"@id\":\"https:\\\/\\\/capivari.sp.gov.br\\\/portal\\\/#website\"},\"primaryImageOfPage\":{\"@id\":\"https:\\\/\\\/capivari.sp.gov.br\\\/portal\\\/ultima-rodada-da-fase-de-grupos-do-campeonato-amador-de-futebol-2023-comeca-neste-domingo-dia-17-confira-os-jogos\\\/#primaryimage\"},\"image\":{\"@id\":\"https:\\\/\\\/capivari.sp.gov.br\\\/portal\\\/ultima-rodada-da-fase-de-grupos-do-campeonato-amador-de-futebol-2023-comeca-neste-domingo-dia-17-confira-os-jogos\\\/#primaryimage\"},\"thumbnailUrl\":\"https:\\\/\\\/capivari.sp.gov.br\\\/portal\\\/wp-content\\\/uploads\\\/2023\\\/09\\\/DJI_0044-scaled.jpg\",\"datePublished\":\"2023-09-15T18:55:12+00:00\",\"breadcrumb\":{\"@id\":\"https:\\\/\\\/capivari.sp.gov.br\\\/portal\\\/ultima-rodada-da-fase-de-grupos-do-campeonato-amador-de-futebol-2023-comeca-neste-domingo-dia-17-confira-os-jogos\\\/#breadcrumb\"},\"inLanguage\":\"pt-BR\",\"potentialAction\":[{\"@type\":\"ReadAction\",\"target\":[\"https:\\\/\\\/capivari.sp.gov.br\\\/portal\\\/ultima-rodada-da-fase-de-grupos-do-campeonato-amador-de-futebol-2023-comeca-neste-domingo-dia-17-confira-os-jogos\\\/\"]}]},{\"@type\":\"ImageObject\",\"inLanguage\":\"pt-BR\",\"@id\":\"https:\\\/\\\/capivari.sp.gov.br\\\/portal\\\/ultima-rodada-da-fase-de-grupos-do-campeonato-amador-de-futebol-2023-comeca-neste-domingo-dia-17-confira-os-jogos\\\/#primaryimage\",\"url\":\"https:\\\/\\\/capivari.sp.gov.br\\\/portal\\\/wp-content\\\/uploads\\\/2023\\\/09\\\/DJI_0044-scaled.jpg\",\"contentUrl\":\"https:\\\/\\\/capivari.sp.gov.br\\\/portal\\\/wp-content\\\/uploads\\\/2023\\\/09\\\/DJI_0044-scaled.jpg\",\"width\":2560,\"height\":1440,\"caption\":\"DCIM102MEDIADJI_0044.JPG\"},{\"@type\":\"BreadcrumbList\",\"@id\":\"https:\\\/\\\/capivari.sp.gov.br\\\/portal\\\/ultima-rodada-da-fase-de-grupos-do-campeonato-amador-de-futebol-2023-comeca-neste-domingo-dia-17-confira-os-jogos\\\/#breadcrumb\",\"itemListElement\":[{\"@type\":\"ListItem\",\"position\":1,\"name\":\"In\u00edcio\",\"item\":\"https:\\\/\\\/capivari.sp.gov.br\\\/portal\\\/\"},{\"@type\":\"ListItem\",\"position\":2,\"name\":\"\u00daltima rodada da fase de grupos do Campeonato Amador de Futebol 2023 come\u00e7a neste domingo, dia 17; confira os jogos:\"}]},{\"@type\":\"WebSite\",\"@id\":\"https:\\\/\\\/capivari.sp.gov.br\\\/portal\\\/#website\",\"url\":\"https:\\\/\\\/capivari.sp.gov.br\\\/portal\\\/\",\"name\":\"Prefeitura de Capivari\",\"description\":\"Prefeitura de Capivari\",\"publisher\":{\"@id\":\"https:\\\/\\\/capivari.sp.gov.br\\\/portal\\\/#organization\"},\"potentialAction\":[{\"@type\":\"SearchAction\",\"target\":{\"@type\":\"EntryPoint\",\"urlTemplate\":\"https:\\\/\\\/capivari.sp.gov.br\\\/portal\\\/?s={search_term_string}\"},\"query-input\":{\"@type\":\"PropertyValueSpecification\",\"valueRequired\":true,\"valueName\":\"search_term_string\"}}],\"inLanguage\":\"pt-BR\"},{\"@type\":\"Organization\",\"@id\":\"https:\\\/\\\/capivari.sp.gov.br\\\/portal\\\/#organization\",\"name\":\"Prefeitura de Capivari\",\"url\":\"https:\\\/\\\/capivari.sp.gov.br\\\/portal\\\/\",\"logo\":{\"@type\":\"ImageObject\",\"inLanguage\":\"pt-BR\",\"@id\":\"https:\\\/\\\/capivari.sp.gov.br\\\/portal\\\/#\\\/schema\\\/logo\\\/image\\\/\",\"url\":\"https:\\\/\\\/capivari.sp.gov.br\\\/portal\\\/wp-content\\\/uploads\\\/2021\\\/09\\\/logo-prefeitura-de-capivari.png\",\"contentUrl\":\"https:\\\/\\\/capivari.sp.gov.br\\\/portal\\\/wp-content\\\/uploads\\\/2021\\\/09\\\/logo-prefeitura-de-capivari.png\",\"width\":200,\"height\":147,\"caption\":\"Prefeitura de Capivari\"},\"image\":{\"@id\":\"https:\\\/\\\/capivari.sp.gov.br\\\/portal\\\/#\\\/schema\\\/logo\\\/image\\\/\"},\"sameAs\":[\"https:\\\/\\\/www.facebook.com\\\/PrefeituradeCapivari\\\/\",\"https:\\\/\\\/x.com\\\/PrefCapivari\",\"https:\\\/\\\/www.instagram.com\\\/prefeituracapivari\\\/\"]},{\"@type\":\"Person\",\"@id\":\"https:\\\/\\\/capivari.sp.gov.br\\\/portal\\\/#\\\/schema\\\/person\\\/98801614a91d449946b0687ae2db9f29\",\"name\":\"Thalles Cristiano\",\"image\":{\"@type\":\"ImageObject\",\"inLanguage\":\"pt-BR\",\"@id\":\"https:\\\/\\\/secure.gravatar.com\\\/avatar\\\/0d1b9a4bdcde99ab11a8cd27abdcd088993749b82c4355c0301135023dc52b3d?s=96&d=mm&r=g\",\"url\":\"https:\\\/\\\/secure.gravatar.com\\\/avatar\\\/0d1b9a4bdcde99ab11a8cd27abdcd088993749b82c4355c0301135023dc52b3d?s=96&d=mm&r=g\",\"contentUrl\":\"https:\\\/\\\/secure.gravatar.com\\\/avatar\\\/0d1b9a4bdcde99ab11a8cd27abdcd088993749b82c4355c0301135023dc52b3d?s=96&d=mm&r=g\",\"caption\":\"Thalles Cristiano\"},\"url\":\"https:\\\/\\\/capivari.sp.gov.br\\\/portal\\\/author\\\/thalles-cristiano\\\/\"}]}<\/script>\n<!-- \/ Yoast SEO plugin. -->","yoast_head_json":{"title":"\u00daltima rodada da fase de grupos do Campeonato Amador de Futebol 2023 come\u00e7a neste domingo, dia 17; confira os jogos: - Prefeitura de Capivari","robots":{"index":"index","follow":"follow","max-snippet":"max-snippet:-1","max-image-preview":"max-image-preview:large","max-video-preview":"max-video-preview:-1"},"canonical":"https:\/\/capivari.sp.gov.br\/portal\/ultima-rodada-da-fase-de-grupos-do-campeonato-amador-de-futebol-2023-comeca-neste-domingo-dia-17-confira-os-jogos\/","og_locale":"pt_BR","og_type":"article","og_title":"\u00daltima rodada da fase de grupos do Campeonato Amador de Futebol 2023 come\u00e7a neste domingo, dia 17; confira os jogos: - Prefeitura de Capivari","og_description":"O Campeonato Amador de Futebol 2023, tem o in\u00edcio da sua \u00faltima rodada neste domingo dia 17, com cinco jogos cruciais para a defini\u00e7\u00e3o do futuro do torneio. As partidas v\u00e3o acontecer nos est\u00e1dios Jair Forti, Fernando de Marco e Carlos Colnaghi. O programa \u201cApito Inicial\u201d desta semana faz a transmiss\u00e3o da partida entre Aston [&hellip;]","og_url":"https:\/\/capivari.sp.gov.br\/portal\/ultima-rodada-da-fase-de-grupos-do-campeonato-amador-de-futebol-2023-comeca-neste-domingo-dia-17-confira-os-jogos\/","og_site_name":"Prefeitura de Capivari","article_publisher":"https:\/\/www.facebook.com\/PrefeituradeCapivari\/","article_published_time":"2023-09-15T18:55:12+00:00","og_image":[{"width":2560,"height":1440,"url":"https:\/\/capivari.sp.gov.br\/portal\/wp-content\/uploads\/2023\/09\/DJI_0044-scaled.jpg","type":"image\/jpeg"}],"author":"Thalles Cristiano","twitter_card":"summary_large_image","twitter_creator":"@PrefCapivari","twitter_site":"@PrefCapivari","twitter_misc":{"Escrito por":"Thalles Cristiano","Est. tempo de leitura":"4 minutos"},"schema":{"@context":"https:\/\/schema.org","@graph":[{"@type":"Article","@id":"https:\/\/capivari.sp.gov.br\/portal\/ultima-rodada-da-fase-de-grupos-do-campeonato-amador-de-futebol-2023-comeca-neste-domingo-dia-17-confira-os-jogos\/#article","isPartOf":{"@id":"https:\/\/capivari.sp.gov.br\/portal\/ultima-rodada-da-fase-de-grupos-do-campeonato-amador-de-futebol-2023-comeca-neste-domingo-dia-17-confira-os-jogos\/"},"author":{"name":"Thalles Cristiano","@id":"https:\/\/capivari.sp.gov.br\/portal\/#\/schema\/person\/98801614a91d449946b0687ae2db9f29"},"headline":"\u00daltima rodada da fase de grupos do Campeonato Amador de Futebol 2023 come\u00e7a neste domingo, dia 17; confira os jogos:","datePublished":"2023-09-15T18:55:12+00:00","mainEntityOfPage":{"@id":"https:\/\/capivari.sp.gov.br\/portal\/ultima-rodada-da-fase-de-grupos-do-campeonato-amador-de-futebol-2023-comeca-neste-domingo-dia-17-confira-os-jogos\/"},"wordCount":632,"commentCount":0,"publisher":{"@id":"https:\/\/capivari.sp.gov.br\/portal\/#organization"},"image":{"@id":"https:\/\/capivari.sp.gov.br\/portal\/ultima-rodada-da-fase-de-grupos-do-campeonato-amador-de-futebol-2023-comeca-neste-domingo-dia-17-confira-os-jogos\/#primaryimage"},"thumbnailUrl":"https:\/\/capivari.sp.gov.br\/portal\/wp-content\/uploads\/2023\/09\/DJI_0044-scaled.jpg","articleSection":["Destaque","Esporte","Geral"],"inLanguage":"pt-BR","potentialAction":[{"@type":"CommentAction","name":"Comment","target":["https:\/\/capivari.sp.gov.br\/portal\/ultima-rodada-da-fase-de-grupos-do-campeonato-amador-de-futebol-2023-comeca-neste-domingo-dia-17-confira-os-jogos\/#respond"]}]},{"@type":"WebPage","@id":"https:\/\/capivari.sp.gov.br\/portal\/ultima-rodada-da-fase-de-grupos-do-campeonato-amador-de-futebol-2023-comeca-neste-domingo-dia-17-confira-os-jogos\/","url":"https:\/\/capivari.sp.gov.br\/portal\/ultima-rodada-da-fase-de-grupos-do-campeonato-amador-de-futebol-2023-comeca-neste-domingo-dia-17-confira-os-jogos\/","name":"\u00daltima rodada da fase de grupos do Campeonato Amador de Futebol 2023 come\u00e7a neste domingo, dia 17; confira os jogos: - Prefeitura de Capivari","isPartOf":{"@id":"https:\/\/capivari.sp.gov.br\/portal\/#website"},"primaryImageOfPage":{"@id":"https:\/\/capivari.sp.gov.br\/portal\/ultima-rodada-da-fase-de-grupos-do-campeonato-amador-de-futebol-2023-comeca-neste-domingo-dia-17-confira-os-jogos\/#primaryimage"},"image":{"@id":"https:\/\/capivari.sp.gov.br\/portal\/ultima-rodada-da-fase-de-grupos-do-campeonato-amador-de-futebol-2023-comeca-neste-domingo-dia-17-confira-os-jogos\/#primaryimage"},"thumbnailUrl":"https:\/\/capivari.sp.gov.br\/portal\/wp-content\/uploads\/2023\/09\/DJI_0044-scaled.jpg","datePublished":"2023-09-15T18:55:12+00:00","breadcrumb":{"@id":"https:\/\/capivari.sp.gov.br\/portal\/ultima-rodada-da-fase-de-grupos-do-campeonato-amador-de-futebol-2023-comeca-neste-domingo-dia-17-confira-os-jogos\/#breadcrumb"},"inLanguage":"pt-BR","potentialAction":[{"@type":"ReadAction","target":["https:\/\/capivari.sp.gov.br\/portal\/ultima-rodada-da-fase-de-grupos-do-campeonato-amador-de-futebol-2023-comeca-neste-domingo-dia-17-confira-os-jogos\/"]}]},{"@type":"ImageObject","inLanguage":"pt-BR","@id":"https:\/\/capivari.sp.gov.br\/portal\/ultima-rodada-da-fase-de-grupos-do-campeonato-amador-de-futebol-2023-comeca-neste-domingo-dia-17-confira-os-jogos\/#primaryimage","url":"https:\/\/capivari.sp.gov.br\/portal\/wp-content\/uploads\/2023\/09\/DJI_0044-scaled.jpg","contentUrl":"https:\/\/capivari.sp.gov.br\/portal\/wp-content\/uploads\/2023\/09\/DJI_0044-scaled.jpg","width":2560,"height":1440,"caption":"DCIM102MEDIADJI_0044.JPG"},{"@type":"BreadcrumbList","@id":"https:\/\/capivari.sp.gov.br\/portal\/ultima-rodada-da-fase-de-grupos-do-campeonato-amador-de-futebol-2023-comeca-neste-domingo-dia-17-confira-os-jogos\/#breadcrumb","itemListElement":[{"@type":"ListItem","position":1,"name":"In\u00edcio","item":"https:\/\/capivari.sp.gov.br\/portal\/"},{"@type":"ListItem","position":2,"name":"\u00daltima rodada da fase de grupos do Campeonato Amador de Futebol 2023 come\u00e7a neste domingo, dia 17; confira os jogos:"}]},{"@type":"WebSite","@id":"https:\/\/capivari.sp.gov.br\/portal\/#website","url":"https:\/\/capivari.sp.gov.br\/portal\/","name":"Prefeitura de Capivari","description":"Prefeitura de Capivari","publisher":{"@id":"https:\/\/capivari.sp.gov.br\/portal\/#organization"},"potentialAction":[{"@type":"SearchAction","target":{"@type":"EntryPoint","urlTemplate":"https:\/\/capivari.sp.gov.br\/portal\/?s={search_term_string}"},"query-input":{"@type":"PropertyValueSpecification","valueRequired":true,"valueName":"search_term_string"}}],"inLanguage":"pt-BR"},{"@type":"Organization","@id":"https:\/\/capivari.sp.gov.br\/portal\/#organization","name":"Prefeitura de Capivari","url":"https:\/\/capivari.sp.gov.br\/portal\/","logo":{"@type":"ImageObject","inLanguage":"pt-BR","@id":"https:\/\/capivari.sp.gov.br\/portal\/#\/schema\/logo\/image\/","url":"https:\/\/capivari.sp.gov.br\/portal\/wp-content\/uploads\/2021\/09\/logo-prefeitura-de-capivari.png","contentUrl":"https:\/\/capivari.sp.gov.br\/portal\/wp-content\/uploads\/2021\/09\/logo-prefeitura-de-capivari.png","width":200,"height":147,"caption":"Prefeitura de Capivari"},"image":{"@id":"https:\/\/capivari.sp.gov.br\/portal\/#\/schema\/logo\/image\/"},"sameAs":["https:\/\/www.facebook.com\/PrefeituradeCapivari\/","https:\/\/x.com\/PrefCapivari","https:\/\/www.instagram.com\/prefeituracapivari\/"]},{"@type":"Person","@id":"https:\/\/capivari.sp.gov.br\/portal\/#\/schema\/person\/98801614a91d449946b0687ae2db9f29","name":"Thalles Cristiano","image":{"@type":"ImageObject","inLanguage":"pt-BR","@id":"https:\/\/secure.gravatar.com\/avatar\/0d1b9a4bdcde99ab11a8cd27abdcd088993749b82c4355c0301135023dc52b3d?s=96&d=mm&r=g","url":"https:\/\/secure.gravatar.com\/avatar\/0d1b9a4bdcde99ab11a8cd27abdcd088993749b82c4355c0301135023dc52b3d?s=96&d=mm&r=g","contentUrl":"https:\/\/secure.gravatar.com\/avatar\/0d1b9a4bdcde99ab11a8cd27abdcd088993749b82c4355c0301135023dc52b3d?s=96&d=mm&r=g","caption":"Thalles Cristiano"},"url":"https:\/\/capivari.sp.gov.br\/portal\/author\/thalles-cristiano\/"}]}},"_links":{"self":[{"href":"https:\/\/capivari.sp.gov.br\/portal\/wp-json\/wp\/v2\/posts\/14613","targetHints":{"allow":["GET"]}}],"collection":[{"href":"https:\/\/capivari.sp.gov.br\/portal\/wp-json\/wp\/v2\/posts"}],"about":[{"href":"https:\/\/capivari.sp.gov.br\/portal\/wp-json\/wp\/v2\/types\/post"}],"author":[{"embeddable":true,"href":"https:\/\/capivari.sp.gov.br\/portal\/wp-json\/wp\/v2\/users\/2"}],"replies":[{"embeddable":true,"href":"https:\/\/capivari.sp.gov.br\/portal\/wp-json\/wp\/v2\/comments?post=14613"}],"version-history":[{"count":1,"href":"https:\/\/capivari.sp.gov.br\/portal\/wp-json\/wp\/v2\/posts\/14613\/revisions"}],"predecessor-version":[{"id":14615,"href":"https:\/\/capivari.sp.gov.br\/portal\/wp-json\/wp\/v2\/posts\/14613\/revisions\/14615"}],"wp:featuredmedia":[{"embeddable":true,"href":"https:\/\/capivari.sp.gov.br\/portal\/wp-json\/wp\/v2\/media\/14614"}],"wp:attachment":[{"href":"https:\/\/capivari.sp.gov.br\/portal\/wp-json\/wp\/v2\/media?parent=14613"}],"wp:term":[{"taxonomy":"category","embeddable":true,"href":"https:\/\/capivari.sp.gov.br\/portal\/wp-json\/wp\/v2\/categories?post=14613"},{"taxonomy":"post_tag","embeddable":true,"href":"https:\/\/capivari.sp.gov.br\/portal\/wp-json\/wp\/v2\/tags?post=14613"}],"curies":[{"name":"wp","href":"https:\/\/api.w.org\/{rel}","templated":true}]}}