{"id":14638,"date":"2023-09-15T16:55:09","date_gmt":"2023-09-15T19:55:09","guid":{"rendered":"https:\/\/capivari.sp.gov.br\/portal\/?p=14638"},"modified":"2023-09-16T12:18:57","modified_gmt":"2023-09-16T15:18:57","slug":"eleicoes-para-o-conselho-tutelar-de-capivari-acontecem-no-proximo-dia-30","status":"publish","type":"post","link":"https:\/\/capivari.sp.gov.br\/portal\/eleicoes-para-o-conselho-tutelar-de-capivari-acontecem-no-proximo-dia-30\/","title":{"rendered":"Elei\u00e7\u00f5es para o Conselho Tutelar de Capivari acontecem no pr\u00f3ximo dia 01"},"content":{"rendered":"<p>O CMDCA (Conselho Municipal dos Direitos da Crian\u00e7a e do Adolescente do Munic\u00edpio de Capivari) divulgou o dia e local das elei\u00e7\u00f5es para a escolha dos novos membros do Conselho Tutelar de Capivari. Os 17 candidatos aprovados na prova escrita, realizada anteriormente, est\u00e3o aptos para concorrer no pleito, que eleger\u00e1 cinco membros, para mandato de quatro anos.<\/p>\n<p>O processo de escolha ocorre na EMEIEF Prof. Jos\u00e9 Benedito Pinto Antunes, localizado na rua Padre Fabiano, 1.351, no Centro, das 8h \u00e0s 17h. O voto \u00e9 facultativo e secreto. Podem votar maiores de 16 anos de idade, eleitores do munic\u00edpio de Capivari, comprovando tais condi\u00e7\u00f5es mediante a apresenta\u00e7\u00e3o obrigat\u00f3ria de c\u00e9dula de identidade ou outro documento oficial com foto e t\u00edtulo de eleitor, emitido at\u00e9 o dia 30 de julho de 2023. Eleitores com t\u00edtulos emitidos depois desta data n\u00e3o est\u00e3o aptos a participar do processo de escolha.<\/p>\n<p>Confira os candidatos e os respectivos n\u00fameros:<br \/>\nLucilene Delgado 78<br \/>\nReinaldo Flausino 79<br \/>\nJuliana Carravero 80<br \/>\nAngelica Cremoneze 81<br \/>\nPriscila Costa Gomes 82<br \/>\nBianca Zuin 83<br \/>\nPietra Bombonati 84<br \/>\nAna Paula Toledo 85<br \/>\nElizabeth Cruz 86<br \/>\nMiguel Angelo Cabrera 87<br \/>\nSimone Menegon 88<br \/>\nTelma Bettin 89<br \/>\nRegina Teixeira 90<br \/>\nEdina Andrade 91<br \/>\nLucilene Lima 92<br \/>\nIsabel Pereira da Silva 93<br \/>\nNide Barbosa 94<\/p>\n<p>A Secretaria de Desenvolvimento Social fica localizada na rua Bar\u00e3o do Rio Branco, 361, no Centro. O hor\u00e1rio de funcionamento \u00e9 das 8h30 \u00e0s 11h30 e das 13h30 \u00e0s 16h30, de segunda a sexta-feira. Os telefones s\u00e3o (19) 3492-7184 e (19) 3492-7144.<\/p>\n<p>Prefeitura de Capivari. Transformando o presente, construindo\u00a0o\u00a0futuro.<\/p>\n","protected":false},"excerpt":{"rendered":"<p>O CMDCA (Conselho Municipal dos Direitos da Crian\u00e7a e do Adolescente do Munic\u00edpio de Capivari) divulgou o dia e local das elei\u00e7\u00f5es para a escolha dos novos membros do Conselho Tutelar de Capivari. Os 17 candidatos aprovados na prova escrita, realizada anteriormente, est\u00e3o aptos para concorrer no pleito, que eleger\u00e1 cinco membros, para mandato de [&hellip;]<\/p>\n","protected":false},"author":16,"featured_media":14556,"comment_status":"open","ping_status":"open","sticky":false,"template":"","format":"standard","meta":{"ocean_post_layout":"","ocean_both_sidebars_style":"","ocean_both_sidebars_content_width":0,"ocean_both_sidebars_sidebars_width":0,"ocean_sidebar":"","ocean_second_sidebar":"","ocean_disable_margins":"enable","ocean_add_body_class":"","ocean_shortcode_before_top_bar":"","ocean_shortcode_after_top_bar":"","ocean_shortcode_before_header":"","ocean_shortcode_after_header":"","ocean_has_shortcode":"","ocean_shortcode_after_title":"","ocean_shortcode_before_footer_widgets":"","ocean_shortcode_after_footer_widgets":"","ocean_shortcode_before_footer_bottom":"","ocean_shortcode_after_footer_bottom":"","ocean_display_top_bar":"default","ocean_display_header":"default","ocean_header_style":"","ocean_center_header_left_menu":"","ocean_custom_header_template":"","ocean_custom_logo":0,"ocean_custom_retina_logo":0,"ocean_custom_logo_max_width":0,"ocean_custom_logo_tablet_max_width":0,"ocean_custom_logo_mobile_max_width":0,"ocean_custom_logo_max_height":0,"ocean_custom_logo_tablet_max_height":0,"ocean_custom_logo_mobile_max_height":0,"ocean_header_custom_menu":"","ocean_menu_typo_font_family":"","ocean_menu_typo_font_subset":"","ocean_menu_typo_font_size":0,"ocean_menu_typo_font_size_tablet":0,"ocean_menu_typo_font_size_mobile":0,"ocean_menu_typo_font_size_unit":"px","ocean_menu_typo_font_weight":"","ocean_menu_typo_font_weight_tablet":"","ocean_menu_typo_font_weight_mobile":"","ocean_menu_typo_transform":"","ocean_menu_typo_transform_tablet":"","ocean_menu_typo_transform_mobile":"","ocean_menu_typo_line_height":0,"ocean_menu_typo_line_height_tablet":0,"ocean_menu_typo_line_height_mobile":0,"ocean_menu_typo_line_height_unit":"","ocean_menu_typo_spacing":0,"ocean_menu_typo_spacing_tablet":0,"ocean_menu_typo_spacing_mobile":0,"ocean_menu_typo_spacing_unit":"","ocean_menu_link_color":"","ocean_menu_link_color_hover":"","ocean_menu_link_color_active":"","ocean_menu_link_background":"","ocean_menu_link_hover_background":"","ocean_menu_link_active_background":"","ocean_menu_social_links_bg":"","ocean_menu_social_hover_links_bg":"","ocean_menu_social_links_color":"","ocean_menu_social_hover_links_color":"","ocean_disable_title":"default","ocean_disable_heading":"default","ocean_post_title":"","ocean_post_subheading":"","ocean_post_title_style":"","ocean_post_title_background_color":"","ocean_post_title_background":0,"ocean_post_title_bg_image_position":"","ocean_post_title_bg_image_attachment":"","ocean_post_title_bg_image_repeat":"","ocean_post_title_bg_image_size":"","ocean_post_title_height":0,"ocean_post_title_bg_overlay":0.5,"ocean_post_title_bg_overlay_color":"","ocean_disable_breadcrumbs":"default","ocean_breadcrumbs_color":"","ocean_breadcrumbs_separator_color":"","ocean_breadcrumbs_links_color":"","ocean_breadcrumbs_links_hover_color":"","ocean_display_footer_widgets":"default","ocean_display_footer_bottom":"default","ocean_custom_footer_template":"","ocean_post_oembed":"","ocean_post_self_hosted_media":"","ocean_post_video_embed":"","ocean_link_format":"","ocean_link_format_target":"self","ocean_quote_format":"","ocean_quote_format_link":"post","ocean_gallery_link_images":"on","ocean_gallery_id":[],"footnotes":""},"categories":[19,4,5],"tags":[],"class_list":["post-14638","post","type-post","status-publish","format-standard","has-post-thumbnail","hentry","category-desenvolvimento-social","category-destaque","category-geral","entry","has-media"],"yoast_head":"<!-- This site is optimized with the Yoast SEO plugin v27.4 - https:\/\/yoast.com\/product\/yoast-seo-wordpress\/ -->\n<title>Elei\u00e7\u00f5es para o Conselho Tutelar de Capivari acontecem no pr\u00f3ximo dia 01 - Prefeitura de Capivari<\/title>\n<meta name=\"robots\" content=\"index, follow, max-snippet:-1, max-image-preview:large, max-video-preview:-1\" \/>\n<link rel=\"canonical\" href=\"https:\/\/capivari.sp.gov.br\/portal\/eleicoes-para-o-conselho-tutelar-de-capivari-acontecem-no-proximo-dia-30\/\" \/>\n<meta property=\"og:locale\" content=\"pt_BR\" \/>\n<meta property=\"og:type\" content=\"article\" \/>\n<meta property=\"og:title\" content=\"Elei\u00e7\u00f5es para o Conselho Tutelar de Capivari acontecem no pr\u00f3ximo dia 01 - Prefeitura de Capivari\" \/>\n<meta property=\"og:description\" content=\"O CMDCA (Conselho Municipal dos Direitos da Crian\u00e7a e do Adolescente do Munic\u00edpio de Capivari) divulgou o dia e local das elei\u00e7\u00f5es para a escolha dos novos membros do Conselho Tutelar de Capivari. Os 17 candidatos aprovados na prova escrita, realizada anteriormente, est\u00e3o aptos para concorrer no pleito, que eleger\u00e1 cinco membros, para mandato de [&hellip;]\" \/>\n<meta property=\"og:url\" content=\"https:\/\/capivari.sp.gov.br\/portal\/eleicoes-para-o-conselho-tutelar-de-capivari-acontecem-no-proximo-dia-30\/\" \/>\n<meta property=\"og:site_name\" content=\"Prefeitura de Capivari\" \/>\n<meta property=\"article:publisher\" content=\"https:\/\/www.facebook.com\/PrefeituradeCapivari\/\" \/>\n<meta property=\"article:published_time\" content=\"2023-09-15T19:55:09+00:00\" \/>\n<meta property=\"article:modified_time\" content=\"2023-09-16T15:18:57+00:00\" \/>\n<meta property=\"og:image\" content=\"https:\/\/capivari.sp.gov.br\/portal\/wp-content\/uploads\/2023\/09\/DJI_0406-scaled.jpg\" \/>\n\t<meta property=\"og:image:width\" content=\"2560\" \/>\n\t<meta property=\"og:image:height\" content=\"1440\" \/>\n\t<meta property=\"og:image:type\" content=\"image\/jpeg\" \/>\n<meta name=\"author\" content=\"Leonardo Nocete\" \/>\n<meta name=\"twitter:card\" content=\"summary_large_image\" \/>\n<meta name=\"twitter:creator\" content=\"@PrefCapivari\" \/>\n<meta name=\"twitter:site\" content=\"@PrefCapivari\" \/>\n<meta name=\"twitter:label1\" content=\"Escrito por\" \/>\n\t<meta name=\"twitter:data1\" content=\"Leonardo Nocete\" \/>\n\t<meta name=\"twitter:label2\" content=\"Est. tempo de leitura\" \/>\n\t<meta name=\"twitter:data2\" content=\"2 minutos\" \/>\n<script type=\"application\/ld+json\" class=\"yoast-schema-graph\">{\"@context\":\"https:\\\/\\\/schema.org\",\"@graph\":[{\"@type\":\"Article\",\"@id\":\"https:\\\/\\\/capivari.sp.gov.br\\\/portal\\\/eleicoes-para-o-conselho-tutelar-de-capivari-acontecem-no-proximo-dia-30\\\/#article\",\"isPartOf\":{\"@id\":\"https:\\\/\\\/capivari.sp.gov.br\\\/portal\\\/eleicoes-para-o-conselho-tutelar-de-capivari-acontecem-no-proximo-dia-30\\\/\"},\"author\":{\"name\":\"Leonardo Nocete\",\"@id\":\"https:\\\/\\\/capivari.sp.gov.br\\\/portal\\\/#\\\/schema\\\/person\\\/2370456f508b3c5850854ed47030a88b\"},\"headline\":\"Elei\u00e7\u00f5es para o Conselho Tutelar de Capivari acontecem no pr\u00f3ximo dia 01\",\"datePublished\":\"2023-09-15T19:55:09+00:00\",\"dateModified\":\"2023-09-16T15:18:57+00:00\",\"mainEntityOfPage\":{\"@id\":\"https:\\\/\\\/capivari.sp.gov.br\\\/portal\\\/eleicoes-para-o-conselho-tutelar-de-capivari-acontecem-no-proximo-dia-30\\\/\"},\"wordCount\":263,\"commentCount\":0,\"publisher\":{\"@id\":\"https:\\\/\\\/capivari.sp.gov.br\\\/portal\\\/#organization\"},\"image\":{\"@id\":\"https:\\\/\\\/capivari.sp.gov.br\\\/portal\\\/eleicoes-para-o-conselho-tutelar-de-capivari-acontecem-no-proximo-dia-30\\\/#primaryimage\"},\"thumbnailUrl\":\"https:\\\/\\\/capivari.sp.gov.br\\\/portal\\\/wp-content\\\/uploads\\\/2023\\\/09\\\/DJI_0406-scaled.jpg\",\"articleSection\":[\"Desenvolvimento Social\",\"Destaque\",\"Geral\"],\"inLanguage\":\"pt-BR\",\"potentialAction\":[{\"@type\":\"CommentAction\",\"name\":\"Comment\",\"target\":[\"https:\\\/\\\/capivari.sp.gov.br\\\/portal\\\/eleicoes-para-o-conselho-tutelar-de-capivari-acontecem-no-proximo-dia-30\\\/#respond\"]}]},{\"@type\":\"WebPage\",\"@id\":\"https:\\\/\\\/capivari.sp.gov.br\\\/portal\\\/eleicoes-para-o-conselho-tutelar-de-capivari-acontecem-no-proximo-dia-30\\\/\",\"url\":\"https:\\\/\\\/capivari.sp.gov.br\\\/portal\\\/eleicoes-para-o-conselho-tutelar-de-capivari-acontecem-no-proximo-dia-30\\\/\",\"name\":\"Elei\u00e7\u00f5es para o Conselho Tutelar de Capivari acontecem no pr\u00f3ximo dia 01 - Prefeitura de Capivari\",\"isPartOf\":{\"@id\":\"https:\\\/\\\/capivari.sp.gov.br\\\/portal\\\/#website\"},\"primaryImageOfPage\":{\"@id\":\"https:\\\/\\\/capivari.sp.gov.br\\\/portal\\\/eleicoes-para-o-conselho-tutelar-de-capivari-acontecem-no-proximo-dia-30\\\/#primaryimage\"},\"image\":{\"@id\":\"https:\\\/\\\/capivari.sp.gov.br\\\/portal\\\/eleicoes-para-o-conselho-tutelar-de-capivari-acontecem-no-proximo-dia-30\\\/#primaryimage\"},\"thumbnailUrl\":\"https:\\\/\\\/capivari.sp.gov.br\\\/portal\\\/wp-content\\\/uploads\\\/2023\\\/09\\\/DJI_0406-scaled.jpg\",\"datePublished\":\"2023-09-15T19:55:09+00:00\",\"dateModified\":\"2023-09-16T15:18:57+00:00\",\"breadcrumb\":{\"@id\":\"https:\\\/\\\/capivari.sp.gov.br\\\/portal\\\/eleicoes-para-o-conselho-tutelar-de-capivari-acontecem-no-proximo-dia-30\\\/#breadcrumb\"},\"inLanguage\":\"pt-BR\",\"potentialAction\":[{\"@type\":\"ReadAction\",\"target\":[\"https:\\\/\\\/capivari.sp.gov.br\\\/portal\\\/eleicoes-para-o-conselho-tutelar-de-capivari-acontecem-no-proximo-dia-30\\\/\"]}]},{\"@type\":\"ImageObject\",\"inLanguage\":\"pt-BR\",\"@id\":\"https:\\\/\\\/capivari.sp.gov.br\\\/portal\\\/eleicoes-para-o-conselho-tutelar-de-capivari-acontecem-no-proximo-dia-30\\\/#primaryimage\",\"url\":\"https:\\\/\\\/capivari.sp.gov.br\\\/portal\\\/wp-content\\\/uploads\\\/2023\\\/09\\\/DJI_0406-scaled.jpg\",\"contentUrl\":\"https:\\\/\\\/capivari.sp.gov.br\\\/portal\\\/wp-content\\\/uploads\\\/2023\\\/09\\\/DJI_0406-scaled.jpg\",\"width\":2560,\"height\":1440,\"caption\":\"DCIM100MEDIADJI_0406.JPG\"},{\"@type\":\"BreadcrumbList\",\"@id\":\"https:\\\/\\\/capivari.sp.gov.br\\\/portal\\\/eleicoes-para-o-conselho-tutelar-de-capivari-acontecem-no-proximo-dia-30\\\/#breadcrumb\",\"itemListElement\":[{\"@type\":\"ListItem\",\"position\":1,\"name\":\"In\u00edcio\",\"item\":\"https:\\\/\\\/capivari.sp.gov.br\\\/portal\\\/\"},{\"@type\":\"ListItem\",\"position\":2,\"name\":\"Elei\u00e7\u00f5es para o Conselho Tutelar de Capivari acontecem no pr\u00f3ximo dia 01\"}]},{\"@type\":\"WebSite\",\"@id\":\"https:\\\/\\\/capivari.sp.gov.br\\\/portal\\\/#website\",\"url\":\"https:\\\/\\\/capivari.sp.gov.br\\\/portal\\\/\",\"name\":\"Prefeitura de Capivari\",\"description\":\"Prefeitura de Capivari\",\"publisher\":{\"@id\":\"https:\\\/\\\/capivari.sp.gov.br\\\/portal\\\/#organization\"},\"potentialAction\":[{\"@type\":\"SearchAction\",\"target\":{\"@type\":\"EntryPoint\",\"urlTemplate\":\"https:\\\/\\\/capivari.sp.gov.br\\\/portal\\\/?s={search_term_string}\"},\"query-input\":{\"@type\":\"PropertyValueSpecification\",\"valueRequired\":true,\"valueName\":\"search_term_string\"}}],\"inLanguage\":\"pt-BR\"},{\"@type\":\"Organization\",\"@id\":\"https:\\\/\\\/capivari.sp.gov.br\\\/portal\\\/#organization\",\"name\":\"Prefeitura de Capivari\",\"url\":\"https:\\\/\\\/capivari.sp.gov.br\\\/portal\\\/\",\"logo\":{\"@type\":\"ImageObject\",\"inLanguage\":\"pt-BR\",\"@id\":\"https:\\\/\\\/capivari.sp.gov.br\\\/portal\\\/#\\\/schema\\\/logo\\\/image\\\/\",\"url\":\"https:\\\/\\\/capivari.sp.gov.br\\\/portal\\\/wp-content\\\/uploads\\\/2021\\\/09\\\/logo-prefeitura-de-capivari.png\",\"contentUrl\":\"https:\\\/\\\/capivari.sp.gov.br\\\/portal\\\/wp-content\\\/uploads\\\/2021\\\/09\\\/logo-prefeitura-de-capivari.png\",\"width\":200,\"height\":147,\"caption\":\"Prefeitura de Capivari\"},\"image\":{\"@id\":\"https:\\\/\\\/capivari.sp.gov.br\\\/portal\\\/#\\\/schema\\\/logo\\\/image\\\/\"},\"sameAs\":[\"https:\\\/\\\/www.facebook.com\\\/PrefeituradeCapivari\\\/\",\"https:\\\/\\\/x.com\\\/PrefCapivari\",\"https:\\\/\\\/www.instagram.com\\\/prefeituracapivari\\\/\"]},{\"@type\":\"Person\",\"@id\":\"https:\\\/\\\/capivari.sp.gov.br\\\/portal\\\/#\\\/schema\\\/person\\\/2370456f508b3c5850854ed47030a88b\",\"name\":\"Leonardo Nocete\",\"image\":{\"@type\":\"ImageObject\",\"inLanguage\":\"pt-BR\",\"@id\":\"https:\\\/\\\/secure.gravatar.com\\\/avatar\\\/e50b6c0a6caf8425503f25a4072837dc2d91e4c4b86cc138a8a1c35de11f7b69?s=96&d=mm&r=g\",\"url\":\"https:\\\/\\\/secure.gravatar.com\\\/avatar\\\/e50b6c0a6caf8425503f25a4072837dc2d91e4c4b86cc138a8a1c35de11f7b69?s=96&d=mm&r=g\",\"contentUrl\":\"https:\\\/\\\/secure.gravatar.com\\\/avatar\\\/e50b6c0a6caf8425503f25a4072837dc2d91e4c4b86cc138a8a1c35de11f7b69?s=96&d=mm&r=g\",\"caption\":\"Leonardo Nocete\"},\"url\":\"https:\\\/\\\/capivari.sp.gov.br\\\/portal\\\/author\\\/leonardo-nocete\\\/\"}]}<\/script>\n<!-- \/ Yoast SEO plugin. -->","yoast_head_json":{"title":"Elei\u00e7\u00f5es para o Conselho Tutelar de Capivari acontecem no pr\u00f3ximo dia 01 - Prefeitura de Capivari","robots":{"index":"index","follow":"follow","max-snippet":"max-snippet:-1","max-image-preview":"max-image-preview:large","max-video-preview":"max-video-preview:-1"},"canonical":"https:\/\/capivari.sp.gov.br\/portal\/eleicoes-para-o-conselho-tutelar-de-capivari-acontecem-no-proximo-dia-30\/","og_locale":"pt_BR","og_type":"article","og_title":"Elei\u00e7\u00f5es para o Conselho Tutelar de Capivari acontecem no pr\u00f3ximo dia 01 - Prefeitura de Capivari","og_description":"O CMDCA (Conselho Municipal dos Direitos da Crian\u00e7a e do Adolescente do Munic\u00edpio de Capivari) divulgou o dia e local das elei\u00e7\u00f5es para a escolha dos novos membros do Conselho Tutelar de Capivari. Os 17 candidatos aprovados na prova escrita, realizada anteriormente, est\u00e3o aptos para concorrer no pleito, que eleger\u00e1 cinco membros, para mandato de [&hellip;]","og_url":"https:\/\/capivari.sp.gov.br\/portal\/eleicoes-para-o-conselho-tutelar-de-capivari-acontecem-no-proximo-dia-30\/","og_site_name":"Prefeitura de Capivari","article_publisher":"https:\/\/www.facebook.com\/PrefeituradeCapivari\/","article_published_time":"2023-09-15T19:55:09+00:00","article_modified_time":"2023-09-16T15:18:57+00:00","og_image":[{"width":2560,"height":1440,"url":"https:\/\/capivari.sp.gov.br\/portal\/wp-content\/uploads\/2023\/09\/DJI_0406-scaled.jpg","type":"image\/jpeg"}],"author":"Leonardo Nocete","twitter_card":"summary_large_image","twitter_creator":"@PrefCapivari","twitter_site":"@PrefCapivari","twitter_misc":{"Escrito por":"Leonardo Nocete","Est. tempo de leitura":"2 minutos"},"schema":{"@context":"https:\/\/schema.org","@graph":[{"@type":"Article","@id":"https:\/\/capivari.sp.gov.br\/portal\/eleicoes-para-o-conselho-tutelar-de-capivari-acontecem-no-proximo-dia-30\/#article","isPartOf":{"@id":"https:\/\/capivari.sp.gov.br\/portal\/eleicoes-para-o-conselho-tutelar-de-capivari-acontecem-no-proximo-dia-30\/"},"author":{"name":"Leonardo Nocete","@id":"https:\/\/capivari.sp.gov.br\/portal\/#\/schema\/person\/2370456f508b3c5850854ed47030a88b"},"headline":"Elei\u00e7\u00f5es para o Conselho Tutelar de Capivari acontecem no pr\u00f3ximo dia 01","datePublished":"2023-09-15T19:55:09+00:00","dateModified":"2023-09-16T15:18:57+00:00","mainEntityOfPage":{"@id":"https:\/\/capivari.sp.gov.br\/portal\/eleicoes-para-o-conselho-tutelar-de-capivari-acontecem-no-proximo-dia-30\/"},"wordCount":263,"commentCount":0,"publisher":{"@id":"https:\/\/capivari.sp.gov.br\/portal\/#organization"},"image":{"@id":"https:\/\/capivari.sp.gov.br\/portal\/eleicoes-para-o-conselho-tutelar-de-capivari-acontecem-no-proximo-dia-30\/#primaryimage"},"thumbnailUrl":"https:\/\/capivari.sp.gov.br\/portal\/wp-content\/uploads\/2023\/09\/DJI_0406-scaled.jpg","articleSection":["Desenvolvimento Social","Destaque","Geral"],"inLanguage":"pt-BR","potentialAction":[{"@type":"CommentAction","name":"Comment","target":["https:\/\/capivari.sp.gov.br\/portal\/eleicoes-para-o-conselho-tutelar-de-capivari-acontecem-no-proximo-dia-30\/#respond"]}]},{"@type":"WebPage","@id":"https:\/\/capivari.sp.gov.br\/portal\/eleicoes-para-o-conselho-tutelar-de-capivari-acontecem-no-proximo-dia-30\/","url":"https:\/\/capivari.sp.gov.br\/portal\/eleicoes-para-o-conselho-tutelar-de-capivari-acontecem-no-proximo-dia-30\/","name":"Elei\u00e7\u00f5es para o Conselho Tutelar de Capivari acontecem no pr\u00f3ximo dia 01 - Prefeitura de Capivari","isPartOf":{"@id":"https:\/\/capivari.sp.gov.br\/portal\/#website"},"primaryImageOfPage":{"@id":"https:\/\/capivari.sp.gov.br\/portal\/eleicoes-para-o-conselho-tutelar-de-capivari-acontecem-no-proximo-dia-30\/#primaryimage"},"image":{"@id":"https:\/\/capivari.sp.gov.br\/portal\/eleicoes-para-o-conselho-tutelar-de-capivari-acontecem-no-proximo-dia-30\/#primaryimage"},"thumbnailUrl":"https:\/\/capivari.sp.gov.br\/portal\/wp-content\/uploads\/2023\/09\/DJI_0406-scaled.jpg","datePublished":"2023-09-15T19:55:09+00:00","dateModified":"2023-09-16T15:18:57+00:00","breadcrumb":{"@id":"https:\/\/capivari.sp.gov.br\/portal\/eleicoes-para-o-conselho-tutelar-de-capivari-acontecem-no-proximo-dia-30\/#breadcrumb"},"inLanguage":"pt-BR","potentialAction":[{"@type":"ReadAction","target":["https:\/\/capivari.sp.gov.br\/portal\/eleicoes-para-o-conselho-tutelar-de-capivari-acontecem-no-proximo-dia-30\/"]}]},{"@type":"ImageObject","inLanguage":"pt-BR","@id":"https:\/\/capivari.sp.gov.br\/portal\/eleicoes-para-o-conselho-tutelar-de-capivari-acontecem-no-proximo-dia-30\/#primaryimage","url":"https:\/\/capivari.sp.gov.br\/portal\/wp-content\/uploads\/2023\/09\/DJI_0406-scaled.jpg","contentUrl":"https:\/\/capivari.sp.gov.br\/portal\/wp-content\/uploads\/2023\/09\/DJI_0406-scaled.jpg","width":2560,"height":1440,"caption":"DCIM100MEDIADJI_0406.JPG"},{"@type":"BreadcrumbList","@id":"https:\/\/capivari.sp.gov.br\/portal\/eleicoes-para-o-conselho-tutelar-de-capivari-acontecem-no-proximo-dia-30\/#breadcrumb","itemListElement":[{"@type":"ListItem","position":1,"name":"In\u00edcio","item":"https:\/\/capivari.sp.gov.br\/portal\/"},{"@type":"ListItem","position":2,"name":"Elei\u00e7\u00f5es para o Conselho Tutelar de Capivari acontecem no pr\u00f3ximo dia 01"}]},{"@type":"WebSite","@id":"https:\/\/capivari.sp.gov.br\/portal\/#website","url":"https:\/\/capivari.sp.gov.br\/portal\/","name":"Prefeitura de Capivari","description":"Prefeitura de Capivari","publisher":{"@id":"https:\/\/capivari.sp.gov.br\/portal\/#organization"},"potentialAction":[{"@type":"SearchAction","target":{"@type":"EntryPoint","urlTemplate":"https:\/\/capivari.sp.gov.br\/portal\/?s={search_term_string}"},"query-input":{"@type":"PropertyValueSpecification","valueRequired":true,"valueName":"search_term_string"}}],"inLanguage":"pt-BR"},{"@type":"Organization","@id":"https:\/\/capivari.sp.gov.br\/portal\/#organization","name":"Prefeitura de Capivari","url":"https:\/\/capivari.sp.gov.br\/portal\/","logo":{"@type":"ImageObject","inLanguage":"pt-BR","@id":"https:\/\/capivari.sp.gov.br\/portal\/#\/schema\/logo\/image\/","url":"https:\/\/capivari.sp.gov.br\/portal\/wp-content\/uploads\/2021\/09\/logo-prefeitura-de-capivari.png","contentUrl":"https:\/\/capivari.sp.gov.br\/portal\/wp-content\/uploads\/2021\/09\/logo-prefeitura-de-capivari.png","width":200,"height":147,"caption":"Prefeitura de Capivari"},"image":{"@id":"https:\/\/capivari.sp.gov.br\/portal\/#\/schema\/logo\/image\/"},"sameAs":["https:\/\/www.facebook.com\/PrefeituradeCapivari\/","https:\/\/x.com\/PrefCapivari","https:\/\/www.instagram.com\/prefeituracapivari\/"]},{"@type":"Person","@id":"https:\/\/capivari.sp.gov.br\/portal\/#\/schema\/person\/2370456f508b3c5850854ed47030a88b","name":"Leonardo Nocete","image":{"@type":"ImageObject","inLanguage":"pt-BR","@id":"https:\/\/secure.gravatar.com\/avatar\/e50b6c0a6caf8425503f25a4072837dc2d91e4c4b86cc138a8a1c35de11f7b69?s=96&d=mm&r=g","url":"https:\/\/secure.gravatar.com\/avatar\/e50b6c0a6caf8425503f25a4072837dc2d91e4c4b86cc138a8a1c35de11f7b69?s=96&d=mm&r=g","contentUrl":"https:\/\/secure.gravatar.com\/avatar\/e50b6c0a6caf8425503f25a4072837dc2d91e4c4b86cc138a8a1c35de11f7b69?s=96&d=mm&r=g","caption":"Leonardo Nocete"},"url":"https:\/\/capivari.sp.gov.br\/portal\/author\/leonardo-nocete\/"}]}},"_links":{"self":[{"href":"https:\/\/capivari.sp.gov.br\/portal\/wp-json\/wp\/v2\/posts\/14638","targetHints":{"allow":["GET"]}}],"collection":[{"href":"https:\/\/capivari.sp.gov.br\/portal\/wp-json\/wp\/v2\/posts"}],"about":[{"href":"https:\/\/capivari.sp.gov.br\/portal\/wp-json\/wp\/v2\/types\/post"}],"author":[{"embeddable":true,"href":"https:\/\/capivari.sp.gov.br\/portal\/wp-json\/wp\/v2\/users\/16"}],"replies":[{"embeddable":true,"href":"https:\/\/capivari.sp.gov.br\/portal\/wp-json\/wp\/v2\/comments?post=14638"}],"version-history":[{"count":4,"href":"https:\/\/capivari.sp.gov.br\/portal\/wp-json\/wp\/v2\/posts\/14638\/revisions"}],"predecessor-version":[{"id":14646,"href":"https:\/\/capivari.sp.gov.br\/portal\/wp-json\/wp\/v2\/posts\/14638\/revisions\/14646"}],"wp:featuredmedia":[{"embeddable":true,"href":"https:\/\/capivari.sp.gov.br\/portal\/wp-json\/wp\/v2\/media\/14556"}],"wp:attachment":[{"href":"https:\/\/capivari.sp.gov.br\/portal\/wp-json\/wp\/v2\/media?parent=14638"}],"wp:term":[{"taxonomy":"category","embeddable":true,"href":"https:\/\/capivari.sp.gov.br\/portal\/wp-json\/wp\/v2\/categories?post=14638"},{"taxonomy":"post_tag","embeddable":true,"href":"https:\/\/capivari.sp.gov.br\/portal\/wp-json\/wp\/v2\/tags?post=14638"}],"curies":[{"name":"wp","href":"https:\/\/api.w.org\/{rel}","templated":true}]}}