{"id":14640,"date":"2023-09-15T17:03:52","date_gmt":"2023-09-15T20:03:52","guid":{"rendered":"https:\/\/capivari.sp.gov.br\/portal\/?p=14640"},"modified":"2023-09-15T17:03:52","modified_gmt":"2023-09-15T20:03:52","slug":"equipe-do-saae-capivari-visita-empresa-de-tubulacao-em-fibra-de-vidro","status":"publish","type":"post","link":"https:\/\/capivari.sp.gov.br\/portal\/equipe-do-saae-capivari-visita-empresa-de-tubulacao-em-fibra-de-vidro\/","title":{"rendered":"Equipe do Saae Capivari visita empresa de tubula\u00e7\u00e3o em fibra de vidro"},"content":{"rendered":"<p>Uma comitiva do Saae Capivari visitou na \u00faltima ter\u00e7a-feira, dia 12, uma empresa, localizada em Ibat\u00e9\/SP, especializada na fabrica\u00e7\u00e3o de tubula\u00e7\u00e3o em fibra de vidro. Participaram da visita, o superintendente do Saae, Capivari Guilherme Rego, e o diretor operacional da autarquia, Bruno Gon\u00e7alves.<\/p>\n<p>A visita teve o objetivo de conhecer a tecnologia produzida pela ind\u00fastria, muito mais avan\u00e7ada em termos de qualidade e efici\u00eancia. A autarquia deseja implantar a solu\u00e7\u00e3o no munic\u00edpio muito em breve, tanto para \u00e1gua, quanto para esgoto, j\u00e1 que hoje em dia, grande parte da tubula\u00e7\u00e3o do munic\u00edpio \u00e9 em ferro, gerando um maior transtorno em manuten\u00e7\u00f5es.<\/p>\n<p>O superintendente do Saae Capivari, Guilherme Rego, destacou a import\u00e2ncia da visita para o munic\u00edpio \u201cOs tubos em fibra de vidro s\u00e3o muito mais eficientes e possuem alta qualidade, gerando muito mais seguran\u00e7a e qualidade, com menor manuten\u00e7\u00e3o e possibilitando atender toda a popula\u00e7\u00e3o de forma ainda mais eficientes. Buscamos sempre realizar investimentos que refletir\u00e3o em qualidade diariamente para a popula\u00e7\u00e3o\u201d, declara.<\/p>\n<p>Para qualquer d\u00favida ou informa\u00e7\u00e3o, o n\u00famero 0800 1900 123 est\u00e1\u00a0dispon\u00edvel.<\/p>\n<p>Saae Capivari. Cada gota faz\u00a0a\u00a0diferen\u00e7a.<\/p>\n","protected":false},"excerpt":{"rendered":"<p>Uma comitiva do Saae Capivari visitou na \u00faltima ter\u00e7a-feira, dia 12, uma empresa, localizada em Ibat\u00e9\/SP, especializada na fabrica\u00e7\u00e3o de tubula\u00e7\u00e3o em fibra de vidro. Participaram da visita, o superintendente do Saae, Capivari Guilherme Rego, e o diretor operacional da autarquia, Bruno Gon\u00e7alves. A visita teve o objetivo de conhecer a tecnologia produzida pela ind\u00fastria, [&hellip;]<\/p>\n","protected":false},"author":16,"featured_media":14641,"comment_status":"open","ping_status":"open","sticky":false,"template":"","format":"standard","meta":{"ocean_post_layout":"","ocean_both_sidebars_style":"","ocean_both_sidebars_content_width":0,"ocean_both_sidebars_sidebars_width":0,"ocean_sidebar":"","ocean_second_sidebar":"","ocean_disable_margins":"enable","ocean_add_body_class":"","ocean_shortcode_before_top_bar":"","ocean_shortcode_after_top_bar":"","ocean_shortcode_before_header":"","ocean_shortcode_after_header":"","ocean_has_shortcode":"","ocean_shortcode_after_title":"","ocean_shortcode_before_footer_widgets":"","ocean_shortcode_after_footer_widgets":"","ocean_shortcode_before_footer_bottom":"","ocean_shortcode_after_footer_bottom":"","ocean_display_top_bar":"default","ocean_display_header":"default","ocean_header_style":"","ocean_center_header_left_menu":"","ocean_custom_header_template":"","ocean_custom_logo":0,"ocean_custom_retina_logo":0,"ocean_custom_logo_max_width":0,"ocean_custom_logo_tablet_max_width":0,"ocean_custom_logo_mobile_max_width":0,"ocean_custom_logo_max_height":0,"ocean_custom_logo_tablet_max_height":0,"ocean_custom_logo_mobile_max_height":0,"ocean_header_custom_menu":"","ocean_menu_typo_font_family":"","ocean_menu_typo_font_subset":"","ocean_menu_typo_font_size":0,"ocean_menu_typo_font_size_tablet":0,"ocean_menu_typo_font_size_mobile":0,"ocean_menu_typo_font_size_unit":"px","ocean_menu_typo_font_weight":"","ocean_menu_typo_font_weight_tablet":"","ocean_menu_typo_font_weight_mobile":"","ocean_menu_typo_transform":"","ocean_menu_typo_transform_tablet":"","ocean_menu_typo_transform_mobile":"","ocean_menu_typo_line_height":0,"ocean_menu_typo_line_height_tablet":0,"ocean_menu_typo_line_height_mobile":0,"ocean_menu_typo_line_height_unit":"","ocean_menu_typo_spacing":0,"ocean_menu_typo_spacing_tablet":0,"ocean_menu_typo_spacing_mobile":0,"ocean_menu_typo_spacing_unit":"","ocean_menu_link_color":"","ocean_menu_link_color_hover":"","ocean_menu_link_color_active":"","ocean_menu_link_background":"","ocean_menu_link_hover_background":"","ocean_menu_link_active_background":"","ocean_menu_social_links_bg":"","ocean_menu_social_hover_links_bg":"","ocean_menu_social_links_color":"","ocean_menu_social_hover_links_color":"","ocean_disable_title":"default","ocean_disable_heading":"default","ocean_post_title":"","ocean_post_subheading":"","ocean_post_title_style":"","ocean_post_title_background_color":"","ocean_post_title_background":0,"ocean_post_title_bg_image_position":"","ocean_post_title_bg_image_attachment":"","ocean_post_title_bg_image_repeat":"","ocean_post_title_bg_image_size":"","ocean_post_title_height":0,"ocean_post_title_bg_overlay":0.5,"ocean_post_title_bg_overlay_color":"","ocean_disable_breadcrumbs":"default","ocean_breadcrumbs_color":"","ocean_breadcrumbs_separator_color":"","ocean_breadcrumbs_links_color":"","ocean_breadcrumbs_links_hover_color":"","ocean_display_footer_widgets":"default","ocean_display_footer_bottom":"default","ocean_custom_footer_template":"","ocean_post_oembed":"","ocean_post_self_hosted_media":"","ocean_post_video_embed":"","ocean_link_format":"","ocean_link_format_target":"self","ocean_quote_format":"","ocean_quote_format_link":"post","ocean_gallery_link_images":"on","ocean_gallery_id":[],"footnotes":""},"categories":[1],"tags":[],"class_list":["post-14640","post","type-post","status-publish","format-standard","has-post-thumbnail","hentry","category-sem-categoria","entry","has-media"],"yoast_head":"<!-- This site is optimized with the Yoast SEO plugin v27.4 - https:\/\/yoast.com\/product\/yoast-seo-wordpress\/ -->\n<title>Equipe do Saae Capivari visita empresa de tubula\u00e7\u00e3o em fibra de vidro - Prefeitura de Capivari<\/title>\n<meta name=\"robots\" content=\"index, follow, max-snippet:-1, max-image-preview:large, max-video-preview:-1\" \/>\n<link rel=\"canonical\" href=\"https:\/\/capivari.sp.gov.br\/portal\/equipe-do-saae-capivari-visita-empresa-de-tubulacao-em-fibra-de-vidro\/\" \/>\n<meta property=\"og:locale\" content=\"pt_BR\" \/>\n<meta property=\"og:type\" content=\"article\" \/>\n<meta property=\"og:title\" content=\"Equipe do Saae Capivari visita empresa de tubula\u00e7\u00e3o em fibra de vidro - Prefeitura de Capivari\" \/>\n<meta property=\"og:description\" content=\"Uma comitiva do Saae Capivari visitou na \u00faltima ter\u00e7a-feira, dia 12, uma empresa, localizada em Ibat\u00e9\/SP, especializada na fabrica\u00e7\u00e3o de tubula\u00e7\u00e3o em fibra de vidro. Participaram da visita, o superintendente do Saae, Capivari Guilherme Rego, e o diretor operacional da autarquia, Bruno Gon\u00e7alves. A visita teve o objetivo de conhecer a tecnologia produzida pela ind\u00fastria, [&hellip;]\" \/>\n<meta property=\"og:url\" content=\"https:\/\/capivari.sp.gov.br\/portal\/equipe-do-saae-capivari-visita-empresa-de-tubulacao-em-fibra-de-vidro\/\" \/>\n<meta property=\"og:site_name\" content=\"Prefeitura de Capivari\" \/>\n<meta property=\"article:publisher\" content=\"https:\/\/www.facebook.com\/PrefeituradeCapivari\/\" \/>\n<meta property=\"article:published_time\" content=\"2023-09-15T20:03:52+00:00\" \/>\n<meta property=\"og:image\" content=\"https:\/\/capivari.sp.gov.br\/portal\/wp-content\/uploads\/2023\/09\/WhatsApp-Image-2023-09-12-at-12.46.14.jpeg\" \/>\n\t<meta property=\"og:image:width\" content=\"1200\" \/>\n\t<meta property=\"og:image:height\" content=\"1600\" \/>\n\t<meta property=\"og:image:type\" content=\"image\/jpeg\" \/>\n<meta name=\"author\" content=\"Leonardo Nocete\" \/>\n<meta name=\"twitter:card\" content=\"summary_large_image\" \/>\n<meta name=\"twitter:creator\" content=\"@PrefCapivari\" \/>\n<meta name=\"twitter:site\" content=\"@PrefCapivari\" \/>\n<meta name=\"twitter:label1\" content=\"Escrito por\" \/>\n\t<meta name=\"twitter:data1\" content=\"Leonardo Nocete\" \/>\n\t<meta name=\"twitter:label2\" content=\"Est. tempo de leitura\" \/>\n\t<meta name=\"twitter:data2\" content=\"2 minutos\" \/>\n<script type=\"application\/ld+json\" class=\"yoast-schema-graph\">{\"@context\":\"https:\\\/\\\/schema.org\",\"@graph\":[{\"@type\":\"Article\",\"@id\":\"https:\\\/\\\/capivari.sp.gov.br\\\/portal\\\/equipe-do-saae-capivari-visita-empresa-de-tubulacao-em-fibra-de-vidro\\\/#article\",\"isPartOf\":{\"@id\":\"https:\\\/\\\/capivari.sp.gov.br\\\/portal\\\/equipe-do-saae-capivari-visita-empresa-de-tubulacao-em-fibra-de-vidro\\\/\"},\"author\":{\"name\":\"Leonardo Nocete\",\"@id\":\"https:\\\/\\\/capivari.sp.gov.br\\\/portal\\\/#\\\/schema\\\/person\\\/2370456f508b3c5850854ed47030a88b\"},\"headline\":\"Equipe do Saae Capivari visita empresa de tubula\u00e7\u00e3o em fibra de vidro\",\"datePublished\":\"2023-09-15T20:03:52+00:00\",\"mainEntityOfPage\":{\"@id\":\"https:\\\/\\\/capivari.sp.gov.br\\\/portal\\\/equipe-do-saae-capivari-visita-empresa-de-tubulacao-em-fibra-de-vidro\\\/\"},\"wordCount\":216,\"commentCount\":0,\"publisher\":{\"@id\":\"https:\\\/\\\/capivari.sp.gov.br\\\/portal\\\/#organization\"},\"image\":{\"@id\":\"https:\\\/\\\/capivari.sp.gov.br\\\/portal\\\/equipe-do-saae-capivari-visita-empresa-de-tubulacao-em-fibra-de-vidro\\\/#primaryimage\"},\"thumbnailUrl\":\"https:\\\/\\\/capivari.sp.gov.br\\\/portal\\\/wp-content\\\/uploads\\\/2023\\\/09\\\/WhatsApp-Image-2023-09-12-at-12.46.14.jpeg\",\"inLanguage\":\"pt-BR\",\"potentialAction\":[{\"@type\":\"CommentAction\",\"name\":\"Comment\",\"target\":[\"https:\\\/\\\/capivari.sp.gov.br\\\/portal\\\/equipe-do-saae-capivari-visita-empresa-de-tubulacao-em-fibra-de-vidro\\\/#respond\"]}]},{\"@type\":\"WebPage\",\"@id\":\"https:\\\/\\\/capivari.sp.gov.br\\\/portal\\\/equipe-do-saae-capivari-visita-empresa-de-tubulacao-em-fibra-de-vidro\\\/\",\"url\":\"https:\\\/\\\/capivari.sp.gov.br\\\/portal\\\/equipe-do-saae-capivari-visita-empresa-de-tubulacao-em-fibra-de-vidro\\\/\",\"name\":\"Equipe do Saae Capivari visita empresa de tubula\u00e7\u00e3o em fibra de vidro - Prefeitura de Capivari\",\"isPartOf\":{\"@id\":\"https:\\\/\\\/capivari.sp.gov.br\\\/portal\\\/#website\"},\"primaryImageOfPage\":{\"@id\":\"https:\\\/\\\/capivari.sp.gov.br\\\/portal\\\/equipe-do-saae-capivari-visita-empresa-de-tubulacao-em-fibra-de-vidro\\\/#primaryimage\"},\"image\":{\"@id\":\"https:\\\/\\\/capivari.sp.gov.br\\\/portal\\\/equipe-do-saae-capivari-visita-empresa-de-tubulacao-em-fibra-de-vidro\\\/#primaryimage\"},\"thumbnailUrl\":\"https:\\\/\\\/capivari.sp.gov.br\\\/portal\\\/wp-content\\\/uploads\\\/2023\\\/09\\\/WhatsApp-Image-2023-09-12-at-12.46.14.jpeg\",\"datePublished\":\"2023-09-15T20:03:52+00:00\",\"breadcrumb\":{\"@id\":\"https:\\\/\\\/capivari.sp.gov.br\\\/portal\\\/equipe-do-saae-capivari-visita-empresa-de-tubulacao-em-fibra-de-vidro\\\/#breadcrumb\"},\"inLanguage\":\"pt-BR\",\"potentialAction\":[{\"@type\":\"ReadAction\",\"target\":[\"https:\\\/\\\/capivari.sp.gov.br\\\/portal\\\/equipe-do-saae-capivari-visita-empresa-de-tubulacao-em-fibra-de-vidro\\\/\"]}]},{\"@type\":\"ImageObject\",\"inLanguage\":\"pt-BR\",\"@id\":\"https:\\\/\\\/capivari.sp.gov.br\\\/portal\\\/equipe-do-saae-capivari-visita-empresa-de-tubulacao-em-fibra-de-vidro\\\/#primaryimage\",\"url\":\"https:\\\/\\\/capivari.sp.gov.br\\\/portal\\\/wp-content\\\/uploads\\\/2023\\\/09\\\/WhatsApp-Image-2023-09-12-at-12.46.14.jpeg\",\"contentUrl\":\"https:\\\/\\\/capivari.sp.gov.br\\\/portal\\\/wp-content\\\/uploads\\\/2023\\\/09\\\/WhatsApp-Image-2023-09-12-at-12.46.14.jpeg\",\"width\":1200,\"height\":1600},{\"@type\":\"BreadcrumbList\",\"@id\":\"https:\\\/\\\/capivari.sp.gov.br\\\/portal\\\/equipe-do-saae-capivari-visita-empresa-de-tubulacao-em-fibra-de-vidro\\\/#breadcrumb\",\"itemListElement\":[{\"@type\":\"ListItem\",\"position\":1,\"name\":\"In\u00edcio\",\"item\":\"https:\\\/\\\/capivari.sp.gov.br\\\/portal\\\/\"},{\"@type\":\"ListItem\",\"position\":2,\"name\":\"Equipe do Saae Capivari visita empresa de tubula\u00e7\u00e3o em fibra de vidro\"}]},{\"@type\":\"WebSite\",\"@id\":\"https:\\\/\\\/capivari.sp.gov.br\\\/portal\\\/#website\",\"url\":\"https:\\\/\\\/capivari.sp.gov.br\\\/portal\\\/\",\"name\":\"Prefeitura de Capivari\",\"description\":\"Prefeitura de Capivari\",\"publisher\":{\"@id\":\"https:\\\/\\\/capivari.sp.gov.br\\\/portal\\\/#organization\"},\"potentialAction\":[{\"@type\":\"SearchAction\",\"target\":{\"@type\":\"EntryPoint\",\"urlTemplate\":\"https:\\\/\\\/capivari.sp.gov.br\\\/portal\\\/?s={search_term_string}\"},\"query-input\":{\"@type\":\"PropertyValueSpecification\",\"valueRequired\":true,\"valueName\":\"search_term_string\"}}],\"inLanguage\":\"pt-BR\"},{\"@type\":\"Organization\",\"@id\":\"https:\\\/\\\/capivari.sp.gov.br\\\/portal\\\/#organization\",\"name\":\"Prefeitura de Capivari\",\"url\":\"https:\\\/\\\/capivari.sp.gov.br\\\/portal\\\/\",\"logo\":{\"@type\":\"ImageObject\",\"inLanguage\":\"pt-BR\",\"@id\":\"https:\\\/\\\/capivari.sp.gov.br\\\/portal\\\/#\\\/schema\\\/logo\\\/image\\\/\",\"url\":\"https:\\\/\\\/capivari.sp.gov.br\\\/portal\\\/wp-content\\\/uploads\\\/2021\\\/09\\\/logo-prefeitura-de-capivari.png\",\"contentUrl\":\"https:\\\/\\\/capivari.sp.gov.br\\\/portal\\\/wp-content\\\/uploads\\\/2021\\\/09\\\/logo-prefeitura-de-capivari.png\",\"width\":200,\"height\":147,\"caption\":\"Prefeitura de Capivari\"},\"image\":{\"@id\":\"https:\\\/\\\/capivari.sp.gov.br\\\/portal\\\/#\\\/schema\\\/logo\\\/image\\\/\"},\"sameAs\":[\"https:\\\/\\\/www.facebook.com\\\/PrefeituradeCapivari\\\/\",\"https:\\\/\\\/x.com\\\/PrefCapivari\",\"https:\\\/\\\/www.instagram.com\\\/prefeituracapivari\\\/\"]},{\"@type\":\"Person\",\"@id\":\"https:\\\/\\\/capivari.sp.gov.br\\\/portal\\\/#\\\/schema\\\/person\\\/2370456f508b3c5850854ed47030a88b\",\"name\":\"Leonardo Nocete\",\"image\":{\"@type\":\"ImageObject\",\"inLanguage\":\"pt-BR\",\"@id\":\"https:\\\/\\\/secure.gravatar.com\\\/avatar\\\/e50b6c0a6caf8425503f25a4072837dc2d91e4c4b86cc138a8a1c35de11f7b69?s=96&d=mm&r=g\",\"url\":\"https:\\\/\\\/secure.gravatar.com\\\/avatar\\\/e50b6c0a6caf8425503f25a4072837dc2d91e4c4b86cc138a8a1c35de11f7b69?s=96&d=mm&r=g\",\"contentUrl\":\"https:\\\/\\\/secure.gravatar.com\\\/avatar\\\/e50b6c0a6caf8425503f25a4072837dc2d91e4c4b86cc138a8a1c35de11f7b69?s=96&d=mm&r=g\",\"caption\":\"Leonardo Nocete\"},\"url\":\"https:\\\/\\\/capivari.sp.gov.br\\\/portal\\\/author\\\/leonardo-nocete\\\/\"}]}<\/script>\n<!-- \/ Yoast SEO plugin. -->","yoast_head_json":{"title":"Equipe do Saae Capivari visita empresa de tubula\u00e7\u00e3o em fibra de vidro - Prefeitura de Capivari","robots":{"index":"index","follow":"follow","max-snippet":"max-snippet:-1","max-image-preview":"max-image-preview:large","max-video-preview":"max-video-preview:-1"},"canonical":"https:\/\/capivari.sp.gov.br\/portal\/equipe-do-saae-capivari-visita-empresa-de-tubulacao-em-fibra-de-vidro\/","og_locale":"pt_BR","og_type":"article","og_title":"Equipe do Saae Capivari visita empresa de tubula\u00e7\u00e3o em fibra de vidro - Prefeitura de Capivari","og_description":"Uma comitiva do Saae Capivari visitou na \u00faltima ter\u00e7a-feira, dia 12, uma empresa, localizada em Ibat\u00e9\/SP, especializada na fabrica\u00e7\u00e3o de tubula\u00e7\u00e3o em fibra de vidro. Participaram da visita, o superintendente do Saae, Capivari Guilherme Rego, e o diretor operacional da autarquia, Bruno Gon\u00e7alves. A visita teve o objetivo de conhecer a tecnologia produzida pela ind\u00fastria, [&hellip;]","og_url":"https:\/\/capivari.sp.gov.br\/portal\/equipe-do-saae-capivari-visita-empresa-de-tubulacao-em-fibra-de-vidro\/","og_site_name":"Prefeitura de Capivari","article_publisher":"https:\/\/www.facebook.com\/PrefeituradeCapivari\/","article_published_time":"2023-09-15T20:03:52+00:00","og_image":[{"width":1200,"height":1600,"url":"https:\/\/capivari.sp.gov.br\/portal\/wp-content\/uploads\/2023\/09\/WhatsApp-Image-2023-09-12-at-12.46.14.jpeg","type":"image\/jpeg"}],"author":"Leonardo Nocete","twitter_card":"summary_large_image","twitter_creator":"@PrefCapivari","twitter_site":"@PrefCapivari","twitter_misc":{"Escrito por":"Leonardo Nocete","Est. tempo de leitura":"2 minutos"},"schema":{"@context":"https:\/\/schema.org","@graph":[{"@type":"Article","@id":"https:\/\/capivari.sp.gov.br\/portal\/equipe-do-saae-capivari-visita-empresa-de-tubulacao-em-fibra-de-vidro\/#article","isPartOf":{"@id":"https:\/\/capivari.sp.gov.br\/portal\/equipe-do-saae-capivari-visita-empresa-de-tubulacao-em-fibra-de-vidro\/"},"author":{"name":"Leonardo Nocete","@id":"https:\/\/capivari.sp.gov.br\/portal\/#\/schema\/person\/2370456f508b3c5850854ed47030a88b"},"headline":"Equipe do Saae Capivari visita empresa de tubula\u00e7\u00e3o em fibra de vidro","datePublished":"2023-09-15T20:03:52+00:00","mainEntityOfPage":{"@id":"https:\/\/capivari.sp.gov.br\/portal\/equipe-do-saae-capivari-visita-empresa-de-tubulacao-em-fibra-de-vidro\/"},"wordCount":216,"commentCount":0,"publisher":{"@id":"https:\/\/capivari.sp.gov.br\/portal\/#organization"},"image":{"@id":"https:\/\/capivari.sp.gov.br\/portal\/equipe-do-saae-capivari-visita-empresa-de-tubulacao-em-fibra-de-vidro\/#primaryimage"},"thumbnailUrl":"https:\/\/capivari.sp.gov.br\/portal\/wp-content\/uploads\/2023\/09\/WhatsApp-Image-2023-09-12-at-12.46.14.jpeg","inLanguage":"pt-BR","potentialAction":[{"@type":"CommentAction","name":"Comment","target":["https:\/\/capivari.sp.gov.br\/portal\/equipe-do-saae-capivari-visita-empresa-de-tubulacao-em-fibra-de-vidro\/#respond"]}]},{"@type":"WebPage","@id":"https:\/\/capivari.sp.gov.br\/portal\/equipe-do-saae-capivari-visita-empresa-de-tubulacao-em-fibra-de-vidro\/","url":"https:\/\/capivari.sp.gov.br\/portal\/equipe-do-saae-capivari-visita-empresa-de-tubulacao-em-fibra-de-vidro\/","name":"Equipe do Saae Capivari visita empresa de tubula\u00e7\u00e3o em fibra de vidro - Prefeitura de Capivari","isPartOf":{"@id":"https:\/\/capivari.sp.gov.br\/portal\/#website"},"primaryImageOfPage":{"@id":"https:\/\/capivari.sp.gov.br\/portal\/equipe-do-saae-capivari-visita-empresa-de-tubulacao-em-fibra-de-vidro\/#primaryimage"},"image":{"@id":"https:\/\/capivari.sp.gov.br\/portal\/equipe-do-saae-capivari-visita-empresa-de-tubulacao-em-fibra-de-vidro\/#primaryimage"},"thumbnailUrl":"https:\/\/capivari.sp.gov.br\/portal\/wp-content\/uploads\/2023\/09\/WhatsApp-Image-2023-09-12-at-12.46.14.jpeg","datePublished":"2023-09-15T20:03:52+00:00","breadcrumb":{"@id":"https:\/\/capivari.sp.gov.br\/portal\/equipe-do-saae-capivari-visita-empresa-de-tubulacao-em-fibra-de-vidro\/#breadcrumb"},"inLanguage":"pt-BR","potentialAction":[{"@type":"ReadAction","target":["https:\/\/capivari.sp.gov.br\/portal\/equipe-do-saae-capivari-visita-empresa-de-tubulacao-em-fibra-de-vidro\/"]}]},{"@type":"ImageObject","inLanguage":"pt-BR","@id":"https:\/\/capivari.sp.gov.br\/portal\/equipe-do-saae-capivari-visita-empresa-de-tubulacao-em-fibra-de-vidro\/#primaryimage","url":"https:\/\/capivari.sp.gov.br\/portal\/wp-content\/uploads\/2023\/09\/WhatsApp-Image-2023-09-12-at-12.46.14.jpeg","contentUrl":"https:\/\/capivari.sp.gov.br\/portal\/wp-content\/uploads\/2023\/09\/WhatsApp-Image-2023-09-12-at-12.46.14.jpeg","width":1200,"height":1600},{"@type":"BreadcrumbList","@id":"https:\/\/capivari.sp.gov.br\/portal\/equipe-do-saae-capivari-visita-empresa-de-tubulacao-em-fibra-de-vidro\/#breadcrumb","itemListElement":[{"@type":"ListItem","position":1,"name":"In\u00edcio","item":"https:\/\/capivari.sp.gov.br\/portal\/"},{"@type":"ListItem","position":2,"name":"Equipe do Saae Capivari visita empresa de tubula\u00e7\u00e3o em fibra de vidro"}]},{"@type":"WebSite","@id":"https:\/\/capivari.sp.gov.br\/portal\/#website","url":"https:\/\/capivari.sp.gov.br\/portal\/","name":"Prefeitura de Capivari","description":"Prefeitura de Capivari","publisher":{"@id":"https:\/\/capivari.sp.gov.br\/portal\/#organization"},"potentialAction":[{"@type":"SearchAction","target":{"@type":"EntryPoint","urlTemplate":"https:\/\/capivari.sp.gov.br\/portal\/?s={search_term_string}"},"query-input":{"@type":"PropertyValueSpecification","valueRequired":true,"valueName":"search_term_string"}}],"inLanguage":"pt-BR"},{"@type":"Organization","@id":"https:\/\/capivari.sp.gov.br\/portal\/#organization","name":"Prefeitura de Capivari","url":"https:\/\/capivari.sp.gov.br\/portal\/","logo":{"@type":"ImageObject","inLanguage":"pt-BR","@id":"https:\/\/capivari.sp.gov.br\/portal\/#\/schema\/logo\/image\/","url":"https:\/\/capivari.sp.gov.br\/portal\/wp-content\/uploads\/2021\/09\/logo-prefeitura-de-capivari.png","contentUrl":"https:\/\/capivari.sp.gov.br\/portal\/wp-content\/uploads\/2021\/09\/logo-prefeitura-de-capivari.png","width":200,"height":147,"caption":"Prefeitura de Capivari"},"image":{"@id":"https:\/\/capivari.sp.gov.br\/portal\/#\/schema\/logo\/image\/"},"sameAs":["https:\/\/www.facebook.com\/PrefeituradeCapivari\/","https:\/\/x.com\/PrefCapivari","https:\/\/www.instagram.com\/prefeituracapivari\/"]},{"@type":"Person","@id":"https:\/\/capivari.sp.gov.br\/portal\/#\/schema\/person\/2370456f508b3c5850854ed47030a88b","name":"Leonardo Nocete","image":{"@type":"ImageObject","inLanguage":"pt-BR","@id":"https:\/\/secure.gravatar.com\/avatar\/e50b6c0a6caf8425503f25a4072837dc2d91e4c4b86cc138a8a1c35de11f7b69?s=96&d=mm&r=g","url":"https:\/\/secure.gravatar.com\/avatar\/e50b6c0a6caf8425503f25a4072837dc2d91e4c4b86cc138a8a1c35de11f7b69?s=96&d=mm&r=g","contentUrl":"https:\/\/secure.gravatar.com\/avatar\/e50b6c0a6caf8425503f25a4072837dc2d91e4c4b86cc138a8a1c35de11f7b69?s=96&d=mm&r=g","caption":"Leonardo Nocete"},"url":"https:\/\/capivari.sp.gov.br\/portal\/author\/leonardo-nocete\/"}]}},"_links":{"self":[{"href":"https:\/\/capivari.sp.gov.br\/portal\/wp-json\/wp\/v2\/posts\/14640","targetHints":{"allow":["GET"]}}],"collection":[{"href":"https:\/\/capivari.sp.gov.br\/portal\/wp-json\/wp\/v2\/posts"}],"about":[{"href":"https:\/\/capivari.sp.gov.br\/portal\/wp-json\/wp\/v2\/types\/post"}],"author":[{"embeddable":true,"href":"https:\/\/capivari.sp.gov.br\/portal\/wp-json\/wp\/v2\/users\/16"}],"replies":[{"embeddable":true,"href":"https:\/\/capivari.sp.gov.br\/portal\/wp-json\/wp\/v2\/comments?post=14640"}],"version-history":[{"count":1,"href":"https:\/\/capivari.sp.gov.br\/portal\/wp-json\/wp\/v2\/posts\/14640\/revisions"}],"predecessor-version":[{"id":14642,"href":"https:\/\/capivari.sp.gov.br\/portal\/wp-json\/wp\/v2\/posts\/14640\/revisions\/14642"}],"wp:featuredmedia":[{"embeddable":true,"href":"https:\/\/capivari.sp.gov.br\/portal\/wp-json\/wp\/v2\/media\/14641"}],"wp:attachment":[{"href":"https:\/\/capivari.sp.gov.br\/portal\/wp-json\/wp\/v2\/media?parent=14640"}],"wp:term":[{"taxonomy":"category","embeddable":true,"href":"https:\/\/capivari.sp.gov.br\/portal\/wp-json\/wp\/v2\/categories?post=14640"},{"taxonomy":"post_tag","embeddable":true,"href":"https:\/\/capivari.sp.gov.br\/portal\/wp-json\/wp\/v2\/tags?post=14640"}],"curies":[{"name":"wp","href":"https:\/\/api.w.org\/{rel}","templated":true}]}}