{"id":14719,"date":"2023-09-25T16:12:07","date_gmt":"2023-09-25T19:12:07","guid":{"rendered":"https:\/\/capivari.sp.gov.br\/portal\/?p=14719"},"modified":"2023-09-25T16:12:07","modified_gmt":"2023-09-25T19:12:07","slug":"primeiro-final-de-semana-de-funcionamento-do-parque-ecologico-murilo-ferreira-carnicelli-apos-reinauguracao-reune-30-mil-pessoas","status":"publish","type":"post","link":"https:\/\/capivari.sp.gov.br\/portal\/primeiro-final-de-semana-de-funcionamento-do-parque-ecologico-murilo-ferreira-carnicelli-apos-reinauguracao-reune-30-mil-pessoas\/","title":{"rendered":"Primeiro final de semana de funcionamento do Parque Ecol\u00f3gico \u201cMurilo Ferreira Carnicelli\u201d ap\u00f3s reinaugura\u00e7\u00e3o re\u00fane 30 mil pessoas"},"content":{"rendered":"<p>O novo Parque Ecol\u00f3gico \u201cMurilo Ferreira Carnicelli\u201d j\u00e1 est\u00e1 aberto a toda popula\u00e7\u00e3o. A julgar pelo seu primeiro final de semana de funcionamento, o povo de Capivari acolheu as novidades com entusiasmo. Segundo dados da Guarda Civil do munic\u00edpio, aproximadamente 30 mil pessoas passaram pelo local entre a noite de sexta-feira, dia 22, ocasi\u00e3o em que aconteceu a cerim\u00f4nia de reinaugura\u00e7\u00e3o, e a noite de domingo, dia 24.<\/p>\n<p>Muitos desses elogios foram feitos ao pr\u00f3prio prefeito Vit\u00e3o Riccomini, que esteve presente no espa\u00e7o ecol\u00f3gico em v\u00e1rios momentos do final de semana, conversando com a popula\u00e7\u00e3o. \u201c\u00c9 um cart\u00e3o-postal de Capivari e \u00e9 muito gratificante ver a popula\u00e7\u00e3o entrando e se encantando com o que est\u00e3o vendo. \u00c9 uma prova de que todo o trabalho e ousadia valeu a pena\u201d, ponderou o chefe do executivo.<\/p>\n<p>Na cerim\u00f4nia de reinaugura\u00e7\u00e3o, al\u00e9m do prefeito, estiveram presentes secret\u00e1rios, o presidente da C\u00e2mara de Capivari, Thiago Braggion, o ex-prefeito Carlos Borsari, e a deputada estadual Val\u00e9ria Bolsonaro. Tamb\u00e9m foram homenageados os pais e irm\u00e3os de Murilo Ferreira Carnicelli, que d\u00e1 nome do Parque desde sua inaugura\u00e7\u00e3o, em 2004. \u201cNossa fam\u00edlia ficou muito honrada com essa homenagem na \u00e9poca e agora tamb\u00e9m com toda essa reestrutura\u00e7\u00e3o. Ficou lindo e muito digno do nome do meu filho, que amava Capivari e era querido pelos amigos que hoje est\u00e3o aqui prestigiando esse evento\u201d, se emocionou Orlando Carnicelli, pai de Murilo, que faleceu em um acidente de autom\u00f3vel no ano de 2000.<\/p>\n<p>O final de semana tamb\u00e9m contou com atra\u00e7\u00f5es culturais e esportivas no s\u00e1bado e domingo, o que ajudou a atrair ainda mais p\u00fablico. Entre os shows, passaram pelo palco montado na rua \u00c9rico Ver\u00edssimo, os grupos Envolv\u00eancia (sexta-feira), Virou Mania e Turma da Barca (s\u00e1bado) e Pede Mais, Banda Tokaya e Seresteiros de Capivari (domingo). \u201cO Parque Ecol\u00f3gico &#8216;Murilo Ferreira Carnicelli&#8221; recebe um p\u00fablico muito variado, da crian\u00e7a ao adulto, passando pelos jovens. Por isso, nossa programa\u00e7\u00e3o refletiu isso com apresenta\u00e7\u00f5es musicais variadas de diferentes estilos. Tamb\u00e9m trouxemos pe\u00e7as teatrais infantis como \u2018Frozen\u2019 e o show do Papati Papat\u00e1, e a presen\u00e7a de personagens variados, o que alegrou o final de semana das crian\u00e7as\u201d, ressaltou Rafael Massouh, secret\u00e1rio de Rela\u00e7\u00f5es P\u00fablicas.<\/p>\n<p>J\u00e1 na \u00e1rea esportiva, o s\u00e1bado e domingo tiveram treinos funcionais, aulas de karat\u00ea, jogos de futev\u00f4lei, futmesa, v\u00f4lei, gin\u00e1stica r\u00edtmica, capoeira, treino hitbox e o 1\u00ba Campeonato de Beach Tennis do Parque Ecol\u00f3gico. \u201cToda nossa equipe de Esporte da Prefeitura esteve presente orientando e \u00e9 assim que vai ser daqui para frente. Esse ser\u00e1 um espa\u00e7o precioso para a pr\u00e1tica esportiva em Capivari\u201d, adiantou Rosenwaldo Ara\u00fajo dos Santos, o Dadazinho, secret\u00e1rio de Esportes do munic\u00edpio.<\/p>\n<p>O movimento intenso do final de semana tamb\u00e9m foram pelas novidades que o p\u00fablico s\u00f3 p\u00f4de conhecer a partir da noite de sexta-feira, como o deck, espa\u00e7o pet, as quadras remodeladas e o novo cal\u00e7amento. \u201cPrecisamos todos agradecer ao prefeito Vit\u00e3o, que nos cobrou e incentivou para que todos os envolvidos nesse projeto doassem o m\u00e1ximo de si. Todas as secretarias viveram intensamente esse parque nos \u00faltimos dias para que tudo ficasse o mais perfeito poss\u00edvel. E os elogios que estamos recebendo nestes primeiros dias \u00e9 a prova que tudo ficou perfeito\u201d, resumiu Felipe Rusignelli, secret\u00e1rio de Projetos, Conv\u00eanios e capta\u00e7\u00e3o de Recursos.<\/p>\n<p>O Parque Ecol\u00f3gico Murilo Ferreira Carnicelli fica na avenida Pio XII, no bairro Jardim Morada do Sol. Ainda h\u00e1 op\u00e7\u00f5es de entrada em port\u00f5es pelas ruas \u00c9rico Verissimo e Vin\u00edcius de Moraes. O local funciona de domingo e domingo,\u00a0das\u00a06h\u00a0\u00e0s\u00a022h.<\/p>\n","protected":false},"excerpt":{"rendered":"<p>O novo Parque Ecol\u00f3gico \u201cMurilo Ferreira Carnicelli\u201d j\u00e1 est\u00e1 aberto a toda popula\u00e7\u00e3o. A julgar pelo seu primeiro final de semana de funcionamento, o povo de Capivari acolheu as novidades com entusiasmo. Segundo dados da Guarda Civil do munic\u00edpio, aproximadamente 30 mil pessoas passaram pelo local entre a noite de sexta-feira, dia 22, ocasi\u00e3o em [&hellip;]<\/p>\n","protected":false},"author":3,"featured_media":14720,"comment_status":"open","ping_status":"open","sticky":false,"template":"","format":"standard","meta":{"ocean_post_layout":"","ocean_both_sidebars_style":"","ocean_both_sidebars_content_width":0,"ocean_both_sidebars_sidebars_width":0,"ocean_sidebar":"0","ocean_second_sidebar":"0","ocean_disable_margins":"enable","ocean_add_body_class":"","ocean_shortcode_before_top_bar":"","ocean_shortcode_after_top_bar":"","ocean_shortcode_before_header":"","ocean_shortcode_after_header":"","ocean_has_shortcode":"","ocean_shortcode_after_title":"","ocean_shortcode_before_footer_widgets":"","ocean_shortcode_after_footer_widgets":"","ocean_shortcode_before_footer_bottom":"","ocean_shortcode_after_footer_bottom":"","ocean_display_top_bar":"default","ocean_display_header":"default","ocean_header_style":"","ocean_center_header_left_menu":"0","ocean_custom_header_template":"0","ocean_custom_logo":0,"ocean_custom_retina_logo":0,"ocean_custom_logo_max_width":0,"ocean_custom_logo_tablet_max_width":0,"ocean_custom_logo_mobile_max_width":0,"ocean_custom_logo_max_height":0,"ocean_custom_logo_tablet_max_height":0,"ocean_custom_logo_mobile_max_height":0,"ocean_header_custom_menu":"0","ocean_menu_typo_font_family":"0","ocean_menu_typo_font_subset":"","ocean_menu_typo_font_size":0,"ocean_menu_typo_font_size_tablet":0,"ocean_menu_typo_font_size_mobile":0,"ocean_menu_typo_font_size_unit":"px","ocean_menu_typo_font_weight":"","ocean_menu_typo_font_weight_tablet":"","ocean_menu_typo_font_weight_mobile":"","ocean_menu_typo_transform":"","ocean_menu_typo_transform_tablet":"","ocean_menu_typo_transform_mobile":"","ocean_menu_typo_line_height":0,"ocean_menu_typo_line_height_tablet":0,"ocean_menu_typo_line_height_mobile":0,"ocean_menu_typo_line_height_unit":"","ocean_menu_typo_spacing":0,"ocean_menu_typo_spacing_tablet":0,"ocean_menu_typo_spacing_mobile":0,"ocean_menu_typo_spacing_unit":"","ocean_menu_link_color":"","ocean_menu_link_color_hover":"","ocean_menu_link_color_active":"","ocean_menu_link_background":"","ocean_menu_link_hover_background":"","ocean_menu_link_active_background":"","ocean_menu_social_links_bg":"","ocean_menu_social_hover_links_bg":"","ocean_menu_social_links_color":"","ocean_menu_social_hover_links_color":"","ocean_disable_title":"default","ocean_disable_heading":"default","ocean_post_title":"","ocean_post_subheading":"","ocean_post_title_style":"","ocean_post_title_background_color":"","ocean_post_title_background":0,"ocean_post_title_bg_image_position":"","ocean_post_title_bg_image_attachment":"","ocean_post_title_bg_image_repeat":"","ocean_post_title_bg_image_size":"","ocean_post_title_height":0,"ocean_post_title_bg_overlay":0.5,"ocean_post_title_bg_overlay_color":"","ocean_disable_breadcrumbs":"default","ocean_breadcrumbs_color":"","ocean_breadcrumbs_separator_color":"","ocean_breadcrumbs_links_color":"","ocean_breadcrumbs_links_hover_color":"","ocean_display_footer_widgets":"default","ocean_display_footer_bottom":"default","ocean_custom_footer_template":"0","ocean_post_oembed":"","ocean_post_self_hosted_media":"","ocean_post_video_embed":"","ocean_link_format":"","ocean_link_format_target":"self","ocean_quote_format":"","ocean_quote_format_link":"post","ocean_gallery_link_images":"on","ocean_gallery_id":[],"footnotes":""},"categories":[4,25,5,29,30],"tags":[],"class_list":["post-14719","post","type-post","status-publish","format-standard","has-post-thumbnail","hentry","category-destaque","category-esporte","category-geral","category-planejamento-e-urbanismo","category-relacoes-publicas","entry","has-media"],"yoast_head":"<!-- This site is optimized with the Yoast SEO plugin v27.5 - https:\/\/yoast.com\/product\/yoast-seo-wordpress\/ -->\n<title>Primeiro final de semana de funcionamento do Parque Ecol\u00f3gico \u201cMurilo Ferreira Carnicelli\u201d ap\u00f3s reinaugura\u00e7\u00e3o re\u00fane 30 mil pessoas - Prefeitura de Capivari<\/title>\n<meta name=\"robots\" content=\"index, follow, max-snippet:-1, max-image-preview:large, max-video-preview:-1\" \/>\n<link rel=\"canonical\" href=\"https:\/\/capivari.sp.gov.br\/portal\/primeiro-final-de-semana-de-funcionamento-do-parque-ecologico-murilo-ferreira-carnicelli-apos-reinauguracao-reune-30-mil-pessoas\/\" \/>\n<meta property=\"og:locale\" content=\"pt_BR\" \/>\n<meta property=\"og:type\" content=\"article\" \/>\n<meta property=\"og:title\" content=\"Primeiro final de semana de funcionamento do Parque Ecol\u00f3gico \u201cMurilo Ferreira Carnicelli\u201d ap\u00f3s reinaugura\u00e7\u00e3o re\u00fane 30 mil pessoas - Prefeitura de Capivari\" \/>\n<meta property=\"og:description\" content=\"O novo Parque Ecol\u00f3gico \u201cMurilo Ferreira Carnicelli\u201d j\u00e1 est\u00e1 aberto a toda popula\u00e7\u00e3o. A julgar pelo seu primeiro final de semana de funcionamento, o povo de Capivari acolheu as novidades com entusiasmo. Segundo dados da Guarda Civil do munic\u00edpio, aproximadamente 30 mil pessoas passaram pelo local entre a noite de sexta-feira, dia 22, ocasi\u00e3o em [&hellip;]\" \/>\n<meta property=\"og:url\" content=\"https:\/\/capivari.sp.gov.br\/portal\/primeiro-final-de-semana-de-funcionamento-do-parque-ecologico-murilo-ferreira-carnicelli-apos-reinauguracao-reune-30-mil-pessoas\/\" \/>\n<meta property=\"og:site_name\" content=\"Prefeitura de Capivari\" \/>\n<meta property=\"article:publisher\" content=\"https:\/\/www.facebook.com\/PrefeituradeCapivari\/\" \/>\n<meta property=\"article:published_time\" content=\"2023-09-25T19:12:07+00:00\" \/>\n<meta property=\"og:image\" content=\"https:\/\/capivari.sp.gov.br\/portal\/wp-content\/uploads\/2023\/09\/DJI_0630-scaled.jpg\" \/>\n\t<meta property=\"og:image:width\" content=\"2560\" \/>\n\t<meta property=\"og:image:height\" content=\"1440\" \/>\n\t<meta property=\"og:image:type\" content=\"image\/jpeg\" \/>\n<meta name=\"author\" content=\"Rafaella Uvini\" \/>\n<meta name=\"twitter:card\" content=\"summary_large_image\" \/>\n<meta name=\"twitter:creator\" content=\"@PrefCapivari\" \/>\n<meta name=\"twitter:site\" content=\"@PrefCapivari\" \/>\n<meta name=\"twitter:label1\" content=\"Escrito por\" \/>\n\t<meta name=\"twitter:data1\" content=\"Rafaella Uvini\" \/>\n\t<meta name=\"twitter:label2\" content=\"Est. tempo de leitura\" \/>\n\t<meta name=\"twitter:data2\" content=\"4 minutos\" \/>\n<script type=\"application\/ld+json\" class=\"yoast-schema-graph\">{\"@context\":\"https:\\\/\\\/schema.org\",\"@graph\":[{\"@type\":\"Article\",\"@id\":\"https:\\\/\\\/capivari.sp.gov.br\\\/portal\\\/primeiro-final-de-semana-de-funcionamento-do-parque-ecologico-murilo-ferreira-carnicelli-apos-reinauguracao-reune-30-mil-pessoas\\\/#article\",\"isPartOf\":{\"@id\":\"https:\\\/\\\/capivari.sp.gov.br\\\/portal\\\/primeiro-final-de-semana-de-funcionamento-do-parque-ecologico-murilo-ferreira-carnicelli-apos-reinauguracao-reune-30-mil-pessoas\\\/\"},\"author\":{\"name\":\"Rafaella Uvini\",\"@id\":\"https:\\\/\\\/capivari.sp.gov.br\\\/portal\\\/#\\\/schema\\\/person\\\/d7b1048525ce907b55245fe0fcaea2e5\"},\"headline\":\"Primeiro final de semana de funcionamento do Parque Ecol\u00f3gico \u201cMurilo Ferreira Carnicelli\u201d ap\u00f3s reinaugura\u00e7\u00e3o re\u00fane 30 mil pessoas\",\"datePublished\":\"2023-09-25T19:12:07+00:00\",\"mainEntityOfPage\":{\"@id\":\"https:\\\/\\\/capivari.sp.gov.br\\\/portal\\\/primeiro-final-de-semana-de-funcionamento-do-parque-ecologico-murilo-ferreira-carnicelli-apos-reinauguracao-reune-30-mil-pessoas\\\/\"},\"wordCount\":670,\"commentCount\":0,\"publisher\":{\"@id\":\"https:\\\/\\\/capivari.sp.gov.br\\\/portal\\\/#organization\"},\"image\":{\"@id\":\"https:\\\/\\\/capivari.sp.gov.br\\\/portal\\\/primeiro-final-de-semana-de-funcionamento-do-parque-ecologico-murilo-ferreira-carnicelli-apos-reinauguracao-reune-30-mil-pessoas\\\/#primaryimage\"},\"thumbnailUrl\":\"https:\\\/\\\/capivari.sp.gov.br\\\/portal\\\/wp-content\\\/uploads\\\/2023\\\/09\\\/DJI_0630-scaled.jpg\",\"articleSection\":[\"Destaque\",\"Esporte\",\"Geral\",\"Planejamento e Urbanismo\",\"Rela\u00e7\u00f5es P\u00fablicas\"],\"inLanguage\":\"pt-BR\",\"potentialAction\":[{\"@type\":\"CommentAction\",\"name\":\"Comment\",\"target\":[\"https:\\\/\\\/capivari.sp.gov.br\\\/portal\\\/primeiro-final-de-semana-de-funcionamento-do-parque-ecologico-murilo-ferreira-carnicelli-apos-reinauguracao-reune-30-mil-pessoas\\\/#respond\"]}]},{\"@type\":\"WebPage\",\"@id\":\"https:\\\/\\\/capivari.sp.gov.br\\\/portal\\\/primeiro-final-de-semana-de-funcionamento-do-parque-ecologico-murilo-ferreira-carnicelli-apos-reinauguracao-reune-30-mil-pessoas\\\/\",\"url\":\"https:\\\/\\\/capivari.sp.gov.br\\\/portal\\\/primeiro-final-de-semana-de-funcionamento-do-parque-ecologico-murilo-ferreira-carnicelli-apos-reinauguracao-reune-30-mil-pessoas\\\/\",\"name\":\"Primeiro final de semana de funcionamento do Parque Ecol\u00f3gico \u201cMurilo Ferreira Carnicelli\u201d ap\u00f3s reinaugura\u00e7\u00e3o re\u00fane 30 mil pessoas - Prefeitura de Capivari\",\"isPartOf\":{\"@id\":\"https:\\\/\\\/capivari.sp.gov.br\\\/portal\\\/#website\"},\"primaryImageOfPage\":{\"@id\":\"https:\\\/\\\/capivari.sp.gov.br\\\/portal\\\/primeiro-final-de-semana-de-funcionamento-do-parque-ecologico-murilo-ferreira-carnicelli-apos-reinauguracao-reune-30-mil-pessoas\\\/#primaryimage\"},\"image\":{\"@id\":\"https:\\\/\\\/capivari.sp.gov.br\\\/portal\\\/primeiro-final-de-semana-de-funcionamento-do-parque-ecologico-murilo-ferreira-carnicelli-apos-reinauguracao-reune-30-mil-pessoas\\\/#primaryimage\"},\"thumbnailUrl\":\"https:\\\/\\\/capivari.sp.gov.br\\\/portal\\\/wp-content\\\/uploads\\\/2023\\\/09\\\/DJI_0630-scaled.jpg\",\"datePublished\":\"2023-09-25T19:12:07+00:00\",\"breadcrumb\":{\"@id\":\"https:\\\/\\\/capivari.sp.gov.br\\\/portal\\\/primeiro-final-de-semana-de-funcionamento-do-parque-ecologico-murilo-ferreira-carnicelli-apos-reinauguracao-reune-30-mil-pessoas\\\/#breadcrumb\"},\"inLanguage\":\"pt-BR\",\"potentialAction\":[{\"@type\":\"ReadAction\",\"target\":[\"https:\\\/\\\/capivari.sp.gov.br\\\/portal\\\/primeiro-final-de-semana-de-funcionamento-do-parque-ecologico-murilo-ferreira-carnicelli-apos-reinauguracao-reune-30-mil-pessoas\\\/\"]}]},{\"@type\":\"ImageObject\",\"inLanguage\":\"pt-BR\",\"@id\":\"https:\\\/\\\/capivari.sp.gov.br\\\/portal\\\/primeiro-final-de-semana-de-funcionamento-do-parque-ecologico-murilo-ferreira-carnicelli-apos-reinauguracao-reune-30-mil-pessoas\\\/#primaryimage\",\"url\":\"https:\\\/\\\/capivari.sp.gov.br\\\/portal\\\/wp-content\\\/uploads\\\/2023\\\/09\\\/DJI_0630-scaled.jpg\",\"contentUrl\":\"https:\\\/\\\/capivari.sp.gov.br\\\/portal\\\/wp-content\\\/uploads\\\/2023\\\/09\\\/DJI_0630-scaled.jpg\",\"width\":2560,\"height\":1440,\"caption\":\"DCIM105MEDIADJI_0630.JPG\"},{\"@type\":\"BreadcrumbList\",\"@id\":\"https:\\\/\\\/capivari.sp.gov.br\\\/portal\\\/primeiro-final-de-semana-de-funcionamento-do-parque-ecologico-murilo-ferreira-carnicelli-apos-reinauguracao-reune-30-mil-pessoas\\\/#breadcrumb\",\"itemListElement\":[{\"@type\":\"ListItem\",\"position\":1,\"name\":\"In\u00edcio\",\"item\":\"https:\\\/\\\/capivari.sp.gov.br\\\/portal\\\/\"},{\"@type\":\"ListItem\",\"position\":2,\"name\":\"Primeiro final de semana de funcionamento do Parque Ecol\u00f3gico \u201cMurilo Ferreira Carnicelli\u201d ap\u00f3s reinaugura\u00e7\u00e3o re\u00fane 30 mil pessoas\"}]},{\"@type\":\"WebSite\",\"@id\":\"https:\\\/\\\/capivari.sp.gov.br\\\/portal\\\/#website\",\"url\":\"https:\\\/\\\/capivari.sp.gov.br\\\/portal\\\/\",\"name\":\"Prefeitura de Capivari\",\"description\":\"Prefeitura de Capivari\",\"publisher\":{\"@id\":\"https:\\\/\\\/capivari.sp.gov.br\\\/portal\\\/#organization\"},\"potentialAction\":[{\"@type\":\"SearchAction\",\"target\":{\"@type\":\"EntryPoint\",\"urlTemplate\":\"https:\\\/\\\/capivari.sp.gov.br\\\/portal\\\/?s={search_term_string}\"},\"query-input\":{\"@type\":\"PropertyValueSpecification\",\"valueRequired\":true,\"valueName\":\"search_term_string\"}}],\"inLanguage\":\"pt-BR\"},{\"@type\":\"Organization\",\"@id\":\"https:\\\/\\\/capivari.sp.gov.br\\\/portal\\\/#organization\",\"name\":\"Prefeitura de Capivari\",\"url\":\"https:\\\/\\\/capivari.sp.gov.br\\\/portal\\\/\",\"logo\":{\"@type\":\"ImageObject\",\"inLanguage\":\"pt-BR\",\"@id\":\"https:\\\/\\\/capivari.sp.gov.br\\\/portal\\\/#\\\/schema\\\/logo\\\/image\\\/\",\"url\":\"https:\\\/\\\/capivari.sp.gov.br\\\/portal\\\/wp-content\\\/uploads\\\/2021\\\/09\\\/logo-prefeitura-de-capivari.png\",\"contentUrl\":\"https:\\\/\\\/capivari.sp.gov.br\\\/portal\\\/wp-content\\\/uploads\\\/2021\\\/09\\\/logo-prefeitura-de-capivari.png\",\"width\":200,\"height\":147,\"caption\":\"Prefeitura de Capivari\"},\"image\":{\"@id\":\"https:\\\/\\\/capivari.sp.gov.br\\\/portal\\\/#\\\/schema\\\/logo\\\/image\\\/\"},\"sameAs\":[\"https:\\\/\\\/www.facebook.com\\\/PrefeituradeCapivari\\\/\",\"https:\\\/\\\/x.com\\\/PrefCapivari\",\"https:\\\/\\\/www.instagram.com\\\/prefeituracapivari\\\/\"]},{\"@type\":\"Person\",\"@id\":\"https:\\\/\\\/capivari.sp.gov.br\\\/portal\\\/#\\\/schema\\\/person\\\/d7b1048525ce907b55245fe0fcaea2e5\",\"name\":\"Rafaella Uvini\",\"image\":{\"@type\":\"ImageObject\",\"inLanguage\":\"pt-BR\",\"@id\":\"https:\\\/\\\/secure.gravatar.com\\\/avatar\\\/698757f92517b418dbefa88732eb599ad7eed21dcca72e22815a04b2d6270e91?s=96&d=mm&r=g\",\"url\":\"https:\\\/\\\/secure.gravatar.com\\\/avatar\\\/698757f92517b418dbefa88732eb599ad7eed21dcca72e22815a04b2d6270e91?s=96&d=mm&r=g\",\"contentUrl\":\"https:\\\/\\\/secure.gravatar.com\\\/avatar\\\/698757f92517b418dbefa88732eb599ad7eed21dcca72e22815a04b2d6270e91?s=96&d=mm&r=g\",\"caption\":\"Rafaella Uvini\"},\"url\":\"https:\\\/\\\/capivari.sp.gov.br\\\/portal\\\/author\\\/rafaella-uvini\\\/\"}]}<\/script>\n<!-- \/ Yoast SEO plugin. -->","yoast_head_json":{"title":"Primeiro final de semana de funcionamento do Parque Ecol\u00f3gico \u201cMurilo Ferreira Carnicelli\u201d ap\u00f3s reinaugura\u00e7\u00e3o re\u00fane 30 mil pessoas - Prefeitura de Capivari","robots":{"index":"index","follow":"follow","max-snippet":"max-snippet:-1","max-image-preview":"max-image-preview:large","max-video-preview":"max-video-preview:-1"},"canonical":"https:\/\/capivari.sp.gov.br\/portal\/primeiro-final-de-semana-de-funcionamento-do-parque-ecologico-murilo-ferreira-carnicelli-apos-reinauguracao-reune-30-mil-pessoas\/","og_locale":"pt_BR","og_type":"article","og_title":"Primeiro final de semana de funcionamento do Parque Ecol\u00f3gico \u201cMurilo Ferreira Carnicelli\u201d ap\u00f3s reinaugura\u00e7\u00e3o re\u00fane 30 mil pessoas - Prefeitura de Capivari","og_description":"O novo Parque Ecol\u00f3gico \u201cMurilo Ferreira Carnicelli\u201d j\u00e1 est\u00e1 aberto a toda popula\u00e7\u00e3o. A julgar pelo seu primeiro final de semana de funcionamento, o povo de Capivari acolheu as novidades com entusiasmo. Segundo dados da Guarda Civil do munic\u00edpio, aproximadamente 30 mil pessoas passaram pelo local entre a noite de sexta-feira, dia 22, ocasi\u00e3o em [&hellip;]","og_url":"https:\/\/capivari.sp.gov.br\/portal\/primeiro-final-de-semana-de-funcionamento-do-parque-ecologico-murilo-ferreira-carnicelli-apos-reinauguracao-reune-30-mil-pessoas\/","og_site_name":"Prefeitura de Capivari","article_publisher":"https:\/\/www.facebook.com\/PrefeituradeCapivari\/","article_published_time":"2023-09-25T19:12:07+00:00","og_image":[{"width":2560,"height":1440,"url":"https:\/\/capivari.sp.gov.br\/portal\/wp-content\/uploads\/2023\/09\/DJI_0630-scaled.jpg","type":"image\/jpeg"}],"author":"Rafaella Uvini","twitter_card":"summary_large_image","twitter_creator":"@PrefCapivari","twitter_site":"@PrefCapivari","twitter_misc":{"Escrito por":"Rafaella Uvini","Est. tempo de leitura":"4 minutos"},"schema":{"@context":"https:\/\/schema.org","@graph":[{"@type":"Article","@id":"https:\/\/capivari.sp.gov.br\/portal\/primeiro-final-de-semana-de-funcionamento-do-parque-ecologico-murilo-ferreira-carnicelli-apos-reinauguracao-reune-30-mil-pessoas\/#article","isPartOf":{"@id":"https:\/\/capivari.sp.gov.br\/portal\/primeiro-final-de-semana-de-funcionamento-do-parque-ecologico-murilo-ferreira-carnicelli-apos-reinauguracao-reune-30-mil-pessoas\/"},"author":{"name":"Rafaella Uvini","@id":"https:\/\/capivari.sp.gov.br\/portal\/#\/schema\/person\/d7b1048525ce907b55245fe0fcaea2e5"},"headline":"Primeiro final de semana de funcionamento do Parque Ecol\u00f3gico \u201cMurilo Ferreira Carnicelli\u201d ap\u00f3s reinaugura\u00e7\u00e3o re\u00fane 30 mil pessoas","datePublished":"2023-09-25T19:12:07+00:00","mainEntityOfPage":{"@id":"https:\/\/capivari.sp.gov.br\/portal\/primeiro-final-de-semana-de-funcionamento-do-parque-ecologico-murilo-ferreira-carnicelli-apos-reinauguracao-reune-30-mil-pessoas\/"},"wordCount":670,"commentCount":0,"publisher":{"@id":"https:\/\/capivari.sp.gov.br\/portal\/#organization"},"image":{"@id":"https:\/\/capivari.sp.gov.br\/portal\/primeiro-final-de-semana-de-funcionamento-do-parque-ecologico-murilo-ferreira-carnicelli-apos-reinauguracao-reune-30-mil-pessoas\/#primaryimage"},"thumbnailUrl":"https:\/\/capivari.sp.gov.br\/portal\/wp-content\/uploads\/2023\/09\/DJI_0630-scaled.jpg","articleSection":["Destaque","Esporte","Geral","Planejamento e Urbanismo","Rela\u00e7\u00f5es P\u00fablicas"],"inLanguage":"pt-BR","potentialAction":[{"@type":"CommentAction","name":"Comment","target":["https:\/\/capivari.sp.gov.br\/portal\/primeiro-final-de-semana-de-funcionamento-do-parque-ecologico-murilo-ferreira-carnicelli-apos-reinauguracao-reune-30-mil-pessoas\/#respond"]}]},{"@type":"WebPage","@id":"https:\/\/capivari.sp.gov.br\/portal\/primeiro-final-de-semana-de-funcionamento-do-parque-ecologico-murilo-ferreira-carnicelli-apos-reinauguracao-reune-30-mil-pessoas\/","url":"https:\/\/capivari.sp.gov.br\/portal\/primeiro-final-de-semana-de-funcionamento-do-parque-ecologico-murilo-ferreira-carnicelli-apos-reinauguracao-reune-30-mil-pessoas\/","name":"Primeiro final de semana de funcionamento do Parque Ecol\u00f3gico \u201cMurilo Ferreira Carnicelli\u201d ap\u00f3s reinaugura\u00e7\u00e3o re\u00fane 30 mil pessoas - Prefeitura de Capivari","isPartOf":{"@id":"https:\/\/capivari.sp.gov.br\/portal\/#website"},"primaryImageOfPage":{"@id":"https:\/\/capivari.sp.gov.br\/portal\/primeiro-final-de-semana-de-funcionamento-do-parque-ecologico-murilo-ferreira-carnicelli-apos-reinauguracao-reune-30-mil-pessoas\/#primaryimage"},"image":{"@id":"https:\/\/capivari.sp.gov.br\/portal\/primeiro-final-de-semana-de-funcionamento-do-parque-ecologico-murilo-ferreira-carnicelli-apos-reinauguracao-reune-30-mil-pessoas\/#primaryimage"},"thumbnailUrl":"https:\/\/capivari.sp.gov.br\/portal\/wp-content\/uploads\/2023\/09\/DJI_0630-scaled.jpg","datePublished":"2023-09-25T19:12:07+00:00","breadcrumb":{"@id":"https:\/\/capivari.sp.gov.br\/portal\/primeiro-final-de-semana-de-funcionamento-do-parque-ecologico-murilo-ferreira-carnicelli-apos-reinauguracao-reune-30-mil-pessoas\/#breadcrumb"},"inLanguage":"pt-BR","potentialAction":[{"@type":"ReadAction","target":["https:\/\/capivari.sp.gov.br\/portal\/primeiro-final-de-semana-de-funcionamento-do-parque-ecologico-murilo-ferreira-carnicelli-apos-reinauguracao-reune-30-mil-pessoas\/"]}]},{"@type":"ImageObject","inLanguage":"pt-BR","@id":"https:\/\/capivari.sp.gov.br\/portal\/primeiro-final-de-semana-de-funcionamento-do-parque-ecologico-murilo-ferreira-carnicelli-apos-reinauguracao-reune-30-mil-pessoas\/#primaryimage","url":"https:\/\/capivari.sp.gov.br\/portal\/wp-content\/uploads\/2023\/09\/DJI_0630-scaled.jpg","contentUrl":"https:\/\/capivari.sp.gov.br\/portal\/wp-content\/uploads\/2023\/09\/DJI_0630-scaled.jpg","width":2560,"height":1440,"caption":"DCIM105MEDIADJI_0630.JPG"},{"@type":"BreadcrumbList","@id":"https:\/\/capivari.sp.gov.br\/portal\/primeiro-final-de-semana-de-funcionamento-do-parque-ecologico-murilo-ferreira-carnicelli-apos-reinauguracao-reune-30-mil-pessoas\/#breadcrumb","itemListElement":[{"@type":"ListItem","position":1,"name":"In\u00edcio","item":"https:\/\/capivari.sp.gov.br\/portal\/"},{"@type":"ListItem","position":2,"name":"Primeiro final de semana de funcionamento do Parque Ecol\u00f3gico \u201cMurilo Ferreira Carnicelli\u201d ap\u00f3s reinaugura\u00e7\u00e3o re\u00fane 30 mil pessoas"}]},{"@type":"WebSite","@id":"https:\/\/capivari.sp.gov.br\/portal\/#website","url":"https:\/\/capivari.sp.gov.br\/portal\/","name":"Prefeitura de Capivari","description":"Prefeitura de Capivari","publisher":{"@id":"https:\/\/capivari.sp.gov.br\/portal\/#organization"},"potentialAction":[{"@type":"SearchAction","target":{"@type":"EntryPoint","urlTemplate":"https:\/\/capivari.sp.gov.br\/portal\/?s={search_term_string}"},"query-input":{"@type":"PropertyValueSpecification","valueRequired":true,"valueName":"search_term_string"}}],"inLanguage":"pt-BR"},{"@type":"Organization","@id":"https:\/\/capivari.sp.gov.br\/portal\/#organization","name":"Prefeitura de Capivari","url":"https:\/\/capivari.sp.gov.br\/portal\/","logo":{"@type":"ImageObject","inLanguage":"pt-BR","@id":"https:\/\/capivari.sp.gov.br\/portal\/#\/schema\/logo\/image\/","url":"https:\/\/capivari.sp.gov.br\/portal\/wp-content\/uploads\/2021\/09\/logo-prefeitura-de-capivari.png","contentUrl":"https:\/\/capivari.sp.gov.br\/portal\/wp-content\/uploads\/2021\/09\/logo-prefeitura-de-capivari.png","width":200,"height":147,"caption":"Prefeitura de Capivari"},"image":{"@id":"https:\/\/capivari.sp.gov.br\/portal\/#\/schema\/logo\/image\/"},"sameAs":["https:\/\/www.facebook.com\/PrefeituradeCapivari\/","https:\/\/x.com\/PrefCapivari","https:\/\/www.instagram.com\/prefeituracapivari\/"]},{"@type":"Person","@id":"https:\/\/capivari.sp.gov.br\/portal\/#\/schema\/person\/d7b1048525ce907b55245fe0fcaea2e5","name":"Rafaella Uvini","image":{"@type":"ImageObject","inLanguage":"pt-BR","@id":"https:\/\/secure.gravatar.com\/avatar\/698757f92517b418dbefa88732eb599ad7eed21dcca72e22815a04b2d6270e91?s=96&d=mm&r=g","url":"https:\/\/secure.gravatar.com\/avatar\/698757f92517b418dbefa88732eb599ad7eed21dcca72e22815a04b2d6270e91?s=96&d=mm&r=g","contentUrl":"https:\/\/secure.gravatar.com\/avatar\/698757f92517b418dbefa88732eb599ad7eed21dcca72e22815a04b2d6270e91?s=96&d=mm&r=g","caption":"Rafaella Uvini"},"url":"https:\/\/capivari.sp.gov.br\/portal\/author\/rafaella-uvini\/"}]}},"_links":{"self":[{"href":"https:\/\/capivari.sp.gov.br\/portal\/wp-json\/wp\/v2\/posts\/14719","targetHints":{"allow":["GET"]}}],"collection":[{"href":"https:\/\/capivari.sp.gov.br\/portal\/wp-json\/wp\/v2\/posts"}],"about":[{"href":"https:\/\/capivari.sp.gov.br\/portal\/wp-json\/wp\/v2\/types\/post"}],"author":[{"embeddable":true,"href":"https:\/\/capivari.sp.gov.br\/portal\/wp-json\/wp\/v2\/users\/3"}],"replies":[{"embeddable":true,"href":"https:\/\/capivari.sp.gov.br\/portal\/wp-json\/wp\/v2\/comments?post=14719"}],"version-history":[{"count":1,"href":"https:\/\/capivari.sp.gov.br\/portal\/wp-json\/wp\/v2\/posts\/14719\/revisions"}],"predecessor-version":[{"id":14721,"href":"https:\/\/capivari.sp.gov.br\/portal\/wp-json\/wp\/v2\/posts\/14719\/revisions\/14721"}],"wp:featuredmedia":[{"embeddable":true,"href":"https:\/\/capivari.sp.gov.br\/portal\/wp-json\/wp\/v2\/media\/14720"}],"wp:attachment":[{"href":"https:\/\/capivari.sp.gov.br\/portal\/wp-json\/wp\/v2\/media?parent=14719"}],"wp:term":[{"taxonomy":"category","embeddable":true,"href":"https:\/\/capivari.sp.gov.br\/portal\/wp-json\/wp\/v2\/categories?post=14719"},{"taxonomy":"post_tag","embeddable":true,"href":"https:\/\/capivari.sp.gov.br\/portal\/wp-json\/wp\/v2\/tags?post=14719"}],"curies":[{"name":"wp","href":"https:\/\/api.w.org\/{rel}","templated":true}]}}