{"id":14814,"date":"2023-09-28T10:54:35","date_gmt":"2023-09-28T13:54:35","guid":{"rendered":"https:\/\/capivari.sp.gov.br\/portal\/?p=14814"},"modified":"2023-09-28T10:54:35","modified_gmt":"2023-09-28T13:54:35","slug":"projeto-domingos-musicais-tera-parque-ecologico-murilo-ferreira-carnicelli-como-palco-durante-o-mes-de-outubro","status":"publish","type":"post","link":"https:\/\/capivari.sp.gov.br\/portal\/projeto-domingos-musicais-tera-parque-ecologico-murilo-ferreira-carnicelli-como-palco-durante-o-mes-de-outubro\/","title":{"rendered":"Projeto \u2018Domingos Musicais\u2019 ter\u00e1 Parque Ecol\u00f3gico \u201cMurilo Ferreira Carnicelli\u201d como palco durante o m\u00eas de outubro"},"content":{"rendered":"<p align=\"left\"><span style=\"font-family: Arial, sans-serif;\"><span style=\"font-size: large;\"><span style=\"color: #000000;\">O Parque Ecol\u00f3gico \u201cMurilo Ferreira Carnicelli&#8221; receber\u00e1 o projeto itinerante \u201cDomingos Musicais\u201d durante o m\u00eas de outubro. A primeira apresenta\u00e7\u00e3o ser\u00e1 com o Grupo \u201cGuai\u00e1 do Batuque de Umbigada\u201d, que se apresenta gratuitamente no local a partir das 20h, do pr\u00f3ximo domingo, dia 1\u00ba de outubro.<\/p>\n<p>O projeto, que vinha revezando suas apresenta\u00e7\u00f5es em bairros da cidade, ficar\u00e1 no pr\u00f3ximo m\u00eas no novo cart\u00e3o-postal de Capivari, reinaugurado durante o \u00faltimo final de semana, quando recebeu cerca de 30 mil pessoas. \u201cTivemos a apresenta\u00e7\u00e3o dos Seresteiros no palco montado para a inaugura\u00e7\u00e3o e a recep\u00e7\u00e3o e o clima foram \u00f3timo. Por isso, veio a ideia de permanecermos l\u00e1 com o projeto durante o pr\u00f3ximo m\u00eas de outubro. Tamb\u00e9m teremos uma pequena altera\u00e7\u00e3o no hor\u00e1rio, colocando os m\u00fasicos para se apresentarem mais tarde, \u00e0s 20h, aproveitando que agora o parque possui ilumina\u00e7\u00e3o\u201d, explicou Edm\u00edlson Ba\u00eda, secret\u00e1rio de Cultura e Turismo de Capivari, e idealizador do \u201cDomingos Musicais\u201d.<\/p>\n<p>Os batuqueiros do Grupo \u201cGuai\u00e1 do Batuque de Umbigada\u201d apresentar\u00e3o diferentes varia\u00e7\u00f5es da Umbigada, dan\u00e7a de origem bantu, que eram povos que habitavam regi\u00f5es onde hoje se localiza pa\u00edses como Nig\u00e9ria e Camar\u00f5es. Ela chegou ao Brasil atrav\u00e9s dos povos negros escravizados a partir do s\u00e9culo 16. Capivari \u00e9 uma das poucas cidades do Brasil a manter essa rica tradi\u00e7\u00e3o. \u201cNosso trabalho \u00e9 refor\u00e7ar essa cultura que \u00e9 muito forte em Capivari, tanto que muitos pesquisadores chegam de longe para conhecer essa dan\u00e7a que fazemos\u201d, explica Marta Joana, coordenadora do Batuque de Umbigada em Capivari, que foi fundado em 2003, e desde ent\u00e3o se apresenta em unidades do Sesc, Institui\u00e7\u00f5es Culturais e Universidades pelo Brasil.<\/p>\n<p>Al\u00e9m de conferir o Batuque Umbigada, quem for ao novo Parque Ecol\u00f3gico de Capivari ainda pode passear pelos novos espa\u00e7os do lugar, como o deck, espa\u00e7o pet, as quadras remodeladas e o novo cal\u00e7amento. O Parque Ecol\u00f3gico &#8220;Murilo Ferreira Carnicelli&#8221; fica na avenida Pio XII, no bairro Jardim Morada do Sol. Ainda h\u00e1 op\u00e7\u00f5es de entrada em port\u00f5es pelas ruas \u00c9rico Ver\u00edssimo e Vin\u00edcius de Moraes. O local funciona de domingo e domingo das 6h \u00e0s 22h.<\/p>\n<p>Para mais informa\u00e7\u00f5es sobre a agenda cultural da cidade, a Secretaria de Cultura e Turismo atende atrav\u00e9s do telefone (19) 3491-1322, ou presencialmente em sua sede, que est\u00e1 situada na rua Dulcina Bartolomeu Hoppe, 78, no bairro Santo Ant\u00f4nio.<\/span><span style=\"color: #000000;\"><b><\/p>\n<p>Prefeitura de Capivari. Transformando o presente, construindo\u00a0o\u00a0futuro.<\/b><\/span><\/span><\/span><\/p>\n","protected":false},"excerpt":{"rendered":"<p>O Parque Ecol\u00f3gico \u201cMurilo Ferreira Carnicelli&#8221; receber\u00e1 o projeto itinerante \u201cDomingos Musicais\u201d durante o m\u00eas de outubro. A primeira apresenta\u00e7\u00e3o ser\u00e1 com o Grupo \u201cGuai\u00e1 do Batuque de Umbigada\u201d, que se apresenta gratuitamente no local a partir das 20h, do pr\u00f3ximo domingo, dia 1\u00ba de outubro. O projeto, que vinha revezando suas apresenta\u00e7\u00f5es em bairros [&hellip;]<\/p>\n","protected":false},"author":15,"featured_media":14815,"comment_status":"open","ping_status":"open","sticky":false,"template":"","format":"standard","meta":{"ocean_post_layout":"","ocean_both_sidebars_style":"","ocean_both_sidebars_content_width":0,"ocean_both_sidebars_sidebars_width":0,"ocean_sidebar":"","ocean_second_sidebar":"","ocean_disable_margins":"enable","ocean_add_body_class":"","ocean_shortcode_before_top_bar":"","ocean_shortcode_after_top_bar":"","ocean_shortcode_before_header":"","ocean_shortcode_after_header":"","ocean_has_shortcode":"","ocean_shortcode_after_title":"","ocean_shortcode_before_footer_widgets":"","ocean_shortcode_after_footer_widgets":"","ocean_shortcode_before_footer_bottom":"","ocean_shortcode_after_footer_bottom":"","ocean_display_top_bar":"default","ocean_display_header":"default","ocean_header_style":"","ocean_center_header_left_menu":"","ocean_custom_header_template":"","ocean_custom_logo":0,"ocean_custom_retina_logo":0,"ocean_custom_logo_max_width":0,"ocean_custom_logo_tablet_max_width":0,"ocean_custom_logo_mobile_max_width":0,"ocean_custom_logo_max_height":0,"ocean_custom_logo_tablet_max_height":0,"ocean_custom_logo_mobile_max_height":0,"ocean_header_custom_menu":"","ocean_menu_typo_font_family":"","ocean_menu_typo_font_subset":"","ocean_menu_typo_font_size":0,"ocean_menu_typo_font_size_tablet":0,"ocean_menu_typo_font_size_mobile":0,"ocean_menu_typo_font_size_unit":"px","ocean_menu_typo_font_weight":"","ocean_menu_typo_font_weight_tablet":"","ocean_menu_typo_font_weight_mobile":"","ocean_menu_typo_transform":"","ocean_menu_typo_transform_tablet":"","ocean_menu_typo_transform_mobile":"","ocean_menu_typo_line_height":0,"ocean_menu_typo_line_height_tablet":0,"ocean_menu_typo_line_height_mobile":0,"ocean_menu_typo_line_height_unit":"","ocean_menu_typo_spacing":0,"ocean_menu_typo_spacing_tablet":0,"ocean_menu_typo_spacing_mobile":0,"ocean_menu_typo_spacing_unit":"","ocean_menu_link_color":"","ocean_menu_link_color_hover":"","ocean_menu_link_color_active":"","ocean_menu_link_background":"","ocean_menu_link_hover_background":"","ocean_menu_link_active_background":"","ocean_menu_social_links_bg":"","ocean_menu_social_hover_links_bg":"","ocean_menu_social_links_color":"","ocean_menu_social_hover_links_color":"","ocean_disable_title":"default","ocean_disable_heading":"default","ocean_post_title":"","ocean_post_subheading":"","ocean_post_title_style":"","ocean_post_title_background_color":"","ocean_post_title_background":0,"ocean_post_title_bg_image_position":"","ocean_post_title_bg_image_attachment":"","ocean_post_title_bg_image_repeat":"","ocean_post_title_bg_image_size":"","ocean_post_title_height":0,"ocean_post_title_bg_overlay":0.5,"ocean_post_title_bg_overlay_color":"","ocean_disable_breadcrumbs":"default","ocean_breadcrumbs_color":"","ocean_breadcrumbs_separator_color":"","ocean_breadcrumbs_links_color":"","ocean_breadcrumbs_links_hover_color":"","ocean_display_footer_widgets":"default","ocean_display_footer_bottom":"default","ocean_custom_footer_template":"","ocean_post_oembed":"","ocean_post_self_hosted_media":"","ocean_post_video_embed":"","ocean_link_format":"","ocean_link_format_target":"self","ocean_quote_format":"","ocean_quote_format_link":"post","ocean_gallery_link_images":"on","ocean_gallery_id":[],"footnotes":""},"categories":[17,4,5],"tags":[],"class_list":["post-14814","post","type-post","status-publish","format-standard","has-post-thumbnail","hentry","category-cultura","category-destaque","category-geral","entry","has-media"],"yoast_head":"<!-- This site is optimized with the Yoast SEO plugin v27.4 - https:\/\/yoast.com\/product\/yoast-seo-wordpress\/ -->\n<title>Projeto \u2018Domingos Musicais\u2019 ter\u00e1 Parque Ecol\u00f3gico \u201cMurilo Ferreira Carnicelli\u201d como palco durante o m\u00eas de outubro - Prefeitura de Capivari<\/title>\n<meta name=\"robots\" content=\"index, follow, max-snippet:-1, max-image-preview:large, max-video-preview:-1\" \/>\n<link rel=\"canonical\" href=\"https:\/\/capivari.sp.gov.br\/portal\/projeto-domingos-musicais-tera-parque-ecologico-murilo-ferreira-carnicelli-como-palco-durante-o-mes-de-outubro\/\" \/>\n<meta property=\"og:locale\" content=\"pt_BR\" \/>\n<meta property=\"og:type\" content=\"article\" \/>\n<meta property=\"og:title\" content=\"Projeto \u2018Domingos Musicais\u2019 ter\u00e1 Parque Ecol\u00f3gico \u201cMurilo Ferreira Carnicelli\u201d como palco durante o m\u00eas de outubro - Prefeitura de Capivari\" \/>\n<meta property=\"og:description\" content=\"O Parque Ecol\u00f3gico \u201cMurilo Ferreira Carnicelli&#8221; receber\u00e1 o projeto itinerante \u201cDomingos Musicais\u201d durante o m\u00eas de outubro. A primeira apresenta\u00e7\u00e3o ser\u00e1 com o Grupo \u201cGuai\u00e1 do Batuque de Umbigada\u201d, que se apresenta gratuitamente no local a partir das 20h, do pr\u00f3ximo domingo, dia 1\u00ba de outubro. O projeto, que vinha revezando suas apresenta\u00e7\u00f5es em bairros [&hellip;]\" \/>\n<meta property=\"og:url\" content=\"https:\/\/capivari.sp.gov.br\/portal\/projeto-domingos-musicais-tera-parque-ecologico-murilo-ferreira-carnicelli-como-palco-durante-o-mes-de-outubro\/\" \/>\n<meta property=\"og:site_name\" content=\"Prefeitura de Capivari\" \/>\n<meta property=\"article:publisher\" content=\"https:\/\/www.facebook.com\/PrefeituradeCapivari\/\" \/>\n<meta property=\"article:published_time\" content=\"2023-09-28T13:54:35+00:00\" \/>\n<meta property=\"og:image\" content=\"https:\/\/capivari.sp.gov.br\/portal\/wp-content\/uploads\/2023\/09\/Domingos-Musicais-Arte.jpg\" \/>\n\t<meta property=\"og:image:width\" content=\"1600\" \/>\n\t<meta property=\"og:image:height\" content=\"1600\" \/>\n\t<meta property=\"og:image:type\" content=\"image\/jpeg\" \/>\n<meta name=\"author\" content=\"Luciano Assis\" \/>\n<meta name=\"twitter:card\" content=\"summary_large_image\" \/>\n<meta name=\"twitter:creator\" content=\"@PrefCapivari\" \/>\n<meta name=\"twitter:site\" content=\"@PrefCapivari\" \/>\n<meta name=\"twitter:label1\" content=\"Escrito por\" \/>\n\t<meta name=\"twitter:data1\" content=\"Luciano Assis\" \/>\n\t<meta name=\"twitter:label2\" content=\"Est. tempo de leitura\" \/>\n\t<meta name=\"twitter:data2\" content=\"3 minutos\" \/>\n<script type=\"application\/ld+json\" class=\"yoast-schema-graph\">{\"@context\":\"https:\\\/\\\/schema.org\",\"@graph\":[{\"@type\":\"Article\",\"@id\":\"https:\\\/\\\/capivari.sp.gov.br\\\/portal\\\/projeto-domingos-musicais-tera-parque-ecologico-murilo-ferreira-carnicelli-como-palco-durante-o-mes-de-outubro\\\/#article\",\"isPartOf\":{\"@id\":\"https:\\\/\\\/capivari.sp.gov.br\\\/portal\\\/projeto-domingos-musicais-tera-parque-ecologico-murilo-ferreira-carnicelli-como-palco-durante-o-mes-de-outubro\\\/\"},\"author\":{\"name\":\"Luciano Assis\",\"@id\":\"https:\\\/\\\/capivari.sp.gov.br\\\/portal\\\/#\\\/schema\\\/person\\\/ac37113577adfc1517e0cfa854b830b4\"},\"headline\":\"Projeto \u2018Domingos Musicais\u2019 ter\u00e1 Parque Ecol\u00f3gico \u201cMurilo Ferreira Carnicelli\u201d como palco durante o m\u00eas de outubro\",\"datePublished\":\"2023-09-28T13:54:35+00:00\",\"mainEntityOfPage\":{\"@id\":\"https:\\\/\\\/capivari.sp.gov.br\\\/portal\\\/projeto-domingos-musicais-tera-parque-ecologico-murilo-ferreira-carnicelli-como-palco-durante-o-mes-de-outubro\\\/\"},\"wordCount\":452,\"commentCount\":0,\"publisher\":{\"@id\":\"https:\\\/\\\/capivari.sp.gov.br\\\/portal\\\/#organization\"},\"image\":{\"@id\":\"https:\\\/\\\/capivari.sp.gov.br\\\/portal\\\/projeto-domingos-musicais-tera-parque-ecologico-murilo-ferreira-carnicelli-como-palco-durante-o-mes-de-outubro\\\/#primaryimage\"},\"thumbnailUrl\":\"https:\\\/\\\/capivari.sp.gov.br\\\/portal\\\/wp-content\\\/uploads\\\/2023\\\/09\\\/Domingos-Musicais-Arte.jpg\",\"articleSection\":[\"Cultura\",\"Destaque\",\"Geral\"],\"inLanguage\":\"pt-BR\",\"potentialAction\":[{\"@type\":\"CommentAction\",\"name\":\"Comment\",\"target\":[\"https:\\\/\\\/capivari.sp.gov.br\\\/portal\\\/projeto-domingos-musicais-tera-parque-ecologico-murilo-ferreira-carnicelli-como-palco-durante-o-mes-de-outubro\\\/#respond\"]}]},{\"@type\":\"WebPage\",\"@id\":\"https:\\\/\\\/capivari.sp.gov.br\\\/portal\\\/projeto-domingos-musicais-tera-parque-ecologico-murilo-ferreira-carnicelli-como-palco-durante-o-mes-de-outubro\\\/\",\"url\":\"https:\\\/\\\/capivari.sp.gov.br\\\/portal\\\/projeto-domingos-musicais-tera-parque-ecologico-murilo-ferreira-carnicelli-como-palco-durante-o-mes-de-outubro\\\/\",\"name\":\"Projeto \u2018Domingos Musicais\u2019 ter\u00e1 Parque Ecol\u00f3gico \u201cMurilo Ferreira Carnicelli\u201d como palco durante o m\u00eas de outubro - Prefeitura de Capivari\",\"isPartOf\":{\"@id\":\"https:\\\/\\\/capivari.sp.gov.br\\\/portal\\\/#website\"},\"primaryImageOfPage\":{\"@id\":\"https:\\\/\\\/capivari.sp.gov.br\\\/portal\\\/projeto-domingos-musicais-tera-parque-ecologico-murilo-ferreira-carnicelli-como-palco-durante-o-mes-de-outubro\\\/#primaryimage\"},\"image\":{\"@id\":\"https:\\\/\\\/capivari.sp.gov.br\\\/portal\\\/projeto-domingos-musicais-tera-parque-ecologico-murilo-ferreira-carnicelli-como-palco-durante-o-mes-de-outubro\\\/#primaryimage\"},\"thumbnailUrl\":\"https:\\\/\\\/capivari.sp.gov.br\\\/portal\\\/wp-content\\\/uploads\\\/2023\\\/09\\\/Domingos-Musicais-Arte.jpg\",\"datePublished\":\"2023-09-28T13:54:35+00:00\",\"breadcrumb\":{\"@id\":\"https:\\\/\\\/capivari.sp.gov.br\\\/portal\\\/projeto-domingos-musicais-tera-parque-ecologico-murilo-ferreira-carnicelli-como-palco-durante-o-mes-de-outubro\\\/#breadcrumb\"},\"inLanguage\":\"pt-BR\",\"potentialAction\":[{\"@type\":\"ReadAction\",\"target\":[\"https:\\\/\\\/capivari.sp.gov.br\\\/portal\\\/projeto-domingos-musicais-tera-parque-ecologico-murilo-ferreira-carnicelli-como-palco-durante-o-mes-de-outubro\\\/\"]}]},{\"@type\":\"ImageObject\",\"inLanguage\":\"pt-BR\",\"@id\":\"https:\\\/\\\/capivari.sp.gov.br\\\/portal\\\/projeto-domingos-musicais-tera-parque-ecologico-murilo-ferreira-carnicelli-como-palco-durante-o-mes-de-outubro\\\/#primaryimage\",\"url\":\"https:\\\/\\\/capivari.sp.gov.br\\\/portal\\\/wp-content\\\/uploads\\\/2023\\\/09\\\/Domingos-Musicais-Arte.jpg\",\"contentUrl\":\"https:\\\/\\\/capivari.sp.gov.br\\\/portal\\\/wp-content\\\/uploads\\\/2023\\\/09\\\/Domingos-Musicais-Arte.jpg\",\"width\":1600,\"height\":1600},{\"@type\":\"BreadcrumbList\",\"@id\":\"https:\\\/\\\/capivari.sp.gov.br\\\/portal\\\/projeto-domingos-musicais-tera-parque-ecologico-murilo-ferreira-carnicelli-como-palco-durante-o-mes-de-outubro\\\/#breadcrumb\",\"itemListElement\":[{\"@type\":\"ListItem\",\"position\":1,\"name\":\"In\u00edcio\",\"item\":\"https:\\\/\\\/capivari.sp.gov.br\\\/portal\\\/\"},{\"@type\":\"ListItem\",\"position\":2,\"name\":\"Projeto \u2018Domingos Musicais\u2019 ter\u00e1 Parque Ecol\u00f3gico \u201cMurilo Ferreira Carnicelli\u201d como palco durante o m\u00eas de outubro\"}]},{\"@type\":\"WebSite\",\"@id\":\"https:\\\/\\\/capivari.sp.gov.br\\\/portal\\\/#website\",\"url\":\"https:\\\/\\\/capivari.sp.gov.br\\\/portal\\\/\",\"name\":\"Prefeitura de Capivari\",\"description\":\"Prefeitura de Capivari\",\"publisher\":{\"@id\":\"https:\\\/\\\/capivari.sp.gov.br\\\/portal\\\/#organization\"},\"potentialAction\":[{\"@type\":\"SearchAction\",\"target\":{\"@type\":\"EntryPoint\",\"urlTemplate\":\"https:\\\/\\\/capivari.sp.gov.br\\\/portal\\\/?s={search_term_string}\"},\"query-input\":{\"@type\":\"PropertyValueSpecification\",\"valueRequired\":true,\"valueName\":\"search_term_string\"}}],\"inLanguage\":\"pt-BR\"},{\"@type\":\"Organization\",\"@id\":\"https:\\\/\\\/capivari.sp.gov.br\\\/portal\\\/#organization\",\"name\":\"Prefeitura de Capivari\",\"url\":\"https:\\\/\\\/capivari.sp.gov.br\\\/portal\\\/\",\"logo\":{\"@type\":\"ImageObject\",\"inLanguage\":\"pt-BR\",\"@id\":\"https:\\\/\\\/capivari.sp.gov.br\\\/portal\\\/#\\\/schema\\\/logo\\\/image\\\/\",\"url\":\"https:\\\/\\\/capivari.sp.gov.br\\\/portal\\\/wp-content\\\/uploads\\\/2021\\\/09\\\/logo-prefeitura-de-capivari.png\",\"contentUrl\":\"https:\\\/\\\/capivari.sp.gov.br\\\/portal\\\/wp-content\\\/uploads\\\/2021\\\/09\\\/logo-prefeitura-de-capivari.png\",\"width\":200,\"height\":147,\"caption\":\"Prefeitura de Capivari\"},\"image\":{\"@id\":\"https:\\\/\\\/capivari.sp.gov.br\\\/portal\\\/#\\\/schema\\\/logo\\\/image\\\/\"},\"sameAs\":[\"https:\\\/\\\/www.facebook.com\\\/PrefeituradeCapivari\\\/\",\"https:\\\/\\\/x.com\\\/PrefCapivari\",\"https:\\\/\\\/www.instagram.com\\\/prefeituracapivari\\\/\"]},{\"@type\":\"Person\",\"@id\":\"https:\\\/\\\/capivari.sp.gov.br\\\/portal\\\/#\\\/schema\\\/person\\\/ac37113577adfc1517e0cfa854b830b4\",\"name\":\"Luciano Assis\",\"image\":{\"@type\":\"ImageObject\",\"inLanguage\":\"pt-BR\",\"@id\":\"https:\\\/\\\/secure.gravatar.com\\\/avatar\\\/ec163f977a02ac195ce6085f5110a8c4c8c6cc357c134002f73b4664772e79a5?s=96&d=mm&r=g\",\"url\":\"https:\\\/\\\/secure.gravatar.com\\\/avatar\\\/ec163f977a02ac195ce6085f5110a8c4c8c6cc357c134002f73b4664772e79a5?s=96&d=mm&r=g\",\"contentUrl\":\"https:\\\/\\\/secure.gravatar.com\\\/avatar\\\/ec163f977a02ac195ce6085f5110a8c4c8c6cc357c134002f73b4664772e79a5?s=96&d=mm&r=g\",\"caption\":\"Luciano Assis\"},\"url\":\"https:\\\/\\\/capivari.sp.gov.br\\\/portal\\\/author\\\/luciano-assis\\\/\"}]}<\/script>\n<!-- \/ Yoast SEO plugin. -->","yoast_head_json":{"title":"Projeto \u2018Domingos Musicais\u2019 ter\u00e1 Parque Ecol\u00f3gico \u201cMurilo Ferreira Carnicelli\u201d como palco durante o m\u00eas de outubro - Prefeitura de Capivari","robots":{"index":"index","follow":"follow","max-snippet":"max-snippet:-1","max-image-preview":"max-image-preview:large","max-video-preview":"max-video-preview:-1"},"canonical":"https:\/\/capivari.sp.gov.br\/portal\/projeto-domingos-musicais-tera-parque-ecologico-murilo-ferreira-carnicelli-como-palco-durante-o-mes-de-outubro\/","og_locale":"pt_BR","og_type":"article","og_title":"Projeto \u2018Domingos Musicais\u2019 ter\u00e1 Parque Ecol\u00f3gico \u201cMurilo Ferreira Carnicelli\u201d como palco durante o m\u00eas de outubro - Prefeitura de Capivari","og_description":"O Parque Ecol\u00f3gico \u201cMurilo Ferreira Carnicelli&#8221; receber\u00e1 o projeto itinerante \u201cDomingos Musicais\u201d durante o m\u00eas de outubro. A primeira apresenta\u00e7\u00e3o ser\u00e1 com o Grupo \u201cGuai\u00e1 do Batuque de Umbigada\u201d, que se apresenta gratuitamente no local a partir das 20h, do pr\u00f3ximo domingo, dia 1\u00ba de outubro. O projeto, que vinha revezando suas apresenta\u00e7\u00f5es em bairros [&hellip;]","og_url":"https:\/\/capivari.sp.gov.br\/portal\/projeto-domingos-musicais-tera-parque-ecologico-murilo-ferreira-carnicelli-como-palco-durante-o-mes-de-outubro\/","og_site_name":"Prefeitura de Capivari","article_publisher":"https:\/\/www.facebook.com\/PrefeituradeCapivari\/","article_published_time":"2023-09-28T13:54:35+00:00","og_image":[{"width":1600,"height":1600,"url":"https:\/\/capivari.sp.gov.br\/portal\/wp-content\/uploads\/2023\/09\/Domingos-Musicais-Arte.jpg","type":"image\/jpeg"}],"author":"Luciano Assis","twitter_card":"summary_large_image","twitter_creator":"@PrefCapivari","twitter_site":"@PrefCapivari","twitter_misc":{"Escrito por":"Luciano Assis","Est. tempo de leitura":"3 minutos"},"schema":{"@context":"https:\/\/schema.org","@graph":[{"@type":"Article","@id":"https:\/\/capivari.sp.gov.br\/portal\/projeto-domingos-musicais-tera-parque-ecologico-murilo-ferreira-carnicelli-como-palco-durante-o-mes-de-outubro\/#article","isPartOf":{"@id":"https:\/\/capivari.sp.gov.br\/portal\/projeto-domingos-musicais-tera-parque-ecologico-murilo-ferreira-carnicelli-como-palco-durante-o-mes-de-outubro\/"},"author":{"name":"Luciano Assis","@id":"https:\/\/capivari.sp.gov.br\/portal\/#\/schema\/person\/ac37113577adfc1517e0cfa854b830b4"},"headline":"Projeto \u2018Domingos Musicais\u2019 ter\u00e1 Parque Ecol\u00f3gico \u201cMurilo Ferreira Carnicelli\u201d como palco durante o m\u00eas de outubro","datePublished":"2023-09-28T13:54:35+00:00","mainEntityOfPage":{"@id":"https:\/\/capivari.sp.gov.br\/portal\/projeto-domingos-musicais-tera-parque-ecologico-murilo-ferreira-carnicelli-como-palco-durante-o-mes-de-outubro\/"},"wordCount":452,"commentCount":0,"publisher":{"@id":"https:\/\/capivari.sp.gov.br\/portal\/#organization"},"image":{"@id":"https:\/\/capivari.sp.gov.br\/portal\/projeto-domingos-musicais-tera-parque-ecologico-murilo-ferreira-carnicelli-como-palco-durante-o-mes-de-outubro\/#primaryimage"},"thumbnailUrl":"https:\/\/capivari.sp.gov.br\/portal\/wp-content\/uploads\/2023\/09\/Domingos-Musicais-Arte.jpg","articleSection":["Cultura","Destaque","Geral"],"inLanguage":"pt-BR","potentialAction":[{"@type":"CommentAction","name":"Comment","target":["https:\/\/capivari.sp.gov.br\/portal\/projeto-domingos-musicais-tera-parque-ecologico-murilo-ferreira-carnicelli-como-palco-durante-o-mes-de-outubro\/#respond"]}]},{"@type":"WebPage","@id":"https:\/\/capivari.sp.gov.br\/portal\/projeto-domingos-musicais-tera-parque-ecologico-murilo-ferreira-carnicelli-como-palco-durante-o-mes-de-outubro\/","url":"https:\/\/capivari.sp.gov.br\/portal\/projeto-domingos-musicais-tera-parque-ecologico-murilo-ferreira-carnicelli-como-palco-durante-o-mes-de-outubro\/","name":"Projeto \u2018Domingos Musicais\u2019 ter\u00e1 Parque Ecol\u00f3gico \u201cMurilo Ferreira Carnicelli\u201d como palco durante o m\u00eas de outubro - Prefeitura de Capivari","isPartOf":{"@id":"https:\/\/capivari.sp.gov.br\/portal\/#website"},"primaryImageOfPage":{"@id":"https:\/\/capivari.sp.gov.br\/portal\/projeto-domingos-musicais-tera-parque-ecologico-murilo-ferreira-carnicelli-como-palco-durante-o-mes-de-outubro\/#primaryimage"},"image":{"@id":"https:\/\/capivari.sp.gov.br\/portal\/projeto-domingos-musicais-tera-parque-ecologico-murilo-ferreira-carnicelli-como-palco-durante-o-mes-de-outubro\/#primaryimage"},"thumbnailUrl":"https:\/\/capivari.sp.gov.br\/portal\/wp-content\/uploads\/2023\/09\/Domingos-Musicais-Arte.jpg","datePublished":"2023-09-28T13:54:35+00:00","breadcrumb":{"@id":"https:\/\/capivari.sp.gov.br\/portal\/projeto-domingos-musicais-tera-parque-ecologico-murilo-ferreira-carnicelli-como-palco-durante-o-mes-de-outubro\/#breadcrumb"},"inLanguage":"pt-BR","potentialAction":[{"@type":"ReadAction","target":["https:\/\/capivari.sp.gov.br\/portal\/projeto-domingos-musicais-tera-parque-ecologico-murilo-ferreira-carnicelli-como-palco-durante-o-mes-de-outubro\/"]}]},{"@type":"ImageObject","inLanguage":"pt-BR","@id":"https:\/\/capivari.sp.gov.br\/portal\/projeto-domingos-musicais-tera-parque-ecologico-murilo-ferreira-carnicelli-como-palco-durante-o-mes-de-outubro\/#primaryimage","url":"https:\/\/capivari.sp.gov.br\/portal\/wp-content\/uploads\/2023\/09\/Domingos-Musicais-Arte.jpg","contentUrl":"https:\/\/capivari.sp.gov.br\/portal\/wp-content\/uploads\/2023\/09\/Domingos-Musicais-Arte.jpg","width":1600,"height":1600},{"@type":"BreadcrumbList","@id":"https:\/\/capivari.sp.gov.br\/portal\/projeto-domingos-musicais-tera-parque-ecologico-murilo-ferreira-carnicelli-como-palco-durante-o-mes-de-outubro\/#breadcrumb","itemListElement":[{"@type":"ListItem","position":1,"name":"In\u00edcio","item":"https:\/\/capivari.sp.gov.br\/portal\/"},{"@type":"ListItem","position":2,"name":"Projeto \u2018Domingos Musicais\u2019 ter\u00e1 Parque Ecol\u00f3gico \u201cMurilo Ferreira Carnicelli\u201d como palco durante o m\u00eas de outubro"}]},{"@type":"WebSite","@id":"https:\/\/capivari.sp.gov.br\/portal\/#website","url":"https:\/\/capivari.sp.gov.br\/portal\/","name":"Prefeitura de Capivari","description":"Prefeitura de Capivari","publisher":{"@id":"https:\/\/capivari.sp.gov.br\/portal\/#organization"},"potentialAction":[{"@type":"SearchAction","target":{"@type":"EntryPoint","urlTemplate":"https:\/\/capivari.sp.gov.br\/portal\/?s={search_term_string}"},"query-input":{"@type":"PropertyValueSpecification","valueRequired":true,"valueName":"search_term_string"}}],"inLanguage":"pt-BR"},{"@type":"Organization","@id":"https:\/\/capivari.sp.gov.br\/portal\/#organization","name":"Prefeitura de Capivari","url":"https:\/\/capivari.sp.gov.br\/portal\/","logo":{"@type":"ImageObject","inLanguage":"pt-BR","@id":"https:\/\/capivari.sp.gov.br\/portal\/#\/schema\/logo\/image\/","url":"https:\/\/capivari.sp.gov.br\/portal\/wp-content\/uploads\/2021\/09\/logo-prefeitura-de-capivari.png","contentUrl":"https:\/\/capivari.sp.gov.br\/portal\/wp-content\/uploads\/2021\/09\/logo-prefeitura-de-capivari.png","width":200,"height":147,"caption":"Prefeitura de Capivari"},"image":{"@id":"https:\/\/capivari.sp.gov.br\/portal\/#\/schema\/logo\/image\/"},"sameAs":["https:\/\/www.facebook.com\/PrefeituradeCapivari\/","https:\/\/x.com\/PrefCapivari","https:\/\/www.instagram.com\/prefeituracapivari\/"]},{"@type":"Person","@id":"https:\/\/capivari.sp.gov.br\/portal\/#\/schema\/person\/ac37113577adfc1517e0cfa854b830b4","name":"Luciano Assis","image":{"@type":"ImageObject","inLanguage":"pt-BR","@id":"https:\/\/secure.gravatar.com\/avatar\/ec163f977a02ac195ce6085f5110a8c4c8c6cc357c134002f73b4664772e79a5?s=96&d=mm&r=g","url":"https:\/\/secure.gravatar.com\/avatar\/ec163f977a02ac195ce6085f5110a8c4c8c6cc357c134002f73b4664772e79a5?s=96&d=mm&r=g","contentUrl":"https:\/\/secure.gravatar.com\/avatar\/ec163f977a02ac195ce6085f5110a8c4c8c6cc357c134002f73b4664772e79a5?s=96&d=mm&r=g","caption":"Luciano Assis"},"url":"https:\/\/capivari.sp.gov.br\/portal\/author\/luciano-assis\/"}]}},"_links":{"self":[{"href":"https:\/\/capivari.sp.gov.br\/portal\/wp-json\/wp\/v2\/posts\/14814","targetHints":{"allow":["GET"]}}],"collection":[{"href":"https:\/\/capivari.sp.gov.br\/portal\/wp-json\/wp\/v2\/posts"}],"about":[{"href":"https:\/\/capivari.sp.gov.br\/portal\/wp-json\/wp\/v2\/types\/post"}],"author":[{"embeddable":true,"href":"https:\/\/capivari.sp.gov.br\/portal\/wp-json\/wp\/v2\/users\/15"}],"replies":[{"embeddable":true,"href":"https:\/\/capivari.sp.gov.br\/portal\/wp-json\/wp\/v2\/comments?post=14814"}],"version-history":[{"count":1,"href":"https:\/\/capivari.sp.gov.br\/portal\/wp-json\/wp\/v2\/posts\/14814\/revisions"}],"predecessor-version":[{"id":14816,"href":"https:\/\/capivari.sp.gov.br\/portal\/wp-json\/wp\/v2\/posts\/14814\/revisions\/14816"}],"wp:featuredmedia":[{"embeddable":true,"href":"https:\/\/capivari.sp.gov.br\/portal\/wp-json\/wp\/v2\/media\/14815"}],"wp:attachment":[{"href":"https:\/\/capivari.sp.gov.br\/portal\/wp-json\/wp\/v2\/media?parent=14814"}],"wp:term":[{"taxonomy":"category","embeddable":true,"href":"https:\/\/capivari.sp.gov.br\/portal\/wp-json\/wp\/v2\/categories?post=14814"},{"taxonomy":"post_tag","embeddable":true,"href":"https:\/\/capivari.sp.gov.br\/portal\/wp-json\/wp\/v2\/tags?post=14814"}],"curies":[{"name":"wp","href":"https:\/\/api.w.org\/{rel}","templated":true}]}}