{"id":14839,"date":"2023-09-28T16:38:58","date_gmt":"2023-09-28T19:38:58","guid":{"rendered":"https:\/\/capivari.sp.gov.br\/portal\/?p=14839"},"modified":"2023-09-28T16:38:58","modified_gmt":"2023-09-28T19:38:58","slug":"secretaria-de-mobilidade-urbana-em-parceria-com-a-empresa-rodovias-do-tiete-promoveram-operacao-cavalo-de-aco-em-alusao-a-semana-nacional-do-transito","status":"publish","type":"post","link":"https:\/\/capivari.sp.gov.br\/portal\/secretaria-de-mobilidade-urbana-em-parceria-com-a-empresa-rodovias-do-tiete-promoveram-operacao-cavalo-de-aco-em-alusao-a-semana-nacional-do-transito\/","title":{"rendered":"Secretaria de Mobilidade Urbana, em parceria com a empresa Rodovias do Tiet\u00ea, promoveram Opera\u00e7\u00e3o \u201cCavalo de A\u00e7o\u201d, em alus\u00e3o a Semana Nacional do Tr\u00e2nsito"},"content":{"rendered":"<p>Para finalizar as a\u00e7\u00f5es em comemora\u00e7\u00e3o \u00e0 Semana Nacional do Tr\u00e2nsito, a Secretaria de Mobilidade Urbana (SEMUR), em parceria com a empresa concession\u00e1ria Rodovias do Tiet\u00ea, organizaram na \u00faltima semana, a opera\u00e7\u00e3o \u201cCavalo de A\u00e7o\u201d, para incentivar ainda mais a seguran\u00e7a vi\u00e1ria, tendo como foco os motociclistas. As abordagens aconteceram na entrada principal do munic\u00edpio, atrav\u00e9s da avenida Tarsila do Amaral.<\/p>\n<p>A opera\u00e7\u00e3o consistiu em um bloqueio educativo de tr\u00e2nsito, em que panfletos informativos e antenas para motocicletas, foram distribu\u00eddas aos condutores de duas rodas, que passaram pelo trecho no momento da opera\u00e7\u00e3o. Esse item de seguran\u00e7a \u00e9 importante para preven\u00e7\u00e3o de acidentes envolvendo linhas de pipa com cerol, que muitas vezes acontecem \u00e0s margens de rodovias.<\/p>\n<p>Para mais informa\u00e7\u00f5es sobre palestras e atividades organizadas pela Secretaria de Mobilidade Urbana, o WhatsApp da SEMUR atende pelo n\u00famero (19) 3492-3773, de segunda a sexta-feira, das 8h30 \u00e0s 16h30.<\/p>\n<p>Prefeitura de Capivari. Transformando o presente, construindo o futuro.<\/p>\n","protected":false},"excerpt":{"rendered":"<p>Para finalizar as a\u00e7\u00f5es em comemora\u00e7\u00e3o \u00e0 Semana Nacional do Tr\u00e2nsito, a Secretaria de Mobilidade Urbana (SEMUR), em parceria com a empresa concession\u00e1ria Rodovias do Tiet\u00ea, organizaram na \u00faltima semana, a opera\u00e7\u00e3o \u201cCavalo de A\u00e7o\u201d, para incentivar ainda mais a seguran\u00e7a vi\u00e1ria, tendo como foco os motociclistas. As abordagens aconteceram na entrada principal do munic\u00edpio, [&hellip;]<\/p>\n","protected":false},"author":2,"featured_media":14840,"comment_status":"open","ping_status":"open","sticky":false,"template":"","format":"standard","meta":{"ocean_post_layout":"","ocean_both_sidebars_style":"","ocean_both_sidebars_content_width":0,"ocean_both_sidebars_sidebars_width":0,"ocean_sidebar":"","ocean_second_sidebar":"","ocean_disable_margins":"enable","ocean_add_body_class":"","ocean_shortcode_before_top_bar":"","ocean_shortcode_after_top_bar":"","ocean_shortcode_before_header":"","ocean_shortcode_after_header":"","ocean_has_shortcode":"","ocean_shortcode_after_title":"","ocean_shortcode_before_footer_widgets":"","ocean_shortcode_after_footer_widgets":"","ocean_shortcode_before_footer_bottom":"","ocean_shortcode_after_footer_bottom":"","ocean_display_top_bar":"default","ocean_display_header":"default","ocean_header_style":"","ocean_center_header_left_menu":"","ocean_custom_header_template":"","ocean_custom_logo":0,"ocean_custom_retina_logo":0,"ocean_custom_logo_max_width":0,"ocean_custom_logo_tablet_max_width":0,"ocean_custom_logo_mobile_max_width":0,"ocean_custom_logo_max_height":0,"ocean_custom_logo_tablet_max_height":0,"ocean_custom_logo_mobile_max_height":0,"ocean_header_custom_menu":"","ocean_menu_typo_font_family":"","ocean_menu_typo_font_subset":"","ocean_menu_typo_font_size":0,"ocean_menu_typo_font_size_tablet":0,"ocean_menu_typo_font_size_mobile":0,"ocean_menu_typo_font_size_unit":"px","ocean_menu_typo_font_weight":"","ocean_menu_typo_font_weight_tablet":"","ocean_menu_typo_font_weight_mobile":"","ocean_menu_typo_transform":"","ocean_menu_typo_transform_tablet":"","ocean_menu_typo_transform_mobile":"","ocean_menu_typo_line_height":0,"ocean_menu_typo_line_height_tablet":0,"ocean_menu_typo_line_height_mobile":0,"ocean_menu_typo_line_height_unit":"","ocean_menu_typo_spacing":0,"ocean_menu_typo_spacing_tablet":0,"ocean_menu_typo_spacing_mobile":0,"ocean_menu_typo_spacing_unit":"","ocean_menu_link_color":"","ocean_menu_link_color_hover":"","ocean_menu_link_color_active":"","ocean_menu_link_background":"","ocean_menu_link_hover_background":"","ocean_menu_link_active_background":"","ocean_menu_social_links_bg":"","ocean_menu_social_hover_links_bg":"","ocean_menu_social_links_color":"","ocean_menu_social_hover_links_color":"","ocean_disable_title":"default","ocean_disable_heading":"default","ocean_post_title":"","ocean_post_subheading":"","ocean_post_title_style":"","ocean_post_title_background_color":"","ocean_post_title_background":0,"ocean_post_title_bg_image_position":"","ocean_post_title_bg_image_attachment":"","ocean_post_title_bg_image_repeat":"","ocean_post_title_bg_image_size":"","ocean_post_title_height":0,"ocean_post_title_bg_overlay":0.5,"ocean_post_title_bg_overlay_color":"","ocean_disable_breadcrumbs":"default","ocean_breadcrumbs_color":"","ocean_breadcrumbs_separator_color":"","ocean_breadcrumbs_links_color":"","ocean_breadcrumbs_links_hover_color":"","ocean_display_footer_widgets":"default","ocean_display_footer_bottom":"default","ocean_custom_footer_template":"","ocean_post_oembed":"","ocean_post_self_hosted_media":"","ocean_post_video_embed":"","ocean_link_format":"","ocean_link_format_target":"self","ocean_quote_format":"","ocean_quote_format_link":"post","ocean_gallery_link_images":"on","ocean_gallery_id":[],"footnotes":""},"categories":[35,4,5],"tags":[],"class_list":["post-14839","post","type-post","status-publish","format-standard","has-post-thumbnail","hentry","category-chefe-de-gabinete","category-destaque","category-geral","entry","has-media"],"yoast_head":"<!-- This site is optimized with the Yoast SEO plugin v27.4 - https:\/\/yoast.com\/product\/yoast-seo-wordpress\/ -->\n<title>Secretaria de Mobilidade Urbana, em parceria com a empresa Rodovias do Tiet\u00ea, promoveram Opera\u00e7\u00e3o \u201cCavalo de A\u00e7o\u201d, em alus\u00e3o a Semana Nacional do Tr\u00e2nsito - Prefeitura de Capivari<\/title>\n<meta name=\"robots\" content=\"index, follow, max-snippet:-1, max-image-preview:large, max-video-preview:-1\" \/>\n<link rel=\"canonical\" href=\"https:\/\/capivari.sp.gov.br\/portal\/secretaria-de-mobilidade-urbana-em-parceria-com-a-empresa-rodovias-do-tiete-promoveram-operacao-cavalo-de-aco-em-alusao-a-semana-nacional-do-transito\/\" \/>\n<meta property=\"og:locale\" content=\"pt_BR\" \/>\n<meta property=\"og:type\" content=\"article\" \/>\n<meta property=\"og:title\" content=\"Secretaria de Mobilidade Urbana, em parceria com a empresa Rodovias do Tiet\u00ea, promoveram Opera\u00e7\u00e3o \u201cCavalo de A\u00e7o\u201d, em alus\u00e3o a Semana Nacional do Tr\u00e2nsito - Prefeitura de Capivari\" \/>\n<meta property=\"og:description\" content=\"Para finalizar as a\u00e7\u00f5es em comemora\u00e7\u00e3o \u00e0 Semana Nacional do Tr\u00e2nsito, a Secretaria de Mobilidade Urbana (SEMUR), em parceria com a empresa concession\u00e1ria Rodovias do Tiet\u00ea, organizaram na \u00faltima semana, a opera\u00e7\u00e3o \u201cCavalo de A\u00e7o\u201d, para incentivar ainda mais a seguran\u00e7a vi\u00e1ria, tendo como foco os motociclistas. As abordagens aconteceram na entrada principal do munic\u00edpio, [&hellip;]\" \/>\n<meta property=\"og:url\" content=\"https:\/\/capivari.sp.gov.br\/portal\/secretaria-de-mobilidade-urbana-em-parceria-com-a-empresa-rodovias-do-tiete-promoveram-operacao-cavalo-de-aco-em-alusao-a-semana-nacional-do-transito\/\" \/>\n<meta property=\"og:site_name\" content=\"Prefeitura de Capivari\" \/>\n<meta property=\"article:publisher\" content=\"https:\/\/www.facebook.com\/PrefeituradeCapivari\/\" \/>\n<meta property=\"article:published_time\" content=\"2023-09-28T19:38:58+00:00\" \/>\n<meta property=\"og:image\" content=\"https:\/\/capivari.sp.gov.br\/portal\/wp-content\/uploads\/2023\/09\/IMG_5179-scaled.jpg\" \/>\n\t<meta property=\"og:image:width\" content=\"2560\" \/>\n\t<meta property=\"og:image:height\" content=\"1707\" \/>\n\t<meta property=\"og:image:type\" content=\"image\/jpeg\" \/>\n<meta name=\"author\" content=\"Thalles Cristiano\" \/>\n<meta name=\"twitter:card\" content=\"summary_large_image\" \/>\n<meta name=\"twitter:creator\" content=\"@PrefCapivari\" \/>\n<meta name=\"twitter:site\" content=\"@PrefCapivari\" \/>\n<meta name=\"twitter:label1\" content=\"Escrito por\" \/>\n\t<meta name=\"twitter:data1\" content=\"Thalles Cristiano\" \/>\n\t<meta name=\"twitter:label2\" content=\"Est. tempo de leitura\" \/>\n\t<meta name=\"twitter:data2\" content=\"1 minuto\" \/>\n<script type=\"application\/ld+json\" class=\"yoast-schema-graph\">{\"@context\":\"https:\\\/\\\/schema.org\",\"@graph\":[{\"@type\":\"Article\",\"@id\":\"https:\\\/\\\/capivari.sp.gov.br\\\/portal\\\/secretaria-de-mobilidade-urbana-em-parceria-com-a-empresa-rodovias-do-tiete-promoveram-operacao-cavalo-de-aco-em-alusao-a-semana-nacional-do-transito\\\/#article\",\"isPartOf\":{\"@id\":\"https:\\\/\\\/capivari.sp.gov.br\\\/portal\\\/secretaria-de-mobilidade-urbana-em-parceria-com-a-empresa-rodovias-do-tiete-promoveram-operacao-cavalo-de-aco-em-alusao-a-semana-nacional-do-transito\\\/\"},\"author\":{\"name\":\"Thalles Cristiano\",\"@id\":\"https:\\\/\\\/capivari.sp.gov.br\\\/portal\\\/#\\\/schema\\\/person\\\/98801614a91d449946b0687ae2db9f29\"},\"headline\":\"Secretaria de Mobilidade Urbana, em parceria com a empresa Rodovias do Tiet\u00ea, promoveram Opera\u00e7\u00e3o \u201cCavalo de A\u00e7o\u201d, em alus\u00e3o a Semana Nacional do Tr\u00e2nsito\",\"datePublished\":\"2023-09-28T19:38:58+00:00\",\"mainEntityOfPage\":{\"@id\":\"https:\\\/\\\/capivari.sp.gov.br\\\/portal\\\/secretaria-de-mobilidade-urbana-em-parceria-com-a-empresa-rodovias-do-tiete-promoveram-operacao-cavalo-de-aco-em-alusao-a-semana-nacional-do-transito\\\/\"},\"wordCount\":199,\"commentCount\":0,\"publisher\":{\"@id\":\"https:\\\/\\\/capivari.sp.gov.br\\\/portal\\\/#organization\"},\"image\":{\"@id\":\"https:\\\/\\\/capivari.sp.gov.br\\\/portal\\\/secretaria-de-mobilidade-urbana-em-parceria-com-a-empresa-rodovias-do-tiete-promoveram-operacao-cavalo-de-aco-em-alusao-a-semana-nacional-do-transito\\\/#primaryimage\"},\"thumbnailUrl\":\"https:\\\/\\\/capivari.sp.gov.br\\\/portal\\\/wp-content\\\/uploads\\\/2023\\\/09\\\/IMG_5179-scaled.jpg\",\"articleSection\":[\"Chefe de Gabinete\",\"Destaque\",\"Geral\"],\"inLanguage\":\"pt-BR\",\"potentialAction\":[{\"@type\":\"CommentAction\",\"name\":\"Comment\",\"target\":[\"https:\\\/\\\/capivari.sp.gov.br\\\/portal\\\/secretaria-de-mobilidade-urbana-em-parceria-com-a-empresa-rodovias-do-tiete-promoveram-operacao-cavalo-de-aco-em-alusao-a-semana-nacional-do-transito\\\/#respond\"]}]},{\"@type\":\"WebPage\",\"@id\":\"https:\\\/\\\/capivari.sp.gov.br\\\/portal\\\/secretaria-de-mobilidade-urbana-em-parceria-com-a-empresa-rodovias-do-tiete-promoveram-operacao-cavalo-de-aco-em-alusao-a-semana-nacional-do-transito\\\/\",\"url\":\"https:\\\/\\\/capivari.sp.gov.br\\\/portal\\\/secretaria-de-mobilidade-urbana-em-parceria-com-a-empresa-rodovias-do-tiete-promoveram-operacao-cavalo-de-aco-em-alusao-a-semana-nacional-do-transito\\\/\",\"name\":\"Secretaria de Mobilidade Urbana, em parceria com a empresa Rodovias do Tiet\u00ea, promoveram Opera\u00e7\u00e3o \u201cCavalo de A\u00e7o\u201d, em alus\u00e3o a Semana Nacional do Tr\u00e2nsito - Prefeitura de Capivari\",\"isPartOf\":{\"@id\":\"https:\\\/\\\/capivari.sp.gov.br\\\/portal\\\/#website\"},\"primaryImageOfPage\":{\"@id\":\"https:\\\/\\\/capivari.sp.gov.br\\\/portal\\\/secretaria-de-mobilidade-urbana-em-parceria-com-a-empresa-rodovias-do-tiete-promoveram-operacao-cavalo-de-aco-em-alusao-a-semana-nacional-do-transito\\\/#primaryimage\"},\"image\":{\"@id\":\"https:\\\/\\\/capivari.sp.gov.br\\\/portal\\\/secretaria-de-mobilidade-urbana-em-parceria-com-a-empresa-rodovias-do-tiete-promoveram-operacao-cavalo-de-aco-em-alusao-a-semana-nacional-do-transito\\\/#primaryimage\"},\"thumbnailUrl\":\"https:\\\/\\\/capivari.sp.gov.br\\\/portal\\\/wp-content\\\/uploads\\\/2023\\\/09\\\/IMG_5179-scaled.jpg\",\"datePublished\":\"2023-09-28T19:38:58+00:00\",\"breadcrumb\":{\"@id\":\"https:\\\/\\\/capivari.sp.gov.br\\\/portal\\\/secretaria-de-mobilidade-urbana-em-parceria-com-a-empresa-rodovias-do-tiete-promoveram-operacao-cavalo-de-aco-em-alusao-a-semana-nacional-do-transito\\\/#breadcrumb\"},\"inLanguage\":\"pt-BR\",\"potentialAction\":[{\"@type\":\"ReadAction\",\"target\":[\"https:\\\/\\\/capivari.sp.gov.br\\\/portal\\\/secretaria-de-mobilidade-urbana-em-parceria-com-a-empresa-rodovias-do-tiete-promoveram-operacao-cavalo-de-aco-em-alusao-a-semana-nacional-do-transito\\\/\"]}]},{\"@type\":\"ImageObject\",\"inLanguage\":\"pt-BR\",\"@id\":\"https:\\\/\\\/capivari.sp.gov.br\\\/portal\\\/secretaria-de-mobilidade-urbana-em-parceria-com-a-empresa-rodovias-do-tiete-promoveram-operacao-cavalo-de-aco-em-alusao-a-semana-nacional-do-transito\\\/#primaryimage\",\"url\":\"https:\\\/\\\/capivari.sp.gov.br\\\/portal\\\/wp-content\\\/uploads\\\/2023\\\/09\\\/IMG_5179-scaled.jpg\",\"contentUrl\":\"https:\\\/\\\/capivari.sp.gov.br\\\/portal\\\/wp-content\\\/uploads\\\/2023\\\/09\\\/IMG_5179-scaled.jpg\",\"width\":2560,\"height\":1707},{\"@type\":\"BreadcrumbList\",\"@id\":\"https:\\\/\\\/capivari.sp.gov.br\\\/portal\\\/secretaria-de-mobilidade-urbana-em-parceria-com-a-empresa-rodovias-do-tiete-promoveram-operacao-cavalo-de-aco-em-alusao-a-semana-nacional-do-transito\\\/#breadcrumb\",\"itemListElement\":[{\"@type\":\"ListItem\",\"position\":1,\"name\":\"In\u00edcio\",\"item\":\"https:\\\/\\\/capivari.sp.gov.br\\\/portal\\\/\"},{\"@type\":\"ListItem\",\"position\":2,\"name\":\"Secretaria de Mobilidade Urbana, em parceria com a empresa Rodovias do Tiet\u00ea, promoveram Opera\u00e7\u00e3o \u201cCavalo de A\u00e7o\u201d, em alus\u00e3o a Semana Nacional do Tr\u00e2nsito\"}]},{\"@type\":\"WebSite\",\"@id\":\"https:\\\/\\\/capivari.sp.gov.br\\\/portal\\\/#website\",\"url\":\"https:\\\/\\\/capivari.sp.gov.br\\\/portal\\\/\",\"name\":\"Prefeitura de Capivari\",\"description\":\"Prefeitura de Capivari\",\"publisher\":{\"@id\":\"https:\\\/\\\/capivari.sp.gov.br\\\/portal\\\/#organization\"},\"potentialAction\":[{\"@type\":\"SearchAction\",\"target\":{\"@type\":\"EntryPoint\",\"urlTemplate\":\"https:\\\/\\\/capivari.sp.gov.br\\\/portal\\\/?s={search_term_string}\"},\"query-input\":{\"@type\":\"PropertyValueSpecification\",\"valueRequired\":true,\"valueName\":\"search_term_string\"}}],\"inLanguage\":\"pt-BR\"},{\"@type\":\"Organization\",\"@id\":\"https:\\\/\\\/capivari.sp.gov.br\\\/portal\\\/#organization\",\"name\":\"Prefeitura de Capivari\",\"url\":\"https:\\\/\\\/capivari.sp.gov.br\\\/portal\\\/\",\"logo\":{\"@type\":\"ImageObject\",\"inLanguage\":\"pt-BR\",\"@id\":\"https:\\\/\\\/capivari.sp.gov.br\\\/portal\\\/#\\\/schema\\\/logo\\\/image\\\/\",\"url\":\"https:\\\/\\\/capivari.sp.gov.br\\\/portal\\\/wp-content\\\/uploads\\\/2021\\\/09\\\/logo-prefeitura-de-capivari.png\",\"contentUrl\":\"https:\\\/\\\/capivari.sp.gov.br\\\/portal\\\/wp-content\\\/uploads\\\/2021\\\/09\\\/logo-prefeitura-de-capivari.png\",\"width\":200,\"height\":147,\"caption\":\"Prefeitura de Capivari\"},\"image\":{\"@id\":\"https:\\\/\\\/capivari.sp.gov.br\\\/portal\\\/#\\\/schema\\\/logo\\\/image\\\/\"},\"sameAs\":[\"https:\\\/\\\/www.facebook.com\\\/PrefeituradeCapivari\\\/\",\"https:\\\/\\\/x.com\\\/PrefCapivari\",\"https:\\\/\\\/www.instagram.com\\\/prefeituracapivari\\\/\"]},{\"@type\":\"Person\",\"@id\":\"https:\\\/\\\/capivari.sp.gov.br\\\/portal\\\/#\\\/schema\\\/person\\\/98801614a91d449946b0687ae2db9f29\",\"name\":\"Thalles Cristiano\",\"image\":{\"@type\":\"ImageObject\",\"inLanguage\":\"pt-BR\",\"@id\":\"https:\\\/\\\/secure.gravatar.com\\\/avatar\\\/0d1b9a4bdcde99ab11a8cd27abdcd088993749b82c4355c0301135023dc52b3d?s=96&d=mm&r=g\",\"url\":\"https:\\\/\\\/secure.gravatar.com\\\/avatar\\\/0d1b9a4bdcde99ab11a8cd27abdcd088993749b82c4355c0301135023dc52b3d?s=96&d=mm&r=g\",\"contentUrl\":\"https:\\\/\\\/secure.gravatar.com\\\/avatar\\\/0d1b9a4bdcde99ab11a8cd27abdcd088993749b82c4355c0301135023dc52b3d?s=96&d=mm&r=g\",\"caption\":\"Thalles Cristiano\"},\"url\":\"https:\\\/\\\/capivari.sp.gov.br\\\/portal\\\/author\\\/thalles-cristiano\\\/\"}]}<\/script>\n<!-- \/ Yoast SEO plugin. -->","yoast_head_json":{"title":"Secretaria de Mobilidade Urbana, em parceria com a empresa Rodovias do Tiet\u00ea, promoveram Opera\u00e7\u00e3o \u201cCavalo de A\u00e7o\u201d, em alus\u00e3o a Semana Nacional do Tr\u00e2nsito - Prefeitura de Capivari","robots":{"index":"index","follow":"follow","max-snippet":"max-snippet:-1","max-image-preview":"max-image-preview:large","max-video-preview":"max-video-preview:-1"},"canonical":"https:\/\/capivari.sp.gov.br\/portal\/secretaria-de-mobilidade-urbana-em-parceria-com-a-empresa-rodovias-do-tiete-promoveram-operacao-cavalo-de-aco-em-alusao-a-semana-nacional-do-transito\/","og_locale":"pt_BR","og_type":"article","og_title":"Secretaria de Mobilidade Urbana, em parceria com a empresa Rodovias do Tiet\u00ea, promoveram Opera\u00e7\u00e3o \u201cCavalo de A\u00e7o\u201d, em alus\u00e3o a Semana Nacional do Tr\u00e2nsito - Prefeitura de Capivari","og_description":"Para finalizar as a\u00e7\u00f5es em comemora\u00e7\u00e3o \u00e0 Semana Nacional do Tr\u00e2nsito, a Secretaria de Mobilidade Urbana (SEMUR), em parceria com a empresa concession\u00e1ria Rodovias do Tiet\u00ea, organizaram na \u00faltima semana, a opera\u00e7\u00e3o \u201cCavalo de A\u00e7o\u201d, para incentivar ainda mais a seguran\u00e7a vi\u00e1ria, tendo como foco os motociclistas. As abordagens aconteceram na entrada principal do munic\u00edpio, [&hellip;]","og_url":"https:\/\/capivari.sp.gov.br\/portal\/secretaria-de-mobilidade-urbana-em-parceria-com-a-empresa-rodovias-do-tiete-promoveram-operacao-cavalo-de-aco-em-alusao-a-semana-nacional-do-transito\/","og_site_name":"Prefeitura de Capivari","article_publisher":"https:\/\/www.facebook.com\/PrefeituradeCapivari\/","article_published_time":"2023-09-28T19:38:58+00:00","og_image":[{"width":2560,"height":1707,"url":"https:\/\/capivari.sp.gov.br\/portal\/wp-content\/uploads\/2023\/09\/IMG_5179-scaled.jpg","type":"image\/jpeg"}],"author":"Thalles Cristiano","twitter_card":"summary_large_image","twitter_creator":"@PrefCapivari","twitter_site":"@PrefCapivari","twitter_misc":{"Escrito por":"Thalles Cristiano","Est. tempo de leitura":"1 minuto"},"schema":{"@context":"https:\/\/schema.org","@graph":[{"@type":"Article","@id":"https:\/\/capivari.sp.gov.br\/portal\/secretaria-de-mobilidade-urbana-em-parceria-com-a-empresa-rodovias-do-tiete-promoveram-operacao-cavalo-de-aco-em-alusao-a-semana-nacional-do-transito\/#article","isPartOf":{"@id":"https:\/\/capivari.sp.gov.br\/portal\/secretaria-de-mobilidade-urbana-em-parceria-com-a-empresa-rodovias-do-tiete-promoveram-operacao-cavalo-de-aco-em-alusao-a-semana-nacional-do-transito\/"},"author":{"name":"Thalles Cristiano","@id":"https:\/\/capivari.sp.gov.br\/portal\/#\/schema\/person\/98801614a91d449946b0687ae2db9f29"},"headline":"Secretaria de Mobilidade Urbana, em parceria com a empresa Rodovias do Tiet\u00ea, promoveram Opera\u00e7\u00e3o \u201cCavalo de A\u00e7o\u201d, em alus\u00e3o a Semana Nacional do Tr\u00e2nsito","datePublished":"2023-09-28T19:38:58+00:00","mainEntityOfPage":{"@id":"https:\/\/capivari.sp.gov.br\/portal\/secretaria-de-mobilidade-urbana-em-parceria-com-a-empresa-rodovias-do-tiete-promoveram-operacao-cavalo-de-aco-em-alusao-a-semana-nacional-do-transito\/"},"wordCount":199,"commentCount":0,"publisher":{"@id":"https:\/\/capivari.sp.gov.br\/portal\/#organization"},"image":{"@id":"https:\/\/capivari.sp.gov.br\/portal\/secretaria-de-mobilidade-urbana-em-parceria-com-a-empresa-rodovias-do-tiete-promoveram-operacao-cavalo-de-aco-em-alusao-a-semana-nacional-do-transito\/#primaryimage"},"thumbnailUrl":"https:\/\/capivari.sp.gov.br\/portal\/wp-content\/uploads\/2023\/09\/IMG_5179-scaled.jpg","articleSection":["Chefe de Gabinete","Destaque","Geral"],"inLanguage":"pt-BR","potentialAction":[{"@type":"CommentAction","name":"Comment","target":["https:\/\/capivari.sp.gov.br\/portal\/secretaria-de-mobilidade-urbana-em-parceria-com-a-empresa-rodovias-do-tiete-promoveram-operacao-cavalo-de-aco-em-alusao-a-semana-nacional-do-transito\/#respond"]}]},{"@type":"WebPage","@id":"https:\/\/capivari.sp.gov.br\/portal\/secretaria-de-mobilidade-urbana-em-parceria-com-a-empresa-rodovias-do-tiete-promoveram-operacao-cavalo-de-aco-em-alusao-a-semana-nacional-do-transito\/","url":"https:\/\/capivari.sp.gov.br\/portal\/secretaria-de-mobilidade-urbana-em-parceria-com-a-empresa-rodovias-do-tiete-promoveram-operacao-cavalo-de-aco-em-alusao-a-semana-nacional-do-transito\/","name":"Secretaria de Mobilidade Urbana, em parceria com a empresa Rodovias do Tiet\u00ea, promoveram Opera\u00e7\u00e3o \u201cCavalo de A\u00e7o\u201d, em alus\u00e3o a Semana Nacional do Tr\u00e2nsito - Prefeitura de Capivari","isPartOf":{"@id":"https:\/\/capivari.sp.gov.br\/portal\/#website"},"primaryImageOfPage":{"@id":"https:\/\/capivari.sp.gov.br\/portal\/secretaria-de-mobilidade-urbana-em-parceria-com-a-empresa-rodovias-do-tiete-promoveram-operacao-cavalo-de-aco-em-alusao-a-semana-nacional-do-transito\/#primaryimage"},"image":{"@id":"https:\/\/capivari.sp.gov.br\/portal\/secretaria-de-mobilidade-urbana-em-parceria-com-a-empresa-rodovias-do-tiete-promoveram-operacao-cavalo-de-aco-em-alusao-a-semana-nacional-do-transito\/#primaryimage"},"thumbnailUrl":"https:\/\/capivari.sp.gov.br\/portal\/wp-content\/uploads\/2023\/09\/IMG_5179-scaled.jpg","datePublished":"2023-09-28T19:38:58+00:00","breadcrumb":{"@id":"https:\/\/capivari.sp.gov.br\/portal\/secretaria-de-mobilidade-urbana-em-parceria-com-a-empresa-rodovias-do-tiete-promoveram-operacao-cavalo-de-aco-em-alusao-a-semana-nacional-do-transito\/#breadcrumb"},"inLanguage":"pt-BR","potentialAction":[{"@type":"ReadAction","target":["https:\/\/capivari.sp.gov.br\/portal\/secretaria-de-mobilidade-urbana-em-parceria-com-a-empresa-rodovias-do-tiete-promoveram-operacao-cavalo-de-aco-em-alusao-a-semana-nacional-do-transito\/"]}]},{"@type":"ImageObject","inLanguage":"pt-BR","@id":"https:\/\/capivari.sp.gov.br\/portal\/secretaria-de-mobilidade-urbana-em-parceria-com-a-empresa-rodovias-do-tiete-promoveram-operacao-cavalo-de-aco-em-alusao-a-semana-nacional-do-transito\/#primaryimage","url":"https:\/\/capivari.sp.gov.br\/portal\/wp-content\/uploads\/2023\/09\/IMG_5179-scaled.jpg","contentUrl":"https:\/\/capivari.sp.gov.br\/portal\/wp-content\/uploads\/2023\/09\/IMG_5179-scaled.jpg","width":2560,"height":1707},{"@type":"BreadcrumbList","@id":"https:\/\/capivari.sp.gov.br\/portal\/secretaria-de-mobilidade-urbana-em-parceria-com-a-empresa-rodovias-do-tiete-promoveram-operacao-cavalo-de-aco-em-alusao-a-semana-nacional-do-transito\/#breadcrumb","itemListElement":[{"@type":"ListItem","position":1,"name":"In\u00edcio","item":"https:\/\/capivari.sp.gov.br\/portal\/"},{"@type":"ListItem","position":2,"name":"Secretaria de Mobilidade Urbana, em parceria com a empresa Rodovias do Tiet\u00ea, promoveram Opera\u00e7\u00e3o \u201cCavalo de A\u00e7o\u201d, em alus\u00e3o a Semana Nacional do Tr\u00e2nsito"}]},{"@type":"WebSite","@id":"https:\/\/capivari.sp.gov.br\/portal\/#website","url":"https:\/\/capivari.sp.gov.br\/portal\/","name":"Prefeitura de Capivari","description":"Prefeitura de Capivari","publisher":{"@id":"https:\/\/capivari.sp.gov.br\/portal\/#organization"},"potentialAction":[{"@type":"SearchAction","target":{"@type":"EntryPoint","urlTemplate":"https:\/\/capivari.sp.gov.br\/portal\/?s={search_term_string}"},"query-input":{"@type":"PropertyValueSpecification","valueRequired":true,"valueName":"search_term_string"}}],"inLanguage":"pt-BR"},{"@type":"Organization","@id":"https:\/\/capivari.sp.gov.br\/portal\/#organization","name":"Prefeitura de Capivari","url":"https:\/\/capivari.sp.gov.br\/portal\/","logo":{"@type":"ImageObject","inLanguage":"pt-BR","@id":"https:\/\/capivari.sp.gov.br\/portal\/#\/schema\/logo\/image\/","url":"https:\/\/capivari.sp.gov.br\/portal\/wp-content\/uploads\/2021\/09\/logo-prefeitura-de-capivari.png","contentUrl":"https:\/\/capivari.sp.gov.br\/portal\/wp-content\/uploads\/2021\/09\/logo-prefeitura-de-capivari.png","width":200,"height":147,"caption":"Prefeitura de Capivari"},"image":{"@id":"https:\/\/capivari.sp.gov.br\/portal\/#\/schema\/logo\/image\/"},"sameAs":["https:\/\/www.facebook.com\/PrefeituradeCapivari\/","https:\/\/x.com\/PrefCapivari","https:\/\/www.instagram.com\/prefeituracapivari\/"]},{"@type":"Person","@id":"https:\/\/capivari.sp.gov.br\/portal\/#\/schema\/person\/98801614a91d449946b0687ae2db9f29","name":"Thalles Cristiano","image":{"@type":"ImageObject","inLanguage":"pt-BR","@id":"https:\/\/secure.gravatar.com\/avatar\/0d1b9a4bdcde99ab11a8cd27abdcd088993749b82c4355c0301135023dc52b3d?s=96&d=mm&r=g","url":"https:\/\/secure.gravatar.com\/avatar\/0d1b9a4bdcde99ab11a8cd27abdcd088993749b82c4355c0301135023dc52b3d?s=96&d=mm&r=g","contentUrl":"https:\/\/secure.gravatar.com\/avatar\/0d1b9a4bdcde99ab11a8cd27abdcd088993749b82c4355c0301135023dc52b3d?s=96&d=mm&r=g","caption":"Thalles Cristiano"},"url":"https:\/\/capivari.sp.gov.br\/portal\/author\/thalles-cristiano\/"}]}},"_links":{"self":[{"href":"https:\/\/capivari.sp.gov.br\/portal\/wp-json\/wp\/v2\/posts\/14839","targetHints":{"allow":["GET"]}}],"collection":[{"href":"https:\/\/capivari.sp.gov.br\/portal\/wp-json\/wp\/v2\/posts"}],"about":[{"href":"https:\/\/capivari.sp.gov.br\/portal\/wp-json\/wp\/v2\/types\/post"}],"author":[{"embeddable":true,"href":"https:\/\/capivari.sp.gov.br\/portal\/wp-json\/wp\/v2\/users\/2"}],"replies":[{"embeddable":true,"href":"https:\/\/capivari.sp.gov.br\/portal\/wp-json\/wp\/v2\/comments?post=14839"}],"version-history":[{"count":1,"href":"https:\/\/capivari.sp.gov.br\/portal\/wp-json\/wp\/v2\/posts\/14839\/revisions"}],"predecessor-version":[{"id":14841,"href":"https:\/\/capivari.sp.gov.br\/portal\/wp-json\/wp\/v2\/posts\/14839\/revisions\/14841"}],"wp:featuredmedia":[{"embeddable":true,"href":"https:\/\/capivari.sp.gov.br\/portal\/wp-json\/wp\/v2\/media\/14840"}],"wp:attachment":[{"href":"https:\/\/capivari.sp.gov.br\/portal\/wp-json\/wp\/v2\/media?parent=14839"}],"wp:term":[{"taxonomy":"category","embeddable":true,"href":"https:\/\/capivari.sp.gov.br\/portal\/wp-json\/wp\/v2\/categories?post=14839"},{"taxonomy":"post_tag","embeddable":true,"href":"https:\/\/capivari.sp.gov.br\/portal\/wp-json\/wp\/v2\/tags?post=14839"}],"curies":[{"name":"wp","href":"https:\/\/api.w.org\/{rel}","templated":true}]}}