{"id":15300,"date":"2023-10-18T16:10:48","date_gmt":"2023-10-18T19:10:48","guid":{"rendered":"https:\/\/capivari.sp.gov.br\/portal\/?p=15300"},"modified":"2023-10-18T16:10:48","modified_gmt":"2023-10-18T19:10:48","slug":"secretario-da-educacao-de-capivari-entrega-esboco-do-novo-plano-de-carreira-do-magisterio-para-membros-do-cpp","status":"publish","type":"post","link":"https:\/\/capivari.sp.gov.br\/portal\/secretario-da-educacao-de-capivari-entrega-esboco-do-novo-plano-de-carreira-do-magisterio-para-membros-do-cpp\/","title":{"rendered":"Secret\u00e1rio da Educa\u00e7\u00e3o de Capivari entrega esbo\u00e7o do novo Plano de Carreira do Magist\u00e9rio para membros do CPP"},"content":{"rendered":"<p align=\"left\"><span style=\"color: #050505;\"><span style=\"font-family: inherit;\"><span style=\"font-size: medium;\">O secret\u00e1rio da Educa\u00e7\u00e3o de Capivari, Jos\u00e9 Lucas de Moraes, recebeu nesta ter\u00e7a-feira, dia 17, a visita de membros do Centro do Professorado Paulista de Capivari (CPP). O vice-presidente, Silvio dos Santos; Alessandro Soares, diretor-geral administrativo; Eduardo Cattai, diretor jur\u00eddico do interior; Domingos Ant\u00f4nio Cl\u00e1udio (professor Bolinha), diretor da sede regional; e M\u00e1rcia Kerches, vice-diretora regional estiveram na sede da Secretaria da Educa\u00e7\u00e3o do munic\u00edpio.<\/p>\n<p>Na ocasi\u00e3o, Jos\u00e9 Lucas aproveitou a ocasi\u00e3o para entregar uma c\u00f3pia do esbo\u00e7o do novo Plano de Carreira do Magist\u00e9rio, que nesta semana foi enviada para aprecia\u00e7\u00e3o da C\u00e2mara Municipal. \u201cFiquei feliz em mais uma vez compartilhar nossas ideias com o CPP, um Centro de profissionais dedicados \u00e0 educa\u00e7\u00e3o e ao aprimoramento da carreira dos professores. O CPP se comprometeu, por meio de seu departamento Jur\u00eddico, a elaborar um estudo com parecer participando ativamente das discuss\u00f5es, em uma poss\u00edvel audi\u00eancia p\u00fablica. A uni\u00e3o de esfor\u00e7os \u00e9 fundamental para fortalecermos a educa\u00e7\u00e3o em nossa cidade\u201d, informou o secret\u00e1rio.<\/p>\n<p>O novo Plano de Carreira do Magist\u00e9rio \u00e9 um documento aberto tanto para a aprecia\u00e7\u00e3o do Poder Legislativo, quanto dos profissionais da Educa\u00e7\u00e3o, que poder\u00e3o fazer sugest\u00f5es e melhoramentos. Uma c\u00f3pia tamb\u00e9m foi enviada ao Sindicato dos Servidores P\u00fablicos. Ap\u00f3s analisado e melhorado o projeto de lei, o texto final ser\u00e1 enviado em definitivo para a C\u00e2mara para ser votado.<\/p>\n<p>Para informa\u00e7\u00f5es sobre a Secretaria da Educa\u00e7\u00e3o, entre em contato pelo WhatsApp (19) 3491-9343. A sede \u201cProfessor Nadir Assalin\u201d est\u00e1 localizada na rua Pedro Stucchi, 381, no bairro P\u00e3o de A\u00e7\u00facar. O hor\u00e1rio de funcionamento \u00e9 das 08h30 \u00e0s 16h30, de segunda a sexta-feira.<\/span><\/span><\/span><span style=\"color: #050505;\"><span style=\"font-family: inherit;\"><span style=\"font-size: medium;\"><b><\/p>\n<p>Prefeitura de Capivari. Transformando o presente, construindo\u00a0o\u00a0futuro.<\/b><\/span><\/span><\/span><\/p>\n","protected":false},"excerpt":{"rendered":"<p>O secret\u00e1rio da Educa\u00e7\u00e3o de Capivari, Jos\u00e9 Lucas de Moraes, recebeu nesta ter\u00e7a-feira, dia 17, a visita de membros do Centro do Professorado Paulista de Capivari (CPP). O vice-presidente, Silvio dos Santos; Alessandro Soares, diretor-geral administrativo; Eduardo Cattai, diretor jur\u00eddico do interior; Domingos Ant\u00f4nio Cl\u00e1udio (professor Bolinha), diretor da sede regional; e M\u00e1rcia Kerches, vice-diretora [&hellip;]<\/p>\n","protected":false},"author":15,"featured_media":15301,"comment_status":"open","ping_status":"open","sticky":false,"template":"","format":"standard","meta":{"ocean_post_layout":"","ocean_both_sidebars_style":"","ocean_both_sidebars_content_width":0,"ocean_both_sidebars_sidebars_width":0,"ocean_sidebar":"","ocean_second_sidebar":"","ocean_disable_margins":"enable","ocean_add_body_class":"","ocean_shortcode_before_top_bar":"","ocean_shortcode_after_top_bar":"","ocean_shortcode_before_header":"","ocean_shortcode_after_header":"","ocean_has_shortcode":"","ocean_shortcode_after_title":"","ocean_shortcode_before_footer_widgets":"","ocean_shortcode_after_footer_widgets":"","ocean_shortcode_before_footer_bottom":"","ocean_shortcode_after_footer_bottom":"","ocean_display_top_bar":"default","ocean_display_header":"default","ocean_header_style":"","ocean_center_header_left_menu":"","ocean_custom_header_template":"","ocean_custom_logo":0,"ocean_custom_retina_logo":0,"ocean_custom_logo_max_width":0,"ocean_custom_logo_tablet_max_width":0,"ocean_custom_logo_mobile_max_width":0,"ocean_custom_logo_max_height":0,"ocean_custom_logo_tablet_max_height":0,"ocean_custom_logo_mobile_max_height":0,"ocean_header_custom_menu":"","ocean_menu_typo_font_family":"","ocean_menu_typo_font_subset":"","ocean_menu_typo_font_size":0,"ocean_menu_typo_font_size_tablet":0,"ocean_menu_typo_font_size_mobile":0,"ocean_menu_typo_font_size_unit":"px","ocean_menu_typo_font_weight":"","ocean_menu_typo_font_weight_tablet":"","ocean_menu_typo_font_weight_mobile":"","ocean_menu_typo_transform":"","ocean_menu_typo_transform_tablet":"","ocean_menu_typo_transform_mobile":"","ocean_menu_typo_line_height":0,"ocean_menu_typo_line_height_tablet":0,"ocean_menu_typo_line_height_mobile":0,"ocean_menu_typo_line_height_unit":"","ocean_menu_typo_spacing":0,"ocean_menu_typo_spacing_tablet":0,"ocean_menu_typo_spacing_mobile":0,"ocean_menu_typo_spacing_unit":"","ocean_menu_link_color":"","ocean_menu_link_color_hover":"","ocean_menu_link_color_active":"","ocean_menu_link_background":"","ocean_menu_link_hover_background":"","ocean_menu_link_active_background":"","ocean_menu_social_links_bg":"","ocean_menu_social_hover_links_bg":"","ocean_menu_social_links_color":"","ocean_menu_social_hover_links_color":"","ocean_disable_title":"default","ocean_disable_heading":"default","ocean_post_title":"","ocean_post_subheading":"","ocean_post_title_style":"","ocean_post_title_background_color":"","ocean_post_title_background":0,"ocean_post_title_bg_image_position":"","ocean_post_title_bg_image_attachment":"","ocean_post_title_bg_image_repeat":"","ocean_post_title_bg_image_size":"","ocean_post_title_height":0,"ocean_post_title_bg_overlay":0.5,"ocean_post_title_bg_overlay_color":"","ocean_disable_breadcrumbs":"default","ocean_breadcrumbs_color":"","ocean_breadcrumbs_separator_color":"","ocean_breadcrumbs_links_color":"","ocean_breadcrumbs_links_hover_color":"","ocean_display_footer_widgets":"default","ocean_display_footer_bottom":"default","ocean_custom_footer_template":"","ocean_post_oembed":"","ocean_post_self_hosted_media":"","ocean_post_video_embed":"","ocean_link_format":"","ocean_link_format_target":"self","ocean_quote_format":"","ocean_quote_format_link":"post","ocean_gallery_link_images":"on","ocean_gallery_id":[],"footnotes":""},"categories":[4,5,29],"tags":[],"class_list":["post-15300","post","type-post","status-publish","format-standard","has-post-thumbnail","hentry","category-destaque","category-geral","category-planejamento-e-urbanismo","entry","has-media"],"yoast_head":"<!-- This site is optimized with the Yoast SEO plugin v27.5 - https:\/\/yoast.com\/product\/yoast-seo-wordpress\/ -->\n<title>Secret\u00e1rio da Educa\u00e7\u00e3o de Capivari entrega esbo\u00e7o do novo Plano de Carreira do Magist\u00e9rio para membros do CPP - Prefeitura de Capivari<\/title>\n<meta name=\"robots\" content=\"index, follow, max-snippet:-1, max-image-preview:large, max-video-preview:-1\" \/>\n<link rel=\"canonical\" href=\"https:\/\/capivari.sp.gov.br\/portal\/secretario-da-educacao-de-capivari-entrega-esboco-do-novo-plano-de-carreira-do-magisterio-para-membros-do-cpp\/\" \/>\n<meta property=\"og:locale\" content=\"pt_BR\" \/>\n<meta property=\"og:type\" content=\"article\" \/>\n<meta property=\"og:title\" content=\"Secret\u00e1rio da Educa\u00e7\u00e3o de Capivari entrega esbo\u00e7o do novo Plano de Carreira do Magist\u00e9rio para membros do CPP - Prefeitura de Capivari\" \/>\n<meta property=\"og:description\" content=\"O secret\u00e1rio da Educa\u00e7\u00e3o de Capivari, Jos\u00e9 Lucas de Moraes, recebeu nesta ter\u00e7a-feira, dia 17, a visita de membros do Centro do Professorado Paulista de Capivari (CPP). O vice-presidente, Silvio dos Santos; Alessandro Soares, diretor-geral administrativo; Eduardo Cattai, diretor jur\u00eddico do interior; Domingos Ant\u00f4nio Cl\u00e1udio (professor Bolinha), diretor da sede regional; e M\u00e1rcia Kerches, vice-diretora [&hellip;]\" \/>\n<meta property=\"og:url\" content=\"https:\/\/capivari.sp.gov.br\/portal\/secretario-da-educacao-de-capivari-entrega-esboco-do-novo-plano-de-carreira-do-magisterio-para-membros-do-cpp\/\" \/>\n<meta property=\"og:site_name\" content=\"Prefeitura de Capivari\" \/>\n<meta property=\"article:publisher\" content=\"https:\/\/www.facebook.com\/PrefeituradeCapivari\/\" \/>\n<meta property=\"article:published_time\" content=\"2023-10-18T19:10:48+00:00\" \/>\n<meta property=\"og:image\" content=\"https:\/\/capivari.sp.gov.br\/portal\/wp-content\/uploads\/2023\/10\/CPP-na-Secretaria-de-Educacao.jpg\" \/>\n\t<meta property=\"og:image:width\" content=\"768\" \/>\n\t<meta property=\"og:image:height\" content=\"1024\" \/>\n\t<meta property=\"og:image:type\" content=\"image\/jpeg\" \/>\n<meta name=\"author\" content=\"Luciano Assis\" \/>\n<meta name=\"twitter:card\" content=\"summary_large_image\" \/>\n<meta name=\"twitter:creator\" content=\"@PrefCapivari\" \/>\n<meta name=\"twitter:site\" content=\"@PrefCapivari\" \/>\n<meta name=\"twitter:label1\" content=\"Escrito por\" \/>\n\t<meta name=\"twitter:data1\" content=\"Luciano Assis\" \/>\n\t<meta name=\"twitter:label2\" content=\"Est. tempo de leitura\" \/>\n\t<meta name=\"twitter:data2\" content=\"2 minutos\" \/>\n<script type=\"application\/ld+json\" class=\"yoast-schema-graph\">{\"@context\":\"https:\\\/\\\/schema.org\",\"@graph\":[{\"@type\":\"Article\",\"@id\":\"https:\\\/\\\/capivari.sp.gov.br\\\/portal\\\/secretario-da-educacao-de-capivari-entrega-esboco-do-novo-plano-de-carreira-do-magisterio-para-membros-do-cpp\\\/#article\",\"isPartOf\":{\"@id\":\"https:\\\/\\\/capivari.sp.gov.br\\\/portal\\\/secretario-da-educacao-de-capivari-entrega-esboco-do-novo-plano-de-carreira-do-magisterio-para-membros-do-cpp\\\/\"},\"author\":{\"name\":\"Luciano Assis\",\"@id\":\"https:\\\/\\\/capivari.sp.gov.br\\\/portal\\\/#\\\/schema\\\/person\\\/ac37113577adfc1517e0cfa854b830b4\"},\"headline\":\"Secret\u00e1rio da Educa\u00e7\u00e3o de Capivari entrega esbo\u00e7o do novo Plano de Carreira do Magist\u00e9rio para membros do CPP\",\"datePublished\":\"2023-10-18T19:10:48+00:00\",\"mainEntityOfPage\":{\"@id\":\"https:\\\/\\\/capivari.sp.gov.br\\\/portal\\\/secretario-da-educacao-de-capivari-entrega-esboco-do-novo-plano-de-carreira-do-magisterio-para-membros-do-cpp\\\/\"},\"wordCount\":331,\"commentCount\":0,\"publisher\":{\"@id\":\"https:\\\/\\\/capivari.sp.gov.br\\\/portal\\\/#organization\"},\"image\":{\"@id\":\"https:\\\/\\\/capivari.sp.gov.br\\\/portal\\\/secretario-da-educacao-de-capivari-entrega-esboco-do-novo-plano-de-carreira-do-magisterio-para-membros-do-cpp\\\/#primaryimage\"},\"thumbnailUrl\":\"https:\\\/\\\/capivari.sp.gov.br\\\/portal\\\/wp-content\\\/uploads\\\/2023\\\/10\\\/CPP-na-Secretaria-de-Educacao.jpg\",\"articleSection\":[\"Destaque\",\"Geral\",\"Planejamento e Urbanismo\"],\"inLanguage\":\"pt-BR\",\"potentialAction\":[{\"@type\":\"CommentAction\",\"name\":\"Comment\",\"target\":[\"https:\\\/\\\/capivari.sp.gov.br\\\/portal\\\/secretario-da-educacao-de-capivari-entrega-esboco-do-novo-plano-de-carreira-do-magisterio-para-membros-do-cpp\\\/#respond\"]}]},{\"@type\":\"WebPage\",\"@id\":\"https:\\\/\\\/capivari.sp.gov.br\\\/portal\\\/secretario-da-educacao-de-capivari-entrega-esboco-do-novo-plano-de-carreira-do-magisterio-para-membros-do-cpp\\\/\",\"url\":\"https:\\\/\\\/capivari.sp.gov.br\\\/portal\\\/secretario-da-educacao-de-capivari-entrega-esboco-do-novo-plano-de-carreira-do-magisterio-para-membros-do-cpp\\\/\",\"name\":\"Secret\u00e1rio da Educa\u00e7\u00e3o de Capivari entrega esbo\u00e7o do novo Plano de Carreira do Magist\u00e9rio para membros do CPP - Prefeitura de Capivari\",\"isPartOf\":{\"@id\":\"https:\\\/\\\/capivari.sp.gov.br\\\/portal\\\/#website\"},\"primaryImageOfPage\":{\"@id\":\"https:\\\/\\\/capivari.sp.gov.br\\\/portal\\\/secretario-da-educacao-de-capivari-entrega-esboco-do-novo-plano-de-carreira-do-magisterio-para-membros-do-cpp\\\/#primaryimage\"},\"image\":{\"@id\":\"https:\\\/\\\/capivari.sp.gov.br\\\/portal\\\/secretario-da-educacao-de-capivari-entrega-esboco-do-novo-plano-de-carreira-do-magisterio-para-membros-do-cpp\\\/#primaryimage\"},\"thumbnailUrl\":\"https:\\\/\\\/capivari.sp.gov.br\\\/portal\\\/wp-content\\\/uploads\\\/2023\\\/10\\\/CPP-na-Secretaria-de-Educacao.jpg\",\"datePublished\":\"2023-10-18T19:10:48+00:00\",\"breadcrumb\":{\"@id\":\"https:\\\/\\\/capivari.sp.gov.br\\\/portal\\\/secretario-da-educacao-de-capivari-entrega-esboco-do-novo-plano-de-carreira-do-magisterio-para-membros-do-cpp\\\/#breadcrumb\"},\"inLanguage\":\"pt-BR\",\"potentialAction\":[{\"@type\":\"ReadAction\",\"target\":[\"https:\\\/\\\/capivari.sp.gov.br\\\/portal\\\/secretario-da-educacao-de-capivari-entrega-esboco-do-novo-plano-de-carreira-do-magisterio-para-membros-do-cpp\\\/\"]}]},{\"@type\":\"ImageObject\",\"inLanguage\":\"pt-BR\",\"@id\":\"https:\\\/\\\/capivari.sp.gov.br\\\/portal\\\/secretario-da-educacao-de-capivari-entrega-esboco-do-novo-plano-de-carreira-do-magisterio-para-membros-do-cpp\\\/#primaryimage\",\"url\":\"https:\\\/\\\/capivari.sp.gov.br\\\/portal\\\/wp-content\\\/uploads\\\/2023\\\/10\\\/CPP-na-Secretaria-de-Educacao.jpg\",\"contentUrl\":\"https:\\\/\\\/capivari.sp.gov.br\\\/portal\\\/wp-content\\\/uploads\\\/2023\\\/10\\\/CPP-na-Secretaria-de-Educacao.jpg\",\"width\":768,\"height\":1024},{\"@type\":\"BreadcrumbList\",\"@id\":\"https:\\\/\\\/capivari.sp.gov.br\\\/portal\\\/secretario-da-educacao-de-capivari-entrega-esboco-do-novo-plano-de-carreira-do-magisterio-para-membros-do-cpp\\\/#breadcrumb\",\"itemListElement\":[{\"@type\":\"ListItem\",\"position\":1,\"name\":\"In\u00edcio\",\"item\":\"https:\\\/\\\/capivari.sp.gov.br\\\/portal\\\/\"},{\"@type\":\"ListItem\",\"position\":2,\"name\":\"Secret\u00e1rio da Educa\u00e7\u00e3o de Capivari entrega esbo\u00e7o do novo Plano de Carreira do Magist\u00e9rio para membros do CPP\"}]},{\"@type\":\"WebSite\",\"@id\":\"https:\\\/\\\/capivari.sp.gov.br\\\/portal\\\/#website\",\"url\":\"https:\\\/\\\/capivari.sp.gov.br\\\/portal\\\/\",\"name\":\"Prefeitura de Capivari\",\"description\":\"Prefeitura de Capivari\",\"publisher\":{\"@id\":\"https:\\\/\\\/capivari.sp.gov.br\\\/portal\\\/#organization\"},\"potentialAction\":[{\"@type\":\"SearchAction\",\"target\":{\"@type\":\"EntryPoint\",\"urlTemplate\":\"https:\\\/\\\/capivari.sp.gov.br\\\/portal\\\/?s={search_term_string}\"},\"query-input\":{\"@type\":\"PropertyValueSpecification\",\"valueRequired\":true,\"valueName\":\"search_term_string\"}}],\"inLanguage\":\"pt-BR\"},{\"@type\":\"Organization\",\"@id\":\"https:\\\/\\\/capivari.sp.gov.br\\\/portal\\\/#organization\",\"name\":\"Prefeitura de Capivari\",\"url\":\"https:\\\/\\\/capivari.sp.gov.br\\\/portal\\\/\",\"logo\":{\"@type\":\"ImageObject\",\"inLanguage\":\"pt-BR\",\"@id\":\"https:\\\/\\\/capivari.sp.gov.br\\\/portal\\\/#\\\/schema\\\/logo\\\/image\\\/\",\"url\":\"https:\\\/\\\/capivari.sp.gov.br\\\/portal\\\/wp-content\\\/uploads\\\/2021\\\/09\\\/logo-prefeitura-de-capivari.png\",\"contentUrl\":\"https:\\\/\\\/capivari.sp.gov.br\\\/portal\\\/wp-content\\\/uploads\\\/2021\\\/09\\\/logo-prefeitura-de-capivari.png\",\"width\":200,\"height\":147,\"caption\":\"Prefeitura de Capivari\"},\"image\":{\"@id\":\"https:\\\/\\\/capivari.sp.gov.br\\\/portal\\\/#\\\/schema\\\/logo\\\/image\\\/\"},\"sameAs\":[\"https:\\\/\\\/www.facebook.com\\\/PrefeituradeCapivari\\\/\",\"https:\\\/\\\/x.com\\\/PrefCapivari\",\"https:\\\/\\\/www.instagram.com\\\/prefeituracapivari\\\/\"]},{\"@type\":\"Person\",\"@id\":\"https:\\\/\\\/capivari.sp.gov.br\\\/portal\\\/#\\\/schema\\\/person\\\/ac37113577adfc1517e0cfa854b830b4\",\"name\":\"Luciano Assis\",\"image\":{\"@type\":\"ImageObject\",\"inLanguage\":\"pt-BR\",\"@id\":\"https:\\\/\\\/secure.gravatar.com\\\/avatar\\\/ec163f977a02ac195ce6085f5110a8c4c8c6cc357c134002f73b4664772e79a5?s=96&d=mm&r=g\",\"url\":\"https:\\\/\\\/secure.gravatar.com\\\/avatar\\\/ec163f977a02ac195ce6085f5110a8c4c8c6cc357c134002f73b4664772e79a5?s=96&d=mm&r=g\",\"contentUrl\":\"https:\\\/\\\/secure.gravatar.com\\\/avatar\\\/ec163f977a02ac195ce6085f5110a8c4c8c6cc357c134002f73b4664772e79a5?s=96&d=mm&r=g\",\"caption\":\"Luciano Assis\"},\"url\":\"https:\\\/\\\/capivari.sp.gov.br\\\/portal\\\/author\\\/luciano-assis\\\/\"}]}<\/script>\n<!-- \/ Yoast SEO plugin. -->","yoast_head_json":{"title":"Secret\u00e1rio da Educa\u00e7\u00e3o de Capivari entrega esbo\u00e7o do novo Plano de Carreira do Magist\u00e9rio para membros do CPP - Prefeitura de Capivari","robots":{"index":"index","follow":"follow","max-snippet":"max-snippet:-1","max-image-preview":"max-image-preview:large","max-video-preview":"max-video-preview:-1"},"canonical":"https:\/\/capivari.sp.gov.br\/portal\/secretario-da-educacao-de-capivari-entrega-esboco-do-novo-plano-de-carreira-do-magisterio-para-membros-do-cpp\/","og_locale":"pt_BR","og_type":"article","og_title":"Secret\u00e1rio da Educa\u00e7\u00e3o de Capivari entrega esbo\u00e7o do novo Plano de Carreira do Magist\u00e9rio para membros do CPP - Prefeitura de Capivari","og_description":"O secret\u00e1rio da Educa\u00e7\u00e3o de Capivari, Jos\u00e9 Lucas de Moraes, recebeu nesta ter\u00e7a-feira, dia 17, a visita de membros do Centro do Professorado Paulista de Capivari (CPP). O vice-presidente, Silvio dos Santos; Alessandro Soares, diretor-geral administrativo; Eduardo Cattai, diretor jur\u00eddico do interior; Domingos Ant\u00f4nio Cl\u00e1udio (professor Bolinha), diretor da sede regional; e M\u00e1rcia Kerches, vice-diretora [&hellip;]","og_url":"https:\/\/capivari.sp.gov.br\/portal\/secretario-da-educacao-de-capivari-entrega-esboco-do-novo-plano-de-carreira-do-magisterio-para-membros-do-cpp\/","og_site_name":"Prefeitura de Capivari","article_publisher":"https:\/\/www.facebook.com\/PrefeituradeCapivari\/","article_published_time":"2023-10-18T19:10:48+00:00","og_image":[{"width":768,"height":1024,"url":"https:\/\/capivari.sp.gov.br\/portal\/wp-content\/uploads\/2023\/10\/CPP-na-Secretaria-de-Educacao.jpg","type":"image\/jpeg"}],"author":"Luciano Assis","twitter_card":"summary_large_image","twitter_creator":"@PrefCapivari","twitter_site":"@PrefCapivari","twitter_misc":{"Escrito por":"Luciano Assis","Est. tempo de leitura":"2 minutos"},"schema":{"@context":"https:\/\/schema.org","@graph":[{"@type":"Article","@id":"https:\/\/capivari.sp.gov.br\/portal\/secretario-da-educacao-de-capivari-entrega-esboco-do-novo-plano-de-carreira-do-magisterio-para-membros-do-cpp\/#article","isPartOf":{"@id":"https:\/\/capivari.sp.gov.br\/portal\/secretario-da-educacao-de-capivari-entrega-esboco-do-novo-plano-de-carreira-do-magisterio-para-membros-do-cpp\/"},"author":{"name":"Luciano Assis","@id":"https:\/\/capivari.sp.gov.br\/portal\/#\/schema\/person\/ac37113577adfc1517e0cfa854b830b4"},"headline":"Secret\u00e1rio da Educa\u00e7\u00e3o de Capivari entrega esbo\u00e7o do novo Plano de Carreira do Magist\u00e9rio para membros do CPP","datePublished":"2023-10-18T19:10:48+00:00","mainEntityOfPage":{"@id":"https:\/\/capivari.sp.gov.br\/portal\/secretario-da-educacao-de-capivari-entrega-esboco-do-novo-plano-de-carreira-do-magisterio-para-membros-do-cpp\/"},"wordCount":331,"commentCount":0,"publisher":{"@id":"https:\/\/capivari.sp.gov.br\/portal\/#organization"},"image":{"@id":"https:\/\/capivari.sp.gov.br\/portal\/secretario-da-educacao-de-capivari-entrega-esboco-do-novo-plano-de-carreira-do-magisterio-para-membros-do-cpp\/#primaryimage"},"thumbnailUrl":"https:\/\/capivari.sp.gov.br\/portal\/wp-content\/uploads\/2023\/10\/CPP-na-Secretaria-de-Educacao.jpg","articleSection":["Destaque","Geral","Planejamento e Urbanismo"],"inLanguage":"pt-BR","potentialAction":[{"@type":"CommentAction","name":"Comment","target":["https:\/\/capivari.sp.gov.br\/portal\/secretario-da-educacao-de-capivari-entrega-esboco-do-novo-plano-de-carreira-do-magisterio-para-membros-do-cpp\/#respond"]}]},{"@type":"WebPage","@id":"https:\/\/capivari.sp.gov.br\/portal\/secretario-da-educacao-de-capivari-entrega-esboco-do-novo-plano-de-carreira-do-magisterio-para-membros-do-cpp\/","url":"https:\/\/capivari.sp.gov.br\/portal\/secretario-da-educacao-de-capivari-entrega-esboco-do-novo-plano-de-carreira-do-magisterio-para-membros-do-cpp\/","name":"Secret\u00e1rio da Educa\u00e7\u00e3o de Capivari entrega esbo\u00e7o do novo Plano de Carreira do Magist\u00e9rio para membros do CPP - Prefeitura de Capivari","isPartOf":{"@id":"https:\/\/capivari.sp.gov.br\/portal\/#website"},"primaryImageOfPage":{"@id":"https:\/\/capivari.sp.gov.br\/portal\/secretario-da-educacao-de-capivari-entrega-esboco-do-novo-plano-de-carreira-do-magisterio-para-membros-do-cpp\/#primaryimage"},"image":{"@id":"https:\/\/capivari.sp.gov.br\/portal\/secretario-da-educacao-de-capivari-entrega-esboco-do-novo-plano-de-carreira-do-magisterio-para-membros-do-cpp\/#primaryimage"},"thumbnailUrl":"https:\/\/capivari.sp.gov.br\/portal\/wp-content\/uploads\/2023\/10\/CPP-na-Secretaria-de-Educacao.jpg","datePublished":"2023-10-18T19:10:48+00:00","breadcrumb":{"@id":"https:\/\/capivari.sp.gov.br\/portal\/secretario-da-educacao-de-capivari-entrega-esboco-do-novo-plano-de-carreira-do-magisterio-para-membros-do-cpp\/#breadcrumb"},"inLanguage":"pt-BR","potentialAction":[{"@type":"ReadAction","target":["https:\/\/capivari.sp.gov.br\/portal\/secretario-da-educacao-de-capivari-entrega-esboco-do-novo-plano-de-carreira-do-magisterio-para-membros-do-cpp\/"]}]},{"@type":"ImageObject","inLanguage":"pt-BR","@id":"https:\/\/capivari.sp.gov.br\/portal\/secretario-da-educacao-de-capivari-entrega-esboco-do-novo-plano-de-carreira-do-magisterio-para-membros-do-cpp\/#primaryimage","url":"https:\/\/capivari.sp.gov.br\/portal\/wp-content\/uploads\/2023\/10\/CPP-na-Secretaria-de-Educacao.jpg","contentUrl":"https:\/\/capivari.sp.gov.br\/portal\/wp-content\/uploads\/2023\/10\/CPP-na-Secretaria-de-Educacao.jpg","width":768,"height":1024},{"@type":"BreadcrumbList","@id":"https:\/\/capivari.sp.gov.br\/portal\/secretario-da-educacao-de-capivari-entrega-esboco-do-novo-plano-de-carreira-do-magisterio-para-membros-do-cpp\/#breadcrumb","itemListElement":[{"@type":"ListItem","position":1,"name":"In\u00edcio","item":"https:\/\/capivari.sp.gov.br\/portal\/"},{"@type":"ListItem","position":2,"name":"Secret\u00e1rio da Educa\u00e7\u00e3o de Capivari entrega esbo\u00e7o do novo Plano de Carreira do Magist\u00e9rio para membros do CPP"}]},{"@type":"WebSite","@id":"https:\/\/capivari.sp.gov.br\/portal\/#website","url":"https:\/\/capivari.sp.gov.br\/portal\/","name":"Prefeitura de Capivari","description":"Prefeitura de Capivari","publisher":{"@id":"https:\/\/capivari.sp.gov.br\/portal\/#organization"},"potentialAction":[{"@type":"SearchAction","target":{"@type":"EntryPoint","urlTemplate":"https:\/\/capivari.sp.gov.br\/portal\/?s={search_term_string}"},"query-input":{"@type":"PropertyValueSpecification","valueRequired":true,"valueName":"search_term_string"}}],"inLanguage":"pt-BR"},{"@type":"Organization","@id":"https:\/\/capivari.sp.gov.br\/portal\/#organization","name":"Prefeitura de Capivari","url":"https:\/\/capivari.sp.gov.br\/portal\/","logo":{"@type":"ImageObject","inLanguage":"pt-BR","@id":"https:\/\/capivari.sp.gov.br\/portal\/#\/schema\/logo\/image\/","url":"https:\/\/capivari.sp.gov.br\/portal\/wp-content\/uploads\/2021\/09\/logo-prefeitura-de-capivari.png","contentUrl":"https:\/\/capivari.sp.gov.br\/portal\/wp-content\/uploads\/2021\/09\/logo-prefeitura-de-capivari.png","width":200,"height":147,"caption":"Prefeitura de Capivari"},"image":{"@id":"https:\/\/capivari.sp.gov.br\/portal\/#\/schema\/logo\/image\/"},"sameAs":["https:\/\/www.facebook.com\/PrefeituradeCapivari\/","https:\/\/x.com\/PrefCapivari","https:\/\/www.instagram.com\/prefeituracapivari\/"]},{"@type":"Person","@id":"https:\/\/capivari.sp.gov.br\/portal\/#\/schema\/person\/ac37113577adfc1517e0cfa854b830b4","name":"Luciano Assis","image":{"@type":"ImageObject","inLanguage":"pt-BR","@id":"https:\/\/secure.gravatar.com\/avatar\/ec163f977a02ac195ce6085f5110a8c4c8c6cc357c134002f73b4664772e79a5?s=96&d=mm&r=g","url":"https:\/\/secure.gravatar.com\/avatar\/ec163f977a02ac195ce6085f5110a8c4c8c6cc357c134002f73b4664772e79a5?s=96&d=mm&r=g","contentUrl":"https:\/\/secure.gravatar.com\/avatar\/ec163f977a02ac195ce6085f5110a8c4c8c6cc357c134002f73b4664772e79a5?s=96&d=mm&r=g","caption":"Luciano Assis"},"url":"https:\/\/capivari.sp.gov.br\/portal\/author\/luciano-assis\/"}]}},"_links":{"self":[{"href":"https:\/\/capivari.sp.gov.br\/portal\/wp-json\/wp\/v2\/posts\/15300","targetHints":{"allow":["GET"]}}],"collection":[{"href":"https:\/\/capivari.sp.gov.br\/portal\/wp-json\/wp\/v2\/posts"}],"about":[{"href":"https:\/\/capivari.sp.gov.br\/portal\/wp-json\/wp\/v2\/types\/post"}],"author":[{"embeddable":true,"href":"https:\/\/capivari.sp.gov.br\/portal\/wp-json\/wp\/v2\/users\/15"}],"replies":[{"embeddable":true,"href":"https:\/\/capivari.sp.gov.br\/portal\/wp-json\/wp\/v2\/comments?post=15300"}],"version-history":[{"count":1,"href":"https:\/\/capivari.sp.gov.br\/portal\/wp-json\/wp\/v2\/posts\/15300\/revisions"}],"predecessor-version":[{"id":15302,"href":"https:\/\/capivari.sp.gov.br\/portal\/wp-json\/wp\/v2\/posts\/15300\/revisions\/15302"}],"wp:featuredmedia":[{"embeddable":true,"href":"https:\/\/capivari.sp.gov.br\/portal\/wp-json\/wp\/v2\/media\/15301"}],"wp:attachment":[{"href":"https:\/\/capivari.sp.gov.br\/portal\/wp-json\/wp\/v2\/media?parent=15300"}],"wp:term":[{"taxonomy":"category","embeddable":true,"href":"https:\/\/capivari.sp.gov.br\/portal\/wp-json\/wp\/v2\/categories?post=15300"},{"taxonomy":"post_tag","embeddable":true,"href":"https:\/\/capivari.sp.gov.br\/portal\/wp-json\/wp\/v2\/tags?post=15300"}],"curies":[{"name":"wp","href":"https:\/\/api.w.org\/{rel}","templated":true}]}}