{"id":15306,"date":"2023-10-19T09:06:08","date_gmt":"2023-10-19T12:06:08","guid":{"rendered":"https:\/\/capivari.sp.gov.br\/portal\/?p=15306"},"modified":"2023-10-19T10:09:27","modified_gmt":"2023-10-19T13:09:27","slug":"1o-expo-agro-capivari-comeca-nesta-quinta-feira-com-expectativa-de-reunir-aproximadamente-15-mil-pessoas-em-tres-dias-de-evento-que-une-entretenimento-e-negocios","status":"publish","type":"post","link":"https:\/\/capivari.sp.gov.br\/portal\/1o-expo-agro-capivari-comeca-nesta-quinta-feira-com-expectativa-de-reunir-aproximadamente-15-mil-pessoas-em-tres-dias-de-evento-que-une-entretenimento-e-negocios\/","title":{"rendered":"1\u00ba Expo Agro Capivari come\u00e7a nesta quinta-feira com expectativa de reunir aproximadamente 15 mil pessoas em tr\u00eas dias de evento que une entretenimento e neg\u00f3cios"},"content":{"rendered":"<p><span style=\"color: #000000;\"><span style=\"font-family: Arial, sans-serif;\"><span style=\"font-size: medium;\">Nesta quinta-feira, dia 19, come\u00e7a o 1\u00ba Expo Agro Capivari, evento realizado pela Prefeitura e Sicoob Cooplivre, em parceria com a r\u00e1dio Ra\u00edzes FM, JP Produ\u00e7\u00f5es e Start Eventos. Anunciado pelo prefeito Vit\u00e3o Riccomini no \u00faltimo m\u00eas de julho, a festa que pretende unir atra\u00e7\u00f5es de rodeio com neg\u00f3cios ligados ao agro, tem expectativa de reunir cerca de 1<\/span><\/span><\/span><span style=\"color: #000000;\"><span style=\"font-family: Arial, sans-serif;\"><span style=\"font-size: medium;\">5<\/span><\/span><\/span><span style=\"color: #000000;\"><span style=\"font-family: Arial, sans-serif;\"><span style=\"font-size: medium;\"> mil pessoas at\u00e9 a noite de s\u00e1bado, dia 21, num espa\u00e7o montado no Portal da Cidade, ao lado da C\u00e2mara Municipal, numa \u00e1rea de aproximadamente 28 mil metros quadrados, sendo 13 mil apenas a \u00e1rea ocupada para as atra\u00e7\u00f5es \u2013 o restante ser\u00e1 tomado por um amplo estacionamento.<\/span><\/span><\/span><\/p>\n<p>As estruturas de arquibancadas e palco come\u00e7aram a ser montadas no in\u00edcio desta semana para receber p\u00fablico e artistas de renome nacional e talentos locais, tanto do sertanejo quanto na m\u00fasica eletr\u00f4nica e do pop. Al\u00e9m de Capivari, a organiza\u00e7\u00e3o acredita que a festa deve atrair p\u00fablico de diversos munic\u00edpios da regi\u00e3o.<\/p>\n<p>Fique por dentro de todos os detalhes para acompanhar melhor esse grande evento que deve entrar para a hist\u00f3ria da cidade:<\/p>\n<p><span style=\"color: #000000;\"><span style=\"font-family: Arial, sans-serif;\"><span style=\"font-size: medium;\"><b>Shows do palco principal:<\/b><\/span><\/span><\/span><span style=\"color: #000000;\"><span style=\"font-family: Arial, sans-serif;\"><span style=\"font-size: medium;\"><br \/>\n<\/span><\/span><\/span><\/p>\n<p><span style=\"color: #000000;\"><span style=\"font-family: Arial, sans-serif;\"><span style=\"font-size: medium;\">Quinta-feira, dia 19<br \/>\nClayton e Rom\u00e1rio<\/span><\/span><\/span><\/p>\n<p>A dupla mineira \u00e9 um dos destaques da nova m\u00fasica sertaneja e promete um show cheio de sucessos pr\u00f3prios, como \u201cNamorando ou N\u00e3o\u201d e \u201c\u00c1gua Nos Z\u00f3i\u201d, al\u00e9m de vers\u00f5es de cl\u00e1ssicos.<\/p>\n<p>Sexta-feira, dia 20<br \/>\nIsrael e Rodolffo<\/p>\n<p>Os goianos da cidade de Jaragu\u00e1 s\u00e3o uma das atra\u00e7\u00f5es mais esperadas desta primeira edi\u00e7\u00e3o do 1\u00ba Expo Agro Capivari, e devem levar para a arena hits como \u201cBatom de Cereja\u201d, &#8220;Bombonzinho\u201d e \u201cSeu Brilho Sumiu\u201d, al\u00e9m do \u00faltimo single: \u201cEu N\u00e3o Dou Conta\u201d.<\/p>\n<p>S\u00e1bado, dia 21<br \/>\nPedro Paulo e Alex<\/p>\n<p>A dupla do Paran\u00e1, que come\u00e7ou tocando em barzinhos, hoje \u00e9 uma das mais ouvidas nas plataformas digitais, gra\u00e7as a sucessos como \u201cAs Novinha t\u00e3o Sensacional\u201d, \u201cFama de pegador\u201d, \u201cEsqueceu do ex\u201d e \u201cIa Dar Bom\u201d, entre outras. Eles chegam a Capivari com o novo single, \u201cPegador de Boiadeira\u201d, uma parceria com o DJ DogBeat, que tamb\u00e9m \u00e9 atra\u00e7\u00e3o da festa no mesmo dia.<\/p>\n<p><span style=\"color: #000000;\"><span style=\"font-family: Arial, sans-serif;\"><span style=\"font-size: medium;\"><b>Ingressos:<\/b><\/span><\/span><\/span><\/p>\n<p>O primeiro dia do 1\u00ba Expo Agro Capivari, nesta quinta-feira, dia 19, \u00e9 marcado pela promo\u00e7\u00e3o \u201cQuinta da Fam\u00edlia\u201d, uma iniciativa da Prefeitura de Capivari que permite que a popula\u00e7\u00e3o troque 1 quilo de alimento n\u00e3o perec\u00edvel por um ingresso para ver o show da dupla goiana Clayton e Rom\u00e1rio. As trocas podem ser feitas no Supermercado Covabra, ponto de troca oficial dos ingressos.<\/p>\n<p>Na sexta e s\u00e1bado, os ingressos podem ser adquiridos atrav\u00e9s do site especializado Quero2Ingressos (<a href=\"https:\/\/quero2ingressos.com.br\/\">https:\/\/quero2ingressos.com.br\/<\/a>). As entradas tamb\u00e9m est\u00e3o dispon\u00edveis em pontos fixos, como a Esporte Total Plus, Esporte Total Confort, Agro Cap e P2 Consultoria Imobili\u00e1ria, em Capivari, al\u00e9m dos munic\u00edpios de Piracicaba (Estamplacas), Rio das Pedras (Lua de Mel Magazine), Elias Fausto (Loja Camargo), Monte Mor (Monte Mor Moda Country) e Tiet\u00ea (Megamax TI). Os valores pagos variam entre R$ 80 e R$ 400 (frontstage com open bar).<\/p>\n<p><span style=\"color: #000000;\"><span style=\"font-family: Arial, sans-serif;\"><span style=\"font-size: medium;\"><b>Provas<\/b><\/span><\/span><\/span><span style=\"color: #000000;\"><span style=\"font-family: Arial, sans-serif;\"><span style=\"font-size: medium;\"><br \/>\nAl\u00e9m dos shows e neg\u00f3cios do ramo do agroneg\u00f3cio, o 1\u00ba Expo Agro de Capivari ser\u00e1 palco de uma das etapas da Copa VR 2023 de montaria em touros. A competi\u00e7\u00e3o, que promete premia\u00e7\u00e3o de at\u00e9 R$ 15 mil, receber\u00e1 20 dos mais bem classificados pe\u00f5es da competi\u00e7\u00e3o. Nomes como Rovilson Pereira, Tetra Campe\u00e3o da Copa VR; Wiliam Bueno, finalista em Barretos 2018 pela Liga Nacional; Paulo Lima, finalista em mais de sete eventos em 2022; e Ramon Fiorino, Campe\u00e3o de Hortol\u00e2ndia 2023, s\u00e3o alguns dos pe\u00f5es que estar\u00e3o presentes na cidade lutando pela premia\u00e7\u00e3o. A locu\u00e7\u00e3o das provas ficam a cargo de Daniel Ricci e Marco Cruz, com coment\u00e1rios de Daniel Barboza.<\/span><\/span><\/span><\/p>\n<p><span style=\"color: #000000;\"><span style=\"font-family: Arial, sans-serif;\"><span style=\"font-size: medium;\"><b>Palestras<\/b><\/span><\/span><\/span><span style=\"color: #000000;\"><span style=\"font-family: Arial, sans-serif;\"><span style=\"font-size: medium;\"><br \/>\nO Sicoob Cooplivre organizou para esta sexta, 20, e s\u00e1bado, 21, uma s\u00e9rie de palestras sobre o agroneg\u00f3cio. Todas as palestras s\u00e3o gratuitas e os interessados precisam apenas ir at\u00e9 a arena da festa.<\/span><\/span><\/span><\/p>\n<p>Sexta, \u00e0s 10h<br \/>\nO engenheiro agr\u00f4nomo Pedro Paulo Ananias Pio fala sobre \u201cTend\u00eancias e Perspectivas em Rela\u00e7\u00e3o ao Agroneg\u00f3cio\u201d.<\/p>\n<p>Sexta, \u00e0s 14h30<br \/>\nJo\u00e3o Rosa, representante da Pecece Consultoria, descreve os \u201cCustos de Produ\u00e7\u00e3o da Cana-de-A\u00e7\u00facar e Mercado Sucroenerg\u00e9tico\u201d, um assunto muito sens\u00edvel para a nossa regi\u00e3o.<\/p>\n<p>S\u00e1bado, \u00e0s 10h<br \/>\nA \u00faltima palestra do final de semana recebe a produtora rural Ana Paula Nunes, que conta experi\u00eancias pessoais na palestra \u201cO Olhar da Mulher no Agro\u201d.<\/p>\n<p><span style=\"color: #000000;\"><span style=\"font-family: Arial, sans-serif;\"><span style=\"font-size: medium;\"><b>Como Chegar<\/b><\/span><\/span><\/span><span style=\"color: #000000;\"><span style=\"font-family: Arial, sans-serif;\"><span style=\"font-size: medium;\"><br \/>\nA Arena da 1\u00ba Expo Agro de Capivari est\u00e1 montada no KM 43 da rodovia Jornalista Francisco Aguirre Proen\u00e7a (SP-101). Se chega ao local pela avenida Tarsila do Amaral, tendo que entrar ao lado da C\u00e2mara Municipal pela Rua Ol\u00edvio Gon\u00e7alves de Oliveira. <\/span><\/span><\/span><span style=\"color: #000000;\"><span style=\"font-family: Arial, sans-serif;\"><span style=\"font-size: medium;\">Os port\u00f5es ser\u00e3o abertos todos os dias a partir das 20h.<\/span><\/span><\/span><\/p>\n<p><span style=\"color: #000000;\"><span style=\"font-family: Arial, sans-serif;\"><span style=\"font-size: medium;\"><b>Estacionamento<\/b><\/span><\/span><\/span><span style=\"color: #000000;\"><span style=\"font-family: Arial, sans-serif;\"><span style=\"font-size: medium;\"><br \/>\nO local ter\u00e1 estacionamento terceirizado com seguro com valor de R$ 40. O local ocupa um total de 15 mil metros. Outros estacionamento n\u00e3o-oficiais tamb\u00e9m devem oferecer o servi\u00e7o na regi\u00e3o.<\/span><\/span><\/span><\/p>\n","protected":false},"excerpt":{"rendered":"<p>Nesta quinta-feira, dia 19, come\u00e7a o 1\u00ba Expo Agro Capivari, evento realizado pela Prefeitura e Sicoob Cooplivre, em parceria com a r\u00e1dio Ra\u00edzes FM, JP Produ\u00e7\u00f5es e Start Eventos. Anunciado pelo prefeito Vit\u00e3o Riccomini no \u00faltimo m\u00eas de julho, a festa que pretende unir atra\u00e7\u00f5es de rodeio com neg\u00f3cios ligados ao agro, tem expectativa de [&hellip;]<\/p>\n","protected":false},"author":15,"featured_media":15310,"comment_status":"open","ping_status":"open","sticky":false,"template":"","format":"standard","meta":{"ocean_post_layout":"","ocean_both_sidebars_style":"","ocean_both_sidebars_content_width":0,"ocean_both_sidebars_sidebars_width":0,"ocean_sidebar":"","ocean_second_sidebar":"","ocean_disable_margins":"enable","ocean_add_body_class":"","ocean_shortcode_before_top_bar":"","ocean_shortcode_after_top_bar":"","ocean_shortcode_before_header":"","ocean_shortcode_after_header":"","ocean_has_shortcode":"","ocean_shortcode_after_title":"","ocean_shortcode_before_footer_widgets":"","ocean_shortcode_after_footer_widgets":"","ocean_shortcode_before_footer_bottom":"","ocean_shortcode_after_footer_bottom":"","ocean_display_top_bar":"default","ocean_display_header":"default","ocean_header_style":"","ocean_center_header_left_menu":"","ocean_custom_header_template":"","ocean_custom_logo":0,"ocean_custom_retina_logo":0,"ocean_custom_logo_max_width":0,"ocean_custom_logo_tablet_max_width":0,"ocean_custom_logo_mobile_max_width":0,"ocean_custom_logo_max_height":0,"ocean_custom_logo_tablet_max_height":0,"ocean_custom_logo_mobile_max_height":0,"ocean_header_custom_menu":"","ocean_menu_typo_font_family":"","ocean_menu_typo_font_subset":"","ocean_menu_typo_font_size":0,"ocean_menu_typo_font_size_tablet":0,"ocean_menu_typo_font_size_mobile":0,"ocean_menu_typo_font_size_unit":"px","ocean_menu_typo_font_weight":"","ocean_menu_typo_font_weight_tablet":"","ocean_menu_typo_font_weight_mobile":"","ocean_menu_typo_transform":"","ocean_menu_typo_transform_tablet":"","ocean_menu_typo_transform_mobile":"","ocean_menu_typo_line_height":0,"ocean_menu_typo_line_height_tablet":0,"ocean_menu_typo_line_height_mobile":0,"ocean_menu_typo_line_height_unit":"","ocean_menu_typo_spacing":0,"ocean_menu_typo_spacing_tablet":0,"ocean_menu_typo_spacing_mobile":0,"ocean_menu_typo_spacing_unit":"","ocean_menu_link_color":"","ocean_menu_link_color_hover":"","ocean_menu_link_color_active":"","ocean_menu_link_background":"","ocean_menu_link_hover_background":"","ocean_menu_link_active_background":"","ocean_menu_social_links_bg":"","ocean_menu_social_hover_links_bg":"","ocean_menu_social_links_color":"","ocean_menu_social_hover_links_color":"","ocean_disable_title":"default","ocean_disable_heading":"default","ocean_post_title":"","ocean_post_subheading":"","ocean_post_title_style":"","ocean_post_title_background_color":"","ocean_post_title_background":0,"ocean_post_title_bg_image_position":"","ocean_post_title_bg_image_attachment":"","ocean_post_title_bg_image_repeat":"","ocean_post_title_bg_image_size":"","ocean_post_title_height":0,"ocean_post_title_bg_overlay":0.5,"ocean_post_title_bg_overlay_color":"","ocean_disable_breadcrumbs":"default","ocean_breadcrumbs_color":"","ocean_breadcrumbs_separator_color":"","ocean_breadcrumbs_links_color":"","ocean_breadcrumbs_links_hover_color":"","ocean_display_footer_widgets":"default","ocean_display_footer_bottom":"default","ocean_custom_footer_template":"","ocean_post_oembed":"","ocean_post_self_hosted_media":"","ocean_post_video_embed":"","ocean_link_format":"","ocean_link_format_target":"self","ocean_quote_format":"","ocean_quote_format_link":"post","ocean_gallery_link_images":"on","ocean_gallery_id":[],"footnotes":""},"categories":[4,5,30],"tags":[],"class_list":["post-15306","post","type-post","status-publish","format-standard","has-post-thumbnail","hentry","category-destaque","category-geral","category-relacoes-publicas","entry","has-media"],"yoast_head":"<!-- This site is optimized with the Yoast SEO plugin v27.5 - https:\/\/yoast.com\/product\/yoast-seo-wordpress\/ -->\n<title>1\u00ba Expo Agro Capivari come\u00e7a nesta quinta-feira com expectativa de reunir aproximadamente 15 mil pessoas em tr\u00eas dias de evento que une entretenimento e neg\u00f3cios - Prefeitura de Capivari<\/title>\n<meta name=\"robots\" content=\"index, follow, max-snippet:-1, max-image-preview:large, max-video-preview:-1\" \/>\n<link rel=\"canonical\" href=\"https:\/\/capivari.sp.gov.br\/portal\/1o-expo-agro-capivari-comeca-nesta-quinta-feira-com-expectativa-de-reunir-aproximadamente-15-mil-pessoas-em-tres-dias-de-evento-que-une-entretenimento-e-negocios\/\" \/>\n<meta property=\"og:locale\" content=\"pt_BR\" \/>\n<meta property=\"og:type\" content=\"article\" \/>\n<meta property=\"og:title\" content=\"1\u00ba Expo Agro Capivari come\u00e7a nesta quinta-feira com expectativa de reunir aproximadamente 15 mil pessoas em tr\u00eas dias de evento que une entretenimento e neg\u00f3cios - Prefeitura de Capivari\" \/>\n<meta property=\"og:description\" content=\"Nesta quinta-feira, dia 19, come\u00e7a o 1\u00ba Expo Agro Capivari, evento realizado pela Prefeitura e Sicoob Cooplivre, em parceria com a r\u00e1dio Ra\u00edzes FM, JP Produ\u00e7\u00f5es e Start Eventos. Anunciado pelo prefeito Vit\u00e3o Riccomini no \u00faltimo m\u00eas de julho, a festa que pretende unir atra\u00e7\u00f5es de rodeio com neg\u00f3cios ligados ao agro, tem expectativa de [&hellip;]\" \/>\n<meta property=\"og:url\" content=\"https:\/\/capivari.sp.gov.br\/portal\/1o-expo-agro-capivari-comeca-nesta-quinta-feira-com-expectativa-de-reunir-aproximadamente-15-mil-pessoas-em-tres-dias-de-evento-que-une-entretenimento-e-negocios\/\" \/>\n<meta property=\"og:site_name\" content=\"Prefeitura de Capivari\" \/>\n<meta property=\"article:publisher\" content=\"https:\/\/www.facebook.com\/PrefeituradeCapivari\/\" \/>\n<meta property=\"article:published_time\" content=\"2023-10-19T12:06:08+00:00\" \/>\n<meta property=\"article:modified_time\" content=\"2023-10-19T13:09:27+00:00\" \/>\n<meta property=\"og:image\" content=\"https:\/\/capivari.sp.gov.br\/portal\/wp-content\/uploads\/2023\/10\/DJI_0952-scaled.jpg\" \/>\n\t<meta property=\"og:image:width\" content=\"2560\" \/>\n\t<meta property=\"og:image:height\" content=\"1440\" \/>\n\t<meta property=\"og:image:type\" content=\"image\/jpeg\" \/>\n<meta name=\"author\" content=\"Luciano Assis\" \/>\n<meta name=\"twitter:card\" content=\"summary_large_image\" \/>\n<meta name=\"twitter:creator\" content=\"@PrefCapivari\" \/>\n<meta name=\"twitter:site\" content=\"@PrefCapivari\" \/>\n<meta name=\"twitter:label1\" content=\"Escrito por\" \/>\n\t<meta name=\"twitter:data1\" content=\"Luciano Assis\" \/>\n\t<meta name=\"twitter:label2\" content=\"Est. tempo de leitura\" \/>\n\t<meta name=\"twitter:data2\" content=\"5 minutos\" \/>\n<script type=\"application\/ld+json\" class=\"yoast-schema-graph\">{\"@context\":\"https:\\\/\\\/schema.org\",\"@graph\":[{\"@type\":\"Article\",\"@id\":\"https:\\\/\\\/capivari.sp.gov.br\\\/portal\\\/1o-expo-agro-capivari-comeca-nesta-quinta-feira-com-expectativa-de-reunir-aproximadamente-15-mil-pessoas-em-tres-dias-de-evento-que-une-entretenimento-e-negocios\\\/#article\",\"isPartOf\":{\"@id\":\"https:\\\/\\\/capivari.sp.gov.br\\\/portal\\\/1o-expo-agro-capivari-comeca-nesta-quinta-feira-com-expectativa-de-reunir-aproximadamente-15-mil-pessoas-em-tres-dias-de-evento-que-une-entretenimento-e-negocios\\\/\"},\"author\":{\"name\":\"Luciano Assis\",\"@id\":\"https:\\\/\\\/capivari.sp.gov.br\\\/portal\\\/#\\\/schema\\\/person\\\/ac37113577adfc1517e0cfa854b830b4\"},\"headline\":\"1\u00ba Expo Agro Capivari come\u00e7a nesta quinta-feira com expectativa de reunir aproximadamente 15 mil pessoas em tr\u00eas dias de evento que une entretenimento e neg\u00f3cios\",\"datePublished\":\"2023-10-19T12:06:08+00:00\",\"dateModified\":\"2023-10-19T13:09:27+00:00\",\"mainEntityOfPage\":{\"@id\":\"https:\\\/\\\/capivari.sp.gov.br\\\/portal\\\/1o-expo-agro-capivari-comeca-nesta-quinta-feira-com-expectativa-de-reunir-aproximadamente-15-mil-pessoas-em-tres-dias-de-evento-que-une-entretenimento-e-negocios\\\/\"},\"wordCount\":896,\"commentCount\":0,\"publisher\":{\"@id\":\"https:\\\/\\\/capivari.sp.gov.br\\\/portal\\\/#organization\"},\"image\":{\"@id\":\"https:\\\/\\\/capivari.sp.gov.br\\\/portal\\\/1o-expo-agro-capivari-comeca-nesta-quinta-feira-com-expectativa-de-reunir-aproximadamente-15-mil-pessoas-em-tres-dias-de-evento-que-une-entretenimento-e-negocios\\\/#primaryimage\"},\"thumbnailUrl\":\"https:\\\/\\\/capivari.sp.gov.br\\\/portal\\\/wp-content\\\/uploads\\\/2023\\\/10\\\/DJI_0952-scaled.jpg\",\"articleSection\":[\"Destaque\",\"Geral\",\"Rela\u00e7\u00f5es P\u00fablicas\"],\"inLanguage\":\"pt-BR\",\"potentialAction\":[{\"@type\":\"CommentAction\",\"name\":\"Comment\",\"target\":[\"https:\\\/\\\/capivari.sp.gov.br\\\/portal\\\/1o-expo-agro-capivari-comeca-nesta-quinta-feira-com-expectativa-de-reunir-aproximadamente-15-mil-pessoas-em-tres-dias-de-evento-que-une-entretenimento-e-negocios\\\/#respond\"]}]},{\"@type\":\"WebPage\",\"@id\":\"https:\\\/\\\/capivari.sp.gov.br\\\/portal\\\/1o-expo-agro-capivari-comeca-nesta-quinta-feira-com-expectativa-de-reunir-aproximadamente-15-mil-pessoas-em-tres-dias-de-evento-que-une-entretenimento-e-negocios\\\/\",\"url\":\"https:\\\/\\\/capivari.sp.gov.br\\\/portal\\\/1o-expo-agro-capivari-comeca-nesta-quinta-feira-com-expectativa-de-reunir-aproximadamente-15-mil-pessoas-em-tres-dias-de-evento-que-une-entretenimento-e-negocios\\\/\",\"name\":\"1\u00ba Expo Agro Capivari come\u00e7a nesta quinta-feira com expectativa de reunir aproximadamente 15 mil pessoas em tr\u00eas dias de evento que une entretenimento e neg\u00f3cios - Prefeitura de Capivari\",\"isPartOf\":{\"@id\":\"https:\\\/\\\/capivari.sp.gov.br\\\/portal\\\/#website\"},\"primaryImageOfPage\":{\"@id\":\"https:\\\/\\\/capivari.sp.gov.br\\\/portal\\\/1o-expo-agro-capivari-comeca-nesta-quinta-feira-com-expectativa-de-reunir-aproximadamente-15-mil-pessoas-em-tres-dias-de-evento-que-une-entretenimento-e-negocios\\\/#primaryimage\"},\"image\":{\"@id\":\"https:\\\/\\\/capivari.sp.gov.br\\\/portal\\\/1o-expo-agro-capivari-comeca-nesta-quinta-feira-com-expectativa-de-reunir-aproximadamente-15-mil-pessoas-em-tres-dias-de-evento-que-une-entretenimento-e-negocios\\\/#primaryimage\"},\"thumbnailUrl\":\"https:\\\/\\\/capivari.sp.gov.br\\\/portal\\\/wp-content\\\/uploads\\\/2023\\\/10\\\/DJI_0952-scaled.jpg\",\"datePublished\":\"2023-10-19T12:06:08+00:00\",\"dateModified\":\"2023-10-19T13:09:27+00:00\",\"breadcrumb\":{\"@id\":\"https:\\\/\\\/capivari.sp.gov.br\\\/portal\\\/1o-expo-agro-capivari-comeca-nesta-quinta-feira-com-expectativa-de-reunir-aproximadamente-15-mil-pessoas-em-tres-dias-de-evento-que-une-entretenimento-e-negocios\\\/#breadcrumb\"},\"inLanguage\":\"pt-BR\",\"potentialAction\":[{\"@type\":\"ReadAction\",\"target\":[\"https:\\\/\\\/capivari.sp.gov.br\\\/portal\\\/1o-expo-agro-capivari-comeca-nesta-quinta-feira-com-expectativa-de-reunir-aproximadamente-15-mil-pessoas-em-tres-dias-de-evento-que-une-entretenimento-e-negocios\\\/\"]}]},{\"@type\":\"ImageObject\",\"inLanguage\":\"pt-BR\",\"@id\":\"https:\\\/\\\/capivari.sp.gov.br\\\/portal\\\/1o-expo-agro-capivari-comeca-nesta-quinta-feira-com-expectativa-de-reunir-aproximadamente-15-mil-pessoas-em-tres-dias-de-evento-que-une-entretenimento-e-negocios\\\/#primaryimage\",\"url\":\"https:\\\/\\\/capivari.sp.gov.br\\\/portal\\\/wp-content\\\/uploads\\\/2023\\\/10\\\/DJI_0952-scaled.jpg\",\"contentUrl\":\"https:\\\/\\\/capivari.sp.gov.br\\\/portal\\\/wp-content\\\/uploads\\\/2023\\\/10\\\/DJI_0952-scaled.jpg\",\"width\":2560,\"height\":1440,\"caption\":\"DCIM105MEDIADJI_0952.JPG\"},{\"@type\":\"BreadcrumbList\",\"@id\":\"https:\\\/\\\/capivari.sp.gov.br\\\/portal\\\/1o-expo-agro-capivari-comeca-nesta-quinta-feira-com-expectativa-de-reunir-aproximadamente-15-mil-pessoas-em-tres-dias-de-evento-que-une-entretenimento-e-negocios\\\/#breadcrumb\",\"itemListElement\":[{\"@type\":\"ListItem\",\"position\":1,\"name\":\"In\u00edcio\",\"item\":\"https:\\\/\\\/capivari.sp.gov.br\\\/portal\\\/\"},{\"@type\":\"ListItem\",\"position\":2,\"name\":\"1\u00ba Expo Agro Capivari come\u00e7a nesta quinta-feira com expectativa de reunir aproximadamente 15 mil pessoas em tr\u00eas dias de evento que une entretenimento e neg\u00f3cios\"}]},{\"@type\":\"WebSite\",\"@id\":\"https:\\\/\\\/capivari.sp.gov.br\\\/portal\\\/#website\",\"url\":\"https:\\\/\\\/capivari.sp.gov.br\\\/portal\\\/\",\"name\":\"Prefeitura de Capivari\",\"description\":\"Prefeitura de Capivari\",\"publisher\":{\"@id\":\"https:\\\/\\\/capivari.sp.gov.br\\\/portal\\\/#organization\"},\"potentialAction\":[{\"@type\":\"SearchAction\",\"target\":{\"@type\":\"EntryPoint\",\"urlTemplate\":\"https:\\\/\\\/capivari.sp.gov.br\\\/portal\\\/?s={search_term_string}\"},\"query-input\":{\"@type\":\"PropertyValueSpecification\",\"valueRequired\":true,\"valueName\":\"search_term_string\"}}],\"inLanguage\":\"pt-BR\"},{\"@type\":\"Organization\",\"@id\":\"https:\\\/\\\/capivari.sp.gov.br\\\/portal\\\/#organization\",\"name\":\"Prefeitura de Capivari\",\"url\":\"https:\\\/\\\/capivari.sp.gov.br\\\/portal\\\/\",\"logo\":{\"@type\":\"ImageObject\",\"inLanguage\":\"pt-BR\",\"@id\":\"https:\\\/\\\/capivari.sp.gov.br\\\/portal\\\/#\\\/schema\\\/logo\\\/image\\\/\",\"url\":\"https:\\\/\\\/capivari.sp.gov.br\\\/portal\\\/wp-content\\\/uploads\\\/2021\\\/09\\\/logo-prefeitura-de-capivari.png\",\"contentUrl\":\"https:\\\/\\\/capivari.sp.gov.br\\\/portal\\\/wp-content\\\/uploads\\\/2021\\\/09\\\/logo-prefeitura-de-capivari.png\",\"width\":200,\"height\":147,\"caption\":\"Prefeitura de Capivari\"},\"image\":{\"@id\":\"https:\\\/\\\/capivari.sp.gov.br\\\/portal\\\/#\\\/schema\\\/logo\\\/image\\\/\"},\"sameAs\":[\"https:\\\/\\\/www.facebook.com\\\/PrefeituradeCapivari\\\/\",\"https:\\\/\\\/x.com\\\/PrefCapivari\",\"https:\\\/\\\/www.instagram.com\\\/prefeituracapivari\\\/\"]},{\"@type\":\"Person\",\"@id\":\"https:\\\/\\\/capivari.sp.gov.br\\\/portal\\\/#\\\/schema\\\/person\\\/ac37113577adfc1517e0cfa854b830b4\",\"name\":\"Luciano Assis\",\"image\":{\"@type\":\"ImageObject\",\"inLanguage\":\"pt-BR\",\"@id\":\"https:\\\/\\\/secure.gravatar.com\\\/avatar\\\/ec163f977a02ac195ce6085f5110a8c4c8c6cc357c134002f73b4664772e79a5?s=96&d=mm&r=g\",\"url\":\"https:\\\/\\\/secure.gravatar.com\\\/avatar\\\/ec163f977a02ac195ce6085f5110a8c4c8c6cc357c134002f73b4664772e79a5?s=96&d=mm&r=g\",\"contentUrl\":\"https:\\\/\\\/secure.gravatar.com\\\/avatar\\\/ec163f977a02ac195ce6085f5110a8c4c8c6cc357c134002f73b4664772e79a5?s=96&d=mm&r=g\",\"caption\":\"Luciano Assis\"},\"url\":\"https:\\\/\\\/capivari.sp.gov.br\\\/portal\\\/author\\\/luciano-assis\\\/\"}]}<\/script>\n<!-- \/ Yoast SEO plugin. -->","yoast_head_json":{"title":"1\u00ba Expo Agro Capivari come\u00e7a nesta quinta-feira com expectativa de reunir aproximadamente 15 mil pessoas em tr\u00eas dias de evento que une entretenimento e neg\u00f3cios - Prefeitura de Capivari","robots":{"index":"index","follow":"follow","max-snippet":"max-snippet:-1","max-image-preview":"max-image-preview:large","max-video-preview":"max-video-preview:-1"},"canonical":"https:\/\/capivari.sp.gov.br\/portal\/1o-expo-agro-capivari-comeca-nesta-quinta-feira-com-expectativa-de-reunir-aproximadamente-15-mil-pessoas-em-tres-dias-de-evento-que-une-entretenimento-e-negocios\/","og_locale":"pt_BR","og_type":"article","og_title":"1\u00ba Expo Agro Capivari come\u00e7a nesta quinta-feira com expectativa de reunir aproximadamente 15 mil pessoas em tr\u00eas dias de evento que une entretenimento e neg\u00f3cios - Prefeitura de Capivari","og_description":"Nesta quinta-feira, dia 19, come\u00e7a o 1\u00ba Expo Agro Capivari, evento realizado pela Prefeitura e Sicoob Cooplivre, em parceria com a r\u00e1dio Ra\u00edzes FM, JP Produ\u00e7\u00f5es e Start Eventos. Anunciado pelo prefeito Vit\u00e3o Riccomini no \u00faltimo m\u00eas de julho, a festa que pretende unir atra\u00e7\u00f5es de rodeio com neg\u00f3cios ligados ao agro, tem expectativa de [&hellip;]","og_url":"https:\/\/capivari.sp.gov.br\/portal\/1o-expo-agro-capivari-comeca-nesta-quinta-feira-com-expectativa-de-reunir-aproximadamente-15-mil-pessoas-em-tres-dias-de-evento-que-une-entretenimento-e-negocios\/","og_site_name":"Prefeitura de Capivari","article_publisher":"https:\/\/www.facebook.com\/PrefeituradeCapivari\/","article_published_time":"2023-10-19T12:06:08+00:00","article_modified_time":"2023-10-19T13:09:27+00:00","og_image":[{"width":2560,"height":1440,"url":"https:\/\/capivari.sp.gov.br\/portal\/wp-content\/uploads\/2023\/10\/DJI_0952-scaled.jpg","type":"image\/jpeg"}],"author":"Luciano Assis","twitter_card":"summary_large_image","twitter_creator":"@PrefCapivari","twitter_site":"@PrefCapivari","twitter_misc":{"Escrito por":"Luciano Assis","Est. tempo de leitura":"5 minutos"},"schema":{"@context":"https:\/\/schema.org","@graph":[{"@type":"Article","@id":"https:\/\/capivari.sp.gov.br\/portal\/1o-expo-agro-capivari-comeca-nesta-quinta-feira-com-expectativa-de-reunir-aproximadamente-15-mil-pessoas-em-tres-dias-de-evento-que-une-entretenimento-e-negocios\/#article","isPartOf":{"@id":"https:\/\/capivari.sp.gov.br\/portal\/1o-expo-agro-capivari-comeca-nesta-quinta-feira-com-expectativa-de-reunir-aproximadamente-15-mil-pessoas-em-tres-dias-de-evento-que-une-entretenimento-e-negocios\/"},"author":{"name":"Luciano Assis","@id":"https:\/\/capivari.sp.gov.br\/portal\/#\/schema\/person\/ac37113577adfc1517e0cfa854b830b4"},"headline":"1\u00ba Expo Agro Capivari come\u00e7a nesta quinta-feira com expectativa de reunir aproximadamente 15 mil pessoas em tr\u00eas dias de evento que une entretenimento e neg\u00f3cios","datePublished":"2023-10-19T12:06:08+00:00","dateModified":"2023-10-19T13:09:27+00:00","mainEntityOfPage":{"@id":"https:\/\/capivari.sp.gov.br\/portal\/1o-expo-agro-capivari-comeca-nesta-quinta-feira-com-expectativa-de-reunir-aproximadamente-15-mil-pessoas-em-tres-dias-de-evento-que-une-entretenimento-e-negocios\/"},"wordCount":896,"commentCount":0,"publisher":{"@id":"https:\/\/capivari.sp.gov.br\/portal\/#organization"},"image":{"@id":"https:\/\/capivari.sp.gov.br\/portal\/1o-expo-agro-capivari-comeca-nesta-quinta-feira-com-expectativa-de-reunir-aproximadamente-15-mil-pessoas-em-tres-dias-de-evento-que-une-entretenimento-e-negocios\/#primaryimage"},"thumbnailUrl":"https:\/\/capivari.sp.gov.br\/portal\/wp-content\/uploads\/2023\/10\/DJI_0952-scaled.jpg","articleSection":["Destaque","Geral","Rela\u00e7\u00f5es P\u00fablicas"],"inLanguage":"pt-BR","potentialAction":[{"@type":"CommentAction","name":"Comment","target":["https:\/\/capivari.sp.gov.br\/portal\/1o-expo-agro-capivari-comeca-nesta-quinta-feira-com-expectativa-de-reunir-aproximadamente-15-mil-pessoas-em-tres-dias-de-evento-que-une-entretenimento-e-negocios\/#respond"]}]},{"@type":"WebPage","@id":"https:\/\/capivari.sp.gov.br\/portal\/1o-expo-agro-capivari-comeca-nesta-quinta-feira-com-expectativa-de-reunir-aproximadamente-15-mil-pessoas-em-tres-dias-de-evento-que-une-entretenimento-e-negocios\/","url":"https:\/\/capivari.sp.gov.br\/portal\/1o-expo-agro-capivari-comeca-nesta-quinta-feira-com-expectativa-de-reunir-aproximadamente-15-mil-pessoas-em-tres-dias-de-evento-que-une-entretenimento-e-negocios\/","name":"1\u00ba Expo Agro Capivari come\u00e7a nesta quinta-feira com expectativa de reunir aproximadamente 15 mil pessoas em tr\u00eas dias de evento que une entretenimento e neg\u00f3cios - Prefeitura de Capivari","isPartOf":{"@id":"https:\/\/capivari.sp.gov.br\/portal\/#website"},"primaryImageOfPage":{"@id":"https:\/\/capivari.sp.gov.br\/portal\/1o-expo-agro-capivari-comeca-nesta-quinta-feira-com-expectativa-de-reunir-aproximadamente-15-mil-pessoas-em-tres-dias-de-evento-que-une-entretenimento-e-negocios\/#primaryimage"},"image":{"@id":"https:\/\/capivari.sp.gov.br\/portal\/1o-expo-agro-capivari-comeca-nesta-quinta-feira-com-expectativa-de-reunir-aproximadamente-15-mil-pessoas-em-tres-dias-de-evento-que-une-entretenimento-e-negocios\/#primaryimage"},"thumbnailUrl":"https:\/\/capivari.sp.gov.br\/portal\/wp-content\/uploads\/2023\/10\/DJI_0952-scaled.jpg","datePublished":"2023-10-19T12:06:08+00:00","dateModified":"2023-10-19T13:09:27+00:00","breadcrumb":{"@id":"https:\/\/capivari.sp.gov.br\/portal\/1o-expo-agro-capivari-comeca-nesta-quinta-feira-com-expectativa-de-reunir-aproximadamente-15-mil-pessoas-em-tres-dias-de-evento-que-une-entretenimento-e-negocios\/#breadcrumb"},"inLanguage":"pt-BR","potentialAction":[{"@type":"ReadAction","target":["https:\/\/capivari.sp.gov.br\/portal\/1o-expo-agro-capivari-comeca-nesta-quinta-feira-com-expectativa-de-reunir-aproximadamente-15-mil-pessoas-em-tres-dias-de-evento-que-une-entretenimento-e-negocios\/"]}]},{"@type":"ImageObject","inLanguage":"pt-BR","@id":"https:\/\/capivari.sp.gov.br\/portal\/1o-expo-agro-capivari-comeca-nesta-quinta-feira-com-expectativa-de-reunir-aproximadamente-15-mil-pessoas-em-tres-dias-de-evento-que-une-entretenimento-e-negocios\/#primaryimage","url":"https:\/\/capivari.sp.gov.br\/portal\/wp-content\/uploads\/2023\/10\/DJI_0952-scaled.jpg","contentUrl":"https:\/\/capivari.sp.gov.br\/portal\/wp-content\/uploads\/2023\/10\/DJI_0952-scaled.jpg","width":2560,"height":1440,"caption":"DCIM105MEDIADJI_0952.JPG"},{"@type":"BreadcrumbList","@id":"https:\/\/capivari.sp.gov.br\/portal\/1o-expo-agro-capivari-comeca-nesta-quinta-feira-com-expectativa-de-reunir-aproximadamente-15-mil-pessoas-em-tres-dias-de-evento-que-une-entretenimento-e-negocios\/#breadcrumb","itemListElement":[{"@type":"ListItem","position":1,"name":"In\u00edcio","item":"https:\/\/capivari.sp.gov.br\/portal\/"},{"@type":"ListItem","position":2,"name":"1\u00ba Expo Agro Capivari come\u00e7a nesta quinta-feira com expectativa de reunir aproximadamente 15 mil pessoas em tr\u00eas dias de evento que une entretenimento e neg\u00f3cios"}]},{"@type":"WebSite","@id":"https:\/\/capivari.sp.gov.br\/portal\/#website","url":"https:\/\/capivari.sp.gov.br\/portal\/","name":"Prefeitura de Capivari","description":"Prefeitura de Capivari","publisher":{"@id":"https:\/\/capivari.sp.gov.br\/portal\/#organization"},"potentialAction":[{"@type":"SearchAction","target":{"@type":"EntryPoint","urlTemplate":"https:\/\/capivari.sp.gov.br\/portal\/?s={search_term_string}"},"query-input":{"@type":"PropertyValueSpecification","valueRequired":true,"valueName":"search_term_string"}}],"inLanguage":"pt-BR"},{"@type":"Organization","@id":"https:\/\/capivari.sp.gov.br\/portal\/#organization","name":"Prefeitura de Capivari","url":"https:\/\/capivari.sp.gov.br\/portal\/","logo":{"@type":"ImageObject","inLanguage":"pt-BR","@id":"https:\/\/capivari.sp.gov.br\/portal\/#\/schema\/logo\/image\/","url":"https:\/\/capivari.sp.gov.br\/portal\/wp-content\/uploads\/2021\/09\/logo-prefeitura-de-capivari.png","contentUrl":"https:\/\/capivari.sp.gov.br\/portal\/wp-content\/uploads\/2021\/09\/logo-prefeitura-de-capivari.png","width":200,"height":147,"caption":"Prefeitura de Capivari"},"image":{"@id":"https:\/\/capivari.sp.gov.br\/portal\/#\/schema\/logo\/image\/"},"sameAs":["https:\/\/www.facebook.com\/PrefeituradeCapivari\/","https:\/\/x.com\/PrefCapivari","https:\/\/www.instagram.com\/prefeituracapivari\/"]},{"@type":"Person","@id":"https:\/\/capivari.sp.gov.br\/portal\/#\/schema\/person\/ac37113577adfc1517e0cfa854b830b4","name":"Luciano Assis","image":{"@type":"ImageObject","inLanguage":"pt-BR","@id":"https:\/\/secure.gravatar.com\/avatar\/ec163f977a02ac195ce6085f5110a8c4c8c6cc357c134002f73b4664772e79a5?s=96&d=mm&r=g","url":"https:\/\/secure.gravatar.com\/avatar\/ec163f977a02ac195ce6085f5110a8c4c8c6cc357c134002f73b4664772e79a5?s=96&d=mm&r=g","contentUrl":"https:\/\/secure.gravatar.com\/avatar\/ec163f977a02ac195ce6085f5110a8c4c8c6cc357c134002f73b4664772e79a5?s=96&d=mm&r=g","caption":"Luciano Assis"},"url":"https:\/\/capivari.sp.gov.br\/portal\/author\/luciano-assis\/"}]}},"_links":{"self":[{"href":"https:\/\/capivari.sp.gov.br\/portal\/wp-json\/wp\/v2\/posts\/15306","targetHints":{"allow":["GET"]}}],"collection":[{"href":"https:\/\/capivari.sp.gov.br\/portal\/wp-json\/wp\/v2\/posts"}],"about":[{"href":"https:\/\/capivari.sp.gov.br\/portal\/wp-json\/wp\/v2\/types\/post"}],"author":[{"embeddable":true,"href":"https:\/\/capivari.sp.gov.br\/portal\/wp-json\/wp\/v2\/users\/15"}],"replies":[{"embeddable":true,"href":"https:\/\/capivari.sp.gov.br\/portal\/wp-json\/wp\/v2\/comments?post=15306"}],"version-history":[{"count":3,"href":"https:\/\/capivari.sp.gov.br\/portal\/wp-json\/wp\/v2\/posts\/15306\/revisions"}],"predecessor-version":[{"id":15312,"href":"https:\/\/capivari.sp.gov.br\/portal\/wp-json\/wp\/v2\/posts\/15306\/revisions\/15312"}],"wp:featuredmedia":[{"embeddable":true,"href":"https:\/\/capivari.sp.gov.br\/portal\/wp-json\/wp\/v2\/media\/15310"}],"wp:attachment":[{"href":"https:\/\/capivari.sp.gov.br\/portal\/wp-json\/wp\/v2\/media?parent=15306"}],"wp:term":[{"taxonomy":"category","embeddable":true,"href":"https:\/\/capivari.sp.gov.br\/portal\/wp-json\/wp\/v2\/categories?post=15306"},{"taxonomy":"post_tag","embeddable":true,"href":"https:\/\/capivari.sp.gov.br\/portal\/wp-json\/wp\/v2\/tags?post=15306"}],"curies":[{"name":"wp","href":"https:\/\/api.w.org\/{rel}","templated":true}]}}