{"id":15322,"date":"2023-10-19T15:17:43","date_gmt":"2023-10-19T18:17:43","guid":{"rendered":"https:\/\/capivari.sp.gov.br\/portal\/?p=15322"},"modified":"2023-10-19T15:18:16","modified_gmt":"2023-10-19T18:18:16","slug":"inscricoes-para-projetos-da-lei-paulo-gustavo-entram-na-ultima-semana","status":"publish","type":"post","link":"https:\/\/capivari.sp.gov.br\/portal\/inscricoes-para-projetos-da-lei-paulo-gustavo-entram-na-ultima-semana\/","title":{"rendered":"Inscri\u00e7\u00f5es para projetos da Lei Paulo Gustavo entram na \u00faltima semana"},"content":{"rendered":"<p>As inscri\u00e7\u00f5es para cadastro de projetos culturais da Lei Paulo Gustavo v\u00e3o at\u00e9 a pr\u00f3xima quinta-feira, dia 26 de outubro. Os fazedores de cultura da cidade podem se inscrever atrav\u00e9s do e-mail lpg@capivari.sp.gov.br ou presencialmente na Secretaria de Cultura e Turismo.<\/p>\n<p>S\u00e3o mais de 50 projetos culturais do munic\u00edpio a ser contemplados com o repasse federal que supera R$ 500 mil. Os escolhidos receber\u00e3o o dinheiro esse ano e t\u00eam que executar o projeto e prestar contas at\u00e9 agosto de 2024.<\/p>\n<p>Em todo o Brasil, a Lei Paulo Gustavo investiu somente em 2023, R$ 3,8 bilh\u00f5es no setor cultural brasileiro &#8211; o maior volume da hist\u00f3ria. O mecanismo prev\u00ea o repasse direto dos recursos da Uni\u00e3o aos estados e munic\u00edpios. A formaliza\u00e7\u00e3o desta rela\u00e7\u00e3o foi elaborada pelo Minist\u00e9rio da Cultura (Minc) e pactuada com os demais atores envolvidos.<\/p>\n<p>Mais informa\u00e7\u00f5es podem ser obtidas pelo telefone (19) 3491-1322, ou diretamente na Secretaria de Cultura e Turismo, localizada na rua Professora Dulcina Bartolomeu Hoppe, 78, Santo Ant\u00f4nio. J\u00e1 o Centro Cultural Alan de Lima Palma, est\u00e1 localizado na rua da Liberdade, s\/n\u00ba, no bairro Esta\u00e7\u00e3o.<\/p>\n","protected":false},"excerpt":{"rendered":"<p>As inscri\u00e7\u00f5es para cadastro de projetos culturais da Lei Paulo Gustavo v\u00e3o at\u00e9 a pr\u00f3xima quinta-feira, dia 26 de outubro. Os fazedores de cultura da cidade podem se inscrever atrav\u00e9s do e-mail lpg@capivari.sp.gov.br ou presencialmente na Secretaria de Cultura e Turismo. S\u00e3o mais de 50 projetos culturais do munic\u00edpio a ser contemplados com o repasse [&hellip;]<\/p>\n","protected":false},"author":15,"featured_media":15323,"comment_status":"open","ping_status":"open","sticky":false,"template":"","format":"standard","meta":{"ocean_post_layout":"","ocean_both_sidebars_style":"","ocean_both_sidebars_content_width":0,"ocean_both_sidebars_sidebars_width":0,"ocean_sidebar":"","ocean_second_sidebar":"","ocean_disable_margins":"enable","ocean_add_body_class":"","ocean_shortcode_before_top_bar":"","ocean_shortcode_after_top_bar":"","ocean_shortcode_before_header":"","ocean_shortcode_after_header":"","ocean_has_shortcode":"","ocean_shortcode_after_title":"","ocean_shortcode_before_footer_widgets":"","ocean_shortcode_after_footer_widgets":"","ocean_shortcode_before_footer_bottom":"","ocean_shortcode_after_footer_bottom":"","ocean_display_top_bar":"default","ocean_display_header":"default","ocean_header_style":"","ocean_center_header_left_menu":"","ocean_custom_header_template":"","ocean_custom_logo":0,"ocean_custom_retina_logo":0,"ocean_custom_logo_max_width":0,"ocean_custom_logo_tablet_max_width":0,"ocean_custom_logo_mobile_max_width":0,"ocean_custom_logo_max_height":0,"ocean_custom_logo_tablet_max_height":0,"ocean_custom_logo_mobile_max_height":0,"ocean_header_custom_menu":"","ocean_menu_typo_font_family":"","ocean_menu_typo_font_subset":"","ocean_menu_typo_font_size":0,"ocean_menu_typo_font_size_tablet":0,"ocean_menu_typo_font_size_mobile":0,"ocean_menu_typo_font_size_unit":"px","ocean_menu_typo_font_weight":"","ocean_menu_typo_font_weight_tablet":"","ocean_menu_typo_font_weight_mobile":"","ocean_menu_typo_transform":"","ocean_menu_typo_transform_tablet":"","ocean_menu_typo_transform_mobile":"","ocean_menu_typo_line_height":0,"ocean_menu_typo_line_height_tablet":0,"ocean_menu_typo_line_height_mobile":0,"ocean_menu_typo_line_height_unit":"","ocean_menu_typo_spacing":0,"ocean_menu_typo_spacing_tablet":0,"ocean_menu_typo_spacing_mobile":0,"ocean_menu_typo_spacing_unit":"","ocean_menu_link_color":"","ocean_menu_link_color_hover":"","ocean_menu_link_color_active":"","ocean_menu_link_background":"","ocean_menu_link_hover_background":"","ocean_menu_link_active_background":"","ocean_menu_social_links_bg":"","ocean_menu_social_hover_links_bg":"","ocean_menu_social_links_color":"","ocean_menu_social_hover_links_color":"","ocean_disable_title":"default","ocean_disable_heading":"default","ocean_post_title":"","ocean_post_subheading":"","ocean_post_title_style":"","ocean_post_title_background_color":"","ocean_post_title_background":0,"ocean_post_title_bg_image_position":"","ocean_post_title_bg_image_attachment":"","ocean_post_title_bg_image_repeat":"","ocean_post_title_bg_image_size":"","ocean_post_title_height":0,"ocean_post_title_bg_overlay":0.5,"ocean_post_title_bg_overlay_color":"","ocean_disable_breadcrumbs":"default","ocean_breadcrumbs_color":"","ocean_breadcrumbs_separator_color":"","ocean_breadcrumbs_links_color":"","ocean_breadcrumbs_links_hover_color":"","ocean_display_footer_widgets":"default","ocean_display_footer_bottom":"default","ocean_custom_footer_template":"","ocean_post_oembed":"","ocean_post_self_hosted_media":"","ocean_post_video_embed":"","ocean_link_format":"","ocean_link_format_target":"self","ocean_quote_format":"","ocean_quote_format_link":"post","ocean_gallery_link_images":"on","ocean_gallery_id":[],"footnotes":""},"categories":[17,4,5],"tags":[],"class_list":["post-15322","post","type-post","status-publish","format-standard","has-post-thumbnail","hentry","category-cultura","category-destaque","category-geral","entry","has-media"],"yoast_head":"<!-- This site is optimized with the Yoast SEO plugin v27.5 - https:\/\/yoast.com\/product\/yoast-seo-wordpress\/ -->\n<title>Inscri\u00e7\u00f5es para projetos da Lei Paulo Gustavo entram na \u00faltima semana - Prefeitura de Capivari<\/title>\n<meta name=\"robots\" content=\"index, follow, max-snippet:-1, max-image-preview:large, max-video-preview:-1\" \/>\n<link rel=\"canonical\" href=\"https:\/\/capivari.sp.gov.br\/portal\/inscricoes-para-projetos-da-lei-paulo-gustavo-entram-na-ultima-semana\/\" \/>\n<meta property=\"og:locale\" content=\"pt_BR\" \/>\n<meta property=\"og:type\" content=\"article\" \/>\n<meta property=\"og:title\" content=\"Inscri\u00e7\u00f5es para projetos da Lei Paulo Gustavo entram na \u00faltima semana - Prefeitura de Capivari\" \/>\n<meta property=\"og:description\" content=\"As inscri\u00e7\u00f5es para cadastro de projetos culturais da Lei Paulo Gustavo v\u00e3o at\u00e9 a pr\u00f3xima quinta-feira, dia 26 de outubro. Os fazedores de cultura da cidade podem se inscrever atrav\u00e9s do e-mail lpg@capivari.sp.gov.br ou presencialmente na Secretaria de Cultura e Turismo. S\u00e3o mais de 50 projetos culturais do munic\u00edpio a ser contemplados com o repasse [&hellip;]\" \/>\n<meta property=\"og:url\" content=\"https:\/\/capivari.sp.gov.br\/portal\/inscricoes-para-projetos-da-lei-paulo-gustavo-entram-na-ultima-semana\/\" \/>\n<meta property=\"og:site_name\" content=\"Prefeitura de Capivari\" \/>\n<meta property=\"article:publisher\" content=\"https:\/\/www.facebook.com\/PrefeituradeCapivari\/\" \/>\n<meta property=\"article:published_time\" content=\"2023-10-19T18:17:43+00:00\" \/>\n<meta property=\"article:modified_time\" content=\"2023-10-19T18:18:16+00:00\" \/>\n<meta property=\"og:image\" content=\"https:\/\/capivari.sp.gov.br\/portal\/wp-content\/uploads\/2023\/10\/Lei-Paulo-Gustavo.jpg\" \/>\n\t<meta property=\"og:image:width\" content=\"1080\" \/>\n\t<meta property=\"og:image:height\" content=\"1080\" \/>\n\t<meta property=\"og:image:type\" content=\"image\/jpeg\" \/>\n<meta name=\"author\" content=\"Luciano Assis\" \/>\n<meta name=\"twitter:card\" content=\"summary_large_image\" \/>\n<meta name=\"twitter:creator\" content=\"@PrefCapivari\" \/>\n<meta name=\"twitter:site\" content=\"@PrefCapivari\" \/>\n<meta name=\"twitter:label1\" content=\"Escrito por\" \/>\n\t<meta name=\"twitter:data1\" content=\"Luciano Assis\" \/>\n\t<meta name=\"twitter:label2\" content=\"Est. tempo de leitura\" \/>\n\t<meta name=\"twitter:data2\" content=\"2 minutos\" \/>\n<script type=\"application\/ld+json\" class=\"yoast-schema-graph\">{\"@context\":\"https:\\\/\\\/schema.org\",\"@graph\":[{\"@type\":\"Article\",\"@id\":\"https:\\\/\\\/capivari.sp.gov.br\\\/portal\\\/inscricoes-para-projetos-da-lei-paulo-gustavo-entram-na-ultima-semana\\\/#article\",\"isPartOf\":{\"@id\":\"https:\\\/\\\/capivari.sp.gov.br\\\/portal\\\/inscricoes-para-projetos-da-lei-paulo-gustavo-entram-na-ultima-semana\\\/\"},\"author\":{\"name\":\"Luciano Assis\",\"@id\":\"https:\\\/\\\/capivari.sp.gov.br\\\/portal\\\/#\\\/schema\\\/person\\\/ac37113577adfc1517e0cfa854b830b4\"},\"headline\":\"Inscri\u00e7\u00f5es para projetos da Lei Paulo Gustavo entram na \u00faltima semana\",\"datePublished\":\"2023-10-19T18:17:43+00:00\",\"dateModified\":\"2023-10-19T18:18:16+00:00\",\"mainEntityOfPage\":{\"@id\":\"https:\\\/\\\/capivari.sp.gov.br\\\/portal\\\/inscricoes-para-projetos-da-lei-paulo-gustavo-entram-na-ultima-semana\\\/\"},\"wordCount\":210,\"commentCount\":0,\"publisher\":{\"@id\":\"https:\\\/\\\/capivari.sp.gov.br\\\/portal\\\/#organization\"},\"image\":{\"@id\":\"https:\\\/\\\/capivari.sp.gov.br\\\/portal\\\/inscricoes-para-projetos-da-lei-paulo-gustavo-entram-na-ultima-semana\\\/#primaryimage\"},\"thumbnailUrl\":\"https:\\\/\\\/capivari.sp.gov.br\\\/portal\\\/wp-content\\\/uploads\\\/2023\\\/10\\\/Lei-Paulo-Gustavo.jpg\",\"articleSection\":[\"Cultura\",\"Destaque\",\"Geral\"],\"inLanguage\":\"pt-BR\",\"potentialAction\":[{\"@type\":\"CommentAction\",\"name\":\"Comment\",\"target\":[\"https:\\\/\\\/capivari.sp.gov.br\\\/portal\\\/inscricoes-para-projetos-da-lei-paulo-gustavo-entram-na-ultima-semana\\\/#respond\"]}]},{\"@type\":\"WebPage\",\"@id\":\"https:\\\/\\\/capivari.sp.gov.br\\\/portal\\\/inscricoes-para-projetos-da-lei-paulo-gustavo-entram-na-ultima-semana\\\/\",\"url\":\"https:\\\/\\\/capivari.sp.gov.br\\\/portal\\\/inscricoes-para-projetos-da-lei-paulo-gustavo-entram-na-ultima-semana\\\/\",\"name\":\"Inscri\u00e7\u00f5es para projetos da Lei Paulo Gustavo entram na \u00faltima semana - Prefeitura de Capivari\",\"isPartOf\":{\"@id\":\"https:\\\/\\\/capivari.sp.gov.br\\\/portal\\\/#website\"},\"primaryImageOfPage\":{\"@id\":\"https:\\\/\\\/capivari.sp.gov.br\\\/portal\\\/inscricoes-para-projetos-da-lei-paulo-gustavo-entram-na-ultima-semana\\\/#primaryimage\"},\"image\":{\"@id\":\"https:\\\/\\\/capivari.sp.gov.br\\\/portal\\\/inscricoes-para-projetos-da-lei-paulo-gustavo-entram-na-ultima-semana\\\/#primaryimage\"},\"thumbnailUrl\":\"https:\\\/\\\/capivari.sp.gov.br\\\/portal\\\/wp-content\\\/uploads\\\/2023\\\/10\\\/Lei-Paulo-Gustavo.jpg\",\"datePublished\":\"2023-10-19T18:17:43+00:00\",\"dateModified\":\"2023-10-19T18:18:16+00:00\",\"breadcrumb\":{\"@id\":\"https:\\\/\\\/capivari.sp.gov.br\\\/portal\\\/inscricoes-para-projetos-da-lei-paulo-gustavo-entram-na-ultima-semana\\\/#breadcrumb\"},\"inLanguage\":\"pt-BR\",\"potentialAction\":[{\"@type\":\"ReadAction\",\"target\":[\"https:\\\/\\\/capivari.sp.gov.br\\\/portal\\\/inscricoes-para-projetos-da-lei-paulo-gustavo-entram-na-ultima-semana\\\/\"]}]},{\"@type\":\"ImageObject\",\"inLanguage\":\"pt-BR\",\"@id\":\"https:\\\/\\\/capivari.sp.gov.br\\\/portal\\\/inscricoes-para-projetos-da-lei-paulo-gustavo-entram-na-ultima-semana\\\/#primaryimage\",\"url\":\"https:\\\/\\\/capivari.sp.gov.br\\\/portal\\\/wp-content\\\/uploads\\\/2023\\\/10\\\/Lei-Paulo-Gustavo.jpg\",\"contentUrl\":\"https:\\\/\\\/capivari.sp.gov.br\\\/portal\\\/wp-content\\\/uploads\\\/2023\\\/10\\\/Lei-Paulo-Gustavo.jpg\",\"width\":1080,\"height\":1080},{\"@type\":\"BreadcrumbList\",\"@id\":\"https:\\\/\\\/capivari.sp.gov.br\\\/portal\\\/inscricoes-para-projetos-da-lei-paulo-gustavo-entram-na-ultima-semana\\\/#breadcrumb\",\"itemListElement\":[{\"@type\":\"ListItem\",\"position\":1,\"name\":\"In\u00edcio\",\"item\":\"https:\\\/\\\/capivari.sp.gov.br\\\/portal\\\/\"},{\"@type\":\"ListItem\",\"position\":2,\"name\":\"Inscri\u00e7\u00f5es para projetos da Lei Paulo Gustavo entram na \u00faltima semana\"}]},{\"@type\":\"WebSite\",\"@id\":\"https:\\\/\\\/capivari.sp.gov.br\\\/portal\\\/#website\",\"url\":\"https:\\\/\\\/capivari.sp.gov.br\\\/portal\\\/\",\"name\":\"Prefeitura de Capivari\",\"description\":\"Prefeitura de Capivari\",\"publisher\":{\"@id\":\"https:\\\/\\\/capivari.sp.gov.br\\\/portal\\\/#organization\"},\"potentialAction\":[{\"@type\":\"SearchAction\",\"target\":{\"@type\":\"EntryPoint\",\"urlTemplate\":\"https:\\\/\\\/capivari.sp.gov.br\\\/portal\\\/?s={search_term_string}\"},\"query-input\":{\"@type\":\"PropertyValueSpecification\",\"valueRequired\":true,\"valueName\":\"search_term_string\"}}],\"inLanguage\":\"pt-BR\"},{\"@type\":\"Organization\",\"@id\":\"https:\\\/\\\/capivari.sp.gov.br\\\/portal\\\/#organization\",\"name\":\"Prefeitura de Capivari\",\"url\":\"https:\\\/\\\/capivari.sp.gov.br\\\/portal\\\/\",\"logo\":{\"@type\":\"ImageObject\",\"inLanguage\":\"pt-BR\",\"@id\":\"https:\\\/\\\/capivari.sp.gov.br\\\/portal\\\/#\\\/schema\\\/logo\\\/image\\\/\",\"url\":\"https:\\\/\\\/capivari.sp.gov.br\\\/portal\\\/wp-content\\\/uploads\\\/2021\\\/09\\\/logo-prefeitura-de-capivari.png\",\"contentUrl\":\"https:\\\/\\\/capivari.sp.gov.br\\\/portal\\\/wp-content\\\/uploads\\\/2021\\\/09\\\/logo-prefeitura-de-capivari.png\",\"width\":200,\"height\":147,\"caption\":\"Prefeitura de Capivari\"},\"image\":{\"@id\":\"https:\\\/\\\/capivari.sp.gov.br\\\/portal\\\/#\\\/schema\\\/logo\\\/image\\\/\"},\"sameAs\":[\"https:\\\/\\\/www.facebook.com\\\/PrefeituradeCapivari\\\/\",\"https:\\\/\\\/x.com\\\/PrefCapivari\",\"https:\\\/\\\/www.instagram.com\\\/prefeituracapivari\\\/\"]},{\"@type\":\"Person\",\"@id\":\"https:\\\/\\\/capivari.sp.gov.br\\\/portal\\\/#\\\/schema\\\/person\\\/ac37113577adfc1517e0cfa854b830b4\",\"name\":\"Luciano Assis\",\"image\":{\"@type\":\"ImageObject\",\"inLanguage\":\"pt-BR\",\"@id\":\"https:\\\/\\\/secure.gravatar.com\\\/avatar\\\/ec163f977a02ac195ce6085f5110a8c4c8c6cc357c134002f73b4664772e79a5?s=96&d=mm&r=g\",\"url\":\"https:\\\/\\\/secure.gravatar.com\\\/avatar\\\/ec163f977a02ac195ce6085f5110a8c4c8c6cc357c134002f73b4664772e79a5?s=96&d=mm&r=g\",\"contentUrl\":\"https:\\\/\\\/secure.gravatar.com\\\/avatar\\\/ec163f977a02ac195ce6085f5110a8c4c8c6cc357c134002f73b4664772e79a5?s=96&d=mm&r=g\",\"caption\":\"Luciano Assis\"},\"url\":\"https:\\\/\\\/capivari.sp.gov.br\\\/portal\\\/author\\\/luciano-assis\\\/\"}]}<\/script>\n<!-- \/ Yoast SEO plugin. -->","yoast_head_json":{"title":"Inscri\u00e7\u00f5es para projetos da Lei Paulo Gustavo entram na \u00faltima semana - Prefeitura de Capivari","robots":{"index":"index","follow":"follow","max-snippet":"max-snippet:-1","max-image-preview":"max-image-preview:large","max-video-preview":"max-video-preview:-1"},"canonical":"https:\/\/capivari.sp.gov.br\/portal\/inscricoes-para-projetos-da-lei-paulo-gustavo-entram-na-ultima-semana\/","og_locale":"pt_BR","og_type":"article","og_title":"Inscri\u00e7\u00f5es para projetos da Lei Paulo Gustavo entram na \u00faltima semana - Prefeitura de Capivari","og_description":"As inscri\u00e7\u00f5es para cadastro de projetos culturais da Lei Paulo Gustavo v\u00e3o at\u00e9 a pr\u00f3xima quinta-feira, dia 26 de outubro. Os fazedores de cultura da cidade podem se inscrever atrav\u00e9s do e-mail lpg@capivari.sp.gov.br ou presencialmente na Secretaria de Cultura e Turismo. S\u00e3o mais de 50 projetos culturais do munic\u00edpio a ser contemplados com o repasse [&hellip;]","og_url":"https:\/\/capivari.sp.gov.br\/portal\/inscricoes-para-projetos-da-lei-paulo-gustavo-entram-na-ultima-semana\/","og_site_name":"Prefeitura de Capivari","article_publisher":"https:\/\/www.facebook.com\/PrefeituradeCapivari\/","article_published_time":"2023-10-19T18:17:43+00:00","article_modified_time":"2023-10-19T18:18:16+00:00","og_image":[{"width":1080,"height":1080,"url":"https:\/\/capivari.sp.gov.br\/portal\/wp-content\/uploads\/2023\/10\/Lei-Paulo-Gustavo.jpg","type":"image\/jpeg"}],"author":"Luciano Assis","twitter_card":"summary_large_image","twitter_creator":"@PrefCapivari","twitter_site":"@PrefCapivari","twitter_misc":{"Escrito por":"Luciano Assis","Est. tempo de leitura":"2 minutos"},"schema":{"@context":"https:\/\/schema.org","@graph":[{"@type":"Article","@id":"https:\/\/capivari.sp.gov.br\/portal\/inscricoes-para-projetos-da-lei-paulo-gustavo-entram-na-ultima-semana\/#article","isPartOf":{"@id":"https:\/\/capivari.sp.gov.br\/portal\/inscricoes-para-projetos-da-lei-paulo-gustavo-entram-na-ultima-semana\/"},"author":{"name":"Luciano Assis","@id":"https:\/\/capivari.sp.gov.br\/portal\/#\/schema\/person\/ac37113577adfc1517e0cfa854b830b4"},"headline":"Inscri\u00e7\u00f5es para projetos da Lei Paulo Gustavo entram na \u00faltima semana","datePublished":"2023-10-19T18:17:43+00:00","dateModified":"2023-10-19T18:18:16+00:00","mainEntityOfPage":{"@id":"https:\/\/capivari.sp.gov.br\/portal\/inscricoes-para-projetos-da-lei-paulo-gustavo-entram-na-ultima-semana\/"},"wordCount":210,"commentCount":0,"publisher":{"@id":"https:\/\/capivari.sp.gov.br\/portal\/#organization"},"image":{"@id":"https:\/\/capivari.sp.gov.br\/portal\/inscricoes-para-projetos-da-lei-paulo-gustavo-entram-na-ultima-semana\/#primaryimage"},"thumbnailUrl":"https:\/\/capivari.sp.gov.br\/portal\/wp-content\/uploads\/2023\/10\/Lei-Paulo-Gustavo.jpg","articleSection":["Cultura","Destaque","Geral"],"inLanguage":"pt-BR","potentialAction":[{"@type":"CommentAction","name":"Comment","target":["https:\/\/capivari.sp.gov.br\/portal\/inscricoes-para-projetos-da-lei-paulo-gustavo-entram-na-ultima-semana\/#respond"]}]},{"@type":"WebPage","@id":"https:\/\/capivari.sp.gov.br\/portal\/inscricoes-para-projetos-da-lei-paulo-gustavo-entram-na-ultima-semana\/","url":"https:\/\/capivari.sp.gov.br\/portal\/inscricoes-para-projetos-da-lei-paulo-gustavo-entram-na-ultima-semana\/","name":"Inscri\u00e7\u00f5es para projetos da Lei Paulo Gustavo entram na \u00faltima semana - Prefeitura de Capivari","isPartOf":{"@id":"https:\/\/capivari.sp.gov.br\/portal\/#website"},"primaryImageOfPage":{"@id":"https:\/\/capivari.sp.gov.br\/portal\/inscricoes-para-projetos-da-lei-paulo-gustavo-entram-na-ultima-semana\/#primaryimage"},"image":{"@id":"https:\/\/capivari.sp.gov.br\/portal\/inscricoes-para-projetos-da-lei-paulo-gustavo-entram-na-ultima-semana\/#primaryimage"},"thumbnailUrl":"https:\/\/capivari.sp.gov.br\/portal\/wp-content\/uploads\/2023\/10\/Lei-Paulo-Gustavo.jpg","datePublished":"2023-10-19T18:17:43+00:00","dateModified":"2023-10-19T18:18:16+00:00","breadcrumb":{"@id":"https:\/\/capivari.sp.gov.br\/portal\/inscricoes-para-projetos-da-lei-paulo-gustavo-entram-na-ultima-semana\/#breadcrumb"},"inLanguage":"pt-BR","potentialAction":[{"@type":"ReadAction","target":["https:\/\/capivari.sp.gov.br\/portal\/inscricoes-para-projetos-da-lei-paulo-gustavo-entram-na-ultima-semana\/"]}]},{"@type":"ImageObject","inLanguage":"pt-BR","@id":"https:\/\/capivari.sp.gov.br\/portal\/inscricoes-para-projetos-da-lei-paulo-gustavo-entram-na-ultima-semana\/#primaryimage","url":"https:\/\/capivari.sp.gov.br\/portal\/wp-content\/uploads\/2023\/10\/Lei-Paulo-Gustavo.jpg","contentUrl":"https:\/\/capivari.sp.gov.br\/portal\/wp-content\/uploads\/2023\/10\/Lei-Paulo-Gustavo.jpg","width":1080,"height":1080},{"@type":"BreadcrumbList","@id":"https:\/\/capivari.sp.gov.br\/portal\/inscricoes-para-projetos-da-lei-paulo-gustavo-entram-na-ultima-semana\/#breadcrumb","itemListElement":[{"@type":"ListItem","position":1,"name":"In\u00edcio","item":"https:\/\/capivari.sp.gov.br\/portal\/"},{"@type":"ListItem","position":2,"name":"Inscri\u00e7\u00f5es para projetos da Lei Paulo Gustavo entram na \u00faltima semana"}]},{"@type":"WebSite","@id":"https:\/\/capivari.sp.gov.br\/portal\/#website","url":"https:\/\/capivari.sp.gov.br\/portal\/","name":"Prefeitura de Capivari","description":"Prefeitura de Capivari","publisher":{"@id":"https:\/\/capivari.sp.gov.br\/portal\/#organization"},"potentialAction":[{"@type":"SearchAction","target":{"@type":"EntryPoint","urlTemplate":"https:\/\/capivari.sp.gov.br\/portal\/?s={search_term_string}"},"query-input":{"@type":"PropertyValueSpecification","valueRequired":true,"valueName":"search_term_string"}}],"inLanguage":"pt-BR"},{"@type":"Organization","@id":"https:\/\/capivari.sp.gov.br\/portal\/#organization","name":"Prefeitura de Capivari","url":"https:\/\/capivari.sp.gov.br\/portal\/","logo":{"@type":"ImageObject","inLanguage":"pt-BR","@id":"https:\/\/capivari.sp.gov.br\/portal\/#\/schema\/logo\/image\/","url":"https:\/\/capivari.sp.gov.br\/portal\/wp-content\/uploads\/2021\/09\/logo-prefeitura-de-capivari.png","contentUrl":"https:\/\/capivari.sp.gov.br\/portal\/wp-content\/uploads\/2021\/09\/logo-prefeitura-de-capivari.png","width":200,"height":147,"caption":"Prefeitura de Capivari"},"image":{"@id":"https:\/\/capivari.sp.gov.br\/portal\/#\/schema\/logo\/image\/"},"sameAs":["https:\/\/www.facebook.com\/PrefeituradeCapivari\/","https:\/\/x.com\/PrefCapivari","https:\/\/www.instagram.com\/prefeituracapivari\/"]},{"@type":"Person","@id":"https:\/\/capivari.sp.gov.br\/portal\/#\/schema\/person\/ac37113577adfc1517e0cfa854b830b4","name":"Luciano Assis","image":{"@type":"ImageObject","inLanguage":"pt-BR","@id":"https:\/\/secure.gravatar.com\/avatar\/ec163f977a02ac195ce6085f5110a8c4c8c6cc357c134002f73b4664772e79a5?s=96&d=mm&r=g","url":"https:\/\/secure.gravatar.com\/avatar\/ec163f977a02ac195ce6085f5110a8c4c8c6cc357c134002f73b4664772e79a5?s=96&d=mm&r=g","contentUrl":"https:\/\/secure.gravatar.com\/avatar\/ec163f977a02ac195ce6085f5110a8c4c8c6cc357c134002f73b4664772e79a5?s=96&d=mm&r=g","caption":"Luciano Assis"},"url":"https:\/\/capivari.sp.gov.br\/portal\/author\/luciano-assis\/"}]}},"_links":{"self":[{"href":"https:\/\/capivari.sp.gov.br\/portal\/wp-json\/wp\/v2\/posts\/15322","targetHints":{"allow":["GET"]}}],"collection":[{"href":"https:\/\/capivari.sp.gov.br\/portal\/wp-json\/wp\/v2\/posts"}],"about":[{"href":"https:\/\/capivari.sp.gov.br\/portal\/wp-json\/wp\/v2\/types\/post"}],"author":[{"embeddable":true,"href":"https:\/\/capivari.sp.gov.br\/portal\/wp-json\/wp\/v2\/users\/15"}],"replies":[{"embeddable":true,"href":"https:\/\/capivari.sp.gov.br\/portal\/wp-json\/wp\/v2\/comments?post=15322"}],"version-history":[{"count":2,"href":"https:\/\/capivari.sp.gov.br\/portal\/wp-json\/wp\/v2\/posts\/15322\/revisions"}],"predecessor-version":[{"id":15325,"href":"https:\/\/capivari.sp.gov.br\/portal\/wp-json\/wp\/v2\/posts\/15322\/revisions\/15325"}],"wp:featuredmedia":[{"embeddable":true,"href":"https:\/\/capivari.sp.gov.br\/portal\/wp-json\/wp\/v2\/media\/15323"}],"wp:attachment":[{"href":"https:\/\/capivari.sp.gov.br\/portal\/wp-json\/wp\/v2\/media?parent=15322"}],"wp:term":[{"taxonomy":"category","embeddable":true,"href":"https:\/\/capivari.sp.gov.br\/portal\/wp-json\/wp\/v2\/categories?post=15322"},{"taxonomy":"post_tag","embeddable":true,"href":"https:\/\/capivari.sp.gov.br\/portal\/wp-json\/wp\/v2\/tags?post=15322"}],"curies":[{"name":"wp","href":"https:\/\/api.w.org\/{rel}","templated":true}]}}