{"id":15331,"date":"2023-10-20T16:16:00","date_gmt":"2023-10-20T19:16:00","guid":{"rendered":"https:\/\/capivari.sp.gov.br\/portal\/?p=15331"},"modified":"2023-10-20T16:16:00","modified_gmt":"2023-10-20T19:16:00","slug":"ultimas-duas-vagas-para-as-oitavas-de-finais-do-campeonato-amador-de-futebol-2023-serao-definidas-neste-domingo-dia-22","status":"publish","type":"post","link":"https:\/\/capivari.sp.gov.br\/portal\/ultimas-duas-vagas-para-as-oitavas-de-finais-do-campeonato-amador-de-futebol-2023-serao-definidas-neste-domingo-dia-22\/","title":{"rendered":"\u00daltimas duas vagas para as oitavas de finais do Campeonato Amador de Futebol 2023 ser\u00e3o definidas neste domingo, dia 22"},"content":{"rendered":"<p>O Campeonato Amador de Futebol 2023 ter\u00e1 seus quatro \u00faltimos jogos desta primeira fase neste domingo, dia 22, onde tr\u00eas equipes batalhar\u00e3o pelas duas \u00faltimas vagas para as oitavas de finais, que se iniciam no pr\u00f3ximo fim de semana. Confira o resumo das partidas e o que estar\u00e1 em jogo para cada uma das equipes:<\/p>\n<p>Am\u00e9rica FC vs. Vila Nova FC \u2013 Est\u00e1dio Fernando de Marco \u2013 \u00e0s 10h30<br \/>\nEm jogo que ter\u00e1 transmiss\u00e3o na \u00edntegra dentro do programa \u201cApito Inicial\u201d, com C\u00e9lio Amorim, Leonardo Nocete e Thalles Cristiano, o j\u00e1 classificado Am\u00e9rica FC, entra em campo pela \u00faltima vez na fase de grupos diante do Vila Nova FC, equipe que precisa vencer para garantir sua ida \u00e0 fase seguinte. Qualquer trope\u00e7o, significa a elimina\u00e7\u00e3o e consequentemente o rebaixamento da equipe de Mombuca.<\/p>\n<p>EC Deportivo Rafard vs. Nova Esperan\u00e7a \u2013 Est. Fernando de Marco \u2013 \u00e0s 8h20<br \/>\nO jogo entre Deportivo e Nova Esperan\u00e7a define a segunda vaga do grupo G da competi\u00e7\u00e3o, j\u00e1 que a outra j\u00e1 est\u00e1 assegurada pelo Atl\u00e9tico Guerreiros. O vencedor garante automaticamente a classifica\u00e7\u00e3o, com o empate podendo beneficiar as duas equipes, dependendo do resultado da partida entre Am\u00e9rica FC e Nova Esperan\u00e7a.<\/p>\n<p>For\u00e7a Jovem FJU vs. Irmandade Fut \u2013 Est. Jair Forti \u2013 \u00e0s 8h20<br \/>\nEm jogo v\u00e1lido pelo grupo C, Irmandade Fut e For\u00e7a Jovem FJU duelam em jogo que acontece apenas para cumprimento de tabela. Ambas equipes est\u00e3o eliminadas da competi\u00e7\u00e3o e buscam as suas primeiras e \u00fanicas vit\u00f3rias no torneio. O triunfo nessa partida pode significar uma boa inje\u00e7\u00e3o de moral na equipe vencedora, j\u00e1 pensando no processo de reestrutura\u00e7\u00e3o para disputar a segunda divis\u00e3o em 2024.<\/p>\n<p>S\u00e3o Luiz vs. EC Romano Jr. &#8211; Est. Jair Forti \u2013 \u00e0s 10h30<br \/>\nTentando ser apenas a segunda equipe de todo o Campeonato a se classificar com 100% de aproveitamento, o S\u00e3o Luiz entra em campo diante do j\u00e1 eliminado Romano Jr., em partida v\u00e1lida pelo grupo E. O S\u00e3o Luiz, mesmo com a derrota, j\u00e1 garante tamb\u00e9m o primeiro lugar de sua chave, mesmo em caso de derrota, pois consegue a lideran\u00e7a gra\u00e7as aos crit\u00e9rios de desempate sobre o Santa Rita FC, outra equipe tamb\u00e9m j\u00e1 classificada.<\/p>\n<p>Para saber mais sobre outros projetos e torneios organizados pela Secretaria de Esportes, o telefone (19) 2146-1525 e (19) 3492-8881 (WhatsApp), est\u00e1 dispon\u00edvel de segunda a sexta-feira, das 8h30 \u00e0s 16h30.<\/p>\n<p>Prefeitura de Capivari. Transformando o presente, construindo o futuro.<\/p>\n","protected":false},"excerpt":{"rendered":"<p>O Campeonato Amador de Futebol 2023 ter\u00e1 seus quatro \u00faltimos jogos desta primeira fase neste domingo, dia 22, onde tr\u00eas equipes batalhar\u00e3o pelas duas \u00faltimas vagas para as oitavas de finais, que se iniciam no pr\u00f3ximo fim de semana. Confira o resumo das partidas e o que estar\u00e1 em jogo para cada uma das equipes: [&hellip;]<\/p>\n","protected":false},"author":2,"featured_media":15332,"comment_status":"open","ping_status":"open","sticky":false,"template":"","format":"standard","meta":{"ocean_post_layout":"","ocean_both_sidebars_style":"","ocean_both_sidebars_content_width":0,"ocean_both_sidebars_sidebars_width":0,"ocean_sidebar":"","ocean_second_sidebar":"","ocean_disable_margins":"enable","ocean_add_body_class":"","ocean_shortcode_before_top_bar":"","ocean_shortcode_after_top_bar":"","ocean_shortcode_before_header":"","ocean_shortcode_after_header":"","ocean_has_shortcode":"","ocean_shortcode_after_title":"","ocean_shortcode_before_footer_widgets":"","ocean_shortcode_after_footer_widgets":"","ocean_shortcode_before_footer_bottom":"","ocean_shortcode_after_footer_bottom":"","ocean_display_top_bar":"default","ocean_display_header":"default","ocean_header_style":"","ocean_center_header_left_menu":"","ocean_custom_header_template":"","ocean_custom_logo":0,"ocean_custom_retina_logo":0,"ocean_custom_logo_max_width":0,"ocean_custom_logo_tablet_max_width":0,"ocean_custom_logo_mobile_max_width":0,"ocean_custom_logo_max_height":0,"ocean_custom_logo_tablet_max_height":0,"ocean_custom_logo_mobile_max_height":0,"ocean_header_custom_menu":"","ocean_menu_typo_font_family":"","ocean_menu_typo_font_subset":"","ocean_menu_typo_font_size":0,"ocean_menu_typo_font_size_tablet":0,"ocean_menu_typo_font_size_mobile":0,"ocean_menu_typo_font_size_unit":"px","ocean_menu_typo_font_weight":"","ocean_menu_typo_font_weight_tablet":"","ocean_menu_typo_font_weight_mobile":"","ocean_menu_typo_transform":"","ocean_menu_typo_transform_tablet":"","ocean_menu_typo_transform_mobile":"","ocean_menu_typo_line_height":0,"ocean_menu_typo_line_height_tablet":0,"ocean_menu_typo_line_height_mobile":0,"ocean_menu_typo_line_height_unit":"","ocean_menu_typo_spacing":0,"ocean_menu_typo_spacing_tablet":0,"ocean_menu_typo_spacing_mobile":0,"ocean_menu_typo_spacing_unit":"","ocean_menu_link_color":"","ocean_menu_link_color_hover":"","ocean_menu_link_color_active":"","ocean_menu_link_background":"","ocean_menu_link_hover_background":"","ocean_menu_link_active_background":"","ocean_menu_social_links_bg":"","ocean_menu_social_hover_links_bg":"","ocean_menu_social_links_color":"","ocean_menu_social_hover_links_color":"","ocean_disable_title":"default","ocean_disable_heading":"default","ocean_post_title":"","ocean_post_subheading":"","ocean_post_title_style":"","ocean_post_title_background_color":"","ocean_post_title_background":0,"ocean_post_title_bg_image_position":"","ocean_post_title_bg_image_attachment":"","ocean_post_title_bg_image_repeat":"","ocean_post_title_bg_image_size":"","ocean_post_title_height":0,"ocean_post_title_bg_overlay":0.5,"ocean_post_title_bg_overlay_color":"","ocean_disable_breadcrumbs":"default","ocean_breadcrumbs_color":"","ocean_breadcrumbs_separator_color":"","ocean_breadcrumbs_links_color":"","ocean_breadcrumbs_links_hover_color":"","ocean_display_footer_widgets":"default","ocean_display_footer_bottom":"default","ocean_custom_footer_template":"","ocean_post_oembed":"","ocean_post_self_hosted_media":"","ocean_post_video_embed":"","ocean_link_format":"","ocean_link_format_target":"self","ocean_quote_format":"","ocean_quote_format_link":"post","ocean_gallery_link_images":"on","ocean_gallery_id":[],"footnotes":""},"categories":[4,25,5],"tags":[],"class_list":["post-15331","post","type-post","status-publish","format-standard","has-post-thumbnail","hentry","category-destaque","category-esporte","category-geral","entry","has-media"],"yoast_head":"<!-- This site is optimized with the Yoast SEO plugin v27.5 - https:\/\/yoast.com\/product\/yoast-seo-wordpress\/ -->\n<title>\u00daltimas duas vagas para as oitavas de finais do Campeonato Amador de Futebol 2023 ser\u00e3o definidas neste domingo, dia 22 - Prefeitura de Capivari<\/title>\n<meta name=\"robots\" content=\"index, follow, max-snippet:-1, max-image-preview:large, max-video-preview:-1\" \/>\n<link rel=\"canonical\" href=\"https:\/\/capivari.sp.gov.br\/portal\/ultimas-duas-vagas-para-as-oitavas-de-finais-do-campeonato-amador-de-futebol-2023-serao-definidas-neste-domingo-dia-22\/\" \/>\n<meta property=\"og:locale\" content=\"pt_BR\" \/>\n<meta property=\"og:type\" content=\"article\" \/>\n<meta property=\"og:title\" content=\"\u00daltimas duas vagas para as oitavas de finais do Campeonato Amador de Futebol 2023 ser\u00e3o definidas neste domingo, dia 22 - Prefeitura de Capivari\" \/>\n<meta property=\"og:description\" content=\"O Campeonato Amador de Futebol 2023 ter\u00e1 seus quatro \u00faltimos jogos desta primeira fase neste domingo, dia 22, onde tr\u00eas equipes batalhar\u00e3o pelas duas \u00faltimas vagas para as oitavas de finais, que se iniciam no pr\u00f3ximo fim de semana. Confira o resumo das partidas e o que estar\u00e1 em jogo para cada uma das equipes: [&hellip;]\" \/>\n<meta property=\"og:url\" content=\"https:\/\/capivari.sp.gov.br\/portal\/ultimas-duas-vagas-para-as-oitavas-de-finais-do-campeonato-amador-de-futebol-2023-serao-definidas-neste-domingo-dia-22\/\" \/>\n<meta property=\"og:site_name\" content=\"Prefeitura de Capivari\" \/>\n<meta property=\"article:publisher\" content=\"https:\/\/www.facebook.com\/PrefeituradeCapivari\/\" \/>\n<meta property=\"article:published_time\" content=\"2023-10-20T19:16:00+00:00\" \/>\n<meta property=\"og:image\" content=\"https:\/\/capivari.sp.gov.br\/portal\/wp-content\/uploads\/2023\/10\/fernando-de-marco-1.jpg\" \/>\n\t<meta property=\"og:image:width\" content=\"1024\" \/>\n\t<meta property=\"og:image:height\" content=\"707\" \/>\n\t<meta property=\"og:image:type\" content=\"image\/jpeg\" \/>\n<meta name=\"author\" content=\"Thalles Cristiano\" \/>\n<meta name=\"twitter:card\" content=\"summary_large_image\" \/>\n<meta name=\"twitter:creator\" content=\"@PrefCapivari\" \/>\n<meta name=\"twitter:site\" content=\"@PrefCapivari\" \/>\n<meta name=\"twitter:label1\" content=\"Escrito por\" \/>\n\t<meta name=\"twitter:data1\" content=\"Thalles Cristiano\" \/>\n\t<meta name=\"twitter:label2\" content=\"Est. tempo de leitura\" \/>\n\t<meta name=\"twitter:data2\" content=\"3 minutos\" \/>\n<script type=\"application\/ld+json\" class=\"yoast-schema-graph\">{\"@context\":\"https:\\\/\\\/schema.org\",\"@graph\":[{\"@type\":\"Article\",\"@id\":\"https:\\\/\\\/capivari.sp.gov.br\\\/portal\\\/ultimas-duas-vagas-para-as-oitavas-de-finais-do-campeonato-amador-de-futebol-2023-serao-definidas-neste-domingo-dia-22\\\/#article\",\"isPartOf\":{\"@id\":\"https:\\\/\\\/capivari.sp.gov.br\\\/portal\\\/ultimas-duas-vagas-para-as-oitavas-de-finais-do-campeonato-amador-de-futebol-2023-serao-definidas-neste-domingo-dia-22\\\/\"},\"author\":{\"name\":\"Thalles Cristiano\",\"@id\":\"https:\\\/\\\/capivari.sp.gov.br\\\/portal\\\/#\\\/schema\\\/person\\\/98801614a91d449946b0687ae2db9f29\"},\"headline\":\"\u00daltimas duas vagas para as oitavas de finais do Campeonato Amador de Futebol 2023 ser\u00e3o definidas neste domingo, dia 22\",\"datePublished\":\"2023-10-20T19:16:00+00:00\",\"mainEntityOfPage\":{\"@id\":\"https:\\\/\\\/capivari.sp.gov.br\\\/portal\\\/ultimas-duas-vagas-para-as-oitavas-de-finais-do-campeonato-amador-de-futebol-2023-serao-definidas-neste-domingo-dia-22\\\/\"},\"wordCount\":445,\"commentCount\":0,\"publisher\":{\"@id\":\"https:\\\/\\\/capivari.sp.gov.br\\\/portal\\\/#organization\"},\"image\":{\"@id\":\"https:\\\/\\\/capivari.sp.gov.br\\\/portal\\\/ultimas-duas-vagas-para-as-oitavas-de-finais-do-campeonato-amador-de-futebol-2023-serao-definidas-neste-domingo-dia-22\\\/#primaryimage\"},\"thumbnailUrl\":\"https:\\\/\\\/capivari.sp.gov.br\\\/portal\\\/wp-content\\\/uploads\\\/2023\\\/10\\\/fernando-de-marco-1.jpg\",\"articleSection\":[\"Destaque\",\"Esporte\",\"Geral\"],\"inLanguage\":\"pt-BR\",\"potentialAction\":[{\"@type\":\"CommentAction\",\"name\":\"Comment\",\"target\":[\"https:\\\/\\\/capivari.sp.gov.br\\\/portal\\\/ultimas-duas-vagas-para-as-oitavas-de-finais-do-campeonato-amador-de-futebol-2023-serao-definidas-neste-domingo-dia-22\\\/#respond\"]}]},{\"@type\":\"WebPage\",\"@id\":\"https:\\\/\\\/capivari.sp.gov.br\\\/portal\\\/ultimas-duas-vagas-para-as-oitavas-de-finais-do-campeonato-amador-de-futebol-2023-serao-definidas-neste-domingo-dia-22\\\/\",\"url\":\"https:\\\/\\\/capivari.sp.gov.br\\\/portal\\\/ultimas-duas-vagas-para-as-oitavas-de-finais-do-campeonato-amador-de-futebol-2023-serao-definidas-neste-domingo-dia-22\\\/\",\"name\":\"\u00daltimas duas vagas para as oitavas de finais do Campeonato Amador de Futebol 2023 ser\u00e3o definidas neste domingo, dia 22 - Prefeitura de Capivari\",\"isPartOf\":{\"@id\":\"https:\\\/\\\/capivari.sp.gov.br\\\/portal\\\/#website\"},\"primaryImageOfPage\":{\"@id\":\"https:\\\/\\\/capivari.sp.gov.br\\\/portal\\\/ultimas-duas-vagas-para-as-oitavas-de-finais-do-campeonato-amador-de-futebol-2023-serao-definidas-neste-domingo-dia-22\\\/#primaryimage\"},\"image\":{\"@id\":\"https:\\\/\\\/capivari.sp.gov.br\\\/portal\\\/ultimas-duas-vagas-para-as-oitavas-de-finais-do-campeonato-amador-de-futebol-2023-serao-definidas-neste-domingo-dia-22\\\/#primaryimage\"},\"thumbnailUrl\":\"https:\\\/\\\/capivari.sp.gov.br\\\/portal\\\/wp-content\\\/uploads\\\/2023\\\/10\\\/fernando-de-marco-1.jpg\",\"datePublished\":\"2023-10-20T19:16:00+00:00\",\"breadcrumb\":{\"@id\":\"https:\\\/\\\/capivari.sp.gov.br\\\/portal\\\/ultimas-duas-vagas-para-as-oitavas-de-finais-do-campeonato-amador-de-futebol-2023-serao-definidas-neste-domingo-dia-22\\\/#breadcrumb\"},\"inLanguage\":\"pt-BR\",\"potentialAction\":[{\"@type\":\"ReadAction\",\"target\":[\"https:\\\/\\\/capivari.sp.gov.br\\\/portal\\\/ultimas-duas-vagas-para-as-oitavas-de-finais-do-campeonato-amador-de-futebol-2023-serao-definidas-neste-domingo-dia-22\\\/\"]}]},{\"@type\":\"ImageObject\",\"inLanguage\":\"pt-BR\",\"@id\":\"https:\\\/\\\/capivari.sp.gov.br\\\/portal\\\/ultimas-duas-vagas-para-as-oitavas-de-finais-do-campeonato-amador-de-futebol-2023-serao-definidas-neste-domingo-dia-22\\\/#primaryimage\",\"url\":\"https:\\\/\\\/capivari.sp.gov.br\\\/portal\\\/wp-content\\\/uploads\\\/2023\\\/10\\\/fernando-de-marco-1.jpg\",\"contentUrl\":\"https:\\\/\\\/capivari.sp.gov.br\\\/portal\\\/wp-content\\\/uploads\\\/2023\\\/10\\\/fernando-de-marco-1.jpg\",\"width\":1024,\"height\":707},{\"@type\":\"BreadcrumbList\",\"@id\":\"https:\\\/\\\/capivari.sp.gov.br\\\/portal\\\/ultimas-duas-vagas-para-as-oitavas-de-finais-do-campeonato-amador-de-futebol-2023-serao-definidas-neste-domingo-dia-22\\\/#breadcrumb\",\"itemListElement\":[{\"@type\":\"ListItem\",\"position\":1,\"name\":\"In\u00edcio\",\"item\":\"https:\\\/\\\/capivari.sp.gov.br\\\/portal\\\/\"},{\"@type\":\"ListItem\",\"position\":2,\"name\":\"\u00daltimas duas vagas para as oitavas de finais do Campeonato Amador de Futebol 2023 ser\u00e3o definidas neste domingo, dia 22\"}]},{\"@type\":\"WebSite\",\"@id\":\"https:\\\/\\\/capivari.sp.gov.br\\\/portal\\\/#website\",\"url\":\"https:\\\/\\\/capivari.sp.gov.br\\\/portal\\\/\",\"name\":\"Prefeitura de Capivari\",\"description\":\"Prefeitura de Capivari\",\"publisher\":{\"@id\":\"https:\\\/\\\/capivari.sp.gov.br\\\/portal\\\/#organization\"},\"potentialAction\":[{\"@type\":\"SearchAction\",\"target\":{\"@type\":\"EntryPoint\",\"urlTemplate\":\"https:\\\/\\\/capivari.sp.gov.br\\\/portal\\\/?s={search_term_string}\"},\"query-input\":{\"@type\":\"PropertyValueSpecification\",\"valueRequired\":true,\"valueName\":\"search_term_string\"}}],\"inLanguage\":\"pt-BR\"},{\"@type\":\"Organization\",\"@id\":\"https:\\\/\\\/capivari.sp.gov.br\\\/portal\\\/#organization\",\"name\":\"Prefeitura de Capivari\",\"url\":\"https:\\\/\\\/capivari.sp.gov.br\\\/portal\\\/\",\"logo\":{\"@type\":\"ImageObject\",\"inLanguage\":\"pt-BR\",\"@id\":\"https:\\\/\\\/capivari.sp.gov.br\\\/portal\\\/#\\\/schema\\\/logo\\\/image\\\/\",\"url\":\"https:\\\/\\\/capivari.sp.gov.br\\\/portal\\\/wp-content\\\/uploads\\\/2021\\\/09\\\/logo-prefeitura-de-capivari.png\",\"contentUrl\":\"https:\\\/\\\/capivari.sp.gov.br\\\/portal\\\/wp-content\\\/uploads\\\/2021\\\/09\\\/logo-prefeitura-de-capivari.png\",\"width\":200,\"height\":147,\"caption\":\"Prefeitura de Capivari\"},\"image\":{\"@id\":\"https:\\\/\\\/capivari.sp.gov.br\\\/portal\\\/#\\\/schema\\\/logo\\\/image\\\/\"},\"sameAs\":[\"https:\\\/\\\/www.facebook.com\\\/PrefeituradeCapivari\\\/\",\"https:\\\/\\\/x.com\\\/PrefCapivari\",\"https:\\\/\\\/www.instagram.com\\\/prefeituracapivari\\\/\"]},{\"@type\":\"Person\",\"@id\":\"https:\\\/\\\/capivari.sp.gov.br\\\/portal\\\/#\\\/schema\\\/person\\\/98801614a91d449946b0687ae2db9f29\",\"name\":\"Thalles Cristiano\",\"image\":{\"@type\":\"ImageObject\",\"inLanguage\":\"pt-BR\",\"@id\":\"https:\\\/\\\/secure.gravatar.com\\\/avatar\\\/0d1b9a4bdcde99ab11a8cd27abdcd088993749b82c4355c0301135023dc52b3d?s=96&d=mm&r=g\",\"url\":\"https:\\\/\\\/secure.gravatar.com\\\/avatar\\\/0d1b9a4bdcde99ab11a8cd27abdcd088993749b82c4355c0301135023dc52b3d?s=96&d=mm&r=g\",\"contentUrl\":\"https:\\\/\\\/secure.gravatar.com\\\/avatar\\\/0d1b9a4bdcde99ab11a8cd27abdcd088993749b82c4355c0301135023dc52b3d?s=96&d=mm&r=g\",\"caption\":\"Thalles Cristiano\"},\"url\":\"https:\\\/\\\/capivari.sp.gov.br\\\/portal\\\/author\\\/thalles-cristiano\\\/\"}]}<\/script>\n<!-- \/ Yoast SEO plugin. -->","yoast_head_json":{"title":"\u00daltimas duas vagas para as oitavas de finais do Campeonato Amador de Futebol 2023 ser\u00e3o definidas neste domingo, dia 22 - Prefeitura de Capivari","robots":{"index":"index","follow":"follow","max-snippet":"max-snippet:-1","max-image-preview":"max-image-preview:large","max-video-preview":"max-video-preview:-1"},"canonical":"https:\/\/capivari.sp.gov.br\/portal\/ultimas-duas-vagas-para-as-oitavas-de-finais-do-campeonato-amador-de-futebol-2023-serao-definidas-neste-domingo-dia-22\/","og_locale":"pt_BR","og_type":"article","og_title":"\u00daltimas duas vagas para as oitavas de finais do Campeonato Amador de Futebol 2023 ser\u00e3o definidas neste domingo, dia 22 - Prefeitura de Capivari","og_description":"O Campeonato Amador de Futebol 2023 ter\u00e1 seus quatro \u00faltimos jogos desta primeira fase neste domingo, dia 22, onde tr\u00eas equipes batalhar\u00e3o pelas duas \u00faltimas vagas para as oitavas de finais, que se iniciam no pr\u00f3ximo fim de semana. Confira o resumo das partidas e o que estar\u00e1 em jogo para cada uma das equipes: [&hellip;]","og_url":"https:\/\/capivari.sp.gov.br\/portal\/ultimas-duas-vagas-para-as-oitavas-de-finais-do-campeonato-amador-de-futebol-2023-serao-definidas-neste-domingo-dia-22\/","og_site_name":"Prefeitura de Capivari","article_publisher":"https:\/\/www.facebook.com\/PrefeituradeCapivari\/","article_published_time":"2023-10-20T19:16:00+00:00","og_image":[{"width":1024,"height":707,"url":"https:\/\/capivari.sp.gov.br\/portal\/wp-content\/uploads\/2023\/10\/fernando-de-marco-1.jpg","type":"image\/jpeg"}],"author":"Thalles Cristiano","twitter_card":"summary_large_image","twitter_creator":"@PrefCapivari","twitter_site":"@PrefCapivari","twitter_misc":{"Escrito por":"Thalles Cristiano","Est. tempo de leitura":"3 minutos"},"schema":{"@context":"https:\/\/schema.org","@graph":[{"@type":"Article","@id":"https:\/\/capivari.sp.gov.br\/portal\/ultimas-duas-vagas-para-as-oitavas-de-finais-do-campeonato-amador-de-futebol-2023-serao-definidas-neste-domingo-dia-22\/#article","isPartOf":{"@id":"https:\/\/capivari.sp.gov.br\/portal\/ultimas-duas-vagas-para-as-oitavas-de-finais-do-campeonato-amador-de-futebol-2023-serao-definidas-neste-domingo-dia-22\/"},"author":{"name":"Thalles Cristiano","@id":"https:\/\/capivari.sp.gov.br\/portal\/#\/schema\/person\/98801614a91d449946b0687ae2db9f29"},"headline":"\u00daltimas duas vagas para as oitavas de finais do Campeonato Amador de Futebol 2023 ser\u00e3o definidas neste domingo, dia 22","datePublished":"2023-10-20T19:16:00+00:00","mainEntityOfPage":{"@id":"https:\/\/capivari.sp.gov.br\/portal\/ultimas-duas-vagas-para-as-oitavas-de-finais-do-campeonato-amador-de-futebol-2023-serao-definidas-neste-domingo-dia-22\/"},"wordCount":445,"commentCount":0,"publisher":{"@id":"https:\/\/capivari.sp.gov.br\/portal\/#organization"},"image":{"@id":"https:\/\/capivari.sp.gov.br\/portal\/ultimas-duas-vagas-para-as-oitavas-de-finais-do-campeonato-amador-de-futebol-2023-serao-definidas-neste-domingo-dia-22\/#primaryimage"},"thumbnailUrl":"https:\/\/capivari.sp.gov.br\/portal\/wp-content\/uploads\/2023\/10\/fernando-de-marco-1.jpg","articleSection":["Destaque","Esporte","Geral"],"inLanguage":"pt-BR","potentialAction":[{"@type":"CommentAction","name":"Comment","target":["https:\/\/capivari.sp.gov.br\/portal\/ultimas-duas-vagas-para-as-oitavas-de-finais-do-campeonato-amador-de-futebol-2023-serao-definidas-neste-domingo-dia-22\/#respond"]}]},{"@type":"WebPage","@id":"https:\/\/capivari.sp.gov.br\/portal\/ultimas-duas-vagas-para-as-oitavas-de-finais-do-campeonato-amador-de-futebol-2023-serao-definidas-neste-domingo-dia-22\/","url":"https:\/\/capivari.sp.gov.br\/portal\/ultimas-duas-vagas-para-as-oitavas-de-finais-do-campeonato-amador-de-futebol-2023-serao-definidas-neste-domingo-dia-22\/","name":"\u00daltimas duas vagas para as oitavas de finais do Campeonato Amador de Futebol 2023 ser\u00e3o definidas neste domingo, dia 22 - Prefeitura de Capivari","isPartOf":{"@id":"https:\/\/capivari.sp.gov.br\/portal\/#website"},"primaryImageOfPage":{"@id":"https:\/\/capivari.sp.gov.br\/portal\/ultimas-duas-vagas-para-as-oitavas-de-finais-do-campeonato-amador-de-futebol-2023-serao-definidas-neste-domingo-dia-22\/#primaryimage"},"image":{"@id":"https:\/\/capivari.sp.gov.br\/portal\/ultimas-duas-vagas-para-as-oitavas-de-finais-do-campeonato-amador-de-futebol-2023-serao-definidas-neste-domingo-dia-22\/#primaryimage"},"thumbnailUrl":"https:\/\/capivari.sp.gov.br\/portal\/wp-content\/uploads\/2023\/10\/fernando-de-marco-1.jpg","datePublished":"2023-10-20T19:16:00+00:00","breadcrumb":{"@id":"https:\/\/capivari.sp.gov.br\/portal\/ultimas-duas-vagas-para-as-oitavas-de-finais-do-campeonato-amador-de-futebol-2023-serao-definidas-neste-domingo-dia-22\/#breadcrumb"},"inLanguage":"pt-BR","potentialAction":[{"@type":"ReadAction","target":["https:\/\/capivari.sp.gov.br\/portal\/ultimas-duas-vagas-para-as-oitavas-de-finais-do-campeonato-amador-de-futebol-2023-serao-definidas-neste-domingo-dia-22\/"]}]},{"@type":"ImageObject","inLanguage":"pt-BR","@id":"https:\/\/capivari.sp.gov.br\/portal\/ultimas-duas-vagas-para-as-oitavas-de-finais-do-campeonato-amador-de-futebol-2023-serao-definidas-neste-domingo-dia-22\/#primaryimage","url":"https:\/\/capivari.sp.gov.br\/portal\/wp-content\/uploads\/2023\/10\/fernando-de-marco-1.jpg","contentUrl":"https:\/\/capivari.sp.gov.br\/portal\/wp-content\/uploads\/2023\/10\/fernando-de-marco-1.jpg","width":1024,"height":707},{"@type":"BreadcrumbList","@id":"https:\/\/capivari.sp.gov.br\/portal\/ultimas-duas-vagas-para-as-oitavas-de-finais-do-campeonato-amador-de-futebol-2023-serao-definidas-neste-domingo-dia-22\/#breadcrumb","itemListElement":[{"@type":"ListItem","position":1,"name":"In\u00edcio","item":"https:\/\/capivari.sp.gov.br\/portal\/"},{"@type":"ListItem","position":2,"name":"\u00daltimas duas vagas para as oitavas de finais do Campeonato Amador de Futebol 2023 ser\u00e3o definidas neste domingo, dia 22"}]},{"@type":"WebSite","@id":"https:\/\/capivari.sp.gov.br\/portal\/#website","url":"https:\/\/capivari.sp.gov.br\/portal\/","name":"Prefeitura de Capivari","description":"Prefeitura de Capivari","publisher":{"@id":"https:\/\/capivari.sp.gov.br\/portal\/#organization"},"potentialAction":[{"@type":"SearchAction","target":{"@type":"EntryPoint","urlTemplate":"https:\/\/capivari.sp.gov.br\/portal\/?s={search_term_string}"},"query-input":{"@type":"PropertyValueSpecification","valueRequired":true,"valueName":"search_term_string"}}],"inLanguage":"pt-BR"},{"@type":"Organization","@id":"https:\/\/capivari.sp.gov.br\/portal\/#organization","name":"Prefeitura de Capivari","url":"https:\/\/capivari.sp.gov.br\/portal\/","logo":{"@type":"ImageObject","inLanguage":"pt-BR","@id":"https:\/\/capivari.sp.gov.br\/portal\/#\/schema\/logo\/image\/","url":"https:\/\/capivari.sp.gov.br\/portal\/wp-content\/uploads\/2021\/09\/logo-prefeitura-de-capivari.png","contentUrl":"https:\/\/capivari.sp.gov.br\/portal\/wp-content\/uploads\/2021\/09\/logo-prefeitura-de-capivari.png","width":200,"height":147,"caption":"Prefeitura de Capivari"},"image":{"@id":"https:\/\/capivari.sp.gov.br\/portal\/#\/schema\/logo\/image\/"},"sameAs":["https:\/\/www.facebook.com\/PrefeituradeCapivari\/","https:\/\/x.com\/PrefCapivari","https:\/\/www.instagram.com\/prefeituracapivari\/"]},{"@type":"Person","@id":"https:\/\/capivari.sp.gov.br\/portal\/#\/schema\/person\/98801614a91d449946b0687ae2db9f29","name":"Thalles Cristiano","image":{"@type":"ImageObject","inLanguage":"pt-BR","@id":"https:\/\/secure.gravatar.com\/avatar\/0d1b9a4bdcde99ab11a8cd27abdcd088993749b82c4355c0301135023dc52b3d?s=96&d=mm&r=g","url":"https:\/\/secure.gravatar.com\/avatar\/0d1b9a4bdcde99ab11a8cd27abdcd088993749b82c4355c0301135023dc52b3d?s=96&d=mm&r=g","contentUrl":"https:\/\/secure.gravatar.com\/avatar\/0d1b9a4bdcde99ab11a8cd27abdcd088993749b82c4355c0301135023dc52b3d?s=96&d=mm&r=g","caption":"Thalles Cristiano"},"url":"https:\/\/capivari.sp.gov.br\/portal\/author\/thalles-cristiano\/"}]}},"_links":{"self":[{"href":"https:\/\/capivari.sp.gov.br\/portal\/wp-json\/wp\/v2\/posts\/15331","targetHints":{"allow":["GET"]}}],"collection":[{"href":"https:\/\/capivari.sp.gov.br\/portal\/wp-json\/wp\/v2\/posts"}],"about":[{"href":"https:\/\/capivari.sp.gov.br\/portal\/wp-json\/wp\/v2\/types\/post"}],"author":[{"embeddable":true,"href":"https:\/\/capivari.sp.gov.br\/portal\/wp-json\/wp\/v2\/users\/2"}],"replies":[{"embeddable":true,"href":"https:\/\/capivari.sp.gov.br\/portal\/wp-json\/wp\/v2\/comments?post=15331"}],"version-history":[{"count":1,"href":"https:\/\/capivari.sp.gov.br\/portal\/wp-json\/wp\/v2\/posts\/15331\/revisions"}],"predecessor-version":[{"id":15333,"href":"https:\/\/capivari.sp.gov.br\/portal\/wp-json\/wp\/v2\/posts\/15331\/revisions\/15333"}],"wp:featuredmedia":[{"embeddable":true,"href":"https:\/\/capivari.sp.gov.br\/portal\/wp-json\/wp\/v2\/media\/15332"}],"wp:attachment":[{"href":"https:\/\/capivari.sp.gov.br\/portal\/wp-json\/wp\/v2\/media?parent=15331"}],"wp:term":[{"taxonomy":"category","embeddable":true,"href":"https:\/\/capivari.sp.gov.br\/portal\/wp-json\/wp\/v2\/categories?post=15331"},{"taxonomy":"post_tag","embeddable":true,"href":"https:\/\/capivari.sp.gov.br\/portal\/wp-json\/wp\/v2\/tags?post=15331"}],"curies":[{"name":"wp","href":"https:\/\/api.w.org\/{rel}","templated":true}]}}