{"id":15338,"date":"2023-10-23T14:36:30","date_gmt":"2023-10-23T17:36:30","guid":{"rendered":"https:\/\/capivari.sp.gov.br\/portal\/?p=15338"},"modified":"2025-01-30T11:50:24","modified_gmt":"2025-01-30T14:50:24","slug":"audiencia-publica-do-plano-diretor-acontece-nesta-terca-feira-discutindo-temas-como-transporte-meio-ambiente-e-governanca","status":"publish","type":"post","link":"https:\/\/capivari.sp.gov.br\/portal\/audiencia-publica-do-plano-diretor-acontece-nesta-terca-feira-discutindo-temas-como-transporte-meio-ambiente-e-governanca\/","title":{"rendered":"Audi\u00eancia P\u00fablica do Plano Diretor acontece nesta ter\u00e7a-feira discutindo temas como transporte, meio ambiente e governan\u00e7a"},"content":{"rendered":"<p><span style=\"font-family: Arial, sans-serif;\"><span style=\"font-size: large;\">O audit\u00f3rio Professor Luiz Fernando C. Leite, da Secretaria de Educa\u00e7\u00e3o de Capivari, recebe nesta ter\u00e7a-feira, dia 24, \u00e0s 18h30, a 1\u00aa Audi\u00eancia P\u00fablica para a apresenta\u00e7\u00e3o e discuss\u00e3o dos temas demandados das oficinas ocorridas no \u00faltimo m\u00eas de maio. Na ocasi\u00e3o ser\u00e3o debatidos os temas mobilidade e transporte, meio ambiente, saneamento, compartimentos territoriais, macrozonas, macro\u00e1reas, zonas de uso do solo, zonas especiais, gest\u00e3o do plano e governan\u00e7a. Na pr\u00f3xima ter\u00e7a-feira, dia 31, uma nova audi\u00eancia debate outros temas. <\/span><\/span><\/p>\n<p><span style=\"font-family: Arial, sans-serif;\"><span style=\"font-size: large;\">A audi\u00eancia \u00e9 aberta a toda popula\u00e7\u00e3o e tamb\u00e9m recepcionar\u00e1 os representantes que comp\u00f5em o N\u00facleo Gestor do Plano Diretor. \u201cChegou a hora de discutirmos com a sociedade todas as demandas apresentadas nas oficinas para que possamos elaborar o novo texto do plano diretor e encaminhar \u00e0 C\u00e2mara Municipal\u201d, informou Lu\u00eds Felipe Rusignelli, secret\u00e1rio de Projetos, Conv\u00eanios e Capta\u00e7\u00e3o de Recursos.<\/span><\/span><\/p>\n<p>O Plano Diretor \u00e9 um estudo tra\u00e7ado por uma equipe do Instituto de Estudos Avan\u00e7ados (IEA) da Universidade de S\u00e3o Paulo (USP),<\/p>\n<p><span style=\"font-family: Arial, sans-serif;\"><span style=\"font-size: large;\">que ser\u00e1 transformado em lei pela C\u00e2mara, e pretende tra\u00e7ar o futuro de Capivari em diversas \u00e1reas: planejamento urbano e rural, bem-estar social, cultura e lazer, meio ambiente, Educa\u00e7\u00e3o, Sa\u00fade, Seguran\u00e7a e metas econ\u00f4micas, entre outros. <\/span><\/span><\/p>\n<p><span style=\"font-family: Arial, sans-serif;\"><span style=\"font-size: large;\">Os resultados das oficinas est\u00e3o dispon\u00edveis \u00e0 popula\u00e7\u00e3o atrav\u00e9s de um relat\u00f3rio confeccionado pelo grupo do IEA, destacando a opini\u00e3o popular a respeito de diversos temas que norteiam o Plano Diretor, em linha com metas estabelecidas pela Organiza\u00e7\u00e3o das Na\u00e7\u00f5es Unidas (ONU). O documento na \u00edntegra pode ser consultado no endere\u00e7o <a href=\"https:\/\/l1nk.dev\/0I8no\">https:\/\/l1nk.dev\/0I8no<\/a>.<\/span><\/span><\/p>\n<p><span style=\"font-family: Arial, sans-serif;\"><span style=\"font-size: large;\">A Secretaria de Educa\u00e7\u00e3o est\u00e1 localizado na rua Pedro Stucchi, 381, bairro P\u00e3o de A\u00e7\u00facar.<br \/>\n<\/span><\/span><\/p>\n<p><span style=\"font-family: Arial, sans-serif;\"><span style=\"font-size: large;\">Para mais informa\u00e7\u00f5es, a SEPROJ atende pelo telefone (19) 3492-9303. Localizado na rua XV de Novembro, 639, no Centro &#8211; Pa\u00e7o Municipal, a Secretaria funciona de segunda a sexta-feira, das 08h30 \u00e0s 16h30.<b><\/b><\/span><\/span><\/p>\n<p><strong>Prefeitura de Capivari. Transformando o presente, construindo o futuro.<\/strong><\/p>\n","protected":false},"excerpt":{"rendered":"<p>O audit\u00f3rio Professor Luiz Fernando C. Leite, da Secretaria de Educa\u00e7\u00e3o de Capivari, recebe nesta ter\u00e7a-feira, dia 24, \u00e0s 18h30, a 1\u00aa Audi\u00eancia P\u00fablica para a apresenta\u00e7\u00e3o e discuss\u00e3o dos temas demandados das oficinas ocorridas no \u00faltimo m\u00eas de maio. Na ocasi\u00e3o ser\u00e3o debatidos os temas mobilidade e transporte, meio ambiente, saneamento, compartimentos territoriais, macrozonas, [&hellip;]<\/p>\n","protected":false},"author":15,"featured_media":15340,"comment_status":"open","ping_status":"open","sticky":false,"template":"","format":"standard","meta":{"ocean_post_layout":"","ocean_both_sidebars_style":"","ocean_both_sidebars_content_width":0,"ocean_both_sidebars_sidebars_width":0,"ocean_sidebar":"","ocean_second_sidebar":"","ocean_disable_margins":"enable","ocean_add_body_class":"","ocean_shortcode_before_top_bar":"","ocean_shortcode_after_top_bar":"","ocean_shortcode_before_header":"","ocean_shortcode_after_header":"","ocean_has_shortcode":"","ocean_shortcode_after_title":"","ocean_shortcode_before_footer_widgets":"","ocean_shortcode_after_footer_widgets":"","ocean_shortcode_before_footer_bottom":"","ocean_shortcode_after_footer_bottom":"","ocean_display_top_bar":"default","ocean_display_header":"default","ocean_header_style":"","ocean_center_header_left_menu":"","ocean_custom_header_template":"","ocean_custom_logo":0,"ocean_custom_retina_logo":0,"ocean_custom_logo_max_width":0,"ocean_custom_logo_tablet_max_width":0,"ocean_custom_logo_mobile_max_width":0,"ocean_custom_logo_max_height":0,"ocean_custom_logo_tablet_max_height":0,"ocean_custom_logo_mobile_max_height":0,"ocean_header_custom_menu":"","ocean_menu_typo_font_family":"","ocean_menu_typo_font_subset":"","ocean_menu_typo_font_size":0,"ocean_menu_typo_font_size_tablet":0,"ocean_menu_typo_font_size_mobile":0,"ocean_menu_typo_font_size_unit":"px","ocean_menu_typo_font_weight":"","ocean_menu_typo_font_weight_tablet":"","ocean_menu_typo_font_weight_mobile":"","ocean_menu_typo_transform":"","ocean_menu_typo_transform_tablet":"","ocean_menu_typo_transform_mobile":"","ocean_menu_typo_line_height":0,"ocean_menu_typo_line_height_tablet":0,"ocean_menu_typo_line_height_mobile":0,"ocean_menu_typo_line_height_unit":"","ocean_menu_typo_spacing":0,"ocean_menu_typo_spacing_tablet":0,"ocean_menu_typo_spacing_mobile":0,"ocean_menu_typo_spacing_unit":"","ocean_menu_link_color":"","ocean_menu_link_color_hover":"","ocean_menu_link_color_active":"","ocean_menu_link_background":"","ocean_menu_link_hover_background":"","ocean_menu_link_active_background":"","ocean_menu_social_links_bg":"","ocean_menu_social_hover_links_bg":"","ocean_menu_social_links_color":"","ocean_menu_social_hover_links_color":"","ocean_disable_title":"default","ocean_disable_heading":"default","ocean_post_title":"","ocean_post_subheading":"","ocean_post_title_style":"","ocean_post_title_background_color":"","ocean_post_title_background":0,"ocean_post_title_bg_image_position":"","ocean_post_title_bg_image_attachment":"","ocean_post_title_bg_image_repeat":"","ocean_post_title_bg_image_size":"","ocean_post_title_height":0,"ocean_post_title_bg_overlay":0.5,"ocean_post_title_bg_overlay_color":"","ocean_disable_breadcrumbs":"default","ocean_breadcrumbs_color":"","ocean_breadcrumbs_separator_color":"","ocean_breadcrumbs_links_color":"","ocean_breadcrumbs_links_hover_color":"","ocean_display_footer_widgets":"default","ocean_display_footer_bottom":"default","ocean_custom_footer_template":"","ocean_post_oembed":"","ocean_post_self_hosted_media":"","ocean_post_video_embed":"","ocean_link_format":"","ocean_link_format_target":"self","ocean_quote_format":"","ocean_quote_format_link":"post","ocean_gallery_link_images":"on","ocean_gallery_id":[],"footnotes":""},"categories":[4,5,47,29],"tags":[],"class_list":["post-15338","post","type-post","status-publish","format-standard","has-post-thumbnail","hentry","category-destaque","category-geral","category-meio-ambiente-e-agricultura","category-planejamento-e-urbanismo","entry","has-media"],"yoast_head":"<!-- This site is optimized with the Yoast SEO plugin v27.5 - https:\/\/yoast.com\/product\/yoast-seo-wordpress\/ -->\n<title>Audi\u00eancia P\u00fablica do Plano Diretor acontece nesta ter\u00e7a-feira discutindo temas como transporte, meio ambiente e governan\u00e7a - Prefeitura de Capivari<\/title>\n<meta name=\"robots\" content=\"index, follow, max-snippet:-1, max-image-preview:large, max-video-preview:-1\" \/>\n<link rel=\"canonical\" href=\"https:\/\/capivari.sp.gov.br\/portal\/audiencia-publica-do-plano-diretor-acontece-nesta-terca-feira-discutindo-temas-como-transporte-meio-ambiente-e-governanca\/\" \/>\n<meta property=\"og:locale\" content=\"pt_BR\" \/>\n<meta property=\"og:type\" content=\"article\" \/>\n<meta property=\"og:title\" content=\"Audi\u00eancia P\u00fablica do Plano Diretor acontece nesta ter\u00e7a-feira discutindo temas como transporte, meio ambiente e governan\u00e7a - Prefeitura de Capivari\" \/>\n<meta property=\"og:description\" content=\"O audit\u00f3rio Professor Luiz Fernando C. Leite, da Secretaria de Educa\u00e7\u00e3o de Capivari, recebe nesta ter\u00e7a-feira, dia 24, \u00e0s 18h30, a 1\u00aa Audi\u00eancia P\u00fablica para a apresenta\u00e7\u00e3o e discuss\u00e3o dos temas demandados das oficinas ocorridas no \u00faltimo m\u00eas de maio. Na ocasi\u00e3o ser\u00e3o debatidos os temas mobilidade e transporte, meio ambiente, saneamento, compartimentos territoriais, macrozonas, [&hellip;]\" \/>\n<meta property=\"og:url\" content=\"https:\/\/capivari.sp.gov.br\/portal\/audiencia-publica-do-plano-diretor-acontece-nesta-terca-feira-discutindo-temas-como-transporte-meio-ambiente-e-governanca\/\" \/>\n<meta property=\"og:site_name\" content=\"Prefeitura de Capivari\" \/>\n<meta property=\"article:publisher\" content=\"https:\/\/www.facebook.com\/PrefeituradeCapivari\/\" \/>\n<meta property=\"article:published_time\" content=\"2023-10-23T17:36:30+00:00\" \/>\n<meta property=\"article:modified_time\" content=\"2025-01-30T14:50:24+00:00\" \/>\n<meta property=\"og:image\" content=\"https:\/\/capivari.sp.gov.br\/portal\/wp-content\/uploads\/2023\/10\/IMG_3155-scaled.jpg\" \/>\n\t<meta property=\"og:image:width\" content=\"2560\" \/>\n\t<meta property=\"og:image:height\" content=\"1707\" \/>\n\t<meta property=\"og:image:type\" content=\"image\/jpeg\" \/>\n<meta name=\"author\" content=\"Luciano Assis\" \/>\n<meta name=\"twitter:card\" content=\"summary_large_image\" \/>\n<meta name=\"twitter:creator\" content=\"@PrefCapivari\" \/>\n<meta name=\"twitter:site\" content=\"@PrefCapivari\" \/>\n<meta name=\"twitter:label1\" content=\"Escrito por\" \/>\n\t<meta name=\"twitter:data1\" content=\"Luciano Assis\" \/>\n\t<meta name=\"twitter:label2\" content=\"Est. tempo de leitura\" \/>\n\t<meta name=\"twitter:data2\" content=\"2 minutos\" \/>\n<script type=\"application\/ld+json\" class=\"yoast-schema-graph\">{\"@context\":\"https:\\\/\\\/schema.org\",\"@graph\":[{\"@type\":\"Article\",\"@id\":\"https:\\\/\\\/capivari.sp.gov.br\\\/portal\\\/audiencia-publica-do-plano-diretor-acontece-nesta-terca-feira-discutindo-temas-como-transporte-meio-ambiente-e-governanca\\\/#article\",\"isPartOf\":{\"@id\":\"https:\\\/\\\/capivari.sp.gov.br\\\/portal\\\/audiencia-publica-do-plano-diretor-acontece-nesta-terca-feira-discutindo-temas-como-transporte-meio-ambiente-e-governanca\\\/\"},\"author\":{\"name\":\"Luciano Assis\",\"@id\":\"https:\\\/\\\/capivari.sp.gov.br\\\/portal\\\/#\\\/schema\\\/person\\\/ac37113577adfc1517e0cfa854b830b4\"},\"headline\":\"Audi\u00eancia P\u00fablica do Plano Diretor acontece nesta ter\u00e7a-feira discutindo temas como transporte, meio ambiente e governan\u00e7a\",\"datePublished\":\"2023-10-23T17:36:30+00:00\",\"dateModified\":\"2025-01-30T14:50:24+00:00\",\"mainEntityOfPage\":{\"@id\":\"https:\\\/\\\/capivari.sp.gov.br\\\/portal\\\/audiencia-publica-do-plano-diretor-acontece-nesta-terca-feira-discutindo-temas-como-transporte-meio-ambiente-e-governanca\\\/\"},\"wordCount\":371,\"commentCount\":0,\"publisher\":{\"@id\":\"https:\\\/\\\/capivari.sp.gov.br\\\/portal\\\/#organization\"},\"image\":{\"@id\":\"https:\\\/\\\/capivari.sp.gov.br\\\/portal\\\/audiencia-publica-do-plano-diretor-acontece-nesta-terca-feira-discutindo-temas-como-transporte-meio-ambiente-e-governanca\\\/#primaryimage\"},\"thumbnailUrl\":\"https:\\\/\\\/capivari.sp.gov.br\\\/portal\\\/wp-content\\\/uploads\\\/2023\\\/10\\\/IMG_3155-scaled.jpg\",\"articleSection\":[\"Destaque\",\"Geral\",\"Meio Ambiente e Agricultura\",\"Planejamento e Urbanismo\"],\"inLanguage\":\"pt-BR\",\"potentialAction\":[{\"@type\":\"CommentAction\",\"name\":\"Comment\",\"target\":[\"https:\\\/\\\/capivari.sp.gov.br\\\/portal\\\/audiencia-publica-do-plano-diretor-acontece-nesta-terca-feira-discutindo-temas-como-transporte-meio-ambiente-e-governanca\\\/#respond\"]}]},{\"@type\":\"WebPage\",\"@id\":\"https:\\\/\\\/capivari.sp.gov.br\\\/portal\\\/audiencia-publica-do-plano-diretor-acontece-nesta-terca-feira-discutindo-temas-como-transporte-meio-ambiente-e-governanca\\\/\",\"url\":\"https:\\\/\\\/capivari.sp.gov.br\\\/portal\\\/audiencia-publica-do-plano-diretor-acontece-nesta-terca-feira-discutindo-temas-como-transporte-meio-ambiente-e-governanca\\\/\",\"name\":\"Audi\u00eancia P\u00fablica do Plano Diretor acontece nesta ter\u00e7a-feira discutindo temas como transporte, meio ambiente e governan\u00e7a - Prefeitura de Capivari\",\"isPartOf\":{\"@id\":\"https:\\\/\\\/capivari.sp.gov.br\\\/portal\\\/#website\"},\"primaryImageOfPage\":{\"@id\":\"https:\\\/\\\/capivari.sp.gov.br\\\/portal\\\/audiencia-publica-do-plano-diretor-acontece-nesta-terca-feira-discutindo-temas-como-transporte-meio-ambiente-e-governanca\\\/#primaryimage\"},\"image\":{\"@id\":\"https:\\\/\\\/capivari.sp.gov.br\\\/portal\\\/audiencia-publica-do-plano-diretor-acontece-nesta-terca-feira-discutindo-temas-como-transporte-meio-ambiente-e-governanca\\\/#primaryimage\"},\"thumbnailUrl\":\"https:\\\/\\\/capivari.sp.gov.br\\\/portal\\\/wp-content\\\/uploads\\\/2023\\\/10\\\/IMG_3155-scaled.jpg\",\"datePublished\":\"2023-10-23T17:36:30+00:00\",\"dateModified\":\"2025-01-30T14:50:24+00:00\",\"breadcrumb\":{\"@id\":\"https:\\\/\\\/capivari.sp.gov.br\\\/portal\\\/audiencia-publica-do-plano-diretor-acontece-nesta-terca-feira-discutindo-temas-como-transporte-meio-ambiente-e-governanca\\\/#breadcrumb\"},\"inLanguage\":\"pt-BR\",\"potentialAction\":[{\"@type\":\"ReadAction\",\"target\":[\"https:\\\/\\\/capivari.sp.gov.br\\\/portal\\\/audiencia-publica-do-plano-diretor-acontece-nesta-terca-feira-discutindo-temas-como-transporte-meio-ambiente-e-governanca\\\/\"]}]},{\"@type\":\"ImageObject\",\"inLanguage\":\"pt-BR\",\"@id\":\"https:\\\/\\\/capivari.sp.gov.br\\\/portal\\\/audiencia-publica-do-plano-diretor-acontece-nesta-terca-feira-discutindo-temas-como-transporte-meio-ambiente-e-governanca\\\/#primaryimage\",\"url\":\"https:\\\/\\\/capivari.sp.gov.br\\\/portal\\\/wp-content\\\/uploads\\\/2023\\\/10\\\/IMG_3155-scaled.jpg\",\"contentUrl\":\"https:\\\/\\\/capivari.sp.gov.br\\\/portal\\\/wp-content\\\/uploads\\\/2023\\\/10\\\/IMG_3155-scaled.jpg\",\"width\":2560,\"height\":1707},{\"@type\":\"BreadcrumbList\",\"@id\":\"https:\\\/\\\/capivari.sp.gov.br\\\/portal\\\/audiencia-publica-do-plano-diretor-acontece-nesta-terca-feira-discutindo-temas-como-transporte-meio-ambiente-e-governanca\\\/#breadcrumb\",\"itemListElement\":[{\"@type\":\"ListItem\",\"position\":1,\"name\":\"In\u00edcio\",\"item\":\"https:\\\/\\\/capivari.sp.gov.br\\\/portal\\\/\"},{\"@type\":\"ListItem\",\"position\":2,\"name\":\"Audi\u00eancia P\u00fablica do Plano Diretor acontece nesta ter\u00e7a-feira discutindo temas como transporte, meio ambiente e governan\u00e7a\"}]},{\"@type\":\"WebSite\",\"@id\":\"https:\\\/\\\/capivari.sp.gov.br\\\/portal\\\/#website\",\"url\":\"https:\\\/\\\/capivari.sp.gov.br\\\/portal\\\/\",\"name\":\"Prefeitura de Capivari\",\"description\":\"Prefeitura de Capivari\",\"publisher\":{\"@id\":\"https:\\\/\\\/capivari.sp.gov.br\\\/portal\\\/#organization\"},\"potentialAction\":[{\"@type\":\"SearchAction\",\"target\":{\"@type\":\"EntryPoint\",\"urlTemplate\":\"https:\\\/\\\/capivari.sp.gov.br\\\/portal\\\/?s={search_term_string}\"},\"query-input\":{\"@type\":\"PropertyValueSpecification\",\"valueRequired\":true,\"valueName\":\"search_term_string\"}}],\"inLanguage\":\"pt-BR\"},{\"@type\":\"Organization\",\"@id\":\"https:\\\/\\\/capivari.sp.gov.br\\\/portal\\\/#organization\",\"name\":\"Prefeitura de Capivari\",\"url\":\"https:\\\/\\\/capivari.sp.gov.br\\\/portal\\\/\",\"logo\":{\"@type\":\"ImageObject\",\"inLanguage\":\"pt-BR\",\"@id\":\"https:\\\/\\\/capivari.sp.gov.br\\\/portal\\\/#\\\/schema\\\/logo\\\/image\\\/\",\"url\":\"https:\\\/\\\/capivari.sp.gov.br\\\/portal\\\/wp-content\\\/uploads\\\/2021\\\/09\\\/logo-prefeitura-de-capivari.png\",\"contentUrl\":\"https:\\\/\\\/capivari.sp.gov.br\\\/portal\\\/wp-content\\\/uploads\\\/2021\\\/09\\\/logo-prefeitura-de-capivari.png\",\"width\":200,\"height\":147,\"caption\":\"Prefeitura de Capivari\"},\"image\":{\"@id\":\"https:\\\/\\\/capivari.sp.gov.br\\\/portal\\\/#\\\/schema\\\/logo\\\/image\\\/\"},\"sameAs\":[\"https:\\\/\\\/www.facebook.com\\\/PrefeituradeCapivari\\\/\",\"https:\\\/\\\/x.com\\\/PrefCapivari\",\"https:\\\/\\\/www.instagram.com\\\/prefeituracapivari\\\/\"]},{\"@type\":\"Person\",\"@id\":\"https:\\\/\\\/capivari.sp.gov.br\\\/portal\\\/#\\\/schema\\\/person\\\/ac37113577adfc1517e0cfa854b830b4\",\"name\":\"Luciano Assis\",\"image\":{\"@type\":\"ImageObject\",\"inLanguage\":\"pt-BR\",\"@id\":\"https:\\\/\\\/secure.gravatar.com\\\/avatar\\\/ec163f977a02ac195ce6085f5110a8c4c8c6cc357c134002f73b4664772e79a5?s=96&d=mm&r=g\",\"url\":\"https:\\\/\\\/secure.gravatar.com\\\/avatar\\\/ec163f977a02ac195ce6085f5110a8c4c8c6cc357c134002f73b4664772e79a5?s=96&d=mm&r=g\",\"contentUrl\":\"https:\\\/\\\/secure.gravatar.com\\\/avatar\\\/ec163f977a02ac195ce6085f5110a8c4c8c6cc357c134002f73b4664772e79a5?s=96&d=mm&r=g\",\"caption\":\"Luciano Assis\"},\"url\":\"https:\\\/\\\/capivari.sp.gov.br\\\/portal\\\/author\\\/luciano-assis\\\/\"}]}<\/script>\n<!-- \/ Yoast SEO plugin. -->","yoast_head_json":{"title":"Audi\u00eancia P\u00fablica do Plano Diretor acontece nesta ter\u00e7a-feira discutindo temas como transporte, meio ambiente e governan\u00e7a - Prefeitura de Capivari","robots":{"index":"index","follow":"follow","max-snippet":"max-snippet:-1","max-image-preview":"max-image-preview:large","max-video-preview":"max-video-preview:-1"},"canonical":"https:\/\/capivari.sp.gov.br\/portal\/audiencia-publica-do-plano-diretor-acontece-nesta-terca-feira-discutindo-temas-como-transporte-meio-ambiente-e-governanca\/","og_locale":"pt_BR","og_type":"article","og_title":"Audi\u00eancia P\u00fablica do Plano Diretor acontece nesta ter\u00e7a-feira discutindo temas como transporte, meio ambiente e governan\u00e7a - Prefeitura de Capivari","og_description":"O audit\u00f3rio Professor Luiz Fernando C. Leite, da Secretaria de Educa\u00e7\u00e3o de Capivari, recebe nesta ter\u00e7a-feira, dia 24, \u00e0s 18h30, a 1\u00aa Audi\u00eancia P\u00fablica para a apresenta\u00e7\u00e3o e discuss\u00e3o dos temas demandados das oficinas ocorridas no \u00faltimo m\u00eas de maio. Na ocasi\u00e3o ser\u00e3o debatidos os temas mobilidade e transporte, meio ambiente, saneamento, compartimentos territoriais, macrozonas, [&hellip;]","og_url":"https:\/\/capivari.sp.gov.br\/portal\/audiencia-publica-do-plano-diretor-acontece-nesta-terca-feira-discutindo-temas-como-transporte-meio-ambiente-e-governanca\/","og_site_name":"Prefeitura de Capivari","article_publisher":"https:\/\/www.facebook.com\/PrefeituradeCapivari\/","article_published_time":"2023-10-23T17:36:30+00:00","article_modified_time":"2025-01-30T14:50:24+00:00","og_image":[{"width":2560,"height":1707,"url":"https:\/\/capivari.sp.gov.br\/portal\/wp-content\/uploads\/2023\/10\/IMG_3155-scaled.jpg","type":"image\/jpeg"}],"author":"Luciano Assis","twitter_card":"summary_large_image","twitter_creator":"@PrefCapivari","twitter_site":"@PrefCapivari","twitter_misc":{"Escrito por":"Luciano Assis","Est. tempo de leitura":"2 minutos"},"schema":{"@context":"https:\/\/schema.org","@graph":[{"@type":"Article","@id":"https:\/\/capivari.sp.gov.br\/portal\/audiencia-publica-do-plano-diretor-acontece-nesta-terca-feira-discutindo-temas-como-transporte-meio-ambiente-e-governanca\/#article","isPartOf":{"@id":"https:\/\/capivari.sp.gov.br\/portal\/audiencia-publica-do-plano-diretor-acontece-nesta-terca-feira-discutindo-temas-como-transporte-meio-ambiente-e-governanca\/"},"author":{"name":"Luciano Assis","@id":"https:\/\/capivari.sp.gov.br\/portal\/#\/schema\/person\/ac37113577adfc1517e0cfa854b830b4"},"headline":"Audi\u00eancia P\u00fablica do Plano Diretor acontece nesta ter\u00e7a-feira discutindo temas como transporte, meio ambiente e governan\u00e7a","datePublished":"2023-10-23T17:36:30+00:00","dateModified":"2025-01-30T14:50:24+00:00","mainEntityOfPage":{"@id":"https:\/\/capivari.sp.gov.br\/portal\/audiencia-publica-do-plano-diretor-acontece-nesta-terca-feira-discutindo-temas-como-transporte-meio-ambiente-e-governanca\/"},"wordCount":371,"commentCount":0,"publisher":{"@id":"https:\/\/capivari.sp.gov.br\/portal\/#organization"},"image":{"@id":"https:\/\/capivari.sp.gov.br\/portal\/audiencia-publica-do-plano-diretor-acontece-nesta-terca-feira-discutindo-temas-como-transporte-meio-ambiente-e-governanca\/#primaryimage"},"thumbnailUrl":"https:\/\/capivari.sp.gov.br\/portal\/wp-content\/uploads\/2023\/10\/IMG_3155-scaled.jpg","articleSection":["Destaque","Geral","Meio Ambiente e Agricultura","Planejamento e Urbanismo"],"inLanguage":"pt-BR","potentialAction":[{"@type":"CommentAction","name":"Comment","target":["https:\/\/capivari.sp.gov.br\/portal\/audiencia-publica-do-plano-diretor-acontece-nesta-terca-feira-discutindo-temas-como-transporte-meio-ambiente-e-governanca\/#respond"]}]},{"@type":"WebPage","@id":"https:\/\/capivari.sp.gov.br\/portal\/audiencia-publica-do-plano-diretor-acontece-nesta-terca-feira-discutindo-temas-como-transporte-meio-ambiente-e-governanca\/","url":"https:\/\/capivari.sp.gov.br\/portal\/audiencia-publica-do-plano-diretor-acontece-nesta-terca-feira-discutindo-temas-como-transporte-meio-ambiente-e-governanca\/","name":"Audi\u00eancia P\u00fablica do Plano Diretor acontece nesta ter\u00e7a-feira discutindo temas como transporte, meio ambiente e governan\u00e7a - Prefeitura de Capivari","isPartOf":{"@id":"https:\/\/capivari.sp.gov.br\/portal\/#website"},"primaryImageOfPage":{"@id":"https:\/\/capivari.sp.gov.br\/portal\/audiencia-publica-do-plano-diretor-acontece-nesta-terca-feira-discutindo-temas-como-transporte-meio-ambiente-e-governanca\/#primaryimage"},"image":{"@id":"https:\/\/capivari.sp.gov.br\/portal\/audiencia-publica-do-plano-diretor-acontece-nesta-terca-feira-discutindo-temas-como-transporte-meio-ambiente-e-governanca\/#primaryimage"},"thumbnailUrl":"https:\/\/capivari.sp.gov.br\/portal\/wp-content\/uploads\/2023\/10\/IMG_3155-scaled.jpg","datePublished":"2023-10-23T17:36:30+00:00","dateModified":"2025-01-30T14:50:24+00:00","breadcrumb":{"@id":"https:\/\/capivari.sp.gov.br\/portal\/audiencia-publica-do-plano-diretor-acontece-nesta-terca-feira-discutindo-temas-como-transporte-meio-ambiente-e-governanca\/#breadcrumb"},"inLanguage":"pt-BR","potentialAction":[{"@type":"ReadAction","target":["https:\/\/capivari.sp.gov.br\/portal\/audiencia-publica-do-plano-diretor-acontece-nesta-terca-feira-discutindo-temas-como-transporte-meio-ambiente-e-governanca\/"]}]},{"@type":"ImageObject","inLanguage":"pt-BR","@id":"https:\/\/capivari.sp.gov.br\/portal\/audiencia-publica-do-plano-diretor-acontece-nesta-terca-feira-discutindo-temas-como-transporte-meio-ambiente-e-governanca\/#primaryimage","url":"https:\/\/capivari.sp.gov.br\/portal\/wp-content\/uploads\/2023\/10\/IMG_3155-scaled.jpg","contentUrl":"https:\/\/capivari.sp.gov.br\/portal\/wp-content\/uploads\/2023\/10\/IMG_3155-scaled.jpg","width":2560,"height":1707},{"@type":"BreadcrumbList","@id":"https:\/\/capivari.sp.gov.br\/portal\/audiencia-publica-do-plano-diretor-acontece-nesta-terca-feira-discutindo-temas-como-transporte-meio-ambiente-e-governanca\/#breadcrumb","itemListElement":[{"@type":"ListItem","position":1,"name":"In\u00edcio","item":"https:\/\/capivari.sp.gov.br\/portal\/"},{"@type":"ListItem","position":2,"name":"Audi\u00eancia P\u00fablica do Plano Diretor acontece nesta ter\u00e7a-feira discutindo temas como transporte, meio ambiente e governan\u00e7a"}]},{"@type":"WebSite","@id":"https:\/\/capivari.sp.gov.br\/portal\/#website","url":"https:\/\/capivari.sp.gov.br\/portal\/","name":"Prefeitura de Capivari","description":"Prefeitura de Capivari","publisher":{"@id":"https:\/\/capivari.sp.gov.br\/portal\/#organization"},"potentialAction":[{"@type":"SearchAction","target":{"@type":"EntryPoint","urlTemplate":"https:\/\/capivari.sp.gov.br\/portal\/?s={search_term_string}"},"query-input":{"@type":"PropertyValueSpecification","valueRequired":true,"valueName":"search_term_string"}}],"inLanguage":"pt-BR"},{"@type":"Organization","@id":"https:\/\/capivari.sp.gov.br\/portal\/#organization","name":"Prefeitura de Capivari","url":"https:\/\/capivari.sp.gov.br\/portal\/","logo":{"@type":"ImageObject","inLanguage":"pt-BR","@id":"https:\/\/capivari.sp.gov.br\/portal\/#\/schema\/logo\/image\/","url":"https:\/\/capivari.sp.gov.br\/portal\/wp-content\/uploads\/2021\/09\/logo-prefeitura-de-capivari.png","contentUrl":"https:\/\/capivari.sp.gov.br\/portal\/wp-content\/uploads\/2021\/09\/logo-prefeitura-de-capivari.png","width":200,"height":147,"caption":"Prefeitura de Capivari"},"image":{"@id":"https:\/\/capivari.sp.gov.br\/portal\/#\/schema\/logo\/image\/"},"sameAs":["https:\/\/www.facebook.com\/PrefeituradeCapivari\/","https:\/\/x.com\/PrefCapivari","https:\/\/www.instagram.com\/prefeituracapivari\/"]},{"@type":"Person","@id":"https:\/\/capivari.sp.gov.br\/portal\/#\/schema\/person\/ac37113577adfc1517e0cfa854b830b4","name":"Luciano Assis","image":{"@type":"ImageObject","inLanguage":"pt-BR","@id":"https:\/\/secure.gravatar.com\/avatar\/ec163f977a02ac195ce6085f5110a8c4c8c6cc357c134002f73b4664772e79a5?s=96&d=mm&r=g","url":"https:\/\/secure.gravatar.com\/avatar\/ec163f977a02ac195ce6085f5110a8c4c8c6cc357c134002f73b4664772e79a5?s=96&d=mm&r=g","contentUrl":"https:\/\/secure.gravatar.com\/avatar\/ec163f977a02ac195ce6085f5110a8c4c8c6cc357c134002f73b4664772e79a5?s=96&d=mm&r=g","caption":"Luciano Assis"},"url":"https:\/\/capivari.sp.gov.br\/portal\/author\/luciano-assis\/"}]}},"_links":{"self":[{"href":"https:\/\/capivari.sp.gov.br\/portal\/wp-json\/wp\/v2\/posts\/15338","targetHints":{"allow":["GET"]}}],"collection":[{"href":"https:\/\/capivari.sp.gov.br\/portal\/wp-json\/wp\/v2\/posts"}],"about":[{"href":"https:\/\/capivari.sp.gov.br\/portal\/wp-json\/wp\/v2\/types\/post"}],"author":[{"embeddable":true,"href":"https:\/\/capivari.sp.gov.br\/portal\/wp-json\/wp\/v2\/users\/15"}],"replies":[{"embeddable":true,"href":"https:\/\/capivari.sp.gov.br\/portal\/wp-json\/wp\/v2\/comments?post=15338"}],"version-history":[{"count":3,"href":"https:\/\/capivari.sp.gov.br\/portal\/wp-json\/wp\/v2\/posts\/15338\/revisions"}],"predecessor-version":[{"id":15352,"href":"https:\/\/capivari.sp.gov.br\/portal\/wp-json\/wp\/v2\/posts\/15338\/revisions\/15352"}],"wp:featuredmedia":[{"embeddable":true,"href":"https:\/\/capivari.sp.gov.br\/portal\/wp-json\/wp\/v2\/media\/15340"}],"wp:attachment":[{"href":"https:\/\/capivari.sp.gov.br\/portal\/wp-json\/wp\/v2\/media?parent=15338"}],"wp:term":[{"taxonomy":"category","embeddable":true,"href":"https:\/\/capivari.sp.gov.br\/portal\/wp-json\/wp\/v2\/categories?post=15338"},{"taxonomy":"post_tag","embeddable":true,"href":"https:\/\/capivari.sp.gov.br\/portal\/wp-json\/wp\/v2\/tags?post=15338"}],"curies":[{"name":"wp","href":"https:\/\/api.w.org\/{rel}","templated":true}]}}