{"id":15354,"date":"2023-10-24T09:49:22","date_gmt":"2023-10-24T12:49:22","guid":{"rendered":"https:\/\/capivari.sp.gov.br\/portal\/?p=15354"},"modified":"2023-10-24T09:49:22","modified_gmt":"2023-10-24T12:49:22","slug":"alunos-da-eicap-jose-annicchino-fu-paulo-visitam-capital-e-assistem-concerto-por-meio-do-projeto-capivari-na-sala-sao-paulo","status":"publish","type":"post","link":"https:\/\/capivari.sp.gov.br\/portal\/alunos-da-eicap-jose-annicchino-fu-paulo-visitam-capital-e-assistem-concerto-por-meio-do-projeto-capivari-na-sala-sao-paulo\/","title":{"rendered":"Alunos da Eicap Jos\u00e9 Annicchino Fu Paulo visitam capital e assistem concerto por meio do projeto \u201cCapivari na Sala S\u00e3o Paulo\u201d"},"content":{"rendered":"<p><span style=\"font-family: Arial, sans-serif;\"><span style=\"font-size: medium;\">Cerca de 35 alunos da Escola de Educa\u00e7\u00e3o Integral de Capivari (Eicap) Jos\u00e9 Annicchino Fu Paulo participaram do projeto \u201cCapivari na Sala S\u00e3o Paulo\u201d, que leva alunos da Rede Municipal da cidade para assistirem a concertos da Orquestra Sinf\u00f4nica do Estado de S\u00e3o Paulo (Osesp). A visita busca popularizar a m\u00fasica de concerto entre crian\u00e7as e jovens da cidade.<\/p>\n<p>A Secretaria da Educa\u00e7\u00e3o de Capivari oferece transporte fretado, lanches e \u00e1gua para as crian\u00e7as. E o curso proporciona ao professor experi\u00eancias e pr\u00e1ticas did\u00e1ticas no ensino de m\u00fasica e aos seus alunos a oportunidade de conhecer uma orquestra sinf\u00f4nica.<\/p>\n<p>\u201cFoi um dia de viv\u00eancias culturais, com muito aprendizado: os alunos visitaram tr\u00eas importantes pontos tur\u00edsticos da cidade de S\u00e3o Paulo: a Esta\u00e7\u00e3o da Luz, a Pinacoteca e a Sala S\u00e3o Paulo. E todos ficaram encantados com a experi\u00eancia\u201d, destacou Aline Andrade, diretora da Eicap. Junto aos alunos, tamb\u00e9m foram na viagem alguns professores para ajudar a cuidar dos alunos e a pr\u00f3pria diretora.<\/p>\n<p>O projeto, neste ano teve in\u00edcio no m\u00eas de setembro, quando 40 alunos da EMEI Professor Jos\u00e9 Hyp\u00f3lito Fernandes de Castro Carvalho, do bairro Castelani, abriu o projeto na cidade, atrav\u00e9s de uma iniciativa da professora Melina Tassiana Campos, educadora da escola capivariana que fez um curso na Osesp. O Secret\u00e1rio de Educa\u00e7\u00e3o, Jos\u00e9 Lucas de Moraes, gostou <\/span><\/span><span style=\"font-family: Arial, sans-serif;\"><span style=\"font-size: medium;\">d<\/span><\/span><span style=\"font-family: Arial, sans-serif;\"><span style=\"font-size: medium;\">a ideia e pretende levar outras unidades de ensino para assistir aos concertos da Osesp por meio dos professores.<\/p>\n<p>\u201cFormar p\u00fablico para cultura de qualidade faz parte do trabalho da Educa\u00e7\u00e3o, por isso fizemos de tudo para implantar esse projeto no munic\u00edpio. Sabemos que muitas pessoas passam a vida sem conhecer uma sala de concerto, e oferecer essa oportunidade aos nossos alunos \u00e9 a fun\u00e7\u00e3o desse projeto\u201d, <\/span><\/span><span style=\"font-family: Arial, sans-serif;\"><span style=\"font-size: medium;\">refor\u00e7ou Jos\u00e9 Lucas.<\/span><\/span><span style=\"font-family: Arial, sans-serif;\"><span style=\"font-size: medium;\"><\/p>\n<p>Para informa\u00e7\u00f5es sobre a Secretaria da Educa\u00e7\u00e3o, entre em contato pelo WhatsApp (19) 3491-9343. A sede \u201cProfessor Nadir Assalin\u201d est\u00e1 localizada na rua Pedro Stucchi, 381, no bairro P\u00e3o de A\u00e7\u00facar. O hor\u00e1rio de funcionamento \u00e9 das 08h30 \u00e0s 16h30, de segunda a sexta-feira.<\/span><\/span><span style=\"font-family: Arial, sans-serif;\"><span style=\"font-size: medium;\"><b><\/p>\n<p>Prefeitura de Capivari. Transformando o presente, construindo\u00a0o\u00a0futuro.<\/b><\/span><\/span><\/p>\n","protected":false},"excerpt":{"rendered":"<p>Cerca de 35 alunos da Escola de Educa\u00e7\u00e3o Integral de Capivari (Eicap) Jos\u00e9 Annicchino Fu Paulo participaram do projeto \u201cCapivari na Sala S\u00e3o Paulo\u201d, que leva alunos da Rede Municipal da cidade para assistirem a concertos da Orquestra Sinf\u00f4nica do Estado de S\u00e3o Paulo (Osesp). A visita busca popularizar a m\u00fasica de concerto entre crian\u00e7as [&hellip;]<\/p>\n","protected":false},"author":15,"featured_media":15355,"comment_status":"open","ping_status":"open","sticky":false,"template":"","format":"standard","meta":{"ocean_post_layout":"","ocean_both_sidebars_style":"","ocean_both_sidebars_content_width":0,"ocean_both_sidebars_sidebars_width":0,"ocean_sidebar":"","ocean_second_sidebar":"","ocean_disable_margins":"enable","ocean_add_body_class":"","ocean_shortcode_before_top_bar":"","ocean_shortcode_after_top_bar":"","ocean_shortcode_before_header":"","ocean_shortcode_after_header":"","ocean_has_shortcode":"","ocean_shortcode_after_title":"","ocean_shortcode_before_footer_widgets":"","ocean_shortcode_after_footer_widgets":"","ocean_shortcode_before_footer_bottom":"","ocean_shortcode_after_footer_bottom":"","ocean_display_top_bar":"default","ocean_display_header":"default","ocean_header_style":"","ocean_center_header_left_menu":"","ocean_custom_header_template":"","ocean_custom_logo":0,"ocean_custom_retina_logo":0,"ocean_custom_logo_max_width":0,"ocean_custom_logo_tablet_max_width":0,"ocean_custom_logo_mobile_max_width":0,"ocean_custom_logo_max_height":0,"ocean_custom_logo_tablet_max_height":0,"ocean_custom_logo_mobile_max_height":0,"ocean_header_custom_menu":"","ocean_menu_typo_font_family":"","ocean_menu_typo_font_subset":"","ocean_menu_typo_font_size":0,"ocean_menu_typo_font_size_tablet":0,"ocean_menu_typo_font_size_mobile":0,"ocean_menu_typo_font_size_unit":"px","ocean_menu_typo_font_weight":"","ocean_menu_typo_font_weight_tablet":"","ocean_menu_typo_font_weight_mobile":"","ocean_menu_typo_transform":"","ocean_menu_typo_transform_tablet":"","ocean_menu_typo_transform_mobile":"","ocean_menu_typo_line_height":0,"ocean_menu_typo_line_height_tablet":0,"ocean_menu_typo_line_height_mobile":0,"ocean_menu_typo_line_height_unit":"","ocean_menu_typo_spacing":0,"ocean_menu_typo_spacing_tablet":0,"ocean_menu_typo_spacing_mobile":0,"ocean_menu_typo_spacing_unit":"","ocean_menu_link_color":"","ocean_menu_link_color_hover":"","ocean_menu_link_color_active":"","ocean_menu_link_background":"","ocean_menu_link_hover_background":"","ocean_menu_link_active_background":"","ocean_menu_social_links_bg":"","ocean_menu_social_hover_links_bg":"","ocean_menu_social_links_color":"","ocean_menu_social_hover_links_color":"","ocean_disable_title":"default","ocean_disable_heading":"default","ocean_post_title":"","ocean_post_subheading":"","ocean_post_title_style":"","ocean_post_title_background_color":"","ocean_post_title_background":0,"ocean_post_title_bg_image_position":"","ocean_post_title_bg_image_attachment":"","ocean_post_title_bg_image_repeat":"","ocean_post_title_bg_image_size":"","ocean_post_title_height":0,"ocean_post_title_bg_overlay":0.5,"ocean_post_title_bg_overlay_color":"","ocean_disable_breadcrumbs":"default","ocean_breadcrumbs_color":"","ocean_breadcrumbs_separator_color":"","ocean_breadcrumbs_links_color":"","ocean_breadcrumbs_links_hover_color":"","ocean_display_footer_widgets":"default","ocean_display_footer_bottom":"default","ocean_custom_footer_template":"","ocean_post_oembed":"","ocean_post_self_hosted_media":"","ocean_post_video_embed":"","ocean_link_format":"","ocean_link_format_target":"self","ocean_quote_format":"","ocean_quote_format_link":"post","ocean_gallery_link_images":"on","ocean_gallery_id":[],"footnotes":""},"categories":[4,21,5],"tags":[],"class_list":["post-15354","post","type-post","status-publish","format-standard","has-post-thumbnail","hentry","category-destaque","category-educacao","category-geral","entry","has-media"],"yoast_head":"<!-- This site is optimized with the Yoast SEO plugin v27.5 - https:\/\/yoast.com\/product\/yoast-seo-wordpress\/ -->\n<title>Alunos da Eicap Jos\u00e9 Annicchino Fu Paulo visitam capital e assistem concerto por meio do projeto \u201cCapivari na Sala S\u00e3o Paulo\u201d - Prefeitura de Capivari<\/title>\n<meta name=\"robots\" content=\"index, follow, max-snippet:-1, max-image-preview:large, max-video-preview:-1\" \/>\n<link rel=\"canonical\" href=\"https:\/\/capivari.sp.gov.br\/portal\/alunos-da-eicap-jose-annicchino-fu-paulo-visitam-capital-e-assistem-concerto-por-meio-do-projeto-capivari-na-sala-sao-paulo\/\" \/>\n<meta property=\"og:locale\" content=\"pt_BR\" \/>\n<meta property=\"og:type\" content=\"article\" \/>\n<meta property=\"og:title\" content=\"Alunos da Eicap Jos\u00e9 Annicchino Fu Paulo visitam capital e assistem concerto por meio do projeto \u201cCapivari na Sala S\u00e3o Paulo\u201d - Prefeitura de Capivari\" \/>\n<meta property=\"og:description\" content=\"Cerca de 35 alunos da Escola de Educa\u00e7\u00e3o Integral de Capivari (Eicap) Jos\u00e9 Annicchino Fu Paulo participaram do projeto \u201cCapivari na Sala S\u00e3o Paulo\u201d, que leva alunos da Rede Municipal da cidade para assistirem a concertos da Orquestra Sinf\u00f4nica do Estado de S\u00e3o Paulo (Osesp). A visita busca popularizar a m\u00fasica de concerto entre crian\u00e7as [&hellip;]\" \/>\n<meta property=\"og:url\" content=\"https:\/\/capivari.sp.gov.br\/portal\/alunos-da-eicap-jose-annicchino-fu-paulo-visitam-capital-e-assistem-concerto-por-meio-do-projeto-capivari-na-sala-sao-paulo\/\" \/>\n<meta property=\"og:site_name\" content=\"Prefeitura de Capivari\" \/>\n<meta property=\"article:publisher\" content=\"https:\/\/www.facebook.com\/PrefeituradeCapivari\/\" \/>\n<meta property=\"article:published_time\" content=\"2023-10-24T12:49:22+00:00\" \/>\n<meta property=\"og:image\" content=\"https:\/\/capivari.sp.gov.br\/portal\/wp-content\/uploads\/2023\/10\/Fu-Paulo-Escolhida.jpg\" \/>\n\t<meta property=\"og:image:width\" content=\"1600\" \/>\n\t<meta property=\"og:image:height\" content=\"1200\" \/>\n\t<meta property=\"og:image:type\" content=\"image\/jpeg\" \/>\n<meta name=\"author\" content=\"Luciano Assis\" \/>\n<meta name=\"twitter:card\" content=\"summary_large_image\" \/>\n<meta name=\"twitter:creator\" content=\"@PrefCapivari\" \/>\n<meta name=\"twitter:site\" content=\"@PrefCapivari\" \/>\n<meta name=\"twitter:label1\" content=\"Escrito por\" \/>\n\t<meta name=\"twitter:data1\" content=\"Luciano Assis\" \/>\n\t<meta name=\"twitter:label2\" content=\"Est. tempo de leitura\" \/>\n\t<meta name=\"twitter:data2\" content=\"2 minutos\" \/>\n<script type=\"application\/ld+json\" class=\"yoast-schema-graph\">{\"@context\":\"https:\\\/\\\/schema.org\",\"@graph\":[{\"@type\":\"Article\",\"@id\":\"https:\\\/\\\/capivari.sp.gov.br\\\/portal\\\/alunos-da-eicap-jose-annicchino-fu-paulo-visitam-capital-e-assistem-concerto-por-meio-do-projeto-capivari-na-sala-sao-paulo\\\/#article\",\"isPartOf\":{\"@id\":\"https:\\\/\\\/capivari.sp.gov.br\\\/portal\\\/alunos-da-eicap-jose-annicchino-fu-paulo-visitam-capital-e-assistem-concerto-por-meio-do-projeto-capivari-na-sala-sao-paulo\\\/\"},\"author\":{\"name\":\"Luciano Assis\",\"@id\":\"https:\\\/\\\/capivari.sp.gov.br\\\/portal\\\/#\\\/schema\\\/person\\\/ac37113577adfc1517e0cfa854b830b4\"},\"headline\":\"Alunos da Eicap Jos\u00e9 Annicchino Fu Paulo visitam capital e assistem concerto por meio do projeto \u201cCapivari na Sala S\u00e3o Paulo\u201d\",\"datePublished\":\"2023-10-24T12:49:22+00:00\",\"mainEntityOfPage\":{\"@id\":\"https:\\\/\\\/capivari.sp.gov.br\\\/portal\\\/alunos-da-eicap-jose-annicchino-fu-paulo-visitam-capital-e-assistem-concerto-por-meio-do-projeto-capivari-na-sala-sao-paulo\\\/\"},\"wordCount\":399,\"commentCount\":0,\"publisher\":{\"@id\":\"https:\\\/\\\/capivari.sp.gov.br\\\/portal\\\/#organization\"},\"image\":{\"@id\":\"https:\\\/\\\/capivari.sp.gov.br\\\/portal\\\/alunos-da-eicap-jose-annicchino-fu-paulo-visitam-capital-e-assistem-concerto-por-meio-do-projeto-capivari-na-sala-sao-paulo\\\/#primaryimage\"},\"thumbnailUrl\":\"https:\\\/\\\/capivari.sp.gov.br\\\/portal\\\/wp-content\\\/uploads\\\/2023\\\/10\\\/Fu-Paulo-Escolhida.jpg\",\"articleSection\":[\"Destaque\",\"Educa\u00e7\u00e3o\",\"Geral\"],\"inLanguage\":\"pt-BR\",\"potentialAction\":[{\"@type\":\"CommentAction\",\"name\":\"Comment\",\"target\":[\"https:\\\/\\\/capivari.sp.gov.br\\\/portal\\\/alunos-da-eicap-jose-annicchino-fu-paulo-visitam-capital-e-assistem-concerto-por-meio-do-projeto-capivari-na-sala-sao-paulo\\\/#respond\"]}]},{\"@type\":\"WebPage\",\"@id\":\"https:\\\/\\\/capivari.sp.gov.br\\\/portal\\\/alunos-da-eicap-jose-annicchino-fu-paulo-visitam-capital-e-assistem-concerto-por-meio-do-projeto-capivari-na-sala-sao-paulo\\\/\",\"url\":\"https:\\\/\\\/capivari.sp.gov.br\\\/portal\\\/alunos-da-eicap-jose-annicchino-fu-paulo-visitam-capital-e-assistem-concerto-por-meio-do-projeto-capivari-na-sala-sao-paulo\\\/\",\"name\":\"Alunos da Eicap Jos\u00e9 Annicchino Fu Paulo visitam capital e assistem concerto por meio do projeto \u201cCapivari na Sala S\u00e3o Paulo\u201d - Prefeitura de Capivari\",\"isPartOf\":{\"@id\":\"https:\\\/\\\/capivari.sp.gov.br\\\/portal\\\/#website\"},\"primaryImageOfPage\":{\"@id\":\"https:\\\/\\\/capivari.sp.gov.br\\\/portal\\\/alunos-da-eicap-jose-annicchino-fu-paulo-visitam-capital-e-assistem-concerto-por-meio-do-projeto-capivari-na-sala-sao-paulo\\\/#primaryimage\"},\"image\":{\"@id\":\"https:\\\/\\\/capivari.sp.gov.br\\\/portal\\\/alunos-da-eicap-jose-annicchino-fu-paulo-visitam-capital-e-assistem-concerto-por-meio-do-projeto-capivari-na-sala-sao-paulo\\\/#primaryimage\"},\"thumbnailUrl\":\"https:\\\/\\\/capivari.sp.gov.br\\\/portal\\\/wp-content\\\/uploads\\\/2023\\\/10\\\/Fu-Paulo-Escolhida.jpg\",\"datePublished\":\"2023-10-24T12:49:22+00:00\",\"breadcrumb\":{\"@id\":\"https:\\\/\\\/capivari.sp.gov.br\\\/portal\\\/alunos-da-eicap-jose-annicchino-fu-paulo-visitam-capital-e-assistem-concerto-por-meio-do-projeto-capivari-na-sala-sao-paulo\\\/#breadcrumb\"},\"inLanguage\":\"pt-BR\",\"potentialAction\":[{\"@type\":\"ReadAction\",\"target\":[\"https:\\\/\\\/capivari.sp.gov.br\\\/portal\\\/alunos-da-eicap-jose-annicchino-fu-paulo-visitam-capital-e-assistem-concerto-por-meio-do-projeto-capivari-na-sala-sao-paulo\\\/\"]}]},{\"@type\":\"ImageObject\",\"inLanguage\":\"pt-BR\",\"@id\":\"https:\\\/\\\/capivari.sp.gov.br\\\/portal\\\/alunos-da-eicap-jose-annicchino-fu-paulo-visitam-capital-e-assistem-concerto-por-meio-do-projeto-capivari-na-sala-sao-paulo\\\/#primaryimage\",\"url\":\"https:\\\/\\\/capivari.sp.gov.br\\\/portal\\\/wp-content\\\/uploads\\\/2023\\\/10\\\/Fu-Paulo-Escolhida.jpg\",\"contentUrl\":\"https:\\\/\\\/capivari.sp.gov.br\\\/portal\\\/wp-content\\\/uploads\\\/2023\\\/10\\\/Fu-Paulo-Escolhida.jpg\",\"width\":1600,\"height\":1200},{\"@type\":\"BreadcrumbList\",\"@id\":\"https:\\\/\\\/capivari.sp.gov.br\\\/portal\\\/alunos-da-eicap-jose-annicchino-fu-paulo-visitam-capital-e-assistem-concerto-por-meio-do-projeto-capivari-na-sala-sao-paulo\\\/#breadcrumb\",\"itemListElement\":[{\"@type\":\"ListItem\",\"position\":1,\"name\":\"In\u00edcio\",\"item\":\"https:\\\/\\\/capivari.sp.gov.br\\\/portal\\\/\"},{\"@type\":\"ListItem\",\"position\":2,\"name\":\"Alunos da Eicap Jos\u00e9 Annicchino Fu Paulo visitam capital e assistem concerto por meio do projeto \u201cCapivari na Sala S\u00e3o Paulo\u201d\"}]},{\"@type\":\"WebSite\",\"@id\":\"https:\\\/\\\/capivari.sp.gov.br\\\/portal\\\/#website\",\"url\":\"https:\\\/\\\/capivari.sp.gov.br\\\/portal\\\/\",\"name\":\"Prefeitura de Capivari\",\"description\":\"Prefeitura de Capivari\",\"publisher\":{\"@id\":\"https:\\\/\\\/capivari.sp.gov.br\\\/portal\\\/#organization\"},\"potentialAction\":[{\"@type\":\"SearchAction\",\"target\":{\"@type\":\"EntryPoint\",\"urlTemplate\":\"https:\\\/\\\/capivari.sp.gov.br\\\/portal\\\/?s={search_term_string}\"},\"query-input\":{\"@type\":\"PropertyValueSpecification\",\"valueRequired\":true,\"valueName\":\"search_term_string\"}}],\"inLanguage\":\"pt-BR\"},{\"@type\":\"Organization\",\"@id\":\"https:\\\/\\\/capivari.sp.gov.br\\\/portal\\\/#organization\",\"name\":\"Prefeitura de Capivari\",\"url\":\"https:\\\/\\\/capivari.sp.gov.br\\\/portal\\\/\",\"logo\":{\"@type\":\"ImageObject\",\"inLanguage\":\"pt-BR\",\"@id\":\"https:\\\/\\\/capivari.sp.gov.br\\\/portal\\\/#\\\/schema\\\/logo\\\/image\\\/\",\"url\":\"https:\\\/\\\/capivari.sp.gov.br\\\/portal\\\/wp-content\\\/uploads\\\/2021\\\/09\\\/logo-prefeitura-de-capivari.png\",\"contentUrl\":\"https:\\\/\\\/capivari.sp.gov.br\\\/portal\\\/wp-content\\\/uploads\\\/2021\\\/09\\\/logo-prefeitura-de-capivari.png\",\"width\":200,\"height\":147,\"caption\":\"Prefeitura de Capivari\"},\"image\":{\"@id\":\"https:\\\/\\\/capivari.sp.gov.br\\\/portal\\\/#\\\/schema\\\/logo\\\/image\\\/\"},\"sameAs\":[\"https:\\\/\\\/www.facebook.com\\\/PrefeituradeCapivari\\\/\",\"https:\\\/\\\/x.com\\\/PrefCapivari\",\"https:\\\/\\\/www.instagram.com\\\/prefeituracapivari\\\/\"]},{\"@type\":\"Person\",\"@id\":\"https:\\\/\\\/capivari.sp.gov.br\\\/portal\\\/#\\\/schema\\\/person\\\/ac37113577adfc1517e0cfa854b830b4\",\"name\":\"Luciano Assis\",\"image\":{\"@type\":\"ImageObject\",\"inLanguage\":\"pt-BR\",\"@id\":\"https:\\\/\\\/secure.gravatar.com\\\/avatar\\\/ec163f977a02ac195ce6085f5110a8c4c8c6cc357c134002f73b4664772e79a5?s=96&d=mm&r=g\",\"url\":\"https:\\\/\\\/secure.gravatar.com\\\/avatar\\\/ec163f977a02ac195ce6085f5110a8c4c8c6cc357c134002f73b4664772e79a5?s=96&d=mm&r=g\",\"contentUrl\":\"https:\\\/\\\/secure.gravatar.com\\\/avatar\\\/ec163f977a02ac195ce6085f5110a8c4c8c6cc357c134002f73b4664772e79a5?s=96&d=mm&r=g\",\"caption\":\"Luciano Assis\"},\"url\":\"https:\\\/\\\/capivari.sp.gov.br\\\/portal\\\/author\\\/luciano-assis\\\/\"}]}<\/script>\n<!-- \/ Yoast SEO plugin. -->","yoast_head_json":{"title":"Alunos da Eicap Jos\u00e9 Annicchino Fu Paulo visitam capital e assistem concerto por meio do projeto \u201cCapivari na Sala S\u00e3o Paulo\u201d - Prefeitura de Capivari","robots":{"index":"index","follow":"follow","max-snippet":"max-snippet:-1","max-image-preview":"max-image-preview:large","max-video-preview":"max-video-preview:-1"},"canonical":"https:\/\/capivari.sp.gov.br\/portal\/alunos-da-eicap-jose-annicchino-fu-paulo-visitam-capital-e-assistem-concerto-por-meio-do-projeto-capivari-na-sala-sao-paulo\/","og_locale":"pt_BR","og_type":"article","og_title":"Alunos da Eicap Jos\u00e9 Annicchino Fu Paulo visitam capital e assistem concerto por meio do projeto \u201cCapivari na Sala S\u00e3o Paulo\u201d - Prefeitura de Capivari","og_description":"Cerca de 35 alunos da Escola de Educa\u00e7\u00e3o Integral de Capivari (Eicap) Jos\u00e9 Annicchino Fu Paulo participaram do projeto \u201cCapivari na Sala S\u00e3o Paulo\u201d, que leva alunos da Rede Municipal da cidade para assistirem a concertos da Orquestra Sinf\u00f4nica do Estado de S\u00e3o Paulo (Osesp). A visita busca popularizar a m\u00fasica de concerto entre crian\u00e7as [&hellip;]","og_url":"https:\/\/capivari.sp.gov.br\/portal\/alunos-da-eicap-jose-annicchino-fu-paulo-visitam-capital-e-assistem-concerto-por-meio-do-projeto-capivari-na-sala-sao-paulo\/","og_site_name":"Prefeitura de Capivari","article_publisher":"https:\/\/www.facebook.com\/PrefeituradeCapivari\/","article_published_time":"2023-10-24T12:49:22+00:00","og_image":[{"width":1600,"height":1200,"url":"https:\/\/capivari.sp.gov.br\/portal\/wp-content\/uploads\/2023\/10\/Fu-Paulo-Escolhida.jpg","type":"image\/jpeg"}],"author":"Luciano Assis","twitter_card":"summary_large_image","twitter_creator":"@PrefCapivari","twitter_site":"@PrefCapivari","twitter_misc":{"Escrito por":"Luciano Assis","Est. tempo de leitura":"2 minutos"},"schema":{"@context":"https:\/\/schema.org","@graph":[{"@type":"Article","@id":"https:\/\/capivari.sp.gov.br\/portal\/alunos-da-eicap-jose-annicchino-fu-paulo-visitam-capital-e-assistem-concerto-por-meio-do-projeto-capivari-na-sala-sao-paulo\/#article","isPartOf":{"@id":"https:\/\/capivari.sp.gov.br\/portal\/alunos-da-eicap-jose-annicchino-fu-paulo-visitam-capital-e-assistem-concerto-por-meio-do-projeto-capivari-na-sala-sao-paulo\/"},"author":{"name":"Luciano Assis","@id":"https:\/\/capivari.sp.gov.br\/portal\/#\/schema\/person\/ac37113577adfc1517e0cfa854b830b4"},"headline":"Alunos da Eicap Jos\u00e9 Annicchino Fu Paulo visitam capital e assistem concerto por meio do projeto \u201cCapivari na Sala S\u00e3o Paulo\u201d","datePublished":"2023-10-24T12:49:22+00:00","mainEntityOfPage":{"@id":"https:\/\/capivari.sp.gov.br\/portal\/alunos-da-eicap-jose-annicchino-fu-paulo-visitam-capital-e-assistem-concerto-por-meio-do-projeto-capivari-na-sala-sao-paulo\/"},"wordCount":399,"commentCount":0,"publisher":{"@id":"https:\/\/capivari.sp.gov.br\/portal\/#organization"},"image":{"@id":"https:\/\/capivari.sp.gov.br\/portal\/alunos-da-eicap-jose-annicchino-fu-paulo-visitam-capital-e-assistem-concerto-por-meio-do-projeto-capivari-na-sala-sao-paulo\/#primaryimage"},"thumbnailUrl":"https:\/\/capivari.sp.gov.br\/portal\/wp-content\/uploads\/2023\/10\/Fu-Paulo-Escolhida.jpg","articleSection":["Destaque","Educa\u00e7\u00e3o","Geral"],"inLanguage":"pt-BR","potentialAction":[{"@type":"CommentAction","name":"Comment","target":["https:\/\/capivari.sp.gov.br\/portal\/alunos-da-eicap-jose-annicchino-fu-paulo-visitam-capital-e-assistem-concerto-por-meio-do-projeto-capivari-na-sala-sao-paulo\/#respond"]}]},{"@type":"WebPage","@id":"https:\/\/capivari.sp.gov.br\/portal\/alunos-da-eicap-jose-annicchino-fu-paulo-visitam-capital-e-assistem-concerto-por-meio-do-projeto-capivari-na-sala-sao-paulo\/","url":"https:\/\/capivari.sp.gov.br\/portal\/alunos-da-eicap-jose-annicchino-fu-paulo-visitam-capital-e-assistem-concerto-por-meio-do-projeto-capivari-na-sala-sao-paulo\/","name":"Alunos da Eicap Jos\u00e9 Annicchino Fu Paulo visitam capital e assistem concerto por meio do projeto \u201cCapivari na Sala S\u00e3o Paulo\u201d - Prefeitura de Capivari","isPartOf":{"@id":"https:\/\/capivari.sp.gov.br\/portal\/#website"},"primaryImageOfPage":{"@id":"https:\/\/capivari.sp.gov.br\/portal\/alunos-da-eicap-jose-annicchino-fu-paulo-visitam-capital-e-assistem-concerto-por-meio-do-projeto-capivari-na-sala-sao-paulo\/#primaryimage"},"image":{"@id":"https:\/\/capivari.sp.gov.br\/portal\/alunos-da-eicap-jose-annicchino-fu-paulo-visitam-capital-e-assistem-concerto-por-meio-do-projeto-capivari-na-sala-sao-paulo\/#primaryimage"},"thumbnailUrl":"https:\/\/capivari.sp.gov.br\/portal\/wp-content\/uploads\/2023\/10\/Fu-Paulo-Escolhida.jpg","datePublished":"2023-10-24T12:49:22+00:00","breadcrumb":{"@id":"https:\/\/capivari.sp.gov.br\/portal\/alunos-da-eicap-jose-annicchino-fu-paulo-visitam-capital-e-assistem-concerto-por-meio-do-projeto-capivari-na-sala-sao-paulo\/#breadcrumb"},"inLanguage":"pt-BR","potentialAction":[{"@type":"ReadAction","target":["https:\/\/capivari.sp.gov.br\/portal\/alunos-da-eicap-jose-annicchino-fu-paulo-visitam-capital-e-assistem-concerto-por-meio-do-projeto-capivari-na-sala-sao-paulo\/"]}]},{"@type":"ImageObject","inLanguage":"pt-BR","@id":"https:\/\/capivari.sp.gov.br\/portal\/alunos-da-eicap-jose-annicchino-fu-paulo-visitam-capital-e-assistem-concerto-por-meio-do-projeto-capivari-na-sala-sao-paulo\/#primaryimage","url":"https:\/\/capivari.sp.gov.br\/portal\/wp-content\/uploads\/2023\/10\/Fu-Paulo-Escolhida.jpg","contentUrl":"https:\/\/capivari.sp.gov.br\/portal\/wp-content\/uploads\/2023\/10\/Fu-Paulo-Escolhida.jpg","width":1600,"height":1200},{"@type":"BreadcrumbList","@id":"https:\/\/capivari.sp.gov.br\/portal\/alunos-da-eicap-jose-annicchino-fu-paulo-visitam-capital-e-assistem-concerto-por-meio-do-projeto-capivari-na-sala-sao-paulo\/#breadcrumb","itemListElement":[{"@type":"ListItem","position":1,"name":"In\u00edcio","item":"https:\/\/capivari.sp.gov.br\/portal\/"},{"@type":"ListItem","position":2,"name":"Alunos da Eicap Jos\u00e9 Annicchino Fu Paulo visitam capital e assistem concerto por meio do projeto \u201cCapivari na Sala S\u00e3o Paulo\u201d"}]},{"@type":"WebSite","@id":"https:\/\/capivari.sp.gov.br\/portal\/#website","url":"https:\/\/capivari.sp.gov.br\/portal\/","name":"Prefeitura de Capivari","description":"Prefeitura de Capivari","publisher":{"@id":"https:\/\/capivari.sp.gov.br\/portal\/#organization"},"potentialAction":[{"@type":"SearchAction","target":{"@type":"EntryPoint","urlTemplate":"https:\/\/capivari.sp.gov.br\/portal\/?s={search_term_string}"},"query-input":{"@type":"PropertyValueSpecification","valueRequired":true,"valueName":"search_term_string"}}],"inLanguage":"pt-BR"},{"@type":"Organization","@id":"https:\/\/capivari.sp.gov.br\/portal\/#organization","name":"Prefeitura de Capivari","url":"https:\/\/capivari.sp.gov.br\/portal\/","logo":{"@type":"ImageObject","inLanguage":"pt-BR","@id":"https:\/\/capivari.sp.gov.br\/portal\/#\/schema\/logo\/image\/","url":"https:\/\/capivari.sp.gov.br\/portal\/wp-content\/uploads\/2021\/09\/logo-prefeitura-de-capivari.png","contentUrl":"https:\/\/capivari.sp.gov.br\/portal\/wp-content\/uploads\/2021\/09\/logo-prefeitura-de-capivari.png","width":200,"height":147,"caption":"Prefeitura de Capivari"},"image":{"@id":"https:\/\/capivari.sp.gov.br\/portal\/#\/schema\/logo\/image\/"},"sameAs":["https:\/\/www.facebook.com\/PrefeituradeCapivari\/","https:\/\/x.com\/PrefCapivari","https:\/\/www.instagram.com\/prefeituracapivari\/"]},{"@type":"Person","@id":"https:\/\/capivari.sp.gov.br\/portal\/#\/schema\/person\/ac37113577adfc1517e0cfa854b830b4","name":"Luciano Assis","image":{"@type":"ImageObject","inLanguage":"pt-BR","@id":"https:\/\/secure.gravatar.com\/avatar\/ec163f977a02ac195ce6085f5110a8c4c8c6cc357c134002f73b4664772e79a5?s=96&d=mm&r=g","url":"https:\/\/secure.gravatar.com\/avatar\/ec163f977a02ac195ce6085f5110a8c4c8c6cc357c134002f73b4664772e79a5?s=96&d=mm&r=g","contentUrl":"https:\/\/secure.gravatar.com\/avatar\/ec163f977a02ac195ce6085f5110a8c4c8c6cc357c134002f73b4664772e79a5?s=96&d=mm&r=g","caption":"Luciano Assis"},"url":"https:\/\/capivari.sp.gov.br\/portal\/author\/luciano-assis\/"}]}},"_links":{"self":[{"href":"https:\/\/capivari.sp.gov.br\/portal\/wp-json\/wp\/v2\/posts\/15354","targetHints":{"allow":["GET"]}}],"collection":[{"href":"https:\/\/capivari.sp.gov.br\/portal\/wp-json\/wp\/v2\/posts"}],"about":[{"href":"https:\/\/capivari.sp.gov.br\/portal\/wp-json\/wp\/v2\/types\/post"}],"author":[{"embeddable":true,"href":"https:\/\/capivari.sp.gov.br\/portal\/wp-json\/wp\/v2\/users\/15"}],"replies":[{"embeddable":true,"href":"https:\/\/capivari.sp.gov.br\/portal\/wp-json\/wp\/v2\/comments?post=15354"}],"version-history":[{"count":1,"href":"https:\/\/capivari.sp.gov.br\/portal\/wp-json\/wp\/v2\/posts\/15354\/revisions"}],"predecessor-version":[{"id":15356,"href":"https:\/\/capivari.sp.gov.br\/portal\/wp-json\/wp\/v2\/posts\/15354\/revisions\/15356"}],"wp:featuredmedia":[{"embeddable":true,"href":"https:\/\/capivari.sp.gov.br\/portal\/wp-json\/wp\/v2\/media\/15355"}],"wp:attachment":[{"href":"https:\/\/capivari.sp.gov.br\/portal\/wp-json\/wp\/v2\/media?parent=15354"}],"wp:term":[{"taxonomy":"category","embeddable":true,"href":"https:\/\/capivari.sp.gov.br\/portal\/wp-json\/wp\/v2\/categories?post=15354"},{"taxonomy":"post_tag","embeddable":true,"href":"https:\/\/capivari.sp.gov.br\/portal\/wp-json\/wp\/v2\/tags?post=15354"}],"curies":[{"name":"wp","href":"https:\/\/api.w.org\/{rel}","templated":true}]}}