{"id":15724,"date":"2023-11-14T15:01:29","date_gmt":"2023-11-14T18:01:29","guid":{"rendered":"https:\/\/capivari.sp.gov.br\/portal\/?p=15724"},"modified":"2023-11-14T15:01:29","modified_gmt":"2023-11-14T18:01:29","slug":"evento-em-comemoracao-aos-15-anos-do-programa-caminha-comigo-reune-cerca-de-100-pessoas-no-parque-ecologico-murilo-ferreira-carnicelli","status":"publish","type":"post","link":"https:\/\/capivari.sp.gov.br\/portal\/evento-em-comemoracao-aos-15-anos-do-programa-caminha-comigo-reune-cerca-de-100-pessoas-no-parque-ecologico-murilo-ferreira-carnicelli\/","title":{"rendered":"Evento em comemora\u00e7\u00e3o aos 15 anos do programa \u201cCaminha Comigo\u201d re\u00fane cerca de 100 pessoas no Parque Ecol\u00f3gico \u201cMurilo Ferreira Carnicelli\u201d"},"content":{"rendered":"<p>A manh\u00e3 desta ter\u00e7a-feira, dia 14, serviu como um grande marco para os participantes do programa \u201cCaminha Comigo\u201d da Secretaria de Sa\u00fade. A a\u00e7\u00e3o celebrou o 15\u00ba ano de exist\u00eancia do programa que foi celebrado nesta semana e para simbolizar essa data t\u00e3o especial, uma reuni\u00e3o foi organizada no Parque Ecol\u00f3gico \u201cMurilo Ferreira Carnicelli\u201d para aproximadamente 100 pessoas, contando com muita anima\u00e7\u00e3o e qualidade de vida.<\/p>\n<p>O evento contou com a presen\u00e7a da secret\u00e1ria de Sa\u00fade, Vl\u00e1dia Guimar\u00e3es e tamb\u00e9m da interlocutora da Aten\u00e7\u00e3o B\u00e1sica da DRS-X Piracicaba, Adriana Sturion. Os professores de Educa\u00e7\u00e3o F\u00edsica que atuam no \u201cCaminha Comigo\u201d Eduardo Eug\u00eanio de Toledo e Cleusio Aparecido do Prado estiveram presentes para conduzir as atividades e din\u00e2micas entre os participantes que estiveram no local. Logo ap\u00f3s os discursos, houve cantos de parab\u00e9ns e distribui\u00e7\u00e3o de brindes.<\/p>\n<p>O programa conta com a reuni\u00e3o de grupos interessados na pr\u00e1tica de atividades f\u00edsicas em geral, que s\u00e3o fundamentais para o combate e preven\u00e7\u00e3o de doen\u00e7as recorrentes na vida do ser humano ap\u00f3s determinada idade, tais como diabetes, hipertens\u00e3o, obesidade, entre outros. Cada grupo de participantes \u00e9 orientado por um profissional de Educa\u00e7\u00e3o F\u00edsica para que os exerc\u00edcios sejam aplicados corretamente. Os encontros acontecem semanalmente em dias espec\u00edficos para cada localidade.<\/p>\n<p>Para fazer parte do programa \u201cCaminha Comigo\u201d, \u00e9 necess\u00e1rio procurar o posto de sa\u00fade mais pr\u00f3ximo de sua resid\u00eancia e se informar sobre dias e hor\u00e1rios, al\u00e9m do que \u00e9 necess\u00e1rio para participar. Para mais informa\u00e7\u00f5es sobre esse assunto a Secretaria de Sa\u00fade atende atrav\u00e9s do telefone (19) 3492-8200.<\/p>\n<p>Prefeitura de Capivari. Transformando o presente, construindo o futuro.<\/p>\n","protected":false},"excerpt":{"rendered":"<p>A manh\u00e3 desta ter\u00e7a-feira, dia 14, serviu como um grande marco para os participantes do programa \u201cCaminha Comigo\u201d da Secretaria de Sa\u00fade. A a\u00e7\u00e3o celebrou o 15\u00ba ano de exist\u00eancia do programa que foi celebrado nesta semana e para simbolizar essa data t\u00e3o especial, uma reuni\u00e3o foi organizada no Parque Ecol\u00f3gico \u201cMurilo Ferreira Carnicelli\u201d para [&hellip;]<\/p>\n","protected":false},"author":2,"featured_media":15725,"comment_status":"open","ping_status":"open","sticky":false,"template":"","format":"standard","meta":{"ocean_post_layout":"","ocean_both_sidebars_style":"","ocean_both_sidebars_content_width":0,"ocean_both_sidebars_sidebars_width":0,"ocean_sidebar":"","ocean_second_sidebar":"","ocean_disable_margins":"enable","ocean_add_body_class":"","ocean_shortcode_before_top_bar":"","ocean_shortcode_after_top_bar":"","ocean_shortcode_before_header":"","ocean_shortcode_after_header":"","ocean_has_shortcode":"","ocean_shortcode_after_title":"","ocean_shortcode_before_footer_widgets":"","ocean_shortcode_after_footer_widgets":"","ocean_shortcode_before_footer_bottom":"","ocean_shortcode_after_footer_bottom":"","ocean_display_top_bar":"default","ocean_display_header":"default","ocean_header_style":"","ocean_center_header_left_menu":"","ocean_custom_header_template":"","ocean_custom_logo":0,"ocean_custom_retina_logo":0,"ocean_custom_logo_max_width":0,"ocean_custom_logo_tablet_max_width":0,"ocean_custom_logo_mobile_max_width":0,"ocean_custom_logo_max_height":0,"ocean_custom_logo_tablet_max_height":0,"ocean_custom_logo_mobile_max_height":0,"ocean_header_custom_menu":"","ocean_menu_typo_font_family":"","ocean_menu_typo_font_subset":"","ocean_menu_typo_font_size":0,"ocean_menu_typo_font_size_tablet":0,"ocean_menu_typo_font_size_mobile":0,"ocean_menu_typo_font_size_unit":"px","ocean_menu_typo_font_weight":"","ocean_menu_typo_font_weight_tablet":"","ocean_menu_typo_font_weight_mobile":"","ocean_menu_typo_transform":"","ocean_menu_typo_transform_tablet":"","ocean_menu_typo_transform_mobile":"","ocean_menu_typo_line_height":0,"ocean_menu_typo_line_height_tablet":0,"ocean_menu_typo_line_height_mobile":0,"ocean_menu_typo_line_height_unit":"","ocean_menu_typo_spacing":0,"ocean_menu_typo_spacing_tablet":0,"ocean_menu_typo_spacing_mobile":0,"ocean_menu_typo_spacing_unit":"","ocean_menu_link_color":"","ocean_menu_link_color_hover":"","ocean_menu_link_color_active":"","ocean_menu_link_background":"","ocean_menu_link_hover_background":"","ocean_menu_link_active_background":"","ocean_menu_social_links_bg":"","ocean_menu_social_hover_links_bg":"","ocean_menu_social_links_color":"","ocean_menu_social_hover_links_color":"","ocean_disable_title":"default","ocean_disable_heading":"default","ocean_post_title":"","ocean_post_subheading":"","ocean_post_title_style":"","ocean_post_title_background_color":"","ocean_post_title_background":0,"ocean_post_title_bg_image_position":"","ocean_post_title_bg_image_attachment":"","ocean_post_title_bg_image_repeat":"","ocean_post_title_bg_image_size":"","ocean_post_title_height":0,"ocean_post_title_bg_overlay":0.5,"ocean_post_title_bg_overlay_color":"","ocean_disable_breadcrumbs":"default","ocean_breadcrumbs_color":"","ocean_breadcrumbs_separator_color":"","ocean_breadcrumbs_links_color":"","ocean_breadcrumbs_links_hover_color":"","ocean_display_footer_widgets":"default","ocean_display_footer_bottom":"default","ocean_custom_footer_template":"","ocean_post_oembed":"","ocean_post_self_hosted_media":"","ocean_post_video_embed":"","ocean_link_format":"","ocean_link_format_target":"self","ocean_quote_format":"","ocean_quote_format_link":"post","ocean_gallery_link_images":"off","ocean_gallery_id":[],"footnotes":""},"categories":[4,5,31],"tags":[],"class_list":["post-15724","post","type-post","status-publish","format-standard","has-post-thumbnail","hentry","category-destaque","category-geral","category-saude","entry","has-media"],"yoast_head":"<!-- This site is optimized with the Yoast SEO plugin v27.4 - https:\/\/yoast.com\/product\/yoast-seo-wordpress\/ -->\n<title>Evento em comemora\u00e7\u00e3o aos 15 anos do programa \u201cCaminha Comigo\u201d re\u00fane cerca de 100 pessoas no Parque Ecol\u00f3gico \u201cMurilo Ferreira Carnicelli\u201d - Prefeitura de Capivari<\/title>\n<meta name=\"robots\" content=\"index, follow, max-snippet:-1, max-image-preview:large, max-video-preview:-1\" \/>\n<link rel=\"canonical\" href=\"https:\/\/capivari.sp.gov.br\/portal\/evento-em-comemoracao-aos-15-anos-do-programa-caminha-comigo-reune-cerca-de-100-pessoas-no-parque-ecologico-murilo-ferreira-carnicelli\/\" \/>\n<meta property=\"og:locale\" content=\"pt_BR\" \/>\n<meta property=\"og:type\" content=\"article\" \/>\n<meta property=\"og:title\" content=\"Evento em comemora\u00e7\u00e3o aos 15 anos do programa \u201cCaminha Comigo\u201d re\u00fane cerca de 100 pessoas no Parque Ecol\u00f3gico \u201cMurilo Ferreira Carnicelli\u201d - Prefeitura de Capivari\" \/>\n<meta property=\"og:description\" content=\"A manh\u00e3 desta ter\u00e7a-feira, dia 14, serviu como um grande marco para os participantes do programa \u201cCaminha Comigo\u201d da Secretaria de Sa\u00fade. A a\u00e7\u00e3o celebrou o 15\u00ba ano de exist\u00eancia do programa que foi celebrado nesta semana e para simbolizar essa data t\u00e3o especial, uma reuni\u00e3o foi organizada no Parque Ecol\u00f3gico \u201cMurilo Ferreira Carnicelli\u201d para [&hellip;]\" \/>\n<meta property=\"og:url\" content=\"https:\/\/capivari.sp.gov.br\/portal\/evento-em-comemoracao-aos-15-anos-do-programa-caminha-comigo-reune-cerca-de-100-pessoas-no-parque-ecologico-murilo-ferreira-carnicelli\/\" \/>\n<meta property=\"og:site_name\" content=\"Prefeitura de Capivari\" \/>\n<meta property=\"article:publisher\" content=\"https:\/\/www.facebook.com\/PrefeituradeCapivari\/\" \/>\n<meta property=\"article:published_time\" content=\"2023-11-14T18:01:29+00:00\" \/>\n<meta property=\"og:image\" content=\"https:\/\/capivari.sp.gov.br\/portal\/wp-content\/uploads\/2023\/11\/IMG_8926-scaled.jpg\" \/>\n\t<meta property=\"og:image:width\" content=\"2560\" \/>\n\t<meta property=\"og:image:height\" content=\"1707\" \/>\n\t<meta property=\"og:image:type\" content=\"image\/jpeg\" \/>\n<meta name=\"author\" content=\"Thalles Cristiano\" \/>\n<meta name=\"twitter:card\" content=\"summary_large_image\" \/>\n<meta name=\"twitter:creator\" content=\"@PrefCapivari\" \/>\n<meta name=\"twitter:site\" content=\"@PrefCapivari\" \/>\n<meta name=\"twitter:label1\" content=\"Escrito por\" \/>\n\t<meta name=\"twitter:data1\" content=\"Thalles Cristiano\" \/>\n\t<meta name=\"twitter:label2\" content=\"Est. tempo de leitura\" \/>\n\t<meta name=\"twitter:data2\" content=\"2 minutos\" \/>\n<script type=\"application\/ld+json\" class=\"yoast-schema-graph\">{\"@context\":\"https:\\\/\\\/schema.org\",\"@graph\":[{\"@type\":\"Article\",\"@id\":\"https:\\\/\\\/capivari.sp.gov.br\\\/portal\\\/evento-em-comemoracao-aos-15-anos-do-programa-caminha-comigo-reune-cerca-de-100-pessoas-no-parque-ecologico-murilo-ferreira-carnicelli\\\/#article\",\"isPartOf\":{\"@id\":\"https:\\\/\\\/capivari.sp.gov.br\\\/portal\\\/evento-em-comemoracao-aos-15-anos-do-programa-caminha-comigo-reune-cerca-de-100-pessoas-no-parque-ecologico-murilo-ferreira-carnicelli\\\/\"},\"author\":{\"name\":\"Thalles Cristiano\",\"@id\":\"https:\\\/\\\/capivari.sp.gov.br\\\/portal\\\/#\\\/schema\\\/person\\\/98801614a91d449946b0687ae2db9f29\"},\"headline\":\"Evento em comemora\u00e7\u00e3o aos 15 anos do programa \u201cCaminha Comigo\u201d re\u00fane cerca de 100 pessoas no Parque Ecol\u00f3gico \u201cMurilo Ferreira Carnicelli\u201d\",\"datePublished\":\"2023-11-14T18:01:29+00:00\",\"mainEntityOfPage\":{\"@id\":\"https:\\\/\\\/capivari.sp.gov.br\\\/portal\\\/evento-em-comemoracao-aos-15-anos-do-programa-caminha-comigo-reune-cerca-de-100-pessoas-no-parque-ecologico-murilo-ferreira-carnicelli\\\/\"},\"wordCount\":325,\"commentCount\":0,\"publisher\":{\"@id\":\"https:\\\/\\\/capivari.sp.gov.br\\\/portal\\\/#organization\"},\"image\":{\"@id\":\"https:\\\/\\\/capivari.sp.gov.br\\\/portal\\\/evento-em-comemoracao-aos-15-anos-do-programa-caminha-comigo-reune-cerca-de-100-pessoas-no-parque-ecologico-murilo-ferreira-carnicelli\\\/#primaryimage\"},\"thumbnailUrl\":\"https:\\\/\\\/capivari.sp.gov.br\\\/portal\\\/wp-content\\\/uploads\\\/2023\\\/11\\\/IMG_8926-scaled.jpg\",\"articleSection\":[\"Destaque\",\"Geral\",\"Sa\u00fade\"],\"inLanguage\":\"pt-BR\",\"potentialAction\":[{\"@type\":\"CommentAction\",\"name\":\"Comment\",\"target\":[\"https:\\\/\\\/capivari.sp.gov.br\\\/portal\\\/evento-em-comemoracao-aos-15-anos-do-programa-caminha-comigo-reune-cerca-de-100-pessoas-no-parque-ecologico-murilo-ferreira-carnicelli\\\/#respond\"]}]},{\"@type\":\"WebPage\",\"@id\":\"https:\\\/\\\/capivari.sp.gov.br\\\/portal\\\/evento-em-comemoracao-aos-15-anos-do-programa-caminha-comigo-reune-cerca-de-100-pessoas-no-parque-ecologico-murilo-ferreira-carnicelli\\\/\",\"url\":\"https:\\\/\\\/capivari.sp.gov.br\\\/portal\\\/evento-em-comemoracao-aos-15-anos-do-programa-caminha-comigo-reune-cerca-de-100-pessoas-no-parque-ecologico-murilo-ferreira-carnicelli\\\/\",\"name\":\"Evento em comemora\u00e7\u00e3o aos 15 anos do programa \u201cCaminha Comigo\u201d re\u00fane cerca de 100 pessoas no Parque Ecol\u00f3gico \u201cMurilo Ferreira Carnicelli\u201d - Prefeitura de Capivari\",\"isPartOf\":{\"@id\":\"https:\\\/\\\/capivari.sp.gov.br\\\/portal\\\/#website\"},\"primaryImageOfPage\":{\"@id\":\"https:\\\/\\\/capivari.sp.gov.br\\\/portal\\\/evento-em-comemoracao-aos-15-anos-do-programa-caminha-comigo-reune-cerca-de-100-pessoas-no-parque-ecologico-murilo-ferreira-carnicelli\\\/#primaryimage\"},\"image\":{\"@id\":\"https:\\\/\\\/capivari.sp.gov.br\\\/portal\\\/evento-em-comemoracao-aos-15-anos-do-programa-caminha-comigo-reune-cerca-de-100-pessoas-no-parque-ecologico-murilo-ferreira-carnicelli\\\/#primaryimage\"},\"thumbnailUrl\":\"https:\\\/\\\/capivari.sp.gov.br\\\/portal\\\/wp-content\\\/uploads\\\/2023\\\/11\\\/IMG_8926-scaled.jpg\",\"datePublished\":\"2023-11-14T18:01:29+00:00\",\"breadcrumb\":{\"@id\":\"https:\\\/\\\/capivari.sp.gov.br\\\/portal\\\/evento-em-comemoracao-aos-15-anos-do-programa-caminha-comigo-reune-cerca-de-100-pessoas-no-parque-ecologico-murilo-ferreira-carnicelli\\\/#breadcrumb\"},\"inLanguage\":\"pt-BR\",\"potentialAction\":[{\"@type\":\"ReadAction\",\"target\":[\"https:\\\/\\\/capivari.sp.gov.br\\\/portal\\\/evento-em-comemoracao-aos-15-anos-do-programa-caminha-comigo-reune-cerca-de-100-pessoas-no-parque-ecologico-murilo-ferreira-carnicelli\\\/\"]}]},{\"@type\":\"ImageObject\",\"inLanguage\":\"pt-BR\",\"@id\":\"https:\\\/\\\/capivari.sp.gov.br\\\/portal\\\/evento-em-comemoracao-aos-15-anos-do-programa-caminha-comigo-reune-cerca-de-100-pessoas-no-parque-ecologico-murilo-ferreira-carnicelli\\\/#primaryimage\",\"url\":\"https:\\\/\\\/capivari.sp.gov.br\\\/portal\\\/wp-content\\\/uploads\\\/2023\\\/11\\\/IMG_8926-scaled.jpg\",\"contentUrl\":\"https:\\\/\\\/capivari.sp.gov.br\\\/portal\\\/wp-content\\\/uploads\\\/2023\\\/11\\\/IMG_8926-scaled.jpg\",\"width\":2560,\"height\":1707},{\"@type\":\"BreadcrumbList\",\"@id\":\"https:\\\/\\\/capivari.sp.gov.br\\\/portal\\\/evento-em-comemoracao-aos-15-anos-do-programa-caminha-comigo-reune-cerca-de-100-pessoas-no-parque-ecologico-murilo-ferreira-carnicelli\\\/#breadcrumb\",\"itemListElement\":[{\"@type\":\"ListItem\",\"position\":1,\"name\":\"In\u00edcio\",\"item\":\"https:\\\/\\\/capivari.sp.gov.br\\\/portal\\\/\"},{\"@type\":\"ListItem\",\"position\":2,\"name\":\"Evento em comemora\u00e7\u00e3o aos 15 anos do programa \u201cCaminha Comigo\u201d re\u00fane cerca de 100 pessoas no Parque Ecol\u00f3gico \u201cMurilo Ferreira Carnicelli\u201d\"}]},{\"@type\":\"WebSite\",\"@id\":\"https:\\\/\\\/capivari.sp.gov.br\\\/portal\\\/#website\",\"url\":\"https:\\\/\\\/capivari.sp.gov.br\\\/portal\\\/\",\"name\":\"Prefeitura de Capivari\",\"description\":\"Prefeitura de Capivari\",\"publisher\":{\"@id\":\"https:\\\/\\\/capivari.sp.gov.br\\\/portal\\\/#organization\"},\"potentialAction\":[{\"@type\":\"SearchAction\",\"target\":{\"@type\":\"EntryPoint\",\"urlTemplate\":\"https:\\\/\\\/capivari.sp.gov.br\\\/portal\\\/?s={search_term_string}\"},\"query-input\":{\"@type\":\"PropertyValueSpecification\",\"valueRequired\":true,\"valueName\":\"search_term_string\"}}],\"inLanguage\":\"pt-BR\"},{\"@type\":\"Organization\",\"@id\":\"https:\\\/\\\/capivari.sp.gov.br\\\/portal\\\/#organization\",\"name\":\"Prefeitura de Capivari\",\"url\":\"https:\\\/\\\/capivari.sp.gov.br\\\/portal\\\/\",\"logo\":{\"@type\":\"ImageObject\",\"inLanguage\":\"pt-BR\",\"@id\":\"https:\\\/\\\/capivari.sp.gov.br\\\/portal\\\/#\\\/schema\\\/logo\\\/image\\\/\",\"url\":\"https:\\\/\\\/capivari.sp.gov.br\\\/portal\\\/wp-content\\\/uploads\\\/2021\\\/09\\\/logo-prefeitura-de-capivari.png\",\"contentUrl\":\"https:\\\/\\\/capivari.sp.gov.br\\\/portal\\\/wp-content\\\/uploads\\\/2021\\\/09\\\/logo-prefeitura-de-capivari.png\",\"width\":200,\"height\":147,\"caption\":\"Prefeitura de Capivari\"},\"image\":{\"@id\":\"https:\\\/\\\/capivari.sp.gov.br\\\/portal\\\/#\\\/schema\\\/logo\\\/image\\\/\"},\"sameAs\":[\"https:\\\/\\\/www.facebook.com\\\/PrefeituradeCapivari\\\/\",\"https:\\\/\\\/x.com\\\/PrefCapivari\",\"https:\\\/\\\/www.instagram.com\\\/prefeituracapivari\\\/\"]},{\"@type\":\"Person\",\"@id\":\"https:\\\/\\\/capivari.sp.gov.br\\\/portal\\\/#\\\/schema\\\/person\\\/98801614a91d449946b0687ae2db9f29\",\"name\":\"Thalles Cristiano\",\"image\":{\"@type\":\"ImageObject\",\"inLanguage\":\"pt-BR\",\"@id\":\"https:\\\/\\\/secure.gravatar.com\\\/avatar\\\/0d1b9a4bdcde99ab11a8cd27abdcd088993749b82c4355c0301135023dc52b3d?s=96&d=mm&r=g\",\"url\":\"https:\\\/\\\/secure.gravatar.com\\\/avatar\\\/0d1b9a4bdcde99ab11a8cd27abdcd088993749b82c4355c0301135023dc52b3d?s=96&d=mm&r=g\",\"contentUrl\":\"https:\\\/\\\/secure.gravatar.com\\\/avatar\\\/0d1b9a4bdcde99ab11a8cd27abdcd088993749b82c4355c0301135023dc52b3d?s=96&d=mm&r=g\",\"caption\":\"Thalles Cristiano\"},\"url\":\"https:\\\/\\\/capivari.sp.gov.br\\\/portal\\\/author\\\/thalles-cristiano\\\/\"}]}<\/script>\n<!-- \/ Yoast SEO plugin. -->","yoast_head_json":{"title":"Evento em comemora\u00e7\u00e3o aos 15 anos do programa \u201cCaminha Comigo\u201d re\u00fane cerca de 100 pessoas no Parque Ecol\u00f3gico \u201cMurilo Ferreira Carnicelli\u201d - Prefeitura de Capivari","robots":{"index":"index","follow":"follow","max-snippet":"max-snippet:-1","max-image-preview":"max-image-preview:large","max-video-preview":"max-video-preview:-1"},"canonical":"https:\/\/capivari.sp.gov.br\/portal\/evento-em-comemoracao-aos-15-anos-do-programa-caminha-comigo-reune-cerca-de-100-pessoas-no-parque-ecologico-murilo-ferreira-carnicelli\/","og_locale":"pt_BR","og_type":"article","og_title":"Evento em comemora\u00e7\u00e3o aos 15 anos do programa \u201cCaminha Comigo\u201d re\u00fane cerca de 100 pessoas no Parque Ecol\u00f3gico \u201cMurilo Ferreira Carnicelli\u201d - Prefeitura de Capivari","og_description":"A manh\u00e3 desta ter\u00e7a-feira, dia 14, serviu como um grande marco para os participantes do programa \u201cCaminha Comigo\u201d da Secretaria de Sa\u00fade. A a\u00e7\u00e3o celebrou o 15\u00ba ano de exist\u00eancia do programa que foi celebrado nesta semana e para simbolizar essa data t\u00e3o especial, uma reuni\u00e3o foi organizada no Parque Ecol\u00f3gico \u201cMurilo Ferreira Carnicelli\u201d para [&hellip;]","og_url":"https:\/\/capivari.sp.gov.br\/portal\/evento-em-comemoracao-aos-15-anos-do-programa-caminha-comigo-reune-cerca-de-100-pessoas-no-parque-ecologico-murilo-ferreira-carnicelli\/","og_site_name":"Prefeitura de Capivari","article_publisher":"https:\/\/www.facebook.com\/PrefeituradeCapivari\/","article_published_time":"2023-11-14T18:01:29+00:00","og_image":[{"width":2560,"height":1707,"url":"https:\/\/capivari.sp.gov.br\/portal\/wp-content\/uploads\/2023\/11\/IMG_8926-scaled.jpg","type":"image\/jpeg"}],"author":"Thalles Cristiano","twitter_card":"summary_large_image","twitter_creator":"@PrefCapivari","twitter_site":"@PrefCapivari","twitter_misc":{"Escrito por":"Thalles Cristiano","Est. tempo de leitura":"2 minutos"},"schema":{"@context":"https:\/\/schema.org","@graph":[{"@type":"Article","@id":"https:\/\/capivari.sp.gov.br\/portal\/evento-em-comemoracao-aos-15-anos-do-programa-caminha-comigo-reune-cerca-de-100-pessoas-no-parque-ecologico-murilo-ferreira-carnicelli\/#article","isPartOf":{"@id":"https:\/\/capivari.sp.gov.br\/portal\/evento-em-comemoracao-aos-15-anos-do-programa-caminha-comigo-reune-cerca-de-100-pessoas-no-parque-ecologico-murilo-ferreira-carnicelli\/"},"author":{"name":"Thalles Cristiano","@id":"https:\/\/capivari.sp.gov.br\/portal\/#\/schema\/person\/98801614a91d449946b0687ae2db9f29"},"headline":"Evento em comemora\u00e7\u00e3o aos 15 anos do programa \u201cCaminha Comigo\u201d re\u00fane cerca de 100 pessoas no Parque Ecol\u00f3gico \u201cMurilo Ferreira Carnicelli\u201d","datePublished":"2023-11-14T18:01:29+00:00","mainEntityOfPage":{"@id":"https:\/\/capivari.sp.gov.br\/portal\/evento-em-comemoracao-aos-15-anos-do-programa-caminha-comigo-reune-cerca-de-100-pessoas-no-parque-ecologico-murilo-ferreira-carnicelli\/"},"wordCount":325,"commentCount":0,"publisher":{"@id":"https:\/\/capivari.sp.gov.br\/portal\/#organization"},"image":{"@id":"https:\/\/capivari.sp.gov.br\/portal\/evento-em-comemoracao-aos-15-anos-do-programa-caminha-comigo-reune-cerca-de-100-pessoas-no-parque-ecologico-murilo-ferreira-carnicelli\/#primaryimage"},"thumbnailUrl":"https:\/\/capivari.sp.gov.br\/portal\/wp-content\/uploads\/2023\/11\/IMG_8926-scaled.jpg","articleSection":["Destaque","Geral","Sa\u00fade"],"inLanguage":"pt-BR","potentialAction":[{"@type":"CommentAction","name":"Comment","target":["https:\/\/capivari.sp.gov.br\/portal\/evento-em-comemoracao-aos-15-anos-do-programa-caminha-comigo-reune-cerca-de-100-pessoas-no-parque-ecologico-murilo-ferreira-carnicelli\/#respond"]}]},{"@type":"WebPage","@id":"https:\/\/capivari.sp.gov.br\/portal\/evento-em-comemoracao-aos-15-anos-do-programa-caminha-comigo-reune-cerca-de-100-pessoas-no-parque-ecologico-murilo-ferreira-carnicelli\/","url":"https:\/\/capivari.sp.gov.br\/portal\/evento-em-comemoracao-aos-15-anos-do-programa-caminha-comigo-reune-cerca-de-100-pessoas-no-parque-ecologico-murilo-ferreira-carnicelli\/","name":"Evento em comemora\u00e7\u00e3o aos 15 anos do programa \u201cCaminha Comigo\u201d re\u00fane cerca de 100 pessoas no Parque Ecol\u00f3gico \u201cMurilo Ferreira Carnicelli\u201d - Prefeitura de Capivari","isPartOf":{"@id":"https:\/\/capivari.sp.gov.br\/portal\/#website"},"primaryImageOfPage":{"@id":"https:\/\/capivari.sp.gov.br\/portal\/evento-em-comemoracao-aos-15-anos-do-programa-caminha-comigo-reune-cerca-de-100-pessoas-no-parque-ecologico-murilo-ferreira-carnicelli\/#primaryimage"},"image":{"@id":"https:\/\/capivari.sp.gov.br\/portal\/evento-em-comemoracao-aos-15-anos-do-programa-caminha-comigo-reune-cerca-de-100-pessoas-no-parque-ecologico-murilo-ferreira-carnicelli\/#primaryimage"},"thumbnailUrl":"https:\/\/capivari.sp.gov.br\/portal\/wp-content\/uploads\/2023\/11\/IMG_8926-scaled.jpg","datePublished":"2023-11-14T18:01:29+00:00","breadcrumb":{"@id":"https:\/\/capivari.sp.gov.br\/portal\/evento-em-comemoracao-aos-15-anos-do-programa-caminha-comigo-reune-cerca-de-100-pessoas-no-parque-ecologico-murilo-ferreira-carnicelli\/#breadcrumb"},"inLanguage":"pt-BR","potentialAction":[{"@type":"ReadAction","target":["https:\/\/capivari.sp.gov.br\/portal\/evento-em-comemoracao-aos-15-anos-do-programa-caminha-comigo-reune-cerca-de-100-pessoas-no-parque-ecologico-murilo-ferreira-carnicelli\/"]}]},{"@type":"ImageObject","inLanguage":"pt-BR","@id":"https:\/\/capivari.sp.gov.br\/portal\/evento-em-comemoracao-aos-15-anos-do-programa-caminha-comigo-reune-cerca-de-100-pessoas-no-parque-ecologico-murilo-ferreira-carnicelli\/#primaryimage","url":"https:\/\/capivari.sp.gov.br\/portal\/wp-content\/uploads\/2023\/11\/IMG_8926-scaled.jpg","contentUrl":"https:\/\/capivari.sp.gov.br\/portal\/wp-content\/uploads\/2023\/11\/IMG_8926-scaled.jpg","width":2560,"height":1707},{"@type":"BreadcrumbList","@id":"https:\/\/capivari.sp.gov.br\/portal\/evento-em-comemoracao-aos-15-anos-do-programa-caminha-comigo-reune-cerca-de-100-pessoas-no-parque-ecologico-murilo-ferreira-carnicelli\/#breadcrumb","itemListElement":[{"@type":"ListItem","position":1,"name":"In\u00edcio","item":"https:\/\/capivari.sp.gov.br\/portal\/"},{"@type":"ListItem","position":2,"name":"Evento em comemora\u00e7\u00e3o aos 15 anos do programa \u201cCaminha Comigo\u201d re\u00fane cerca de 100 pessoas no Parque Ecol\u00f3gico \u201cMurilo Ferreira Carnicelli\u201d"}]},{"@type":"WebSite","@id":"https:\/\/capivari.sp.gov.br\/portal\/#website","url":"https:\/\/capivari.sp.gov.br\/portal\/","name":"Prefeitura de Capivari","description":"Prefeitura de Capivari","publisher":{"@id":"https:\/\/capivari.sp.gov.br\/portal\/#organization"},"potentialAction":[{"@type":"SearchAction","target":{"@type":"EntryPoint","urlTemplate":"https:\/\/capivari.sp.gov.br\/portal\/?s={search_term_string}"},"query-input":{"@type":"PropertyValueSpecification","valueRequired":true,"valueName":"search_term_string"}}],"inLanguage":"pt-BR"},{"@type":"Organization","@id":"https:\/\/capivari.sp.gov.br\/portal\/#organization","name":"Prefeitura de Capivari","url":"https:\/\/capivari.sp.gov.br\/portal\/","logo":{"@type":"ImageObject","inLanguage":"pt-BR","@id":"https:\/\/capivari.sp.gov.br\/portal\/#\/schema\/logo\/image\/","url":"https:\/\/capivari.sp.gov.br\/portal\/wp-content\/uploads\/2021\/09\/logo-prefeitura-de-capivari.png","contentUrl":"https:\/\/capivari.sp.gov.br\/portal\/wp-content\/uploads\/2021\/09\/logo-prefeitura-de-capivari.png","width":200,"height":147,"caption":"Prefeitura de Capivari"},"image":{"@id":"https:\/\/capivari.sp.gov.br\/portal\/#\/schema\/logo\/image\/"},"sameAs":["https:\/\/www.facebook.com\/PrefeituradeCapivari\/","https:\/\/x.com\/PrefCapivari","https:\/\/www.instagram.com\/prefeituracapivari\/"]},{"@type":"Person","@id":"https:\/\/capivari.sp.gov.br\/portal\/#\/schema\/person\/98801614a91d449946b0687ae2db9f29","name":"Thalles Cristiano","image":{"@type":"ImageObject","inLanguage":"pt-BR","@id":"https:\/\/secure.gravatar.com\/avatar\/0d1b9a4bdcde99ab11a8cd27abdcd088993749b82c4355c0301135023dc52b3d?s=96&d=mm&r=g","url":"https:\/\/secure.gravatar.com\/avatar\/0d1b9a4bdcde99ab11a8cd27abdcd088993749b82c4355c0301135023dc52b3d?s=96&d=mm&r=g","contentUrl":"https:\/\/secure.gravatar.com\/avatar\/0d1b9a4bdcde99ab11a8cd27abdcd088993749b82c4355c0301135023dc52b3d?s=96&d=mm&r=g","caption":"Thalles Cristiano"},"url":"https:\/\/capivari.sp.gov.br\/portal\/author\/thalles-cristiano\/"}]}},"_links":{"self":[{"href":"https:\/\/capivari.sp.gov.br\/portal\/wp-json\/wp\/v2\/posts\/15724","targetHints":{"allow":["GET"]}}],"collection":[{"href":"https:\/\/capivari.sp.gov.br\/portal\/wp-json\/wp\/v2\/posts"}],"about":[{"href":"https:\/\/capivari.sp.gov.br\/portal\/wp-json\/wp\/v2\/types\/post"}],"author":[{"embeddable":true,"href":"https:\/\/capivari.sp.gov.br\/portal\/wp-json\/wp\/v2\/users\/2"}],"replies":[{"embeddable":true,"href":"https:\/\/capivari.sp.gov.br\/portal\/wp-json\/wp\/v2\/comments?post=15724"}],"version-history":[{"count":1,"href":"https:\/\/capivari.sp.gov.br\/portal\/wp-json\/wp\/v2\/posts\/15724\/revisions"}],"predecessor-version":[{"id":15727,"href":"https:\/\/capivari.sp.gov.br\/portal\/wp-json\/wp\/v2\/posts\/15724\/revisions\/15727"}],"wp:featuredmedia":[{"embeddable":true,"href":"https:\/\/capivari.sp.gov.br\/portal\/wp-json\/wp\/v2\/media\/15725"}],"wp:attachment":[{"href":"https:\/\/capivari.sp.gov.br\/portal\/wp-json\/wp\/v2\/media?parent=15724"}],"wp:term":[{"taxonomy":"category","embeddable":true,"href":"https:\/\/capivari.sp.gov.br\/portal\/wp-json\/wp\/v2\/categories?post=15724"},{"taxonomy":"post_tag","embeddable":true,"href":"https:\/\/capivari.sp.gov.br\/portal\/wp-json\/wp\/v2\/tags?post=15724"}],"curies":[{"name":"wp","href":"https:\/\/api.w.org\/{rel}","templated":true}]}}