{"id":15915,"date":"2023-11-30T11:42:17","date_gmt":"2023-11-30T14:42:17","guid":{"rendered":"https:\/\/capivari.sp.gov.br\/portal\/?p=15915"},"modified":"2023-11-30T11:42:17","modified_gmt":"2023-11-30T14:42:17","slug":"cerca-de-700-estudantes-serao-diplomados-em-formatura-da-rede-municipal-de-educacao","status":"publish","type":"post","link":"https:\/\/capivari.sp.gov.br\/portal\/cerca-de-700-estudantes-serao-diplomados-em-formatura-da-rede-municipal-de-educacao\/","title":{"rendered":"Cerca de 700 estudantes ser\u00e3o diplomados em formatura da Rede Municipal de Educa\u00e7\u00e3o"},"content":{"rendered":"<p align=\"left\"><span style=\"color: #000000;\"><span style=\"font-family: Arial, sans-serif;\"><span style=\"font-size: medium;\">A Prefeitura de Capivari, atrav\u00e9s da Secretaria da Educa\u00e7\u00e3o, dar\u00e1 in\u00edcio na pr\u00f3xima ter\u00e7a-feira, dia 5 de dezembro, \u00e0s formaturas dos alunos da Educa\u00e7\u00e3o Infantil e do Ensino Fundamental da Rede Municipal de Ensino. Al\u00e9m da entrega dos certificados de conclus\u00e3o, as solenidades, que ocorrer\u00e3o no Gin\u00e1sio de Esporte Ronaldo Zaidan Pellegrini, o Ronald\u00e3o, contar\u00e3o tamb\u00e9m com apresenta\u00e7\u00f5es dos formandos. <\/span><\/span><\/span><\/p>\n<p align=\"left\"><span style=\"color: #000000;\"><span style=\"font-family: Arial, sans-serif;\"><span style=\"font-size: medium;\">Neste ano, o tema escolhido das formaturas \u00e9 &#8220;O Mundo Encantado das Hist\u00f3rias em Quadrinhos&#8221;, que rendeu uma s\u00e9rie de apresenta\u00e7\u00f5es criadas pelos alunos em conjunto com o corpo docente das respectivas unidades de ensino. <\/span><\/span><\/span><\/p>\n<p align=\"left\"><span style=\"color: #000000;\"><span style=\"font-family: Arial, sans-serif;\"><span style=\"font-size: medium;\">Entre os dias 5 e 8 de dezembro, as formaturas v\u00e3o abranger os alunos de 5 anos da pr\u00e9-escola, num total de aproximadamente 600 crian\u00e7as. J\u00e1 no dia 11, as formaturas ser\u00e3o dos 9\u00aa anos, com idades entre 14 e 15 anos. As cerim\u00f4nias t\u00eam in\u00edcio \u00e0s 19h, mantendo uma tradi\u00e7\u00e3o bastante esperada por professores, alunos e familiares da rede municipal de Capivari. <\/span><\/span><\/span><\/p>\n<p align=\"left\"><span style=\"color: #000000;\">\u201c<span style=\"font-family: Arial, sans-serif;\"><span style=\"font-size: medium;\">As formaturas s\u00e3o um momento de festa e alegria para os alunos, que definem uma etapa da vida estudantil e comemoram isso com seus amigos e familiares. \u00c9 um momento que com certeza guardar\u00e3o para sempre\u201d, resume Jos\u00e9 Lucas de Moraes, secret\u00e1rio de Educa\u00e7\u00e3o de Capivari. <\/span><\/span><\/span><\/p>\n<p align=\"left\"><span style=\"color: #000000;\"><span style=\"font-family: Arial, sans-serif;\"><span style=\"font-size: medium;\">A Secretaria de Educa\u00e7\u00e3o destaca que toda a popula\u00e7\u00e3o est\u00e1 convidada para participar desse momento especial para os pequenos.<\/span><\/span><\/span><\/p>\n<p><b>Cronograma de formatura<\/b><\/p>\n<p>Dia 05<\/p>\n<p>EMEIEF Professora Maria do Carmo Amaral<\/p>\n<p>EM Professor Cherubim Sampaio<\/p>\n<p>EMEI Alcinda Santos Proen\u00e7a<\/p>\n<p>Dia 06<\/p>\n<p>EMEI Cec\u00edlia Cerezer Ricomini<\/p>\n<p>EMEIEF Professora Lenita de G. Figueiredo<\/p>\n<p>Dia 07<\/p>\n<p>EMEI Professor Jos\u00e9 Hip\u00f3lito F.C. Carvalho<\/p>\n<p>Eicap L\u00facia Ros\u00e1rio Armelin Stefanini<\/p>\n<p>EM Professora Maria Rosa Lembo Duarte<\/p>\n<p>Dia 08<\/p>\n<p>EMEIEF Dr\u00aa. Jurema Aparecida de S. Martins<\/p>\n<p>EMEI Ana Bortolluci Forner<\/p>\n<p>EMEIEF Professora Teresinha Aparecida Franchi<\/p>\n<p>EMEI Am\u00e9lia Francisco Alves<\/p>\n<p>Dia 11 (9\u00ba ano)<\/p>\n<p>EM Professora Laura Quagliato Pacheco<\/p>\n<p>EM Augusto Castanho<\/p>\n","protected":false},"excerpt":{"rendered":"<p>A Prefeitura de Capivari, atrav\u00e9s da Secretaria da Educa\u00e7\u00e3o, dar\u00e1 in\u00edcio na pr\u00f3xima ter\u00e7a-feira, dia 5 de dezembro, \u00e0s formaturas dos alunos da Educa\u00e7\u00e3o Infantil e do Ensino Fundamental da Rede Municipal de Ensino. Al\u00e9m da entrega dos certificados de conclus\u00e3o, as solenidades, que ocorrer\u00e3o no Gin\u00e1sio de Esporte Ronaldo Zaidan Pellegrini, o Ronald\u00e3o, contar\u00e3o [&hellip;]<\/p>\n","protected":false},"author":15,"featured_media":15916,"comment_status":"open","ping_status":"open","sticky":false,"template":"","format":"standard","meta":{"ocean_post_layout":"","ocean_both_sidebars_style":"","ocean_both_sidebars_content_width":0,"ocean_both_sidebars_sidebars_width":0,"ocean_sidebar":"","ocean_second_sidebar":"","ocean_disable_margins":"enable","ocean_add_body_class":"","ocean_shortcode_before_top_bar":"","ocean_shortcode_after_top_bar":"","ocean_shortcode_before_header":"","ocean_shortcode_after_header":"","ocean_has_shortcode":"","ocean_shortcode_after_title":"","ocean_shortcode_before_footer_widgets":"","ocean_shortcode_after_footer_widgets":"","ocean_shortcode_before_footer_bottom":"","ocean_shortcode_after_footer_bottom":"","ocean_display_top_bar":"default","ocean_display_header":"default","ocean_header_style":"","ocean_center_header_left_menu":"","ocean_custom_header_template":"","ocean_custom_logo":0,"ocean_custom_retina_logo":0,"ocean_custom_logo_max_width":0,"ocean_custom_logo_tablet_max_width":0,"ocean_custom_logo_mobile_max_width":0,"ocean_custom_logo_max_height":0,"ocean_custom_logo_tablet_max_height":0,"ocean_custom_logo_mobile_max_height":0,"ocean_header_custom_menu":"","ocean_menu_typo_font_family":"","ocean_menu_typo_font_subset":"","ocean_menu_typo_font_size":0,"ocean_menu_typo_font_size_tablet":0,"ocean_menu_typo_font_size_mobile":0,"ocean_menu_typo_font_size_unit":"px","ocean_menu_typo_font_weight":"","ocean_menu_typo_font_weight_tablet":"","ocean_menu_typo_font_weight_mobile":"","ocean_menu_typo_transform":"","ocean_menu_typo_transform_tablet":"","ocean_menu_typo_transform_mobile":"","ocean_menu_typo_line_height":0,"ocean_menu_typo_line_height_tablet":0,"ocean_menu_typo_line_height_mobile":0,"ocean_menu_typo_line_height_unit":"","ocean_menu_typo_spacing":0,"ocean_menu_typo_spacing_tablet":0,"ocean_menu_typo_spacing_mobile":0,"ocean_menu_typo_spacing_unit":"","ocean_menu_link_color":"","ocean_menu_link_color_hover":"","ocean_menu_link_color_active":"","ocean_menu_link_background":"","ocean_menu_link_hover_background":"","ocean_menu_link_active_background":"","ocean_menu_social_links_bg":"","ocean_menu_social_hover_links_bg":"","ocean_menu_social_links_color":"","ocean_menu_social_hover_links_color":"","ocean_disable_title":"default","ocean_disable_heading":"default","ocean_post_title":"","ocean_post_subheading":"","ocean_post_title_style":"","ocean_post_title_background_color":"","ocean_post_title_background":0,"ocean_post_title_bg_image_position":"","ocean_post_title_bg_image_attachment":"","ocean_post_title_bg_image_repeat":"","ocean_post_title_bg_image_size":"","ocean_post_title_height":0,"ocean_post_title_bg_overlay":0.5,"ocean_post_title_bg_overlay_color":"","ocean_disable_breadcrumbs":"default","ocean_breadcrumbs_color":"","ocean_breadcrumbs_separator_color":"","ocean_breadcrumbs_links_color":"","ocean_breadcrumbs_links_hover_color":"","ocean_display_footer_widgets":"default","ocean_display_footer_bottom":"default","ocean_custom_footer_template":"","ocean_post_oembed":"","ocean_post_self_hosted_media":"","ocean_post_video_embed":"","ocean_link_format":"","ocean_link_format_target":"self","ocean_quote_format":"","ocean_quote_format_link":"post","ocean_gallery_link_images":"off","ocean_gallery_id":[],"footnotes":""},"categories":[4,21,5],"tags":[],"class_list":["post-15915","post","type-post","status-publish","format-standard","has-post-thumbnail","hentry","category-destaque","category-educacao","category-geral","entry","has-media"],"yoast_head":"<!-- This site is optimized with the Yoast SEO plugin v27.5 - https:\/\/yoast.com\/product\/yoast-seo-wordpress\/ -->\n<title>Cerca de 700 estudantes ser\u00e3o diplomados em formatura da Rede Municipal de Educa\u00e7\u00e3o - Prefeitura de Capivari<\/title>\n<meta name=\"robots\" content=\"index, follow, max-snippet:-1, max-image-preview:large, max-video-preview:-1\" \/>\n<link rel=\"canonical\" href=\"https:\/\/capivari.sp.gov.br\/portal\/cerca-de-700-estudantes-serao-diplomados-em-formatura-da-rede-municipal-de-educacao\/\" \/>\n<meta property=\"og:locale\" content=\"pt_BR\" \/>\n<meta property=\"og:type\" content=\"article\" \/>\n<meta property=\"og:title\" content=\"Cerca de 700 estudantes ser\u00e3o diplomados em formatura da Rede Municipal de Educa\u00e7\u00e3o - Prefeitura de Capivari\" \/>\n<meta property=\"og:description\" content=\"A Prefeitura de Capivari, atrav\u00e9s da Secretaria da Educa\u00e7\u00e3o, dar\u00e1 in\u00edcio na pr\u00f3xima ter\u00e7a-feira, dia 5 de dezembro, \u00e0s formaturas dos alunos da Educa\u00e7\u00e3o Infantil e do Ensino Fundamental da Rede Municipal de Ensino. Al\u00e9m da entrega dos certificados de conclus\u00e3o, as solenidades, que ocorrer\u00e3o no Gin\u00e1sio de Esporte Ronaldo Zaidan Pellegrini, o Ronald\u00e3o, contar\u00e3o [&hellip;]\" \/>\n<meta property=\"og:url\" content=\"https:\/\/capivari.sp.gov.br\/portal\/cerca-de-700-estudantes-serao-diplomados-em-formatura-da-rede-municipal-de-educacao\/\" \/>\n<meta property=\"og:site_name\" content=\"Prefeitura de Capivari\" \/>\n<meta property=\"article:publisher\" content=\"https:\/\/www.facebook.com\/PrefeituradeCapivari\/\" \/>\n<meta property=\"article:published_time\" content=\"2023-11-30T14:42:17+00:00\" \/>\n<meta property=\"og:image\" content=\"https:\/\/capivari.sp.gov.br\/portal\/wp-content\/uploads\/2023\/11\/IMG_1362-scaled.jpg\" \/>\n\t<meta property=\"og:image:width\" content=\"2560\" \/>\n\t<meta property=\"og:image:height\" content=\"1707\" \/>\n\t<meta property=\"og:image:type\" content=\"image\/jpeg\" \/>\n<meta name=\"author\" content=\"Luciano Assis\" \/>\n<meta name=\"twitter:card\" content=\"summary_large_image\" \/>\n<meta name=\"twitter:creator\" content=\"@PrefCapivari\" \/>\n<meta name=\"twitter:site\" content=\"@PrefCapivari\" \/>\n<meta name=\"twitter:label1\" content=\"Escrito por\" \/>\n\t<meta name=\"twitter:data1\" content=\"Luciano Assis\" \/>\n\t<meta name=\"twitter:label2\" content=\"Est. tempo de leitura\" \/>\n\t<meta name=\"twitter:data2\" content=\"2 minutos\" \/>\n<script type=\"application\/ld+json\" class=\"yoast-schema-graph\">{\"@context\":\"https:\\\/\\\/schema.org\",\"@graph\":[{\"@type\":\"Article\",\"@id\":\"https:\\\/\\\/capivari.sp.gov.br\\\/portal\\\/cerca-de-700-estudantes-serao-diplomados-em-formatura-da-rede-municipal-de-educacao\\\/#article\",\"isPartOf\":{\"@id\":\"https:\\\/\\\/capivari.sp.gov.br\\\/portal\\\/cerca-de-700-estudantes-serao-diplomados-em-formatura-da-rede-municipal-de-educacao\\\/\"},\"author\":{\"name\":\"Luciano Assis\",\"@id\":\"https:\\\/\\\/capivari.sp.gov.br\\\/portal\\\/#\\\/schema\\\/person\\\/ac37113577adfc1517e0cfa854b830b4\"},\"headline\":\"Cerca de 700 estudantes ser\u00e3o diplomados em formatura da Rede Municipal de Educa\u00e7\u00e3o\",\"datePublished\":\"2023-11-30T14:42:17+00:00\",\"mainEntityOfPage\":{\"@id\":\"https:\\\/\\\/capivari.sp.gov.br\\\/portal\\\/cerca-de-700-estudantes-serao-diplomados-em-formatura-da-rede-municipal-de-educacao\\\/\"},\"wordCount\":342,\"commentCount\":0,\"publisher\":{\"@id\":\"https:\\\/\\\/capivari.sp.gov.br\\\/portal\\\/#organization\"},\"image\":{\"@id\":\"https:\\\/\\\/capivari.sp.gov.br\\\/portal\\\/cerca-de-700-estudantes-serao-diplomados-em-formatura-da-rede-municipal-de-educacao\\\/#primaryimage\"},\"thumbnailUrl\":\"https:\\\/\\\/capivari.sp.gov.br\\\/portal\\\/wp-content\\\/uploads\\\/2023\\\/11\\\/IMG_1362-scaled.jpg\",\"articleSection\":[\"Destaque\",\"Educa\u00e7\u00e3o\",\"Geral\"],\"inLanguage\":\"pt-BR\",\"potentialAction\":[{\"@type\":\"CommentAction\",\"name\":\"Comment\",\"target\":[\"https:\\\/\\\/capivari.sp.gov.br\\\/portal\\\/cerca-de-700-estudantes-serao-diplomados-em-formatura-da-rede-municipal-de-educacao\\\/#respond\"]}]},{\"@type\":\"WebPage\",\"@id\":\"https:\\\/\\\/capivari.sp.gov.br\\\/portal\\\/cerca-de-700-estudantes-serao-diplomados-em-formatura-da-rede-municipal-de-educacao\\\/\",\"url\":\"https:\\\/\\\/capivari.sp.gov.br\\\/portal\\\/cerca-de-700-estudantes-serao-diplomados-em-formatura-da-rede-municipal-de-educacao\\\/\",\"name\":\"Cerca de 700 estudantes ser\u00e3o diplomados em formatura da Rede Municipal de Educa\u00e7\u00e3o - Prefeitura de Capivari\",\"isPartOf\":{\"@id\":\"https:\\\/\\\/capivari.sp.gov.br\\\/portal\\\/#website\"},\"primaryImageOfPage\":{\"@id\":\"https:\\\/\\\/capivari.sp.gov.br\\\/portal\\\/cerca-de-700-estudantes-serao-diplomados-em-formatura-da-rede-municipal-de-educacao\\\/#primaryimage\"},\"image\":{\"@id\":\"https:\\\/\\\/capivari.sp.gov.br\\\/portal\\\/cerca-de-700-estudantes-serao-diplomados-em-formatura-da-rede-municipal-de-educacao\\\/#primaryimage\"},\"thumbnailUrl\":\"https:\\\/\\\/capivari.sp.gov.br\\\/portal\\\/wp-content\\\/uploads\\\/2023\\\/11\\\/IMG_1362-scaled.jpg\",\"datePublished\":\"2023-11-30T14:42:17+00:00\",\"breadcrumb\":{\"@id\":\"https:\\\/\\\/capivari.sp.gov.br\\\/portal\\\/cerca-de-700-estudantes-serao-diplomados-em-formatura-da-rede-municipal-de-educacao\\\/#breadcrumb\"},\"inLanguage\":\"pt-BR\",\"potentialAction\":[{\"@type\":\"ReadAction\",\"target\":[\"https:\\\/\\\/capivari.sp.gov.br\\\/portal\\\/cerca-de-700-estudantes-serao-diplomados-em-formatura-da-rede-municipal-de-educacao\\\/\"]}]},{\"@type\":\"ImageObject\",\"inLanguage\":\"pt-BR\",\"@id\":\"https:\\\/\\\/capivari.sp.gov.br\\\/portal\\\/cerca-de-700-estudantes-serao-diplomados-em-formatura-da-rede-municipal-de-educacao\\\/#primaryimage\",\"url\":\"https:\\\/\\\/capivari.sp.gov.br\\\/portal\\\/wp-content\\\/uploads\\\/2023\\\/11\\\/IMG_1362-scaled.jpg\",\"contentUrl\":\"https:\\\/\\\/capivari.sp.gov.br\\\/portal\\\/wp-content\\\/uploads\\\/2023\\\/11\\\/IMG_1362-scaled.jpg\",\"width\":2560,\"height\":1707},{\"@type\":\"BreadcrumbList\",\"@id\":\"https:\\\/\\\/capivari.sp.gov.br\\\/portal\\\/cerca-de-700-estudantes-serao-diplomados-em-formatura-da-rede-municipal-de-educacao\\\/#breadcrumb\",\"itemListElement\":[{\"@type\":\"ListItem\",\"position\":1,\"name\":\"In\u00edcio\",\"item\":\"https:\\\/\\\/capivari.sp.gov.br\\\/portal\\\/\"},{\"@type\":\"ListItem\",\"position\":2,\"name\":\"Cerca de 700 estudantes ser\u00e3o diplomados em formatura da Rede Municipal de Educa\u00e7\u00e3o\"}]},{\"@type\":\"WebSite\",\"@id\":\"https:\\\/\\\/capivari.sp.gov.br\\\/portal\\\/#website\",\"url\":\"https:\\\/\\\/capivari.sp.gov.br\\\/portal\\\/\",\"name\":\"Prefeitura de Capivari\",\"description\":\"Prefeitura de Capivari\",\"publisher\":{\"@id\":\"https:\\\/\\\/capivari.sp.gov.br\\\/portal\\\/#organization\"},\"potentialAction\":[{\"@type\":\"SearchAction\",\"target\":{\"@type\":\"EntryPoint\",\"urlTemplate\":\"https:\\\/\\\/capivari.sp.gov.br\\\/portal\\\/?s={search_term_string}\"},\"query-input\":{\"@type\":\"PropertyValueSpecification\",\"valueRequired\":true,\"valueName\":\"search_term_string\"}}],\"inLanguage\":\"pt-BR\"},{\"@type\":\"Organization\",\"@id\":\"https:\\\/\\\/capivari.sp.gov.br\\\/portal\\\/#organization\",\"name\":\"Prefeitura de Capivari\",\"url\":\"https:\\\/\\\/capivari.sp.gov.br\\\/portal\\\/\",\"logo\":{\"@type\":\"ImageObject\",\"inLanguage\":\"pt-BR\",\"@id\":\"https:\\\/\\\/capivari.sp.gov.br\\\/portal\\\/#\\\/schema\\\/logo\\\/image\\\/\",\"url\":\"https:\\\/\\\/capivari.sp.gov.br\\\/portal\\\/wp-content\\\/uploads\\\/2021\\\/09\\\/logo-prefeitura-de-capivari.png\",\"contentUrl\":\"https:\\\/\\\/capivari.sp.gov.br\\\/portal\\\/wp-content\\\/uploads\\\/2021\\\/09\\\/logo-prefeitura-de-capivari.png\",\"width\":200,\"height\":147,\"caption\":\"Prefeitura de Capivari\"},\"image\":{\"@id\":\"https:\\\/\\\/capivari.sp.gov.br\\\/portal\\\/#\\\/schema\\\/logo\\\/image\\\/\"},\"sameAs\":[\"https:\\\/\\\/www.facebook.com\\\/PrefeituradeCapivari\\\/\",\"https:\\\/\\\/x.com\\\/PrefCapivari\",\"https:\\\/\\\/www.instagram.com\\\/prefeituracapivari\\\/\"]},{\"@type\":\"Person\",\"@id\":\"https:\\\/\\\/capivari.sp.gov.br\\\/portal\\\/#\\\/schema\\\/person\\\/ac37113577adfc1517e0cfa854b830b4\",\"name\":\"Luciano Assis\",\"image\":{\"@type\":\"ImageObject\",\"inLanguage\":\"pt-BR\",\"@id\":\"https:\\\/\\\/secure.gravatar.com\\\/avatar\\\/ec163f977a02ac195ce6085f5110a8c4c8c6cc357c134002f73b4664772e79a5?s=96&d=mm&r=g\",\"url\":\"https:\\\/\\\/secure.gravatar.com\\\/avatar\\\/ec163f977a02ac195ce6085f5110a8c4c8c6cc357c134002f73b4664772e79a5?s=96&d=mm&r=g\",\"contentUrl\":\"https:\\\/\\\/secure.gravatar.com\\\/avatar\\\/ec163f977a02ac195ce6085f5110a8c4c8c6cc357c134002f73b4664772e79a5?s=96&d=mm&r=g\",\"caption\":\"Luciano Assis\"},\"url\":\"https:\\\/\\\/capivari.sp.gov.br\\\/portal\\\/author\\\/luciano-assis\\\/\"}]}<\/script>\n<!-- \/ Yoast SEO plugin. -->","yoast_head_json":{"title":"Cerca de 700 estudantes ser\u00e3o diplomados em formatura da Rede Municipal de Educa\u00e7\u00e3o - Prefeitura de Capivari","robots":{"index":"index","follow":"follow","max-snippet":"max-snippet:-1","max-image-preview":"max-image-preview:large","max-video-preview":"max-video-preview:-1"},"canonical":"https:\/\/capivari.sp.gov.br\/portal\/cerca-de-700-estudantes-serao-diplomados-em-formatura-da-rede-municipal-de-educacao\/","og_locale":"pt_BR","og_type":"article","og_title":"Cerca de 700 estudantes ser\u00e3o diplomados em formatura da Rede Municipal de Educa\u00e7\u00e3o - Prefeitura de Capivari","og_description":"A Prefeitura de Capivari, atrav\u00e9s da Secretaria da Educa\u00e7\u00e3o, dar\u00e1 in\u00edcio na pr\u00f3xima ter\u00e7a-feira, dia 5 de dezembro, \u00e0s formaturas dos alunos da Educa\u00e7\u00e3o Infantil e do Ensino Fundamental da Rede Municipal de Ensino. Al\u00e9m da entrega dos certificados de conclus\u00e3o, as solenidades, que ocorrer\u00e3o no Gin\u00e1sio de Esporte Ronaldo Zaidan Pellegrini, o Ronald\u00e3o, contar\u00e3o [&hellip;]","og_url":"https:\/\/capivari.sp.gov.br\/portal\/cerca-de-700-estudantes-serao-diplomados-em-formatura-da-rede-municipal-de-educacao\/","og_site_name":"Prefeitura de Capivari","article_publisher":"https:\/\/www.facebook.com\/PrefeituradeCapivari\/","article_published_time":"2023-11-30T14:42:17+00:00","og_image":[{"width":2560,"height":1707,"url":"https:\/\/capivari.sp.gov.br\/portal\/wp-content\/uploads\/2023\/11\/IMG_1362-scaled.jpg","type":"image\/jpeg"}],"author":"Luciano Assis","twitter_card":"summary_large_image","twitter_creator":"@PrefCapivari","twitter_site":"@PrefCapivari","twitter_misc":{"Escrito por":"Luciano Assis","Est. tempo de leitura":"2 minutos"},"schema":{"@context":"https:\/\/schema.org","@graph":[{"@type":"Article","@id":"https:\/\/capivari.sp.gov.br\/portal\/cerca-de-700-estudantes-serao-diplomados-em-formatura-da-rede-municipal-de-educacao\/#article","isPartOf":{"@id":"https:\/\/capivari.sp.gov.br\/portal\/cerca-de-700-estudantes-serao-diplomados-em-formatura-da-rede-municipal-de-educacao\/"},"author":{"name":"Luciano Assis","@id":"https:\/\/capivari.sp.gov.br\/portal\/#\/schema\/person\/ac37113577adfc1517e0cfa854b830b4"},"headline":"Cerca de 700 estudantes ser\u00e3o diplomados em formatura da Rede Municipal de Educa\u00e7\u00e3o","datePublished":"2023-11-30T14:42:17+00:00","mainEntityOfPage":{"@id":"https:\/\/capivari.sp.gov.br\/portal\/cerca-de-700-estudantes-serao-diplomados-em-formatura-da-rede-municipal-de-educacao\/"},"wordCount":342,"commentCount":0,"publisher":{"@id":"https:\/\/capivari.sp.gov.br\/portal\/#organization"},"image":{"@id":"https:\/\/capivari.sp.gov.br\/portal\/cerca-de-700-estudantes-serao-diplomados-em-formatura-da-rede-municipal-de-educacao\/#primaryimage"},"thumbnailUrl":"https:\/\/capivari.sp.gov.br\/portal\/wp-content\/uploads\/2023\/11\/IMG_1362-scaled.jpg","articleSection":["Destaque","Educa\u00e7\u00e3o","Geral"],"inLanguage":"pt-BR","potentialAction":[{"@type":"CommentAction","name":"Comment","target":["https:\/\/capivari.sp.gov.br\/portal\/cerca-de-700-estudantes-serao-diplomados-em-formatura-da-rede-municipal-de-educacao\/#respond"]}]},{"@type":"WebPage","@id":"https:\/\/capivari.sp.gov.br\/portal\/cerca-de-700-estudantes-serao-diplomados-em-formatura-da-rede-municipal-de-educacao\/","url":"https:\/\/capivari.sp.gov.br\/portal\/cerca-de-700-estudantes-serao-diplomados-em-formatura-da-rede-municipal-de-educacao\/","name":"Cerca de 700 estudantes ser\u00e3o diplomados em formatura da Rede Municipal de Educa\u00e7\u00e3o - Prefeitura de Capivari","isPartOf":{"@id":"https:\/\/capivari.sp.gov.br\/portal\/#website"},"primaryImageOfPage":{"@id":"https:\/\/capivari.sp.gov.br\/portal\/cerca-de-700-estudantes-serao-diplomados-em-formatura-da-rede-municipal-de-educacao\/#primaryimage"},"image":{"@id":"https:\/\/capivari.sp.gov.br\/portal\/cerca-de-700-estudantes-serao-diplomados-em-formatura-da-rede-municipal-de-educacao\/#primaryimage"},"thumbnailUrl":"https:\/\/capivari.sp.gov.br\/portal\/wp-content\/uploads\/2023\/11\/IMG_1362-scaled.jpg","datePublished":"2023-11-30T14:42:17+00:00","breadcrumb":{"@id":"https:\/\/capivari.sp.gov.br\/portal\/cerca-de-700-estudantes-serao-diplomados-em-formatura-da-rede-municipal-de-educacao\/#breadcrumb"},"inLanguage":"pt-BR","potentialAction":[{"@type":"ReadAction","target":["https:\/\/capivari.sp.gov.br\/portal\/cerca-de-700-estudantes-serao-diplomados-em-formatura-da-rede-municipal-de-educacao\/"]}]},{"@type":"ImageObject","inLanguage":"pt-BR","@id":"https:\/\/capivari.sp.gov.br\/portal\/cerca-de-700-estudantes-serao-diplomados-em-formatura-da-rede-municipal-de-educacao\/#primaryimage","url":"https:\/\/capivari.sp.gov.br\/portal\/wp-content\/uploads\/2023\/11\/IMG_1362-scaled.jpg","contentUrl":"https:\/\/capivari.sp.gov.br\/portal\/wp-content\/uploads\/2023\/11\/IMG_1362-scaled.jpg","width":2560,"height":1707},{"@type":"BreadcrumbList","@id":"https:\/\/capivari.sp.gov.br\/portal\/cerca-de-700-estudantes-serao-diplomados-em-formatura-da-rede-municipal-de-educacao\/#breadcrumb","itemListElement":[{"@type":"ListItem","position":1,"name":"In\u00edcio","item":"https:\/\/capivari.sp.gov.br\/portal\/"},{"@type":"ListItem","position":2,"name":"Cerca de 700 estudantes ser\u00e3o diplomados em formatura da Rede Municipal de Educa\u00e7\u00e3o"}]},{"@type":"WebSite","@id":"https:\/\/capivari.sp.gov.br\/portal\/#website","url":"https:\/\/capivari.sp.gov.br\/portal\/","name":"Prefeitura de Capivari","description":"Prefeitura de Capivari","publisher":{"@id":"https:\/\/capivari.sp.gov.br\/portal\/#organization"},"potentialAction":[{"@type":"SearchAction","target":{"@type":"EntryPoint","urlTemplate":"https:\/\/capivari.sp.gov.br\/portal\/?s={search_term_string}"},"query-input":{"@type":"PropertyValueSpecification","valueRequired":true,"valueName":"search_term_string"}}],"inLanguage":"pt-BR"},{"@type":"Organization","@id":"https:\/\/capivari.sp.gov.br\/portal\/#organization","name":"Prefeitura de Capivari","url":"https:\/\/capivari.sp.gov.br\/portal\/","logo":{"@type":"ImageObject","inLanguage":"pt-BR","@id":"https:\/\/capivari.sp.gov.br\/portal\/#\/schema\/logo\/image\/","url":"https:\/\/capivari.sp.gov.br\/portal\/wp-content\/uploads\/2021\/09\/logo-prefeitura-de-capivari.png","contentUrl":"https:\/\/capivari.sp.gov.br\/portal\/wp-content\/uploads\/2021\/09\/logo-prefeitura-de-capivari.png","width":200,"height":147,"caption":"Prefeitura de Capivari"},"image":{"@id":"https:\/\/capivari.sp.gov.br\/portal\/#\/schema\/logo\/image\/"},"sameAs":["https:\/\/www.facebook.com\/PrefeituradeCapivari\/","https:\/\/x.com\/PrefCapivari","https:\/\/www.instagram.com\/prefeituracapivari\/"]},{"@type":"Person","@id":"https:\/\/capivari.sp.gov.br\/portal\/#\/schema\/person\/ac37113577adfc1517e0cfa854b830b4","name":"Luciano Assis","image":{"@type":"ImageObject","inLanguage":"pt-BR","@id":"https:\/\/secure.gravatar.com\/avatar\/ec163f977a02ac195ce6085f5110a8c4c8c6cc357c134002f73b4664772e79a5?s=96&d=mm&r=g","url":"https:\/\/secure.gravatar.com\/avatar\/ec163f977a02ac195ce6085f5110a8c4c8c6cc357c134002f73b4664772e79a5?s=96&d=mm&r=g","contentUrl":"https:\/\/secure.gravatar.com\/avatar\/ec163f977a02ac195ce6085f5110a8c4c8c6cc357c134002f73b4664772e79a5?s=96&d=mm&r=g","caption":"Luciano Assis"},"url":"https:\/\/capivari.sp.gov.br\/portal\/author\/luciano-assis\/"}]}},"_links":{"self":[{"href":"https:\/\/capivari.sp.gov.br\/portal\/wp-json\/wp\/v2\/posts\/15915","targetHints":{"allow":["GET"]}}],"collection":[{"href":"https:\/\/capivari.sp.gov.br\/portal\/wp-json\/wp\/v2\/posts"}],"about":[{"href":"https:\/\/capivari.sp.gov.br\/portal\/wp-json\/wp\/v2\/types\/post"}],"author":[{"embeddable":true,"href":"https:\/\/capivari.sp.gov.br\/portal\/wp-json\/wp\/v2\/users\/15"}],"replies":[{"embeddable":true,"href":"https:\/\/capivari.sp.gov.br\/portal\/wp-json\/wp\/v2\/comments?post=15915"}],"version-history":[{"count":1,"href":"https:\/\/capivari.sp.gov.br\/portal\/wp-json\/wp\/v2\/posts\/15915\/revisions"}],"predecessor-version":[{"id":15917,"href":"https:\/\/capivari.sp.gov.br\/portal\/wp-json\/wp\/v2\/posts\/15915\/revisions\/15917"}],"wp:featuredmedia":[{"embeddable":true,"href":"https:\/\/capivari.sp.gov.br\/portal\/wp-json\/wp\/v2\/media\/15916"}],"wp:attachment":[{"href":"https:\/\/capivari.sp.gov.br\/portal\/wp-json\/wp\/v2\/media?parent=15915"}],"wp:term":[{"taxonomy":"category","embeddable":true,"href":"https:\/\/capivari.sp.gov.br\/portal\/wp-json\/wp\/v2\/categories?post=15915"},{"taxonomy":"post_tag","embeddable":true,"href":"https:\/\/capivari.sp.gov.br\/portal\/wp-json\/wp\/v2\/tags?post=15915"}],"curies":[{"name":"wp","href":"https:\/\/api.w.org\/{rel}","templated":true}]}}