{"id":16179,"date":"2024-01-03T09:49:22","date_gmt":"2024-01-03T12:49:22","guid":{"rendered":"https:\/\/capivari.sp.gov.br\/portal\/?p=16179"},"modified":"2024-01-03T09:49:22","modified_gmt":"2024-01-03T12:49:22","slug":"vila-do-natal-encanta-adultos-e-criancas-e-leva-publico-de-aproximadamente-30-mil-pessoas-para-praca-central-no-mes-de-dezembro","status":"publish","type":"post","link":"https:\/\/capivari.sp.gov.br\/portal\/vila-do-natal-encanta-adultos-e-criancas-e-leva-publico-de-aproximadamente-30-mil-pessoas-para-praca-central-no-mes-de-dezembro\/","title":{"rendered":"\u2018Vila do Natal\u2019 encanta adultos e crian\u00e7as e leva p\u00fablico de aproximadamente 30 mil pessoas para Pra\u00e7a Central no m\u00eas de dezembro"},"content":{"rendered":"<p><span style=\"font-family: Arial, sans-serif;\"><span style=\"font-size: large;\">O Natal de 2023 vai entrar para a hist\u00f3ria de Capivari como um dos mais iluminados e movimentados que o munic\u00edpio j\u00e1 viu. S\u00f3 a \u201cVila do Natal\u201d, montada na Pra\u00e7a Central, foi visitada por cerca de 30 mil pessoas, que levaram suas crian\u00e7as para verem as luzes do local e conhecer o Papai Noel. <\/span><\/span><\/p>\n<p><span style=\"font-family: Arial, sans-serif;\"><span style=\"font-size: large;\">O Projeto \u201cNatal Encantado\u201d, idealizado pela prefeitura de Capivari, atrav\u00e9s das secretarias de Rela\u00e7\u00f5es P\u00fablicas e Cultura, teve in\u00edcio no dia 04 de dezembro, com a inaugura\u00e7\u00e3o da decora\u00e7\u00e3o de Natal do Pa\u00e7o Municipal. Na mesma semana, as avenidas Piratininga, Pio XII e Alameda Faustina Franchi Annichino, al\u00e9m das Pra\u00e7as do Belini e Pra\u00e7a 13 de Maio, tamb\u00e9m ganharam ilumina\u00e7\u00e3o especial. J\u00e1 a rotat\u00f3ria do gin\u00e1sio Ronaldo Zaidan Pellegrini, o Ronald\u00e3o, recebeu uma grande \u00e1rvore de Natal, que p\u00f4de ser vista a v\u00e1rios quarteir\u00f5es de dist\u00e2ncia.<\/p>\n<p>No dia 13 de dezembro, as ruas da regi\u00e3o central foram palco do desfile \u201cSonho M\u00e1gico 2023\u201d, que levou personagens da Disney, Marvel e outros \u201c\u00eddolos infantis\u201d para um passeio pelas ruas XV de Novembro e Saldanha Marinho. Neste dia, mais de 8 mil pessoas prestigiaram o evento que foi uma realiza\u00e7\u00e3o da Prefeitura de Capivari, grupo Folia de Natal e Clube dos Autos Antigos.<\/span><\/span><\/p>\n<p><span style=\"font-family: Arial, sans-serif;\"><span style=\"font-size: large;\"><span style=\"color: #000000;\">A \u201c<\/span><span style=\"color: #000000;\">Vila de Natal\u201d foi conhecida pelo p\u00fablico no dia 14, onde uma grande estrutura toda iluminada foi montada com a casa do Papai Noel. O local recebeu uma programa\u00e7\u00e3o especial que se estendeu at\u00e9 o dia 23 de dezembro com shows de m\u00fasica e dan\u00e7a, barracas de alimenta\u00e7\u00e3o variadas, brinquedos <\/span><span style=\"color: #000000;\">e um parque de divers\u00e3o com direito a carrossel e roda gigante.<\/span> <\/span><\/span><\/p>\n<p>\u201c<span style=\"font-family: Arial, sans-serif;\"><span style=\"font-size: large;\">Acredito que estabelecemos um novo patamar de eventos natalinos em 2023, tanto na beleza das luzes que levamos \u00e0s ruas da cidade, quanto de participa\u00e7\u00e3o do p\u00fablico. Foi um Natal inesquec\u00edvel\u201d, avaliou Rafael Massouh, secret\u00e1rio de Rela\u00e7\u00f5es P\u00fablicas e um dos idealizadores do \u201cNatal Encantado\u201d.<\/span><\/span><\/p>\n<p><span style=\"font-family: Arial, sans-serif;\"><span style=\"font-size: large;\">Edm\u00edlson Ba\u00eda, secret\u00e1rio de Cultura e Turismo, lembrou que os eventos natalinos trouxe um p\u00fablico de toda a regi\u00e3o para Capivari. \u201cRecebemos muitos elogios com a nossa \u2018Vila de Natal\u2019, que realmente ficou muito bonita e acolhedora para gente de todas as idades\u201d. <\/span><\/span><\/p>\n<p><span style=\"font-family: Arial, sans-serif;\"><span style=\"font-size: large;\">O <\/span><\/span><span style=\"font-family: Arial, sans-serif;\"><span style=\"font-size: large;\">prefeito Vit\u00e3o Riccomini refor\u00e7a a fala do<\/span><\/span><span style=\"font-family: Arial, sans-serif;\"><span style=\"font-size: large;\">s<\/span><\/span><span style=\"font-family: Arial, sans-serif;\"><span style=\"font-size: large;\"> secret\u00e1rio<\/span><\/span><span style=\"font-family: Arial, sans-serif;\"><span style=\"font-size: large;\">s<\/span><\/span><span style=\"font-family: Arial, sans-serif;\"><span style=\"font-size: large;\">, lembrando que uma data especial como essa deve sempre ser festejada da melhor maneira poss\u00edvel. \u201cDurante muito tempo <\/span><\/span><span style=\"font-family: Arial, sans-serif;\"><span style=\"font-size: large;\">as festas de <\/span><\/span><span style=\"font-family: Arial, sans-serif;\"><span style=\"font-size: large;\">Natal d<\/span><\/span><span style=\"font-family: Arial, sans-serif;\"><span style=\"font-size: large;\">a prefeitura <\/span><\/span><span style=\"font-family: Arial, sans-serif;\"><span style=\"font-size: large;\">Capivari n\u00e3o est<\/span><\/span><span style=\"font-family: Arial, sans-serif;\"><span style=\"font-size: large;\">iveram <\/span><\/span><span style=\"font-family: Arial, sans-serif;\"><span style=\"font-size: large;\">\u00e0 altura da cidade. Neste ano a gente mudou isso e tenho certeza que a popula\u00e7\u00e3o apoiou em peso e vai sempre querer daqui em diante ter um final de ano iluminado e cheio de op\u00e7\u00f5es de divers\u00e3o para adultos e crian\u00e7as\u201d, festejou Vit\u00e3o.<\/span><\/span><\/p>\n","protected":false},"excerpt":{"rendered":"<p>O Natal de 2023 vai entrar para a hist\u00f3ria de Capivari como um dos mais iluminados e movimentados que o munic\u00edpio j\u00e1 viu. S\u00f3 a \u201cVila do Natal\u201d, montada na Pra\u00e7a Central, foi visitada por cerca de 30 mil pessoas, que levaram suas crian\u00e7as para verem as luzes do local e conhecer o Papai Noel. [&hellip;]<\/p>\n","protected":false},"author":15,"featured_media":16180,"comment_status":"open","ping_status":"open","sticky":false,"template":"","format":"standard","meta":{"ocean_post_layout":"","ocean_both_sidebars_style":"","ocean_both_sidebars_content_width":0,"ocean_both_sidebars_sidebars_width":0,"ocean_sidebar":"","ocean_second_sidebar":"","ocean_disable_margins":"enable","ocean_add_body_class":"","ocean_shortcode_before_top_bar":"","ocean_shortcode_after_top_bar":"","ocean_shortcode_before_header":"","ocean_shortcode_after_header":"","ocean_has_shortcode":"","ocean_shortcode_after_title":"","ocean_shortcode_before_footer_widgets":"","ocean_shortcode_after_footer_widgets":"","ocean_shortcode_before_footer_bottom":"","ocean_shortcode_after_footer_bottom":"","ocean_display_top_bar":"default","ocean_display_header":"default","ocean_header_style":"","ocean_center_header_left_menu":"","ocean_custom_header_template":"","ocean_custom_logo":0,"ocean_custom_retina_logo":0,"ocean_custom_logo_max_width":0,"ocean_custom_logo_tablet_max_width":0,"ocean_custom_logo_mobile_max_width":0,"ocean_custom_logo_max_height":0,"ocean_custom_logo_tablet_max_height":0,"ocean_custom_logo_mobile_max_height":0,"ocean_header_custom_menu":"","ocean_menu_typo_font_family":"","ocean_menu_typo_font_subset":"","ocean_menu_typo_font_size":0,"ocean_menu_typo_font_size_tablet":0,"ocean_menu_typo_font_size_mobile":0,"ocean_menu_typo_font_size_unit":"px","ocean_menu_typo_font_weight":"","ocean_menu_typo_font_weight_tablet":"","ocean_menu_typo_font_weight_mobile":"","ocean_menu_typo_transform":"","ocean_menu_typo_transform_tablet":"","ocean_menu_typo_transform_mobile":"","ocean_menu_typo_line_height":0,"ocean_menu_typo_line_height_tablet":0,"ocean_menu_typo_line_height_mobile":0,"ocean_menu_typo_line_height_unit":"","ocean_menu_typo_spacing":0,"ocean_menu_typo_spacing_tablet":0,"ocean_menu_typo_spacing_mobile":0,"ocean_menu_typo_spacing_unit":"","ocean_menu_link_color":"","ocean_menu_link_color_hover":"","ocean_menu_link_color_active":"","ocean_menu_link_background":"","ocean_menu_link_hover_background":"","ocean_menu_link_active_background":"","ocean_menu_social_links_bg":"","ocean_menu_social_hover_links_bg":"","ocean_menu_social_links_color":"","ocean_menu_social_hover_links_color":"","ocean_disable_title":"default","ocean_disable_heading":"default","ocean_post_title":"","ocean_post_subheading":"","ocean_post_title_style":"","ocean_post_title_background_color":"","ocean_post_title_background":0,"ocean_post_title_bg_image_position":"","ocean_post_title_bg_image_attachment":"","ocean_post_title_bg_image_repeat":"","ocean_post_title_bg_image_size":"","ocean_post_title_height":0,"ocean_post_title_bg_overlay":0.5,"ocean_post_title_bg_overlay_color":"","ocean_disable_breadcrumbs":"default","ocean_breadcrumbs_color":"","ocean_breadcrumbs_separator_color":"","ocean_breadcrumbs_links_color":"","ocean_breadcrumbs_links_hover_color":"","ocean_display_footer_widgets":"default","ocean_display_footer_bottom":"default","ocean_custom_footer_template":"","ocean_post_oembed":"","ocean_post_self_hosted_media":"","ocean_post_video_embed":"","ocean_link_format":"","ocean_link_format_target":"self","ocean_quote_format":"","ocean_quote_format_link":"post","ocean_gallery_link_images":"off","ocean_gallery_id":[],"footnotes":""},"categories":[4,5,30],"tags":[],"class_list":["post-16179","post","type-post","status-publish","format-standard","has-post-thumbnail","hentry","category-destaque","category-geral","category-relacoes-publicas","entry","has-media"],"yoast_head":"<!-- This site is optimized with the Yoast SEO plugin v27.4 - https:\/\/yoast.com\/product\/yoast-seo-wordpress\/ -->\n<title>\u2018Vila do Natal\u2019 encanta adultos e crian\u00e7as e leva p\u00fablico de aproximadamente 30 mil pessoas para Pra\u00e7a Central no m\u00eas de dezembro - Prefeitura de Capivari<\/title>\n<meta name=\"robots\" content=\"index, follow, max-snippet:-1, max-image-preview:large, max-video-preview:-1\" \/>\n<link rel=\"canonical\" href=\"https:\/\/capivari.sp.gov.br\/portal\/vila-do-natal-encanta-adultos-e-criancas-e-leva-publico-de-aproximadamente-30-mil-pessoas-para-praca-central-no-mes-de-dezembro\/\" \/>\n<meta property=\"og:locale\" content=\"pt_BR\" \/>\n<meta property=\"og:type\" content=\"article\" \/>\n<meta property=\"og:title\" content=\"\u2018Vila do Natal\u2019 encanta adultos e crian\u00e7as e leva p\u00fablico de aproximadamente 30 mil pessoas para Pra\u00e7a Central no m\u00eas de dezembro - Prefeitura de Capivari\" \/>\n<meta property=\"og:description\" content=\"O Natal de 2023 vai entrar para a hist\u00f3ria de Capivari como um dos mais iluminados e movimentados que o munic\u00edpio j\u00e1 viu. S\u00f3 a \u201cVila do Natal\u201d, montada na Pra\u00e7a Central, foi visitada por cerca de 30 mil pessoas, que levaram suas crian\u00e7as para verem as luzes do local e conhecer o Papai Noel. [&hellip;]\" \/>\n<meta property=\"og:url\" content=\"https:\/\/capivari.sp.gov.br\/portal\/vila-do-natal-encanta-adultos-e-criancas-e-leva-publico-de-aproximadamente-30-mil-pessoas-para-praca-central-no-mes-de-dezembro\/\" \/>\n<meta property=\"og:site_name\" content=\"Prefeitura de Capivari\" \/>\n<meta property=\"article:publisher\" content=\"https:\/\/www.facebook.com\/PrefeituradeCapivari\/\" \/>\n<meta property=\"article:published_time\" content=\"2024-01-03T12:49:22+00:00\" \/>\n<meta property=\"og:image\" content=\"https:\/\/capivari.sp.gov.br\/portal\/wp-content\/uploads\/2024\/01\/IMG_1457-Aprimorado-NR-scaled.jpg\" \/>\n\t<meta property=\"og:image:width\" content=\"2560\" \/>\n\t<meta property=\"og:image:height\" content=\"1707\" \/>\n\t<meta property=\"og:image:type\" content=\"image\/jpeg\" \/>\n<meta name=\"author\" content=\"Luciano Assis\" \/>\n<meta name=\"twitter:card\" content=\"summary_large_image\" \/>\n<meta name=\"twitter:creator\" content=\"@PrefCapivari\" \/>\n<meta name=\"twitter:site\" content=\"@PrefCapivari\" \/>\n<meta name=\"twitter:label1\" content=\"Escrito por\" \/>\n\t<meta name=\"twitter:data1\" content=\"Luciano Assis\" \/>\n\t<meta name=\"twitter:label2\" content=\"Est. tempo de leitura\" \/>\n\t<meta name=\"twitter:data2\" content=\"3 minutos\" \/>\n<script type=\"application\/ld+json\" class=\"yoast-schema-graph\">{\"@context\":\"https:\\\/\\\/schema.org\",\"@graph\":[{\"@type\":\"Article\",\"@id\":\"https:\\\/\\\/capivari.sp.gov.br\\\/portal\\\/vila-do-natal-encanta-adultos-e-criancas-e-leva-publico-de-aproximadamente-30-mil-pessoas-para-praca-central-no-mes-de-dezembro\\\/#article\",\"isPartOf\":{\"@id\":\"https:\\\/\\\/capivari.sp.gov.br\\\/portal\\\/vila-do-natal-encanta-adultos-e-criancas-e-leva-publico-de-aproximadamente-30-mil-pessoas-para-praca-central-no-mes-de-dezembro\\\/\"},\"author\":{\"name\":\"Luciano Assis\",\"@id\":\"https:\\\/\\\/capivari.sp.gov.br\\\/portal\\\/#\\\/schema\\\/person\\\/ac37113577adfc1517e0cfa854b830b4\"},\"headline\":\"\u2018Vila do Natal\u2019 encanta adultos e crian\u00e7as e leva p\u00fablico de aproximadamente 30 mil pessoas para Pra\u00e7a Central no m\u00eas de dezembro\",\"datePublished\":\"2024-01-03T12:49:22+00:00\",\"mainEntityOfPage\":{\"@id\":\"https:\\\/\\\/capivari.sp.gov.br\\\/portal\\\/vila-do-natal-encanta-adultos-e-criancas-e-leva-publico-de-aproximadamente-30-mil-pessoas-para-praca-central-no-mes-de-dezembro\\\/\"},\"wordCount\":508,\"commentCount\":0,\"publisher\":{\"@id\":\"https:\\\/\\\/capivari.sp.gov.br\\\/portal\\\/#organization\"},\"image\":{\"@id\":\"https:\\\/\\\/capivari.sp.gov.br\\\/portal\\\/vila-do-natal-encanta-adultos-e-criancas-e-leva-publico-de-aproximadamente-30-mil-pessoas-para-praca-central-no-mes-de-dezembro\\\/#primaryimage\"},\"thumbnailUrl\":\"https:\\\/\\\/capivari.sp.gov.br\\\/portal\\\/wp-content\\\/uploads\\\/2024\\\/01\\\/IMG_1457-Aprimorado-NR-scaled.jpg\",\"articleSection\":[\"Destaque\",\"Geral\",\"Rela\u00e7\u00f5es P\u00fablicas\"],\"inLanguage\":\"pt-BR\",\"potentialAction\":[{\"@type\":\"CommentAction\",\"name\":\"Comment\",\"target\":[\"https:\\\/\\\/capivari.sp.gov.br\\\/portal\\\/vila-do-natal-encanta-adultos-e-criancas-e-leva-publico-de-aproximadamente-30-mil-pessoas-para-praca-central-no-mes-de-dezembro\\\/#respond\"]}]},{\"@type\":\"WebPage\",\"@id\":\"https:\\\/\\\/capivari.sp.gov.br\\\/portal\\\/vila-do-natal-encanta-adultos-e-criancas-e-leva-publico-de-aproximadamente-30-mil-pessoas-para-praca-central-no-mes-de-dezembro\\\/\",\"url\":\"https:\\\/\\\/capivari.sp.gov.br\\\/portal\\\/vila-do-natal-encanta-adultos-e-criancas-e-leva-publico-de-aproximadamente-30-mil-pessoas-para-praca-central-no-mes-de-dezembro\\\/\",\"name\":\"\u2018Vila do Natal\u2019 encanta adultos e crian\u00e7as e leva p\u00fablico de aproximadamente 30 mil pessoas para Pra\u00e7a Central no m\u00eas de dezembro - Prefeitura de Capivari\",\"isPartOf\":{\"@id\":\"https:\\\/\\\/capivari.sp.gov.br\\\/portal\\\/#website\"},\"primaryImageOfPage\":{\"@id\":\"https:\\\/\\\/capivari.sp.gov.br\\\/portal\\\/vila-do-natal-encanta-adultos-e-criancas-e-leva-publico-de-aproximadamente-30-mil-pessoas-para-praca-central-no-mes-de-dezembro\\\/#primaryimage\"},\"image\":{\"@id\":\"https:\\\/\\\/capivari.sp.gov.br\\\/portal\\\/vila-do-natal-encanta-adultos-e-criancas-e-leva-publico-de-aproximadamente-30-mil-pessoas-para-praca-central-no-mes-de-dezembro\\\/#primaryimage\"},\"thumbnailUrl\":\"https:\\\/\\\/capivari.sp.gov.br\\\/portal\\\/wp-content\\\/uploads\\\/2024\\\/01\\\/IMG_1457-Aprimorado-NR-scaled.jpg\",\"datePublished\":\"2024-01-03T12:49:22+00:00\",\"breadcrumb\":{\"@id\":\"https:\\\/\\\/capivari.sp.gov.br\\\/portal\\\/vila-do-natal-encanta-adultos-e-criancas-e-leva-publico-de-aproximadamente-30-mil-pessoas-para-praca-central-no-mes-de-dezembro\\\/#breadcrumb\"},\"inLanguage\":\"pt-BR\",\"potentialAction\":[{\"@type\":\"ReadAction\",\"target\":[\"https:\\\/\\\/capivari.sp.gov.br\\\/portal\\\/vila-do-natal-encanta-adultos-e-criancas-e-leva-publico-de-aproximadamente-30-mil-pessoas-para-praca-central-no-mes-de-dezembro\\\/\"]}]},{\"@type\":\"ImageObject\",\"inLanguage\":\"pt-BR\",\"@id\":\"https:\\\/\\\/capivari.sp.gov.br\\\/portal\\\/vila-do-natal-encanta-adultos-e-criancas-e-leva-publico-de-aproximadamente-30-mil-pessoas-para-praca-central-no-mes-de-dezembro\\\/#primaryimage\",\"url\":\"https:\\\/\\\/capivari.sp.gov.br\\\/portal\\\/wp-content\\\/uploads\\\/2024\\\/01\\\/IMG_1457-Aprimorado-NR-scaled.jpg\",\"contentUrl\":\"https:\\\/\\\/capivari.sp.gov.br\\\/portal\\\/wp-content\\\/uploads\\\/2024\\\/01\\\/IMG_1457-Aprimorado-NR-scaled.jpg\",\"width\":2560,\"height\":1707},{\"@type\":\"BreadcrumbList\",\"@id\":\"https:\\\/\\\/capivari.sp.gov.br\\\/portal\\\/vila-do-natal-encanta-adultos-e-criancas-e-leva-publico-de-aproximadamente-30-mil-pessoas-para-praca-central-no-mes-de-dezembro\\\/#breadcrumb\",\"itemListElement\":[{\"@type\":\"ListItem\",\"position\":1,\"name\":\"In\u00edcio\",\"item\":\"https:\\\/\\\/capivari.sp.gov.br\\\/portal\\\/\"},{\"@type\":\"ListItem\",\"position\":2,\"name\":\"\u2018Vila do Natal\u2019 encanta adultos e crian\u00e7as e leva p\u00fablico de aproximadamente 30 mil pessoas para Pra\u00e7a Central no m\u00eas de dezembro\"}]},{\"@type\":\"WebSite\",\"@id\":\"https:\\\/\\\/capivari.sp.gov.br\\\/portal\\\/#website\",\"url\":\"https:\\\/\\\/capivari.sp.gov.br\\\/portal\\\/\",\"name\":\"Prefeitura de Capivari\",\"description\":\"Prefeitura de Capivari\",\"publisher\":{\"@id\":\"https:\\\/\\\/capivari.sp.gov.br\\\/portal\\\/#organization\"},\"potentialAction\":[{\"@type\":\"SearchAction\",\"target\":{\"@type\":\"EntryPoint\",\"urlTemplate\":\"https:\\\/\\\/capivari.sp.gov.br\\\/portal\\\/?s={search_term_string}\"},\"query-input\":{\"@type\":\"PropertyValueSpecification\",\"valueRequired\":true,\"valueName\":\"search_term_string\"}}],\"inLanguage\":\"pt-BR\"},{\"@type\":\"Organization\",\"@id\":\"https:\\\/\\\/capivari.sp.gov.br\\\/portal\\\/#organization\",\"name\":\"Prefeitura de Capivari\",\"url\":\"https:\\\/\\\/capivari.sp.gov.br\\\/portal\\\/\",\"logo\":{\"@type\":\"ImageObject\",\"inLanguage\":\"pt-BR\",\"@id\":\"https:\\\/\\\/capivari.sp.gov.br\\\/portal\\\/#\\\/schema\\\/logo\\\/image\\\/\",\"url\":\"https:\\\/\\\/capivari.sp.gov.br\\\/portal\\\/wp-content\\\/uploads\\\/2021\\\/09\\\/logo-prefeitura-de-capivari.png\",\"contentUrl\":\"https:\\\/\\\/capivari.sp.gov.br\\\/portal\\\/wp-content\\\/uploads\\\/2021\\\/09\\\/logo-prefeitura-de-capivari.png\",\"width\":200,\"height\":147,\"caption\":\"Prefeitura de Capivari\"},\"image\":{\"@id\":\"https:\\\/\\\/capivari.sp.gov.br\\\/portal\\\/#\\\/schema\\\/logo\\\/image\\\/\"},\"sameAs\":[\"https:\\\/\\\/www.facebook.com\\\/PrefeituradeCapivari\\\/\",\"https:\\\/\\\/x.com\\\/PrefCapivari\",\"https:\\\/\\\/www.instagram.com\\\/prefeituracapivari\\\/\"]},{\"@type\":\"Person\",\"@id\":\"https:\\\/\\\/capivari.sp.gov.br\\\/portal\\\/#\\\/schema\\\/person\\\/ac37113577adfc1517e0cfa854b830b4\",\"name\":\"Luciano Assis\",\"image\":{\"@type\":\"ImageObject\",\"inLanguage\":\"pt-BR\",\"@id\":\"https:\\\/\\\/secure.gravatar.com\\\/avatar\\\/ec163f977a02ac195ce6085f5110a8c4c8c6cc357c134002f73b4664772e79a5?s=96&d=mm&r=g\",\"url\":\"https:\\\/\\\/secure.gravatar.com\\\/avatar\\\/ec163f977a02ac195ce6085f5110a8c4c8c6cc357c134002f73b4664772e79a5?s=96&d=mm&r=g\",\"contentUrl\":\"https:\\\/\\\/secure.gravatar.com\\\/avatar\\\/ec163f977a02ac195ce6085f5110a8c4c8c6cc357c134002f73b4664772e79a5?s=96&d=mm&r=g\",\"caption\":\"Luciano Assis\"},\"url\":\"https:\\\/\\\/capivari.sp.gov.br\\\/portal\\\/author\\\/luciano-assis\\\/\"}]}<\/script>\n<!-- \/ Yoast SEO plugin. -->","yoast_head_json":{"title":"\u2018Vila do Natal\u2019 encanta adultos e crian\u00e7as e leva p\u00fablico de aproximadamente 30 mil pessoas para Pra\u00e7a Central no m\u00eas de dezembro - Prefeitura de Capivari","robots":{"index":"index","follow":"follow","max-snippet":"max-snippet:-1","max-image-preview":"max-image-preview:large","max-video-preview":"max-video-preview:-1"},"canonical":"https:\/\/capivari.sp.gov.br\/portal\/vila-do-natal-encanta-adultos-e-criancas-e-leva-publico-de-aproximadamente-30-mil-pessoas-para-praca-central-no-mes-de-dezembro\/","og_locale":"pt_BR","og_type":"article","og_title":"\u2018Vila do Natal\u2019 encanta adultos e crian\u00e7as e leva p\u00fablico de aproximadamente 30 mil pessoas para Pra\u00e7a Central no m\u00eas de dezembro - Prefeitura de Capivari","og_description":"O Natal de 2023 vai entrar para a hist\u00f3ria de Capivari como um dos mais iluminados e movimentados que o munic\u00edpio j\u00e1 viu. S\u00f3 a \u201cVila do Natal\u201d, montada na Pra\u00e7a Central, foi visitada por cerca de 30 mil pessoas, que levaram suas crian\u00e7as para verem as luzes do local e conhecer o Papai Noel. [&hellip;]","og_url":"https:\/\/capivari.sp.gov.br\/portal\/vila-do-natal-encanta-adultos-e-criancas-e-leva-publico-de-aproximadamente-30-mil-pessoas-para-praca-central-no-mes-de-dezembro\/","og_site_name":"Prefeitura de Capivari","article_publisher":"https:\/\/www.facebook.com\/PrefeituradeCapivari\/","article_published_time":"2024-01-03T12:49:22+00:00","og_image":[{"width":2560,"height":1707,"url":"https:\/\/capivari.sp.gov.br\/portal\/wp-content\/uploads\/2024\/01\/IMG_1457-Aprimorado-NR-scaled.jpg","type":"image\/jpeg"}],"author":"Luciano Assis","twitter_card":"summary_large_image","twitter_creator":"@PrefCapivari","twitter_site":"@PrefCapivari","twitter_misc":{"Escrito por":"Luciano Assis","Est. tempo de leitura":"3 minutos"},"schema":{"@context":"https:\/\/schema.org","@graph":[{"@type":"Article","@id":"https:\/\/capivari.sp.gov.br\/portal\/vila-do-natal-encanta-adultos-e-criancas-e-leva-publico-de-aproximadamente-30-mil-pessoas-para-praca-central-no-mes-de-dezembro\/#article","isPartOf":{"@id":"https:\/\/capivari.sp.gov.br\/portal\/vila-do-natal-encanta-adultos-e-criancas-e-leva-publico-de-aproximadamente-30-mil-pessoas-para-praca-central-no-mes-de-dezembro\/"},"author":{"name":"Luciano Assis","@id":"https:\/\/capivari.sp.gov.br\/portal\/#\/schema\/person\/ac37113577adfc1517e0cfa854b830b4"},"headline":"\u2018Vila do Natal\u2019 encanta adultos e crian\u00e7as e leva p\u00fablico de aproximadamente 30 mil pessoas para Pra\u00e7a Central no m\u00eas de dezembro","datePublished":"2024-01-03T12:49:22+00:00","mainEntityOfPage":{"@id":"https:\/\/capivari.sp.gov.br\/portal\/vila-do-natal-encanta-adultos-e-criancas-e-leva-publico-de-aproximadamente-30-mil-pessoas-para-praca-central-no-mes-de-dezembro\/"},"wordCount":508,"commentCount":0,"publisher":{"@id":"https:\/\/capivari.sp.gov.br\/portal\/#organization"},"image":{"@id":"https:\/\/capivari.sp.gov.br\/portal\/vila-do-natal-encanta-adultos-e-criancas-e-leva-publico-de-aproximadamente-30-mil-pessoas-para-praca-central-no-mes-de-dezembro\/#primaryimage"},"thumbnailUrl":"https:\/\/capivari.sp.gov.br\/portal\/wp-content\/uploads\/2024\/01\/IMG_1457-Aprimorado-NR-scaled.jpg","articleSection":["Destaque","Geral","Rela\u00e7\u00f5es P\u00fablicas"],"inLanguage":"pt-BR","potentialAction":[{"@type":"CommentAction","name":"Comment","target":["https:\/\/capivari.sp.gov.br\/portal\/vila-do-natal-encanta-adultos-e-criancas-e-leva-publico-de-aproximadamente-30-mil-pessoas-para-praca-central-no-mes-de-dezembro\/#respond"]}]},{"@type":"WebPage","@id":"https:\/\/capivari.sp.gov.br\/portal\/vila-do-natal-encanta-adultos-e-criancas-e-leva-publico-de-aproximadamente-30-mil-pessoas-para-praca-central-no-mes-de-dezembro\/","url":"https:\/\/capivari.sp.gov.br\/portal\/vila-do-natal-encanta-adultos-e-criancas-e-leva-publico-de-aproximadamente-30-mil-pessoas-para-praca-central-no-mes-de-dezembro\/","name":"\u2018Vila do Natal\u2019 encanta adultos e crian\u00e7as e leva p\u00fablico de aproximadamente 30 mil pessoas para Pra\u00e7a Central no m\u00eas de dezembro - Prefeitura de Capivari","isPartOf":{"@id":"https:\/\/capivari.sp.gov.br\/portal\/#website"},"primaryImageOfPage":{"@id":"https:\/\/capivari.sp.gov.br\/portal\/vila-do-natal-encanta-adultos-e-criancas-e-leva-publico-de-aproximadamente-30-mil-pessoas-para-praca-central-no-mes-de-dezembro\/#primaryimage"},"image":{"@id":"https:\/\/capivari.sp.gov.br\/portal\/vila-do-natal-encanta-adultos-e-criancas-e-leva-publico-de-aproximadamente-30-mil-pessoas-para-praca-central-no-mes-de-dezembro\/#primaryimage"},"thumbnailUrl":"https:\/\/capivari.sp.gov.br\/portal\/wp-content\/uploads\/2024\/01\/IMG_1457-Aprimorado-NR-scaled.jpg","datePublished":"2024-01-03T12:49:22+00:00","breadcrumb":{"@id":"https:\/\/capivari.sp.gov.br\/portal\/vila-do-natal-encanta-adultos-e-criancas-e-leva-publico-de-aproximadamente-30-mil-pessoas-para-praca-central-no-mes-de-dezembro\/#breadcrumb"},"inLanguage":"pt-BR","potentialAction":[{"@type":"ReadAction","target":["https:\/\/capivari.sp.gov.br\/portal\/vila-do-natal-encanta-adultos-e-criancas-e-leva-publico-de-aproximadamente-30-mil-pessoas-para-praca-central-no-mes-de-dezembro\/"]}]},{"@type":"ImageObject","inLanguage":"pt-BR","@id":"https:\/\/capivari.sp.gov.br\/portal\/vila-do-natal-encanta-adultos-e-criancas-e-leva-publico-de-aproximadamente-30-mil-pessoas-para-praca-central-no-mes-de-dezembro\/#primaryimage","url":"https:\/\/capivari.sp.gov.br\/portal\/wp-content\/uploads\/2024\/01\/IMG_1457-Aprimorado-NR-scaled.jpg","contentUrl":"https:\/\/capivari.sp.gov.br\/portal\/wp-content\/uploads\/2024\/01\/IMG_1457-Aprimorado-NR-scaled.jpg","width":2560,"height":1707},{"@type":"BreadcrumbList","@id":"https:\/\/capivari.sp.gov.br\/portal\/vila-do-natal-encanta-adultos-e-criancas-e-leva-publico-de-aproximadamente-30-mil-pessoas-para-praca-central-no-mes-de-dezembro\/#breadcrumb","itemListElement":[{"@type":"ListItem","position":1,"name":"In\u00edcio","item":"https:\/\/capivari.sp.gov.br\/portal\/"},{"@type":"ListItem","position":2,"name":"\u2018Vila do Natal\u2019 encanta adultos e crian\u00e7as e leva p\u00fablico de aproximadamente 30 mil pessoas para Pra\u00e7a Central no m\u00eas de dezembro"}]},{"@type":"WebSite","@id":"https:\/\/capivari.sp.gov.br\/portal\/#website","url":"https:\/\/capivari.sp.gov.br\/portal\/","name":"Prefeitura de Capivari","description":"Prefeitura de Capivari","publisher":{"@id":"https:\/\/capivari.sp.gov.br\/portal\/#organization"},"potentialAction":[{"@type":"SearchAction","target":{"@type":"EntryPoint","urlTemplate":"https:\/\/capivari.sp.gov.br\/portal\/?s={search_term_string}"},"query-input":{"@type":"PropertyValueSpecification","valueRequired":true,"valueName":"search_term_string"}}],"inLanguage":"pt-BR"},{"@type":"Organization","@id":"https:\/\/capivari.sp.gov.br\/portal\/#organization","name":"Prefeitura de Capivari","url":"https:\/\/capivari.sp.gov.br\/portal\/","logo":{"@type":"ImageObject","inLanguage":"pt-BR","@id":"https:\/\/capivari.sp.gov.br\/portal\/#\/schema\/logo\/image\/","url":"https:\/\/capivari.sp.gov.br\/portal\/wp-content\/uploads\/2021\/09\/logo-prefeitura-de-capivari.png","contentUrl":"https:\/\/capivari.sp.gov.br\/portal\/wp-content\/uploads\/2021\/09\/logo-prefeitura-de-capivari.png","width":200,"height":147,"caption":"Prefeitura de Capivari"},"image":{"@id":"https:\/\/capivari.sp.gov.br\/portal\/#\/schema\/logo\/image\/"},"sameAs":["https:\/\/www.facebook.com\/PrefeituradeCapivari\/","https:\/\/x.com\/PrefCapivari","https:\/\/www.instagram.com\/prefeituracapivari\/"]},{"@type":"Person","@id":"https:\/\/capivari.sp.gov.br\/portal\/#\/schema\/person\/ac37113577adfc1517e0cfa854b830b4","name":"Luciano Assis","image":{"@type":"ImageObject","inLanguage":"pt-BR","@id":"https:\/\/secure.gravatar.com\/avatar\/ec163f977a02ac195ce6085f5110a8c4c8c6cc357c134002f73b4664772e79a5?s=96&d=mm&r=g","url":"https:\/\/secure.gravatar.com\/avatar\/ec163f977a02ac195ce6085f5110a8c4c8c6cc357c134002f73b4664772e79a5?s=96&d=mm&r=g","contentUrl":"https:\/\/secure.gravatar.com\/avatar\/ec163f977a02ac195ce6085f5110a8c4c8c6cc357c134002f73b4664772e79a5?s=96&d=mm&r=g","caption":"Luciano Assis"},"url":"https:\/\/capivari.sp.gov.br\/portal\/author\/luciano-assis\/"}]}},"_links":{"self":[{"href":"https:\/\/capivari.sp.gov.br\/portal\/wp-json\/wp\/v2\/posts\/16179","targetHints":{"allow":["GET"]}}],"collection":[{"href":"https:\/\/capivari.sp.gov.br\/portal\/wp-json\/wp\/v2\/posts"}],"about":[{"href":"https:\/\/capivari.sp.gov.br\/portal\/wp-json\/wp\/v2\/types\/post"}],"author":[{"embeddable":true,"href":"https:\/\/capivari.sp.gov.br\/portal\/wp-json\/wp\/v2\/users\/15"}],"replies":[{"embeddable":true,"href":"https:\/\/capivari.sp.gov.br\/portal\/wp-json\/wp\/v2\/comments?post=16179"}],"version-history":[{"count":1,"href":"https:\/\/capivari.sp.gov.br\/portal\/wp-json\/wp\/v2\/posts\/16179\/revisions"}],"predecessor-version":[{"id":16181,"href":"https:\/\/capivari.sp.gov.br\/portal\/wp-json\/wp\/v2\/posts\/16179\/revisions\/16181"}],"wp:featuredmedia":[{"embeddable":true,"href":"https:\/\/capivari.sp.gov.br\/portal\/wp-json\/wp\/v2\/media\/16180"}],"wp:attachment":[{"href":"https:\/\/capivari.sp.gov.br\/portal\/wp-json\/wp\/v2\/media?parent=16179"}],"wp:term":[{"taxonomy":"category","embeddable":true,"href":"https:\/\/capivari.sp.gov.br\/portal\/wp-json\/wp\/v2\/categories?post=16179"},{"taxonomy":"post_tag","embeddable":true,"href":"https:\/\/capivari.sp.gov.br\/portal\/wp-json\/wp\/v2\/tags?post=16179"}],"curies":[{"name":"wp","href":"https:\/\/api.w.org\/{rel}","templated":true}]}}