{"id":1642,"date":"2021-11-29T14:34:10","date_gmt":"2021-11-29T17:34:10","guid":{"rendered":"https:\/\/capivari.sp.gov.br\/portal\/?p=1642"},"modified":"2021-12-04T16:03:16","modified_gmt":"2021-12-04T19:03:16","slug":"secretaria-da-educacao-realizara-formatura-de-573-alunos-da-educacao-infantil-pre-ii","status":"publish","type":"post","link":"https:\/\/capivari.sp.gov.br\/portal\/secretaria-da-educacao-realizara-formatura-de-573-alunos-da-educacao-infantil-pre-ii\/","title":{"rendered":"Secretaria da Educa\u00e7\u00e3o realizar\u00e1 formatura de 573 alunos da Educa\u00e7\u00e3o Infantil \u2013 Pr\u00e9 II"},"content":{"rendered":"<p>A Secretaria da Educa\u00e7\u00e3o divulgou o cronograma oficial das formaturas da Educa\u00e7\u00e3o Infantil \u2013 Pr\u00e9-II. As formaturas come\u00e7am no dia 1\u00ba de dezembro e v\u00e3o at\u00e9 o dia 10. Cerca de 573 alunos devem receber os certificados de conclus\u00e3o desta etapa escolar.<\/p>\n<p>As formaturas s\u00e3o EM \u201cProf\u00aa Maria Rosa Lembo Duarte\u201d, EMEIEF \u201cAm\u00e9lia Francisca Alves\u201d, EMEI \u201cJos\u00e9 Hyp\u00f3lito F. Castro Carvalho\u201d, EM \u201cCherubim Fernandes Sampaio\u201d, EMEIEF \u201cPro\u00ba Derly Andriotti\u201d, EMEI \u201cCec\u00edlia Cerezer Riccomini\u201d, EMEIEF \u201cDra. Jurema Aparecida de Souza Martins\u201d, EMEI \u201cLenita de Camargo P. Figueiredo\u201d, EMEI \u201cEster Annicchino Pagotto\u201d, EMEIEF \u201cProf\u00aa Teresinha Aparecida Franchi\u201d, EMEI \u201cAna Bortoluci Forner\u201d, EMEIEF \u201cProf\u00aa Maria do Carmo Amaral\u201d e EICAP \u201cL\u00facia Ros\u00e1ria Armelin Stefanini\u201d.<\/p>\n<p>\u201cVamos encerrar mais um ano letivo e ver nossos alunos concluindo esta etapa \u00e9 emocionante. Ficamos sempre muito animados com o futuro dos formandos, pois s\u00e3o eles que contribuir\u00e3o para construir o Brasil dos nossos sonhos\u201d, disse Rafael Silveira dos Santos, secret\u00e1rio da Educa\u00e7\u00e3o.<\/p>\n<p>Para o Prefeito de Capivari, Vit\u00e3o Riccomini, \u00e9 gratificante participar das formaturas dos alunos. \u201c\u00c9 muito gratificante ter a oportunidade de participar das formaturas da Educa\u00e7\u00e3o Infantil. A primeira etapa da vida escolar sempre ficar\u00e1 marcada na vida dessas crian\u00e7as\u201d, disse.<\/p>\n<p><em>Confira o cronograma:<\/em><\/p>\n<p><strong>Dia 01\/12:<\/strong><br \/>\n\u2013 Das 10h \u00e0s 11h, alunos do Pr\u00e9 II A, na EM \u201cProf\u00aa Maria Rosa Lembo Duarte\u201d, localizada na rua Xavantes, 156, Vila Balan;<br \/>\n\u2013 \u00c0s 16h, alunos do Pre II A da EMEIEF \u201cAm\u00e9lia Francisca Alves\u201d, na EICAP \u201cAldo Silveira\u201d, localizada na avenida Jos\u00e9 Annicchino, 1357, no Moreto;<\/p>\n<p><strong>Dia 02\/12:<\/strong><br \/>\n\u2013 Das 9h30 \u00e0s 11h, alunos do Pr\u00e9 II A e B, na EMEI \u201cJos\u00e9 Hypolito F. Castro Carvalho\u201d, na Ch\u00e1cara do Banco do Brasil, localizada na avenida Josefina Giovana Rossi, 3500, no bairro Cara\u00e7a;<br \/>\n\u2013 Das 15h30 \u00e0s 17h, alunos do Pr\u00e9 II C e D, na EMEI \u201cJos\u00e9 Hypolito F. Castro Carvalho\u201d, na Ch\u00e1cara do Banco do Brasil, localizada na avenida Josefina Giovana Rossi, 3500, no bairro Cara\u00e7a;<br \/>\n\u2013 Das 8h30 \u00e0s 9h30, alunos do Pr\u00e9 II A, na escola EM \u201cCherubim Fernandes Sampaio\u201d, localizada na rua Josefina Navarro Rossi, 27, no G\u00eanova;<br \/>\n\u2013 Das 13h30 \u00e0s 14h30, alunos do Pr\u00e9 II B, na escola EM \u201cCherubim Fernandes Sampaio\u201d, localizada na rua Josefina Navarro Rossi, 27, no G\u00eanova;<\/p>\n<p><strong>Dia 03\/12:<\/strong><br \/>\n\u2013 Das 13h30 \u00e0s 14h30, alunos do Pr\u00e9 II A, na escola EMEIEF \u201cProf\u00aa Derly Andriotti\u201d, localizada na rua \u00canio Pires de Godoy, s\/n, no Santa Rita de C\u00e1ssia;<br \/>\n\u2013 Das 8h \u00e0s 10h30, alunos do Pr\u00e9 II A e Pr\u00e9 II C, na escola EMEI \u201cCec\u00edlia Cerezer Riccomini\u201d, localizada na rua Ot\u00e1vio Alves de Souza, 226, no Santa Rosa;<br \/>\n\u2013 Das 15h30 \u00e0s 16h30, alunos do Pr\u00e9 II B, na escola EMEI \u201cCec\u00edlia Cerezer Riccomini\u201d, localizada na rua Ot\u00e1vio Alves de Souza, 226, no Santa Rosa;<\/p>\n<p><strong>Dia 07\/12:<\/strong><br \/>\n\u2013 \u00c0s 19h, alunos do Pr\u00e9 II A, B e C, na escola EMEIEF \u201cDra. Jurema Aparecida de Souza Martins\u201d, localizada na rua 24 de Junho, 431, Nova Aparecida;<\/p>\n<p><strong>Dia 08\/12:<\/strong><br \/>\n\u2013 Das 8h30 \u00e0s 9h30, alunos do Pr\u00e9 II A, na EMEI \u201cLenita de Camargo P. Figueiredo\u201d, localizada na<br \/>\nrua Santa Cruz, 278, no Centro;<br \/>\n\u2013 Das 8h \u00e0s 9h, alunos do Pr\u00e9 II A, na EMEI \u201cEster Annicchino Pagotto\u201d, localizada na rua Padre Fabiano, 1035, no Centro;<br \/>\n\u2013 Das 9h30 \u00e0s 10h30, alunos do Pr\u00e9 II B, na EMEI \u201cEster Annicchino Pagotto\u201d, localizada na rua Padre Fabiano, 1035, no Centro;<br \/>\n\u2013 Das 15h30 \u00e0s 16h30, alunos do Pr\u00e9 II C, na EMEI \u201cEster Annicchino Pagotto\u201d, localizada na rua Padre Fabiano, 1035, no Centro;<\/p>\n<p><strong>Dia 09\/12:<\/strong><br \/>\n\u2013 Das 8h30 \u00e0s 9h30, alunos do Pr\u00e9 II A, na EMEIEF \u201cProf\u00aa Teresinha Aparecida Franchi\u201d, localizada na avenida \u00canio Pires de Camargo, 175, no Bosque dos Pinheiros;<br \/>\n\u2013 Das 13h30 \u00e0s 14h30, alunos do Pr\u00e9 II B, na EMEIEF \u201cProf\u00aa Teresinha Aparecida Franchi\u201d, localizada na avenida \u00canio Pires de Camargo, 175, no Bosque dos Pinheiros;<br \/>\n\u2013 Das 8h30 \u00e0s 9h30, alunos do Pr\u00e9 II A, na EMEI \u201cAna Bortoluci Forner\u201d, localizada na rua Jos\u00e9 Vicente, 40, S\u00e3o Jo\u00e3o Batista;<br \/>\n\u2013 Das 13h30 \u00e0s 14h30, alunos do Pr\u00e9 II B, na EMEI \u201cAna Bortoluci Forner\u201d, localizada na rua Jos\u00e9 Vicente, 40, S\u00e3o Jo\u00e3o Batista;<\/p>\n<p><strong>Das 10\/12:<\/strong><br \/>\n\u2013 Das 8h30 \u00e0s 9h30, alunos do Pr\u00e9 II A, na EMEIEF \u201cProf\u00aa Maria do Carmo Amaral\u201d, localizada na rua Ant\u00f4nio Honora, 196, Morada do Sol;<br \/>\n\u2013 Das 13h30 \u00e0s 14h30, alunos do Pr\u00e9 II B, na EMEIEF \u201cProf\u00aa Maria do Carmo Amaral\u201d, localizada na rua Ant\u00f4nio Honora, 196, Morada do Sol;<br \/>\n\u2013 Das 13h30 \u00e0s 14h30, alunos do Pr\u00e9 II A, na EICAP \u201cL\u00facia Ros\u00e1ria Armelin Stefanini\u201d, localizada na rua Professora Herm\u00ednia de Camargo Penteado, 220, no Santa Terezinha e;<br \/>\n\u2013 Das 15h \u00e0s 16h, alunos do Pr\u00e9 II B, na EICAP \u201cL\u00facia Ros\u00e1ria Armelin Stefanini\u201d, localizada na rua Professora Herm\u00ednia de Camargo Penteado, 220, no Santa Terezinha.<\/p>\n","protected":false},"excerpt":{"rendered":"<p>A Secretaria da Educa\u00e7\u00e3o divulgou o cronograma oficial das formaturas da Educa\u00e7\u00e3o Infantil \u2013 Pr\u00e9-II. As formaturas come\u00e7am no dia 1\u00ba de dezembro e v\u00e3o at\u00e9 o dia 10. Cerca de 573 alunos devem receber os certificados de conclus\u00e3o desta etapa escolar. As formaturas s\u00e3o EM \u201cProf\u00aa Maria Rosa Lembo Duarte\u201d, EMEIEF \u201cAm\u00e9lia Francisca Alves\u201d, [&hellip;]<\/p>\n","protected":false},"author":8,"featured_media":1643,"comment_status":"open","ping_status":"open","sticky":false,"template":"","format":"standard","meta":{"ocean_post_layout":"","ocean_both_sidebars_style":"","ocean_both_sidebars_content_width":0,"ocean_both_sidebars_sidebars_width":0,"ocean_sidebar":"0","ocean_second_sidebar":"0","ocean_disable_margins":"enable","ocean_add_body_class":"","ocean_shortcode_before_top_bar":"","ocean_shortcode_after_top_bar":"","ocean_shortcode_before_header":"","ocean_shortcode_after_header":"","ocean_has_shortcode":"","ocean_shortcode_after_title":"","ocean_shortcode_before_footer_widgets":"","ocean_shortcode_after_footer_widgets":"","ocean_shortcode_before_footer_bottom":"","ocean_shortcode_after_footer_bottom":"","ocean_display_top_bar":"default","ocean_display_header":"default","ocean_header_style":"","ocean_center_header_left_menu":"0","ocean_custom_header_template":"0","ocean_custom_logo":0,"ocean_custom_retina_logo":0,"ocean_custom_logo_max_width":0,"ocean_custom_logo_tablet_max_width":0,"ocean_custom_logo_mobile_max_width":0,"ocean_custom_logo_max_height":0,"ocean_custom_logo_tablet_max_height":0,"ocean_custom_logo_mobile_max_height":0,"ocean_header_custom_menu":"0","ocean_menu_typo_font_family":"0","ocean_menu_typo_font_subset":"","ocean_menu_typo_font_size":0,"ocean_menu_typo_font_size_tablet":0,"ocean_menu_typo_font_size_mobile":0,"ocean_menu_typo_font_size_unit":"px","ocean_menu_typo_font_weight":"","ocean_menu_typo_font_weight_tablet":"","ocean_menu_typo_font_weight_mobile":"","ocean_menu_typo_transform":"","ocean_menu_typo_transform_tablet":"","ocean_menu_typo_transform_mobile":"","ocean_menu_typo_line_height":0,"ocean_menu_typo_line_height_tablet":0,"ocean_menu_typo_line_height_mobile":0,"ocean_menu_typo_line_height_unit":"","ocean_menu_typo_spacing":0,"ocean_menu_typo_spacing_tablet":0,"ocean_menu_typo_spacing_mobile":0,"ocean_menu_typo_spacing_unit":"","ocean_menu_link_color":"","ocean_menu_link_color_hover":"","ocean_menu_link_color_active":"","ocean_menu_link_background":"","ocean_menu_link_hover_background":"","ocean_menu_link_active_background":"","ocean_menu_social_links_bg":"","ocean_menu_social_hover_links_bg":"","ocean_menu_social_links_color":"","ocean_menu_social_hover_links_color":"","ocean_disable_title":"default","ocean_disable_heading":"default","ocean_post_title":"","ocean_post_subheading":"","ocean_post_title_style":"","ocean_post_title_background_color":"","ocean_post_title_background":0,"ocean_post_title_bg_image_position":"","ocean_post_title_bg_image_attachment":"","ocean_post_title_bg_image_repeat":"","ocean_post_title_bg_image_size":"","ocean_post_title_height":0,"ocean_post_title_bg_overlay":0.5,"ocean_post_title_bg_overlay_color":"","ocean_disable_breadcrumbs":"default","ocean_breadcrumbs_color":"","ocean_breadcrumbs_separator_color":"","ocean_breadcrumbs_links_color":"","ocean_breadcrumbs_links_hover_color":"","ocean_display_footer_widgets":"default","ocean_display_footer_bottom":"default","ocean_custom_footer_template":"0","ocean_post_oembed":"","ocean_post_self_hosted_media":"","ocean_post_video_embed":"","ocean_link_format":"","ocean_link_format_target":"self","ocean_quote_format":"","ocean_quote_format_link":"post","ocean_gallery_link_images":"off","ocean_gallery_id":[],"footnotes":""},"categories":[4,21,5],"tags":[],"class_list":["post-1642","post","type-post","status-publish","format-standard","has-post-thumbnail","hentry","category-destaque","category-educacao","category-geral","entry","has-media"],"yoast_head":"<!-- This site is optimized with the Yoast SEO plugin v27.4 - https:\/\/yoast.com\/product\/yoast-seo-wordpress\/ -->\n<title>Secretaria da Educa\u00e7\u00e3o realizar\u00e1 formatura de 573 alunos da Educa\u00e7\u00e3o Infantil \u2013 Pr\u00e9 II - Prefeitura de Capivari<\/title>\n<meta name=\"robots\" content=\"index, follow, max-snippet:-1, max-image-preview:large, max-video-preview:-1\" \/>\n<link rel=\"canonical\" href=\"https:\/\/capivari.sp.gov.br\/portal\/secretaria-da-educacao-realizara-formatura-de-573-alunos-da-educacao-infantil-pre-ii\/\" \/>\n<meta property=\"og:locale\" content=\"pt_BR\" \/>\n<meta property=\"og:type\" content=\"article\" \/>\n<meta property=\"og:title\" content=\"Secretaria da Educa\u00e7\u00e3o realizar\u00e1 formatura de 573 alunos da Educa\u00e7\u00e3o Infantil \u2013 Pr\u00e9 II - Prefeitura de Capivari\" \/>\n<meta property=\"og:description\" content=\"A Secretaria da Educa\u00e7\u00e3o divulgou o cronograma oficial das formaturas da Educa\u00e7\u00e3o Infantil \u2013 Pr\u00e9-II. As formaturas come\u00e7am no dia 1\u00ba de dezembro e v\u00e3o at\u00e9 o dia 10. Cerca de 573 alunos devem receber os certificados de conclus\u00e3o desta etapa escolar. As formaturas s\u00e3o EM \u201cProf\u00aa Maria Rosa Lembo Duarte\u201d, EMEIEF \u201cAm\u00e9lia Francisca Alves\u201d, [&hellip;]\" \/>\n<meta property=\"og:url\" content=\"https:\/\/capivari.sp.gov.br\/portal\/secretaria-da-educacao-realizara-formatura-de-573-alunos-da-educacao-infantil-pre-ii\/\" \/>\n<meta property=\"og:site_name\" content=\"Prefeitura de Capivari\" \/>\n<meta property=\"article:publisher\" content=\"https:\/\/www.facebook.com\/PrefeituradeCapivari\/\" \/>\n<meta property=\"article:published_time\" content=\"2021-11-29T17:34:10+00:00\" \/>\n<meta property=\"article:modified_time\" content=\"2021-12-04T19:03:16+00:00\" \/>\n<meta property=\"og:image\" content=\"https:\/\/capivari.sp.gov.br\/portal\/wp-content\/uploads\/2021\/12\/sec-educacao.jpg\" \/>\n\t<meta property=\"og:image:width\" content=\"1536\" \/>\n\t<meta property=\"og:image:height\" content=\"1024\" \/>\n\t<meta property=\"og:image:type\" content=\"image\/jpeg\" \/>\n<meta name=\"author\" content=\"Felipe\" \/>\n<meta name=\"twitter:card\" content=\"summary_large_image\" \/>\n<meta name=\"twitter:creator\" content=\"@PrefCapivari\" \/>\n<meta name=\"twitter:site\" content=\"@PrefCapivari\" \/>\n<meta name=\"twitter:label1\" content=\"Escrito por\" \/>\n\t<meta name=\"twitter:data1\" content=\"Felipe\" \/>\n\t<meta name=\"twitter:label2\" content=\"Est. tempo de leitura\" \/>\n\t<meta name=\"twitter:data2\" content=\"4 minutos\" \/>\n<script type=\"application\/ld+json\" class=\"yoast-schema-graph\">{\"@context\":\"https:\\\/\\\/schema.org\",\"@graph\":[{\"@type\":\"Article\",\"@id\":\"https:\\\/\\\/capivari.sp.gov.br\\\/portal\\\/secretaria-da-educacao-realizara-formatura-de-573-alunos-da-educacao-infantil-pre-ii\\\/#article\",\"isPartOf\":{\"@id\":\"https:\\\/\\\/capivari.sp.gov.br\\\/portal\\\/secretaria-da-educacao-realizara-formatura-de-573-alunos-da-educacao-infantil-pre-ii\\\/\"},\"author\":{\"name\":\"Felipe\",\"@id\":\"https:\\\/\\\/capivari.sp.gov.br\\\/portal\\\/#\\\/schema\\\/person\\\/3dd8a74ac13e765ad3dcd4bc5d1d3a10\"},\"headline\":\"Secretaria da Educa\u00e7\u00e3o realizar\u00e1 formatura de 573 alunos da Educa\u00e7\u00e3o Infantil \u2013 Pr\u00e9 II\",\"datePublished\":\"2021-11-29T17:34:10+00:00\",\"dateModified\":\"2021-12-04T19:03:16+00:00\",\"mainEntityOfPage\":{\"@id\":\"https:\\\/\\\/capivari.sp.gov.br\\\/portal\\\/secretaria-da-educacao-realizara-formatura-de-573-alunos-da-educacao-infantil-pre-ii\\\/\"},\"wordCount\":805,\"commentCount\":0,\"publisher\":{\"@id\":\"https:\\\/\\\/capivari.sp.gov.br\\\/portal\\\/#organization\"},\"image\":{\"@id\":\"https:\\\/\\\/capivari.sp.gov.br\\\/portal\\\/secretaria-da-educacao-realizara-formatura-de-573-alunos-da-educacao-infantil-pre-ii\\\/#primaryimage\"},\"thumbnailUrl\":\"https:\\\/\\\/capivari.sp.gov.br\\\/portal\\\/wp-content\\\/uploads\\\/2021\\\/12\\\/sec-educacao.jpg\",\"articleSection\":[\"Destaque\",\"Educa\u00e7\u00e3o\",\"Geral\"],\"inLanguage\":\"pt-BR\",\"potentialAction\":[{\"@type\":\"CommentAction\",\"name\":\"Comment\",\"target\":[\"https:\\\/\\\/capivari.sp.gov.br\\\/portal\\\/secretaria-da-educacao-realizara-formatura-de-573-alunos-da-educacao-infantil-pre-ii\\\/#respond\"]}]},{\"@type\":\"WebPage\",\"@id\":\"https:\\\/\\\/capivari.sp.gov.br\\\/portal\\\/secretaria-da-educacao-realizara-formatura-de-573-alunos-da-educacao-infantil-pre-ii\\\/\",\"url\":\"https:\\\/\\\/capivari.sp.gov.br\\\/portal\\\/secretaria-da-educacao-realizara-formatura-de-573-alunos-da-educacao-infantil-pre-ii\\\/\",\"name\":\"Secretaria da Educa\u00e7\u00e3o realizar\u00e1 formatura de 573 alunos da Educa\u00e7\u00e3o Infantil \u2013 Pr\u00e9 II - Prefeitura de Capivari\",\"isPartOf\":{\"@id\":\"https:\\\/\\\/capivari.sp.gov.br\\\/portal\\\/#website\"},\"primaryImageOfPage\":{\"@id\":\"https:\\\/\\\/capivari.sp.gov.br\\\/portal\\\/secretaria-da-educacao-realizara-formatura-de-573-alunos-da-educacao-infantil-pre-ii\\\/#primaryimage\"},\"image\":{\"@id\":\"https:\\\/\\\/capivari.sp.gov.br\\\/portal\\\/secretaria-da-educacao-realizara-formatura-de-573-alunos-da-educacao-infantil-pre-ii\\\/#primaryimage\"},\"thumbnailUrl\":\"https:\\\/\\\/capivari.sp.gov.br\\\/portal\\\/wp-content\\\/uploads\\\/2021\\\/12\\\/sec-educacao.jpg\",\"datePublished\":\"2021-11-29T17:34:10+00:00\",\"dateModified\":\"2021-12-04T19:03:16+00:00\",\"breadcrumb\":{\"@id\":\"https:\\\/\\\/capivari.sp.gov.br\\\/portal\\\/secretaria-da-educacao-realizara-formatura-de-573-alunos-da-educacao-infantil-pre-ii\\\/#breadcrumb\"},\"inLanguage\":\"pt-BR\",\"potentialAction\":[{\"@type\":\"ReadAction\",\"target\":[\"https:\\\/\\\/capivari.sp.gov.br\\\/portal\\\/secretaria-da-educacao-realizara-formatura-de-573-alunos-da-educacao-infantil-pre-ii\\\/\"]}]},{\"@type\":\"ImageObject\",\"inLanguage\":\"pt-BR\",\"@id\":\"https:\\\/\\\/capivari.sp.gov.br\\\/portal\\\/secretaria-da-educacao-realizara-formatura-de-573-alunos-da-educacao-infantil-pre-ii\\\/#primaryimage\",\"url\":\"https:\\\/\\\/capivari.sp.gov.br\\\/portal\\\/wp-content\\\/uploads\\\/2021\\\/12\\\/sec-educacao.jpg\",\"contentUrl\":\"https:\\\/\\\/capivari.sp.gov.br\\\/portal\\\/wp-content\\\/uploads\\\/2021\\\/12\\\/sec-educacao.jpg\",\"width\":1536,\"height\":1024},{\"@type\":\"BreadcrumbList\",\"@id\":\"https:\\\/\\\/capivari.sp.gov.br\\\/portal\\\/secretaria-da-educacao-realizara-formatura-de-573-alunos-da-educacao-infantil-pre-ii\\\/#breadcrumb\",\"itemListElement\":[{\"@type\":\"ListItem\",\"position\":1,\"name\":\"In\u00edcio\",\"item\":\"https:\\\/\\\/capivari.sp.gov.br\\\/portal\\\/\"},{\"@type\":\"ListItem\",\"position\":2,\"name\":\"Secretaria da Educa\u00e7\u00e3o realizar\u00e1 formatura de 573 alunos da Educa\u00e7\u00e3o Infantil \u2013 Pr\u00e9 II\"}]},{\"@type\":\"WebSite\",\"@id\":\"https:\\\/\\\/capivari.sp.gov.br\\\/portal\\\/#website\",\"url\":\"https:\\\/\\\/capivari.sp.gov.br\\\/portal\\\/\",\"name\":\"Prefeitura de Capivari\",\"description\":\"Prefeitura de Capivari\",\"publisher\":{\"@id\":\"https:\\\/\\\/capivari.sp.gov.br\\\/portal\\\/#organization\"},\"potentialAction\":[{\"@type\":\"SearchAction\",\"target\":{\"@type\":\"EntryPoint\",\"urlTemplate\":\"https:\\\/\\\/capivari.sp.gov.br\\\/portal\\\/?s={search_term_string}\"},\"query-input\":{\"@type\":\"PropertyValueSpecification\",\"valueRequired\":true,\"valueName\":\"search_term_string\"}}],\"inLanguage\":\"pt-BR\"},{\"@type\":\"Organization\",\"@id\":\"https:\\\/\\\/capivari.sp.gov.br\\\/portal\\\/#organization\",\"name\":\"Prefeitura de Capivari\",\"url\":\"https:\\\/\\\/capivari.sp.gov.br\\\/portal\\\/\",\"logo\":{\"@type\":\"ImageObject\",\"inLanguage\":\"pt-BR\",\"@id\":\"https:\\\/\\\/capivari.sp.gov.br\\\/portal\\\/#\\\/schema\\\/logo\\\/image\\\/\",\"url\":\"https:\\\/\\\/capivari.sp.gov.br\\\/portal\\\/wp-content\\\/uploads\\\/2021\\\/09\\\/logo-prefeitura-de-capivari.png\",\"contentUrl\":\"https:\\\/\\\/capivari.sp.gov.br\\\/portal\\\/wp-content\\\/uploads\\\/2021\\\/09\\\/logo-prefeitura-de-capivari.png\",\"width\":200,\"height\":147,\"caption\":\"Prefeitura de Capivari\"},\"image\":{\"@id\":\"https:\\\/\\\/capivari.sp.gov.br\\\/portal\\\/#\\\/schema\\\/logo\\\/image\\\/\"},\"sameAs\":[\"https:\\\/\\\/www.facebook.com\\\/PrefeituradeCapivari\\\/\",\"https:\\\/\\\/x.com\\\/PrefCapivari\",\"https:\\\/\\\/www.instagram.com\\\/prefeituracapivari\\\/\"]},{\"@type\":\"Person\",\"@id\":\"https:\\\/\\\/capivari.sp.gov.br\\\/portal\\\/#\\\/schema\\\/person\\\/3dd8a74ac13e765ad3dcd4bc5d1d3a10\",\"name\":\"Felipe\",\"image\":{\"@type\":\"ImageObject\",\"inLanguage\":\"pt-BR\",\"@id\":\"https:\\\/\\\/secure.gravatar.com\\\/avatar\\\/11a19e184a2977f98f7a3b61c43ad74495b6e0b190821b83e1bec6a7a386dcf5?s=96&d=mm&r=g\",\"url\":\"https:\\\/\\\/secure.gravatar.com\\\/avatar\\\/11a19e184a2977f98f7a3b61c43ad74495b6e0b190821b83e1bec6a7a386dcf5?s=96&d=mm&r=g\",\"contentUrl\":\"https:\\\/\\\/secure.gravatar.com\\\/avatar\\\/11a19e184a2977f98f7a3b61c43ad74495b6e0b190821b83e1bec6a7a386dcf5?s=96&d=mm&r=g\",\"caption\":\"Felipe\"},\"url\":\"https:\\\/\\\/capivari.sp.gov.br\\\/portal\\\/author\\\/felipe\\\/\"}]}<\/script>\n<!-- \/ Yoast SEO plugin. -->","yoast_head_json":{"title":"Secretaria da Educa\u00e7\u00e3o realizar\u00e1 formatura de 573 alunos da Educa\u00e7\u00e3o Infantil \u2013 Pr\u00e9 II - Prefeitura de Capivari","robots":{"index":"index","follow":"follow","max-snippet":"max-snippet:-1","max-image-preview":"max-image-preview:large","max-video-preview":"max-video-preview:-1"},"canonical":"https:\/\/capivari.sp.gov.br\/portal\/secretaria-da-educacao-realizara-formatura-de-573-alunos-da-educacao-infantil-pre-ii\/","og_locale":"pt_BR","og_type":"article","og_title":"Secretaria da Educa\u00e7\u00e3o realizar\u00e1 formatura de 573 alunos da Educa\u00e7\u00e3o Infantil \u2013 Pr\u00e9 II - Prefeitura de Capivari","og_description":"A Secretaria da Educa\u00e7\u00e3o divulgou o cronograma oficial das formaturas da Educa\u00e7\u00e3o Infantil \u2013 Pr\u00e9-II. As formaturas come\u00e7am no dia 1\u00ba de dezembro e v\u00e3o at\u00e9 o dia 10. Cerca de 573 alunos devem receber os certificados de conclus\u00e3o desta etapa escolar. As formaturas s\u00e3o EM \u201cProf\u00aa Maria Rosa Lembo Duarte\u201d, EMEIEF \u201cAm\u00e9lia Francisca Alves\u201d, [&hellip;]","og_url":"https:\/\/capivari.sp.gov.br\/portal\/secretaria-da-educacao-realizara-formatura-de-573-alunos-da-educacao-infantil-pre-ii\/","og_site_name":"Prefeitura de Capivari","article_publisher":"https:\/\/www.facebook.com\/PrefeituradeCapivari\/","article_published_time":"2021-11-29T17:34:10+00:00","article_modified_time":"2021-12-04T19:03:16+00:00","og_image":[{"width":1536,"height":1024,"url":"https:\/\/capivari.sp.gov.br\/portal\/wp-content\/uploads\/2021\/12\/sec-educacao.jpg","type":"image\/jpeg"}],"author":"Felipe","twitter_card":"summary_large_image","twitter_creator":"@PrefCapivari","twitter_site":"@PrefCapivari","twitter_misc":{"Escrito por":"Felipe","Est. tempo de leitura":"4 minutos"},"schema":{"@context":"https:\/\/schema.org","@graph":[{"@type":"Article","@id":"https:\/\/capivari.sp.gov.br\/portal\/secretaria-da-educacao-realizara-formatura-de-573-alunos-da-educacao-infantil-pre-ii\/#article","isPartOf":{"@id":"https:\/\/capivari.sp.gov.br\/portal\/secretaria-da-educacao-realizara-formatura-de-573-alunos-da-educacao-infantil-pre-ii\/"},"author":{"name":"Felipe","@id":"https:\/\/capivari.sp.gov.br\/portal\/#\/schema\/person\/3dd8a74ac13e765ad3dcd4bc5d1d3a10"},"headline":"Secretaria da Educa\u00e7\u00e3o realizar\u00e1 formatura de 573 alunos da Educa\u00e7\u00e3o Infantil \u2013 Pr\u00e9 II","datePublished":"2021-11-29T17:34:10+00:00","dateModified":"2021-12-04T19:03:16+00:00","mainEntityOfPage":{"@id":"https:\/\/capivari.sp.gov.br\/portal\/secretaria-da-educacao-realizara-formatura-de-573-alunos-da-educacao-infantil-pre-ii\/"},"wordCount":805,"commentCount":0,"publisher":{"@id":"https:\/\/capivari.sp.gov.br\/portal\/#organization"},"image":{"@id":"https:\/\/capivari.sp.gov.br\/portal\/secretaria-da-educacao-realizara-formatura-de-573-alunos-da-educacao-infantil-pre-ii\/#primaryimage"},"thumbnailUrl":"https:\/\/capivari.sp.gov.br\/portal\/wp-content\/uploads\/2021\/12\/sec-educacao.jpg","articleSection":["Destaque","Educa\u00e7\u00e3o","Geral"],"inLanguage":"pt-BR","potentialAction":[{"@type":"CommentAction","name":"Comment","target":["https:\/\/capivari.sp.gov.br\/portal\/secretaria-da-educacao-realizara-formatura-de-573-alunos-da-educacao-infantil-pre-ii\/#respond"]}]},{"@type":"WebPage","@id":"https:\/\/capivari.sp.gov.br\/portal\/secretaria-da-educacao-realizara-formatura-de-573-alunos-da-educacao-infantil-pre-ii\/","url":"https:\/\/capivari.sp.gov.br\/portal\/secretaria-da-educacao-realizara-formatura-de-573-alunos-da-educacao-infantil-pre-ii\/","name":"Secretaria da Educa\u00e7\u00e3o realizar\u00e1 formatura de 573 alunos da Educa\u00e7\u00e3o Infantil \u2013 Pr\u00e9 II - Prefeitura de Capivari","isPartOf":{"@id":"https:\/\/capivari.sp.gov.br\/portal\/#website"},"primaryImageOfPage":{"@id":"https:\/\/capivari.sp.gov.br\/portal\/secretaria-da-educacao-realizara-formatura-de-573-alunos-da-educacao-infantil-pre-ii\/#primaryimage"},"image":{"@id":"https:\/\/capivari.sp.gov.br\/portal\/secretaria-da-educacao-realizara-formatura-de-573-alunos-da-educacao-infantil-pre-ii\/#primaryimage"},"thumbnailUrl":"https:\/\/capivari.sp.gov.br\/portal\/wp-content\/uploads\/2021\/12\/sec-educacao.jpg","datePublished":"2021-11-29T17:34:10+00:00","dateModified":"2021-12-04T19:03:16+00:00","breadcrumb":{"@id":"https:\/\/capivari.sp.gov.br\/portal\/secretaria-da-educacao-realizara-formatura-de-573-alunos-da-educacao-infantil-pre-ii\/#breadcrumb"},"inLanguage":"pt-BR","potentialAction":[{"@type":"ReadAction","target":["https:\/\/capivari.sp.gov.br\/portal\/secretaria-da-educacao-realizara-formatura-de-573-alunos-da-educacao-infantil-pre-ii\/"]}]},{"@type":"ImageObject","inLanguage":"pt-BR","@id":"https:\/\/capivari.sp.gov.br\/portal\/secretaria-da-educacao-realizara-formatura-de-573-alunos-da-educacao-infantil-pre-ii\/#primaryimage","url":"https:\/\/capivari.sp.gov.br\/portal\/wp-content\/uploads\/2021\/12\/sec-educacao.jpg","contentUrl":"https:\/\/capivari.sp.gov.br\/portal\/wp-content\/uploads\/2021\/12\/sec-educacao.jpg","width":1536,"height":1024},{"@type":"BreadcrumbList","@id":"https:\/\/capivari.sp.gov.br\/portal\/secretaria-da-educacao-realizara-formatura-de-573-alunos-da-educacao-infantil-pre-ii\/#breadcrumb","itemListElement":[{"@type":"ListItem","position":1,"name":"In\u00edcio","item":"https:\/\/capivari.sp.gov.br\/portal\/"},{"@type":"ListItem","position":2,"name":"Secretaria da Educa\u00e7\u00e3o realizar\u00e1 formatura de 573 alunos da Educa\u00e7\u00e3o Infantil \u2013 Pr\u00e9 II"}]},{"@type":"WebSite","@id":"https:\/\/capivari.sp.gov.br\/portal\/#website","url":"https:\/\/capivari.sp.gov.br\/portal\/","name":"Prefeitura de Capivari","description":"Prefeitura de Capivari","publisher":{"@id":"https:\/\/capivari.sp.gov.br\/portal\/#organization"},"potentialAction":[{"@type":"SearchAction","target":{"@type":"EntryPoint","urlTemplate":"https:\/\/capivari.sp.gov.br\/portal\/?s={search_term_string}"},"query-input":{"@type":"PropertyValueSpecification","valueRequired":true,"valueName":"search_term_string"}}],"inLanguage":"pt-BR"},{"@type":"Organization","@id":"https:\/\/capivari.sp.gov.br\/portal\/#organization","name":"Prefeitura de Capivari","url":"https:\/\/capivari.sp.gov.br\/portal\/","logo":{"@type":"ImageObject","inLanguage":"pt-BR","@id":"https:\/\/capivari.sp.gov.br\/portal\/#\/schema\/logo\/image\/","url":"https:\/\/capivari.sp.gov.br\/portal\/wp-content\/uploads\/2021\/09\/logo-prefeitura-de-capivari.png","contentUrl":"https:\/\/capivari.sp.gov.br\/portal\/wp-content\/uploads\/2021\/09\/logo-prefeitura-de-capivari.png","width":200,"height":147,"caption":"Prefeitura de Capivari"},"image":{"@id":"https:\/\/capivari.sp.gov.br\/portal\/#\/schema\/logo\/image\/"},"sameAs":["https:\/\/www.facebook.com\/PrefeituradeCapivari\/","https:\/\/x.com\/PrefCapivari","https:\/\/www.instagram.com\/prefeituracapivari\/"]},{"@type":"Person","@id":"https:\/\/capivari.sp.gov.br\/portal\/#\/schema\/person\/3dd8a74ac13e765ad3dcd4bc5d1d3a10","name":"Felipe","image":{"@type":"ImageObject","inLanguage":"pt-BR","@id":"https:\/\/secure.gravatar.com\/avatar\/11a19e184a2977f98f7a3b61c43ad74495b6e0b190821b83e1bec6a7a386dcf5?s=96&d=mm&r=g","url":"https:\/\/secure.gravatar.com\/avatar\/11a19e184a2977f98f7a3b61c43ad74495b6e0b190821b83e1bec6a7a386dcf5?s=96&d=mm&r=g","contentUrl":"https:\/\/secure.gravatar.com\/avatar\/11a19e184a2977f98f7a3b61c43ad74495b6e0b190821b83e1bec6a7a386dcf5?s=96&d=mm&r=g","caption":"Felipe"},"url":"https:\/\/capivari.sp.gov.br\/portal\/author\/felipe\/"}]}},"_links":{"self":[{"href":"https:\/\/capivari.sp.gov.br\/portal\/wp-json\/wp\/v2\/posts\/1642","targetHints":{"allow":["GET"]}}],"collection":[{"href":"https:\/\/capivari.sp.gov.br\/portal\/wp-json\/wp\/v2\/posts"}],"about":[{"href":"https:\/\/capivari.sp.gov.br\/portal\/wp-json\/wp\/v2\/types\/post"}],"author":[{"embeddable":true,"href":"https:\/\/capivari.sp.gov.br\/portal\/wp-json\/wp\/v2\/users\/8"}],"replies":[{"embeddable":true,"href":"https:\/\/capivari.sp.gov.br\/portal\/wp-json\/wp\/v2\/comments?post=1642"}],"version-history":[{"count":1,"href":"https:\/\/capivari.sp.gov.br\/portal\/wp-json\/wp\/v2\/posts\/1642\/revisions"}],"predecessor-version":[{"id":1644,"href":"https:\/\/capivari.sp.gov.br\/portal\/wp-json\/wp\/v2\/posts\/1642\/revisions\/1644"}],"wp:featuredmedia":[{"embeddable":true,"href":"https:\/\/capivari.sp.gov.br\/portal\/wp-json\/wp\/v2\/media\/1643"}],"wp:attachment":[{"href":"https:\/\/capivari.sp.gov.br\/portal\/wp-json\/wp\/v2\/media?parent=1642"}],"wp:term":[{"taxonomy":"category","embeddable":true,"href":"https:\/\/capivari.sp.gov.br\/portal\/wp-json\/wp\/v2\/categories?post=1642"},{"taxonomy":"post_tag","embeddable":true,"href":"https:\/\/capivari.sp.gov.br\/portal\/wp-json\/wp\/v2\/tags?post=1642"}],"curies":[{"name":"wp","href":"https:\/\/api.w.org\/{rel}","templated":true}]}}