{"id":16425,"date":"2024-02-07T16:33:58","date_gmt":"2024-02-07T19:33:58","guid":{"rendered":"https:\/\/capivari.sp.gov.br\/portal\/?p=16425"},"modified":"2024-02-07T16:33:58","modified_gmt":"2024-02-07T19:33:58","slug":"capivari-se-prepara-para-carnaval-com-marchinhas-e-desfiles-nas-ruas-do-centro","status":"publish","type":"post","link":"https:\/\/capivari.sp.gov.br\/portal\/capivari-se-prepara-para-carnaval-com-marchinhas-e-desfiles-nas-ruas-do-centro\/","title":{"rendered":"Capivari se prepara para Carnaval com marchinhas e desfiles nas ruas do Centro"},"content":{"rendered":"<p><span style=\"font-family: Arial, sans-serif;\"><span style=\"font-size: large;\">Come\u00e7a nesta sexta-feira, dia 09, o \u201cCapivari Folia 2024\u201d, que promete animar a regi\u00e3o Central durante todo o feriado carnavalesco. As atra\u00e7\u00f5es foram organizadas pela Prefeitura de Capivari atrav\u00e9s das Secretarias de Cultura e Turismo e Rela\u00e7\u00f5es P\u00fablicas, reunindo shows musicais, matin\u00eas para as crian\u00e7as com marchinhas e desfiles de Escolas de Samba nas noites de domingo e segunda-feira. <\/span><\/span><\/p>\n<p><span style=\"font-family: Arial, sans-serif;\"><span style=\"font-size: large;\"><span style=\"color: #000000;\">As Escolas de Samba que participar<\/span><span style=\"color: #000000;\">\u00e3o<\/span><span style=\"color: #000000;\"> do tradicional desfile ser\u00e3o a \u201cTurma da Barca\u201d, \u201cVai com Tudo e\u2026 +10\u201d <\/span><span style=\"color: #000000;\">e Imp\u00e9rio do Samba, que v\u00e3o passar pelas ruas XV de Novembro e Saldanha Marinho. <\/span><span style=\"color: #000000;\">No Coreto, a festa segue a tradi\u00e7\u00e3o com marchinhas de carnaval, sambas de enredo antigos e m\u00fasicas de ax\u00e9. <\/span><\/span><\/span><\/p>\n<p align=\"left\"><span style=\"color: #000000;\">\u201c<span style=\"font-family: Arial, sans-serif;\"><span style=\"font-size: large;\">O carnaval \u00e9 uma festa popular muito importante que movimenta o Desenvolvimento Econ\u00f4mico, fortalece a cultura e faz com que a nossa cidade seja uma refer\u00eancia da festividade em toda a regi\u00e3o\u201d, comentou Edm\u00edlson Baia, Secret\u00e1rio de Cultura e Turismo de Capivari.<\/span><\/span><\/span><\/p>\n<p align=\"left\"><span style=\"color: #000000;\"><span style=\"font-family: Arial, sans-serif;\"><span style=\"font-size: large;\">Rafael Massouh, secret\u00e1rio de Rela\u00e7\u00f5es P\u00fablicas, destaca a import\u00e2ncia de ter um Carnaval forte na cidade, como vem ocorrendo nos \u00faltimos anos. \u201cQueremos que o povo de Capivari n\u00e3o precise ir viajar nesta \u00e9poca para aproveitar o Carnaval, pois hoje a cidade tem uma folia animada, familiar, segura e cheia de atra\u00e7\u00f5es. Sabemos fazer um grande Carnaval e ele ser\u00e1 cada vez melhor\u201d, promete o secret\u00e1rio. <\/span><\/span><\/span><\/p>\n<p align=\"left\"><span style=\"color: #000000;\"><span style=\"font-family: Arial, sans-serif;\"><span style=\"font-size: large;\">A Secretaria de Seguran\u00e7a P\u00fablica est\u00e1 preparando um esquema especial para garantir a tranquilidade dos foli\u00f5es. \u00c9 importante frisar tamb\u00e9m que a organiza\u00e7\u00e3o do evento destaca que n\u00e3o ser\u00e3o permitidas as vendas de produtos de vidro e nem espumas de Carnaval, que podem provocar <span style=\"font-family: glbOpenSans, Open Sans, Arial, Inter, apple-system, system-ui, Roboto, Helvetica Neue, Helvetica, Noto, Ubuntu, Segoe UI, sans-serif;\">rea\u00e7\u00f5es al\u00e9rgicas, al\u00e9m de irrita\u00e7\u00f5es nos olhos e garganta.<\/span> <\/span><\/span><\/span><\/p>\n<p align=\"left\"><span style=\"color: #000000;\"><span style=\"font-family: Arial, sans-serif;\"><span style=\"font-size: large;\"><b>*Confira o hor\u00e1rio das atra\u00e7\u00f5es do \u201cCapivari Folia &#8211; 2024\u201d*<\/b><\/span><\/span><\/span><\/p>\n<p><span style=\"font-family: Arial, sans-serif;\"><span style=\"font-size: large;\"><b>*Dia 09*<\/b><\/span><\/span><\/p>\n<p><span style=\"font-family: Arial, sans-serif;\"><span style=\"font-size: large;\">21h Trio do Gigante e<br \/>\n22h Virou Mania<\/p>\n<p>*<b>Dia 10*<\/b><\/span><\/span><\/p>\n<p><span style=\"font-family: Arial, sans-serif;\"><span style=\"font-size: large;\">21h Sound Bar Folia + Swingueira 5<\/p>\n<p>*<b>Dia 11*<\/b><\/span><\/span><\/p>\n<p><span style=\"font-family: Arial, sans-serif;\"><span style=\"font-size: large;\">15h Matin\u00ea com Marchinhas + Espuma<br \/>\n20h30 Escola de Samba &#8211; Turma da Barca<br \/>\n21h30 &#8211; Canta\u00ea 20 anos Folia<\/p>\n<p>*<b>Dia 12*<\/b><\/span><\/span><\/p>\n<p><span style=\"font-family: Arial, sans-serif;\"><span style=\"font-size: large;\">20h &#8211; Imp\u00e9rio do Samba <\/span><\/span><\/p>\n<p><span style=\"font-family: Arial, sans-serif;\"><span style=\"font-size: large;\">20h30- Vai com Tudo + 10<br \/>\n22h &#8211; Sound Bar Folia na Ressaca + Swingueira 5<\/p>\n<p>*<b>Dia 13*<\/b><\/span><\/span><\/p>\n<p><span style=\"font-family: Arial, sans-serif;\"><span style=\"font-size: large;\">15h &#8211; Matin\u00ea com Marchinhas + Espuma<br \/>\n18h &#8211; Diego Gigante<\/span><\/span><\/p>\n","protected":false},"excerpt":{"rendered":"<p>Come\u00e7a nesta sexta-feira, dia 09, o \u201cCapivari Folia 2024\u201d, que promete animar a regi\u00e3o Central durante todo o feriado carnavalesco. As atra\u00e7\u00f5es foram organizadas pela Prefeitura de Capivari atrav\u00e9s das Secretarias de Cultura e Turismo e Rela\u00e7\u00f5es P\u00fablicas, reunindo shows musicais, matin\u00eas para as crian\u00e7as com marchinhas e desfiles de Escolas de Samba nas noites [&hellip;]<\/p>\n","protected":false},"author":15,"featured_media":16426,"comment_status":"open","ping_status":"open","sticky":false,"template":"","format":"standard","meta":{"ocean_post_layout":"","ocean_both_sidebars_style":"","ocean_both_sidebars_content_width":0,"ocean_both_sidebars_sidebars_width":0,"ocean_sidebar":"","ocean_second_sidebar":"","ocean_disable_margins":"enable","ocean_add_body_class":"","ocean_shortcode_before_top_bar":"","ocean_shortcode_after_top_bar":"","ocean_shortcode_before_header":"","ocean_shortcode_after_header":"","ocean_has_shortcode":"","ocean_shortcode_after_title":"","ocean_shortcode_before_footer_widgets":"","ocean_shortcode_after_footer_widgets":"","ocean_shortcode_before_footer_bottom":"","ocean_shortcode_after_footer_bottom":"","ocean_display_top_bar":"default","ocean_display_header":"default","ocean_header_style":"","ocean_center_header_left_menu":"","ocean_custom_header_template":"","ocean_custom_logo":0,"ocean_custom_retina_logo":0,"ocean_custom_logo_max_width":0,"ocean_custom_logo_tablet_max_width":0,"ocean_custom_logo_mobile_max_width":0,"ocean_custom_logo_max_height":0,"ocean_custom_logo_tablet_max_height":0,"ocean_custom_logo_mobile_max_height":0,"ocean_header_custom_menu":"","ocean_menu_typo_font_family":"","ocean_menu_typo_font_subset":"","ocean_menu_typo_font_size":0,"ocean_menu_typo_font_size_tablet":0,"ocean_menu_typo_font_size_mobile":0,"ocean_menu_typo_font_size_unit":"px","ocean_menu_typo_font_weight":"","ocean_menu_typo_font_weight_tablet":"","ocean_menu_typo_font_weight_mobile":"","ocean_menu_typo_transform":"","ocean_menu_typo_transform_tablet":"","ocean_menu_typo_transform_mobile":"","ocean_menu_typo_line_height":0,"ocean_menu_typo_line_height_tablet":0,"ocean_menu_typo_line_height_mobile":0,"ocean_menu_typo_line_height_unit":"","ocean_menu_typo_spacing":0,"ocean_menu_typo_spacing_tablet":0,"ocean_menu_typo_spacing_mobile":0,"ocean_menu_typo_spacing_unit":"","ocean_menu_link_color":"","ocean_menu_link_color_hover":"","ocean_menu_link_color_active":"","ocean_menu_link_background":"","ocean_menu_link_hover_background":"","ocean_menu_link_active_background":"","ocean_menu_social_links_bg":"","ocean_menu_social_hover_links_bg":"","ocean_menu_social_links_color":"","ocean_menu_social_hover_links_color":"","ocean_disable_title":"default","ocean_disable_heading":"default","ocean_post_title":"","ocean_post_subheading":"","ocean_post_title_style":"","ocean_post_title_background_color":"","ocean_post_title_background":0,"ocean_post_title_bg_image_position":"","ocean_post_title_bg_image_attachment":"","ocean_post_title_bg_image_repeat":"","ocean_post_title_bg_image_size":"","ocean_post_title_height":0,"ocean_post_title_bg_overlay":0.5,"ocean_post_title_bg_overlay_color":"","ocean_disable_breadcrumbs":"default","ocean_breadcrumbs_color":"","ocean_breadcrumbs_separator_color":"","ocean_breadcrumbs_links_color":"","ocean_breadcrumbs_links_hover_color":"","ocean_display_footer_widgets":"default","ocean_display_footer_bottom":"default","ocean_custom_footer_template":"","ocean_post_oembed":"","ocean_post_self_hosted_media":"","ocean_post_video_embed":"","ocean_link_format":"","ocean_link_format_target":"self","ocean_quote_format":"","ocean_quote_format_link":"post","ocean_gallery_link_images":"off","ocean_gallery_id":[],"footnotes":""},"categories":[17,4,5,30],"tags":[],"class_list":["post-16425","post","type-post","status-publish","format-standard","has-post-thumbnail","hentry","category-cultura","category-destaque","category-geral","category-relacoes-publicas","entry","has-media"],"yoast_head":"<!-- This site is optimized with the Yoast SEO plugin v27.5 - https:\/\/yoast.com\/product\/yoast-seo-wordpress\/ -->\n<title>Capivari se prepara para Carnaval com marchinhas e desfiles nas ruas do Centro - Prefeitura de Capivari<\/title>\n<meta name=\"robots\" content=\"index, follow, max-snippet:-1, max-image-preview:large, max-video-preview:-1\" \/>\n<link rel=\"canonical\" href=\"https:\/\/capivari.sp.gov.br\/portal\/capivari-se-prepara-para-carnaval-com-marchinhas-e-desfiles-nas-ruas-do-centro\/\" \/>\n<meta property=\"og:locale\" content=\"pt_BR\" \/>\n<meta property=\"og:type\" content=\"article\" \/>\n<meta property=\"og:title\" content=\"Capivari se prepara para Carnaval com marchinhas e desfiles nas ruas do Centro - Prefeitura de Capivari\" \/>\n<meta property=\"og:description\" content=\"Come\u00e7a nesta sexta-feira, dia 09, o \u201cCapivari Folia 2024\u201d, que promete animar a regi\u00e3o Central durante todo o feriado carnavalesco. As atra\u00e7\u00f5es foram organizadas pela Prefeitura de Capivari atrav\u00e9s das Secretarias de Cultura e Turismo e Rela\u00e7\u00f5es P\u00fablicas, reunindo shows musicais, matin\u00eas para as crian\u00e7as com marchinhas e desfiles de Escolas de Samba nas noites [&hellip;]\" \/>\n<meta property=\"og:url\" content=\"https:\/\/capivari.sp.gov.br\/portal\/capivari-se-prepara-para-carnaval-com-marchinhas-e-desfiles-nas-ruas-do-centro\/\" \/>\n<meta property=\"og:site_name\" content=\"Prefeitura de Capivari\" \/>\n<meta property=\"article:publisher\" content=\"https:\/\/www.facebook.com\/PrefeituradeCapivari\/\" \/>\n<meta property=\"article:published_time\" content=\"2024-02-07T19:33:58+00:00\" \/>\n<meta property=\"og:image\" content=\"https:\/\/capivari.sp.gov.br\/portal\/wp-content\/uploads\/2024\/02\/Capivari-Folia.jpg\" \/>\n\t<meta property=\"og:image:width\" content=\"1080\" \/>\n\t<meta property=\"og:image:height\" content=\"1080\" \/>\n\t<meta property=\"og:image:type\" content=\"image\/jpeg\" \/>\n<meta name=\"author\" content=\"Luciano Assis\" \/>\n<meta name=\"twitter:card\" content=\"summary_large_image\" \/>\n<meta name=\"twitter:creator\" content=\"@PrefCapivari\" \/>\n<meta name=\"twitter:site\" content=\"@PrefCapivari\" \/>\n<meta name=\"twitter:label1\" content=\"Escrito por\" \/>\n\t<meta name=\"twitter:data1\" content=\"Luciano Assis\" \/>\n\t<meta name=\"twitter:label2\" content=\"Est. tempo de leitura\" \/>\n\t<meta name=\"twitter:data2\" content=\"3 minutos\" \/>\n<script type=\"application\/ld+json\" class=\"yoast-schema-graph\">{\"@context\":\"https:\\\/\\\/schema.org\",\"@graph\":[{\"@type\":\"Article\",\"@id\":\"https:\\\/\\\/capivari.sp.gov.br\\\/portal\\\/capivari-se-prepara-para-carnaval-com-marchinhas-e-desfiles-nas-ruas-do-centro\\\/#article\",\"isPartOf\":{\"@id\":\"https:\\\/\\\/capivari.sp.gov.br\\\/portal\\\/capivari-se-prepara-para-carnaval-com-marchinhas-e-desfiles-nas-ruas-do-centro\\\/\"},\"author\":{\"name\":\"Luciano Assis\",\"@id\":\"https:\\\/\\\/capivari.sp.gov.br\\\/portal\\\/#\\\/schema\\\/person\\\/ac37113577adfc1517e0cfa854b830b4\"},\"headline\":\"Capivari se prepara para Carnaval com marchinhas e desfiles nas ruas do Centro\",\"datePublished\":\"2024-02-07T19:33:58+00:00\",\"mainEntityOfPage\":{\"@id\":\"https:\\\/\\\/capivari.sp.gov.br\\\/portal\\\/capivari-se-prepara-para-carnaval-com-marchinhas-e-desfiles-nas-ruas-do-centro\\\/\"},\"wordCount\":394,\"commentCount\":0,\"publisher\":{\"@id\":\"https:\\\/\\\/capivari.sp.gov.br\\\/portal\\\/#organization\"},\"image\":{\"@id\":\"https:\\\/\\\/capivari.sp.gov.br\\\/portal\\\/capivari-se-prepara-para-carnaval-com-marchinhas-e-desfiles-nas-ruas-do-centro\\\/#primaryimage\"},\"thumbnailUrl\":\"https:\\\/\\\/capivari.sp.gov.br\\\/portal\\\/wp-content\\\/uploads\\\/2024\\\/02\\\/Capivari-Folia.jpg\",\"articleSection\":[\"Cultura\",\"Destaque\",\"Geral\",\"Rela\u00e7\u00f5es P\u00fablicas\"],\"inLanguage\":\"pt-BR\",\"potentialAction\":[{\"@type\":\"CommentAction\",\"name\":\"Comment\",\"target\":[\"https:\\\/\\\/capivari.sp.gov.br\\\/portal\\\/capivari-se-prepara-para-carnaval-com-marchinhas-e-desfiles-nas-ruas-do-centro\\\/#respond\"]}]},{\"@type\":\"WebPage\",\"@id\":\"https:\\\/\\\/capivari.sp.gov.br\\\/portal\\\/capivari-se-prepara-para-carnaval-com-marchinhas-e-desfiles-nas-ruas-do-centro\\\/\",\"url\":\"https:\\\/\\\/capivari.sp.gov.br\\\/portal\\\/capivari-se-prepara-para-carnaval-com-marchinhas-e-desfiles-nas-ruas-do-centro\\\/\",\"name\":\"Capivari se prepara para Carnaval com marchinhas e desfiles nas ruas do Centro - Prefeitura de Capivari\",\"isPartOf\":{\"@id\":\"https:\\\/\\\/capivari.sp.gov.br\\\/portal\\\/#website\"},\"primaryImageOfPage\":{\"@id\":\"https:\\\/\\\/capivari.sp.gov.br\\\/portal\\\/capivari-se-prepara-para-carnaval-com-marchinhas-e-desfiles-nas-ruas-do-centro\\\/#primaryimage\"},\"image\":{\"@id\":\"https:\\\/\\\/capivari.sp.gov.br\\\/portal\\\/capivari-se-prepara-para-carnaval-com-marchinhas-e-desfiles-nas-ruas-do-centro\\\/#primaryimage\"},\"thumbnailUrl\":\"https:\\\/\\\/capivari.sp.gov.br\\\/portal\\\/wp-content\\\/uploads\\\/2024\\\/02\\\/Capivari-Folia.jpg\",\"datePublished\":\"2024-02-07T19:33:58+00:00\",\"breadcrumb\":{\"@id\":\"https:\\\/\\\/capivari.sp.gov.br\\\/portal\\\/capivari-se-prepara-para-carnaval-com-marchinhas-e-desfiles-nas-ruas-do-centro\\\/#breadcrumb\"},\"inLanguage\":\"pt-BR\",\"potentialAction\":[{\"@type\":\"ReadAction\",\"target\":[\"https:\\\/\\\/capivari.sp.gov.br\\\/portal\\\/capivari-se-prepara-para-carnaval-com-marchinhas-e-desfiles-nas-ruas-do-centro\\\/\"]}]},{\"@type\":\"ImageObject\",\"inLanguage\":\"pt-BR\",\"@id\":\"https:\\\/\\\/capivari.sp.gov.br\\\/portal\\\/capivari-se-prepara-para-carnaval-com-marchinhas-e-desfiles-nas-ruas-do-centro\\\/#primaryimage\",\"url\":\"https:\\\/\\\/capivari.sp.gov.br\\\/portal\\\/wp-content\\\/uploads\\\/2024\\\/02\\\/Capivari-Folia.jpg\",\"contentUrl\":\"https:\\\/\\\/capivari.sp.gov.br\\\/portal\\\/wp-content\\\/uploads\\\/2024\\\/02\\\/Capivari-Folia.jpg\",\"width\":1080,\"height\":1080},{\"@type\":\"BreadcrumbList\",\"@id\":\"https:\\\/\\\/capivari.sp.gov.br\\\/portal\\\/capivari-se-prepara-para-carnaval-com-marchinhas-e-desfiles-nas-ruas-do-centro\\\/#breadcrumb\",\"itemListElement\":[{\"@type\":\"ListItem\",\"position\":1,\"name\":\"In\u00edcio\",\"item\":\"https:\\\/\\\/capivari.sp.gov.br\\\/portal\\\/\"},{\"@type\":\"ListItem\",\"position\":2,\"name\":\"Capivari se prepara para Carnaval com marchinhas e desfiles nas ruas do Centro\"}]},{\"@type\":\"WebSite\",\"@id\":\"https:\\\/\\\/capivari.sp.gov.br\\\/portal\\\/#website\",\"url\":\"https:\\\/\\\/capivari.sp.gov.br\\\/portal\\\/\",\"name\":\"Prefeitura de Capivari\",\"description\":\"Prefeitura de Capivari\",\"publisher\":{\"@id\":\"https:\\\/\\\/capivari.sp.gov.br\\\/portal\\\/#organization\"},\"potentialAction\":[{\"@type\":\"SearchAction\",\"target\":{\"@type\":\"EntryPoint\",\"urlTemplate\":\"https:\\\/\\\/capivari.sp.gov.br\\\/portal\\\/?s={search_term_string}\"},\"query-input\":{\"@type\":\"PropertyValueSpecification\",\"valueRequired\":true,\"valueName\":\"search_term_string\"}}],\"inLanguage\":\"pt-BR\"},{\"@type\":\"Organization\",\"@id\":\"https:\\\/\\\/capivari.sp.gov.br\\\/portal\\\/#organization\",\"name\":\"Prefeitura de Capivari\",\"url\":\"https:\\\/\\\/capivari.sp.gov.br\\\/portal\\\/\",\"logo\":{\"@type\":\"ImageObject\",\"inLanguage\":\"pt-BR\",\"@id\":\"https:\\\/\\\/capivari.sp.gov.br\\\/portal\\\/#\\\/schema\\\/logo\\\/image\\\/\",\"url\":\"https:\\\/\\\/capivari.sp.gov.br\\\/portal\\\/wp-content\\\/uploads\\\/2021\\\/09\\\/logo-prefeitura-de-capivari.png\",\"contentUrl\":\"https:\\\/\\\/capivari.sp.gov.br\\\/portal\\\/wp-content\\\/uploads\\\/2021\\\/09\\\/logo-prefeitura-de-capivari.png\",\"width\":200,\"height\":147,\"caption\":\"Prefeitura de Capivari\"},\"image\":{\"@id\":\"https:\\\/\\\/capivari.sp.gov.br\\\/portal\\\/#\\\/schema\\\/logo\\\/image\\\/\"},\"sameAs\":[\"https:\\\/\\\/www.facebook.com\\\/PrefeituradeCapivari\\\/\",\"https:\\\/\\\/x.com\\\/PrefCapivari\",\"https:\\\/\\\/www.instagram.com\\\/prefeituracapivari\\\/\"]},{\"@type\":\"Person\",\"@id\":\"https:\\\/\\\/capivari.sp.gov.br\\\/portal\\\/#\\\/schema\\\/person\\\/ac37113577adfc1517e0cfa854b830b4\",\"name\":\"Luciano Assis\",\"image\":{\"@type\":\"ImageObject\",\"inLanguage\":\"pt-BR\",\"@id\":\"https:\\\/\\\/secure.gravatar.com\\\/avatar\\\/ec163f977a02ac195ce6085f5110a8c4c8c6cc357c134002f73b4664772e79a5?s=96&d=mm&r=g\",\"url\":\"https:\\\/\\\/secure.gravatar.com\\\/avatar\\\/ec163f977a02ac195ce6085f5110a8c4c8c6cc357c134002f73b4664772e79a5?s=96&d=mm&r=g\",\"contentUrl\":\"https:\\\/\\\/secure.gravatar.com\\\/avatar\\\/ec163f977a02ac195ce6085f5110a8c4c8c6cc357c134002f73b4664772e79a5?s=96&d=mm&r=g\",\"caption\":\"Luciano Assis\"},\"url\":\"https:\\\/\\\/capivari.sp.gov.br\\\/portal\\\/author\\\/luciano-assis\\\/\"}]}<\/script>\n<!-- \/ Yoast SEO plugin. -->","yoast_head_json":{"title":"Capivari se prepara para Carnaval com marchinhas e desfiles nas ruas do Centro - Prefeitura de Capivari","robots":{"index":"index","follow":"follow","max-snippet":"max-snippet:-1","max-image-preview":"max-image-preview:large","max-video-preview":"max-video-preview:-1"},"canonical":"https:\/\/capivari.sp.gov.br\/portal\/capivari-se-prepara-para-carnaval-com-marchinhas-e-desfiles-nas-ruas-do-centro\/","og_locale":"pt_BR","og_type":"article","og_title":"Capivari se prepara para Carnaval com marchinhas e desfiles nas ruas do Centro - Prefeitura de Capivari","og_description":"Come\u00e7a nesta sexta-feira, dia 09, o \u201cCapivari Folia 2024\u201d, que promete animar a regi\u00e3o Central durante todo o feriado carnavalesco. As atra\u00e7\u00f5es foram organizadas pela Prefeitura de Capivari atrav\u00e9s das Secretarias de Cultura e Turismo e Rela\u00e7\u00f5es P\u00fablicas, reunindo shows musicais, matin\u00eas para as crian\u00e7as com marchinhas e desfiles de Escolas de Samba nas noites [&hellip;]","og_url":"https:\/\/capivari.sp.gov.br\/portal\/capivari-se-prepara-para-carnaval-com-marchinhas-e-desfiles-nas-ruas-do-centro\/","og_site_name":"Prefeitura de Capivari","article_publisher":"https:\/\/www.facebook.com\/PrefeituradeCapivari\/","article_published_time":"2024-02-07T19:33:58+00:00","og_image":[{"width":1080,"height":1080,"url":"https:\/\/capivari.sp.gov.br\/portal\/wp-content\/uploads\/2024\/02\/Capivari-Folia.jpg","type":"image\/jpeg"}],"author":"Luciano Assis","twitter_card":"summary_large_image","twitter_creator":"@PrefCapivari","twitter_site":"@PrefCapivari","twitter_misc":{"Escrito por":"Luciano Assis","Est. tempo de leitura":"3 minutos"},"schema":{"@context":"https:\/\/schema.org","@graph":[{"@type":"Article","@id":"https:\/\/capivari.sp.gov.br\/portal\/capivari-se-prepara-para-carnaval-com-marchinhas-e-desfiles-nas-ruas-do-centro\/#article","isPartOf":{"@id":"https:\/\/capivari.sp.gov.br\/portal\/capivari-se-prepara-para-carnaval-com-marchinhas-e-desfiles-nas-ruas-do-centro\/"},"author":{"name":"Luciano Assis","@id":"https:\/\/capivari.sp.gov.br\/portal\/#\/schema\/person\/ac37113577adfc1517e0cfa854b830b4"},"headline":"Capivari se prepara para Carnaval com marchinhas e desfiles nas ruas do Centro","datePublished":"2024-02-07T19:33:58+00:00","mainEntityOfPage":{"@id":"https:\/\/capivari.sp.gov.br\/portal\/capivari-se-prepara-para-carnaval-com-marchinhas-e-desfiles-nas-ruas-do-centro\/"},"wordCount":394,"commentCount":0,"publisher":{"@id":"https:\/\/capivari.sp.gov.br\/portal\/#organization"},"image":{"@id":"https:\/\/capivari.sp.gov.br\/portal\/capivari-se-prepara-para-carnaval-com-marchinhas-e-desfiles-nas-ruas-do-centro\/#primaryimage"},"thumbnailUrl":"https:\/\/capivari.sp.gov.br\/portal\/wp-content\/uploads\/2024\/02\/Capivari-Folia.jpg","articleSection":["Cultura","Destaque","Geral","Rela\u00e7\u00f5es P\u00fablicas"],"inLanguage":"pt-BR","potentialAction":[{"@type":"CommentAction","name":"Comment","target":["https:\/\/capivari.sp.gov.br\/portal\/capivari-se-prepara-para-carnaval-com-marchinhas-e-desfiles-nas-ruas-do-centro\/#respond"]}]},{"@type":"WebPage","@id":"https:\/\/capivari.sp.gov.br\/portal\/capivari-se-prepara-para-carnaval-com-marchinhas-e-desfiles-nas-ruas-do-centro\/","url":"https:\/\/capivari.sp.gov.br\/portal\/capivari-se-prepara-para-carnaval-com-marchinhas-e-desfiles-nas-ruas-do-centro\/","name":"Capivari se prepara para Carnaval com marchinhas e desfiles nas ruas do Centro - Prefeitura de Capivari","isPartOf":{"@id":"https:\/\/capivari.sp.gov.br\/portal\/#website"},"primaryImageOfPage":{"@id":"https:\/\/capivari.sp.gov.br\/portal\/capivari-se-prepara-para-carnaval-com-marchinhas-e-desfiles-nas-ruas-do-centro\/#primaryimage"},"image":{"@id":"https:\/\/capivari.sp.gov.br\/portal\/capivari-se-prepara-para-carnaval-com-marchinhas-e-desfiles-nas-ruas-do-centro\/#primaryimage"},"thumbnailUrl":"https:\/\/capivari.sp.gov.br\/portal\/wp-content\/uploads\/2024\/02\/Capivari-Folia.jpg","datePublished":"2024-02-07T19:33:58+00:00","breadcrumb":{"@id":"https:\/\/capivari.sp.gov.br\/portal\/capivari-se-prepara-para-carnaval-com-marchinhas-e-desfiles-nas-ruas-do-centro\/#breadcrumb"},"inLanguage":"pt-BR","potentialAction":[{"@type":"ReadAction","target":["https:\/\/capivari.sp.gov.br\/portal\/capivari-se-prepara-para-carnaval-com-marchinhas-e-desfiles-nas-ruas-do-centro\/"]}]},{"@type":"ImageObject","inLanguage":"pt-BR","@id":"https:\/\/capivari.sp.gov.br\/portal\/capivari-se-prepara-para-carnaval-com-marchinhas-e-desfiles-nas-ruas-do-centro\/#primaryimage","url":"https:\/\/capivari.sp.gov.br\/portal\/wp-content\/uploads\/2024\/02\/Capivari-Folia.jpg","contentUrl":"https:\/\/capivari.sp.gov.br\/portal\/wp-content\/uploads\/2024\/02\/Capivari-Folia.jpg","width":1080,"height":1080},{"@type":"BreadcrumbList","@id":"https:\/\/capivari.sp.gov.br\/portal\/capivari-se-prepara-para-carnaval-com-marchinhas-e-desfiles-nas-ruas-do-centro\/#breadcrumb","itemListElement":[{"@type":"ListItem","position":1,"name":"In\u00edcio","item":"https:\/\/capivari.sp.gov.br\/portal\/"},{"@type":"ListItem","position":2,"name":"Capivari se prepara para Carnaval com marchinhas e desfiles nas ruas do Centro"}]},{"@type":"WebSite","@id":"https:\/\/capivari.sp.gov.br\/portal\/#website","url":"https:\/\/capivari.sp.gov.br\/portal\/","name":"Prefeitura de Capivari","description":"Prefeitura de Capivari","publisher":{"@id":"https:\/\/capivari.sp.gov.br\/portal\/#organization"},"potentialAction":[{"@type":"SearchAction","target":{"@type":"EntryPoint","urlTemplate":"https:\/\/capivari.sp.gov.br\/portal\/?s={search_term_string}"},"query-input":{"@type":"PropertyValueSpecification","valueRequired":true,"valueName":"search_term_string"}}],"inLanguage":"pt-BR"},{"@type":"Organization","@id":"https:\/\/capivari.sp.gov.br\/portal\/#organization","name":"Prefeitura de Capivari","url":"https:\/\/capivari.sp.gov.br\/portal\/","logo":{"@type":"ImageObject","inLanguage":"pt-BR","@id":"https:\/\/capivari.sp.gov.br\/portal\/#\/schema\/logo\/image\/","url":"https:\/\/capivari.sp.gov.br\/portal\/wp-content\/uploads\/2021\/09\/logo-prefeitura-de-capivari.png","contentUrl":"https:\/\/capivari.sp.gov.br\/portal\/wp-content\/uploads\/2021\/09\/logo-prefeitura-de-capivari.png","width":200,"height":147,"caption":"Prefeitura de Capivari"},"image":{"@id":"https:\/\/capivari.sp.gov.br\/portal\/#\/schema\/logo\/image\/"},"sameAs":["https:\/\/www.facebook.com\/PrefeituradeCapivari\/","https:\/\/x.com\/PrefCapivari","https:\/\/www.instagram.com\/prefeituracapivari\/"]},{"@type":"Person","@id":"https:\/\/capivari.sp.gov.br\/portal\/#\/schema\/person\/ac37113577adfc1517e0cfa854b830b4","name":"Luciano Assis","image":{"@type":"ImageObject","inLanguage":"pt-BR","@id":"https:\/\/secure.gravatar.com\/avatar\/ec163f977a02ac195ce6085f5110a8c4c8c6cc357c134002f73b4664772e79a5?s=96&d=mm&r=g","url":"https:\/\/secure.gravatar.com\/avatar\/ec163f977a02ac195ce6085f5110a8c4c8c6cc357c134002f73b4664772e79a5?s=96&d=mm&r=g","contentUrl":"https:\/\/secure.gravatar.com\/avatar\/ec163f977a02ac195ce6085f5110a8c4c8c6cc357c134002f73b4664772e79a5?s=96&d=mm&r=g","caption":"Luciano Assis"},"url":"https:\/\/capivari.sp.gov.br\/portal\/author\/luciano-assis\/"}]}},"_links":{"self":[{"href":"https:\/\/capivari.sp.gov.br\/portal\/wp-json\/wp\/v2\/posts\/16425","targetHints":{"allow":["GET"]}}],"collection":[{"href":"https:\/\/capivari.sp.gov.br\/portal\/wp-json\/wp\/v2\/posts"}],"about":[{"href":"https:\/\/capivari.sp.gov.br\/portal\/wp-json\/wp\/v2\/types\/post"}],"author":[{"embeddable":true,"href":"https:\/\/capivari.sp.gov.br\/portal\/wp-json\/wp\/v2\/users\/15"}],"replies":[{"embeddable":true,"href":"https:\/\/capivari.sp.gov.br\/portal\/wp-json\/wp\/v2\/comments?post=16425"}],"version-history":[{"count":1,"href":"https:\/\/capivari.sp.gov.br\/portal\/wp-json\/wp\/v2\/posts\/16425\/revisions"}],"predecessor-version":[{"id":16427,"href":"https:\/\/capivari.sp.gov.br\/portal\/wp-json\/wp\/v2\/posts\/16425\/revisions\/16427"}],"wp:featuredmedia":[{"embeddable":true,"href":"https:\/\/capivari.sp.gov.br\/portal\/wp-json\/wp\/v2\/media\/16426"}],"wp:attachment":[{"href":"https:\/\/capivari.sp.gov.br\/portal\/wp-json\/wp\/v2\/media?parent=16425"}],"wp:term":[{"taxonomy":"category","embeddable":true,"href":"https:\/\/capivari.sp.gov.br\/portal\/wp-json\/wp\/v2\/categories?post=16425"},{"taxonomy":"post_tag","embeddable":true,"href":"https:\/\/capivari.sp.gov.br\/portal\/wp-json\/wp\/v2\/tags?post=16425"}],"curies":[{"name":"wp","href":"https:\/\/api.w.org\/{rel}","templated":true}]}}