{"id":1645,"date":"2021-11-29T12:04:41","date_gmt":"2021-11-29T15:04:41","guid":{"rendered":"https:\/\/capivari.sp.gov.br\/portal\/?p=1645"},"modified":"2021-12-05T22:55:13","modified_gmt":"2021-12-06T01:55:13","slug":"dois-homens-sao-presos-por-furto-de-cabos-eletricos-as-margens-da-rodovia-sp-101","status":"publish","type":"post","link":"https:\/\/capivari.sp.gov.br\/portal\/dois-homens-sao-presos-por-furto-de-cabos-eletricos-as-margens-da-rodovia-sp-101\/","title":{"rendered":"Dois homens s\u00e3o presos por furto de cabos el\u00e9tricos \u00e0s margens da rodovia SP-101"},"content":{"rendered":"<p>No \u00faltimo domingo, dia 28, a Guarda Civil recebeu um chamado, onde o solicitante relatava fuma\u00e7a, pr\u00f3ximo a ponte da rodovia SP-101 sobre o Rio Capivari. Ao chegar no local, os oficiais se depararam com dois homens, um de 31 e outro de 27 anos, que estavam queimando cabos el\u00e9tricos para extra\u00e7\u00e3o de cobre.<\/p>\n<p>Questionados sobre a situa\u00e7\u00e3o, os suspeitos informaram que estavam nadando no rio e avistaram os fios, at\u00e9 que tiveram a ideia de extra\u00ed-los para venda. Diante da situa\u00e7\u00e3o e das informa\u00e7\u00f5es obtidas, os agentes da Guarda Civil de Capivari entraram em contato com o respons\u00e1vel pelo dep\u00f3sito de onde os cabos haviam sido retirados.<\/p>\n<p>Ap\u00f3s feita a identifica\u00e7\u00e3o, os suspeitos foram encaminhados a Delegacia onde a autoridade de plant\u00e3o ratificou a pris\u00e3o em flagrante por furto. Os 60 quilos de cabos el\u00e9tricos que os suspeitos tentaram furtar foram devidamente apreendidos pelos oficiais da corpora\u00e7\u00e3o. Os dois homens permaneceram \u00e0 disposi\u00e7\u00e3o da justi\u00e7a.<\/p>\n","protected":false},"excerpt":{"rendered":"<p>No \u00faltimo domingo, dia 28, a Guarda Civil recebeu um chamado, onde o solicitante relatava fuma\u00e7a, pr\u00f3ximo a ponte da rodovia SP-101 sobre o Rio Capivari. Ao chegar no local, os oficiais se depararam com dois homens, um de 31 e outro de 27 anos, que estavam queimando cabos el\u00e9tricos para extra\u00e7\u00e3o de cobre. Questionados [&hellip;]<\/p>\n","protected":false},"author":8,"featured_media":1646,"comment_status":"open","ping_status":"open","sticky":false,"template":"","format":"standard","meta":{"ocean_post_layout":"","ocean_both_sidebars_style":"","ocean_both_sidebars_content_width":0,"ocean_both_sidebars_sidebars_width":0,"ocean_sidebar":"0","ocean_second_sidebar":"0","ocean_disable_margins":"enable","ocean_add_body_class":"","ocean_shortcode_before_top_bar":"","ocean_shortcode_after_top_bar":"","ocean_shortcode_before_header":"","ocean_shortcode_after_header":"","ocean_has_shortcode":"","ocean_shortcode_after_title":"","ocean_shortcode_before_footer_widgets":"","ocean_shortcode_after_footer_widgets":"","ocean_shortcode_before_footer_bottom":"","ocean_shortcode_after_footer_bottom":"","ocean_display_top_bar":"default","ocean_display_header":"default","ocean_header_style":"","ocean_center_header_left_menu":"0","ocean_custom_header_template":"0","ocean_custom_logo":0,"ocean_custom_retina_logo":0,"ocean_custom_logo_max_width":0,"ocean_custom_logo_tablet_max_width":0,"ocean_custom_logo_mobile_max_width":0,"ocean_custom_logo_max_height":0,"ocean_custom_logo_tablet_max_height":0,"ocean_custom_logo_mobile_max_height":0,"ocean_header_custom_menu":"0","ocean_menu_typo_font_family":"0","ocean_menu_typo_font_subset":"","ocean_menu_typo_font_size":0,"ocean_menu_typo_font_size_tablet":0,"ocean_menu_typo_font_size_mobile":0,"ocean_menu_typo_font_size_unit":"px","ocean_menu_typo_font_weight":"","ocean_menu_typo_font_weight_tablet":"","ocean_menu_typo_font_weight_mobile":"","ocean_menu_typo_transform":"","ocean_menu_typo_transform_tablet":"","ocean_menu_typo_transform_mobile":"","ocean_menu_typo_line_height":0,"ocean_menu_typo_line_height_tablet":0,"ocean_menu_typo_line_height_mobile":0,"ocean_menu_typo_line_height_unit":"","ocean_menu_typo_spacing":0,"ocean_menu_typo_spacing_tablet":0,"ocean_menu_typo_spacing_mobile":0,"ocean_menu_typo_spacing_unit":"","ocean_menu_link_color":"","ocean_menu_link_color_hover":"","ocean_menu_link_color_active":"","ocean_menu_link_background":"","ocean_menu_link_hover_background":"","ocean_menu_link_active_background":"","ocean_menu_social_links_bg":"","ocean_menu_social_hover_links_bg":"","ocean_menu_social_links_color":"","ocean_menu_social_hover_links_color":"","ocean_disable_title":"default","ocean_disable_heading":"default","ocean_post_title":"","ocean_post_subheading":"","ocean_post_title_style":"","ocean_post_title_background_color":"","ocean_post_title_background":0,"ocean_post_title_bg_image_position":"","ocean_post_title_bg_image_attachment":"","ocean_post_title_bg_image_repeat":"","ocean_post_title_bg_image_size":"","ocean_post_title_height":0,"ocean_post_title_bg_overlay":0.5,"ocean_post_title_bg_overlay_color":"","ocean_disable_breadcrumbs":"default","ocean_breadcrumbs_color":"","ocean_breadcrumbs_separator_color":"","ocean_breadcrumbs_links_color":"","ocean_breadcrumbs_links_hover_color":"","ocean_display_footer_widgets":"default","ocean_display_footer_bottom":"default","ocean_custom_footer_template":"0","ocean_post_oembed":"","ocean_post_self_hosted_media":"","ocean_post_video_embed":"","ocean_link_format":"","ocean_link_format_target":"self","ocean_quote_format":"","ocean_quote_format_link":"post","ocean_gallery_link_images":"off","ocean_gallery_id":[],"footnotes":""},"categories":[4,5,32],"tags":[],"class_list":["post-1645","post","type-post","status-publish","format-standard","has-post-thumbnail","hentry","category-destaque","category-geral","category-seguranca-publica","entry","has-media"],"yoast_head":"<!-- This site is optimized with the Yoast SEO plugin v27.4 - https:\/\/yoast.com\/product\/yoast-seo-wordpress\/ -->\n<title>Dois homens s\u00e3o presos por furto de cabos el\u00e9tricos \u00e0s margens da rodovia SP-101 - Prefeitura de Capivari<\/title>\n<meta name=\"robots\" content=\"index, follow, max-snippet:-1, max-image-preview:large, max-video-preview:-1\" \/>\n<link rel=\"canonical\" href=\"https:\/\/capivari.sp.gov.br\/portal\/dois-homens-sao-presos-por-furto-de-cabos-eletricos-as-margens-da-rodovia-sp-101\/\" \/>\n<meta property=\"og:locale\" content=\"pt_BR\" \/>\n<meta property=\"og:type\" content=\"article\" \/>\n<meta property=\"og:title\" content=\"Dois homens s\u00e3o presos por furto de cabos el\u00e9tricos \u00e0s margens da rodovia SP-101 - Prefeitura de Capivari\" \/>\n<meta property=\"og:description\" content=\"No \u00faltimo domingo, dia 28, a Guarda Civil recebeu um chamado, onde o solicitante relatava fuma\u00e7a, pr\u00f3ximo a ponte da rodovia SP-101 sobre o Rio Capivari. Ao chegar no local, os oficiais se depararam com dois homens, um de 31 e outro de 27 anos, que estavam queimando cabos el\u00e9tricos para extra\u00e7\u00e3o de cobre. Questionados [&hellip;]\" \/>\n<meta property=\"og:url\" content=\"https:\/\/capivari.sp.gov.br\/portal\/dois-homens-sao-presos-por-furto-de-cabos-eletricos-as-margens-da-rodovia-sp-101\/\" \/>\n<meta property=\"og:site_name\" content=\"Prefeitura de Capivari\" \/>\n<meta property=\"article:publisher\" content=\"https:\/\/www.facebook.com\/PrefeituradeCapivari\/\" \/>\n<meta property=\"article:published_time\" content=\"2021-11-29T15:04:41+00:00\" \/>\n<meta property=\"article:modified_time\" content=\"2021-12-06T01:55:13+00:00\" \/>\n<meta property=\"og:image\" content=\"https:\/\/capivari.sp.gov.br\/portal\/wp-content\/uploads\/2021\/12\/APREENSAO-28-11-1024x768-1.jpeg\" \/>\n\t<meta property=\"og:image:width\" content=\"1024\" \/>\n\t<meta property=\"og:image:height\" content=\"768\" \/>\n\t<meta property=\"og:image:type\" content=\"image\/jpeg\" \/>\n<meta name=\"author\" content=\"Felipe\" \/>\n<meta name=\"twitter:card\" content=\"summary_large_image\" \/>\n<meta name=\"twitter:creator\" content=\"@PrefCapivari\" \/>\n<meta name=\"twitter:site\" content=\"@PrefCapivari\" \/>\n<meta name=\"twitter:label1\" content=\"Escrito por\" \/>\n\t<meta name=\"twitter:data1\" content=\"Felipe\" \/>\n\t<meta name=\"twitter:label2\" content=\"Est. tempo de leitura\" \/>\n\t<meta name=\"twitter:data2\" content=\"1 minuto\" \/>\n<script type=\"application\/ld+json\" class=\"yoast-schema-graph\">{\"@context\":\"https:\\\/\\\/schema.org\",\"@graph\":[{\"@type\":\"Article\",\"@id\":\"https:\\\/\\\/capivari.sp.gov.br\\\/portal\\\/dois-homens-sao-presos-por-furto-de-cabos-eletricos-as-margens-da-rodovia-sp-101\\\/#article\",\"isPartOf\":{\"@id\":\"https:\\\/\\\/capivari.sp.gov.br\\\/portal\\\/dois-homens-sao-presos-por-furto-de-cabos-eletricos-as-margens-da-rodovia-sp-101\\\/\"},\"author\":{\"name\":\"Felipe\",\"@id\":\"https:\\\/\\\/capivari.sp.gov.br\\\/portal\\\/#\\\/schema\\\/person\\\/3dd8a74ac13e765ad3dcd4bc5d1d3a10\"},\"headline\":\"Dois homens s\u00e3o presos por furto de cabos el\u00e9tricos \u00e0s margens da rodovia SP-101\",\"datePublished\":\"2021-11-29T15:04:41+00:00\",\"dateModified\":\"2021-12-06T01:55:13+00:00\",\"mainEntityOfPage\":{\"@id\":\"https:\\\/\\\/capivari.sp.gov.br\\\/portal\\\/dois-homens-sao-presos-por-furto-de-cabos-eletricos-as-margens-da-rodovia-sp-101\\\/\"},\"wordCount\":185,\"commentCount\":0,\"publisher\":{\"@id\":\"https:\\\/\\\/capivari.sp.gov.br\\\/portal\\\/#organization\"},\"image\":{\"@id\":\"https:\\\/\\\/capivari.sp.gov.br\\\/portal\\\/dois-homens-sao-presos-por-furto-de-cabos-eletricos-as-margens-da-rodovia-sp-101\\\/#primaryimage\"},\"thumbnailUrl\":\"https:\\\/\\\/capivari.sp.gov.br\\\/portal\\\/wp-content\\\/uploads\\\/2021\\\/12\\\/APREENSAO-28-11-1024x768-1.jpeg\",\"articleSection\":[\"Destaque\",\"Geral\",\"Seguran\u00e7a P\u00fablica\"],\"inLanguage\":\"pt-BR\",\"potentialAction\":[{\"@type\":\"CommentAction\",\"name\":\"Comment\",\"target\":[\"https:\\\/\\\/capivari.sp.gov.br\\\/portal\\\/dois-homens-sao-presos-por-furto-de-cabos-eletricos-as-margens-da-rodovia-sp-101\\\/#respond\"]}]},{\"@type\":\"WebPage\",\"@id\":\"https:\\\/\\\/capivari.sp.gov.br\\\/portal\\\/dois-homens-sao-presos-por-furto-de-cabos-eletricos-as-margens-da-rodovia-sp-101\\\/\",\"url\":\"https:\\\/\\\/capivari.sp.gov.br\\\/portal\\\/dois-homens-sao-presos-por-furto-de-cabos-eletricos-as-margens-da-rodovia-sp-101\\\/\",\"name\":\"Dois homens s\u00e3o presos por furto de cabos el\u00e9tricos \u00e0s margens da rodovia SP-101 - Prefeitura de Capivari\",\"isPartOf\":{\"@id\":\"https:\\\/\\\/capivari.sp.gov.br\\\/portal\\\/#website\"},\"primaryImageOfPage\":{\"@id\":\"https:\\\/\\\/capivari.sp.gov.br\\\/portal\\\/dois-homens-sao-presos-por-furto-de-cabos-eletricos-as-margens-da-rodovia-sp-101\\\/#primaryimage\"},\"image\":{\"@id\":\"https:\\\/\\\/capivari.sp.gov.br\\\/portal\\\/dois-homens-sao-presos-por-furto-de-cabos-eletricos-as-margens-da-rodovia-sp-101\\\/#primaryimage\"},\"thumbnailUrl\":\"https:\\\/\\\/capivari.sp.gov.br\\\/portal\\\/wp-content\\\/uploads\\\/2021\\\/12\\\/APREENSAO-28-11-1024x768-1.jpeg\",\"datePublished\":\"2021-11-29T15:04:41+00:00\",\"dateModified\":\"2021-12-06T01:55:13+00:00\",\"breadcrumb\":{\"@id\":\"https:\\\/\\\/capivari.sp.gov.br\\\/portal\\\/dois-homens-sao-presos-por-furto-de-cabos-eletricos-as-margens-da-rodovia-sp-101\\\/#breadcrumb\"},\"inLanguage\":\"pt-BR\",\"potentialAction\":[{\"@type\":\"ReadAction\",\"target\":[\"https:\\\/\\\/capivari.sp.gov.br\\\/portal\\\/dois-homens-sao-presos-por-furto-de-cabos-eletricos-as-margens-da-rodovia-sp-101\\\/\"]}]},{\"@type\":\"ImageObject\",\"inLanguage\":\"pt-BR\",\"@id\":\"https:\\\/\\\/capivari.sp.gov.br\\\/portal\\\/dois-homens-sao-presos-por-furto-de-cabos-eletricos-as-margens-da-rodovia-sp-101\\\/#primaryimage\",\"url\":\"https:\\\/\\\/capivari.sp.gov.br\\\/portal\\\/wp-content\\\/uploads\\\/2021\\\/12\\\/APREENSAO-28-11-1024x768-1.jpeg\",\"contentUrl\":\"https:\\\/\\\/capivari.sp.gov.br\\\/portal\\\/wp-content\\\/uploads\\\/2021\\\/12\\\/APREENSAO-28-11-1024x768-1.jpeg\",\"width\":1024,\"height\":768},{\"@type\":\"BreadcrumbList\",\"@id\":\"https:\\\/\\\/capivari.sp.gov.br\\\/portal\\\/dois-homens-sao-presos-por-furto-de-cabos-eletricos-as-margens-da-rodovia-sp-101\\\/#breadcrumb\",\"itemListElement\":[{\"@type\":\"ListItem\",\"position\":1,\"name\":\"In\u00edcio\",\"item\":\"https:\\\/\\\/capivari.sp.gov.br\\\/portal\\\/\"},{\"@type\":\"ListItem\",\"position\":2,\"name\":\"Dois homens s\u00e3o presos por furto de cabos el\u00e9tricos \u00e0s margens da rodovia SP-101\"}]},{\"@type\":\"WebSite\",\"@id\":\"https:\\\/\\\/capivari.sp.gov.br\\\/portal\\\/#website\",\"url\":\"https:\\\/\\\/capivari.sp.gov.br\\\/portal\\\/\",\"name\":\"Prefeitura de Capivari\",\"description\":\"Prefeitura de Capivari\",\"publisher\":{\"@id\":\"https:\\\/\\\/capivari.sp.gov.br\\\/portal\\\/#organization\"},\"potentialAction\":[{\"@type\":\"SearchAction\",\"target\":{\"@type\":\"EntryPoint\",\"urlTemplate\":\"https:\\\/\\\/capivari.sp.gov.br\\\/portal\\\/?s={search_term_string}\"},\"query-input\":{\"@type\":\"PropertyValueSpecification\",\"valueRequired\":true,\"valueName\":\"search_term_string\"}}],\"inLanguage\":\"pt-BR\"},{\"@type\":\"Organization\",\"@id\":\"https:\\\/\\\/capivari.sp.gov.br\\\/portal\\\/#organization\",\"name\":\"Prefeitura de Capivari\",\"url\":\"https:\\\/\\\/capivari.sp.gov.br\\\/portal\\\/\",\"logo\":{\"@type\":\"ImageObject\",\"inLanguage\":\"pt-BR\",\"@id\":\"https:\\\/\\\/capivari.sp.gov.br\\\/portal\\\/#\\\/schema\\\/logo\\\/image\\\/\",\"url\":\"https:\\\/\\\/capivari.sp.gov.br\\\/portal\\\/wp-content\\\/uploads\\\/2021\\\/09\\\/logo-prefeitura-de-capivari.png\",\"contentUrl\":\"https:\\\/\\\/capivari.sp.gov.br\\\/portal\\\/wp-content\\\/uploads\\\/2021\\\/09\\\/logo-prefeitura-de-capivari.png\",\"width\":200,\"height\":147,\"caption\":\"Prefeitura de Capivari\"},\"image\":{\"@id\":\"https:\\\/\\\/capivari.sp.gov.br\\\/portal\\\/#\\\/schema\\\/logo\\\/image\\\/\"},\"sameAs\":[\"https:\\\/\\\/www.facebook.com\\\/PrefeituradeCapivari\\\/\",\"https:\\\/\\\/x.com\\\/PrefCapivari\",\"https:\\\/\\\/www.instagram.com\\\/prefeituracapivari\\\/\"]},{\"@type\":\"Person\",\"@id\":\"https:\\\/\\\/capivari.sp.gov.br\\\/portal\\\/#\\\/schema\\\/person\\\/3dd8a74ac13e765ad3dcd4bc5d1d3a10\",\"name\":\"Felipe\",\"image\":{\"@type\":\"ImageObject\",\"inLanguage\":\"pt-BR\",\"@id\":\"https:\\\/\\\/secure.gravatar.com\\\/avatar\\\/11a19e184a2977f98f7a3b61c43ad74495b6e0b190821b83e1bec6a7a386dcf5?s=96&d=mm&r=g\",\"url\":\"https:\\\/\\\/secure.gravatar.com\\\/avatar\\\/11a19e184a2977f98f7a3b61c43ad74495b6e0b190821b83e1bec6a7a386dcf5?s=96&d=mm&r=g\",\"contentUrl\":\"https:\\\/\\\/secure.gravatar.com\\\/avatar\\\/11a19e184a2977f98f7a3b61c43ad74495b6e0b190821b83e1bec6a7a386dcf5?s=96&d=mm&r=g\",\"caption\":\"Felipe\"},\"url\":\"https:\\\/\\\/capivari.sp.gov.br\\\/portal\\\/author\\\/felipe\\\/\"}]}<\/script>\n<!-- \/ Yoast SEO plugin. -->","yoast_head_json":{"title":"Dois homens s\u00e3o presos por furto de cabos el\u00e9tricos \u00e0s margens da rodovia SP-101 - Prefeitura de Capivari","robots":{"index":"index","follow":"follow","max-snippet":"max-snippet:-1","max-image-preview":"max-image-preview:large","max-video-preview":"max-video-preview:-1"},"canonical":"https:\/\/capivari.sp.gov.br\/portal\/dois-homens-sao-presos-por-furto-de-cabos-eletricos-as-margens-da-rodovia-sp-101\/","og_locale":"pt_BR","og_type":"article","og_title":"Dois homens s\u00e3o presos por furto de cabos el\u00e9tricos \u00e0s margens da rodovia SP-101 - Prefeitura de Capivari","og_description":"No \u00faltimo domingo, dia 28, a Guarda Civil recebeu um chamado, onde o solicitante relatava fuma\u00e7a, pr\u00f3ximo a ponte da rodovia SP-101 sobre o Rio Capivari. Ao chegar no local, os oficiais se depararam com dois homens, um de 31 e outro de 27 anos, que estavam queimando cabos el\u00e9tricos para extra\u00e7\u00e3o de cobre. Questionados [&hellip;]","og_url":"https:\/\/capivari.sp.gov.br\/portal\/dois-homens-sao-presos-por-furto-de-cabos-eletricos-as-margens-da-rodovia-sp-101\/","og_site_name":"Prefeitura de Capivari","article_publisher":"https:\/\/www.facebook.com\/PrefeituradeCapivari\/","article_published_time":"2021-11-29T15:04:41+00:00","article_modified_time":"2021-12-06T01:55:13+00:00","og_image":[{"width":1024,"height":768,"url":"https:\/\/capivari.sp.gov.br\/portal\/wp-content\/uploads\/2021\/12\/APREENSAO-28-11-1024x768-1.jpeg","type":"image\/jpeg"}],"author":"Felipe","twitter_card":"summary_large_image","twitter_creator":"@PrefCapivari","twitter_site":"@PrefCapivari","twitter_misc":{"Escrito por":"Felipe","Est. tempo de leitura":"1 minuto"},"schema":{"@context":"https:\/\/schema.org","@graph":[{"@type":"Article","@id":"https:\/\/capivari.sp.gov.br\/portal\/dois-homens-sao-presos-por-furto-de-cabos-eletricos-as-margens-da-rodovia-sp-101\/#article","isPartOf":{"@id":"https:\/\/capivari.sp.gov.br\/portal\/dois-homens-sao-presos-por-furto-de-cabos-eletricos-as-margens-da-rodovia-sp-101\/"},"author":{"name":"Felipe","@id":"https:\/\/capivari.sp.gov.br\/portal\/#\/schema\/person\/3dd8a74ac13e765ad3dcd4bc5d1d3a10"},"headline":"Dois homens s\u00e3o presos por furto de cabos el\u00e9tricos \u00e0s margens da rodovia SP-101","datePublished":"2021-11-29T15:04:41+00:00","dateModified":"2021-12-06T01:55:13+00:00","mainEntityOfPage":{"@id":"https:\/\/capivari.sp.gov.br\/portal\/dois-homens-sao-presos-por-furto-de-cabos-eletricos-as-margens-da-rodovia-sp-101\/"},"wordCount":185,"commentCount":0,"publisher":{"@id":"https:\/\/capivari.sp.gov.br\/portal\/#organization"},"image":{"@id":"https:\/\/capivari.sp.gov.br\/portal\/dois-homens-sao-presos-por-furto-de-cabos-eletricos-as-margens-da-rodovia-sp-101\/#primaryimage"},"thumbnailUrl":"https:\/\/capivari.sp.gov.br\/portal\/wp-content\/uploads\/2021\/12\/APREENSAO-28-11-1024x768-1.jpeg","articleSection":["Destaque","Geral","Seguran\u00e7a P\u00fablica"],"inLanguage":"pt-BR","potentialAction":[{"@type":"CommentAction","name":"Comment","target":["https:\/\/capivari.sp.gov.br\/portal\/dois-homens-sao-presos-por-furto-de-cabos-eletricos-as-margens-da-rodovia-sp-101\/#respond"]}]},{"@type":"WebPage","@id":"https:\/\/capivari.sp.gov.br\/portal\/dois-homens-sao-presos-por-furto-de-cabos-eletricos-as-margens-da-rodovia-sp-101\/","url":"https:\/\/capivari.sp.gov.br\/portal\/dois-homens-sao-presos-por-furto-de-cabos-eletricos-as-margens-da-rodovia-sp-101\/","name":"Dois homens s\u00e3o presos por furto de cabos el\u00e9tricos \u00e0s margens da rodovia SP-101 - Prefeitura de Capivari","isPartOf":{"@id":"https:\/\/capivari.sp.gov.br\/portal\/#website"},"primaryImageOfPage":{"@id":"https:\/\/capivari.sp.gov.br\/portal\/dois-homens-sao-presos-por-furto-de-cabos-eletricos-as-margens-da-rodovia-sp-101\/#primaryimage"},"image":{"@id":"https:\/\/capivari.sp.gov.br\/portal\/dois-homens-sao-presos-por-furto-de-cabos-eletricos-as-margens-da-rodovia-sp-101\/#primaryimage"},"thumbnailUrl":"https:\/\/capivari.sp.gov.br\/portal\/wp-content\/uploads\/2021\/12\/APREENSAO-28-11-1024x768-1.jpeg","datePublished":"2021-11-29T15:04:41+00:00","dateModified":"2021-12-06T01:55:13+00:00","breadcrumb":{"@id":"https:\/\/capivari.sp.gov.br\/portal\/dois-homens-sao-presos-por-furto-de-cabos-eletricos-as-margens-da-rodovia-sp-101\/#breadcrumb"},"inLanguage":"pt-BR","potentialAction":[{"@type":"ReadAction","target":["https:\/\/capivari.sp.gov.br\/portal\/dois-homens-sao-presos-por-furto-de-cabos-eletricos-as-margens-da-rodovia-sp-101\/"]}]},{"@type":"ImageObject","inLanguage":"pt-BR","@id":"https:\/\/capivari.sp.gov.br\/portal\/dois-homens-sao-presos-por-furto-de-cabos-eletricos-as-margens-da-rodovia-sp-101\/#primaryimage","url":"https:\/\/capivari.sp.gov.br\/portal\/wp-content\/uploads\/2021\/12\/APREENSAO-28-11-1024x768-1.jpeg","contentUrl":"https:\/\/capivari.sp.gov.br\/portal\/wp-content\/uploads\/2021\/12\/APREENSAO-28-11-1024x768-1.jpeg","width":1024,"height":768},{"@type":"BreadcrumbList","@id":"https:\/\/capivari.sp.gov.br\/portal\/dois-homens-sao-presos-por-furto-de-cabos-eletricos-as-margens-da-rodovia-sp-101\/#breadcrumb","itemListElement":[{"@type":"ListItem","position":1,"name":"In\u00edcio","item":"https:\/\/capivari.sp.gov.br\/portal\/"},{"@type":"ListItem","position":2,"name":"Dois homens s\u00e3o presos por furto de cabos el\u00e9tricos \u00e0s margens da rodovia SP-101"}]},{"@type":"WebSite","@id":"https:\/\/capivari.sp.gov.br\/portal\/#website","url":"https:\/\/capivari.sp.gov.br\/portal\/","name":"Prefeitura de Capivari","description":"Prefeitura de Capivari","publisher":{"@id":"https:\/\/capivari.sp.gov.br\/portal\/#organization"},"potentialAction":[{"@type":"SearchAction","target":{"@type":"EntryPoint","urlTemplate":"https:\/\/capivari.sp.gov.br\/portal\/?s={search_term_string}"},"query-input":{"@type":"PropertyValueSpecification","valueRequired":true,"valueName":"search_term_string"}}],"inLanguage":"pt-BR"},{"@type":"Organization","@id":"https:\/\/capivari.sp.gov.br\/portal\/#organization","name":"Prefeitura de Capivari","url":"https:\/\/capivari.sp.gov.br\/portal\/","logo":{"@type":"ImageObject","inLanguage":"pt-BR","@id":"https:\/\/capivari.sp.gov.br\/portal\/#\/schema\/logo\/image\/","url":"https:\/\/capivari.sp.gov.br\/portal\/wp-content\/uploads\/2021\/09\/logo-prefeitura-de-capivari.png","contentUrl":"https:\/\/capivari.sp.gov.br\/portal\/wp-content\/uploads\/2021\/09\/logo-prefeitura-de-capivari.png","width":200,"height":147,"caption":"Prefeitura de Capivari"},"image":{"@id":"https:\/\/capivari.sp.gov.br\/portal\/#\/schema\/logo\/image\/"},"sameAs":["https:\/\/www.facebook.com\/PrefeituradeCapivari\/","https:\/\/x.com\/PrefCapivari","https:\/\/www.instagram.com\/prefeituracapivari\/"]},{"@type":"Person","@id":"https:\/\/capivari.sp.gov.br\/portal\/#\/schema\/person\/3dd8a74ac13e765ad3dcd4bc5d1d3a10","name":"Felipe","image":{"@type":"ImageObject","inLanguage":"pt-BR","@id":"https:\/\/secure.gravatar.com\/avatar\/11a19e184a2977f98f7a3b61c43ad74495b6e0b190821b83e1bec6a7a386dcf5?s=96&d=mm&r=g","url":"https:\/\/secure.gravatar.com\/avatar\/11a19e184a2977f98f7a3b61c43ad74495b6e0b190821b83e1bec6a7a386dcf5?s=96&d=mm&r=g","contentUrl":"https:\/\/secure.gravatar.com\/avatar\/11a19e184a2977f98f7a3b61c43ad74495b6e0b190821b83e1bec6a7a386dcf5?s=96&d=mm&r=g","caption":"Felipe"},"url":"https:\/\/capivari.sp.gov.br\/portal\/author\/felipe\/"}]}},"_links":{"self":[{"href":"https:\/\/capivari.sp.gov.br\/portal\/wp-json\/wp\/v2\/posts\/1645","targetHints":{"allow":["GET"]}}],"collection":[{"href":"https:\/\/capivari.sp.gov.br\/portal\/wp-json\/wp\/v2\/posts"}],"about":[{"href":"https:\/\/capivari.sp.gov.br\/portal\/wp-json\/wp\/v2\/types\/post"}],"author":[{"embeddable":true,"href":"https:\/\/capivari.sp.gov.br\/portal\/wp-json\/wp\/v2\/users\/8"}],"replies":[{"embeddable":true,"href":"https:\/\/capivari.sp.gov.br\/portal\/wp-json\/wp\/v2\/comments?post=1645"}],"version-history":[{"count":1,"href":"https:\/\/capivari.sp.gov.br\/portal\/wp-json\/wp\/v2\/posts\/1645\/revisions"}],"predecessor-version":[{"id":1647,"href":"https:\/\/capivari.sp.gov.br\/portal\/wp-json\/wp\/v2\/posts\/1645\/revisions\/1647"}],"wp:featuredmedia":[{"embeddable":true,"href":"https:\/\/capivari.sp.gov.br\/portal\/wp-json\/wp\/v2\/media\/1646"}],"wp:attachment":[{"href":"https:\/\/capivari.sp.gov.br\/portal\/wp-json\/wp\/v2\/media?parent=1645"}],"wp:term":[{"taxonomy":"category","embeddable":true,"href":"https:\/\/capivari.sp.gov.br\/portal\/wp-json\/wp\/v2\/categories?post=1645"},{"taxonomy":"post_tag","embeddable":true,"href":"https:\/\/capivari.sp.gov.br\/portal\/wp-json\/wp\/v2\/tags?post=1645"}],"curies":[{"name":"wp","href":"https:\/\/api.w.org\/{rel}","templated":true}]}}