{"id":16681,"date":"2024-02-28T10:39:46","date_gmt":"2024-02-28T13:39:46","guid":{"rendered":"https:\/\/capivari.sp.gov.br\/portal\/?p=16681"},"modified":"2024-02-28T10:39:46","modified_gmt":"2024-02-28T13:39:46","slug":"chaveamento-da-copa-pedro-irineu-e-grupos-do-campeonato-amador-de-futebol-1o-divisao-sao-definidos","status":"publish","type":"post","link":"https:\/\/capivari.sp.gov.br\/portal\/chaveamento-da-copa-pedro-irineu-e-grupos-do-campeonato-amador-de-futebol-1o-divisao-sao-definidos\/","title":{"rendered":"Chaveamento da Copa \u201cPedro Irineu\u201d e grupos do Campeonato Amador de Futebol 1\u00ba Divis\u00e3o s\u00e3o definidos"},"content":{"rendered":"<p>Na noite da \u00faltima ter\u00e7a-feira, dia 27, aconteceu a edi\u00e7\u00e3o de 2024 do Congresso T\u00e9cnico dos torneios de futebol da Secretaria de Esportes, evento que apresentou oficialmente \u00e0 popula\u00e7\u00e3o as competi\u00e7\u00f5es que ser\u00e3o disputadas ao longo do ano, al\u00e9m de sortear os dois grupos do Campeonato Amador de Futebol 1\u00ba Divis\u00e3o e o chaveamento da Copa \u201cPedro Irineu\u201d.<\/p>\n<p>Inicialmente, as solenidades mostraram a todo o p\u00fablico presente, representando cada uma das equipes da elite do futebol amador capivariano, a primeira edi\u00e7\u00e3o da Super Copa de Futebol Amador, torneio de jogo \u00fanico que coloca frente a frente o Am\u00e9rica, \u00faltimo campe\u00e3o da elite do Campeonato Amador, e o MM Souza\/Esta\u00e7\u00e3o, \u00faltimo vencedor da Copa \u201cPedro Irineu\u201d. A decis\u00e3o acontece neste domingo, dia 03, \u00e0s 09h30 no est\u00e1dio Fernando de Marco, no bairro Esta\u00e7\u00e3o.<\/p>\n<p>Na sequ\u00eancia, o chaveamento da Copa \u201cPedro Irineu\u201d 2024 foi definido atrav\u00e9s de sorteio, que foi transmitido nas redes sociais da Prefeitura de Capivari. O campeonato conta com a participa\u00e7\u00e3o dos oito times que chegaram \u00e0s quartas de finais do \u00faltimo Campeonato Amador que v\u00e3o se enfrentar em formato de mata-mata durante o m\u00eas de mar\u00e7o.<\/p>\n<p><b>Confira a seguir os duelos, cujas datas, hor\u00e1rios e locais ainda ser\u00e3o definidas:<\/b><\/p>\n<p>-Vera Cruz vs. Atl\u00e9tico Mombuca A<br \/>\n-Am\u00e9rica vs. Atl\u00e9tico Guerreiros<br \/>\n-Internacionali vs. Beira Rio<br \/>\n-Ativa vs. Alian\u00e7a Atl\u00e9tica Rafardense<\/p>\n<p>Enquanto o sorteio subsequente era organizado, foi oficialmente apresentado a popula\u00e7\u00e3o tamb\u00e9m o formato e os participantes dos outros torneios da Secretaria de Esportes, sendo eles o Campeonato Amador de Futebol 2\u00ba Divis\u00e3o, a Copa \u201cAnt\u00f4nio Mattar\u201d de Futsal Amador e tamb\u00e9m o Campeonato Veterano de Futebol Amador. Torneios que v\u00e3o contar com 14, seis e sete equipes, respectivamente, com o sorteio dos grupos e datas de in\u00edcio sendo anunciados em breve atrav\u00e9s dos canais oficiais de comunica\u00e7\u00e3o da Prefeitura de Capivari.<\/p>\n<p>Para finalizar o evento, aconteceu o sorteio dos grupos do Campeonato Amador de Futebol 1\u00ba Divis\u00e3o, que contar\u00e1 com 16 participantes, divididos em dois grupos de oito equipes cada. As equipes enfrentar\u00e3o apenas os oponentes que pertencem ao mesmo grupo em turno \u00fanico. Os quatro melhores de cada grupo se classificam para as quartas de final e tamb\u00e9m para a Copa \u201cPedro Irineu\u201d 2025, enquanto os dois piores pontuadores no geral, ser\u00e3o rebaixados para a Segunda Divis\u00e3o.<\/p>\n<p><b>Confira a seguir os grupos, determinados por sorteio:<\/b><\/p>\n<p>Grupo A<br \/>\n-Santa Rita<br \/>\n-Venezia<br \/>\n-Deportivo Rafard<br \/>\n-Internacionali<br \/>\n-Boca Juniors<br \/>\n-Beira Rio<br \/>\n-Atl\u00e9tico Mombuca A<br \/>\n-Ativa<\/p>\n<p>Grupo B<br \/>\n-Atl\u00e9tico Guerreiros<br \/>\n-Am\u00e9rica<br \/>\n-MM Souza\/Esta\u00e7\u00e3o<br \/>\n-S\u00e3o Luiz<br \/>\n-Vila Nova<br \/>\n-Vera Cruz<br \/>\n-Alian\u00e7a Atl\u00e9tica Rafardense<br \/>\n-Central<\/p>\n<p>Para saber mais sobre outros projetos e torneios organizados pela Secretaria de Esportes, os telefones (19) 2146-1525 e (19) 3492-8881 (WhatsApp), est\u00e3o dispon\u00edveis de segunda a sexta-feira, das 8h30 \u00e0s 16h30.<\/p>\n<p>Prefeitura de Capivari. Transformando o presente, construindo o futuro.<\/p>\n","protected":false},"excerpt":{"rendered":"<p>Na noite da \u00faltima ter\u00e7a-feira, dia 27, aconteceu a edi\u00e7\u00e3o de 2024 do Congresso T\u00e9cnico dos torneios de futebol da Secretaria de Esportes, evento que apresentou oficialmente \u00e0 popula\u00e7\u00e3o as competi\u00e7\u00f5es que ser\u00e3o disputadas ao longo do ano, al\u00e9m de sortear os dois grupos do Campeonato Amador de Futebol 1\u00ba Divis\u00e3o e o chaveamento da [&hellip;]<\/p>\n","protected":false},"author":2,"featured_media":16682,"comment_status":"open","ping_status":"open","sticky":false,"template":"","format":"standard","meta":{"ocean_post_layout":"","ocean_both_sidebars_style":"","ocean_both_sidebars_content_width":0,"ocean_both_sidebars_sidebars_width":0,"ocean_sidebar":"","ocean_second_sidebar":"","ocean_disable_margins":"enable","ocean_add_body_class":"","ocean_shortcode_before_top_bar":"","ocean_shortcode_after_top_bar":"","ocean_shortcode_before_header":"","ocean_shortcode_after_header":"","ocean_has_shortcode":"","ocean_shortcode_after_title":"","ocean_shortcode_before_footer_widgets":"","ocean_shortcode_after_footer_widgets":"","ocean_shortcode_before_footer_bottom":"","ocean_shortcode_after_footer_bottom":"","ocean_display_top_bar":"default","ocean_display_header":"default","ocean_header_style":"","ocean_center_header_left_menu":"","ocean_custom_header_template":"","ocean_custom_logo":0,"ocean_custom_retina_logo":0,"ocean_custom_logo_max_width":0,"ocean_custom_logo_tablet_max_width":0,"ocean_custom_logo_mobile_max_width":0,"ocean_custom_logo_max_height":0,"ocean_custom_logo_tablet_max_height":0,"ocean_custom_logo_mobile_max_height":0,"ocean_header_custom_menu":"","ocean_menu_typo_font_family":"","ocean_menu_typo_font_subset":"","ocean_menu_typo_font_size":0,"ocean_menu_typo_font_size_tablet":0,"ocean_menu_typo_font_size_mobile":0,"ocean_menu_typo_font_size_unit":"px","ocean_menu_typo_font_weight":"","ocean_menu_typo_font_weight_tablet":"","ocean_menu_typo_font_weight_mobile":"","ocean_menu_typo_transform":"","ocean_menu_typo_transform_tablet":"","ocean_menu_typo_transform_mobile":"","ocean_menu_typo_line_height":0,"ocean_menu_typo_line_height_tablet":0,"ocean_menu_typo_line_height_mobile":0,"ocean_menu_typo_line_height_unit":"","ocean_menu_typo_spacing":0,"ocean_menu_typo_spacing_tablet":0,"ocean_menu_typo_spacing_mobile":0,"ocean_menu_typo_spacing_unit":"","ocean_menu_link_color":"","ocean_menu_link_color_hover":"","ocean_menu_link_color_active":"","ocean_menu_link_background":"","ocean_menu_link_hover_background":"","ocean_menu_link_active_background":"","ocean_menu_social_links_bg":"","ocean_menu_social_hover_links_bg":"","ocean_menu_social_links_color":"","ocean_menu_social_hover_links_color":"","ocean_disable_title":"default","ocean_disable_heading":"default","ocean_post_title":"","ocean_post_subheading":"","ocean_post_title_style":"","ocean_post_title_background_color":"","ocean_post_title_background":0,"ocean_post_title_bg_image_position":"","ocean_post_title_bg_image_attachment":"","ocean_post_title_bg_image_repeat":"","ocean_post_title_bg_image_size":"","ocean_post_title_height":0,"ocean_post_title_bg_overlay":0.5,"ocean_post_title_bg_overlay_color":"","ocean_disable_breadcrumbs":"default","ocean_breadcrumbs_color":"","ocean_breadcrumbs_separator_color":"","ocean_breadcrumbs_links_color":"","ocean_breadcrumbs_links_hover_color":"","ocean_display_footer_widgets":"default","ocean_display_footer_bottom":"default","ocean_custom_footer_template":"","ocean_post_oembed":"","ocean_post_self_hosted_media":"","ocean_post_video_embed":"","ocean_link_format":"","ocean_link_format_target":"self","ocean_quote_format":"","ocean_quote_format_link":"post","ocean_gallery_link_images":"on","ocean_gallery_id":[],"footnotes":""},"categories":[4,25,5],"tags":[],"class_list":["post-16681","post","type-post","status-publish","format-standard","has-post-thumbnail","hentry","category-destaque","category-esporte","category-geral","entry","has-media"],"yoast_head":"<!-- This site is optimized with the Yoast SEO plugin v27.4 - https:\/\/yoast.com\/product\/yoast-seo-wordpress\/ -->\n<title>Chaveamento da Copa \u201cPedro Irineu\u201d e grupos do Campeonato Amador de Futebol 1\u00ba Divis\u00e3o s\u00e3o definidos - Prefeitura de Capivari<\/title>\n<meta name=\"robots\" content=\"index, follow, max-snippet:-1, max-image-preview:large, max-video-preview:-1\" \/>\n<link rel=\"canonical\" href=\"https:\/\/capivari.sp.gov.br\/portal\/chaveamento-da-copa-pedro-irineu-e-grupos-do-campeonato-amador-de-futebol-1o-divisao-sao-definidos\/\" \/>\n<meta property=\"og:locale\" content=\"pt_BR\" \/>\n<meta property=\"og:type\" content=\"article\" \/>\n<meta property=\"og:title\" content=\"Chaveamento da Copa \u201cPedro Irineu\u201d e grupos do Campeonato Amador de Futebol 1\u00ba Divis\u00e3o s\u00e3o definidos - Prefeitura de Capivari\" \/>\n<meta property=\"og:description\" content=\"Na noite da \u00faltima ter\u00e7a-feira, dia 27, aconteceu a edi\u00e7\u00e3o de 2024 do Congresso T\u00e9cnico dos torneios de futebol da Secretaria de Esportes, evento que apresentou oficialmente \u00e0 popula\u00e7\u00e3o as competi\u00e7\u00f5es que ser\u00e3o disputadas ao longo do ano, al\u00e9m de sortear os dois grupos do Campeonato Amador de Futebol 1\u00ba Divis\u00e3o e o chaveamento da [&hellip;]\" \/>\n<meta property=\"og:url\" content=\"https:\/\/capivari.sp.gov.br\/portal\/chaveamento-da-copa-pedro-irineu-e-grupos-do-campeonato-amador-de-futebol-1o-divisao-sao-definidos\/\" \/>\n<meta property=\"og:site_name\" content=\"Prefeitura de Capivari\" \/>\n<meta property=\"article:publisher\" content=\"https:\/\/www.facebook.com\/PrefeituradeCapivari\/\" \/>\n<meta property=\"article:published_time\" content=\"2024-02-28T13:39:46+00:00\" \/>\n<meta property=\"og:image\" content=\"https:\/\/capivari.sp.gov.br\/portal\/wp-content\/uploads\/2024\/02\/IMG_8981-scaled.jpg\" \/>\n\t<meta property=\"og:image:width\" content=\"2560\" \/>\n\t<meta property=\"og:image:height\" content=\"1707\" \/>\n\t<meta property=\"og:image:type\" content=\"image\/jpeg\" \/>\n<meta name=\"author\" content=\"Thalles Cristiano\" \/>\n<meta name=\"twitter:card\" content=\"summary_large_image\" \/>\n<meta name=\"twitter:creator\" content=\"@PrefCapivari\" \/>\n<meta name=\"twitter:site\" content=\"@PrefCapivari\" \/>\n<meta name=\"twitter:label1\" content=\"Escrito por\" \/>\n\t<meta name=\"twitter:data1\" content=\"Thalles Cristiano\" \/>\n\t<meta name=\"twitter:label2\" content=\"Est. tempo de leitura\" \/>\n\t<meta name=\"twitter:data2\" content=\"3 minutos\" \/>\n<script type=\"application\/ld+json\" class=\"yoast-schema-graph\">{\"@context\":\"https:\\\/\\\/schema.org\",\"@graph\":[{\"@type\":\"Article\",\"@id\":\"https:\\\/\\\/capivari.sp.gov.br\\\/portal\\\/chaveamento-da-copa-pedro-irineu-e-grupos-do-campeonato-amador-de-futebol-1o-divisao-sao-definidos\\\/#article\",\"isPartOf\":{\"@id\":\"https:\\\/\\\/capivari.sp.gov.br\\\/portal\\\/chaveamento-da-copa-pedro-irineu-e-grupos-do-campeonato-amador-de-futebol-1o-divisao-sao-definidos\\\/\"},\"author\":{\"name\":\"Thalles Cristiano\",\"@id\":\"https:\\\/\\\/capivari.sp.gov.br\\\/portal\\\/#\\\/schema\\\/person\\\/98801614a91d449946b0687ae2db9f29\"},\"headline\":\"Chaveamento da Copa \u201cPedro Irineu\u201d e grupos do Campeonato Amador de Futebol 1\u00ba Divis\u00e3o s\u00e3o definidos\",\"datePublished\":\"2024-02-28T13:39:46+00:00\",\"mainEntityOfPage\":{\"@id\":\"https:\\\/\\\/capivari.sp.gov.br\\\/portal\\\/chaveamento-da-copa-pedro-irineu-e-grupos-do-campeonato-amador-de-futebol-1o-divisao-sao-definidos\\\/\"},\"wordCount\":518,\"commentCount\":0,\"publisher\":{\"@id\":\"https:\\\/\\\/capivari.sp.gov.br\\\/portal\\\/#organization\"},\"image\":{\"@id\":\"https:\\\/\\\/capivari.sp.gov.br\\\/portal\\\/chaveamento-da-copa-pedro-irineu-e-grupos-do-campeonato-amador-de-futebol-1o-divisao-sao-definidos\\\/#primaryimage\"},\"thumbnailUrl\":\"https:\\\/\\\/capivari.sp.gov.br\\\/portal\\\/wp-content\\\/uploads\\\/2024\\\/02\\\/IMG_8981-scaled.jpg\",\"articleSection\":[\"Destaque\",\"Esporte\",\"Geral\"],\"inLanguage\":\"pt-BR\",\"potentialAction\":[{\"@type\":\"CommentAction\",\"name\":\"Comment\",\"target\":[\"https:\\\/\\\/capivari.sp.gov.br\\\/portal\\\/chaveamento-da-copa-pedro-irineu-e-grupos-do-campeonato-amador-de-futebol-1o-divisao-sao-definidos\\\/#respond\"]}]},{\"@type\":\"WebPage\",\"@id\":\"https:\\\/\\\/capivari.sp.gov.br\\\/portal\\\/chaveamento-da-copa-pedro-irineu-e-grupos-do-campeonato-amador-de-futebol-1o-divisao-sao-definidos\\\/\",\"url\":\"https:\\\/\\\/capivari.sp.gov.br\\\/portal\\\/chaveamento-da-copa-pedro-irineu-e-grupos-do-campeonato-amador-de-futebol-1o-divisao-sao-definidos\\\/\",\"name\":\"Chaveamento da Copa \u201cPedro Irineu\u201d e grupos do Campeonato Amador de Futebol 1\u00ba Divis\u00e3o s\u00e3o definidos - Prefeitura de Capivari\",\"isPartOf\":{\"@id\":\"https:\\\/\\\/capivari.sp.gov.br\\\/portal\\\/#website\"},\"primaryImageOfPage\":{\"@id\":\"https:\\\/\\\/capivari.sp.gov.br\\\/portal\\\/chaveamento-da-copa-pedro-irineu-e-grupos-do-campeonato-amador-de-futebol-1o-divisao-sao-definidos\\\/#primaryimage\"},\"image\":{\"@id\":\"https:\\\/\\\/capivari.sp.gov.br\\\/portal\\\/chaveamento-da-copa-pedro-irineu-e-grupos-do-campeonato-amador-de-futebol-1o-divisao-sao-definidos\\\/#primaryimage\"},\"thumbnailUrl\":\"https:\\\/\\\/capivari.sp.gov.br\\\/portal\\\/wp-content\\\/uploads\\\/2024\\\/02\\\/IMG_8981-scaled.jpg\",\"datePublished\":\"2024-02-28T13:39:46+00:00\",\"breadcrumb\":{\"@id\":\"https:\\\/\\\/capivari.sp.gov.br\\\/portal\\\/chaveamento-da-copa-pedro-irineu-e-grupos-do-campeonato-amador-de-futebol-1o-divisao-sao-definidos\\\/#breadcrumb\"},\"inLanguage\":\"pt-BR\",\"potentialAction\":[{\"@type\":\"ReadAction\",\"target\":[\"https:\\\/\\\/capivari.sp.gov.br\\\/portal\\\/chaveamento-da-copa-pedro-irineu-e-grupos-do-campeonato-amador-de-futebol-1o-divisao-sao-definidos\\\/\"]}]},{\"@type\":\"ImageObject\",\"inLanguage\":\"pt-BR\",\"@id\":\"https:\\\/\\\/capivari.sp.gov.br\\\/portal\\\/chaveamento-da-copa-pedro-irineu-e-grupos-do-campeonato-amador-de-futebol-1o-divisao-sao-definidos\\\/#primaryimage\",\"url\":\"https:\\\/\\\/capivari.sp.gov.br\\\/portal\\\/wp-content\\\/uploads\\\/2024\\\/02\\\/IMG_8981-scaled.jpg\",\"contentUrl\":\"https:\\\/\\\/capivari.sp.gov.br\\\/portal\\\/wp-content\\\/uploads\\\/2024\\\/02\\\/IMG_8981-scaled.jpg\",\"width\":2560,\"height\":1707},{\"@type\":\"BreadcrumbList\",\"@id\":\"https:\\\/\\\/capivari.sp.gov.br\\\/portal\\\/chaveamento-da-copa-pedro-irineu-e-grupos-do-campeonato-amador-de-futebol-1o-divisao-sao-definidos\\\/#breadcrumb\",\"itemListElement\":[{\"@type\":\"ListItem\",\"position\":1,\"name\":\"In\u00edcio\",\"item\":\"https:\\\/\\\/capivari.sp.gov.br\\\/portal\\\/\"},{\"@type\":\"ListItem\",\"position\":2,\"name\":\"Chaveamento da Copa \u201cPedro Irineu\u201d e grupos do Campeonato Amador de Futebol 1\u00ba Divis\u00e3o s\u00e3o definidos\"}]},{\"@type\":\"WebSite\",\"@id\":\"https:\\\/\\\/capivari.sp.gov.br\\\/portal\\\/#website\",\"url\":\"https:\\\/\\\/capivari.sp.gov.br\\\/portal\\\/\",\"name\":\"Prefeitura de Capivari\",\"description\":\"Prefeitura de Capivari\",\"publisher\":{\"@id\":\"https:\\\/\\\/capivari.sp.gov.br\\\/portal\\\/#organization\"},\"potentialAction\":[{\"@type\":\"SearchAction\",\"target\":{\"@type\":\"EntryPoint\",\"urlTemplate\":\"https:\\\/\\\/capivari.sp.gov.br\\\/portal\\\/?s={search_term_string}\"},\"query-input\":{\"@type\":\"PropertyValueSpecification\",\"valueRequired\":true,\"valueName\":\"search_term_string\"}}],\"inLanguage\":\"pt-BR\"},{\"@type\":\"Organization\",\"@id\":\"https:\\\/\\\/capivari.sp.gov.br\\\/portal\\\/#organization\",\"name\":\"Prefeitura de Capivari\",\"url\":\"https:\\\/\\\/capivari.sp.gov.br\\\/portal\\\/\",\"logo\":{\"@type\":\"ImageObject\",\"inLanguage\":\"pt-BR\",\"@id\":\"https:\\\/\\\/capivari.sp.gov.br\\\/portal\\\/#\\\/schema\\\/logo\\\/image\\\/\",\"url\":\"https:\\\/\\\/capivari.sp.gov.br\\\/portal\\\/wp-content\\\/uploads\\\/2021\\\/09\\\/logo-prefeitura-de-capivari.png\",\"contentUrl\":\"https:\\\/\\\/capivari.sp.gov.br\\\/portal\\\/wp-content\\\/uploads\\\/2021\\\/09\\\/logo-prefeitura-de-capivari.png\",\"width\":200,\"height\":147,\"caption\":\"Prefeitura de Capivari\"},\"image\":{\"@id\":\"https:\\\/\\\/capivari.sp.gov.br\\\/portal\\\/#\\\/schema\\\/logo\\\/image\\\/\"},\"sameAs\":[\"https:\\\/\\\/www.facebook.com\\\/PrefeituradeCapivari\\\/\",\"https:\\\/\\\/x.com\\\/PrefCapivari\",\"https:\\\/\\\/www.instagram.com\\\/prefeituracapivari\\\/\"]},{\"@type\":\"Person\",\"@id\":\"https:\\\/\\\/capivari.sp.gov.br\\\/portal\\\/#\\\/schema\\\/person\\\/98801614a91d449946b0687ae2db9f29\",\"name\":\"Thalles Cristiano\",\"image\":{\"@type\":\"ImageObject\",\"inLanguage\":\"pt-BR\",\"@id\":\"https:\\\/\\\/secure.gravatar.com\\\/avatar\\\/0d1b9a4bdcde99ab11a8cd27abdcd088993749b82c4355c0301135023dc52b3d?s=96&d=mm&r=g\",\"url\":\"https:\\\/\\\/secure.gravatar.com\\\/avatar\\\/0d1b9a4bdcde99ab11a8cd27abdcd088993749b82c4355c0301135023dc52b3d?s=96&d=mm&r=g\",\"contentUrl\":\"https:\\\/\\\/secure.gravatar.com\\\/avatar\\\/0d1b9a4bdcde99ab11a8cd27abdcd088993749b82c4355c0301135023dc52b3d?s=96&d=mm&r=g\",\"caption\":\"Thalles Cristiano\"},\"url\":\"https:\\\/\\\/capivari.sp.gov.br\\\/portal\\\/author\\\/thalles-cristiano\\\/\"}]}<\/script>\n<!-- \/ Yoast SEO plugin. -->","yoast_head_json":{"title":"Chaveamento da Copa \u201cPedro Irineu\u201d e grupos do Campeonato Amador de Futebol 1\u00ba Divis\u00e3o s\u00e3o definidos - Prefeitura de Capivari","robots":{"index":"index","follow":"follow","max-snippet":"max-snippet:-1","max-image-preview":"max-image-preview:large","max-video-preview":"max-video-preview:-1"},"canonical":"https:\/\/capivari.sp.gov.br\/portal\/chaveamento-da-copa-pedro-irineu-e-grupos-do-campeonato-amador-de-futebol-1o-divisao-sao-definidos\/","og_locale":"pt_BR","og_type":"article","og_title":"Chaveamento da Copa \u201cPedro Irineu\u201d e grupos do Campeonato Amador de Futebol 1\u00ba Divis\u00e3o s\u00e3o definidos - Prefeitura de Capivari","og_description":"Na noite da \u00faltima ter\u00e7a-feira, dia 27, aconteceu a edi\u00e7\u00e3o de 2024 do Congresso T\u00e9cnico dos torneios de futebol da Secretaria de Esportes, evento que apresentou oficialmente \u00e0 popula\u00e7\u00e3o as competi\u00e7\u00f5es que ser\u00e3o disputadas ao longo do ano, al\u00e9m de sortear os dois grupos do Campeonato Amador de Futebol 1\u00ba Divis\u00e3o e o chaveamento da [&hellip;]","og_url":"https:\/\/capivari.sp.gov.br\/portal\/chaveamento-da-copa-pedro-irineu-e-grupos-do-campeonato-amador-de-futebol-1o-divisao-sao-definidos\/","og_site_name":"Prefeitura de Capivari","article_publisher":"https:\/\/www.facebook.com\/PrefeituradeCapivari\/","article_published_time":"2024-02-28T13:39:46+00:00","og_image":[{"width":2560,"height":1707,"url":"https:\/\/capivari.sp.gov.br\/portal\/wp-content\/uploads\/2024\/02\/IMG_8981-scaled.jpg","type":"image\/jpeg"}],"author":"Thalles Cristiano","twitter_card":"summary_large_image","twitter_creator":"@PrefCapivari","twitter_site":"@PrefCapivari","twitter_misc":{"Escrito por":"Thalles Cristiano","Est. tempo de leitura":"3 minutos"},"schema":{"@context":"https:\/\/schema.org","@graph":[{"@type":"Article","@id":"https:\/\/capivari.sp.gov.br\/portal\/chaveamento-da-copa-pedro-irineu-e-grupos-do-campeonato-amador-de-futebol-1o-divisao-sao-definidos\/#article","isPartOf":{"@id":"https:\/\/capivari.sp.gov.br\/portal\/chaveamento-da-copa-pedro-irineu-e-grupos-do-campeonato-amador-de-futebol-1o-divisao-sao-definidos\/"},"author":{"name":"Thalles Cristiano","@id":"https:\/\/capivari.sp.gov.br\/portal\/#\/schema\/person\/98801614a91d449946b0687ae2db9f29"},"headline":"Chaveamento da Copa \u201cPedro Irineu\u201d e grupos do Campeonato Amador de Futebol 1\u00ba Divis\u00e3o s\u00e3o definidos","datePublished":"2024-02-28T13:39:46+00:00","mainEntityOfPage":{"@id":"https:\/\/capivari.sp.gov.br\/portal\/chaveamento-da-copa-pedro-irineu-e-grupos-do-campeonato-amador-de-futebol-1o-divisao-sao-definidos\/"},"wordCount":518,"commentCount":0,"publisher":{"@id":"https:\/\/capivari.sp.gov.br\/portal\/#organization"},"image":{"@id":"https:\/\/capivari.sp.gov.br\/portal\/chaveamento-da-copa-pedro-irineu-e-grupos-do-campeonato-amador-de-futebol-1o-divisao-sao-definidos\/#primaryimage"},"thumbnailUrl":"https:\/\/capivari.sp.gov.br\/portal\/wp-content\/uploads\/2024\/02\/IMG_8981-scaled.jpg","articleSection":["Destaque","Esporte","Geral"],"inLanguage":"pt-BR","potentialAction":[{"@type":"CommentAction","name":"Comment","target":["https:\/\/capivari.sp.gov.br\/portal\/chaveamento-da-copa-pedro-irineu-e-grupos-do-campeonato-amador-de-futebol-1o-divisao-sao-definidos\/#respond"]}]},{"@type":"WebPage","@id":"https:\/\/capivari.sp.gov.br\/portal\/chaveamento-da-copa-pedro-irineu-e-grupos-do-campeonato-amador-de-futebol-1o-divisao-sao-definidos\/","url":"https:\/\/capivari.sp.gov.br\/portal\/chaveamento-da-copa-pedro-irineu-e-grupos-do-campeonato-amador-de-futebol-1o-divisao-sao-definidos\/","name":"Chaveamento da Copa \u201cPedro Irineu\u201d e grupos do Campeonato Amador de Futebol 1\u00ba Divis\u00e3o s\u00e3o definidos - Prefeitura de Capivari","isPartOf":{"@id":"https:\/\/capivari.sp.gov.br\/portal\/#website"},"primaryImageOfPage":{"@id":"https:\/\/capivari.sp.gov.br\/portal\/chaveamento-da-copa-pedro-irineu-e-grupos-do-campeonato-amador-de-futebol-1o-divisao-sao-definidos\/#primaryimage"},"image":{"@id":"https:\/\/capivari.sp.gov.br\/portal\/chaveamento-da-copa-pedro-irineu-e-grupos-do-campeonato-amador-de-futebol-1o-divisao-sao-definidos\/#primaryimage"},"thumbnailUrl":"https:\/\/capivari.sp.gov.br\/portal\/wp-content\/uploads\/2024\/02\/IMG_8981-scaled.jpg","datePublished":"2024-02-28T13:39:46+00:00","breadcrumb":{"@id":"https:\/\/capivari.sp.gov.br\/portal\/chaveamento-da-copa-pedro-irineu-e-grupos-do-campeonato-amador-de-futebol-1o-divisao-sao-definidos\/#breadcrumb"},"inLanguage":"pt-BR","potentialAction":[{"@type":"ReadAction","target":["https:\/\/capivari.sp.gov.br\/portal\/chaveamento-da-copa-pedro-irineu-e-grupos-do-campeonato-amador-de-futebol-1o-divisao-sao-definidos\/"]}]},{"@type":"ImageObject","inLanguage":"pt-BR","@id":"https:\/\/capivari.sp.gov.br\/portal\/chaveamento-da-copa-pedro-irineu-e-grupos-do-campeonato-amador-de-futebol-1o-divisao-sao-definidos\/#primaryimage","url":"https:\/\/capivari.sp.gov.br\/portal\/wp-content\/uploads\/2024\/02\/IMG_8981-scaled.jpg","contentUrl":"https:\/\/capivari.sp.gov.br\/portal\/wp-content\/uploads\/2024\/02\/IMG_8981-scaled.jpg","width":2560,"height":1707},{"@type":"BreadcrumbList","@id":"https:\/\/capivari.sp.gov.br\/portal\/chaveamento-da-copa-pedro-irineu-e-grupos-do-campeonato-amador-de-futebol-1o-divisao-sao-definidos\/#breadcrumb","itemListElement":[{"@type":"ListItem","position":1,"name":"In\u00edcio","item":"https:\/\/capivari.sp.gov.br\/portal\/"},{"@type":"ListItem","position":2,"name":"Chaveamento da Copa \u201cPedro Irineu\u201d e grupos do Campeonato Amador de Futebol 1\u00ba Divis\u00e3o s\u00e3o definidos"}]},{"@type":"WebSite","@id":"https:\/\/capivari.sp.gov.br\/portal\/#website","url":"https:\/\/capivari.sp.gov.br\/portal\/","name":"Prefeitura de Capivari","description":"Prefeitura de Capivari","publisher":{"@id":"https:\/\/capivari.sp.gov.br\/portal\/#organization"},"potentialAction":[{"@type":"SearchAction","target":{"@type":"EntryPoint","urlTemplate":"https:\/\/capivari.sp.gov.br\/portal\/?s={search_term_string}"},"query-input":{"@type":"PropertyValueSpecification","valueRequired":true,"valueName":"search_term_string"}}],"inLanguage":"pt-BR"},{"@type":"Organization","@id":"https:\/\/capivari.sp.gov.br\/portal\/#organization","name":"Prefeitura de Capivari","url":"https:\/\/capivari.sp.gov.br\/portal\/","logo":{"@type":"ImageObject","inLanguage":"pt-BR","@id":"https:\/\/capivari.sp.gov.br\/portal\/#\/schema\/logo\/image\/","url":"https:\/\/capivari.sp.gov.br\/portal\/wp-content\/uploads\/2021\/09\/logo-prefeitura-de-capivari.png","contentUrl":"https:\/\/capivari.sp.gov.br\/portal\/wp-content\/uploads\/2021\/09\/logo-prefeitura-de-capivari.png","width":200,"height":147,"caption":"Prefeitura de Capivari"},"image":{"@id":"https:\/\/capivari.sp.gov.br\/portal\/#\/schema\/logo\/image\/"},"sameAs":["https:\/\/www.facebook.com\/PrefeituradeCapivari\/","https:\/\/x.com\/PrefCapivari","https:\/\/www.instagram.com\/prefeituracapivari\/"]},{"@type":"Person","@id":"https:\/\/capivari.sp.gov.br\/portal\/#\/schema\/person\/98801614a91d449946b0687ae2db9f29","name":"Thalles Cristiano","image":{"@type":"ImageObject","inLanguage":"pt-BR","@id":"https:\/\/secure.gravatar.com\/avatar\/0d1b9a4bdcde99ab11a8cd27abdcd088993749b82c4355c0301135023dc52b3d?s=96&d=mm&r=g","url":"https:\/\/secure.gravatar.com\/avatar\/0d1b9a4bdcde99ab11a8cd27abdcd088993749b82c4355c0301135023dc52b3d?s=96&d=mm&r=g","contentUrl":"https:\/\/secure.gravatar.com\/avatar\/0d1b9a4bdcde99ab11a8cd27abdcd088993749b82c4355c0301135023dc52b3d?s=96&d=mm&r=g","caption":"Thalles Cristiano"},"url":"https:\/\/capivari.sp.gov.br\/portal\/author\/thalles-cristiano\/"}]}},"_links":{"self":[{"href":"https:\/\/capivari.sp.gov.br\/portal\/wp-json\/wp\/v2\/posts\/16681","targetHints":{"allow":["GET"]}}],"collection":[{"href":"https:\/\/capivari.sp.gov.br\/portal\/wp-json\/wp\/v2\/posts"}],"about":[{"href":"https:\/\/capivari.sp.gov.br\/portal\/wp-json\/wp\/v2\/types\/post"}],"author":[{"embeddable":true,"href":"https:\/\/capivari.sp.gov.br\/portal\/wp-json\/wp\/v2\/users\/2"}],"replies":[{"embeddable":true,"href":"https:\/\/capivari.sp.gov.br\/portal\/wp-json\/wp\/v2\/comments?post=16681"}],"version-history":[{"count":1,"href":"https:\/\/capivari.sp.gov.br\/portal\/wp-json\/wp\/v2\/posts\/16681\/revisions"}],"predecessor-version":[{"id":16683,"href":"https:\/\/capivari.sp.gov.br\/portal\/wp-json\/wp\/v2\/posts\/16681\/revisions\/16683"}],"wp:featuredmedia":[{"embeddable":true,"href":"https:\/\/capivari.sp.gov.br\/portal\/wp-json\/wp\/v2\/media\/16682"}],"wp:attachment":[{"href":"https:\/\/capivari.sp.gov.br\/portal\/wp-json\/wp\/v2\/media?parent=16681"}],"wp:term":[{"taxonomy":"category","embeddable":true,"href":"https:\/\/capivari.sp.gov.br\/portal\/wp-json\/wp\/v2\/categories?post=16681"},{"taxonomy":"post_tag","embeddable":true,"href":"https:\/\/capivari.sp.gov.br\/portal\/wp-json\/wp\/v2\/tags?post=16681"}],"curies":[{"name":"wp","href":"https:\/\/api.w.org\/{rel}","templated":true}]}}