{"id":17020,"date":"2024-04-10T10:10:41","date_gmt":"2024-04-10T13:10:41","guid":{"rendered":"https:\/\/capivari.sp.gov.br\/portal\/?p=17020"},"modified":"2024-04-10T10:10:41","modified_gmt":"2024-04-10T13:10:41","slug":"prefeito-vitao-riccomini-acompanha-inicio-de-obras-de-revitalizacao-da-praca-john-kennedy-no-santo-antonio","status":"publish","type":"post","link":"https:\/\/capivari.sp.gov.br\/portal\/prefeito-vitao-riccomini-acompanha-inicio-de-obras-de-revitalizacao-da-praca-john-kennedy-no-santo-antonio\/","title":{"rendered":"Prefeito Vit\u00e3o Riccomini acompanha in\u00edcio de obras de revitaliza\u00e7\u00e3o da Pra\u00e7a John Kennedy no Santo Ant\u00f4nio"},"content":{"rendered":"<p><span style=\"font-family: Arial, sans-serif;\"><span style=\"font-size: medium;\">Teve in\u00edcio nesta segunda-feira, dia 8, as obras de revitaliza\u00e7\u00e3o da Pra\u00e7a John Fitzgerald Kennedy, no bairro Santo Ant\u00f4nio. A obra inclui a demoli\u00e7\u00e3o de passeio existente, nova pavimenta\u00e7\u00e3o em intertravado, assentamento de novas guias, plantio de grama e novos bancos e lixeiras, seguindo um padr\u00e3o de recupera\u00e7\u00e3o que j\u00e1 ocorreu em outros pontos do munic\u00edpio.<\/p>\n<p>\u201cTrata-se de um pedido antigo da popula\u00e7\u00e3o aqui da regi\u00e3o do Santo Ant\u00f4nio, que nos foi intermediada pelo trabalho do vereador Ruan Henrique. N\u00f3s apresentamos um projeto que agora est\u00e1 sendo colocado em pr\u00e1tica\u201d, destacou o prefeito Vit\u00e3o Riccomini, que esteve no local acompanhando de perto o in\u00edcio dos trabalhos.<\/p>\n<p>A revitaliza\u00e7\u00e3o da \u201cPra\u00e7a Kennedy\u201d, como \u00e9 mais conhecida, vem se juntar a uma s\u00e9rie de melhorias que a atual administra\u00e7\u00e3o est\u00e1 realizando em pra\u00e7as do munic\u00edpio. Em setembro do ano passado, a Pra\u00e7a do Bellini foi reformada, ganhando uma s\u00e9rie de novidades paisag\u00edsticas e de ilumina\u00e7\u00e3o. J\u00e1 em janeiro deste ano, foi a vez das pra\u00e7as Rodrigues de Abreu e Dr. Ces\u00e1rio Motta, no Centro, que receberam nova ilumina\u00e7\u00e3o, limpeza, paisagismo, melhoria dos banheiros, fontes, mudan\u00e7as no plat\u00f4 e muito mais.<br \/>\nJ\u00e1 em fevereiro, tiveram in\u00edcio a revitaliza\u00e7\u00e3o das Pra\u00e7as da Vila F\u00e1tima; e Ismael Sanches, no S\u00e3o Jo\u00e3o Batista.<\/p>\n<p>Para mais informa\u00e7\u00f5es, a SEPROJ atende pelo telefone (19) 3492-9303. Localizado na rua XV de Novembro, 639, no Centro &#8211; Pa\u00e7o Municipal, a Secretaria funciona de segunda a sexta-feira, das 8h30 \u00e0s 16h30.<\/p>\n<p>Prefeitura de Capivari. Transformando o presente, construindo o futuro.<\/span><\/span><\/p>\n","protected":false},"excerpt":{"rendered":"<p>Teve in\u00edcio nesta segunda-feira, dia 8, as obras de revitaliza\u00e7\u00e3o da Pra\u00e7a John Fitzgerald Kennedy, no bairro Santo Ant\u00f4nio. A obra inclui a demoli\u00e7\u00e3o de passeio existente, nova pavimenta\u00e7\u00e3o em intertravado, assentamento de novas guias, plantio de grama e novos bancos e lixeiras, seguindo um padr\u00e3o de recupera\u00e7\u00e3o que j\u00e1 ocorreu em outros pontos do [&hellip;]<\/p>\n","protected":false},"author":15,"featured_media":17021,"comment_status":"open","ping_status":"open","sticky":false,"template":"","format":"standard","meta":{"ocean_post_layout":"","ocean_both_sidebars_style":"","ocean_both_sidebars_content_width":0,"ocean_both_sidebars_sidebars_width":0,"ocean_sidebar":"","ocean_second_sidebar":"","ocean_disable_margins":"enable","ocean_add_body_class":"","ocean_shortcode_before_top_bar":"","ocean_shortcode_after_top_bar":"","ocean_shortcode_before_header":"","ocean_shortcode_after_header":"","ocean_has_shortcode":"","ocean_shortcode_after_title":"","ocean_shortcode_before_footer_widgets":"","ocean_shortcode_after_footer_widgets":"","ocean_shortcode_before_footer_bottom":"","ocean_shortcode_after_footer_bottom":"","ocean_display_top_bar":"default","ocean_display_header":"default","ocean_header_style":"","ocean_center_header_left_menu":"","ocean_custom_header_template":"","ocean_custom_logo":0,"ocean_custom_retina_logo":0,"ocean_custom_logo_max_width":0,"ocean_custom_logo_tablet_max_width":0,"ocean_custom_logo_mobile_max_width":0,"ocean_custom_logo_max_height":0,"ocean_custom_logo_tablet_max_height":0,"ocean_custom_logo_mobile_max_height":0,"ocean_header_custom_menu":"","ocean_menu_typo_font_family":"","ocean_menu_typo_font_subset":"","ocean_menu_typo_font_size":0,"ocean_menu_typo_font_size_tablet":0,"ocean_menu_typo_font_size_mobile":0,"ocean_menu_typo_font_size_unit":"px","ocean_menu_typo_font_weight":"","ocean_menu_typo_font_weight_tablet":"","ocean_menu_typo_font_weight_mobile":"","ocean_menu_typo_transform":"","ocean_menu_typo_transform_tablet":"","ocean_menu_typo_transform_mobile":"","ocean_menu_typo_line_height":0,"ocean_menu_typo_line_height_tablet":0,"ocean_menu_typo_line_height_mobile":0,"ocean_menu_typo_line_height_unit":"","ocean_menu_typo_spacing":0,"ocean_menu_typo_spacing_tablet":0,"ocean_menu_typo_spacing_mobile":0,"ocean_menu_typo_spacing_unit":"","ocean_menu_link_color":"","ocean_menu_link_color_hover":"","ocean_menu_link_color_active":"","ocean_menu_link_background":"","ocean_menu_link_hover_background":"","ocean_menu_link_active_background":"","ocean_menu_social_links_bg":"","ocean_menu_social_hover_links_bg":"","ocean_menu_social_links_color":"","ocean_menu_social_hover_links_color":"","ocean_disable_title":"default","ocean_disable_heading":"default","ocean_post_title":"","ocean_post_subheading":"","ocean_post_title_style":"","ocean_post_title_background_color":"","ocean_post_title_background":0,"ocean_post_title_bg_image_position":"","ocean_post_title_bg_image_attachment":"","ocean_post_title_bg_image_repeat":"","ocean_post_title_bg_image_size":"","ocean_post_title_height":0,"ocean_post_title_bg_overlay":0.5,"ocean_post_title_bg_overlay_color":"","ocean_disable_breadcrumbs":"default","ocean_breadcrumbs_color":"","ocean_breadcrumbs_separator_color":"","ocean_breadcrumbs_links_color":"","ocean_breadcrumbs_links_hover_color":"","ocean_display_footer_widgets":"default","ocean_display_footer_bottom":"default","ocean_custom_footer_template":"","ocean_post_oembed":"","ocean_post_self_hosted_media":"","ocean_post_video_embed":"","ocean_link_format":"","ocean_link_format_target":"self","ocean_quote_format":"","ocean_quote_format_link":"post","ocean_gallery_link_images":"on","ocean_gallery_id":[],"footnotes":""},"categories":[4,5,29],"tags":[],"class_list":["post-17020","post","type-post","status-publish","format-standard","has-post-thumbnail","hentry","category-destaque","category-geral","category-planejamento-e-urbanismo","entry","has-media"],"yoast_head":"<!-- This site is optimized with the Yoast SEO plugin v27.5 - https:\/\/yoast.com\/product\/yoast-seo-wordpress\/ -->\n<title>Prefeito Vit\u00e3o Riccomini acompanha in\u00edcio de obras de revitaliza\u00e7\u00e3o da Pra\u00e7a John Kennedy no Santo Ant\u00f4nio - Prefeitura de Capivari<\/title>\n<meta name=\"robots\" content=\"index, follow, max-snippet:-1, max-image-preview:large, max-video-preview:-1\" \/>\n<link rel=\"canonical\" href=\"https:\/\/capivari.sp.gov.br\/portal\/prefeito-vitao-riccomini-acompanha-inicio-de-obras-de-revitalizacao-da-praca-john-kennedy-no-santo-antonio\/\" \/>\n<meta property=\"og:locale\" content=\"pt_BR\" \/>\n<meta property=\"og:type\" content=\"article\" \/>\n<meta property=\"og:title\" content=\"Prefeito Vit\u00e3o Riccomini acompanha in\u00edcio de obras de revitaliza\u00e7\u00e3o da Pra\u00e7a John Kennedy no Santo Ant\u00f4nio - Prefeitura de Capivari\" \/>\n<meta property=\"og:description\" content=\"Teve in\u00edcio nesta segunda-feira, dia 8, as obras de revitaliza\u00e7\u00e3o da Pra\u00e7a John Fitzgerald Kennedy, no bairro Santo Ant\u00f4nio. A obra inclui a demoli\u00e7\u00e3o de passeio existente, nova pavimenta\u00e7\u00e3o em intertravado, assentamento de novas guias, plantio de grama e novos bancos e lixeiras, seguindo um padr\u00e3o de recupera\u00e7\u00e3o que j\u00e1 ocorreu em outros pontos do [&hellip;]\" \/>\n<meta property=\"og:url\" content=\"https:\/\/capivari.sp.gov.br\/portal\/prefeito-vitao-riccomini-acompanha-inicio-de-obras-de-revitalizacao-da-praca-john-kennedy-no-santo-antonio\/\" \/>\n<meta property=\"og:site_name\" content=\"Prefeitura de Capivari\" \/>\n<meta property=\"article:publisher\" content=\"https:\/\/www.facebook.com\/PrefeituradeCapivari\/\" \/>\n<meta property=\"article:published_time\" content=\"2024-04-10T13:10:41+00:00\" \/>\n<meta property=\"og:image\" content=\"https:\/\/capivari.sp.gov.br\/portal\/wp-content\/uploads\/2024\/04\/DJI_20240408114647_0015_D-scaled.jpg\" \/>\n\t<meta property=\"og:image:width\" content=\"2560\" \/>\n\t<meta property=\"og:image:height\" content=\"1920\" \/>\n\t<meta property=\"og:image:type\" content=\"image\/jpeg\" \/>\n<meta name=\"author\" content=\"Luciano Assis\" \/>\n<meta name=\"twitter:card\" content=\"summary_large_image\" \/>\n<meta name=\"twitter:creator\" content=\"@PrefCapivari\" \/>\n<meta name=\"twitter:site\" content=\"@PrefCapivari\" \/>\n<meta name=\"twitter:label1\" content=\"Escrito por\" \/>\n\t<meta name=\"twitter:data1\" content=\"Luciano Assis\" \/>\n\t<meta name=\"twitter:label2\" content=\"Est. tempo de leitura\" \/>\n\t<meta name=\"twitter:data2\" content=\"2 minutos\" \/>\n<script type=\"application\/ld+json\" class=\"yoast-schema-graph\">{\"@context\":\"https:\\\/\\\/schema.org\",\"@graph\":[{\"@type\":\"Article\",\"@id\":\"https:\\\/\\\/capivari.sp.gov.br\\\/portal\\\/prefeito-vitao-riccomini-acompanha-inicio-de-obras-de-revitalizacao-da-praca-john-kennedy-no-santo-antonio\\\/#article\",\"isPartOf\":{\"@id\":\"https:\\\/\\\/capivari.sp.gov.br\\\/portal\\\/prefeito-vitao-riccomini-acompanha-inicio-de-obras-de-revitalizacao-da-praca-john-kennedy-no-santo-antonio\\\/\"},\"author\":{\"name\":\"Luciano Assis\",\"@id\":\"https:\\\/\\\/capivari.sp.gov.br\\\/portal\\\/#\\\/schema\\\/person\\\/ac37113577adfc1517e0cfa854b830b4\"},\"headline\":\"Prefeito Vit\u00e3o Riccomini acompanha in\u00edcio de obras de revitaliza\u00e7\u00e3o da Pra\u00e7a John Kennedy no Santo Ant\u00f4nio\",\"datePublished\":\"2024-04-10T13:10:41+00:00\",\"mainEntityOfPage\":{\"@id\":\"https:\\\/\\\/capivari.sp.gov.br\\\/portal\\\/prefeito-vitao-riccomini-acompanha-inicio-de-obras-de-revitalizacao-da-praca-john-kennedy-no-santo-antonio\\\/\"},\"wordCount\":304,\"commentCount\":0,\"publisher\":{\"@id\":\"https:\\\/\\\/capivari.sp.gov.br\\\/portal\\\/#organization\"},\"image\":{\"@id\":\"https:\\\/\\\/capivari.sp.gov.br\\\/portal\\\/prefeito-vitao-riccomini-acompanha-inicio-de-obras-de-revitalizacao-da-praca-john-kennedy-no-santo-antonio\\\/#primaryimage\"},\"thumbnailUrl\":\"https:\\\/\\\/capivari.sp.gov.br\\\/portal\\\/wp-content\\\/uploads\\\/2024\\\/04\\\/DJI_20240408114647_0015_D-scaled.jpg\",\"articleSection\":[\"Destaque\",\"Geral\",\"Planejamento e Urbanismo\"],\"inLanguage\":\"pt-BR\",\"potentialAction\":[{\"@type\":\"CommentAction\",\"name\":\"Comment\",\"target\":[\"https:\\\/\\\/capivari.sp.gov.br\\\/portal\\\/prefeito-vitao-riccomini-acompanha-inicio-de-obras-de-revitalizacao-da-praca-john-kennedy-no-santo-antonio\\\/#respond\"]}]},{\"@type\":\"WebPage\",\"@id\":\"https:\\\/\\\/capivari.sp.gov.br\\\/portal\\\/prefeito-vitao-riccomini-acompanha-inicio-de-obras-de-revitalizacao-da-praca-john-kennedy-no-santo-antonio\\\/\",\"url\":\"https:\\\/\\\/capivari.sp.gov.br\\\/portal\\\/prefeito-vitao-riccomini-acompanha-inicio-de-obras-de-revitalizacao-da-praca-john-kennedy-no-santo-antonio\\\/\",\"name\":\"Prefeito Vit\u00e3o Riccomini acompanha in\u00edcio de obras de revitaliza\u00e7\u00e3o da Pra\u00e7a John Kennedy no Santo Ant\u00f4nio - Prefeitura de Capivari\",\"isPartOf\":{\"@id\":\"https:\\\/\\\/capivari.sp.gov.br\\\/portal\\\/#website\"},\"primaryImageOfPage\":{\"@id\":\"https:\\\/\\\/capivari.sp.gov.br\\\/portal\\\/prefeito-vitao-riccomini-acompanha-inicio-de-obras-de-revitalizacao-da-praca-john-kennedy-no-santo-antonio\\\/#primaryimage\"},\"image\":{\"@id\":\"https:\\\/\\\/capivari.sp.gov.br\\\/portal\\\/prefeito-vitao-riccomini-acompanha-inicio-de-obras-de-revitalizacao-da-praca-john-kennedy-no-santo-antonio\\\/#primaryimage\"},\"thumbnailUrl\":\"https:\\\/\\\/capivari.sp.gov.br\\\/portal\\\/wp-content\\\/uploads\\\/2024\\\/04\\\/DJI_20240408114647_0015_D-scaled.jpg\",\"datePublished\":\"2024-04-10T13:10:41+00:00\",\"breadcrumb\":{\"@id\":\"https:\\\/\\\/capivari.sp.gov.br\\\/portal\\\/prefeito-vitao-riccomini-acompanha-inicio-de-obras-de-revitalizacao-da-praca-john-kennedy-no-santo-antonio\\\/#breadcrumb\"},\"inLanguage\":\"pt-BR\",\"potentialAction\":[{\"@type\":\"ReadAction\",\"target\":[\"https:\\\/\\\/capivari.sp.gov.br\\\/portal\\\/prefeito-vitao-riccomini-acompanha-inicio-de-obras-de-revitalizacao-da-praca-john-kennedy-no-santo-antonio\\\/\"]}]},{\"@type\":\"ImageObject\",\"inLanguage\":\"pt-BR\",\"@id\":\"https:\\\/\\\/capivari.sp.gov.br\\\/portal\\\/prefeito-vitao-riccomini-acompanha-inicio-de-obras-de-revitalizacao-da-praca-john-kennedy-no-santo-antonio\\\/#primaryimage\",\"url\":\"https:\\\/\\\/capivari.sp.gov.br\\\/portal\\\/wp-content\\\/uploads\\\/2024\\\/04\\\/DJI_20240408114647_0015_D-scaled.jpg\",\"contentUrl\":\"https:\\\/\\\/capivari.sp.gov.br\\\/portal\\\/wp-content\\\/uploads\\\/2024\\\/04\\\/DJI_20240408114647_0015_D-scaled.jpg\",\"width\":2560,\"height\":1920,\"caption\":\"default\"},{\"@type\":\"BreadcrumbList\",\"@id\":\"https:\\\/\\\/capivari.sp.gov.br\\\/portal\\\/prefeito-vitao-riccomini-acompanha-inicio-de-obras-de-revitalizacao-da-praca-john-kennedy-no-santo-antonio\\\/#breadcrumb\",\"itemListElement\":[{\"@type\":\"ListItem\",\"position\":1,\"name\":\"In\u00edcio\",\"item\":\"https:\\\/\\\/capivari.sp.gov.br\\\/portal\\\/\"},{\"@type\":\"ListItem\",\"position\":2,\"name\":\"Prefeito Vit\u00e3o Riccomini acompanha in\u00edcio de obras de revitaliza\u00e7\u00e3o da Pra\u00e7a John Kennedy no Santo Ant\u00f4nio\"}]},{\"@type\":\"WebSite\",\"@id\":\"https:\\\/\\\/capivari.sp.gov.br\\\/portal\\\/#website\",\"url\":\"https:\\\/\\\/capivari.sp.gov.br\\\/portal\\\/\",\"name\":\"Prefeitura de Capivari\",\"description\":\"Prefeitura de Capivari\",\"publisher\":{\"@id\":\"https:\\\/\\\/capivari.sp.gov.br\\\/portal\\\/#organization\"},\"potentialAction\":[{\"@type\":\"SearchAction\",\"target\":{\"@type\":\"EntryPoint\",\"urlTemplate\":\"https:\\\/\\\/capivari.sp.gov.br\\\/portal\\\/?s={search_term_string}\"},\"query-input\":{\"@type\":\"PropertyValueSpecification\",\"valueRequired\":true,\"valueName\":\"search_term_string\"}}],\"inLanguage\":\"pt-BR\"},{\"@type\":\"Organization\",\"@id\":\"https:\\\/\\\/capivari.sp.gov.br\\\/portal\\\/#organization\",\"name\":\"Prefeitura de Capivari\",\"url\":\"https:\\\/\\\/capivari.sp.gov.br\\\/portal\\\/\",\"logo\":{\"@type\":\"ImageObject\",\"inLanguage\":\"pt-BR\",\"@id\":\"https:\\\/\\\/capivari.sp.gov.br\\\/portal\\\/#\\\/schema\\\/logo\\\/image\\\/\",\"url\":\"https:\\\/\\\/capivari.sp.gov.br\\\/portal\\\/wp-content\\\/uploads\\\/2021\\\/09\\\/logo-prefeitura-de-capivari.png\",\"contentUrl\":\"https:\\\/\\\/capivari.sp.gov.br\\\/portal\\\/wp-content\\\/uploads\\\/2021\\\/09\\\/logo-prefeitura-de-capivari.png\",\"width\":200,\"height\":147,\"caption\":\"Prefeitura de Capivari\"},\"image\":{\"@id\":\"https:\\\/\\\/capivari.sp.gov.br\\\/portal\\\/#\\\/schema\\\/logo\\\/image\\\/\"},\"sameAs\":[\"https:\\\/\\\/www.facebook.com\\\/PrefeituradeCapivari\\\/\",\"https:\\\/\\\/x.com\\\/PrefCapivari\",\"https:\\\/\\\/www.instagram.com\\\/prefeituracapivari\\\/\"]},{\"@type\":\"Person\",\"@id\":\"https:\\\/\\\/capivari.sp.gov.br\\\/portal\\\/#\\\/schema\\\/person\\\/ac37113577adfc1517e0cfa854b830b4\",\"name\":\"Luciano Assis\",\"image\":{\"@type\":\"ImageObject\",\"inLanguage\":\"pt-BR\",\"@id\":\"https:\\\/\\\/secure.gravatar.com\\\/avatar\\\/ec163f977a02ac195ce6085f5110a8c4c8c6cc357c134002f73b4664772e79a5?s=96&d=mm&r=g\",\"url\":\"https:\\\/\\\/secure.gravatar.com\\\/avatar\\\/ec163f977a02ac195ce6085f5110a8c4c8c6cc357c134002f73b4664772e79a5?s=96&d=mm&r=g\",\"contentUrl\":\"https:\\\/\\\/secure.gravatar.com\\\/avatar\\\/ec163f977a02ac195ce6085f5110a8c4c8c6cc357c134002f73b4664772e79a5?s=96&d=mm&r=g\",\"caption\":\"Luciano Assis\"},\"url\":\"https:\\\/\\\/capivari.sp.gov.br\\\/portal\\\/author\\\/luciano-assis\\\/\"}]}<\/script>\n<!-- \/ Yoast SEO plugin. -->","yoast_head_json":{"title":"Prefeito Vit\u00e3o Riccomini acompanha in\u00edcio de obras de revitaliza\u00e7\u00e3o da Pra\u00e7a John Kennedy no Santo Ant\u00f4nio - Prefeitura de Capivari","robots":{"index":"index","follow":"follow","max-snippet":"max-snippet:-1","max-image-preview":"max-image-preview:large","max-video-preview":"max-video-preview:-1"},"canonical":"https:\/\/capivari.sp.gov.br\/portal\/prefeito-vitao-riccomini-acompanha-inicio-de-obras-de-revitalizacao-da-praca-john-kennedy-no-santo-antonio\/","og_locale":"pt_BR","og_type":"article","og_title":"Prefeito Vit\u00e3o Riccomini acompanha in\u00edcio de obras de revitaliza\u00e7\u00e3o da Pra\u00e7a John Kennedy no Santo Ant\u00f4nio - Prefeitura de Capivari","og_description":"Teve in\u00edcio nesta segunda-feira, dia 8, as obras de revitaliza\u00e7\u00e3o da Pra\u00e7a John Fitzgerald Kennedy, no bairro Santo Ant\u00f4nio. A obra inclui a demoli\u00e7\u00e3o de passeio existente, nova pavimenta\u00e7\u00e3o em intertravado, assentamento de novas guias, plantio de grama e novos bancos e lixeiras, seguindo um padr\u00e3o de recupera\u00e7\u00e3o que j\u00e1 ocorreu em outros pontos do [&hellip;]","og_url":"https:\/\/capivari.sp.gov.br\/portal\/prefeito-vitao-riccomini-acompanha-inicio-de-obras-de-revitalizacao-da-praca-john-kennedy-no-santo-antonio\/","og_site_name":"Prefeitura de Capivari","article_publisher":"https:\/\/www.facebook.com\/PrefeituradeCapivari\/","article_published_time":"2024-04-10T13:10:41+00:00","og_image":[{"width":2560,"height":1920,"url":"https:\/\/capivari.sp.gov.br\/portal\/wp-content\/uploads\/2024\/04\/DJI_20240408114647_0015_D-scaled.jpg","type":"image\/jpeg"}],"author":"Luciano Assis","twitter_card":"summary_large_image","twitter_creator":"@PrefCapivari","twitter_site":"@PrefCapivari","twitter_misc":{"Escrito por":"Luciano Assis","Est. tempo de leitura":"2 minutos"},"schema":{"@context":"https:\/\/schema.org","@graph":[{"@type":"Article","@id":"https:\/\/capivari.sp.gov.br\/portal\/prefeito-vitao-riccomini-acompanha-inicio-de-obras-de-revitalizacao-da-praca-john-kennedy-no-santo-antonio\/#article","isPartOf":{"@id":"https:\/\/capivari.sp.gov.br\/portal\/prefeito-vitao-riccomini-acompanha-inicio-de-obras-de-revitalizacao-da-praca-john-kennedy-no-santo-antonio\/"},"author":{"name":"Luciano Assis","@id":"https:\/\/capivari.sp.gov.br\/portal\/#\/schema\/person\/ac37113577adfc1517e0cfa854b830b4"},"headline":"Prefeito Vit\u00e3o Riccomini acompanha in\u00edcio de obras de revitaliza\u00e7\u00e3o da Pra\u00e7a John Kennedy no Santo Ant\u00f4nio","datePublished":"2024-04-10T13:10:41+00:00","mainEntityOfPage":{"@id":"https:\/\/capivari.sp.gov.br\/portal\/prefeito-vitao-riccomini-acompanha-inicio-de-obras-de-revitalizacao-da-praca-john-kennedy-no-santo-antonio\/"},"wordCount":304,"commentCount":0,"publisher":{"@id":"https:\/\/capivari.sp.gov.br\/portal\/#organization"},"image":{"@id":"https:\/\/capivari.sp.gov.br\/portal\/prefeito-vitao-riccomini-acompanha-inicio-de-obras-de-revitalizacao-da-praca-john-kennedy-no-santo-antonio\/#primaryimage"},"thumbnailUrl":"https:\/\/capivari.sp.gov.br\/portal\/wp-content\/uploads\/2024\/04\/DJI_20240408114647_0015_D-scaled.jpg","articleSection":["Destaque","Geral","Planejamento e Urbanismo"],"inLanguage":"pt-BR","potentialAction":[{"@type":"CommentAction","name":"Comment","target":["https:\/\/capivari.sp.gov.br\/portal\/prefeito-vitao-riccomini-acompanha-inicio-de-obras-de-revitalizacao-da-praca-john-kennedy-no-santo-antonio\/#respond"]}]},{"@type":"WebPage","@id":"https:\/\/capivari.sp.gov.br\/portal\/prefeito-vitao-riccomini-acompanha-inicio-de-obras-de-revitalizacao-da-praca-john-kennedy-no-santo-antonio\/","url":"https:\/\/capivari.sp.gov.br\/portal\/prefeito-vitao-riccomini-acompanha-inicio-de-obras-de-revitalizacao-da-praca-john-kennedy-no-santo-antonio\/","name":"Prefeito Vit\u00e3o Riccomini acompanha in\u00edcio de obras de revitaliza\u00e7\u00e3o da Pra\u00e7a John Kennedy no Santo Ant\u00f4nio - Prefeitura de Capivari","isPartOf":{"@id":"https:\/\/capivari.sp.gov.br\/portal\/#website"},"primaryImageOfPage":{"@id":"https:\/\/capivari.sp.gov.br\/portal\/prefeito-vitao-riccomini-acompanha-inicio-de-obras-de-revitalizacao-da-praca-john-kennedy-no-santo-antonio\/#primaryimage"},"image":{"@id":"https:\/\/capivari.sp.gov.br\/portal\/prefeito-vitao-riccomini-acompanha-inicio-de-obras-de-revitalizacao-da-praca-john-kennedy-no-santo-antonio\/#primaryimage"},"thumbnailUrl":"https:\/\/capivari.sp.gov.br\/portal\/wp-content\/uploads\/2024\/04\/DJI_20240408114647_0015_D-scaled.jpg","datePublished":"2024-04-10T13:10:41+00:00","breadcrumb":{"@id":"https:\/\/capivari.sp.gov.br\/portal\/prefeito-vitao-riccomini-acompanha-inicio-de-obras-de-revitalizacao-da-praca-john-kennedy-no-santo-antonio\/#breadcrumb"},"inLanguage":"pt-BR","potentialAction":[{"@type":"ReadAction","target":["https:\/\/capivari.sp.gov.br\/portal\/prefeito-vitao-riccomini-acompanha-inicio-de-obras-de-revitalizacao-da-praca-john-kennedy-no-santo-antonio\/"]}]},{"@type":"ImageObject","inLanguage":"pt-BR","@id":"https:\/\/capivari.sp.gov.br\/portal\/prefeito-vitao-riccomini-acompanha-inicio-de-obras-de-revitalizacao-da-praca-john-kennedy-no-santo-antonio\/#primaryimage","url":"https:\/\/capivari.sp.gov.br\/portal\/wp-content\/uploads\/2024\/04\/DJI_20240408114647_0015_D-scaled.jpg","contentUrl":"https:\/\/capivari.sp.gov.br\/portal\/wp-content\/uploads\/2024\/04\/DJI_20240408114647_0015_D-scaled.jpg","width":2560,"height":1920,"caption":"default"},{"@type":"BreadcrumbList","@id":"https:\/\/capivari.sp.gov.br\/portal\/prefeito-vitao-riccomini-acompanha-inicio-de-obras-de-revitalizacao-da-praca-john-kennedy-no-santo-antonio\/#breadcrumb","itemListElement":[{"@type":"ListItem","position":1,"name":"In\u00edcio","item":"https:\/\/capivari.sp.gov.br\/portal\/"},{"@type":"ListItem","position":2,"name":"Prefeito Vit\u00e3o Riccomini acompanha in\u00edcio de obras de revitaliza\u00e7\u00e3o da Pra\u00e7a John Kennedy no Santo Ant\u00f4nio"}]},{"@type":"WebSite","@id":"https:\/\/capivari.sp.gov.br\/portal\/#website","url":"https:\/\/capivari.sp.gov.br\/portal\/","name":"Prefeitura de Capivari","description":"Prefeitura de Capivari","publisher":{"@id":"https:\/\/capivari.sp.gov.br\/portal\/#organization"},"potentialAction":[{"@type":"SearchAction","target":{"@type":"EntryPoint","urlTemplate":"https:\/\/capivari.sp.gov.br\/portal\/?s={search_term_string}"},"query-input":{"@type":"PropertyValueSpecification","valueRequired":true,"valueName":"search_term_string"}}],"inLanguage":"pt-BR"},{"@type":"Organization","@id":"https:\/\/capivari.sp.gov.br\/portal\/#organization","name":"Prefeitura de Capivari","url":"https:\/\/capivari.sp.gov.br\/portal\/","logo":{"@type":"ImageObject","inLanguage":"pt-BR","@id":"https:\/\/capivari.sp.gov.br\/portal\/#\/schema\/logo\/image\/","url":"https:\/\/capivari.sp.gov.br\/portal\/wp-content\/uploads\/2021\/09\/logo-prefeitura-de-capivari.png","contentUrl":"https:\/\/capivari.sp.gov.br\/portal\/wp-content\/uploads\/2021\/09\/logo-prefeitura-de-capivari.png","width":200,"height":147,"caption":"Prefeitura de Capivari"},"image":{"@id":"https:\/\/capivari.sp.gov.br\/portal\/#\/schema\/logo\/image\/"},"sameAs":["https:\/\/www.facebook.com\/PrefeituradeCapivari\/","https:\/\/x.com\/PrefCapivari","https:\/\/www.instagram.com\/prefeituracapivari\/"]},{"@type":"Person","@id":"https:\/\/capivari.sp.gov.br\/portal\/#\/schema\/person\/ac37113577adfc1517e0cfa854b830b4","name":"Luciano Assis","image":{"@type":"ImageObject","inLanguage":"pt-BR","@id":"https:\/\/secure.gravatar.com\/avatar\/ec163f977a02ac195ce6085f5110a8c4c8c6cc357c134002f73b4664772e79a5?s=96&d=mm&r=g","url":"https:\/\/secure.gravatar.com\/avatar\/ec163f977a02ac195ce6085f5110a8c4c8c6cc357c134002f73b4664772e79a5?s=96&d=mm&r=g","contentUrl":"https:\/\/secure.gravatar.com\/avatar\/ec163f977a02ac195ce6085f5110a8c4c8c6cc357c134002f73b4664772e79a5?s=96&d=mm&r=g","caption":"Luciano Assis"},"url":"https:\/\/capivari.sp.gov.br\/portal\/author\/luciano-assis\/"}]}},"_links":{"self":[{"href":"https:\/\/capivari.sp.gov.br\/portal\/wp-json\/wp\/v2\/posts\/17020","targetHints":{"allow":["GET"]}}],"collection":[{"href":"https:\/\/capivari.sp.gov.br\/portal\/wp-json\/wp\/v2\/posts"}],"about":[{"href":"https:\/\/capivari.sp.gov.br\/portal\/wp-json\/wp\/v2\/types\/post"}],"author":[{"embeddable":true,"href":"https:\/\/capivari.sp.gov.br\/portal\/wp-json\/wp\/v2\/users\/15"}],"replies":[{"embeddable":true,"href":"https:\/\/capivari.sp.gov.br\/portal\/wp-json\/wp\/v2\/comments?post=17020"}],"version-history":[{"count":1,"href":"https:\/\/capivari.sp.gov.br\/portal\/wp-json\/wp\/v2\/posts\/17020\/revisions"}],"predecessor-version":[{"id":17022,"href":"https:\/\/capivari.sp.gov.br\/portal\/wp-json\/wp\/v2\/posts\/17020\/revisions\/17022"}],"wp:featuredmedia":[{"embeddable":true,"href":"https:\/\/capivari.sp.gov.br\/portal\/wp-json\/wp\/v2\/media\/17021"}],"wp:attachment":[{"href":"https:\/\/capivari.sp.gov.br\/portal\/wp-json\/wp\/v2\/media?parent=17020"}],"wp:term":[{"taxonomy":"category","embeddable":true,"href":"https:\/\/capivari.sp.gov.br\/portal\/wp-json\/wp\/v2\/categories?post=17020"},{"taxonomy":"post_tag","embeddable":true,"href":"https:\/\/capivari.sp.gov.br\/portal\/wp-json\/wp\/v2\/tags?post=17020"}],"curies":[{"name":"wp","href":"https:\/\/api.w.org\/{rel}","templated":true}]}}