{"id":1706,"date":"2021-11-23T11:29:58","date_gmt":"2021-11-23T14:29:58","guid":{"rendered":"https:\/\/capivari.sp.gov.br\/portal\/?p=1706"},"modified":"2021-12-06T00:26:18","modified_gmt":"2021-12-06T03:26:18","slug":"cadastro-pcd-comecara-a-atender-pessoas-com-deficiencia-intelectual-sindrome-de-down-e-demais-sindromes","status":"publish","type":"post","link":"https:\/\/capivari.sp.gov.br\/portal\/cadastro-pcd-comecara-a-atender-pessoas-com-deficiencia-intelectual-sindrome-de-down-e-demais-sindromes\/","title":{"rendered":"Cadastro PCD come\u00e7ar\u00e1 a atender pessoas com Defici\u00eancia Intelectual, S\u00edndrome de Down e demais S\u00edndromes"},"content":{"rendered":"<p>A Secretaria dos Direitos da Pessoa com Defici\u00eancia e Mobilidade Reduzida come\u00e7ar\u00e1 na segunda-feira, dia 29, o cadastro das pessoas com Defici\u00eancia Intelectual, S\u00edndrome de Down e demais S\u00edndromes (Angelman, Prader-Willi, Edwards, Jacobs, Klinefelter, Turner, Triplo X, Rett, entre outras).<\/p>\n<p>O Cadastro PCD est\u00e1 sendo realizado desde outubro e seguindo o cronograma por defici\u00eancia. Atrav\u00e9s de contato telef\u00f4nico ou presencialmente na Secretaria, as pessoas com defici\u00eancia, cuidadores ou tutores legais, devem passar informa\u00e7\u00f5es como nome, RG, CPF, endere\u00e7o e telefone. Os dados coletados ser\u00e3o mantidos em sigilo e servir\u00e3o apenas para o levantamento de informa\u00e7\u00f5es sobre a popula\u00e7\u00e3o deficiente do munic\u00edpio.<\/p>\n<p>\u201cA popula\u00e7\u00e3o com defici\u00eancia deve entrar em contato conosco, pois esses dados s\u00e3o importantes para que possamos planejar novos rumos para 2022 e podermos ajudar essas pessoas. N\u00f3s conversamos com cada um individualmente e anotamos todas as necessidades, al\u00e9m dos dados pessoais. O engajamento da popula\u00e7\u00e3o tem sido pequeno, mas acreditamos que as pessoas t\u00eam receio de passar as informa\u00e7\u00f5es. Asseguramos que o sistema que utilizamos \u00e9 fechado e tamb\u00e9m seguro, os dados ficar\u00e3o bem guardados e ningu\u00e9m ser\u00e1 exposto\u201d, comentou Manuela Maschietto Gon\u00e7alves Albini, secret\u00e1ria dos Direitos da Pessoa com Defici\u00eancia e Mobilidade Reduzida.<\/p>\n<p>HOR\u00c1RIO DE ATENDIMENTO<br \/>\nO Cadastro PCD \u00e9 feito de segunda a sexta-feira, das 9h30 \u00e0s 11h30 e das 14h30 \u00e0s 16h30, atrav\u00e9s dos n\u00fameros (19) 3491-1314 e (19) 2146-1525 (WhatsApp).<\/p>\n","protected":false},"excerpt":{"rendered":"<p>A Secretaria dos Direitos da Pessoa com Defici\u00eancia e Mobilidade Reduzida come\u00e7ar\u00e1 na segunda-feira, dia 29, o cadastro das pessoas com Defici\u00eancia Intelectual, S\u00edndrome de Down e demais S\u00edndromes (Angelman, Prader-Willi, Edwards, Jacobs, Klinefelter, Turner, Triplo X, Rett, entre outras). O Cadastro PCD est\u00e1 sendo realizado desde outubro e seguindo o cronograma por defici\u00eancia. Atrav\u00e9s [&hellip;]<\/p>\n","protected":false},"author":8,"featured_media":1707,"comment_status":"open","ping_status":"open","sticky":false,"template":"","format":"standard","meta":{"ocean_post_layout":"","ocean_both_sidebars_style":"","ocean_both_sidebars_content_width":0,"ocean_both_sidebars_sidebars_width":0,"ocean_sidebar":"0","ocean_second_sidebar":"0","ocean_disable_margins":"enable","ocean_add_body_class":"","ocean_shortcode_before_top_bar":"","ocean_shortcode_after_top_bar":"","ocean_shortcode_before_header":"","ocean_shortcode_after_header":"","ocean_has_shortcode":"","ocean_shortcode_after_title":"","ocean_shortcode_before_footer_widgets":"","ocean_shortcode_after_footer_widgets":"","ocean_shortcode_before_footer_bottom":"","ocean_shortcode_after_footer_bottom":"","ocean_display_top_bar":"default","ocean_display_header":"default","ocean_header_style":"","ocean_center_header_left_menu":"0","ocean_custom_header_template":"0","ocean_custom_logo":0,"ocean_custom_retina_logo":0,"ocean_custom_logo_max_width":0,"ocean_custom_logo_tablet_max_width":0,"ocean_custom_logo_mobile_max_width":0,"ocean_custom_logo_max_height":0,"ocean_custom_logo_tablet_max_height":0,"ocean_custom_logo_mobile_max_height":0,"ocean_header_custom_menu":"0","ocean_menu_typo_font_family":"0","ocean_menu_typo_font_subset":"","ocean_menu_typo_font_size":0,"ocean_menu_typo_font_size_tablet":0,"ocean_menu_typo_font_size_mobile":0,"ocean_menu_typo_font_size_unit":"px","ocean_menu_typo_font_weight":"","ocean_menu_typo_font_weight_tablet":"","ocean_menu_typo_font_weight_mobile":"","ocean_menu_typo_transform":"","ocean_menu_typo_transform_tablet":"","ocean_menu_typo_transform_mobile":"","ocean_menu_typo_line_height":0,"ocean_menu_typo_line_height_tablet":0,"ocean_menu_typo_line_height_mobile":0,"ocean_menu_typo_line_height_unit":"","ocean_menu_typo_spacing":0,"ocean_menu_typo_spacing_tablet":0,"ocean_menu_typo_spacing_mobile":0,"ocean_menu_typo_spacing_unit":"","ocean_menu_link_color":"","ocean_menu_link_color_hover":"","ocean_menu_link_color_active":"","ocean_menu_link_background":"","ocean_menu_link_hover_background":"","ocean_menu_link_active_background":"","ocean_menu_social_links_bg":"","ocean_menu_social_hover_links_bg":"","ocean_menu_social_links_color":"","ocean_menu_social_hover_links_color":"","ocean_disable_title":"default","ocean_disable_heading":"default","ocean_post_title":"","ocean_post_subheading":"","ocean_post_title_style":"","ocean_post_title_background_color":"","ocean_post_title_background":0,"ocean_post_title_bg_image_position":"","ocean_post_title_bg_image_attachment":"","ocean_post_title_bg_image_repeat":"","ocean_post_title_bg_image_size":"","ocean_post_title_height":0,"ocean_post_title_bg_overlay":0.5,"ocean_post_title_bg_overlay_color":"","ocean_disable_breadcrumbs":"default","ocean_breadcrumbs_color":"","ocean_breadcrumbs_separator_color":"","ocean_breadcrumbs_links_color":"","ocean_breadcrumbs_links_hover_color":"","ocean_display_footer_widgets":"default","ocean_display_footer_bottom":"default","ocean_custom_footer_template":"0","ocean_post_oembed":"","ocean_post_self_hosted_media":"","ocean_post_video_embed":"","ocean_link_format":"","ocean_link_format_target":"self","ocean_quote_format":"","ocean_quote_format_link":"post","ocean_gallery_link_images":"off","ocean_gallery_id":[],"footnotes":""},"categories":[4,5,26],"tags":[],"class_list":["post-1706","post","type-post","status-publish","format-standard","has-post-thumbnail","hentry","category-destaque","category-geral","category-pessoa-com-deficiencia-da-cidadania-e-da-mulher","entry","has-media"],"yoast_head":"<!-- This site is optimized with the Yoast SEO plugin v27.5 - https:\/\/yoast.com\/product\/yoast-seo-wordpress\/ -->\n<title>Cadastro PCD come\u00e7ar\u00e1 a atender pessoas com Defici\u00eancia Intelectual, S\u00edndrome de Down e demais S\u00edndromes - Prefeitura de Capivari<\/title>\n<meta name=\"robots\" content=\"index, follow, max-snippet:-1, max-image-preview:large, max-video-preview:-1\" \/>\n<link rel=\"canonical\" href=\"https:\/\/capivari.sp.gov.br\/portal\/cadastro-pcd-comecara-a-atender-pessoas-com-deficiencia-intelectual-sindrome-de-down-e-demais-sindromes\/\" \/>\n<meta property=\"og:locale\" content=\"pt_BR\" \/>\n<meta property=\"og:type\" content=\"article\" \/>\n<meta property=\"og:title\" content=\"Cadastro PCD come\u00e7ar\u00e1 a atender pessoas com Defici\u00eancia Intelectual, S\u00edndrome de Down e demais S\u00edndromes - Prefeitura de Capivari\" \/>\n<meta property=\"og:description\" content=\"A Secretaria dos Direitos da Pessoa com Defici\u00eancia e Mobilidade Reduzida come\u00e7ar\u00e1 na segunda-feira, dia 29, o cadastro das pessoas com Defici\u00eancia Intelectual, S\u00edndrome de Down e demais S\u00edndromes (Angelman, Prader-Willi, Edwards, Jacobs, Klinefelter, Turner, Triplo X, Rett, entre outras). O Cadastro PCD est\u00e1 sendo realizado desde outubro e seguindo o cronograma por defici\u00eancia. Atrav\u00e9s [&hellip;]\" \/>\n<meta property=\"og:url\" content=\"https:\/\/capivari.sp.gov.br\/portal\/cadastro-pcd-comecara-a-atender-pessoas-com-deficiencia-intelectual-sindrome-de-down-e-demais-sindromes\/\" \/>\n<meta property=\"og:site_name\" content=\"Prefeitura de Capivari\" \/>\n<meta property=\"article:publisher\" content=\"https:\/\/www.facebook.com\/PrefeituradeCapivari\/\" \/>\n<meta property=\"article:published_time\" content=\"2021-11-23T14:29:58+00:00\" \/>\n<meta property=\"article:modified_time\" content=\"2021-12-06T03:26:18+00:00\" \/>\n<meta property=\"og:image\" content=\"https:\/\/capivari.sp.gov.br\/portal\/wp-content\/uploads\/2021\/12\/DJI_0395-1536x864-2.jpg\" \/>\n\t<meta property=\"og:image:width\" content=\"1536\" \/>\n\t<meta property=\"og:image:height\" content=\"864\" \/>\n\t<meta property=\"og:image:type\" content=\"image\/jpeg\" \/>\n<meta name=\"author\" content=\"Felipe\" \/>\n<meta name=\"twitter:card\" content=\"summary_large_image\" \/>\n<meta name=\"twitter:creator\" content=\"@PrefCapivari\" \/>\n<meta name=\"twitter:site\" content=\"@PrefCapivari\" \/>\n<meta name=\"twitter:label1\" content=\"Escrito por\" \/>\n\t<meta name=\"twitter:data1\" content=\"Felipe\" \/>\n\t<meta name=\"twitter:label2\" content=\"Est. tempo de leitura\" \/>\n\t<meta name=\"twitter:data2\" content=\"1 minuto\" \/>\n<script type=\"application\/ld+json\" class=\"yoast-schema-graph\">{\"@context\":\"https:\\\/\\\/schema.org\",\"@graph\":[{\"@type\":\"Article\",\"@id\":\"https:\\\/\\\/capivari.sp.gov.br\\\/portal\\\/cadastro-pcd-comecara-a-atender-pessoas-com-deficiencia-intelectual-sindrome-de-down-e-demais-sindromes\\\/#article\",\"isPartOf\":{\"@id\":\"https:\\\/\\\/capivari.sp.gov.br\\\/portal\\\/cadastro-pcd-comecara-a-atender-pessoas-com-deficiencia-intelectual-sindrome-de-down-e-demais-sindromes\\\/\"},\"author\":{\"name\":\"Felipe\",\"@id\":\"https:\\\/\\\/capivari.sp.gov.br\\\/portal\\\/#\\\/schema\\\/person\\\/3dd8a74ac13e765ad3dcd4bc5d1d3a10\"},\"headline\":\"Cadastro PCD come\u00e7ar\u00e1 a atender pessoas com Defici\u00eancia Intelectual, S\u00edndrome de Down e demais S\u00edndromes\",\"datePublished\":\"2021-11-23T14:29:58+00:00\",\"dateModified\":\"2021-12-06T03:26:18+00:00\",\"mainEntityOfPage\":{\"@id\":\"https:\\\/\\\/capivari.sp.gov.br\\\/portal\\\/cadastro-pcd-comecara-a-atender-pessoas-com-deficiencia-intelectual-sindrome-de-down-e-demais-sindromes\\\/\"},\"wordCount\":272,\"commentCount\":0,\"publisher\":{\"@id\":\"https:\\\/\\\/capivari.sp.gov.br\\\/portal\\\/#organization\"},\"image\":{\"@id\":\"https:\\\/\\\/capivari.sp.gov.br\\\/portal\\\/cadastro-pcd-comecara-a-atender-pessoas-com-deficiencia-intelectual-sindrome-de-down-e-demais-sindromes\\\/#primaryimage\"},\"thumbnailUrl\":\"https:\\\/\\\/capivari.sp.gov.br\\\/portal\\\/wp-content\\\/uploads\\\/2021\\\/12\\\/DJI_0395-1536x864-2.jpg\",\"articleSection\":[\"Destaque\",\"Geral\",\"Pessoa com Defici\u00eancia, da Cidadania e da Mulher\"],\"inLanguage\":\"pt-BR\",\"potentialAction\":[{\"@type\":\"CommentAction\",\"name\":\"Comment\",\"target\":[\"https:\\\/\\\/capivari.sp.gov.br\\\/portal\\\/cadastro-pcd-comecara-a-atender-pessoas-com-deficiencia-intelectual-sindrome-de-down-e-demais-sindromes\\\/#respond\"]}]},{\"@type\":\"WebPage\",\"@id\":\"https:\\\/\\\/capivari.sp.gov.br\\\/portal\\\/cadastro-pcd-comecara-a-atender-pessoas-com-deficiencia-intelectual-sindrome-de-down-e-demais-sindromes\\\/\",\"url\":\"https:\\\/\\\/capivari.sp.gov.br\\\/portal\\\/cadastro-pcd-comecara-a-atender-pessoas-com-deficiencia-intelectual-sindrome-de-down-e-demais-sindromes\\\/\",\"name\":\"Cadastro PCD come\u00e7ar\u00e1 a atender pessoas com Defici\u00eancia Intelectual, S\u00edndrome de Down e demais S\u00edndromes - Prefeitura de Capivari\",\"isPartOf\":{\"@id\":\"https:\\\/\\\/capivari.sp.gov.br\\\/portal\\\/#website\"},\"primaryImageOfPage\":{\"@id\":\"https:\\\/\\\/capivari.sp.gov.br\\\/portal\\\/cadastro-pcd-comecara-a-atender-pessoas-com-deficiencia-intelectual-sindrome-de-down-e-demais-sindromes\\\/#primaryimage\"},\"image\":{\"@id\":\"https:\\\/\\\/capivari.sp.gov.br\\\/portal\\\/cadastro-pcd-comecara-a-atender-pessoas-com-deficiencia-intelectual-sindrome-de-down-e-demais-sindromes\\\/#primaryimage\"},\"thumbnailUrl\":\"https:\\\/\\\/capivari.sp.gov.br\\\/portal\\\/wp-content\\\/uploads\\\/2021\\\/12\\\/DJI_0395-1536x864-2.jpg\",\"datePublished\":\"2021-11-23T14:29:58+00:00\",\"dateModified\":\"2021-12-06T03:26:18+00:00\",\"breadcrumb\":{\"@id\":\"https:\\\/\\\/capivari.sp.gov.br\\\/portal\\\/cadastro-pcd-comecara-a-atender-pessoas-com-deficiencia-intelectual-sindrome-de-down-e-demais-sindromes\\\/#breadcrumb\"},\"inLanguage\":\"pt-BR\",\"potentialAction\":[{\"@type\":\"ReadAction\",\"target\":[\"https:\\\/\\\/capivari.sp.gov.br\\\/portal\\\/cadastro-pcd-comecara-a-atender-pessoas-com-deficiencia-intelectual-sindrome-de-down-e-demais-sindromes\\\/\"]}]},{\"@type\":\"ImageObject\",\"inLanguage\":\"pt-BR\",\"@id\":\"https:\\\/\\\/capivari.sp.gov.br\\\/portal\\\/cadastro-pcd-comecara-a-atender-pessoas-com-deficiencia-intelectual-sindrome-de-down-e-demais-sindromes\\\/#primaryimage\",\"url\":\"https:\\\/\\\/capivari.sp.gov.br\\\/portal\\\/wp-content\\\/uploads\\\/2021\\\/12\\\/DJI_0395-1536x864-2.jpg\",\"contentUrl\":\"https:\\\/\\\/capivari.sp.gov.br\\\/portal\\\/wp-content\\\/uploads\\\/2021\\\/12\\\/DJI_0395-1536x864-2.jpg\",\"width\":1536,\"height\":864},{\"@type\":\"BreadcrumbList\",\"@id\":\"https:\\\/\\\/capivari.sp.gov.br\\\/portal\\\/cadastro-pcd-comecara-a-atender-pessoas-com-deficiencia-intelectual-sindrome-de-down-e-demais-sindromes\\\/#breadcrumb\",\"itemListElement\":[{\"@type\":\"ListItem\",\"position\":1,\"name\":\"In\u00edcio\",\"item\":\"https:\\\/\\\/capivari.sp.gov.br\\\/portal\\\/\"},{\"@type\":\"ListItem\",\"position\":2,\"name\":\"Cadastro PCD come\u00e7ar\u00e1 a atender pessoas com Defici\u00eancia Intelectual, S\u00edndrome de Down e demais S\u00edndromes\"}]},{\"@type\":\"WebSite\",\"@id\":\"https:\\\/\\\/capivari.sp.gov.br\\\/portal\\\/#website\",\"url\":\"https:\\\/\\\/capivari.sp.gov.br\\\/portal\\\/\",\"name\":\"Prefeitura de Capivari\",\"description\":\"Prefeitura de Capivari\",\"publisher\":{\"@id\":\"https:\\\/\\\/capivari.sp.gov.br\\\/portal\\\/#organization\"},\"potentialAction\":[{\"@type\":\"SearchAction\",\"target\":{\"@type\":\"EntryPoint\",\"urlTemplate\":\"https:\\\/\\\/capivari.sp.gov.br\\\/portal\\\/?s={search_term_string}\"},\"query-input\":{\"@type\":\"PropertyValueSpecification\",\"valueRequired\":true,\"valueName\":\"search_term_string\"}}],\"inLanguage\":\"pt-BR\"},{\"@type\":\"Organization\",\"@id\":\"https:\\\/\\\/capivari.sp.gov.br\\\/portal\\\/#organization\",\"name\":\"Prefeitura de Capivari\",\"url\":\"https:\\\/\\\/capivari.sp.gov.br\\\/portal\\\/\",\"logo\":{\"@type\":\"ImageObject\",\"inLanguage\":\"pt-BR\",\"@id\":\"https:\\\/\\\/capivari.sp.gov.br\\\/portal\\\/#\\\/schema\\\/logo\\\/image\\\/\",\"url\":\"https:\\\/\\\/capivari.sp.gov.br\\\/portal\\\/wp-content\\\/uploads\\\/2021\\\/09\\\/logo-prefeitura-de-capivari.png\",\"contentUrl\":\"https:\\\/\\\/capivari.sp.gov.br\\\/portal\\\/wp-content\\\/uploads\\\/2021\\\/09\\\/logo-prefeitura-de-capivari.png\",\"width\":200,\"height\":147,\"caption\":\"Prefeitura de Capivari\"},\"image\":{\"@id\":\"https:\\\/\\\/capivari.sp.gov.br\\\/portal\\\/#\\\/schema\\\/logo\\\/image\\\/\"},\"sameAs\":[\"https:\\\/\\\/www.facebook.com\\\/PrefeituradeCapivari\\\/\",\"https:\\\/\\\/x.com\\\/PrefCapivari\",\"https:\\\/\\\/www.instagram.com\\\/prefeituracapivari\\\/\"]},{\"@type\":\"Person\",\"@id\":\"https:\\\/\\\/capivari.sp.gov.br\\\/portal\\\/#\\\/schema\\\/person\\\/3dd8a74ac13e765ad3dcd4bc5d1d3a10\",\"name\":\"Felipe\",\"image\":{\"@type\":\"ImageObject\",\"inLanguage\":\"pt-BR\",\"@id\":\"https:\\\/\\\/secure.gravatar.com\\\/avatar\\\/11a19e184a2977f98f7a3b61c43ad74495b6e0b190821b83e1bec6a7a386dcf5?s=96&d=mm&r=g\",\"url\":\"https:\\\/\\\/secure.gravatar.com\\\/avatar\\\/11a19e184a2977f98f7a3b61c43ad74495b6e0b190821b83e1bec6a7a386dcf5?s=96&d=mm&r=g\",\"contentUrl\":\"https:\\\/\\\/secure.gravatar.com\\\/avatar\\\/11a19e184a2977f98f7a3b61c43ad74495b6e0b190821b83e1bec6a7a386dcf5?s=96&d=mm&r=g\",\"caption\":\"Felipe\"},\"url\":\"https:\\\/\\\/capivari.sp.gov.br\\\/portal\\\/author\\\/felipe\\\/\"}]}<\/script>\n<!-- \/ Yoast SEO plugin. -->","yoast_head_json":{"title":"Cadastro PCD come\u00e7ar\u00e1 a atender pessoas com Defici\u00eancia Intelectual, S\u00edndrome de Down e demais S\u00edndromes - Prefeitura de Capivari","robots":{"index":"index","follow":"follow","max-snippet":"max-snippet:-1","max-image-preview":"max-image-preview:large","max-video-preview":"max-video-preview:-1"},"canonical":"https:\/\/capivari.sp.gov.br\/portal\/cadastro-pcd-comecara-a-atender-pessoas-com-deficiencia-intelectual-sindrome-de-down-e-demais-sindromes\/","og_locale":"pt_BR","og_type":"article","og_title":"Cadastro PCD come\u00e7ar\u00e1 a atender pessoas com Defici\u00eancia Intelectual, S\u00edndrome de Down e demais S\u00edndromes - Prefeitura de Capivari","og_description":"A Secretaria dos Direitos da Pessoa com Defici\u00eancia e Mobilidade Reduzida come\u00e7ar\u00e1 na segunda-feira, dia 29, o cadastro das pessoas com Defici\u00eancia Intelectual, S\u00edndrome de Down e demais S\u00edndromes (Angelman, Prader-Willi, Edwards, Jacobs, Klinefelter, Turner, Triplo X, Rett, entre outras). O Cadastro PCD est\u00e1 sendo realizado desde outubro e seguindo o cronograma por defici\u00eancia. Atrav\u00e9s [&hellip;]","og_url":"https:\/\/capivari.sp.gov.br\/portal\/cadastro-pcd-comecara-a-atender-pessoas-com-deficiencia-intelectual-sindrome-de-down-e-demais-sindromes\/","og_site_name":"Prefeitura de Capivari","article_publisher":"https:\/\/www.facebook.com\/PrefeituradeCapivari\/","article_published_time":"2021-11-23T14:29:58+00:00","article_modified_time":"2021-12-06T03:26:18+00:00","og_image":[{"width":1536,"height":864,"url":"https:\/\/capivari.sp.gov.br\/portal\/wp-content\/uploads\/2021\/12\/DJI_0395-1536x864-2.jpg","type":"image\/jpeg"}],"author":"Felipe","twitter_card":"summary_large_image","twitter_creator":"@PrefCapivari","twitter_site":"@PrefCapivari","twitter_misc":{"Escrito por":"Felipe","Est. tempo de leitura":"1 minuto"},"schema":{"@context":"https:\/\/schema.org","@graph":[{"@type":"Article","@id":"https:\/\/capivari.sp.gov.br\/portal\/cadastro-pcd-comecara-a-atender-pessoas-com-deficiencia-intelectual-sindrome-de-down-e-demais-sindromes\/#article","isPartOf":{"@id":"https:\/\/capivari.sp.gov.br\/portal\/cadastro-pcd-comecara-a-atender-pessoas-com-deficiencia-intelectual-sindrome-de-down-e-demais-sindromes\/"},"author":{"name":"Felipe","@id":"https:\/\/capivari.sp.gov.br\/portal\/#\/schema\/person\/3dd8a74ac13e765ad3dcd4bc5d1d3a10"},"headline":"Cadastro PCD come\u00e7ar\u00e1 a atender pessoas com Defici\u00eancia Intelectual, S\u00edndrome de Down e demais S\u00edndromes","datePublished":"2021-11-23T14:29:58+00:00","dateModified":"2021-12-06T03:26:18+00:00","mainEntityOfPage":{"@id":"https:\/\/capivari.sp.gov.br\/portal\/cadastro-pcd-comecara-a-atender-pessoas-com-deficiencia-intelectual-sindrome-de-down-e-demais-sindromes\/"},"wordCount":272,"commentCount":0,"publisher":{"@id":"https:\/\/capivari.sp.gov.br\/portal\/#organization"},"image":{"@id":"https:\/\/capivari.sp.gov.br\/portal\/cadastro-pcd-comecara-a-atender-pessoas-com-deficiencia-intelectual-sindrome-de-down-e-demais-sindromes\/#primaryimage"},"thumbnailUrl":"https:\/\/capivari.sp.gov.br\/portal\/wp-content\/uploads\/2021\/12\/DJI_0395-1536x864-2.jpg","articleSection":["Destaque","Geral","Pessoa com Defici\u00eancia, da Cidadania e da Mulher"],"inLanguage":"pt-BR","potentialAction":[{"@type":"CommentAction","name":"Comment","target":["https:\/\/capivari.sp.gov.br\/portal\/cadastro-pcd-comecara-a-atender-pessoas-com-deficiencia-intelectual-sindrome-de-down-e-demais-sindromes\/#respond"]}]},{"@type":"WebPage","@id":"https:\/\/capivari.sp.gov.br\/portal\/cadastro-pcd-comecara-a-atender-pessoas-com-deficiencia-intelectual-sindrome-de-down-e-demais-sindromes\/","url":"https:\/\/capivari.sp.gov.br\/portal\/cadastro-pcd-comecara-a-atender-pessoas-com-deficiencia-intelectual-sindrome-de-down-e-demais-sindromes\/","name":"Cadastro PCD come\u00e7ar\u00e1 a atender pessoas com Defici\u00eancia Intelectual, S\u00edndrome de Down e demais S\u00edndromes - Prefeitura de Capivari","isPartOf":{"@id":"https:\/\/capivari.sp.gov.br\/portal\/#website"},"primaryImageOfPage":{"@id":"https:\/\/capivari.sp.gov.br\/portal\/cadastro-pcd-comecara-a-atender-pessoas-com-deficiencia-intelectual-sindrome-de-down-e-demais-sindromes\/#primaryimage"},"image":{"@id":"https:\/\/capivari.sp.gov.br\/portal\/cadastro-pcd-comecara-a-atender-pessoas-com-deficiencia-intelectual-sindrome-de-down-e-demais-sindromes\/#primaryimage"},"thumbnailUrl":"https:\/\/capivari.sp.gov.br\/portal\/wp-content\/uploads\/2021\/12\/DJI_0395-1536x864-2.jpg","datePublished":"2021-11-23T14:29:58+00:00","dateModified":"2021-12-06T03:26:18+00:00","breadcrumb":{"@id":"https:\/\/capivari.sp.gov.br\/portal\/cadastro-pcd-comecara-a-atender-pessoas-com-deficiencia-intelectual-sindrome-de-down-e-demais-sindromes\/#breadcrumb"},"inLanguage":"pt-BR","potentialAction":[{"@type":"ReadAction","target":["https:\/\/capivari.sp.gov.br\/portal\/cadastro-pcd-comecara-a-atender-pessoas-com-deficiencia-intelectual-sindrome-de-down-e-demais-sindromes\/"]}]},{"@type":"ImageObject","inLanguage":"pt-BR","@id":"https:\/\/capivari.sp.gov.br\/portal\/cadastro-pcd-comecara-a-atender-pessoas-com-deficiencia-intelectual-sindrome-de-down-e-demais-sindromes\/#primaryimage","url":"https:\/\/capivari.sp.gov.br\/portal\/wp-content\/uploads\/2021\/12\/DJI_0395-1536x864-2.jpg","contentUrl":"https:\/\/capivari.sp.gov.br\/portal\/wp-content\/uploads\/2021\/12\/DJI_0395-1536x864-2.jpg","width":1536,"height":864},{"@type":"BreadcrumbList","@id":"https:\/\/capivari.sp.gov.br\/portal\/cadastro-pcd-comecara-a-atender-pessoas-com-deficiencia-intelectual-sindrome-de-down-e-demais-sindromes\/#breadcrumb","itemListElement":[{"@type":"ListItem","position":1,"name":"In\u00edcio","item":"https:\/\/capivari.sp.gov.br\/portal\/"},{"@type":"ListItem","position":2,"name":"Cadastro PCD come\u00e7ar\u00e1 a atender pessoas com Defici\u00eancia Intelectual, S\u00edndrome de Down e demais S\u00edndromes"}]},{"@type":"WebSite","@id":"https:\/\/capivari.sp.gov.br\/portal\/#website","url":"https:\/\/capivari.sp.gov.br\/portal\/","name":"Prefeitura de Capivari","description":"Prefeitura de Capivari","publisher":{"@id":"https:\/\/capivari.sp.gov.br\/portal\/#organization"},"potentialAction":[{"@type":"SearchAction","target":{"@type":"EntryPoint","urlTemplate":"https:\/\/capivari.sp.gov.br\/portal\/?s={search_term_string}"},"query-input":{"@type":"PropertyValueSpecification","valueRequired":true,"valueName":"search_term_string"}}],"inLanguage":"pt-BR"},{"@type":"Organization","@id":"https:\/\/capivari.sp.gov.br\/portal\/#organization","name":"Prefeitura de Capivari","url":"https:\/\/capivari.sp.gov.br\/portal\/","logo":{"@type":"ImageObject","inLanguage":"pt-BR","@id":"https:\/\/capivari.sp.gov.br\/portal\/#\/schema\/logo\/image\/","url":"https:\/\/capivari.sp.gov.br\/portal\/wp-content\/uploads\/2021\/09\/logo-prefeitura-de-capivari.png","contentUrl":"https:\/\/capivari.sp.gov.br\/portal\/wp-content\/uploads\/2021\/09\/logo-prefeitura-de-capivari.png","width":200,"height":147,"caption":"Prefeitura de Capivari"},"image":{"@id":"https:\/\/capivari.sp.gov.br\/portal\/#\/schema\/logo\/image\/"},"sameAs":["https:\/\/www.facebook.com\/PrefeituradeCapivari\/","https:\/\/x.com\/PrefCapivari","https:\/\/www.instagram.com\/prefeituracapivari\/"]},{"@type":"Person","@id":"https:\/\/capivari.sp.gov.br\/portal\/#\/schema\/person\/3dd8a74ac13e765ad3dcd4bc5d1d3a10","name":"Felipe","image":{"@type":"ImageObject","inLanguage":"pt-BR","@id":"https:\/\/secure.gravatar.com\/avatar\/11a19e184a2977f98f7a3b61c43ad74495b6e0b190821b83e1bec6a7a386dcf5?s=96&d=mm&r=g","url":"https:\/\/secure.gravatar.com\/avatar\/11a19e184a2977f98f7a3b61c43ad74495b6e0b190821b83e1bec6a7a386dcf5?s=96&d=mm&r=g","contentUrl":"https:\/\/secure.gravatar.com\/avatar\/11a19e184a2977f98f7a3b61c43ad74495b6e0b190821b83e1bec6a7a386dcf5?s=96&d=mm&r=g","caption":"Felipe"},"url":"https:\/\/capivari.sp.gov.br\/portal\/author\/felipe\/"}]}},"_links":{"self":[{"href":"https:\/\/capivari.sp.gov.br\/portal\/wp-json\/wp\/v2\/posts\/1706","targetHints":{"allow":["GET"]}}],"collection":[{"href":"https:\/\/capivari.sp.gov.br\/portal\/wp-json\/wp\/v2\/posts"}],"about":[{"href":"https:\/\/capivari.sp.gov.br\/portal\/wp-json\/wp\/v2\/types\/post"}],"author":[{"embeddable":true,"href":"https:\/\/capivari.sp.gov.br\/portal\/wp-json\/wp\/v2\/users\/8"}],"replies":[{"embeddable":true,"href":"https:\/\/capivari.sp.gov.br\/portal\/wp-json\/wp\/v2\/comments?post=1706"}],"version-history":[{"count":1,"href":"https:\/\/capivari.sp.gov.br\/portal\/wp-json\/wp\/v2\/posts\/1706\/revisions"}],"predecessor-version":[{"id":1708,"href":"https:\/\/capivari.sp.gov.br\/portal\/wp-json\/wp\/v2\/posts\/1706\/revisions\/1708"}],"wp:featuredmedia":[{"embeddable":true,"href":"https:\/\/capivari.sp.gov.br\/portal\/wp-json\/wp\/v2\/media\/1707"}],"wp:attachment":[{"href":"https:\/\/capivari.sp.gov.br\/portal\/wp-json\/wp\/v2\/media?parent=1706"}],"wp:term":[{"taxonomy":"category","embeddable":true,"href":"https:\/\/capivari.sp.gov.br\/portal\/wp-json\/wp\/v2\/categories?post=1706"},{"taxonomy":"post_tag","embeddable":true,"href":"https:\/\/capivari.sp.gov.br\/portal\/wp-json\/wp\/v2\/tags?post=1706"}],"curies":[{"name":"wp","href":"https:\/\/api.w.org\/{rel}","templated":true}]}}