{"id":1721,"date":"2021-12-06T09:43:37","date_gmt":"2021-12-06T12:43:37","guid":{"rendered":"https:\/\/capivari.sp.gov.br\/portal\/?p=1721"},"modified":"2021-12-06T09:43:37","modified_gmt":"2021-12-06T12:43:37","slug":"profissionais-da-saude-passam-por-capacitacao-na-manha-desta-sexta-feira-dia-03","status":"publish","type":"post","link":"https:\/\/capivari.sp.gov.br\/portal\/profissionais-da-saude-passam-por-capacitacao-na-manha-desta-sexta-feira-dia-03\/","title":{"rendered":"Profissionais da Sa\u00fade passam por capacita\u00e7\u00e3o na manh\u00e3 desta sexta-feira, dia 03"},"content":{"rendered":"<p>Na manh\u00e3 desta sexta-feira, dia 03, 28 servidores da Secretaria de Sa\u00fade passaram por uma capacita\u00e7\u00e3o voltada \u00e0 atendentes e telefonistas, no audit\u00f3rio do SIAM. O curso foi dividido em duas turmas, totalizando 56 funcion\u00e1rios, que ser\u00e3o realizados em dias diferentes, para que as unidades de Sa\u00fade n\u00e3o tenham preju\u00edzo em seus atendimentos, durante as atividades di\u00e1rias.<\/p>\n<p>A segunda turma far\u00e1 o mesmo curso no pr\u00f3ximo dia 10, onde v\u00e3o explorar assuntos tais como humaniza\u00e7\u00e3o e sa\u00fade, tipos de clientes, marketing pessoal, comunica\u00e7\u00e3o verbal e n\u00e3o verbal e gerenciamento de estresse e preocupa\u00e7\u00f5es. A empresa respons\u00e1vel pela capacita\u00e7\u00e3o \u00e9 a \u00caxito Desenvolvimento Humano e Organizacional.<\/p>\n<p>A capacita\u00e7\u00e3o respeitos os protocolos contra a Covid-19, onde todos os participantes estavam usando m\u00e1scara, al\u00e9m de \u00e1lcool em gel disponibilizado para higieniza\u00e7\u00e3o cont\u00ednua. Um momento promove a valoriza\u00e7\u00e3o e traz motiva\u00e7\u00e3o extra aos profissionais da Sa\u00fade.<\/p>\n","protected":false},"excerpt":{"rendered":"<p>Na manh\u00e3 desta sexta-feira, dia 03, 28 servidores da Secretaria de Sa\u00fade passaram por uma capacita\u00e7\u00e3o voltada \u00e0 atendentes e telefonistas, no audit\u00f3rio do SIAM. O curso foi dividido em duas turmas, totalizando 56 funcion\u00e1rios, que ser\u00e3o realizados em dias diferentes, para que as unidades de Sa\u00fade n\u00e3o tenham preju\u00edzo em seus atendimentos, durante as [&hellip;]<\/p>\n","protected":false},"author":8,"featured_media":1722,"comment_status":"open","ping_status":"open","sticky":false,"template":"","format":"standard","meta":{"ocean_post_layout":"","ocean_both_sidebars_style":"","ocean_both_sidebars_content_width":0,"ocean_both_sidebars_sidebars_width":0,"ocean_sidebar":"0","ocean_second_sidebar":"0","ocean_disable_margins":"enable","ocean_add_body_class":"","ocean_shortcode_before_top_bar":"","ocean_shortcode_after_top_bar":"","ocean_shortcode_before_header":"","ocean_shortcode_after_header":"","ocean_has_shortcode":"","ocean_shortcode_after_title":"","ocean_shortcode_before_footer_widgets":"","ocean_shortcode_after_footer_widgets":"","ocean_shortcode_before_footer_bottom":"","ocean_shortcode_after_footer_bottom":"","ocean_display_top_bar":"default","ocean_display_header":"default","ocean_header_style":"","ocean_center_header_left_menu":"0","ocean_custom_header_template":"0","ocean_custom_logo":0,"ocean_custom_retina_logo":0,"ocean_custom_logo_max_width":0,"ocean_custom_logo_tablet_max_width":0,"ocean_custom_logo_mobile_max_width":0,"ocean_custom_logo_max_height":0,"ocean_custom_logo_tablet_max_height":0,"ocean_custom_logo_mobile_max_height":0,"ocean_header_custom_menu":"0","ocean_menu_typo_font_family":"0","ocean_menu_typo_font_subset":"","ocean_menu_typo_font_size":0,"ocean_menu_typo_font_size_tablet":0,"ocean_menu_typo_font_size_mobile":0,"ocean_menu_typo_font_size_unit":"px","ocean_menu_typo_font_weight":"","ocean_menu_typo_font_weight_tablet":"","ocean_menu_typo_font_weight_mobile":"","ocean_menu_typo_transform":"","ocean_menu_typo_transform_tablet":"","ocean_menu_typo_transform_mobile":"","ocean_menu_typo_line_height":0,"ocean_menu_typo_line_height_tablet":0,"ocean_menu_typo_line_height_mobile":0,"ocean_menu_typo_line_height_unit":"","ocean_menu_typo_spacing":0,"ocean_menu_typo_spacing_tablet":0,"ocean_menu_typo_spacing_mobile":0,"ocean_menu_typo_spacing_unit":"","ocean_menu_link_color":"","ocean_menu_link_color_hover":"","ocean_menu_link_color_active":"","ocean_menu_link_background":"","ocean_menu_link_hover_background":"","ocean_menu_link_active_background":"","ocean_menu_social_links_bg":"","ocean_menu_social_hover_links_bg":"","ocean_menu_social_links_color":"","ocean_menu_social_hover_links_color":"","ocean_disable_title":"default","ocean_disable_heading":"default","ocean_post_title":"","ocean_post_subheading":"","ocean_post_title_style":"","ocean_post_title_background_color":"","ocean_post_title_background":0,"ocean_post_title_bg_image_position":"","ocean_post_title_bg_image_attachment":"","ocean_post_title_bg_image_repeat":"","ocean_post_title_bg_image_size":"","ocean_post_title_height":0,"ocean_post_title_bg_overlay":0.5,"ocean_post_title_bg_overlay_color":"","ocean_disable_breadcrumbs":"default","ocean_breadcrumbs_color":"","ocean_breadcrumbs_separator_color":"","ocean_breadcrumbs_links_color":"","ocean_breadcrumbs_links_hover_color":"","ocean_display_footer_widgets":"default","ocean_display_footer_bottom":"default","ocean_custom_footer_template":"0","ocean_post_oembed":"","ocean_post_self_hosted_media":"","ocean_post_video_embed":"","ocean_link_format":"","ocean_link_format_target":"self","ocean_quote_format":"","ocean_quote_format_link":"post","ocean_gallery_link_images":"off","ocean_gallery_id":[],"footnotes":""},"categories":[4,5,31],"tags":[],"class_list":["post-1721","post","type-post","status-publish","format-standard","has-post-thumbnail","hentry","category-destaque","category-geral","category-saude","entry","has-media"],"yoast_head":"<!-- This site is optimized with the Yoast SEO plugin v27.5 - https:\/\/yoast.com\/product\/yoast-seo-wordpress\/ -->\n<title>Profissionais da Sa\u00fade passam por capacita\u00e7\u00e3o na manh\u00e3 desta sexta-feira, dia 03 - Prefeitura de Capivari<\/title>\n<meta name=\"robots\" content=\"index, follow, max-snippet:-1, max-image-preview:large, max-video-preview:-1\" \/>\n<link rel=\"canonical\" href=\"https:\/\/capivari.sp.gov.br\/portal\/profissionais-da-saude-passam-por-capacitacao-na-manha-desta-sexta-feira-dia-03\/\" \/>\n<meta property=\"og:locale\" content=\"pt_BR\" \/>\n<meta property=\"og:type\" content=\"article\" \/>\n<meta property=\"og:title\" content=\"Profissionais da Sa\u00fade passam por capacita\u00e7\u00e3o na manh\u00e3 desta sexta-feira, dia 03 - Prefeitura de Capivari\" \/>\n<meta property=\"og:description\" content=\"Na manh\u00e3 desta sexta-feira, dia 03, 28 servidores da Secretaria de Sa\u00fade passaram por uma capacita\u00e7\u00e3o voltada \u00e0 atendentes e telefonistas, no audit\u00f3rio do SIAM. O curso foi dividido em duas turmas, totalizando 56 funcion\u00e1rios, que ser\u00e3o realizados em dias diferentes, para que as unidades de Sa\u00fade n\u00e3o tenham preju\u00edzo em seus atendimentos, durante as [&hellip;]\" \/>\n<meta property=\"og:url\" content=\"https:\/\/capivari.sp.gov.br\/portal\/profissionais-da-saude-passam-por-capacitacao-na-manha-desta-sexta-feira-dia-03\/\" \/>\n<meta property=\"og:site_name\" content=\"Prefeitura de Capivari\" \/>\n<meta property=\"article:publisher\" content=\"https:\/\/www.facebook.com\/PrefeituradeCapivari\/\" \/>\n<meta property=\"article:published_time\" content=\"2021-12-06T12:43:37+00:00\" \/>\n<meta property=\"og:image\" content=\"https:\/\/capivari.sp.gov.br\/portal\/wp-content\/uploads\/2021\/12\/Profissionais-da-Saude-passam-por-capacitacao-na-manha-desta-sexta-feira-dia-03.jpg\" \/>\n\t<meta property=\"og:image:width\" content=\"800\" \/>\n\t<meta property=\"og:image:height\" content=\"445\" \/>\n\t<meta property=\"og:image:type\" content=\"image\/jpeg\" \/>\n<meta name=\"author\" content=\"Felipe\" \/>\n<meta name=\"twitter:card\" content=\"summary_large_image\" \/>\n<meta name=\"twitter:creator\" content=\"@PrefCapivari\" \/>\n<meta name=\"twitter:site\" content=\"@PrefCapivari\" \/>\n<meta name=\"twitter:label1\" content=\"Escrito por\" \/>\n\t<meta name=\"twitter:data1\" content=\"Felipe\" \/>\n\t<meta name=\"twitter:label2\" content=\"Est. tempo de leitura\" \/>\n\t<meta name=\"twitter:data2\" content=\"1 minuto\" \/>\n<script type=\"application\/ld+json\" class=\"yoast-schema-graph\">{\"@context\":\"https:\\\/\\\/schema.org\",\"@graph\":[{\"@type\":\"Article\",\"@id\":\"https:\\\/\\\/capivari.sp.gov.br\\\/portal\\\/profissionais-da-saude-passam-por-capacitacao-na-manha-desta-sexta-feira-dia-03\\\/#article\",\"isPartOf\":{\"@id\":\"https:\\\/\\\/capivari.sp.gov.br\\\/portal\\\/profissionais-da-saude-passam-por-capacitacao-na-manha-desta-sexta-feira-dia-03\\\/\"},\"author\":{\"name\":\"Felipe\",\"@id\":\"https:\\\/\\\/capivari.sp.gov.br\\\/portal\\\/#\\\/schema\\\/person\\\/3dd8a74ac13e765ad3dcd4bc5d1d3a10\"},\"headline\":\"Profissionais da Sa\u00fade passam por capacita\u00e7\u00e3o na manh\u00e3 desta sexta-feira, dia 03\",\"datePublished\":\"2021-12-06T12:43:37+00:00\",\"mainEntityOfPage\":{\"@id\":\"https:\\\/\\\/capivari.sp.gov.br\\\/portal\\\/profissionais-da-saude-passam-por-capacitacao-na-manha-desta-sexta-feira-dia-03\\\/\"},\"wordCount\":175,\"commentCount\":0,\"publisher\":{\"@id\":\"https:\\\/\\\/capivari.sp.gov.br\\\/portal\\\/#organization\"},\"image\":{\"@id\":\"https:\\\/\\\/capivari.sp.gov.br\\\/portal\\\/profissionais-da-saude-passam-por-capacitacao-na-manha-desta-sexta-feira-dia-03\\\/#primaryimage\"},\"thumbnailUrl\":\"https:\\\/\\\/capivari.sp.gov.br\\\/portal\\\/wp-content\\\/uploads\\\/2021\\\/12\\\/Profissionais-da-Saude-passam-por-capacitacao-na-manha-desta-sexta-feira-dia-03.jpg\",\"articleSection\":[\"Destaque\",\"Geral\",\"Sa\u00fade\"],\"inLanguage\":\"pt-BR\",\"potentialAction\":[{\"@type\":\"CommentAction\",\"name\":\"Comment\",\"target\":[\"https:\\\/\\\/capivari.sp.gov.br\\\/portal\\\/profissionais-da-saude-passam-por-capacitacao-na-manha-desta-sexta-feira-dia-03\\\/#respond\"]}]},{\"@type\":\"WebPage\",\"@id\":\"https:\\\/\\\/capivari.sp.gov.br\\\/portal\\\/profissionais-da-saude-passam-por-capacitacao-na-manha-desta-sexta-feira-dia-03\\\/\",\"url\":\"https:\\\/\\\/capivari.sp.gov.br\\\/portal\\\/profissionais-da-saude-passam-por-capacitacao-na-manha-desta-sexta-feira-dia-03\\\/\",\"name\":\"Profissionais da Sa\u00fade passam por capacita\u00e7\u00e3o na manh\u00e3 desta sexta-feira, dia 03 - Prefeitura de Capivari\",\"isPartOf\":{\"@id\":\"https:\\\/\\\/capivari.sp.gov.br\\\/portal\\\/#website\"},\"primaryImageOfPage\":{\"@id\":\"https:\\\/\\\/capivari.sp.gov.br\\\/portal\\\/profissionais-da-saude-passam-por-capacitacao-na-manha-desta-sexta-feira-dia-03\\\/#primaryimage\"},\"image\":{\"@id\":\"https:\\\/\\\/capivari.sp.gov.br\\\/portal\\\/profissionais-da-saude-passam-por-capacitacao-na-manha-desta-sexta-feira-dia-03\\\/#primaryimage\"},\"thumbnailUrl\":\"https:\\\/\\\/capivari.sp.gov.br\\\/portal\\\/wp-content\\\/uploads\\\/2021\\\/12\\\/Profissionais-da-Saude-passam-por-capacitacao-na-manha-desta-sexta-feira-dia-03.jpg\",\"datePublished\":\"2021-12-06T12:43:37+00:00\",\"breadcrumb\":{\"@id\":\"https:\\\/\\\/capivari.sp.gov.br\\\/portal\\\/profissionais-da-saude-passam-por-capacitacao-na-manha-desta-sexta-feira-dia-03\\\/#breadcrumb\"},\"inLanguage\":\"pt-BR\",\"potentialAction\":[{\"@type\":\"ReadAction\",\"target\":[\"https:\\\/\\\/capivari.sp.gov.br\\\/portal\\\/profissionais-da-saude-passam-por-capacitacao-na-manha-desta-sexta-feira-dia-03\\\/\"]}]},{\"@type\":\"ImageObject\",\"inLanguage\":\"pt-BR\",\"@id\":\"https:\\\/\\\/capivari.sp.gov.br\\\/portal\\\/profissionais-da-saude-passam-por-capacitacao-na-manha-desta-sexta-feira-dia-03\\\/#primaryimage\",\"url\":\"https:\\\/\\\/capivari.sp.gov.br\\\/portal\\\/wp-content\\\/uploads\\\/2021\\\/12\\\/Profissionais-da-Saude-passam-por-capacitacao-na-manha-desta-sexta-feira-dia-03.jpg\",\"contentUrl\":\"https:\\\/\\\/capivari.sp.gov.br\\\/portal\\\/wp-content\\\/uploads\\\/2021\\\/12\\\/Profissionais-da-Saude-passam-por-capacitacao-na-manha-desta-sexta-feira-dia-03.jpg\",\"width\":800,\"height\":445},{\"@type\":\"BreadcrumbList\",\"@id\":\"https:\\\/\\\/capivari.sp.gov.br\\\/portal\\\/profissionais-da-saude-passam-por-capacitacao-na-manha-desta-sexta-feira-dia-03\\\/#breadcrumb\",\"itemListElement\":[{\"@type\":\"ListItem\",\"position\":1,\"name\":\"In\u00edcio\",\"item\":\"https:\\\/\\\/capivari.sp.gov.br\\\/portal\\\/\"},{\"@type\":\"ListItem\",\"position\":2,\"name\":\"Profissionais da Sa\u00fade passam por capacita\u00e7\u00e3o na manh\u00e3 desta sexta-feira, dia 03\"}]},{\"@type\":\"WebSite\",\"@id\":\"https:\\\/\\\/capivari.sp.gov.br\\\/portal\\\/#website\",\"url\":\"https:\\\/\\\/capivari.sp.gov.br\\\/portal\\\/\",\"name\":\"Prefeitura de Capivari\",\"description\":\"Prefeitura de Capivari\",\"publisher\":{\"@id\":\"https:\\\/\\\/capivari.sp.gov.br\\\/portal\\\/#organization\"},\"potentialAction\":[{\"@type\":\"SearchAction\",\"target\":{\"@type\":\"EntryPoint\",\"urlTemplate\":\"https:\\\/\\\/capivari.sp.gov.br\\\/portal\\\/?s={search_term_string}\"},\"query-input\":{\"@type\":\"PropertyValueSpecification\",\"valueRequired\":true,\"valueName\":\"search_term_string\"}}],\"inLanguage\":\"pt-BR\"},{\"@type\":\"Organization\",\"@id\":\"https:\\\/\\\/capivari.sp.gov.br\\\/portal\\\/#organization\",\"name\":\"Prefeitura de Capivari\",\"url\":\"https:\\\/\\\/capivari.sp.gov.br\\\/portal\\\/\",\"logo\":{\"@type\":\"ImageObject\",\"inLanguage\":\"pt-BR\",\"@id\":\"https:\\\/\\\/capivari.sp.gov.br\\\/portal\\\/#\\\/schema\\\/logo\\\/image\\\/\",\"url\":\"https:\\\/\\\/capivari.sp.gov.br\\\/portal\\\/wp-content\\\/uploads\\\/2021\\\/09\\\/logo-prefeitura-de-capivari.png\",\"contentUrl\":\"https:\\\/\\\/capivari.sp.gov.br\\\/portal\\\/wp-content\\\/uploads\\\/2021\\\/09\\\/logo-prefeitura-de-capivari.png\",\"width\":200,\"height\":147,\"caption\":\"Prefeitura de Capivari\"},\"image\":{\"@id\":\"https:\\\/\\\/capivari.sp.gov.br\\\/portal\\\/#\\\/schema\\\/logo\\\/image\\\/\"},\"sameAs\":[\"https:\\\/\\\/www.facebook.com\\\/PrefeituradeCapivari\\\/\",\"https:\\\/\\\/x.com\\\/PrefCapivari\",\"https:\\\/\\\/www.instagram.com\\\/prefeituracapivari\\\/\"]},{\"@type\":\"Person\",\"@id\":\"https:\\\/\\\/capivari.sp.gov.br\\\/portal\\\/#\\\/schema\\\/person\\\/3dd8a74ac13e765ad3dcd4bc5d1d3a10\",\"name\":\"Felipe\",\"image\":{\"@type\":\"ImageObject\",\"inLanguage\":\"pt-BR\",\"@id\":\"https:\\\/\\\/secure.gravatar.com\\\/avatar\\\/11a19e184a2977f98f7a3b61c43ad74495b6e0b190821b83e1bec6a7a386dcf5?s=96&d=mm&r=g\",\"url\":\"https:\\\/\\\/secure.gravatar.com\\\/avatar\\\/11a19e184a2977f98f7a3b61c43ad74495b6e0b190821b83e1bec6a7a386dcf5?s=96&d=mm&r=g\",\"contentUrl\":\"https:\\\/\\\/secure.gravatar.com\\\/avatar\\\/11a19e184a2977f98f7a3b61c43ad74495b6e0b190821b83e1bec6a7a386dcf5?s=96&d=mm&r=g\",\"caption\":\"Felipe\"},\"url\":\"https:\\\/\\\/capivari.sp.gov.br\\\/portal\\\/author\\\/felipe\\\/\"}]}<\/script>\n<!-- \/ Yoast SEO plugin. -->","yoast_head_json":{"title":"Profissionais da Sa\u00fade passam por capacita\u00e7\u00e3o na manh\u00e3 desta sexta-feira, dia 03 - Prefeitura de Capivari","robots":{"index":"index","follow":"follow","max-snippet":"max-snippet:-1","max-image-preview":"max-image-preview:large","max-video-preview":"max-video-preview:-1"},"canonical":"https:\/\/capivari.sp.gov.br\/portal\/profissionais-da-saude-passam-por-capacitacao-na-manha-desta-sexta-feira-dia-03\/","og_locale":"pt_BR","og_type":"article","og_title":"Profissionais da Sa\u00fade passam por capacita\u00e7\u00e3o na manh\u00e3 desta sexta-feira, dia 03 - Prefeitura de Capivari","og_description":"Na manh\u00e3 desta sexta-feira, dia 03, 28 servidores da Secretaria de Sa\u00fade passaram por uma capacita\u00e7\u00e3o voltada \u00e0 atendentes e telefonistas, no audit\u00f3rio do SIAM. O curso foi dividido em duas turmas, totalizando 56 funcion\u00e1rios, que ser\u00e3o realizados em dias diferentes, para que as unidades de Sa\u00fade n\u00e3o tenham preju\u00edzo em seus atendimentos, durante as [&hellip;]","og_url":"https:\/\/capivari.sp.gov.br\/portal\/profissionais-da-saude-passam-por-capacitacao-na-manha-desta-sexta-feira-dia-03\/","og_site_name":"Prefeitura de Capivari","article_publisher":"https:\/\/www.facebook.com\/PrefeituradeCapivari\/","article_published_time":"2021-12-06T12:43:37+00:00","og_image":[{"width":800,"height":445,"url":"https:\/\/capivari.sp.gov.br\/portal\/wp-content\/uploads\/2021\/12\/Profissionais-da-Saude-passam-por-capacitacao-na-manha-desta-sexta-feira-dia-03.jpg","type":"image\/jpeg"}],"author":"Felipe","twitter_card":"summary_large_image","twitter_creator":"@PrefCapivari","twitter_site":"@PrefCapivari","twitter_misc":{"Escrito por":"Felipe","Est. tempo de leitura":"1 minuto"},"schema":{"@context":"https:\/\/schema.org","@graph":[{"@type":"Article","@id":"https:\/\/capivari.sp.gov.br\/portal\/profissionais-da-saude-passam-por-capacitacao-na-manha-desta-sexta-feira-dia-03\/#article","isPartOf":{"@id":"https:\/\/capivari.sp.gov.br\/portal\/profissionais-da-saude-passam-por-capacitacao-na-manha-desta-sexta-feira-dia-03\/"},"author":{"name":"Felipe","@id":"https:\/\/capivari.sp.gov.br\/portal\/#\/schema\/person\/3dd8a74ac13e765ad3dcd4bc5d1d3a10"},"headline":"Profissionais da Sa\u00fade passam por capacita\u00e7\u00e3o na manh\u00e3 desta sexta-feira, dia 03","datePublished":"2021-12-06T12:43:37+00:00","mainEntityOfPage":{"@id":"https:\/\/capivari.sp.gov.br\/portal\/profissionais-da-saude-passam-por-capacitacao-na-manha-desta-sexta-feira-dia-03\/"},"wordCount":175,"commentCount":0,"publisher":{"@id":"https:\/\/capivari.sp.gov.br\/portal\/#organization"},"image":{"@id":"https:\/\/capivari.sp.gov.br\/portal\/profissionais-da-saude-passam-por-capacitacao-na-manha-desta-sexta-feira-dia-03\/#primaryimage"},"thumbnailUrl":"https:\/\/capivari.sp.gov.br\/portal\/wp-content\/uploads\/2021\/12\/Profissionais-da-Saude-passam-por-capacitacao-na-manha-desta-sexta-feira-dia-03.jpg","articleSection":["Destaque","Geral","Sa\u00fade"],"inLanguage":"pt-BR","potentialAction":[{"@type":"CommentAction","name":"Comment","target":["https:\/\/capivari.sp.gov.br\/portal\/profissionais-da-saude-passam-por-capacitacao-na-manha-desta-sexta-feira-dia-03\/#respond"]}]},{"@type":"WebPage","@id":"https:\/\/capivari.sp.gov.br\/portal\/profissionais-da-saude-passam-por-capacitacao-na-manha-desta-sexta-feira-dia-03\/","url":"https:\/\/capivari.sp.gov.br\/portal\/profissionais-da-saude-passam-por-capacitacao-na-manha-desta-sexta-feira-dia-03\/","name":"Profissionais da Sa\u00fade passam por capacita\u00e7\u00e3o na manh\u00e3 desta sexta-feira, dia 03 - Prefeitura de Capivari","isPartOf":{"@id":"https:\/\/capivari.sp.gov.br\/portal\/#website"},"primaryImageOfPage":{"@id":"https:\/\/capivari.sp.gov.br\/portal\/profissionais-da-saude-passam-por-capacitacao-na-manha-desta-sexta-feira-dia-03\/#primaryimage"},"image":{"@id":"https:\/\/capivari.sp.gov.br\/portal\/profissionais-da-saude-passam-por-capacitacao-na-manha-desta-sexta-feira-dia-03\/#primaryimage"},"thumbnailUrl":"https:\/\/capivari.sp.gov.br\/portal\/wp-content\/uploads\/2021\/12\/Profissionais-da-Saude-passam-por-capacitacao-na-manha-desta-sexta-feira-dia-03.jpg","datePublished":"2021-12-06T12:43:37+00:00","breadcrumb":{"@id":"https:\/\/capivari.sp.gov.br\/portal\/profissionais-da-saude-passam-por-capacitacao-na-manha-desta-sexta-feira-dia-03\/#breadcrumb"},"inLanguage":"pt-BR","potentialAction":[{"@type":"ReadAction","target":["https:\/\/capivari.sp.gov.br\/portal\/profissionais-da-saude-passam-por-capacitacao-na-manha-desta-sexta-feira-dia-03\/"]}]},{"@type":"ImageObject","inLanguage":"pt-BR","@id":"https:\/\/capivari.sp.gov.br\/portal\/profissionais-da-saude-passam-por-capacitacao-na-manha-desta-sexta-feira-dia-03\/#primaryimage","url":"https:\/\/capivari.sp.gov.br\/portal\/wp-content\/uploads\/2021\/12\/Profissionais-da-Saude-passam-por-capacitacao-na-manha-desta-sexta-feira-dia-03.jpg","contentUrl":"https:\/\/capivari.sp.gov.br\/portal\/wp-content\/uploads\/2021\/12\/Profissionais-da-Saude-passam-por-capacitacao-na-manha-desta-sexta-feira-dia-03.jpg","width":800,"height":445},{"@type":"BreadcrumbList","@id":"https:\/\/capivari.sp.gov.br\/portal\/profissionais-da-saude-passam-por-capacitacao-na-manha-desta-sexta-feira-dia-03\/#breadcrumb","itemListElement":[{"@type":"ListItem","position":1,"name":"In\u00edcio","item":"https:\/\/capivari.sp.gov.br\/portal\/"},{"@type":"ListItem","position":2,"name":"Profissionais da Sa\u00fade passam por capacita\u00e7\u00e3o na manh\u00e3 desta sexta-feira, dia 03"}]},{"@type":"WebSite","@id":"https:\/\/capivari.sp.gov.br\/portal\/#website","url":"https:\/\/capivari.sp.gov.br\/portal\/","name":"Prefeitura de Capivari","description":"Prefeitura de Capivari","publisher":{"@id":"https:\/\/capivari.sp.gov.br\/portal\/#organization"},"potentialAction":[{"@type":"SearchAction","target":{"@type":"EntryPoint","urlTemplate":"https:\/\/capivari.sp.gov.br\/portal\/?s={search_term_string}"},"query-input":{"@type":"PropertyValueSpecification","valueRequired":true,"valueName":"search_term_string"}}],"inLanguage":"pt-BR"},{"@type":"Organization","@id":"https:\/\/capivari.sp.gov.br\/portal\/#organization","name":"Prefeitura de Capivari","url":"https:\/\/capivari.sp.gov.br\/portal\/","logo":{"@type":"ImageObject","inLanguage":"pt-BR","@id":"https:\/\/capivari.sp.gov.br\/portal\/#\/schema\/logo\/image\/","url":"https:\/\/capivari.sp.gov.br\/portal\/wp-content\/uploads\/2021\/09\/logo-prefeitura-de-capivari.png","contentUrl":"https:\/\/capivari.sp.gov.br\/portal\/wp-content\/uploads\/2021\/09\/logo-prefeitura-de-capivari.png","width":200,"height":147,"caption":"Prefeitura de Capivari"},"image":{"@id":"https:\/\/capivari.sp.gov.br\/portal\/#\/schema\/logo\/image\/"},"sameAs":["https:\/\/www.facebook.com\/PrefeituradeCapivari\/","https:\/\/x.com\/PrefCapivari","https:\/\/www.instagram.com\/prefeituracapivari\/"]},{"@type":"Person","@id":"https:\/\/capivari.sp.gov.br\/portal\/#\/schema\/person\/3dd8a74ac13e765ad3dcd4bc5d1d3a10","name":"Felipe","image":{"@type":"ImageObject","inLanguage":"pt-BR","@id":"https:\/\/secure.gravatar.com\/avatar\/11a19e184a2977f98f7a3b61c43ad74495b6e0b190821b83e1bec6a7a386dcf5?s=96&d=mm&r=g","url":"https:\/\/secure.gravatar.com\/avatar\/11a19e184a2977f98f7a3b61c43ad74495b6e0b190821b83e1bec6a7a386dcf5?s=96&d=mm&r=g","contentUrl":"https:\/\/secure.gravatar.com\/avatar\/11a19e184a2977f98f7a3b61c43ad74495b6e0b190821b83e1bec6a7a386dcf5?s=96&d=mm&r=g","caption":"Felipe"},"url":"https:\/\/capivari.sp.gov.br\/portal\/author\/felipe\/"}]}},"_links":{"self":[{"href":"https:\/\/capivari.sp.gov.br\/portal\/wp-json\/wp\/v2\/posts\/1721","targetHints":{"allow":["GET"]}}],"collection":[{"href":"https:\/\/capivari.sp.gov.br\/portal\/wp-json\/wp\/v2\/posts"}],"about":[{"href":"https:\/\/capivari.sp.gov.br\/portal\/wp-json\/wp\/v2\/types\/post"}],"author":[{"embeddable":true,"href":"https:\/\/capivari.sp.gov.br\/portal\/wp-json\/wp\/v2\/users\/8"}],"replies":[{"embeddable":true,"href":"https:\/\/capivari.sp.gov.br\/portal\/wp-json\/wp\/v2\/comments?post=1721"}],"version-history":[{"count":1,"href":"https:\/\/capivari.sp.gov.br\/portal\/wp-json\/wp\/v2\/posts\/1721\/revisions"}],"predecessor-version":[{"id":1723,"href":"https:\/\/capivari.sp.gov.br\/portal\/wp-json\/wp\/v2\/posts\/1721\/revisions\/1723"}],"wp:featuredmedia":[{"embeddable":true,"href":"https:\/\/capivari.sp.gov.br\/portal\/wp-json\/wp\/v2\/media\/1722"}],"wp:attachment":[{"href":"https:\/\/capivari.sp.gov.br\/portal\/wp-json\/wp\/v2\/media?parent=1721"}],"wp:term":[{"taxonomy":"category","embeddable":true,"href":"https:\/\/capivari.sp.gov.br\/portal\/wp-json\/wp\/v2\/categories?post=1721"},{"taxonomy":"post_tag","embeddable":true,"href":"https:\/\/capivari.sp.gov.br\/portal\/wp-json\/wp\/v2\/tags?post=1721"}],"curies":[{"name":"wp","href":"https:\/\/api.w.org\/{rel}","templated":true}]}}