{"id":17269,"date":"2024-05-09T08:31:25","date_gmt":"2024-05-09T11:31:25","guid":{"rendered":"https:\/\/capivari.sp.gov.br\/portal\/?p=17269"},"modified":"2024-05-09T08:31:25","modified_gmt":"2024-05-09T11:31:25","slug":"alunos-da-rede-municipal-de-ensino-comecam-a-receber-certificados-do-programa-bombeiro-nas-escolas","status":"publish","type":"post","link":"https:\/\/capivari.sp.gov.br\/portal\/alunos-da-rede-municipal-de-ensino-comecam-a-receber-certificados-do-programa-bombeiro-nas-escolas\/","title":{"rendered":"Alunos da Rede Municipal de Ensino come\u00e7am a receber certificados do Programa \u201cBombeiro nas Escolas\u201d"},"content":{"rendered":"<p><span style=\"font-family: Arial, sans-serif;\"><span style=\"font-size: large;\"><span style=\"color: #000000;\">Os alunos da Rede Municipal de Ensino, que participaram do Programa \u201cBombeiro nas Escolas\u201d, come\u00e7aram a receber seus certificados de formatura pelas m\u00e3os dos cabos e soldados do Corpo de Bombeiro de Capivari <\/span><span style=\"color: #000000;\">nesta quarta-feira, dia 7.<\/span><span style=\"color: #000000;\"><\/p>\n<p>No total, alunos de <\/span><span style=\"color: #000000;\">12 <\/span><span style=\"color: #000000;\">escolas do munic\u00edpio passaram pelas aulas, que est\u00e3o ocorrendo nas institui\u00e7\u00f5es de ensino desde o m\u00eas de abril, focada em alunos dos 5\u00ba anos, com idades entre 10 e 11 anos. Durante os dois encontros que compreendem o curso, s\u00e3o ensinadas no\u00e7\u00f5es de preven\u00e7\u00e3o de inc\u00eandio, a\u00e7\u00f5es contra acidentes dom\u00e9sticos e como se portar se precisar empreender fuga de ambientes em chamas.<\/p>\n<p>Criado em 2018, o \u201cBombeiro nas Escolas\u201d tem como objetivo o desenvolvimento da educa\u00e7\u00e3o preventiva, criando uma mentalidade prevencionista, a fim de contribuir para a redu\u00e7\u00e3o dos inc\u00eandios e acidentes em geral, seja em casa ou no ambiente escolar. Em Capivari, o curso est\u00e1 sendo implantado pela <\/span><span style=\"color: #000000;\">segunda <\/span><span style=\"color: #000000;\">vez, <\/span><span style=\"color: #000000;\">sendo sua estreia em 2023<\/span><span style=\"color: #000000;\">.<\/span><\/span><\/span><\/p>\n<p><span style=\"color: #000000;\">\u201c<\/span><span style=\"font-family: Arial, sans-serif;\"><span style=\"font-size: large;\"><span style=\"color: #000000;\">Ficamos muito felizes com os resultados obtidos no ano passado e com o apoio que recebemos por parte da Secretaria de Educa\u00e7\u00e3o que foi quase natural voltarmos neste ano para formar uma segunda turma\u201d, destacou Cabo Rabello, representante dos Bombeiros que neste primeiro dia participou de cerim\u00f4nias na <\/span><span style=\"color: #000000;\">Escola Integral de Capivari (Eicap) Professor Dirceu Ortolani Stein e Escola Municipal de Educa\u00e7\u00e3o Infantil e Fundamental (EMEIEF) Professor Jos\u00e9 Benedito Pinto Antunes. As formaturas v\u00e3o at\u00e9 o m\u00eas de agosto.<\/span><\/span><\/span><\/p>\n<p><span style=\"font-family: Arial, sans-serif;\"><span style=\"font-size: large;\"><span style=\"color: #000000;\"><br \/>\nNa<\/span><span style=\"color: #000000;\">s cerim\u00f4nias<\/span><span style=\"color: #000000;\">, as crian\u00e7as recebem um certificado de formatura, uma cartilha e a visita do mascote dos Bombeiros, Fa\u00edsca. Mas o grande momento \u00e9 a presen\u00e7a de um caminh\u00e3o do Corpo de Bombeiros, <\/span><span style=\"color: #000000;\">que as crian\u00e7as conhecem de perto no encerramento dos eventos.<\/span><span style=\"color: #000000;\"><\/p>\n<p>Para informa\u00e7\u00f5es sobre a Secretaria da Educa\u00e7\u00e3o, entre em contato pelo WhatsApp (19) 3491-9343. A sede \u201cProfessor Nadir Assalin\u201d est\u00e1 localizada na rua Pedro Stucchi, 381, no bairro P\u00e3o de A\u00e7\u00facar. O hor\u00e1rio de funcionamento \u00e9 das 08h30 \u00e0s 16h30, de segunda a sexta-feira.<\/span><\/span><\/span><\/p>\n<p><span style=\"color: #000000;\"><span style=\"font-family: Arial, sans-serif;\"><span style=\"font-size: large;\">Prefeitura de Capivari. Transformando o presente, construindo o futuro.<\/span><\/span><\/span><\/p>\n","protected":false},"excerpt":{"rendered":"<p>Os alunos da Rede Municipal de Ensino, que participaram do Programa \u201cBombeiro nas Escolas\u201d, come\u00e7aram a receber seus certificados de formatura pelas m\u00e3os dos cabos e soldados do Corpo de Bombeiro de Capivari nesta quarta-feira, dia 7. No total, alunos de 12 escolas do munic\u00edpio passaram pelas aulas, que est\u00e3o ocorrendo nas institui\u00e7\u00f5es de ensino [&hellip;]<\/p>\n","protected":false},"author":15,"featured_media":17270,"comment_status":"open","ping_status":"open","sticky":false,"template":"","format":"standard","meta":{"ocean_post_layout":"","ocean_both_sidebars_style":"","ocean_both_sidebars_content_width":0,"ocean_both_sidebars_sidebars_width":0,"ocean_sidebar":"","ocean_second_sidebar":"","ocean_disable_margins":"enable","ocean_add_body_class":"","ocean_shortcode_before_top_bar":"","ocean_shortcode_after_top_bar":"","ocean_shortcode_before_header":"","ocean_shortcode_after_header":"","ocean_has_shortcode":"","ocean_shortcode_after_title":"","ocean_shortcode_before_footer_widgets":"","ocean_shortcode_after_footer_widgets":"","ocean_shortcode_before_footer_bottom":"","ocean_shortcode_after_footer_bottom":"","ocean_display_top_bar":"default","ocean_display_header":"default","ocean_header_style":"","ocean_center_header_left_menu":"","ocean_custom_header_template":"","ocean_custom_logo":0,"ocean_custom_retina_logo":0,"ocean_custom_logo_max_width":0,"ocean_custom_logo_tablet_max_width":0,"ocean_custom_logo_mobile_max_width":0,"ocean_custom_logo_max_height":0,"ocean_custom_logo_tablet_max_height":0,"ocean_custom_logo_mobile_max_height":0,"ocean_header_custom_menu":"","ocean_menu_typo_font_family":"","ocean_menu_typo_font_subset":"","ocean_menu_typo_font_size":0,"ocean_menu_typo_font_size_tablet":0,"ocean_menu_typo_font_size_mobile":0,"ocean_menu_typo_font_size_unit":"px","ocean_menu_typo_font_weight":"","ocean_menu_typo_font_weight_tablet":"","ocean_menu_typo_font_weight_mobile":"","ocean_menu_typo_transform":"","ocean_menu_typo_transform_tablet":"","ocean_menu_typo_transform_mobile":"","ocean_menu_typo_line_height":0,"ocean_menu_typo_line_height_tablet":0,"ocean_menu_typo_line_height_mobile":0,"ocean_menu_typo_line_height_unit":"","ocean_menu_typo_spacing":0,"ocean_menu_typo_spacing_tablet":0,"ocean_menu_typo_spacing_mobile":0,"ocean_menu_typo_spacing_unit":"","ocean_menu_link_color":"","ocean_menu_link_color_hover":"","ocean_menu_link_color_active":"","ocean_menu_link_background":"","ocean_menu_link_hover_background":"","ocean_menu_link_active_background":"","ocean_menu_social_links_bg":"","ocean_menu_social_hover_links_bg":"","ocean_menu_social_links_color":"","ocean_menu_social_hover_links_color":"","ocean_disable_title":"default","ocean_disable_heading":"default","ocean_post_title":"","ocean_post_subheading":"","ocean_post_title_style":"","ocean_post_title_background_color":"","ocean_post_title_background":0,"ocean_post_title_bg_image_position":"","ocean_post_title_bg_image_attachment":"","ocean_post_title_bg_image_repeat":"","ocean_post_title_bg_image_size":"","ocean_post_title_height":0,"ocean_post_title_bg_overlay":0.5,"ocean_post_title_bg_overlay_color":"","ocean_disable_breadcrumbs":"default","ocean_breadcrumbs_color":"","ocean_breadcrumbs_separator_color":"","ocean_breadcrumbs_links_color":"","ocean_breadcrumbs_links_hover_color":"","ocean_display_footer_widgets":"default","ocean_display_footer_bottom":"default","ocean_custom_footer_template":"","ocean_post_oembed":"","ocean_post_self_hosted_media":"","ocean_post_video_embed":"","ocean_link_format":"","ocean_link_format_target":"self","ocean_quote_format":"","ocean_quote_format_link":"post","ocean_gallery_link_images":"on","ocean_gallery_id":[],"footnotes":""},"categories":[4,21,5],"tags":[],"class_list":["post-17269","post","type-post","status-publish","format-standard","has-post-thumbnail","hentry","category-destaque","category-educacao","category-geral","entry","has-media"],"yoast_head":"<!-- This site is optimized with the Yoast SEO plugin v27.5 - https:\/\/yoast.com\/product\/yoast-seo-wordpress\/ -->\n<title>Alunos da Rede Municipal de Ensino come\u00e7am a receber certificados do Programa \u201cBombeiro nas Escolas\u201d - Prefeitura de Capivari<\/title>\n<meta name=\"robots\" content=\"index, follow, max-snippet:-1, max-image-preview:large, max-video-preview:-1\" \/>\n<link rel=\"canonical\" href=\"https:\/\/capivari.sp.gov.br\/portal\/alunos-da-rede-municipal-de-ensino-comecam-a-receber-certificados-do-programa-bombeiro-nas-escolas\/\" \/>\n<meta property=\"og:locale\" content=\"pt_BR\" \/>\n<meta property=\"og:type\" content=\"article\" \/>\n<meta property=\"og:title\" content=\"Alunos da Rede Municipal de Ensino come\u00e7am a receber certificados do Programa \u201cBombeiro nas Escolas\u201d - Prefeitura de Capivari\" \/>\n<meta property=\"og:description\" content=\"Os alunos da Rede Municipal de Ensino, que participaram do Programa \u201cBombeiro nas Escolas\u201d, come\u00e7aram a receber seus certificados de formatura pelas m\u00e3os dos cabos e soldados do Corpo de Bombeiro de Capivari nesta quarta-feira, dia 7. No total, alunos de 12 escolas do munic\u00edpio passaram pelas aulas, que est\u00e3o ocorrendo nas institui\u00e7\u00f5es de ensino [&hellip;]\" \/>\n<meta property=\"og:url\" content=\"https:\/\/capivari.sp.gov.br\/portal\/alunos-da-rede-municipal-de-ensino-comecam-a-receber-certificados-do-programa-bombeiro-nas-escolas\/\" \/>\n<meta property=\"og:site_name\" content=\"Prefeitura de Capivari\" \/>\n<meta property=\"article:publisher\" content=\"https:\/\/www.facebook.com\/PrefeituradeCapivari\/\" \/>\n<meta property=\"article:published_time\" content=\"2024-05-09T11:31:25+00:00\" \/>\n<meta property=\"og:image\" content=\"https:\/\/capivari.sp.gov.br\/portal\/wp-content\/uploads\/2024\/05\/IMG_0649-scaled.jpg\" \/>\n\t<meta property=\"og:image:width\" content=\"2560\" \/>\n\t<meta property=\"og:image:height\" content=\"1707\" \/>\n\t<meta property=\"og:image:type\" content=\"image\/jpeg\" \/>\n<meta name=\"author\" content=\"Luciano Assis\" \/>\n<meta name=\"twitter:card\" content=\"summary_large_image\" \/>\n<meta name=\"twitter:creator\" content=\"@PrefCapivari\" \/>\n<meta name=\"twitter:site\" content=\"@PrefCapivari\" \/>\n<meta name=\"twitter:label1\" content=\"Escrito por\" \/>\n\t<meta name=\"twitter:data1\" content=\"Luciano Assis\" \/>\n\t<meta name=\"twitter:label2\" content=\"Est. tempo de leitura\" \/>\n\t<meta name=\"twitter:data2\" content=\"3 minutos\" \/>\n<script type=\"application\/ld+json\" class=\"yoast-schema-graph\">{\"@context\":\"https:\\\/\\\/schema.org\",\"@graph\":[{\"@type\":\"Article\",\"@id\":\"https:\\\/\\\/capivari.sp.gov.br\\\/portal\\\/alunos-da-rede-municipal-de-ensino-comecam-a-receber-certificados-do-programa-bombeiro-nas-escolas\\\/#article\",\"isPartOf\":{\"@id\":\"https:\\\/\\\/capivari.sp.gov.br\\\/portal\\\/alunos-da-rede-municipal-de-ensino-comecam-a-receber-certificados-do-programa-bombeiro-nas-escolas\\\/\"},\"author\":{\"name\":\"Luciano Assis\",\"@id\":\"https:\\\/\\\/capivari.sp.gov.br\\\/portal\\\/#\\\/schema\\\/person\\\/ac37113577adfc1517e0cfa854b830b4\"},\"headline\":\"Alunos da Rede Municipal de Ensino come\u00e7am a receber certificados do Programa \u201cBombeiro nas Escolas\u201d\",\"datePublished\":\"2024-05-09T11:31:25+00:00\",\"mainEntityOfPage\":{\"@id\":\"https:\\\/\\\/capivari.sp.gov.br\\\/portal\\\/alunos-da-rede-municipal-de-ensino-comecam-a-receber-certificados-do-programa-bombeiro-nas-escolas\\\/\"},\"wordCount\":370,\"commentCount\":0,\"publisher\":{\"@id\":\"https:\\\/\\\/capivari.sp.gov.br\\\/portal\\\/#organization\"},\"image\":{\"@id\":\"https:\\\/\\\/capivari.sp.gov.br\\\/portal\\\/alunos-da-rede-municipal-de-ensino-comecam-a-receber-certificados-do-programa-bombeiro-nas-escolas\\\/#primaryimage\"},\"thumbnailUrl\":\"https:\\\/\\\/capivari.sp.gov.br\\\/portal\\\/wp-content\\\/uploads\\\/2024\\\/05\\\/IMG_0649-scaled.jpg\",\"articleSection\":[\"Destaque\",\"Educa\u00e7\u00e3o\",\"Geral\"],\"inLanguage\":\"pt-BR\",\"potentialAction\":[{\"@type\":\"CommentAction\",\"name\":\"Comment\",\"target\":[\"https:\\\/\\\/capivari.sp.gov.br\\\/portal\\\/alunos-da-rede-municipal-de-ensino-comecam-a-receber-certificados-do-programa-bombeiro-nas-escolas\\\/#respond\"]}]},{\"@type\":\"WebPage\",\"@id\":\"https:\\\/\\\/capivari.sp.gov.br\\\/portal\\\/alunos-da-rede-municipal-de-ensino-comecam-a-receber-certificados-do-programa-bombeiro-nas-escolas\\\/\",\"url\":\"https:\\\/\\\/capivari.sp.gov.br\\\/portal\\\/alunos-da-rede-municipal-de-ensino-comecam-a-receber-certificados-do-programa-bombeiro-nas-escolas\\\/\",\"name\":\"Alunos da Rede Municipal de Ensino come\u00e7am a receber certificados do Programa \u201cBombeiro nas Escolas\u201d - Prefeitura de Capivari\",\"isPartOf\":{\"@id\":\"https:\\\/\\\/capivari.sp.gov.br\\\/portal\\\/#website\"},\"primaryImageOfPage\":{\"@id\":\"https:\\\/\\\/capivari.sp.gov.br\\\/portal\\\/alunos-da-rede-municipal-de-ensino-comecam-a-receber-certificados-do-programa-bombeiro-nas-escolas\\\/#primaryimage\"},\"image\":{\"@id\":\"https:\\\/\\\/capivari.sp.gov.br\\\/portal\\\/alunos-da-rede-municipal-de-ensino-comecam-a-receber-certificados-do-programa-bombeiro-nas-escolas\\\/#primaryimage\"},\"thumbnailUrl\":\"https:\\\/\\\/capivari.sp.gov.br\\\/portal\\\/wp-content\\\/uploads\\\/2024\\\/05\\\/IMG_0649-scaled.jpg\",\"datePublished\":\"2024-05-09T11:31:25+00:00\",\"breadcrumb\":{\"@id\":\"https:\\\/\\\/capivari.sp.gov.br\\\/portal\\\/alunos-da-rede-municipal-de-ensino-comecam-a-receber-certificados-do-programa-bombeiro-nas-escolas\\\/#breadcrumb\"},\"inLanguage\":\"pt-BR\",\"potentialAction\":[{\"@type\":\"ReadAction\",\"target\":[\"https:\\\/\\\/capivari.sp.gov.br\\\/portal\\\/alunos-da-rede-municipal-de-ensino-comecam-a-receber-certificados-do-programa-bombeiro-nas-escolas\\\/\"]}]},{\"@type\":\"ImageObject\",\"inLanguage\":\"pt-BR\",\"@id\":\"https:\\\/\\\/capivari.sp.gov.br\\\/portal\\\/alunos-da-rede-municipal-de-ensino-comecam-a-receber-certificados-do-programa-bombeiro-nas-escolas\\\/#primaryimage\",\"url\":\"https:\\\/\\\/capivari.sp.gov.br\\\/portal\\\/wp-content\\\/uploads\\\/2024\\\/05\\\/IMG_0649-scaled.jpg\",\"contentUrl\":\"https:\\\/\\\/capivari.sp.gov.br\\\/portal\\\/wp-content\\\/uploads\\\/2024\\\/05\\\/IMG_0649-scaled.jpg\",\"width\":2560,\"height\":1707},{\"@type\":\"BreadcrumbList\",\"@id\":\"https:\\\/\\\/capivari.sp.gov.br\\\/portal\\\/alunos-da-rede-municipal-de-ensino-comecam-a-receber-certificados-do-programa-bombeiro-nas-escolas\\\/#breadcrumb\",\"itemListElement\":[{\"@type\":\"ListItem\",\"position\":1,\"name\":\"In\u00edcio\",\"item\":\"https:\\\/\\\/capivari.sp.gov.br\\\/portal\\\/\"},{\"@type\":\"ListItem\",\"position\":2,\"name\":\"Alunos da Rede Municipal de Ensino come\u00e7am a receber certificados do Programa \u201cBombeiro nas Escolas\u201d\"}]},{\"@type\":\"WebSite\",\"@id\":\"https:\\\/\\\/capivari.sp.gov.br\\\/portal\\\/#website\",\"url\":\"https:\\\/\\\/capivari.sp.gov.br\\\/portal\\\/\",\"name\":\"Prefeitura de Capivari\",\"description\":\"Prefeitura de Capivari\",\"publisher\":{\"@id\":\"https:\\\/\\\/capivari.sp.gov.br\\\/portal\\\/#organization\"},\"potentialAction\":[{\"@type\":\"SearchAction\",\"target\":{\"@type\":\"EntryPoint\",\"urlTemplate\":\"https:\\\/\\\/capivari.sp.gov.br\\\/portal\\\/?s={search_term_string}\"},\"query-input\":{\"@type\":\"PropertyValueSpecification\",\"valueRequired\":true,\"valueName\":\"search_term_string\"}}],\"inLanguage\":\"pt-BR\"},{\"@type\":\"Organization\",\"@id\":\"https:\\\/\\\/capivari.sp.gov.br\\\/portal\\\/#organization\",\"name\":\"Prefeitura de Capivari\",\"url\":\"https:\\\/\\\/capivari.sp.gov.br\\\/portal\\\/\",\"logo\":{\"@type\":\"ImageObject\",\"inLanguage\":\"pt-BR\",\"@id\":\"https:\\\/\\\/capivari.sp.gov.br\\\/portal\\\/#\\\/schema\\\/logo\\\/image\\\/\",\"url\":\"https:\\\/\\\/capivari.sp.gov.br\\\/portal\\\/wp-content\\\/uploads\\\/2021\\\/09\\\/logo-prefeitura-de-capivari.png\",\"contentUrl\":\"https:\\\/\\\/capivari.sp.gov.br\\\/portal\\\/wp-content\\\/uploads\\\/2021\\\/09\\\/logo-prefeitura-de-capivari.png\",\"width\":200,\"height\":147,\"caption\":\"Prefeitura de Capivari\"},\"image\":{\"@id\":\"https:\\\/\\\/capivari.sp.gov.br\\\/portal\\\/#\\\/schema\\\/logo\\\/image\\\/\"},\"sameAs\":[\"https:\\\/\\\/www.facebook.com\\\/PrefeituradeCapivari\\\/\",\"https:\\\/\\\/x.com\\\/PrefCapivari\",\"https:\\\/\\\/www.instagram.com\\\/prefeituracapivari\\\/\"]},{\"@type\":\"Person\",\"@id\":\"https:\\\/\\\/capivari.sp.gov.br\\\/portal\\\/#\\\/schema\\\/person\\\/ac37113577adfc1517e0cfa854b830b4\",\"name\":\"Luciano Assis\",\"image\":{\"@type\":\"ImageObject\",\"inLanguage\":\"pt-BR\",\"@id\":\"https:\\\/\\\/secure.gravatar.com\\\/avatar\\\/ec163f977a02ac195ce6085f5110a8c4c8c6cc357c134002f73b4664772e79a5?s=96&d=mm&r=g\",\"url\":\"https:\\\/\\\/secure.gravatar.com\\\/avatar\\\/ec163f977a02ac195ce6085f5110a8c4c8c6cc357c134002f73b4664772e79a5?s=96&d=mm&r=g\",\"contentUrl\":\"https:\\\/\\\/secure.gravatar.com\\\/avatar\\\/ec163f977a02ac195ce6085f5110a8c4c8c6cc357c134002f73b4664772e79a5?s=96&d=mm&r=g\",\"caption\":\"Luciano Assis\"},\"url\":\"https:\\\/\\\/capivari.sp.gov.br\\\/portal\\\/author\\\/luciano-assis\\\/\"}]}<\/script>\n<!-- \/ Yoast SEO plugin. -->","yoast_head_json":{"title":"Alunos da Rede Municipal de Ensino come\u00e7am a receber certificados do Programa \u201cBombeiro nas Escolas\u201d - Prefeitura de Capivari","robots":{"index":"index","follow":"follow","max-snippet":"max-snippet:-1","max-image-preview":"max-image-preview:large","max-video-preview":"max-video-preview:-1"},"canonical":"https:\/\/capivari.sp.gov.br\/portal\/alunos-da-rede-municipal-de-ensino-comecam-a-receber-certificados-do-programa-bombeiro-nas-escolas\/","og_locale":"pt_BR","og_type":"article","og_title":"Alunos da Rede Municipal de Ensino come\u00e7am a receber certificados do Programa \u201cBombeiro nas Escolas\u201d - Prefeitura de Capivari","og_description":"Os alunos da Rede Municipal de Ensino, que participaram do Programa \u201cBombeiro nas Escolas\u201d, come\u00e7aram a receber seus certificados de formatura pelas m\u00e3os dos cabos e soldados do Corpo de Bombeiro de Capivari nesta quarta-feira, dia 7. No total, alunos de 12 escolas do munic\u00edpio passaram pelas aulas, que est\u00e3o ocorrendo nas institui\u00e7\u00f5es de ensino [&hellip;]","og_url":"https:\/\/capivari.sp.gov.br\/portal\/alunos-da-rede-municipal-de-ensino-comecam-a-receber-certificados-do-programa-bombeiro-nas-escolas\/","og_site_name":"Prefeitura de Capivari","article_publisher":"https:\/\/www.facebook.com\/PrefeituradeCapivari\/","article_published_time":"2024-05-09T11:31:25+00:00","og_image":[{"width":2560,"height":1707,"url":"https:\/\/capivari.sp.gov.br\/portal\/wp-content\/uploads\/2024\/05\/IMG_0649-scaled.jpg","type":"image\/jpeg"}],"author":"Luciano Assis","twitter_card":"summary_large_image","twitter_creator":"@PrefCapivari","twitter_site":"@PrefCapivari","twitter_misc":{"Escrito por":"Luciano Assis","Est. tempo de leitura":"3 minutos"},"schema":{"@context":"https:\/\/schema.org","@graph":[{"@type":"Article","@id":"https:\/\/capivari.sp.gov.br\/portal\/alunos-da-rede-municipal-de-ensino-comecam-a-receber-certificados-do-programa-bombeiro-nas-escolas\/#article","isPartOf":{"@id":"https:\/\/capivari.sp.gov.br\/portal\/alunos-da-rede-municipal-de-ensino-comecam-a-receber-certificados-do-programa-bombeiro-nas-escolas\/"},"author":{"name":"Luciano Assis","@id":"https:\/\/capivari.sp.gov.br\/portal\/#\/schema\/person\/ac37113577adfc1517e0cfa854b830b4"},"headline":"Alunos da Rede Municipal de Ensino come\u00e7am a receber certificados do Programa \u201cBombeiro nas Escolas\u201d","datePublished":"2024-05-09T11:31:25+00:00","mainEntityOfPage":{"@id":"https:\/\/capivari.sp.gov.br\/portal\/alunos-da-rede-municipal-de-ensino-comecam-a-receber-certificados-do-programa-bombeiro-nas-escolas\/"},"wordCount":370,"commentCount":0,"publisher":{"@id":"https:\/\/capivari.sp.gov.br\/portal\/#organization"},"image":{"@id":"https:\/\/capivari.sp.gov.br\/portal\/alunos-da-rede-municipal-de-ensino-comecam-a-receber-certificados-do-programa-bombeiro-nas-escolas\/#primaryimage"},"thumbnailUrl":"https:\/\/capivari.sp.gov.br\/portal\/wp-content\/uploads\/2024\/05\/IMG_0649-scaled.jpg","articleSection":["Destaque","Educa\u00e7\u00e3o","Geral"],"inLanguage":"pt-BR","potentialAction":[{"@type":"CommentAction","name":"Comment","target":["https:\/\/capivari.sp.gov.br\/portal\/alunos-da-rede-municipal-de-ensino-comecam-a-receber-certificados-do-programa-bombeiro-nas-escolas\/#respond"]}]},{"@type":"WebPage","@id":"https:\/\/capivari.sp.gov.br\/portal\/alunos-da-rede-municipal-de-ensino-comecam-a-receber-certificados-do-programa-bombeiro-nas-escolas\/","url":"https:\/\/capivari.sp.gov.br\/portal\/alunos-da-rede-municipal-de-ensino-comecam-a-receber-certificados-do-programa-bombeiro-nas-escolas\/","name":"Alunos da Rede Municipal de Ensino come\u00e7am a receber certificados do Programa \u201cBombeiro nas Escolas\u201d - Prefeitura de Capivari","isPartOf":{"@id":"https:\/\/capivari.sp.gov.br\/portal\/#website"},"primaryImageOfPage":{"@id":"https:\/\/capivari.sp.gov.br\/portal\/alunos-da-rede-municipal-de-ensino-comecam-a-receber-certificados-do-programa-bombeiro-nas-escolas\/#primaryimage"},"image":{"@id":"https:\/\/capivari.sp.gov.br\/portal\/alunos-da-rede-municipal-de-ensino-comecam-a-receber-certificados-do-programa-bombeiro-nas-escolas\/#primaryimage"},"thumbnailUrl":"https:\/\/capivari.sp.gov.br\/portal\/wp-content\/uploads\/2024\/05\/IMG_0649-scaled.jpg","datePublished":"2024-05-09T11:31:25+00:00","breadcrumb":{"@id":"https:\/\/capivari.sp.gov.br\/portal\/alunos-da-rede-municipal-de-ensino-comecam-a-receber-certificados-do-programa-bombeiro-nas-escolas\/#breadcrumb"},"inLanguage":"pt-BR","potentialAction":[{"@type":"ReadAction","target":["https:\/\/capivari.sp.gov.br\/portal\/alunos-da-rede-municipal-de-ensino-comecam-a-receber-certificados-do-programa-bombeiro-nas-escolas\/"]}]},{"@type":"ImageObject","inLanguage":"pt-BR","@id":"https:\/\/capivari.sp.gov.br\/portal\/alunos-da-rede-municipal-de-ensino-comecam-a-receber-certificados-do-programa-bombeiro-nas-escolas\/#primaryimage","url":"https:\/\/capivari.sp.gov.br\/portal\/wp-content\/uploads\/2024\/05\/IMG_0649-scaled.jpg","contentUrl":"https:\/\/capivari.sp.gov.br\/portal\/wp-content\/uploads\/2024\/05\/IMG_0649-scaled.jpg","width":2560,"height":1707},{"@type":"BreadcrumbList","@id":"https:\/\/capivari.sp.gov.br\/portal\/alunos-da-rede-municipal-de-ensino-comecam-a-receber-certificados-do-programa-bombeiro-nas-escolas\/#breadcrumb","itemListElement":[{"@type":"ListItem","position":1,"name":"In\u00edcio","item":"https:\/\/capivari.sp.gov.br\/portal\/"},{"@type":"ListItem","position":2,"name":"Alunos da Rede Municipal de Ensino come\u00e7am a receber certificados do Programa \u201cBombeiro nas Escolas\u201d"}]},{"@type":"WebSite","@id":"https:\/\/capivari.sp.gov.br\/portal\/#website","url":"https:\/\/capivari.sp.gov.br\/portal\/","name":"Prefeitura de Capivari","description":"Prefeitura de Capivari","publisher":{"@id":"https:\/\/capivari.sp.gov.br\/portal\/#organization"},"potentialAction":[{"@type":"SearchAction","target":{"@type":"EntryPoint","urlTemplate":"https:\/\/capivari.sp.gov.br\/portal\/?s={search_term_string}"},"query-input":{"@type":"PropertyValueSpecification","valueRequired":true,"valueName":"search_term_string"}}],"inLanguage":"pt-BR"},{"@type":"Organization","@id":"https:\/\/capivari.sp.gov.br\/portal\/#organization","name":"Prefeitura de Capivari","url":"https:\/\/capivari.sp.gov.br\/portal\/","logo":{"@type":"ImageObject","inLanguage":"pt-BR","@id":"https:\/\/capivari.sp.gov.br\/portal\/#\/schema\/logo\/image\/","url":"https:\/\/capivari.sp.gov.br\/portal\/wp-content\/uploads\/2021\/09\/logo-prefeitura-de-capivari.png","contentUrl":"https:\/\/capivari.sp.gov.br\/portal\/wp-content\/uploads\/2021\/09\/logo-prefeitura-de-capivari.png","width":200,"height":147,"caption":"Prefeitura de Capivari"},"image":{"@id":"https:\/\/capivari.sp.gov.br\/portal\/#\/schema\/logo\/image\/"},"sameAs":["https:\/\/www.facebook.com\/PrefeituradeCapivari\/","https:\/\/x.com\/PrefCapivari","https:\/\/www.instagram.com\/prefeituracapivari\/"]},{"@type":"Person","@id":"https:\/\/capivari.sp.gov.br\/portal\/#\/schema\/person\/ac37113577adfc1517e0cfa854b830b4","name":"Luciano Assis","image":{"@type":"ImageObject","inLanguage":"pt-BR","@id":"https:\/\/secure.gravatar.com\/avatar\/ec163f977a02ac195ce6085f5110a8c4c8c6cc357c134002f73b4664772e79a5?s=96&d=mm&r=g","url":"https:\/\/secure.gravatar.com\/avatar\/ec163f977a02ac195ce6085f5110a8c4c8c6cc357c134002f73b4664772e79a5?s=96&d=mm&r=g","contentUrl":"https:\/\/secure.gravatar.com\/avatar\/ec163f977a02ac195ce6085f5110a8c4c8c6cc357c134002f73b4664772e79a5?s=96&d=mm&r=g","caption":"Luciano Assis"},"url":"https:\/\/capivari.sp.gov.br\/portal\/author\/luciano-assis\/"}]}},"_links":{"self":[{"href":"https:\/\/capivari.sp.gov.br\/portal\/wp-json\/wp\/v2\/posts\/17269","targetHints":{"allow":["GET"]}}],"collection":[{"href":"https:\/\/capivari.sp.gov.br\/portal\/wp-json\/wp\/v2\/posts"}],"about":[{"href":"https:\/\/capivari.sp.gov.br\/portal\/wp-json\/wp\/v2\/types\/post"}],"author":[{"embeddable":true,"href":"https:\/\/capivari.sp.gov.br\/portal\/wp-json\/wp\/v2\/users\/15"}],"replies":[{"embeddable":true,"href":"https:\/\/capivari.sp.gov.br\/portal\/wp-json\/wp\/v2\/comments?post=17269"}],"version-history":[{"count":1,"href":"https:\/\/capivari.sp.gov.br\/portal\/wp-json\/wp\/v2\/posts\/17269\/revisions"}],"predecessor-version":[{"id":17271,"href":"https:\/\/capivari.sp.gov.br\/portal\/wp-json\/wp\/v2\/posts\/17269\/revisions\/17271"}],"wp:featuredmedia":[{"embeddable":true,"href":"https:\/\/capivari.sp.gov.br\/portal\/wp-json\/wp\/v2\/media\/17270"}],"wp:attachment":[{"href":"https:\/\/capivari.sp.gov.br\/portal\/wp-json\/wp\/v2\/media?parent=17269"}],"wp:term":[{"taxonomy":"category","embeddable":true,"href":"https:\/\/capivari.sp.gov.br\/portal\/wp-json\/wp\/v2\/categories?post=17269"},{"taxonomy":"post_tag","embeddable":true,"href":"https:\/\/capivari.sp.gov.br\/portal\/wp-json\/wp\/v2\/tags?post=17269"}],"curies":[{"name":"wp","href":"https:\/\/api.w.org\/{rel}","templated":true}]}}