{"id":18443,"date":"2024-11-07T13:47:15","date_gmt":"2024-11-07T16:47:15","guid":{"rendered":"https:\/\/capivari.sp.gov.br\/portal\/?p=18443"},"modified":"2024-11-07T13:47:15","modified_gmt":"2024-11-07T16:47:15","slug":"prefeitura-de-capivari-participa-de-cerimonia-de-inicio-das-obras-de-construcao-da-nova-fabrica-da-empresa-drylock-technologies","status":"publish","type":"post","link":"https:\/\/capivari.sp.gov.br\/portal\/prefeitura-de-capivari-participa-de-cerimonia-de-inicio-das-obras-de-construcao-da-nova-fabrica-da-empresa-drylock-technologies\/","title":{"rendered":"Prefeitura de Capivari participa de cerim\u00f4nia de in\u00edcio das obras de constru\u00e7\u00e3o da nova f\u00e1brica da empresa Drylock Technologies"},"content":{"rendered":"<p>Na tarde da \u00faltima quarta-feira, dia 06, o vice-prefeito de Capivari, Bruno Barnab\u00e9, esteve no terreno localizado \u00e0s margens da rodovia SP-101 para participar da cerim\u00f4nia de in\u00edcio das obras da nova planta fabril da empresa Drylock Technologies, uma das maiores ind\u00fastrias da cidade. O evento ainda recebeu o CEO Bart Van Malderen, l\u00edderes da multinacional, e do secret\u00e1rio de Desenvolvimento Econ\u00f4mico e Emprego de Capivari, Jos\u00e9 Murilo Castellani.<\/p>\n<p>A cerim\u00f4nia contou com o marco da pedra fundamental, que representa oficialmente o in\u00edcio das obras que tem previs\u00e3o de t\u00e9rmino para agosto de 2025. A unidade ser\u00e1 a 11\u00aa f\u00e1brica da empresa ao redor do mundo, sendo a terceira em territ\u00f3rio nacional e a segunda em Capivari. Ap\u00f3s finalizada, a f\u00e1brica ser\u00e1 a segunda maior da companhia, atr\u00e1s apenas da planta modelo situada na Rep\u00fablica Tcheca.<\/p>\n<p>\u201cS\u00e3o 30 mil m\u00b2 nessa obra de grande magnitude que elevar\u00e1 a empresa Drylock de patamar. Ficamos muito honrados de que Capivari seja a sede para que essa expans\u00e3o se tornasse realidade e isso mostra que o trabalho que Vit\u00e3o e eu estamos desempenhando nos \u00faltimos anos vem mostrando resultados, tanto para as grandes empresas como \u00e9 o caso da Drylock, como tamb\u00e9m as m\u00e9dias e pequenas. O munic\u00edpio s\u00f3 tem a ganhar a longo prazo, tanto na expans\u00e3o socioecon\u00f4mica quanto na gera\u00e7\u00e3o de empregos\u201d, destacou Bruno Barnab\u00e9.<\/p>\n<p>A amplia\u00e7\u00e3o da Drylock \u00e9 mais um ind\u00edcio do progresso de Capivari neste segmento; em 2021, a cidade foi apontada como a terceira melhor do Estado de S\u00e3o Paulo entre 30 e 100 mil habitantes no quesito Desenvolvimento Socioecon\u00f4mico. Desde ent\u00e3o, Capivari acumula um saldo positivo de 3.171 empregos, melhor marca quadrienal dos \u00faltimos 20 anos no munic\u00edpio, com a nova unidade fabril podendo alavancar ainda mais esses dados a m\u00e9dio prazo.<\/p>\n<p>Para mais informa\u00e7\u00f5es sobre poss\u00edveis oportunidades de emprego na cidade, o PAT atende presencialmente no GanhaTempo Municipal, ou atrav\u00e9s do telefone (19) 3492-8870, de segunda a sexta-feira, das 8h30 \u00e0s 16h30.<\/p>\n<p>Prefeitura de Capivari. Transformando o presente, construindo o futuro.<\/p>\n","protected":false},"excerpt":{"rendered":"<p>Na tarde da \u00faltima quarta-feira, dia 06, o vice-prefeito de Capivari, Bruno Barnab\u00e9, esteve no terreno localizado \u00e0s margens da rodovia SP-101 para participar da cerim\u00f4nia de in\u00edcio das obras da nova planta fabril da empresa Drylock Technologies, uma das maiores ind\u00fastrias da cidade. O evento ainda recebeu o CEO Bart Van Malderen, l\u00edderes da [&hellip;]<\/p>\n","protected":false},"author":2,"featured_media":18444,"comment_status":"open","ping_status":"open","sticky":false,"template":"","format":"standard","meta":{"ocean_post_layout":"","ocean_both_sidebars_style":"","ocean_both_sidebars_content_width":0,"ocean_both_sidebars_sidebars_width":0,"ocean_sidebar":"","ocean_second_sidebar":"","ocean_disable_margins":"enable","ocean_add_body_class":"","ocean_shortcode_before_top_bar":"","ocean_shortcode_after_top_bar":"","ocean_shortcode_before_header":"","ocean_shortcode_after_header":"","ocean_has_shortcode":"","ocean_shortcode_after_title":"","ocean_shortcode_before_footer_widgets":"","ocean_shortcode_after_footer_widgets":"","ocean_shortcode_before_footer_bottom":"","ocean_shortcode_after_footer_bottom":"","ocean_display_top_bar":"default","ocean_display_header":"default","ocean_header_style":"","ocean_center_header_left_menu":"","ocean_custom_header_template":"","ocean_custom_logo":0,"ocean_custom_retina_logo":0,"ocean_custom_logo_max_width":0,"ocean_custom_logo_tablet_max_width":0,"ocean_custom_logo_mobile_max_width":0,"ocean_custom_logo_max_height":0,"ocean_custom_logo_tablet_max_height":0,"ocean_custom_logo_mobile_max_height":0,"ocean_header_custom_menu":"","ocean_menu_typo_font_family":"","ocean_menu_typo_font_subset":"","ocean_menu_typo_font_size":0,"ocean_menu_typo_font_size_tablet":0,"ocean_menu_typo_font_size_mobile":0,"ocean_menu_typo_font_size_unit":"px","ocean_menu_typo_font_weight":"","ocean_menu_typo_font_weight_tablet":"","ocean_menu_typo_font_weight_mobile":"","ocean_menu_typo_transform":"","ocean_menu_typo_transform_tablet":"","ocean_menu_typo_transform_mobile":"","ocean_menu_typo_line_height":0,"ocean_menu_typo_line_height_tablet":0,"ocean_menu_typo_line_height_mobile":0,"ocean_menu_typo_line_height_unit":"","ocean_menu_typo_spacing":0,"ocean_menu_typo_spacing_tablet":0,"ocean_menu_typo_spacing_mobile":0,"ocean_menu_typo_spacing_unit":"","ocean_menu_link_color":"","ocean_menu_link_color_hover":"","ocean_menu_link_color_active":"","ocean_menu_link_background":"","ocean_menu_link_hover_background":"","ocean_menu_link_active_background":"","ocean_menu_social_links_bg":"","ocean_menu_social_hover_links_bg":"","ocean_menu_social_links_color":"","ocean_menu_social_hover_links_color":"","ocean_disable_title":"default","ocean_disable_heading":"default","ocean_post_title":"","ocean_post_subheading":"","ocean_post_title_style":"","ocean_post_title_background_color":"","ocean_post_title_background":0,"ocean_post_title_bg_image_position":"","ocean_post_title_bg_image_attachment":"","ocean_post_title_bg_image_repeat":"","ocean_post_title_bg_image_size":"","ocean_post_title_height":0,"ocean_post_title_bg_overlay":0.5,"ocean_post_title_bg_overlay_color":"","ocean_disable_breadcrumbs":"default","ocean_breadcrumbs_color":"","ocean_breadcrumbs_separator_color":"","ocean_breadcrumbs_links_color":"","ocean_breadcrumbs_links_hover_color":"","ocean_display_footer_widgets":"default","ocean_display_footer_bottom":"default","ocean_custom_footer_template":"","ocean_post_oembed":"","ocean_post_self_hosted_media":"","ocean_post_video_embed":"","ocean_link_format":"","ocean_link_format_target":"self","ocean_quote_format":"","ocean_quote_format_link":"post","ocean_gallery_link_images":"on","ocean_gallery_id":[],"footnotes":""},"categories":[18,4,5],"tags":[],"class_list":["post-18443","post","type-post","status-publish","format-standard","has-post-thumbnail","hentry","category-desenvolvimento-economico-turismo-e-inovacao","category-destaque","category-geral","entry","has-media"],"yoast_head":"<!-- This site is optimized with the Yoast SEO plugin v27.4 - https:\/\/yoast.com\/product\/yoast-seo-wordpress\/ -->\n<title>Prefeitura de Capivari participa de cerim\u00f4nia de in\u00edcio das obras de constru\u00e7\u00e3o da nova f\u00e1brica da empresa Drylock Technologies - Prefeitura de Capivari<\/title>\n<meta name=\"robots\" content=\"index, follow, max-snippet:-1, max-image-preview:large, max-video-preview:-1\" \/>\n<link rel=\"canonical\" href=\"https:\/\/capivari.sp.gov.br\/portal\/prefeitura-de-capivari-participa-de-cerimonia-de-inicio-das-obras-de-construcao-da-nova-fabrica-da-empresa-drylock-technologies\/\" \/>\n<meta property=\"og:locale\" content=\"pt_BR\" \/>\n<meta property=\"og:type\" content=\"article\" \/>\n<meta property=\"og:title\" content=\"Prefeitura de Capivari participa de cerim\u00f4nia de in\u00edcio das obras de constru\u00e7\u00e3o da nova f\u00e1brica da empresa Drylock Technologies - Prefeitura de Capivari\" \/>\n<meta property=\"og:description\" content=\"Na tarde da \u00faltima quarta-feira, dia 06, o vice-prefeito de Capivari, Bruno Barnab\u00e9, esteve no terreno localizado \u00e0s margens da rodovia SP-101 para participar da cerim\u00f4nia de in\u00edcio das obras da nova planta fabril da empresa Drylock Technologies, uma das maiores ind\u00fastrias da cidade. O evento ainda recebeu o CEO Bart Van Malderen, l\u00edderes da [&hellip;]\" \/>\n<meta property=\"og:url\" content=\"https:\/\/capivari.sp.gov.br\/portal\/prefeitura-de-capivari-participa-de-cerimonia-de-inicio-das-obras-de-construcao-da-nova-fabrica-da-empresa-drylock-technologies\/\" \/>\n<meta property=\"og:site_name\" content=\"Prefeitura de Capivari\" \/>\n<meta property=\"article:publisher\" content=\"https:\/\/www.facebook.com\/PrefeituradeCapivari\/\" \/>\n<meta property=\"article:published_time\" content=\"2024-11-07T16:47:15+00:00\" \/>\n<meta property=\"og:image\" content=\"https:\/\/capivari.sp.gov.br\/portal\/wp-content\/uploads\/2024\/11\/20241106_171229-scaled.jpg\" \/>\n\t<meta property=\"og:image:width\" content=\"2560\" \/>\n\t<meta property=\"og:image:height\" content=\"1441\" \/>\n\t<meta property=\"og:image:type\" content=\"image\/jpeg\" \/>\n<meta name=\"author\" content=\"Thalles Cristiano\" \/>\n<meta name=\"twitter:card\" content=\"summary_large_image\" \/>\n<meta name=\"twitter:creator\" content=\"@PrefCapivari\" \/>\n<meta name=\"twitter:site\" content=\"@PrefCapivari\" \/>\n<meta name=\"twitter:label1\" content=\"Escrito por\" \/>\n\t<meta name=\"twitter:data1\" content=\"Thalles Cristiano\" \/>\n\t<meta name=\"twitter:label2\" content=\"Est. tempo de leitura\" \/>\n\t<meta name=\"twitter:data2\" content=\"3 minutos\" \/>\n<script type=\"application\/ld+json\" class=\"yoast-schema-graph\">{\"@context\":\"https:\\\/\\\/schema.org\",\"@graph\":[{\"@type\":\"Article\",\"@id\":\"https:\\\/\\\/capivari.sp.gov.br\\\/portal\\\/prefeitura-de-capivari-participa-de-cerimonia-de-inicio-das-obras-de-construcao-da-nova-fabrica-da-empresa-drylock-technologies\\\/#article\",\"isPartOf\":{\"@id\":\"https:\\\/\\\/capivari.sp.gov.br\\\/portal\\\/prefeitura-de-capivari-participa-de-cerimonia-de-inicio-das-obras-de-construcao-da-nova-fabrica-da-empresa-drylock-technologies\\\/\"},\"author\":{\"name\":\"Thalles Cristiano\",\"@id\":\"https:\\\/\\\/capivari.sp.gov.br\\\/portal\\\/#\\\/schema\\\/person\\\/98801614a91d449946b0687ae2db9f29\"},\"headline\":\"Prefeitura de Capivari participa de cerim\u00f4nia de in\u00edcio das obras de constru\u00e7\u00e3o da nova f\u00e1brica da empresa Drylock Technologies\",\"datePublished\":\"2024-11-07T16:47:15+00:00\",\"mainEntityOfPage\":{\"@id\":\"https:\\\/\\\/capivari.sp.gov.br\\\/portal\\\/prefeitura-de-capivari-participa-de-cerimonia-de-inicio-das-obras-de-construcao-da-nova-fabrica-da-empresa-drylock-technologies\\\/\"},\"wordCount\":382,\"commentCount\":0,\"publisher\":{\"@id\":\"https:\\\/\\\/capivari.sp.gov.br\\\/portal\\\/#organization\"},\"image\":{\"@id\":\"https:\\\/\\\/capivari.sp.gov.br\\\/portal\\\/prefeitura-de-capivari-participa-de-cerimonia-de-inicio-das-obras-de-construcao-da-nova-fabrica-da-empresa-drylock-technologies\\\/#primaryimage\"},\"thumbnailUrl\":\"https:\\\/\\\/capivari.sp.gov.br\\\/portal\\\/wp-content\\\/uploads\\\/2024\\\/11\\\/20241106_171229-scaled.jpg\",\"articleSection\":[\"Desenvolvimento Econ\u00f4mico, Turismo e Inova\u00e7\u00e3o\",\"Destaque\",\"Geral\"],\"inLanguage\":\"pt-BR\",\"potentialAction\":[{\"@type\":\"CommentAction\",\"name\":\"Comment\",\"target\":[\"https:\\\/\\\/capivari.sp.gov.br\\\/portal\\\/prefeitura-de-capivari-participa-de-cerimonia-de-inicio-das-obras-de-construcao-da-nova-fabrica-da-empresa-drylock-technologies\\\/#respond\"]}]},{\"@type\":\"WebPage\",\"@id\":\"https:\\\/\\\/capivari.sp.gov.br\\\/portal\\\/prefeitura-de-capivari-participa-de-cerimonia-de-inicio-das-obras-de-construcao-da-nova-fabrica-da-empresa-drylock-technologies\\\/\",\"url\":\"https:\\\/\\\/capivari.sp.gov.br\\\/portal\\\/prefeitura-de-capivari-participa-de-cerimonia-de-inicio-das-obras-de-construcao-da-nova-fabrica-da-empresa-drylock-technologies\\\/\",\"name\":\"Prefeitura de Capivari participa de cerim\u00f4nia de in\u00edcio das obras de constru\u00e7\u00e3o da nova f\u00e1brica da empresa Drylock Technologies - Prefeitura de Capivari\",\"isPartOf\":{\"@id\":\"https:\\\/\\\/capivari.sp.gov.br\\\/portal\\\/#website\"},\"primaryImageOfPage\":{\"@id\":\"https:\\\/\\\/capivari.sp.gov.br\\\/portal\\\/prefeitura-de-capivari-participa-de-cerimonia-de-inicio-das-obras-de-construcao-da-nova-fabrica-da-empresa-drylock-technologies\\\/#primaryimage\"},\"image\":{\"@id\":\"https:\\\/\\\/capivari.sp.gov.br\\\/portal\\\/prefeitura-de-capivari-participa-de-cerimonia-de-inicio-das-obras-de-construcao-da-nova-fabrica-da-empresa-drylock-technologies\\\/#primaryimage\"},\"thumbnailUrl\":\"https:\\\/\\\/capivari.sp.gov.br\\\/portal\\\/wp-content\\\/uploads\\\/2024\\\/11\\\/20241106_171229-scaled.jpg\",\"datePublished\":\"2024-11-07T16:47:15+00:00\",\"breadcrumb\":{\"@id\":\"https:\\\/\\\/capivari.sp.gov.br\\\/portal\\\/prefeitura-de-capivari-participa-de-cerimonia-de-inicio-das-obras-de-construcao-da-nova-fabrica-da-empresa-drylock-technologies\\\/#breadcrumb\"},\"inLanguage\":\"pt-BR\",\"potentialAction\":[{\"@type\":\"ReadAction\",\"target\":[\"https:\\\/\\\/capivari.sp.gov.br\\\/portal\\\/prefeitura-de-capivari-participa-de-cerimonia-de-inicio-das-obras-de-construcao-da-nova-fabrica-da-empresa-drylock-technologies\\\/\"]}]},{\"@type\":\"ImageObject\",\"inLanguage\":\"pt-BR\",\"@id\":\"https:\\\/\\\/capivari.sp.gov.br\\\/portal\\\/prefeitura-de-capivari-participa-de-cerimonia-de-inicio-das-obras-de-construcao-da-nova-fabrica-da-empresa-drylock-technologies\\\/#primaryimage\",\"url\":\"https:\\\/\\\/capivari.sp.gov.br\\\/portal\\\/wp-content\\\/uploads\\\/2024\\\/11\\\/20241106_171229-scaled.jpg\",\"contentUrl\":\"https:\\\/\\\/capivari.sp.gov.br\\\/portal\\\/wp-content\\\/uploads\\\/2024\\\/11\\\/20241106_171229-scaled.jpg\",\"width\":2560,\"height\":1441},{\"@type\":\"BreadcrumbList\",\"@id\":\"https:\\\/\\\/capivari.sp.gov.br\\\/portal\\\/prefeitura-de-capivari-participa-de-cerimonia-de-inicio-das-obras-de-construcao-da-nova-fabrica-da-empresa-drylock-technologies\\\/#breadcrumb\",\"itemListElement\":[{\"@type\":\"ListItem\",\"position\":1,\"name\":\"In\u00edcio\",\"item\":\"https:\\\/\\\/capivari.sp.gov.br\\\/portal\\\/\"},{\"@type\":\"ListItem\",\"position\":2,\"name\":\"Prefeitura de Capivari participa de cerim\u00f4nia de in\u00edcio das obras de constru\u00e7\u00e3o da nova f\u00e1brica da empresa Drylock Technologies\"}]},{\"@type\":\"WebSite\",\"@id\":\"https:\\\/\\\/capivari.sp.gov.br\\\/portal\\\/#website\",\"url\":\"https:\\\/\\\/capivari.sp.gov.br\\\/portal\\\/\",\"name\":\"Prefeitura de Capivari\",\"description\":\"Prefeitura de Capivari\",\"publisher\":{\"@id\":\"https:\\\/\\\/capivari.sp.gov.br\\\/portal\\\/#organization\"},\"potentialAction\":[{\"@type\":\"SearchAction\",\"target\":{\"@type\":\"EntryPoint\",\"urlTemplate\":\"https:\\\/\\\/capivari.sp.gov.br\\\/portal\\\/?s={search_term_string}\"},\"query-input\":{\"@type\":\"PropertyValueSpecification\",\"valueRequired\":true,\"valueName\":\"search_term_string\"}}],\"inLanguage\":\"pt-BR\"},{\"@type\":\"Organization\",\"@id\":\"https:\\\/\\\/capivari.sp.gov.br\\\/portal\\\/#organization\",\"name\":\"Prefeitura de Capivari\",\"url\":\"https:\\\/\\\/capivari.sp.gov.br\\\/portal\\\/\",\"logo\":{\"@type\":\"ImageObject\",\"inLanguage\":\"pt-BR\",\"@id\":\"https:\\\/\\\/capivari.sp.gov.br\\\/portal\\\/#\\\/schema\\\/logo\\\/image\\\/\",\"url\":\"https:\\\/\\\/capivari.sp.gov.br\\\/portal\\\/wp-content\\\/uploads\\\/2021\\\/09\\\/logo-prefeitura-de-capivari.png\",\"contentUrl\":\"https:\\\/\\\/capivari.sp.gov.br\\\/portal\\\/wp-content\\\/uploads\\\/2021\\\/09\\\/logo-prefeitura-de-capivari.png\",\"width\":200,\"height\":147,\"caption\":\"Prefeitura de Capivari\"},\"image\":{\"@id\":\"https:\\\/\\\/capivari.sp.gov.br\\\/portal\\\/#\\\/schema\\\/logo\\\/image\\\/\"},\"sameAs\":[\"https:\\\/\\\/www.facebook.com\\\/PrefeituradeCapivari\\\/\",\"https:\\\/\\\/x.com\\\/PrefCapivari\",\"https:\\\/\\\/www.instagram.com\\\/prefeituracapivari\\\/\"]},{\"@type\":\"Person\",\"@id\":\"https:\\\/\\\/capivari.sp.gov.br\\\/portal\\\/#\\\/schema\\\/person\\\/98801614a91d449946b0687ae2db9f29\",\"name\":\"Thalles Cristiano\",\"image\":{\"@type\":\"ImageObject\",\"inLanguage\":\"pt-BR\",\"@id\":\"https:\\\/\\\/secure.gravatar.com\\\/avatar\\\/0d1b9a4bdcde99ab11a8cd27abdcd088993749b82c4355c0301135023dc52b3d?s=96&d=mm&r=g\",\"url\":\"https:\\\/\\\/secure.gravatar.com\\\/avatar\\\/0d1b9a4bdcde99ab11a8cd27abdcd088993749b82c4355c0301135023dc52b3d?s=96&d=mm&r=g\",\"contentUrl\":\"https:\\\/\\\/secure.gravatar.com\\\/avatar\\\/0d1b9a4bdcde99ab11a8cd27abdcd088993749b82c4355c0301135023dc52b3d?s=96&d=mm&r=g\",\"caption\":\"Thalles Cristiano\"},\"url\":\"https:\\\/\\\/capivari.sp.gov.br\\\/portal\\\/author\\\/thalles-cristiano\\\/\"}]}<\/script>\n<!-- \/ Yoast SEO plugin. -->","yoast_head_json":{"title":"Prefeitura de Capivari participa de cerim\u00f4nia de in\u00edcio das obras de constru\u00e7\u00e3o da nova f\u00e1brica da empresa Drylock Technologies - Prefeitura de Capivari","robots":{"index":"index","follow":"follow","max-snippet":"max-snippet:-1","max-image-preview":"max-image-preview:large","max-video-preview":"max-video-preview:-1"},"canonical":"https:\/\/capivari.sp.gov.br\/portal\/prefeitura-de-capivari-participa-de-cerimonia-de-inicio-das-obras-de-construcao-da-nova-fabrica-da-empresa-drylock-technologies\/","og_locale":"pt_BR","og_type":"article","og_title":"Prefeitura de Capivari participa de cerim\u00f4nia de in\u00edcio das obras de constru\u00e7\u00e3o da nova f\u00e1brica da empresa Drylock Technologies - Prefeitura de Capivari","og_description":"Na tarde da \u00faltima quarta-feira, dia 06, o vice-prefeito de Capivari, Bruno Barnab\u00e9, esteve no terreno localizado \u00e0s margens da rodovia SP-101 para participar da cerim\u00f4nia de in\u00edcio das obras da nova planta fabril da empresa Drylock Technologies, uma das maiores ind\u00fastrias da cidade. O evento ainda recebeu o CEO Bart Van Malderen, l\u00edderes da [&hellip;]","og_url":"https:\/\/capivari.sp.gov.br\/portal\/prefeitura-de-capivari-participa-de-cerimonia-de-inicio-das-obras-de-construcao-da-nova-fabrica-da-empresa-drylock-technologies\/","og_site_name":"Prefeitura de Capivari","article_publisher":"https:\/\/www.facebook.com\/PrefeituradeCapivari\/","article_published_time":"2024-11-07T16:47:15+00:00","og_image":[{"width":2560,"height":1441,"url":"https:\/\/capivari.sp.gov.br\/portal\/wp-content\/uploads\/2024\/11\/20241106_171229-scaled.jpg","type":"image\/jpeg"}],"author":"Thalles Cristiano","twitter_card":"summary_large_image","twitter_creator":"@PrefCapivari","twitter_site":"@PrefCapivari","twitter_misc":{"Escrito por":"Thalles Cristiano","Est. tempo de leitura":"3 minutos"},"schema":{"@context":"https:\/\/schema.org","@graph":[{"@type":"Article","@id":"https:\/\/capivari.sp.gov.br\/portal\/prefeitura-de-capivari-participa-de-cerimonia-de-inicio-das-obras-de-construcao-da-nova-fabrica-da-empresa-drylock-technologies\/#article","isPartOf":{"@id":"https:\/\/capivari.sp.gov.br\/portal\/prefeitura-de-capivari-participa-de-cerimonia-de-inicio-das-obras-de-construcao-da-nova-fabrica-da-empresa-drylock-technologies\/"},"author":{"name":"Thalles Cristiano","@id":"https:\/\/capivari.sp.gov.br\/portal\/#\/schema\/person\/98801614a91d449946b0687ae2db9f29"},"headline":"Prefeitura de Capivari participa de cerim\u00f4nia de in\u00edcio das obras de constru\u00e7\u00e3o da nova f\u00e1brica da empresa Drylock Technologies","datePublished":"2024-11-07T16:47:15+00:00","mainEntityOfPage":{"@id":"https:\/\/capivari.sp.gov.br\/portal\/prefeitura-de-capivari-participa-de-cerimonia-de-inicio-das-obras-de-construcao-da-nova-fabrica-da-empresa-drylock-technologies\/"},"wordCount":382,"commentCount":0,"publisher":{"@id":"https:\/\/capivari.sp.gov.br\/portal\/#organization"},"image":{"@id":"https:\/\/capivari.sp.gov.br\/portal\/prefeitura-de-capivari-participa-de-cerimonia-de-inicio-das-obras-de-construcao-da-nova-fabrica-da-empresa-drylock-technologies\/#primaryimage"},"thumbnailUrl":"https:\/\/capivari.sp.gov.br\/portal\/wp-content\/uploads\/2024\/11\/20241106_171229-scaled.jpg","articleSection":["Desenvolvimento Econ\u00f4mico, Turismo e Inova\u00e7\u00e3o","Destaque","Geral"],"inLanguage":"pt-BR","potentialAction":[{"@type":"CommentAction","name":"Comment","target":["https:\/\/capivari.sp.gov.br\/portal\/prefeitura-de-capivari-participa-de-cerimonia-de-inicio-das-obras-de-construcao-da-nova-fabrica-da-empresa-drylock-technologies\/#respond"]}]},{"@type":"WebPage","@id":"https:\/\/capivari.sp.gov.br\/portal\/prefeitura-de-capivari-participa-de-cerimonia-de-inicio-das-obras-de-construcao-da-nova-fabrica-da-empresa-drylock-technologies\/","url":"https:\/\/capivari.sp.gov.br\/portal\/prefeitura-de-capivari-participa-de-cerimonia-de-inicio-das-obras-de-construcao-da-nova-fabrica-da-empresa-drylock-technologies\/","name":"Prefeitura de Capivari participa de cerim\u00f4nia de in\u00edcio das obras de constru\u00e7\u00e3o da nova f\u00e1brica da empresa Drylock Technologies - Prefeitura de Capivari","isPartOf":{"@id":"https:\/\/capivari.sp.gov.br\/portal\/#website"},"primaryImageOfPage":{"@id":"https:\/\/capivari.sp.gov.br\/portal\/prefeitura-de-capivari-participa-de-cerimonia-de-inicio-das-obras-de-construcao-da-nova-fabrica-da-empresa-drylock-technologies\/#primaryimage"},"image":{"@id":"https:\/\/capivari.sp.gov.br\/portal\/prefeitura-de-capivari-participa-de-cerimonia-de-inicio-das-obras-de-construcao-da-nova-fabrica-da-empresa-drylock-technologies\/#primaryimage"},"thumbnailUrl":"https:\/\/capivari.sp.gov.br\/portal\/wp-content\/uploads\/2024\/11\/20241106_171229-scaled.jpg","datePublished":"2024-11-07T16:47:15+00:00","breadcrumb":{"@id":"https:\/\/capivari.sp.gov.br\/portal\/prefeitura-de-capivari-participa-de-cerimonia-de-inicio-das-obras-de-construcao-da-nova-fabrica-da-empresa-drylock-technologies\/#breadcrumb"},"inLanguage":"pt-BR","potentialAction":[{"@type":"ReadAction","target":["https:\/\/capivari.sp.gov.br\/portal\/prefeitura-de-capivari-participa-de-cerimonia-de-inicio-das-obras-de-construcao-da-nova-fabrica-da-empresa-drylock-technologies\/"]}]},{"@type":"ImageObject","inLanguage":"pt-BR","@id":"https:\/\/capivari.sp.gov.br\/portal\/prefeitura-de-capivari-participa-de-cerimonia-de-inicio-das-obras-de-construcao-da-nova-fabrica-da-empresa-drylock-technologies\/#primaryimage","url":"https:\/\/capivari.sp.gov.br\/portal\/wp-content\/uploads\/2024\/11\/20241106_171229-scaled.jpg","contentUrl":"https:\/\/capivari.sp.gov.br\/portal\/wp-content\/uploads\/2024\/11\/20241106_171229-scaled.jpg","width":2560,"height":1441},{"@type":"BreadcrumbList","@id":"https:\/\/capivari.sp.gov.br\/portal\/prefeitura-de-capivari-participa-de-cerimonia-de-inicio-das-obras-de-construcao-da-nova-fabrica-da-empresa-drylock-technologies\/#breadcrumb","itemListElement":[{"@type":"ListItem","position":1,"name":"In\u00edcio","item":"https:\/\/capivari.sp.gov.br\/portal\/"},{"@type":"ListItem","position":2,"name":"Prefeitura de Capivari participa de cerim\u00f4nia de in\u00edcio das obras de constru\u00e7\u00e3o da nova f\u00e1brica da empresa Drylock Technologies"}]},{"@type":"WebSite","@id":"https:\/\/capivari.sp.gov.br\/portal\/#website","url":"https:\/\/capivari.sp.gov.br\/portal\/","name":"Prefeitura de Capivari","description":"Prefeitura de Capivari","publisher":{"@id":"https:\/\/capivari.sp.gov.br\/portal\/#organization"},"potentialAction":[{"@type":"SearchAction","target":{"@type":"EntryPoint","urlTemplate":"https:\/\/capivari.sp.gov.br\/portal\/?s={search_term_string}"},"query-input":{"@type":"PropertyValueSpecification","valueRequired":true,"valueName":"search_term_string"}}],"inLanguage":"pt-BR"},{"@type":"Organization","@id":"https:\/\/capivari.sp.gov.br\/portal\/#organization","name":"Prefeitura de Capivari","url":"https:\/\/capivari.sp.gov.br\/portal\/","logo":{"@type":"ImageObject","inLanguage":"pt-BR","@id":"https:\/\/capivari.sp.gov.br\/portal\/#\/schema\/logo\/image\/","url":"https:\/\/capivari.sp.gov.br\/portal\/wp-content\/uploads\/2021\/09\/logo-prefeitura-de-capivari.png","contentUrl":"https:\/\/capivari.sp.gov.br\/portal\/wp-content\/uploads\/2021\/09\/logo-prefeitura-de-capivari.png","width":200,"height":147,"caption":"Prefeitura de Capivari"},"image":{"@id":"https:\/\/capivari.sp.gov.br\/portal\/#\/schema\/logo\/image\/"},"sameAs":["https:\/\/www.facebook.com\/PrefeituradeCapivari\/","https:\/\/x.com\/PrefCapivari","https:\/\/www.instagram.com\/prefeituracapivari\/"]},{"@type":"Person","@id":"https:\/\/capivari.sp.gov.br\/portal\/#\/schema\/person\/98801614a91d449946b0687ae2db9f29","name":"Thalles Cristiano","image":{"@type":"ImageObject","inLanguage":"pt-BR","@id":"https:\/\/secure.gravatar.com\/avatar\/0d1b9a4bdcde99ab11a8cd27abdcd088993749b82c4355c0301135023dc52b3d?s=96&d=mm&r=g","url":"https:\/\/secure.gravatar.com\/avatar\/0d1b9a4bdcde99ab11a8cd27abdcd088993749b82c4355c0301135023dc52b3d?s=96&d=mm&r=g","contentUrl":"https:\/\/secure.gravatar.com\/avatar\/0d1b9a4bdcde99ab11a8cd27abdcd088993749b82c4355c0301135023dc52b3d?s=96&d=mm&r=g","caption":"Thalles Cristiano"},"url":"https:\/\/capivari.sp.gov.br\/portal\/author\/thalles-cristiano\/"}]}},"_links":{"self":[{"href":"https:\/\/capivari.sp.gov.br\/portal\/wp-json\/wp\/v2\/posts\/18443","targetHints":{"allow":["GET"]}}],"collection":[{"href":"https:\/\/capivari.sp.gov.br\/portal\/wp-json\/wp\/v2\/posts"}],"about":[{"href":"https:\/\/capivari.sp.gov.br\/portal\/wp-json\/wp\/v2\/types\/post"}],"author":[{"embeddable":true,"href":"https:\/\/capivari.sp.gov.br\/portal\/wp-json\/wp\/v2\/users\/2"}],"replies":[{"embeddable":true,"href":"https:\/\/capivari.sp.gov.br\/portal\/wp-json\/wp\/v2\/comments?post=18443"}],"version-history":[{"count":1,"href":"https:\/\/capivari.sp.gov.br\/portal\/wp-json\/wp\/v2\/posts\/18443\/revisions"}],"predecessor-version":[{"id":18445,"href":"https:\/\/capivari.sp.gov.br\/portal\/wp-json\/wp\/v2\/posts\/18443\/revisions\/18445"}],"wp:featuredmedia":[{"embeddable":true,"href":"https:\/\/capivari.sp.gov.br\/portal\/wp-json\/wp\/v2\/media\/18444"}],"wp:attachment":[{"href":"https:\/\/capivari.sp.gov.br\/portal\/wp-json\/wp\/v2\/media?parent=18443"}],"wp:term":[{"taxonomy":"category","embeddable":true,"href":"https:\/\/capivari.sp.gov.br\/portal\/wp-json\/wp\/v2\/categories?post=18443"},{"taxonomy":"post_tag","embeddable":true,"href":"https:\/\/capivari.sp.gov.br\/portal\/wp-json\/wp\/v2\/tags?post=18443"}],"curies":[{"name":"wp","href":"https:\/\/api.w.org\/{rel}","templated":true}]}}