{"id":18509,"date":"2024-11-18T10:29:39","date_gmt":"2024-11-18T13:29:39","guid":{"rendered":"https:\/\/capivari.sp.gov.br\/portal\/?p=18509"},"modified":"2024-11-18T10:29:39","modified_gmt":"2024-11-18T13:29:39","slug":"secretaria-de-esportes-anuncia-aulao-solidario-para-arrecadacao-de-brinquedos","status":"publish","type":"post","link":"https:\/\/capivari.sp.gov.br\/portal\/secretaria-de-esportes-anuncia-aulao-solidario-para-arrecadacao-de-brinquedos\/","title":{"rendered":"Secretaria de Esportes anuncia \u2018Aul\u00e3o Solid\u00e1rio\u2019 para arrecada\u00e7\u00e3o de brinquedos"},"content":{"rendered":"<p>A Secretaria de Esportes anunciou nesta semana uma novidade para a popula\u00e7\u00e3o de Capivari, desta vez envolvendo o p\u00fablico participante do programa \u201cTreino Funcional\u201d, grande sucesso que move multid\u00f5es em todos os seus encontros. No encontro do dia 28 de novembro, acontece mais uma edi\u00e7\u00e3o do \u201cAul\u00e3o Solid\u00e1rio\u201d, visando desta vez a arrecada\u00e7\u00e3o de brinquedos que ser\u00e3o destinados \u00e0s crian\u00e7as carentes do munic\u00edpio. A a\u00e7\u00e3o acontecer\u00e1 na Pra\u00e7a Central da cidade, a partir das 19h30.<\/p>\n<p>O programa \u201cTreino Funcional\u201d se re\u00fane todas as semanas, nas segundas, quartas e sextas na parte da manh\u00e3 no Parque Ecol\u00f3gico (a partir das 07h30) e as ter\u00e7as e quintas no per\u00edodo noturno (a partir das 19h45). Al\u00e9m disso, o \u201cTreino Funcional\u201d ainda faz aulas no bairro Moreto \u00e0s ter\u00e7as e quintas a partir das 07h30. Para participar da aula solid\u00e1ria, \u00e9 necess\u00e1rio fazer a doa\u00e7\u00e3o no pr\u00f3prio local, antes do in\u00edcio das atividades.<\/p>\n<p>Para saber mais sobre outros projetos e torneios organizados pela Secretaria de Esportes, os telefones (19) 2146-1525 e (19) 3492-8881 (WhatsApp), est\u00e3o dispon\u00edveis de segunda a sexta-feira, das 8h30 \u00e0s 16h30.<\/p>\n<p>Prefeitura de Capivari. Transformando o presente, construindo o futuro.<\/p>\n","protected":false},"excerpt":{"rendered":"<p>A Secretaria de Esportes anunciou nesta semana uma novidade para a popula\u00e7\u00e3o de Capivari, desta vez envolvendo o p\u00fablico participante do programa \u201cTreino Funcional\u201d, grande sucesso que move multid\u00f5es em todos os seus encontros. No encontro do dia 28 de novembro, acontece mais uma edi\u00e7\u00e3o do \u201cAul\u00e3o Solid\u00e1rio\u201d, visando desta vez a arrecada\u00e7\u00e3o de brinquedos [&hellip;]<\/p>\n","protected":false},"author":2,"featured_media":18510,"comment_status":"open","ping_status":"open","sticky":false,"template":"","format":"standard","meta":{"ocean_post_layout":"","ocean_both_sidebars_style":"","ocean_both_sidebars_content_width":0,"ocean_both_sidebars_sidebars_width":0,"ocean_sidebar":"","ocean_second_sidebar":"","ocean_disable_margins":"enable","ocean_add_body_class":"","ocean_shortcode_before_top_bar":"","ocean_shortcode_after_top_bar":"","ocean_shortcode_before_header":"","ocean_shortcode_after_header":"","ocean_has_shortcode":"","ocean_shortcode_after_title":"","ocean_shortcode_before_footer_widgets":"","ocean_shortcode_after_footer_widgets":"","ocean_shortcode_before_footer_bottom":"","ocean_shortcode_after_footer_bottom":"","ocean_display_top_bar":"default","ocean_display_header":"default","ocean_header_style":"","ocean_center_header_left_menu":"","ocean_custom_header_template":"","ocean_custom_logo":0,"ocean_custom_retina_logo":0,"ocean_custom_logo_max_width":0,"ocean_custom_logo_tablet_max_width":0,"ocean_custom_logo_mobile_max_width":0,"ocean_custom_logo_max_height":0,"ocean_custom_logo_tablet_max_height":0,"ocean_custom_logo_mobile_max_height":0,"ocean_header_custom_menu":"","ocean_menu_typo_font_family":"","ocean_menu_typo_font_subset":"","ocean_menu_typo_font_size":0,"ocean_menu_typo_font_size_tablet":0,"ocean_menu_typo_font_size_mobile":0,"ocean_menu_typo_font_size_unit":"px","ocean_menu_typo_font_weight":"","ocean_menu_typo_font_weight_tablet":"","ocean_menu_typo_font_weight_mobile":"","ocean_menu_typo_transform":"","ocean_menu_typo_transform_tablet":"","ocean_menu_typo_transform_mobile":"","ocean_menu_typo_line_height":0,"ocean_menu_typo_line_height_tablet":0,"ocean_menu_typo_line_height_mobile":0,"ocean_menu_typo_line_height_unit":"","ocean_menu_typo_spacing":0,"ocean_menu_typo_spacing_tablet":0,"ocean_menu_typo_spacing_mobile":0,"ocean_menu_typo_spacing_unit":"","ocean_menu_link_color":"","ocean_menu_link_color_hover":"","ocean_menu_link_color_active":"","ocean_menu_link_background":"","ocean_menu_link_hover_background":"","ocean_menu_link_active_background":"","ocean_menu_social_links_bg":"","ocean_menu_social_hover_links_bg":"","ocean_menu_social_links_color":"","ocean_menu_social_hover_links_color":"","ocean_disable_title":"default","ocean_disable_heading":"default","ocean_post_title":"","ocean_post_subheading":"","ocean_post_title_style":"","ocean_post_title_background_color":"","ocean_post_title_background":0,"ocean_post_title_bg_image_position":"","ocean_post_title_bg_image_attachment":"","ocean_post_title_bg_image_repeat":"","ocean_post_title_bg_image_size":"","ocean_post_title_height":0,"ocean_post_title_bg_overlay":0.5,"ocean_post_title_bg_overlay_color":"","ocean_disable_breadcrumbs":"default","ocean_breadcrumbs_color":"","ocean_breadcrumbs_separator_color":"","ocean_breadcrumbs_links_color":"","ocean_breadcrumbs_links_hover_color":"","ocean_display_footer_widgets":"default","ocean_display_footer_bottom":"default","ocean_custom_footer_template":"","ocean_post_oembed":"","ocean_post_self_hosted_media":"","ocean_post_video_embed":"","ocean_link_format":"","ocean_link_format_target":"self","ocean_quote_format":"","ocean_quote_format_link":"post","ocean_gallery_link_images":"on","ocean_gallery_id":[],"footnotes":""},"categories":[4,25,5],"tags":[],"class_list":["post-18509","post","type-post","status-publish","format-standard","has-post-thumbnail","hentry","category-destaque","category-esporte","category-geral","entry","has-media"],"yoast_head":"<!-- This site is optimized with the Yoast SEO plugin v27.4 - https:\/\/yoast.com\/product\/yoast-seo-wordpress\/ -->\n<title>Secretaria de Esportes anuncia \u2018Aul\u00e3o Solid\u00e1rio\u2019 para arrecada\u00e7\u00e3o de brinquedos - Prefeitura de Capivari<\/title>\n<meta name=\"robots\" content=\"index, follow, max-snippet:-1, max-image-preview:large, max-video-preview:-1\" \/>\n<link rel=\"canonical\" href=\"https:\/\/capivari.sp.gov.br\/portal\/secretaria-de-esportes-anuncia-aulao-solidario-para-arrecadacao-de-brinquedos\/\" \/>\n<meta property=\"og:locale\" content=\"pt_BR\" \/>\n<meta property=\"og:type\" content=\"article\" \/>\n<meta property=\"og:title\" content=\"Secretaria de Esportes anuncia \u2018Aul\u00e3o Solid\u00e1rio\u2019 para arrecada\u00e7\u00e3o de brinquedos - Prefeitura de Capivari\" \/>\n<meta property=\"og:description\" content=\"A Secretaria de Esportes anunciou nesta semana uma novidade para a popula\u00e7\u00e3o de Capivari, desta vez envolvendo o p\u00fablico participante do programa \u201cTreino Funcional\u201d, grande sucesso que move multid\u00f5es em todos os seus encontros. No encontro do dia 28 de novembro, acontece mais uma edi\u00e7\u00e3o do \u201cAul\u00e3o Solid\u00e1rio\u201d, visando desta vez a arrecada\u00e7\u00e3o de brinquedos [&hellip;]\" \/>\n<meta property=\"og:url\" content=\"https:\/\/capivari.sp.gov.br\/portal\/secretaria-de-esportes-anuncia-aulao-solidario-para-arrecadacao-de-brinquedos\/\" \/>\n<meta property=\"og:site_name\" content=\"Prefeitura de Capivari\" \/>\n<meta property=\"article:publisher\" content=\"https:\/\/www.facebook.com\/PrefeituradeCapivari\/\" \/>\n<meta property=\"article:published_time\" content=\"2024-11-18T13:29:39+00:00\" \/>\n<meta property=\"og:image\" content=\"https:\/\/capivari.sp.gov.br\/portal\/wp-content\/uploads\/2024\/11\/WhatsApp-Image-2024-11-18-at-10.07.10.jpeg\" \/>\n\t<meta property=\"og:image:width\" content=\"1600\" \/>\n\t<meta property=\"og:image:height\" content=\"1600\" \/>\n\t<meta property=\"og:image:type\" content=\"image\/jpeg\" \/>\n<meta name=\"author\" content=\"Thalles Cristiano\" \/>\n<meta name=\"twitter:card\" content=\"summary_large_image\" \/>\n<meta name=\"twitter:creator\" content=\"@PrefCapivari\" \/>\n<meta name=\"twitter:site\" content=\"@PrefCapivari\" \/>\n<meta name=\"twitter:label1\" content=\"Escrito por\" \/>\n\t<meta name=\"twitter:data1\" content=\"Thalles Cristiano\" \/>\n\t<meta name=\"twitter:label2\" content=\"Est. tempo de leitura\" \/>\n\t<meta name=\"twitter:data2\" content=\"2 minutos\" \/>\n<script type=\"application\/ld+json\" class=\"yoast-schema-graph\">{\"@context\":\"https:\\\/\\\/schema.org\",\"@graph\":[{\"@type\":\"Article\",\"@id\":\"https:\\\/\\\/capivari.sp.gov.br\\\/portal\\\/secretaria-de-esportes-anuncia-aulao-solidario-para-arrecadacao-de-brinquedos\\\/#article\",\"isPartOf\":{\"@id\":\"https:\\\/\\\/capivari.sp.gov.br\\\/portal\\\/secretaria-de-esportes-anuncia-aulao-solidario-para-arrecadacao-de-brinquedos\\\/\"},\"author\":{\"name\":\"Thalles Cristiano\",\"@id\":\"https:\\\/\\\/capivari.sp.gov.br\\\/portal\\\/#\\\/schema\\\/person\\\/98801614a91d449946b0687ae2db9f29\"},\"headline\":\"Secretaria de Esportes anuncia \u2018Aul\u00e3o Solid\u00e1rio\u2019 para arrecada\u00e7\u00e3o de brinquedos\",\"datePublished\":\"2024-11-18T13:29:39+00:00\",\"mainEntityOfPage\":{\"@id\":\"https:\\\/\\\/capivari.sp.gov.br\\\/portal\\\/secretaria-de-esportes-anuncia-aulao-solidario-para-arrecadacao-de-brinquedos\\\/\"},\"wordCount\":223,\"commentCount\":0,\"publisher\":{\"@id\":\"https:\\\/\\\/capivari.sp.gov.br\\\/portal\\\/#organization\"},\"image\":{\"@id\":\"https:\\\/\\\/capivari.sp.gov.br\\\/portal\\\/secretaria-de-esportes-anuncia-aulao-solidario-para-arrecadacao-de-brinquedos\\\/#primaryimage\"},\"thumbnailUrl\":\"https:\\\/\\\/capivari.sp.gov.br\\\/portal\\\/wp-content\\\/uploads\\\/2024\\\/11\\\/WhatsApp-Image-2024-11-18-at-10.07.10.jpeg\",\"articleSection\":[\"Destaque\",\"Esporte\",\"Geral\"],\"inLanguage\":\"pt-BR\",\"potentialAction\":[{\"@type\":\"CommentAction\",\"name\":\"Comment\",\"target\":[\"https:\\\/\\\/capivari.sp.gov.br\\\/portal\\\/secretaria-de-esportes-anuncia-aulao-solidario-para-arrecadacao-de-brinquedos\\\/#respond\"]}]},{\"@type\":\"WebPage\",\"@id\":\"https:\\\/\\\/capivari.sp.gov.br\\\/portal\\\/secretaria-de-esportes-anuncia-aulao-solidario-para-arrecadacao-de-brinquedos\\\/\",\"url\":\"https:\\\/\\\/capivari.sp.gov.br\\\/portal\\\/secretaria-de-esportes-anuncia-aulao-solidario-para-arrecadacao-de-brinquedos\\\/\",\"name\":\"Secretaria de Esportes anuncia \u2018Aul\u00e3o Solid\u00e1rio\u2019 para arrecada\u00e7\u00e3o de brinquedos - Prefeitura de Capivari\",\"isPartOf\":{\"@id\":\"https:\\\/\\\/capivari.sp.gov.br\\\/portal\\\/#website\"},\"primaryImageOfPage\":{\"@id\":\"https:\\\/\\\/capivari.sp.gov.br\\\/portal\\\/secretaria-de-esportes-anuncia-aulao-solidario-para-arrecadacao-de-brinquedos\\\/#primaryimage\"},\"image\":{\"@id\":\"https:\\\/\\\/capivari.sp.gov.br\\\/portal\\\/secretaria-de-esportes-anuncia-aulao-solidario-para-arrecadacao-de-brinquedos\\\/#primaryimage\"},\"thumbnailUrl\":\"https:\\\/\\\/capivari.sp.gov.br\\\/portal\\\/wp-content\\\/uploads\\\/2024\\\/11\\\/WhatsApp-Image-2024-11-18-at-10.07.10.jpeg\",\"datePublished\":\"2024-11-18T13:29:39+00:00\",\"breadcrumb\":{\"@id\":\"https:\\\/\\\/capivari.sp.gov.br\\\/portal\\\/secretaria-de-esportes-anuncia-aulao-solidario-para-arrecadacao-de-brinquedos\\\/#breadcrumb\"},\"inLanguage\":\"pt-BR\",\"potentialAction\":[{\"@type\":\"ReadAction\",\"target\":[\"https:\\\/\\\/capivari.sp.gov.br\\\/portal\\\/secretaria-de-esportes-anuncia-aulao-solidario-para-arrecadacao-de-brinquedos\\\/\"]}]},{\"@type\":\"ImageObject\",\"inLanguage\":\"pt-BR\",\"@id\":\"https:\\\/\\\/capivari.sp.gov.br\\\/portal\\\/secretaria-de-esportes-anuncia-aulao-solidario-para-arrecadacao-de-brinquedos\\\/#primaryimage\",\"url\":\"https:\\\/\\\/capivari.sp.gov.br\\\/portal\\\/wp-content\\\/uploads\\\/2024\\\/11\\\/WhatsApp-Image-2024-11-18-at-10.07.10.jpeg\",\"contentUrl\":\"https:\\\/\\\/capivari.sp.gov.br\\\/portal\\\/wp-content\\\/uploads\\\/2024\\\/11\\\/WhatsApp-Image-2024-11-18-at-10.07.10.jpeg\",\"width\":1600,\"height\":1600},{\"@type\":\"BreadcrumbList\",\"@id\":\"https:\\\/\\\/capivari.sp.gov.br\\\/portal\\\/secretaria-de-esportes-anuncia-aulao-solidario-para-arrecadacao-de-brinquedos\\\/#breadcrumb\",\"itemListElement\":[{\"@type\":\"ListItem\",\"position\":1,\"name\":\"In\u00edcio\",\"item\":\"https:\\\/\\\/capivari.sp.gov.br\\\/portal\\\/\"},{\"@type\":\"ListItem\",\"position\":2,\"name\":\"Secretaria de Esportes anuncia \u2018Aul\u00e3o Solid\u00e1rio\u2019 para arrecada\u00e7\u00e3o de brinquedos\"}]},{\"@type\":\"WebSite\",\"@id\":\"https:\\\/\\\/capivari.sp.gov.br\\\/portal\\\/#website\",\"url\":\"https:\\\/\\\/capivari.sp.gov.br\\\/portal\\\/\",\"name\":\"Prefeitura de Capivari\",\"description\":\"Prefeitura de Capivari\",\"publisher\":{\"@id\":\"https:\\\/\\\/capivari.sp.gov.br\\\/portal\\\/#organization\"},\"potentialAction\":[{\"@type\":\"SearchAction\",\"target\":{\"@type\":\"EntryPoint\",\"urlTemplate\":\"https:\\\/\\\/capivari.sp.gov.br\\\/portal\\\/?s={search_term_string}\"},\"query-input\":{\"@type\":\"PropertyValueSpecification\",\"valueRequired\":true,\"valueName\":\"search_term_string\"}}],\"inLanguage\":\"pt-BR\"},{\"@type\":\"Organization\",\"@id\":\"https:\\\/\\\/capivari.sp.gov.br\\\/portal\\\/#organization\",\"name\":\"Prefeitura de Capivari\",\"url\":\"https:\\\/\\\/capivari.sp.gov.br\\\/portal\\\/\",\"logo\":{\"@type\":\"ImageObject\",\"inLanguage\":\"pt-BR\",\"@id\":\"https:\\\/\\\/capivari.sp.gov.br\\\/portal\\\/#\\\/schema\\\/logo\\\/image\\\/\",\"url\":\"https:\\\/\\\/capivari.sp.gov.br\\\/portal\\\/wp-content\\\/uploads\\\/2021\\\/09\\\/logo-prefeitura-de-capivari.png\",\"contentUrl\":\"https:\\\/\\\/capivari.sp.gov.br\\\/portal\\\/wp-content\\\/uploads\\\/2021\\\/09\\\/logo-prefeitura-de-capivari.png\",\"width\":200,\"height\":147,\"caption\":\"Prefeitura de Capivari\"},\"image\":{\"@id\":\"https:\\\/\\\/capivari.sp.gov.br\\\/portal\\\/#\\\/schema\\\/logo\\\/image\\\/\"},\"sameAs\":[\"https:\\\/\\\/www.facebook.com\\\/PrefeituradeCapivari\\\/\",\"https:\\\/\\\/x.com\\\/PrefCapivari\",\"https:\\\/\\\/www.instagram.com\\\/prefeituracapivari\\\/\"]},{\"@type\":\"Person\",\"@id\":\"https:\\\/\\\/capivari.sp.gov.br\\\/portal\\\/#\\\/schema\\\/person\\\/98801614a91d449946b0687ae2db9f29\",\"name\":\"Thalles Cristiano\",\"image\":{\"@type\":\"ImageObject\",\"inLanguage\":\"pt-BR\",\"@id\":\"https:\\\/\\\/secure.gravatar.com\\\/avatar\\\/0d1b9a4bdcde99ab11a8cd27abdcd088993749b82c4355c0301135023dc52b3d?s=96&d=mm&r=g\",\"url\":\"https:\\\/\\\/secure.gravatar.com\\\/avatar\\\/0d1b9a4bdcde99ab11a8cd27abdcd088993749b82c4355c0301135023dc52b3d?s=96&d=mm&r=g\",\"contentUrl\":\"https:\\\/\\\/secure.gravatar.com\\\/avatar\\\/0d1b9a4bdcde99ab11a8cd27abdcd088993749b82c4355c0301135023dc52b3d?s=96&d=mm&r=g\",\"caption\":\"Thalles Cristiano\"},\"url\":\"https:\\\/\\\/capivari.sp.gov.br\\\/portal\\\/author\\\/thalles-cristiano\\\/\"}]}<\/script>\n<!-- \/ Yoast SEO plugin. -->","yoast_head_json":{"title":"Secretaria de Esportes anuncia \u2018Aul\u00e3o Solid\u00e1rio\u2019 para arrecada\u00e7\u00e3o de brinquedos - Prefeitura de Capivari","robots":{"index":"index","follow":"follow","max-snippet":"max-snippet:-1","max-image-preview":"max-image-preview:large","max-video-preview":"max-video-preview:-1"},"canonical":"https:\/\/capivari.sp.gov.br\/portal\/secretaria-de-esportes-anuncia-aulao-solidario-para-arrecadacao-de-brinquedos\/","og_locale":"pt_BR","og_type":"article","og_title":"Secretaria de Esportes anuncia \u2018Aul\u00e3o Solid\u00e1rio\u2019 para arrecada\u00e7\u00e3o de brinquedos - Prefeitura de Capivari","og_description":"A Secretaria de Esportes anunciou nesta semana uma novidade para a popula\u00e7\u00e3o de Capivari, desta vez envolvendo o p\u00fablico participante do programa \u201cTreino Funcional\u201d, grande sucesso que move multid\u00f5es em todos os seus encontros. No encontro do dia 28 de novembro, acontece mais uma edi\u00e7\u00e3o do \u201cAul\u00e3o Solid\u00e1rio\u201d, visando desta vez a arrecada\u00e7\u00e3o de brinquedos [&hellip;]","og_url":"https:\/\/capivari.sp.gov.br\/portal\/secretaria-de-esportes-anuncia-aulao-solidario-para-arrecadacao-de-brinquedos\/","og_site_name":"Prefeitura de Capivari","article_publisher":"https:\/\/www.facebook.com\/PrefeituradeCapivari\/","article_published_time":"2024-11-18T13:29:39+00:00","og_image":[{"width":1600,"height":1600,"url":"https:\/\/capivari.sp.gov.br\/portal\/wp-content\/uploads\/2024\/11\/WhatsApp-Image-2024-11-18-at-10.07.10.jpeg","type":"image\/jpeg"}],"author":"Thalles Cristiano","twitter_card":"summary_large_image","twitter_creator":"@PrefCapivari","twitter_site":"@PrefCapivari","twitter_misc":{"Escrito por":"Thalles Cristiano","Est. tempo de leitura":"2 minutos"},"schema":{"@context":"https:\/\/schema.org","@graph":[{"@type":"Article","@id":"https:\/\/capivari.sp.gov.br\/portal\/secretaria-de-esportes-anuncia-aulao-solidario-para-arrecadacao-de-brinquedos\/#article","isPartOf":{"@id":"https:\/\/capivari.sp.gov.br\/portal\/secretaria-de-esportes-anuncia-aulao-solidario-para-arrecadacao-de-brinquedos\/"},"author":{"name":"Thalles Cristiano","@id":"https:\/\/capivari.sp.gov.br\/portal\/#\/schema\/person\/98801614a91d449946b0687ae2db9f29"},"headline":"Secretaria de Esportes anuncia \u2018Aul\u00e3o Solid\u00e1rio\u2019 para arrecada\u00e7\u00e3o de brinquedos","datePublished":"2024-11-18T13:29:39+00:00","mainEntityOfPage":{"@id":"https:\/\/capivari.sp.gov.br\/portal\/secretaria-de-esportes-anuncia-aulao-solidario-para-arrecadacao-de-brinquedos\/"},"wordCount":223,"commentCount":0,"publisher":{"@id":"https:\/\/capivari.sp.gov.br\/portal\/#organization"},"image":{"@id":"https:\/\/capivari.sp.gov.br\/portal\/secretaria-de-esportes-anuncia-aulao-solidario-para-arrecadacao-de-brinquedos\/#primaryimage"},"thumbnailUrl":"https:\/\/capivari.sp.gov.br\/portal\/wp-content\/uploads\/2024\/11\/WhatsApp-Image-2024-11-18-at-10.07.10.jpeg","articleSection":["Destaque","Esporte","Geral"],"inLanguage":"pt-BR","potentialAction":[{"@type":"CommentAction","name":"Comment","target":["https:\/\/capivari.sp.gov.br\/portal\/secretaria-de-esportes-anuncia-aulao-solidario-para-arrecadacao-de-brinquedos\/#respond"]}]},{"@type":"WebPage","@id":"https:\/\/capivari.sp.gov.br\/portal\/secretaria-de-esportes-anuncia-aulao-solidario-para-arrecadacao-de-brinquedos\/","url":"https:\/\/capivari.sp.gov.br\/portal\/secretaria-de-esportes-anuncia-aulao-solidario-para-arrecadacao-de-brinquedos\/","name":"Secretaria de Esportes anuncia \u2018Aul\u00e3o Solid\u00e1rio\u2019 para arrecada\u00e7\u00e3o de brinquedos - Prefeitura de Capivari","isPartOf":{"@id":"https:\/\/capivari.sp.gov.br\/portal\/#website"},"primaryImageOfPage":{"@id":"https:\/\/capivari.sp.gov.br\/portal\/secretaria-de-esportes-anuncia-aulao-solidario-para-arrecadacao-de-brinquedos\/#primaryimage"},"image":{"@id":"https:\/\/capivari.sp.gov.br\/portal\/secretaria-de-esportes-anuncia-aulao-solidario-para-arrecadacao-de-brinquedos\/#primaryimage"},"thumbnailUrl":"https:\/\/capivari.sp.gov.br\/portal\/wp-content\/uploads\/2024\/11\/WhatsApp-Image-2024-11-18-at-10.07.10.jpeg","datePublished":"2024-11-18T13:29:39+00:00","breadcrumb":{"@id":"https:\/\/capivari.sp.gov.br\/portal\/secretaria-de-esportes-anuncia-aulao-solidario-para-arrecadacao-de-brinquedos\/#breadcrumb"},"inLanguage":"pt-BR","potentialAction":[{"@type":"ReadAction","target":["https:\/\/capivari.sp.gov.br\/portal\/secretaria-de-esportes-anuncia-aulao-solidario-para-arrecadacao-de-brinquedos\/"]}]},{"@type":"ImageObject","inLanguage":"pt-BR","@id":"https:\/\/capivari.sp.gov.br\/portal\/secretaria-de-esportes-anuncia-aulao-solidario-para-arrecadacao-de-brinquedos\/#primaryimage","url":"https:\/\/capivari.sp.gov.br\/portal\/wp-content\/uploads\/2024\/11\/WhatsApp-Image-2024-11-18-at-10.07.10.jpeg","contentUrl":"https:\/\/capivari.sp.gov.br\/portal\/wp-content\/uploads\/2024\/11\/WhatsApp-Image-2024-11-18-at-10.07.10.jpeg","width":1600,"height":1600},{"@type":"BreadcrumbList","@id":"https:\/\/capivari.sp.gov.br\/portal\/secretaria-de-esportes-anuncia-aulao-solidario-para-arrecadacao-de-brinquedos\/#breadcrumb","itemListElement":[{"@type":"ListItem","position":1,"name":"In\u00edcio","item":"https:\/\/capivari.sp.gov.br\/portal\/"},{"@type":"ListItem","position":2,"name":"Secretaria de Esportes anuncia \u2018Aul\u00e3o Solid\u00e1rio\u2019 para arrecada\u00e7\u00e3o de brinquedos"}]},{"@type":"WebSite","@id":"https:\/\/capivari.sp.gov.br\/portal\/#website","url":"https:\/\/capivari.sp.gov.br\/portal\/","name":"Prefeitura de Capivari","description":"Prefeitura de Capivari","publisher":{"@id":"https:\/\/capivari.sp.gov.br\/portal\/#organization"},"potentialAction":[{"@type":"SearchAction","target":{"@type":"EntryPoint","urlTemplate":"https:\/\/capivari.sp.gov.br\/portal\/?s={search_term_string}"},"query-input":{"@type":"PropertyValueSpecification","valueRequired":true,"valueName":"search_term_string"}}],"inLanguage":"pt-BR"},{"@type":"Organization","@id":"https:\/\/capivari.sp.gov.br\/portal\/#organization","name":"Prefeitura de Capivari","url":"https:\/\/capivari.sp.gov.br\/portal\/","logo":{"@type":"ImageObject","inLanguage":"pt-BR","@id":"https:\/\/capivari.sp.gov.br\/portal\/#\/schema\/logo\/image\/","url":"https:\/\/capivari.sp.gov.br\/portal\/wp-content\/uploads\/2021\/09\/logo-prefeitura-de-capivari.png","contentUrl":"https:\/\/capivari.sp.gov.br\/portal\/wp-content\/uploads\/2021\/09\/logo-prefeitura-de-capivari.png","width":200,"height":147,"caption":"Prefeitura de Capivari"},"image":{"@id":"https:\/\/capivari.sp.gov.br\/portal\/#\/schema\/logo\/image\/"},"sameAs":["https:\/\/www.facebook.com\/PrefeituradeCapivari\/","https:\/\/x.com\/PrefCapivari","https:\/\/www.instagram.com\/prefeituracapivari\/"]},{"@type":"Person","@id":"https:\/\/capivari.sp.gov.br\/portal\/#\/schema\/person\/98801614a91d449946b0687ae2db9f29","name":"Thalles Cristiano","image":{"@type":"ImageObject","inLanguage":"pt-BR","@id":"https:\/\/secure.gravatar.com\/avatar\/0d1b9a4bdcde99ab11a8cd27abdcd088993749b82c4355c0301135023dc52b3d?s=96&d=mm&r=g","url":"https:\/\/secure.gravatar.com\/avatar\/0d1b9a4bdcde99ab11a8cd27abdcd088993749b82c4355c0301135023dc52b3d?s=96&d=mm&r=g","contentUrl":"https:\/\/secure.gravatar.com\/avatar\/0d1b9a4bdcde99ab11a8cd27abdcd088993749b82c4355c0301135023dc52b3d?s=96&d=mm&r=g","caption":"Thalles Cristiano"},"url":"https:\/\/capivari.sp.gov.br\/portal\/author\/thalles-cristiano\/"}]}},"_links":{"self":[{"href":"https:\/\/capivari.sp.gov.br\/portal\/wp-json\/wp\/v2\/posts\/18509","targetHints":{"allow":["GET"]}}],"collection":[{"href":"https:\/\/capivari.sp.gov.br\/portal\/wp-json\/wp\/v2\/posts"}],"about":[{"href":"https:\/\/capivari.sp.gov.br\/portal\/wp-json\/wp\/v2\/types\/post"}],"author":[{"embeddable":true,"href":"https:\/\/capivari.sp.gov.br\/portal\/wp-json\/wp\/v2\/users\/2"}],"replies":[{"embeddable":true,"href":"https:\/\/capivari.sp.gov.br\/portal\/wp-json\/wp\/v2\/comments?post=18509"}],"version-history":[{"count":1,"href":"https:\/\/capivari.sp.gov.br\/portal\/wp-json\/wp\/v2\/posts\/18509\/revisions"}],"predecessor-version":[{"id":18511,"href":"https:\/\/capivari.sp.gov.br\/portal\/wp-json\/wp\/v2\/posts\/18509\/revisions\/18511"}],"wp:featuredmedia":[{"embeddable":true,"href":"https:\/\/capivari.sp.gov.br\/portal\/wp-json\/wp\/v2\/media\/18510"}],"wp:attachment":[{"href":"https:\/\/capivari.sp.gov.br\/portal\/wp-json\/wp\/v2\/media?parent=18509"}],"wp:term":[{"taxonomy":"category","embeddable":true,"href":"https:\/\/capivari.sp.gov.br\/portal\/wp-json\/wp\/v2\/categories?post=18509"},{"taxonomy":"post_tag","embeddable":true,"href":"https:\/\/capivari.sp.gov.br\/portal\/wp-json\/wp\/v2\/tags?post=18509"}],"curies":[{"name":"wp","href":"https:\/\/api.w.org\/{rel}","templated":true}]}}