{"id":18740,"date":"2025-01-02T09:42:09","date_gmt":"2025-01-02T12:42:09","guid":{"rendered":"https:\/\/capivari.sp.gov.br\/portal\/?p=18740"},"modified":"2025-01-02T09:42:09","modified_gmt":"2025-01-02T12:42:09","slug":"equipes-da-prefeitura-fazem-trabalho-intensivo-para-deixar-as-ruas-da-cidade-limpa","status":"publish","type":"post","link":"https:\/\/capivari.sp.gov.br\/portal\/equipes-da-prefeitura-fazem-trabalho-intensivo-para-deixar-as-ruas-da-cidade-limpa\/","title":{"rendered":"Equipes da Prefeitura fazem trabalho intensivo para deixar as ruas da cidade limpa"},"content":{"rendered":"<p><span style=\"font-family: Arial, sans-serif;\"><span style=\"font-size: large;\">Equipes da Prefeitura de Capivari seguem trabalhando desde o \u00faltimo dia do ano para devolver a normalidade para o munic\u00edpio depois da cheia do rio Capivari e seus afluentes, ocorrida durante o \u00faltimo final de semana de 2024. <\/span><\/span><\/p>\n<p><span style=\"font-family: Arial, sans-serif;\"><span style=\"font-size: large;\">O rio Capivari atingiu cerca de 3,90 metros em seu momento mais cr\u00edtico no \u00faltimo domingo, dia 29, chegando a causar alagamentos em 37 pontos do munic\u00edpio. O rio come\u00e7ou a baixar na segunda-feira, dia 30, deixando os locais bastante sujos, o que necessitou de um trabalho envolvendo v\u00e1rias secret\u00e1rias. <\/span><\/span><\/p>\n<p><span style=\"font-family: Arial, sans-serif;\"><span style=\"font-size: large;\">Nesta quinta-feira, dia 02 de janeiro, equipes da Defesa Civil, Guarda Civil e das Secretarias de Desenvolvimento Social, Desenvolvimento Urbano e Esportes continuam atuando no atendimento das fam\u00edlias atingidas e na lavagem das vias.<\/p>\n<p>A Defesa Civil de Capivari atende atrav\u00e9s dos n\u00fameros 199 e (19) 3492-3186. A Guarda Civil atende pelo n\u00famero 153 e WhatsApp (19) 3491-1311, 24h por dia, sete dias por semana. O Corpo de Bombeiros atende pelo 193.<\/span><\/span><\/p>\n","protected":false},"excerpt":{"rendered":"<p>Equipes da Prefeitura de Capivari seguem trabalhando desde o \u00faltimo dia do ano para devolver a normalidade para o munic\u00edpio depois da cheia do rio Capivari e seus afluentes, ocorrida durante o \u00faltimo final de semana de 2024. O rio Capivari atingiu cerca de 3,90 metros em seu momento mais cr\u00edtico no \u00faltimo domingo, dia [&hellip;]<\/p>\n","protected":false},"author":15,"featured_media":18741,"comment_status":"open","ping_status":"open","sticky":false,"template":"","format":"standard","meta":{"ocean_post_layout":"","ocean_both_sidebars_style":"","ocean_both_sidebars_content_width":0,"ocean_both_sidebars_sidebars_width":0,"ocean_sidebar":"","ocean_second_sidebar":"","ocean_disable_margins":"enable","ocean_add_body_class":"","ocean_shortcode_before_top_bar":"","ocean_shortcode_after_top_bar":"","ocean_shortcode_before_header":"","ocean_shortcode_after_header":"","ocean_has_shortcode":"","ocean_shortcode_after_title":"","ocean_shortcode_before_footer_widgets":"","ocean_shortcode_after_footer_widgets":"","ocean_shortcode_before_footer_bottom":"","ocean_shortcode_after_footer_bottom":"","ocean_display_top_bar":"default","ocean_display_header":"default","ocean_header_style":"","ocean_center_header_left_menu":"","ocean_custom_header_template":"","ocean_custom_logo":0,"ocean_custom_retina_logo":0,"ocean_custom_logo_max_width":0,"ocean_custom_logo_tablet_max_width":0,"ocean_custom_logo_mobile_max_width":0,"ocean_custom_logo_max_height":0,"ocean_custom_logo_tablet_max_height":0,"ocean_custom_logo_mobile_max_height":0,"ocean_header_custom_menu":"","ocean_menu_typo_font_family":"","ocean_menu_typo_font_subset":"","ocean_menu_typo_font_size":0,"ocean_menu_typo_font_size_tablet":0,"ocean_menu_typo_font_size_mobile":0,"ocean_menu_typo_font_size_unit":"px","ocean_menu_typo_font_weight":"","ocean_menu_typo_font_weight_tablet":"","ocean_menu_typo_font_weight_mobile":"","ocean_menu_typo_transform":"","ocean_menu_typo_transform_tablet":"","ocean_menu_typo_transform_mobile":"","ocean_menu_typo_line_height":0,"ocean_menu_typo_line_height_tablet":0,"ocean_menu_typo_line_height_mobile":0,"ocean_menu_typo_line_height_unit":"","ocean_menu_typo_spacing":0,"ocean_menu_typo_spacing_tablet":0,"ocean_menu_typo_spacing_mobile":0,"ocean_menu_typo_spacing_unit":"","ocean_menu_link_color":"","ocean_menu_link_color_hover":"","ocean_menu_link_color_active":"","ocean_menu_link_background":"","ocean_menu_link_hover_background":"","ocean_menu_link_active_background":"","ocean_menu_social_links_bg":"","ocean_menu_social_hover_links_bg":"","ocean_menu_social_links_color":"","ocean_menu_social_hover_links_color":"","ocean_disable_title":"default","ocean_disable_heading":"default","ocean_post_title":"","ocean_post_subheading":"","ocean_post_title_style":"","ocean_post_title_background_color":"","ocean_post_title_background":0,"ocean_post_title_bg_image_position":"","ocean_post_title_bg_image_attachment":"","ocean_post_title_bg_image_repeat":"","ocean_post_title_bg_image_size":"","ocean_post_title_height":0,"ocean_post_title_bg_overlay":0.5,"ocean_post_title_bg_overlay_color":"","ocean_disable_breadcrumbs":"default","ocean_breadcrumbs_color":"","ocean_breadcrumbs_separator_color":"","ocean_breadcrumbs_links_color":"","ocean_breadcrumbs_links_hover_color":"","ocean_display_footer_widgets":"default","ocean_display_footer_bottom":"default","ocean_custom_footer_template":"","ocean_post_oembed":"","ocean_post_self_hosted_media":"","ocean_post_video_embed":"","ocean_link_format":"","ocean_link_format_target":"self","ocean_quote_format":"","ocean_quote_format_link":"post","ocean_gallery_link_images":"on","ocean_gallery_id":[],"footnotes":""},"categories":[35,19,4,5],"tags":[],"class_list":["post-18740","post","type-post","status-publish","format-standard","has-post-thumbnail","hentry","category-chefe-de-gabinete","category-desenvolvimento-social","category-destaque","category-geral","entry","has-media"],"yoast_head":"<!-- This site is optimized with the Yoast SEO plugin v27.5 - https:\/\/yoast.com\/product\/yoast-seo-wordpress\/ -->\n<title>Equipes da Prefeitura fazem trabalho intensivo para deixar as ruas da cidade limpa - Prefeitura de Capivari<\/title>\n<meta name=\"robots\" content=\"index, follow, max-snippet:-1, max-image-preview:large, max-video-preview:-1\" \/>\n<link rel=\"canonical\" href=\"https:\/\/capivari.sp.gov.br\/portal\/equipes-da-prefeitura-fazem-trabalho-intensivo-para-deixar-as-ruas-da-cidade-limpa\/\" \/>\n<meta property=\"og:locale\" content=\"pt_BR\" \/>\n<meta property=\"og:type\" content=\"article\" \/>\n<meta property=\"og:title\" content=\"Equipes da Prefeitura fazem trabalho intensivo para deixar as ruas da cidade limpa - Prefeitura de Capivari\" \/>\n<meta property=\"og:description\" content=\"Equipes da Prefeitura de Capivari seguem trabalhando desde o \u00faltimo dia do ano para devolver a normalidade para o munic\u00edpio depois da cheia do rio Capivari e seus afluentes, ocorrida durante o \u00faltimo final de semana de 2024. O rio Capivari atingiu cerca de 3,90 metros em seu momento mais cr\u00edtico no \u00faltimo domingo, dia [&hellip;]\" \/>\n<meta property=\"og:url\" content=\"https:\/\/capivari.sp.gov.br\/portal\/equipes-da-prefeitura-fazem-trabalho-intensivo-para-deixar-as-ruas-da-cidade-limpa\/\" \/>\n<meta property=\"og:site_name\" content=\"Prefeitura de Capivari\" \/>\n<meta property=\"article:publisher\" content=\"https:\/\/www.facebook.com\/PrefeituradeCapivari\/\" \/>\n<meta property=\"article:published_time\" content=\"2025-01-02T12:42:09+00:00\" \/>\n<meta property=\"og:image\" content=\"https:\/\/capivari.sp.gov.br\/portal\/wp-content\/uploads\/2025\/01\/DJI_20241231103801_0192_D-5-1024x768.jpg\" \/>\n\t<meta property=\"og:image:width\" content=\"1024\" \/>\n\t<meta property=\"og:image:height\" content=\"768\" \/>\n\t<meta property=\"og:image:type\" content=\"image\/jpeg\" \/>\n<meta name=\"author\" content=\"Luciano Assis\" \/>\n<meta name=\"twitter:card\" content=\"summary_large_image\" \/>\n<meta name=\"twitter:creator\" content=\"@PrefCapivari\" \/>\n<meta name=\"twitter:site\" content=\"@PrefCapivari\" \/>\n<meta name=\"twitter:label1\" content=\"Escrito por\" \/>\n\t<meta name=\"twitter:data1\" content=\"Luciano Assis\" \/>\n\t<meta name=\"twitter:label2\" content=\"Est. tempo de leitura\" \/>\n\t<meta name=\"twitter:data2\" content=\"2 minutos\" \/>\n<script type=\"application\/ld+json\" class=\"yoast-schema-graph\">{\"@context\":\"https:\\\/\\\/schema.org\",\"@graph\":[{\"@type\":\"Article\",\"@id\":\"https:\\\/\\\/capivari.sp.gov.br\\\/portal\\\/equipes-da-prefeitura-fazem-trabalho-intensivo-para-deixar-as-ruas-da-cidade-limpa\\\/#article\",\"isPartOf\":{\"@id\":\"https:\\\/\\\/capivari.sp.gov.br\\\/portal\\\/equipes-da-prefeitura-fazem-trabalho-intensivo-para-deixar-as-ruas-da-cidade-limpa\\\/\"},\"author\":{\"name\":\"Luciano Assis\",\"@id\":\"https:\\\/\\\/capivari.sp.gov.br\\\/portal\\\/#\\\/schema\\\/person\\\/ac37113577adfc1517e0cfa854b830b4\"},\"headline\":\"Equipes da Prefeitura fazem trabalho intensivo para deixar as ruas da cidade limpa\",\"datePublished\":\"2025-01-02T12:42:09+00:00\",\"mainEntityOfPage\":{\"@id\":\"https:\\\/\\\/capivari.sp.gov.br\\\/portal\\\/equipes-da-prefeitura-fazem-trabalho-intensivo-para-deixar-as-ruas-da-cidade-limpa\\\/\"},\"wordCount\":172,\"commentCount\":0,\"publisher\":{\"@id\":\"https:\\\/\\\/capivari.sp.gov.br\\\/portal\\\/#organization\"},\"image\":{\"@id\":\"https:\\\/\\\/capivari.sp.gov.br\\\/portal\\\/equipes-da-prefeitura-fazem-trabalho-intensivo-para-deixar-as-ruas-da-cidade-limpa\\\/#primaryimage\"},\"thumbnailUrl\":\"https:\\\/\\\/capivari.sp.gov.br\\\/portal\\\/wp-content\\\/uploads\\\/2025\\\/01\\\/DJI_20241231103801_0192_D-5.jpg\",\"articleSection\":[\"Chefe de Gabinete\",\"Desenvolvimento Social\",\"Destaque\",\"Geral\"],\"inLanguage\":\"pt-BR\",\"potentialAction\":[{\"@type\":\"CommentAction\",\"name\":\"Comment\",\"target\":[\"https:\\\/\\\/capivari.sp.gov.br\\\/portal\\\/equipes-da-prefeitura-fazem-trabalho-intensivo-para-deixar-as-ruas-da-cidade-limpa\\\/#respond\"]}]},{\"@type\":\"WebPage\",\"@id\":\"https:\\\/\\\/capivari.sp.gov.br\\\/portal\\\/equipes-da-prefeitura-fazem-trabalho-intensivo-para-deixar-as-ruas-da-cidade-limpa\\\/\",\"url\":\"https:\\\/\\\/capivari.sp.gov.br\\\/portal\\\/equipes-da-prefeitura-fazem-trabalho-intensivo-para-deixar-as-ruas-da-cidade-limpa\\\/\",\"name\":\"Equipes da Prefeitura fazem trabalho intensivo para deixar as ruas da cidade limpa - Prefeitura de Capivari\",\"isPartOf\":{\"@id\":\"https:\\\/\\\/capivari.sp.gov.br\\\/portal\\\/#website\"},\"primaryImageOfPage\":{\"@id\":\"https:\\\/\\\/capivari.sp.gov.br\\\/portal\\\/equipes-da-prefeitura-fazem-trabalho-intensivo-para-deixar-as-ruas-da-cidade-limpa\\\/#primaryimage\"},\"image\":{\"@id\":\"https:\\\/\\\/capivari.sp.gov.br\\\/portal\\\/equipes-da-prefeitura-fazem-trabalho-intensivo-para-deixar-as-ruas-da-cidade-limpa\\\/#primaryimage\"},\"thumbnailUrl\":\"https:\\\/\\\/capivari.sp.gov.br\\\/portal\\\/wp-content\\\/uploads\\\/2025\\\/01\\\/DJI_20241231103801_0192_D-5.jpg\",\"datePublished\":\"2025-01-02T12:42:09+00:00\",\"breadcrumb\":{\"@id\":\"https:\\\/\\\/capivari.sp.gov.br\\\/portal\\\/equipes-da-prefeitura-fazem-trabalho-intensivo-para-deixar-as-ruas-da-cidade-limpa\\\/#breadcrumb\"},\"inLanguage\":\"pt-BR\",\"potentialAction\":[{\"@type\":\"ReadAction\",\"target\":[\"https:\\\/\\\/capivari.sp.gov.br\\\/portal\\\/equipes-da-prefeitura-fazem-trabalho-intensivo-para-deixar-as-ruas-da-cidade-limpa\\\/\"]}]},{\"@type\":\"ImageObject\",\"inLanguage\":\"pt-BR\",\"@id\":\"https:\\\/\\\/capivari.sp.gov.br\\\/portal\\\/equipes-da-prefeitura-fazem-trabalho-intensivo-para-deixar-as-ruas-da-cidade-limpa\\\/#primaryimage\",\"url\":\"https:\\\/\\\/capivari.sp.gov.br\\\/portal\\\/wp-content\\\/uploads\\\/2025\\\/01\\\/DJI_20241231103801_0192_D-5.jpg\",\"contentUrl\":\"https:\\\/\\\/capivari.sp.gov.br\\\/portal\\\/wp-content\\\/uploads\\\/2025\\\/01\\\/DJI_20241231103801_0192_D-5.jpg\",\"width\":1920,\"height\":1440,\"caption\":\"default\"},{\"@type\":\"BreadcrumbList\",\"@id\":\"https:\\\/\\\/capivari.sp.gov.br\\\/portal\\\/equipes-da-prefeitura-fazem-trabalho-intensivo-para-deixar-as-ruas-da-cidade-limpa\\\/#breadcrumb\",\"itemListElement\":[{\"@type\":\"ListItem\",\"position\":1,\"name\":\"In\u00edcio\",\"item\":\"https:\\\/\\\/capivari.sp.gov.br\\\/portal\\\/\"},{\"@type\":\"ListItem\",\"position\":2,\"name\":\"Equipes da Prefeitura fazem trabalho intensivo para deixar as ruas da cidade limpa\"}]},{\"@type\":\"WebSite\",\"@id\":\"https:\\\/\\\/capivari.sp.gov.br\\\/portal\\\/#website\",\"url\":\"https:\\\/\\\/capivari.sp.gov.br\\\/portal\\\/\",\"name\":\"Prefeitura de Capivari\",\"description\":\"Prefeitura de Capivari\",\"publisher\":{\"@id\":\"https:\\\/\\\/capivari.sp.gov.br\\\/portal\\\/#organization\"},\"potentialAction\":[{\"@type\":\"SearchAction\",\"target\":{\"@type\":\"EntryPoint\",\"urlTemplate\":\"https:\\\/\\\/capivari.sp.gov.br\\\/portal\\\/?s={search_term_string}\"},\"query-input\":{\"@type\":\"PropertyValueSpecification\",\"valueRequired\":true,\"valueName\":\"search_term_string\"}}],\"inLanguage\":\"pt-BR\"},{\"@type\":\"Organization\",\"@id\":\"https:\\\/\\\/capivari.sp.gov.br\\\/portal\\\/#organization\",\"name\":\"Prefeitura de Capivari\",\"url\":\"https:\\\/\\\/capivari.sp.gov.br\\\/portal\\\/\",\"logo\":{\"@type\":\"ImageObject\",\"inLanguage\":\"pt-BR\",\"@id\":\"https:\\\/\\\/capivari.sp.gov.br\\\/portal\\\/#\\\/schema\\\/logo\\\/image\\\/\",\"url\":\"https:\\\/\\\/capivari.sp.gov.br\\\/portal\\\/wp-content\\\/uploads\\\/2021\\\/09\\\/logo-prefeitura-de-capivari.png\",\"contentUrl\":\"https:\\\/\\\/capivari.sp.gov.br\\\/portal\\\/wp-content\\\/uploads\\\/2021\\\/09\\\/logo-prefeitura-de-capivari.png\",\"width\":200,\"height\":147,\"caption\":\"Prefeitura de Capivari\"},\"image\":{\"@id\":\"https:\\\/\\\/capivari.sp.gov.br\\\/portal\\\/#\\\/schema\\\/logo\\\/image\\\/\"},\"sameAs\":[\"https:\\\/\\\/www.facebook.com\\\/PrefeituradeCapivari\\\/\",\"https:\\\/\\\/x.com\\\/PrefCapivari\",\"https:\\\/\\\/www.instagram.com\\\/prefeituracapivari\\\/\"]},{\"@type\":\"Person\",\"@id\":\"https:\\\/\\\/capivari.sp.gov.br\\\/portal\\\/#\\\/schema\\\/person\\\/ac37113577adfc1517e0cfa854b830b4\",\"name\":\"Luciano Assis\",\"image\":{\"@type\":\"ImageObject\",\"inLanguage\":\"pt-BR\",\"@id\":\"https:\\\/\\\/secure.gravatar.com\\\/avatar\\\/ec163f977a02ac195ce6085f5110a8c4c8c6cc357c134002f73b4664772e79a5?s=96&d=mm&r=g\",\"url\":\"https:\\\/\\\/secure.gravatar.com\\\/avatar\\\/ec163f977a02ac195ce6085f5110a8c4c8c6cc357c134002f73b4664772e79a5?s=96&d=mm&r=g\",\"contentUrl\":\"https:\\\/\\\/secure.gravatar.com\\\/avatar\\\/ec163f977a02ac195ce6085f5110a8c4c8c6cc357c134002f73b4664772e79a5?s=96&d=mm&r=g\",\"caption\":\"Luciano Assis\"},\"url\":\"https:\\\/\\\/capivari.sp.gov.br\\\/portal\\\/author\\\/luciano-assis\\\/\"}]}<\/script>\n<!-- \/ Yoast SEO plugin. -->","yoast_head_json":{"title":"Equipes da Prefeitura fazem trabalho intensivo para deixar as ruas da cidade limpa - Prefeitura de Capivari","robots":{"index":"index","follow":"follow","max-snippet":"max-snippet:-1","max-image-preview":"max-image-preview:large","max-video-preview":"max-video-preview:-1"},"canonical":"https:\/\/capivari.sp.gov.br\/portal\/equipes-da-prefeitura-fazem-trabalho-intensivo-para-deixar-as-ruas-da-cidade-limpa\/","og_locale":"pt_BR","og_type":"article","og_title":"Equipes da Prefeitura fazem trabalho intensivo para deixar as ruas da cidade limpa - Prefeitura de Capivari","og_description":"Equipes da Prefeitura de Capivari seguem trabalhando desde o \u00faltimo dia do ano para devolver a normalidade para o munic\u00edpio depois da cheia do rio Capivari e seus afluentes, ocorrida durante o \u00faltimo final de semana de 2024. O rio Capivari atingiu cerca de 3,90 metros em seu momento mais cr\u00edtico no \u00faltimo domingo, dia [&hellip;]","og_url":"https:\/\/capivari.sp.gov.br\/portal\/equipes-da-prefeitura-fazem-trabalho-intensivo-para-deixar-as-ruas-da-cidade-limpa\/","og_site_name":"Prefeitura de Capivari","article_publisher":"https:\/\/www.facebook.com\/PrefeituradeCapivari\/","article_published_time":"2025-01-02T12:42:09+00:00","og_image":[{"width":1024,"height":768,"url":"https:\/\/capivari.sp.gov.br\/portal\/wp-content\/uploads\/2025\/01\/DJI_20241231103801_0192_D-5-1024x768.jpg","type":"image\/jpeg"}],"author":"Luciano Assis","twitter_card":"summary_large_image","twitter_creator":"@PrefCapivari","twitter_site":"@PrefCapivari","twitter_misc":{"Escrito por":"Luciano Assis","Est. tempo de leitura":"2 minutos"},"schema":{"@context":"https:\/\/schema.org","@graph":[{"@type":"Article","@id":"https:\/\/capivari.sp.gov.br\/portal\/equipes-da-prefeitura-fazem-trabalho-intensivo-para-deixar-as-ruas-da-cidade-limpa\/#article","isPartOf":{"@id":"https:\/\/capivari.sp.gov.br\/portal\/equipes-da-prefeitura-fazem-trabalho-intensivo-para-deixar-as-ruas-da-cidade-limpa\/"},"author":{"name":"Luciano Assis","@id":"https:\/\/capivari.sp.gov.br\/portal\/#\/schema\/person\/ac37113577adfc1517e0cfa854b830b4"},"headline":"Equipes da Prefeitura fazem trabalho intensivo para deixar as ruas da cidade limpa","datePublished":"2025-01-02T12:42:09+00:00","mainEntityOfPage":{"@id":"https:\/\/capivari.sp.gov.br\/portal\/equipes-da-prefeitura-fazem-trabalho-intensivo-para-deixar-as-ruas-da-cidade-limpa\/"},"wordCount":172,"commentCount":0,"publisher":{"@id":"https:\/\/capivari.sp.gov.br\/portal\/#organization"},"image":{"@id":"https:\/\/capivari.sp.gov.br\/portal\/equipes-da-prefeitura-fazem-trabalho-intensivo-para-deixar-as-ruas-da-cidade-limpa\/#primaryimage"},"thumbnailUrl":"https:\/\/capivari.sp.gov.br\/portal\/wp-content\/uploads\/2025\/01\/DJI_20241231103801_0192_D-5.jpg","articleSection":["Chefe de Gabinete","Desenvolvimento Social","Destaque","Geral"],"inLanguage":"pt-BR","potentialAction":[{"@type":"CommentAction","name":"Comment","target":["https:\/\/capivari.sp.gov.br\/portal\/equipes-da-prefeitura-fazem-trabalho-intensivo-para-deixar-as-ruas-da-cidade-limpa\/#respond"]}]},{"@type":"WebPage","@id":"https:\/\/capivari.sp.gov.br\/portal\/equipes-da-prefeitura-fazem-trabalho-intensivo-para-deixar-as-ruas-da-cidade-limpa\/","url":"https:\/\/capivari.sp.gov.br\/portal\/equipes-da-prefeitura-fazem-trabalho-intensivo-para-deixar-as-ruas-da-cidade-limpa\/","name":"Equipes da Prefeitura fazem trabalho intensivo para deixar as ruas da cidade limpa - Prefeitura de Capivari","isPartOf":{"@id":"https:\/\/capivari.sp.gov.br\/portal\/#website"},"primaryImageOfPage":{"@id":"https:\/\/capivari.sp.gov.br\/portal\/equipes-da-prefeitura-fazem-trabalho-intensivo-para-deixar-as-ruas-da-cidade-limpa\/#primaryimage"},"image":{"@id":"https:\/\/capivari.sp.gov.br\/portal\/equipes-da-prefeitura-fazem-trabalho-intensivo-para-deixar-as-ruas-da-cidade-limpa\/#primaryimage"},"thumbnailUrl":"https:\/\/capivari.sp.gov.br\/portal\/wp-content\/uploads\/2025\/01\/DJI_20241231103801_0192_D-5.jpg","datePublished":"2025-01-02T12:42:09+00:00","breadcrumb":{"@id":"https:\/\/capivari.sp.gov.br\/portal\/equipes-da-prefeitura-fazem-trabalho-intensivo-para-deixar-as-ruas-da-cidade-limpa\/#breadcrumb"},"inLanguage":"pt-BR","potentialAction":[{"@type":"ReadAction","target":["https:\/\/capivari.sp.gov.br\/portal\/equipes-da-prefeitura-fazem-trabalho-intensivo-para-deixar-as-ruas-da-cidade-limpa\/"]}]},{"@type":"ImageObject","inLanguage":"pt-BR","@id":"https:\/\/capivari.sp.gov.br\/portal\/equipes-da-prefeitura-fazem-trabalho-intensivo-para-deixar-as-ruas-da-cidade-limpa\/#primaryimage","url":"https:\/\/capivari.sp.gov.br\/portal\/wp-content\/uploads\/2025\/01\/DJI_20241231103801_0192_D-5.jpg","contentUrl":"https:\/\/capivari.sp.gov.br\/portal\/wp-content\/uploads\/2025\/01\/DJI_20241231103801_0192_D-5.jpg","width":1920,"height":1440,"caption":"default"},{"@type":"BreadcrumbList","@id":"https:\/\/capivari.sp.gov.br\/portal\/equipes-da-prefeitura-fazem-trabalho-intensivo-para-deixar-as-ruas-da-cidade-limpa\/#breadcrumb","itemListElement":[{"@type":"ListItem","position":1,"name":"In\u00edcio","item":"https:\/\/capivari.sp.gov.br\/portal\/"},{"@type":"ListItem","position":2,"name":"Equipes da Prefeitura fazem trabalho intensivo para deixar as ruas da cidade limpa"}]},{"@type":"WebSite","@id":"https:\/\/capivari.sp.gov.br\/portal\/#website","url":"https:\/\/capivari.sp.gov.br\/portal\/","name":"Prefeitura de Capivari","description":"Prefeitura de Capivari","publisher":{"@id":"https:\/\/capivari.sp.gov.br\/portal\/#organization"},"potentialAction":[{"@type":"SearchAction","target":{"@type":"EntryPoint","urlTemplate":"https:\/\/capivari.sp.gov.br\/portal\/?s={search_term_string}"},"query-input":{"@type":"PropertyValueSpecification","valueRequired":true,"valueName":"search_term_string"}}],"inLanguage":"pt-BR"},{"@type":"Organization","@id":"https:\/\/capivari.sp.gov.br\/portal\/#organization","name":"Prefeitura de Capivari","url":"https:\/\/capivari.sp.gov.br\/portal\/","logo":{"@type":"ImageObject","inLanguage":"pt-BR","@id":"https:\/\/capivari.sp.gov.br\/portal\/#\/schema\/logo\/image\/","url":"https:\/\/capivari.sp.gov.br\/portal\/wp-content\/uploads\/2021\/09\/logo-prefeitura-de-capivari.png","contentUrl":"https:\/\/capivari.sp.gov.br\/portal\/wp-content\/uploads\/2021\/09\/logo-prefeitura-de-capivari.png","width":200,"height":147,"caption":"Prefeitura de Capivari"},"image":{"@id":"https:\/\/capivari.sp.gov.br\/portal\/#\/schema\/logo\/image\/"},"sameAs":["https:\/\/www.facebook.com\/PrefeituradeCapivari\/","https:\/\/x.com\/PrefCapivari","https:\/\/www.instagram.com\/prefeituracapivari\/"]},{"@type":"Person","@id":"https:\/\/capivari.sp.gov.br\/portal\/#\/schema\/person\/ac37113577adfc1517e0cfa854b830b4","name":"Luciano Assis","image":{"@type":"ImageObject","inLanguage":"pt-BR","@id":"https:\/\/secure.gravatar.com\/avatar\/ec163f977a02ac195ce6085f5110a8c4c8c6cc357c134002f73b4664772e79a5?s=96&d=mm&r=g","url":"https:\/\/secure.gravatar.com\/avatar\/ec163f977a02ac195ce6085f5110a8c4c8c6cc357c134002f73b4664772e79a5?s=96&d=mm&r=g","contentUrl":"https:\/\/secure.gravatar.com\/avatar\/ec163f977a02ac195ce6085f5110a8c4c8c6cc357c134002f73b4664772e79a5?s=96&d=mm&r=g","caption":"Luciano Assis"},"url":"https:\/\/capivari.sp.gov.br\/portal\/author\/luciano-assis\/"}]}},"_links":{"self":[{"href":"https:\/\/capivari.sp.gov.br\/portal\/wp-json\/wp\/v2\/posts\/18740","targetHints":{"allow":["GET"]}}],"collection":[{"href":"https:\/\/capivari.sp.gov.br\/portal\/wp-json\/wp\/v2\/posts"}],"about":[{"href":"https:\/\/capivari.sp.gov.br\/portal\/wp-json\/wp\/v2\/types\/post"}],"author":[{"embeddable":true,"href":"https:\/\/capivari.sp.gov.br\/portal\/wp-json\/wp\/v2\/users\/15"}],"replies":[{"embeddable":true,"href":"https:\/\/capivari.sp.gov.br\/portal\/wp-json\/wp\/v2\/comments?post=18740"}],"version-history":[{"count":1,"href":"https:\/\/capivari.sp.gov.br\/portal\/wp-json\/wp\/v2\/posts\/18740\/revisions"}],"predecessor-version":[{"id":18742,"href":"https:\/\/capivari.sp.gov.br\/portal\/wp-json\/wp\/v2\/posts\/18740\/revisions\/18742"}],"wp:featuredmedia":[{"embeddable":true,"href":"https:\/\/capivari.sp.gov.br\/portal\/wp-json\/wp\/v2\/media\/18741"}],"wp:attachment":[{"href":"https:\/\/capivari.sp.gov.br\/portal\/wp-json\/wp\/v2\/media?parent=18740"}],"wp:term":[{"taxonomy":"category","embeddable":true,"href":"https:\/\/capivari.sp.gov.br\/portal\/wp-json\/wp\/v2\/categories?post=18740"},{"taxonomy":"post_tag","embeddable":true,"href":"https:\/\/capivari.sp.gov.br\/portal\/wp-json\/wp\/v2\/tags?post=18740"}],"curies":[{"name":"wp","href":"https:\/\/api.w.org\/{rel}","templated":true}]}}