{"id":19329,"date":"2025-02-12T12:17:12","date_gmt":"2025-02-12T15:17:12","guid":{"rendered":"https:\/\/capivari.sp.gov.br\/portal\/?p=19329"},"modified":"2025-02-12T12:17:12","modified_gmt":"2025-02-12T15:17:12","slug":"secretaria-de-meio-ambiente-inicia-plantio-de-arvores-nas-margens-do-rio-capivari","status":"publish","type":"post","link":"https:\/\/capivari.sp.gov.br\/portal\/secretaria-de-meio-ambiente-inicia-plantio-de-arvores-nas-margens-do-rio-capivari\/","title":{"rendered":"Secretaria de Meio Ambiente inicia plantio de \u00e1rvores nas margens do Rio Capivari"},"content":{"rendered":"<p><span style=\"font-family: Arial, sans-serif;\"><span style=\"font-size: large;\"><span lang=\"pt-BR\">A Secretaria de Meio Ambiente e Agricultura de Capivari deu in\u00edcio nesta manh\u00e3 de ter\u00e7a-feira, dia 11, ao plantio de <\/span>reflorestamento nas margens do Rio Capivari. Os trabalhos foram iniciados na regi\u00e3o da Ponte do Santoro, onde ser\u00e3o plantadas cerca de mil mudas de \u00e1rvores nativas, incluindo esp\u00e9cies frut\u00edferas para servir de ref\u00fagio e alimenta\u00e7\u00e3o para animais e aves.<\/span><\/span><\/p>\n<p><span style=\"font-family: Arial, sans-serif;\"><span style=\"font-size: large;\">O<\/span><\/span><span style=\"font-family: Arial, sans-serif;\"><span style=\"font-size: large;\">utras regi\u00f5es da cidade que margeiam o leito do Capivari tamb\u00e9m devem receber o plantio dessas mudas nos pr\u00f3ximos meses, no que \u00e9 o maior trabalho de recupera\u00e7\u00e3o da flora nativa j\u00e1 realizado pelo poder p\u00fablico capivariano. <\/span><\/span><span style=\"font-family: Arial, sans-serif;\"><span style=\"font-size: large;\">As \u00e1rvores ajudam a controlar o microclima dentro das cidades, atraem a fauna e ajudam a segurar o solo evitando o assoreamento do rio<\/span><\/span><span style=\"font-family: Arial, sans-serif;\"><span style=\"font-size: large;\"><span lang=\"pt-BR\">.<\/span><\/span><\/span><\/p>\n<p><span style=\"font-family: Arial, sans-serif;\"><span style=\"font-size: large;\"><span lang=\"pt-BR\">A <\/span><\/span><\/span><span style=\"font-family: Arial, sans-serif;\"><span style=\"font-size: large;\"><span lang=\"pt-BR\">Secretaria informa que quem tiver <\/span><\/span><\/span><span style=\"font-family: Arial, sans-serif;\"><span style=\"font-size: large;\"><span lang=\"pt-BR\">interesse em saber mais sobre os plantios ou interesse em plantar \u00e1rvores podem entrar em contato com a Secretaria de Meio Ambiente e Agricultura, <\/span><\/span><\/span><span style=\"font-family: Arial, sans-serif;\"><span style=\"font-size: large;\"><span lang=\"pt-BR\">que est\u00e1 localizada na rua \u00c9rico Ver\u00edssimo, s\/n, no bairro Morada do Sol. O telefone \u00e9 o (019) 3492-0116.<\/span><\/span><\/span><\/p>\n","protected":false},"excerpt":{"rendered":"<p>A Secretaria de Meio Ambiente e Agricultura de Capivari deu in\u00edcio nesta manh\u00e3 de ter\u00e7a-feira, dia 11, ao plantio de reflorestamento nas margens do Rio Capivari. Os trabalhos foram iniciados na regi\u00e3o da Ponte do Santoro, onde ser\u00e3o plantadas cerca de mil mudas de \u00e1rvores nativas, incluindo esp\u00e9cies frut\u00edferas para servir de ref\u00fagio e alimenta\u00e7\u00e3o [&hellip;]<\/p>\n","protected":false},"author":15,"featured_media":19330,"comment_status":"open","ping_status":"open","sticky":false,"template":"","format":"standard","meta":{"ocean_post_layout":"","ocean_both_sidebars_style":"","ocean_both_sidebars_content_width":0,"ocean_both_sidebars_sidebars_width":0,"ocean_sidebar":"","ocean_second_sidebar":"","ocean_disable_margins":"enable","ocean_add_body_class":"","ocean_shortcode_before_top_bar":"","ocean_shortcode_after_top_bar":"","ocean_shortcode_before_header":"","ocean_shortcode_after_header":"","ocean_has_shortcode":"","ocean_shortcode_after_title":"","ocean_shortcode_before_footer_widgets":"","ocean_shortcode_after_footer_widgets":"","ocean_shortcode_before_footer_bottom":"","ocean_shortcode_after_footer_bottom":"","ocean_display_top_bar":"default","ocean_display_header":"default","ocean_header_style":"","ocean_center_header_left_menu":"","ocean_custom_header_template":"","ocean_custom_logo":0,"ocean_custom_retina_logo":0,"ocean_custom_logo_max_width":0,"ocean_custom_logo_tablet_max_width":0,"ocean_custom_logo_mobile_max_width":0,"ocean_custom_logo_max_height":0,"ocean_custom_logo_tablet_max_height":0,"ocean_custom_logo_mobile_max_height":0,"ocean_header_custom_menu":"","ocean_menu_typo_font_family":"","ocean_menu_typo_font_subset":"","ocean_menu_typo_font_size":0,"ocean_menu_typo_font_size_tablet":0,"ocean_menu_typo_font_size_mobile":0,"ocean_menu_typo_font_size_unit":"px","ocean_menu_typo_font_weight":"","ocean_menu_typo_font_weight_tablet":"","ocean_menu_typo_font_weight_mobile":"","ocean_menu_typo_transform":"","ocean_menu_typo_transform_tablet":"","ocean_menu_typo_transform_mobile":"","ocean_menu_typo_line_height":0,"ocean_menu_typo_line_height_tablet":0,"ocean_menu_typo_line_height_mobile":0,"ocean_menu_typo_line_height_unit":"","ocean_menu_typo_spacing":0,"ocean_menu_typo_spacing_tablet":0,"ocean_menu_typo_spacing_mobile":0,"ocean_menu_typo_spacing_unit":"","ocean_menu_link_color":"","ocean_menu_link_color_hover":"","ocean_menu_link_color_active":"","ocean_menu_link_background":"","ocean_menu_link_hover_background":"","ocean_menu_link_active_background":"","ocean_menu_social_links_bg":"","ocean_menu_social_hover_links_bg":"","ocean_menu_social_links_color":"","ocean_menu_social_hover_links_color":"","ocean_disable_title":"default","ocean_disable_heading":"default","ocean_post_title":"","ocean_post_subheading":"","ocean_post_title_style":"","ocean_post_title_background_color":"","ocean_post_title_background":0,"ocean_post_title_bg_image_position":"","ocean_post_title_bg_image_attachment":"","ocean_post_title_bg_image_repeat":"","ocean_post_title_bg_image_size":"","ocean_post_title_height":0,"ocean_post_title_bg_overlay":0.5,"ocean_post_title_bg_overlay_color":"","ocean_disable_breadcrumbs":"default","ocean_breadcrumbs_color":"","ocean_breadcrumbs_separator_color":"","ocean_breadcrumbs_links_color":"","ocean_breadcrumbs_links_hover_color":"","ocean_display_footer_widgets":"default","ocean_display_footer_bottom":"default","ocean_custom_footer_template":"","ocean_post_oembed":"","ocean_post_self_hosted_media":"","ocean_post_video_embed":"","ocean_link_format":"","ocean_link_format_target":"self","ocean_quote_format":"","ocean_quote_format_link":"post","ocean_gallery_link_images":"on","ocean_gallery_id":[],"footnotes":""},"categories":[4,5,47],"tags":[],"class_list":["post-19329","post","type-post","status-publish","format-standard","has-post-thumbnail","hentry","category-destaque","category-geral","category-meio-ambiente-e-agricultura","entry","has-media"],"yoast_head":"<!-- This site is optimized with the Yoast SEO plugin v27.4 - https:\/\/yoast.com\/product\/yoast-seo-wordpress\/ -->\n<title>Secretaria de Meio Ambiente inicia plantio de \u00e1rvores nas margens do Rio Capivari - Prefeitura de Capivari<\/title>\n<meta name=\"robots\" content=\"index, follow, max-snippet:-1, max-image-preview:large, max-video-preview:-1\" \/>\n<link rel=\"canonical\" href=\"https:\/\/capivari.sp.gov.br\/portal\/secretaria-de-meio-ambiente-inicia-plantio-de-arvores-nas-margens-do-rio-capivari\/\" \/>\n<meta property=\"og:locale\" content=\"pt_BR\" \/>\n<meta property=\"og:type\" content=\"article\" \/>\n<meta property=\"og:title\" content=\"Secretaria de Meio Ambiente inicia plantio de \u00e1rvores nas margens do Rio Capivari - Prefeitura de Capivari\" \/>\n<meta property=\"og:description\" content=\"A Secretaria de Meio Ambiente e Agricultura de Capivari deu in\u00edcio nesta manh\u00e3 de ter\u00e7a-feira, dia 11, ao plantio de reflorestamento nas margens do Rio Capivari. Os trabalhos foram iniciados na regi\u00e3o da Ponte do Santoro, onde ser\u00e3o plantadas cerca de mil mudas de \u00e1rvores nativas, incluindo esp\u00e9cies frut\u00edferas para servir de ref\u00fagio e alimenta\u00e7\u00e3o [&hellip;]\" \/>\n<meta property=\"og:url\" content=\"https:\/\/capivari.sp.gov.br\/portal\/secretaria-de-meio-ambiente-inicia-plantio-de-arvores-nas-margens-do-rio-capivari\/\" \/>\n<meta property=\"og:site_name\" content=\"Prefeitura de Capivari\" \/>\n<meta property=\"article:publisher\" content=\"https:\/\/www.facebook.com\/PrefeituradeCapivari\/\" \/>\n<meta property=\"article:published_time\" content=\"2025-02-12T15:17:12+00:00\" \/>\n<meta property=\"og:image\" content=\"https:\/\/capivari.sp.gov.br\/portal\/wp-content\/uploads\/2025\/02\/IMG_4092-scaled.jpg\" \/>\n\t<meta property=\"og:image:width\" content=\"2560\" \/>\n\t<meta property=\"og:image:height\" content=\"1707\" \/>\n\t<meta property=\"og:image:type\" content=\"image\/jpeg\" \/>\n<meta name=\"author\" content=\"Luciano Assis\" \/>\n<meta name=\"twitter:card\" content=\"summary_large_image\" \/>\n<meta name=\"twitter:creator\" content=\"@PrefCapivari\" \/>\n<meta name=\"twitter:site\" content=\"@PrefCapivari\" \/>\n<meta name=\"twitter:label1\" content=\"Escrito por\" \/>\n\t<meta name=\"twitter:data1\" content=\"Luciano Assis\" \/>\n\t<meta name=\"twitter:label2\" content=\"Est. tempo de leitura\" \/>\n\t<meta name=\"twitter:data2\" content=\"2 minutos\" \/>\n<script type=\"application\/ld+json\" class=\"yoast-schema-graph\">{\"@context\":\"https:\\\/\\\/schema.org\",\"@graph\":[{\"@type\":\"Article\",\"@id\":\"https:\\\/\\\/capivari.sp.gov.br\\\/portal\\\/secretaria-de-meio-ambiente-inicia-plantio-de-arvores-nas-margens-do-rio-capivari\\\/#article\",\"isPartOf\":{\"@id\":\"https:\\\/\\\/capivari.sp.gov.br\\\/portal\\\/secretaria-de-meio-ambiente-inicia-plantio-de-arvores-nas-margens-do-rio-capivari\\\/\"},\"author\":{\"name\":\"Luciano Assis\",\"@id\":\"https:\\\/\\\/capivari.sp.gov.br\\\/portal\\\/#\\\/schema\\\/person\\\/ac37113577adfc1517e0cfa854b830b4\"},\"headline\":\"Secretaria de Meio Ambiente inicia plantio de \u00e1rvores nas margens do Rio Capivari\",\"datePublished\":\"2025-02-12T15:17:12+00:00\",\"mainEntityOfPage\":{\"@id\":\"https:\\\/\\\/capivari.sp.gov.br\\\/portal\\\/secretaria-de-meio-ambiente-inicia-plantio-de-arvores-nas-margens-do-rio-capivari\\\/\"},\"wordCount\":194,\"commentCount\":0,\"publisher\":{\"@id\":\"https:\\\/\\\/capivari.sp.gov.br\\\/portal\\\/#organization\"},\"image\":{\"@id\":\"https:\\\/\\\/capivari.sp.gov.br\\\/portal\\\/secretaria-de-meio-ambiente-inicia-plantio-de-arvores-nas-margens-do-rio-capivari\\\/#primaryimage\"},\"thumbnailUrl\":\"https:\\\/\\\/capivari.sp.gov.br\\\/portal\\\/wp-content\\\/uploads\\\/2025\\\/02\\\/IMG_4092-scaled.jpg\",\"articleSection\":[\"Destaque\",\"Geral\",\"Meio Ambiente e Agricultura\"],\"inLanguage\":\"pt-BR\",\"potentialAction\":[{\"@type\":\"CommentAction\",\"name\":\"Comment\",\"target\":[\"https:\\\/\\\/capivari.sp.gov.br\\\/portal\\\/secretaria-de-meio-ambiente-inicia-plantio-de-arvores-nas-margens-do-rio-capivari\\\/#respond\"]}]},{\"@type\":\"WebPage\",\"@id\":\"https:\\\/\\\/capivari.sp.gov.br\\\/portal\\\/secretaria-de-meio-ambiente-inicia-plantio-de-arvores-nas-margens-do-rio-capivari\\\/\",\"url\":\"https:\\\/\\\/capivari.sp.gov.br\\\/portal\\\/secretaria-de-meio-ambiente-inicia-plantio-de-arvores-nas-margens-do-rio-capivari\\\/\",\"name\":\"Secretaria de Meio Ambiente inicia plantio de \u00e1rvores nas margens do Rio Capivari - Prefeitura de Capivari\",\"isPartOf\":{\"@id\":\"https:\\\/\\\/capivari.sp.gov.br\\\/portal\\\/#website\"},\"primaryImageOfPage\":{\"@id\":\"https:\\\/\\\/capivari.sp.gov.br\\\/portal\\\/secretaria-de-meio-ambiente-inicia-plantio-de-arvores-nas-margens-do-rio-capivari\\\/#primaryimage\"},\"image\":{\"@id\":\"https:\\\/\\\/capivari.sp.gov.br\\\/portal\\\/secretaria-de-meio-ambiente-inicia-plantio-de-arvores-nas-margens-do-rio-capivari\\\/#primaryimage\"},\"thumbnailUrl\":\"https:\\\/\\\/capivari.sp.gov.br\\\/portal\\\/wp-content\\\/uploads\\\/2025\\\/02\\\/IMG_4092-scaled.jpg\",\"datePublished\":\"2025-02-12T15:17:12+00:00\",\"breadcrumb\":{\"@id\":\"https:\\\/\\\/capivari.sp.gov.br\\\/portal\\\/secretaria-de-meio-ambiente-inicia-plantio-de-arvores-nas-margens-do-rio-capivari\\\/#breadcrumb\"},\"inLanguage\":\"pt-BR\",\"potentialAction\":[{\"@type\":\"ReadAction\",\"target\":[\"https:\\\/\\\/capivari.sp.gov.br\\\/portal\\\/secretaria-de-meio-ambiente-inicia-plantio-de-arvores-nas-margens-do-rio-capivari\\\/\"]}]},{\"@type\":\"ImageObject\",\"inLanguage\":\"pt-BR\",\"@id\":\"https:\\\/\\\/capivari.sp.gov.br\\\/portal\\\/secretaria-de-meio-ambiente-inicia-plantio-de-arvores-nas-margens-do-rio-capivari\\\/#primaryimage\",\"url\":\"https:\\\/\\\/capivari.sp.gov.br\\\/portal\\\/wp-content\\\/uploads\\\/2025\\\/02\\\/IMG_4092-scaled.jpg\",\"contentUrl\":\"https:\\\/\\\/capivari.sp.gov.br\\\/portal\\\/wp-content\\\/uploads\\\/2025\\\/02\\\/IMG_4092-scaled.jpg\",\"width\":2560,\"height\":1707},{\"@type\":\"BreadcrumbList\",\"@id\":\"https:\\\/\\\/capivari.sp.gov.br\\\/portal\\\/secretaria-de-meio-ambiente-inicia-plantio-de-arvores-nas-margens-do-rio-capivari\\\/#breadcrumb\",\"itemListElement\":[{\"@type\":\"ListItem\",\"position\":1,\"name\":\"In\u00edcio\",\"item\":\"https:\\\/\\\/capivari.sp.gov.br\\\/portal\\\/\"},{\"@type\":\"ListItem\",\"position\":2,\"name\":\"Secretaria de Meio Ambiente inicia plantio de \u00e1rvores nas margens do Rio Capivari\"}]},{\"@type\":\"WebSite\",\"@id\":\"https:\\\/\\\/capivari.sp.gov.br\\\/portal\\\/#website\",\"url\":\"https:\\\/\\\/capivari.sp.gov.br\\\/portal\\\/\",\"name\":\"Prefeitura de Capivari\",\"description\":\"Prefeitura de Capivari\",\"publisher\":{\"@id\":\"https:\\\/\\\/capivari.sp.gov.br\\\/portal\\\/#organization\"},\"potentialAction\":[{\"@type\":\"SearchAction\",\"target\":{\"@type\":\"EntryPoint\",\"urlTemplate\":\"https:\\\/\\\/capivari.sp.gov.br\\\/portal\\\/?s={search_term_string}\"},\"query-input\":{\"@type\":\"PropertyValueSpecification\",\"valueRequired\":true,\"valueName\":\"search_term_string\"}}],\"inLanguage\":\"pt-BR\"},{\"@type\":\"Organization\",\"@id\":\"https:\\\/\\\/capivari.sp.gov.br\\\/portal\\\/#organization\",\"name\":\"Prefeitura de Capivari\",\"url\":\"https:\\\/\\\/capivari.sp.gov.br\\\/portal\\\/\",\"logo\":{\"@type\":\"ImageObject\",\"inLanguage\":\"pt-BR\",\"@id\":\"https:\\\/\\\/capivari.sp.gov.br\\\/portal\\\/#\\\/schema\\\/logo\\\/image\\\/\",\"url\":\"https:\\\/\\\/capivari.sp.gov.br\\\/portal\\\/wp-content\\\/uploads\\\/2021\\\/09\\\/logo-prefeitura-de-capivari.png\",\"contentUrl\":\"https:\\\/\\\/capivari.sp.gov.br\\\/portal\\\/wp-content\\\/uploads\\\/2021\\\/09\\\/logo-prefeitura-de-capivari.png\",\"width\":200,\"height\":147,\"caption\":\"Prefeitura de Capivari\"},\"image\":{\"@id\":\"https:\\\/\\\/capivari.sp.gov.br\\\/portal\\\/#\\\/schema\\\/logo\\\/image\\\/\"},\"sameAs\":[\"https:\\\/\\\/www.facebook.com\\\/PrefeituradeCapivari\\\/\",\"https:\\\/\\\/x.com\\\/PrefCapivari\",\"https:\\\/\\\/www.instagram.com\\\/prefeituracapivari\\\/\"]},{\"@type\":\"Person\",\"@id\":\"https:\\\/\\\/capivari.sp.gov.br\\\/portal\\\/#\\\/schema\\\/person\\\/ac37113577adfc1517e0cfa854b830b4\",\"name\":\"Luciano Assis\",\"image\":{\"@type\":\"ImageObject\",\"inLanguage\":\"pt-BR\",\"@id\":\"https:\\\/\\\/secure.gravatar.com\\\/avatar\\\/ec163f977a02ac195ce6085f5110a8c4c8c6cc357c134002f73b4664772e79a5?s=96&d=mm&r=g\",\"url\":\"https:\\\/\\\/secure.gravatar.com\\\/avatar\\\/ec163f977a02ac195ce6085f5110a8c4c8c6cc357c134002f73b4664772e79a5?s=96&d=mm&r=g\",\"contentUrl\":\"https:\\\/\\\/secure.gravatar.com\\\/avatar\\\/ec163f977a02ac195ce6085f5110a8c4c8c6cc357c134002f73b4664772e79a5?s=96&d=mm&r=g\",\"caption\":\"Luciano Assis\"},\"url\":\"https:\\\/\\\/capivari.sp.gov.br\\\/portal\\\/author\\\/luciano-assis\\\/\"}]}<\/script>\n<!-- \/ Yoast SEO plugin. -->","yoast_head_json":{"title":"Secretaria de Meio Ambiente inicia plantio de \u00e1rvores nas margens do Rio Capivari - Prefeitura de Capivari","robots":{"index":"index","follow":"follow","max-snippet":"max-snippet:-1","max-image-preview":"max-image-preview:large","max-video-preview":"max-video-preview:-1"},"canonical":"https:\/\/capivari.sp.gov.br\/portal\/secretaria-de-meio-ambiente-inicia-plantio-de-arvores-nas-margens-do-rio-capivari\/","og_locale":"pt_BR","og_type":"article","og_title":"Secretaria de Meio Ambiente inicia plantio de \u00e1rvores nas margens do Rio Capivari - Prefeitura de Capivari","og_description":"A Secretaria de Meio Ambiente e Agricultura de Capivari deu in\u00edcio nesta manh\u00e3 de ter\u00e7a-feira, dia 11, ao plantio de reflorestamento nas margens do Rio Capivari. Os trabalhos foram iniciados na regi\u00e3o da Ponte do Santoro, onde ser\u00e3o plantadas cerca de mil mudas de \u00e1rvores nativas, incluindo esp\u00e9cies frut\u00edferas para servir de ref\u00fagio e alimenta\u00e7\u00e3o [&hellip;]","og_url":"https:\/\/capivari.sp.gov.br\/portal\/secretaria-de-meio-ambiente-inicia-plantio-de-arvores-nas-margens-do-rio-capivari\/","og_site_name":"Prefeitura de Capivari","article_publisher":"https:\/\/www.facebook.com\/PrefeituradeCapivari\/","article_published_time":"2025-02-12T15:17:12+00:00","og_image":[{"width":2560,"height":1707,"url":"https:\/\/capivari.sp.gov.br\/portal\/wp-content\/uploads\/2025\/02\/IMG_4092-scaled.jpg","type":"image\/jpeg"}],"author":"Luciano Assis","twitter_card":"summary_large_image","twitter_creator":"@PrefCapivari","twitter_site":"@PrefCapivari","twitter_misc":{"Escrito por":"Luciano Assis","Est. tempo de leitura":"2 minutos"},"schema":{"@context":"https:\/\/schema.org","@graph":[{"@type":"Article","@id":"https:\/\/capivari.sp.gov.br\/portal\/secretaria-de-meio-ambiente-inicia-plantio-de-arvores-nas-margens-do-rio-capivari\/#article","isPartOf":{"@id":"https:\/\/capivari.sp.gov.br\/portal\/secretaria-de-meio-ambiente-inicia-plantio-de-arvores-nas-margens-do-rio-capivari\/"},"author":{"name":"Luciano Assis","@id":"https:\/\/capivari.sp.gov.br\/portal\/#\/schema\/person\/ac37113577adfc1517e0cfa854b830b4"},"headline":"Secretaria de Meio Ambiente inicia plantio de \u00e1rvores nas margens do Rio Capivari","datePublished":"2025-02-12T15:17:12+00:00","mainEntityOfPage":{"@id":"https:\/\/capivari.sp.gov.br\/portal\/secretaria-de-meio-ambiente-inicia-plantio-de-arvores-nas-margens-do-rio-capivari\/"},"wordCount":194,"commentCount":0,"publisher":{"@id":"https:\/\/capivari.sp.gov.br\/portal\/#organization"},"image":{"@id":"https:\/\/capivari.sp.gov.br\/portal\/secretaria-de-meio-ambiente-inicia-plantio-de-arvores-nas-margens-do-rio-capivari\/#primaryimage"},"thumbnailUrl":"https:\/\/capivari.sp.gov.br\/portal\/wp-content\/uploads\/2025\/02\/IMG_4092-scaled.jpg","articleSection":["Destaque","Geral","Meio Ambiente e Agricultura"],"inLanguage":"pt-BR","potentialAction":[{"@type":"CommentAction","name":"Comment","target":["https:\/\/capivari.sp.gov.br\/portal\/secretaria-de-meio-ambiente-inicia-plantio-de-arvores-nas-margens-do-rio-capivari\/#respond"]}]},{"@type":"WebPage","@id":"https:\/\/capivari.sp.gov.br\/portal\/secretaria-de-meio-ambiente-inicia-plantio-de-arvores-nas-margens-do-rio-capivari\/","url":"https:\/\/capivari.sp.gov.br\/portal\/secretaria-de-meio-ambiente-inicia-plantio-de-arvores-nas-margens-do-rio-capivari\/","name":"Secretaria de Meio Ambiente inicia plantio de \u00e1rvores nas margens do Rio Capivari - Prefeitura de Capivari","isPartOf":{"@id":"https:\/\/capivari.sp.gov.br\/portal\/#website"},"primaryImageOfPage":{"@id":"https:\/\/capivari.sp.gov.br\/portal\/secretaria-de-meio-ambiente-inicia-plantio-de-arvores-nas-margens-do-rio-capivari\/#primaryimage"},"image":{"@id":"https:\/\/capivari.sp.gov.br\/portal\/secretaria-de-meio-ambiente-inicia-plantio-de-arvores-nas-margens-do-rio-capivari\/#primaryimage"},"thumbnailUrl":"https:\/\/capivari.sp.gov.br\/portal\/wp-content\/uploads\/2025\/02\/IMG_4092-scaled.jpg","datePublished":"2025-02-12T15:17:12+00:00","breadcrumb":{"@id":"https:\/\/capivari.sp.gov.br\/portal\/secretaria-de-meio-ambiente-inicia-plantio-de-arvores-nas-margens-do-rio-capivari\/#breadcrumb"},"inLanguage":"pt-BR","potentialAction":[{"@type":"ReadAction","target":["https:\/\/capivari.sp.gov.br\/portal\/secretaria-de-meio-ambiente-inicia-plantio-de-arvores-nas-margens-do-rio-capivari\/"]}]},{"@type":"ImageObject","inLanguage":"pt-BR","@id":"https:\/\/capivari.sp.gov.br\/portal\/secretaria-de-meio-ambiente-inicia-plantio-de-arvores-nas-margens-do-rio-capivari\/#primaryimage","url":"https:\/\/capivari.sp.gov.br\/portal\/wp-content\/uploads\/2025\/02\/IMG_4092-scaled.jpg","contentUrl":"https:\/\/capivari.sp.gov.br\/portal\/wp-content\/uploads\/2025\/02\/IMG_4092-scaled.jpg","width":2560,"height":1707},{"@type":"BreadcrumbList","@id":"https:\/\/capivari.sp.gov.br\/portal\/secretaria-de-meio-ambiente-inicia-plantio-de-arvores-nas-margens-do-rio-capivari\/#breadcrumb","itemListElement":[{"@type":"ListItem","position":1,"name":"In\u00edcio","item":"https:\/\/capivari.sp.gov.br\/portal\/"},{"@type":"ListItem","position":2,"name":"Secretaria de Meio Ambiente inicia plantio de \u00e1rvores nas margens do Rio Capivari"}]},{"@type":"WebSite","@id":"https:\/\/capivari.sp.gov.br\/portal\/#website","url":"https:\/\/capivari.sp.gov.br\/portal\/","name":"Prefeitura de Capivari","description":"Prefeitura de Capivari","publisher":{"@id":"https:\/\/capivari.sp.gov.br\/portal\/#organization"},"potentialAction":[{"@type":"SearchAction","target":{"@type":"EntryPoint","urlTemplate":"https:\/\/capivari.sp.gov.br\/portal\/?s={search_term_string}"},"query-input":{"@type":"PropertyValueSpecification","valueRequired":true,"valueName":"search_term_string"}}],"inLanguage":"pt-BR"},{"@type":"Organization","@id":"https:\/\/capivari.sp.gov.br\/portal\/#organization","name":"Prefeitura de Capivari","url":"https:\/\/capivari.sp.gov.br\/portal\/","logo":{"@type":"ImageObject","inLanguage":"pt-BR","@id":"https:\/\/capivari.sp.gov.br\/portal\/#\/schema\/logo\/image\/","url":"https:\/\/capivari.sp.gov.br\/portal\/wp-content\/uploads\/2021\/09\/logo-prefeitura-de-capivari.png","contentUrl":"https:\/\/capivari.sp.gov.br\/portal\/wp-content\/uploads\/2021\/09\/logo-prefeitura-de-capivari.png","width":200,"height":147,"caption":"Prefeitura de Capivari"},"image":{"@id":"https:\/\/capivari.sp.gov.br\/portal\/#\/schema\/logo\/image\/"},"sameAs":["https:\/\/www.facebook.com\/PrefeituradeCapivari\/","https:\/\/x.com\/PrefCapivari","https:\/\/www.instagram.com\/prefeituracapivari\/"]},{"@type":"Person","@id":"https:\/\/capivari.sp.gov.br\/portal\/#\/schema\/person\/ac37113577adfc1517e0cfa854b830b4","name":"Luciano Assis","image":{"@type":"ImageObject","inLanguage":"pt-BR","@id":"https:\/\/secure.gravatar.com\/avatar\/ec163f977a02ac195ce6085f5110a8c4c8c6cc357c134002f73b4664772e79a5?s=96&d=mm&r=g","url":"https:\/\/secure.gravatar.com\/avatar\/ec163f977a02ac195ce6085f5110a8c4c8c6cc357c134002f73b4664772e79a5?s=96&d=mm&r=g","contentUrl":"https:\/\/secure.gravatar.com\/avatar\/ec163f977a02ac195ce6085f5110a8c4c8c6cc357c134002f73b4664772e79a5?s=96&d=mm&r=g","caption":"Luciano Assis"},"url":"https:\/\/capivari.sp.gov.br\/portal\/author\/luciano-assis\/"}]}},"_links":{"self":[{"href":"https:\/\/capivari.sp.gov.br\/portal\/wp-json\/wp\/v2\/posts\/19329","targetHints":{"allow":["GET"]}}],"collection":[{"href":"https:\/\/capivari.sp.gov.br\/portal\/wp-json\/wp\/v2\/posts"}],"about":[{"href":"https:\/\/capivari.sp.gov.br\/portal\/wp-json\/wp\/v2\/types\/post"}],"author":[{"embeddable":true,"href":"https:\/\/capivari.sp.gov.br\/portal\/wp-json\/wp\/v2\/users\/15"}],"replies":[{"embeddable":true,"href":"https:\/\/capivari.sp.gov.br\/portal\/wp-json\/wp\/v2\/comments?post=19329"}],"version-history":[{"count":1,"href":"https:\/\/capivari.sp.gov.br\/portal\/wp-json\/wp\/v2\/posts\/19329\/revisions"}],"predecessor-version":[{"id":19331,"href":"https:\/\/capivari.sp.gov.br\/portal\/wp-json\/wp\/v2\/posts\/19329\/revisions\/19331"}],"wp:featuredmedia":[{"embeddable":true,"href":"https:\/\/capivari.sp.gov.br\/portal\/wp-json\/wp\/v2\/media\/19330"}],"wp:attachment":[{"href":"https:\/\/capivari.sp.gov.br\/portal\/wp-json\/wp\/v2\/media?parent=19329"}],"wp:term":[{"taxonomy":"category","embeddable":true,"href":"https:\/\/capivari.sp.gov.br\/portal\/wp-json\/wp\/v2\/categories?post=19329"},{"taxonomy":"post_tag","embeddable":true,"href":"https:\/\/capivari.sp.gov.br\/portal\/wp-json\/wp\/v2\/tags?post=19329"}],"curies":[{"name":"wp","href":"https:\/\/api.w.org\/{rel}","templated":true}]}}