{"id":19345,"date":"2025-02-17T16:26:42","date_gmt":"2025-02-17T19:26:42","guid":{"rendered":"https:\/\/capivari.sp.gov.br\/portal\/?p=19345"},"modified":"2025-02-17T16:26:42","modified_gmt":"2025-02-17T19:26:42","slug":"saude-inicia-campanha-xo-mosquito-com-acoes-em-diversos-locais-da-cidade","status":"publish","type":"post","link":"https:\/\/capivari.sp.gov.br\/portal\/saude-inicia-campanha-xo-mosquito-com-acoes-em-diversos-locais-da-cidade\/","title":{"rendered":"Sa\u00fade inicia campanha \u201cX\u00f4, Mosquito\u201d com a\u00e7\u00f5es em diversos locais da cidade"},"content":{"rendered":"<p>A Secretaria de Sa\u00fade iniciou nesta semana as primeiras a\u00e7\u00f5es de combate ao mosquito Aedes Aegypti, transmissor de doen\u00e7as como Dengue e Febre Amarela. Intitulada \u201cX\u00f4, Mosquito\u201d, a iniciativa contar\u00e1 com entrega de material de conscientiza\u00e7\u00e3o \u00e0 popula\u00e7\u00e3o, al\u00e9m de palestras em escolas e busca ativa por novos locais com poss\u00edveis focos de prolifera\u00e7\u00e3o do mosquito.<\/p>\n<p>Para dar in\u00edcio, a pasta organizou na manh\u00e3 desta segunda, dia 17, um ponto de distribui\u00e7\u00e3o de panfletos orientativos na Pra\u00e7a Central da cidade, dispon\u00edvel para todos os mun\u00edcipes que passavam pelo local durante o per\u00edodo da manh\u00e3. A\u00e7\u00e3o essa que servir\u00e1 de suporte \u00e0s outras iniciativas que est\u00e3o programadas para ter in\u00edcio nos dias seguintes.<\/p>\n<p>Nesta ter\u00e7a, dia 18, a campanha \u201cX\u00f4 Mosquito\u201d inicia o cadastramento de novos im\u00f3veis que podem possivelmente ser focos do mosquito em diversos bairros da cidade, al\u00e9m do in\u00edcio das visitas em resid\u00eancias por parte dos agentes de endemia. Na quarta, dia 19, tem in\u00edcio as palestras nas escolas municipais, onde alunos e educadores ser\u00e3o apresentados \u00e0s principais medidas de combate ao Aedes Aegypti, em a\u00e7\u00e3o que se estender\u00e1 at\u00e9 a sexta-feira, dia 21.<\/p>\n<p>A primeira semana da campanha chega ao fim com o \u201cMutir\u00e3o Dia D\u201d, que acontece no s\u00e1bado, dia 22, onde agentes da secretaria v\u00e3o fazer o recolhimento de recipientes que possam acumular \u00e1gua e que n\u00e3o estejam em uso, tanto no Cemit\u00e9rio municipal quanto no bairro Residencial Santa Rita, local que teve a concentra\u00e7\u00e3o do maior n\u00famero de casos em 2024. A iniciativa acontecer\u00e1 durante todo o per\u00edodo da manh\u00e3, onde a participa\u00e7\u00e3o da popula\u00e7\u00e3o \u00e9 fundamental para que os n\u00fameros da doen\u00e7a em Capivari sigam reduzidos.<\/p>\n<p>De acordo com a Vigil\u00e2ncia Epidemiol\u00f3gica, Capivari registrou um total de 21 casos de Dengue at\u00e9 aqui em 2025, o que representa uma queda exponencial em rela\u00e7\u00e3o ao mesmo per\u00edodo do ano passado. \u00c9 importante destacar que as vacinas contra a Dengue est\u00e3o dispon\u00edveis para pessoas entre 9 e 14 anos de idade no Posto Central da cidade.<\/p>\n<p>Para mais informa\u00e7\u00f5es a Vigil\u00e2ncia Epidemiol\u00f3gica est\u00e1 localizada na avenida do Carmo, 60, bairro Vila Cardoso, ou ent\u00e3o atrav\u00e9s de atendimentos pelo telefone (19) 3492-7326. O Centro de Sa\u00fade \u201cDr. M\u00e1rio Dias de Aguiar\u201d, localizado na Rua Padre Haroldo, 553, Centro atende pelo telefone (19) 3492-8200.<\/p>\n","protected":false},"excerpt":{"rendered":"<p>A Secretaria de Sa\u00fade iniciou nesta semana as primeiras a\u00e7\u00f5es de combate ao mosquito Aedes Aegypti, transmissor de doen\u00e7as como Dengue e Febre Amarela. Intitulada \u201cX\u00f4, Mosquito\u201d, a iniciativa contar\u00e1 com entrega de material de conscientiza\u00e7\u00e3o \u00e0 popula\u00e7\u00e3o, al\u00e9m de palestras em escolas e busca ativa por novos locais com poss\u00edveis focos de prolifera\u00e7\u00e3o do [&hellip;]<\/p>\n","protected":false},"author":2,"featured_media":19346,"comment_status":"open","ping_status":"open","sticky":false,"template":"","format":"standard","meta":{"ocean_post_layout":"","ocean_both_sidebars_style":"","ocean_both_sidebars_content_width":0,"ocean_both_sidebars_sidebars_width":0,"ocean_sidebar":"","ocean_second_sidebar":"","ocean_disable_margins":"enable","ocean_add_body_class":"","ocean_shortcode_before_top_bar":"","ocean_shortcode_after_top_bar":"","ocean_shortcode_before_header":"","ocean_shortcode_after_header":"","ocean_has_shortcode":"","ocean_shortcode_after_title":"","ocean_shortcode_before_footer_widgets":"","ocean_shortcode_after_footer_widgets":"","ocean_shortcode_before_footer_bottom":"","ocean_shortcode_after_footer_bottom":"","ocean_display_top_bar":"default","ocean_display_header":"default","ocean_header_style":"","ocean_center_header_left_menu":"","ocean_custom_header_template":"","ocean_custom_logo":0,"ocean_custom_retina_logo":0,"ocean_custom_logo_max_width":0,"ocean_custom_logo_tablet_max_width":0,"ocean_custom_logo_mobile_max_width":0,"ocean_custom_logo_max_height":0,"ocean_custom_logo_tablet_max_height":0,"ocean_custom_logo_mobile_max_height":0,"ocean_header_custom_menu":"","ocean_menu_typo_font_family":"","ocean_menu_typo_font_subset":"","ocean_menu_typo_font_size":0,"ocean_menu_typo_font_size_tablet":0,"ocean_menu_typo_font_size_mobile":0,"ocean_menu_typo_font_size_unit":"px","ocean_menu_typo_font_weight":"","ocean_menu_typo_font_weight_tablet":"","ocean_menu_typo_font_weight_mobile":"","ocean_menu_typo_transform":"","ocean_menu_typo_transform_tablet":"","ocean_menu_typo_transform_mobile":"","ocean_menu_typo_line_height":0,"ocean_menu_typo_line_height_tablet":0,"ocean_menu_typo_line_height_mobile":0,"ocean_menu_typo_line_height_unit":"","ocean_menu_typo_spacing":0,"ocean_menu_typo_spacing_tablet":0,"ocean_menu_typo_spacing_mobile":0,"ocean_menu_typo_spacing_unit":"","ocean_menu_link_color":"","ocean_menu_link_color_hover":"","ocean_menu_link_color_active":"","ocean_menu_link_background":"","ocean_menu_link_hover_background":"","ocean_menu_link_active_background":"","ocean_menu_social_links_bg":"","ocean_menu_social_hover_links_bg":"","ocean_menu_social_links_color":"","ocean_menu_social_hover_links_color":"","ocean_disable_title":"default","ocean_disable_heading":"default","ocean_post_title":"","ocean_post_subheading":"","ocean_post_title_style":"","ocean_post_title_background_color":"","ocean_post_title_background":0,"ocean_post_title_bg_image_position":"","ocean_post_title_bg_image_attachment":"","ocean_post_title_bg_image_repeat":"","ocean_post_title_bg_image_size":"","ocean_post_title_height":0,"ocean_post_title_bg_overlay":0.5,"ocean_post_title_bg_overlay_color":"","ocean_disable_breadcrumbs":"default","ocean_breadcrumbs_color":"","ocean_breadcrumbs_separator_color":"","ocean_breadcrumbs_links_color":"","ocean_breadcrumbs_links_hover_color":"","ocean_display_footer_widgets":"default","ocean_display_footer_bottom":"default","ocean_custom_footer_template":"","ocean_post_oembed":"","ocean_post_self_hosted_media":"","ocean_post_video_embed":"","ocean_link_format":"","ocean_link_format_target":"self","ocean_quote_format":"","ocean_quote_format_link":"post","ocean_gallery_link_images":"on","ocean_gallery_id":[],"footnotes":""},"categories":[4,5,31],"tags":[],"class_list":["post-19345","post","type-post","status-publish","format-standard","has-post-thumbnail","hentry","category-destaque","category-geral","category-saude","entry","has-media"],"yoast_head":"<!-- This site is optimized with the Yoast SEO plugin v27.4 - https:\/\/yoast.com\/product\/yoast-seo-wordpress\/ -->\n<title>Sa\u00fade inicia campanha \u201cX\u00f4, Mosquito\u201d com a\u00e7\u00f5es em diversos locais da cidade - Prefeitura de Capivari<\/title>\n<meta name=\"robots\" content=\"index, follow, max-snippet:-1, max-image-preview:large, max-video-preview:-1\" \/>\n<link rel=\"canonical\" href=\"https:\/\/capivari.sp.gov.br\/portal\/saude-inicia-campanha-xo-mosquito-com-acoes-em-diversos-locais-da-cidade\/\" \/>\n<meta property=\"og:locale\" content=\"pt_BR\" \/>\n<meta property=\"og:type\" content=\"article\" \/>\n<meta property=\"og:title\" content=\"Sa\u00fade inicia campanha \u201cX\u00f4, Mosquito\u201d com a\u00e7\u00f5es em diversos locais da cidade - Prefeitura de Capivari\" \/>\n<meta property=\"og:description\" content=\"A Secretaria de Sa\u00fade iniciou nesta semana as primeiras a\u00e7\u00f5es de combate ao mosquito Aedes Aegypti, transmissor de doen\u00e7as como Dengue e Febre Amarela. Intitulada \u201cX\u00f4, Mosquito\u201d, a iniciativa contar\u00e1 com entrega de material de conscientiza\u00e7\u00e3o \u00e0 popula\u00e7\u00e3o, al\u00e9m de palestras em escolas e busca ativa por novos locais com poss\u00edveis focos de prolifera\u00e7\u00e3o do [&hellip;]\" \/>\n<meta property=\"og:url\" content=\"https:\/\/capivari.sp.gov.br\/portal\/saude-inicia-campanha-xo-mosquito-com-acoes-em-diversos-locais-da-cidade\/\" \/>\n<meta property=\"og:site_name\" content=\"Prefeitura de Capivari\" \/>\n<meta property=\"article:publisher\" content=\"https:\/\/www.facebook.com\/PrefeituradeCapivari\/\" \/>\n<meta property=\"article:published_time\" content=\"2025-02-17T19:26:42+00:00\" \/>\n<meta property=\"og:image\" content=\"https:\/\/capivari.sp.gov.br\/portal\/wp-content\/uploads\/2025\/02\/7.jpeg\" \/>\n\t<meta property=\"og:image:width\" content=\"1599\" \/>\n\t<meta property=\"og:image:height\" content=\"1066\" \/>\n\t<meta property=\"og:image:type\" content=\"image\/jpeg\" \/>\n<meta name=\"author\" content=\"Thalles Cristiano\" \/>\n<meta name=\"twitter:card\" content=\"summary_large_image\" \/>\n<meta name=\"twitter:creator\" content=\"@PrefCapivari\" \/>\n<meta name=\"twitter:site\" content=\"@PrefCapivari\" \/>\n<meta name=\"twitter:label1\" content=\"Escrito por\" \/>\n\t<meta name=\"twitter:data1\" content=\"Thalles Cristiano\" \/>\n\t<meta name=\"twitter:label2\" content=\"Est. tempo de leitura\" \/>\n\t<meta name=\"twitter:data2\" content=\"3 minutos\" \/>\n<script type=\"application\/ld+json\" class=\"yoast-schema-graph\">{\"@context\":\"https:\\\/\\\/schema.org\",\"@graph\":[{\"@type\":\"Article\",\"@id\":\"https:\\\/\\\/capivari.sp.gov.br\\\/portal\\\/saude-inicia-campanha-xo-mosquito-com-acoes-em-diversos-locais-da-cidade\\\/#article\",\"isPartOf\":{\"@id\":\"https:\\\/\\\/capivari.sp.gov.br\\\/portal\\\/saude-inicia-campanha-xo-mosquito-com-acoes-em-diversos-locais-da-cidade\\\/\"},\"author\":{\"name\":\"Thalles Cristiano\",\"@id\":\"https:\\\/\\\/capivari.sp.gov.br\\\/portal\\\/#\\\/schema\\\/person\\\/98801614a91d449946b0687ae2db9f29\"},\"headline\":\"Sa\u00fade inicia campanha \u201cX\u00f4, Mosquito\u201d com a\u00e7\u00f5es em diversos locais da cidade\",\"datePublished\":\"2025-02-17T19:26:42+00:00\",\"mainEntityOfPage\":{\"@id\":\"https:\\\/\\\/capivari.sp.gov.br\\\/portal\\\/saude-inicia-campanha-xo-mosquito-com-acoes-em-diversos-locais-da-cidade\\\/\"},\"wordCount\":424,\"commentCount\":0,\"publisher\":{\"@id\":\"https:\\\/\\\/capivari.sp.gov.br\\\/portal\\\/#organization\"},\"image\":{\"@id\":\"https:\\\/\\\/capivari.sp.gov.br\\\/portal\\\/saude-inicia-campanha-xo-mosquito-com-acoes-em-diversos-locais-da-cidade\\\/#primaryimage\"},\"thumbnailUrl\":\"https:\\\/\\\/capivari.sp.gov.br\\\/portal\\\/wp-content\\\/uploads\\\/2025\\\/02\\\/7.jpeg\",\"articleSection\":[\"Destaque\",\"Geral\",\"Sa\u00fade\"],\"inLanguage\":\"pt-BR\",\"potentialAction\":[{\"@type\":\"CommentAction\",\"name\":\"Comment\",\"target\":[\"https:\\\/\\\/capivari.sp.gov.br\\\/portal\\\/saude-inicia-campanha-xo-mosquito-com-acoes-em-diversos-locais-da-cidade\\\/#respond\"]}]},{\"@type\":\"WebPage\",\"@id\":\"https:\\\/\\\/capivari.sp.gov.br\\\/portal\\\/saude-inicia-campanha-xo-mosquito-com-acoes-em-diversos-locais-da-cidade\\\/\",\"url\":\"https:\\\/\\\/capivari.sp.gov.br\\\/portal\\\/saude-inicia-campanha-xo-mosquito-com-acoes-em-diversos-locais-da-cidade\\\/\",\"name\":\"Sa\u00fade inicia campanha \u201cX\u00f4, Mosquito\u201d com a\u00e7\u00f5es em diversos locais da cidade - Prefeitura de Capivari\",\"isPartOf\":{\"@id\":\"https:\\\/\\\/capivari.sp.gov.br\\\/portal\\\/#website\"},\"primaryImageOfPage\":{\"@id\":\"https:\\\/\\\/capivari.sp.gov.br\\\/portal\\\/saude-inicia-campanha-xo-mosquito-com-acoes-em-diversos-locais-da-cidade\\\/#primaryimage\"},\"image\":{\"@id\":\"https:\\\/\\\/capivari.sp.gov.br\\\/portal\\\/saude-inicia-campanha-xo-mosquito-com-acoes-em-diversos-locais-da-cidade\\\/#primaryimage\"},\"thumbnailUrl\":\"https:\\\/\\\/capivari.sp.gov.br\\\/portal\\\/wp-content\\\/uploads\\\/2025\\\/02\\\/7.jpeg\",\"datePublished\":\"2025-02-17T19:26:42+00:00\",\"breadcrumb\":{\"@id\":\"https:\\\/\\\/capivari.sp.gov.br\\\/portal\\\/saude-inicia-campanha-xo-mosquito-com-acoes-em-diversos-locais-da-cidade\\\/#breadcrumb\"},\"inLanguage\":\"pt-BR\",\"potentialAction\":[{\"@type\":\"ReadAction\",\"target\":[\"https:\\\/\\\/capivari.sp.gov.br\\\/portal\\\/saude-inicia-campanha-xo-mosquito-com-acoes-em-diversos-locais-da-cidade\\\/\"]}]},{\"@type\":\"ImageObject\",\"inLanguage\":\"pt-BR\",\"@id\":\"https:\\\/\\\/capivari.sp.gov.br\\\/portal\\\/saude-inicia-campanha-xo-mosquito-com-acoes-em-diversos-locais-da-cidade\\\/#primaryimage\",\"url\":\"https:\\\/\\\/capivari.sp.gov.br\\\/portal\\\/wp-content\\\/uploads\\\/2025\\\/02\\\/7.jpeg\",\"contentUrl\":\"https:\\\/\\\/capivari.sp.gov.br\\\/portal\\\/wp-content\\\/uploads\\\/2025\\\/02\\\/7.jpeg\",\"width\":1599,\"height\":1066},{\"@type\":\"BreadcrumbList\",\"@id\":\"https:\\\/\\\/capivari.sp.gov.br\\\/portal\\\/saude-inicia-campanha-xo-mosquito-com-acoes-em-diversos-locais-da-cidade\\\/#breadcrumb\",\"itemListElement\":[{\"@type\":\"ListItem\",\"position\":1,\"name\":\"In\u00edcio\",\"item\":\"https:\\\/\\\/capivari.sp.gov.br\\\/portal\\\/\"},{\"@type\":\"ListItem\",\"position\":2,\"name\":\"Sa\u00fade inicia campanha \u201cX\u00f4, Mosquito\u201d com a\u00e7\u00f5es em diversos locais da cidade\"}]},{\"@type\":\"WebSite\",\"@id\":\"https:\\\/\\\/capivari.sp.gov.br\\\/portal\\\/#website\",\"url\":\"https:\\\/\\\/capivari.sp.gov.br\\\/portal\\\/\",\"name\":\"Prefeitura de Capivari\",\"description\":\"Prefeitura de Capivari\",\"publisher\":{\"@id\":\"https:\\\/\\\/capivari.sp.gov.br\\\/portal\\\/#organization\"},\"potentialAction\":[{\"@type\":\"SearchAction\",\"target\":{\"@type\":\"EntryPoint\",\"urlTemplate\":\"https:\\\/\\\/capivari.sp.gov.br\\\/portal\\\/?s={search_term_string}\"},\"query-input\":{\"@type\":\"PropertyValueSpecification\",\"valueRequired\":true,\"valueName\":\"search_term_string\"}}],\"inLanguage\":\"pt-BR\"},{\"@type\":\"Organization\",\"@id\":\"https:\\\/\\\/capivari.sp.gov.br\\\/portal\\\/#organization\",\"name\":\"Prefeitura de Capivari\",\"url\":\"https:\\\/\\\/capivari.sp.gov.br\\\/portal\\\/\",\"logo\":{\"@type\":\"ImageObject\",\"inLanguage\":\"pt-BR\",\"@id\":\"https:\\\/\\\/capivari.sp.gov.br\\\/portal\\\/#\\\/schema\\\/logo\\\/image\\\/\",\"url\":\"https:\\\/\\\/capivari.sp.gov.br\\\/portal\\\/wp-content\\\/uploads\\\/2021\\\/09\\\/logo-prefeitura-de-capivari.png\",\"contentUrl\":\"https:\\\/\\\/capivari.sp.gov.br\\\/portal\\\/wp-content\\\/uploads\\\/2021\\\/09\\\/logo-prefeitura-de-capivari.png\",\"width\":200,\"height\":147,\"caption\":\"Prefeitura de Capivari\"},\"image\":{\"@id\":\"https:\\\/\\\/capivari.sp.gov.br\\\/portal\\\/#\\\/schema\\\/logo\\\/image\\\/\"},\"sameAs\":[\"https:\\\/\\\/www.facebook.com\\\/PrefeituradeCapivari\\\/\",\"https:\\\/\\\/x.com\\\/PrefCapivari\",\"https:\\\/\\\/www.instagram.com\\\/prefeituracapivari\\\/\"]},{\"@type\":\"Person\",\"@id\":\"https:\\\/\\\/capivari.sp.gov.br\\\/portal\\\/#\\\/schema\\\/person\\\/98801614a91d449946b0687ae2db9f29\",\"name\":\"Thalles Cristiano\",\"image\":{\"@type\":\"ImageObject\",\"inLanguage\":\"pt-BR\",\"@id\":\"https:\\\/\\\/secure.gravatar.com\\\/avatar\\\/0d1b9a4bdcde99ab11a8cd27abdcd088993749b82c4355c0301135023dc52b3d?s=96&d=mm&r=g\",\"url\":\"https:\\\/\\\/secure.gravatar.com\\\/avatar\\\/0d1b9a4bdcde99ab11a8cd27abdcd088993749b82c4355c0301135023dc52b3d?s=96&d=mm&r=g\",\"contentUrl\":\"https:\\\/\\\/secure.gravatar.com\\\/avatar\\\/0d1b9a4bdcde99ab11a8cd27abdcd088993749b82c4355c0301135023dc52b3d?s=96&d=mm&r=g\",\"caption\":\"Thalles Cristiano\"},\"url\":\"https:\\\/\\\/capivari.sp.gov.br\\\/portal\\\/author\\\/thalles-cristiano\\\/\"}]}<\/script>\n<!-- \/ Yoast SEO plugin. -->","yoast_head_json":{"title":"Sa\u00fade inicia campanha \u201cX\u00f4, Mosquito\u201d com a\u00e7\u00f5es em diversos locais da cidade - Prefeitura de Capivari","robots":{"index":"index","follow":"follow","max-snippet":"max-snippet:-1","max-image-preview":"max-image-preview:large","max-video-preview":"max-video-preview:-1"},"canonical":"https:\/\/capivari.sp.gov.br\/portal\/saude-inicia-campanha-xo-mosquito-com-acoes-em-diversos-locais-da-cidade\/","og_locale":"pt_BR","og_type":"article","og_title":"Sa\u00fade inicia campanha \u201cX\u00f4, Mosquito\u201d com a\u00e7\u00f5es em diversos locais da cidade - Prefeitura de Capivari","og_description":"A Secretaria de Sa\u00fade iniciou nesta semana as primeiras a\u00e7\u00f5es de combate ao mosquito Aedes Aegypti, transmissor de doen\u00e7as como Dengue e Febre Amarela. Intitulada \u201cX\u00f4, Mosquito\u201d, a iniciativa contar\u00e1 com entrega de material de conscientiza\u00e7\u00e3o \u00e0 popula\u00e7\u00e3o, al\u00e9m de palestras em escolas e busca ativa por novos locais com poss\u00edveis focos de prolifera\u00e7\u00e3o do [&hellip;]","og_url":"https:\/\/capivari.sp.gov.br\/portal\/saude-inicia-campanha-xo-mosquito-com-acoes-em-diversos-locais-da-cidade\/","og_site_name":"Prefeitura de Capivari","article_publisher":"https:\/\/www.facebook.com\/PrefeituradeCapivari\/","article_published_time":"2025-02-17T19:26:42+00:00","og_image":[{"width":1599,"height":1066,"url":"https:\/\/capivari.sp.gov.br\/portal\/wp-content\/uploads\/2025\/02\/7.jpeg","type":"image\/jpeg"}],"author":"Thalles Cristiano","twitter_card":"summary_large_image","twitter_creator":"@PrefCapivari","twitter_site":"@PrefCapivari","twitter_misc":{"Escrito por":"Thalles Cristiano","Est. tempo de leitura":"3 minutos"},"schema":{"@context":"https:\/\/schema.org","@graph":[{"@type":"Article","@id":"https:\/\/capivari.sp.gov.br\/portal\/saude-inicia-campanha-xo-mosquito-com-acoes-em-diversos-locais-da-cidade\/#article","isPartOf":{"@id":"https:\/\/capivari.sp.gov.br\/portal\/saude-inicia-campanha-xo-mosquito-com-acoes-em-diversos-locais-da-cidade\/"},"author":{"name":"Thalles Cristiano","@id":"https:\/\/capivari.sp.gov.br\/portal\/#\/schema\/person\/98801614a91d449946b0687ae2db9f29"},"headline":"Sa\u00fade inicia campanha \u201cX\u00f4, Mosquito\u201d com a\u00e7\u00f5es em diversos locais da cidade","datePublished":"2025-02-17T19:26:42+00:00","mainEntityOfPage":{"@id":"https:\/\/capivari.sp.gov.br\/portal\/saude-inicia-campanha-xo-mosquito-com-acoes-em-diversos-locais-da-cidade\/"},"wordCount":424,"commentCount":0,"publisher":{"@id":"https:\/\/capivari.sp.gov.br\/portal\/#organization"},"image":{"@id":"https:\/\/capivari.sp.gov.br\/portal\/saude-inicia-campanha-xo-mosquito-com-acoes-em-diversos-locais-da-cidade\/#primaryimage"},"thumbnailUrl":"https:\/\/capivari.sp.gov.br\/portal\/wp-content\/uploads\/2025\/02\/7.jpeg","articleSection":["Destaque","Geral","Sa\u00fade"],"inLanguage":"pt-BR","potentialAction":[{"@type":"CommentAction","name":"Comment","target":["https:\/\/capivari.sp.gov.br\/portal\/saude-inicia-campanha-xo-mosquito-com-acoes-em-diversos-locais-da-cidade\/#respond"]}]},{"@type":"WebPage","@id":"https:\/\/capivari.sp.gov.br\/portal\/saude-inicia-campanha-xo-mosquito-com-acoes-em-diversos-locais-da-cidade\/","url":"https:\/\/capivari.sp.gov.br\/portal\/saude-inicia-campanha-xo-mosquito-com-acoes-em-diversos-locais-da-cidade\/","name":"Sa\u00fade inicia campanha \u201cX\u00f4, Mosquito\u201d com a\u00e7\u00f5es em diversos locais da cidade - Prefeitura de Capivari","isPartOf":{"@id":"https:\/\/capivari.sp.gov.br\/portal\/#website"},"primaryImageOfPage":{"@id":"https:\/\/capivari.sp.gov.br\/portal\/saude-inicia-campanha-xo-mosquito-com-acoes-em-diversos-locais-da-cidade\/#primaryimage"},"image":{"@id":"https:\/\/capivari.sp.gov.br\/portal\/saude-inicia-campanha-xo-mosquito-com-acoes-em-diversos-locais-da-cidade\/#primaryimage"},"thumbnailUrl":"https:\/\/capivari.sp.gov.br\/portal\/wp-content\/uploads\/2025\/02\/7.jpeg","datePublished":"2025-02-17T19:26:42+00:00","breadcrumb":{"@id":"https:\/\/capivari.sp.gov.br\/portal\/saude-inicia-campanha-xo-mosquito-com-acoes-em-diversos-locais-da-cidade\/#breadcrumb"},"inLanguage":"pt-BR","potentialAction":[{"@type":"ReadAction","target":["https:\/\/capivari.sp.gov.br\/portal\/saude-inicia-campanha-xo-mosquito-com-acoes-em-diversos-locais-da-cidade\/"]}]},{"@type":"ImageObject","inLanguage":"pt-BR","@id":"https:\/\/capivari.sp.gov.br\/portal\/saude-inicia-campanha-xo-mosquito-com-acoes-em-diversos-locais-da-cidade\/#primaryimage","url":"https:\/\/capivari.sp.gov.br\/portal\/wp-content\/uploads\/2025\/02\/7.jpeg","contentUrl":"https:\/\/capivari.sp.gov.br\/portal\/wp-content\/uploads\/2025\/02\/7.jpeg","width":1599,"height":1066},{"@type":"BreadcrumbList","@id":"https:\/\/capivari.sp.gov.br\/portal\/saude-inicia-campanha-xo-mosquito-com-acoes-em-diversos-locais-da-cidade\/#breadcrumb","itemListElement":[{"@type":"ListItem","position":1,"name":"In\u00edcio","item":"https:\/\/capivari.sp.gov.br\/portal\/"},{"@type":"ListItem","position":2,"name":"Sa\u00fade inicia campanha \u201cX\u00f4, Mosquito\u201d com a\u00e7\u00f5es em diversos locais da cidade"}]},{"@type":"WebSite","@id":"https:\/\/capivari.sp.gov.br\/portal\/#website","url":"https:\/\/capivari.sp.gov.br\/portal\/","name":"Prefeitura de Capivari","description":"Prefeitura de Capivari","publisher":{"@id":"https:\/\/capivari.sp.gov.br\/portal\/#organization"},"potentialAction":[{"@type":"SearchAction","target":{"@type":"EntryPoint","urlTemplate":"https:\/\/capivari.sp.gov.br\/portal\/?s={search_term_string}"},"query-input":{"@type":"PropertyValueSpecification","valueRequired":true,"valueName":"search_term_string"}}],"inLanguage":"pt-BR"},{"@type":"Organization","@id":"https:\/\/capivari.sp.gov.br\/portal\/#organization","name":"Prefeitura de Capivari","url":"https:\/\/capivari.sp.gov.br\/portal\/","logo":{"@type":"ImageObject","inLanguage":"pt-BR","@id":"https:\/\/capivari.sp.gov.br\/portal\/#\/schema\/logo\/image\/","url":"https:\/\/capivari.sp.gov.br\/portal\/wp-content\/uploads\/2021\/09\/logo-prefeitura-de-capivari.png","contentUrl":"https:\/\/capivari.sp.gov.br\/portal\/wp-content\/uploads\/2021\/09\/logo-prefeitura-de-capivari.png","width":200,"height":147,"caption":"Prefeitura de Capivari"},"image":{"@id":"https:\/\/capivari.sp.gov.br\/portal\/#\/schema\/logo\/image\/"},"sameAs":["https:\/\/www.facebook.com\/PrefeituradeCapivari\/","https:\/\/x.com\/PrefCapivari","https:\/\/www.instagram.com\/prefeituracapivari\/"]},{"@type":"Person","@id":"https:\/\/capivari.sp.gov.br\/portal\/#\/schema\/person\/98801614a91d449946b0687ae2db9f29","name":"Thalles Cristiano","image":{"@type":"ImageObject","inLanguage":"pt-BR","@id":"https:\/\/secure.gravatar.com\/avatar\/0d1b9a4bdcde99ab11a8cd27abdcd088993749b82c4355c0301135023dc52b3d?s=96&d=mm&r=g","url":"https:\/\/secure.gravatar.com\/avatar\/0d1b9a4bdcde99ab11a8cd27abdcd088993749b82c4355c0301135023dc52b3d?s=96&d=mm&r=g","contentUrl":"https:\/\/secure.gravatar.com\/avatar\/0d1b9a4bdcde99ab11a8cd27abdcd088993749b82c4355c0301135023dc52b3d?s=96&d=mm&r=g","caption":"Thalles Cristiano"},"url":"https:\/\/capivari.sp.gov.br\/portal\/author\/thalles-cristiano\/"}]}},"_links":{"self":[{"href":"https:\/\/capivari.sp.gov.br\/portal\/wp-json\/wp\/v2\/posts\/19345","targetHints":{"allow":["GET"]}}],"collection":[{"href":"https:\/\/capivari.sp.gov.br\/portal\/wp-json\/wp\/v2\/posts"}],"about":[{"href":"https:\/\/capivari.sp.gov.br\/portal\/wp-json\/wp\/v2\/types\/post"}],"author":[{"embeddable":true,"href":"https:\/\/capivari.sp.gov.br\/portal\/wp-json\/wp\/v2\/users\/2"}],"replies":[{"embeddable":true,"href":"https:\/\/capivari.sp.gov.br\/portal\/wp-json\/wp\/v2\/comments?post=19345"}],"version-history":[{"count":1,"href":"https:\/\/capivari.sp.gov.br\/portal\/wp-json\/wp\/v2\/posts\/19345\/revisions"}],"predecessor-version":[{"id":19347,"href":"https:\/\/capivari.sp.gov.br\/portal\/wp-json\/wp\/v2\/posts\/19345\/revisions\/19347"}],"wp:featuredmedia":[{"embeddable":true,"href":"https:\/\/capivari.sp.gov.br\/portal\/wp-json\/wp\/v2\/media\/19346"}],"wp:attachment":[{"href":"https:\/\/capivari.sp.gov.br\/portal\/wp-json\/wp\/v2\/media?parent=19345"}],"wp:term":[{"taxonomy":"category","embeddable":true,"href":"https:\/\/capivari.sp.gov.br\/portal\/wp-json\/wp\/v2\/categories?post=19345"},{"taxonomy":"post_tag","embeddable":true,"href":"https:\/\/capivari.sp.gov.br\/portal\/wp-json\/wp\/v2\/tags?post=19345"}],"curies":[{"name":"wp","href":"https:\/\/api.w.org\/{rel}","templated":true}]}}