{"id":19422,"date":"2025-03-06T15:52:22","date_gmt":"2025-03-06T18:52:22","guid":{"rendered":"https:\/\/capivari.sp.gov.br\/portal\/?p=19422"},"modified":"2025-03-06T15:52:58","modified_gmt":"2025-03-06T18:52:58","slug":"cerca-de-10-mil-folioes-participam-do-carnapraca-2025","status":"publish","type":"post","link":"https:\/\/capivari.sp.gov.br\/portal\/cerca-de-10-mil-folioes-participam-do-carnapraca-2025\/","title":{"rendered":"Cerca de 10 mil foli\u00f5es participam do \u2018CarnaPra\u00e7a 2025\u2019"},"content":{"rendered":"<p><span style=\"font-family: Arial, sans-serif;\"><span style=\"font-size: large;\">Foli\u00f5es de todas as idades transformaram o \u201cCarnaPra\u00e7a 2025\u201d em um grande sucesso. Foram cinco dias de shows, dan\u00e7as e desfiles que reuniram aproximadamente 10 mil pessoas na regi\u00e3o da Pra\u00e7a Central, numa realiza\u00e7\u00e3o da Prefeitura de Capivari atrav\u00e9s das Secretarias de Cultura e <span lang=\"pt-BR\">Desenvolvimento Econ\u00f4mico, Turismo e Inova\u00e7\u00e3o.<\/span><\/span><\/span><\/p>\n<p><span style=\"font-family: Arial, sans-serif;\"><span style=\"font-size: large;\">Os festejos tiveram in\u00edcio na sexta-feira, dia 28, com apresenta\u00e7\u00f5es de marchinhas com a Banda Euclydes Colaneri e o Encontro de Baterias em homenagem \u00e0 Velha Guarda das Escolas de Samba de Capivari. A noite ainda teve passistas e o grupo Virou Mania.<\/span><\/span><\/p>\n<p>No s\u00e1bado, dia 1 de mar\u00e7o, ocorreu o primeiro dia de desfiles das Escolas de Samba, com a Vai com Tudo e + 10 descendo a rua XV de Novembro. A noite ainda contou com show da Banda Tom Dominante no plat\u00f4 da Pra\u00e7a Central. O domingo, dia 02, o dia foi voltado aos blocos de crian\u00e7as e adultos, e com a participa\u00e7\u00e3o de diversas escolas, seguido de Festa da Espuma para as crian\u00e7as. A noite terminou com o show do cantor Al\u00ea Pizzano. A segunda-feira teve desfile da Escola de Samba Turma da Barca e um novo show do grupo Tom Dominante. O \u00faltimo dia tamb\u00e9m foi dedicado \u00e0s crian\u00e7as, com a matin\u00ea com a presen\u00e7a de personagens e diversas outras op\u00e7\u00f5es de lazer para os pequenos.<\/p>\n<p><span style=\"font-family: Arial, sans-serif;\"><span style=\"font-size: large;\">A secret\u00e1ria de Cultura, Luciana Amaral, comemorou o sucesso da festa no munic\u00edpio. \u201cA movimenta\u00e7\u00e3o em todos os dias foi intensa e o retorno que recebemos foi muito positivo. Foram dias de folia que toda a fam\u00edlia puderam aproveitar\u201d, exaltou a secret\u00e1ria. <\/span><\/span><\/p>\n<p><span style=\"font-family: Arial, sans-serif;\"><span style=\"font-size: large;\">O prefeito Vit\u00e3o Riccomini frisou a tranquilidade do evento, fazendo quest\u00e3o de destacar o esquema de seguran\u00e7a preparado pela Seguran\u00e7a P\u00fablica do munic\u00edpio. \u201cN\u00e3o tivemos nenhum incidente, j\u00e1 que contamos com um esquema especial da nossa Guarda Civil. Fora isso, ainda tivemos um clima de muito sol e sem chuvas em todos os dias, proporcionando um Carnaval perfeito aos foli\u00f5es\u201d, comentou Vit\u00e3o.<\/span><\/span><\/p>\n","protected":false},"excerpt":{"rendered":"<p>Foli\u00f5es de todas as idades transformaram o \u201cCarnaPra\u00e7a 2025\u201d em um grande sucesso. Foram cinco dias de shows, dan\u00e7as e desfiles que reuniram aproximadamente 10 mil pessoas na regi\u00e3o da Pra\u00e7a Central, numa realiza\u00e7\u00e3o da Prefeitura de Capivari atrav\u00e9s das Secretarias de Cultura e Desenvolvimento Econ\u00f4mico, Turismo e Inova\u00e7\u00e3o. Os festejos tiveram in\u00edcio na sexta-feira, [&hellip;]<\/p>\n","protected":false},"author":15,"featured_media":19423,"comment_status":"open","ping_status":"open","sticky":false,"template":"","format":"standard","meta":{"ocean_post_layout":"","ocean_both_sidebars_style":"","ocean_both_sidebars_content_width":0,"ocean_both_sidebars_sidebars_width":0,"ocean_sidebar":"","ocean_second_sidebar":"","ocean_disable_margins":"enable","ocean_add_body_class":"","ocean_shortcode_before_top_bar":"","ocean_shortcode_after_top_bar":"","ocean_shortcode_before_header":"","ocean_shortcode_after_header":"","ocean_has_shortcode":"","ocean_shortcode_after_title":"","ocean_shortcode_before_footer_widgets":"","ocean_shortcode_after_footer_widgets":"","ocean_shortcode_before_footer_bottom":"","ocean_shortcode_after_footer_bottom":"","ocean_display_top_bar":"default","ocean_display_header":"default","ocean_header_style":"","ocean_center_header_left_menu":"","ocean_custom_header_template":"","ocean_custom_logo":0,"ocean_custom_retina_logo":0,"ocean_custom_logo_max_width":0,"ocean_custom_logo_tablet_max_width":0,"ocean_custom_logo_mobile_max_width":0,"ocean_custom_logo_max_height":0,"ocean_custom_logo_tablet_max_height":0,"ocean_custom_logo_mobile_max_height":0,"ocean_header_custom_menu":"","ocean_menu_typo_font_family":"","ocean_menu_typo_font_subset":"","ocean_menu_typo_font_size":0,"ocean_menu_typo_font_size_tablet":0,"ocean_menu_typo_font_size_mobile":0,"ocean_menu_typo_font_size_unit":"px","ocean_menu_typo_font_weight":"","ocean_menu_typo_font_weight_tablet":"","ocean_menu_typo_font_weight_mobile":"","ocean_menu_typo_transform":"","ocean_menu_typo_transform_tablet":"","ocean_menu_typo_transform_mobile":"","ocean_menu_typo_line_height":0,"ocean_menu_typo_line_height_tablet":0,"ocean_menu_typo_line_height_mobile":0,"ocean_menu_typo_line_height_unit":"","ocean_menu_typo_spacing":0,"ocean_menu_typo_spacing_tablet":0,"ocean_menu_typo_spacing_mobile":0,"ocean_menu_typo_spacing_unit":"","ocean_menu_link_color":"","ocean_menu_link_color_hover":"","ocean_menu_link_color_active":"","ocean_menu_link_background":"","ocean_menu_link_hover_background":"","ocean_menu_link_active_background":"","ocean_menu_social_links_bg":"","ocean_menu_social_hover_links_bg":"","ocean_menu_social_links_color":"","ocean_menu_social_hover_links_color":"","ocean_disable_title":"default","ocean_disable_heading":"default","ocean_post_title":"","ocean_post_subheading":"","ocean_post_title_style":"","ocean_post_title_background_color":"","ocean_post_title_background":0,"ocean_post_title_bg_image_position":"","ocean_post_title_bg_image_attachment":"","ocean_post_title_bg_image_repeat":"","ocean_post_title_bg_image_size":"","ocean_post_title_height":0,"ocean_post_title_bg_overlay":0.5,"ocean_post_title_bg_overlay_color":"","ocean_disable_breadcrumbs":"default","ocean_breadcrumbs_color":"","ocean_breadcrumbs_separator_color":"","ocean_breadcrumbs_links_color":"","ocean_breadcrumbs_links_hover_color":"","ocean_display_footer_widgets":"default","ocean_display_footer_bottom":"default","ocean_custom_footer_template":"","ocean_post_oembed":"","ocean_post_self_hosted_media":"","ocean_post_video_embed":"","ocean_link_format":"","ocean_link_format_target":"self","ocean_quote_format":"","ocean_quote_format_link":"post","ocean_gallery_link_images":"on","ocean_gallery_id":[],"footnotes":""},"categories":[17,18,4,5],"tags":[],"class_list":["post-19422","post","type-post","status-publish","format-standard","has-post-thumbnail","hentry","category-cultura","category-desenvolvimento-economico-turismo-e-inovacao","category-destaque","category-geral","entry","has-media"],"yoast_head":"<!-- This site is optimized with the Yoast SEO plugin v27.4 - https:\/\/yoast.com\/product\/yoast-seo-wordpress\/ -->\n<title>Cerca de 10 mil foli\u00f5es participam do \u2018CarnaPra\u00e7a 2025\u2019 - Prefeitura de Capivari<\/title>\n<meta name=\"robots\" content=\"index, follow, max-snippet:-1, max-image-preview:large, max-video-preview:-1\" \/>\n<link rel=\"canonical\" href=\"https:\/\/capivari.sp.gov.br\/portal\/cerca-de-10-mil-folioes-participam-do-carnapraca-2025\/\" \/>\n<meta property=\"og:locale\" content=\"pt_BR\" \/>\n<meta property=\"og:type\" content=\"article\" \/>\n<meta property=\"og:title\" content=\"Cerca de 10 mil foli\u00f5es participam do \u2018CarnaPra\u00e7a 2025\u2019 - Prefeitura de Capivari\" \/>\n<meta property=\"og:description\" content=\"Foli\u00f5es de todas as idades transformaram o \u201cCarnaPra\u00e7a 2025\u201d em um grande sucesso. Foram cinco dias de shows, dan\u00e7as e desfiles que reuniram aproximadamente 10 mil pessoas na regi\u00e3o da Pra\u00e7a Central, numa realiza\u00e7\u00e3o da Prefeitura de Capivari atrav\u00e9s das Secretarias de Cultura e Desenvolvimento Econ\u00f4mico, Turismo e Inova\u00e7\u00e3o. Os festejos tiveram in\u00edcio na sexta-feira, [&hellip;]\" \/>\n<meta property=\"og:url\" content=\"https:\/\/capivari.sp.gov.br\/portal\/cerca-de-10-mil-folioes-participam-do-carnapraca-2025\/\" \/>\n<meta property=\"og:site_name\" content=\"Prefeitura de Capivari\" \/>\n<meta property=\"article:publisher\" content=\"https:\/\/www.facebook.com\/PrefeituradeCapivari\/\" \/>\n<meta property=\"article:published_time\" content=\"2025-03-06T18:52:22+00:00\" \/>\n<meta property=\"article:modified_time\" content=\"2025-03-06T18:52:58+00:00\" \/>\n<meta property=\"og:image\" content=\"https:\/\/capivari.sp.gov.br\/portal\/wp-content\/uploads\/2025\/03\/IMG_7846-scaled.jpg\" \/>\n\t<meta property=\"og:image:width\" content=\"2560\" \/>\n\t<meta property=\"og:image:height\" content=\"1706\" \/>\n\t<meta property=\"og:image:type\" content=\"image\/jpeg\" \/>\n<meta name=\"author\" content=\"Luciano Assis\" \/>\n<meta name=\"twitter:card\" content=\"summary_large_image\" \/>\n<meta name=\"twitter:creator\" content=\"@PrefCapivari\" \/>\n<meta name=\"twitter:site\" content=\"@PrefCapivari\" \/>\n<meta name=\"twitter:label1\" content=\"Escrito por\" \/>\n\t<meta name=\"twitter:data1\" content=\"Luciano Assis\" \/>\n\t<meta name=\"twitter:label2\" content=\"Est. tempo de leitura\" \/>\n\t<meta name=\"twitter:data2\" content=\"2 minutos\" \/>\n<script type=\"application\/ld+json\" class=\"yoast-schema-graph\">{\"@context\":\"https:\\\/\\\/schema.org\",\"@graph\":[{\"@type\":\"Article\",\"@id\":\"https:\\\/\\\/capivari.sp.gov.br\\\/portal\\\/cerca-de-10-mil-folioes-participam-do-carnapraca-2025\\\/#article\",\"isPartOf\":{\"@id\":\"https:\\\/\\\/capivari.sp.gov.br\\\/portal\\\/cerca-de-10-mil-folioes-participam-do-carnapraca-2025\\\/\"},\"author\":{\"name\":\"Luciano Assis\",\"@id\":\"https:\\\/\\\/capivari.sp.gov.br\\\/portal\\\/#\\\/schema\\\/person\\\/ac37113577adfc1517e0cfa854b830b4\"},\"headline\":\"Cerca de 10 mil foli\u00f5es participam do \u2018CarnaPra\u00e7a 2025\u2019\",\"datePublished\":\"2025-03-06T18:52:22+00:00\",\"dateModified\":\"2025-03-06T18:52:58+00:00\",\"mainEntityOfPage\":{\"@id\":\"https:\\\/\\\/capivari.sp.gov.br\\\/portal\\\/cerca-de-10-mil-folioes-participam-do-carnapraca-2025\\\/\"},\"wordCount\":360,\"commentCount\":0,\"publisher\":{\"@id\":\"https:\\\/\\\/capivari.sp.gov.br\\\/portal\\\/#organization\"},\"image\":{\"@id\":\"https:\\\/\\\/capivari.sp.gov.br\\\/portal\\\/cerca-de-10-mil-folioes-participam-do-carnapraca-2025\\\/#primaryimage\"},\"thumbnailUrl\":\"https:\\\/\\\/capivari.sp.gov.br\\\/portal\\\/wp-content\\\/uploads\\\/2025\\\/03\\\/IMG_7846-scaled.jpg\",\"articleSection\":[\"Cultura\",\"Desenvolvimento Econ\u00f4mico, Turismo e Inova\u00e7\u00e3o\",\"Destaque\",\"Geral\"],\"inLanguage\":\"pt-BR\",\"potentialAction\":[{\"@type\":\"CommentAction\",\"name\":\"Comment\",\"target\":[\"https:\\\/\\\/capivari.sp.gov.br\\\/portal\\\/cerca-de-10-mil-folioes-participam-do-carnapraca-2025\\\/#respond\"]}]},{\"@type\":\"WebPage\",\"@id\":\"https:\\\/\\\/capivari.sp.gov.br\\\/portal\\\/cerca-de-10-mil-folioes-participam-do-carnapraca-2025\\\/\",\"url\":\"https:\\\/\\\/capivari.sp.gov.br\\\/portal\\\/cerca-de-10-mil-folioes-participam-do-carnapraca-2025\\\/\",\"name\":\"Cerca de 10 mil foli\u00f5es participam do \u2018CarnaPra\u00e7a 2025\u2019 - Prefeitura de Capivari\",\"isPartOf\":{\"@id\":\"https:\\\/\\\/capivari.sp.gov.br\\\/portal\\\/#website\"},\"primaryImageOfPage\":{\"@id\":\"https:\\\/\\\/capivari.sp.gov.br\\\/portal\\\/cerca-de-10-mil-folioes-participam-do-carnapraca-2025\\\/#primaryimage\"},\"image\":{\"@id\":\"https:\\\/\\\/capivari.sp.gov.br\\\/portal\\\/cerca-de-10-mil-folioes-participam-do-carnapraca-2025\\\/#primaryimage\"},\"thumbnailUrl\":\"https:\\\/\\\/capivari.sp.gov.br\\\/portal\\\/wp-content\\\/uploads\\\/2025\\\/03\\\/IMG_7846-scaled.jpg\",\"datePublished\":\"2025-03-06T18:52:22+00:00\",\"dateModified\":\"2025-03-06T18:52:58+00:00\",\"breadcrumb\":{\"@id\":\"https:\\\/\\\/capivari.sp.gov.br\\\/portal\\\/cerca-de-10-mil-folioes-participam-do-carnapraca-2025\\\/#breadcrumb\"},\"inLanguage\":\"pt-BR\",\"potentialAction\":[{\"@type\":\"ReadAction\",\"target\":[\"https:\\\/\\\/capivari.sp.gov.br\\\/portal\\\/cerca-de-10-mil-folioes-participam-do-carnapraca-2025\\\/\"]}]},{\"@type\":\"ImageObject\",\"inLanguage\":\"pt-BR\",\"@id\":\"https:\\\/\\\/capivari.sp.gov.br\\\/portal\\\/cerca-de-10-mil-folioes-participam-do-carnapraca-2025\\\/#primaryimage\",\"url\":\"https:\\\/\\\/capivari.sp.gov.br\\\/portal\\\/wp-content\\\/uploads\\\/2025\\\/03\\\/IMG_7846-scaled.jpg\",\"contentUrl\":\"https:\\\/\\\/capivari.sp.gov.br\\\/portal\\\/wp-content\\\/uploads\\\/2025\\\/03\\\/IMG_7846-scaled.jpg\",\"width\":2560,\"height\":1706},{\"@type\":\"BreadcrumbList\",\"@id\":\"https:\\\/\\\/capivari.sp.gov.br\\\/portal\\\/cerca-de-10-mil-folioes-participam-do-carnapraca-2025\\\/#breadcrumb\",\"itemListElement\":[{\"@type\":\"ListItem\",\"position\":1,\"name\":\"In\u00edcio\",\"item\":\"https:\\\/\\\/capivari.sp.gov.br\\\/portal\\\/\"},{\"@type\":\"ListItem\",\"position\":2,\"name\":\"Cerca de 10 mil foli\u00f5es participam do \u2018CarnaPra\u00e7a 2025\u2019\"}]},{\"@type\":\"WebSite\",\"@id\":\"https:\\\/\\\/capivari.sp.gov.br\\\/portal\\\/#website\",\"url\":\"https:\\\/\\\/capivari.sp.gov.br\\\/portal\\\/\",\"name\":\"Prefeitura de Capivari\",\"description\":\"Prefeitura de Capivari\",\"publisher\":{\"@id\":\"https:\\\/\\\/capivari.sp.gov.br\\\/portal\\\/#organization\"},\"potentialAction\":[{\"@type\":\"SearchAction\",\"target\":{\"@type\":\"EntryPoint\",\"urlTemplate\":\"https:\\\/\\\/capivari.sp.gov.br\\\/portal\\\/?s={search_term_string}\"},\"query-input\":{\"@type\":\"PropertyValueSpecification\",\"valueRequired\":true,\"valueName\":\"search_term_string\"}}],\"inLanguage\":\"pt-BR\"},{\"@type\":\"Organization\",\"@id\":\"https:\\\/\\\/capivari.sp.gov.br\\\/portal\\\/#organization\",\"name\":\"Prefeitura de Capivari\",\"url\":\"https:\\\/\\\/capivari.sp.gov.br\\\/portal\\\/\",\"logo\":{\"@type\":\"ImageObject\",\"inLanguage\":\"pt-BR\",\"@id\":\"https:\\\/\\\/capivari.sp.gov.br\\\/portal\\\/#\\\/schema\\\/logo\\\/image\\\/\",\"url\":\"https:\\\/\\\/capivari.sp.gov.br\\\/portal\\\/wp-content\\\/uploads\\\/2021\\\/09\\\/logo-prefeitura-de-capivari.png\",\"contentUrl\":\"https:\\\/\\\/capivari.sp.gov.br\\\/portal\\\/wp-content\\\/uploads\\\/2021\\\/09\\\/logo-prefeitura-de-capivari.png\",\"width\":200,\"height\":147,\"caption\":\"Prefeitura de Capivari\"},\"image\":{\"@id\":\"https:\\\/\\\/capivari.sp.gov.br\\\/portal\\\/#\\\/schema\\\/logo\\\/image\\\/\"},\"sameAs\":[\"https:\\\/\\\/www.facebook.com\\\/PrefeituradeCapivari\\\/\",\"https:\\\/\\\/x.com\\\/PrefCapivari\",\"https:\\\/\\\/www.instagram.com\\\/prefeituracapivari\\\/\"]},{\"@type\":\"Person\",\"@id\":\"https:\\\/\\\/capivari.sp.gov.br\\\/portal\\\/#\\\/schema\\\/person\\\/ac37113577adfc1517e0cfa854b830b4\",\"name\":\"Luciano Assis\",\"image\":{\"@type\":\"ImageObject\",\"inLanguage\":\"pt-BR\",\"@id\":\"https:\\\/\\\/secure.gravatar.com\\\/avatar\\\/ec163f977a02ac195ce6085f5110a8c4c8c6cc357c134002f73b4664772e79a5?s=96&d=mm&r=g\",\"url\":\"https:\\\/\\\/secure.gravatar.com\\\/avatar\\\/ec163f977a02ac195ce6085f5110a8c4c8c6cc357c134002f73b4664772e79a5?s=96&d=mm&r=g\",\"contentUrl\":\"https:\\\/\\\/secure.gravatar.com\\\/avatar\\\/ec163f977a02ac195ce6085f5110a8c4c8c6cc357c134002f73b4664772e79a5?s=96&d=mm&r=g\",\"caption\":\"Luciano Assis\"},\"url\":\"https:\\\/\\\/capivari.sp.gov.br\\\/portal\\\/author\\\/luciano-assis\\\/\"}]}<\/script>\n<!-- \/ Yoast SEO plugin. -->","yoast_head_json":{"title":"Cerca de 10 mil foli\u00f5es participam do \u2018CarnaPra\u00e7a 2025\u2019 - Prefeitura de Capivari","robots":{"index":"index","follow":"follow","max-snippet":"max-snippet:-1","max-image-preview":"max-image-preview:large","max-video-preview":"max-video-preview:-1"},"canonical":"https:\/\/capivari.sp.gov.br\/portal\/cerca-de-10-mil-folioes-participam-do-carnapraca-2025\/","og_locale":"pt_BR","og_type":"article","og_title":"Cerca de 10 mil foli\u00f5es participam do \u2018CarnaPra\u00e7a 2025\u2019 - Prefeitura de Capivari","og_description":"Foli\u00f5es de todas as idades transformaram o \u201cCarnaPra\u00e7a 2025\u201d em um grande sucesso. Foram cinco dias de shows, dan\u00e7as e desfiles que reuniram aproximadamente 10 mil pessoas na regi\u00e3o da Pra\u00e7a Central, numa realiza\u00e7\u00e3o da Prefeitura de Capivari atrav\u00e9s das Secretarias de Cultura e Desenvolvimento Econ\u00f4mico, Turismo e Inova\u00e7\u00e3o. Os festejos tiveram in\u00edcio na sexta-feira, [&hellip;]","og_url":"https:\/\/capivari.sp.gov.br\/portal\/cerca-de-10-mil-folioes-participam-do-carnapraca-2025\/","og_site_name":"Prefeitura de Capivari","article_publisher":"https:\/\/www.facebook.com\/PrefeituradeCapivari\/","article_published_time":"2025-03-06T18:52:22+00:00","article_modified_time":"2025-03-06T18:52:58+00:00","og_image":[{"width":2560,"height":1706,"url":"https:\/\/capivari.sp.gov.br\/portal\/wp-content\/uploads\/2025\/03\/IMG_7846-scaled.jpg","type":"image\/jpeg"}],"author":"Luciano Assis","twitter_card":"summary_large_image","twitter_creator":"@PrefCapivari","twitter_site":"@PrefCapivari","twitter_misc":{"Escrito por":"Luciano Assis","Est. tempo de leitura":"2 minutos"},"schema":{"@context":"https:\/\/schema.org","@graph":[{"@type":"Article","@id":"https:\/\/capivari.sp.gov.br\/portal\/cerca-de-10-mil-folioes-participam-do-carnapraca-2025\/#article","isPartOf":{"@id":"https:\/\/capivari.sp.gov.br\/portal\/cerca-de-10-mil-folioes-participam-do-carnapraca-2025\/"},"author":{"name":"Luciano Assis","@id":"https:\/\/capivari.sp.gov.br\/portal\/#\/schema\/person\/ac37113577adfc1517e0cfa854b830b4"},"headline":"Cerca de 10 mil foli\u00f5es participam do \u2018CarnaPra\u00e7a 2025\u2019","datePublished":"2025-03-06T18:52:22+00:00","dateModified":"2025-03-06T18:52:58+00:00","mainEntityOfPage":{"@id":"https:\/\/capivari.sp.gov.br\/portal\/cerca-de-10-mil-folioes-participam-do-carnapraca-2025\/"},"wordCount":360,"commentCount":0,"publisher":{"@id":"https:\/\/capivari.sp.gov.br\/portal\/#organization"},"image":{"@id":"https:\/\/capivari.sp.gov.br\/portal\/cerca-de-10-mil-folioes-participam-do-carnapraca-2025\/#primaryimage"},"thumbnailUrl":"https:\/\/capivari.sp.gov.br\/portal\/wp-content\/uploads\/2025\/03\/IMG_7846-scaled.jpg","articleSection":["Cultura","Desenvolvimento Econ\u00f4mico, Turismo e Inova\u00e7\u00e3o","Destaque","Geral"],"inLanguage":"pt-BR","potentialAction":[{"@type":"CommentAction","name":"Comment","target":["https:\/\/capivari.sp.gov.br\/portal\/cerca-de-10-mil-folioes-participam-do-carnapraca-2025\/#respond"]}]},{"@type":"WebPage","@id":"https:\/\/capivari.sp.gov.br\/portal\/cerca-de-10-mil-folioes-participam-do-carnapraca-2025\/","url":"https:\/\/capivari.sp.gov.br\/portal\/cerca-de-10-mil-folioes-participam-do-carnapraca-2025\/","name":"Cerca de 10 mil foli\u00f5es participam do \u2018CarnaPra\u00e7a 2025\u2019 - Prefeitura de Capivari","isPartOf":{"@id":"https:\/\/capivari.sp.gov.br\/portal\/#website"},"primaryImageOfPage":{"@id":"https:\/\/capivari.sp.gov.br\/portal\/cerca-de-10-mil-folioes-participam-do-carnapraca-2025\/#primaryimage"},"image":{"@id":"https:\/\/capivari.sp.gov.br\/portal\/cerca-de-10-mil-folioes-participam-do-carnapraca-2025\/#primaryimage"},"thumbnailUrl":"https:\/\/capivari.sp.gov.br\/portal\/wp-content\/uploads\/2025\/03\/IMG_7846-scaled.jpg","datePublished":"2025-03-06T18:52:22+00:00","dateModified":"2025-03-06T18:52:58+00:00","breadcrumb":{"@id":"https:\/\/capivari.sp.gov.br\/portal\/cerca-de-10-mil-folioes-participam-do-carnapraca-2025\/#breadcrumb"},"inLanguage":"pt-BR","potentialAction":[{"@type":"ReadAction","target":["https:\/\/capivari.sp.gov.br\/portal\/cerca-de-10-mil-folioes-participam-do-carnapraca-2025\/"]}]},{"@type":"ImageObject","inLanguage":"pt-BR","@id":"https:\/\/capivari.sp.gov.br\/portal\/cerca-de-10-mil-folioes-participam-do-carnapraca-2025\/#primaryimage","url":"https:\/\/capivari.sp.gov.br\/portal\/wp-content\/uploads\/2025\/03\/IMG_7846-scaled.jpg","contentUrl":"https:\/\/capivari.sp.gov.br\/portal\/wp-content\/uploads\/2025\/03\/IMG_7846-scaled.jpg","width":2560,"height":1706},{"@type":"BreadcrumbList","@id":"https:\/\/capivari.sp.gov.br\/portal\/cerca-de-10-mil-folioes-participam-do-carnapraca-2025\/#breadcrumb","itemListElement":[{"@type":"ListItem","position":1,"name":"In\u00edcio","item":"https:\/\/capivari.sp.gov.br\/portal\/"},{"@type":"ListItem","position":2,"name":"Cerca de 10 mil foli\u00f5es participam do \u2018CarnaPra\u00e7a 2025\u2019"}]},{"@type":"WebSite","@id":"https:\/\/capivari.sp.gov.br\/portal\/#website","url":"https:\/\/capivari.sp.gov.br\/portal\/","name":"Prefeitura de Capivari","description":"Prefeitura de Capivari","publisher":{"@id":"https:\/\/capivari.sp.gov.br\/portal\/#organization"},"potentialAction":[{"@type":"SearchAction","target":{"@type":"EntryPoint","urlTemplate":"https:\/\/capivari.sp.gov.br\/portal\/?s={search_term_string}"},"query-input":{"@type":"PropertyValueSpecification","valueRequired":true,"valueName":"search_term_string"}}],"inLanguage":"pt-BR"},{"@type":"Organization","@id":"https:\/\/capivari.sp.gov.br\/portal\/#organization","name":"Prefeitura de Capivari","url":"https:\/\/capivari.sp.gov.br\/portal\/","logo":{"@type":"ImageObject","inLanguage":"pt-BR","@id":"https:\/\/capivari.sp.gov.br\/portal\/#\/schema\/logo\/image\/","url":"https:\/\/capivari.sp.gov.br\/portal\/wp-content\/uploads\/2021\/09\/logo-prefeitura-de-capivari.png","contentUrl":"https:\/\/capivari.sp.gov.br\/portal\/wp-content\/uploads\/2021\/09\/logo-prefeitura-de-capivari.png","width":200,"height":147,"caption":"Prefeitura de Capivari"},"image":{"@id":"https:\/\/capivari.sp.gov.br\/portal\/#\/schema\/logo\/image\/"},"sameAs":["https:\/\/www.facebook.com\/PrefeituradeCapivari\/","https:\/\/x.com\/PrefCapivari","https:\/\/www.instagram.com\/prefeituracapivari\/"]},{"@type":"Person","@id":"https:\/\/capivari.sp.gov.br\/portal\/#\/schema\/person\/ac37113577adfc1517e0cfa854b830b4","name":"Luciano Assis","image":{"@type":"ImageObject","inLanguage":"pt-BR","@id":"https:\/\/secure.gravatar.com\/avatar\/ec163f977a02ac195ce6085f5110a8c4c8c6cc357c134002f73b4664772e79a5?s=96&d=mm&r=g","url":"https:\/\/secure.gravatar.com\/avatar\/ec163f977a02ac195ce6085f5110a8c4c8c6cc357c134002f73b4664772e79a5?s=96&d=mm&r=g","contentUrl":"https:\/\/secure.gravatar.com\/avatar\/ec163f977a02ac195ce6085f5110a8c4c8c6cc357c134002f73b4664772e79a5?s=96&d=mm&r=g","caption":"Luciano Assis"},"url":"https:\/\/capivari.sp.gov.br\/portal\/author\/luciano-assis\/"}]}},"_links":{"self":[{"href":"https:\/\/capivari.sp.gov.br\/portal\/wp-json\/wp\/v2\/posts\/19422","targetHints":{"allow":["GET"]}}],"collection":[{"href":"https:\/\/capivari.sp.gov.br\/portal\/wp-json\/wp\/v2\/posts"}],"about":[{"href":"https:\/\/capivari.sp.gov.br\/portal\/wp-json\/wp\/v2\/types\/post"}],"author":[{"embeddable":true,"href":"https:\/\/capivari.sp.gov.br\/portal\/wp-json\/wp\/v2\/users\/15"}],"replies":[{"embeddable":true,"href":"https:\/\/capivari.sp.gov.br\/portal\/wp-json\/wp\/v2\/comments?post=19422"}],"version-history":[{"count":2,"href":"https:\/\/capivari.sp.gov.br\/portal\/wp-json\/wp\/v2\/posts\/19422\/revisions"}],"predecessor-version":[{"id":19425,"href":"https:\/\/capivari.sp.gov.br\/portal\/wp-json\/wp\/v2\/posts\/19422\/revisions\/19425"}],"wp:featuredmedia":[{"embeddable":true,"href":"https:\/\/capivari.sp.gov.br\/portal\/wp-json\/wp\/v2\/media\/19423"}],"wp:attachment":[{"href":"https:\/\/capivari.sp.gov.br\/portal\/wp-json\/wp\/v2\/media?parent=19422"}],"wp:term":[{"taxonomy":"category","embeddable":true,"href":"https:\/\/capivari.sp.gov.br\/portal\/wp-json\/wp\/v2\/categories?post=19422"},{"taxonomy":"post_tag","embeddable":true,"href":"https:\/\/capivari.sp.gov.br\/portal\/wp-json\/wp\/v2\/tags?post=19422"}],"curies":[{"name":"wp","href":"https:\/\/api.w.org\/{rel}","templated":true}]}}