{"id":1946,"date":"2021-12-16T13:27:49","date_gmt":"2021-12-16T16:27:49","guid":{"rendered":"https:\/\/capivari.sp.gov.br\/portal\/?p=1946"},"modified":"2021-12-16T13:27:49","modified_gmt":"2021-12-16T16:27:49","slug":"reuniao-do-gemb-conta-com-participacao-de-representantes-da-cpfl","status":"publish","type":"post","link":"https:\/\/capivari.sp.gov.br\/portal\/reuniao-do-gemb-conta-com-participacao-de-representantes-da-cpfl\/","title":{"rendered":"Reuni\u00e3o do GEMB conta com participa\u00e7\u00e3o de representantes da CPFL"},"content":{"rendered":"<p align=\"left\"><span style=\"font-family: Liberation Serif, serif\"><span style=\"font-size: medium\">Na noite da \u00faltima segunda-feira, dia 13, aconteceu na C\u00e2mara Municipal de Capivari mais uma reuni\u00e3o do Grupo Empresarial Murilo Bertoldo (GEMB). O evento contou com participa\u00e7\u00e3o do secret\u00e1rio de Desenvolvimento Econ\u00f4mico e Emprego, Jos\u00e9 Murilo Castellani, al\u00e9m de diversos empres\u00e1rios da cidade e representantes da Companhia Paulista de For\u00e7a e Luz (CPFL), para debater a qualidade do fornecimento de energia no munic\u00edpio.<\/span><\/span><\/p>\n<p align=\"left\"><span style=\"font-family: Liberation Serif, serif\"><span style=\"font-size: medium\">Dentre os t\u00f3picos apresentados pelos executivos da CPFL, estava a exibi\u00e7\u00e3o dos investimentos previstos pela empresa na regi\u00e3o, al\u00e9m da explica\u00e7\u00e3o da metodologia de trabalho da companhia. Tamb\u00e9m ficou determinado que, todas as empresas de Capivari encaminhem o c\u00f3digo de consumidor para a Secretaria de Desenvolvimento Econ\u00f4mico e Emprego, para que por sua vez, envie os dados \u00e0 Talita Pinotti, consultora de neg\u00f3cios da CPFL.<\/span><\/span><\/p>\n<p align=\"left\"><span style=\"font-family: Liberation Serif, serif\"><span style=\"font-size: medium\">O secret\u00e1rio de Desenvolvimento Econ\u00f4mico e Emprego, Jos\u00e9 Murilo Castellani, explicou a pr\u00f3xima a\u00e7\u00e3o a ser tomada, uma vez que as empresas fornecerem os dados. \u201cDepois que enviarmos os c\u00f3digos das empresas da cidade, a CPFL ser\u00e1 respons\u00e1vel por conduzir uma avalia\u00e7\u00e3o das \u00e1reas industriais de Capivari, para solucionar o problema da baixa qualidade de fornecimento de energia\u201d, destacou.<\/span><\/span><\/p>\n<p align=\"left\"><span style=\"font-family: Liberation Serif, serif\"><span style=\"font-size: medium\">O compromisso firmado por parte da CPFL sobre esse assunto, \u00e9 fornecer um laudo em fevereiro de 2022, informando os n\u00edveis de qualidade no fornecimento de energia durante este per\u00edodo. Al\u00e9m disso, a orienta\u00e7\u00e3o dada \u00e9 que as empresas notifiquem diretamente a companhia sobre instabilidades e faltas de eletricidade neste intervalo de tempo.<\/span><\/span><\/p>\n","protected":false},"excerpt":{"rendered":"<p>Na noite da \u00faltima segunda-feira, dia 13, aconteceu na C\u00e2mara Municipal de Capivari mais uma reuni\u00e3o do Grupo Empresarial Murilo Bertoldo (GEMB). O evento contou com participa\u00e7\u00e3o do secret\u00e1rio de Desenvolvimento Econ\u00f4mico e Emprego, Jos\u00e9 Murilo Castellani, al\u00e9m de diversos empres\u00e1rios da cidade e representantes da Companhia Paulista de For\u00e7a e Luz (CPFL), para debater [&hellip;]<\/p>\n","protected":false},"author":2,"featured_media":1947,"comment_status":"open","ping_status":"open","sticky":false,"template":"","format":"standard","meta":{"ocean_post_layout":"","ocean_both_sidebars_style":"","ocean_both_sidebars_content_width":0,"ocean_both_sidebars_sidebars_width":0,"ocean_sidebar":"","ocean_second_sidebar":"","ocean_disable_margins":"enable","ocean_add_body_class":"","ocean_shortcode_before_top_bar":"","ocean_shortcode_after_top_bar":"","ocean_shortcode_before_header":"","ocean_shortcode_after_header":"","ocean_has_shortcode":"","ocean_shortcode_after_title":"","ocean_shortcode_before_footer_widgets":"","ocean_shortcode_after_footer_widgets":"","ocean_shortcode_before_footer_bottom":"","ocean_shortcode_after_footer_bottom":"","ocean_display_top_bar":"default","ocean_display_header":"default","ocean_header_style":"","ocean_center_header_left_menu":"","ocean_custom_header_template":"","ocean_custom_logo":0,"ocean_custom_retina_logo":0,"ocean_custom_logo_max_width":0,"ocean_custom_logo_tablet_max_width":0,"ocean_custom_logo_mobile_max_width":0,"ocean_custom_logo_max_height":0,"ocean_custom_logo_tablet_max_height":0,"ocean_custom_logo_mobile_max_height":0,"ocean_header_custom_menu":"","ocean_menu_typo_font_family":"","ocean_menu_typo_font_subset":"","ocean_menu_typo_font_size":0,"ocean_menu_typo_font_size_tablet":0,"ocean_menu_typo_font_size_mobile":0,"ocean_menu_typo_font_size_unit":"px","ocean_menu_typo_font_weight":"","ocean_menu_typo_font_weight_tablet":"","ocean_menu_typo_font_weight_mobile":"","ocean_menu_typo_transform":"","ocean_menu_typo_transform_tablet":"","ocean_menu_typo_transform_mobile":"","ocean_menu_typo_line_height":0,"ocean_menu_typo_line_height_tablet":0,"ocean_menu_typo_line_height_mobile":0,"ocean_menu_typo_line_height_unit":"","ocean_menu_typo_spacing":0,"ocean_menu_typo_spacing_tablet":0,"ocean_menu_typo_spacing_mobile":0,"ocean_menu_typo_spacing_unit":"","ocean_menu_link_color":"","ocean_menu_link_color_hover":"","ocean_menu_link_color_active":"","ocean_menu_link_background":"","ocean_menu_link_hover_background":"","ocean_menu_link_active_background":"","ocean_menu_social_links_bg":"","ocean_menu_social_hover_links_bg":"","ocean_menu_social_links_color":"","ocean_menu_social_hover_links_color":"","ocean_disable_title":"default","ocean_disable_heading":"default","ocean_post_title":"","ocean_post_subheading":"","ocean_post_title_style":"","ocean_post_title_background_color":"","ocean_post_title_background":0,"ocean_post_title_bg_image_position":"","ocean_post_title_bg_image_attachment":"","ocean_post_title_bg_image_repeat":"","ocean_post_title_bg_image_size":"","ocean_post_title_height":0,"ocean_post_title_bg_overlay":0.5,"ocean_post_title_bg_overlay_color":"","ocean_disable_breadcrumbs":"default","ocean_breadcrumbs_color":"","ocean_breadcrumbs_separator_color":"","ocean_breadcrumbs_links_color":"","ocean_breadcrumbs_links_hover_color":"","ocean_display_footer_widgets":"default","ocean_display_footer_bottom":"default","ocean_custom_footer_template":"","ocean_post_oembed":"","ocean_post_self_hosted_media":"","ocean_post_video_embed":"","ocean_link_format":"","ocean_link_format_target":"self","ocean_quote_format":"","ocean_quote_format_link":"post","ocean_gallery_link_images":"off","ocean_gallery_id":[],"footnotes":""},"categories":[18,4,5],"tags":[],"class_list":["post-1946","post","type-post","status-publish","format-standard","has-post-thumbnail","hentry","category-desenvolvimento-economico-turismo-e-inovacao","category-destaque","category-geral","entry","has-media"],"yoast_head":"<!-- This site is optimized with the Yoast SEO plugin v27.5 - https:\/\/yoast.com\/product\/yoast-seo-wordpress\/ -->\n<title>Reuni\u00e3o do GEMB conta com participa\u00e7\u00e3o de representantes da CPFL - Prefeitura de Capivari<\/title>\n<meta name=\"robots\" content=\"index, follow, max-snippet:-1, max-image-preview:large, max-video-preview:-1\" \/>\n<link rel=\"canonical\" href=\"https:\/\/capivari.sp.gov.br\/portal\/reuniao-do-gemb-conta-com-participacao-de-representantes-da-cpfl\/\" \/>\n<meta property=\"og:locale\" content=\"pt_BR\" \/>\n<meta property=\"og:type\" content=\"article\" \/>\n<meta property=\"og:title\" content=\"Reuni\u00e3o do GEMB conta com participa\u00e7\u00e3o de representantes da CPFL - Prefeitura de Capivari\" \/>\n<meta property=\"og:description\" content=\"Na noite da \u00faltima segunda-feira, dia 13, aconteceu na C\u00e2mara Municipal de Capivari mais uma reuni\u00e3o do Grupo Empresarial Murilo Bertoldo (GEMB). O evento contou com participa\u00e7\u00e3o do secret\u00e1rio de Desenvolvimento Econ\u00f4mico e Emprego, Jos\u00e9 Murilo Castellani, al\u00e9m de diversos empres\u00e1rios da cidade e representantes da Companhia Paulista de For\u00e7a e Luz (CPFL), para debater [&hellip;]\" \/>\n<meta property=\"og:url\" content=\"https:\/\/capivari.sp.gov.br\/portal\/reuniao-do-gemb-conta-com-participacao-de-representantes-da-cpfl\/\" \/>\n<meta property=\"og:site_name\" content=\"Prefeitura de Capivari\" \/>\n<meta property=\"article:publisher\" content=\"https:\/\/www.facebook.com\/PrefeituradeCapivari\/\" \/>\n<meta property=\"article:published_time\" content=\"2021-12-16T16:27:49+00:00\" \/>\n<meta property=\"og:image\" content=\"https:\/\/capivari.sp.gov.br\/portal\/wp-content\/uploads\/2021\/12\/WhatsApp-Image-2021-12-15-at-14.54.24.jpeg\" \/>\n\t<meta property=\"og:image:width\" content=\"1280\" \/>\n\t<meta property=\"og:image:height\" content=\"853\" \/>\n\t<meta property=\"og:image:type\" content=\"image\/jpeg\" \/>\n<meta name=\"author\" content=\"Thalles Cristiano\" \/>\n<meta name=\"twitter:card\" content=\"summary_large_image\" \/>\n<meta name=\"twitter:creator\" content=\"@PrefCapivari\" \/>\n<meta name=\"twitter:site\" content=\"@PrefCapivari\" \/>\n<meta name=\"twitter:label1\" content=\"Escrito por\" \/>\n\t<meta name=\"twitter:data1\" content=\"Thalles Cristiano\" \/>\n\t<meta name=\"twitter:label2\" content=\"Est. tempo de leitura\" \/>\n\t<meta name=\"twitter:data2\" content=\"1 minuto\" \/>\n<script type=\"application\/ld+json\" class=\"yoast-schema-graph\">{\"@context\":\"https:\\\/\\\/schema.org\",\"@graph\":[{\"@type\":\"Article\",\"@id\":\"https:\\\/\\\/capivari.sp.gov.br\\\/portal\\\/reuniao-do-gemb-conta-com-participacao-de-representantes-da-cpfl\\\/#article\",\"isPartOf\":{\"@id\":\"https:\\\/\\\/capivari.sp.gov.br\\\/portal\\\/reuniao-do-gemb-conta-com-participacao-de-representantes-da-cpfl\\\/\"},\"author\":{\"name\":\"Thalles Cristiano\",\"@id\":\"https:\\\/\\\/capivari.sp.gov.br\\\/portal\\\/#\\\/schema\\\/person\\\/98801614a91d449946b0687ae2db9f29\"},\"headline\":\"Reuni\u00e3o do GEMB conta com participa\u00e7\u00e3o de representantes da CPFL\",\"datePublished\":\"2021-12-16T16:27:49+00:00\",\"mainEntityOfPage\":{\"@id\":\"https:\\\/\\\/capivari.sp.gov.br\\\/portal\\\/reuniao-do-gemb-conta-com-participacao-de-representantes-da-cpfl\\\/\"},\"wordCount\":276,\"commentCount\":0,\"publisher\":{\"@id\":\"https:\\\/\\\/capivari.sp.gov.br\\\/portal\\\/#organization\"},\"image\":{\"@id\":\"https:\\\/\\\/capivari.sp.gov.br\\\/portal\\\/reuniao-do-gemb-conta-com-participacao-de-representantes-da-cpfl\\\/#primaryimage\"},\"thumbnailUrl\":\"https:\\\/\\\/capivari.sp.gov.br\\\/portal\\\/wp-content\\\/uploads\\\/2021\\\/12\\\/WhatsApp-Image-2021-12-15-at-14.54.24.jpeg\",\"articleSection\":[\"Desenvolvimento Econ\u00f4mico, Turismo e Inova\u00e7\u00e3o\",\"Destaque\",\"Geral\"],\"inLanguage\":\"pt-BR\",\"potentialAction\":[{\"@type\":\"CommentAction\",\"name\":\"Comment\",\"target\":[\"https:\\\/\\\/capivari.sp.gov.br\\\/portal\\\/reuniao-do-gemb-conta-com-participacao-de-representantes-da-cpfl\\\/#respond\"]}]},{\"@type\":\"WebPage\",\"@id\":\"https:\\\/\\\/capivari.sp.gov.br\\\/portal\\\/reuniao-do-gemb-conta-com-participacao-de-representantes-da-cpfl\\\/\",\"url\":\"https:\\\/\\\/capivari.sp.gov.br\\\/portal\\\/reuniao-do-gemb-conta-com-participacao-de-representantes-da-cpfl\\\/\",\"name\":\"Reuni\u00e3o do GEMB conta com participa\u00e7\u00e3o de representantes da CPFL - Prefeitura de Capivari\",\"isPartOf\":{\"@id\":\"https:\\\/\\\/capivari.sp.gov.br\\\/portal\\\/#website\"},\"primaryImageOfPage\":{\"@id\":\"https:\\\/\\\/capivari.sp.gov.br\\\/portal\\\/reuniao-do-gemb-conta-com-participacao-de-representantes-da-cpfl\\\/#primaryimage\"},\"image\":{\"@id\":\"https:\\\/\\\/capivari.sp.gov.br\\\/portal\\\/reuniao-do-gemb-conta-com-participacao-de-representantes-da-cpfl\\\/#primaryimage\"},\"thumbnailUrl\":\"https:\\\/\\\/capivari.sp.gov.br\\\/portal\\\/wp-content\\\/uploads\\\/2021\\\/12\\\/WhatsApp-Image-2021-12-15-at-14.54.24.jpeg\",\"datePublished\":\"2021-12-16T16:27:49+00:00\",\"breadcrumb\":{\"@id\":\"https:\\\/\\\/capivari.sp.gov.br\\\/portal\\\/reuniao-do-gemb-conta-com-participacao-de-representantes-da-cpfl\\\/#breadcrumb\"},\"inLanguage\":\"pt-BR\",\"potentialAction\":[{\"@type\":\"ReadAction\",\"target\":[\"https:\\\/\\\/capivari.sp.gov.br\\\/portal\\\/reuniao-do-gemb-conta-com-participacao-de-representantes-da-cpfl\\\/\"]}]},{\"@type\":\"ImageObject\",\"inLanguage\":\"pt-BR\",\"@id\":\"https:\\\/\\\/capivari.sp.gov.br\\\/portal\\\/reuniao-do-gemb-conta-com-participacao-de-representantes-da-cpfl\\\/#primaryimage\",\"url\":\"https:\\\/\\\/capivari.sp.gov.br\\\/portal\\\/wp-content\\\/uploads\\\/2021\\\/12\\\/WhatsApp-Image-2021-12-15-at-14.54.24.jpeg\",\"contentUrl\":\"https:\\\/\\\/capivari.sp.gov.br\\\/portal\\\/wp-content\\\/uploads\\\/2021\\\/12\\\/WhatsApp-Image-2021-12-15-at-14.54.24.jpeg\",\"width\":1280,\"height\":853},{\"@type\":\"BreadcrumbList\",\"@id\":\"https:\\\/\\\/capivari.sp.gov.br\\\/portal\\\/reuniao-do-gemb-conta-com-participacao-de-representantes-da-cpfl\\\/#breadcrumb\",\"itemListElement\":[{\"@type\":\"ListItem\",\"position\":1,\"name\":\"In\u00edcio\",\"item\":\"https:\\\/\\\/capivari.sp.gov.br\\\/portal\\\/\"},{\"@type\":\"ListItem\",\"position\":2,\"name\":\"Reuni\u00e3o do GEMB conta com participa\u00e7\u00e3o de representantes da CPFL\"}]},{\"@type\":\"WebSite\",\"@id\":\"https:\\\/\\\/capivari.sp.gov.br\\\/portal\\\/#website\",\"url\":\"https:\\\/\\\/capivari.sp.gov.br\\\/portal\\\/\",\"name\":\"Prefeitura de Capivari\",\"description\":\"Prefeitura de Capivari\",\"publisher\":{\"@id\":\"https:\\\/\\\/capivari.sp.gov.br\\\/portal\\\/#organization\"},\"potentialAction\":[{\"@type\":\"SearchAction\",\"target\":{\"@type\":\"EntryPoint\",\"urlTemplate\":\"https:\\\/\\\/capivari.sp.gov.br\\\/portal\\\/?s={search_term_string}\"},\"query-input\":{\"@type\":\"PropertyValueSpecification\",\"valueRequired\":true,\"valueName\":\"search_term_string\"}}],\"inLanguage\":\"pt-BR\"},{\"@type\":\"Organization\",\"@id\":\"https:\\\/\\\/capivari.sp.gov.br\\\/portal\\\/#organization\",\"name\":\"Prefeitura de Capivari\",\"url\":\"https:\\\/\\\/capivari.sp.gov.br\\\/portal\\\/\",\"logo\":{\"@type\":\"ImageObject\",\"inLanguage\":\"pt-BR\",\"@id\":\"https:\\\/\\\/capivari.sp.gov.br\\\/portal\\\/#\\\/schema\\\/logo\\\/image\\\/\",\"url\":\"https:\\\/\\\/capivari.sp.gov.br\\\/portal\\\/wp-content\\\/uploads\\\/2021\\\/09\\\/logo-prefeitura-de-capivari.png\",\"contentUrl\":\"https:\\\/\\\/capivari.sp.gov.br\\\/portal\\\/wp-content\\\/uploads\\\/2021\\\/09\\\/logo-prefeitura-de-capivari.png\",\"width\":200,\"height\":147,\"caption\":\"Prefeitura de Capivari\"},\"image\":{\"@id\":\"https:\\\/\\\/capivari.sp.gov.br\\\/portal\\\/#\\\/schema\\\/logo\\\/image\\\/\"},\"sameAs\":[\"https:\\\/\\\/www.facebook.com\\\/PrefeituradeCapivari\\\/\",\"https:\\\/\\\/x.com\\\/PrefCapivari\",\"https:\\\/\\\/www.instagram.com\\\/prefeituracapivari\\\/\"]},{\"@type\":\"Person\",\"@id\":\"https:\\\/\\\/capivari.sp.gov.br\\\/portal\\\/#\\\/schema\\\/person\\\/98801614a91d449946b0687ae2db9f29\",\"name\":\"Thalles Cristiano\",\"image\":{\"@type\":\"ImageObject\",\"inLanguage\":\"pt-BR\",\"@id\":\"https:\\\/\\\/secure.gravatar.com\\\/avatar\\\/0d1b9a4bdcde99ab11a8cd27abdcd088993749b82c4355c0301135023dc52b3d?s=96&d=mm&r=g\",\"url\":\"https:\\\/\\\/secure.gravatar.com\\\/avatar\\\/0d1b9a4bdcde99ab11a8cd27abdcd088993749b82c4355c0301135023dc52b3d?s=96&d=mm&r=g\",\"contentUrl\":\"https:\\\/\\\/secure.gravatar.com\\\/avatar\\\/0d1b9a4bdcde99ab11a8cd27abdcd088993749b82c4355c0301135023dc52b3d?s=96&d=mm&r=g\",\"caption\":\"Thalles Cristiano\"},\"url\":\"https:\\\/\\\/capivari.sp.gov.br\\\/portal\\\/author\\\/thalles-cristiano\\\/\"}]}<\/script>\n<!-- \/ Yoast SEO plugin. -->","yoast_head_json":{"title":"Reuni\u00e3o do GEMB conta com participa\u00e7\u00e3o de representantes da CPFL - Prefeitura de Capivari","robots":{"index":"index","follow":"follow","max-snippet":"max-snippet:-1","max-image-preview":"max-image-preview:large","max-video-preview":"max-video-preview:-1"},"canonical":"https:\/\/capivari.sp.gov.br\/portal\/reuniao-do-gemb-conta-com-participacao-de-representantes-da-cpfl\/","og_locale":"pt_BR","og_type":"article","og_title":"Reuni\u00e3o do GEMB conta com participa\u00e7\u00e3o de representantes da CPFL - Prefeitura de Capivari","og_description":"Na noite da \u00faltima segunda-feira, dia 13, aconteceu na C\u00e2mara Municipal de Capivari mais uma reuni\u00e3o do Grupo Empresarial Murilo Bertoldo (GEMB). O evento contou com participa\u00e7\u00e3o do secret\u00e1rio de Desenvolvimento Econ\u00f4mico e Emprego, Jos\u00e9 Murilo Castellani, al\u00e9m de diversos empres\u00e1rios da cidade e representantes da Companhia Paulista de For\u00e7a e Luz (CPFL), para debater [&hellip;]","og_url":"https:\/\/capivari.sp.gov.br\/portal\/reuniao-do-gemb-conta-com-participacao-de-representantes-da-cpfl\/","og_site_name":"Prefeitura de Capivari","article_publisher":"https:\/\/www.facebook.com\/PrefeituradeCapivari\/","article_published_time":"2021-12-16T16:27:49+00:00","og_image":[{"width":1280,"height":853,"url":"https:\/\/capivari.sp.gov.br\/portal\/wp-content\/uploads\/2021\/12\/WhatsApp-Image-2021-12-15-at-14.54.24.jpeg","type":"image\/jpeg"}],"author":"Thalles Cristiano","twitter_card":"summary_large_image","twitter_creator":"@PrefCapivari","twitter_site":"@PrefCapivari","twitter_misc":{"Escrito por":"Thalles Cristiano","Est. tempo de leitura":"1 minuto"},"schema":{"@context":"https:\/\/schema.org","@graph":[{"@type":"Article","@id":"https:\/\/capivari.sp.gov.br\/portal\/reuniao-do-gemb-conta-com-participacao-de-representantes-da-cpfl\/#article","isPartOf":{"@id":"https:\/\/capivari.sp.gov.br\/portal\/reuniao-do-gemb-conta-com-participacao-de-representantes-da-cpfl\/"},"author":{"name":"Thalles Cristiano","@id":"https:\/\/capivari.sp.gov.br\/portal\/#\/schema\/person\/98801614a91d449946b0687ae2db9f29"},"headline":"Reuni\u00e3o do GEMB conta com participa\u00e7\u00e3o de representantes da CPFL","datePublished":"2021-12-16T16:27:49+00:00","mainEntityOfPage":{"@id":"https:\/\/capivari.sp.gov.br\/portal\/reuniao-do-gemb-conta-com-participacao-de-representantes-da-cpfl\/"},"wordCount":276,"commentCount":0,"publisher":{"@id":"https:\/\/capivari.sp.gov.br\/portal\/#organization"},"image":{"@id":"https:\/\/capivari.sp.gov.br\/portal\/reuniao-do-gemb-conta-com-participacao-de-representantes-da-cpfl\/#primaryimage"},"thumbnailUrl":"https:\/\/capivari.sp.gov.br\/portal\/wp-content\/uploads\/2021\/12\/WhatsApp-Image-2021-12-15-at-14.54.24.jpeg","articleSection":["Desenvolvimento Econ\u00f4mico, Turismo e Inova\u00e7\u00e3o","Destaque","Geral"],"inLanguage":"pt-BR","potentialAction":[{"@type":"CommentAction","name":"Comment","target":["https:\/\/capivari.sp.gov.br\/portal\/reuniao-do-gemb-conta-com-participacao-de-representantes-da-cpfl\/#respond"]}]},{"@type":"WebPage","@id":"https:\/\/capivari.sp.gov.br\/portal\/reuniao-do-gemb-conta-com-participacao-de-representantes-da-cpfl\/","url":"https:\/\/capivari.sp.gov.br\/portal\/reuniao-do-gemb-conta-com-participacao-de-representantes-da-cpfl\/","name":"Reuni\u00e3o do GEMB conta com participa\u00e7\u00e3o de representantes da CPFL - Prefeitura de Capivari","isPartOf":{"@id":"https:\/\/capivari.sp.gov.br\/portal\/#website"},"primaryImageOfPage":{"@id":"https:\/\/capivari.sp.gov.br\/portal\/reuniao-do-gemb-conta-com-participacao-de-representantes-da-cpfl\/#primaryimage"},"image":{"@id":"https:\/\/capivari.sp.gov.br\/portal\/reuniao-do-gemb-conta-com-participacao-de-representantes-da-cpfl\/#primaryimage"},"thumbnailUrl":"https:\/\/capivari.sp.gov.br\/portal\/wp-content\/uploads\/2021\/12\/WhatsApp-Image-2021-12-15-at-14.54.24.jpeg","datePublished":"2021-12-16T16:27:49+00:00","breadcrumb":{"@id":"https:\/\/capivari.sp.gov.br\/portal\/reuniao-do-gemb-conta-com-participacao-de-representantes-da-cpfl\/#breadcrumb"},"inLanguage":"pt-BR","potentialAction":[{"@type":"ReadAction","target":["https:\/\/capivari.sp.gov.br\/portal\/reuniao-do-gemb-conta-com-participacao-de-representantes-da-cpfl\/"]}]},{"@type":"ImageObject","inLanguage":"pt-BR","@id":"https:\/\/capivari.sp.gov.br\/portal\/reuniao-do-gemb-conta-com-participacao-de-representantes-da-cpfl\/#primaryimage","url":"https:\/\/capivari.sp.gov.br\/portal\/wp-content\/uploads\/2021\/12\/WhatsApp-Image-2021-12-15-at-14.54.24.jpeg","contentUrl":"https:\/\/capivari.sp.gov.br\/portal\/wp-content\/uploads\/2021\/12\/WhatsApp-Image-2021-12-15-at-14.54.24.jpeg","width":1280,"height":853},{"@type":"BreadcrumbList","@id":"https:\/\/capivari.sp.gov.br\/portal\/reuniao-do-gemb-conta-com-participacao-de-representantes-da-cpfl\/#breadcrumb","itemListElement":[{"@type":"ListItem","position":1,"name":"In\u00edcio","item":"https:\/\/capivari.sp.gov.br\/portal\/"},{"@type":"ListItem","position":2,"name":"Reuni\u00e3o do GEMB conta com participa\u00e7\u00e3o de representantes da CPFL"}]},{"@type":"WebSite","@id":"https:\/\/capivari.sp.gov.br\/portal\/#website","url":"https:\/\/capivari.sp.gov.br\/portal\/","name":"Prefeitura de Capivari","description":"Prefeitura de Capivari","publisher":{"@id":"https:\/\/capivari.sp.gov.br\/portal\/#organization"},"potentialAction":[{"@type":"SearchAction","target":{"@type":"EntryPoint","urlTemplate":"https:\/\/capivari.sp.gov.br\/portal\/?s={search_term_string}"},"query-input":{"@type":"PropertyValueSpecification","valueRequired":true,"valueName":"search_term_string"}}],"inLanguage":"pt-BR"},{"@type":"Organization","@id":"https:\/\/capivari.sp.gov.br\/portal\/#organization","name":"Prefeitura de Capivari","url":"https:\/\/capivari.sp.gov.br\/portal\/","logo":{"@type":"ImageObject","inLanguage":"pt-BR","@id":"https:\/\/capivari.sp.gov.br\/portal\/#\/schema\/logo\/image\/","url":"https:\/\/capivari.sp.gov.br\/portal\/wp-content\/uploads\/2021\/09\/logo-prefeitura-de-capivari.png","contentUrl":"https:\/\/capivari.sp.gov.br\/portal\/wp-content\/uploads\/2021\/09\/logo-prefeitura-de-capivari.png","width":200,"height":147,"caption":"Prefeitura de Capivari"},"image":{"@id":"https:\/\/capivari.sp.gov.br\/portal\/#\/schema\/logo\/image\/"},"sameAs":["https:\/\/www.facebook.com\/PrefeituradeCapivari\/","https:\/\/x.com\/PrefCapivari","https:\/\/www.instagram.com\/prefeituracapivari\/"]},{"@type":"Person","@id":"https:\/\/capivari.sp.gov.br\/portal\/#\/schema\/person\/98801614a91d449946b0687ae2db9f29","name":"Thalles Cristiano","image":{"@type":"ImageObject","inLanguage":"pt-BR","@id":"https:\/\/secure.gravatar.com\/avatar\/0d1b9a4bdcde99ab11a8cd27abdcd088993749b82c4355c0301135023dc52b3d?s=96&d=mm&r=g","url":"https:\/\/secure.gravatar.com\/avatar\/0d1b9a4bdcde99ab11a8cd27abdcd088993749b82c4355c0301135023dc52b3d?s=96&d=mm&r=g","contentUrl":"https:\/\/secure.gravatar.com\/avatar\/0d1b9a4bdcde99ab11a8cd27abdcd088993749b82c4355c0301135023dc52b3d?s=96&d=mm&r=g","caption":"Thalles Cristiano"},"url":"https:\/\/capivari.sp.gov.br\/portal\/author\/thalles-cristiano\/"}]}},"_links":{"self":[{"href":"https:\/\/capivari.sp.gov.br\/portal\/wp-json\/wp\/v2\/posts\/1946","targetHints":{"allow":["GET"]}}],"collection":[{"href":"https:\/\/capivari.sp.gov.br\/portal\/wp-json\/wp\/v2\/posts"}],"about":[{"href":"https:\/\/capivari.sp.gov.br\/portal\/wp-json\/wp\/v2\/types\/post"}],"author":[{"embeddable":true,"href":"https:\/\/capivari.sp.gov.br\/portal\/wp-json\/wp\/v2\/users\/2"}],"replies":[{"embeddable":true,"href":"https:\/\/capivari.sp.gov.br\/portal\/wp-json\/wp\/v2\/comments?post=1946"}],"version-history":[{"count":1,"href":"https:\/\/capivari.sp.gov.br\/portal\/wp-json\/wp\/v2\/posts\/1946\/revisions"}],"predecessor-version":[{"id":1948,"href":"https:\/\/capivari.sp.gov.br\/portal\/wp-json\/wp\/v2\/posts\/1946\/revisions\/1948"}],"wp:featuredmedia":[{"embeddable":true,"href":"https:\/\/capivari.sp.gov.br\/portal\/wp-json\/wp\/v2\/media\/1947"}],"wp:attachment":[{"href":"https:\/\/capivari.sp.gov.br\/portal\/wp-json\/wp\/v2\/media?parent=1946"}],"wp:term":[{"taxonomy":"category","embeddable":true,"href":"https:\/\/capivari.sp.gov.br\/portal\/wp-json\/wp\/v2\/categories?post=1946"},{"taxonomy":"post_tag","embeddable":true,"href":"https:\/\/capivari.sp.gov.br\/portal\/wp-json\/wp\/v2\/tags?post=1946"}],"curies":[{"name":"wp","href":"https:\/\/api.w.org\/{rel}","templated":true}]}}